{"id":28611,"date":"2026-03-07T09:27:00","date_gmt":"2026-03-07T12:27:00","guid":{"rendered":"https:\/\/sergiolapegue.com\/site\/?p=28611"},"modified":"2026-03-02T12:35:05","modified_gmt":"2026-03-02T15:35:05","slug":"el-peso-emocional-de-la-cirugia-mamaria-por-que-cada-palabra-cuenta","status":"publish","type":"post","link":"https:\/\/sergiolapegue.com\/site\/2026\/03\/07\/el-peso-emocional-de-la-cirugia-mamaria-por-que-cada-palabra-cuenta\/","title":{"rendered":"El peso emocional de la cirug\u00eda mamaria: por qu\u00e9 cada palabra cuenta"},"content":{"rendered":"\n<p>Cuando pensamos en cirug\u00eda mamaria, es com\u00fan que nuestra mente se enfoque en los aspectos t\u00e9cnicos y est\u00e9ticos. Sin embargo, tras m\u00e1s de dos d\u00e9cadas dedicado a esta especialidad, puedo decir que el verdadero viaje es mucho m\u00e1s profundo que lo f\u00edsico. La cirug\u00eda mamaria conlleva un peso emocional inmenso para las pacientes, y en ese camino, cada palabra y cada gesto de acompa\u00f1amiento son tan importantes como la habilidad quir\u00fargica misma. Nuestro rol como cirujanos pl\u00e1sticos trasciende la sala de operaciones. Somos gu\u00edas en un proceso de transformaci\u00f3n que impacta profundamente la vida de las mujeres.<\/p>\n\n\n\n<p><strong>La mama como s\u00edmbolo de identidad y el respaldo de los n\u00fameros<\/strong><\/p>\n\n\n\n<p>La mama es, por excelencia, un s\u00edmbolo fundamental de la identidad femenina. Su alteraci\u00f3n o p\u00e9rdida puede ser devastadora, generando una profunda disminuci\u00f3n de la autoestima y afectando el bienestar emocional.&nbsp;<\/p>\n\n\n\n<p>Esta realidad cobra un peso especial cuando la analizamos a la luz de los datos. Seg\u00fan&nbsp;<a href=\"https:\/\/www.isaps.org\/media\/lcvdjt1f\/isaps-global-survey_2024.pdf\" target=\"_blank\" rel=\"noreferrer noopener\">el \u00faltimo informe<\/a>&nbsp;de la Sociedad Internacional de Cirug\u00eda Pl\u00e1stica Est\u00e9tica (ISAPS), en 2024 se realizaron casi 38 millones de procedimientos est\u00e9ticos a nivel global, y el aumento mamario se mantiene como uno de los m\u00e1s demandados, con 1.658.615 intervenciones a nivel mundial. En Argentina, este procedimiento lidera las cirug\u00edas est\u00e9ticas con 28.819 operaciones, representando el 13,7% del total de cirug\u00edas. Estos n\u00fameros no solo hablan de una tendencia, sino de miles de historias individuales.<\/p>\n\n\n\n<p>Esto se vuelve a\u00fan m\u00e1s evidente en el contexto del c\u00e1ncer de mama, donde las estad\u00edsticas nos recuerdan que una de cada ocho mujeres padecer\u00e1 esta enfermedad. Un diagn\u00f3stico de c\u00e1ncer es, en s\u00ed mismo, abrumador. Si a esto se suma el impacto en la apariencia f\u00edsica, el peso emocional se vuelve incalculable.<\/p>\n\n\n\n<p>Las pacientes que atraviesan una mastectom\u00eda, por ejemplo, experimentan una verdadera monta\u00f1a rusa de emociones. Se sienten \u201camputadas\u201d y, posteriormente, pasan por fases de reconstrucci\u00f3n que representan hitos emocionales significativos.&nbsp;<\/p>\n\n\n\n<p>Es fundamental entender la carga emocional que implica este proceso, por lo que el apoyo de un equipo multidisciplinario, con acompa\u00f1amiento psicol\u00f3gico, es clave. Aunque algunas mujeres prioricen la supervivencia y dejen de lado lo est\u00e9tico, para otras, la apariencia tambi\u00e9n es vital y toda paciente tiene derecho a sentirse bien con su propio cuerpo.<\/p>\n\n\n\n<figure class=\"wp-block-image size-full\"><img loading=\"lazy\" decoding=\"async\" width=\"1024\" height=\"768\" src=\"https:\/\/sergiolapegue.com\/site\/wp-content\/uploads\/2026\/03\/mama02.jpg\" alt=\"\" class=\"wp-image-28614\" srcset=\"https:\/\/sergiolapegue.com\/site\/wp-content\/uploads\/2026\/03\/mama02.jpg 1024w, https:\/\/sergiolapegue.com\/site\/wp-content\/uploads\/2026\/03\/mama02-300x225.jpg 300w, https:\/\/sergiolapegue.com\/site\/wp-content\/uploads\/2026\/03\/mama02-768x576.jpg 768w, https:\/\/sergiolapegue.com\/site\/wp-content\/uploads\/2026\/03\/mama02-560x420.jpg 560w, https:\/\/sergiolapegue.com\/site\/wp-content\/uploads\/2026\/03\/mama02-80x60.jpg 80w, https:\/\/sergiolapegue.com\/site\/wp-content\/uploads\/2026\/03\/mama02-696x522.jpg 696w\" sizes=\"auto, (max-width: 1024px) 100vw, 1024px\" \/><\/figure>\n\n\n\n<h2 class=\"wp-block-heading\">Nuestra responsabilidad: el poder de la palabra y la \u00e9tica profesional<\/h2>\n\n\n\n<p>Dada la sensibilidad de estos temas, debemos usar las palabras justas. A lo largo de mi carrera, fui testigo del profundo dolor que causan unas palabras mal elegidas o la falta de informaci\u00f3n. Por eso, en cada consulta, es imperativo \u201cinyectar\u201d humanidad.<\/p>\n\n\n\n<p>La precisi\u00f3n en la comunicaci\u00f3n no es un punto para tomar a la ligera. Al hablar de temas tan delicados como la reconstrucci\u00f3n mamaria o las cirug\u00edas de disminuci\u00f3n de riesgo (err\u00f3neamente llamadas de forma popular \u201cmastectom\u00edas preventivas\u201d), la informaci\u00f3n precisa es la herramienta m\u00e1s valiosa para empoderar a la paciente.<\/p>\n\n\n\n<p>Esta responsabilidad \u00e9tica tambi\u00e9n nos obliga a decir \u201cno\u201d cuando es necesario, como en casos de trastorno dism\u00f3rfico corporal. La decisi\u00f3n de rechazar un procedimiento es una palabra que cuenta tanto como el \u201cs\u00ed\u201d, pues protege la salud y el bienestar del paciente por encima de cualquier otro inter\u00e9s. Nuestro enfoque es cient\u00edfico y de salud, priorizando siempre la integridad de la persona.<\/p>\n\n\n\n<p><strong>La est\u00e9tica como bienestar integral<\/strong><\/p>\n\n\n\n<p>Esta sensibilidad hacia el peso emocional se extiende a otras \u00e1reas de la cirug\u00eda pl\u00e1stica, incluso aquellas consideradas \u201ctab\u00fa\u201d. Un claro ejemplo es la est\u00e9tica genital femenina, un tema del que se habla poco y que puede ayudar a muchas mujeres que sufren en silencio. Procedimientos como la labioplastia, que resuelven problemas de incomodidad f\u00edsica o pudor, mejoran significativamente la seguridad y la sexualidad de las mujeres. Las cifras de ISAPS refuerzan esta realidad: se realizaron 210.633 labioplastias a nivel mundial en 2024, validando los sentimientos de estas pacientes y ofreciendo soluciones reales.<\/p>\n\n\n\n<p>En definitiva, la cirug\u00eda mamaria, y la pl\u00e1stica en general, es mucho m\u00e1s que un procedimiento t\u00e9cnico; es un viaje transformador. Como cirujanos, somos educadores, gu\u00edas y, sobre todo, acompa\u00f1antes emocionales.&nbsp;<\/p>\n\n\n\n<p>Cada palabra que elegimos, cada explicaci\u00f3n y cada muestra de empat\u00eda son el verdadero cemento que construye no solo un cuerpo, sino tambi\u00e9n la autoestima y el bienestar integral de la persona. En un mundo donde se realizan millones de procedimientos est\u00e9ticos anualmente, nunca debemos perder de vista que detr\u00e1s de cada cirug\u00eda hay una historia humana, una esperanza de recuperaci\u00f3n y una b\u00fasqueda de bienestar que merece nuestro m\u00e1ximo respeto y cuidado profesional.<\/p>\n\n\n\n<figure class=\"wp-block-image size-large is-resized\"><img loading=\"lazy\" decoding=\"async\" width=\"1024\" height=\"982\" src=\"https:\/\/sergiolapegue.com\/site\/wp-content\/uploads\/2026\/03\/Perfil-1-1024x982.jpeg\" alt=\"\" class=\"wp-image-28612\" style=\"aspect-ratio:1.0432094428440948;width:477px;height:auto\" srcset=\"https:\/\/sergiolapegue.com\/site\/wp-content\/uploads\/2026\/03\/Perfil-1-1024x982.jpeg 1024w, https:\/\/sergiolapegue.com\/site\/wp-content\/uploads\/2026\/03\/Perfil-1-300x288.jpeg 300w, https:\/\/sergiolapegue.com\/site\/wp-content\/uploads\/2026\/03\/Perfil-1-768x736.jpeg 768w, https:\/\/sergiolapegue.com\/site\/wp-content\/uploads\/2026\/03\/Perfil-1-438x420.jpeg 438w, https:\/\/sergiolapegue.com\/site\/wp-content\/uploads\/2026\/03\/Perfil-1-696x667.jpeg 696w, https:\/\/sergiolapegue.com\/site\/wp-content\/uploads\/2026\/03\/Perfil-1-1068x1024.jpeg 1068w, https:\/\/sergiolapegue.com\/site\/wp-content\/uploads\/2026\/03\/Perfil-1.jpeg 1280w\" sizes=\"auto, (max-width: 1024px) 100vw, 1024px\" \/><figcaption class=\"wp-element-caption\"><strong>Juan Manuel Seren (MN 107.174):<\/strong>\u00a0Pionero en la implementaci\u00f3n de protocolos de r\u00e1pida recuperaci\u00f3n mamaria y creador del innovador protocolo ERABAS de cirug\u00eda mamaria que permite una recuperaci\u00f3n r\u00e1pida y con m\u00ednimo disconfort. Con m\u00e1s de 20 a\u00f1os de experiencia, transform\u00f3 la forma en que se llevan a cabo los procedimientos de aumento, reducci\u00f3n, levantamiento, reconstrucci\u00f3n y cirug\u00eda de g\u00e9nero.\u00a0<br>El protocolo ERABAS se caracteriza por una m\u00ednima incisi\u00f3n, sin vendajes ni drenajes, lo que asegura una recuperaci\u00f3n extremadamente r\u00e1pida, con m\u00e1s del 95% de los pacientes recuperados en menos de 48 horas.\u00a0<br>El especialista se gradu\u00f3 con honores en la Fundaci\u00f3n Barcel\u00f3 &#8211; Universidad de Ciencias M\u00e9dicas de Buenos Aires y realiz\u00f3 su residencia en cirug\u00eda general en el Hospital Churruca-Visca. Posteriormente, se especializ\u00f3 en cirug\u00eda pl\u00e1stica, est\u00e9tica y reparadora en la Pontificia Universidad Cat\u00f3lica Argentina, Santa Mar\u00eda de Buenos Aires, donde egres\u00f3 con un promedio de 10<\/figcaption><\/figure>\n","protected":false},"excerpt":{"rendered":"<p>Cuando pensamos en cirug\u00eda mamaria, es com\u00fan que nuestra mente se enfoque en los aspectos t\u00e9cnicos y est\u00e9ticos. Sin embargo, tras m\u00e1s de dos d\u00e9cadas dedicado a esta especialidad, puedo decir que el verdadero viaje es mucho m\u00e1s profundo que lo f\u00edsico. La cirug\u00eda mamaria conlleva un peso emocional inmenso para las pacientes, y en [&hellip;]<\/p>\n","protected":false},"author":4,"featured_media":28613,"comment_status":"closed","ping_status":"closed","sticky":false,"template":"","format":"standard","meta":{"footnotes":""},"categories":[38],"tags":[182,121,1510,2614,2613,1598],"class_list":{"0":"post-28611","1":"post","2":"type-post","3":"status-publish","4":"format-standard","5":"has-post-thumbnail","7":"category-actualidad","8":"tag-cirugia","9":"tag-cuerpo","10":"tag-emocion","11":"tag-mamaria","12":"tag-mamas","13":"tag-teta"},"yoast_head":"<!-- This site is optimized with the Yoast SEO plugin v27.5 - https:\/\/yoast.com\/product\/yoast-seo-wordpress\/ -->\n<title>El peso emocional de la cirug\u00eda mamaria: por qu\u00e9 cada palabra cuenta - Sergio Lapegue<\/title>\n<meta name=\"robots\" content=\"index, follow, max-snippet:-1, max-image-preview:large, max-video-preview:-1\" \/>\n<link rel=\"canonical\" href=\"https:\/\/sergiolapegue.com\/site\/2026\/03\/07\/el-peso-emocional-de-la-cirugia-mamaria-por-que-cada-palabra-cuenta\/\" \/>\n<meta property=\"og:locale\" content=\"es_ES\" \/>\n<meta property=\"og:type\" content=\"article\" \/>\n<meta property=\"og:title\" content=\"El peso emocional de la cirug\u00eda mamaria: por qu\u00e9 cada palabra cuenta - Sergio Lapegue\" \/>\n<meta property=\"og:description\" content=\"Cuando pensamos en cirug\u00eda mamaria, es com\u00fan que nuestra mente se enfoque en los aspectos t\u00e9cnicos y est\u00e9ticos. Sin embargo, tras m\u00e1s de dos d\u00e9cadas dedicado a esta especialidad, puedo decir que el verdadero viaje es mucho m\u00e1s profundo que lo f\u00edsico. La cirug\u00eda mamaria conlleva un peso emocional inmenso para las pacientes, y en [&hellip;]\" \/>\n<meta property=\"og:url\" content=\"https:\/\/sergiolapegue.com\/site\/2026\/03\/07\/el-peso-emocional-de-la-cirugia-mamaria-por-que-cada-palabra-cuenta\/\" \/>\n<meta property=\"og:site_name\" content=\"Sergio Lapegue\" \/>\n<meta property=\"article:publisher\" content=\"https:\/\/facebook.com\/sergiolapegue\" \/>\n<meta property=\"article:published_time\" content=\"2026-03-07T12:27:00+00:00\" \/>\n<meta property=\"og:image\" content=\"https:\/\/sergiolapegue.com\/site\/wp-content\/uploads\/2026\/03\/mamas01.jpg\" \/>\n\t<meta property=\"og:image:width\" content=\"1280\" \/>\n\t<meta property=\"og:image:height\" content=\"720\" \/>\n\t<meta property=\"og:image:type\" content=\"image\/jpeg\" \/>\n<meta name=\"author\" content=\"Leonardo Monta\u00f1a\" \/>\n<meta name=\"twitter:card\" content=\"summary_large_image\" \/>\n<meta name=\"twitter:creator\" content=\"@https:\/\/twitter.com\/soytoto81\" \/>\n<meta name=\"twitter:site\" content=\"@sergiolapegue\" \/>\n<meta name=\"twitter:label1\" content=\"Escrito por\" \/>\n\t<meta name=\"twitter:data1\" content=\"Leonardo Monta\u00f1a\" \/>\n\t<meta name=\"twitter:label2\" content=\"Tiempo de lectura\" \/>\n\t<meta name=\"twitter:data2\" content=\"5 minutos\" \/>\n<script type=\"application\/ld+json\" class=\"yoast-schema-graph\">{\"@context\":\"https:\\\/\\\/schema.org\",\"@graph\":[{\"@type\":\"Article\",\"@id\":\"https:\\\/\\\/sergiolapegue.com\\\/site\\\/2026\\\/03\\\/07\\\/el-peso-emocional-de-la-cirugia-mamaria-por-que-cada-palabra-cuenta\\\/#article\",\"isPartOf\":{\"@id\":\"https:\\\/\\\/sergiolapegue.com\\\/site\\\/2026\\\/03\\\/07\\\/el-peso-emocional-de-la-cirugia-mamaria-por-que-cada-palabra-cuenta\\\/\"},\"author\":{\"name\":\"Leonardo Monta\u00f1a\",\"@id\":\"https:\\\/\\\/sergiolapegue.com\\\/site\\\/#\\\/schema\\\/person\\\/00adf937d010c7f79a180dc4916a40e0\"},\"headline\":\"El peso emocional de la cirug\u00eda mamaria: por qu\u00e9 cada palabra cuenta\",\"datePublished\":\"2026-03-07T12:27:00+00:00\",\"mainEntityOfPage\":{\"@id\":\"https:\\\/\\\/sergiolapegue.com\\\/site\\\/2026\\\/03\\\/07\\\/el-peso-emocional-de-la-cirugia-mamaria-por-que-cada-palabra-cuenta\\\/\"},\"wordCount\":999,\"publisher\":{\"@id\":\"https:\\\/\\\/sergiolapegue.com\\\/site\\\/#\\\/schema\\\/person\\\/083aeceeb0734cd166779ea6c0551a37\"},\"image\":{\"@id\":\"https:\\\/\\\/sergiolapegue.com\\\/site\\\/2026\\\/03\\\/07\\\/el-peso-emocional-de-la-cirugia-mamaria-por-que-cada-palabra-cuenta\\\/#primaryimage\"},\"thumbnailUrl\":\"https:\\\/\\\/sergiolapegue.com\\\/site\\\/wp-content\\\/uploads\\\/2026\\\/03\\\/mamas01.jpg\",\"keywords\":[\"cirugia\",\"cuerpo\",\"emocion\",\"mamaria\",\"mamas\",\"teta\"],\"articleSection\":[\"Actualidad\"],\"inLanguage\":\"es-AR\"},{\"@type\":\"WebPage\",\"@id\":\"https:\\\/\\\/sergiolapegue.com\\\/site\\\/2026\\\/03\\\/07\\\/el-peso-emocional-de-la-cirugia-mamaria-por-que-cada-palabra-cuenta\\\/\",\"url\":\"https:\\\/\\\/sergiolapegue.com\\\/site\\\/2026\\\/03\\\/07\\\/el-peso-emocional-de-la-cirugia-mamaria-por-que-cada-palabra-cuenta\\\/\",\"name\":\"El peso emocional de la cirug\u00eda mamaria: por qu\u00e9 cada palabra cuenta - Sergio Lapegue\",\"isPartOf\":{\"@id\":\"https:\\\/\\\/sergiolapegue.com\\\/site\\\/#website\"},\"primaryImageOfPage\":{\"@id\":\"https:\\\/\\\/sergiolapegue.com\\\/site\\\/2026\\\/03\\\/07\\\/el-peso-emocional-de-la-cirugia-mamaria-por-que-cada-palabra-cuenta\\\/#primaryimage\"},\"image\":{\"@id\":\"https:\\\/\\\/sergiolapegue.com\\\/site\\\/2026\\\/03\\\/07\\\/el-peso-emocional-de-la-cirugia-mamaria-por-que-cada-palabra-cuenta\\\/#primaryimage\"},\"thumbnailUrl\":\"https:\\\/\\\/sergiolapegue.com\\\/site\\\/wp-content\\\/uploads\\\/2026\\\/03\\\/mamas01.jpg\",\"datePublished\":\"2026-03-07T12:27:00+00:00\",\"breadcrumb\":{\"@id\":\"https:\\\/\\\/sergiolapegue.com\\\/site\\\/2026\\\/03\\\/07\\\/el-peso-emocional-de-la-cirugia-mamaria-por-que-cada-palabra-cuenta\\\/#breadcrumb\"},\"inLanguage\":\"es-AR\",\"potentialAction\":[{\"@type\":\"ReadAction\",\"target\":[\"https:\\\/\\\/sergiolapegue.com\\\/site\\\/2026\\\/03\\\/07\\\/el-peso-emocional-de-la-cirugia-mamaria-por-que-cada-palabra-cuenta\\\/\"]}]},{\"@type\":\"ImageObject\",\"inLanguage\":\"es-AR\",\"@id\":\"https:\\\/\\\/sergiolapegue.com\\\/site\\\/2026\\\/03\\\/07\\\/el-peso-emocional-de-la-cirugia-mamaria-por-que-cada-palabra-cuenta\\\/#primaryimage\",\"url\":\"https:\\\/\\\/sergiolapegue.com\\\/site\\\/wp-content\\\/uploads\\\/2026\\\/03\\\/mamas01.jpg\",\"contentUrl\":\"https:\\\/\\\/sergiolapegue.com\\\/site\\\/wp-content\\\/uploads\\\/2026\\\/03\\\/mamas01.jpg\",\"width\":1280,\"height\":720},{\"@type\":\"BreadcrumbList\",\"@id\":\"https:\\\/\\\/sergiolapegue.com\\\/site\\\/2026\\\/03\\\/07\\\/el-peso-emocional-de-la-cirugia-mamaria-por-que-cada-palabra-cuenta\\\/#breadcrumb\",\"itemListElement\":[{\"@type\":\"ListItem\",\"position\":1,\"name\":\"Inicio\",\"item\":\"https:\\\/\\\/sergiolapegue.com\\\/site\\\/\"},{\"@type\":\"ListItem\",\"position\":2,\"name\":\"El peso emocional de la cirug\u00eda mamaria: por qu\u00e9 cada palabra cuenta\"}]},{\"@type\":\"WebSite\",\"@id\":\"https:\\\/\\\/sergiolapegue.com\\\/site\\\/#website\",\"url\":\"https:\\\/\\\/sergiolapegue.com\\\/site\\\/\",\"name\":\"Sergio Lapegue\",\"description\":\"Periodista\",\"publisher\":{\"@id\":\"https:\\\/\\\/sergiolapegue.com\\\/site\\\/#\\\/schema\\\/person\\\/083aeceeb0734cd166779ea6c0551a37\"},\"potentialAction\":[{\"@type\":\"SearchAction\",\"target\":{\"@type\":\"EntryPoint\",\"urlTemplate\":\"https:\\\/\\\/sergiolapegue.com\\\/site\\\/?s={search_term_string}\"},\"query-input\":{\"@type\":\"PropertyValueSpecification\",\"valueRequired\":true,\"valueName\":\"search_term_string\"}}],\"inLanguage\":\"es-AR\"},{\"@type\":[\"Person\",\"Organization\"],\"@id\":\"https:\\\/\\\/sergiolapegue.com\\\/site\\\/#\\\/schema\\\/person\\\/083aeceeb0734cd166779ea6c0551a37\",\"name\":\"Sergio Lapegue\",\"image\":{\"@type\":\"ImageObject\",\"inLanguage\":\"es-AR\",\"@id\":\"https:\\\/\\\/sergiolapegue.com\\\/site\\\/wp-content\\\/uploads\\\/2021\\\/04\\\/logo_header-1.png\",\"url\":\"https:\\\/\\\/sergiolapegue.com\\\/site\\\/wp-content\\\/uploads\\\/2021\\\/04\\\/logo_header-1.png\",\"contentUrl\":\"https:\\\/\\\/sergiolapegue.com\\\/site\\\/wp-content\\\/uploads\\\/2021\\\/04\\\/logo_header-1.png\",\"width\":272,\"height\":90,\"caption\":\"Sergio Lapegue\"},\"logo\":{\"@id\":\"https:\\\/\\\/sergiolapegue.com\\\/site\\\/wp-content\\\/uploads\\\/2021\\\/04\\\/logo_header-1.png\"},\"sameAs\":[\"https:\\\/\\\/facebook.com\\\/sergiolapegue\",\"https:\\\/\\\/instagram.com\\\/sergiolapegue\",\"https:\\\/\\\/x.com\\\/https:\\\/\\\/twitter.com\\\/sergiolapegue\"]},{\"@type\":\"Person\",\"@id\":\"https:\\\/\\\/sergiolapegue.com\\\/site\\\/#\\\/schema\\\/person\\\/00adf937d010c7f79a180dc4916a40e0\",\"name\":\"Leonardo Monta\u00f1a\",\"image\":{\"@type\":\"ImageObject\",\"inLanguage\":\"es-AR\",\"@id\":\"https:\\\/\\\/sergiolapegue.com\\\/site\\\/wp-content\\\/uploads\\\/2021\\\/04\\\/sl_avatar_Leonardo-150x150.jpg\",\"url\":\"https:\\\/\\\/sergiolapegue.com\\\/site\\\/wp-content\\\/uploads\\\/2021\\\/04\\\/sl_avatar_Leonardo-150x150.jpg\",\"contentUrl\":\"https:\\\/\\\/sergiolapegue.com\\\/site\\\/wp-content\\\/uploads\\\/2021\\\/04\\\/sl_avatar_Leonardo-150x150.jpg\",\"caption\":\"Leonardo Monta\u00f1a\"},\"sameAs\":[\"https:\\\/\\\/x.com\\\/https:\\\/\\\/twitter.com\\\/soytoto81\"],\"url\":\"https:\\\/\\\/sergiolapegue.com\\\/site\\\/author\\\/leonardo\\\/\"}]}<\/script>\n<!-- \/ Yoast SEO plugin. -->","yoast_head_json":{"title":"El peso emocional de la cirug\u00eda mamaria: por qu\u00e9 cada palabra cuenta - Sergio Lapegue","robots":{"index":"index","follow":"follow","max-snippet":"max-snippet:-1","max-image-preview":"max-image-preview:large","max-video-preview":"max-video-preview:-1"},"canonical":"https:\/\/sergiolapegue.com\/site\/2026\/03\/07\/el-peso-emocional-de-la-cirugia-mamaria-por-que-cada-palabra-cuenta\/","og_locale":"es_ES","og_type":"article","og_title":"El peso emocional de la cirug\u00eda mamaria: por qu\u00e9 cada palabra cuenta - Sergio Lapegue","og_description":"Cuando pensamos en cirug\u00eda mamaria, es com\u00fan que nuestra mente se enfoque en los aspectos t\u00e9cnicos y est\u00e9ticos. Sin embargo, tras m\u00e1s de dos d\u00e9cadas dedicado a esta especialidad, puedo decir que el verdadero viaje es mucho m\u00e1s profundo que lo f\u00edsico. La cirug\u00eda mamaria conlleva un peso emocional inmenso para las pacientes, y en [&hellip;]","og_url":"https:\/\/sergiolapegue.com\/site\/2026\/03\/07\/el-peso-emocional-de-la-cirugia-mamaria-por-que-cada-palabra-cuenta\/","og_site_name":"Sergio Lapegue","article_publisher":"https:\/\/facebook.com\/sergiolapegue","article_published_time":"2026-03-07T12:27:00+00:00","og_image":[{"width":1280,"height":720,"url":"https:\/\/sergiolapegue.com\/site\/wp-content\/uploads\/2026\/03\/mamas01.jpg","type":"image\/jpeg"}],"author":"Leonardo Monta\u00f1a","twitter_card":"summary_large_image","twitter_creator":"@https:\/\/twitter.com\/soytoto81","twitter_site":"@sergiolapegue","twitter_misc":{"Escrito por":"Leonardo Monta\u00f1a","Tiempo de lectura":"5 minutos"},"schema":{"@context":"https:\/\/schema.org","@graph":[{"@type":"Article","@id":"https:\/\/sergiolapegue.com\/site\/2026\/03\/07\/el-peso-emocional-de-la-cirugia-mamaria-por-que-cada-palabra-cuenta\/#article","isPartOf":{"@id":"https:\/\/sergiolapegue.com\/site\/2026\/03\/07\/el-peso-emocional-de-la-cirugia-mamaria-por-que-cada-palabra-cuenta\/"},"author":{"name":"Leonardo Monta\u00f1a","@id":"https:\/\/sergiolapegue.com\/site\/#\/schema\/person\/00adf937d010c7f79a180dc4916a40e0"},"headline":"El peso emocional de la cirug\u00eda mamaria: por qu\u00e9 cada palabra cuenta","datePublished":"2026-03-07T12:27:00+00:00","mainEntityOfPage":{"@id":"https:\/\/sergiolapegue.com\/site\/2026\/03\/07\/el-peso-emocional-de-la-cirugia-mamaria-por-que-cada-palabra-cuenta\/"},"wordCount":999,"publisher":{"@id":"https:\/\/sergiolapegue.com\/site\/#\/schema\/person\/083aeceeb0734cd166779ea6c0551a37"},"image":{"@id":"https:\/\/sergiolapegue.com\/site\/2026\/03\/07\/el-peso-emocional-de-la-cirugia-mamaria-por-que-cada-palabra-cuenta\/#primaryimage"},"thumbnailUrl":"https:\/\/sergiolapegue.com\/site\/wp-content\/uploads\/2026\/03\/mamas01.jpg","keywords":["cirugia","cuerpo","emocion","mamaria","mamas","teta"],"articleSection":["Actualidad"],"inLanguage":"es-AR"},{"@type":"WebPage","@id":"https:\/\/sergiolapegue.com\/site\/2026\/03\/07\/el-peso-emocional-de-la-cirugia-mamaria-por-que-cada-palabra-cuenta\/","url":"https:\/\/sergiolapegue.com\/site\/2026\/03\/07\/el-peso-emocional-de-la-cirugia-mamaria-por-que-cada-palabra-cuenta\/","name":"El peso emocional de la cirug\u00eda mamaria: por qu\u00e9 cada palabra cuenta - Sergio Lapegue","isPartOf":{"@id":"https:\/\/sergiolapegue.com\/site\/#website"},"primaryImageOfPage":{"@id":"https:\/\/sergiolapegue.com\/site\/2026\/03\/07\/el-peso-emocional-de-la-cirugia-mamaria-por-que-cada-palabra-cuenta\/#primaryimage"},"image":{"@id":"https:\/\/sergiolapegue.com\/site\/2026\/03\/07\/el-peso-emocional-de-la-cirugia-mamaria-por-que-cada-palabra-cuenta\/#primaryimage"},"thumbnailUrl":"https:\/\/sergiolapegue.com\/site\/wp-content\/uploads\/2026\/03\/mamas01.jpg","datePublished":"2026-03-07T12:27:00+00:00","breadcrumb":{"@id":"https:\/\/sergiolapegue.com\/site\/2026\/03\/07\/el-peso-emocional-de-la-cirugia-mamaria-por-que-cada-palabra-cuenta\/#breadcrumb"},"inLanguage":"es-AR","potentialAction":[{"@type":"ReadAction","target":["https:\/\/sergiolapegue.com\/site\/2026\/03\/07\/el-peso-emocional-de-la-cirugia-mamaria-por-que-cada-palabra-cuenta\/"]}]},{"@type":"ImageObject","inLanguage":"es-AR","@id":"https:\/\/sergiolapegue.com\/site\/2026\/03\/07\/el-peso-emocional-de-la-cirugia-mamaria-por-que-cada-palabra-cuenta\/#primaryimage","url":"https:\/\/sergiolapegue.com\/site\/wp-content\/uploads\/2026\/03\/mamas01.jpg","contentUrl":"https:\/\/sergiolapegue.com\/site\/wp-content\/uploads\/2026\/03\/mamas01.jpg","width":1280,"height":720},{"@type":"BreadcrumbList","@id":"https:\/\/sergiolapegue.com\/site\/2026\/03\/07\/el-peso-emocional-de-la-cirugia-mamaria-por-que-cada-palabra-cuenta\/#breadcrumb","itemListElement":[{"@type":"ListItem","position":1,"name":"Inicio","item":"https:\/\/sergiolapegue.com\/site\/"},{"@type":"ListItem","position":2,"name":"El peso emocional de la cirug\u00eda mamaria: por qu\u00e9 cada palabra cuenta"}]},{"@type":"WebSite","@id":"https:\/\/sergiolapegue.com\/site\/#website","url":"https:\/\/sergiolapegue.com\/site\/","name":"Sergio Lapegue","description":"Periodista","publisher":{"@id":"https:\/\/sergiolapegue.com\/site\/#\/schema\/person\/083aeceeb0734cd166779ea6c0551a37"},"potentialAction":[{"@type":"SearchAction","target":{"@type":"EntryPoint","urlTemplate":"https:\/\/sergiolapegue.com\/site\/?s={search_term_string}"},"query-input":{"@type":"PropertyValueSpecification","valueRequired":true,"valueName":"search_term_string"}}],"inLanguage":"es-AR"},{"@type":["Person","Organization"],"@id":"https:\/\/sergiolapegue.com\/site\/#\/schema\/person\/083aeceeb0734cd166779ea6c0551a37","name":"Sergio Lapegue","image":{"@type":"ImageObject","inLanguage":"es-AR","@id":"https:\/\/sergiolapegue.com\/site\/wp-content\/uploads\/2021\/04\/logo_header-1.png","url":"https:\/\/sergiolapegue.com\/site\/wp-content\/uploads\/2021\/04\/logo_header-1.png","contentUrl":"https:\/\/sergiolapegue.com\/site\/wp-content\/uploads\/2021\/04\/logo_header-1.png","width":272,"height":90,"caption":"Sergio Lapegue"},"logo":{"@id":"https:\/\/sergiolapegue.com\/site\/wp-content\/uploads\/2021\/04\/logo_header-1.png"},"sameAs":["https:\/\/facebook.com\/sergiolapegue","https:\/\/instagram.com\/sergiolapegue","https:\/\/x.com\/https:\/\/twitter.com\/sergiolapegue"]},{"@type":"Person","@id":"https:\/\/sergiolapegue.com\/site\/#\/schema\/person\/00adf937d010c7f79a180dc4916a40e0","name":"Leonardo Monta\u00f1a","image":{"@type":"ImageObject","inLanguage":"es-AR","@id":"https:\/\/sergiolapegue.com\/site\/wp-content\/uploads\/2021\/04\/sl_avatar_Leonardo-150x150.jpg","url":"https:\/\/sergiolapegue.com\/site\/wp-content\/uploads\/2021\/04\/sl_avatar_Leonardo-150x150.jpg","contentUrl":"https:\/\/sergiolapegue.com\/site\/wp-content\/uploads\/2021\/04\/sl_avatar_Leonardo-150x150.jpg","caption":"Leonardo Monta\u00f1a"},"sameAs":["https:\/\/x.com\/https:\/\/twitter.com\/soytoto81"],"url":"https:\/\/sergiolapegue.com\/site\/author\/leonardo\/"}]}},"_links":{"self":[{"href":"https:\/\/sergiolapegue.com\/site\/wp-json\/wp\/v2\/posts\/28611","targetHints":{"allow":["GET"]}}],"collection":[{"href":"https:\/\/sergiolapegue.com\/site\/wp-json\/wp\/v2\/posts"}],"about":[{"href":"https:\/\/sergiolapegue.com\/site\/wp-json\/wp\/v2\/types\/post"}],"author":[{"embeddable":true,"href":"https:\/\/sergiolapegue.com\/site\/wp-json\/wp\/v2\/users\/4"}],"replies":[{"embeddable":true,"href":"https:\/\/sergiolapegue.com\/site\/wp-json\/wp\/v2\/comments?post=28611"}],"version-history":[{"count":1,"href":"https:\/\/sergiolapegue.com\/site\/wp-json\/wp\/v2\/posts\/28611\/revisions"}],"predecessor-version":[{"id":28615,"href":"https:\/\/sergiolapegue.com\/site\/wp-json\/wp\/v2\/posts\/28611\/revisions\/28615"}],"wp:featuredmedia":[{"embeddable":true,"href":"https:\/\/sergiolapegue.com\/site\/wp-json\/wp\/v2\/media\/28613"}],"wp:attachment":[{"href":"https:\/\/sergiolapegue.com\/site\/wp-json\/wp\/v2\/media?parent=28611"}],"wp:term":[{"taxonomy":"category","embeddable":true,"href":"https:\/\/sergiolapegue.com\/site\/wp-json\/wp\/v2\/categories?post=28611"},{"taxonomy":"post_tag","embeddable":true,"href":"https:\/\/sergiolapegue.com\/site\/wp-json\/wp\/v2\/tags?post=28611"}],"curies":[{"name":"wp","href":"https:\/\/api.w.org\/{rel}","templated":true}]}}