{"id":28555,"date":"2026-03-02T06:12:00","date_gmt":"2026-03-02T09:12:00","guid":{"rendered":"https:\/\/sergiolapegue.com\/site\/?p=28555"},"modified":"2026-02-27T18:15:59","modified_gmt":"2026-02-27T21:15:59","slug":"hit-astral-de-la-semana-eclipse-total-de-luna-y-marte-ingresa-en-piscis","status":"publish","type":"post","link":"https:\/\/sergiolapegue.com\/site\/2026\/03\/02\/hit-astral-de-la-semana-eclipse-total-de-luna-y-marte-ingresa-en-piscis\/","title":{"rendered":"HIT ASTRAL DE LA SEMANA: ECLIPSE TOTAL de LUNA y MARTE ingresa en PISCIS"},"content":{"rendered":"\n<p>Entramos en zona de eclipse, porque ma\u00f1ana 3 de marzo a la ma\u00f1ana tendremos eclipse total de Luna en Virgo que abre un portal de purificaci\u00f3n muy profundo. La limpieza no es s\u00f3lo emocional, tambi\u00e9n es material y mental.&nbsp;<\/p>\n\n\n\n<p>Un momento para ver nuestras fallas y tratar de modificar lo que no est\u00e1 bien. A nivel global, esta energ\u00eda puede manifestarse en la revisi\u00f3n de los sistemas de salud, de trabajo y la organizaci\u00f3n social en general, mostr\u00e1ndonos un tiempo de agitaci\u00f3n y malestar.<\/p>\n\n\n\n<p>Junto a este eclipse, Marte entra en Piscis lo que tambi\u00e9n puede revolver las aguas y hacernos perder el norte durante unas semanas.<\/p>\n\n\n\n<p>D\u00edas para ir con cautela.<\/p>\n\n\n\n<p><strong>SIGNOS DESTACADOS DE LA SEMANA: <\/strong>Esta semana virgo y piscis ser\u00e1n los dos signos m\u00e1s movilizados por este eclipse, pueden surgir emociones un poco descontroladas, alg\u00fan miedo irracional o simplemente una sensaci\u00f3n de cansancio a la que habr\u00e1 que darle lugar.&nbsp;<\/p>\n\n\n\n<p><strong>FRASE GU\u00cdA PARA ESTA SEMANA: <\/strong>&nbsp;\u201cLimpio mi mente y mi coraz\u00f3n de emociones negativas para que entre lo nuevo.\u201d<\/p>\n\n\n\n<p><strong>ARCANO ALIADO DEL TAROT:<\/strong>&nbsp;<\/p>\n\n\n\n<p><strong>LA LUNA <\/strong>\/ Esta carta anuncia un nuevo tiempo emocional colectivo que todav\u00eda es incierto. Habr\u00e1 que pasar la noche para saberlo.<\/p>\n\n\n\n<figure class=\"wp-block-image size-large\"><img loading=\"lazy\" decoding=\"async\" width=\"769\" height=\"1024\" src=\"https:\/\/sergiolapegue.com\/site\/wp-content\/uploads\/2026\/02\/2-2-769x1024.jpg\" alt=\"\" class=\"wp-image-28556\" srcset=\"https:\/\/sergiolapegue.com\/site\/wp-content\/uploads\/2026\/02\/2-2-769x1024.jpg 769w, https:\/\/sergiolapegue.com\/site\/wp-content\/uploads\/2026\/02\/2-2-225x300.jpg 225w, https:\/\/sergiolapegue.com\/site\/wp-content\/uploads\/2026\/02\/2-2-768x1022.jpg 768w, https:\/\/sergiolapegue.com\/site\/wp-content\/uploads\/2026\/02\/2-2-316x420.jpg 316w, https:\/\/sergiolapegue.com\/site\/wp-content\/uploads\/2026\/02\/2-2-696x926.jpg 696w, https:\/\/sergiolapegue.com\/site\/wp-content\/uploads\/2026\/02\/2-2.jpg 1040w\" sizes=\"auto, (max-width: 769px) 100vw, 769px\" \/><\/figure>\n\n\n\n<p><strong>PREDICCIONES:<\/strong><\/p>\n\n\n\n<p><strong>\ud83d\udd25SIGNOS DE FUEGO #ARIES #LEO #SAGITARIO<\/strong><\/p>\n\n\n\n<p>El eclipse impacta en el ritmo f\u00edsico.&nbsp;<\/p>\n\n\n\n<p>En el trabajo notan cansancio.<\/p>\n\n\n\n<p>Consideren un cambio de h\u00e1bitos.&nbsp;<\/p>\n\n\n\n<p>Y ordenen las prioridades materiales.<\/p>\n\n\n\n<p><strong>\ud83c\udf31SIGNOS DE TIERRA #TAURO #VIRGO #CAPRICORNIO<\/strong><\/p>\n\n\n\n<p>Este eclipse toca algo profundo.<\/p>\n\n\n\n<p>Una m\u00e1scara empieza a caer.<\/p>\n\n\n\n<p>Luchen por ser aut\u00e9nticos.<\/p>\n\n\n\n<p>Trabajen la coherencia.<\/p>\n\n\n\n<p><strong>\ud83c\udf2c\ufe0fSIGNOS DE AIRE #G\u00c9MINIS #LIBRA #ACUARIO<\/strong><\/p>\n\n\n\n<p>Se moviliza el mundo interior.<\/p>\n\n\n\n<p>Recuerdos, necesidades emocionales.<\/p>\n\n\n\n<p>Todo sale a la superficie.&nbsp;<\/p>\n\n\n\n<p>Hora de liberarse de las cargas.<\/p>\n\n\n\n<p><strong>\ud83c\udf0a SIGNOS DE AGUA #C\u00c1NCER #ESCORPIO #PISCIS<\/strong><\/p>\n\n\n\n<p>La confusi\u00f3n se va a ir aclarando.<\/p>\n\n\n\n<p>Ven las relaciones de otra manera.<\/p>\n\n\n\n<p>Hablan lo que antes callaban.<\/p>\n\n\n\n<p>Pongan l\u00edmites saludables.<\/p>\n","protected":false},"excerpt":{"rendered":"<p>Entramos en zona de eclipse, porque ma\u00f1ana 3 de marzo a la ma\u00f1ana tendremos eclipse total de Luna en Virgo que abre un portal de purificaci\u00f3n muy profundo. La limpieza no es s\u00f3lo emocional, tambi\u00e9n es material y mental.&nbsp; Un momento para ver nuestras fallas y tratar de modificar lo que no est\u00e1 bien. A [&hellip;]<\/p>\n","protected":false},"author":9,"featured_media":28557,"comment_status":"closed","ping_status":"closed","sticky":false,"template":"","format":"standard","meta":{"footnotes":""},"categories":[2901],"tags":[2914,4458,4163,3050,1552,3020,4698,2905],"class_list":{"0":"post-28555","1":"post","2":"type-post","3":"status-publish","4":"format-standard","5":"has-post-thumbnail","7":"category-astrotarot","8":"tag-eclipse","9":"tag-frase","10":"tag-guia","11":"tag-horoscopo","12":"tag-luna","13":"tag-marte","14":"tag-pisis","15":"tag-tarot"},"yoast_head":"<!-- This site is optimized with the Yoast SEO plugin v27.5 - https:\/\/yoast.com\/product\/yoast-seo-wordpress\/ -->\n<title>HIT ASTRAL DE LA SEMANA: ECLIPSE TOTAL de LUNA y MARTE ingresa en PISCIS - Sergio Lapegue<\/title>\n<meta name=\"robots\" content=\"index, follow, max-snippet:-1, max-image-preview:large, max-video-preview:-1\" \/>\n<link rel=\"canonical\" href=\"https:\/\/sergiolapegue.com\/site\/2026\/03\/02\/hit-astral-de-la-semana-eclipse-total-de-luna-y-marte-ingresa-en-piscis\/\" \/>\n<meta property=\"og:locale\" content=\"es_ES\" \/>\n<meta property=\"og:type\" content=\"article\" \/>\n<meta property=\"og:title\" content=\"HIT ASTRAL DE LA SEMANA: ECLIPSE TOTAL de LUNA y MARTE ingresa en PISCIS - Sergio Lapegue\" \/>\n<meta property=\"og:description\" content=\"Entramos en zona de eclipse, porque ma\u00f1ana 3 de marzo a la ma\u00f1ana tendremos eclipse total de Luna en Virgo que abre un portal de purificaci\u00f3n muy profundo. La limpieza no es s\u00f3lo emocional, tambi\u00e9n es material y mental.&nbsp; Un momento para ver nuestras fallas y tratar de modificar lo que no est\u00e1 bien. A [&hellip;]\" \/>\n<meta property=\"og:url\" content=\"https:\/\/sergiolapegue.com\/site\/2026\/03\/02\/hit-astral-de-la-semana-eclipse-total-de-luna-y-marte-ingresa-en-piscis\/\" \/>\n<meta property=\"og:site_name\" content=\"Sergio Lapegue\" \/>\n<meta property=\"article:publisher\" content=\"https:\/\/facebook.com\/sergiolapegue\" \/>\n<meta property=\"article:published_time\" content=\"2026-03-02T09:12:00+00:00\" \/>\n<meta property=\"og:image\" content=\"https:\/\/sergiolapegue.com\/site\/wp-content\/uploads\/2026\/02\/1-2.jpg\" \/>\n\t<meta property=\"og:image:width\" content=\"1040\" \/>\n\t<meta property=\"og:image:height\" content=\"1384\" \/>\n\t<meta property=\"og:image:type\" content=\"image\/jpeg\" \/>\n<meta name=\"author\" content=\"Victoria Garc\u00eda Garcilazo\" \/>\n<meta name=\"twitter:card\" content=\"summary_large_image\" \/>\n<meta name=\"twitter:site\" content=\"@sergiolapegue\" \/>\n<meta name=\"twitter:label1\" content=\"Escrito por\" \/>\n\t<meta name=\"twitter:data1\" content=\"Victoria Garc\u00eda Garcilazo\" \/>\n\t<meta name=\"twitter:label2\" content=\"Tiempo de lectura\" \/>\n\t<meta name=\"twitter:data2\" content=\"2 minutos\" \/>\n<script type=\"application\/ld+json\" class=\"yoast-schema-graph\">{\"@context\":\"https:\\\/\\\/schema.org\",\"@graph\":[{\"@type\":\"Article\",\"@id\":\"https:\\\/\\\/sergiolapegue.com\\\/site\\\/2026\\\/03\\\/02\\\/hit-astral-de-la-semana-eclipse-total-de-luna-y-marte-ingresa-en-piscis\\\/#article\",\"isPartOf\":{\"@id\":\"https:\\\/\\\/sergiolapegue.com\\\/site\\\/2026\\\/03\\\/02\\\/hit-astral-de-la-semana-eclipse-total-de-luna-y-marte-ingresa-en-piscis\\\/\"},\"author\":{\"name\":\"Victoria Garc\u00eda Garcilazo\",\"@id\":\"https:\\\/\\\/sergiolapegue.com\\\/site\\\/#\\\/schema\\\/person\\\/038a19a76176d528a1a27ac17e18af68\"},\"headline\":\"HIT ASTRAL DE LA SEMANA: ECLIPSE TOTAL de LUNA y MARTE ingresa en PISCIS\",\"datePublished\":\"2026-03-02T09:12:00+00:00\",\"mainEntityOfPage\":{\"@id\":\"https:\\\/\\\/sergiolapegue.com\\\/site\\\/2026\\\/03\\\/02\\\/hit-astral-de-la-semana-eclipse-total-de-luna-y-marte-ingresa-en-piscis\\\/\"},\"wordCount\":348,\"publisher\":{\"@id\":\"https:\\\/\\\/sergiolapegue.com\\\/site\\\/#\\\/schema\\\/person\\\/083aeceeb0734cd166779ea6c0551a37\"},\"image\":{\"@id\":\"https:\\\/\\\/sergiolapegue.com\\\/site\\\/2026\\\/03\\\/02\\\/hit-astral-de-la-semana-eclipse-total-de-luna-y-marte-ingresa-en-piscis\\\/#primaryimage\"},\"thumbnailUrl\":\"https:\\\/\\\/sergiolapegue.com\\\/site\\\/wp-content\\\/uploads\\\/2026\\\/02\\\/1-2.jpg\",\"keywords\":[\"eclipse\",\"frase\",\"guia\",\"horoscopo\",\"luna\",\"marte\",\"pisis\",\"tarot\"],\"articleSection\":[\"Astrotarot\"],\"inLanguage\":\"es-AR\"},{\"@type\":\"WebPage\",\"@id\":\"https:\\\/\\\/sergiolapegue.com\\\/site\\\/2026\\\/03\\\/02\\\/hit-astral-de-la-semana-eclipse-total-de-luna-y-marte-ingresa-en-piscis\\\/\",\"url\":\"https:\\\/\\\/sergiolapegue.com\\\/site\\\/2026\\\/03\\\/02\\\/hit-astral-de-la-semana-eclipse-total-de-luna-y-marte-ingresa-en-piscis\\\/\",\"name\":\"HIT ASTRAL DE LA SEMANA: ECLIPSE TOTAL de LUNA y MARTE ingresa en PISCIS - Sergio Lapegue\",\"isPartOf\":{\"@id\":\"https:\\\/\\\/sergiolapegue.com\\\/site\\\/#website\"},\"primaryImageOfPage\":{\"@id\":\"https:\\\/\\\/sergiolapegue.com\\\/site\\\/2026\\\/03\\\/02\\\/hit-astral-de-la-semana-eclipse-total-de-luna-y-marte-ingresa-en-piscis\\\/#primaryimage\"},\"image\":{\"@id\":\"https:\\\/\\\/sergiolapegue.com\\\/site\\\/2026\\\/03\\\/02\\\/hit-astral-de-la-semana-eclipse-total-de-luna-y-marte-ingresa-en-piscis\\\/#primaryimage\"},\"thumbnailUrl\":\"https:\\\/\\\/sergiolapegue.com\\\/site\\\/wp-content\\\/uploads\\\/2026\\\/02\\\/1-2.jpg\",\"datePublished\":\"2026-03-02T09:12:00+00:00\",\"breadcrumb\":{\"@id\":\"https:\\\/\\\/sergiolapegue.com\\\/site\\\/2026\\\/03\\\/02\\\/hit-astral-de-la-semana-eclipse-total-de-luna-y-marte-ingresa-en-piscis\\\/#breadcrumb\"},\"inLanguage\":\"es-AR\",\"potentialAction\":[{\"@type\":\"ReadAction\",\"target\":[\"https:\\\/\\\/sergiolapegue.com\\\/site\\\/2026\\\/03\\\/02\\\/hit-astral-de-la-semana-eclipse-total-de-luna-y-marte-ingresa-en-piscis\\\/\"]}]},{\"@type\":\"ImageObject\",\"inLanguage\":\"es-AR\",\"@id\":\"https:\\\/\\\/sergiolapegue.com\\\/site\\\/2026\\\/03\\\/02\\\/hit-astral-de-la-semana-eclipse-total-de-luna-y-marte-ingresa-en-piscis\\\/#primaryimage\",\"url\":\"https:\\\/\\\/sergiolapegue.com\\\/site\\\/wp-content\\\/uploads\\\/2026\\\/02\\\/1-2.jpg\",\"contentUrl\":\"https:\\\/\\\/sergiolapegue.com\\\/site\\\/wp-content\\\/uploads\\\/2026\\\/02\\\/1-2.jpg\",\"width\":1040,\"height\":1384},{\"@type\":\"BreadcrumbList\",\"@id\":\"https:\\\/\\\/sergiolapegue.com\\\/site\\\/2026\\\/03\\\/02\\\/hit-astral-de-la-semana-eclipse-total-de-luna-y-marte-ingresa-en-piscis\\\/#breadcrumb\",\"itemListElement\":[{\"@type\":\"ListItem\",\"position\":1,\"name\":\"Inicio\",\"item\":\"https:\\\/\\\/sergiolapegue.com\\\/site\\\/\"},{\"@type\":\"ListItem\",\"position\":2,\"name\":\"HIT ASTRAL DE LA SEMANA: ECLIPSE TOTAL de LUNA y MARTE ingresa en PISCIS\"}]},{\"@type\":\"WebSite\",\"@id\":\"https:\\\/\\\/sergiolapegue.com\\\/site\\\/#website\",\"url\":\"https:\\\/\\\/sergiolapegue.com\\\/site\\\/\",\"name\":\"Sergio Lapegue\",\"description\":\"Periodista\",\"publisher\":{\"@id\":\"https:\\\/\\\/sergiolapegue.com\\\/site\\\/#\\\/schema\\\/person\\\/083aeceeb0734cd166779ea6c0551a37\"},\"potentialAction\":[{\"@type\":\"SearchAction\",\"target\":{\"@type\":\"EntryPoint\",\"urlTemplate\":\"https:\\\/\\\/sergiolapegue.com\\\/site\\\/?s={search_term_string}\"},\"query-input\":{\"@type\":\"PropertyValueSpecification\",\"valueRequired\":true,\"valueName\":\"search_term_string\"}}],\"inLanguage\":\"es-AR\"},{\"@type\":[\"Person\",\"Organization\"],\"@id\":\"https:\\\/\\\/sergiolapegue.com\\\/site\\\/#\\\/schema\\\/person\\\/083aeceeb0734cd166779ea6c0551a37\",\"name\":\"Sergio Lapegue\",\"image\":{\"@type\":\"ImageObject\",\"inLanguage\":\"es-AR\",\"@id\":\"https:\\\/\\\/sergiolapegue.com\\\/site\\\/wp-content\\\/uploads\\\/2021\\\/04\\\/logo_header-1.png\",\"url\":\"https:\\\/\\\/sergiolapegue.com\\\/site\\\/wp-content\\\/uploads\\\/2021\\\/04\\\/logo_header-1.png\",\"contentUrl\":\"https:\\\/\\\/sergiolapegue.com\\\/site\\\/wp-content\\\/uploads\\\/2021\\\/04\\\/logo_header-1.png\",\"width\":272,\"height\":90,\"caption\":\"Sergio Lapegue\"},\"logo\":{\"@id\":\"https:\\\/\\\/sergiolapegue.com\\\/site\\\/wp-content\\\/uploads\\\/2021\\\/04\\\/logo_header-1.png\"},\"sameAs\":[\"https:\\\/\\\/facebook.com\\\/sergiolapegue\",\"https:\\\/\\\/instagram.com\\\/sergiolapegue\",\"https:\\\/\\\/x.com\\\/https:\\\/\\\/twitter.com\\\/sergiolapegue\"]},{\"@type\":\"Person\",\"@id\":\"https:\\\/\\\/sergiolapegue.com\\\/site\\\/#\\\/schema\\\/person\\\/038a19a76176d528a1a27ac17e18af68\",\"name\":\"Victoria Garc\u00eda Garcilazo\",\"image\":{\"@type\":\"ImageObject\",\"inLanguage\":\"es-AR\",\"@id\":\"https:\\\/\\\/sergiolapegue.com\\\/site\\\/wp-content\\\/uploads\\\/2025\\\/12\\\/victoriaGarciaGarcilazo-150x150.jpg\",\"url\":\"https:\\\/\\\/sergiolapegue.com\\\/site\\\/wp-content\\\/uploads\\\/2025\\\/12\\\/victoriaGarciaGarcilazo-150x150.jpg\",\"contentUrl\":\"https:\\\/\\\/sergiolapegue.com\\\/site\\\/wp-content\\\/uploads\\\/2025\\\/12\\\/victoriaGarciaGarcilazo-150x150.jpg\",\"caption\":\"Victoria Garc\u00eda Garcilazo\"},\"sameAs\":[\"https:\\\/\\\/lavictoriadevenus.com\\\/\",\"https:\\\/\\\/www.instagram.com\\\/lavictoriadevenus\\\/\",\"https:\\\/\\\/www.youtube.com\\\/channel\\\/UCPAWzfQij6wJRHSTN5wi3Mg\"],\"url\":\"https:\\\/\\\/sergiolapegue.com\\\/site\\\/author\\\/victoria\\\/\"}]}<\/script>\n<!-- \/ Yoast SEO plugin. -->","yoast_head_json":{"title":"HIT ASTRAL DE LA SEMANA: ECLIPSE TOTAL de LUNA y MARTE ingresa en PISCIS - Sergio Lapegue","robots":{"index":"index","follow":"follow","max-snippet":"max-snippet:-1","max-image-preview":"max-image-preview:large","max-video-preview":"max-video-preview:-1"},"canonical":"https:\/\/sergiolapegue.com\/site\/2026\/03\/02\/hit-astral-de-la-semana-eclipse-total-de-luna-y-marte-ingresa-en-piscis\/","og_locale":"es_ES","og_type":"article","og_title":"HIT ASTRAL DE LA SEMANA: ECLIPSE TOTAL de LUNA y MARTE ingresa en PISCIS - Sergio Lapegue","og_description":"Entramos en zona de eclipse, porque ma\u00f1ana 3 de marzo a la ma\u00f1ana tendremos eclipse total de Luna en Virgo que abre un portal de purificaci\u00f3n muy profundo. La limpieza no es s\u00f3lo emocional, tambi\u00e9n es material y mental.&nbsp; Un momento para ver nuestras fallas y tratar de modificar lo que no est\u00e1 bien. A [&hellip;]","og_url":"https:\/\/sergiolapegue.com\/site\/2026\/03\/02\/hit-astral-de-la-semana-eclipse-total-de-luna-y-marte-ingresa-en-piscis\/","og_site_name":"Sergio Lapegue","article_publisher":"https:\/\/facebook.com\/sergiolapegue","article_published_time":"2026-03-02T09:12:00+00:00","og_image":[{"width":1040,"height":1384,"url":"https:\/\/sergiolapegue.com\/site\/wp-content\/uploads\/2026\/02\/1-2.jpg","type":"image\/jpeg"}],"author":"Victoria Garc\u00eda Garcilazo","twitter_card":"summary_large_image","twitter_site":"@sergiolapegue","twitter_misc":{"Escrito por":"Victoria Garc\u00eda Garcilazo","Tiempo de lectura":"2 minutos"},"schema":{"@context":"https:\/\/schema.org","@graph":[{"@type":"Article","@id":"https:\/\/sergiolapegue.com\/site\/2026\/03\/02\/hit-astral-de-la-semana-eclipse-total-de-luna-y-marte-ingresa-en-piscis\/#article","isPartOf":{"@id":"https:\/\/sergiolapegue.com\/site\/2026\/03\/02\/hit-astral-de-la-semana-eclipse-total-de-luna-y-marte-ingresa-en-piscis\/"},"author":{"name":"Victoria Garc\u00eda Garcilazo","@id":"https:\/\/sergiolapegue.com\/site\/#\/schema\/person\/038a19a76176d528a1a27ac17e18af68"},"headline":"HIT ASTRAL DE LA SEMANA: ECLIPSE TOTAL de LUNA y MARTE ingresa en PISCIS","datePublished":"2026-03-02T09:12:00+00:00","mainEntityOfPage":{"@id":"https:\/\/sergiolapegue.com\/site\/2026\/03\/02\/hit-astral-de-la-semana-eclipse-total-de-luna-y-marte-ingresa-en-piscis\/"},"wordCount":348,"publisher":{"@id":"https:\/\/sergiolapegue.com\/site\/#\/schema\/person\/083aeceeb0734cd166779ea6c0551a37"},"image":{"@id":"https:\/\/sergiolapegue.com\/site\/2026\/03\/02\/hit-astral-de-la-semana-eclipse-total-de-luna-y-marte-ingresa-en-piscis\/#primaryimage"},"thumbnailUrl":"https:\/\/sergiolapegue.com\/site\/wp-content\/uploads\/2026\/02\/1-2.jpg","keywords":["eclipse","frase","guia","horoscopo","luna","marte","pisis","tarot"],"articleSection":["Astrotarot"],"inLanguage":"es-AR"},{"@type":"WebPage","@id":"https:\/\/sergiolapegue.com\/site\/2026\/03\/02\/hit-astral-de-la-semana-eclipse-total-de-luna-y-marte-ingresa-en-piscis\/","url":"https:\/\/sergiolapegue.com\/site\/2026\/03\/02\/hit-astral-de-la-semana-eclipse-total-de-luna-y-marte-ingresa-en-piscis\/","name":"HIT ASTRAL DE LA SEMANA: ECLIPSE TOTAL de LUNA y MARTE ingresa en PISCIS - Sergio Lapegue","isPartOf":{"@id":"https:\/\/sergiolapegue.com\/site\/#website"},"primaryImageOfPage":{"@id":"https:\/\/sergiolapegue.com\/site\/2026\/03\/02\/hit-astral-de-la-semana-eclipse-total-de-luna-y-marte-ingresa-en-piscis\/#primaryimage"},"image":{"@id":"https:\/\/sergiolapegue.com\/site\/2026\/03\/02\/hit-astral-de-la-semana-eclipse-total-de-luna-y-marte-ingresa-en-piscis\/#primaryimage"},"thumbnailUrl":"https:\/\/sergiolapegue.com\/site\/wp-content\/uploads\/2026\/02\/1-2.jpg","datePublished":"2026-03-02T09:12:00+00:00","breadcrumb":{"@id":"https:\/\/sergiolapegue.com\/site\/2026\/03\/02\/hit-astral-de-la-semana-eclipse-total-de-luna-y-marte-ingresa-en-piscis\/#breadcrumb"},"inLanguage":"es-AR","potentialAction":[{"@type":"ReadAction","target":["https:\/\/sergiolapegue.com\/site\/2026\/03\/02\/hit-astral-de-la-semana-eclipse-total-de-luna-y-marte-ingresa-en-piscis\/"]}]},{"@type":"ImageObject","inLanguage":"es-AR","@id":"https:\/\/sergiolapegue.com\/site\/2026\/03\/02\/hit-astral-de-la-semana-eclipse-total-de-luna-y-marte-ingresa-en-piscis\/#primaryimage","url":"https:\/\/sergiolapegue.com\/site\/wp-content\/uploads\/2026\/02\/1-2.jpg","contentUrl":"https:\/\/sergiolapegue.com\/site\/wp-content\/uploads\/2026\/02\/1-2.jpg","width":1040,"height":1384},{"@type":"BreadcrumbList","@id":"https:\/\/sergiolapegue.com\/site\/2026\/03\/02\/hit-astral-de-la-semana-eclipse-total-de-luna-y-marte-ingresa-en-piscis\/#breadcrumb","itemListElement":[{"@type":"ListItem","position":1,"name":"Inicio","item":"https:\/\/sergiolapegue.com\/site\/"},{"@type":"ListItem","position":2,"name":"HIT ASTRAL DE LA SEMANA: ECLIPSE TOTAL de LUNA y MARTE ingresa en PISCIS"}]},{"@type":"WebSite","@id":"https:\/\/sergiolapegue.com\/site\/#website","url":"https:\/\/sergiolapegue.com\/site\/","name":"Sergio Lapegue","description":"Periodista","publisher":{"@id":"https:\/\/sergiolapegue.com\/site\/#\/schema\/person\/083aeceeb0734cd166779ea6c0551a37"},"potentialAction":[{"@type":"SearchAction","target":{"@type":"EntryPoint","urlTemplate":"https:\/\/sergiolapegue.com\/site\/?s={search_term_string}"},"query-input":{"@type":"PropertyValueSpecification","valueRequired":true,"valueName":"search_term_string"}}],"inLanguage":"es-AR"},{"@type":["Person","Organization"],"@id":"https:\/\/sergiolapegue.com\/site\/#\/schema\/person\/083aeceeb0734cd166779ea6c0551a37","name":"Sergio Lapegue","image":{"@type":"ImageObject","inLanguage":"es-AR","@id":"https:\/\/sergiolapegue.com\/site\/wp-content\/uploads\/2021\/04\/logo_header-1.png","url":"https:\/\/sergiolapegue.com\/site\/wp-content\/uploads\/2021\/04\/logo_header-1.png","contentUrl":"https:\/\/sergiolapegue.com\/site\/wp-content\/uploads\/2021\/04\/logo_header-1.png","width":272,"height":90,"caption":"Sergio Lapegue"},"logo":{"@id":"https:\/\/sergiolapegue.com\/site\/wp-content\/uploads\/2021\/04\/logo_header-1.png"},"sameAs":["https:\/\/facebook.com\/sergiolapegue","https:\/\/instagram.com\/sergiolapegue","https:\/\/x.com\/https:\/\/twitter.com\/sergiolapegue"]},{"@type":"Person","@id":"https:\/\/sergiolapegue.com\/site\/#\/schema\/person\/038a19a76176d528a1a27ac17e18af68","name":"Victoria Garc\u00eda Garcilazo","image":{"@type":"ImageObject","inLanguage":"es-AR","@id":"https:\/\/sergiolapegue.com\/site\/wp-content\/uploads\/2025\/12\/victoriaGarciaGarcilazo-150x150.jpg","url":"https:\/\/sergiolapegue.com\/site\/wp-content\/uploads\/2025\/12\/victoriaGarciaGarcilazo-150x150.jpg","contentUrl":"https:\/\/sergiolapegue.com\/site\/wp-content\/uploads\/2025\/12\/victoriaGarciaGarcilazo-150x150.jpg","caption":"Victoria Garc\u00eda Garcilazo"},"sameAs":["https:\/\/lavictoriadevenus.com\/","https:\/\/www.instagram.com\/lavictoriadevenus\/","https:\/\/www.youtube.com\/channel\/UCPAWzfQij6wJRHSTN5wi3Mg"],"url":"https:\/\/sergiolapegue.com\/site\/author\/victoria\/"}]}},"_links":{"self":[{"href":"https:\/\/sergiolapegue.com\/site\/wp-json\/wp\/v2\/posts\/28555","targetHints":{"allow":["GET"]}}],"collection":[{"href":"https:\/\/sergiolapegue.com\/site\/wp-json\/wp\/v2\/posts"}],"about":[{"href":"https:\/\/sergiolapegue.com\/site\/wp-json\/wp\/v2\/types\/post"}],"author":[{"embeddable":true,"href":"https:\/\/sergiolapegue.com\/site\/wp-json\/wp\/v2\/users\/9"}],"replies":[{"embeddable":true,"href":"https:\/\/sergiolapegue.com\/site\/wp-json\/wp\/v2\/comments?post=28555"}],"version-history":[{"count":1,"href":"https:\/\/sergiolapegue.com\/site\/wp-json\/wp\/v2\/posts\/28555\/revisions"}],"predecessor-version":[{"id":28558,"href":"https:\/\/sergiolapegue.com\/site\/wp-json\/wp\/v2\/posts\/28555\/revisions\/28558"}],"wp:featuredmedia":[{"embeddable":true,"href":"https:\/\/sergiolapegue.com\/site\/wp-json\/wp\/v2\/media\/28557"}],"wp:attachment":[{"href":"https:\/\/sergiolapegue.com\/site\/wp-json\/wp\/v2\/media?parent=28555"}],"wp:term":[{"taxonomy":"category","embeddable":true,"href":"https:\/\/sergiolapegue.com\/site\/wp-json\/wp\/v2\/categories?post=28555"},{"taxonomy":"post_tag","embeddable":true,"href":"https:\/\/sergiolapegue.com\/site\/wp-json\/wp\/v2\/tags?post=28555"}],"curies":[{"name":"wp","href":"https:\/\/api.w.org\/{rel}","templated":true}]}}