{"id":28486,"date":"2026-02-27T07:00:00","date_gmt":"2026-02-27T10:00:00","guid":{"rendered":"https:\/\/sergiolapegue.com\/site\/?p=28486"},"modified":"2026-02-26T20:39:44","modified_gmt":"2026-02-26T23:39:44","slug":"marcelo-allasino-cumple-40-anos-de-actividad-artistica-y-reestrena-no-yo","status":"publish","type":"post","link":"https:\/\/sergiolapegue.com\/site\/2026\/02\/27\/marcelo-allasino-cumple-40-anos-de-actividad-artistica-y-reestrena-no-yo\/","title":{"rendered":"MARCELO ALLASINO CUMPLE 40 A\u00d1OS DE ACTIVIDAD ART\u00cdSTICA Y REESTRENA \u201cNO YO\u201d"},"content":{"rendered":"\n<p>Este a\u00f1o,&nbsp;Marcelo Allasino est\u00e1 cumpliendo 40 a\u00f1os de creaci\u00f3n e investigaci\u00f3n teatral&nbsp;y lo celebra reestrenando en&nbsp;El Exc\u00e9ntrico de la 18\u00aa , tres&nbsp;obras que dan cuenta de su exploraci\u00f3n entre las artes esc\u00e9nicas y las audiovisuales:&#8221;No yo&#8221;(en marzo),&nbsp;&#8220;0615&#8221;&nbsp;(en abril) y&nbsp;&#8220;Mis palabras&#8221;&nbsp;(en junio).<\/p>\n\n\n\n<p>Los invitamos a acompa\u00f1ar su trabajo y celebraci\u00f3n, que se da tambi\u00e9n en el marco de los 40 a\u00f1os de vida de la emblem\u00e1tica sala de Cristina Banegas.<\/p>\n\n\n\n<p>El reestreno de \u201cNo yo\u201d ser\u00e1 el s\u00e1bado 07 de marzo a las 22:30 horas y se podr\u00e1 ver por 4 \u00fanicas funciones.<\/p>\n\n\n\n<figure class=\"wp-block-image size-full is-resized\"><img loading=\"lazy\" decoding=\"async\" width=\"600\" height=\"400\" src=\"https:\/\/sergiolapegue.com\/site\/wp-content\/uploads\/2026\/02\/Marcelo-Allasino-No-yo-1.jpg\" alt=\"\" class=\"wp-image-28487\" style=\"width:696px;height:auto\" srcset=\"https:\/\/sergiolapegue.com\/site\/wp-content\/uploads\/2026\/02\/Marcelo-Allasino-No-yo-1.jpg 600w, https:\/\/sergiolapegue.com\/site\/wp-content\/uploads\/2026\/02\/Marcelo-Allasino-No-yo-1-300x200.jpg 300w\" sizes=\"auto, (max-width: 600px) 100vw, 600px\" \/><\/figure>\n\n\n\n<p><strong>SINOPSIS<\/strong><\/p>\n\n\n\n<p>Beckett escribi\u00f3 este texto en 1972 y hoy resuena con una potencia renovada. En un contexto en el que los discursos oficiales tienden a invisibilizar, a arrasar subjetividades, a borrar los cuerpos que no encajan, esta obra se convierte en una pregunta urgente sobre qui\u00e9n puede hablar, desde d\u00f3nde, con qu\u00e9 voz.<\/p>\n\n\n\n<p>La propuesta esc\u00e9nica se apoya en un trabajo transmedial que cruza cuerpo, proyecciones y voz amplificada y distorsionada en tiempo real, explorando l\u00edmites entre presencia y desaparici\u00f3n, entre sujeto y objeto, entre lo que se dice y lo que no puede decirse. La palabra ya no narra: resiste, vibra, pulsa.<\/p>\n\n\n\n<p>Una obra sobre el silencio que viene despu\u00e9s del trauma. O antes. Una obra donde hablar no es un derecho, sino un acto de supervivencia.<\/p>\n\n\n\n<figure class=\"wp-block-image size-full is-resized\"><img loading=\"lazy\" decoding=\"async\" width=\"600\" height=\"400\" src=\"https:\/\/sergiolapegue.com\/site\/wp-content\/uploads\/2026\/02\/Marcelo-Allasino-No-yo-3.jpg\" alt=\"\" class=\"wp-image-28488\" style=\"width:696px;height:auto\" srcset=\"https:\/\/sergiolapegue.com\/site\/wp-content\/uploads\/2026\/02\/Marcelo-Allasino-No-yo-3.jpg 600w, https:\/\/sergiolapegue.com\/site\/wp-content\/uploads\/2026\/02\/Marcelo-Allasino-No-yo-3-300x200.jpg 300w\" sizes=\"auto, (max-width: 600px) 100vw, 600px\" \/><\/figure>\n\n\n\n<p><strong>PALABRAS DEL DIRECTOR<\/strong><\/p>\n\n\n\n<p>Dirigir \u201cNo yo\u201d hoy es un gesto cargado de desesperanza: invoca un balbuceo que es ontol\u00f3gico y que nos desnuda en la imposibilidad.<\/p>\n\n\n\n<p>Le\u00ed por primera vez esta obra en mi adolescencia, fascinado por la radicalidad de Beckett y su capacidad para llevar al teatro hacia los l\u00edmites del lenguaje y el cuerpo. Mas tarde, al descubrir las versiones filmadas en YouTube o en videos pirateados por colegas, mi fascinaci\u00f3n se transform\u00f3 en obsesi\u00f3n.&nbsp;&nbsp;<\/p>\n\n\n\n<p>En \u201cNo yo\u201d, esa boca suspendida, hablando sin parar, sin decir del todo, me resultaba de una teatralidad extrema: una imagen imposible y a la vez profundamente verdadera. La condensaci\u00f3n brutal de una subjetividad rota.<\/p>\n\n\n\n<p>Hoy, en esta Argentina atravesada por el control policial en las calles y los intentos de silenciamiento en la virtualidad, \u201cNo yo\u201d reverbera con una potencia ineludible. El cuerpo que no puede hablar, la voz que no puede pronunciar lo que la atraviesa, son im\u00e1genes que dialogan con una sociedad donde la palabra ha sido extra\u00f1ada y se disuelve la idea misma de cuerpo colectivo. Dirigir esta obra es tambi\u00e9n una forma de interrogar esos silencios impuestos, esas voces rotas, esa imposibilidad de decir sin ser devoradas por el ruido o por la represi\u00f3n.&nbsp;<\/p>\n\n\n\n<p>Esta puesta en escena surge tambi\u00e9n de un deseo compartido con Agostina Prato, con quien fantaseamos desde hace a\u00f1os con hacer nuestra versi\u00f3n de la obra.<\/p>\n\n\n\n<p>Nuestra lectura dialoga con Beckett, pero tambi\u00e9n lo tensiona: si el original oculta los cuerpos, nosotros los exponemos. Si Beckett redujo la escena a una boca suspendida en la oscuridad, nosotros decidimos ampliar, deformar, amplificar ese gesto: trabajamos con un dispositivo esc\u00e9nico y tecnol\u00f3gico que muestra, en tiempo real, el mecanismo de producci\u00f3n de esa imagen. Queremos que el p\u00fablico se enfrente no solo al texto, sino al dispositivo que lo hace posible. Que vea lo que habitualmente est\u00e1 oculto. Que escuche no solo lo que se dice, sino tambi\u00e9n lo que no se puede decirse.<\/p>\n\n\n\n<p>Dirigir \u201cNo yo\u201d en este momento es, para m\u00ed, otra forma m\u00e1s de resistir desde la escena. De decir, aunque sea desde el temblor, desde la boca suspendida, desde la desesperaci\u00f3n.<\/p>\n\n\n\n<figure class=\"wp-block-image size-full is-resized\"><img loading=\"lazy\" decoding=\"async\" width=\"600\" height=\"400\" src=\"https:\/\/sergiolapegue.com\/site\/wp-content\/uploads\/2026\/02\/Marcelo-Allasino-No-yo-6.jpg\" alt=\"\" class=\"wp-image-28489\" style=\"width:696px;height:auto\" srcset=\"https:\/\/sergiolapegue.com\/site\/wp-content\/uploads\/2026\/02\/Marcelo-Allasino-No-yo-6.jpg 600w, https:\/\/sergiolapegue.com\/site\/wp-content\/uploads\/2026\/02\/Marcelo-Allasino-No-yo-6-300x200.jpg 300w\" sizes=\"auto, (max-width: 600px) 100vw, 600px\" \/><\/figure>\n\n\n\n<p><strong>FICHA T\u00c9CNICO ART\u00cdSTICA<\/strong><\/p>\n\n\n\n<p><strong>Autor\u00eda:<\/strong> Samuel Beckett<\/p>\n\n\n\n<p><strong>Act\u00faan:<\/strong> Paulo Livieri \u2013 Agostina Prato<\/p>\n\n\n\n<p><strong>Dise\u00f1o de vestuario:<\/strong> Uriel Cistaro<\/p>\n\n\n\n<p><strong>Dise\u00f1o de escenograf\u00eda:<\/strong> Salvador Aleo<\/p>\n\n\n\n<p><strong>Realizaci\u00f3n de escenograf\u00eda:<\/strong> Agustin Valle<\/p>\n\n\n\n<p><strong>Realizaci\u00f3n de vestuario:<\/strong> Titi Su\u00e1rez<\/p>\n\n\n\n<p><strong>Video:<\/strong> Mateo Milione<\/p>\n\n\n\n<p><strong>C\u00e1mara:<\/strong> Mateo Milione<\/p>\n\n\n\n<p><strong>C\u00e1mara en vivo:<\/strong> Mateo Milione<\/p>\n\n\n\n<p><strong>Sonido:<\/strong> Nicol\u00e1s Diab<\/p>\n\n\n\n<p><strong>Dise\u00f1o de iluminaci\u00f3n:<\/strong> Marcelo Allasino<\/p>\n\n\n\n<p><strong>Dise\u00f1o de video:<\/strong> Santiago Cupi \u2013 Mateo Milione<\/p>\n\n\n\n<p><strong>Fotograf\u00eda:<\/strong> Luzmaira Leiva Maldonado<\/p>\n\n\n\n<p><strong>Asistencia de direcci\u00f3n:<\/strong> Juliana Ortiz<\/p>\n\n\n\n<p><strong>Producci\u00f3n ejecutiva:<\/strong> Lalo Moro<\/p>\n\n\n\n<p><strong>Direcci\u00f3n:<\/strong> Marcelo Allasino<\/p>\n\n\n\n<p><strong>Duraci\u00f3n:<\/strong> 40 minutos<\/p>\n\n\n\n<p><strong>Clasificaciones:<\/strong>&nbsp;Teatro \u2013 Presencial \u2013 Adultos<\/p>\n\n\n\n<figure class=\"wp-block-image size-full is-resized\"><img loading=\"lazy\" decoding=\"async\" width=\"600\" height=\"400\" src=\"https:\/\/sergiolapegue.com\/site\/wp-content\/uploads\/2026\/02\/Marcelo-Allasino-No-yo-4.jpg\" alt=\"\" class=\"wp-image-28491\" style=\"width:696px;height:auto\" srcset=\"https:\/\/sergiolapegue.com\/site\/wp-content\/uploads\/2026\/02\/Marcelo-Allasino-No-yo-4.jpg 600w, https:\/\/sergiolapegue.com\/site\/wp-content\/uploads\/2026\/02\/Marcelo-Allasino-No-yo-4-300x200.jpg 300w\" sizes=\"auto, (max-width: 600px) 100vw, 600px\" \/><\/figure>\n\n\n\n<p><strong>EL EXCENTRICO DE LA 18\u00b0<\/strong><\/p>\n\n\n\n<p>Lerma 420 \u2013 Capital Federal \u2013 Buenos Aires \u2013 Argentina<\/p>\n\n\n\n<p>Tel\u00e9fono: 11 6 801 6092<\/p>\n\n\n\n<p>Entradas: $ 22.000 \u2013 en boleter\u00eda del teatro o por Alternativa Teatral \u2013 Link:<\/p>\n\n\n\n<p><a href=\"https:\/\/publico.alternativateatral.com\/entradas96012-no-yo?o=14\">Entradas para No yo en EL EXCENTRICO DE LA 18\u00ba &#8211; Alternativa Teatral<\/a><\/p>\n\n\n\n<p>Funciones: S\u00e1bados 22:30 horas \u2013 Del 07\/03\/2026 al 28\/03\/2026 &nbsp;&nbsp;<\/p>\n\n\n\n<p>Gracias Alejandra P\u00eda Nicolosi de Prens\u00f3polis Comunicaci\u00f3n y Prensa por hacernos llegar la gacetilla de prensa del reestreno de este espect\u00e1culo, con el que Marcelo Allasino celebra sus 40 a\u00f1os de actividad art\u00edstica.&nbsp;<\/p>\n\n\n\n<p><strong>SOBRE EL ELENCO<\/strong><\/p>\n\n\n\n<figure class=\"wp-block-image size-large is-resized\"><img loading=\"lazy\" decoding=\"async\" width=\"682\" height=\"1024\" src=\"https:\/\/sergiolapegue.com\/site\/wp-content\/uploads\/2026\/02\/Marcelo-Allasino-No-yo-Agostina-Prato-682x1024.jpg\" alt=\"\" class=\"wp-image-28492\" style=\"width:340px;height:auto\" srcset=\"https:\/\/sergiolapegue.com\/site\/wp-content\/uploads\/2026\/02\/Marcelo-Allasino-No-yo-Agostina-Prato-682x1024.jpg 682w, https:\/\/sergiolapegue.com\/site\/wp-content\/uploads\/2026\/02\/Marcelo-Allasino-No-yo-Agostina-Prato-200x300.jpg 200w, https:\/\/sergiolapegue.com\/site\/wp-content\/uploads\/2026\/02\/Marcelo-Allasino-No-yo-Agostina-Prato-768x1153.jpg 768w, https:\/\/sergiolapegue.com\/site\/wp-content\/uploads\/2026\/02\/Marcelo-Allasino-No-yo-Agostina-Prato-280x420.jpg 280w, https:\/\/sergiolapegue.com\/site\/wp-content\/uploads\/2026\/02\/Marcelo-Allasino-No-yo-Agostina-Prato-696x1045.jpg 696w, https:\/\/sergiolapegue.com\/site\/wp-content\/uploads\/2026\/02\/Marcelo-Allasino-No-yo-Agostina-Prato.jpg 800w\" sizes=\"auto, (max-width: 682px) 100vw, 682px\" \/><\/figure>\n\n\n\n<p><strong>Agostina Prato&nbsp;<\/strong>es artista esc\u00e9nica y licenciada en Artes de la Escritura. Naci\u00f3 en Rafaela y se form\u00f3 en Rosario, Buenos Aires e Internet. Como actriz, sus \u00faltimas obras fueron El Gran Circo Argentino, de Felipe Haidar (Rosario), y Mis Palabras, de Marcelo Allasino (Buenos Aires). Abocada a la investigaci\u00f3n del movimiento cuerpo-escritura-pantalla, realiz\u00f3 varias obras de su autor\u00eda, como Aspiro a Hitchcock, Heterror, The Sea X, H y Mortal. Tambi\u00e9n indaga en el universo posporn*gr\u00e1fico, realizando performances y piezas audiovisuales como Cumwich y Mi vida inacabada, que han participado en diferentes festivales alrededor del mundo. \/\/&nbsp;@agostinaprato<\/p>\n\n\n\n<figure class=\"wp-block-image size-full is-resized\"><img loading=\"lazy\" decoding=\"async\" width=\"800\" height=\"934\" src=\"https:\/\/sergiolapegue.com\/site\/wp-content\/uploads\/2026\/02\/Marcelo-Allasino-No-yo-Paulo-Livieri.jpg\" alt=\"\" class=\"wp-image-28493\" style=\"aspect-ratio:0.8565494961926006;width:336px;height:auto\" srcset=\"https:\/\/sergiolapegue.com\/site\/wp-content\/uploads\/2026\/02\/Marcelo-Allasino-No-yo-Paulo-Livieri.jpg 800w, https:\/\/sergiolapegue.com\/site\/wp-content\/uploads\/2026\/02\/Marcelo-Allasino-No-yo-Paulo-Livieri-257x300.jpg 257w, https:\/\/sergiolapegue.com\/site\/wp-content\/uploads\/2026\/02\/Marcelo-Allasino-No-yo-Paulo-Livieri-768x897.jpg 768w, https:\/\/sergiolapegue.com\/site\/wp-content\/uploads\/2026\/02\/Marcelo-Allasino-No-yo-Paulo-Livieri-360x420.jpg 360w, https:\/\/sergiolapegue.com\/site\/wp-content\/uploads\/2026\/02\/Marcelo-Allasino-No-yo-Paulo-Livieri-696x813.jpg 696w\" sizes=\"auto, (max-width: 800px) 100vw, 800px\" \/><\/figure>\n\n\n\n<p><strong>Paulo Livieri<\/strong> es actor e int\u00e9rprete con m\u00e1s de 10 a\u00f1os de trayectoria entre Rosario, Buenos Aires y Per\u00fa. Se form\u00f3 en teatro, clown y teatro musical. Trabaj\u00f3 en teatro, cine, novelas, publicidades y videoclips. Sus \u00faltimos trabajos fueron: en teatro \u201cLa madre que los pari\u00f3\u201d y \u201cEl loco y la camisa\u201d. En cine: \u201cLa pena m\u00e1xima\u201d. Form\u00f3 parte del videoclip \u201cLos paisajes\u201d de Soledad Pastorutti y en publicidad de cerveza \u201cSanta Fe\u201d. Actualmente forma parte del elenco \u201cBilly Budd\u201d en el Teatro Col\u00f3n y \u201cMam\u00e1 est\u00e1 m\u00e1s chiquita\u201d en Rosario. \/\/ @paulo.livieri<\/p>\n\n\n\n<figure class=\"wp-block-image size-large is-resized\"><img loading=\"lazy\" decoding=\"async\" width=\"683\" height=\"1024\" src=\"https:\/\/sergiolapegue.com\/site\/wp-content\/uploads\/2026\/02\/Marcelo-Allasino-Actor-Director-683x1024.jpg\" alt=\"\" class=\"wp-image-28494\" style=\"width:339px;height:auto\" srcset=\"https:\/\/sergiolapegue.com\/site\/wp-content\/uploads\/2026\/02\/Marcelo-Allasino-Actor-Director-683x1024.jpg 683w, https:\/\/sergiolapegue.com\/site\/wp-content\/uploads\/2026\/02\/Marcelo-Allasino-Actor-Director-200x300.jpg 200w, https:\/\/sergiolapegue.com\/site\/wp-content\/uploads\/2026\/02\/Marcelo-Allasino-Actor-Director-768x1152.jpg 768w, https:\/\/sergiolapegue.com\/site\/wp-content\/uploads\/2026\/02\/Marcelo-Allasino-Actor-Director-280x420.jpg 280w, https:\/\/sergiolapegue.com\/site\/wp-content\/uploads\/2026\/02\/Marcelo-Allasino-Actor-Director-696x1044.jpg 696w, https:\/\/sergiolapegue.com\/site\/wp-content\/uploads\/2026\/02\/Marcelo-Allasino-Actor-Director.jpg 1000w\" sizes=\"auto, (max-width: 683px) 100vw, 683px\" \/><\/figure>\n\n\n\n<p><strong>SOBRE MARCELO ALLASINO<\/strong><\/p>\n\n\n\n<p>Reconocido artista esc\u00e9nico y gestor cultural oriundo de Rafaela (Santa F\u00e9),&nbsp;est\u00e1 celebrando 40 a\u00f1os de trayectoria profesional.<\/p>\n\n\n\n<p>Creador esc\u00e9nico, director y dramaturgo desarrolla desde 1986 una sostenida labor art\u00edstica en teatro y danza, con m\u00e1s de 50 producciones dirigidas en distintas ciudades del pa\u00eds. Fund\u00f3 el grupo Punto T y el Taller de Teatro La M\u00e1scara, donde impuls\u00f3 gran parte de sus trabajos m\u00e1s destacados. Su obra se ha presentado en festivales nacionales e internacionales, recibiendo m\u00faltiples reconocimientos.&nbsp;<\/p>\n\n\n\n<p>A la par de su labor creativa, ha llevado adelante una intensa tarea de gesti\u00f3n y pol\u00edticas culturales: fue director art\u00edstico del Festival de Teatro de Rafaela, Secretario de Cultura de esa ciudad, Director Ejecutivo del Instituto Nacional del Teatro y presidente de Iberescena. Actualmente, dirige la plataforma y el Festival TEATRO UAIFAI, integra el directorio de PROTEATRO y se desempe\u00f1a como docente en universidades nacionales y espacios culturales del pa\u00eds.<\/p>\n\n\n\n<p>En este marco celebratorio,&nbsp;Marcelo Allasino vuelve a poner en escena&nbsp;tres obras destacadas que indagan sobre temas sensibles a partir de una est\u00e9tica que &nbsp;explora la relaci\u00f3n entre el teatro y las artes visuales: &nbsp;<\/p>\n\n\n\n<ul class=\"wp-block-list\">\n<li>&#8220;No yo&#8221;:\u00a0\u00a0S\u00e1bados 7, 14, 21 y 28 de marzo a las 22.30hs<\/li>\n\n\n\n<li>\u00a0&#8220;0615&#8221;:S\u00e1bados\u00a04, 11, 18 y 25 de\u00a0abril\u00a0a las 22.30hs<\/li>\n\n\n\n<li>\u00a0&#8220;Mis palabras&#8221;:\u00a0Domingos 7, 14, 21 y 28 de\u00a0junio\u00a0a las 17hs<\/li>\n<\/ul>\n\n\n\n<p>M\u00e1s informaci\u00f3n sobre Marcelo Allasino en:<\/p>\n\n\n\n<p><strong>Instagram:<\/strong> <a href=\"https:\/\/www.instagram.com\/mallasino\/\">Instagram<\/a><\/p>\n\n\n\n<p><strong>Facebook:<\/strong> <a href=\"https:\/\/www.facebook.com\/marcelo.allasino\">(8) Facebook<\/a><\/p>\n\n\n\n<p><strong>Web:<\/strong> <a href=\"https:\/\/marceloallasino.com\/obras\/\">Obras \u2013 Marcelo Allasino<\/a><\/p>\n\n\n\n<p><\/p>\n","protected":false},"excerpt":{"rendered":"<p>Este a\u00f1o,&nbsp;Marcelo Allasino est\u00e1 cumpliendo 40 a\u00f1os de creaci\u00f3n e investigaci\u00f3n teatral&nbsp;y lo celebra reestrenando en&nbsp;El Exc\u00e9ntrico de la 18\u00aa , tres&nbsp;obras que dan cuenta de su exploraci\u00f3n entre las artes esc\u00e9nicas y las audiovisuales:&#8221;No yo&#8221;(en marzo),&nbsp;&#8220;0615&#8221;&nbsp;(en abril) y&nbsp;&#8220;Mis palabras&#8221;&nbsp;(en junio). Los invitamos a acompa\u00f1ar su trabajo y celebraci\u00f3n, que se da tambi\u00e9n en el [&hellip;]<\/p>\n","protected":false},"author":3,"featured_media":28495,"comment_status":"open","ping_status":"closed","sticky":false,"template":"","format":"standard","meta":{"footnotes":""},"categories":[34,35],"tags":[],"class_list":{"0":"post-28486","1":"post","2":"type-post","3":"status-publish","4":"format-standard","5":"has-post-thumbnail","7":"category-arte","8":"category-teatro"},"yoast_head":"<!-- This site is optimized with the Yoast SEO plugin v27.5 - https:\/\/yoast.com\/product\/yoast-seo-wordpress\/ -->\n<title>MARCELO ALLASINO CUMPLE 40 A\u00d1OS DE ACTIVIDAD ART\u00cdSTICA Y REESTRENA \u201cNO YO\u201d - Sergio Lapegue<\/title>\n<meta name=\"robots\" content=\"index, follow, max-snippet:-1, max-image-preview:large, max-video-preview:-1\" \/>\n<link rel=\"canonical\" href=\"https:\/\/sergiolapegue.com\/site\/2026\/02\/27\/marcelo-allasino-cumple-40-anos-de-actividad-artistica-y-reestrena-no-yo\/\" \/>\n<meta property=\"og:locale\" content=\"es_ES\" \/>\n<meta property=\"og:type\" content=\"article\" \/>\n<meta property=\"og:title\" content=\"MARCELO ALLASINO CUMPLE 40 A\u00d1OS DE ACTIVIDAD ART\u00cdSTICA Y REESTRENA \u201cNO YO\u201d - Sergio Lapegue\" \/>\n<meta property=\"og:description\" content=\"Este a\u00f1o,&nbsp;Marcelo Allasino est\u00e1 cumpliendo 40 a\u00f1os de creaci\u00f3n e investigaci\u00f3n teatral&nbsp;y lo celebra reestrenando en&nbsp;El Exc\u00e9ntrico de la 18\u00aa , tres&nbsp;obras que dan cuenta de su exploraci\u00f3n entre las artes esc\u00e9nicas y las audiovisuales:&#8221;No yo&#8221;(en marzo),&nbsp;&#8220;0615&#8221;&nbsp;(en abril) y&nbsp;&#8220;Mis palabras&#8221;&nbsp;(en junio). Los invitamos a acompa\u00f1ar su trabajo y celebraci\u00f3n, que se da tambi\u00e9n en el [&hellip;]\" \/>\n<meta property=\"og:url\" content=\"https:\/\/sergiolapegue.com\/site\/2026\/02\/27\/marcelo-allasino-cumple-40-anos-de-actividad-artistica-y-reestrena-no-yo\/\" \/>\n<meta property=\"og:site_name\" content=\"Sergio Lapegue\" \/>\n<meta property=\"article:publisher\" content=\"https:\/\/facebook.com\/sergiolapegue\" \/>\n<meta property=\"article:author\" content=\"https:\/\/facebook.com\/danielernesto.montana\" \/>\n<meta property=\"article:published_time\" content=\"2026-02-27T10:00:00+00:00\" \/>\n<meta property=\"og:image\" content=\"https:\/\/sergiolapegue.com\/site\/wp-content\/uploads\/2026\/02\/Marcelo-Allasino-No-yo.jpg\" \/>\n\t<meta property=\"og:image:width\" content=\"1000\" \/>\n\t<meta property=\"og:image:height\" content=\"667\" \/>\n\t<meta property=\"og:image:type\" content=\"image\/jpeg\" \/>\n<meta name=\"author\" content=\"Daniel E. Monta\u00f1a\" \/>\n<meta name=\"twitter:card\" content=\"summary_large_image\" \/>\n<meta name=\"twitter:creator\" content=\"@https:\/\/twitter.com\/daner_004\" \/>\n<meta name=\"twitter:site\" content=\"@sergiolapegue\" \/>\n<meta name=\"twitter:label1\" content=\"Escrito por\" \/>\n\t<meta name=\"twitter:data1\" content=\"Daniel E. Monta\u00f1a\" \/>\n\t<meta name=\"twitter:label2\" content=\"Tiempo de lectura\" \/>\n\t<meta name=\"twitter:data2\" content=\"8 minutos\" \/>\n<script type=\"application\/ld+json\" class=\"yoast-schema-graph\">{\"@context\":\"https:\\\/\\\/schema.org\",\"@graph\":[{\"@type\":\"Article\",\"@id\":\"https:\\\/\\\/sergiolapegue.com\\\/site\\\/2026\\\/02\\\/27\\\/marcelo-allasino-cumple-40-anos-de-actividad-artistica-y-reestrena-no-yo\\\/#article\",\"isPartOf\":{\"@id\":\"https:\\\/\\\/sergiolapegue.com\\\/site\\\/2026\\\/02\\\/27\\\/marcelo-allasino-cumple-40-anos-de-actividad-artistica-y-reestrena-no-yo\\\/\"},\"author\":{\"name\":\"Daniel E. Monta\u00f1a\",\"@id\":\"https:\\\/\\\/sergiolapegue.com\\\/site\\\/#\\\/schema\\\/person\\\/9198e7dbab43c6d74d0fd5399af7c3cd\"},\"headline\":\"MARCELO ALLASINO CUMPLE 40 A\u00d1OS DE ACTIVIDAD ART\u00cdSTICA Y REESTRENA \u201cNO YO\u201d\",\"datePublished\":\"2026-02-27T10:00:00+00:00\",\"mainEntityOfPage\":{\"@id\":\"https:\\\/\\\/sergiolapegue.com\\\/site\\\/2026\\\/02\\\/27\\\/marcelo-allasino-cumple-40-anos-de-actividad-artistica-y-reestrena-no-yo\\\/\"},\"wordCount\":1283,\"commentCount\":0,\"publisher\":{\"@id\":\"https:\\\/\\\/sergiolapegue.com\\\/site\\\/#\\\/schema\\\/person\\\/083aeceeb0734cd166779ea6c0551a37\"},\"image\":{\"@id\":\"https:\\\/\\\/sergiolapegue.com\\\/site\\\/2026\\\/02\\\/27\\\/marcelo-allasino-cumple-40-anos-de-actividad-artistica-y-reestrena-no-yo\\\/#primaryimage\"},\"thumbnailUrl\":\"https:\\\/\\\/sergiolapegue.com\\\/site\\\/wp-content\\\/uploads\\\/2026\\\/02\\\/Marcelo-Allasino-No-yo.jpg\",\"articleSection\":[\"Arte\",\"Teatro\"],\"inLanguage\":\"es-AR\",\"potentialAction\":[{\"@type\":\"CommentAction\",\"name\":\"Comment\",\"target\":[\"https:\\\/\\\/sergiolapegue.com\\\/site\\\/2026\\\/02\\\/27\\\/marcelo-allasino-cumple-40-anos-de-actividad-artistica-y-reestrena-no-yo\\\/#respond\"]}]},{\"@type\":\"WebPage\",\"@id\":\"https:\\\/\\\/sergiolapegue.com\\\/site\\\/2026\\\/02\\\/27\\\/marcelo-allasino-cumple-40-anos-de-actividad-artistica-y-reestrena-no-yo\\\/\",\"url\":\"https:\\\/\\\/sergiolapegue.com\\\/site\\\/2026\\\/02\\\/27\\\/marcelo-allasino-cumple-40-anos-de-actividad-artistica-y-reestrena-no-yo\\\/\",\"name\":\"MARCELO ALLASINO CUMPLE 40 A\u00d1OS DE ACTIVIDAD ART\u00cdSTICA Y REESTRENA \u201cNO YO\u201d - Sergio Lapegue\",\"isPartOf\":{\"@id\":\"https:\\\/\\\/sergiolapegue.com\\\/site\\\/#website\"},\"primaryImageOfPage\":{\"@id\":\"https:\\\/\\\/sergiolapegue.com\\\/site\\\/2026\\\/02\\\/27\\\/marcelo-allasino-cumple-40-anos-de-actividad-artistica-y-reestrena-no-yo\\\/#primaryimage\"},\"image\":{\"@id\":\"https:\\\/\\\/sergiolapegue.com\\\/site\\\/2026\\\/02\\\/27\\\/marcelo-allasino-cumple-40-anos-de-actividad-artistica-y-reestrena-no-yo\\\/#primaryimage\"},\"thumbnailUrl\":\"https:\\\/\\\/sergiolapegue.com\\\/site\\\/wp-content\\\/uploads\\\/2026\\\/02\\\/Marcelo-Allasino-No-yo.jpg\",\"datePublished\":\"2026-02-27T10:00:00+00:00\",\"breadcrumb\":{\"@id\":\"https:\\\/\\\/sergiolapegue.com\\\/site\\\/2026\\\/02\\\/27\\\/marcelo-allasino-cumple-40-anos-de-actividad-artistica-y-reestrena-no-yo\\\/#breadcrumb\"},\"inLanguage\":\"es-AR\",\"potentialAction\":[{\"@type\":\"ReadAction\",\"target\":[\"https:\\\/\\\/sergiolapegue.com\\\/site\\\/2026\\\/02\\\/27\\\/marcelo-allasino-cumple-40-anos-de-actividad-artistica-y-reestrena-no-yo\\\/\"]}]},{\"@type\":\"ImageObject\",\"inLanguage\":\"es-AR\",\"@id\":\"https:\\\/\\\/sergiolapegue.com\\\/site\\\/2026\\\/02\\\/27\\\/marcelo-allasino-cumple-40-anos-de-actividad-artistica-y-reestrena-no-yo\\\/#primaryimage\",\"url\":\"https:\\\/\\\/sergiolapegue.com\\\/site\\\/wp-content\\\/uploads\\\/2026\\\/02\\\/Marcelo-Allasino-No-yo.jpg\",\"contentUrl\":\"https:\\\/\\\/sergiolapegue.com\\\/site\\\/wp-content\\\/uploads\\\/2026\\\/02\\\/Marcelo-Allasino-No-yo.jpg\",\"width\":1000,\"height\":667},{\"@type\":\"BreadcrumbList\",\"@id\":\"https:\\\/\\\/sergiolapegue.com\\\/site\\\/2026\\\/02\\\/27\\\/marcelo-allasino-cumple-40-anos-de-actividad-artistica-y-reestrena-no-yo\\\/#breadcrumb\",\"itemListElement\":[{\"@type\":\"ListItem\",\"position\":1,\"name\":\"Inicio\",\"item\":\"https:\\\/\\\/sergiolapegue.com\\\/site\\\/\"},{\"@type\":\"ListItem\",\"position\":2,\"name\":\"MARCELO ALLASINO CUMPLE 40 A\u00d1OS DE ACTIVIDAD ART\u00cdSTICA Y REESTRENA \u201cNO YO\u201d\"}]},{\"@type\":\"WebSite\",\"@id\":\"https:\\\/\\\/sergiolapegue.com\\\/site\\\/#website\",\"url\":\"https:\\\/\\\/sergiolapegue.com\\\/site\\\/\",\"name\":\"Sergio Lapegue\",\"description\":\"Periodista\",\"publisher\":{\"@id\":\"https:\\\/\\\/sergiolapegue.com\\\/site\\\/#\\\/schema\\\/person\\\/083aeceeb0734cd166779ea6c0551a37\"},\"potentialAction\":[{\"@type\":\"SearchAction\",\"target\":{\"@type\":\"EntryPoint\",\"urlTemplate\":\"https:\\\/\\\/sergiolapegue.com\\\/site\\\/?s={search_term_string}\"},\"query-input\":{\"@type\":\"PropertyValueSpecification\",\"valueRequired\":true,\"valueName\":\"search_term_string\"}}],\"inLanguage\":\"es-AR\"},{\"@type\":[\"Person\",\"Organization\"],\"@id\":\"https:\\\/\\\/sergiolapegue.com\\\/site\\\/#\\\/schema\\\/person\\\/083aeceeb0734cd166779ea6c0551a37\",\"name\":\"Sergio Lapegue\",\"image\":{\"@type\":\"ImageObject\",\"inLanguage\":\"es-AR\",\"@id\":\"https:\\\/\\\/sergiolapegue.com\\\/site\\\/wp-content\\\/uploads\\\/2021\\\/04\\\/logo_header-1.png\",\"url\":\"https:\\\/\\\/sergiolapegue.com\\\/site\\\/wp-content\\\/uploads\\\/2021\\\/04\\\/logo_header-1.png\",\"contentUrl\":\"https:\\\/\\\/sergiolapegue.com\\\/site\\\/wp-content\\\/uploads\\\/2021\\\/04\\\/logo_header-1.png\",\"width\":272,\"height\":90,\"caption\":\"Sergio Lapegue\"},\"logo\":{\"@id\":\"https:\\\/\\\/sergiolapegue.com\\\/site\\\/wp-content\\\/uploads\\\/2021\\\/04\\\/logo_header-1.png\"},\"sameAs\":[\"https:\\\/\\\/facebook.com\\\/sergiolapegue\",\"https:\\\/\\\/instagram.com\\\/sergiolapegue\",\"https:\\\/\\\/x.com\\\/https:\\\/\\\/twitter.com\\\/sergiolapegue\"]},{\"@type\":\"Person\",\"@id\":\"https:\\\/\\\/sergiolapegue.com\\\/site\\\/#\\\/schema\\\/person\\\/9198e7dbab43c6d74d0fd5399af7c3cd\",\"name\":\"Daniel E. Monta\u00f1a\",\"image\":{\"@type\":\"ImageObject\",\"inLanguage\":\"es-AR\",\"@id\":\"https:\\\/\\\/sergiolapegue.com\\\/site\\\/wp-content\\\/uploads\\\/2021\\\/04\\\/sl_avatar_Daniel-150x150.jpg\",\"url\":\"https:\\\/\\\/sergiolapegue.com\\\/site\\\/wp-content\\\/uploads\\\/2021\\\/04\\\/sl_avatar_Daniel-150x150.jpg\",\"contentUrl\":\"https:\\\/\\\/sergiolapegue.com\\\/site\\\/wp-content\\\/uploads\\\/2021\\\/04\\\/sl_avatar_Daniel-150x150.jpg\",\"caption\":\"Daniel E. Monta\u00f1a\"},\"sameAs\":[\"https:\\\/\\\/facebook.com\\\/danielernesto.montana\",\"https:\\\/\\\/instagram.com\\\/daniel_montana1961\",\"https:\\\/\\\/x.com\\\/https:\\\/\\\/twitter.com\\\/daner_004\"],\"url\":\"https:\\\/\\\/sergiolapegue.com\\\/site\\\/author\\\/daniel\\\/\"}]}<\/script>\n<!-- \/ Yoast SEO plugin. -->","yoast_head_json":{"title":"MARCELO ALLASINO CUMPLE 40 A\u00d1OS DE ACTIVIDAD ART\u00cdSTICA Y REESTRENA \u201cNO YO\u201d - Sergio Lapegue","robots":{"index":"index","follow":"follow","max-snippet":"max-snippet:-1","max-image-preview":"max-image-preview:large","max-video-preview":"max-video-preview:-1"},"canonical":"https:\/\/sergiolapegue.com\/site\/2026\/02\/27\/marcelo-allasino-cumple-40-anos-de-actividad-artistica-y-reestrena-no-yo\/","og_locale":"es_ES","og_type":"article","og_title":"MARCELO ALLASINO CUMPLE 40 A\u00d1OS DE ACTIVIDAD ART\u00cdSTICA Y REESTRENA \u201cNO YO\u201d - Sergio Lapegue","og_description":"Este a\u00f1o,&nbsp;Marcelo Allasino est\u00e1 cumpliendo 40 a\u00f1os de creaci\u00f3n e investigaci\u00f3n teatral&nbsp;y lo celebra reestrenando en&nbsp;El Exc\u00e9ntrico de la 18\u00aa , tres&nbsp;obras que dan cuenta de su exploraci\u00f3n entre las artes esc\u00e9nicas y las audiovisuales:&#8221;No yo&#8221;(en marzo),&nbsp;&#8220;0615&#8221;&nbsp;(en abril) y&nbsp;&#8220;Mis palabras&#8221;&nbsp;(en junio). Los invitamos a acompa\u00f1ar su trabajo y celebraci\u00f3n, que se da tambi\u00e9n en el [&hellip;]","og_url":"https:\/\/sergiolapegue.com\/site\/2026\/02\/27\/marcelo-allasino-cumple-40-anos-de-actividad-artistica-y-reestrena-no-yo\/","og_site_name":"Sergio Lapegue","article_publisher":"https:\/\/facebook.com\/sergiolapegue","article_author":"https:\/\/facebook.com\/danielernesto.montana","article_published_time":"2026-02-27T10:00:00+00:00","og_image":[{"width":1000,"height":667,"url":"https:\/\/sergiolapegue.com\/site\/wp-content\/uploads\/2026\/02\/Marcelo-Allasino-No-yo.jpg","type":"image\/jpeg"}],"author":"Daniel E. Monta\u00f1a","twitter_card":"summary_large_image","twitter_creator":"@https:\/\/twitter.com\/daner_004","twitter_site":"@sergiolapegue","twitter_misc":{"Escrito por":"Daniel E. Monta\u00f1a","Tiempo de lectura":"8 minutos"},"schema":{"@context":"https:\/\/schema.org","@graph":[{"@type":"Article","@id":"https:\/\/sergiolapegue.com\/site\/2026\/02\/27\/marcelo-allasino-cumple-40-anos-de-actividad-artistica-y-reestrena-no-yo\/#article","isPartOf":{"@id":"https:\/\/sergiolapegue.com\/site\/2026\/02\/27\/marcelo-allasino-cumple-40-anos-de-actividad-artistica-y-reestrena-no-yo\/"},"author":{"name":"Daniel E. Monta\u00f1a","@id":"https:\/\/sergiolapegue.com\/site\/#\/schema\/person\/9198e7dbab43c6d74d0fd5399af7c3cd"},"headline":"MARCELO ALLASINO CUMPLE 40 A\u00d1OS DE ACTIVIDAD ART\u00cdSTICA Y REESTRENA \u201cNO YO\u201d","datePublished":"2026-02-27T10:00:00+00:00","mainEntityOfPage":{"@id":"https:\/\/sergiolapegue.com\/site\/2026\/02\/27\/marcelo-allasino-cumple-40-anos-de-actividad-artistica-y-reestrena-no-yo\/"},"wordCount":1283,"commentCount":0,"publisher":{"@id":"https:\/\/sergiolapegue.com\/site\/#\/schema\/person\/083aeceeb0734cd166779ea6c0551a37"},"image":{"@id":"https:\/\/sergiolapegue.com\/site\/2026\/02\/27\/marcelo-allasino-cumple-40-anos-de-actividad-artistica-y-reestrena-no-yo\/#primaryimage"},"thumbnailUrl":"https:\/\/sergiolapegue.com\/site\/wp-content\/uploads\/2026\/02\/Marcelo-Allasino-No-yo.jpg","articleSection":["Arte","Teatro"],"inLanguage":"es-AR","potentialAction":[{"@type":"CommentAction","name":"Comment","target":["https:\/\/sergiolapegue.com\/site\/2026\/02\/27\/marcelo-allasino-cumple-40-anos-de-actividad-artistica-y-reestrena-no-yo\/#respond"]}]},{"@type":"WebPage","@id":"https:\/\/sergiolapegue.com\/site\/2026\/02\/27\/marcelo-allasino-cumple-40-anos-de-actividad-artistica-y-reestrena-no-yo\/","url":"https:\/\/sergiolapegue.com\/site\/2026\/02\/27\/marcelo-allasino-cumple-40-anos-de-actividad-artistica-y-reestrena-no-yo\/","name":"MARCELO ALLASINO CUMPLE 40 A\u00d1OS DE ACTIVIDAD ART\u00cdSTICA Y REESTRENA \u201cNO YO\u201d - Sergio Lapegue","isPartOf":{"@id":"https:\/\/sergiolapegue.com\/site\/#website"},"primaryImageOfPage":{"@id":"https:\/\/sergiolapegue.com\/site\/2026\/02\/27\/marcelo-allasino-cumple-40-anos-de-actividad-artistica-y-reestrena-no-yo\/#primaryimage"},"image":{"@id":"https:\/\/sergiolapegue.com\/site\/2026\/02\/27\/marcelo-allasino-cumple-40-anos-de-actividad-artistica-y-reestrena-no-yo\/#primaryimage"},"thumbnailUrl":"https:\/\/sergiolapegue.com\/site\/wp-content\/uploads\/2026\/02\/Marcelo-Allasino-No-yo.jpg","datePublished":"2026-02-27T10:00:00+00:00","breadcrumb":{"@id":"https:\/\/sergiolapegue.com\/site\/2026\/02\/27\/marcelo-allasino-cumple-40-anos-de-actividad-artistica-y-reestrena-no-yo\/#breadcrumb"},"inLanguage":"es-AR","potentialAction":[{"@type":"ReadAction","target":["https:\/\/sergiolapegue.com\/site\/2026\/02\/27\/marcelo-allasino-cumple-40-anos-de-actividad-artistica-y-reestrena-no-yo\/"]}]},{"@type":"ImageObject","inLanguage":"es-AR","@id":"https:\/\/sergiolapegue.com\/site\/2026\/02\/27\/marcelo-allasino-cumple-40-anos-de-actividad-artistica-y-reestrena-no-yo\/#primaryimage","url":"https:\/\/sergiolapegue.com\/site\/wp-content\/uploads\/2026\/02\/Marcelo-Allasino-No-yo.jpg","contentUrl":"https:\/\/sergiolapegue.com\/site\/wp-content\/uploads\/2026\/02\/Marcelo-Allasino-No-yo.jpg","width":1000,"height":667},{"@type":"BreadcrumbList","@id":"https:\/\/sergiolapegue.com\/site\/2026\/02\/27\/marcelo-allasino-cumple-40-anos-de-actividad-artistica-y-reestrena-no-yo\/#breadcrumb","itemListElement":[{"@type":"ListItem","position":1,"name":"Inicio","item":"https:\/\/sergiolapegue.com\/site\/"},{"@type":"ListItem","position":2,"name":"MARCELO ALLASINO CUMPLE 40 A\u00d1OS DE ACTIVIDAD ART\u00cdSTICA Y REESTRENA \u201cNO YO\u201d"}]},{"@type":"WebSite","@id":"https:\/\/sergiolapegue.com\/site\/#website","url":"https:\/\/sergiolapegue.com\/site\/","name":"Sergio Lapegue","description":"Periodista","publisher":{"@id":"https:\/\/sergiolapegue.com\/site\/#\/schema\/person\/083aeceeb0734cd166779ea6c0551a37"},"potentialAction":[{"@type":"SearchAction","target":{"@type":"EntryPoint","urlTemplate":"https:\/\/sergiolapegue.com\/site\/?s={search_term_string}"},"query-input":{"@type":"PropertyValueSpecification","valueRequired":true,"valueName":"search_term_string"}}],"inLanguage":"es-AR"},{"@type":["Person","Organization"],"@id":"https:\/\/sergiolapegue.com\/site\/#\/schema\/person\/083aeceeb0734cd166779ea6c0551a37","name":"Sergio Lapegue","image":{"@type":"ImageObject","inLanguage":"es-AR","@id":"https:\/\/sergiolapegue.com\/site\/wp-content\/uploads\/2021\/04\/logo_header-1.png","url":"https:\/\/sergiolapegue.com\/site\/wp-content\/uploads\/2021\/04\/logo_header-1.png","contentUrl":"https:\/\/sergiolapegue.com\/site\/wp-content\/uploads\/2021\/04\/logo_header-1.png","width":272,"height":90,"caption":"Sergio Lapegue"},"logo":{"@id":"https:\/\/sergiolapegue.com\/site\/wp-content\/uploads\/2021\/04\/logo_header-1.png"},"sameAs":["https:\/\/facebook.com\/sergiolapegue","https:\/\/instagram.com\/sergiolapegue","https:\/\/x.com\/https:\/\/twitter.com\/sergiolapegue"]},{"@type":"Person","@id":"https:\/\/sergiolapegue.com\/site\/#\/schema\/person\/9198e7dbab43c6d74d0fd5399af7c3cd","name":"Daniel E. Monta\u00f1a","image":{"@type":"ImageObject","inLanguage":"es-AR","@id":"https:\/\/sergiolapegue.com\/site\/wp-content\/uploads\/2021\/04\/sl_avatar_Daniel-150x150.jpg","url":"https:\/\/sergiolapegue.com\/site\/wp-content\/uploads\/2021\/04\/sl_avatar_Daniel-150x150.jpg","contentUrl":"https:\/\/sergiolapegue.com\/site\/wp-content\/uploads\/2021\/04\/sl_avatar_Daniel-150x150.jpg","caption":"Daniel E. Monta\u00f1a"},"sameAs":["https:\/\/facebook.com\/danielernesto.montana","https:\/\/instagram.com\/daniel_montana1961","https:\/\/x.com\/https:\/\/twitter.com\/daner_004"],"url":"https:\/\/sergiolapegue.com\/site\/author\/daniel\/"}]}},"_links":{"self":[{"href":"https:\/\/sergiolapegue.com\/site\/wp-json\/wp\/v2\/posts\/28486","targetHints":{"allow":["GET"]}}],"collection":[{"href":"https:\/\/sergiolapegue.com\/site\/wp-json\/wp\/v2\/posts"}],"about":[{"href":"https:\/\/sergiolapegue.com\/site\/wp-json\/wp\/v2\/types\/post"}],"author":[{"embeddable":true,"href":"https:\/\/sergiolapegue.com\/site\/wp-json\/wp\/v2\/users\/3"}],"replies":[{"embeddable":true,"href":"https:\/\/sergiolapegue.com\/site\/wp-json\/wp\/v2\/comments?post=28486"}],"version-history":[{"count":1,"href":"https:\/\/sergiolapegue.com\/site\/wp-json\/wp\/v2\/posts\/28486\/revisions"}],"predecessor-version":[{"id":28496,"href":"https:\/\/sergiolapegue.com\/site\/wp-json\/wp\/v2\/posts\/28486\/revisions\/28496"}],"wp:featuredmedia":[{"embeddable":true,"href":"https:\/\/sergiolapegue.com\/site\/wp-json\/wp\/v2\/media\/28495"}],"wp:attachment":[{"href":"https:\/\/sergiolapegue.com\/site\/wp-json\/wp\/v2\/media?parent=28486"}],"wp:term":[{"taxonomy":"category","embeddable":true,"href":"https:\/\/sergiolapegue.com\/site\/wp-json\/wp\/v2\/categories?post=28486"},{"taxonomy":"post_tag","embeddable":true,"href":"https:\/\/sergiolapegue.com\/site\/wp-json\/wp\/v2\/tags?post=28486"}],"curies":[{"name":"wp","href":"https:\/\/api.w.org\/{rel}","templated":true}]}}