{"id":28452,"date":"2026-02-26T07:00:00","date_gmt":"2026-02-26T10:00:00","guid":{"rendered":"https:\/\/sergiolapegue.com\/site\/?p=28452"},"modified":"2026-02-26T00:43:45","modified_gmt":"2026-02-26T03:43:45","slug":"grados-celsius","status":"publish","type":"post","link":"https:\/\/sergiolapegue.com\/site\/2026\/02\/26\/grados-celsius\/","title":{"rendered":"&#8220;GRADOS CELSIUS&#8221;"},"content":{"rendered":"\n<p>El martes 3 de marzo a las 20:30 horas reestrena en \u00cdtaca Complejo Teatral la obra \u201cGrados Celsius\u201d, con autor\u00eda y direcci\u00f3n de Cecilia Propato, m\u00fasica de Massive Attack y las actuaciones de Javier Ahumada, Dario Cassini, Mart\u00edn Echauri, Fernando Cesar Mart\u00ednez, Pablo Turchi y Javier Tursky.<\/p>\n\n\n\n<p>La obra cuenta con subsidio de Proteatro y tiene apoyo de la Embajada de Finlandia.<\/p>\n\n\n\n<figure class=\"wp-block-image size-full\"><img loading=\"lazy\" decoding=\"async\" width=\"1000\" height=\"1000\" src=\"https:\/\/sergiolapegue.com\/site\/wp-content\/uploads\/2026\/02\/Grados-celsius-1.jpg\" alt=\"\" class=\"wp-image-28453\" srcset=\"https:\/\/sergiolapegue.com\/site\/wp-content\/uploads\/2026\/02\/Grados-celsius-1.jpg 1000w, https:\/\/sergiolapegue.com\/site\/wp-content\/uploads\/2026\/02\/Grados-celsius-1-300x300.jpg 300w, https:\/\/sergiolapegue.com\/site\/wp-content\/uploads\/2026\/02\/Grados-celsius-1-150x150.jpg 150w, https:\/\/sergiolapegue.com\/site\/wp-content\/uploads\/2026\/02\/Grados-celsius-1-768x768.jpg 768w, https:\/\/sergiolapegue.com\/site\/wp-content\/uploads\/2026\/02\/Grados-celsius-1-420x420.jpg 420w, https:\/\/sergiolapegue.com\/site\/wp-content\/uploads\/2026\/02\/Grados-celsius-1-696x696.jpg 696w\" sizes=\"auto, (max-width: 1000px) 100vw, 1000px\" \/><\/figure>\n\n\n\n<p><strong>SINOPSIS<\/strong><\/p>\n\n\n\n<p>Futuro post-dist\u00f3pico, fr\u00edo y blanco: La obsesi\u00f3n por la muerte ausente. Cinco hombres, el padre, los tres hijos y el t\u00edo integran una familia disfuncional que vive inmersa en un futuro post dist\u00f3pico fr\u00edo y blanco esperando que vuelva Ingria, esposa, amante, madre y cu\u00f1ada. Un espejismo anuncia un eterno retorno de los v\u00ednculos y del amor.<\/p>\n\n\n\n<figure class=\"wp-block-image size-full\"><img loading=\"lazy\" decoding=\"async\" width=\"1000\" height=\"750\" src=\"https:\/\/sergiolapegue.com\/site\/wp-content\/uploads\/2026\/02\/Grados-celsius-3.jpg\" alt=\"\" class=\"wp-image-28454\" srcset=\"https:\/\/sergiolapegue.com\/site\/wp-content\/uploads\/2026\/02\/Grados-celsius-3.jpg 1000w, https:\/\/sergiolapegue.com\/site\/wp-content\/uploads\/2026\/02\/Grados-celsius-3-300x225.jpg 300w, https:\/\/sergiolapegue.com\/site\/wp-content\/uploads\/2026\/02\/Grados-celsius-3-768x576.jpg 768w, https:\/\/sergiolapegue.com\/site\/wp-content\/uploads\/2026\/02\/Grados-celsius-3-560x420.jpg 560w, https:\/\/sergiolapegue.com\/site\/wp-content\/uploads\/2026\/02\/Grados-celsius-3-80x60.jpg 80w, https:\/\/sergiolapegue.com\/site\/wp-content\/uploads\/2026\/02\/Grados-celsius-3-696x522.jpg 696w\" sizes=\"auto, (max-width: 1000px) 100vw, 1000px\" \/><\/figure>\n\n\n\n<p><strong>LIBRO PUBLICADO POR LA EDITORIAL &#8220;UMBRALES DEL SUR&#8221;<\/strong><\/p>\n\n\n\n<p>La editorial &#8220;Umbrales del sur&#8221; seleccion\u00f3, en septiembre de 2025, el texto de Cecilia Propato para su posterior publicaci\u00f3n.<\/p>\n\n\n\n<p>El dictamen editorial la describe como &#8220;una pieza de gran fuerza simb\u00f3lica y originalidad est\u00e9tica, que construye una atm\u00f3sfera po\u00e9tica y opresiva, cargada de im\u00e1genes potentes y di\u00e1logos fragmentarios. Una obra sobre la memoria, la incomunicaci\u00f3n y la violencia intrafamiliar, con resonancias muy actuales.&#8221;<\/p>\n\n\n\n<figure class=\"wp-block-image size-full\"><img loading=\"lazy\" decoding=\"async\" width=\"1000\" height=\"766\" src=\"https:\/\/sergiolapegue.com\/site\/wp-content\/uploads\/2026\/02\/Grados-celsius-4.jpg\" alt=\"\" class=\"wp-image-28455\" srcset=\"https:\/\/sergiolapegue.com\/site\/wp-content\/uploads\/2026\/02\/Grados-celsius-4.jpg 1000w, https:\/\/sergiolapegue.com\/site\/wp-content\/uploads\/2026\/02\/Grados-celsius-4-300x230.jpg 300w, https:\/\/sergiolapegue.com\/site\/wp-content\/uploads\/2026\/02\/Grados-celsius-4-768x588.jpg 768w, https:\/\/sergiolapegue.com\/site\/wp-content\/uploads\/2026\/02\/Grados-celsius-4-548x420.jpg 548w, https:\/\/sergiolapegue.com\/site\/wp-content\/uploads\/2026\/02\/Grados-celsius-4-80x60.jpg 80w, https:\/\/sergiolapegue.com\/site\/wp-content\/uploads\/2026\/02\/Grados-celsius-4-696x533.jpg 696w\" sizes=\"auto, (max-width: 1000px) 100vw, 1000px\" \/><\/figure>\n\n\n\n<p><strong>FICHA T\u00c9CNICO ART\u00cdSTICA<\/strong><\/p>\n\n\n\n<p><strong>Autor\u00eda:&nbsp;<\/strong>Cecilia Propato<\/p>\n\n\n\n<p><strong>Int\u00e9rpretes:&nbsp;<\/strong>Javier Ahumada, Dario Cassini, Mart\u00edn Echauri, Fernando Cesar Mart\u00ednez, Pablo Turchi, Javier Tursky<\/p>\n\n\n\n<p><strong>Vestuario:&nbsp;<\/strong>Emma Yorio<\/p>\n\n\n\n<p><strong>M\u00fasica:&nbsp;<\/strong>Massive Attack<\/p>\n\n\n\n<p><strong>Dise\u00f1o De iluminaci\u00f3n:&nbsp;<\/strong>Luciana Giacobbe<\/p>\n\n\n\n<p><strong>Dise\u00f1o gr\u00e1fico:&nbsp;<\/strong>Ignacio Rojas<\/p>\n\n\n\n<p><strong>Dise\u00f1o de movimientos:&nbsp;<\/strong>Lucila Meira<\/p>\n\n\n\n<p><strong>Coreograf\u00eda:&nbsp;<\/strong>Lucila Meira<\/p>\n\n\n\n<p><strong>Prensa:&nbsp;<\/strong>Pablito Lancone<\/p>\n\n\n\n<p><strong>Asistencia de direcci\u00f3n:&nbsp;<\/strong>Vanina Seoane<\/p>\n\n\n\n<p><strong>Producci\u00f3n ejecutiva:&nbsp;<\/strong>Mar &amp; Ocampo Producciones<\/p>\n\n\n\n<p><strong>Direcci\u00f3n:&nbsp;<\/strong>Cecilia Propato<\/p>\n\n\n\n<p><strong>Instagram:<\/strong> <a href=\"https:\/\/www.instagram.com\/gradoscelsiuslaobra\/\" target=\"_blank\" rel=\"noreferrer noopener\">@gradoscelsiuslaobra<\/a><strong><\/strong><\/p>\n\n\n\n<p><strong>Clasificaci\u00f3n:<\/strong> Teatro \u2013 Presencial \u2013 Adultos&nbsp;<\/p>\n\n\n\n<p><strong>Agradecimientos:&nbsp;<\/strong>Franco Albertti, Jos\u00e9 Luis Arias, Ivana Baldassarri, Ines Baum, \u00cdtaca Complejo Teatral<\/p>\n\n\n\n<figure class=\"wp-block-image size-full\"><img loading=\"lazy\" decoding=\"async\" width=\"1000\" height=\"1000\" src=\"https:\/\/sergiolapegue.com\/site\/wp-content\/uploads\/2026\/02\/Grados-celsius-2.jpg\" alt=\"\" class=\"wp-image-28456\" srcset=\"https:\/\/sergiolapegue.com\/site\/wp-content\/uploads\/2026\/02\/Grados-celsius-2.jpg 1000w, https:\/\/sergiolapegue.com\/site\/wp-content\/uploads\/2026\/02\/Grados-celsius-2-300x300.jpg 300w, https:\/\/sergiolapegue.com\/site\/wp-content\/uploads\/2026\/02\/Grados-celsius-2-150x150.jpg 150w, https:\/\/sergiolapegue.com\/site\/wp-content\/uploads\/2026\/02\/Grados-celsius-2-768x768.jpg 768w, https:\/\/sergiolapegue.com\/site\/wp-content\/uploads\/2026\/02\/Grados-celsius-2-420x420.jpg 420w, https:\/\/sergiolapegue.com\/site\/wp-content\/uploads\/2026\/02\/Grados-celsius-2-696x696.jpg 696w\" sizes=\"auto, (max-width: 1000px) 100vw, 1000px\" \/><\/figure>\n\n\n\n<p><strong>\u00cdTACA COMPLEJO TEATRAL<\/strong><\/p>\n\n\n\n<p>Humahuaca 4027 \u2013 Capital Federal \u2013 Buenos Aires \u2013 Argentina<\/p>\n\n\n\n<p>Tel\u00e9fono: 7549-3926<\/p>\n\n\n\n<p>WhatsApp: 11 6 669 4027&nbsp;<\/p>\n\n\n\n<p>Entradas: $ 20.000 \u2013 en boleter\u00eda del teatro o por Alternativa Teatral \u2013 Link:<\/p>\n\n\n\n<p><a href=\"https:\/\/publico.alternativateatral.com\/entradas91951-grados-celsius?o=14\">Entradas para Grados Celsius en ITACA COMPLEJO TEATRAL &#8211; Alternativa Teatral<\/a><\/p>\n\n\n\n<p>Funciones: Martes 20:30 horas \u2013 Del 03\/03\/2026 al 28\/04\/2026<\/p>\n\n\n\n<p>Gracias Pablito Lancone por acercarnos la gacetilla de prensa del reestreno de este espect\u00e1culo.<\/p>\n\n\n\n<p><\/p>\n","protected":false},"excerpt":{"rendered":"<p>El martes 3 de marzo a las 20:30 horas reestrena en \u00cdtaca Complejo Teatral la obra \u201cGrados Celsius\u201d, con autor\u00eda y direcci\u00f3n de Cecilia Propato, m\u00fasica de Massive Attack y las actuaciones de Javier Ahumada, Dario Cassini, Mart\u00edn Echauri, Fernando Cesar Mart\u00ednez, Pablo Turchi y Javier Tursky. La obra cuenta con subsidio de Proteatro y [&hellip;]<\/p>\n","protected":false},"author":3,"featured_media":28457,"comment_status":"open","ping_status":"closed","sticky":false,"template":"","format":"standard","meta":{"footnotes":""},"categories":[34,35],"tags":[],"class_list":{"0":"post-28452","1":"post","2":"type-post","3":"status-publish","4":"format-standard","5":"has-post-thumbnail","7":"category-arte","8":"category-teatro"},"yoast_head":"<!-- This site is optimized with the Yoast SEO plugin v27.5 - https:\/\/yoast.com\/product\/yoast-seo-wordpress\/ -->\n<title>&quot;GRADOS CELSIUS&quot; - Sergio Lapegue<\/title>\n<meta name=\"robots\" content=\"index, follow, max-snippet:-1, max-image-preview:large, max-video-preview:-1\" \/>\n<link rel=\"canonical\" href=\"https:\/\/sergiolapegue.com\/site\/2026\/02\/26\/grados-celsius\/\" \/>\n<meta property=\"og:locale\" content=\"es_ES\" \/>\n<meta property=\"og:type\" content=\"article\" \/>\n<meta property=\"og:title\" content=\"&quot;GRADOS CELSIUS&quot; - Sergio Lapegue\" \/>\n<meta property=\"og:description\" content=\"El martes 3 de marzo a las 20:30 horas reestrena en \u00cdtaca Complejo Teatral la obra \u201cGrados Celsius\u201d, con autor\u00eda y direcci\u00f3n de Cecilia Propato, m\u00fasica de Massive Attack y las actuaciones de Javier Ahumada, Dario Cassini, Mart\u00edn Echauri, Fernando Cesar Mart\u00ednez, Pablo Turchi y Javier Tursky. La obra cuenta con subsidio de Proteatro y [&hellip;]\" \/>\n<meta property=\"og:url\" content=\"https:\/\/sergiolapegue.com\/site\/2026\/02\/26\/grados-celsius\/\" \/>\n<meta property=\"og:site_name\" content=\"Sergio Lapegue\" \/>\n<meta property=\"article:publisher\" content=\"https:\/\/facebook.com\/sergiolapegue\" \/>\n<meta property=\"article:author\" content=\"https:\/\/facebook.com\/danielernesto.montana\" \/>\n<meta property=\"article:published_time\" content=\"2026-02-26T10:00:00+00:00\" \/>\n<meta property=\"og:image\" content=\"https:\/\/sergiolapegue.com\/site\/wp-content\/uploads\/2026\/02\/Grados-celsius.jpg\" \/>\n\t<meta property=\"og:image:width\" content=\"1000\" \/>\n\t<meta property=\"og:image:height\" content=\"1250\" \/>\n\t<meta property=\"og:image:type\" content=\"image\/jpeg\" \/>\n<meta name=\"author\" content=\"Daniel E. Monta\u00f1a\" \/>\n<meta name=\"twitter:card\" content=\"summary_large_image\" \/>\n<meta name=\"twitter:creator\" content=\"@https:\/\/twitter.com\/daner_004\" \/>\n<meta name=\"twitter:site\" content=\"@sergiolapegue\" \/>\n<meta name=\"twitter:label1\" content=\"Escrito por\" \/>\n\t<meta name=\"twitter:data1\" content=\"Daniel E. Monta\u00f1a\" \/>\n\t<meta name=\"twitter:label2\" content=\"Tiempo de lectura\" \/>\n\t<meta name=\"twitter:data2\" content=\"3 minutos\" \/>\n<script type=\"application\/ld+json\" class=\"yoast-schema-graph\">{\"@context\":\"https:\\\/\\\/schema.org\",\"@graph\":[{\"@type\":\"Article\",\"@id\":\"https:\\\/\\\/sergiolapegue.com\\\/site\\\/2026\\\/02\\\/26\\\/grados-celsius\\\/#article\",\"isPartOf\":{\"@id\":\"https:\\\/\\\/sergiolapegue.com\\\/site\\\/2026\\\/02\\\/26\\\/grados-celsius\\\/\"},\"author\":{\"name\":\"Daniel E. Monta\u00f1a\",\"@id\":\"https:\\\/\\\/sergiolapegue.com\\\/site\\\/#\\\/schema\\\/person\\\/9198e7dbab43c6d74d0fd5399af7c3cd\"},\"headline\":\"&#8220;GRADOS CELSIUS&#8221;\",\"datePublished\":\"2026-02-26T10:00:00+00:00\",\"mainEntityOfPage\":{\"@id\":\"https:\\\/\\\/sergiolapegue.com\\\/site\\\/2026\\\/02\\\/26\\\/grados-celsius\\\/\"},\"wordCount\":377,\"commentCount\":0,\"publisher\":{\"@id\":\"https:\\\/\\\/sergiolapegue.com\\\/site\\\/#\\\/schema\\\/person\\\/083aeceeb0734cd166779ea6c0551a37\"},\"image\":{\"@id\":\"https:\\\/\\\/sergiolapegue.com\\\/site\\\/2026\\\/02\\\/26\\\/grados-celsius\\\/#primaryimage\"},\"thumbnailUrl\":\"https:\\\/\\\/sergiolapegue.com\\\/site\\\/wp-content\\\/uploads\\\/2026\\\/02\\\/Grados-celsius.jpg\",\"articleSection\":[\"Arte\",\"Teatro\"],\"inLanguage\":\"es-AR\",\"potentialAction\":[{\"@type\":\"CommentAction\",\"name\":\"Comment\",\"target\":[\"https:\\\/\\\/sergiolapegue.com\\\/site\\\/2026\\\/02\\\/26\\\/grados-celsius\\\/#respond\"]}]},{\"@type\":\"WebPage\",\"@id\":\"https:\\\/\\\/sergiolapegue.com\\\/site\\\/2026\\\/02\\\/26\\\/grados-celsius\\\/\",\"url\":\"https:\\\/\\\/sergiolapegue.com\\\/site\\\/2026\\\/02\\\/26\\\/grados-celsius\\\/\",\"name\":\"\\\"GRADOS CELSIUS\\\" - Sergio Lapegue\",\"isPartOf\":{\"@id\":\"https:\\\/\\\/sergiolapegue.com\\\/site\\\/#website\"},\"primaryImageOfPage\":{\"@id\":\"https:\\\/\\\/sergiolapegue.com\\\/site\\\/2026\\\/02\\\/26\\\/grados-celsius\\\/#primaryimage\"},\"image\":{\"@id\":\"https:\\\/\\\/sergiolapegue.com\\\/site\\\/2026\\\/02\\\/26\\\/grados-celsius\\\/#primaryimage\"},\"thumbnailUrl\":\"https:\\\/\\\/sergiolapegue.com\\\/site\\\/wp-content\\\/uploads\\\/2026\\\/02\\\/Grados-celsius.jpg\",\"datePublished\":\"2026-02-26T10:00:00+00:00\",\"breadcrumb\":{\"@id\":\"https:\\\/\\\/sergiolapegue.com\\\/site\\\/2026\\\/02\\\/26\\\/grados-celsius\\\/#breadcrumb\"},\"inLanguage\":\"es-AR\",\"potentialAction\":[{\"@type\":\"ReadAction\",\"target\":[\"https:\\\/\\\/sergiolapegue.com\\\/site\\\/2026\\\/02\\\/26\\\/grados-celsius\\\/\"]}]},{\"@type\":\"ImageObject\",\"inLanguage\":\"es-AR\",\"@id\":\"https:\\\/\\\/sergiolapegue.com\\\/site\\\/2026\\\/02\\\/26\\\/grados-celsius\\\/#primaryimage\",\"url\":\"https:\\\/\\\/sergiolapegue.com\\\/site\\\/wp-content\\\/uploads\\\/2026\\\/02\\\/Grados-celsius.jpg\",\"contentUrl\":\"https:\\\/\\\/sergiolapegue.com\\\/site\\\/wp-content\\\/uploads\\\/2026\\\/02\\\/Grados-celsius.jpg\",\"width\":1000,\"height\":1250},{\"@type\":\"BreadcrumbList\",\"@id\":\"https:\\\/\\\/sergiolapegue.com\\\/site\\\/2026\\\/02\\\/26\\\/grados-celsius\\\/#breadcrumb\",\"itemListElement\":[{\"@type\":\"ListItem\",\"position\":1,\"name\":\"Inicio\",\"item\":\"https:\\\/\\\/sergiolapegue.com\\\/site\\\/\"},{\"@type\":\"ListItem\",\"position\":2,\"name\":\"&#8220;GRADOS CELSIUS&#8221;\"}]},{\"@type\":\"WebSite\",\"@id\":\"https:\\\/\\\/sergiolapegue.com\\\/site\\\/#website\",\"url\":\"https:\\\/\\\/sergiolapegue.com\\\/site\\\/\",\"name\":\"Sergio Lapegue\",\"description\":\"Periodista\",\"publisher\":{\"@id\":\"https:\\\/\\\/sergiolapegue.com\\\/site\\\/#\\\/schema\\\/person\\\/083aeceeb0734cd166779ea6c0551a37\"},\"potentialAction\":[{\"@type\":\"SearchAction\",\"target\":{\"@type\":\"EntryPoint\",\"urlTemplate\":\"https:\\\/\\\/sergiolapegue.com\\\/site\\\/?s={search_term_string}\"},\"query-input\":{\"@type\":\"PropertyValueSpecification\",\"valueRequired\":true,\"valueName\":\"search_term_string\"}}],\"inLanguage\":\"es-AR\"},{\"@type\":[\"Person\",\"Organization\"],\"@id\":\"https:\\\/\\\/sergiolapegue.com\\\/site\\\/#\\\/schema\\\/person\\\/083aeceeb0734cd166779ea6c0551a37\",\"name\":\"Sergio Lapegue\",\"image\":{\"@type\":\"ImageObject\",\"inLanguage\":\"es-AR\",\"@id\":\"https:\\\/\\\/sergiolapegue.com\\\/site\\\/wp-content\\\/uploads\\\/2021\\\/04\\\/logo_header-1.png\",\"url\":\"https:\\\/\\\/sergiolapegue.com\\\/site\\\/wp-content\\\/uploads\\\/2021\\\/04\\\/logo_header-1.png\",\"contentUrl\":\"https:\\\/\\\/sergiolapegue.com\\\/site\\\/wp-content\\\/uploads\\\/2021\\\/04\\\/logo_header-1.png\",\"width\":272,\"height\":90,\"caption\":\"Sergio Lapegue\"},\"logo\":{\"@id\":\"https:\\\/\\\/sergiolapegue.com\\\/site\\\/wp-content\\\/uploads\\\/2021\\\/04\\\/logo_header-1.png\"},\"sameAs\":[\"https:\\\/\\\/facebook.com\\\/sergiolapegue\",\"https:\\\/\\\/instagram.com\\\/sergiolapegue\",\"https:\\\/\\\/x.com\\\/https:\\\/\\\/twitter.com\\\/sergiolapegue\"]},{\"@type\":\"Person\",\"@id\":\"https:\\\/\\\/sergiolapegue.com\\\/site\\\/#\\\/schema\\\/person\\\/9198e7dbab43c6d74d0fd5399af7c3cd\",\"name\":\"Daniel E. Monta\u00f1a\",\"image\":{\"@type\":\"ImageObject\",\"inLanguage\":\"es-AR\",\"@id\":\"https:\\\/\\\/sergiolapegue.com\\\/site\\\/wp-content\\\/uploads\\\/2021\\\/04\\\/sl_avatar_Daniel-150x150.jpg\",\"url\":\"https:\\\/\\\/sergiolapegue.com\\\/site\\\/wp-content\\\/uploads\\\/2021\\\/04\\\/sl_avatar_Daniel-150x150.jpg\",\"contentUrl\":\"https:\\\/\\\/sergiolapegue.com\\\/site\\\/wp-content\\\/uploads\\\/2021\\\/04\\\/sl_avatar_Daniel-150x150.jpg\",\"caption\":\"Daniel E. Monta\u00f1a\"},\"sameAs\":[\"https:\\\/\\\/facebook.com\\\/danielernesto.montana\",\"https:\\\/\\\/instagram.com\\\/daniel_montana1961\",\"https:\\\/\\\/x.com\\\/https:\\\/\\\/twitter.com\\\/daner_004\"],\"url\":\"https:\\\/\\\/sergiolapegue.com\\\/site\\\/author\\\/daniel\\\/\"}]}<\/script>\n<!-- \/ Yoast SEO plugin. -->","yoast_head_json":{"title":"\"GRADOS CELSIUS\" - Sergio Lapegue","robots":{"index":"index","follow":"follow","max-snippet":"max-snippet:-1","max-image-preview":"max-image-preview:large","max-video-preview":"max-video-preview:-1"},"canonical":"https:\/\/sergiolapegue.com\/site\/2026\/02\/26\/grados-celsius\/","og_locale":"es_ES","og_type":"article","og_title":"\"GRADOS CELSIUS\" - Sergio Lapegue","og_description":"El martes 3 de marzo a las 20:30 horas reestrena en \u00cdtaca Complejo Teatral la obra \u201cGrados Celsius\u201d, con autor\u00eda y direcci\u00f3n de Cecilia Propato, m\u00fasica de Massive Attack y las actuaciones de Javier Ahumada, Dario Cassini, Mart\u00edn Echauri, Fernando Cesar Mart\u00ednez, Pablo Turchi y Javier Tursky. La obra cuenta con subsidio de Proteatro y [&hellip;]","og_url":"https:\/\/sergiolapegue.com\/site\/2026\/02\/26\/grados-celsius\/","og_site_name":"Sergio Lapegue","article_publisher":"https:\/\/facebook.com\/sergiolapegue","article_author":"https:\/\/facebook.com\/danielernesto.montana","article_published_time":"2026-02-26T10:00:00+00:00","og_image":[{"width":1000,"height":1250,"url":"https:\/\/sergiolapegue.com\/site\/wp-content\/uploads\/2026\/02\/Grados-celsius.jpg","type":"image\/jpeg"}],"author":"Daniel E. Monta\u00f1a","twitter_card":"summary_large_image","twitter_creator":"@https:\/\/twitter.com\/daner_004","twitter_site":"@sergiolapegue","twitter_misc":{"Escrito por":"Daniel E. Monta\u00f1a","Tiempo de lectura":"3 minutos"},"schema":{"@context":"https:\/\/schema.org","@graph":[{"@type":"Article","@id":"https:\/\/sergiolapegue.com\/site\/2026\/02\/26\/grados-celsius\/#article","isPartOf":{"@id":"https:\/\/sergiolapegue.com\/site\/2026\/02\/26\/grados-celsius\/"},"author":{"name":"Daniel E. Monta\u00f1a","@id":"https:\/\/sergiolapegue.com\/site\/#\/schema\/person\/9198e7dbab43c6d74d0fd5399af7c3cd"},"headline":"&#8220;GRADOS CELSIUS&#8221;","datePublished":"2026-02-26T10:00:00+00:00","mainEntityOfPage":{"@id":"https:\/\/sergiolapegue.com\/site\/2026\/02\/26\/grados-celsius\/"},"wordCount":377,"commentCount":0,"publisher":{"@id":"https:\/\/sergiolapegue.com\/site\/#\/schema\/person\/083aeceeb0734cd166779ea6c0551a37"},"image":{"@id":"https:\/\/sergiolapegue.com\/site\/2026\/02\/26\/grados-celsius\/#primaryimage"},"thumbnailUrl":"https:\/\/sergiolapegue.com\/site\/wp-content\/uploads\/2026\/02\/Grados-celsius.jpg","articleSection":["Arte","Teatro"],"inLanguage":"es-AR","potentialAction":[{"@type":"CommentAction","name":"Comment","target":["https:\/\/sergiolapegue.com\/site\/2026\/02\/26\/grados-celsius\/#respond"]}]},{"@type":"WebPage","@id":"https:\/\/sergiolapegue.com\/site\/2026\/02\/26\/grados-celsius\/","url":"https:\/\/sergiolapegue.com\/site\/2026\/02\/26\/grados-celsius\/","name":"\"GRADOS CELSIUS\" - Sergio Lapegue","isPartOf":{"@id":"https:\/\/sergiolapegue.com\/site\/#website"},"primaryImageOfPage":{"@id":"https:\/\/sergiolapegue.com\/site\/2026\/02\/26\/grados-celsius\/#primaryimage"},"image":{"@id":"https:\/\/sergiolapegue.com\/site\/2026\/02\/26\/grados-celsius\/#primaryimage"},"thumbnailUrl":"https:\/\/sergiolapegue.com\/site\/wp-content\/uploads\/2026\/02\/Grados-celsius.jpg","datePublished":"2026-02-26T10:00:00+00:00","breadcrumb":{"@id":"https:\/\/sergiolapegue.com\/site\/2026\/02\/26\/grados-celsius\/#breadcrumb"},"inLanguage":"es-AR","potentialAction":[{"@type":"ReadAction","target":["https:\/\/sergiolapegue.com\/site\/2026\/02\/26\/grados-celsius\/"]}]},{"@type":"ImageObject","inLanguage":"es-AR","@id":"https:\/\/sergiolapegue.com\/site\/2026\/02\/26\/grados-celsius\/#primaryimage","url":"https:\/\/sergiolapegue.com\/site\/wp-content\/uploads\/2026\/02\/Grados-celsius.jpg","contentUrl":"https:\/\/sergiolapegue.com\/site\/wp-content\/uploads\/2026\/02\/Grados-celsius.jpg","width":1000,"height":1250},{"@type":"BreadcrumbList","@id":"https:\/\/sergiolapegue.com\/site\/2026\/02\/26\/grados-celsius\/#breadcrumb","itemListElement":[{"@type":"ListItem","position":1,"name":"Inicio","item":"https:\/\/sergiolapegue.com\/site\/"},{"@type":"ListItem","position":2,"name":"&#8220;GRADOS CELSIUS&#8221;"}]},{"@type":"WebSite","@id":"https:\/\/sergiolapegue.com\/site\/#website","url":"https:\/\/sergiolapegue.com\/site\/","name":"Sergio Lapegue","description":"Periodista","publisher":{"@id":"https:\/\/sergiolapegue.com\/site\/#\/schema\/person\/083aeceeb0734cd166779ea6c0551a37"},"potentialAction":[{"@type":"SearchAction","target":{"@type":"EntryPoint","urlTemplate":"https:\/\/sergiolapegue.com\/site\/?s={search_term_string}"},"query-input":{"@type":"PropertyValueSpecification","valueRequired":true,"valueName":"search_term_string"}}],"inLanguage":"es-AR"},{"@type":["Person","Organization"],"@id":"https:\/\/sergiolapegue.com\/site\/#\/schema\/person\/083aeceeb0734cd166779ea6c0551a37","name":"Sergio Lapegue","image":{"@type":"ImageObject","inLanguage":"es-AR","@id":"https:\/\/sergiolapegue.com\/site\/wp-content\/uploads\/2021\/04\/logo_header-1.png","url":"https:\/\/sergiolapegue.com\/site\/wp-content\/uploads\/2021\/04\/logo_header-1.png","contentUrl":"https:\/\/sergiolapegue.com\/site\/wp-content\/uploads\/2021\/04\/logo_header-1.png","width":272,"height":90,"caption":"Sergio Lapegue"},"logo":{"@id":"https:\/\/sergiolapegue.com\/site\/wp-content\/uploads\/2021\/04\/logo_header-1.png"},"sameAs":["https:\/\/facebook.com\/sergiolapegue","https:\/\/instagram.com\/sergiolapegue","https:\/\/x.com\/https:\/\/twitter.com\/sergiolapegue"]},{"@type":"Person","@id":"https:\/\/sergiolapegue.com\/site\/#\/schema\/person\/9198e7dbab43c6d74d0fd5399af7c3cd","name":"Daniel E. Monta\u00f1a","image":{"@type":"ImageObject","inLanguage":"es-AR","@id":"https:\/\/sergiolapegue.com\/site\/wp-content\/uploads\/2021\/04\/sl_avatar_Daniel-150x150.jpg","url":"https:\/\/sergiolapegue.com\/site\/wp-content\/uploads\/2021\/04\/sl_avatar_Daniel-150x150.jpg","contentUrl":"https:\/\/sergiolapegue.com\/site\/wp-content\/uploads\/2021\/04\/sl_avatar_Daniel-150x150.jpg","caption":"Daniel E. Monta\u00f1a"},"sameAs":["https:\/\/facebook.com\/danielernesto.montana","https:\/\/instagram.com\/daniel_montana1961","https:\/\/x.com\/https:\/\/twitter.com\/daner_004"],"url":"https:\/\/sergiolapegue.com\/site\/author\/daniel\/"}]}},"_links":{"self":[{"href":"https:\/\/sergiolapegue.com\/site\/wp-json\/wp\/v2\/posts\/28452","targetHints":{"allow":["GET"]}}],"collection":[{"href":"https:\/\/sergiolapegue.com\/site\/wp-json\/wp\/v2\/posts"}],"about":[{"href":"https:\/\/sergiolapegue.com\/site\/wp-json\/wp\/v2\/types\/post"}],"author":[{"embeddable":true,"href":"https:\/\/sergiolapegue.com\/site\/wp-json\/wp\/v2\/users\/3"}],"replies":[{"embeddable":true,"href":"https:\/\/sergiolapegue.com\/site\/wp-json\/wp\/v2\/comments?post=28452"}],"version-history":[{"count":1,"href":"https:\/\/sergiolapegue.com\/site\/wp-json\/wp\/v2\/posts\/28452\/revisions"}],"predecessor-version":[{"id":28458,"href":"https:\/\/sergiolapegue.com\/site\/wp-json\/wp\/v2\/posts\/28452\/revisions\/28458"}],"wp:featuredmedia":[{"embeddable":true,"href":"https:\/\/sergiolapegue.com\/site\/wp-json\/wp\/v2\/media\/28457"}],"wp:attachment":[{"href":"https:\/\/sergiolapegue.com\/site\/wp-json\/wp\/v2\/media?parent=28452"}],"wp:term":[{"taxonomy":"category","embeddable":true,"href":"https:\/\/sergiolapegue.com\/site\/wp-json\/wp\/v2\/categories?post=28452"},{"taxonomy":"post_tag","embeddable":true,"href":"https:\/\/sergiolapegue.com\/site\/wp-json\/wp\/v2\/tags?post=28452"}],"curies":[{"name":"wp","href":"https:\/\/api.w.org\/{rel}","templated":true}]}}