{"id":28019,"date":"2026-01-30T01:00:00","date_gmt":"2026-01-30T04:00:00","guid":{"rendered":"https:\/\/sergiolapegue.com\/site\/?p=28019"},"modified":"2026-01-29T20:59:48","modified_gmt":"2026-01-29T23:59:48","slug":"un-enfermo-imaginario","status":"publish","type":"post","link":"https:\/\/sergiolapegue.com\/site\/2026\/01\/30\/un-enfermo-imaginario\/","title":{"rendered":"\u201cUN ENFERMO IMAGINARIO\u201d"},"content":{"rendered":"\n<p>Llega la cuarta temporada de un cl\u00e1sico de Moli\u00e8re al Museo Larreta, \u201cUn enfermo imaginario\u201d, con direcci\u00f3n de Klau Anghilante y las actuaciones de Lean Fern\u00e1ndez, Luciana Guacci, Omar Guzm\u00e1n Torrez, Jos\u00e9 Larralde, Facundo Narvaez Mancinelli, Misha Segurado, Analia Sirica y Diego Verni.<\/p>\n\n\n\n<p>Las funciones ser\u00e1n los d\u00edas lunes a las 19:30 horas a partir del 02 de febrero, en los jardines del museo. Aclaraci\u00f3n: El espect\u00e1culo se suspende por lluvias<\/p>\n\n\n\n<p><strong>SINOPSIS<\/strong><\/p>\n\n\n\n<p>Convencido de sus enfermedades,&nbsp;Arg\u00e1n, vive rodeado de m\u00e9dicos y boticarios. Es tanta su obsesi\u00f3n que no duda en concertar un matrimonio de conveniencia entre su hija&nbsp;Ang\u00e9lica&nbsp;y&nbsp;Tom\u00e1s, hijo de un m\u00e9dico y estudiante de medicina.<\/p>\n\n\n\n<p>Entretanto,&nbsp;Belisa&nbsp;su segunda esposa lo presiona para que haga un testamento dej\u00e1ndola como \u00fanica heredera. Pero&nbsp;Antonio, su criado, con la complicidad de&nbsp;Beraldo, hermano de&nbsp;Arg\u00e1n, har\u00e1n todo lo posible para desenmascararla.<\/p>\n\n\n\n<figure class=\"wp-block-image size-full\"><img loading=\"lazy\" decoding=\"async\" width=\"1000\" height=\"668\" src=\"https:\/\/sergiolapegue.com\/site\/wp-content\/uploads\/2026\/01\/Un-enfermo-imaginario-1.jpg\" alt=\"\" class=\"wp-image-28020\" srcset=\"https:\/\/sergiolapegue.com\/site\/wp-content\/uploads\/2026\/01\/Un-enfermo-imaginario-1.jpg 1000w, https:\/\/sergiolapegue.com\/site\/wp-content\/uploads\/2026\/01\/Un-enfermo-imaginario-1-300x200.jpg 300w, https:\/\/sergiolapegue.com\/site\/wp-content\/uploads\/2026\/01\/Un-enfermo-imaginario-1-768x513.jpg 768w, https:\/\/sergiolapegue.com\/site\/wp-content\/uploads\/2026\/01\/Un-enfermo-imaginario-1-629x420.jpg 629w, https:\/\/sergiolapegue.com\/site\/wp-content\/uploads\/2026\/01\/Un-enfermo-imaginario-1-696x465.jpg 696w\" sizes=\"auto, (max-width: 1000px) 100vw, 1000px\" \/><\/figure>\n\n\n\n<p><strong>PALABRAS DE LA DIRECTORA<\/strong><\/p>\n\n\n\n<p>Presentar&nbsp;Un enfermo imaginario&nbsp;en los jardines del&nbsp;Museo de Arte Espa\u00f1ol Enrique Larreta&nbsp;significa mucho m\u00e1s que ofrecer una funci\u00f3n de teatro: es invitar al espectador a vivir una experiencia inmersiva.<\/p>\n\n\n\n<p>El museo, con su&nbsp;jard\u00edn andaluz reconocido como uno de los m\u00e1s bellos de Latinoam\u00e9rica, aporta un marco natural y arquitect\u00f3nico excepcional. Entre fuentes, senderos y vegetaci\u00f3n, la obra se despliega en un recorrido itinerante donde el p\u00fablico se convierte en parte de la acci\u00f3n, siguiendo a los personajes de escena en escena.<\/p>\n\n\n\n<p>La atm\u00f3sfera colonial del espacio \u2014con su mezcla de historia, arte y naturaleza\u2014 potencia el humor y la s\u00e1tira de Moli\u00e8re, creando un di\u00e1logo vivo entre el texto cl\u00e1sico y el presente. Cada funci\u00f3n es distinta, porque el entorno respira con los actores y el p\u00fablico.<\/p>\n\n\n\n<p>As\u00ed, el Larreta no es solo la sede: es un personaje m\u00e1s, que acompa\u00f1a, enriquece y transforma la experiencia teatral. <strong>\u2013 <\/strong><strong>Klau Anghilante<\/strong><strong><\/strong><\/p>\n\n\n\n<figure class=\"wp-block-image size-large\"><img loading=\"lazy\" decoding=\"async\" width=\"843\" height=\"1024\" src=\"https:\/\/sergiolapegue.com\/site\/wp-content\/uploads\/2026\/01\/Un-enfermo-imaginario-2-843x1024.jpg\" alt=\"\" class=\"wp-image-28021\" srcset=\"https:\/\/sergiolapegue.com\/site\/wp-content\/uploads\/2026\/01\/Un-enfermo-imaginario-2-843x1024.jpg 843w, https:\/\/sergiolapegue.com\/site\/wp-content\/uploads\/2026\/01\/Un-enfermo-imaginario-2-247x300.jpg 247w, https:\/\/sergiolapegue.com\/site\/wp-content\/uploads\/2026\/01\/Un-enfermo-imaginario-2-768x932.jpg 768w, https:\/\/sergiolapegue.com\/site\/wp-content\/uploads\/2026\/01\/Un-enfermo-imaginario-2-346x420.jpg 346w, https:\/\/sergiolapegue.com\/site\/wp-content\/uploads\/2026\/01\/Un-enfermo-imaginario-2-696x845.jpg 696w, https:\/\/sergiolapegue.com\/site\/wp-content\/uploads\/2026\/01\/Un-enfermo-imaginario-2.jpg 1000w\" sizes=\"auto, (max-width: 843px) 100vw, 843px\" \/><\/figure>\n\n\n\n<p><strong>FICHA T\u00c9CNICO ART\u00cdSTICA<\/strong><\/p>\n\n\n\n<p><strong>Dramaturgia:<\/strong> Moli\u00e8re<\/p>\n\n\n\n<p><strong>Adaptaci\u00f3n:<\/strong> Klau Anghilante<\/p>\n\n\n\n<p><strong>Act\u00faan:<\/strong> Lean Fern\u00e1ndez \u2013 Luciana Guacci \u2013 Omar Guzm\u00e1n Torrez \u2013 Jos\u00e9 Larralde \u2013 Facundo Narvaez Mancinelli \u2013 Misha Segurado \u2013 Analia Sirica \u2013 Diego Verni<\/p>\n\n\n\n<p><strong>Vestuario:<\/strong> Luj\u00e1n Moreau&nbsp;<\/p>\n\n\n\n<p><strong>Fotograf\u00eda:<\/strong> Nacho Lunadei<\/p>\n\n\n\n<p><strong>Puesta en escena:<\/strong> Klau Anghilante<\/p>\n\n\n\n<p><strong>Prensa:<\/strong> Natalia Bocca<\/p>\n\n\n\n<p><strong>Asistencia de direcci\u00f3n:<\/strong> Ana Masotta<\/p>\n\n\n\n<p><strong>Asistencia de producci\u00f3n:<\/strong> Chulo<\/p>\n\n\n\n<p><strong>Producci\u00f3n general:<\/strong> Peras Compa\u00f1\u00eda Teatral<\/p>\n\n\n\n<p><strong>Direcci\u00f3n:<\/strong> Klau Anghilante<\/p>\n\n\n\n<p><strong>Duraci\u00f3n:&nbsp;<\/strong>60 minutos<\/p>\n\n\n\n<p><strong>Clasificaci\u00f3n:<\/strong> Teatro \u2013 Presencial \u2013 Adultos<\/p>\n\n\n\n<figure class=\"wp-block-image size-full\"><img loading=\"lazy\" decoding=\"async\" width=\"1000\" height=\"667\" src=\"https:\/\/sergiolapegue.com\/site\/wp-content\/uploads\/2026\/01\/Un-enfermo-imaginario-3.jpg\" alt=\"\" class=\"wp-image-28022\" srcset=\"https:\/\/sergiolapegue.com\/site\/wp-content\/uploads\/2026\/01\/Un-enfermo-imaginario-3.jpg 1000w, https:\/\/sergiolapegue.com\/site\/wp-content\/uploads\/2026\/01\/Un-enfermo-imaginario-3-300x200.jpg 300w, https:\/\/sergiolapegue.com\/site\/wp-content\/uploads\/2026\/01\/Un-enfermo-imaginario-3-768x512.jpg 768w, https:\/\/sergiolapegue.com\/site\/wp-content\/uploads\/2026\/01\/Un-enfermo-imaginario-3-630x420.jpg 630w, https:\/\/sergiolapegue.com\/site\/wp-content\/uploads\/2026\/01\/Un-enfermo-imaginario-3-696x464.jpg 696w\" sizes=\"auto, (max-width: 1000px) 100vw, 1000px\" \/><\/figure>\n\n\n\n<p><strong>MUSEO DE ARTE ESPA\u00d1OL ENRIQUE LARRETA<\/strong><\/p>\n\n\n\n<p>Juramento 2291 \u2013 Capital Federal \u2013 Buenos Aires \u2013 Argentina<\/p>\n\n\n\n<p>Tel\u00e9fono: 4783-2640<\/p>\n\n\n\n<p>Entradas: $ 20.000 \u2013 en boleter\u00eda del teatro o a trav\u00e9s de Passline \u2013 Link:<\/p>\n\n\n\n<p><a href=\"https:\/\/www.passline.com\/eventos\/un-enfermo-imaginario-moliere-como-nunca-lo-viste-el-clasico-universal-en-clave-de-teatro-fisico-471913\">https:\/\/www.passline.com\/eventos\/un-enfermo-imaginario-moliere-como-nunca-lo-viste-el-clasico-universal-en-clave-de-teatro-fisico-471913<\/a><\/p>\n\n\n\n<p>Funciones: Lunes 19:30 horas \u2013 Desde el 02\/02\/2026<\/p>\n\n\n\n<p><strong>Atenci\u00f3n:<\/strong> El espect\u00e1culo se suspende por lluvia<\/p>\n\n\n\n<p>Gracias Natalia Bocca por acercarnos la gacetilla de prensa de este excelente espect\u00e1culo.<\/p>\n\n\n\n<figure class=\"wp-block-image size-large is-resized\"><img loading=\"lazy\" decoding=\"async\" width=\"974\" height=\"1024\" src=\"https:\/\/sergiolapegue.com\/site\/wp-content\/uploads\/2026\/01\/Un-enfermo-imaginario-Klau-Anghilante-974x1024.jpg\" alt=\"\" class=\"wp-image-28023\" style=\"aspect-ratio:0.9511851377322229;width:335px;height:auto\" srcset=\"https:\/\/sergiolapegue.com\/site\/wp-content\/uploads\/2026\/01\/Un-enfermo-imaginario-Klau-Anghilante-974x1024.jpg 974w, https:\/\/sergiolapegue.com\/site\/wp-content\/uploads\/2026\/01\/Un-enfermo-imaginario-Klau-Anghilante-285x300.jpg 285w, https:\/\/sergiolapegue.com\/site\/wp-content\/uploads\/2026\/01\/Un-enfermo-imaginario-Klau-Anghilante-768x807.jpg 768w, https:\/\/sergiolapegue.com\/site\/wp-content\/uploads\/2026\/01\/Un-enfermo-imaginario-Klau-Anghilante-400x420.jpg 400w, https:\/\/sergiolapegue.com\/site\/wp-content\/uploads\/2026\/01\/Un-enfermo-imaginario-Klau-Anghilante-696x731.jpg 696w, https:\/\/sergiolapegue.com\/site\/wp-content\/uploads\/2026\/01\/Un-enfermo-imaginario-Klau-Anghilante.jpg 1000w\" sizes=\"auto, (max-width: 974px) 100vw, 974px\" \/><\/figure>\n\n\n\n<p><strong>SOBRE LA DIRECTORA<\/strong><\/p>\n\n\n\n<p>Klau Anghilante es&nbsp;actriz, docente teatral y directora.<\/p>\n\n\n\n<p>Como actriz ha pisado escenarios tales como el teatro Gral. San Mart\u00edn, Teatro Col\u00f3n, Cetc del Teatro Col\u00f3n, donde recibe excelentes cr\u00edticas por su rol protag\u00f3nico.<\/p>\n\n\n\n<p>Trabaj\u00f3 junto a Irene Di Bari, reconocida actriz estadounidense, en la obra Casta Diva.<\/p>\n\n\n\n<p>Filmo para TV Polaca, particip\u00f3 en el Festival Shakespeare para el Gob. de la Ciudad de Bs As.<\/p>\n\n\n\n<p>Durante 6 a\u00f1os form\u00f3&nbsp;parte de FOT, festival que obtuvo menci\u00f3n especial en los premios Florencio S\u00e1nchez.<\/p>\n\n\n\n<p>Desarroll\u00f3, a su vez, trabajos para radio, audiovisuales y conducci\u00f3n de tv por cable, (premio conductora revelaci\u00f3n y producci\u00f3n a programa de tv de cable).<\/p>\n\n\n\n<p>En paralelo dicta clases de nivel avanzado en actuaci\u00f3n y a la fecha ha dirigido m\u00e1s de 30 obras y distintos audiovisuales.<\/p>\n\n\n\n<p><\/p>\n","protected":false},"excerpt":{"rendered":"<p>Llega la cuarta temporada de un cl\u00e1sico de Moli\u00e8re al Museo Larreta, \u201cUn enfermo imaginario\u201d, con direcci\u00f3n de Klau Anghilante y las actuaciones de Lean Fern\u00e1ndez, Luciana Guacci, Omar Guzm\u00e1n Torrez, Jos\u00e9 Larralde, Facundo Narvaez Mancinelli, Misha Segurado, Analia Sirica y Diego Verni. Las funciones ser\u00e1n los d\u00edas lunes a las 19:30 horas a partir [&hellip;]<\/p>\n","protected":false},"author":3,"featured_media":28024,"comment_status":"open","ping_status":"closed","sticky":false,"template":"","format":"standard","meta":{"footnotes":""},"categories":[34,35],"tags":[],"class_list":{"0":"post-28019","1":"post","2":"type-post","3":"status-publish","4":"format-standard","5":"has-post-thumbnail","7":"category-arte","8":"category-teatro"},"yoast_head":"<!-- This site is optimized with the Yoast SEO plugin v27.5 - https:\/\/yoast.com\/product\/yoast-seo-wordpress\/ -->\n<title>\u201cUN ENFERMO IMAGINARIO\u201d - Sergio Lapegue<\/title>\n<meta name=\"robots\" content=\"index, follow, max-snippet:-1, max-image-preview:large, max-video-preview:-1\" \/>\n<link rel=\"canonical\" href=\"https:\/\/sergiolapegue.com\/site\/2026\/01\/30\/un-enfermo-imaginario\/\" \/>\n<meta property=\"og:locale\" content=\"es_ES\" \/>\n<meta property=\"og:type\" content=\"article\" \/>\n<meta property=\"og:title\" content=\"\u201cUN ENFERMO IMAGINARIO\u201d - Sergio Lapegue\" \/>\n<meta property=\"og:description\" content=\"Llega la cuarta temporada de un cl\u00e1sico de Moli\u00e8re al Museo Larreta, \u201cUn enfermo imaginario\u201d, con direcci\u00f3n de Klau Anghilante y las actuaciones de Lean Fern\u00e1ndez, Luciana Guacci, Omar Guzm\u00e1n Torrez, Jos\u00e9 Larralde, Facundo Narvaez Mancinelli, Misha Segurado, Analia Sirica y Diego Verni. Las funciones ser\u00e1n los d\u00edas lunes a las 19:30 horas a partir [&hellip;]\" \/>\n<meta property=\"og:url\" content=\"https:\/\/sergiolapegue.com\/site\/2026\/01\/30\/un-enfermo-imaginario\/\" \/>\n<meta property=\"og:site_name\" content=\"Sergio Lapegue\" \/>\n<meta property=\"article:publisher\" content=\"https:\/\/facebook.com\/sergiolapegue\" \/>\n<meta property=\"article:author\" content=\"https:\/\/facebook.com\/danielernesto.montana\" \/>\n<meta property=\"article:published_time\" content=\"2026-01-30T04:00:00+00:00\" \/>\n<meta property=\"og:image\" content=\"https:\/\/sergiolapegue.com\/site\/wp-content\/uploads\/2026\/01\/Un-enfermo-imaginario.jpg\" \/>\n\t<meta property=\"og:image:width\" content=\"1000\" \/>\n\t<meta property=\"og:image:height\" content=\"1768\" \/>\n\t<meta property=\"og:image:type\" content=\"image\/jpeg\" \/>\n<meta name=\"author\" content=\"Daniel E. Monta\u00f1a\" \/>\n<meta name=\"twitter:card\" content=\"summary_large_image\" \/>\n<meta name=\"twitter:creator\" content=\"@https:\/\/twitter.com\/daner_004\" \/>\n<meta name=\"twitter:site\" content=\"@sergiolapegue\" \/>\n<meta name=\"twitter:label1\" content=\"Escrito por\" \/>\n\t<meta name=\"twitter:data1\" content=\"Daniel E. Monta\u00f1a\" \/>\n\t<meta name=\"twitter:label2\" content=\"Tiempo de lectura\" \/>\n\t<meta name=\"twitter:data2\" content=\"4 minutos\" \/>\n<script type=\"application\/ld+json\" class=\"yoast-schema-graph\">{\"@context\":\"https:\\\/\\\/schema.org\",\"@graph\":[{\"@type\":\"Article\",\"@id\":\"https:\\\/\\\/sergiolapegue.com\\\/site\\\/2026\\\/01\\\/30\\\/un-enfermo-imaginario\\\/#article\",\"isPartOf\":{\"@id\":\"https:\\\/\\\/sergiolapegue.com\\\/site\\\/2026\\\/01\\\/30\\\/un-enfermo-imaginario\\\/\"},\"author\":{\"name\":\"Daniel E. Monta\u00f1a\",\"@id\":\"https:\\\/\\\/sergiolapegue.com\\\/site\\\/#\\\/schema\\\/person\\\/9198e7dbab43c6d74d0fd5399af7c3cd\"},\"headline\":\"\u201cUN ENFERMO IMAGINARIO\u201d\",\"datePublished\":\"2026-01-30T04:00:00+00:00\",\"mainEntityOfPage\":{\"@id\":\"https:\\\/\\\/sergiolapegue.com\\\/site\\\/2026\\\/01\\\/30\\\/un-enfermo-imaginario\\\/\"},\"wordCount\":644,\"commentCount\":0,\"publisher\":{\"@id\":\"https:\\\/\\\/sergiolapegue.com\\\/site\\\/#\\\/schema\\\/person\\\/083aeceeb0734cd166779ea6c0551a37\"},\"image\":{\"@id\":\"https:\\\/\\\/sergiolapegue.com\\\/site\\\/2026\\\/01\\\/30\\\/un-enfermo-imaginario\\\/#primaryimage\"},\"thumbnailUrl\":\"https:\\\/\\\/sergiolapegue.com\\\/site\\\/wp-content\\\/uploads\\\/2026\\\/01\\\/Un-enfermo-imaginario.jpg\",\"articleSection\":[\"Arte\",\"Teatro\"],\"inLanguage\":\"es-AR\",\"potentialAction\":[{\"@type\":\"CommentAction\",\"name\":\"Comment\",\"target\":[\"https:\\\/\\\/sergiolapegue.com\\\/site\\\/2026\\\/01\\\/30\\\/un-enfermo-imaginario\\\/#respond\"]}]},{\"@type\":\"WebPage\",\"@id\":\"https:\\\/\\\/sergiolapegue.com\\\/site\\\/2026\\\/01\\\/30\\\/un-enfermo-imaginario\\\/\",\"url\":\"https:\\\/\\\/sergiolapegue.com\\\/site\\\/2026\\\/01\\\/30\\\/un-enfermo-imaginario\\\/\",\"name\":\"\u201cUN ENFERMO IMAGINARIO\u201d - Sergio Lapegue\",\"isPartOf\":{\"@id\":\"https:\\\/\\\/sergiolapegue.com\\\/site\\\/#website\"},\"primaryImageOfPage\":{\"@id\":\"https:\\\/\\\/sergiolapegue.com\\\/site\\\/2026\\\/01\\\/30\\\/un-enfermo-imaginario\\\/#primaryimage\"},\"image\":{\"@id\":\"https:\\\/\\\/sergiolapegue.com\\\/site\\\/2026\\\/01\\\/30\\\/un-enfermo-imaginario\\\/#primaryimage\"},\"thumbnailUrl\":\"https:\\\/\\\/sergiolapegue.com\\\/site\\\/wp-content\\\/uploads\\\/2026\\\/01\\\/Un-enfermo-imaginario.jpg\",\"datePublished\":\"2026-01-30T04:00:00+00:00\",\"breadcrumb\":{\"@id\":\"https:\\\/\\\/sergiolapegue.com\\\/site\\\/2026\\\/01\\\/30\\\/un-enfermo-imaginario\\\/#breadcrumb\"},\"inLanguage\":\"es-AR\",\"potentialAction\":[{\"@type\":\"ReadAction\",\"target\":[\"https:\\\/\\\/sergiolapegue.com\\\/site\\\/2026\\\/01\\\/30\\\/un-enfermo-imaginario\\\/\"]}]},{\"@type\":\"ImageObject\",\"inLanguage\":\"es-AR\",\"@id\":\"https:\\\/\\\/sergiolapegue.com\\\/site\\\/2026\\\/01\\\/30\\\/un-enfermo-imaginario\\\/#primaryimage\",\"url\":\"https:\\\/\\\/sergiolapegue.com\\\/site\\\/wp-content\\\/uploads\\\/2026\\\/01\\\/Un-enfermo-imaginario.jpg\",\"contentUrl\":\"https:\\\/\\\/sergiolapegue.com\\\/site\\\/wp-content\\\/uploads\\\/2026\\\/01\\\/Un-enfermo-imaginario.jpg\",\"width\":1000,\"height\":1768},{\"@type\":\"BreadcrumbList\",\"@id\":\"https:\\\/\\\/sergiolapegue.com\\\/site\\\/2026\\\/01\\\/30\\\/un-enfermo-imaginario\\\/#breadcrumb\",\"itemListElement\":[{\"@type\":\"ListItem\",\"position\":1,\"name\":\"Inicio\",\"item\":\"https:\\\/\\\/sergiolapegue.com\\\/site\\\/\"},{\"@type\":\"ListItem\",\"position\":2,\"name\":\"\u201cUN ENFERMO IMAGINARIO\u201d\"}]},{\"@type\":\"WebSite\",\"@id\":\"https:\\\/\\\/sergiolapegue.com\\\/site\\\/#website\",\"url\":\"https:\\\/\\\/sergiolapegue.com\\\/site\\\/\",\"name\":\"Sergio Lapegue\",\"description\":\"Periodista\",\"publisher\":{\"@id\":\"https:\\\/\\\/sergiolapegue.com\\\/site\\\/#\\\/schema\\\/person\\\/083aeceeb0734cd166779ea6c0551a37\"},\"potentialAction\":[{\"@type\":\"SearchAction\",\"target\":{\"@type\":\"EntryPoint\",\"urlTemplate\":\"https:\\\/\\\/sergiolapegue.com\\\/site\\\/?s={search_term_string}\"},\"query-input\":{\"@type\":\"PropertyValueSpecification\",\"valueRequired\":true,\"valueName\":\"search_term_string\"}}],\"inLanguage\":\"es-AR\"},{\"@type\":[\"Person\",\"Organization\"],\"@id\":\"https:\\\/\\\/sergiolapegue.com\\\/site\\\/#\\\/schema\\\/person\\\/083aeceeb0734cd166779ea6c0551a37\",\"name\":\"Sergio Lapegue\",\"image\":{\"@type\":\"ImageObject\",\"inLanguage\":\"es-AR\",\"@id\":\"https:\\\/\\\/sergiolapegue.com\\\/site\\\/wp-content\\\/uploads\\\/2021\\\/04\\\/logo_header-1.png\",\"url\":\"https:\\\/\\\/sergiolapegue.com\\\/site\\\/wp-content\\\/uploads\\\/2021\\\/04\\\/logo_header-1.png\",\"contentUrl\":\"https:\\\/\\\/sergiolapegue.com\\\/site\\\/wp-content\\\/uploads\\\/2021\\\/04\\\/logo_header-1.png\",\"width\":272,\"height\":90,\"caption\":\"Sergio Lapegue\"},\"logo\":{\"@id\":\"https:\\\/\\\/sergiolapegue.com\\\/site\\\/wp-content\\\/uploads\\\/2021\\\/04\\\/logo_header-1.png\"},\"sameAs\":[\"https:\\\/\\\/facebook.com\\\/sergiolapegue\",\"https:\\\/\\\/instagram.com\\\/sergiolapegue\",\"https:\\\/\\\/x.com\\\/https:\\\/\\\/twitter.com\\\/sergiolapegue\"]},{\"@type\":\"Person\",\"@id\":\"https:\\\/\\\/sergiolapegue.com\\\/site\\\/#\\\/schema\\\/person\\\/9198e7dbab43c6d74d0fd5399af7c3cd\",\"name\":\"Daniel E. Monta\u00f1a\",\"image\":{\"@type\":\"ImageObject\",\"inLanguage\":\"es-AR\",\"@id\":\"https:\\\/\\\/sergiolapegue.com\\\/site\\\/wp-content\\\/uploads\\\/2021\\\/04\\\/sl_avatar_Daniel-150x150.jpg\",\"url\":\"https:\\\/\\\/sergiolapegue.com\\\/site\\\/wp-content\\\/uploads\\\/2021\\\/04\\\/sl_avatar_Daniel-150x150.jpg\",\"contentUrl\":\"https:\\\/\\\/sergiolapegue.com\\\/site\\\/wp-content\\\/uploads\\\/2021\\\/04\\\/sl_avatar_Daniel-150x150.jpg\",\"caption\":\"Daniel E. Monta\u00f1a\"},\"sameAs\":[\"https:\\\/\\\/facebook.com\\\/danielernesto.montana\",\"https:\\\/\\\/instagram.com\\\/daniel_montana1961\",\"https:\\\/\\\/x.com\\\/https:\\\/\\\/twitter.com\\\/daner_004\"],\"url\":\"https:\\\/\\\/sergiolapegue.com\\\/site\\\/author\\\/daniel\\\/\"}]}<\/script>\n<!-- \/ Yoast SEO plugin. -->","yoast_head_json":{"title":"\u201cUN ENFERMO IMAGINARIO\u201d - Sergio Lapegue","robots":{"index":"index","follow":"follow","max-snippet":"max-snippet:-1","max-image-preview":"max-image-preview:large","max-video-preview":"max-video-preview:-1"},"canonical":"https:\/\/sergiolapegue.com\/site\/2026\/01\/30\/un-enfermo-imaginario\/","og_locale":"es_ES","og_type":"article","og_title":"\u201cUN ENFERMO IMAGINARIO\u201d - Sergio Lapegue","og_description":"Llega la cuarta temporada de un cl\u00e1sico de Moli\u00e8re al Museo Larreta, \u201cUn enfermo imaginario\u201d, con direcci\u00f3n de Klau Anghilante y las actuaciones de Lean Fern\u00e1ndez, Luciana Guacci, Omar Guzm\u00e1n Torrez, Jos\u00e9 Larralde, Facundo Narvaez Mancinelli, Misha Segurado, Analia Sirica y Diego Verni. Las funciones ser\u00e1n los d\u00edas lunes a las 19:30 horas a partir [&hellip;]","og_url":"https:\/\/sergiolapegue.com\/site\/2026\/01\/30\/un-enfermo-imaginario\/","og_site_name":"Sergio Lapegue","article_publisher":"https:\/\/facebook.com\/sergiolapegue","article_author":"https:\/\/facebook.com\/danielernesto.montana","article_published_time":"2026-01-30T04:00:00+00:00","og_image":[{"width":1000,"height":1768,"url":"https:\/\/sergiolapegue.com\/site\/wp-content\/uploads\/2026\/01\/Un-enfermo-imaginario.jpg","type":"image\/jpeg"}],"author":"Daniel E. Monta\u00f1a","twitter_card":"summary_large_image","twitter_creator":"@https:\/\/twitter.com\/daner_004","twitter_site":"@sergiolapegue","twitter_misc":{"Escrito por":"Daniel E. Monta\u00f1a","Tiempo de lectura":"4 minutos"},"schema":{"@context":"https:\/\/schema.org","@graph":[{"@type":"Article","@id":"https:\/\/sergiolapegue.com\/site\/2026\/01\/30\/un-enfermo-imaginario\/#article","isPartOf":{"@id":"https:\/\/sergiolapegue.com\/site\/2026\/01\/30\/un-enfermo-imaginario\/"},"author":{"name":"Daniel E. Monta\u00f1a","@id":"https:\/\/sergiolapegue.com\/site\/#\/schema\/person\/9198e7dbab43c6d74d0fd5399af7c3cd"},"headline":"\u201cUN ENFERMO IMAGINARIO\u201d","datePublished":"2026-01-30T04:00:00+00:00","mainEntityOfPage":{"@id":"https:\/\/sergiolapegue.com\/site\/2026\/01\/30\/un-enfermo-imaginario\/"},"wordCount":644,"commentCount":0,"publisher":{"@id":"https:\/\/sergiolapegue.com\/site\/#\/schema\/person\/083aeceeb0734cd166779ea6c0551a37"},"image":{"@id":"https:\/\/sergiolapegue.com\/site\/2026\/01\/30\/un-enfermo-imaginario\/#primaryimage"},"thumbnailUrl":"https:\/\/sergiolapegue.com\/site\/wp-content\/uploads\/2026\/01\/Un-enfermo-imaginario.jpg","articleSection":["Arte","Teatro"],"inLanguage":"es-AR","potentialAction":[{"@type":"CommentAction","name":"Comment","target":["https:\/\/sergiolapegue.com\/site\/2026\/01\/30\/un-enfermo-imaginario\/#respond"]}]},{"@type":"WebPage","@id":"https:\/\/sergiolapegue.com\/site\/2026\/01\/30\/un-enfermo-imaginario\/","url":"https:\/\/sergiolapegue.com\/site\/2026\/01\/30\/un-enfermo-imaginario\/","name":"\u201cUN ENFERMO IMAGINARIO\u201d - Sergio Lapegue","isPartOf":{"@id":"https:\/\/sergiolapegue.com\/site\/#website"},"primaryImageOfPage":{"@id":"https:\/\/sergiolapegue.com\/site\/2026\/01\/30\/un-enfermo-imaginario\/#primaryimage"},"image":{"@id":"https:\/\/sergiolapegue.com\/site\/2026\/01\/30\/un-enfermo-imaginario\/#primaryimage"},"thumbnailUrl":"https:\/\/sergiolapegue.com\/site\/wp-content\/uploads\/2026\/01\/Un-enfermo-imaginario.jpg","datePublished":"2026-01-30T04:00:00+00:00","breadcrumb":{"@id":"https:\/\/sergiolapegue.com\/site\/2026\/01\/30\/un-enfermo-imaginario\/#breadcrumb"},"inLanguage":"es-AR","potentialAction":[{"@type":"ReadAction","target":["https:\/\/sergiolapegue.com\/site\/2026\/01\/30\/un-enfermo-imaginario\/"]}]},{"@type":"ImageObject","inLanguage":"es-AR","@id":"https:\/\/sergiolapegue.com\/site\/2026\/01\/30\/un-enfermo-imaginario\/#primaryimage","url":"https:\/\/sergiolapegue.com\/site\/wp-content\/uploads\/2026\/01\/Un-enfermo-imaginario.jpg","contentUrl":"https:\/\/sergiolapegue.com\/site\/wp-content\/uploads\/2026\/01\/Un-enfermo-imaginario.jpg","width":1000,"height":1768},{"@type":"BreadcrumbList","@id":"https:\/\/sergiolapegue.com\/site\/2026\/01\/30\/un-enfermo-imaginario\/#breadcrumb","itemListElement":[{"@type":"ListItem","position":1,"name":"Inicio","item":"https:\/\/sergiolapegue.com\/site\/"},{"@type":"ListItem","position":2,"name":"\u201cUN ENFERMO IMAGINARIO\u201d"}]},{"@type":"WebSite","@id":"https:\/\/sergiolapegue.com\/site\/#website","url":"https:\/\/sergiolapegue.com\/site\/","name":"Sergio Lapegue","description":"Periodista","publisher":{"@id":"https:\/\/sergiolapegue.com\/site\/#\/schema\/person\/083aeceeb0734cd166779ea6c0551a37"},"potentialAction":[{"@type":"SearchAction","target":{"@type":"EntryPoint","urlTemplate":"https:\/\/sergiolapegue.com\/site\/?s={search_term_string}"},"query-input":{"@type":"PropertyValueSpecification","valueRequired":true,"valueName":"search_term_string"}}],"inLanguage":"es-AR"},{"@type":["Person","Organization"],"@id":"https:\/\/sergiolapegue.com\/site\/#\/schema\/person\/083aeceeb0734cd166779ea6c0551a37","name":"Sergio Lapegue","image":{"@type":"ImageObject","inLanguage":"es-AR","@id":"https:\/\/sergiolapegue.com\/site\/wp-content\/uploads\/2021\/04\/logo_header-1.png","url":"https:\/\/sergiolapegue.com\/site\/wp-content\/uploads\/2021\/04\/logo_header-1.png","contentUrl":"https:\/\/sergiolapegue.com\/site\/wp-content\/uploads\/2021\/04\/logo_header-1.png","width":272,"height":90,"caption":"Sergio Lapegue"},"logo":{"@id":"https:\/\/sergiolapegue.com\/site\/wp-content\/uploads\/2021\/04\/logo_header-1.png"},"sameAs":["https:\/\/facebook.com\/sergiolapegue","https:\/\/instagram.com\/sergiolapegue","https:\/\/x.com\/https:\/\/twitter.com\/sergiolapegue"]},{"@type":"Person","@id":"https:\/\/sergiolapegue.com\/site\/#\/schema\/person\/9198e7dbab43c6d74d0fd5399af7c3cd","name":"Daniel E. Monta\u00f1a","image":{"@type":"ImageObject","inLanguage":"es-AR","@id":"https:\/\/sergiolapegue.com\/site\/wp-content\/uploads\/2021\/04\/sl_avatar_Daniel-150x150.jpg","url":"https:\/\/sergiolapegue.com\/site\/wp-content\/uploads\/2021\/04\/sl_avatar_Daniel-150x150.jpg","contentUrl":"https:\/\/sergiolapegue.com\/site\/wp-content\/uploads\/2021\/04\/sl_avatar_Daniel-150x150.jpg","caption":"Daniel E. Monta\u00f1a"},"sameAs":["https:\/\/facebook.com\/danielernesto.montana","https:\/\/instagram.com\/daniel_montana1961","https:\/\/x.com\/https:\/\/twitter.com\/daner_004"],"url":"https:\/\/sergiolapegue.com\/site\/author\/daniel\/"}]}},"_links":{"self":[{"href":"https:\/\/sergiolapegue.com\/site\/wp-json\/wp\/v2\/posts\/28019","targetHints":{"allow":["GET"]}}],"collection":[{"href":"https:\/\/sergiolapegue.com\/site\/wp-json\/wp\/v2\/posts"}],"about":[{"href":"https:\/\/sergiolapegue.com\/site\/wp-json\/wp\/v2\/types\/post"}],"author":[{"embeddable":true,"href":"https:\/\/sergiolapegue.com\/site\/wp-json\/wp\/v2\/users\/3"}],"replies":[{"embeddable":true,"href":"https:\/\/sergiolapegue.com\/site\/wp-json\/wp\/v2\/comments?post=28019"}],"version-history":[{"count":1,"href":"https:\/\/sergiolapegue.com\/site\/wp-json\/wp\/v2\/posts\/28019\/revisions"}],"predecessor-version":[{"id":28025,"href":"https:\/\/sergiolapegue.com\/site\/wp-json\/wp\/v2\/posts\/28019\/revisions\/28025"}],"wp:featuredmedia":[{"embeddable":true,"href":"https:\/\/sergiolapegue.com\/site\/wp-json\/wp\/v2\/media\/28024"}],"wp:attachment":[{"href":"https:\/\/sergiolapegue.com\/site\/wp-json\/wp\/v2\/media?parent=28019"}],"wp:term":[{"taxonomy":"category","embeddable":true,"href":"https:\/\/sergiolapegue.com\/site\/wp-json\/wp\/v2\/categories?post=28019"},{"taxonomy":"post_tag","embeddable":true,"href":"https:\/\/sergiolapegue.com\/site\/wp-json\/wp\/v2\/tags?post=28019"}],"curies":[{"name":"wp","href":"https:\/\/api.w.org\/{rel}","templated":true}]}}