{"id":27975,"date":"2026-01-25T13:00:00","date_gmt":"2026-01-25T16:00:00","guid":{"rendered":"https:\/\/sergiolapegue.com\/site\/?p=27975"},"modified":"2026-01-25T02:58:58","modified_gmt":"2026-01-25T05:58:58","slug":"manu-fanego-regresa-al-teatro-picadero-con-le-frigo","status":"publish","type":"post","link":"https:\/\/sergiolapegue.com\/site\/2026\/01\/25\/manu-fanego-regresa-al-teatro-picadero-con-le-frigo\/","title":{"rendered":"MANU FANEGO REGRESA AL TEATRO PICADERO CON \u201cLE FRIG\u00d3\u201d"},"content":{"rendered":"\n<p>Luego de una primera temporada a sala llena en 2025,&nbsp;&#8220;Le frig\u00f3&#8221; de Copi vuelve a pedido del p\u00fablico con una segunda temporada a partir del jueves 5 de febrero de 2026.&nbsp;Manu Fanego&nbsp;hace un unipersonal al l\u00edmite bajo la&nbsp;direcci\u00f3n general de Tatiana Santana, y producci\u00f3n integral de Alg\u00e1n Producci\u00f3n Esc\u00e9nica.<\/p>\n\n\n\n<p>En&nbsp;&#8220;Le Frig\u00f3&#8221;, Madame L se retir\u00f3\u0301 de la moda y est\u00e1 escribiendo sus memorias. El d\u00eda de su cumplea\u00f1os 50, la sorprende una heladera en el medio del living de su casa; fue su madre quien la envi\u00f3\u0301 como regalo. A partir de ese momento, inicia un viaje disparatado junto a los personajes de su vida: su amante, su editor, su chofer, un detective, su psiquiatra, su madre, su mucama. Cuando todo parece perdido y ya no encuentra raz\u00f3n de vivir, conoce a un amor especial que la acompa\u00f1ar\u00e1\u0301 en el final de su viaje.<\/p>\n\n\n\n<p>El&nbsp;desborde y la sensibilidad de la pluma de Copi, vuelven a la escena porte\u00f1a de la mano de Tatiana Santana (que ya dirigi\u00f3 a este mismo autor en un recordado &#8220;Cachafaz&#8221;) y de Manu Fanego, que deslumbra esc\u00e9nicamente interpretando 10 personajes.&nbsp;Junto a un gran equipo art\u00edstico, crean una obra intensa, delirante y conmovedora que aborda la identidad, la soledad y la resiliencia desde un lugar \u00fanico y vibrante.<\/p>\n\n\n\n<p>La obra \u201cLe Frig\u00f3\u201d de Copi es presentada en Argentina a trav\u00e9s de la Agencia Literaria F&amp;F (Buenos Aires).<\/p>\n\n\n\n<p>&#8220;Le Frig\u00f3&#8221;&nbsp;se presenta desde el&nbsp;jueves 5 de febrero, con funciones los jueves de febrero y marzo a las 22:00 horas&nbsp;en el&nbsp;Teatro Picadero.<\/p>\n\n\n\n<figure class=\"wp-block-image size-full\"><img loading=\"lazy\" decoding=\"async\" width=\"1000\" height=\"651\" src=\"https:\/\/sergiolapegue.com\/site\/wp-content\/uploads\/2026\/01\/Le-frigo-1.jpg\" alt=\"\" class=\"wp-image-27976\" srcset=\"https:\/\/sergiolapegue.com\/site\/wp-content\/uploads\/2026\/01\/Le-frigo-1.jpg 1000w, https:\/\/sergiolapegue.com\/site\/wp-content\/uploads\/2026\/01\/Le-frigo-1-300x195.jpg 300w, https:\/\/sergiolapegue.com\/site\/wp-content\/uploads\/2026\/01\/Le-frigo-1-768x500.jpg 768w, https:\/\/sergiolapegue.com\/site\/wp-content\/uploads\/2026\/01\/Le-frigo-1-645x420.jpg 645w, https:\/\/sergiolapegue.com\/site\/wp-content\/uploads\/2026\/01\/Le-frigo-1-696x453.jpg 696w\" sizes=\"auto, (max-width: 1000px) 100vw, 1000px\" \/><\/figure>\n\n\n\n<p><strong>FICHA T\u00c9CNICO ART\u00cdSTICA<\/strong><\/p>\n\n\n\n<p><strong>Libro:<\/strong>&nbsp;Copi<\/p>\n\n\n\n<p><strong>Traducci\u00f3n:<\/strong>&nbsp;Guadalupe Marando&nbsp;<\/p>\n\n\n\n<p><strong>Act\u00faa:<\/strong>&nbsp;Manu Fanego<\/p>\n\n\n\n<p><strong>M\u00fasica original:<\/strong>&nbsp;Rony Keselman&nbsp;<\/p>\n\n\n\n<p><strong>Coreograf\u00eda:<\/strong>&nbsp;Valeria Narv\u00e1ez<\/p>\n\n\n\n<p><strong>Dise\u00f1o de vestuario:&nbsp;<\/strong>Uriel Cistaro<\/p>\n\n\n\n<p><strong>Dise\u00f1o de maquillaje:<\/strong>&nbsp;Adam Efron<\/p>\n\n\n\n<p><strong>Dise\u00f1o de iluminaci\u00f3n:<\/strong>&nbsp;Magdalena Berretta Miguez&nbsp;<\/p>\n\n\n\n<p><strong>Dise\u00f1o y realizaci\u00f3n de escenograf\u00eda:<\/strong>&nbsp;Ro Lamas&nbsp;<\/p>\n\n\n\n<p><strong>Dise\u00f1o y realizaci\u00f3n de t\u00edteres:<\/strong>&nbsp;Gerardo Pori\u00f3n<\/p>\n\n\n\n<p><strong>Realizaci\u00f3n de vestuario:<\/strong>&nbsp;Patricia Mizraji,&nbsp;Titi Su\u00e1rez, Luisa Vega&nbsp;<\/p>\n\n\n\n<p><strong>Realizaci\u00f3n de postizos:<\/strong>&nbsp;M\u00f3nica Gutierrez<\/p>\n\n\n\n<p><strong>Realizaci\u00f3n de guantes:&nbsp;<\/strong>Barroqua<\/p>\n\n\n\n<p><strong>Realizaci\u00f3n de escenograf\u00eda:&nbsp;<\/strong>Clara Garayoa<\/p>\n\n\n\n<p><strong>Comunicaci\u00f3n digital: &nbsp;<\/strong>TUCO Audiovisual,&nbsp;Laura Manfredi&nbsp;<\/p>\n\n\n\n<p><strong>Dise\u00f1o gr\u00e1fico:<\/strong>&nbsp;Nacho Albani&nbsp;<\/p>\n\n\n\n<p><strong>Fotograf\u00eda:<\/strong>&nbsp;ATOMOBIT<\/p>\n\n\n\n<p><strong>Prensa:<\/strong>&nbsp;Prens\u00f3polis &#8211; Alejandra Pia Nicolosi&nbsp;<\/p>\n\n\n\n<p><strong>Asistencia de producci\u00f3n:<\/strong>&nbsp;Mar\u00eda Eva Moreno<\/p>\n\n\n\n<p><strong>Asistencia de direcci\u00f3n: <\/strong>Marianela Dollera Albarrac\u00edn<strong><\/strong><\/p>\n\n\n\n<p><strong>Producci\u00f3n ejecutiva<\/strong>: Marianela Dollera Albarrac\u00edn<\/p>\n\n\n\n<p><strong>Producci\u00f3n general:<\/strong>&nbsp;Ra\u00fal S. Alg\u00e1n<\/p>\n\n\n\n<p><strong>Direcci\u00f3n general:<\/strong>&nbsp;Tatiana Santana&nbsp;<\/p>\n\n\n\n<p><strong>Instagram:<\/strong> @lefrigo.copi<\/p>\n\n\n\n<p><strong>Clasificaci\u00f3n:<\/strong>&nbsp;+ 13 a\u00f1os.&nbsp;Contiene lenguaje soez y referencias a estupefacientes.<\/p>\n\n\n\n<p><strong>Duraci\u00f3n:<\/strong>&nbsp;60 minutos<\/p>\n\n\n\n<p><strong>Categor\u00eda:<\/strong> Teatro \u2013 Comedia dram\u00e1tica<\/p>\n\n\n\n<figure class=\"wp-block-image size-full\"><img loading=\"lazy\" decoding=\"async\" width=\"1000\" height=\"710\" src=\"https:\/\/sergiolapegue.com\/site\/wp-content\/uploads\/2026\/01\/Le-frigo-2.jpg\" alt=\"\" class=\"wp-image-27977\" srcset=\"https:\/\/sergiolapegue.com\/site\/wp-content\/uploads\/2026\/01\/Le-frigo-2.jpg 1000w, https:\/\/sergiolapegue.com\/site\/wp-content\/uploads\/2026\/01\/Le-frigo-2-300x213.jpg 300w, https:\/\/sergiolapegue.com\/site\/wp-content\/uploads\/2026\/01\/Le-frigo-2-768x545.jpg 768w, https:\/\/sergiolapegue.com\/site\/wp-content\/uploads\/2026\/01\/Le-frigo-2-592x420.jpg 592w, https:\/\/sergiolapegue.com\/site\/wp-content\/uploads\/2026\/01\/Le-frigo-2-696x494.jpg 696w\" sizes=\"auto, (max-width: 1000px) 100vw, 1000px\" \/><\/figure>\n\n\n\n<p><strong>TEATRO PICADERO<\/strong><\/p>\n\n\n\n<p>Pasaje Enrique Santos Disc\u00e9polo 1857 \u2013 Capital Federal \u2013 Buenos Aires \u2013 Argentina<\/p>\n\n\n\n<p>Tel\u00e9fono: 5199-5793<\/p>\n\n\n\n<p>Entradas: $ 35.000 \u2013 en boleter\u00eda del teatro o por Plateanet \u2013 Link directo:<\/p>\n\n\n\n<p><a href=\"https:\/\/www.plateanet.com\/obra\/32449?obra=LE%20FRIGO%20DE%20COPI&amp;paso=inicio&amp;fbclid=PAZXh0bgNhZW0CMTEAc3J0YwZhcHBfaWQMMjU2MjgxMDQwNTU4AAGn3CN1Cf1IWbJ4TD8O_77hB8y-aqEvr5zPkjU7nqpg6Qh6Mb7xHcLmo_FUtQg_aem_dlM0FiWXNmKwuszFJT36Mw&amp;utm_source=ig&amp;utm_medium=social&amp;utm_content=link_in_bio\">LE FRIGO DE COPI &#8211; Plateanet<\/a><\/p>\n\n\n\n<p>Funciones: Jueves 22:00 horas \u2013 Del 05\/02\/2026 al 26\/03\/2026<\/p>\n\n\n\n<p>Gracias Alejandra P\u00eda Nicolosi de Prens\u00f3polis Comunicaci\u00f3n y Prensa por enviarnos la gacetilla de prensa del reestreno de este maravilloso espect\u00e1culo.<\/p>\n\n\n\n<figure class=\"wp-block-image size-full is-resized\"><img loading=\"lazy\" decoding=\"async\" width=\"1000\" height=\"960\" src=\"https:\/\/sergiolapegue.com\/site\/wp-content\/uploads\/2026\/01\/Le-Frigo-Manu-Fanego.jpg\" alt=\"\" class=\"wp-image-27978\" style=\"aspect-ratio:1.0416968733191458;width:305px;height:auto\" srcset=\"https:\/\/sergiolapegue.com\/site\/wp-content\/uploads\/2026\/01\/Le-Frigo-Manu-Fanego.jpg 1000w, https:\/\/sergiolapegue.com\/site\/wp-content\/uploads\/2026\/01\/Le-Frigo-Manu-Fanego-300x288.jpg 300w, https:\/\/sergiolapegue.com\/site\/wp-content\/uploads\/2026\/01\/Le-Frigo-Manu-Fanego-768x737.jpg 768w, https:\/\/sergiolapegue.com\/site\/wp-content\/uploads\/2026\/01\/Le-Frigo-Manu-Fanego-438x420.jpg 438w, https:\/\/sergiolapegue.com\/site\/wp-content\/uploads\/2026\/01\/Le-Frigo-Manu-Fanego-696x668.jpg 696w\" sizes=\"auto, (max-width: 1000px) 100vw, 1000px\" \/><\/figure>\n\n\n\n<p><strong>SOBRE MANU FANEGO &#8211; ACTOR<\/strong><\/p>\n\n\n\n<p>Actor, m\u00fasico y performer no binario,&nbsp;tiene 44 a\u00f1os. Se form\u00f3 en&nbsp;actuaci\u00f3n con referentes&nbsp;como Guillermo Angelelli, Pompeyo Audivert, Susana Pamp\u00edn, entre otros. Estudi\u00f3&nbsp;piano y canto, y toca en forma autodidacta el acorde\u00f3n y bajo.&nbsp;<\/p>\n\n\n\n<p>Debut\u00f3 en teatro en 2008 y&nbsp;fund\u00f3 en 2010&nbsp;la compa\u00f1\u00eda&nbsp;Bla Bla &amp; Cia, con la que trabaja como actor, m\u00fasico y autor en&nbsp;m\u00faltiples y multipremiados espect\u00e1culos, entre ellos, &#8220;Modelo vivo muerto&#8221; (ganador de Mart\u00edn Fierro de Teatro 2025 y Premio Mar\u00eda Guerrero 2023) y &#8220;Puro Bla Bla&#8221; (ganador del Premio Estrella de Mar 2015). Tambi\u00e9n produce y protagoniza el proyecto teatral-musical &#8220;Mika De Frankfurt&#8221; y actu\u00f3 en &#8220;Saraos Uranistas&#8221;; protagoniz\u00f3 &#8220;Princesa del futuro&#8221;, y actu\u00f3 en &#8220;El refugio de los invisibles&#8221; y &#8220;Preciado, hacer candidata&#8221;.<\/p>\n\n\n\n<p>Por otra parte, particip\u00f3 en&nbsp;pel\u00edculas&nbsp;como &#8220;Verano Trippin&#8221;, &#8220;Granizo&#8221; y &#8220;Planta Madre&#8221;, y en series como &#8220;El amor despu\u00e9s del amor&#8221;, &#8220;Santa Evita&#8221;, &#8220;El jard\u00edn de bronce&#8221;, y &#8220;Cris Mir\u00f3 (ella)&#8221;. Fue&nbsp;tecladista&nbsp;de&nbsp;The Keruza&nbsp;(1998-2008), con giras internacionales, y desde 2006 integra&nbsp;Alegr\u00edas de a Peso.<\/p>\n\n\n\n<figure class=\"wp-block-image size-full is-resized\"><img loading=\"lazy\" decoding=\"async\" width=\"1000\" height=\"862\" src=\"https:\/\/sergiolapegue.com\/site\/wp-content\/uploads\/2026\/01\/Le-Frigo-Tatiana-Santana.jpg\" alt=\"\" class=\"wp-image-27979\" style=\"aspect-ratio:1.1601208459214503;width:302px;height:auto\" srcset=\"https:\/\/sergiolapegue.com\/site\/wp-content\/uploads\/2026\/01\/Le-Frigo-Tatiana-Santana.jpg 1000w, https:\/\/sergiolapegue.com\/site\/wp-content\/uploads\/2026\/01\/Le-Frigo-Tatiana-Santana-300x259.jpg 300w, https:\/\/sergiolapegue.com\/site\/wp-content\/uploads\/2026\/01\/Le-Frigo-Tatiana-Santana-768x662.jpg 768w, https:\/\/sergiolapegue.com\/site\/wp-content\/uploads\/2026\/01\/Le-Frigo-Tatiana-Santana-487x420.jpg 487w, https:\/\/sergiolapegue.com\/site\/wp-content\/uploads\/2026\/01\/Le-Frigo-Tatiana-Santana-696x600.jpg 696w\" sizes=\"auto, (max-width: 1000px) 100vw, 1000px\" \/><\/figure>\n\n\n\n<p><strong>SOBRE TATIANA SANTANA &#8211; DIRECTORA<\/strong><\/p>\n\n\n\n<p>Es&nbsp;actriz, directora, productora y docente. Comenz\u00f3\u0301 su&nbsp;formaci\u00f3n actoral en 1992&nbsp;con Ana Mar\u00eda Campoy y se perfeccion\u00f3 en Andamio 90 y Timbre 4, adem\u00e1s de asistir a seminarios con Gen\u00e9, Bart\u00eds y Banegas.&nbsp;<\/p>\n\n\n\n<p>Es egresada de Direcci\u00f3n y Puesta en Escena (EMAD), donde fue&nbsp;becada&nbsp;por su excelencia acad\u00e9mica, y actualmente cursa Direcci\u00f3n Esc\u00e9nica de \u00d3pera en el ISATC (Teatro Col\u00f3n). Como docente, se desarroll\u00f3\u0301 en EMAD, Fundaci\u00f3n Julio Bocca, UADE, UNNE, UNRAF, y ha dictado talleres nacionales e internacionales.<\/p>\n\n\n\n<p>Particip\u00f3 en&nbsp;m\u00faltiples y multipremiadas producciones teatrales como directora,&nbsp;como ser &#8220;Cachafaz&#8221; (tambi\u00e9n escrita por Copi), &#8220;Mar\u00eda, es Callas&#8221;, &#8220;La bestia rubia&#8221;, &#8220;La patria al hombro&#8221;, y &#8220;Un grito en la voz&#8221;. Sus obras y trayectoria han sido distinguidas con&nbsp;Premios Hugo, ACE, Mart\u00edn Fierro de Teatro, Luisa Vehil, Teatro del Mundo, Florencio S\u00e1nchez, Mundo T, Mar\u00eda Guerrero y Trinidad Guevara.<\/p>\n\n\n\n<figure class=\"wp-block-image size-large is-resized\"><img loading=\"lazy\" decoding=\"async\" width=\"768\" height=\"1024\" src=\"https:\/\/sergiolapegue.com\/site\/wp-content\/uploads\/2026\/01\/Le-Frigo-Rony-Keselman-768x1024.jpg\" alt=\"\" class=\"wp-image-27980\" style=\"width:319px;height:auto\" srcset=\"https:\/\/sergiolapegue.com\/site\/wp-content\/uploads\/2026\/01\/Le-Frigo-Rony-Keselman-768x1024.jpg 768w, https:\/\/sergiolapegue.com\/site\/wp-content\/uploads\/2026\/01\/Le-Frigo-Rony-Keselman-225x300.jpg 225w, https:\/\/sergiolapegue.com\/site\/wp-content\/uploads\/2026\/01\/Le-Frigo-Rony-Keselman-315x420.jpg 315w, https:\/\/sergiolapegue.com\/site\/wp-content\/uploads\/2026\/01\/Le-Frigo-Rony-Keselman-696x928.jpg 696w, https:\/\/sergiolapegue.com\/site\/wp-content\/uploads\/2026\/01\/Le-Frigo-Rony-Keselman.jpg 1000w\" sizes=\"auto, (max-width: 768px) 100vw, 768px\" \/><\/figure>\n\n\n\n<p><strong>SOBRE RONY KESELMAN<\/strong><\/p>\n\n\n\n<p>Es compositor y dise\u00f1ador sonoro. Naci\u00f3 en Bs. As. Argentina. Desde hace d\u00e9cadas, trabaja regularmente como m\u00fasico, compositor, arreglador, director y dise\u00f1ador sonoro en los teatros m\u00e1s importantes, tanto del sector oficial como del alternativo y comercial. Por su labor ha recibido varios premios, entre ellos, el ACE, Trinidad Guevara, Hugo al Musical, Teatro del Mundo y Argentores.<\/p>\n\n\n\n<figure class=\"wp-block-image size-large is-resized\"><img loading=\"lazy\" decoding=\"async\" width=\"820\" height=\"1024\" src=\"https:\/\/sergiolapegue.com\/site\/wp-content\/uploads\/2026\/01\/Le-Frigo-Valeria-Narvaez-820x1024.jpg\" alt=\"\" class=\"wp-image-27981\" style=\"aspect-ratio:0.8007910112359551;width:317px;height:auto\" srcset=\"https:\/\/sergiolapegue.com\/site\/wp-content\/uploads\/2026\/01\/Le-Frigo-Valeria-Narvaez-820x1024.jpg 820w, https:\/\/sergiolapegue.com\/site\/wp-content\/uploads\/2026\/01\/Le-Frigo-Valeria-Narvaez-240x300.jpg 240w, https:\/\/sergiolapegue.com\/site\/wp-content\/uploads\/2026\/01\/Le-Frigo-Valeria-Narvaez-768x959.jpg 768w, https:\/\/sergiolapegue.com\/site\/wp-content\/uploads\/2026\/01\/Le-Frigo-Valeria-Narvaez-336x420.jpg 336w, https:\/\/sergiolapegue.com\/site\/wp-content\/uploads\/2026\/01\/Le-Frigo-Valeria-Narvaez-696x869.jpg 696w, https:\/\/sergiolapegue.com\/site\/wp-content\/uploads\/2026\/01\/Le-Frigo-Valeria-Narvaez.jpg 1000w\" sizes=\"auto, (max-width: 820px) 100vw, 820px\" \/><\/figure>\n\n\n\n<p><strong>SOBRE VALERIA NARV\u00c1EZ<\/strong><\/p>\n\n\n\n<p>Es bailarina y core\u00f3grafa. Formada en la Escuela Nacional de Danzas y el Teatro Col\u00f3n de Buenos Aires. Desde 1995, trabaja en el montaje de coreograf\u00edas y movimiento para importantes producciones de teatro, danza, cine y televisi\u00f3n, tanto nacionales como internacionales. A lo largo de su extensa trayectoria fue distinguida por numerosos premios. Fue nominada a los premios Villafa\u00f1e (por \u201cMedia Luna y las Noches M\u00e1gicas\u201d por Canal Paka Paka), Premios ACE ( \u201cMe pone Alegre\u201d del grupo Bigolates de Chocote); Premio Trinidad Guevara y Premios ACE ( \u201cMar\u00eda Es Callas\u201d), Premios Hugo ( \u201cDisney 100\u201d, Teatro Col\u00f3n de Buenos Aires ), entre los m\u00e1s importantes.<\/p>\n\n\n\n<figure class=\"wp-block-image size-full is-resized\"><img loading=\"lazy\" decoding=\"async\" width=\"1000\" height=\"538\" src=\"https:\/\/sergiolapegue.com\/site\/wp-content\/uploads\/2026\/01\/Le-Frigo-Algan-Produccion-Escenica.jpg\" alt=\"\" class=\"wp-image-27982\" style=\"aspect-ratio:1.85878818227341;width:324px;height:auto\" srcset=\"https:\/\/sergiolapegue.com\/site\/wp-content\/uploads\/2026\/01\/Le-Frigo-Algan-Produccion-Escenica.jpg 1000w, https:\/\/sergiolapegue.com\/site\/wp-content\/uploads\/2026\/01\/Le-Frigo-Algan-Produccion-Escenica-300x161.jpg 300w, https:\/\/sergiolapegue.com\/site\/wp-content\/uploads\/2026\/01\/Le-Frigo-Algan-Produccion-Escenica-768x413.jpg 768w, https:\/\/sergiolapegue.com\/site\/wp-content\/uploads\/2026\/01\/Le-Frigo-Algan-Produccion-Escenica-781x420.jpg 781w, https:\/\/sergiolapegue.com\/site\/wp-content\/uploads\/2026\/01\/Le-Frigo-Algan-Produccion-Escenica-696x374.jpg 696w\" sizes=\"auto, (max-width: 1000px) 100vw, 1000px\" \/><\/figure>\n\n\n\n<p><strong>SOBRE ALG\u00c1N PRODUCCI\u00d3N ESC\u00c9NICA<\/strong><\/p>\n\n\n\n<p>Es una empresa que cuenta con m\u00e1s de una d\u00e9cada de experiencia desarrollando un enfoque en la calidad art\u00edstica, innovaci\u00f3n y diversidad. En este tiempo ha producido m\u00e1s de 40 espect\u00e1culos que abarcan comedias, dramas, musicales y danza. Adem\u00e1s de su enfoque creativo, la productora destaca por su labor en mercados internacionales clave como Espa\u00f1a, Panam\u00e1, Argentina y Uruguay.<\/p>\n\n\n\n<p>Entre sus \u00faltimos proyectos destacan: &#8220;Sandro, el gran show&#8221; con direcci\u00f3n de Julio Panno y Ana Sans, &#8220;Machita, do you bank it?&#8221; de Jess Abouchain y Roberto Peloni, \u201cAnastasia\u201d con direcci\u00f3n de Marcelo Rosa), \u201cAlicia\u201d con direcci\u00f3n de Julio Panno, \u201cEl show de la bronca\u201d con direcci\u00f3n de Alejandro Ibarra, y \u201cEl recurso de Amparo\u201d bajo direcci\u00f3n de Javier Daulte.<\/p>\n\n\n\n<p><\/p>\n","protected":false},"excerpt":{"rendered":"<p>Luego de una primera temporada a sala llena en 2025,&nbsp;&#8220;Le frig\u00f3&#8221; de Copi vuelve a pedido del p\u00fablico con una segunda temporada a partir del jueves 5 de febrero de 2026.&nbsp;Manu Fanego&nbsp;hace un unipersonal al l\u00edmite bajo la&nbsp;direcci\u00f3n general de Tatiana Santana, y producci\u00f3n integral de Alg\u00e1n Producci\u00f3n Esc\u00e9nica. En&nbsp;&#8220;Le Frig\u00f3&#8221;, Madame L se retir\u00f3\u0301 [&hellip;]<\/p>\n","protected":false},"author":3,"featured_media":27983,"comment_status":"open","ping_status":"closed","sticky":false,"template":"","format":"standard","meta":{"footnotes":""},"categories":[34,35],"tags":[],"class_list":{"0":"post-27975","1":"post","2":"type-post","3":"status-publish","4":"format-standard","5":"has-post-thumbnail","7":"category-arte","8":"category-teatro"},"yoast_head":"<!-- This site is optimized with the Yoast SEO plugin v27.5 - https:\/\/yoast.com\/product\/yoast-seo-wordpress\/ -->\n<title>MANU FANEGO REGRESA AL TEATRO PICADERO CON \u201cLE FRIG\u00d3\u201d - Sergio Lapegue<\/title>\n<meta name=\"robots\" content=\"index, follow, max-snippet:-1, max-image-preview:large, max-video-preview:-1\" \/>\n<link rel=\"canonical\" href=\"https:\/\/sergiolapegue.com\/site\/2026\/01\/25\/manu-fanego-regresa-al-teatro-picadero-con-le-frigo\/\" \/>\n<meta property=\"og:locale\" content=\"es_ES\" \/>\n<meta property=\"og:type\" content=\"article\" \/>\n<meta property=\"og:title\" content=\"MANU FANEGO REGRESA AL TEATRO PICADERO CON \u201cLE FRIG\u00d3\u201d - Sergio Lapegue\" \/>\n<meta property=\"og:description\" content=\"Luego de una primera temporada a sala llena en 2025,&nbsp;&#8220;Le frig\u00f3&#8221; de Copi vuelve a pedido del p\u00fablico con una segunda temporada a partir del jueves 5 de febrero de 2026.&nbsp;Manu Fanego&nbsp;hace un unipersonal al l\u00edmite bajo la&nbsp;direcci\u00f3n general de Tatiana Santana, y producci\u00f3n integral de Alg\u00e1n Producci\u00f3n Esc\u00e9nica. En&nbsp;&#8220;Le Frig\u00f3&#8221;, Madame L se retir\u00f3\u0301 [&hellip;]\" \/>\n<meta property=\"og:url\" content=\"https:\/\/sergiolapegue.com\/site\/2026\/01\/25\/manu-fanego-regresa-al-teatro-picadero-con-le-frigo\/\" \/>\n<meta property=\"og:site_name\" content=\"Sergio Lapegue\" \/>\n<meta property=\"article:publisher\" content=\"https:\/\/facebook.com\/sergiolapegue\" \/>\n<meta property=\"article:author\" content=\"https:\/\/facebook.com\/danielernesto.montana\" \/>\n<meta property=\"article:published_time\" content=\"2026-01-25T16:00:00+00:00\" \/>\n<meta property=\"og:image\" content=\"https:\/\/sergiolapegue.com\/site\/wp-content\/uploads\/2026\/01\/Le-Frigo.jpg\" \/>\n\t<meta property=\"og:image:width\" content=\"1000\" \/>\n\t<meta property=\"og:image:height\" content=\"1250\" \/>\n\t<meta property=\"og:image:type\" content=\"image\/jpeg\" \/>\n<meta name=\"author\" content=\"Daniel E. Monta\u00f1a\" \/>\n<meta name=\"twitter:card\" content=\"summary_large_image\" \/>\n<meta name=\"twitter:creator\" content=\"@https:\/\/twitter.com\/daner_004\" \/>\n<meta name=\"twitter:site\" content=\"@sergiolapegue\" \/>\n<meta name=\"twitter:label1\" content=\"Escrito por\" \/>\n\t<meta name=\"twitter:data1\" content=\"Daniel E. Monta\u00f1a\" \/>\n\t<meta name=\"twitter:label2\" content=\"Tiempo de lectura\" \/>\n\t<meta name=\"twitter:data2\" content=\"7 minutos\" \/>\n<script type=\"application\/ld+json\" class=\"yoast-schema-graph\">{\"@context\":\"https:\\\/\\\/schema.org\",\"@graph\":[{\"@type\":\"Article\",\"@id\":\"https:\\\/\\\/sergiolapegue.com\\\/site\\\/2026\\\/01\\\/25\\\/manu-fanego-regresa-al-teatro-picadero-con-le-frigo\\\/#article\",\"isPartOf\":{\"@id\":\"https:\\\/\\\/sergiolapegue.com\\\/site\\\/2026\\\/01\\\/25\\\/manu-fanego-regresa-al-teatro-picadero-con-le-frigo\\\/\"},\"author\":{\"name\":\"Daniel E. Monta\u00f1a\",\"@id\":\"https:\\\/\\\/sergiolapegue.com\\\/site\\\/#\\\/schema\\\/person\\\/9198e7dbab43c6d74d0fd5399af7c3cd\"},\"headline\":\"MANU FANEGO REGRESA AL TEATRO PICADERO CON \u201cLE FRIG\u00d3\u201d\",\"datePublished\":\"2026-01-25T16:00:00+00:00\",\"mainEntityOfPage\":{\"@id\":\"https:\\\/\\\/sergiolapegue.com\\\/site\\\/2026\\\/01\\\/25\\\/manu-fanego-regresa-al-teatro-picadero-con-le-frigo\\\/\"},\"wordCount\":1260,\"commentCount\":0,\"publisher\":{\"@id\":\"https:\\\/\\\/sergiolapegue.com\\\/site\\\/#\\\/schema\\\/person\\\/083aeceeb0734cd166779ea6c0551a37\"},\"image\":{\"@id\":\"https:\\\/\\\/sergiolapegue.com\\\/site\\\/2026\\\/01\\\/25\\\/manu-fanego-regresa-al-teatro-picadero-con-le-frigo\\\/#primaryimage\"},\"thumbnailUrl\":\"https:\\\/\\\/sergiolapegue.com\\\/site\\\/wp-content\\\/uploads\\\/2026\\\/01\\\/Le-Frigo.jpg\",\"articleSection\":[\"Arte\",\"Teatro\"],\"inLanguage\":\"es-AR\",\"potentialAction\":[{\"@type\":\"CommentAction\",\"name\":\"Comment\",\"target\":[\"https:\\\/\\\/sergiolapegue.com\\\/site\\\/2026\\\/01\\\/25\\\/manu-fanego-regresa-al-teatro-picadero-con-le-frigo\\\/#respond\"]}]},{\"@type\":\"WebPage\",\"@id\":\"https:\\\/\\\/sergiolapegue.com\\\/site\\\/2026\\\/01\\\/25\\\/manu-fanego-regresa-al-teatro-picadero-con-le-frigo\\\/\",\"url\":\"https:\\\/\\\/sergiolapegue.com\\\/site\\\/2026\\\/01\\\/25\\\/manu-fanego-regresa-al-teatro-picadero-con-le-frigo\\\/\",\"name\":\"MANU FANEGO REGRESA AL TEATRO PICADERO CON \u201cLE FRIG\u00d3\u201d - Sergio Lapegue\",\"isPartOf\":{\"@id\":\"https:\\\/\\\/sergiolapegue.com\\\/site\\\/#website\"},\"primaryImageOfPage\":{\"@id\":\"https:\\\/\\\/sergiolapegue.com\\\/site\\\/2026\\\/01\\\/25\\\/manu-fanego-regresa-al-teatro-picadero-con-le-frigo\\\/#primaryimage\"},\"image\":{\"@id\":\"https:\\\/\\\/sergiolapegue.com\\\/site\\\/2026\\\/01\\\/25\\\/manu-fanego-regresa-al-teatro-picadero-con-le-frigo\\\/#primaryimage\"},\"thumbnailUrl\":\"https:\\\/\\\/sergiolapegue.com\\\/site\\\/wp-content\\\/uploads\\\/2026\\\/01\\\/Le-Frigo.jpg\",\"datePublished\":\"2026-01-25T16:00:00+00:00\",\"breadcrumb\":{\"@id\":\"https:\\\/\\\/sergiolapegue.com\\\/site\\\/2026\\\/01\\\/25\\\/manu-fanego-regresa-al-teatro-picadero-con-le-frigo\\\/#breadcrumb\"},\"inLanguage\":\"es-AR\",\"potentialAction\":[{\"@type\":\"ReadAction\",\"target\":[\"https:\\\/\\\/sergiolapegue.com\\\/site\\\/2026\\\/01\\\/25\\\/manu-fanego-regresa-al-teatro-picadero-con-le-frigo\\\/\"]}]},{\"@type\":\"ImageObject\",\"inLanguage\":\"es-AR\",\"@id\":\"https:\\\/\\\/sergiolapegue.com\\\/site\\\/2026\\\/01\\\/25\\\/manu-fanego-regresa-al-teatro-picadero-con-le-frigo\\\/#primaryimage\",\"url\":\"https:\\\/\\\/sergiolapegue.com\\\/site\\\/wp-content\\\/uploads\\\/2026\\\/01\\\/Le-Frigo.jpg\",\"contentUrl\":\"https:\\\/\\\/sergiolapegue.com\\\/site\\\/wp-content\\\/uploads\\\/2026\\\/01\\\/Le-Frigo.jpg\",\"width\":1000,\"height\":1250},{\"@type\":\"BreadcrumbList\",\"@id\":\"https:\\\/\\\/sergiolapegue.com\\\/site\\\/2026\\\/01\\\/25\\\/manu-fanego-regresa-al-teatro-picadero-con-le-frigo\\\/#breadcrumb\",\"itemListElement\":[{\"@type\":\"ListItem\",\"position\":1,\"name\":\"Inicio\",\"item\":\"https:\\\/\\\/sergiolapegue.com\\\/site\\\/\"},{\"@type\":\"ListItem\",\"position\":2,\"name\":\"MANU FANEGO REGRESA AL TEATRO PICADERO CON \u201cLE FRIG\u00d3\u201d\"}]},{\"@type\":\"WebSite\",\"@id\":\"https:\\\/\\\/sergiolapegue.com\\\/site\\\/#website\",\"url\":\"https:\\\/\\\/sergiolapegue.com\\\/site\\\/\",\"name\":\"Sergio Lapegue\",\"description\":\"Periodista\",\"publisher\":{\"@id\":\"https:\\\/\\\/sergiolapegue.com\\\/site\\\/#\\\/schema\\\/person\\\/083aeceeb0734cd166779ea6c0551a37\"},\"potentialAction\":[{\"@type\":\"SearchAction\",\"target\":{\"@type\":\"EntryPoint\",\"urlTemplate\":\"https:\\\/\\\/sergiolapegue.com\\\/site\\\/?s={search_term_string}\"},\"query-input\":{\"@type\":\"PropertyValueSpecification\",\"valueRequired\":true,\"valueName\":\"search_term_string\"}}],\"inLanguage\":\"es-AR\"},{\"@type\":[\"Person\",\"Organization\"],\"@id\":\"https:\\\/\\\/sergiolapegue.com\\\/site\\\/#\\\/schema\\\/person\\\/083aeceeb0734cd166779ea6c0551a37\",\"name\":\"Sergio Lapegue\",\"image\":{\"@type\":\"ImageObject\",\"inLanguage\":\"es-AR\",\"@id\":\"https:\\\/\\\/sergiolapegue.com\\\/site\\\/wp-content\\\/uploads\\\/2021\\\/04\\\/logo_header-1.png\",\"url\":\"https:\\\/\\\/sergiolapegue.com\\\/site\\\/wp-content\\\/uploads\\\/2021\\\/04\\\/logo_header-1.png\",\"contentUrl\":\"https:\\\/\\\/sergiolapegue.com\\\/site\\\/wp-content\\\/uploads\\\/2021\\\/04\\\/logo_header-1.png\",\"width\":272,\"height\":90,\"caption\":\"Sergio Lapegue\"},\"logo\":{\"@id\":\"https:\\\/\\\/sergiolapegue.com\\\/site\\\/wp-content\\\/uploads\\\/2021\\\/04\\\/logo_header-1.png\"},\"sameAs\":[\"https:\\\/\\\/facebook.com\\\/sergiolapegue\",\"https:\\\/\\\/instagram.com\\\/sergiolapegue\",\"https:\\\/\\\/x.com\\\/https:\\\/\\\/twitter.com\\\/sergiolapegue\"]},{\"@type\":\"Person\",\"@id\":\"https:\\\/\\\/sergiolapegue.com\\\/site\\\/#\\\/schema\\\/person\\\/9198e7dbab43c6d74d0fd5399af7c3cd\",\"name\":\"Daniel E. Monta\u00f1a\",\"image\":{\"@type\":\"ImageObject\",\"inLanguage\":\"es-AR\",\"@id\":\"https:\\\/\\\/sergiolapegue.com\\\/site\\\/wp-content\\\/uploads\\\/2021\\\/04\\\/sl_avatar_Daniel-150x150.jpg\",\"url\":\"https:\\\/\\\/sergiolapegue.com\\\/site\\\/wp-content\\\/uploads\\\/2021\\\/04\\\/sl_avatar_Daniel-150x150.jpg\",\"contentUrl\":\"https:\\\/\\\/sergiolapegue.com\\\/site\\\/wp-content\\\/uploads\\\/2021\\\/04\\\/sl_avatar_Daniel-150x150.jpg\",\"caption\":\"Daniel E. Monta\u00f1a\"},\"sameAs\":[\"https:\\\/\\\/facebook.com\\\/danielernesto.montana\",\"https:\\\/\\\/instagram.com\\\/daniel_montana1961\",\"https:\\\/\\\/x.com\\\/https:\\\/\\\/twitter.com\\\/daner_004\"],\"url\":\"https:\\\/\\\/sergiolapegue.com\\\/site\\\/author\\\/daniel\\\/\"}]}<\/script>\n<!-- \/ Yoast SEO plugin. -->","yoast_head_json":{"title":"MANU FANEGO REGRESA AL TEATRO PICADERO CON \u201cLE FRIG\u00d3\u201d - Sergio Lapegue","robots":{"index":"index","follow":"follow","max-snippet":"max-snippet:-1","max-image-preview":"max-image-preview:large","max-video-preview":"max-video-preview:-1"},"canonical":"https:\/\/sergiolapegue.com\/site\/2026\/01\/25\/manu-fanego-regresa-al-teatro-picadero-con-le-frigo\/","og_locale":"es_ES","og_type":"article","og_title":"MANU FANEGO REGRESA AL TEATRO PICADERO CON \u201cLE FRIG\u00d3\u201d - Sergio Lapegue","og_description":"Luego de una primera temporada a sala llena en 2025,&nbsp;&#8220;Le frig\u00f3&#8221; de Copi vuelve a pedido del p\u00fablico con una segunda temporada a partir del jueves 5 de febrero de 2026.&nbsp;Manu Fanego&nbsp;hace un unipersonal al l\u00edmite bajo la&nbsp;direcci\u00f3n general de Tatiana Santana, y producci\u00f3n integral de Alg\u00e1n Producci\u00f3n Esc\u00e9nica. En&nbsp;&#8220;Le Frig\u00f3&#8221;, Madame L se retir\u00f3\u0301 [&hellip;]","og_url":"https:\/\/sergiolapegue.com\/site\/2026\/01\/25\/manu-fanego-regresa-al-teatro-picadero-con-le-frigo\/","og_site_name":"Sergio Lapegue","article_publisher":"https:\/\/facebook.com\/sergiolapegue","article_author":"https:\/\/facebook.com\/danielernesto.montana","article_published_time":"2026-01-25T16:00:00+00:00","og_image":[{"width":1000,"height":1250,"url":"https:\/\/sergiolapegue.com\/site\/wp-content\/uploads\/2026\/01\/Le-Frigo.jpg","type":"image\/jpeg"}],"author":"Daniel E. Monta\u00f1a","twitter_card":"summary_large_image","twitter_creator":"@https:\/\/twitter.com\/daner_004","twitter_site":"@sergiolapegue","twitter_misc":{"Escrito por":"Daniel E. Monta\u00f1a","Tiempo de lectura":"7 minutos"},"schema":{"@context":"https:\/\/schema.org","@graph":[{"@type":"Article","@id":"https:\/\/sergiolapegue.com\/site\/2026\/01\/25\/manu-fanego-regresa-al-teatro-picadero-con-le-frigo\/#article","isPartOf":{"@id":"https:\/\/sergiolapegue.com\/site\/2026\/01\/25\/manu-fanego-regresa-al-teatro-picadero-con-le-frigo\/"},"author":{"name":"Daniel E. Monta\u00f1a","@id":"https:\/\/sergiolapegue.com\/site\/#\/schema\/person\/9198e7dbab43c6d74d0fd5399af7c3cd"},"headline":"MANU FANEGO REGRESA AL TEATRO PICADERO CON \u201cLE FRIG\u00d3\u201d","datePublished":"2026-01-25T16:00:00+00:00","mainEntityOfPage":{"@id":"https:\/\/sergiolapegue.com\/site\/2026\/01\/25\/manu-fanego-regresa-al-teatro-picadero-con-le-frigo\/"},"wordCount":1260,"commentCount":0,"publisher":{"@id":"https:\/\/sergiolapegue.com\/site\/#\/schema\/person\/083aeceeb0734cd166779ea6c0551a37"},"image":{"@id":"https:\/\/sergiolapegue.com\/site\/2026\/01\/25\/manu-fanego-regresa-al-teatro-picadero-con-le-frigo\/#primaryimage"},"thumbnailUrl":"https:\/\/sergiolapegue.com\/site\/wp-content\/uploads\/2026\/01\/Le-Frigo.jpg","articleSection":["Arte","Teatro"],"inLanguage":"es-AR","potentialAction":[{"@type":"CommentAction","name":"Comment","target":["https:\/\/sergiolapegue.com\/site\/2026\/01\/25\/manu-fanego-regresa-al-teatro-picadero-con-le-frigo\/#respond"]}]},{"@type":"WebPage","@id":"https:\/\/sergiolapegue.com\/site\/2026\/01\/25\/manu-fanego-regresa-al-teatro-picadero-con-le-frigo\/","url":"https:\/\/sergiolapegue.com\/site\/2026\/01\/25\/manu-fanego-regresa-al-teatro-picadero-con-le-frigo\/","name":"MANU FANEGO REGRESA AL TEATRO PICADERO CON \u201cLE FRIG\u00d3\u201d - Sergio Lapegue","isPartOf":{"@id":"https:\/\/sergiolapegue.com\/site\/#website"},"primaryImageOfPage":{"@id":"https:\/\/sergiolapegue.com\/site\/2026\/01\/25\/manu-fanego-regresa-al-teatro-picadero-con-le-frigo\/#primaryimage"},"image":{"@id":"https:\/\/sergiolapegue.com\/site\/2026\/01\/25\/manu-fanego-regresa-al-teatro-picadero-con-le-frigo\/#primaryimage"},"thumbnailUrl":"https:\/\/sergiolapegue.com\/site\/wp-content\/uploads\/2026\/01\/Le-Frigo.jpg","datePublished":"2026-01-25T16:00:00+00:00","breadcrumb":{"@id":"https:\/\/sergiolapegue.com\/site\/2026\/01\/25\/manu-fanego-regresa-al-teatro-picadero-con-le-frigo\/#breadcrumb"},"inLanguage":"es-AR","potentialAction":[{"@type":"ReadAction","target":["https:\/\/sergiolapegue.com\/site\/2026\/01\/25\/manu-fanego-regresa-al-teatro-picadero-con-le-frigo\/"]}]},{"@type":"ImageObject","inLanguage":"es-AR","@id":"https:\/\/sergiolapegue.com\/site\/2026\/01\/25\/manu-fanego-regresa-al-teatro-picadero-con-le-frigo\/#primaryimage","url":"https:\/\/sergiolapegue.com\/site\/wp-content\/uploads\/2026\/01\/Le-Frigo.jpg","contentUrl":"https:\/\/sergiolapegue.com\/site\/wp-content\/uploads\/2026\/01\/Le-Frigo.jpg","width":1000,"height":1250},{"@type":"BreadcrumbList","@id":"https:\/\/sergiolapegue.com\/site\/2026\/01\/25\/manu-fanego-regresa-al-teatro-picadero-con-le-frigo\/#breadcrumb","itemListElement":[{"@type":"ListItem","position":1,"name":"Inicio","item":"https:\/\/sergiolapegue.com\/site\/"},{"@type":"ListItem","position":2,"name":"MANU FANEGO REGRESA AL TEATRO PICADERO CON \u201cLE FRIG\u00d3\u201d"}]},{"@type":"WebSite","@id":"https:\/\/sergiolapegue.com\/site\/#website","url":"https:\/\/sergiolapegue.com\/site\/","name":"Sergio Lapegue","description":"Periodista","publisher":{"@id":"https:\/\/sergiolapegue.com\/site\/#\/schema\/person\/083aeceeb0734cd166779ea6c0551a37"},"potentialAction":[{"@type":"SearchAction","target":{"@type":"EntryPoint","urlTemplate":"https:\/\/sergiolapegue.com\/site\/?s={search_term_string}"},"query-input":{"@type":"PropertyValueSpecification","valueRequired":true,"valueName":"search_term_string"}}],"inLanguage":"es-AR"},{"@type":["Person","Organization"],"@id":"https:\/\/sergiolapegue.com\/site\/#\/schema\/person\/083aeceeb0734cd166779ea6c0551a37","name":"Sergio Lapegue","image":{"@type":"ImageObject","inLanguage":"es-AR","@id":"https:\/\/sergiolapegue.com\/site\/wp-content\/uploads\/2021\/04\/logo_header-1.png","url":"https:\/\/sergiolapegue.com\/site\/wp-content\/uploads\/2021\/04\/logo_header-1.png","contentUrl":"https:\/\/sergiolapegue.com\/site\/wp-content\/uploads\/2021\/04\/logo_header-1.png","width":272,"height":90,"caption":"Sergio Lapegue"},"logo":{"@id":"https:\/\/sergiolapegue.com\/site\/wp-content\/uploads\/2021\/04\/logo_header-1.png"},"sameAs":["https:\/\/facebook.com\/sergiolapegue","https:\/\/instagram.com\/sergiolapegue","https:\/\/x.com\/https:\/\/twitter.com\/sergiolapegue"]},{"@type":"Person","@id":"https:\/\/sergiolapegue.com\/site\/#\/schema\/person\/9198e7dbab43c6d74d0fd5399af7c3cd","name":"Daniel E. Monta\u00f1a","image":{"@type":"ImageObject","inLanguage":"es-AR","@id":"https:\/\/sergiolapegue.com\/site\/wp-content\/uploads\/2021\/04\/sl_avatar_Daniel-150x150.jpg","url":"https:\/\/sergiolapegue.com\/site\/wp-content\/uploads\/2021\/04\/sl_avatar_Daniel-150x150.jpg","contentUrl":"https:\/\/sergiolapegue.com\/site\/wp-content\/uploads\/2021\/04\/sl_avatar_Daniel-150x150.jpg","caption":"Daniel E. Monta\u00f1a"},"sameAs":["https:\/\/facebook.com\/danielernesto.montana","https:\/\/instagram.com\/daniel_montana1961","https:\/\/x.com\/https:\/\/twitter.com\/daner_004"],"url":"https:\/\/sergiolapegue.com\/site\/author\/daniel\/"}]}},"_links":{"self":[{"href":"https:\/\/sergiolapegue.com\/site\/wp-json\/wp\/v2\/posts\/27975","targetHints":{"allow":["GET"]}}],"collection":[{"href":"https:\/\/sergiolapegue.com\/site\/wp-json\/wp\/v2\/posts"}],"about":[{"href":"https:\/\/sergiolapegue.com\/site\/wp-json\/wp\/v2\/types\/post"}],"author":[{"embeddable":true,"href":"https:\/\/sergiolapegue.com\/site\/wp-json\/wp\/v2\/users\/3"}],"replies":[{"embeddable":true,"href":"https:\/\/sergiolapegue.com\/site\/wp-json\/wp\/v2\/comments?post=27975"}],"version-history":[{"count":1,"href":"https:\/\/sergiolapegue.com\/site\/wp-json\/wp\/v2\/posts\/27975\/revisions"}],"predecessor-version":[{"id":27984,"href":"https:\/\/sergiolapegue.com\/site\/wp-json\/wp\/v2\/posts\/27975\/revisions\/27984"}],"wp:featuredmedia":[{"embeddable":true,"href":"https:\/\/sergiolapegue.com\/site\/wp-json\/wp\/v2\/media\/27983"}],"wp:attachment":[{"href":"https:\/\/sergiolapegue.com\/site\/wp-json\/wp\/v2\/media?parent=27975"}],"wp:term":[{"taxonomy":"category","embeddable":true,"href":"https:\/\/sergiolapegue.com\/site\/wp-json\/wp\/v2\/categories?post=27975"},{"taxonomy":"post_tag","embeddable":true,"href":"https:\/\/sergiolapegue.com\/site\/wp-json\/wp\/v2\/tags?post=27975"}],"curies":[{"name":"wp","href":"https:\/\/api.w.org\/{rel}","templated":true}]}}