{"id":27837,"date":"2026-01-19T10:51:01","date_gmt":"2026-01-19T13:51:01","guid":{"rendered":"https:\/\/sergiolapegue.com\/site\/?p=27837"},"modified":"2026-01-19T10:51:02","modified_gmt":"2026-01-19T13:51:02","slug":"la-avenida-alsina-nacio-como-sendero-en-lomas-de-zamora-su-origen","status":"publish","type":"post","link":"https:\/\/sergiolapegue.com\/site\/2026\/01\/19\/la-avenida-alsina-nacio-como-sendero-en-lomas-de-zamora-su-origen\/","title":{"rendered":"La avenida Alsina naci\u00f3 como sendero en Lomas de Zamora: su origen"},"content":{"rendered":"\n<p>Quien camina una ciudad con atenci\u00f3n termina entendiendo que las calles no son s\u00f3lo trazos sobre un mapa. Son relatos vivos, hilos que conectan \u00e9pocas, personas y formas de habitar. En&nbsp;<strong><a href=\"https:\/\/launion.com.ar\/\/lomas-zamora-a96\">Lomas de Zamora<\/a><\/strong>&nbsp;hay una avenida que condensa como pocas esa idea:&nbsp;<a href=\"https:\/\/launion.com.ar\/lomas-zamora\/la-peatonal-laprida-el-corazon-delomas-zamora-que-late-mas-fuerte-navidad-n5438708\" target=\"_blank\" rel=\"noreferrer noopener\">todos la transitan, casi nadie se detiene a pensar de d\u00f3nde viene.<\/a><\/p>\n\n\n\n<p>Tiene varios nombres, m\u00faltiples capas de historia y un pasado que se remonta mucho m\u00e1s atr\u00e1s de lo que su asfalto sugiere. Hoy es&nbsp;<strong>Avenida Alsina<\/strong>, Almirante Brown y Espora. Pero antes fue otra cosa. Para encontrar su origen hay que viajar varios siglos atr\u00e1s, cuando cruzar hacia el sur no era un gesto cotidiano sino una peque\u00f1a odisea.<\/p>\n\n\n\n<p>En el siglo XVII, el Riachuelo marcaba un l\u00edmite dif\u00edcil de franquear. No hab\u00eda puentes: s\u00f3lo canoas. Reci\u00e9n en 1653 el Cabildo decidi\u00f3 reglamentar ese cruce para el uso popular y lo bautiz\u00f3 Pedro Salazar, en referencia a un vecino con tierras en la zona. All\u00ed se levantar\u00eda el primer puente sobre el Riachuelo, un punto clave que cambiar\u00eda la circulaci\u00f3n hacia el sur.<\/p>\n\n\n\n<p>M\u00e1s de cien a\u00f1os despu\u00e9s, en 1791, ese paso fue reemplazado por un nuevo puente, que llev\u00f3 el nombre de quien lo construy\u00f3: Juan Guti\u00e9rrez G\u00e1lvez. A partir de ese momento se consolid\u00f3 un eje fundamental: el antiguo Camino Real que conduc\u00eda al sur de la provincia. Desde ese cruce -ubicado donde hoy se encuentra el puente carretero de Remedios de Escalada- comenzaba un sendero polvoriento y solitario conocido como el Camino de las Carretas, una traza r\u00fastica que se extend\u00eda hasta Chascom\u00fas.<\/p>\n\n\n\n<p>All\u00ed funcionaba una posta, punto de descanso para viajeros y carretas, ubicada exactamente donde hoy est\u00e1 la&nbsp;<a href=\"https:\/\/launion.com.ar\/cabecera-a17894\">cabecera<\/a>&nbsp;de la l\u00ednea 266 de colectivos, frente a la estaci\u00f3n ferroviaria. Ese dato, casi invisible, marca el lugar donde el camino empezaba a transformarse en pueblo.<\/p>\n\n\n\n<p>Con el paso del tiempo, el sendero agreste fue perdiendo su car\u00e1cter rural. La vegetaci\u00f3n cedi\u00f3 espacio a viviendas, almacenes y comercios. D\u00e9cadas m\u00e1s tarde, ya entrado el siglo XX, la traza se hab\u00eda convertido en una avenida propiamente dicha. En los a\u00f1os 50 presentaba un aspecto muy distinto al actual: empedrado prolijo, un boulevard central con palmeras y canteros. El crecimiento urbano y el aumento del tr\u00e1nsito sellaron ese destino. Las carretas y los carruajes fueron reemplazados por autos, camiones y colectivos. El viejo empedrado y el boulevard desaparecieron bajo la piqueta.<\/p>\n\n\n\n<p>A fines de los 60 y comienzos de los 70 lleg\u00f3 el ensanche definitivo, con asfalto y varios carriles por mano, configuraci\u00f3n que a\u00fan se mantiene. As\u00ed, el antiguo Camino de las Carretas qued\u00f3 fragmentado en nombres distintos seg\u00fan el barrio que atraviesa: Alsina entre Banfield y Balcarce, en Lomas; Almirante Brown hasta Temperley; Espora en Adrogu\u00e9 y Burzaco. Cambian las denominaciones, no la historia. Porque, aunque alguien diga que nunca la recorri\u00f3, cuesta creerle: de una forma u otra, todos pasamos por all\u00ed.<\/p>\n\n\n\n<p><strong><em><a href=\"https:\/\/launion.com.ar\/lomas-zamora\/la-avenida-alsina-nacio-como-sendero-lomas-zamora-su-origen-n5439419\" target=\"_blank\" rel=\"noreferrer noopener\">Art\u00edculo publicado en el diario La Uni\u00f3n.-<\/a><\/em><\/strong><\/p>\n","protected":false},"excerpt":{"rendered":"<p>Quien camina una ciudad con atenci\u00f3n termina entendiendo que las calles no son s\u00f3lo trazos sobre un mapa. Son relatos vivos, hilos que conectan \u00e9pocas, personas y formas de habitar. En&nbsp;Lomas de Zamora&nbsp;hay una avenida que condensa como pocas esa idea:&nbsp;todos la transitan, casi nadie se detiene a pensar de d\u00f3nde viene. Tiene varios nombres, [&hellip;]<\/p>\n","protected":false},"author":6,"featured_media":27838,"comment_status":"closed","ping_status":"closed","sticky":false,"template":"","format":"standard","meta":{"footnotes":""},"categories":[1276],"tags":[2203,1323,1277],"class_list":{"0":"post-27837","1":"post","2":"type-post","3":"status-publish","4":"format-standard","5":"has-post-thumbnail","7":"category-de-puno-y-letra-lomas-de-zamora","8":"tag-avenida-alsina","9":"tag-la-union","10":"tag-lomas-de-zamora"},"yoast_head":"<!-- This site is optimized with the Yoast SEO plugin v27.4 - https:\/\/yoast.com\/product\/yoast-seo-wordpress\/ -->\n<title>La avenida Alsina naci\u00f3 como sendero en Lomas de Zamora: su origen - Sergio Lapegue<\/title>\n<meta name=\"description\" content=\"Donde hoy se encuentra el puente carretero de Escalada comenzaba un sendero polvoriento y solitario conocido como el Camino de las Carretas.\" \/>\n<meta name=\"robots\" content=\"index, follow, max-snippet:-1, max-image-preview:large, max-video-preview:-1\" \/>\n<link rel=\"canonical\" href=\"https:\/\/sergiolapegue.com\/site\/2026\/01\/19\/la-avenida-alsina-nacio-como-sendero-en-lomas-de-zamora-su-origen\/\" \/>\n<meta property=\"og:locale\" content=\"es_ES\" \/>\n<meta property=\"og:type\" content=\"article\" \/>\n<meta property=\"og:title\" content=\"La avenida Alsina naci\u00f3 como sendero en Lomas de Zamora: su origen - Sergio Lapegue\" \/>\n<meta property=\"og:description\" content=\"Donde hoy se encuentra el puente carretero de Escalada comenzaba un sendero polvoriento y solitario conocido como el Camino de las Carretas.\" \/>\n<meta property=\"og:url\" content=\"https:\/\/sergiolapegue.com\/site\/2026\/01\/19\/la-avenida-alsina-nacio-como-sendero-en-lomas-de-zamora-su-origen\/\" \/>\n<meta property=\"og:site_name\" content=\"Sergio Lapegue\" \/>\n<meta property=\"article:publisher\" content=\"https:\/\/facebook.com\/sergiolapegue\" \/>\n<meta property=\"article:author\" content=\"https:\/\/facebook.com\/sergiolapegue\" \/>\n<meta property=\"article:published_time\" content=\"2026-01-19T13:51:01+00:00\" \/>\n<meta property=\"article:modified_time\" content=\"2026-01-19T13:51:02+00:00\" \/>\n<meta property=\"og:image\" content=\"https:\/\/sergiolapegue.com\/site\/wp-content\/uploads\/2026\/01\/avenidaalsina.webp\" \/>\n\t<meta property=\"og:image:width\" content=\"728\" \/>\n\t<meta property=\"og:image:height\" content=\"467\" \/>\n\t<meta property=\"og:image:type\" content=\"image\/webp\" \/>\n<meta name=\"author\" content=\"Sergio Lapegue\" \/>\n<meta name=\"twitter:card\" content=\"summary_large_image\" \/>\n<meta name=\"twitter:creator\" content=\"@https:\/\/twitter.com\/sergiolapegue\" \/>\n<meta name=\"twitter:site\" content=\"@sergiolapegue\" \/>\n<meta name=\"twitter:label1\" content=\"Escrito por\" \/>\n\t<meta name=\"twitter:data1\" content=\"Sergio Lapegue\" \/>\n\t<meta name=\"twitter:label2\" content=\"Tiempo de lectura\" \/>\n\t<meta name=\"twitter:data2\" content=\"3 minutos\" \/>\n<script type=\"application\/ld+json\" class=\"yoast-schema-graph\">{\"@context\":\"https:\\\/\\\/schema.org\",\"@graph\":[{\"@type\":\"Article\",\"@id\":\"https:\\\/\\\/sergiolapegue.com\\\/site\\\/2026\\\/01\\\/19\\\/la-avenida-alsina-nacio-como-sendero-en-lomas-de-zamora-su-origen\\\/#article\",\"isPartOf\":{\"@id\":\"https:\\\/\\\/sergiolapegue.com\\\/site\\\/2026\\\/01\\\/19\\\/la-avenida-alsina-nacio-como-sendero-en-lomas-de-zamora-su-origen\\\/\"},\"author\":{\"name\":\"Sergio Lapegue\",\"@id\":\"https:\\\/\\\/sergiolapegue.com\\\/site\\\/#\\\/schema\\\/person\\\/083aeceeb0734cd166779ea6c0551a37\"},\"headline\":\"La avenida Alsina naci\u00f3 como sendero en Lomas de Zamora: su origen\",\"datePublished\":\"2026-01-19T13:51:01+00:00\",\"dateModified\":\"2026-01-19T13:51:02+00:00\",\"mainEntityOfPage\":{\"@id\":\"https:\\\/\\\/sergiolapegue.com\\\/site\\\/2026\\\/01\\\/19\\\/la-avenida-alsina-nacio-como-sendero-en-lomas-de-zamora-su-origen\\\/\"},\"wordCount\":540,\"publisher\":{\"@id\":\"https:\\\/\\\/sergiolapegue.com\\\/site\\\/#\\\/schema\\\/person\\\/083aeceeb0734cd166779ea6c0551a37\"},\"image\":{\"@id\":\"https:\\\/\\\/sergiolapegue.com\\\/site\\\/2026\\\/01\\\/19\\\/la-avenida-alsina-nacio-como-sendero-en-lomas-de-zamora-su-origen\\\/#primaryimage\"},\"thumbnailUrl\":\"https:\\\/\\\/sergiolapegue.com\\\/site\\\/wp-content\\\/uploads\\\/2026\\\/01\\\/avenidaalsina.webp\",\"keywords\":[\"Avenida Alsina\",\"La Uni\u00f3n\",\"Lomas de Zamora\"],\"articleSection\":[\"De Pu\u00f1o y Letra Lomas de Zamora\"],\"inLanguage\":\"es-AR\"},{\"@type\":\"WebPage\",\"@id\":\"https:\\\/\\\/sergiolapegue.com\\\/site\\\/2026\\\/01\\\/19\\\/la-avenida-alsina-nacio-como-sendero-en-lomas-de-zamora-su-origen\\\/\",\"url\":\"https:\\\/\\\/sergiolapegue.com\\\/site\\\/2026\\\/01\\\/19\\\/la-avenida-alsina-nacio-como-sendero-en-lomas-de-zamora-su-origen\\\/\",\"name\":\"La avenida Alsina naci\u00f3 como sendero en Lomas de Zamora: su origen - Sergio Lapegue\",\"isPartOf\":{\"@id\":\"https:\\\/\\\/sergiolapegue.com\\\/site\\\/#website\"},\"primaryImageOfPage\":{\"@id\":\"https:\\\/\\\/sergiolapegue.com\\\/site\\\/2026\\\/01\\\/19\\\/la-avenida-alsina-nacio-como-sendero-en-lomas-de-zamora-su-origen\\\/#primaryimage\"},\"image\":{\"@id\":\"https:\\\/\\\/sergiolapegue.com\\\/site\\\/2026\\\/01\\\/19\\\/la-avenida-alsina-nacio-como-sendero-en-lomas-de-zamora-su-origen\\\/#primaryimage\"},\"thumbnailUrl\":\"https:\\\/\\\/sergiolapegue.com\\\/site\\\/wp-content\\\/uploads\\\/2026\\\/01\\\/avenidaalsina.webp\",\"datePublished\":\"2026-01-19T13:51:01+00:00\",\"dateModified\":\"2026-01-19T13:51:02+00:00\",\"description\":\"Donde hoy se encuentra el puente carretero de Escalada comenzaba un sendero polvoriento y solitario conocido como el Camino de las Carretas.\",\"breadcrumb\":{\"@id\":\"https:\\\/\\\/sergiolapegue.com\\\/site\\\/2026\\\/01\\\/19\\\/la-avenida-alsina-nacio-como-sendero-en-lomas-de-zamora-su-origen\\\/#breadcrumb\"},\"inLanguage\":\"es-AR\",\"potentialAction\":[{\"@type\":\"ReadAction\",\"target\":[\"https:\\\/\\\/sergiolapegue.com\\\/site\\\/2026\\\/01\\\/19\\\/la-avenida-alsina-nacio-como-sendero-en-lomas-de-zamora-su-origen\\\/\"]}]},{\"@type\":\"ImageObject\",\"inLanguage\":\"es-AR\",\"@id\":\"https:\\\/\\\/sergiolapegue.com\\\/site\\\/2026\\\/01\\\/19\\\/la-avenida-alsina-nacio-como-sendero-en-lomas-de-zamora-su-origen\\\/#primaryimage\",\"url\":\"https:\\\/\\\/sergiolapegue.com\\\/site\\\/wp-content\\\/uploads\\\/2026\\\/01\\\/avenidaalsina.webp\",\"contentUrl\":\"https:\\\/\\\/sergiolapegue.com\\\/site\\\/wp-content\\\/uploads\\\/2026\\\/01\\\/avenidaalsina.webp\",\"width\":728,\"height\":467},{\"@type\":\"BreadcrumbList\",\"@id\":\"https:\\\/\\\/sergiolapegue.com\\\/site\\\/2026\\\/01\\\/19\\\/la-avenida-alsina-nacio-como-sendero-en-lomas-de-zamora-su-origen\\\/#breadcrumb\",\"itemListElement\":[{\"@type\":\"ListItem\",\"position\":1,\"name\":\"Inicio\",\"item\":\"https:\\\/\\\/sergiolapegue.com\\\/site\\\/\"},{\"@type\":\"ListItem\",\"position\":2,\"name\":\"La avenida Alsina naci\u00f3 como sendero en Lomas de Zamora: su origen\"}]},{\"@type\":\"WebSite\",\"@id\":\"https:\\\/\\\/sergiolapegue.com\\\/site\\\/#website\",\"url\":\"https:\\\/\\\/sergiolapegue.com\\\/site\\\/\",\"name\":\"Sergio Lapegue\",\"description\":\"Periodista\",\"publisher\":{\"@id\":\"https:\\\/\\\/sergiolapegue.com\\\/site\\\/#\\\/schema\\\/person\\\/083aeceeb0734cd166779ea6c0551a37\"},\"potentialAction\":[{\"@type\":\"SearchAction\",\"target\":{\"@type\":\"EntryPoint\",\"urlTemplate\":\"https:\\\/\\\/sergiolapegue.com\\\/site\\\/?s={search_term_string}\"},\"query-input\":{\"@type\":\"PropertyValueSpecification\",\"valueRequired\":true,\"valueName\":\"search_term_string\"}}],\"inLanguage\":\"es-AR\"},{\"@type\":[\"Person\",\"Organization\"],\"@id\":\"https:\\\/\\\/sergiolapegue.com\\\/site\\\/#\\\/schema\\\/person\\\/083aeceeb0734cd166779ea6c0551a37\",\"name\":\"Sergio Lapegue\",\"image\":{\"@type\":\"ImageObject\",\"inLanguage\":\"es-AR\",\"@id\":\"https:\\\/\\\/sergiolapegue.com\\\/site\\\/wp-content\\\/uploads\\\/2021\\\/04\\\/logo_header-1.png\",\"url\":\"https:\\\/\\\/sergiolapegue.com\\\/site\\\/wp-content\\\/uploads\\\/2021\\\/04\\\/logo_header-1.png\",\"contentUrl\":\"https:\\\/\\\/sergiolapegue.com\\\/site\\\/wp-content\\\/uploads\\\/2021\\\/04\\\/logo_header-1.png\",\"width\":272,\"height\":90,\"caption\":\"Sergio Lapegue\"},\"logo\":{\"@id\":\"https:\\\/\\\/sergiolapegue.com\\\/site\\\/wp-content\\\/uploads\\\/2021\\\/04\\\/logo_header-1.png\"},\"sameAs\":[\"https:\\\/\\\/facebook.com\\\/sergiolapegue\",\"https:\\\/\\\/instagram.com\\\/sergiolapegue\",\"https:\\\/\\\/x.com\\\/https:\\\/\\\/twitter.com\\\/sergiolapegue\"],\"url\":\"https:\\\/\\\/sergiolapegue.com\\\/site\\\/author\\\/sergio\\\/\"}]}<\/script>\n<!-- \/ Yoast SEO plugin. -->","yoast_head_json":{"title":"La avenida Alsina naci\u00f3 como sendero en Lomas de Zamora: su origen - Sergio Lapegue","description":"Donde hoy se encuentra el puente carretero de Escalada comenzaba un sendero polvoriento y solitario conocido como el Camino de las Carretas.","robots":{"index":"index","follow":"follow","max-snippet":"max-snippet:-1","max-image-preview":"max-image-preview:large","max-video-preview":"max-video-preview:-1"},"canonical":"https:\/\/sergiolapegue.com\/site\/2026\/01\/19\/la-avenida-alsina-nacio-como-sendero-en-lomas-de-zamora-su-origen\/","og_locale":"es_ES","og_type":"article","og_title":"La avenida Alsina naci\u00f3 como sendero en Lomas de Zamora: su origen - Sergio Lapegue","og_description":"Donde hoy se encuentra el puente carretero de Escalada comenzaba un sendero polvoriento y solitario conocido como el Camino de las Carretas.","og_url":"https:\/\/sergiolapegue.com\/site\/2026\/01\/19\/la-avenida-alsina-nacio-como-sendero-en-lomas-de-zamora-su-origen\/","og_site_name":"Sergio Lapegue","article_publisher":"https:\/\/facebook.com\/sergiolapegue","article_author":"https:\/\/facebook.com\/sergiolapegue","article_published_time":"2026-01-19T13:51:01+00:00","article_modified_time":"2026-01-19T13:51:02+00:00","og_image":[{"width":728,"height":467,"url":"https:\/\/sergiolapegue.com\/site\/wp-content\/uploads\/2026\/01\/avenidaalsina.webp","type":"image\/webp"}],"author":"Sergio Lapegue","twitter_card":"summary_large_image","twitter_creator":"@https:\/\/twitter.com\/sergiolapegue","twitter_site":"@sergiolapegue","twitter_misc":{"Escrito por":"Sergio Lapegue","Tiempo de lectura":"3 minutos"},"schema":{"@context":"https:\/\/schema.org","@graph":[{"@type":"Article","@id":"https:\/\/sergiolapegue.com\/site\/2026\/01\/19\/la-avenida-alsina-nacio-como-sendero-en-lomas-de-zamora-su-origen\/#article","isPartOf":{"@id":"https:\/\/sergiolapegue.com\/site\/2026\/01\/19\/la-avenida-alsina-nacio-como-sendero-en-lomas-de-zamora-su-origen\/"},"author":{"name":"Sergio Lapegue","@id":"https:\/\/sergiolapegue.com\/site\/#\/schema\/person\/083aeceeb0734cd166779ea6c0551a37"},"headline":"La avenida Alsina naci\u00f3 como sendero en Lomas de Zamora: su origen","datePublished":"2026-01-19T13:51:01+00:00","dateModified":"2026-01-19T13:51:02+00:00","mainEntityOfPage":{"@id":"https:\/\/sergiolapegue.com\/site\/2026\/01\/19\/la-avenida-alsina-nacio-como-sendero-en-lomas-de-zamora-su-origen\/"},"wordCount":540,"publisher":{"@id":"https:\/\/sergiolapegue.com\/site\/#\/schema\/person\/083aeceeb0734cd166779ea6c0551a37"},"image":{"@id":"https:\/\/sergiolapegue.com\/site\/2026\/01\/19\/la-avenida-alsina-nacio-como-sendero-en-lomas-de-zamora-su-origen\/#primaryimage"},"thumbnailUrl":"https:\/\/sergiolapegue.com\/site\/wp-content\/uploads\/2026\/01\/avenidaalsina.webp","keywords":["Avenida Alsina","La Uni\u00f3n","Lomas de Zamora"],"articleSection":["De Pu\u00f1o y Letra Lomas de Zamora"],"inLanguage":"es-AR"},{"@type":"WebPage","@id":"https:\/\/sergiolapegue.com\/site\/2026\/01\/19\/la-avenida-alsina-nacio-como-sendero-en-lomas-de-zamora-su-origen\/","url":"https:\/\/sergiolapegue.com\/site\/2026\/01\/19\/la-avenida-alsina-nacio-como-sendero-en-lomas-de-zamora-su-origen\/","name":"La avenida Alsina naci\u00f3 como sendero en Lomas de Zamora: su origen - Sergio Lapegue","isPartOf":{"@id":"https:\/\/sergiolapegue.com\/site\/#website"},"primaryImageOfPage":{"@id":"https:\/\/sergiolapegue.com\/site\/2026\/01\/19\/la-avenida-alsina-nacio-como-sendero-en-lomas-de-zamora-su-origen\/#primaryimage"},"image":{"@id":"https:\/\/sergiolapegue.com\/site\/2026\/01\/19\/la-avenida-alsina-nacio-como-sendero-en-lomas-de-zamora-su-origen\/#primaryimage"},"thumbnailUrl":"https:\/\/sergiolapegue.com\/site\/wp-content\/uploads\/2026\/01\/avenidaalsina.webp","datePublished":"2026-01-19T13:51:01+00:00","dateModified":"2026-01-19T13:51:02+00:00","description":"Donde hoy se encuentra el puente carretero de Escalada comenzaba un sendero polvoriento y solitario conocido como el Camino de las Carretas.","breadcrumb":{"@id":"https:\/\/sergiolapegue.com\/site\/2026\/01\/19\/la-avenida-alsina-nacio-como-sendero-en-lomas-de-zamora-su-origen\/#breadcrumb"},"inLanguage":"es-AR","potentialAction":[{"@type":"ReadAction","target":["https:\/\/sergiolapegue.com\/site\/2026\/01\/19\/la-avenida-alsina-nacio-como-sendero-en-lomas-de-zamora-su-origen\/"]}]},{"@type":"ImageObject","inLanguage":"es-AR","@id":"https:\/\/sergiolapegue.com\/site\/2026\/01\/19\/la-avenida-alsina-nacio-como-sendero-en-lomas-de-zamora-su-origen\/#primaryimage","url":"https:\/\/sergiolapegue.com\/site\/wp-content\/uploads\/2026\/01\/avenidaalsina.webp","contentUrl":"https:\/\/sergiolapegue.com\/site\/wp-content\/uploads\/2026\/01\/avenidaalsina.webp","width":728,"height":467},{"@type":"BreadcrumbList","@id":"https:\/\/sergiolapegue.com\/site\/2026\/01\/19\/la-avenida-alsina-nacio-como-sendero-en-lomas-de-zamora-su-origen\/#breadcrumb","itemListElement":[{"@type":"ListItem","position":1,"name":"Inicio","item":"https:\/\/sergiolapegue.com\/site\/"},{"@type":"ListItem","position":2,"name":"La avenida Alsina naci\u00f3 como sendero en Lomas de Zamora: su origen"}]},{"@type":"WebSite","@id":"https:\/\/sergiolapegue.com\/site\/#website","url":"https:\/\/sergiolapegue.com\/site\/","name":"Sergio Lapegue","description":"Periodista","publisher":{"@id":"https:\/\/sergiolapegue.com\/site\/#\/schema\/person\/083aeceeb0734cd166779ea6c0551a37"},"potentialAction":[{"@type":"SearchAction","target":{"@type":"EntryPoint","urlTemplate":"https:\/\/sergiolapegue.com\/site\/?s={search_term_string}"},"query-input":{"@type":"PropertyValueSpecification","valueRequired":true,"valueName":"search_term_string"}}],"inLanguage":"es-AR"},{"@type":["Person","Organization"],"@id":"https:\/\/sergiolapegue.com\/site\/#\/schema\/person\/083aeceeb0734cd166779ea6c0551a37","name":"Sergio Lapegue","image":{"@type":"ImageObject","inLanguage":"es-AR","@id":"https:\/\/sergiolapegue.com\/site\/wp-content\/uploads\/2021\/04\/logo_header-1.png","url":"https:\/\/sergiolapegue.com\/site\/wp-content\/uploads\/2021\/04\/logo_header-1.png","contentUrl":"https:\/\/sergiolapegue.com\/site\/wp-content\/uploads\/2021\/04\/logo_header-1.png","width":272,"height":90,"caption":"Sergio Lapegue"},"logo":{"@id":"https:\/\/sergiolapegue.com\/site\/wp-content\/uploads\/2021\/04\/logo_header-1.png"},"sameAs":["https:\/\/facebook.com\/sergiolapegue","https:\/\/instagram.com\/sergiolapegue","https:\/\/x.com\/https:\/\/twitter.com\/sergiolapegue"],"url":"https:\/\/sergiolapegue.com\/site\/author\/sergio\/"}]}},"_links":{"self":[{"href":"https:\/\/sergiolapegue.com\/site\/wp-json\/wp\/v2\/posts\/27837","targetHints":{"allow":["GET"]}}],"collection":[{"href":"https:\/\/sergiolapegue.com\/site\/wp-json\/wp\/v2\/posts"}],"about":[{"href":"https:\/\/sergiolapegue.com\/site\/wp-json\/wp\/v2\/types\/post"}],"author":[{"embeddable":true,"href":"https:\/\/sergiolapegue.com\/site\/wp-json\/wp\/v2\/users\/6"}],"replies":[{"embeddable":true,"href":"https:\/\/sergiolapegue.com\/site\/wp-json\/wp\/v2\/comments?post=27837"}],"version-history":[{"count":1,"href":"https:\/\/sergiolapegue.com\/site\/wp-json\/wp\/v2\/posts\/27837\/revisions"}],"predecessor-version":[{"id":27839,"href":"https:\/\/sergiolapegue.com\/site\/wp-json\/wp\/v2\/posts\/27837\/revisions\/27839"}],"wp:featuredmedia":[{"embeddable":true,"href":"https:\/\/sergiolapegue.com\/site\/wp-json\/wp\/v2\/media\/27838"}],"wp:attachment":[{"href":"https:\/\/sergiolapegue.com\/site\/wp-json\/wp\/v2\/media?parent=27837"}],"wp:term":[{"taxonomy":"category","embeddable":true,"href":"https:\/\/sergiolapegue.com\/site\/wp-json\/wp\/v2\/categories?post=27837"},{"taxonomy":"post_tag","embeddable":true,"href":"https:\/\/sergiolapegue.com\/site\/wp-json\/wp\/v2\/tags?post=27837"}],"curies":[{"name":"wp","href":"https:\/\/api.w.org\/{rel}","templated":true}]}}