{"id":27814,"date":"2026-01-25T09:46:00","date_gmt":"2026-01-25T12:46:00","guid":{"rendered":"https:\/\/sergiolapegue.com\/site\/?p=27814"},"modified":"2026-01-16T15:55:08","modified_gmt":"2026-01-16T18:55:08","slug":"cuando-en-vacaciones-descansan-todos-menos-mama","status":"publish","type":"post","link":"https:\/\/sergiolapegue.com\/site\/2026\/01\/25\/cuando-en-vacaciones-descansan-todos-menos-mama\/","title":{"rendered":"&#8220;Cuando en vacaciones descansan todos, menos mam\u00e1&#8221;"},"content":{"rendered":"\n<p>Las valijas est\u00e1n listas, el destino elegido promete descanso y la familia entera celebra el merecido recreo. Sin embargo, para muchas madres, la palabra &#8220;vacaciones&#8221; es solo un cambio de escenario para las mismas responsabilidades de siempre. Mientras todos se relajan en la playa o duermen hasta tarde, ellas siguen trabajando. Porque la maternidad, no se toma vacaciones.<\/p>\n\n\n\n<p>Nadie te lo cuenta cuando te convert\u00eds en madre. Nadie te dice que la planificaci\u00f3n de las comidas, la log\u00edstica de las excursiones, el cuidado de la ropa, la contenci\u00f3n emocional de tus hijos y la gesti\u00f3n de los imprevistos van a recaer sobre tus hombros. Y menos a\u00fan, que esto suceder\u00e1 incluso cuando se supone que deber\u00edas estar desconectando, disfrutando y descansando.<\/p>\n\n\n\n<p>Son las madres las que en silencio se aseguran que la maquinaria familiar siga funcionando, las que se despiertan para preparar el desayuno, las que coordinan los horarios, las que limpian igual durante vacaciones. Y todo esto, mientras se espera est\u00e9n radiantes, que disfruten del momento. Porque si no lo hacen, si se atreven a quejarse o a mostrar el agotamiento, son malas madres. As\u00ed de simple, as\u00ed de injusto.<\/p>\n\n\n\n<p><em>&#8220;La sociedad nos exige una productividad y una entrega inagotables. Se espera que seamos perfectas, que lo podamos todo, que no fallemos. Que nuestros hijos est\u00e9n impecables, que no les falte nada, que sean educados y que se comporten bien. Que nosotras estemos dignas, regias, trabajemos, seamos exitosas. Que nuestra pareja no se derrumbe. Que todo, absolutamente todo, funcione de manera impecable&#8221;<\/em>, comenta Johanna Gambardella, Co Founder y Directora Creativa de MamiTasking.<em>&#8220;Y esa presi\u00f3n no desaparece con el cambio de paisaje; por el contrario, a menudo se intensifica&#8221;.<\/em><\/p>\n\n\n\n<p>Las vacaciones se convierten en una oportunidad para que otros descansen mientras ellas siguen trabajando. La diferencia es que ahora lo hacen en un lugar lindo, con mejor clima, pero sin la estructura que al menos en casa permite respirar un poco. No hay escuela que d\u00e9 un respiro de algunas horas. No hay rutina que ayude a organizar el caos.<\/p>\n\n\n\n<p>Capaz el problema real es la falta de corresponsabilidad. Porque cuando la pareja viaja por trabajo, nadie pregunta con qui\u00e9n se quedan los hijos. Se da por sentado que se quedan con la madre. Pero cuando la mujer necesita un momento, cuando se pide ayuda, cuando se sugiere que quiz\u00e1s el otro podr\u00eda hacerse cargo de algo, aparece la culpa. Esa culpa que nos han ense\u00f1ado a cargar desde que somos peque\u00f1as, que nos dice que no somos suficientemente buenas, que estamos siendo ego\u00edstas, que nuestros hijos nos necesitan solo a nosotras.<\/p>\n\n\n\n<p>Pero aqu\u00ed va la verdad inc\u00f3moda: pod\u00e9s amar profundamente a tus hijos y, al mismo tiempo, estar cansada de la maternidad. Pod\u00e9s estar enamorada de tus hijos y cansada del rol. Estos no son conceptos excluyentes, aunque la sociedad nos haya ense\u00f1ado que lo son. Pod\u00e9s quejarte, pod\u00e9s estar frustrada, pod\u00e9s necesitar ayuda. Y eso no te hace una mala madre. De hecho, te hace una madre honesta, una madre real, una madre que se atreve a decir en voz alta lo que muchas callan por verg\u00fcenza.<\/p>\n\n\n\n<p>La que es mala madre no se lo pregunta. La que es mala madre no se siente culpable. La que es mala madre no est\u00e1 buscando constantemente formas de hacerlo mejor.<\/p>\n\n\n\n<figure class=\"wp-block-image size-large\"><img loading=\"lazy\" decoding=\"async\" width=\"1024\" height=\"658\" src=\"https:\/\/sergiolapegue.com\/site\/wp-content\/uploads\/2026\/01\/mama-vacaiones02-1024x658.jpg\" alt=\"\" class=\"wp-image-27816\" srcset=\"https:\/\/sergiolapegue.com\/site\/wp-content\/uploads\/2026\/01\/mama-vacaiones02-1024x658.jpg 1024w, https:\/\/sergiolapegue.com\/site\/wp-content\/uploads\/2026\/01\/mama-vacaiones02-300x193.jpg 300w, https:\/\/sergiolapegue.com\/site\/wp-content\/uploads\/2026\/01\/mama-vacaiones02-768x494.jpg 768w, https:\/\/sergiolapegue.com\/site\/wp-content\/uploads\/2026\/01\/mama-vacaiones02-653x420.jpg 653w, https:\/\/sergiolapegue.com\/site\/wp-content\/uploads\/2026\/01\/mama-vacaiones02-696x448.jpg 696w, https:\/\/sergiolapegue.com\/site\/wp-content\/uploads\/2026\/01\/mama-vacaiones02-1068x687.jpg 1068w, https:\/\/sergiolapegue.com\/site\/wp-content\/uploads\/2026\/01\/mama-vacaiones02.jpg 1440w\" sizes=\"auto, (max-width: 1024px) 100vw, 1024px\" \/><\/figure>\n\n\n\n<p>Justamente una consulta hecha por @Mami.tasking a su comunidad de m\u00e1s de 460.000 seguidoras, confirma datos y tendencias que llaman a la reflexi\u00f3n:<\/p>\n\n\n\n<p>\u00b7&nbsp;&nbsp;&nbsp;&nbsp;&nbsp;&nbsp;&nbsp;&nbsp;&nbsp;La log\u00edstica diaria de las vacaciones se concentra en el 76% de los casos en las mujeres.<\/p>\n\n\n\n<p>\u00b7&nbsp;&nbsp;&nbsp;&nbsp;&nbsp;&nbsp;&nbsp;&nbsp;&nbsp;Para el 77% de las mujeres, la carga mental durante las vacaciones es igual o mayor que en el resto del a\u00f1o.<\/p>\n\n\n\n<p>\u00b7&nbsp;&nbsp;&nbsp;&nbsp;&nbsp;&nbsp;&nbsp;&nbsp;&nbsp;La mitad de las mujeres (49%) que se van con su familia de vacaciones sostienen que descansan poco o nada.<\/p>\n\n\n\n<p>\u00b7&nbsp;&nbsp;&nbsp;&nbsp;&nbsp;&nbsp;&nbsp;&nbsp;&nbsp;El 63% afirma que de las vacaciones vuelven igual o m\u00e1s cansadas que cuando se fueron. Solo el 36% de las mujeres siente que de las vacaciones vuelven m\u00e1s relajadas que cuando se fueron<\/p>\n\n\n\n<p>\u00b7&nbsp;&nbsp;&nbsp;&nbsp;&nbsp;&nbsp;&nbsp;&nbsp;&nbsp;Para 8 de cada 10 mujeres que se va de vacaciones con su familia, su carga mental es igual o mayor que la de siempre.<\/p>\n\n\n\n<p>\u00b7&nbsp;&nbsp;&nbsp;&nbsp;&nbsp;&nbsp;&nbsp;&nbsp;&nbsp;El 73% siente que la diferencia de carga mental entre la de ella y su pareja es muy grande.<\/p>\n\n\n\n<p>\u00b7&nbsp;&nbsp;&nbsp;&nbsp;&nbsp;&nbsp;&nbsp;&nbsp;&nbsp;El armado de las valijas de la familia, le corresponde,&nbsp;en un 85%, a las mujeres. El otro 15% corresponde a ellos colaborando, pero haciendo el trabajo incompleto.<\/p>\n\n\n\n<p><em>&#8220;Las vacaciones deber\u00edan ser un tiempo de disfrute para todos los miembros de la familia, sin excepci\u00f3n. Y para que esto sea posible, necesitamos un cambio de paradigma. Un cambio que empieza en casa, con una distribuci\u00f3n m\u00e1s equitativa de las tareas y una comunicaci\u00f3n honesta sobre las necesidades de cada uno. Necesitamos que los padres se hagan cargo de verdad, no que &#8220;ayuden&#8221; a la madre. Necesitamos que la sociedad entienda que una madre descansada es una mejor madre, una compa\u00f1era m\u00e1s presente, una mujer m\u00e1s feliz&#8221;<\/em>, suma Victoria Pardo, Psic\u00f3loga y Co-Founder de MamiTasking<\/p>\n\n\n\n<p>Cuando se deja de pretender ser perfecta, cuando te permit\u00eds ser real, cuando te atreves a pedir ayuda y a poner l\u00edmites, sucede algo m\u00e1gico. Tus hijos ven a una madre que se cuida a s\u00ed misma. Ven a una mujer que se respeta. Ven a alguien que les est\u00e1 ense\u00f1ando, con el ejemplo, que el autocuidado no es ego\u00edsmo. Y eso es el regalo m\u00e1s valioso que pod\u00e9s darles.<\/p>\n\n\n\n<p>As\u00ed que durante las vacaciones hay que descansar de verdad. Sin culpa. Sin la sensaci\u00f3n de que deber\u00edas estar haciendo algo m\u00e1s, porque todos en la familia merecen vacaciones.<\/p>\n\n\n\n<figure class=\"wp-block-image size-large\"><img loading=\"lazy\" decoding=\"async\" width=\"684\" height=\"1024\" src=\"https:\/\/sergiolapegue.com\/site\/wp-content\/uploads\/2026\/01\/Mami-Taskin-684x1024.jpeg\" alt=\"\" class=\"wp-image-27815\" srcset=\"https:\/\/sergiolapegue.com\/site\/wp-content\/uploads\/2026\/01\/Mami-Taskin-684x1024.jpeg 684w, https:\/\/sergiolapegue.com\/site\/wp-content\/uploads\/2026\/01\/Mami-Taskin-200x300.jpeg 200w, https:\/\/sergiolapegue.com\/site\/wp-content\/uploads\/2026\/01\/Mami-Taskin-768x1151.jpeg 768w, https:\/\/sergiolapegue.com\/site\/wp-content\/uploads\/2026\/01\/Mami-Taskin-1025x1536.jpeg 1025w, https:\/\/sergiolapegue.com\/site\/wp-content\/uploads\/2026\/01\/Mami-Taskin-280x420.jpeg 280w, https:\/\/sergiolapegue.com\/site\/wp-content\/uploads\/2026\/01\/Mami-Taskin-696x1043.jpeg 696w, https:\/\/sergiolapegue.com\/site\/wp-content\/uploads\/2026\/01\/Mami-Taskin-1068x1600.jpeg 1068w, https:\/\/sergiolapegue.com\/site\/wp-content\/uploads\/2026\/01\/Mami-Taskin.jpeg 1367w\" sizes=\"auto, (max-width: 684px) 100vw, 684px\" \/><\/figure>\n","protected":false},"excerpt":{"rendered":"<p>Las valijas est\u00e1n listas, el destino elegido promete descanso y la familia entera celebra el merecido recreo. Sin embargo, para muchas madres, la palabra &#8220;vacaciones&#8221; es solo un cambio de escenario para las mismas responsabilidades de siempre. Mientras todos se relajan en la playa o duermen hasta tarde, ellas siguen trabajando. Porque la maternidad, no [&hellip;]<\/p>\n","protected":false},"author":4,"featured_media":27817,"comment_status":"closed","ping_status":"closed","sticky":false,"template":"","format":"standard","meta":{"footnotes":""},"categories":[38],"tags":[517,724,171,196,1401,431,1169,63,4649],"class_list":{"0":"post-27814","1":"post","2":"type-post","3":"status-publish","4":"format-standard","5":"has-post-thumbnail","7":"category-actualidad","8":"tag-descansar","9":"tag-dormir","10":"tag-familia","11":"tag-hijos","12":"tag-madre","13":"tag-mama","14":"tag-problemas","15":"tag-vacaciones","16":"tag-valijas"},"yoast_head":"<!-- This site is optimized with the Yoast SEO plugin v27.5 - https:\/\/yoast.com\/product\/yoast-seo-wordpress\/ -->\n<title>&quot;Cuando en vacaciones descansan todos, menos mam\u00e1&quot; - Sergio Lapegue<\/title>\n<meta name=\"robots\" content=\"index, follow, max-snippet:-1, max-image-preview:large, max-video-preview:-1\" \/>\n<link rel=\"canonical\" href=\"https:\/\/sergiolapegue.com\/site\/2026\/01\/25\/cuando-en-vacaciones-descansan-todos-menos-mama\/\" \/>\n<meta property=\"og:locale\" content=\"es_ES\" \/>\n<meta property=\"og:type\" content=\"article\" \/>\n<meta property=\"og:title\" content=\"&quot;Cuando en vacaciones descansan todos, menos mam\u00e1&quot; - Sergio Lapegue\" \/>\n<meta property=\"og:description\" content=\"Las valijas est\u00e1n listas, el destino elegido promete descanso y la familia entera celebra el merecido recreo. Sin embargo, para muchas madres, la palabra &#8220;vacaciones&#8221; es solo un cambio de escenario para las mismas responsabilidades de siempre. Mientras todos se relajan en la playa o duermen hasta tarde, ellas siguen trabajando. Porque la maternidad, no [&hellip;]\" \/>\n<meta property=\"og:url\" content=\"https:\/\/sergiolapegue.com\/site\/2026\/01\/25\/cuando-en-vacaciones-descansan-todos-menos-mama\/\" \/>\n<meta property=\"og:site_name\" content=\"Sergio Lapegue\" \/>\n<meta property=\"article:publisher\" content=\"https:\/\/facebook.com\/sergiolapegue\" \/>\n<meta property=\"article:published_time\" content=\"2026-01-25T12:46:00+00:00\" \/>\n<meta property=\"og:image\" content=\"https:\/\/sergiolapegue.com\/site\/wp-content\/uploads\/2026\/01\/mama-vacaiones01.webp\" \/>\n\t<meta property=\"og:image:width\" content=\"1200\" \/>\n\t<meta property=\"og:image:height\" content=\"840\" \/>\n\t<meta property=\"og:image:type\" content=\"image\/webp\" \/>\n<meta name=\"author\" content=\"Leonardo Monta\u00f1a\" \/>\n<meta name=\"twitter:card\" content=\"summary_large_image\" \/>\n<meta name=\"twitter:creator\" content=\"@https:\/\/twitter.com\/soytoto81\" \/>\n<meta name=\"twitter:site\" content=\"@sergiolapegue\" \/>\n<meta name=\"twitter:label1\" content=\"Escrito por\" \/>\n\t<meta name=\"twitter:data1\" content=\"Leonardo Monta\u00f1a\" \/>\n\t<meta name=\"twitter:label2\" content=\"Tiempo de lectura\" \/>\n\t<meta name=\"twitter:data2\" content=\"5 minutos\" \/>\n<script type=\"application\/ld+json\" class=\"yoast-schema-graph\">{\"@context\":\"https:\\\/\\\/schema.org\",\"@graph\":[{\"@type\":\"Article\",\"@id\":\"https:\\\/\\\/sergiolapegue.com\\\/site\\\/2026\\\/01\\\/25\\\/cuando-en-vacaciones-descansan-todos-menos-mama\\\/#article\",\"isPartOf\":{\"@id\":\"https:\\\/\\\/sergiolapegue.com\\\/site\\\/2026\\\/01\\\/25\\\/cuando-en-vacaciones-descansan-todos-menos-mama\\\/\"},\"author\":{\"name\":\"Leonardo Monta\u00f1a\",\"@id\":\"https:\\\/\\\/sergiolapegue.com\\\/site\\\/#\\\/schema\\\/person\\\/00adf937d010c7f79a180dc4916a40e0\"},\"headline\":\"&#8220;Cuando en vacaciones descansan todos, menos mam\u00e1&#8221;\",\"datePublished\":\"2026-01-25T12:46:00+00:00\",\"mainEntityOfPage\":{\"@id\":\"https:\\\/\\\/sergiolapegue.com\\\/site\\\/2026\\\/01\\\/25\\\/cuando-en-vacaciones-descansan-todos-menos-mama\\\/\"},\"wordCount\":1045,\"publisher\":{\"@id\":\"https:\\\/\\\/sergiolapegue.com\\\/site\\\/#\\\/schema\\\/person\\\/083aeceeb0734cd166779ea6c0551a37\"},\"image\":{\"@id\":\"https:\\\/\\\/sergiolapegue.com\\\/site\\\/2026\\\/01\\\/25\\\/cuando-en-vacaciones-descansan-todos-menos-mama\\\/#primaryimage\"},\"thumbnailUrl\":\"https:\\\/\\\/sergiolapegue.com\\\/site\\\/wp-content\\\/uploads\\\/2026\\\/01\\\/mama-vacaiones01.webp\",\"keywords\":[\"descansar\",\"dormir\",\"familia\",\"hijos\",\"madre\",\"mama\",\"problemas\",\"vacaciones\",\"valijas\"],\"articleSection\":[\"Actualidad\"],\"inLanguage\":\"es-AR\"},{\"@type\":\"WebPage\",\"@id\":\"https:\\\/\\\/sergiolapegue.com\\\/site\\\/2026\\\/01\\\/25\\\/cuando-en-vacaciones-descansan-todos-menos-mama\\\/\",\"url\":\"https:\\\/\\\/sergiolapegue.com\\\/site\\\/2026\\\/01\\\/25\\\/cuando-en-vacaciones-descansan-todos-menos-mama\\\/\",\"name\":\"\\\"Cuando en vacaciones descansan todos, menos mam\u00e1\\\" - Sergio Lapegue\",\"isPartOf\":{\"@id\":\"https:\\\/\\\/sergiolapegue.com\\\/site\\\/#website\"},\"primaryImageOfPage\":{\"@id\":\"https:\\\/\\\/sergiolapegue.com\\\/site\\\/2026\\\/01\\\/25\\\/cuando-en-vacaciones-descansan-todos-menos-mama\\\/#primaryimage\"},\"image\":{\"@id\":\"https:\\\/\\\/sergiolapegue.com\\\/site\\\/2026\\\/01\\\/25\\\/cuando-en-vacaciones-descansan-todos-menos-mama\\\/#primaryimage\"},\"thumbnailUrl\":\"https:\\\/\\\/sergiolapegue.com\\\/site\\\/wp-content\\\/uploads\\\/2026\\\/01\\\/mama-vacaiones01.webp\",\"datePublished\":\"2026-01-25T12:46:00+00:00\",\"breadcrumb\":{\"@id\":\"https:\\\/\\\/sergiolapegue.com\\\/site\\\/2026\\\/01\\\/25\\\/cuando-en-vacaciones-descansan-todos-menos-mama\\\/#breadcrumb\"},\"inLanguage\":\"es-AR\",\"potentialAction\":[{\"@type\":\"ReadAction\",\"target\":[\"https:\\\/\\\/sergiolapegue.com\\\/site\\\/2026\\\/01\\\/25\\\/cuando-en-vacaciones-descansan-todos-menos-mama\\\/\"]}]},{\"@type\":\"ImageObject\",\"inLanguage\":\"es-AR\",\"@id\":\"https:\\\/\\\/sergiolapegue.com\\\/site\\\/2026\\\/01\\\/25\\\/cuando-en-vacaciones-descansan-todos-menos-mama\\\/#primaryimage\",\"url\":\"https:\\\/\\\/sergiolapegue.com\\\/site\\\/wp-content\\\/uploads\\\/2026\\\/01\\\/mama-vacaiones01.webp\",\"contentUrl\":\"https:\\\/\\\/sergiolapegue.com\\\/site\\\/wp-content\\\/uploads\\\/2026\\\/01\\\/mama-vacaiones01.webp\",\"width\":1200,\"height\":840},{\"@type\":\"BreadcrumbList\",\"@id\":\"https:\\\/\\\/sergiolapegue.com\\\/site\\\/2026\\\/01\\\/25\\\/cuando-en-vacaciones-descansan-todos-menos-mama\\\/#breadcrumb\",\"itemListElement\":[{\"@type\":\"ListItem\",\"position\":1,\"name\":\"Inicio\",\"item\":\"https:\\\/\\\/sergiolapegue.com\\\/site\\\/\"},{\"@type\":\"ListItem\",\"position\":2,\"name\":\"&#8220;Cuando en vacaciones descansan todos, menos mam\u00e1&#8221;\"}]},{\"@type\":\"WebSite\",\"@id\":\"https:\\\/\\\/sergiolapegue.com\\\/site\\\/#website\",\"url\":\"https:\\\/\\\/sergiolapegue.com\\\/site\\\/\",\"name\":\"Sergio Lapegue\",\"description\":\"Periodista\",\"publisher\":{\"@id\":\"https:\\\/\\\/sergiolapegue.com\\\/site\\\/#\\\/schema\\\/person\\\/083aeceeb0734cd166779ea6c0551a37\"},\"potentialAction\":[{\"@type\":\"SearchAction\",\"target\":{\"@type\":\"EntryPoint\",\"urlTemplate\":\"https:\\\/\\\/sergiolapegue.com\\\/site\\\/?s={search_term_string}\"},\"query-input\":{\"@type\":\"PropertyValueSpecification\",\"valueRequired\":true,\"valueName\":\"search_term_string\"}}],\"inLanguage\":\"es-AR\"},{\"@type\":[\"Person\",\"Organization\"],\"@id\":\"https:\\\/\\\/sergiolapegue.com\\\/site\\\/#\\\/schema\\\/person\\\/083aeceeb0734cd166779ea6c0551a37\",\"name\":\"Sergio Lapegue\",\"image\":{\"@type\":\"ImageObject\",\"inLanguage\":\"es-AR\",\"@id\":\"https:\\\/\\\/sergiolapegue.com\\\/site\\\/wp-content\\\/uploads\\\/2021\\\/04\\\/logo_header-1.png\",\"url\":\"https:\\\/\\\/sergiolapegue.com\\\/site\\\/wp-content\\\/uploads\\\/2021\\\/04\\\/logo_header-1.png\",\"contentUrl\":\"https:\\\/\\\/sergiolapegue.com\\\/site\\\/wp-content\\\/uploads\\\/2021\\\/04\\\/logo_header-1.png\",\"width\":272,\"height\":90,\"caption\":\"Sergio Lapegue\"},\"logo\":{\"@id\":\"https:\\\/\\\/sergiolapegue.com\\\/site\\\/wp-content\\\/uploads\\\/2021\\\/04\\\/logo_header-1.png\"},\"sameAs\":[\"https:\\\/\\\/facebook.com\\\/sergiolapegue\",\"https:\\\/\\\/instagram.com\\\/sergiolapegue\",\"https:\\\/\\\/x.com\\\/https:\\\/\\\/twitter.com\\\/sergiolapegue\"]},{\"@type\":\"Person\",\"@id\":\"https:\\\/\\\/sergiolapegue.com\\\/site\\\/#\\\/schema\\\/person\\\/00adf937d010c7f79a180dc4916a40e0\",\"name\":\"Leonardo Monta\u00f1a\",\"image\":{\"@type\":\"ImageObject\",\"inLanguage\":\"es-AR\",\"@id\":\"https:\\\/\\\/sergiolapegue.com\\\/site\\\/wp-content\\\/uploads\\\/2021\\\/04\\\/sl_avatar_Leonardo-150x150.jpg\",\"url\":\"https:\\\/\\\/sergiolapegue.com\\\/site\\\/wp-content\\\/uploads\\\/2021\\\/04\\\/sl_avatar_Leonardo-150x150.jpg\",\"contentUrl\":\"https:\\\/\\\/sergiolapegue.com\\\/site\\\/wp-content\\\/uploads\\\/2021\\\/04\\\/sl_avatar_Leonardo-150x150.jpg\",\"caption\":\"Leonardo Monta\u00f1a\"},\"sameAs\":[\"https:\\\/\\\/x.com\\\/https:\\\/\\\/twitter.com\\\/soytoto81\"],\"url\":\"https:\\\/\\\/sergiolapegue.com\\\/site\\\/author\\\/leonardo\\\/\"}]}<\/script>\n<!-- \/ Yoast SEO plugin. -->","yoast_head_json":{"title":"\"Cuando en vacaciones descansan todos, menos mam\u00e1\" - Sergio Lapegue","robots":{"index":"index","follow":"follow","max-snippet":"max-snippet:-1","max-image-preview":"max-image-preview:large","max-video-preview":"max-video-preview:-1"},"canonical":"https:\/\/sergiolapegue.com\/site\/2026\/01\/25\/cuando-en-vacaciones-descansan-todos-menos-mama\/","og_locale":"es_ES","og_type":"article","og_title":"\"Cuando en vacaciones descansan todos, menos mam\u00e1\" - Sergio Lapegue","og_description":"Las valijas est\u00e1n listas, el destino elegido promete descanso y la familia entera celebra el merecido recreo. Sin embargo, para muchas madres, la palabra &#8220;vacaciones&#8221; es solo un cambio de escenario para las mismas responsabilidades de siempre. Mientras todos se relajan en la playa o duermen hasta tarde, ellas siguen trabajando. Porque la maternidad, no [&hellip;]","og_url":"https:\/\/sergiolapegue.com\/site\/2026\/01\/25\/cuando-en-vacaciones-descansan-todos-menos-mama\/","og_site_name":"Sergio Lapegue","article_publisher":"https:\/\/facebook.com\/sergiolapegue","article_published_time":"2026-01-25T12:46:00+00:00","og_image":[{"width":1200,"height":840,"url":"https:\/\/sergiolapegue.com\/site\/wp-content\/uploads\/2026\/01\/mama-vacaiones01.webp","type":"image\/webp"}],"author":"Leonardo Monta\u00f1a","twitter_card":"summary_large_image","twitter_creator":"@https:\/\/twitter.com\/soytoto81","twitter_site":"@sergiolapegue","twitter_misc":{"Escrito por":"Leonardo Monta\u00f1a","Tiempo de lectura":"5 minutos"},"schema":{"@context":"https:\/\/schema.org","@graph":[{"@type":"Article","@id":"https:\/\/sergiolapegue.com\/site\/2026\/01\/25\/cuando-en-vacaciones-descansan-todos-menos-mama\/#article","isPartOf":{"@id":"https:\/\/sergiolapegue.com\/site\/2026\/01\/25\/cuando-en-vacaciones-descansan-todos-menos-mama\/"},"author":{"name":"Leonardo Monta\u00f1a","@id":"https:\/\/sergiolapegue.com\/site\/#\/schema\/person\/00adf937d010c7f79a180dc4916a40e0"},"headline":"&#8220;Cuando en vacaciones descansan todos, menos mam\u00e1&#8221;","datePublished":"2026-01-25T12:46:00+00:00","mainEntityOfPage":{"@id":"https:\/\/sergiolapegue.com\/site\/2026\/01\/25\/cuando-en-vacaciones-descansan-todos-menos-mama\/"},"wordCount":1045,"publisher":{"@id":"https:\/\/sergiolapegue.com\/site\/#\/schema\/person\/083aeceeb0734cd166779ea6c0551a37"},"image":{"@id":"https:\/\/sergiolapegue.com\/site\/2026\/01\/25\/cuando-en-vacaciones-descansan-todos-menos-mama\/#primaryimage"},"thumbnailUrl":"https:\/\/sergiolapegue.com\/site\/wp-content\/uploads\/2026\/01\/mama-vacaiones01.webp","keywords":["descansar","dormir","familia","hijos","madre","mama","problemas","vacaciones","valijas"],"articleSection":["Actualidad"],"inLanguage":"es-AR"},{"@type":"WebPage","@id":"https:\/\/sergiolapegue.com\/site\/2026\/01\/25\/cuando-en-vacaciones-descansan-todos-menos-mama\/","url":"https:\/\/sergiolapegue.com\/site\/2026\/01\/25\/cuando-en-vacaciones-descansan-todos-menos-mama\/","name":"\"Cuando en vacaciones descansan todos, menos mam\u00e1\" - Sergio Lapegue","isPartOf":{"@id":"https:\/\/sergiolapegue.com\/site\/#website"},"primaryImageOfPage":{"@id":"https:\/\/sergiolapegue.com\/site\/2026\/01\/25\/cuando-en-vacaciones-descansan-todos-menos-mama\/#primaryimage"},"image":{"@id":"https:\/\/sergiolapegue.com\/site\/2026\/01\/25\/cuando-en-vacaciones-descansan-todos-menos-mama\/#primaryimage"},"thumbnailUrl":"https:\/\/sergiolapegue.com\/site\/wp-content\/uploads\/2026\/01\/mama-vacaiones01.webp","datePublished":"2026-01-25T12:46:00+00:00","breadcrumb":{"@id":"https:\/\/sergiolapegue.com\/site\/2026\/01\/25\/cuando-en-vacaciones-descansan-todos-menos-mama\/#breadcrumb"},"inLanguage":"es-AR","potentialAction":[{"@type":"ReadAction","target":["https:\/\/sergiolapegue.com\/site\/2026\/01\/25\/cuando-en-vacaciones-descansan-todos-menos-mama\/"]}]},{"@type":"ImageObject","inLanguage":"es-AR","@id":"https:\/\/sergiolapegue.com\/site\/2026\/01\/25\/cuando-en-vacaciones-descansan-todos-menos-mama\/#primaryimage","url":"https:\/\/sergiolapegue.com\/site\/wp-content\/uploads\/2026\/01\/mama-vacaiones01.webp","contentUrl":"https:\/\/sergiolapegue.com\/site\/wp-content\/uploads\/2026\/01\/mama-vacaiones01.webp","width":1200,"height":840},{"@type":"BreadcrumbList","@id":"https:\/\/sergiolapegue.com\/site\/2026\/01\/25\/cuando-en-vacaciones-descansan-todos-menos-mama\/#breadcrumb","itemListElement":[{"@type":"ListItem","position":1,"name":"Inicio","item":"https:\/\/sergiolapegue.com\/site\/"},{"@type":"ListItem","position":2,"name":"&#8220;Cuando en vacaciones descansan todos, menos mam\u00e1&#8221;"}]},{"@type":"WebSite","@id":"https:\/\/sergiolapegue.com\/site\/#website","url":"https:\/\/sergiolapegue.com\/site\/","name":"Sergio Lapegue","description":"Periodista","publisher":{"@id":"https:\/\/sergiolapegue.com\/site\/#\/schema\/person\/083aeceeb0734cd166779ea6c0551a37"},"potentialAction":[{"@type":"SearchAction","target":{"@type":"EntryPoint","urlTemplate":"https:\/\/sergiolapegue.com\/site\/?s={search_term_string}"},"query-input":{"@type":"PropertyValueSpecification","valueRequired":true,"valueName":"search_term_string"}}],"inLanguage":"es-AR"},{"@type":["Person","Organization"],"@id":"https:\/\/sergiolapegue.com\/site\/#\/schema\/person\/083aeceeb0734cd166779ea6c0551a37","name":"Sergio Lapegue","image":{"@type":"ImageObject","inLanguage":"es-AR","@id":"https:\/\/sergiolapegue.com\/site\/wp-content\/uploads\/2021\/04\/logo_header-1.png","url":"https:\/\/sergiolapegue.com\/site\/wp-content\/uploads\/2021\/04\/logo_header-1.png","contentUrl":"https:\/\/sergiolapegue.com\/site\/wp-content\/uploads\/2021\/04\/logo_header-1.png","width":272,"height":90,"caption":"Sergio Lapegue"},"logo":{"@id":"https:\/\/sergiolapegue.com\/site\/wp-content\/uploads\/2021\/04\/logo_header-1.png"},"sameAs":["https:\/\/facebook.com\/sergiolapegue","https:\/\/instagram.com\/sergiolapegue","https:\/\/x.com\/https:\/\/twitter.com\/sergiolapegue"]},{"@type":"Person","@id":"https:\/\/sergiolapegue.com\/site\/#\/schema\/person\/00adf937d010c7f79a180dc4916a40e0","name":"Leonardo Monta\u00f1a","image":{"@type":"ImageObject","inLanguage":"es-AR","@id":"https:\/\/sergiolapegue.com\/site\/wp-content\/uploads\/2021\/04\/sl_avatar_Leonardo-150x150.jpg","url":"https:\/\/sergiolapegue.com\/site\/wp-content\/uploads\/2021\/04\/sl_avatar_Leonardo-150x150.jpg","contentUrl":"https:\/\/sergiolapegue.com\/site\/wp-content\/uploads\/2021\/04\/sl_avatar_Leonardo-150x150.jpg","caption":"Leonardo Monta\u00f1a"},"sameAs":["https:\/\/x.com\/https:\/\/twitter.com\/soytoto81"],"url":"https:\/\/sergiolapegue.com\/site\/author\/leonardo\/"}]}},"_links":{"self":[{"href":"https:\/\/sergiolapegue.com\/site\/wp-json\/wp\/v2\/posts\/27814","targetHints":{"allow":["GET"]}}],"collection":[{"href":"https:\/\/sergiolapegue.com\/site\/wp-json\/wp\/v2\/posts"}],"about":[{"href":"https:\/\/sergiolapegue.com\/site\/wp-json\/wp\/v2\/types\/post"}],"author":[{"embeddable":true,"href":"https:\/\/sergiolapegue.com\/site\/wp-json\/wp\/v2\/users\/4"}],"replies":[{"embeddable":true,"href":"https:\/\/sergiolapegue.com\/site\/wp-json\/wp\/v2\/comments?post=27814"}],"version-history":[{"count":1,"href":"https:\/\/sergiolapegue.com\/site\/wp-json\/wp\/v2\/posts\/27814\/revisions"}],"predecessor-version":[{"id":27818,"href":"https:\/\/sergiolapegue.com\/site\/wp-json\/wp\/v2\/posts\/27814\/revisions\/27818"}],"wp:featuredmedia":[{"embeddable":true,"href":"https:\/\/sergiolapegue.com\/site\/wp-json\/wp\/v2\/media\/27817"}],"wp:attachment":[{"href":"https:\/\/sergiolapegue.com\/site\/wp-json\/wp\/v2\/media?parent=27814"}],"wp:term":[{"taxonomy":"category","embeddable":true,"href":"https:\/\/sergiolapegue.com\/site\/wp-json\/wp\/v2\/categories?post=27814"},{"taxonomy":"post_tag","embeddable":true,"href":"https:\/\/sergiolapegue.com\/site\/wp-json\/wp\/v2\/tags?post=27814"}],"curies":[{"name":"wp","href":"https:\/\/api.w.org\/{rel}","templated":true}]}}