{"id":27701,"date":"2026-01-19T14:41:00","date_gmt":"2026-01-19T17:41:00","guid":{"rendered":"https:\/\/sergiolapegue.com\/site\/?p=27701"},"modified":"2026-01-16T16:39:55","modified_gmt":"2026-01-16T19:39:55","slug":"el-46-de-los-talentos-no-se-tomo-vacaciones-laborales-en-el-ultimo-ano","status":"publish","type":"post","link":"https:\/\/sergiolapegue.com\/site\/2026\/01\/19\/el-46-de-los-talentos-no-se-tomo-vacaciones-laborales-en-el-ultimo-ano\/","title":{"rendered":"El 46% de los talentos no se tom\u00f3 vacaciones laborales en el \u00faltimo a\u00f1o"},"content":{"rendered":"\n<p>Casi la mitad de las trabajadoras y los trabajadores en la Argentina no logr\u00f3 tomarse vacaciones laborales durante el \u00faltimo a\u00f1o. As\u00ed lo indic\u00f3 el estudio Vacaciones 3.0, elaborado por Bumeran para Jobint, que expone c\u00f3mo las limitaciones econ\u00f3micas, los cambios en el empleo y las nuevas prioridades influyen en la forma de descansar.<\/p>\n\n\n\n<p>Seg\u00fan el relevamiento, el 46% de las personas encuestadas no tom\u00f3 vacaciones en los \u00faltimos doce meses. Entre quienes no pudieron hacerlo, la falta de recursos econ\u00f3micos aparece como el principal motivo, mencionada por el 62% de los casos. En tanto, el 12% afirm\u00f3 que en su trabajo no se otorgan vacaciones, mientras que el 9% se\u00f1al\u00f3 que prefiere guardar los d\u00edas disponibles para eventuales emergencias. El resto mencion\u00f3 razones vinculadas a la falta de tiempo, problemas de organizaci\u00f3n o la elecci\u00f3n de permanecer en su casa.<\/p>\n\n\n\n<p>\u201cEl estudio revela una brecha en el descanso: mientras el 54% logr\u00f3 pausar sus tareas, el 46% de los talentos no se tom\u00f3 vacaciones el \u00faltimo a\u00f1o. Esta diferencia tiene ra\u00edces mayoritariamente financieras\u201d, explic\u00f3 Federico Barni, CEO de Bumeran en Jobint.<\/p>\n\n\n\n<p><strong>Menos vacaciones y nuevos beneficios en agenda<\/strong><br>M\u00e1s all\u00e1 de quienes no lograron tomarse vacaciones, el informe muestra un cambio en la forma en que se valora el tiempo libre. En la Argentina, el 29% de los trabajadores preferir\u00eda reducir su jornada laboral antes que tomarse vacaciones, una tendencia que se intensifica en otros pa\u00edses de la regi\u00f3n: alcanza al 45% en Per\u00fa, al 40% en Panam\u00e1, al 36% en Ecuador y al 33% en Chile.<\/p>\n\n\n\n<p>En esa misma l\u00ednea, el 22% priorizar\u00eda otros beneficios por sobre las vacaciones. Entre las opciones m\u00e1s valoradas, el 44% eligi\u00f3 un mejor salario, el 21% opt\u00f3 por el home office o el trabajo remoto desde cualquier lugar, el 15% por bonos o incentivos econ\u00f3micos, el 10% por esquemas sin horarios fijos, el 6% por d\u00edas libres ocasionales y el **4% mencion\u00f3 otros beneficios.<\/p>\n\n\n\n<figure class=\"wp-block-image size-full is-style-default\"><img loading=\"lazy\" decoding=\"async\" width=\"960\" height=\"448\" src=\"https:\/\/sergiolapegue.com\/site\/wp-content\/uploads\/2026\/01\/vacaciones-trabajo02.jpg\" alt=\"\" class=\"wp-image-27703\" srcset=\"https:\/\/sergiolapegue.com\/site\/wp-content\/uploads\/2026\/01\/vacaciones-trabajo02.jpg 960w, https:\/\/sergiolapegue.com\/site\/wp-content\/uploads\/2026\/01\/vacaciones-trabajo02-300x140.jpg 300w, https:\/\/sergiolapegue.com\/site\/wp-content\/uploads\/2026\/01\/vacaciones-trabajo02-768x358.jpg 768w, https:\/\/sergiolapegue.com\/site\/wp-content\/uploads\/2026\/01\/vacaciones-trabajo02-900x420.jpg 900w, https:\/\/sergiolapegue.com\/site\/wp-content\/uploads\/2026\/01\/vacaciones-trabajo02-696x325.jpg 696w\" sizes=\"auto, (max-width: 960px) 100vw, 960px\" \/><\/figure>\n\n\n\n<p><strong>D\u00f3nde vacacionan y cu\u00e1ntos d\u00edas tienen disponibles<\/strong><br>Entre quienes s\u00ed lograron tomarse vacaciones durante el \u00faltimo a\u00f1o, la Costa Atl\u00e1ntica bonaerense fue el destino m\u00e1s elegido, con el 24% de las preferencias. En segundo lugar se ubicaron otros destinos (22%), con especial presencia del Caribe. Luego aparecieron Brasil (16%) y la Patagonia (13%).<\/p>\n\n\n\n<p>En relaci\u00f3n con la cantidad de d\u00edas de vacaciones anuales, el 44% indic\u00f3 contar con entre 10 y 15 d\u00edas, el 22% con entre 20 y 30 d\u00edas y el 10% con entre 16 y 20 d\u00edas. Otro 10% tiene entre 5 y 10 d\u00edas, el 8% m\u00e1s de 30 d\u00edas y el 6% menos de 5 d\u00edas al a\u00f1o.<\/p>\n\n\n\n<p>Adem\u00e1s, comienza a consolidarse la pr\u00e1ctica de ofrecer una semana adicional de vacaciones por encima de lo que establece la ley. En la Argentina, el 24% de los empleados afirm\u00f3 contar con este beneficio, lo que representa un aumento de tres puntos porcentuales respecto de 2024.<\/p>\n\n\n\n<figure class=\"wp-block-image size-full\"><img loading=\"lazy\" decoding=\"async\" width=\"867\" height=\"659\" src=\"https:\/\/sergiolapegue.com\/site\/wp-content\/uploads\/2026\/01\/vacaciones-trabajo01.jpg\" alt=\"\" class=\"wp-image-27702\" srcset=\"https:\/\/sergiolapegue.com\/site\/wp-content\/uploads\/2026\/01\/vacaciones-trabajo01.jpg 867w, https:\/\/sergiolapegue.com\/site\/wp-content\/uploads\/2026\/01\/vacaciones-trabajo01-300x228.jpg 300w, https:\/\/sergiolapegue.com\/site\/wp-content\/uploads\/2026\/01\/vacaciones-trabajo01-768x584.jpg 768w, https:\/\/sergiolapegue.com\/site\/wp-content\/uploads\/2026\/01\/vacaciones-trabajo01-553x420.jpg 553w, https:\/\/sergiolapegue.com\/site\/wp-content\/uploads\/2026\/01\/vacaciones-trabajo01-80x60.jpg 80w, https:\/\/sergiolapegue.com\/site\/wp-content\/uploads\/2026\/01\/vacaciones-trabajo01-696x529.jpg 696w\" sizes=\"auto, (max-width: 867px) 100vw, 867px\" \/><\/figure>\n\n\n\n<p><strong>Vacaciones sin desconexi\u00f3n<\/strong><br>El estudio tambi\u00e9n alert\u00f3 sobre las dificultades para desconectarse del trabajo durante el descanso. El 45% de los trabajadores asegur\u00f3 que no logra desconectarse completamente cuando est\u00e1 de vacaciones. Dentro de ese grupo, el 30% revisa mensajes o correos laborales de manera ocasional, el 11% contin\u00faa gestionando algunas tareas y el **4% sigue trabajando casi al mismo ritmo que durante los d\u00edas laborales.<\/p>\n\n\n\n<p>En contraposici\u00f3n, el 55% afirm\u00f3 que logra desconectarse por completo. Sin embargo, entre quienes no lo consiguen, el 29% explic\u00f3 que le gusta mantenerse informado, el 27% dijo recibir pedidos urgentes y el **20% teme la acumulaci\u00f3n de tareas al regresar.<\/p>\n\n\n\n<p>De manera general, el 49% reconoci\u00f3 que revisa su correo electr\u00f3nico o celular laboral durante las vacaciones, mientras que el 24% manifest\u00f3 sentir ansiedad si no lo hace y el 11% culpa por disfrutar del descanso.<\/p>\n\n\n\n<p>Por \u00faltimo, el relevamiento mostr\u00f3 que los d\u00edas extra de vacaciones son un factor clave al evaluar una propuesta laboral: el 56% los considera determinantes al elegir un nuevo empleo y el 95% cree que deber\u00edan ser un beneficio ofrecido por todas las organizaciones.<\/p>\n","protected":false},"excerpt":{"rendered":"<p>Casi la mitad de las trabajadoras y los trabajadores en la Argentina no logr\u00f3 tomarse vacaciones laborales durante el \u00faltimo a\u00f1o. As\u00ed lo indic\u00f3 el estudio Vacaciones 3.0, elaborado por Bumeran para Jobint, que expone c\u00f3mo las limitaciones econ\u00f3micas, los cambios en el empleo y las nuevas prioridades influyen en la forma de descansar. Seg\u00fan [&hellip;]<\/p>\n","protected":false},"author":4,"featured_media":27704,"comment_status":"closed","ping_status":"closed","sticky":false,"template":"","format":"standard","meta":{"footnotes":""},"categories":[38],"tags":[89,1991,2169,76,63],"class_list":{"0":"post-27701","1":"post","2":"type-post","3":"status-publish","4":"format-standard","5":"has-post-thumbnail","7":"category-actualidad","8":"tag-argentina","9":"tag-economia","10":"tag-talento","11":"tag-trabajo","12":"tag-vacaciones"},"yoast_head":"<!-- This site is optimized with the Yoast SEO plugin v27.5 - https:\/\/yoast.com\/product\/yoast-seo-wordpress\/ -->\n<title>El 46% de los talentos no se tom\u00f3 vacaciones laborales en el \u00faltimo a\u00f1o - Sergio Lapegue<\/title>\n<meta name=\"robots\" content=\"index, follow, max-snippet:-1, max-image-preview:large, max-video-preview:-1\" \/>\n<link rel=\"canonical\" href=\"https:\/\/sergiolapegue.com\/site\/2026\/01\/19\/el-46-de-los-talentos-no-se-tomo-vacaciones-laborales-en-el-ultimo-ano\/\" \/>\n<meta property=\"og:locale\" content=\"es_ES\" \/>\n<meta property=\"og:type\" content=\"article\" \/>\n<meta property=\"og:title\" content=\"El 46% de los talentos no se tom\u00f3 vacaciones laborales en el \u00faltimo a\u00f1o - Sergio Lapegue\" \/>\n<meta property=\"og:description\" content=\"Casi la mitad de las trabajadoras y los trabajadores en la Argentina no logr\u00f3 tomarse vacaciones laborales durante el \u00faltimo a\u00f1o. As\u00ed lo indic\u00f3 el estudio Vacaciones 3.0, elaborado por Bumeran para Jobint, que expone c\u00f3mo las limitaciones econ\u00f3micas, los cambios en el empleo y las nuevas prioridades influyen en la forma de descansar. Seg\u00fan [&hellip;]\" \/>\n<meta property=\"og:url\" content=\"https:\/\/sergiolapegue.com\/site\/2026\/01\/19\/el-46-de-los-talentos-no-se-tomo-vacaciones-laborales-en-el-ultimo-ano\/\" \/>\n<meta property=\"og:site_name\" content=\"Sergio Lapegue\" \/>\n<meta property=\"article:publisher\" content=\"https:\/\/facebook.com\/sergiolapegue\" \/>\n<meta property=\"article:published_time\" content=\"2026-01-19T17:41:00+00:00\" \/>\n<meta property=\"og:image\" content=\"https:\/\/sergiolapegue.com\/site\/wp-content\/uploads\/2026\/01\/vacaciones-trabajo03.webp\" \/>\n\t<meta property=\"og:image:width\" content=\"1470\" \/>\n\t<meta property=\"og:image:height\" content=\"980\" \/>\n\t<meta property=\"og:image:type\" content=\"image\/webp\" \/>\n<meta name=\"author\" content=\"Leonardo Monta\u00f1a\" \/>\n<meta name=\"twitter:card\" content=\"summary_large_image\" \/>\n<meta name=\"twitter:creator\" content=\"@https:\/\/twitter.com\/soytoto81\" \/>\n<meta name=\"twitter:site\" content=\"@sergiolapegue\" \/>\n<meta name=\"twitter:label1\" content=\"Escrito por\" \/>\n\t<meta name=\"twitter:data1\" content=\"Leonardo Monta\u00f1a\" \/>\n\t<meta name=\"twitter:label2\" content=\"Tiempo de lectura\" \/>\n\t<meta name=\"twitter:data2\" content=\"4 minutos\" \/>\n<script type=\"application\/ld+json\" class=\"yoast-schema-graph\">{\"@context\":\"https:\\\/\\\/schema.org\",\"@graph\":[{\"@type\":\"Article\",\"@id\":\"https:\\\/\\\/sergiolapegue.com\\\/site\\\/2026\\\/01\\\/19\\\/el-46-de-los-talentos-no-se-tomo-vacaciones-laborales-en-el-ultimo-ano\\\/#article\",\"isPartOf\":{\"@id\":\"https:\\\/\\\/sergiolapegue.com\\\/site\\\/2026\\\/01\\\/19\\\/el-46-de-los-talentos-no-se-tomo-vacaciones-laborales-en-el-ultimo-ano\\\/\"},\"author\":{\"name\":\"Leonardo Monta\u00f1a\",\"@id\":\"https:\\\/\\\/sergiolapegue.com\\\/site\\\/#\\\/schema\\\/person\\\/00adf937d010c7f79a180dc4916a40e0\"},\"headline\":\"El 46% de los talentos no se tom\u00f3 vacaciones laborales en el \u00faltimo a\u00f1o\",\"datePublished\":\"2026-01-19T17:41:00+00:00\",\"mainEntityOfPage\":{\"@id\":\"https:\\\/\\\/sergiolapegue.com\\\/site\\\/2026\\\/01\\\/19\\\/el-46-de-los-talentos-no-se-tomo-vacaciones-laborales-en-el-ultimo-ano\\\/\"},\"wordCount\":675,\"publisher\":{\"@id\":\"https:\\\/\\\/sergiolapegue.com\\\/site\\\/#\\\/schema\\\/person\\\/083aeceeb0734cd166779ea6c0551a37\"},\"image\":{\"@id\":\"https:\\\/\\\/sergiolapegue.com\\\/site\\\/2026\\\/01\\\/19\\\/el-46-de-los-talentos-no-se-tomo-vacaciones-laborales-en-el-ultimo-ano\\\/#primaryimage\"},\"thumbnailUrl\":\"https:\\\/\\\/sergiolapegue.com\\\/site\\\/wp-content\\\/uploads\\\/2026\\\/01\\\/vacaciones-trabajo03.webp\",\"keywords\":[\"argentina\",\"economia\",\"TALENTO\",\"trabajo\",\"vacaciones\"],\"articleSection\":[\"Actualidad\"],\"inLanguage\":\"es-AR\"},{\"@type\":\"WebPage\",\"@id\":\"https:\\\/\\\/sergiolapegue.com\\\/site\\\/2026\\\/01\\\/19\\\/el-46-de-los-talentos-no-se-tomo-vacaciones-laborales-en-el-ultimo-ano\\\/\",\"url\":\"https:\\\/\\\/sergiolapegue.com\\\/site\\\/2026\\\/01\\\/19\\\/el-46-de-los-talentos-no-se-tomo-vacaciones-laborales-en-el-ultimo-ano\\\/\",\"name\":\"El 46% de los talentos no se tom\u00f3 vacaciones laborales en el \u00faltimo a\u00f1o - Sergio Lapegue\",\"isPartOf\":{\"@id\":\"https:\\\/\\\/sergiolapegue.com\\\/site\\\/#website\"},\"primaryImageOfPage\":{\"@id\":\"https:\\\/\\\/sergiolapegue.com\\\/site\\\/2026\\\/01\\\/19\\\/el-46-de-los-talentos-no-se-tomo-vacaciones-laborales-en-el-ultimo-ano\\\/#primaryimage\"},\"image\":{\"@id\":\"https:\\\/\\\/sergiolapegue.com\\\/site\\\/2026\\\/01\\\/19\\\/el-46-de-los-talentos-no-se-tomo-vacaciones-laborales-en-el-ultimo-ano\\\/#primaryimage\"},\"thumbnailUrl\":\"https:\\\/\\\/sergiolapegue.com\\\/site\\\/wp-content\\\/uploads\\\/2026\\\/01\\\/vacaciones-trabajo03.webp\",\"datePublished\":\"2026-01-19T17:41:00+00:00\",\"breadcrumb\":{\"@id\":\"https:\\\/\\\/sergiolapegue.com\\\/site\\\/2026\\\/01\\\/19\\\/el-46-de-los-talentos-no-se-tomo-vacaciones-laborales-en-el-ultimo-ano\\\/#breadcrumb\"},\"inLanguage\":\"es-AR\",\"potentialAction\":[{\"@type\":\"ReadAction\",\"target\":[\"https:\\\/\\\/sergiolapegue.com\\\/site\\\/2026\\\/01\\\/19\\\/el-46-de-los-talentos-no-se-tomo-vacaciones-laborales-en-el-ultimo-ano\\\/\"]}]},{\"@type\":\"ImageObject\",\"inLanguage\":\"es-AR\",\"@id\":\"https:\\\/\\\/sergiolapegue.com\\\/site\\\/2026\\\/01\\\/19\\\/el-46-de-los-talentos-no-se-tomo-vacaciones-laborales-en-el-ultimo-ano\\\/#primaryimage\",\"url\":\"https:\\\/\\\/sergiolapegue.com\\\/site\\\/wp-content\\\/uploads\\\/2026\\\/01\\\/vacaciones-trabajo03.webp\",\"contentUrl\":\"https:\\\/\\\/sergiolapegue.com\\\/site\\\/wp-content\\\/uploads\\\/2026\\\/01\\\/vacaciones-trabajo03.webp\",\"width\":1470,\"height\":980},{\"@type\":\"BreadcrumbList\",\"@id\":\"https:\\\/\\\/sergiolapegue.com\\\/site\\\/2026\\\/01\\\/19\\\/el-46-de-los-talentos-no-se-tomo-vacaciones-laborales-en-el-ultimo-ano\\\/#breadcrumb\",\"itemListElement\":[{\"@type\":\"ListItem\",\"position\":1,\"name\":\"Inicio\",\"item\":\"https:\\\/\\\/sergiolapegue.com\\\/site\\\/\"},{\"@type\":\"ListItem\",\"position\":2,\"name\":\"El 46% de los talentos no se tom\u00f3 vacaciones laborales en el \u00faltimo a\u00f1o\"}]},{\"@type\":\"WebSite\",\"@id\":\"https:\\\/\\\/sergiolapegue.com\\\/site\\\/#website\",\"url\":\"https:\\\/\\\/sergiolapegue.com\\\/site\\\/\",\"name\":\"Sergio Lapegue\",\"description\":\"Periodista\",\"publisher\":{\"@id\":\"https:\\\/\\\/sergiolapegue.com\\\/site\\\/#\\\/schema\\\/person\\\/083aeceeb0734cd166779ea6c0551a37\"},\"potentialAction\":[{\"@type\":\"SearchAction\",\"target\":{\"@type\":\"EntryPoint\",\"urlTemplate\":\"https:\\\/\\\/sergiolapegue.com\\\/site\\\/?s={search_term_string}\"},\"query-input\":{\"@type\":\"PropertyValueSpecification\",\"valueRequired\":true,\"valueName\":\"search_term_string\"}}],\"inLanguage\":\"es-AR\"},{\"@type\":[\"Person\",\"Organization\"],\"@id\":\"https:\\\/\\\/sergiolapegue.com\\\/site\\\/#\\\/schema\\\/person\\\/083aeceeb0734cd166779ea6c0551a37\",\"name\":\"Sergio Lapegue\",\"image\":{\"@type\":\"ImageObject\",\"inLanguage\":\"es-AR\",\"@id\":\"https:\\\/\\\/sergiolapegue.com\\\/site\\\/wp-content\\\/uploads\\\/2021\\\/04\\\/logo_header-1.png\",\"url\":\"https:\\\/\\\/sergiolapegue.com\\\/site\\\/wp-content\\\/uploads\\\/2021\\\/04\\\/logo_header-1.png\",\"contentUrl\":\"https:\\\/\\\/sergiolapegue.com\\\/site\\\/wp-content\\\/uploads\\\/2021\\\/04\\\/logo_header-1.png\",\"width\":272,\"height\":90,\"caption\":\"Sergio Lapegue\"},\"logo\":{\"@id\":\"https:\\\/\\\/sergiolapegue.com\\\/site\\\/wp-content\\\/uploads\\\/2021\\\/04\\\/logo_header-1.png\"},\"sameAs\":[\"https:\\\/\\\/facebook.com\\\/sergiolapegue\",\"https:\\\/\\\/instagram.com\\\/sergiolapegue\",\"https:\\\/\\\/x.com\\\/https:\\\/\\\/twitter.com\\\/sergiolapegue\"]},{\"@type\":\"Person\",\"@id\":\"https:\\\/\\\/sergiolapegue.com\\\/site\\\/#\\\/schema\\\/person\\\/00adf937d010c7f79a180dc4916a40e0\",\"name\":\"Leonardo Monta\u00f1a\",\"image\":{\"@type\":\"ImageObject\",\"inLanguage\":\"es-AR\",\"@id\":\"https:\\\/\\\/sergiolapegue.com\\\/site\\\/wp-content\\\/uploads\\\/2021\\\/04\\\/sl_avatar_Leonardo-150x150.jpg\",\"url\":\"https:\\\/\\\/sergiolapegue.com\\\/site\\\/wp-content\\\/uploads\\\/2021\\\/04\\\/sl_avatar_Leonardo-150x150.jpg\",\"contentUrl\":\"https:\\\/\\\/sergiolapegue.com\\\/site\\\/wp-content\\\/uploads\\\/2021\\\/04\\\/sl_avatar_Leonardo-150x150.jpg\",\"caption\":\"Leonardo Monta\u00f1a\"},\"sameAs\":[\"https:\\\/\\\/x.com\\\/https:\\\/\\\/twitter.com\\\/soytoto81\"],\"url\":\"https:\\\/\\\/sergiolapegue.com\\\/site\\\/author\\\/leonardo\\\/\"}]}<\/script>\n<!-- \/ Yoast SEO plugin. -->","yoast_head_json":{"title":"El 46% de los talentos no se tom\u00f3 vacaciones laborales en el \u00faltimo a\u00f1o - Sergio Lapegue","robots":{"index":"index","follow":"follow","max-snippet":"max-snippet:-1","max-image-preview":"max-image-preview:large","max-video-preview":"max-video-preview:-1"},"canonical":"https:\/\/sergiolapegue.com\/site\/2026\/01\/19\/el-46-de-los-talentos-no-se-tomo-vacaciones-laborales-en-el-ultimo-ano\/","og_locale":"es_ES","og_type":"article","og_title":"El 46% de los talentos no se tom\u00f3 vacaciones laborales en el \u00faltimo a\u00f1o - Sergio Lapegue","og_description":"Casi la mitad de las trabajadoras y los trabajadores en la Argentina no logr\u00f3 tomarse vacaciones laborales durante el \u00faltimo a\u00f1o. As\u00ed lo indic\u00f3 el estudio Vacaciones 3.0, elaborado por Bumeran para Jobint, que expone c\u00f3mo las limitaciones econ\u00f3micas, los cambios en el empleo y las nuevas prioridades influyen en la forma de descansar. Seg\u00fan [&hellip;]","og_url":"https:\/\/sergiolapegue.com\/site\/2026\/01\/19\/el-46-de-los-talentos-no-se-tomo-vacaciones-laborales-en-el-ultimo-ano\/","og_site_name":"Sergio Lapegue","article_publisher":"https:\/\/facebook.com\/sergiolapegue","article_published_time":"2026-01-19T17:41:00+00:00","og_image":[{"width":1470,"height":980,"url":"https:\/\/sergiolapegue.com\/site\/wp-content\/uploads\/2026\/01\/vacaciones-trabajo03.webp","type":"image\/webp"}],"author":"Leonardo Monta\u00f1a","twitter_card":"summary_large_image","twitter_creator":"@https:\/\/twitter.com\/soytoto81","twitter_site":"@sergiolapegue","twitter_misc":{"Escrito por":"Leonardo Monta\u00f1a","Tiempo de lectura":"4 minutos"},"schema":{"@context":"https:\/\/schema.org","@graph":[{"@type":"Article","@id":"https:\/\/sergiolapegue.com\/site\/2026\/01\/19\/el-46-de-los-talentos-no-se-tomo-vacaciones-laborales-en-el-ultimo-ano\/#article","isPartOf":{"@id":"https:\/\/sergiolapegue.com\/site\/2026\/01\/19\/el-46-de-los-talentos-no-se-tomo-vacaciones-laborales-en-el-ultimo-ano\/"},"author":{"name":"Leonardo Monta\u00f1a","@id":"https:\/\/sergiolapegue.com\/site\/#\/schema\/person\/00adf937d010c7f79a180dc4916a40e0"},"headline":"El 46% de los talentos no se tom\u00f3 vacaciones laborales en el \u00faltimo a\u00f1o","datePublished":"2026-01-19T17:41:00+00:00","mainEntityOfPage":{"@id":"https:\/\/sergiolapegue.com\/site\/2026\/01\/19\/el-46-de-los-talentos-no-se-tomo-vacaciones-laborales-en-el-ultimo-ano\/"},"wordCount":675,"publisher":{"@id":"https:\/\/sergiolapegue.com\/site\/#\/schema\/person\/083aeceeb0734cd166779ea6c0551a37"},"image":{"@id":"https:\/\/sergiolapegue.com\/site\/2026\/01\/19\/el-46-de-los-talentos-no-se-tomo-vacaciones-laborales-en-el-ultimo-ano\/#primaryimage"},"thumbnailUrl":"https:\/\/sergiolapegue.com\/site\/wp-content\/uploads\/2026\/01\/vacaciones-trabajo03.webp","keywords":["argentina","economia","TALENTO","trabajo","vacaciones"],"articleSection":["Actualidad"],"inLanguage":"es-AR"},{"@type":"WebPage","@id":"https:\/\/sergiolapegue.com\/site\/2026\/01\/19\/el-46-de-los-talentos-no-se-tomo-vacaciones-laborales-en-el-ultimo-ano\/","url":"https:\/\/sergiolapegue.com\/site\/2026\/01\/19\/el-46-de-los-talentos-no-se-tomo-vacaciones-laborales-en-el-ultimo-ano\/","name":"El 46% de los talentos no se tom\u00f3 vacaciones laborales en el \u00faltimo a\u00f1o - Sergio Lapegue","isPartOf":{"@id":"https:\/\/sergiolapegue.com\/site\/#website"},"primaryImageOfPage":{"@id":"https:\/\/sergiolapegue.com\/site\/2026\/01\/19\/el-46-de-los-talentos-no-se-tomo-vacaciones-laborales-en-el-ultimo-ano\/#primaryimage"},"image":{"@id":"https:\/\/sergiolapegue.com\/site\/2026\/01\/19\/el-46-de-los-talentos-no-se-tomo-vacaciones-laborales-en-el-ultimo-ano\/#primaryimage"},"thumbnailUrl":"https:\/\/sergiolapegue.com\/site\/wp-content\/uploads\/2026\/01\/vacaciones-trabajo03.webp","datePublished":"2026-01-19T17:41:00+00:00","breadcrumb":{"@id":"https:\/\/sergiolapegue.com\/site\/2026\/01\/19\/el-46-de-los-talentos-no-se-tomo-vacaciones-laborales-en-el-ultimo-ano\/#breadcrumb"},"inLanguage":"es-AR","potentialAction":[{"@type":"ReadAction","target":["https:\/\/sergiolapegue.com\/site\/2026\/01\/19\/el-46-de-los-talentos-no-se-tomo-vacaciones-laborales-en-el-ultimo-ano\/"]}]},{"@type":"ImageObject","inLanguage":"es-AR","@id":"https:\/\/sergiolapegue.com\/site\/2026\/01\/19\/el-46-de-los-talentos-no-se-tomo-vacaciones-laborales-en-el-ultimo-ano\/#primaryimage","url":"https:\/\/sergiolapegue.com\/site\/wp-content\/uploads\/2026\/01\/vacaciones-trabajo03.webp","contentUrl":"https:\/\/sergiolapegue.com\/site\/wp-content\/uploads\/2026\/01\/vacaciones-trabajo03.webp","width":1470,"height":980},{"@type":"BreadcrumbList","@id":"https:\/\/sergiolapegue.com\/site\/2026\/01\/19\/el-46-de-los-talentos-no-se-tomo-vacaciones-laborales-en-el-ultimo-ano\/#breadcrumb","itemListElement":[{"@type":"ListItem","position":1,"name":"Inicio","item":"https:\/\/sergiolapegue.com\/site\/"},{"@type":"ListItem","position":2,"name":"El 46% de los talentos no se tom\u00f3 vacaciones laborales en el \u00faltimo a\u00f1o"}]},{"@type":"WebSite","@id":"https:\/\/sergiolapegue.com\/site\/#website","url":"https:\/\/sergiolapegue.com\/site\/","name":"Sergio Lapegue","description":"Periodista","publisher":{"@id":"https:\/\/sergiolapegue.com\/site\/#\/schema\/person\/083aeceeb0734cd166779ea6c0551a37"},"potentialAction":[{"@type":"SearchAction","target":{"@type":"EntryPoint","urlTemplate":"https:\/\/sergiolapegue.com\/site\/?s={search_term_string}"},"query-input":{"@type":"PropertyValueSpecification","valueRequired":true,"valueName":"search_term_string"}}],"inLanguage":"es-AR"},{"@type":["Person","Organization"],"@id":"https:\/\/sergiolapegue.com\/site\/#\/schema\/person\/083aeceeb0734cd166779ea6c0551a37","name":"Sergio Lapegue","image":{"@type":"ImageObject","inLanguage":"es-AR","@id":"https:\/\/sergiolapegue.com\/site\/wp-content\/uploads\/2021\/04\/logo_header-1.png","url":"https:\/\/sergiolapegue.com\/site\/wp-content\/uploads\/2021\/04\/logo_header-1.png","contentUrl":"https:\/\/sergiolapegue.com\/site\/wp-content\/uploads\/2021\/04\/logo_header-1.png","width":272,"height":90,"caption":"Sergio Lapegue"},"logo":{"@id":"https:\/\/sergiolapegue.com\/site\/wp-content\/uploads\/2021\/04\/logo_header-1.png"},"sameAs":["https:\/\/facebook.com\/sergiolapegue","https:\/\/instagram.com\/sergiolapegue","https:\/\/x.com\/https:\/\/twitter.com\/sergiolapegue"]},{"@type":"Person","@id":"https:\/\/sergiolapegue.com\/site\/#\/schema\/person\/00adf937d010c7f79a180dc4916a40e0","name":"Leonardo Monta\u00f1a","image":{"@type":"ImageObject","inLanguage":"es-AR","@id":"https:\/\/sergiolapegue.com\/site\/wp-content\/uploads\/2021\/04\/sl_avatar_Leonardo-150x150.jpg","url":"https:\/\/sergiolapegue.com\/site\/wp-content\/uploads\/2021\/04\/sl_avatar_Leonardo-150x150.jpg","contentUrl":"https:\/\/sergiolapegue.com\/site\/wp-content\/uploads\/2021\/04\/sl_avatar_Leonardo-150x150.jpg","caption":"Leonardo Monta\u00f1a"},"sameAs":["https:\/\/x.com\/https:\/\/twitter.com\/soytoto81"],"url":"https:\/\/sergiolapegue.com\/site\/author\/leonardo\/"}]}},"_links":{"self":[{"href":"https:\/\/sergiolapegue.com\/site\/wp-json\/wp\/v2\/posts\/27701","targetHints":{"allow":["GET"]}}],"collection":[{"href":"https:\/\/sergiolapegue.com\/site\/wp-json\/wp\/v2\/posts"}],"about":[{"href":"https:\/\/sergiolapegue.com\/site\/wp-json\/wp\/v2\/types\/post"}],"author":[{"embeddable":true,"href":"https:\/\/sergiolapegue.com\/site\/wp-json\/wp\/v2\/users\/4"}],"replies":[{"embeddable":true,"href":"https:\/\/sergiolapegue.com\/site\/wp-json\/wp\/v2\/comments?post=27701"}],"version-history":[{"count":1,"href":"https:\/\/sergiolapegue.com\/site\/wp-json\/wp\/v2\/posts\/27701\/revisions"}],"predecessor-version":[{"id":27705,"href":"https:\/\/sergiolapegue.com\/site\/wp-json\/wp\/v2\/posts\/27701\/revisions\/27705"}],"wp:featuredmedia":[{"embeddable":true,"href":"https:\/\/sergiolapegue.com\/site\/wp-json\/wp\/v2\/media\/27704"}],"wp:attachment":[{"href":"https:\/\/sergiolapegue.com\/site\/wp-json\/wp\/v2\/media?parent=27701"}],"wp:term":[{"taxonomy":"category","embeddable":true,"href":"https:\/\/sergiolapegue.com\/site\/wp-json\/wp\/v2\/categories?post=27701"},{"taxonomy":"post_tag","embeddable":true,"href":"https:\/\/sergiolapegue.com\/site\/wp-json\/wp\/v2\/tags?post=27701"}],"curies":[{"name":"wp","href":"https:\/\/api.w.org\/{rel}","templated":true}]}}