{"id":27690,"date":"2026-01-15T09:00:00","date_gmt":"2026-01-15T12:00:00","guid":{"rendered":"https:\/\/sergiolapegue.com\/site\/?p=27690"},"modified":"2026-01-14T01:12:17","modified_gmt":"2026-01-14T04:12:17","slug":"la-maquina-del-tiempo","status":"publish","type":"post","link":"https:\/\/sergiolapegue.com\/site\/2026\/01\/15\/la-maquina-del-tiempo\/","title":{"rendered":"\u201cLA M\u00c1QUINA DEL TIEMPO\u201d"},"content":{"rendered":"\n<p>Tras una exitosa primera etapa, regresa a la cartelera porte\u00f1a&nbsp;&#8220;La M\u00e1quina del Tiempo&#8221;, la obra basada en el cl\u00e1sico de&nbsp;H.G. Wells&nbsp;y dirigida por&nbsp;Luis Belenda. El reestreno ser\u00e1 el&nbsp;viernes 30 de enero a las 23:00 horas en el Teatro Multiescena, con una propuesta visual y filos\u00f3fica de alto impacto.<\/p>\n\n\n\n<p>Bajo la direcci\u00f3n general de&nbsp;Luis Belenda&nbsp;y la producci\u00f3n ejecutiva de&nbsp;Matias Alarc\u00f3n y Gisela Parapar, la puesta cuenta con 12 artistas en escena y un despliegue visualmente atractivo. La producci\u00f3n nos transporta a mundos dist\u00f3picos a trav\u00e9s de una experiencia envolvente que busca recuperar valores esenciales como la curiosidad y el reencuentro humano en medio de la aceleraci\u00f3n moderna.<\/p>\n\n\n\n<p>La obra nace de la necesidad de conectar el gran debate filos\u00f3fico de H.G. Wells con la vida cotidiana del siglo XXI, utilizando el escenario como un espejo. A trav\u00e9s de una narrativa profundamente emocional, invita a reflexionar sobre el tiempo, el poder, la memoria y los dilemas \u00e9ticos y tecnol\u00f3gicos actuales, planteando interrogantes urgentes sobre hacia d\u00f3nde se dirige nuestra sociedad.<\/p>\n\n\n\n<figure class=\"wp-block-image size-full\"><img loading=\"lazy\" decoding=\"async\" width=\"1000\" height=\"559\" src=\"https:\/\/sergiolapegue.com\/site\/wp-content\/uploads\/2026\/01\/La-maquina-del-tiempo-2.jpg\" alt=\"\" class=\"wp-image-27691\" srcset=\"https:\/\/sergiolapegue.com\/site\/wp-content\/uploads\/2026\/01\/La-maquina-del-tiempo-2.jpg 1000w, https:\/\/sergiolapegue.com\/site\/wp-content\/uploads\/2026\/01\/La-maquina-del-tiempo-2-300x168.jpg 300w, https:\/\/sergiolapegue.com\/site\/wp-content\/uploads\/2026\/01\/La-maquina-del-tiempo-2-768x429.jpg 768w, https:\/\/sergiolapegue.com\/site\/wp-content\/uploads\/2026\/01\/La-maquina-del-tiempo-2-751x420.jpg 751w, https:\/\/sergiolapegue.com\/site\/wp-content\/uploads\/2026\/01\/La-maquina-del-tiempo-2-696x389.jpg 696w\" sizes=\"auto, (max-width: 1000px) 100vw, 1000px\" \/><\/figure>\n\n\n\n<p><strong>SINOPSIS<\/strong><\/p>\n\n\n\n<p>En una emocionante adaptaci\u00f3n de la obra cl\u00e1sica,&nbsp;La M\u00e1quina del Tiempo&nbsp;narra la historia de un cient\u00edfico del 1900 que viaja al porvenir para conocer los avances de la humanidad. En este viaje, el protagonista se encuentra con una civilizaci\u00f3n fragmentada: los&nbsp;Eloi, herederos decadentes del hedonismo, y los&nbsp;Morlocks, oprimidos y convertidos en criaturas monstruosas. La experiencia invita a preguntarse: \u00bfHacia d\u00f3nde se dirige realmente la humanidad?<\/p>\n\n\n\n<figure class=\"wp-block-image size-full\"><img loading=\"lazy\" decoding=\"async\" width=\"1000\" height=\"624\" src=\"https:\/\/sergiolapegue.com\/site\/wp-content\/uploads\/2026\/01\/La-maquina-del-tiempo-3.jpg\" alt=\"\" class=\"wp-image-27692\" srcset=\"https:\/\/sergiolapegue.com\/site\/wp-content\/uploads\/2026\/01\/La-maquina-del-tiempo-3.jpg 1000w, https:\/\/sergiolapegue.com\/site\/wp-content\/uploads\/2026\/01\/La-maquina-del-tiempo-3-300x187.jpg 300w, https:\/\/sergiolapegue.com\/site\/wp-content\/uploads\/2026\/01\/La-maquina-del-tiempo-3-768x479.jpg 768w, https:\/\/sergiolapegue.com\/site\/wp-content\/uploads\/2026\/01\/La-maquina-del-tiempo-3-673x420.jpg 673w, https:\/\/sergiolapegue.com\/site\/wp-content\/uploads\/2026\/01\/La-maquina-del-tiempo-3-696x434.jpg 696w\" sizes=\"auto, (max-width: 1000px) 100vw, 1000px\" \/><\/figure>\n\n\n\n<p><strong>FICHA T\u00c9CNICO ART\u00cdSTICA<\/strong><\/p>\n\n\n\n<p><strong>Dramaturgia:<\/strong> Luis Blenda \u2013 sobre un cl\u00e1sico de H.G. Wells<\/p>\n\n\n\n<p><strong>Elenco:<\/strong> Luis Belenda \u2013 como Wells<\/p>\n\n\n\n<p>\u00a0\u00a0\u00a0\u00a0\u00a0\u00a0\u00a0\u00a0\u00a0\u00a0\u00a0\u00a0 Jorge Feraudo \u2013 como Philby \/ Jerem\u00edas \/ Polic\u00eda<\/p>\n\n\n\n<p>\u00a0\u00a0\u00a0\u00a0\u00a0\u00a0\u00a0\u00a0\u00a0\u00a0\u00a0 \u00a0Leandro Ciardelli \u2013 como Sifuentes \/ Amen\u00e1bar<\/p>\n\n\n\n<p>\u00a0\u00a0\u00a0\u00a0\u00a0\u00a0\u00a0\u00a0\u00a0\u00a0\u00a0 \u00a0Florencia Se\u00f1orans \u2013 como Weena \/ Mujer de la Resistencia<\/p>\n\n\n\n<p>\u00a0\u00a0\u00a0\u00a0\u00a0\u00a0\u00a0\u00a0\u00a0\u00a0\u00a0 \u00a0Manu Tolosa \u2013 como Dr. Dreyfus \u2013 Linyera<\/p>\n\n\n\n<p>\u00a0\u00a0\u00a0\u00a0\u00a0\u00a0\u00a0\u00a0\u00a0\u00a0\u00a0 \u00a0Mar\u00eda Marchessi \u2013 como Or\u00e1culo \/ Mujer de la Resistencia<\/p>\n\n\n\n<p><strong>Ensamble:<\/strong> Aylen Cerza \u2013 Miguel Villaverde \u2013 Alondra Quevedo \u2013 Franco Amado \u2013&nbsp;Nahuel Aguirre \u2013 Mar\u00eda Yasmin Josef.<\/p>\n\n\n\n<p><strong>Dise\u00f1o de Escenograf\u00eda:<\/strong>&nbsp;Lucas Furiasse y Florencia Gentile<\/p>\n\n\n\n<p><strong>Asistencia de Escenograf\u00eda:<\/strong>&nbsp;Roc\u00edo Soria<\/p>\n\n\n\n<p><strong>Realizaci\u00f3n Escenogr\u00e1fica:<\/strong>&nbsp;Roc\u00edo Soria, Mar\u00eda Paz Giribone, Josefina Laspidur<\/p>\n\n\n\n<p><strong>Operaci\u00f3n T\u00e9cnica:<\/strong>&nbsp;Roc\u00edo Soria, Mar\u00eda Paz Giribone, Josefina&nbsp;Laspidur<\/p>\n\n\n\n<p><strong>Dise\u00f1o de Iluminaci\u00f3n:<\/strong>&nbsp;Lucas Furiasse y Florencia Gentile<\/p>\n\n\n\n<p><strong>Operador de Sonido:<\/strong>&nbsp;Giuliana Feraudo<\/p>\n\n\n\n<p><strong>Dise\u00f1o Sonoro y Musical:<\/strong>&nbsp;Jorge Feraudo<\/p>\n\n\n\n<p><strong>Banda Sonora Original y Canciones:<\/strong>&nbsp;Luis Belenda<\/p>\n\n\n\n<p><strong>Grabaci\u00f3n en Estudio y Arreglos:<\/strong>&nbsp;Gustavo Mary<\/p>\n\n\n\n<p><strong>Direcci\u00f3n Coreogr\u00e1fica:<\/strong>&nbsp;Aylen Cerza<\/p>\n\n\n\n<p><strong>Direcci\u00f3n de Escenas de Acci\u00f3n:<\/strong>&nbsp;Miguel Villaverde<\/p>\n\n\n\n<p><strong>Dise\u00f1o gr\u00e1fico:<\/strong> Miguel Villaverde, Joaquin Peres Jani<\/p>\n\n\n\n<p><strong>Ambientaci\u00f3n:<\/strong> Jorge Feraudo<\/p>\n\n\n\n<p><strong>Stage Manager:<\/strong>&nbsp;Joaqu\u00edn P\u00e9rez Janin<\/p>\n\n\n\n<p><strong>Community Manager:<\/strong>&nbsp;Ayel\u00e9n Freddi<\/p>\n\n\n\n<p><strong>Prensa:<\/strong>&nbsp;Kevin Melgar Prensa<\/p>\n\n\n\n<p><strong>Agrupaci\u00f3n Teatral:<\/strong>&nbsp;ACUARELA (N\u00b0 de registro 11481 en el Instituto Nacional de Teatro Independiente)<\/p>\n\n\n\n<p><strong>Asistencia de Producci\u00f3n:<\/strong> Joaqu\u00edn P\u00e9rez Janin &nbsp;<\/p>\n\n\n\n<p><strong>Producci\u00f3n General:<\/strong>&nbsp;Luis Belenda de San Juan Producciones<\/p>\n\n\n\n<p><strong>Producci\u00f3n Ejecutiva:<\/strong>&nbsp;Matias Alarc\u00f3n y Gisela Parapar<\/p>\n\n\n\n<p><strong>Direcci\u00f3n General:<\/strong>&nbsp;Luis Belenda<\/p>\n\n\n\n<p><strong>Instagram:<\/strong> @lamaquinadeltiempo.obra<\/p>\n\n\n\n<figure class=\"wp-block-image size-full is-resized\"><img loading=\"lazy\" decoding=\"async\" width=\"545\" height=\"702\" src=\"https:\/\/sergiolapegue.com\/site\/wp-content\/uploads\/2026\/01\/La-maquina-del-tiempo-1.jpeg\" alt=\"\" class=\"wp-image-27693\" style=\"width:696px;height:auto\" srcset=\"https:\/\/sergiolapegue.com\/site\/wp-content\/uploads\/2026\/01\/La-maquina-del-tiempo-1.jpeg 545w, https:\/\/sergiolapegue.com\/site\/wp-content\/uploads\/2026\/01\/La-maquina-del-tiempo-1-233x300.jpeg 233w, https:\/\/sergiolapegue.com\/site\/wp-content\/uploads\/2026\/01\/La-maquina-del-tiempo-1-326x420.jpeg 326w\" sizes=\"auto, (max-width: 545px) 100vw, 545px\" \/><\/figure>\n\n\n\n<p><strong>TEATRO MULTIESCENA<\/strong><\/p>\n\n\n\n<p>Av. Corrientes 1764 \u2013 Capital Federal \u2013 Buenos Aires \u2013 Argentina<\/p>\n\n\n\n<p>Tel\u00e9fono: 5235-3643<\/p>\n\n\n\n<p>Entradas: Desde $ 20.000 hasta $ 25.000 \u2013 en boleter\u00eda del teatro o por Plateanet \u2013 Link: <a href=\"https:\/\/www.plateanet.com\/obra\/33651?obra=LA%20MAQUINA%20DEL%20TIEMPO.&amp;paso=inicio&amp;fbclid=PAZXh0bgNhZW0CMTEAc3J0YwZhcHBfaWQMMjU2MjgxMDQwNTU4AAGn7JMAgZO1IwpUq3jZxTQi0_PyS72IFuxLbRwEIZmKnbbs3n-ED-2qQDNpOu0_aem_G6twYu0-aWVopj8hSJ7cZQ&amp;utm_source=ig&amp;utm_medium=social&amp;utm_content=link_in_bio\">LA MAQUINA DEL TIEMPO. &#8211; Plateanet<\/a><\/p>\n\n\n\n<p>Funci\u00f3n: Viernes 23:00 horas \u2013 Desde el 30\/01\/2026<\/p>\n\n\n\n<p>Gracias Kevin Melgar Prensa por acercarnos la gacetilla de prensa del reestreno de este espect\u00e1culo.<\/p>\n\n\n\n<p><\/p>\n","protected":false},"excerpt":{"rendered":"<p>Tras una exitosa primera etapa, regresa a la cartelera porte\u00f1a&nbsp;&#8220;La M\u00e1quina del Tiempo&#8221;, la obra basada en el cl\u00e1sico de&nbsp;H.G. Wells&nbsp;y dirigida por&nbsp;Luis Belenda. El reestreno ser\u00e1 el&nbsp;viernes 30 de enero a las 23:00 horas en el Teatro Multiescena, con una propuesta visual y filos\u00f3fica de alto impacto. Bajo la direcci\u00f3n general de&nbsp;Luis Belenda&nbsp;y la [&hellip;]<\/p>\n","protected":false},"author":3,"featured_media":27694,"comment_status":"open","ping_status":"closed","sticky":false,"template":"","format":"standard","meta":{"footnotes":""},"categories":[34,35],"tags":[],"class_list":{"0":"post-27690","1":"post","2":"type-post","3":"status-publish","4":"format-standard","5":"has-post-thumbnail","7":"category-arte","8":"category-teatro"},"yoast_head":"<!-- This site is optimized with the Yoast SEO plugin v27.4 - https:\/\/yoast.com\/product\/yoast-seo-wordpress\/ -->\n<title>\u201cLA M\u00c1QUINA DEL TIEMPO\u201d - Sergio Lapegue<\/title>\n<meta name=\"robots\" content=\"index, follow, max-snippet:-1, max-image-preview:large, max-video-preview:-1\" \/>\n<link rel=\"canonical\" href=\"https:\/\/sergiolapegue.com\/site\/2026\/01\/15\/la-maquina-del-tiempo\/\" \/>\n<meta property=\"og:locale\" content=\"es_ES\" \/>\n<meta property=\"og:type\" content=\"article\" \/>\n<meta property=\"og:title\" content=\"\u201cLA M\u00c1QUINA DEL TIEMPO\u201d - Sergio Lapegue\" \/>\n<meta property=\"og:description\" content=\"Tras una exitosa primera etapa, regresa a la cartelera porte\u00f1a&nbsp;&#8220;La M\u00e1quina del Tiempo&#8221;, la obra basada en el cl\u00e1sico de&nbsp;H.G. Wells&nbsp;y dirigida por&nbsp;Luis Belenda. El reestreno ser\u00e1 el&nbsp;viernes 30 de enero a las 23:00 horas en el Teatro Multiescena, con una propuesta visual y filos\u00f3fica de alto impacto. Bajo la direcci\u00f3n general de&nbsp;Luis Belenda&nbsp;y la [&hellip;]\" \/>\n<meta property=\"og:url\" content=\"https:\/\/sergiolapegue.com\/site\/2026\/01\/15\/la-maquina-del-tiempo\/\" \/>\n<meta property=\"og:site_name\" content=\"Sergio Lapegue\" \/>\n<meta property=\"article:publisher\" content=\"https:\/\/facebook.com\/sergiolapegue\" \/>\n<meta property=\"article:author\" content=\"https:\/\/facebook.com\/danielernesto.montana\" \/>\n<meta property=\"article:published_time\" content=\"2026-01-15T12:00:00+00:00\" \/>\n<meta property=\"og:image\" content=\"https:\/\/sergiolapegue.com\/site\/wp-content\/uploads\/2026\/01\/La-maquina-del-tiempo.png\" \/>\n\t<meta property=\"og:image:width\" content=\"1000\" \/>\n\t<meta property=\"og:image:height\" content=\"1385\" \/>\n\t<meta property=\"og:image:type\" content=\"image\/png\" \/>\n<meta name=\"author\" content=\"Daniel E. Monta\u00f1a\" \/>\n<meta name=\"twitter:card\" content=\"summary_large_image\" \/>\n<meta name=\"twitter:creator\" content=\"@https:\/\/twitter.com\/daner_004\" \/>\n<meta name=\"twitter:site\" content=\"@sergiolapegue\" \/>\n<meta name=\"twitter:label1\" content=\"Escrito por\" \/>\n\t<meta name=\"twitter:data1\" content=\"Daniel E. Monta\u00f1a\" \/>\n\t<meta name=\"twitter:label2\" content=\"Tiempo de lectura\" \/>\n\t<meta name=\"twitter:data2\" content=\"4 minutos\" \/>\n<script type=\"application\/ld+json\" class=\"yoast-schema-graph\">{\"@context\":\"https:\\\/\\\/schema.org\",\"@graph\":[{\"@type\":\"Article\",\"@id\":\"https:\\\/\\\/sergiolapegue.com\\\/site\\\/2026\\\/01\\\/15\\\/la-maquina-del-tiempo\\\/#article\",\"isPartOf\":{\"@id\":\"https:\\\/\\\/sergiolapegue.com\\\/site\\\/2026\\\/01\\\/15\\\/la-maquina-del-tiempo\\\/\"},\"author\":{\"name\":\"Daniel E. Monta\u00f1a\",\"@id\":\"https:\\\/\\\/sergiolapegue.com\\\/site\\\/#\\\/schema\\\/person\\\/9198e7dbab43c6d74d0fd5399af7c3cd\"},\"headline\":\"\u201cLA M\u00c1QUINA DEL TIEMPO\u201d\",\"datePublished\":\"2026-01-15T12:00:00+00:00\",\"mainEntityOfPage\":{\"@id\":\"https:\\\/\\\/sergiolapegue.com\\\/site\\\/2026\\\/01\\\/15\\\/la-maquina-del-tiempo\\\/\"},\"wordCount\":603,\"commentCount\":0,\"publisher\":{\"@id\":\"https:\\\/\\\/sergiolapegue.com\\\/site\\\/#\\\/schema\\\/person\\\/083aeceeb0734cd166779ea6c0551a37\"},\"image\":{\"@id\":\"https:\\\/\\\/sergiolapegue.com\\\/site\\\/2026\\\/01\\\/15\\\/la-maquina-del-tiempo\\\/#primaryimage\"},\"thumbnailUrl\":\"https:\\\/\\\/sergiolapegue.com\\\/site\\\/wp-content\\\/uploads\\\/2026\\\/01\\\/La-maquina-del-tiempo.png\",\"articleSection\":[\"Arte\",\"Teatro\"],\"inLanguage\":\"es-AR\",\"potentialAction\":[{\"@type\":\"CommentAction\",\"name\":\"Comment\",\"target\":[\"https:\\\/\\\/sergiolapegue.com\\\/site\\\/2026\\\/01\\\/15\\\/la-maquina-del-tiempo\\\/#respond\"]}]},{\"@type\":\"WebPage\",\"@id\":\"https:\\\/\\\/sergiolapegue.com\\\/site\\\/2026\\\/01\\\/15\\\/la-maquina-del-tiempo\\\/\",\"url\":\"https:\\\/\\\/sergiolapegue.com\\\/site\\\/2026\\\/01\\\/15\\\/la-maquina-del-tiempo\\\/\",\"name\":\"\u201cLA M\u00c1QUINA DEL TIEMPO\u201d - Sergio Lapegue\",\"isPartOf\":{\"@id\":\"https:\\\/\\\/sergiolapegue.com\\\/site\\\/#website\"},\"primaryImageOfPage\":{\"@id\":\"https:\\\/\\\/sergiolapegue.com\\\/site\\\/2026\\\/01\\\/15\\\/la-maquina-del-tiempo\\\/#primaryimage\"},\"image\":{\"@id\":\"https:\\\/\\\/sergiolapegue.com\\\/site\\\/2026\\\/01\\\/15\\\/la-maquina-del-tiempo\\\/#primaryimage\"},\"thumbnailUrl\":\"https:\\\/\\\/sergiolapegue.com\\\/site\\\/wp-content\\\/uploads\\\/2026\\\/01\\\/La-maquina-del-tiempo.png\",\"datePublished\":\"2026-01-15T12:00:00+00:00\",\"breadcrumb\":{\"@id\":\"https:\\\/\\\/sergiolapegue.com\\\/site\\\/2026\\\/01\\\/15\\\/la-maquina-del-tiempo\\\/#breadcrumb\"},\"inLanguage\":\"es-AR\",\"potentialAction\":[{\"@type\":\"ReadAction\",\"target\":[\"https:\\\/\\\/sergiolapegue.com\\\/site\\\/2026\\\/01\\\/15\\\/la-maquina-del-tiempo\\\/\"]}]},{\"@type\":\"ImageObject\",\"inLanguage\":\"es-AR\",\"@id\":\"https:\\\/\\\/sergiolapegue.com\\\/site\\\/2026\\\/01\\\/15\\\/la-maquina-del-tiempo\\\/#primaryimage\",\"url\":\"https:\\\/\\\/sergiolapegue.com\\\/site\\\/wp-content\\\/uploads\\\/2026\\\/01\\\/La-maquina-del-tiempo.png\",\"contentUrl\":\"https:\\\/\\\/sergiolapegue.com\\\/site\\\/wp-content\\\/uploads\\\/2026\\\/01\\\/La-maquina-del-tiempo.png\",\"width\":1000,\"height\":1385},{\"@type\":\"BreadcrumbList\",\"@id\":\"https:\\\/\\\/sergiolapegue.com\\\/site\\\/2026\\\/01\\\/15\\\/la-maquina-del-tiempo\\\/#breadcrumb\",\"itemListElement\":[{\"@type\":\"ListItem\",\"position\":1,\"name\":\"Inicio\",\"item\":\"https:\\\/\\\/sergiolapegue.com\\\/site\\\/\"},{\"@type\":\"ListItem\",\"position\":2,\"name\":\"\u201cLA M\u00c1QUINA DEL TIEMPO\u201d\"}]},{\"@type\":\"WebSite\",\"@id\":\"https:\\\/\\\/sergiolapegue.com\\\/site\\\/#website\",\"url\":\"https:\\\/\\\/sergiolapegue.com\\\/site\\\/\",\"name\":\"Sergio Lapegue\",\"description\":\"Periodista\",\"publisher\":{\"@id\":\"https:\\\/\\\/sergiolapegue.com\\\/site\\\/#\\\/schema\\\/person\\\/083aeceeb0734cd166779ea6c0551a37\"},\"potentialAction\":[{\"@type\":\"SearchAction\",\"target\":{\"@type\":\"EntryPoint\",\"urlTemplate\":\"https:\\\/\\\/sergiolapegue.com\\\/site\\\/?s={search_term_string}\"},\"query-input\":{\"@type\":\"PropertyValueSpecification\",\"valueRequired\":true,\"valueName\":\"search_term_string\"}}],\"inLanguage\":\"es-AR\"},{\"@type\":[\"Person\",\"Organization\"],\"@id\":\"https:\\\/\\\/sergiolapegue.com\\\/site\\\/#\\\/schema\\\/person\\\/083aeceeb0734cd166779ea6c0551a37\",\"name\":\"Sergio Lapegue\",\"image\":{\"@type\":\"ImageObject\",\"inLanguage\":\"es-AR\",\"@id\":\"https:\\\/\\\/sergiolapegue.com\\\/site\\\/wp-content\\\/uploads\\\/2021\\\/04\\\/logo_header-1.png\",\"url\":\"https:\\\/\\\/sergiolapegue.com\\\/site\\\/wp-content\\\/uploads\\\/2021\\\/04\\\/logo_header-1.png\",\"contentUrl\":\"https:\\\/\\\/sergiolapegue.com\\\/site\\\/wp-content\\\/uploads\\\/2021\\\/04\\\/logo_header-1.png\",\"width\":272,\"height\":90,\"caption\":\"Sergio Lapegue\"},\"logo\":{\"@id\":\"https:\\\/\\\/sergiolapegue.com\\\/site\\\/wp-content\\\/uploads\\\/2021\\\/04\\\/logo_header-1.png\"},\"sameAs\":[\"https:\\\/\\\/facebook.com\\\/sergiolapegue\",\"https:\\\/\\\/instagram.com\\\/sergiolapegue\",\"https:\\\/\\\/x.com\\\/https:\\\/\\\/twitter.com\\\/sergiolapegue\"]},{\"@type\":\"Person\",\"@id\":\"https:\\\/\\\/sergiolapegue.com\\\/site\\\/#\\\/schema\\\/person\\\/9198e7dbab43c6d74d0fd5399af7c3cd\",\"name\":\"Daniel E. Monta\u00f1a\",\"image\":{\"@type\":\"ImageObject\",\"inLanguage\":\"es-AR\",\"@id\":\"https:\\\/\\\/sergiolapegue.com\\\/site\\\/wp-content\\\/uploads\\\/2021\\\/04\\\/sl_avatar_Daniel-150x150.jpg\",\"url\":\"https:\\\/\\\/sergiolapegue.com\\\/site\\\/wp-content\\\/uploads\\\/2021\\\/04\\\/sl_avatar_Daniel-150x150.jpg\",\"contentUrl\":\"https:\\\/\\\/sergiolapegue.com\\\/site\\\/wp-content\\\/uploads\\\/2021\\\/04\\\/sl_avatar_Daniel-150x150.jpg\",\"caption\":\"Daniel E. Monta\u00f1a\"},\"sameAs\":[\"https:\\\/\\\/facebook.com\\\/danielernesto.montana\",\"https:\\\/\\\/instagram.com\\\/daniel_montana1961\",\"https:\\\/\\\/x.com\\\/https:\\\/\\\/twitter.com\\\/daner_004\"],\"url\":\"https:\\\/\\\/sergiolapegue.com\\\/site\\\/author\\\/daniel\\\/\"}]}<\/script>\n<!-- \/ Yoast SEO plugin. -->","yoast_head_json":{"title":"\u201cLA M\u00c1QUINA DEL TIEMPO\u201d - Sergio Lapegue","robots":{"index":"index","follow":"follow","max-snippet":"max-snippet:-1","max-image-preview":"max-image-preview:large","max-video-preview":"max-video-preview:-1"},"canonical":"https:\/\/sergiolapegue.com\/site\/2026\/01\/15\/la-maquina-del-tiempo\/","og_locale":"es_ES","og_type":"article","og_title":"\u201cLA M\u00c1QUINA DEL TIEMPO\u201d - Sergio Lapegue","og_description":"Tras una exitosa primera etapa, regresa a la cartelera porte\u00f1a&nbsp;&#8220;La M\u00e1quina del Tiempo&#8221;, la obra basada en el cl\u00e1sico de&nbsp;H.G. Wells&nbsp;y dirigida por&nbsp;Luis Belenda. El reestreno ser\u00e1 el&nbsp;viernes 30 de enero a las 23:00 horas en el Teatro Multiescena, con una propuesta visual y filos\u00f3fica de alto impacto. Bajo la direcci\u00f3n general de&nbsp;Luis Belenda&nbsp;y la [&hellip;]","og_url":"https:\/\/sergiolapegue.com\/site\/2026\/01\/15\/la-maquina-del-tiempo\/","og_site_name":"Sergio Lapegue","article_publisher":"https:\/\/facebook.com\/sergiolapegue","article_author":"https:\/\/facebook.com\/danielernesto.montana","article_published_time":"2026-01-15T12:00:00+00:00","og_image":[{"width":1000,"height":1385,"url":"https:\/\/sergiolapegue.com\/site\/wp-content\/uploads\/2026\/01\/La-maquina-del-tiempo.png","type":"image\/png"}],"author":"Daniel E. Monta\u00f1a","twitter_card":"summary_large_image","twitter_creator":"@https:\/\/twitter.com\/daner_004","twitter_site":"@sergiolapegue","twitter_misc":{"Escrito por":"Daniel E. Monta\u00f1a","Tiempo de lectura":"4 minutos"},"schema":{"@context":"https:\/\/schema.org","@graph":[{"@type":"Article","@id":"https:\/\/sergiolapegue.com\/site\/2026\/01\/15\/la-maquina-del-tiempo\/#article","isPartOf":{"@id":"https:\/\/sergiolapegue.com\/site\/2026\/01\/15\/la-maquina-del-tiempo\/"},"author":{"name":"Daniel E. Monta\u00f1a","@id":"https:\/\/sergiolapegue.com\/site\/#\/schema\/person\/9198e7dbab43c6d74d0fd5399af7c3cd"},"headline":"\u201cLA M\u00c1QUINA DEL TIEMPO\u201d","datePublished":"2026-01-15T12:00:00+00:00","mainEntityOfPage":{"@id":"https:\/\/sergiolapegue.com\/site\/2026\/01\/15\/la-maquina-del-tiempo\/"},"wordCount":603,"commentCount":0,"publisher":{"@id":"https:\/\/sergiolapegue.com\/site\/#\/schema\/person\/083aeceeb0734cd166779ea6c0551a37"},"image":{"@id":"https:\/\/sergiolapegue.com\/site\/2026\/01\/15\/la-maquina-del-tiempo\/#primaryimage"},"thumbnailUrl":"https:\/\/sergiolapegue.com\/site\/wp-content\/uploads\/2026\/01\/La-maquina-del-tiempo.png","articleSection":["Arte","Teatro"],"inLanguage":"es-AR","potentialAction":[{"@type":"CommentAction","name":"Comment","target":["https:\/\/sergiolapegue.com\/site\/2026\/01\/15\/la-maquina-del-tiempo\/#respond"]}]},{"@type":"WebPage","@id":"https:\/\/sergiolapegue.com\/site\/2026\/01\/15\/la-maquina-del-tiempo\/","url":"https:\/\/sergiolapegue.com\/site\/2026\/01\/15\/la-maquina-del-tiempo\/","name":"\u201cLA M\u00c1QUINA DEL TIEMPO\u201d - Sergio Lapegue","isPartOf":{"@id":"https:\/\/sergiolapegue.com\/site\/#website"},"primaryImageOfPage":{"@id":"https:\/\/sergiolapegue.com\/site\/2026\/01\/15\/la-maquina-del-tiempo\/#primaryimage"},"image":{"@id":"https:\/\/sergiolapegue.com\/site\/2026\/01\/15\/la-maquina-del-tiempo\/#primaryimage"},"thumbnailUrl":"https:\/\/sergiolapegue.com\/site\/wp-content\/uploads\/2026\/01\/La-maquina-del-tiempo.png","datePublished":"2026-01-15T12:00:00+00:00","breadcrumb":{"@id":"https:\/\/sergiolapegue.com\/site\/2026\/01\/15\/la-maquina-del-tiempo\/#breadcrumb"},"inLanguage":"es-AR","potentialAction":[{"@type":"ReadAction","target":["https:\/\/sergiolapegue.com\/site\/2026\/01\/15\/la-maquina-del-tiempo\/"]}]},{"@type":"ImageObject","inLanguage":"es-AR","@id":"https:\/\/sergiolapegue.com\/site\/2026\/01\/15\/la-maquina-del-tiempo\/#primaryimage","url":"https:\/\/sergiolapegue.com\/site\/wp-content\/uploads\/2026\/01\/La-maquina-del-tiempo.png","contentUrl":"https:\/\/sergiolapegue.com\/site\/wp-content\/uploads\/2026\/01\/La-maquina-del-tiempo.png","width":1000,"height":1385},{"@type":"BreadcrumbList","@id":"https:\/\/sergiolapegue.com\/site\/2026\/01\/15\/la-maquina-del-tiempo\/#breadcrumb","itemListElement":[{"@type":"ListItem","position":1,"name":"Inicio","item":"https:\/\/sergiolapegue.com\/site\/"},{"@type":"ListItem","position":2,"name":"\u201cLA M\u00c1QUINA DEL TIEMPO\u201d"}]},{"@type":"WebSite","@id":"https:\/\/sergiolapegue.com\/site\/#website","url":"https:\/\/sergiolapegue.com\/site\/","name":"Sergio Lapegue","description":"Periodista","publisher":{"@id":"https:\/\/sergiolapegue.com\/site\/#\/schema\/person\/083aeceeb0734cd166779ea6c0551a37"},"potentialAction":[{"@type":"SearchAction","target":{"@type":"EntryPoint","urlTemplate":"https:\/\/sergiolapegue.com\/site\/?s={search_term_string}"},"query-input":{"@type":"PropertyValueSpecification","valueRequired":true,"valueName":"search_term_string"}}],"inLanguage":"es-AR"},{"@type":["Person","Organization"],"@id":"https:\/\/sergiolapegue.com\/site\/#\/schema\/person\/083aeceeb0734cd166779ea6c0551a37","name":"Sergio Lapegue","image":{"@type":"ImageObject","inLanguage":"es-AR","@id":"https:\/\/sergiolapegue.com\/site\/wp-content\/uploads\/2021\/04\/logo_header-1.png","url":"https:\/\/sergiolapegue.com\/site\/wp-content\/uploads\/2021\/04\/logo_header-1.png","contentUrl":"https:\/\/sergiolapegue.com\/site\/wp-content\/uploads\/2021\/04\/logo_header-1.png","width":272,"height":90,"caption":"Sergio Lapegue"},"logo":{"@id":"https:\/\/sergiolapegue.com\/site\/wp-content\/uploads\/2021\/04\/logo_header-1.png"},"sameAs":["https:\/\/facebook.com\/sergiolapegue","https:\/\/instagram.com\/sergiolapegue","https:\/\/x.com\/https:\/\/twitter.com\/sergiolapegue"]},{"@type":"Person","@id":"https:\/\/sergiolapegue.com\/site\/#\/schema\/person\/9198e7dbab43c6d74d0fd5399af7c3cd","name":"Daniel E. Monta\u00f1a","image":{"@type":"ImageObject","inLanguage":"es-AR","@id":"https:\/\/sergiolapegue.com\/site\/wp-content\/uploads\/2021\/04\/sl_avatar_Daniel-150x150.jpg","url":"https:\/\/sergiolapegue.com\/site\/wp-content\/uploads\/2021\/04\/sl_avatar_Daniel-150x150.jpg","contentUrl":"https:\/\/sergiolapegue.com\/site\/wp-content\/uploads\/2021\/04\/sl_avatar_Daniel-150x150.jpg","caption":"Daniel E. Monta\u00f1a"},"sameAs":["https:\/\/facebook.com\/danielernesto.montana","https:\/\/instagram.com\/daniel_montana1961","https:\/\/x.com\/https:\/\/twitter.com\/daner_004"],"url":"https:\/\/sergiolapegue.com\/site\/author\/daniel\/"}]}},"_links":{"self":[{"href":"https:\/\/sergiolapegue.com\/site\/wp-json\/wp\/v2\/posts\/27690","targetHints":{"allow":["GET"]}}],"collection":[{"href":"https:\/\/sergiolapegue.com\/site\/wp-json\/wp\/v2\/posts"}],"about":[{"href":"https:\/\/sergiolapegue.com\/site\/wp-json\/wp\/v2\/types\/post"}],"author":[{"embeddable":true,"href":"https:\/\/sergiolapegue.com\/site\/wp-json\/wp\/v2\/users\/3"}],"replies":[{"embeddable":true,"href":"https:\/\/sergiolapegue.com\/site\/wp-json\/wp\/v2\/comments?post=27690"}],"version-history":[{"count":1,"href":"https:\/\/sergiolapegue.com\/site\/wp-json\/wp\/v2\/posts\/27690\/revisions"}],"predecessor-version":[{"id":27695,"href":"https:\/\/sergiolapegue.com\/site\/wp-json\/wp\/v2\/posts\/27690\/revisions\/27695"}],"wp:featuredmedia":[{"embeddable":true,"href":"https:\/\/sergiolapegue.com\/site\/wp-json\/wp\/v2\/media\/27694"}],"wp:attachment":[{"href":"https:\/\/sergiolapegue.com\/site\/wp-json\/wp\/v2\/media?parent=27690"}],"wp:term":[{"taxonomy":"category","embeddable":true,"href":"https:\/\/sergiolapegue.com\/site\/wp-json\/wp\/v2\/categories?post=27690"},{"taxonomy":"post_tag","embeddable":true,"href":"https:\/\/sergiolapegue.com\/site\/wp-json\/wp\/v2\/tags?post=27690"}],"curies":[{"name":"wp","href":"https:\/\/api.w.org\/{rel}","templated":true}]}}