{"id":27685,"date":"2026-01-15T01:00:00","date_gmt":"2026-01-15T04:00:00","guid":{"rendered":"https:\/\/sergiolapegue.com\/site\/?p=27685"},"modified":"2026-01-14T00:50:58","modified_gmt":"2026-01-14T03:50:58","slug":"lanzamiento-de-la-cuarta-residencia-artistica-de-los-pipis","status":"publish","type":"post","link":"https:\/\/sergiolapegue.com\/site\/2026\/01\/15\/lanzamiento-de-la-cuarta-residencia-artistica-de-los-pipis\/","title":{"rendered":"LANZAMIENTO DE LA CUARTA RESIDENCIA ART\u00cdSTICA DE LOS PIPIS"},"content":{"rendered":"\n<p>EL PR\u00d3XIMO FUROR<strong>!!!&nbsp;<\/strong>Convocatoria abierta para conformar el elenco de la pr\u00f3xima residencia art\u00edstica de Los Pipis en el Teatro Empire este 2026.<\/p>\n\n\n\n<p>La idea es crear un elenco integrado por personas que podamos conocer y descubrir a partir de este proceso y que puedan integrarse a su pr\u00f3xima obra.<\/p>\n\n\n\n<p>La dramaturgia del proyecto ser\u00e1 producto de esta indagaci\u00f3n y la direcci\u00f3n estar\u00e1 a cargo de Los Pipis teatro.<\/p>\n\n\n\n<p>Antes de comenzar Los Pipis te quieren contar un poco sobre lo que ser\u00e1 este proceso y el objetivo de esta convocatoria.<\/p>\n\n\n\n<p>Los Pipis Teatro realizar\u00e1n una residencia art\u00edstica en el Teatro Empire y para ello van a conformar un elenco de actores, actrices, bailarines y performers que los acompa\u00f1en durante este tiempo.<\/p>\n\n\n\n<p>Esta es la cuarta residencia que realizamos con esta modalidad de convocatoria abierta, siendo las primeras: Las j\u00f3venes promesas (2020) en El Cultural San Martin, Los ni\u00f1os prodigio (2022) en el Museo S\u00edvori&nbsp; y Adi\u00f3s Mundo Cruel en el Konex (2024).&nbsp;<\/p>\n\n\n\n<figure class=\"wp-block-image size-full\"><img loading=\"lazy\" decoding=\"async\" width=\"717\" height=\"768\" src=\"https:\/\/sergiolapegue.com\/site\/wp-content\/uploads\/2026\/01\/Lanzamiento-de-la-4-residencia-artistica-de-los-pipis-1.jpeg\" alt=\"\" class=\"wp-image-27686\" srcset=\"https:\/\/sergiolapegue.com\/site\/wp-content\/uploads\/2026\/01\/Lanzamiento-de-la-4-residencia-artistica-de-los-pipis-1.jpeg 717w, https:\/\/sergiolapegue.com\/site\/wp-content\/uploads\/2026\/01\/Lanzamiento-de-la-4-residencia-artistica-de-los-pipis-1-280x300.jpeg 280w, https:\/\/sergiolapegue.com\/site\/wp-content\/uploads\/2026\/01\/Lanzamiento-de-la-4-residencia-artistica-de-los-pipis-1-392x420.jpeg 392w, https:\/\/sergiolapegue.com\/site\/wp-content\/uploads\/2026\/01\/Lanzamiento-de-la-4-residencia-artistica-de-los-pipis-1-696x746.jpeg 696w\" sizes=\"auto, (max-width: 717px) 100vw, 717px\" \/><\/figure>\n\n\n\n<p><strong>LA RESIDENCIA <\/strong><strong><\/strong><\/p>\n\n\n\n<p>La residencia consistir\u00e1 en un proceso de ensayos de 3 meses, con dos encuentros semanales de 3 horas cada uno en el Teatro Empire, durante los meses de marzo, abril y mayo de 2026. Durante estos encuentros, dirigidos por Los Pipis, se desarrollar\u00e1n actividades espec\u00edficas de indagaci\u00f3n y ensayos para arribar a la pr\u00f3xima propuesta de la dupla, titulada \u2018EL PROXIMO FUROR\u2019<\/p>\n\n\n\n<p>Uno de los principales gestos que la compa\u00f1\u00eda busca llevar adelante, es el de generar v\u00ednculos entre artistas que se desempe\u00f1en en la ciudad de Buenos Aires y plantear espacios de participaci\u00f3n que funcionen como plataformas para los mismos.&nbsp;<\/p>\n\n\n\n<p>La creaci\u00f3n de este equipo busca seguir esa misma direcci\u00f3n y reunir a un grupo de artistas que no hayan trabajado juntos anteriormente.<\/p>\n\n\n\n<p>La conformaci\u00f3n del grupo plantea encontrar artistas de diferentes edades, disciplinas y formas de concebir el oficio, teniendo como principal objetivo el de formar un equipo heterog\u00e9neo para producir esta obra.&nbsp;<\/p>\n\n\n\n<p>La residencia toma, por un lado ejes tem\u00e1ticos y disparadores conceptuales propuestos por los directores; para ponerlos en relaci\u00f3n con las inquietudes que los interpretes manifiesten tener deseo de abordar.<\/p>\n\n\n\n<p>\u2018EL PROXIMO FUROR\u2019 vincula la actuaci\u00f3n, la performance, la danza y la m\u00fasica; y toma como principales ejes para trabajar la m\u00fasica y la crisis.<\/p>\n\n\n\n<p>El programa de la residencia propone, adem\u00e1s, aperturas peri\u00f3dicas del proceso de creaci\u00f3n ante artistas referentes de la escena que puedan aportar su punto de vista al trabajo realizado.<\/p>\n\n\n\n<p>Esta primera instancia comprende la conformaci\u00f3n de un equipo de trabajo y un elenco que ser\u00e1n seleccionadas en base a esta inscripci\u00f3n.<\/p>\n\n\n\n<p>A partir de este proceso de residencia se realizar\u00e1 una temporada de funciones a p\u00fablico en el Teatro Empire de las cuales lo recaudado se dividir\u00e1 entre cada uno de los participantes. (Modalidad Borderaux)<\/p>\n\n\n\n<p>Este formulario implica que elijas una disciplina con la que te identifiques en una primera instancia, pero tambi\u00e9n podr\u00e1s contarnos sobre todo lo que te apasiona y creas que puede funcionar como complemento.<\/p>\n\n\n\n<p>Si te gusta actuar pero est\u00e1s aprendiendo a tocar un nuevo instrumento, si te consideras bailar\u00edn o bailarina pero est\u00e1s estudiando alg\u00fan idioma, si te gusta escribir pero al mismo tiempo siempre hubieses querido bailar en un espect\u00e1culo contanos: nos encanta todo eso.<\/p>\n\n\n\n<p>No se realizar\u00e1 casting sino que el elenco ser\u00e1 elegido a trav\u00e9s de esta instancia as\u00ed que podes tomarte el tiempo que quieras para completar el formulario.<\/p>\n\n\n\n<figure class=\"wp-block-image size-full\"><img loading=\"lazy\" decoding=\"async\" width=\"758\" height=\"769\" src=\"https:\/\/sergiolapegue.com\/site\/wp-content\/uploads\/2026\/01\/Lanzamiento-de-la-4-residencia-artistica-de-los-pipis-2.jpeg\" alt=\"\" class=\"wp-image-27687\" srcset=\"https:\/\/sergiolapegue.com\/site\/wp-content\/uploads\/2026\/01\/Lanzamiento-de-la-4-residencia-artistica-de-los-pipis-2.jpeg 758w, https:\/\/sergiolapegue.com\/site\/wp-content\/uploads\/2026\/01\/Lanzamiento-de-la-4-residencia-artistica-de-los-pipis-2-296x300.jpeg 296w, https:\/\/sergiolapegue.com\/site\/wp-content\/uploads\/2026\/01\/Lanzamiento-de-la-4-residencia-artistica-de-los-pipis-2-414x420.jpeg 414w, https:\/\/sergiolapegue.com\/site\/wp-content\/uploads\/2026\/01\/Lanzamiento-de-la-4-residencia-artistica-de-los-pipis-2-696x706.jpeg 696w\" sizes=\"auto, (max-width: 758px) 100vw, 758px\" \/><\/figure>\n\n\n\n<p><strong>\u00bfQUI\u00c9NES SOMOS?<\/strong><strong><\/strong><\/p>\n\n\n\n<p>Los Pipis es una compa\u00f1\u00eda de teatro argentina fundada por Federico Lehmann y Mat\u00edas Milanese, ambos actores, dramaturgos y directores de teatro.<\/p>\n\n\n\n<p>Fue declarada de inter\u00e9s cultural y social por la Legislatura de la Ciudad de Buenos Aires en 2024.<\/p>\n\n\n\n<p>La compa\u00f1\u00eda fue ganadora del Premio \u00d3peras Primas del Centro Cultural Rojas y de La Bienal de Arte Joven, adem\u00e1s de haber sido nominada al Premio ACE.<\/p>\n\n\n\n<p>Particip\u00f3 en el Festival Internacional de Buenos Aires y obtuvo el Premio del Complejo Teatral de Buenos Aires.<\/p>\n\n\n\n<p>En 2024 recibi\u00f3 la distinci\u00f3n del Premio Carlos J\u00e1uregui por su trabajo en la lucha por los derechos de la comunidad LGBTIQ+.<\/p>\n\n\n\n<p>Entre sus trabajos se destaca la trilog\u00eda \u201cLa trilog\u00eda de las pasiones\u201d, compuesta por las obras El mecanismo de Alaska, La conquista de Alaska y Pasi\u00f3n, estrenadas en Timbre 4, Fundaci\u00f3n Proa y el Teatro San Mart\u00edn, respectivamente.<\/p>\n\n\n\n<p>Ahora s\u00ed, \u00a1Empecemos!<\/p>\n\n\n\n<p>Tenes tiempo de anotarte hasta el 10\/02\/2026<\/p>\n\n\n\n<p><strong>Instagram:<\/strong> @lospipisteatro<\/p>\n\n\n\n<p><strong>Inscripci\u00f3n a la convocatoria en el siguiente link:<\/strong><\/p>\n\n\n\n<p><a href=\"https:\/\/docs.google.com\/forms\/d\/e\/1FAIpQLSdF5r9Q09SsTpI2qw6rSOeiA-IWgrQAq-PAwGEszdfgeSsR5Q\/formResponse?pli=1\">EL PR\u00d3XIMO FUROR Residencia art\u00edstica de Los Pipis Teatro en el Teatro Empire<\/a><\/p>\n\n\n\n<p>Gracias Pablo Lancone por enviarnos la gacetilla de prensa del lanzamiento de La cuarta residencia art\u00edstica de Los Pipis.<\/p>\n\n\n\n<p><\/p>\n","protected":false},"excerpt":{"rendered":"<p>EL PR\u00d3XIMO FUROR!!!&nbsp;Convocatoria abierta para conformar el elenco de la pr\u00f3xima residencia art\u00edstica de Los Pipis en el Teatro Empire este 2026. La idea es crear un elenco integrado por personas que podamos conocer y descubrir a partir de este proceso y que puedan integrarse a su pr\u00f3xima obra. La dramaturgia del proyecto ser\u00e1 producto [&hellip;]<\/p>\n","protected":false},"author":3,"featured_media":27688,"comment_status":"open","ping_status":"closed","sticky":false,"template":"","format":"standard","meta":{"footnotes":""},"categories":[34],"tags":[],"class_list":{"0":"post-27685","1":"post","2":"type-post","3":"status-publish","4":"format-standard","5":"has-post-thumbnail","7":"category-arte"},"yoast_head":"<!-- This site is optimized with the Yoast SEO plugin v27.4 - https:\/\/yoast.com\/product\/yoast-seo-wordpress\/ -->\n<title>LANZAMIENTO DE LA CUARTA RESIDENCIA ART\u00cdSTICA DE LOS PIPIS - Sergio Lapegue<\/title>\n<meta name=\"robots\" content=\"index, follow, max-snippet:-1, max-image-preview:large, max-video-preview:-1\" \/>\n<link rel=\"canonical\" href=\"https:\/\/sergiolapegue.com\/site\/2026\/01\/15\/lanzamiento-de-la-cuarta-residencia-artistica-de-los-pipis\/\" \/>\n<meta property=\"og:locale\" content=\"es_ES\" \/>\n<meta property=\"og:type\" content=\"article\" \/>\n<meta property=\"og:title\" content=\"LANZAMIENTO DE LA CUARTA RESIDENCIA ART\u00cdSTICA DE LOS PIPIS - Sergio Lapegue\" \/>\n<meta property=\"og:description\" content=\"EL PR\u00d3XIMO FUROR!!!&nbsp;Convocatoria abierta para conformar el elenco de la pr\u00f3xima residencia art\u00edstica de Los Pipis en el Teatro Empire este 2026. La idea es crear un elenco integrado por personas que podamos conocer y descubrir a partir de este proceso y que puedan integrarse a su pr\u00f3xima obra. La dramaturgia del proyecto ser\u00e1 producto [&hellip;]\" \/>\n<meta property=\"og:url\" content=\"https:\/\/sergiolapegue.com\/site\/2026\/01\/15\/lanzamiento-de-la-cuarta-residencia-artistica-de-los-pipis\/\" \/>\n<meta property=\"og:site_name\" content=\"Sergio Lapegue\" \/>\n<meta property=\"article:publisher\" content=\"https:\/\/facebook.com\/sergiolapegue\" \/>\n<meta property=\"article:author\" content=\"https:\/\/facebook.com\/danielernesto.montana\" \/>\n<meta property=\"article:published_time\" content=\"2026-01-15T04:00:00+00:00\" \/>\n<meta property=\"og:image\" content=\"https:\/\/sergiolapegue.com\/site\/wp-content\/uploads\/2026\/01\/Lanzamiento-de-la-4-residencia-artistica-de-los-pipis.jpg\" \/>\n\t<meta property=\"og:image:width\" content=\"1000\" \/>\n\t<meta property=\"og:image:height\" content=\"1250\" \/>\n\t<meta property=\"og:image:type\" content=\"image\/jpeg\" \/>\n<meta name=\"author\" content=\"Daniel E. Monta\u00f1a\" \/>\n<meta name=\"twitter:card\" content=\"summary_large_image\" \/>\n<meta name=\"twitter:creator\" content=\"@https:\/\/twitter.com\/daner_004\" \/>\n<meta name=\"twitter:site\" content=\"@sergiolapegue\" \/>\n<meta name=\"twitter:label1\" content=\"Escrito por\" \/>\n\t<meta name=\"twitter:data1\" content=\"Daniel E. Monta\u00f1a\" \/>\n\t<meta name=\"twitter:label2\" content=\"Tiempo de lectura\" \/>\n\t<meta name=\"twitter:data2\" content=\"5 minutos\" \/>\n<script type=\"application\/ld+json\" class=\"yoast-schema-graph\">{\"@context\":\"https:\\\/\\\/schema.org\",\"@graph\":[{\"@type\":\"Article\",\"@id\":\"https:\\\/\\\/sergiolapegue.com\\\/site\\\/2026\\\/01\\\/15\\\/lanzamiento-de-la-cuarta-residencia-artistica-de-los-pipis\\\/#article\",\"isPartOf\":{\"@id\":\"https:\\\/\\\/sergiolapegue.com\\\/site\\\/2026\\\/01\\\/15\\\/lanzamiento-de-la-cuarta-residencia-artistica-de-los-pipis\\\/\"},\"author\":{\"name\":\"Daniel E. Monta\u00f1a\",\"@id\":\"https:\\\/\\\/sergiolapegue.com\\\/site\\\/#\\\/schema\\\/person\\\/9198e7dbab43c6d74d0fd5399af7c3cd\"},\"headline\":\"LANZAMIENTO DE LA CUARTA RESIDENCIA ART\u00cdSTICA DE LOS PIPIS\",\"datePublished\":\"2026-01-15T04:00:00+00:00\",\"mainEntityOfPage\":{\"@id\":\"https:\\\/\\\/sergiolapegue.com\\\/site\\\/2026\\\/01\\\/15\\\/lanzamiento-de-la-cuarta-residencia-artistica-de-los-pipis\\\/\"},\"wordCount\":828,\"commentCount\":0,\"publisher\":{\"@id\":\"https:\\\/\\\/sergiolapegue.com\\\/site\\\/#\\\/schema\\\/person\\\/083aeceeb0734cd166779ea6c0551a37\"},\"image\":{\"@id\":\"https:\\\/\\\/sergiolapegue.com\\\/site\\\/2026\\\/01\\\/15\\\/lanzamiento-de-la-cuarta-residencia-artistica-de-los-pipis\\\/#primaryimage\"},\"thumbnailUrl\":\"https:\\\/\\\/sergiolapegue.com\\\/site\\\/wp-content\\\/uploads\\\/2026\\\/01\\\/Lanzamiento-de-la-4-residencia-artistica-de-los-pipis.jpg\",\"articleSection\":[\"Arte\"],\"inLanguage\":\"es-AR\",\"potentialAction\":[{\"@type\":\"CommentAction\",\"name\":\"Comment\",\"target\":[\"https:\\\/\\\/sergiolapegue.com\\\/site\\\/2026\\\/01\\\/15\\\/lanzamiento-de-la-cuarta-residencia-artistica-de-los-pipis\\\/#respond\"]}]},{\"@type\":\"WebPage\",\"@id\":\"https:\\\/\\\/sergiolapegue.com\\\/site\\\/2026\\\/01\\\/15\\\/lanzamiento-de-la-cuarta-residencia-artistica-de-los-pipis\\\/\",\"url\":\"https:\\\/\\\/sergiolapegue.com\\\/site\\\/2026\\\/01\\\/15\\\/lanzamiento-de-la-cuarta-residencia-artistica-de-los-pipis\\\/\",\"name\":\"LANZAMIENTO DE LA CUARTA RESIDENCIA ART\u00cdSTICA DE LOS PIPIS - Sergio Lapegue\",\"isPartOf\":{\"@id\":\"https:\\\/\\\/sergiolapegue.com\\\/site\\\/#website\"},\"primaryImageOfPage\":{\"@id\":\"https:\\\/\\\/sergiolapegue.com\\\/site\\\/2026\\\/01\\\/15\\\/lanzamiento-de-la-cuarta-residencia-artistica-de-los-pipis\\\/#primaryimage\"},\"image\":{\"@id\":\"https:\\\/\\\/sergiolapegue.com\\\/site\\\/2026\\\/01\\\/15\\\/lanzamiento-de-la-cuarta-residencia-artistica-de-los-pipis\\\/#primaryimage\"},\"thumbnailUrl\":\"https:\\\/\\\/sergiolapegue.com\\\/site\\\/wp-content\\\/uploads\\\/2026\\\/01\\\/Lanzamiento-de-la-4-residencia-artistica-de-los-pipis.jpg\",\"datePublished\":\"2026-01-15T04:00:00+00:00\",\"breadcrumb\":{\"@id\":\"https:\\\/\\\/sergiolapegue.com\\\/site\\\/2026\\\/01\\\/15\\\/lanzamiento-de-la-cuarta-residencia-artistica-de-los-pipis\\\/#breadcrumb\"},\"inLanguage\":\"es-AR\",\"potentialAction\":[{\"@type\":\"ReadAction\",\"target\":[\"https:\\\/\\\/sergiolapegue.com\\\/site\\\/2026\\\/01\\\/15\\\/lanzamiento-de-la-cuarta-residencia-artistica-de-los-pipis\\\/\"]}]},{\"@type\":\"ImageObject\",\"inLanguage\":\"es-AR\",\"@id\":\"https:\\\/\\\/sergiolapegue.com\\\/site\\\/2026\\\/01\\\/15\\\/lanzamiento-de-la-cuarta-residencia-artistica-de-los-pipis\\\/#primaryimage\",\"url\":\"https:\\\/\\\/sergiolapegue.com\\\/site\\\/wp-content\\\/uploads\\\/2026\\\/01\\\/Lanzamiento-de-la-4-residencia-artistica-de-los-pipis.jpg\",\"contentUrl\":\"https:\\\/\\\/sergiolapegue.com\\\/site\\\/wp-content\\\/uploads\\\/2026\\\/01\\\/Lanzamiento-de-la-4-residencia-artistica-de-los-pipis.jpg\",\"width\":1000,\"height\":1250},{\"@type\":\"BreadcrumbList\",\"@id\":\"https:\\\/\\\/sergiolapegue.com\\\/site\\\/2026\\\/01\\\/15\\\/lanzamiento-de-la-cuarta-residencia-artistica-de-los-pipis\\\/#breadcrumb\",\"itemListElement\":[{\"@type\":\"ListItem\",\"position\":1,\"name\":\"Inicio\",\"item\":\"https:\\\/\\\/sergiolapegue.com\\\/site\\\/\"},{\"@type\":\"ListItem\",\"position\":2,\"name\":\"LANZAMIENTO DE LA CUARTA RESIDENCIA ART\u00cdSTICA DE LOS PIPIS\"}]},{\"@type\":\"WebSite\",\"@id\":\"https:\\\/\\\/sergiolapegue.com\\\/site\\\/#website\",\"url\":\"https:\\\/\\\/sergiolapegue.com\\\/site\\\/\",\"name\":\"Sergio Lapegue\",\"description\":\"Periodista\",\"publisher\":{\"@id\":\"https:\\\/\\\/sergiolapegue.com\\\/site\\\/#\\\/schema\\\/person\\\/083aeceeb0734cd166779ea6c0551a37\"},\"potentialAction\":[{\"@type\":\"SearchAction\",\"target\":{\"@type\":\"EntryPoint\",\"urlTemplate\":\"https:\\\/\\\/sergiolapegue.com\\\/site\\\/?s={search_term_string}\"},\"query-input\":{\"@type\":\"PropertyValueSpecification\",\"valueRequired\":true,\"valueName\":\"search_term_string\"}}],\"inLanguage\":\"es-AR\"},{\"@type\":[\"Person\",\"Organization\"],\"@id\":\"https:\\\/\\\/sergiolapegue.com\\\/site\\\/#\\\/schema\\\/person\\\/083aeceeb0734cd166779ea6c0551a37\",\"name\":\"Sergio Lapegue\",\"image\":{\"@type\":\"ImageObject\",\"inLanguage\":\"es-AR\",\"@id\":\"https:\\\/\\\/sergiolapegue.com\\\/site\\\/wp-content\\\/uploads\\\/2021\\\/04\\\/logo_header-1.png\",\"url\":\"https:\\\/\\\/sergiolapegue.com\\\/site\\\/wp-content\\\/uploads\\\/2021\\\/04\\\/logo_header-1.png\",\"contentUrl\":\"https:\\\/\\\/sergiolapegue.com\\\/site\\\/wp-content\\\/uploads\\\/2021\\\/04\\\/logo_header-1.png\",\"width\":272,\"height\":90,\"caption\":\"Sergio Lapegue\"},\"logo\":{\"@id\":\"https:\\\/\\\/sergiolapegue.com\\\/site\\\/wp-content\\\/uploads\\\/2021\\\/04\\\/logo_header-1.png\"},\"sameAs\":[\"https:\\\/\\\/facebook.com\\\/sergiolapegue\",\"https:\\\/\\\/instagram.com\\\/sergiolapegue\",\"https:\\\/\\\/x.com\\\/https:\\\/\\\/twitter.com\\\/sergiolapegue\"]},{\"@type\":\"Person\",\"@id\":\"https:\\\/\\\/sergiolapegue.com\\\/site\\\/#\\\/schema\\\/person\\\/9198e7dbab43c6d74d0fd5399af7c3cd\",\"name\":\"Daniel E. Monta\u00f1a\",\"image\":{\"@type\":\"ImageObject\",\"inLanguage\":\"es-AR\",\"@id\":\"https:\\\/\\\/sergiolapegue.com\\\/site\\\/wp-content\\\/uploads\\\/2021\\\/04\\\/sl_avatar_Daniel-150x150.jpg\",\"url\":\"https:\\\/\\\/sergiolapegue.com\\\/site\\\/wp-content\\\/uploads\\\/2021\\\/04\\\/sl_avatar_Daniel-150x150.jpg\",\"contentUrl\":\"https:\\\/\\\/sergiolapegue.com\\\/site\\\/wp-content\\\/uploads\\\/2021\\\/04\\\/sl_avatar_Daniel-150x150.jpg\",\"caption\":\"Daniel E. Monta\u00f1a\"},\"sameAs\":[\"https:\\\/\\\/facebook.com\\\/danielernesto.montana\",\"https:\\\/\\\/instagram.com\\\/daniel_montana1961\",\"https:\\\/\\\/x.com\\\/https:\\\/\\\/twitter.com\\\/daner_004\"],\"url\":\"https:\\\/\\\/sergiolapegue.com\\\/site\\\/author\\\/daniel\\\/\"}]}<\/script>\n<!-- \/ Yoast SEO plugin. -->","yoast_head_json":{"title":"LANZAMIENTO DE LA CUARTA RESIDENCIA ART\u00cdSTICA DE LOS PIPIS - Sergio Lapegue","robots":{"index":"index","follow":"follow","max-snippet":"max-snippet:-1","max-image-preview":"max-image-preview:large","max-video-preview":"max-video-preview:-1"},"canonical":"https:\/\/sergiolapegue.com\/site\/2026\/01\/15\/lanzamiento-de-la-cuarta-residencia-artistica-de-los-pipis\/","og_locale":"es_ES","og_type":"article","og_title":"LANZAMIENTO DE LA CUARTA RESIDENCIA ART\u00cdSTICA DE LOS PIPIS - Sergio Lapegue","og_description":"EL PR\u00d3XIMO FUROR!!!&nbsp;Convocatoria abierta para conformar el elenco de la pr\u00f3xima residencia art\u00edstica de Los Pipis en el Teatro Empire este 2026. La idea es crear un elenco integrado por personas que podamos conocer y descubrir a partir de este proceso y que puedan integrarse a su pr\u00f3xima obra. La dramaturgia del proyecto ser\u00e1 producto [&hellip;]","og_url":"https:\/\/sergiolapegue.com\/site\/2026\/01\/15\/lanzamiento-de-la-cuarta-residencia-artistica-de-los-pipis\/","og_site_name":"Sergio Lapegue","article_publisher":"https:\/\/facebook.com\/sergiolapegue","article_author":"https:\/\/facebook.com\/danielernesto.montana","article_published_time":"2026-01-15T04:00:00+00:00","og_image":[{"width":1000,"height":1250,"url":"https:\/\/sergiolapegue.com\/site\/wp-content\/uploads\/2026\/01\/Lanzamiento-de-la-4-residencia-artistica-de-los-pipis.jpg","type":"image\/jpeg"}],"author":"Daniel E. Monta\u00f1a","twitter_card":"summary_large_image","twitter_creator":"@https:\/\/twitter.com\/daner_004","twitter_site":"@sergiolapegue","twitter_misc":{"Escrito por":"Daniel E. Monta\u00f1a","Tiempo de lectura":"5 minutos"},"schema":{"@context":"https:\/\/schema.org","@graph":[{"@type":"Article","@id":"https:\/\/sergiolapegue.com\/site\/2026\/01\/15\/lanzamiento-de-la-cuarta-residencia-artistica-de-los-pipis\/#article","isPartOf":{"@id":"https:\/\/sergiolapegue.com\/site\/2026\/01\/15\/lanzamiento-de-la-cuarta-residencia-artistica-de-los-pipis\/"},"author":{"name":"Daniel E. Monta\u00f1a","@id":"https:\/\/sergiolapegue.com\/site\/#\/schema\/person\/9198e7dbab43c6d74d0fd5399af7c3cd"},"headline":"LANZAMIENTO DE LA CUARTA RESIDENCIA ART\u00cdSTICA DE LOS PIPIS","datePublished":"2026-01-15T04:00:00+00:00","mainEntityOfPage":{"@id":"https:\/\/sergiolapegue.com\/site\/2026\/01\/15\/lanzamiento-de-la-cuarta-residencia-artistica-de-los-pipis\/"},"wordCount":828,"commentCount":0,"publisher":{"@id":"https:\/\/sergiolapegue.com\/site\/#\/schema\/person\/083aeceeb0734cd166779ea6c0551a37"},"image":{"@id":"https:\/\/sergiolapegue.com\/site\/2026\/01\/15\/lanzamiento-de-la-cuarta-residencia-artistica-de-los-pipis\/#primaryimage"},"thumbnailUrl":"https:\/\/sergiolapegue.com\/site\/wp-content\/uploads\/2026\/01\/Lanzamiento-de-la-4-residencia-artistica-de-los-pipis.jpg","articleSection":["Arte"],"inLanguage":"es-AR","potentialAction":[{"@type":"CommentAction","name":"Comment","target":["https:\/\/sergiolapegue.com\/site\/2026\/01\/15\/lanzamiento-de-la-cuarta-residencia-artistica-de-los-pipis\/#respond"]}]},{"@type":"WebPage","@id":"https:\/\/sergiolapegue.com\/site\/2026\/01\/15\/lanzamiento-de-la-cuarta-residencia-artistica-de-los-pipis\/","url":"https:\/\/sergiolapegue.com\/site\/2026\/01\/15\/lanzamiento-de-la-cuarta-residencia-artistica-de-los-pipis\/","name":"LANZAMIENTO DE LA CUARTA RESIDENCIA ART\u00cdSTICA DE LOS PIPIS - Sergio Lapegue","isPartOf":{"@id":"https:\/\/sergiolapegue.com\/site\/#website"},"primaryImageOfPage":{"@id":"https:\/\/sergiolapegue.com\/site\/2026\/01\/15\/lanzamiento-de-la-cuarta-residencia-artistica-de-los-pipis\/#primaryimage"},"image":{"@id":"https:\/\/sergiolapegue.com\/site\/2026\/01\/15\/lanzamiento-de-la-cuarta-residencia-artistica-de-los-pipis\/#primaryimage"},"thumbnailUrl":"https:\/\/sergiolapegue.com\/site\/wp-content\/uploads\/2026\/01\/Lanzamiento-de-la-4-residencia-artistica-de-los-pipis.jpg","datePublished":"2026-01-15T04:00:00+00:00","breadcrumb":{"@id":"https:\/\/sergiolapegue.com\/site\/2026\/01\/15\/lanzamiento-de-la-cuarta-residencia-artistica-de-los-pipis\/#breadcrumb"},"inLanguage":"es-AR","potentialAction":[{"@type":"ReadAction","target":["https:\/\/sergiolapegue.com\/site\/2026\/01\/15\/lanzamiento-de-la-cuarta-residencia-artistica-de-los-pipis\/"]}]},{"@type":"ImageObject","inLanguage":"es-AR","@id":"https:\/\/sergiolapegue.com\/site\/2026\/01\/15\/lanzamiento-de-la-cuarta-residencia-artistica-de-los-pipis\/#primaryimage","url":"https:\/\/sergiolapegue.com\/site\/wp-content\/uploads\/2026\/01\/Lanzamiento-de-la-4-residencia-artistica-de-los-pipis.jpg","contentUrl":"https:\/\/sergiolapegue.com\/site\/wp-content\/uploads\/2026\/01\/Lanzamiento-de-la-4-residencia-artistica-de-los-pipis.jpg","width":1000,"height":1250},{"@type":"BreadcrumbList","@id":"https:\/\/sergiolapegue.com\/site\/2026\/01\/15\/lanzamiento-de-la-cuarta-residencia-artistica-de-los-pipis\/#breadcrumb","itemListElement":[{"@type":"ListItem","position":1,"name":"Inicio","item":"https:\/\/sergiolapegue.com\/site\/"},{"@type":"ListItem","position":2,"name":"LANZAMIENTO DE LA CUARTA RESIDENCIA ART\u00cdSTICA DE LOS PIPIS"}]},{"@type":"WebSite","@id":"https:\/\/sergiolapegue.com\/site\/#website","url":"https:\/\/sergiolapegue.com\/site\/","name":"Sergio Lapegue","description":"Periodista","publisher":{"@id":"https:\/\/sergiolapegue.com\/site\/#\/schema\/person\/083aeceeb0734cd166779ea6c0551a37"},"potentialAction":[{"@type":"SearchAction","target":{"@type":"EntryPoint","urlTemplate":"https:\/\/sergiolapegue.com\/site\/?s={search_term_string}"},"query-input":{"@type":"PropertyValueSpecification","valueRequired":true,"valueName":"search_term_string"}}],"inLanguage":"es-AR"},{"@type":["Person","Organization"],"@id":"https:\/\/sergiolapegue.com\/site\/#\/schema\/person\/083aeceeb0734cd166779ea6c0551a37","name":"Sergio Lapegue","image":{"@type":"ImageObject","inLanguage":"es-AR","@id":"https:\/\/sergiolapegue.com\/site\/wp-content\/uploads\/2021\/04\/logo_header-1.png","url":"https:\/\/sergiolapegue.com\/site\/wp-content\/uploads\/2021\/04\/logo_header-1.png","contentUrl":"https:\/\/sergiolapegue.com\/site\/wp-content\/uploads\/2021\/04\/logo_header-1.png","width":272,"height":90,"caption":"Sergio Lapegue"},"logo":{"@id":"https:\/\/sergiolapegue.com\/site\/wp-content\/uploads\/2021\/04\/logo_header-1.png"},"sameAs":["https:\/\/facebook.com\/sergiolapegue","https:\/\/instagram.com\/sergiolapegue","https:\/\/x.com\/https:\/\/twitter.com\/sergiolapegue"]},{"@type":"Person","@id":"https:\/\/sergiolapegue.com\/site\/#\/schema\/person\/9198e7dbab43c6d74d0fd5399af7c3cd","name":"Daniel E. Monta\u00f1a","image":{"@type":"ImageObject","inLanguage":"es-AR","@id":"https:\/\/sergiolapegue.com\/site\/wp-content\/uploads\/2021\/04\/sl_avatar_Daniel-150x150.jpg","url":"https:\/\/sergiolapegue.com\/site\/wp-content\/uploads\/2021\/04\/sl_avatar_Daniel-150x150.jpg","contentUrl":"https:\/\/sergiolapegue.com\/site\/wp-content\/uploads\/2021\/04\/sl_avatar_Daniel-150x150.jpg","caption":"Daniel E. Monta\u00f1a"},"sameAs":["https:\/\/facebook.com\/danielernesto.montana","https:\/\/instagram.com\/daniel_montana1961","https:\/\/x.com\/https:\/\/twitter.com\/daner_004"],"url":"https:\/\/sergiolapegue.com\/site\/author\/daniel\/"}]}},"_links":{"self":[{"href":"https:\/\/sergiolapegue.com\/site\/wp-json\/wp\/v2\/posts\/27685","targetHints":{"allow":["GET"]}}],"collection":[{"href":"https:\/\/sergiolapegue.com\/site\/wp-json\/wp\/v2\/posts"}],"about":[{"href":"https:\/\/sergiolapegue.com\/site\/wp-json\/wp\/v2\/types\/post"}],"author":[{"embeddable":true,"href":"https:\/\/sergiolapegue.com\/site\/wp-json\/wp\/v2\/users\/3"}],"replies":[{"embeddable":true,"href":"https:\/\/sergiolapegue.com\/site\/wp-json\/wp\/v2\/comments?post=27685"}],"version-history":[{"count":1,"href":"https:\/\/sergiolapegue.com\/site\/wp-json\/wp\/v2\/posts\/27685\/revisions"}],"predecessor-version":[{"id":27689,"href":"https:\/\/sergiolapegue.com\/site\/wp-json\/wp\/v2\/posts\/27685\/revisions\/27689"}],"wp:featuredmedia":[{"embeddable":true,"href":"https:\/\/sergiolapegue.com\/site\/wp-json\/wp\/v2\/media\/27688"}],"wp:attachment":[{"href":"https:\/\/sergiolapegue.com\/site\/wp-json\/wp\/v2\/media?parent=27685"}],"wp:term":[{"taxonomy":"category","embeddable":true,"href":"https:\/\/sergiolapegue.com\/site\/wp-json\/wp\/v2\/categories?post=27685"},{"taxonomy":"post_tag","embeddable":true,"href":"https:\/\/sergiolapegue.com\/site\/wp-json\/wp\/v2\/tags?post=27685"}],"curies":[{"name":"wp","href":"https:\/\/api.w.org\/{rel}","templated":true}]}}