{"id":27486,"date":"2026-01-06T01:00:00","date_gmt":"2026-01-06T04:00:00","guid":{"rendered":"https:\/\/sergiolapegue.com\/site\/?p=27486"},"modified":"2026-01-03T21:00:36","modified_gmt":"2026-01-04T00:00:36","slug":"malevo-celebra-10-anos-en-argentina-con-una-unica-funcion-en-el-teatro-astral","status":"publish","type":"post","link":"https:\/\/sergiolapegue.com\/site\/2026\/01\/06\/malevo-celebra-10-anos-en-argentina-con-una-unica-funcion-en-el-teatro-astral\/","title":{"rendered":"MALEVO CELEBRA 10 A\u00d1OS EN ARGENTINA CON UNA \u00daNICA FUNCI\u00d3N EN EL TEATRO ASTRAL"},"content":{"rendered":"\n<p>Tras una exitosa gira internacional, la compa\u00f1\u00eda que revoluciono el malambo regresa a Buenos Aires para un festejo exclusivo.<\/p>\n\n\n\n<p>La reconocida agrupaci\u00f3n&nbsp;MALEVO&nbsp;hace una pausa en su recorrido por los escenarios del mundo para celebrar su primera d\u00e9cada de historia en el pa\u00eds. Creada por el director, core\u00f3grafo y bailar\u00edn&nbsp;Mat\u00edas Jaime, la compa\u00f1\u00eda se presentar\u00e1 el pr\u00f3ximo&nbsp;21 de enero a las 20:30 horas&nbsp;en el emblem\u00e1tico&nbsp;Teatro Astral&nbsp;de la Ciudad de Buenos Aires.<\/p>\n\n\n\n<p>MALEVO&nbsp;ha logrado llevar el&nbsp;Malambo, la danza folcl\u00f3rica tradicional argentina, m\u00e1s all\u00e1 de sus l\u00edmites convencionales. Con un enfoque moderno, vanguardista y transgresor, la propuesta fusiona la destreza y virilidad del zapateo con otros estilos como el&nbsp;flamenco&nbsp;y la&nbsp;percusi\u00f3n urbana, creando un lenguaje visual y sonoro que ha cautivado a audiencias globales.<\/p>\n\n\n\n<figure class=\"wp-block-image size-full\"><img loading=\"lazy\" decoding=\"async\" width=\"1000\" height=\"665\" src=\"https:\/\/sergiolapegue.com\/site\/wp-content\/uploads\/2026\/01\/Malevo-10-anos-1.jpg\" alt=\"\" class=\"wp-image-27487\" srcset=\"https:\/\/sergiolapegue.com\/site\/wp-content\/uploads\/2026\/01\/Malevo-10-anos-1.jpg 1000w, https:\/\/sergiolapegue.com\/site\/wp-content\/uploads\/2026\/01\/Malevo-10-anos-1-300x200.jpg 300w, https:\/\/sergiolapegue.com\/site\/wp-content\/uploads\/2026\/01\/Malevo-10-anos-1-768x511.jpg 768w, https:\/\/sergiolapegue.com\/site\/wp-content\/uploads\/2026\/01\/Malevo-10-anos-1-632x420.jpg 632w, https:\/\/sergiolapegue.com\/site\/wp-content\/uploads\/2026\/01\/Malevo-10-anos-1-696x463.jpg 696w\" sizes=\"auto, (max-width: 1000px) 100vw, 1000px\" \/><\/figure>\n\n\n\n<p><strong>UN RECORRIDO DE PRESTIGIO MUNDIAL<\/strong><\/p>\n\n\n\n<p>Nombrados&nbsp;&#8220;Embajadores Culturales de la Identidad Nacional Argentina&#8221;, los integrantes de MALEVO regresan al pa\u00eds precedidos por una trayectoria que incluye hitos en las principales capitales del mundo:<\/p>\n\n\n\n<ul class=\"wp-block-list\">\n<li>Presentaciones en ciudades como\u00a0Las Vegas, Nueva York, Dub\u00e1i, Par\u00eds, El Cairo, San Petersburgo y Montreal.<\/li>\n\n\n\n<li>Colaboraciones especiales con la estrella internacional\u00a0Ricky Martin\u00a0y el\u00a0Cirque du Soleil.<\/li>\n\n\n\n<li>Una residencia de un a\u00f1o en\u00a0Universal Studios Jap\u00f3n.<\/li>\n\n\n\n<li>Reconocimiento masivo tras su paso como semifinalistas en el programa estadounidense\u00a0America&#8217;s Got Talent.<\/li>\n<\/ul>\n\n\n\n<p>Esta funci\u00f3n en el Teatro Astral representa una oportunidad para que el p\u00fablico local se reencuentre con la potencia de un show que ha representado la cultura argentina en los eventos m\u00e1s importantes del entretenimiento internacional.<\/p>\n\n\n\n<figure class=\"wp-block-image size-full\"><img loading=\"lazy\" decoding=\"async\" width=\"1000\" height=\"614\" src=\"https:\/\/sergiolapegue.com\/site\/wp-content\/uploads\/2026\/01\/Malevo-10-anos-3.jpg\" alt=\"\" class=\"wp-image-27488\" srcset=\"https:\/\/sergiolapegue.com\/site\/wp-content\/uploads\/2026\/01\/Malevo-10-anos-3.jpg 1000w, https:\/\/sergiolapegue.com\/site\/wp-content\/uploads\/2026\/01\/Malevo-10-anos-3-300x184.jpg 300w, https:\/\/sergiolapegue.com\/site\/wp-content\/uploads\/2026\/01\/Malevo-10-anos-3-768x472.jpg 768w, https:\/\/sergiolapegue.com\/site\/wp-content\/uploads\/2026\/01\/Malevo-10-anos-3-684x420.jpg 684w, https:\/\/sergiolapegue.com\/site\/wp-content\/uploads\/2026\/01\/Malevo-10-anos-3-696x427.jpg 696w\" sizes=\"auto, (max-width: 1000px) 100vw, 1000px\" \/><\/figure>\n\n\n\n<p><strong>TEATRO ASTRAL<\/strong><\/p>\n\n\n\n<p>Av. Corrientes 1639 \u2013 Capital Federal \u2013 Buenos Aires \u2013 Argentina<\/p>\n\n\n\n<p>Tel\u00e9fono: 4374-5707<\/p>\n\n\n\n<p>Entradas: Desde $ 35.000 hasta $ 45.000 \u2013 en boleter\u00eda del teatro o por Plateanet \u2013 Link: <a href=\"https:\/\/www.plateanet.com\/obra\/33594?obra=MALEVO%20-%2010%20A%C3%91OS&amp;paso=inicio&amp;fbclid=IwY2xjawO72HZleHRuA2FlbQIxMABicmlkETE3b3k5Q3NTZ0hYcm1xbEF2c3J0YwZhcHBfaWQQMjIyMDM5MTc4ODIwMDg5MgABHhFav2ZqQArMpmTGCHH1Se22bdrZzrJ2RG4gVqjewwkagLebO2yBiMptcYj8_aem_uvcdrH-aagyoRrHV-JT6kw\">MALEVO &#8211; 10 A\u00d1OS &#8211; Plateanet<\/a><\/p>\n\n\n\n<p>Funci\u00f3n: Mi\u00e9rcoles 21 de Enero \u2013 20:30 horas<\/p>\n\n\n\n<p>Gracias Kevin Melgar Prensa por acercarnos la gacetilla de prensa de esta extraordinaria compa\u00f1\u00eda que celebra sus 10 a\u00f1os de vida.<\/p>\n\n\n\n<figure class=\"wp-block-image size-full\"><img loading=\"lazy\" decoding=\"async\" width=\"1000\" height=\"702\" src=\"https:\/\/sergiolapegue.com\/site\/wp-content\/uploads\/2026\/01\/Malevo-10-anos-2.jpg\" alt=\"\" class=\"wp-image-27489\" srcset=\"https:\/\/sergiolapegue.com\/site\/wp-content\/uploads\/2026\/01\/Malevo-10-anos-2.jpg 1000w, https:\/\/sergiolapegue.com\/site\/wp-content\/uploads\/2026\/01\/Malevo-10-anos-2-300x211.jpg 300w, https:\/\/sergiolapegue.com\/site\/wp-content\/uploads\/2026\/01\/Malevo-10-anos-2-768x539.jpg 768w, https:\/\/sergiolapegue.com\/site\/wp-content\/uploads\/2026\/01\/Malevo-10-anos-2-598x420.jpg 598w, https:\/\/sergiolapegue.com\/site\/wp-content\/uploads\/2026\/01\/Malevo-10-anos-2-696x489.jpg 696w\" sizes=\"auto, (max-width: 1000px) 100vw, 1000px\" \/><\/figure>\n\n\n\n<p><strong>SOBRE LA COMPA\u00d1\u00cdA MALEVO<\/strong><\/p>\n\n\n\n<p>Malevo, la \u201cSensaci\u00f3n Sudamericana\u201d, fue creada por el director, core\u00f3grafo y bailar\u00edn Mat\u00edas Jaime, en el a\u00f1o 2015. La compa\u00f1\u00eda ha reinventado el malambo, una danza folcl\u00f3rica tradicional argentina, interpretada originalmente por los gauchos de la regi\u00f3n pampeana, y la ha elevado a una visi\u00f3n moderna, vanguardista y transgresora. Manteniendo la gran virilidad y destreza del malambo, la compa\u00f1\u00eda ha elevado esta danza tradicional fusionando su t\u00e9cnica cl\u00e1sica con otros estilos e incorporando percusi\u00f3n en vivo en el escenario. Con un ritmo vibrante de tambores, la coreograf\u00eda combina el uso de boleadoras, una herramienta de caza de cuero y piedra utilizada por los gauchos, con r\u00e1pidos movimientos de piernas, en\u00e9rgicos zapateados y r\u00e1pidos cepillados.<\/p>\n\n\n\n<p>Espect\u00e1culos emocionantes y din\u00e1micos donde los bailarines crearon una performance que no solo lleva el malambo m\u00e1s all\u00e1 de sus l\u00edmites, sino que tambi\u00e9n ofrece al p\u00fablico una experiencia visual y sensorial extraordinaria.<\/p>\n\n\n\n<p>Tras ser nombrada \u201cEmbajadora Cultural de la Identidad Nacional Argentina\u201d y alcanzar numerosos \u00e9xitos, incluyendo espect\u00e1culos y presentaciones en Las Vegas, Nueva York, Dub\u00e1i, Paris, Catar, Francia, Montecarlo, Espa\u00f1a, San Petersburgo, Canad\u00e1, Londres y Mosc\u00fa, adem\u00e1s de recibir una invitaci\u00f3n especial para participar con el Cirque du Soleil, crea coreograf\u00edas de malambo para el espect\u00e1culo en Las Vegas de la estrella del pop latino Ricky Martin, una temporada anual de presentaciones en Universal Studios, Osaka, Jap\u00f3n, espect\u00e1culos con Norwegian Cruise Line y lleg\u00f3 a las semifinales del exitoso programa de televisi\u00f3n America\u00b4s Got Talent.<\/p>\n\n\n\n<p>La compa\u00f1\u00eda se present\u00f3 en festivales como \u00abJuste Pour Rire\u00bb y \u00abLe Incroyable\u00bb (Canad\u00e1), \u00abLa France a un Incroyable Talent\u00bb (Francia) y en los festivales m\u00e1s importantes del mundo: Global Village (Dub\u00e1i), Festival de Santa Luc\u00eda (M\u00e9xico), Lollapalooza (Argentina), Dance Open (Rusia), Festival Gastron\u00f3mico Culinario (Espa\u00f1a), Rally Hist\u00f3rico 22 Aniversario de Montecarlo (Montecarlo), Festival de Circo (Argentina), Norwegian Cruise Line, entre otros.<\/p>\n\n\n\n<p>El canal Sony Latinoam\u00e9rica grab\u00f3 un programa especial titulado \u00abMalevo has talent\u00bb, emitido para la audiencia hispanohablante. &nbsp;&nbsp;&nbsp;&nbsp;&nbsp;<\/p>\n\n\n\n<p>La compa\u00f1\u00eda tambi\u00e9n cuenta con \u00abMalevo Art Factory\u00bb, una plataforma en l\u00ednea para la ense\u00f1anza de danzas (malambo y otras disciplinas) que imparten en todo el mundo.<\/p>\n\n\n\n<p>Actualmente, la compa\u00f1\u00eda realiza giras internacionales con el espect\u00e1culo \u00abXtreme Malambo\u00bb y est\u00e1 desarrollando nuevos espect\u00e1culos de gran envergadura.<\/p>\n\n\n\n<p><strong>Instagram del grupo:<\/strong> @malevook<\/p>\n\n\n\n<p><\/p>\n","protected":false},"excerpt":{"rendered":"<p>Tras una exitosa gira internacional, la compa\u00f1\u00eda que revoluciono el malambo regresa a Buenos Aires para un festejo exclusivo. La reconocida agrupaci\u00f3n&nbsp;MALEVO&nbsp;hace una pausa en su recorrido por los escenarios del mundo para celebrar su primera d\u00e9cada de historia en el pa\u00eds. Creada por el director, core\u00f3grafo y bailar\u00edn&nbsp;Mat\u00edas Jaime, la compa\u00f1\u00eda se presentar\u00e1 el [&hellip;]<\/p>\n","protected":false},"author":3,"featured_media":27490,"comment_status":"open","ping_status":"closed","sticky":false,"template":"","format":"standard","meta":{"footnotes":""},"categories":[34,56,35],"tags":[],"class_list":{"0":"post-27486","1":"post","2":"type-post","3":"status-publish","4":"format-standard","5":"has-post-thumbnail","7":"category-arte","8":"category-musica","9":"category-teatro"},"yoast_head":"<!-- This site is optimized with the Yoast SEO plugin v27.5 - https:\/\/yoast.com\/product\/yoast-seo-wordpress\/ -->\n<title>MALEVO CELEBRA 10 A\u00d1OS EN ARGENTINA CON UNA \u00daNICA FUNCI\u00d3N EN EL TEATRO ASTRAL - Sergio Lapegue<\/title>\n<meta name=\"robots\" content=\"index, follow, max-snippet:-1, max-image-preview:large, max-video-preview:-1\" \/>\n<link rel=\"canonical\" href=\"https:\/\/sergiolapegue.com\/site\/2026\/01\/06\/malevo-celebra-10-anos-en-argentina-con-una-unica-funcion-en-el-teatro-astral\/\" \/>\n<meta property=\"og:locale\" content=\"es_ES\" \/>\n<meta property=\"og:type\" content=\"article\" \/>\n<meta property=\"og:title\" content=\"MALEVO CELEBRA 10 A\u00d1OS EN ARGENTINA CON UNA \u00daNICA FUNCI\u00d3N EN EL TEATRO ASTRAL - Sergio Lapegue\" \/>\n<meta property=\"og:description\" content=\"Tras una exitosa gira internacional, la compa\u00f1\u00eda que revoluciono el malambo regresa a Buenos Aires para un festejo exclusivo. La reconocida agrupaci\u00f3n&nbsp;MALEVO&nbsp;hace una pausa en su recorrido por los escenarios del mundo para celebrar su primera d\u00e9cada de historia en el pa\u00eds. Creada por el director, core\u00f3grafo y bailar\u00edn&nbsp;Mat\u00edas Jaime, la compa\u00f1\u00eda se presentar\u00e1 el [&hellip;]\" \/>\n<meta property=\"og:url\" content=\"https:\/\/sergiolapegue.com\/site\/2026\/01\/06\/malevo-celebra-10-anos-en-argentina-con-una-unica-funcion-en-el-teatro-astral\/\" \/>\n<meta property=\"og:site_name\" content=\"Sergio Lapegue\" \/>\n<meta property=\"article:publisher\" content=\"https:\/\/facebook.com\/sergiolapegue\" \/>\n<meta property=\"article:author\" content=\"https:\/\/facebook.com\/danielernesto.montana\" \/>\n<meta property=\"article:published_time\" content=\"2026-01-06T04:00:00+00:00\" \/>\n<meta property=\"og:image\" content=\"https:\/\/sergiolapegue.com\/site\/wp-content\/uploads\/2026\/01\/Malevo-10-anos.jpg\" \/>\n\t<meta property=\"og:image:width\" content=\"801\" \/>\n\t<meta property=\"og:image:height\" content=\"1000\" \/>\n\t<meta property=\"og:image:type\" content=\"image\/jpeg\" \/>\n<meta name=\"author\" content=\"Daniel E. Monta\u00f1a\" \/>\n<meta name=\"twitter:card\" content=\"summary_large_image\" \/>\n<meta name=\"twitter:creator\" content=\"@https:\/\/twitter.com\/daner_004\" \/>\n<meta name=\"twitter:site\" content=\"@sergiolapegue\" \/>\n<meta name=\"twitter:label1\" content=\"Escrito por\" \/>\n\t<meta name=\"twitter:data1\" content=\"Daniel E. Monta\u00f1a\" \/>\n\t<meta name=\"twitter:label2\" content=\"Tiempo de lectura\" \/>\n\t<meta name=\"twitter:data2\" content=\"4 minutos\" \/>\n<script type=\"application\/ld+json\" class=\"yoast-schema-graph\">{\"@context\":\"https:\\\/\\\/schema.org\",\"@graph\":[{\"@type\":\"Article\",\"@id\":\"https:\\\/\\\/sergiolapegue.com\\\/site\\\/2026\\\/01\\\/06\\\/malevo-celebra-10-anos-en-argentina-con-una-unica-funcion-en-el-teatro-astral\\\/#article\",\"isPartOf\":{\"@id\":\"https:\\\/\\\/sergiolapegue.com\\\/site\\\/2026\\\/01\\\/06\\\/malevo-celebra-10-anos-en-argentina-con-una-unica-funcion-en-el-teatro-astral\\\/\"},\"author\":{\"name\":\"Daniel E. Monta\u00f1a\",\"@id\":\"https:\\\/\\\/sergiolapegue.com\\\/site\\\/#\\\/schema\\\/person\\\/9198e7dbab43c6d74d0fd5399af7c3cd\"},\"headline\":\"MALEVO CELEBRA 10 A\u00d1OS EN ARGENTINA CON UNA \u00daNICA FUNCI\u00d3N EN EL TEATRO ASTRAL\",\"datePublished\":\"2026-01-06T04:00:00+00:00\",\"mainEntityOfPage\":{\"@id\":\"https:\\\/\\\/sergiolapegue.com\\\/site\\\/2026\\\/01\\\/06\\\/malevo-celebra-10-anos-en-argentina-con-una-unica-funcion-en-el-teatro-astral\\\/\"},\"wordCount\":789,\"commentCount\":0,\"publisher\":{\"@id\":\"https:\\\/\\\/sergiolapegue.com\\\/site\\\/#\\\/schema\\\/person\\\/083aeceeb0734cd166779ea6c0551a37\"},\"image\":{\"@id\":\"https:\\\/\\\/sergiolapegue.com\\\/site\\\/2026\\\/01\\\/06\\\/malevo-celebra-10-anos-en-argentina-con-una-unica-funcion-en-el-teatro-astral\\\/#primaryimage\"},\"thumbnailUrl\":\"https:\\\/\\\/sergiolapegue.com\\\/site\\\/wp-content\\\/uploads\\\/2026\\\/01\\\/Malevo-10-anos.jpg\",\"articleSection\":[\"Arte\",\"M\u00fasica\",\"Teatro\"],\"inLanguage\":\"es-AR\",\"potentialAction\":[{\"@type\":\"CommentAction\",\"name\":\"Comment\",\"target\":[\"https:\\\/\\\/sergiolapegue.com\\\/site\\\/2026\\\/01\\\/06\\\/malevo-celebra-10-anos-en-argentina-con-una-unica-funcion-en-el-teatro-astral\\\/#respond\"]}]},{\"@type\":\"WebPage\",\"@id\":\"https:\\\/\\\/sergiolapegue.com\\\/site\\\/2026\\\/01\\\/06\\\/malevo-celebra-10-anos-en-argentina-con-una-unica-funcion-en-el-teatro-astral\\\/\",\"url\":\"https:\\\/\\\/sergiolapegue.com\\\/site\\\/2026\\\/01\\\/06\\\/malevo-celebra-10-anos-en-argentina-con-una-unica-funcion-en-el-teatro-astral\\\/\",\"name\":\"MALEVO CELEBRA 10 A\u00d1OS EN ARGENTINA CON UNA \u00daNICA FUNCI\u00d3N EN EL TEATRO ASTRAL - Sergio Lapegue\",\"isPartOf\":{\"@id\":\"https:\\\/\\\/sergiolapegue.com\\\/site\\\/#website\"},\"primaryImageOfPage\":{\"@id\":\"https:\\\/\\\/sergiolapegue.com\\\/site\\\/2026\\\/01\\\/06\\\/malevo-celebra-10-anos-en-argentina-con-una-unica-funcion-en-el-teatro-astral\\\/#primaryimage\"},\"image\":{\"@id\":\"https:\\\/\\\/sergiolapegue.com\\\/site\\\/2026\\\/01\\\/06\\\/malevo-celebra-10-anos-en-argentina-con-una-unica-funcion-en-el-teatro-astral\\\/#primaryimage\"},\"thumbnailUrl\":\"https:\\\/\\\/sergiolapegue.com\\\/site\\\/wp-content\\\/uploads\\\/2026\\\/01\\\/Malevo-10-anos.jpg\",\"datePublished\":\"2026-01-06T04:00:00+00:00\",\"breadcrumb\":{\"@id\":\"https:\\\/\\\/sergiolapegue.com\\\/site\\\/2026\\\/01\\\/06\\\/malevo-celebra-10-anos-en-argentina-con-una-unica-funcion-en-el-teatro-astral\\\/#breadcrumb\"},\"inLanguage\":\"es-AR\",\"potentialAction\":[{\"@type\":\"ReadAction\",\"target\":[\"https:\\\/\\\/sergiolapegue.com\\\/site\\\/2026\\\/01\\\/06\\\/malevo-celebra-10-anos-en-argentina-con-una-unica-funcion-en-el-teatro-astral\\\/\"]}]},{\"@type\":\"ImageObject\",\"inLanguage\":\"es-AR\",\"@id\":\"https:\\\/\\\/sergiolapegue.com\\\/site\\\/2026\\\/01\\\/06\\\/malevo-celebra-10-anos-en-argentina-con-una-unica-funcion-en-el-teatro-astral\\\/#primaryimage\",\"url\":\"https:\\\/\\\/sergiolapegue.com\\\/site\\\/wp-content\\\/uploads\\\/2026\\\/01\\\/Malevo-10-anos.jpg\",\"contentUrl\":\"https:\\\/\\\/sergiolapegue.com\\\/site\\\/wp-content\\\/uploads\\\/2026\\\/01\\\/Malevo-10-anos.jpg\",\"width\":801,\"height\":1000},{\"@type\":\"BreadcrumbList\",\"@id\":\"https:\\\/\\\/sergiolapegue.com\\\/site\\\/2026\\\/01\\\/06\\\/malevo-celebra-10-anos-en-argentina-con-una-unica-funcion-en-el-teatro-astral\\\/#breadcrumb\",\"itemListElement\":[{\"@type\":\"ListItem\",\"position\":1,\"name\":\"Inicio\",\"item\":\"https:\\\/\\\/sergiolapegue.com\\\/site\\\/\"},{\"@type\":\"ListItem\",\"position\":2,\"name\":\"MALEVO CELEBRA 10 A\u00d1OS EN ARGENTINA CON UNA \u00daNICA FUNCI\u00d3N EN EL TEATRO ASTRAL\"}]},{\"@type\":\"WebSite\",\"@id\":\"https:\\\/\\\/sergiolapegue.com\\\/site\\\/#website\",\"url\":\"https:\\\/\\\/sergiolapegue.com\\\/site\\\/\",\"name\":\"Sergio Lapegue\",\"description\":\"Periodista\",\"publisher\":{\"@id\":\"https:\\\/\\\/sergiolapegue.com\\\/site\\\/#\\\/schema\\\/person\\\/083aeceeb0734cd166779ea6c0551a37\"},\"potentialAction\":[{\"@type\":\"SearchAction\",\"target\":{\"@type\":\"EntryPoint\",\"urlTemplate\":\"https:\\\/\\\/sergiolapegue.com\\\/site\\\/?s={search_term_string}\"},\"query-input\":{\"@type\":\"PropertyValueSpecification\",\"valueRequired\":true,\"valueName\":\"search_term_string\"}}],\"inLanguage\":\"es-AR\"},{\"@type\":[\"Person\",\"Organization\"],\"@id\":\"https:\\\/\\\/sergiolapegue.com\\\/site\\\/#\\\/schema\\\/person\\\/083aeceeb0734cd166779ea6c0551a37\",\"name\":\"Sergio Lapegue\",\"image\":{\"@type\":\"ImageObject\",\"inLanguage\":\"es-AR\",\"@id\":\"https:\\\/\\\/sergiolapegue.com\\\/site\\\/wp-content\\\/uploads\\\/2021\\\/04\\\/logo_header-1.png\",\"url\":\"https:\\\/\\\/sergiolapegue.com\\\/site\\\/wp-content\\\/uploads\\\/2021\\\/04\\\/logo_header-1.png\",\"contentUrl\":\"https:\\\/\\\/sergiolapegue.com\\\/site\\\/wp-content\\\/uploads\\\/2021\\\/04\\\/logo_header-1.png\",\"width\":272,\"height\":90,\"caption\":\"Sergio Lapegue\"},\"logo\":{\"@id\":\"https:\\\/\\\/sergiolapegue.com\\\/site\\\/wp-content\\\/uploads\\\/2021\\\/04\\\/logo_header-1.png\"},\"sameAs\":[\"https:\\\/\\\/facebook.com\\\/sergiolapegue\",\"https:\\\/\\\/instagram.com\\\/sergiolapegue\",\"https:\\\/\\\/x.com\\\/https:\\\/\\\/twitter.com\\\/sergiolapegue\"]},{\"@type\":\"Person\",\"@id\":\"https:\\\/\\\/sergiolapegue.com\\\/site\\\/#\\\/schema\\\/person\\\/9198e7dbab43c6d74d0fd5399af7c3cd\",\"name\":\"Daniel E. Monta\u00f1a\",\"image\":{\"@type\":\"ImageObject\",\"inLanguage\":\"es-AR\",\"@id\":\"https:\\\/\\\/sergiolapegue.com\\\/site\\\/wp-content\\\/uploads\\\/2021\\\/04\\\/sl_avatar_Daniel-150x150.jpg\",\"url\":\"https:\\\/\\\/sergiolapegue.com\\\/site\\\/wp-content\\\/uploads\\\/2021\\\/04\\\/sl_avatar_Daniel-150x150.jpg\",\"contentUrl\":\"https:\\\/\\\/sergiolapegue.com\\\/site\\\/wp-content\\\/uploads\\\/2021\\\/04\\\/sl_avatar_Daniel-150x150.jpg\",\"caption\":\"Daniel E. Monta\u00f1a\"},\"sameAs\":[\"https:\\\/\\\/facebook.com\\\/danielernesto.montana\",\"https:\\\/\\\/instagram.com\\\/daniel_montana1961\",\"https:\\\/\\\/x.com\\\/https:\\\/\\\/twitter.com\\\/daner_004\"],\"url\":\"https:\\\/\\\/sergiolapegue.com\\\/site\\\/author\\\/daniel\\\/\"}]}<\/script>\n<!-- \/ Yoast SEO plugin. -->","yoast_head_json":{"title":"MALEVO CELEBRA 10 A\u00d1OS EN ARGENTINA CON UNA \u00daNICA FUNCI\u00d3N EN EL TEATRO ASTRAL - Sergio Lapegue","robots":{"index":"index","follow":"follow","max-snippet":"max-snippet:-1","max-image-preview":"max-image-preview:large","max-video-preview":"max-video-preview:-1"},"canonical":"https:\/\/sergiolapegue.com\/site\/2026\/01\/06\/malevo-celebra-10-anos-en-argentina-con-una-unica-funcion-en-el-teatro-astral\/","og_locale":"es_ES","og_type":"article","og_title":"MALEVO CELEBRA 10 A\u00d1OS EN ARGENTINA CON UNA \u00daNICA FUNCI\u00d3N EN EL TEATRO ASTRAL - Sergio Lapegue","og_description":"Tras una exitosa gira internacional, la compa\u00f1\u00eda que revoluciono el malambo regresa a Buenos Aires para un festejo exclusivo. La reconocida agrupaci\u00f3n&nbsp;MALEVO&nbsp;hace una pausa en su recorrido por los escenarios del mundo para celebrar su primera d\u00e9cada de historia en el pa\u00eds. Creada por el director, core\u00f3grafo y bailar\u00edn&nbsp;Mat\u00edas Jaime, la compa\u00f1\u00eda se presentar\u00e1 el [&hellip;]","og_url":"https:\/\/sergiolapegue.com\/site\/2026\/01\/06\/malevo-celebra-10-anos-en-argentina-con-una-unica-funcion-en-el-teatro-astral\/","og_site_name":"Sergio Lapegue","article_publisher":"https:\/\/facebook.com\/sergiolapegue","article_author":"https:\/\/facebook.com\/danielernesto.montana","article_published_time":"2026-01-06T04:00:00+00:00","og_image":[{"width":801,"height":1000,"url":"https:\/\/sergiolapegue.com\/site\/wp-content\/uploads\/2026\/01\/Malevo-10-anos.jpg","type":"image\/jpeg"}],"author":"Daniel E. Monta\u00f1a","twitter_card":"summary_large_image","twitter_creator":"@https:\/\/twitter.com\/daner_004","twitter_site":"@sergiolapegue","twitter_misc":{"Escrito por":"Daniel E. Monta\u00f1a","Tiempo de lectura":"4 minutos"},"schema":{"@context":"https:\/\/schema.org","@graph":[{"@type":"Article","@id":"https:\/\/sergiolapegue.com\/site\/2026\/01\/06\/malevo-celebra-10-anos-en-argentina-con-una-unica-funcion-en-el-teatro-astral\/#article","isPartOf":{"@id":"https:\/\/sergiolapegue.com\/site\/2026\/01\/06\/malevo-celebra-10-anos-en-argentina-con-una-unica-funcion-en-el-teatro-astral\/"},"author":{"name":"Daniel E. Monta\u00f1a","@id":"https:\/\/sergiolapegue.com\/site\/#\/schema\/person\/9198e7dbab43c6d74d0fd5399af7c3cd"},"headline":"MALEVO CELEBRA 10 A\u00d1OS EN ARGENTINA CON UNA \u00daNICA FUNCI\u00d3N EN EL TEATRO ASTRAL","datePublished":"2026-01-06T04:00:00+00:00","mainEntityOfPage":{"@id":"https:\/\/sergiolapegue.com\/site\/2026\/01\/06\/malevo-celebra-10-anos-en-argentina-con-una-unica-funcion-en-el-teatro-astral\/"},"wordCount":789,"commentCount":0,"publisher":{"@id":"https:\/\/sergiolapegue.com\/site\/#\/schema\/person\/083aeceeb0734cd166779ea6c0551a37"},"image":{"@id":"https:\/\/sergiolapegue.com\/site\/2026\/01\/06\/malevo-celebra-10-anos-en-argentina-con-una-unica-funcion-en-el-teatro-astral\/#primaryimage"},"thumbnailUrl":"https:\/\/sergiolapegue.com\/site\/wp-content\/uploads\/2026\/01\/Malevo-10-anos.jpg","articleSection":["Arte","M\u00fasica","Teatro"],"inLanguage":"es-AR","potentialAction":[{"@type":"CommentAction","name":"Comment","target":["https:\/\/sergiolapegue.com\/site\/2026\/01\/06\/malevo-celebra-10-anos-en-argentina-con-una-unica-funcion-en-el-teatro-astral\/#respond"]}]},{"@type":"WebPage","@id":"https:\/\/sergiolapegue.com\/site\/2026\/01\/06\/malevo-celebra-10-anos-en-argentina-con-una-unica-funcion-en-el-teatro-astral\/","url":"https:\/\/sergiolapegue.com\/site\/2026\/01\/06\/malevo-celebra-10-anos-en-argentina-con-una-unica-funcion-en-el-teatro-astral\/","name":"MALEVO CELEBRA 10 A\u00d1OS EN ARGENTINA CON UNA \u00daNICA FUNCI\u00d3N EN EL TEATRO ASTRAL - Sergio Lapegue","isPartOf":{"@id":"https:\/\/sergiolapegue.com\/site\/#website"},"primaryImageOfPage":{"@id":"https:\/\/sergiolapegue.com\/site\/2026\/01\/06\/malevo-celebra-10-anos-en-argentina-con-una-unica-funcion-en-el-teatro-astral\/#primaryimage"},"image":{"@id":"https:\/\/sergiolapegue.com\/site\/2026\/01\/06\/malevo-celebra-10-anos-en-argentina-con-una-unica-funcion-en-el-teatro-astral\/#primaryimage"},"thumbnailUrl":"https:\/\/sergiolapegue.com\/site\/wp-content\/uploads\/2026\/01\/Malevo-10-anos.jpg","datePublished":"2026-01-06T04:00:00+00:00","breadcrumb":{"@id":"https:\/\/sergiolapegue.com\/site\/2026\/01\/06\/malevo-celebra-10-anos-en-argentina-con-una-unica-funcion-en-el-teatro-astral\/#breadcrumb"},"inLanguage":"es-AR","potentialAction":[{"@type":"ReadAction","target":["https:\/\/sergiolapegue.com\/site\/2026\/01\/06\/malevo-celebra-10-anos-en-argentina-con-una-unica-funcion-en-el-teatro-astral\/"]}]},{"@type":"ImageObject","inLanguage":"es-AR","@id":"https:\/\/sergiolapegue.com\/site\/2026\/01\/06\/malevo-celebra-10-anos-en-argentina-con-una-unica-funcion-en-el-teatro-astral\/#primaryimage","url":"https:\/\/sergiolapegue.com\/site\/wp-content\/uploads\/2026\/01\/Malevo-10-anos.jpg","contentUrl":"https:\/\/sergiolapegue.com\/site\/wp-content\/uploads\/2026\/01\/Malevo-10-anos.jpg","width":801,"height":1000},{"@type":"BreadcrumbList","@id":"https:\/\/sergiolapegue.com\/site\/2026\/01\/06\/malevo-celebra-10-anos-en-argentina-con-una-unica-funcion-en-el-teatro-astral\/#breadcrumb","itemListElement":[{"@type":"ListItem","position":1,"name":"Inicio","item":"https:\/\/sergiolapegue.com\/site\/"},{"@type":"ListItem","position":2,"name":"MALEVO CELEBRA 10 A\u00d1OS EN ARGENTINA CON UNA \u00daNICA FUNCI\u00d3N EN EL TEATRO ASTRAL"}]},{"@type":"WebSite","@id":"https:\/\/sergiolapegue.com\/site\/#website","url":"https:\/\/sergiolapegue.com\/site\/","name":"Sergio Lapegue","description":"Periodista","publisher":{"@id":"https:\/\/sergiolapegue.com\/site\/#\/schema\/person\/083aeceeb0734cd166779ea6c0551a37"},"potentialAction":[{"@type":"SearchAction","target":{"@type":"EntryPoint","urlTemplate":"https:\/\/sergiolapegue.com\/site\/?s={search_term_string}"},"query-input":{"@type":"PropertyValueSpecification","valueRequired":true,"valueName":"search_term_string"}}],"inLanguage":"es-AR"},{"@type":["Person","Organization"],"@id":"https:\/\/sergiolapegue.com\/site\/#\/schema\/person\/083aeceeb0734cd166779ea6c0551a37","name":"Sergio Lapegue","image":{"@type":"ImageObject","inLanguage":"es-AR","@id":"https:\/\/sergiolapegue.com\/site\/wp-content\/uploads\/2021\/04\/logo_header-1.png","url":"https:\/\/sergiolapegue.com\/site\/wp-content\/uploads\/2021\/04\/logo_header-1.png","contentUrl":"https:\/\/sergiolapegue.com\/site\/wp-content\/uploads\/2021\/04\/logo_header-1.png","width":272,"height":90,"caption":"Sergio Lapegue"},"logo":{"@id":"https:\/\/sergiolapegue.com\/site\/wp-content\/uploads\/2021\/04\/logo_header-1.png"},"sameAs":["https:\/\/facebook.com\/sergiolapegue","https:\/\/instagram.com\/sergiolapegue","https:\/\/x.com\/https:\/\/twitter.com\/sergiolapegue"]},{"@type":"Person","@id":"https:\/\/sergiolapegue.com\/site\/#\/schema\/person\/9198e7dbab43c6d74d0fd5399af7c3cd","name":"Daniel E. Monta\u00f1a","image":{"@type":"ImageObject","inLanguage":"es-AR","@id":"https:\/\/sergiolapegue.com\/site\/wp-content\/uploads\/2021\/04\/sl_avatar_Daniel-150x150.jpg","url":"https:\/\/sergiolapegue.com\/site\/wp-content\/uploads\/2021\/04\/sl_avatar_Daniel-150x150.jpg","contentUrl":"https:\/\/sergiolapegue.com\/site\/wp-content\/uploads\/2021\/04\/sl_avatar_Daniel-150x150.jpg","caption":"Daniel E. Monta\u00f1a"},"sameAs":["https:\/\/facebook.com\/danielernesto.montana","https:\/\/instagram.com\/daniel_montana1961","https:\/\/x.com\/https:\/\/twitter.com\/daner_004"],"url":"https:\/\/sergiolapegue.com\/site\/author\/daniel\/"}]}},"_links":{"self":[{"href":"https:\/\/sergiolapegue.com\/site\/wp-json\/wp\/v2\/posts\/27486","targetHints":{"allow":["GET"]}}],"collection":[{"href":"https:\/\/sergiolapegue.com\/site\/wp-json\/wp\/v2\/posts"}],"about":[{"href":"https:\/\/sergiolapegue.com\/site\/wp-json\/wp\/v2\/types\/post"}],"author":[{"embeddable":true,"href":"https:\/\/sergiolapegue.com\/site\/wp-json\/wp\/v2\/users\/3"}],"replies":[{"embeddable":true,"href":"https:\/\/sergiolapegue.com\/site\/wp-json\/wp\/v2\/comments?post=27486"}],"version-history":[{"count":1,"href":"https:\/\/sergiolapegue.com\/site\/wp-json\/wp\/v2\/posts\/27486\/revisions"}],"predecessor-version":[{"id":27491,"href":"https:\/\/sergiolapegue.com\/site\/wp-json\/wp\/v2\/posts\/27486\/revisions\/27491"}],"wp:featuredmedia":[{"embeddable":true,"href":"https:\/\/sergiolapegue.com\/site\/wp-json\/wp\/v2\/media\/27490"}],"wp:attachment":[{"href":"https:\/\/sergiolapegue.com\/site\/wp-json\/wp\/v2\/media?parent=27486"}],"wp:term":[{"taxonomy":"category","embeddable":true,"href":"https:\/\/sergiolapegue.com\/site\/wp-json\/wp\/v2\/categories?post=27486"},{"taxonomy":"post_tag","embeddable":true,"href":"https:\/\/sergiolapegue.com\/site\/wp-json\/wp\/v2\/tags?post=27486"}],"curies":[{"name":"wp","href":"https:\/\/api.w.org\/{rel}","templated":true}]}}