{"id":27419,"date":"2025-12-30T17:00:00","date_gmt":"2025-12-30T20:00:00","guid":{"rendered":"https:\/\/sergiolapegue.com\/site\/?p=27419"},"modified":"2025-12-30T02:32:22","modified_gmt":"2025-12-30T05:32:22","slug":"mas-luces-menos-ruido-celebremos-por-igual-el-nuevo-tema-de-adriana-szusterman-y-julieta-strauch","status":"publish","type":"post","link":"https:\/\/sergiolapegue.com\/site\/2025\/12\/30\/mas-luces-menos-ruido-celebremos-por-igual-el-nuevo-tema-de-adriana-szusterman-y-julieta-strauch\/","title":{"rendered":"\u201cM\u00c1S LUCES, MENOS RUIDO: CELEBREMOS POR IGUAL\u201d, EL NUEVO TEMA DE ADRIANA SZUSTERMAN Y JULIETA STRAUCH"},"content":{"rendered":"\n<p>&#8220;Cantando con Adriana&#8221; y &#8220;Bailando con Julieta&#8221; lanzaron en estas fiestas una nueva canci\u00f3n con un mensaje de paz e igualdad.&nbsp;<\/p>\n\n\n\n<p>\u201cM\u00e1s luces, menos ruido: celebremos por igual\u201d<\/p>\n\n\n\n<p>Seamos el cambio que queremos ver en el mundo.<\/p>\n\n\n\n<p>Celebremos de una manera que incluya a todos: m\u00e1s luces, menos ruido.<\/p>\n\n\n\n<p>As\u00ed cada celebraci\u00f3n ser\u00e1 una verdadera alegr\u00eda compartida, sin miedos y con mucha magia para todos.<\/p>\n\n\n\n<p>Esta canci\u00f3n naci\u00f3 desde el deseo profundo de concientizar sobre la necesidad de empat\u00eda, uni\u00f3n e igualdad.&nbsp;<\/p>\n\n\n\n<p>Deseamos profundamente que este mensaje llegue a cada alma, cumpliendo su prop\u00f3sito.<br>La pirotecnia sonora puede provocar miedo intenso, crisis de ansiedad, desorientaci\u00f3n y descompensaciones en ni\u00f1os con discapacidad y en adultos mayores. En los animales causa estr\u00e9s extremo, p\u00e1nico, intentos de fuga, lesiones y hasta riesgo de muerte.<\/p>\n\n\n\n<p>La canci\u00f3n y el video est\u00e1n disponibles en todas las plataformas digitales de &#8220;Cantando con Adriana&#8221; y &#8220;Bailando con Julieta&#8221;.<\/p>\n\n\n\n<p>Gracias por compartir y sumarte a este mensaje<\/p>\n\n\n\n<figure class=\"wp-block-image size-full is-resized\"><img loading=\"lazy\" decoding=\"async\" width=\"661\" height=\"499\" src=\"https:\/\/sergiolapegue.com\/site\/wp-content\/uploads\/2025\/12\/Mas-luces-menos-ruido-celebremos-por-igual-1.jpeg\" alt=\"\" class=\"wp-image-27420\" style=\"width:696px;height:auto\" srcset=\"https:\/\/sergiolapegue.com\/site\/wp-content\/uploads\/2025\/12\/Mas-luces-menos-ruido-celebremos-por-igual-1.jpeg 661w, https:\/\/sergiolapegue.com\/site\/wp-content\/uploads\/2025\/12\/Mas-luces-menos-ruido-celebremos-por-igual-1-300x226.jpeg 300w, https:\/\/sergiolapegue.com\/site\/wp-content\/uploads\/2025\/12\/Mas-luces-menos-ruido-celebremos-por-igual-1-556x420.jpeg 556w, https:\/\/sergiolapegue.com\/site\/wp-content\/uploads\/2025\/12\/Mas-luces-menos-ruido-celebremos-por-igual-1-80x60.jpeg 80w\" sizes=\"auto, (max-width: 661px) 100vw, 661px\" \/><\/figure>\n\n\n\n<p><br><strong>CR\u00c9DITOS<\/strong><br>&#8211; Letra y m\u00fasica: Adriana Szusterman (@cantandoconadriana)<\/p>\n\n\n\n<p>&#8211; Producci\u00f3n general: Julieta Strauch (@chulaenlaluna \u2013 @bailandoconjulieta) y Adriana Szusterman (@cantandoconadriana)<\/p>\n\n\n\n<p>&#8211; Producci\u00f3n musical: Guilo Villar<\/p>\n\n\n\n<p>&#8211; Grabaci\u00f3n, mezcla y m\u00e1ster: @labaseestudio<\/p>\n\n\n\n<p>&#8211; Grabaci\u00f3n coros: Jando Sasso<\/p>\n\n\n\n<p>&#8211; Video: Julieta Strauch (@chulaenlaluna)<\/p>\n\n\n\n<p>&#8211; Int\u00e9rpretes: Adriana Szusterman, Julieta Strauch<\/p>\n\n\n\n<p>&#8211; Coros: Sim\u00f3n Sasso Bacigalupe \u2022 Delfina Stawski Elena Stawski \u2022 Lupe Kahayan<\/p>\n\n\n\n<p>Abate<br>Link video YouTube: <a href=\"https:\/\/www.youtube.com\/watch?feature=shared&amp;v=79-noIiffgM\" target=\"_blank\" rel=\"noreferrer noopener\">M\u00e1s Luces, Menos Ruido: Celebremos por igual ft. @BailandoconJulieta<\/a><\/p>\n\n\n\n<p>Link canci\u00f3n Spotify:&nbsp;<a href=\"https:\/\/open.spotify.com\/intl-es\/album\/1ldw24RFfpZ1gIyf9uMREE\" target=\"_blank\" rel=\"noreferrer noopener\">Spotify \u2013 Web Player<\/a><\/p>\n\n\n\n<p>Link video Instagram:&nbsp;<a href=\"https:\/\/www.instagram.com\/reels\/DSntEUTCedU\/\" target=\"_blank\" rel=\"noreferrer noopener\">Instagram<\/a><\/p>\n\n\n\n<p>Gracias Pablo Lancone por acercarnos la gacetilla de prensa del lanzamiento del nuevo tema de Adriana y Julieta.<\/p>\n\n\n\n<p><\/p>\n","protected":false},"excerpt":{"rendered":"<p>&#8220;Cantando con Adriana&#8221; y &#8220;Bailando con Julieta&#8221; lanzaron en estas fiestas una nueva canci\u00f3n con un mensaje de paz e igualdad.&nbsp; \u201cM\u00e1s luces, menos ruido: celebremos por igual\u201d Seamos el cambio que queremos ver en el mundo. Celebremos de una manera que incluya a todos: m\u00e1s luces, menos ruido. As\u00ed cada celebraci\u00f3n ser\u00e1 una verdadera [&hellip;]<\/p>\n","protected":false},"author":3,"featured_media":27421,"comment_status":"open","ping_status":"closed","sticky":false,"template":"","format":"standard","meta":{"footnotes":""},"categories":[34,56],"tags":[],"class_list":{"0":"post-27419","1":"post","2":"type-post","3":"status-publish","4":"format-standard","5":"has-post-thumbnail","7":"category-arte","8":"category-musica"},"yoast_head":"<!-- This site is optimized with the Yoast SEO plugin v27.5 - https:\/\/yoast.com\/product\/yoast-seo-wordpress\/ -->\n<title>\u201cM\u00c1S LUCES, MENOS RUIDO: CELEBREMOS POR IGUAL\u201d, EL NUEVO TEMA DE ADRIANA SZUSTERMAN Y JULIETA STRAUCH - Sergio Lapegue<\/title>\n<meta name=\"robots\" content=\"index, follow, max-snippet:-1, max-image-preview:large, max-video-preview:-1\" \/>\n<link rel=\"canonical\" href=\"https:\/\/sergiolapegue.com\/site\/2025\/12\/30\/mas-luces-menos-ruido-celebremos-por-igual-el-nuevo-tema-de-adriana-szusterman-y-julieta-strauch\/\" \/>\n<meta property=\"og:locale\" content=\"es_ES\" \/>\n<meta property=\"og:type\" content=\"article\" \/>\n<meta property=\"og:title\" content=\"\u201cM\u00c1S LUCES, MENOS RUIDO: CELEBREMOS POR IGUAL\u201d, EL NUEVO TEMA DE ADRIANA SZUSTERMAN Y JULIETA STRAUCH - Sergio Lapegue\" \/>\n<meta property=\"og:description\" content=\"&#8220;Cantando con Adriana&#8221; y &#8220;Bailando con Julieta&#8221; lanzaron en estas fiestas una nueva canci\u00f3n con un mensaje de paz e igualdad.&nbsp; \u201cM\u00e1s luces, menos ruido: celebremos por igual\u201d Seamos el cambio que queremos ver en el mundo. Celebremos de una manera que incluya a todos: m\u00e1s luces, menos ruido. As\u00ed cada celebraci\u00f3n ser\u00e1 una verdadera [&hellip;]\" \/>\n<meta property=\"og:url\" content=\"https:\/\/sergiolapegue.com\/site\/2025\/12\/30\/mas-luces-menos-ruido-celebremos-por-igual-el-nuevo-tema-de-adriana-szusterman-y-julieta-strauch\/\" \/>\n<meta property=\"og:site_name\" content=\"Sergio Lapegue\" \/>\n<meta property=\"article:publisher\" content=\"https:\/\/facebook.com\/sergiolapegue\" \/>\n<meta property=\"article:author\" content=\"https:\/\/facebook.com\/danielernesto.montana\" \/>\n<meta property=\"article:published_time\" content=\"2025-12-30T20:00:00+00:00\" \/>\n<meta property=\"og:image\" content=\"https:\/\/sergiolapegue.com\/site\/wp-content\/uploads\/2025\/12\/Mas-luces-menos-ruido-celebremos-por-igual-El-nuevo-tema-de-adriana-y-julieta.png\" \/>\n\t<meta property=\"og:image:width\" content=\"1028\" \/>\n\t<meta property=\"og:image:height\" content=\"573\" \/>\n\t<meta property=\"og:image:type\" content=\"image\/png\" \/>\n<meta name=\"author\" content=\"Daniel E. Monta\u00f1a\" \/>\n<meta name=\"twitter:card\" content=\"summary_large_image\" \/>\n<meta name=\"twitter:creator\" content=\"@https:\/\/twitter.com\/daner_004\" \/>\n<meta name=\"twitter:site\" content=\"@sergiolapegue\" \/>\n<meta name=\"twitter:label1\" content=\"Escrito por\" \/>\n\t<meta name=\"twitter:data1\" content=\"Daniel E. Monta\u00f1a\" \/>\n\t<meta name=\"twitter:label2\" content=\"Tiempo de lectura\" \/>\n\t<meta name=\"twitter:data2\" content=\"2 minutos\" \/>\n<script type=\"application\/ld+json\" class=\"yoast-schema-graph\">{\"@context\":\"https:\\\/\\\/schema.org\",\"@graph\":[{\"@type\":\"Article\",\"@id\":\"https:\\\/\\\/sergiolapegue.com\\\/site\\\/2025\\\/12\\\/30\\\/mas-luces-menos-ruido-celebremos-por-igual-el-nuevo-tema-de-adriana-szusterman-y-julieta-strauch\\\/#article\",\"isPartOf\":{\"@id\":\"https:\\\/\\\/sergiolapegue.com\\\/site\\\/2025\\\/12\\\/30\\\/mas-luces-menos-ruido-celebremos-por-igual-el-nuevo-tema-de-adriana-szusterman-y-julieta-strauch\\\/\"},\"author\":{\"name\":\"Daniel E. Monta\u00f1a\",\"@id\":\"https:\\\/\\\/sergiolapegue.com\\\/site\\\/#\\\/schema\\\/person\\\/9198e7dbab43c6d74d0fd5399af7c3cd\"},\"headline\":\"\u201cM\u00c1S LUCES, MENOS RUIDO: CELEBREMOS POR IGUAL\u201d, EL NUEVO TEMA DE ADRIANA SZUSTERMAN Y JULIETA STRAUCH\",\"datePublished\":\"2025-12-30T20:00:00+00:00\",\"mainEntityOfPage\":{\"@id\":\"https:\\\/\\\/sergiolapegue.com\\\/site\\\/2025\\\/12\\\/30\\\/mas-luces-menos-ruido-celebremos-por-igual-el-nuevo-tema-de-adriana-szusterman-y-julieta-strauch\\\/\"},\"wordCount\":303,\"commentCount\":0,\"publisher\":{\"@id\":\"https:\\\/\\\/sergiolapegue.com\\\/site\\\/#\\\/schema\\\/person\\\/083aeceeb0734cd166779ea6c0551a37\"},\"image\":{\"@id\":\"https:\\\/\\\/sergiolapegue.com\\\/site\\\/2025\\\/12\\\/30\\\/mas-luces-menos-ruido-celebremos-por-igual-el-nuevo-tema-de-adriana-szusterman-y-julieta-strauch\\\/#primaryimage\"},\"thumbnailUrl\":\"https:\\\/\\\/sergiolapegue.com\\\/site\\\/wp-content\\\/uploads\\\/2025\\\/12\\\/Mas-luces-menos-ruido-celebremos-por-igual-El-nuevo-tema-de-adriana-y-julieta.png\",\"articleSection\":[\"Arte\",\"M\u00fasica\"],\"inLanguage\":\"es-AR\",\"potentialAction\":[{\"@type\":\"CommentAction\",\"name\":\"Comment\",\"target\":[\"https:\\\/\\\/sergiolapegue.com\\\/site\\\/2025\\\/12\\\/30\\\/mas-luces-menos-ruido-celebremos-por-igual-el-nuevo-tema-de-adriana-szusterman-y-julieta-strauch\\\/#respond\"]}]},{\"@type\":\"WebPage\",\"@id\":\"https:\\\/\\\/sergiolapegue.com\\\/site\\\/2025\\\/12\\\/30\\\/mas-luces-menos-ruido-celebremos-por-igual-el-nuevo-tema-de-adriana-szusterman-y-julieta-strauch\\\/\",\"url\":\"https:\\\/\\\/sergiolapegue.com\\\/site\\\/2025\\\/12\\\/30\\\/mas-luces-menos-ruido-celebremos-por-igual-el-nuevo-tema-de-adriana-szusterman-y-julieta-strauch\\\/\",\"name\":\"\u201cM\u00c1S LUCES, MENOS RUIDO: CELEBREMOS POR IGUAL\u201d, EL NUEVO TEMA DE ADRIANA SZUSTERMAN Y JULIETA STRAUCH - Sergio Lapegue\",\"isPartOf\":{\"@id\":\"https:\\\/\\\/sergiolapegue.com\\\/site\\\/#website\"},\"primaryImageOfPage\":{\"@id\":\"https:\\\/\\\/sergiolapegue.com\\\/site\\\/2025\\\/12\\\/30\\\/mas-luces-menos-ruido-celebremos-por-igual-el-nuevo-tema-de-adriana-szusterman-y-julieta-strauch\\\/#primaryimage\"},\"image\":{\"@id\":\"https:\\\/\\\/sergiolapegue.com\\\/site\\\/2025\\\/12\\\/30\\\/mas-luces-menos-ruido-celebremos-por-igual-el-nuevo-tema-de-adriana-szusterman-y-julieta-strauch\\\/#primaryimage\"},\"thumbnailUrl\":\"https:\\\/\\\/sergiolapegue.com\\\/site\\\/wp-content\\\/uploads\\\/2025\\\/12\\\/Mas-luces-menos-ruido-celebremos-por-igual-El-nuevo-tema-de-adriana-y-julieta.png\",\"datePublished\":\"2025-12-30T20:00:00+00:00\",\"breadcrumb\":{\"@id\":\"https:\\\/\\\/sergiolapegue.com\\\/site\\\/2025\\\/12\\\/30\\\/mas-luces-menos-ruido-celebremos-por-igual-el-nuevo-tema-de-adriana-szusterman-y-julieta-strauch\\\/#breadcrumb\"},\"inLanguage\":\"es-AR\",\"potentialAction\":[{\"@type\":\"ReadAction\",\"target\":[\"https:\\\/\\\/sergiolapegue.com\\\/site\\\/2025\\\/12\\\/30\\\/mas-luces-menos-ruido-celebremos-por-igual-el-nuevo-tema-de-adriana-szusterman-y-julieta-strauch\\\/\"]}]},{\"@type\":\"ImageObject\",\"inLanguage\":\"es-AR\",\"@id\":\"https:\\\/\\\/sergiolapegue.com\\\/site\\\/2025\\\/12\\\/30\\\/mas-luces-menos-ruido-celebremos-por-igual-el-nuevo-tema-de-adriana-szusterman-y-julieta-strauch\\\/#primaryimage\",\"url\":\"https:\\\/\\\/sergiolapegue.com\\\/site\\\/wp-content\\\/uploads\\\/2025\\\/12\\\/Mas-luces-menos-ruido-celebremos-por-igual-El-nuevo-tema-de-adriana-y-julieta.png\",\"contentUrl\":\"https:\\\/\\\/sergiolapegue.com\\\/site\\\/wp-content\\\/uploads\\\/2025\\\/12\\\/Mas-luces-menos-ruido-celebremos-por-igual-El-nuevo-tema-de-adriana-y-julieta.png\",\"width\":1028,\"height\":573},{\"@type\":\"BreadcrumbList\",\"@id\":\"https:\\\/\\\/sergiolapegue.com\\\/site\\\/2025\\\/12\\\/30\\\/mas-luces-menos-ruido-celebremos-por-igual-el-nuevo-tema-de-adriana-szusterman-y-julieta-strauch\\\/#breadcrumb\",\"itemListElement\":[{\"@type\":\"ListItem\",\"position\":1,\"name\":\"Inicio\",\"item\":\"https:\\\/\\\/sergiolapegue.com\\\/site\\\/\"},{\"@type\":\"ListItem\",\"position\":2,\"name\":\"\u201cM\u00c1S LUCES, MENOS RUIDO: CELEBREMOS POR IGUAL\u201d, EL NUEVO TEMA DE ADRIANA SZUSTERMAN Y JULIETA STRAUCH\"}]},{\"@type\":\"WebSite\",\"@id\":\"https:\\\/\\\/sergiolapegue.com\\\/site\\\/#website\",\"url\":\"https:\\\/\\\/sergiolapegue.com\\\/site\\\/\",\"name\":\"Sergio Lapegue\",\"description\":\"Periodista\",\"publisher\":{\"@id\":\"https:\\\/\\\/sergiolapegue.com\\\/site\\\/#\\\/schema\\\/person\\\/083aeceeb0734cd166779ea6c0551a37\"},\"potentialAction\":[{\"@type\":\"SearchAction\",\"target\":{\"@type\":\"EntryPoint\",\"urlTemplate\":\"https:\\\/\\\/sergiolapegue.com\\\/site\\\/?s={search_term_string}\"},\"query-input\":{\"@type\":\"PropertyValueSpecification\",\"valueRequired\":true,\"valueName\":\"search_term_string\"}}],\"inLanguage\":\"es-AR\"},{\"@type\":[\"Person\",\"Organization\"],\"@id\":\"https:\\\/\\\/sergiolapegue.com\\\/site\\\/#\\\/schema\\\/person\\\/083aeceeb0734cd166779ea6c0551a37\",\"name\":\"Sergio Lapegue\",\"image\":{\"@type\":\"ImageObject\",\"inLanguage\":\"es-AR\",\"@id\":\"https:\\\/\\\/sergiolapegue.com\\\/site\\\/wp-content\\\/uploads\\\/2021\\\/04\\\/logo_header-1.png\",\"url\":\"https:\\\/\\\/sergiolapegue.com\\\/site\\\/wp-content\\\/uploads\\\/2021\\\/04\\\/logo_header-1.png\",\"contentUrl\":\"https:\\\/\\\/sergiolapegue.com\\\/site\\\/wp-content\\\/uploads\\\/2021\\\/04\\\/logo_header-1.png\",\"width\":272,\"height\":90,\"caption\":\"Sergio Lapegue\"},\"logo\":{\"@id\":\"https:\\\/\\\/sergiolapegue.com\\\/site\\\/wp-content\\\/uploads\\\/2021\\\/04\\\/logo_header-1.png\"},\"sameAs\":[\"https:\\\/\\\/facebook.com\\\/sergiolapegue\",\"https:\\\/\\\/instagram.com\\\/sergiolapegue\",\"https:\\\/\\\/x.com\\\/https:\\\/\\\/twitter.com\\\/sergiolapegue\"]},{\"@type\":\"Person\",\"@id\":\"https:\\\/\\\/sergiolapegue.com\\\/site\\\/#\\\/schema\\\/person\\\/9198e7dbab43c6d74d0fd5399af7c3cd\",\"name\":\"Daniel E. Monta\u00f1a\",\"image\":{\"@type\":\"ImageObject\",\"inLanguage\":\"es-AR\",\"@id\":\"https:\\\/\\\/sergiolapegue.com\\\/site\\\/wp-content\\\/uploads\\\/2021\\\/04\\\/sl_avatar_Daniel-150x150.jpg\",\"url\":\"https:\\\/\\\/sergiolapegue.com\\\/site\\\/wp-content\\\/uploads\\\/2021\\\/04\\\/sl_avatar_Daniel-150x150.jpg\",\"contentUrl\":\"https:\\\/\\\/sergiolapegue.com\\\/site\\\/wp-content\\\/uploads\\\/2021\\\/04\\\/sl_avatar_Daniel-150x150.jpg\",\"caption\":\"Daniel E. Monta\u00f1a\"},\"sameAs\":[\"https:\\\/\\\/facebook.com\\\/danielernesto.montana\",\"https:\\\/\\\/instagram.com\\\/daniel_montana1961\",\"https:\\\/\\\/x.com\\\/https:\\\/\\\/twitter.com\\\/daner_004\"],\"url\":\"https:\\\/\\\/sergiolapegue.com\\\/site\\\/author\\\/daniel\\\/\"}]}<\/script>\n<!-- \/ Yoast SEO plugin. -->","yoast_head_json":{"title":"\u201cM\u00c1S LUCES, MENOS RUIDO: CELEBREMOS POR IGUAL\u201d, EL NUEVO TEMA DE ADRIANA SZUSTERMAN Y JULIETA STRAUCH - Sergio Lapegue","robots":{"index":"index","follow":"follow","max-snippet":"max-snippet:-1","max-image-preview":"max-image-preview:large","max-video-preview":"max-video-preview:-1"},"canonical":"https:\/\/sergiolapegue.com\/site\/2025\/12\/30\/mas-luces-menos-ruido-celebremos-por-igual-el-nuevo-tema-de-adriana-szusterman-y-julieta-strauch\/","og_locale":"es_ES","og_type":"article","og_title":"\u201cM\u00c1S LUCES, MENOS RUIDO: CELEBREMOS POR IGUAL\u201d, EL NUEVO TEMA DE ADRIANA SZUSTERMAN Y JULIETA STRAUCH - Sergio Lapegue","og_description":"&#8220;Cantando con Adriana&#8221; y &#8220;Bailando con Julieta&#8221; lanzaron en estas fiestas una nueva canci\u00f3n con un mensaje de paz e igualdad.&nbsp; \u201cM\u00e1s luces, menos ruido: celebremos por igual\u201d Seamos el cambio que queremos ver en el mundo. Celebremos de una manera que incluya a todos: m\u00e1s luces, menos ruido. As\u00ed cada celebraci\u00f3n ser\u00e1 una verdadera [&hellip;]","og_url":"https:\/\/sergiolapegue.com\/site\/2025\/12\/30\/mas-luces-menos-ruido-celebremos-por-igual-el-nuevo-tema-de-adriana-szusterman-y-julieta-strauch\/","og_site_name":"Sergio Lapegue","article_publisher":"https:\/\/facebook.com\/sergiolapegue","article_author":"https:\/\/facebook.com\/danielernesto.montana","article_published_time":"2025-12-30T20:00:00+00:00","og_image":[{"width":1028,"height":573,"url":"https:\/\/sergiolapegue.com\/site\/wp-content\/uploads\/2025\/12\/Mas-luces-menos-ruido-celebremos-por-igual-El-nuevo-tema-de-adriana-y-julieta.png","type":"image\/png"}],"author":"Daniel E. Monta\u00f1a","twitter_card":"summary_large_image","twitter_creator":"@https:\/\/twitter.com\/daner_004","twitter_site":"@sergiolapegue","twitter_misc":{"Escrito por":"Daniel E. Monta\u00f1a","Tiempo de lectura":"2 minutos"},"schema":{"@context":"https:\/\/schema.org","@graph":[{"@type":"Article","@id":"https:\/\/sergiolapegue.com\/site\/2025\/12\/30\/mas-luces-menos-ruido-celebremos-por-igual-el-nuevo-tema-de-adriana-szusterman-y-julieta-strauch\/#article","isPartOf":{"@id":"https:\/\/sergiolapegue.com\/site\/2025\/12\/30\/mas-luces-menos-ruido-celebremos-por-igual-el-nuevo-tema-de-adriana-szusterman-y-julieta-strauch\/"},"author":{"name":"Daniel E. Monta\u00f1a","@id":"https:\/\/sergiolapegue.com\/site\/#\/schema\/person\/9198e7dbab43c6d74d0fd5399af7c3cd"},"headline":"\u201cM\u00c1S LUCES, MENOS RUIDO: CELEBREMOS POR IGUAL\u201d, EL NUEVO TEMA DE ADRIANA SZUSTERMAN Y JULIETA STRAUCH","datePublished":"2025-12-30T20:00:00+00:00","mainEntityOfPage":{"@id":"https:\/\/sergiolapegue.com\/site\/2025\/12\/30\/mas-luces-menos-ruido-celebremos-por-igual-el-nuevo-tema-de-adriana-szusterman-y-julieta-strauch\/"},"wordCount":303,"commentCount":0,"publisher":{"@id":"https:\/\/sergiolapegue.com\/site\/#\/schema\/person\/083aeceeb0734cd166779ea6c0551a37"},"image":{"@id":"https:\/\/sergiolapegue.com\/site\/2025\/12\/30\/mas-luces-menos-ruido-celebremos-por-igual-el-nuevo-tema-de-adriana-szusterman-y-julieta-strauch\/#primaryimage"},"thumbnailUrl":"https:\/\/sergiolapegue.com\/site\/wp-content\/uploads\/2025\/12\/Mas-luces-menos-ruido-celebremos-por-igual-El-nuevo-tema-de-adriana-y-julieta.png","articleSection":["Arte","M\u00fasica"],"inLanguage":"es-AR","potentialAction":[{"@type":"CommentAction","name":"Comment","target":["https:\/\/sergiolapegue.com\/site\/2025\/12\/30\/mas-luces-menos-ruido-celebremos-por-igual-el-nuevo-tema-de-adriana-szusterman-y-julieta-strauch\/#respond"]}]},{"@type":"WebPage","@id":"https:\/\/sergiolapegue.com\/site\/2025\/12\/30\/mas-luces-menos-ruido-celebremos-por-igual-el-nuevo-tema-de-adriana-szusterman-y-julieta-strauch\/","url":"https:\/\/sergiolapegue.com\/site\/2025\/12\/30\/mas-luces-menos-ruido-celebremos-por-igual-el-nuevo-tema-de-adriana-szusterman-y-julieta-strauch\/","name":"\u201cM\u00c1S LUCES, MENOS RUIDO: CELEBREMOS POR IGUAL\u201d, EL NUEVO TEMA DE ADRIANA SZUSTERMAN Y JULIETA STRAUCH - Sergio Lapegue","isPartOf":{"@id":"https:\/\/sergiolapegue.com\/site\/#website"},"primaryImageOfPage":{"@id":"https:\/\/sergiolapegue.com\/site\/2025\/12\/30\/mas-luces-menos-ruido-celebremos-por-igual-el-nuevo-tema-de-adriana-szusterman-y-julieta-strauch\/#primaryimage"},"image":{"@id":"https:\/\/sergiolapegue.com\/site\/2025\/12\/30\/mas-luces-menos-ruido-celebremos-por-igual-el-nuevo-tema-de-adriana-szusterman-y-julieta-strauch\/#primaryimage"},"thumbnailUrl":"https:\/\/sergiolapegue.com\/site\/wp-content\/uploads\/2025\/12\/Mas-luces-menos-ruido-celebremos-por-igual-El-nuevo-tema-de-adriana-y-julieta.png","datePublished":"2025-12-30T20:00:00+00:00","breadcrumb":{"@id":"https:\/\/sergiolapegue.com\/site\/2025\/12\/30\/mas-luces-menos-ruido-celebremos-por-igual-el-nuevo-tema-de-adriana-szusterman-y-julieta-strauch\/#breadcrumb"},"inLanguage":"es-AR","potentialAction":[{"@type":"ReadAction","target":["https:\/\/sergiolapegue.com\/site\/2025\/12\/30\/mas-luces-menos-ruido-celebremos-por-igual-el-nuevo-tema-de-adriana-szusterman-y-julieta-strauch\/"]}]},{"@type":"ImageObject","inLanguage":"es-AR","@id":"https:\/\/sergiolapegue.com\/site\/2025\/12\/30\/mas-luces-menos-ruido-celebremos-por-igual-el-nuevo-tema-de-adriana-szusterman-y-julieta-strauch\/#primaryimage","url":"https:\/\/sergiolapegue.com\/site\/wp-content\/uploads\/2025\/12\/Mas-luces-menos-ruido-celebremos-por-igual-El-nuevo-tema-de-adriana-y-julieta.png","contentUrl":"https:\/\/sergiolapegue.com\/site\/wp-content\/uploads\/2025\/12\/Mas-luces-menos-ruido-celebremos-por-igual-El-nuevo-tema-de-adriana-y-julieta.png","width":1028,"height":573},{"@type":"BreadcrumbList","@id":"https:\/\/sergiolapegue.com\/site\/2025\/12\/30\/mas-luces-menos-ruido-celebremos-por-igual-el-nuevo-tema-de-adriana-szusterman-y-julieta-strauch\/#breadcrumb","itemListElement":[{"@type":"ListItem","position":1,"name":"Inicio","item":"https:\/\/sergiolapegue.com\/site\/"},{"@type":"ListItem","position":2,"name":"\u201cM\u00c1S LUCES, MENOS RUIDO: CELEBREMOS POR IGUAL\u201d, EL NUEVO TEMA DE ADRIANA SZUSTERMAN Y JULIETA STRAUCH"}]},{"@type":"WebSite","@id":"https:\/\/sergiolapegue.com\/site\/#website","url":"https:\/\/sergiolapegue.com\/site\/","name":"Sergio Lapegue","description":"Periodista","publisher":{"@id":"https:\/\/sergiolapegue.com\/site\/#\/schema\/person\/083aeceeb0734cd166779ea6c0551a37"},"potentialAction":[{"@type":"SearchAction","target":{"@type":"EntryPoint","urlTemplate":"https:\/\/sergiolapegue.com\/site\/?s={search_term_string}"},"query-input":{"@type":"PropertyValueSpecification","valueRequired":true,"valueName":"search_term_string"}}],"inLanguage":"es-AR"},{"@type":["Person","Organization"],"@id":"https:\/\/sergiolapegue.com\/site\/#\/schema\/person\/083aeceeb0734cd166779ea6c0551a37","name":"Sergio Lapegue","image":{"@type":"ImageObject","inLanguage":"es-AR","@id":"https:\/\/sergiolapegue.com\/site\/wp-content\/uploads\/2021\/04\/logo_header-1.png","url":"https:\/\/sergiolapegue.com\/site\/wp-content\/uploads\/2021\/04\/logo_header-1.png","contentUrl":"https:\/\/sergiolapegue.com\/site\/wp-content\/uploads\/2021\/04\/logo_header-1.png","width":272,"height":90,"caption":"Sergio Lapegue"},"logo":{"@id":"https:\/\/sergiolapegue.com\/site\/wp-content\/uploads\/2021\/04\/logo_header-1.png"},"sameAs":["https:\/\/facebook.com\/sergiolapegue","https:\/\/instagram.com\/sergiolapegue","https:\/\/x.com\/https:\/\/twitter.com\/sergiolapegue"]},{"@type":"Person","@id":"https:\/\/sergiolapegue.com\/site\/#\/schema\/person\/9198e7dbab43c6d74d0fd5399af7c3cd","name":"Daniel E. Monta\u00f1a","image":{"@type":"ImageObject","inLanguage":"es-AR","@id":"https:\/\/sergiolapegue.com\/site\/wp-content\/uploads\/2021\/04\/sl_avatar_Daniel-150x150.jpg","url":"https:\/\/sergiolapegue.com\/site\/wp-content\/uploads\/2021\/04\/sl_avatar_Daniel-150x150.jpg","contentUrl":"https:\/\/sergiolapegue.com\/site\/wp-content\/uploads\/2021\/04\/sl_avatar_Daniel-150x150.jpg","caption":"Daniel E. Monta\u00f1a"},"sameAs":["https:\/\/facebook.com\/danielernesto.montana","https:\/\/instagram.com\/daniel_montana1961","https:\/\/x.com\/https:\/\/twitter.com\/daner_004"],"url":"https:\/\/sergiolapegue.com\/site\/author\/daniel\/"}]}},"_links":{"self":[{"href":"https:\/\/sergiolapegue.com\/site\/wp-json\/wp\/v2\/posts\/27419","targetHints":{"allow":["GET"]}}],"collection":[{"href":"https:\/\/sergiolapegue.com\/site\/wp-json\/wp\/v2\/posts"}],"about":[{"href":"https:\/\/sergiolapegue.com\/site\/wp-json\/wp\/v2\/types\/post"}],"author":[{"embeddable":true,"href":"https:\/\/sergiolapegue.com\/site\/wp-json\/wp\/v2\/users\/3"}],"replies":[{"embeddable":true,"href":"https:\/\/sergiolapegue.com\/site\/wp-json\/wp\/v2\/comments?post=27419"}],"version-history":[{"count":1,"href":"https:\/\/sergiolapegue.com\/site\/wp-json\/wp\/v2\/posts\/27419\/revisions"}],"predecessor-version":[{"id":27422,"href":"https:\/\/sergiolapegue.com\/site\/wp-json\/wp\/v2\/posts\/27419\/revisions\/27422"}],"wp:featuredmedia":[{"embeddable":true,"href":"https:\/\/sergiolapegue.com\/site\/wp-json\/wp\/v2\/media\/27421"}],"wp:attachment":[{"href":"https:\/\/sergiolapegue.com\/site\/wp-json\/wp\/v2\/media?parent=27419"}],"wp:term":[{"taxonomy":"category","embeddable":true,"href":"https:\/\/sergiolapegue.com\/site\/wp-json\/wp\/v2\/categories?post=27419"},{"taxonomy":"post_tag","embeddable":true,"href":"https:\/\/sergiolapegue.com\/site\/wp-json\/wp\/v2\/tags?post=27419"}],"curies":[{"name":"wp","href":"https:\/\/api.w.org\/{rel}","templated":true}]}}