{"id":27261,"date":"2025-12-16T10:58:28","date_gmt":"2025-12-16T13:58:28","guid":{"rendered":"https:\/\/sergiolapegue.com\/site\/?p=27261"},"modified":"2025-12-16T10:58:29","modified_gmt":"2025-12-16T13:58:29","slug":"lomas-como-destino-turistico-como-eran-los-viejos-veranos","status":"publish","type":"post","link":"https:\/\/sergiolapegue.com\/site\/2025\/12\/16\/lomas-como-destino-turistico-como-eran-los-viejos-veranos\/","title":{"rendered":"Lomas como destino tur\u00edstico: c\u00f3mo eran los\u00a0viejos\u00a0veranos"},"content":{"rendered":"\n<h2 class=\"wp-block-heading\">En el sur del Gran Buenos Aires, Lomas de Zamora se transform\u00f3 en un refugio habitual para quienes buscaban aire fresco y tranquilidad sin alejarse demasiado.<\/h2>\n\n\n\n<p>El \u00faltimo tramo del a\u00f1o suele sentirse como una carrera de obst\u00e1culos<a href=\"https:\/\/launion.com.ar\/lomas-zamora\/banfield-encendio-su-arbol-navidad-una-celebracion-que-unio-todo-el-barrio-n5438518\" target=\"_blank\" rel=\"noreferrer noopener\">&nbsp;en Lomas de Zamora y en todos lados.&nbsp;<\/a>Las temperaturas asfixiantes en la calle, los finales universitarios que se acumulan, las reuniones laborales que quedaron colgadas y los trastornos cotidianos del transporte convierten a diciembre en un mes espeso, casi interminable.<\/p>\n\n\n\n<p>Sin embargo, ya cruzamos el ecuador del calendario y las Fiestas empiezan a insinuarse como un respiro. Para muchos, el alivio verdadero aparece con un solo pensamiento: las vacaciones. La mayor\u00eda apunta a la Costa Atl\u00e1ntica; otros, con m\u00e1s ganas de aventura, se lanzan hacia la Patagonia, el Norte o las Cataratas del Iguaz\u00fa. Y est\u00e1n tambi\u00e9n quienes, con un bolsillo algo m\u00e1s generoso, arman las valijas para salir del pa\u00eds.<\/p>\n\n\n\n<h2 class=\"wp-block-heading\">Viajeros de otra \u00e9poca<\/h2>\n\n\n\n<p>Para los que se quedan,<a href=\"https:\/\/launion.com.ar\/lomas\" target=\"_blank\" rel=\"noreferrer noopener\">&nbsp;Lomas de Zamora seguir\u00e1 siendo el escenario cotidiano<\/a>\u2026 aunque no siempre fue sin\u00f3nimo de rutina ni de calor agobiante. Hace un siglo, el municipio era un destino veraniego elegido por buena parte de los argentinos. Suena extra\u00f1o hoy, pero no lo era para los viajeros de entonces.<\/p>\n\n\n\n<p>A comienzos del siglo XX, el panorama del transporte era muy distinto. Los caminos eran precarios y las opciones para movilizarse, escasas. Mientras los miembros de la aristocracia porte\u00f1a pod\u00edan escaparse a la por entonces distinguida y creciente Mar del Plata, el resto deb\u00eda conformarse con alternativas m\u00e1s cercanas y accesibles.<\/p>\n\n\n\n<p>El sur del Gran Buenos Aires se transform\u00f3 as\u00ed en un refugio habitual para quienes buscaban aire fresco sin alejarse demasiado. Y Lomas, que todav\u00eda no estaba integrado a la enorme metr\u00f3polis actual, ofrec\u00eda una tranquilidad dif\u00edcil de encontrar en la ciudad. No hab\u00eda mar ni m\u00e9danos ni chalets elegantes como los de La Feliz, pero s\u00ed grandes casonas y quintas interminables, rodeadas de \u00e1rboles frutales.<\/p>\n\n\n\n<h2 class=\"wp-block-heading\">Espacios verdes y cultivos en Lomas<\/h2>\n\n\n\n<p>Los registros de la \u00e9poca mencionan almendros, casta\u00f1os, citrus, nogales, uvas, peras, granados y limoneros. Tambi\u00e9n se cultivaban papa, batata, ma\u00edz y man\u00ed. Para los visitantes, esos terrenos eran un para\u00edso sencillo: durante la siesta, los chicos sal\u00edan a buscar ciruelas y duraznos para improvisar una merienda gratis y deliciosa.<\/p>\n\n\n\n<p>Al caer la tarde, cuando el calor ced\u00eda, se lanzaban a correr por los espacios verdes en busca de alg\u00fan arroyo cercano. Ese paisaje empez\u00f3 a transformarse con la llegada de nuevos habitantes y la expansi\u00f3n urbana que modific\u00f3 por completo a la Provincia. Las quintas fueron desapareciendo y dieron lugar a los barrios que hoy recorremos todos los d\u00edas.<\/p>\n\n\n\n<p>Con ellos, Lomas dej\u00f3 de figurar en la lista de destinos veraniegos y pas\u00f3 a ocupar su lugar actual dentro del Gran Buenos Aires. Aun as\u00ed, para m\u00e1s de un vecino, el patio de la casa sigue siendo el \u00fanico rinc\u00f3n posible para descansar cuando llegue el verano. Y, aunque el contraste con aquel pasado buc\u00f3lico sea evidente, siempre queda espacio para un consuelo: al menos estamos en casa. \u00a1Hasta la semana que viene!<\/p>\n\n\n\n<p><strong><em><a href=\"https:\/\/launion.com.ar\/lomas-zamora\/lomas-como-destino-turistico-como-eran-losviejosveranos-n5438552\" target=\"_blank\" rel=\"noreferrer noopener\">Art\u00edculo publicado en el diario La Uni\u00f3n.-<\/a><\/em><\/strong><\/p>\n","protected":false},"excerpt":{"rendered":"<p>En el sur del Gran Buenos Aires, Lomas de Zamora se transform\u00f3 en un refugio habitual para quienes buscaban aire fresco y tranquilidad sin alejarse demasiado. El \u00faltimo tramo del a\u00f1o suele sentirse como una carrera de obst\u00e1culos&nbsp;en Lomas de Zamora y en todos lados.&nbsp;Las temperaturas asfixiantes en la calle, los finales universitarios que se [&hellip;]<\/p>\n","protected":false},"author":6,"featured_media":27262,"comment_status":"closed","ping_status":"closed","sticky":false,"template":"","format":"standard","meta":{"footnotes":""},"categories":[1276],"tags":[1323,1277,471],"class_list":{"0":"post-27261","1":"post","2":"type-post","3":"status-publish","4":"format-standard","5":"has-post-thumbnail","7":"category-de-puno-y-letra-lomas-de-zamora","8":"tag-la-union","9":"tag-lomas-de-zamora","10":"tag-verano"},"yoast_head":"<!-- This site is optimized with the Yoast SEO plugin v27.5 - https:\/\/yoast.com\/product\/yoast-seo-wordpress\/ -->\n<title>Lomas como destino tur\u00edstico: c\u00f3mo eran los\u00a0viejos\u00a0veranos - Sergio Lapegue<\/title>\n<meta name=\"description\" content=\"En el sur del GBA, Lomas se transform\u00f3 en un refugio habitual para quienes buscaban aire fresco y tranquilidad sin alejarse demasiado.\" \/>\n<meta name=\"robots\" content=\"index, follow, max-snippet:-1, max-image-preview:large, max-video-preview:-1\" \/>\n<link rel=\"canonical\" href=\"https:\/\/sergiolapegue.com\/site\/2025\/12\/16\/lomas-como-destino-turistico-como-eran-los-viejos-veranos\/\" \/>\n<meta property=\"og:locale\" content=\"es_ES\" \/>\n<meta property=\"og:type\" content=\"article\" \/>\n<meta property=\"og:title\" content=\"Lomas como destino tur\u00edstico: c\u00f3mo eran los\u00a0viejos\u00a0veranos - Sergio Lapegue\" \/>\n<meta property=\"og:description\" content=\"En el sur del GBA, Lomas se transform\u00f3 en un refugio habitual para quienes buscaban aire fresco y tranquilidad sin alejarse demasiado.\" \/>\n<meta property=\"og:url\" content=\"https:\/\/sergiolapegue.com\/site\/2025\/12\/16\/lomas-como-destino-turistico-como-eran-los-viejos-veranos\/\" \/>\n<meta property=\"og:site_name\" content=\"Sergio Lapegue\" \/>\n<meta property=\"article:publisher\" content=\"https:\/\/facebook.com\/sergiolapegue\" \/>\n<meta property=\"article:author\" content=\"https:\/\/facebook.com\/sergiolapegue\" \/>\n<meta property=\"article:published_time\" content=\"2025-12-16T13:58:28+00:00\" \/>\n<meta property=\"article:modified_time\" content=\"2025-12-16T13:58:29+00:00\" \/>\n<meta property=\"og:image\" content=\"https:\/\/sergiolapegue.com\/site\/wp-content\/uploads\/2025\/12\/placa-sergio-lapegue.webp\" \/>\n\t<meta property=\"og:image:width\" content=\"728\" \/>\n\t<meta property=\"og:image:height\" content=\"467\" \/>\n\t<meta property=\"og:image:type\" content=\"image\/webp\" \/>\n<meta name=\"author\" content=\"Sergio Lapegue\" \/>\n<meta name=\"twitter:card\" content=\"summary_large_image\" \/>\n<meta name=\"twitter:creator\" content=\"@https:\/\/twitter.com\/sergiolapegue\" \/>\n<meta name=\"twitter:site\" content=\"@sergiolapegue\" \/>\n<meta name=\"twitter:label1\" content=\"Escrito por\" \/>\n\t<meta name=\"twitter:data1\" content=\"Sergio Lapegue\" \/>\n\t<meta name=\"twitter:label2\" content=\"Tiempo de lectura\" \/>\n\t<meta name=\"twitter:data2\" content=\"3 minutos\" \/>\n<script type=\"application\/ld+json\" class=\"yoast-schema-graph\">{\"@context\":\"https:\\\/\\\/schema.org\",\"@graph\":[{\"@type\":\"Article\",\"@id\":\"https:\\\/\\\/sergiolapegue.com\\\/site\\\/2025\\\/12\\\/16\\\/lomas-como-destino-turistico-como-eran-los-viejos-veranos\\\/#article\",\"isPartOf\":{\"@id\":\"https:\\\/\\\/sergiolapegue.com\\\/site\\\/2025\\\/12\\\/16\\\/lomas-como-destino-turistico-como-eran-los-viejos-veranos\\\/\"},\"author\":{\"name\":\"Sergio Lapegue\",\"@id\":\"https:\\\/\\\/sergiolapegue.com\\\/site\\\/#\\\/schema\\\/person\\\/083aeceeb0734cd166779ea6c0551a37\"},\"headline\":\"Lomas como destino tur\u00edstico: c\u00f3mo eran los\u00a0viejos\u00a0veranos\",\"datePublished\":\"2025-12-16T13:58:28+00:00\",\"dateModified\":\"2025-12-16T13:58:29+00:00\",\"mainEntityOfPage\":{\"@id\":\"https:\\\/\\\/sergiolapegue.com\\\/site\\\/2025\\\/12\\\/16\\\/lomas-como-destino-turistico-como-eran-los-viejos-veranos\\\/\"},\"wordCount\":569,\"publisher\":{\"@id\":\"https:\\\/\\\/sergiolapegue.com\\\/site\\\/#\\\/schema\\\/person\\\/083aeceeb0734cd166779ea6c0551a37\"},\"image\":{\"@id\":\"https:\\\/\\\/sergiolapegue.com\\\/site\\\/2025\\\/12\\\/16\\\/lomas-como-destino-turistico-como-eran-los-viejos-veranos\\\/#primaryimage\"},\"thumbnailUrl\":\"https:\\\/\\\/sergiolapegue.com\\\/site\\\/wp-content\\\/uploads\\\/2025\\\/12\\\/placa-sergio-lapegue.webp\",\"keywords\":[\"La Uni\u00f3n\",\"Lomas de Zamora\",\"verano\"],\"articleSection\":[\"De Pu\u00f1o y Letra Lomas de Zamora\"],\"inLanguage\":\"es-AR\"},{\"@type\":\"WebPage\",\"@id\":\"https:\\\/\\\/sergiolapegue.com\\\/site\\\/2025\\\/12\\\/16\\\/lomas-como-destino-turistico-como-eran-los-viejos-veranos\\\/\",\"url\":\"https:\\\/\\\/sergiolapegue.com\\\/site\\\/2025\\\/12\\\/16\\\/lomas-como-destino-turistico-como-eran-los-viejos-veranos\\\/\",\"name\":\"Lomas como destino tur\u00edstico: c\u00f3mo eran los\u00a0viejos\u00a0veranos - Sergio Lapegue\",\"isPartOf\":{\"@id\":\"https:\\\/\\\/sergiolapegue.com\\\/site\\\/#website\"},\"primaryImageOfPage\":{\"@id\":\"https:\\\/\\\/sergiolapegue.com\\\/site\\\/2025\\\/12\\\/16\\\/lomas-como-destino-turistico-como-eran-los-viejos-veranos\\\/#primaryimage\"},\"image\":{\"@id\":\"https:\\\/\\\/sergiolapegue.com\\\/site\\\/2025\\\/12\\\/16\\\/lomas-como-destino-turistico-como-eran-los-viejos-veranos\\\/#primaryimage\"},\"thumbnailUrl\":\"https:\\\/\\\/sergiolapegue.com\\\/site\\\/wp-content\\\/uploads\\\/2025\\\/12\\\/placa-sergio-lapegue.webp\",\"datePublished\":\"2025-12-16T13:58:28+00:00\",\"dateModified\":\"2025-12-16T13:58:29+00:00\",\"description\":\"En el sur del GBA, Lomas se transform\u00f3 en un refugio habitual para quienes buscaban aire fresco y tranquilidad sin alejarse demasiado.\",\"breadcrumb\":{\"@id\":\"https:\\\/\\\/sergiolapegue.com\\\/site\\\/2025\\\/12\\\/16\\\/lomas-como-destino-turistico-como-eran-los-viejos-veranos\\\/#breadcrumb\"},\"inLanguage\":\"es-AR\",\"potentialAction\":[{\"@type\":\"ReadAction\",\"target\":[\"https:\\\/\\\/sergiolapegue.com\\\/site\\\/2025\\\/12\\\/16\\\/lomas-como-destino-turistico-como-eran-los-viejos-veranos\\\/\"]}]},{\"@type\":\"ImageObject\",\"inLanguage\":\"es-AR\",\"@id\":\"https:\\\/\\\/sergiolapegue.com\\\/site\\\/2025\\\/12\\\/16\\\/lomas-como-destino-turistico-como-eran-los-viejos-veranos\\\/#primaryimage\",\"url\":\"https:\\\/\\\/sergiolapegue.com\\\/site\\\/wp-content\\\/uploads\\\/2025\\\/12\\\/placa-sergio-lapegue.webp\",\"contentUrl\":\"https:\\\/\\\/sergiolapegue.com\\\/site\\\/wp-content\\\/uploads\\\/2025\\\/12\\\/placa-sergio-lapegue.webp\",\"width\":728,\"height\":467},{\"@type\":\"BreadcrumbList\",\"@id\":\"https:\\\/\\\/sergiolapegue.com\\\/site\\\/2025\\\/12\\\/16\\\/lomas-como-destino-turistico-como-eran-los-viejos-veranos\\\/#breadcrumb\",\"itemListElement\":[{\"@type\":\"ListItem\",\"position\":1,\"name\":\"Inicio\",\"item\":\"https:\\\/\\\/sergiolapegue.com\\\/site\\\/\"},{\"@type\":\"ListItem\",\"position\":2,\"name\":\"Lomas como destino tur\u00edstico: c\u00f3mo eran los\u00a0viejos\u00a0veranos\"}]},{\"@type\":\"WebSite\",\"@id\":\"https:\\\/\\\/sergiolapegue.com\\\/site\\\/#website\",\"url\":\"https:\\\/\\\/sergiolapegue.com\\\/site\\\/\",\"name\":\"Sergio Lapegue\",\"description\":\"Periodista\",\"publisher\":{\"@id\":\"https:\\\/\\\/sergiolapegue.com\\\/site\\\/#\\\/schema\\\/person\\\/083aeceeb0734cd166779ea6c0551a37\"},\"potentialAction\":[{\"@type\":\"SearchAction\",\"target\":{\"@type\":\"EntryPoint\",\"urlTemplate\":\"https:\\\/\\\/sergiolapegue.com\\\/site\\\/?s={search_term_string}\"},\"query-input\":{\"@type\":\"PropertyValueSpecification\",\"valueRequired\":true,\"valueName\":\"search_term_string\"}}],\"inLanguage\":\"es-AR\"},{\"@type\":[\"Person\",\"Organization\"],\"@id\":\"https:\\\/\\\/sergiolapegue.com\\\/site\\\/#\\\/schema\\\/person\\\/083aeceeb0734cd166779ea6c0551a37\",\"name\":\"Sergio Lapegue\",\"image\":{\"@type\":\"ImageObject\",\"inLanguage\":\"es-AR\",\"@id\":\"https:\\\/\\\/sergiolapegue.com\\\/site\\\/wp-content\\\/uploads\\\/2021\\\/04\\\/logo_header-1.png\",\"url\":\"https:\\\/\\\/sergiolapegue.com\\\/site\\\/wp-content\\\/uploads\\\/2021\\\/04\\\/logo_header-1.png\",\"contentUrl\":\"https:\\\/\\\/sergiolapegue.com\\\/site\\\/wp-content\\\/uploads\\\/2021\\\/04\\\/logo_header-1.png\",\"width\":272,\"height\":90,\"caption\":\"Sergio Lapegue\"},\"logo\":{\"@id\":\"https:\\\/\\\/sergiolapegue.com\\\/site\\\/wp-content\\\/uploads\\\/2021\\\/04\\\/logo_header-1.png\"},\"sameAs\":[\"https:\\\/\\\/facebook.com\\\/sergiolapegue\",\"https:\\\/\\\/instagram.com\\\/sergiolapegue\",\"https:\\\/\\\/x.com\\\/https:\\\/\\\/twitter.com\\\/sergiolapegue\"],\"url\":\"https:\\\/\\\/sergiolapegue.com\\\/site\\\/author\\\/sergio\\\/\"}]}<\/script>\n<!-- \/ Yoast SEO plugin. -->","yoast_head_json":{"title":"Lomas como destino tur\u00edstico: c\u00f3mo eran los\u00a0viejos\u00a0veranos - Sergio Lapegue","description":"En el sur del GBA, Lomas se transform\u00f3 en un refugio habitual para quienes buscaban aire fresco y tranquilidad sin alejarse demasiado.","robots":{"index":"index","follow":"follow","max-snippet":"max-snippet:-1","max-image-preview":"max-image-preview:large","max-video-preview":"max-video-preview:-1"},"canonical":"https:\/\/sergiolapegue.com\/site\/2025\/12\/16\/lomas-como-destino-turistico-como-eran-los-viejos-veranos\/","og_locale":"es_ES","og_type":"article","og_title":"Lomas como destino tur\u00edstico: c\u00f3mo eran los\u00a0viejos\u00a0veranos - Sergio Lapegue","og_description":"En el sur del GBA, Lomas se transform\u00f3 en un refugio habitual para quienes buscaban aire fresco y tranquilidad sin alejarse demasiado.","og_url":"https:\/\/sergiolapegue.com\/site\/2025\/12\/16\/lomas-como-destino-turistico-como-eran-los-viejos-veranos\/","og_site_name":"Sergio Lapegue","article_publisher":"https:\/\/facebook.com\/sergiolapegue","article_author":"https:\/\/facebook.com\/sergiolapegue","article_published_time":"2025-12-16T13:58:28+00:00","article_modified_time":"2025-12-16T13:58:29+00:00","og_image":[{"width":728,"height":467,"url":"https:\/\/sergiolapegue.com\/site\/wp-content\/uploads\/2025\/12\/placa-sergio-lapegue.webp","type":"image\/webp"}],"author":"Sergio Lapegue","twitter_card":"summary_large_image","twitter_creator":"@https:\/\/twitter.com\/sergiolapegue","twitter_site":"@sergiolapegue","twitter_misc":{"Escrito por":"Sergio Lapegue","Tiempo de lectura":"3 minutos"},"schema":{"@context":"https:\/\/schema.org","@graph":[{"@type":"Article","@id":"https:\/\/sergiolapegue.com\/site\/2025\/12\/16\/lomas-como-destino-turistico-como-eran-los-viejos-veranos\/#article","isPartOf":{"@id":"https:\/\/sergiolapegue.com\/site\/2025\/12\/16\/lomas-como-destino-turistico-como-eran-los-viejos-veranos\/"},"author":{"name":"Sergio Lapegue","@id":"https:\/\/sergiolapegue.com\/site\/#\/schema\/person\/083aeceeb0734cd166779ea6c0551a37"},"headline":"Lomas como destino tur\u00edstico: c\u00f3mo eran los\u00a0viejos\u00a0veranos","datePublished":"2025-12-16T13:58:28+00:00","dateModified":"2025-12-16T13:58:29+00:00","mainEntityOfPage":{"@id":"https:\/\/sergiolapegue.com\/site\/2025\/12\/16\/lomas-como-destino-turistico-como-eran-los-viejos-veranos\/"},"wordCount":569,"publisher":{"@id":"https:\/\/sergiolapegue.com\/site\/#\/schema\/person\/083aeceeb0734cd166779ea6c0551a37"},"image":{"@id":"https:\/\/sergiolapegue.com\/site\/2025\/12\/16\/lomas-como-destino-turistico-como-eran-los-viejos-veranos\/#primaryimage"},"thumbnailUrl":"https:\/\/sergiolapegue.com\/site\/wp-content\/uploads\/2025\/12\/placa-sergio-lapegue.webp","keywords":["La Uni\u00f3n","Lomas de Zamora","verano"],"articleSection":["De Pu\u00f1o y Letra Lomas de Zamora"],"inLanguage":"es-AR"},{"@type":"WebPage","@id":"https:\/\/sergiolapegue.com\/site\/2025\/12\/16\/lomas-como-destino-turistico-como-eran-los-viejos-veranos\/","url":"https:\/\/sergiolapegue.com\/site\/2025\/12\/16\/lomas-como-destino-turistico-como-eran-los-viejos-veranos\/","name":"Lomas como destino tur\u00edstico: c\u00f3mo eran los\u00a0viejos\u00a0veranos - Sergio Lapegue","isPartOf":{"@id":"https:\/\/sergiolapegue.com\/site\/#website"},"primaryImageOfPage":{"@id":"https:\/\/sergiolapegue.com\/site\/2025\/12\/16\/lomas-como-destino-turistico-como-eran-los-viejos-veranos\/#primaryimage"},"image":{"@id":"https:\/\/sergiolapegue.com\/site\/2025\/12\/16\/lomas-como-destino-turistico-como-eran-los-viejos-veranos\/#primaryimage"},"thumbnailUrl":"https:\/\/sergiolapegue.com\/site\/wp-content\/uploads\/2025\/12\/placa-sergio-lapegue.webp","datePublished":"2025-12-16T13:58:28+00:00","dateModified":"2025-12-16T13:58:29+00:00","description":"En el sur del GBA, Lomas se transform\u00f3 en un refugio habitual para quienes buscaban aire fresco y tranquilidad sin alejarse demasiado.","breadcrumb":{"@id":"https:\/\/sergiolapegue.com\/site\/2025\/12\/16\/lomas-como-destino-turistico-como-eran-los-viejos-veranos\/#breadcrumb"},"inLanguage":"es-AR","potentialAction":[{"@type":"ReadAction","target":["https:\/\/sergiolapegue.com\/site\/2025\/12\/16\/lomas-como-destino-turistico-como-eran-los-viejos-veranos\/"]}]},{"@type":"ImageObject","inLanguage":"es-AR","@id":"https:\/\/sergiolapegue.com\/site\/2025\/12\/16\/lomas-como-destino-turistico-como-eran-los-viejos-veranos\/#primaryimage","url":"https:\/\/sergiolapegue.com\/site\/wp-content\/uploads\/2025\/12\/placa-sergio-lapegue.webp","contentUrl":"https:\/\/sergiolapegue.com\/site\/wp-content\/uploads\/2025\/12\/placa-sergio-lapegue.webp","width":728,"height":467},{"@type":"BreadcrumbList","@id":"https:\/\/sergiolapegue.com\/site\/2025\/12\/16\/lomas-como-destino-turistico-como-eran-los-viejos-veranos\/#breadcrumb","itemListElement":[{"@type":"ListItem","position":1,"name":"Inicio","item":"https:\/\/sergiolapegue.com\/site\/"},{"@type":"ListItem","position":2,"name":"Lomas como destino tur\u00edstico: c\u00f3mo eran los\u00a0viejos\u00a0veranos"}]},{"@type":"WebSite","@id":"https:\/\/sergiolapegue.com\/site\/#website","url":"https:\/\/sergiolapegue.com\/site\/","name":"Sergio Lapegue","description":"Periodista","publisher":{"@id":"https:\/\/sergiolapegue.com\/site\/#\/schema\/person\/083aeceeb0734cd166779ea6c0551a37"},"potentialAction":[{"@type":"SearchAction","target":{"@type":"EntryPoint","urlTemplate":"https:\/\/sergiolapegue.com\/site\/?s={search_term_string}"},"query-input":{"@type":"PropertyValueSpecification","valueRequired":true,"valueName":"search_term_string"}}],"inLanguage":"es-AR"},{"@type":["Person","Organization"],"@id":"https:\/\/sergiolapegue.com\/site\/#\/schema\/person\/083aeceeb0734cd166779ea6c0551a37","name":"Sergio Lapegue","image":{"@type":"ImageObject","inLanguage":"es-AR","@id":"https:\/\/sergiolapegue.com\/site\/wp-content\/uploads\/2021\/04\/logo_header-1.png","url":"https:\/\/sergiolapegue.com\/site\/wp-content\/uploads\/2021\/04\/logo_header-1.png","contentUrl":"https:\/\/sergiolapegue.com\/site\/wp-content\/uploads\/2021\/04\/logo_header-1.png","width":272,"height":90,"caption":"Sergio Lapegue"},"logo":{"@id":"https:\/\/sergiolapegue.com\/site\/wp-content\/uploads\/2021\/04\/logo_header-1.png"},"sameAs":["https:\/\/facebook.com\/sergiolapegue","https:\/\/instagram.com\/sergiolapegue","https:\/\/x.com\/https:\/\/twitter.com\/sergiolapegue"],"url":"https:\/\/sergiolapegue.com\/site\/author\/sergio\/"}]}},"_links":{"self":[{"href":"https:\/\/sergiolapegue.com\/site\/wp-json\/wp\/v2\/posts\/27261","targetHints":{"allow":["GET"]}}],"collection":[{"href":"https:\/\/sergiolapegue.com\/site\/wp-json\/wp\/v2\/posts"}],"about":[{"href":"https:\/\/sergiolapegue.com\/site\/wp-json\/wp\/v2\/types\/post"}],"author":[{"embeddable":true,"href":"https:\/\/sergiolapegue.com\/site\/wp-json\/wp\/v2\/users\/6"}],"replies":[{"embeddable":true,"href":"https:\/\/sergiolapegue.com\/site\/wp-json\/wp\/v2\/comments?post=27261"}],"version-history":[{"count":1,"href":"https:\/\/sergiolapegue.com\/site\/wp-json\/wp\/v2\/posts\/27261\/revisions"}],"predecessor-version":[{"id":27263,"href":"https:\/\/sergiolapegue.com\/site\/wp-json\/wp\/v2\/posts\/27261\/revisions\/27263"}],"wp:featuredmedia":[{"embeddable":true,"href":"https:\/\/sergiolapegue.com\/site\/wp-json\/wp\/v2\/media\/27262"}],"wp:attachment":[{"href":"https:\/\/sergiolapegue.com\/site\/wp-json\/wp\/v2\/media?parent=27261"}],"wp:term":[{"taxonomy":"category","embeddable":true,"href":"https:\/\/sergiolapegue.com\/site\/wp-json\/wp\/v2\/categories?post=27261"},{"taxonomy":"post_tag","embeddable":true,"href":"https:\/\/sergiolapegue.com\/site\/wp-json\/wp\/v2\/tags?post=27261"}],"curies":[{"name":"wp","href":"https:\/\/api.w.org\/{rel}","templated":true}]}}