{"id":27103,"date":"2025-12-08T11:25:09","date_gmt":"2025-12-08T14:25:09","guid":{"rendered":"https:\/\/sergiolapegue.com\/site\/?p=27103"},"modified":"2025-12-08T11:25:10","modified_gmt":"2025-12-08T14:25:10","slug":"la-historia-de-la-primera-calesita-de-lomas-que-inspiro-la-instalacion-de-otras","status":"publish","type":"post","link":"https:\/\/sergiolapegue.com\/site\/2025\/12\/08\/la-historia-de-la-primera-calesita-de-lomas-que-inspiro-la-instalacion-de-otras\/","title":{"rendered":"La historia de la primera calesita de Lomas que inspir\u00f3 la instalaci\u00f3n de otras"},"content":{"rendered":"\n<p>La escena es conocida por cualquiera que haya crecido en el sur del Conurbano: un carrusel girando, la m\u00fasica mec\u00e1nica, los caballitos subiendo y bajando.&nbsp;<a href=\"https:\/\/launion.com.ar\/lomas\" target=\"_blank\" rel=\"noreferrer noopener\">En Lomas de Zamora, esa imagen persiste desde hace generaciones<\/a>. La<strong>&nbsp;<a href=\"https:\/\/launion.com.ar\/calesita-a9084\">calesita<\/a><\/strong>&nbsp;se convirti\u00f3 en una pieza esencial del paisaje afectivo del barrio: un s\u00edmbolo que acompa\u00f1\u00f3 a ni\u00f1os, j\u00f3venes y adultos, y que todav\u00eda funciona como un peque\u00f1o viaje hacia otro tiempo.<\/p>\n\n\n\n<p>La historia comenz\u00f3 en 1936, cuando la primera&nbsp;<strong>calesita<\/strong>&nbsp;lleg\u00f3 a Lomas. Muchos a\u00f1os despu\u00e9s, en 1949, encontr\u00f3 su lugar definitivo: la esquina de&nbsp;<strong>Portela y Manuel Castro<\/strong>,<a href=\"https:\/\/launion.com.ar\/nota\/45932\/2025\/10\/quienes-fueron-los-grigera-y-por-que-una-plaza-lleva-su-nombre\" target=\"_blank\" rel=\"noreferrer noopener\">&nbsp;junto a la plaza Grigera&nbsp;<\/a>y a pocos pasos del Palacio Municipal. Desde entonces no s\u00f3lo se mantuvo en pie, sino que inspir\u00f3 la aparici\u00f3n de otros carruseles en distintas plazas del distrito. Con la instalaci\u00f3n del carrousel de los pisos en la&nbsp;<strong>Plaza Grigera<\/strong>,&nbsp;<a href=\"https:\/\/launion.com.ar\/nota\/52072\/2025\/10\/la-historia-detras-del-nombre-del-parque-finky-quien-fue-felipe-finck\" target=\"_blank\" rel=\"noreferrer noopener\">esa calesita se mud\u00f3 al Parque Finky.<\/a><\/p>\n\n\n\n<p>En&nbsp;<strong>Libertad, Col\u00f3n, Steinberg,<\/strong>&nbsp;tanto en&nbsp;<strong>Lomas<\/strong>&nbsp;como en&nbsp;<strong>Temperley y Banfield<\/strong>, la rutina familiar de los fines de semana o de los feriados encontraba en esas plataformas giratorias una excusa para salir a pasear.<\/p>\n\n\n\n<p>Esa costumbre, sin embargo, no es exclusiva de la Argentina. En Estados Unidos y M\u00e9xico, al igual que aqu\u00ed, las calesitas giran en sentido antihorario. En buena parte de Europa -Inglaterra, Holanda, B\u00e9lgica, Alemania, entre otros- sucede exactamente lo contrario: los carruseles avanzan siguiendo las agujas del reloj. La raz\u00f3n de esa diferencia todav\u00eda despierta debate: nadie encuentra una explicaci\u00f3n definitiva.<\/p>\n\n\n\n<p>La mec\u00e1nica que sostiene a estos juegos empez\u00f3 a definirse a mediados del siglo XIX, cuando se dise\u00f1\u00f3 un modelo de plataforma pensado para minimizar accidentes y permitir que animales y carrozas se desplazaran de manera segura alrededor de un eje central. Con el impulso de la Revoluci\u00f3n Industrial aparecieron engranajes y cig\u00fce\u00f1ales que dieron a los caballitos su cl\u00e1sico movimiento ondulante mientras el conjunto giraba. Casi en paralelo se incorporaron \u00f3rganos e instrumentos autom\u00e1ticos, y m\u00e1s tarde los motores el\u00e9ctricos y la iluminaci\u00f3n que terminaron de moldear la est\u00e9tica tradicional del carrusel moderno.<\/p>\n\n\n\n<h2 class=\"wp-block-heading\">El auge de las calesitas en Buenos Aires y Lomas<\/h2>\n\n\n\n<p>Buenos Aires vivi\u00f3 un verdadero auge de calesitas durante gran parte del siglo XX, y la de Lomas form\u00f3 parte de esa explosi\u00f3n. Hoy sobreviven en la ciudad y el Conurbano menos de cincuenta, muchas de ellas armadas con piezas artesanales que las vuelven candidatas naturales a ser reconocidas como patrimonio cultural. Lo que resiste es su valor emotivo, esa capacidad de conectar a cualquiera con un recuerdo de infancia o incluso con un momento adulto que qued\u00f3 asociado al vaiv\u00e9n de los caballitos.<\/p>\n\n\n\n<p>Ese viaje circular -peque\u00f1o, simple, cotidiano- sigue siendo un recordatorio de que ciertos rituales no pierden vigencia. La calesita, en Lomas y en tantos otros rincones, contin\u00faa girando contra el tiempo.<\/p>\n\n\n\n<p><a href=\"https:\/\/launion.com.ar\/lomas-zamora\/la-historia-la-primera-calesita-lomas-que-inspiro-la-instalacion-otras-n5438277\"><strong><em>Art\u00edculo publicado en el diario La Uni\u00f3n.-<\/em><\/strong><\/a><\/p>\n","protected":false},"excerpt":{"rendered":"<p>La escena es conocida por cualquiera que haya crecido en el sur del Conurbano: un carrusel girando, la m\u00fasica mec\u00e1nica, los caballitos subiendo y bajando.&nbsp;En Lomas de Zamora, esa imagen persiste desde hace generaciones. La&nbsp;calesita&nbsp;se convirti\u00f3 en una pieza esencial del paisaje afectivo del barrio: un s\u00edmbolo que acompa\u00f1\u00f3 a ni\u00f1os, j\u00f3venes y adultos, y [&hellip;]<\/p>\n","protected":false},"author":6,"featured_media":27104,"comment_status":"closed","ping_status":"closed","sticky":false,"template":"","format":"standard","meta":{"footnotes":""},"categories":[1276],"tags":[1889,1323,1277],"class_list":{"0":"post-27103","1":"post","2":"type-post","3":"status-publish","4":"format-standard","5":"has-post-thumbnail","7":"category-de-puno-y-letra-lomas-de-zamora","8":"tag-calesita","9":"tag-la-union","10":"tag-lomas-de-zamora"},"yoast_head":"<!-- This site is optimized with the Yoast SEO plugin v27.5 - https:\/\/yoast.com\/product\/yoast-seo-wordpress\/ -->\n<title>La historia de la primera calesita de Lomas que inspir\u00f3 la instalaci\u00f3n de otras - Sergio Lapegue<\/title>\n<meta name=\"description\" content=\"En Lomas persisten varias calesitas. El entretenimiento lleg\u00f3 a estas tierras en 1936, que luego se instal\u00f3 en la Plaza Grigera en 1949.\" \/>\n<meta name=\"robots\" content=\"index, follow, max-snippet:-1, max-image-preview:large, max-video-preview:-1\" \/>\n<link rel=\"canonical\" href=\"https:\/\/sergiolapegue.com\/site\/2025\/12\/08\/la-historia-de-la-primera-calesita-de-lomas-que-inspiro-la-instalacion-de-otras\/\" \/>\n<meta property=\"og:locale\" content=\"es_ES\" \/>\n<meta property=\"og:type\" content=\"article\" \/>\n<meta property=\"og:title\" content=\"La historia de la primera calesita de Lomas que inspir\u00f3 la instalaci\u00f3n de otras - Sergio Lapegue\" \/>\n<meta property=\"og:description\" content=\"En Lomas persisten varias calesitas. El entretenimiento lleg\u00f3 a estas tierras en 1936, que luego se instal\u00f3 en la Plaza Grigera en 1949.\" \/>\n<meta property=\"og:url\" content=\"https:\/\/sergiolapegue.com\/site\/2025\/12\/08\/la-historia-de-la-primera-calesita-de-lomas-que-inspiro-la-instalacion-de-otras\/\" \/>\n<meta property=\"og:site_name\" content=\"Sergio Lapegue\" \/>\n<meta property=\"article:publisher\" content=\"https:\/\/facebook.com\/sergiolapegue\" \/>\n<meta property=\"article:author\" content=\"https:\/\/facebook.com\/sergiolapegue\" \/>\n<meta property=\"article:published_time\" content=\"2025-12-08T14:25:09+00:00\" \/>\n<meta property=\"article:modified_time\" content=\"2025-12-08T14:25:10+00:00\" \/>\n<meta property=\"og:image\" content=\"https:\/\/sergiolapegue.com\/site\/wp-content\/uploads\/2025\/12\/primera-calesita-lomas.webp\" \/>\n\t<meta property=\"og:image:width\" content=\"728\" \/>\n\t<meta property=\"og:image:height\" content=\"467\" \/>\n\t<meta property=\"og:image:type\" content=\"image\/webp\" \/>\n<meta name=\"author\" content=\"Sergio Lapegue\" \/>\n<meta name=\"twitter:card\" content=\"summary_large_image\" \/>\n<meta name=\"twitter:creator\" content=\"@https:\/\/twitter.com\/sergiolapegue\" \/>\n<meta name=\"twitter:site\" content=\"@sergiolapegue\" \/>\n<meta name=\"twitter:label1\" content=\"Escrito por\" \/>\n\t<meta name=\"twitter:data1\" content=\"Sergio Lapegue\" \/>\n\t<meta name=\"twitter:label2\" content=\"Tiempo de lectura\" \/>\n\t<meta name=\"twitter:data2\" content=\"3 minutos\" \/>\n<script type=\"application\/ld+json\" class=\"yoast-schema-graph\">{\"@context\":\"https:\\\/\\\/schema.org\",\"@graph\":[{\"@type\":\"Article\",\"@id\":\"https:\\\/\\\/sergiolapegue.com\\\/site\\\/2025\\\/12\\\/08\\\/la-historia-de-la-primera-calesita-de-lomas-que-inspiro-la-instalacion-de-otras\\\/#article\",\"isPartOf\":{\"@id\":\"https:\\\/\\\/sergiolapegue.com\\\/site\\\/2025\\\/12\\\/08\\\/la-historia-de-la-primera-calesita-de-lomas-que-inspiro-la-instalacion-de-otras\\\/\"},\"author\":{\"name\":\"Sergio Lapegue\",\"@id\":\"https:\\\/\\\/sergiolapegue.com\\\/site\\\/#\\\/schema\\\/person\\\/083aeceeb0734cd166779ea6c0551a37\"},\"headline\":\"La historia de la primera calesita de Lomas que inspir\u00f3 la instalaci\u00f3n de otras\",\"datePublished\":\"2025-12-08T14:25:09+00:00\",\"dateModified\":\"2025-12-08T14:25:10+00:00\",\"mainEntityOfPage\":{\"@id\":\"https:\\\/\\\/sergiolapegue.com\\\/site\\\/2025\\\/12\\\/08\\\/la-historia-de-la-primera-calesita-de-lomas-que-inspiro-la-instalacion-de-otras\\\/\"},\"wordCount\":532,\"publisher\":{\"@id\":\"https:\\\/\\\/sergiolapegue.com\\\/site\\\/#\\\/schema\\\/person\\\/083aeceeb0734cd166779ea6c0551a37\"},\"image\":{\"@id\":\"https:\\\/\\\/sergiolapegue.com\\\/site\\\/2025\\\/12\\\/08\\\/la-historia-de-la-primera-calesita-de-lomas-que-inspiro-la-instalacion-de-otras\\\/#primaryimage\"},\"thumbnailUrl\":\"https:\\\/\\\/sergiolapegue.com\\\/site\\\/wp-content\\\/uploads\\\/2025\\\/12\\\/primera-calesita-lomas.webp\",\"keywords\":[\"Calesita\",\"La Uni\u00f3n\",\"Lomas de Zamora\"],\"articleSection\":[\"De Pu\u00f1o y Letra Lomas de Zamora\"],\"inLanguage\":\"es-AR\"},{\"@type\":\"WebPage\",\"@id\":\"https:\\\/\\\/sergiolapegue.com\\\/site\\\/2025\\\/12\\\/08\\\/la-historia-de-la-primera-calesita-de-lomas-que-inspiro-la-instalacion-de-otras\\\/\",\"url\":\"https:\\\/\\\/sergiolapegue.com\\\/site\\\/2025\\\/12\\\/08\\\/la-historia-de-la-primera-calesita-de-lomas-que-inspiro-la-instalacion-de-otras\\\/\",\"name\":\"La historia de la primera calesita de Lomas que inspir\u00f3 la instalaci\u00f3n de otras - Sergio Lapegue\",\"isPartOf\":{\"@id\":\"https:\\\/\\\/sergiolapegue.com\\\/site\\\/#website\"},\"primaryImageOfPage\":{\"@id\":\"https:\\\/\\\/sergiolapegue.com\\\/site\\\/2025\\\/12\\\/08\\\/la-historia-de-la-primera-calesita-de-lomas-que-inspiro-la-instalacion-de-otras\\\/#primaryimage\"},\"image\":{\"@id\":\"https:\\\/\\\/sergiolapegue.com\\\/site\\\/2025\\\/12\\\/08\\\/la-historia-de-la-primera-calesita-de-lomas-que-inspiro-la-instalacion-de-otras\\\/#primaryimage\"},\"thumbnailUrl\":\"https:\\\/\\\/sergiolapegue.com\\\/site\\\/wp-content\\\/uploads\\\/2025\\\/12\\\/primera-calesita-lomas.webp\",\"datePublished\":\"2025-12-08T14:25:09+00:00\",\"dateModified\":\"2025-12-08T14:25:10+00:00\",\"description\":\"En Lomas persisten varias calesitas. El entretenimiento lleg\u00f3 a estas tierras en 1936, que luego se instal\u00f3 en la Plaza Grigera en 1949.\",\"breadcrumb\":{\"@id\":\"https:\\\/\\\/sergiolapegue.com\\\/site\\\/2025\\\/12\\\/08\\\/la-historia-de-la-primera-calesita-de-lomas-que-inspiro-la-instalacion-de-otras\\\/#breadcrumb\"},\"inLanguage\":\"es-AR\",\"potentialAction\":[{\"@type\":\"ReadAction\",\"target\":[\"https:\\\/\\\/sergiolapegue.com\\\/site\\\/2025\\\/12\\\/08\\\/la-historia-de-la-primera-calesita-de-lomas-que-inspiro-la-instalacion-de-otras\\\/\"]}]},{\"@type\":\"ImageObject\",\"inLanguage\":\"es-AR\",\"@id\":\"https:\\\/\\\/sergiolapegue.com\\\/site\\\/2025\\\/12\\\/08\\\/la-historia-de-la-primera-calesita-de-lomas-que-inspiro-la-instalacion-de-otras\\\/#primaryimage\",\"url\":\"https:\\\/\\\/sergiolapegue.com\\\/site\\\/wp-content\\\/uploads\\\/2025\\\/12\\\/primera-calesita-lomas.webp\",\"contentUrl\":\"https:\\\/\\\/sergiolapegue.com\\\/site\\\/wp-content\\\/uploads\\\/2025\\\/12\\\/primera-calesita-lomas.webp\",\"width\":728,\"height\":467},{\"@type\":\"BreadcrumbList\",\"@id\":\"https:\\\/\\\/sergiolapegue.com\\\/site\\\/2025\\\/12\\\/08\\\/la-historia-de-la-primera-calesita-de-lomas-que-inspiro-la-instalacion-de-otras\\\/#breadcrumb\",\"itemListElement\":[{\"@type\":\"ListItem\",\"position\":1,\"name\":\"Inicio\",\"item\":\"https:\\\/\\\/sergiolapegue.com\\\/site\\\/\"},{\"@type\":\"ListItem\",\"position\":2,\"name\":\"La historia de la primera calesita de Lomas que inspir\u00f3 la instalaci\u00f3n de otras\"}]},{\"@type\":\"WebSite\",\"@id\":\"https:\\\/\\\/sergiolapegue.com\\\/site\\\/#website\",\"url\":\"https:\\\/\\\/sergiolapegue.com\\\/site\\\/\",\"name\":\"Sergio Lapegue\",\"description\":\"Periodista\",\"publisher\":{\"@id\":\"https:\\\/\\\/sergiolapegue.com\\\/site\\\/#\\\/schema\\\/person\\\/083aeceeb0734cd166779ea6c0551a37\"},\"potentialAction\":[{\"@type\":\"SearchAction\",\"target\":{\"@type\":\"EntryPoint\",\"urlTemplate\":\"https:\\\/\\\/sergiolapegue.com\\\/site\\\/?s={search_term_string}\"},\"query-input\":{\"@type\":\"PropertyValueSpecification\",\"valueRequired\":true,\"valueName\":\"search_term_string\"}}],\"inLanguage\":\"es-AR\"},{\"@type\":[\"Person\",\"Organization\"],\"@id\":\"https:\\\/\\\/sergiolapegue.com\\\/site\\\/#\\\/schema\\\/person\\\/083aeceeb0734cd166779ea6c0551a37\",\"name\":\"Sergio Lapegue\",\"image\":{\"@type\":\"ImageObject\",\"inLanguage\":\"es-AR\",\"@id\":\"https:\\\/\\\/sergiolapegue.com\\\/site\\\/wp-content\\\/uploads\\\/2021\\\/04\\\/logo_header-1.png\",\"url\":\"https:\\\/\\\/sergiolapegue.com\\\/site\\\/wp-content\\\/uploads\\\/2021\\\/04\\\/logo_header-1.png\",\"contentUrl\":\"https:\\\/\\\/sergiolapegue.com\\\/site\\\/wp-content\\\/uploads\\\/2021\\\/04\\\/logo_header-1.png\",\"width\":272,\"height\":90,\"caption\":\"Sergio Lapegue\"},\"logo\":{\"@id\":\"https:\\\/\\\/sergiolapegue.com\\\/site\\\/wp-content\\\/uploads\\\/2021\\\/04\\\/logo_header-1.png\"},\"sameAs\":[\"https:\\\/\\\/facebook.com\\\/sergiolapegue\",\"https:\\\/\\\/instagram.com\\\/sergiolapegue\",\"https:\\\/\\\/x.com\\\/https:\\\/\\\/twitter.com\\\/sergiolapegue\"],\"url\":\"https:\\\/\\\/sergiolapegue.com\\\/site\\\/author\\\/sergio\\\/\"}]}<\/script>\n<!-- \/ Yoast SEO plugin. -->","yoast_head_json":{"title":"La historia de la primera calesita de Lomas que inspir\u00f3 la instalaci\u00f3n de otras - Sergio Lapegue","description":"En Lomas persisten varias calesitas. El entretenimiento lleg\u00f3 a estas tierras en 1936, que luego se instal\u00f3 en la Plaza Grigera en 1949.","robots":{"index":"index","follow":"follow","max-snippet":"max-snippet:-1","max-image-preview":"max-image-preview:large","max-video-preview":"max-video-preview:-1"},"canonical":"https:\/\/sergiolapegue.com\/site\/2025\/12\/08\/la-historia-de-la-primera-calesita-de-lomas-que-inspiro-la-instalacion-de-otras\/","og_locale":"es_ES","og_type":"article","og_title":"La historia de la primera calesita de Lomas que inspir\u00f3 la instalaci\u00f3n de otras - Sergio Lapegue","og_description":"En Lomas persisten varias calesitas. El entretenimiento lleg\u00f3 a estas tierras en 1936, que luego se instal\u00f3 en la Plaza Grigera en 1949.","og_url":"https:\/\/sergiolapegue.com\/site\/2025\/12\/08\/la-historia-de-la-primera-calesita-de-lomas-que-inspiro-la-instalacion-de-otras\/","og_site_name":"Sergio Lapegue","article_publisher":"https:\/\/facebook.com\/sergiolapegue","article_author":"https:\/\/facebook.com\/sergiolapegue","article_published_time":"2025-12-08T14:25:09+00:00","article_modified_time":"2025-12-08T14:25:10+00:00","og_image":[{"width":728,"height":467,"url":"https:\/\/sergiolapegue.com\/site\/wp-content\/uploads\/2025\/12\/primera-calesita-lomas.webp","type":"image\/webp"}],"author":"Sergio Lapegue","twitter_card":"summary_large_image","twitter_creator":"@https:\/\/twitter.com\/sergiolapegue","twitter_site":"@sergiolapegue","twitter_misc":{"Escrito por":"Sergio Lapegue","Tiempo de lectura":"3 minutos"},"schema":{"@context":"https:\/\/schema.org","@graph":[{"@type":"Article","@id":"https:\/\/sergiolapegue.com\/site\/2025\/12\/08\/la-historia-de-la-primera-calesita-de-lomas-que-inspiro-la-instalacion-de-otras\/#article","isPartOf":{"@id":"https:\/\/sergiolapegue.com\/site\/2025\/12\/08\/la-historia-de-la-primera-calesita-de-lomas-que-inspiro-la-instalacion-de-otras\/"},"author":{"name":"Sergio Lapegue","@id":"https:\/\/sergiolapegue.com\/site\/#\/schema\/person\/083aeceeb0734cd166779ea6c0551a37"},"headline":"La historia de la primera calesita de Lomas que inspir\u00f3 la instalaci\u00f3n de otras","datePublished":"2025-12-08T14:25:09+00:00","dateModified":"2025-12-08T14:25:10+00:00","mainEntityOfPage":{"@id":"https:\/\/sergiolapegue.com\/site\/2025\/12\/08\/la-historia-de-la-primera-calesita-de-lomas-que-inspiro-la-instalacion-de-otras\/"},"wordCount":532,"publisher":{"@id":"https:\/\/sergiolapegue.com\/site\/#\/schema\/person\/083aeceeb0734cd166779ea6c0551a37"},"image":{"@id":"https:\/\/sergiolapegue.com\/site\/2025\/12\/08\/la-historia-de-la-primera-calesita-de-lomas-que-inspiro-la-instalacion-de-otras\/#primaryimage"},"thumbnailUrl":"https:\/\/sergiolapegue.com\/site\/wp-content\/uploads\/2025\/12\/primera-calesita-lomas.webp","keywords":["Calesita","La Uni\u00f3n","Lomas de Zamora"],"articleSection":["De Pu\u00f1o y Letra Lomas de Zamora"],"inLanguage":"es-AR"},{"@type":"WebPage","@id":"https:\/\/sergiolapegue.com\/site\/2025\/12\/08\/la-historia-de-la-primera-calesita-de-lomas-que-inspiro-la-instalacion-de-otras\/","url":"https:\/\/sergiolapegue.com\/site\/2025\/12\/08\/la-historia-de-la-primera-calesita-de-lomas-que-inspiro-la-instalacion-de-otras\/","name":"La historia de la primera calesita de Lomas que inspir\u00f3 la instalaci\u00f3n de otras - Sergio Lapegue","isPartOf":{"@id":"https:\/\/sergiolapegue.com\/site\/#website"},"primaryImageOfPage":{"@id":"https:\/\/sergiolapegue.com\/site\/2025\/12\/08\/la-historia-de-la-primera-calesita-de-lomas-que-inspiro-la-instalacion-de-otras\/#primaryimage"},"image":{"@id":"https:\/\/sergiolapegue.com\/site\/2025\/12\/08\/la-historia-de-la-primera-calesita-de-lomas-que-inspiro-la-instalacion-de-otras\/#primaryimage"},"thumbnailUrl":"https:\/\/sergiolapegue.com\/site\/wp-content\/uploads\/2025\/12\/primera-calesita-lomas.webp","datePublished":"2025-12-08T14:25:09+00:00","dateModified":"2025-12-08T14:25:10+00:00","description":"En Lomas persisten varias calesitas. El entretenimiento lleg\u00f3 a estas tierras en 1936, que luego se instal\u00f3 en la Plaza Grigera en 1949.","breadcrumb":{"@id":"https:\/\/sergiolapegue.com\/site\/2025\/12\/08\/la-historia-de-la-primera-calesita-de-lomas-que-inspiro-la-instalacion-de-otras\/#breadcrumb"},"inLanguage":"es-AR","potentialAction":[{"@type":"ReadAction","target":["https:\/\/sergiolapegue.com\/site\/2025\/12\/08\/la-historia-de-la-primera-calesita-de-lomas-que-inspiro-la-instalacion-de-otras\/"]}]},{"@type":"ImageObject","inLanguage":"es-AR","@id":"https:\/\/sergiolapegue.com\/site\/2025\/12\/08\/la-historia-de-la-primera-calesita-de-lomas-que-inspiro-la-instalacion-de-otras\/#primaryimage","url":"https:\/\/sergiolapegue.com\/site\/wp-content\/uploads\/2025\/12\/primera-calesita-lomas.webp","contentUrl":"https:\/\/sergiolapegue.com\/site\/wp-content\/uploads\/2025\/12\/primera-calesita-lomas.webp","width":728,"height":467},{"@type":"BreadcrumbList","@id":"https:\/\/sergiolapegue.com\/site\/2025\/12\/08\/la-historia-de-la-primera-calesita-de-lomas-que-inspiro-la-instalacion-de-otras\/#breadcrumb","itemListElement":[{"@type":"ListItem","position":1,"name":"Inicio","item":"https:\/\/sergiolapegue.com\/site\/"},{"@type":"ListItem","position":2,"name":"La historia de la primera calesita de Lomas que inspir\u00f3 la instalaci\u00f3n de otras"}]},{"@type":"WebSite","@id":"https:\/\/sergiolapegue.com\/site\/#website","url":"https:\/\/sergiolapegue.com\/site\/","name":"Sergio Lapegue","description":"Periodista","publisher":{"@id":"https:\/\/sergiolapegue.com\/site\/#\/schema\/person\/083aeceeb0734cd166779ea6c0551a37"},"potentialAction":[{"@type":"SearchAction","target":{"@type":"EntryPoint","urlTemplate":"https:\/\/sergiolapegue.com\/site\/?s={search_term_string}"},"query-input":{"@type":"PropertyValueSpecification","valueRequired":true,"valueName":"search_term_string"}}],"inLanguage":"es-AR"},{"@type":["Person","Organization"],"@id":"https:\/\/sergiolapegue.com\/site\/#\/schema\/person\/083aeceeb0734cd166779ea6c0551a37","name":"Sergio Lapegue","image":{"@type":"ImageObject","inLanguage":"es-AR","@id":"https:\/\/sergiolapegue.com\/site\/wp-content\/uploads\/2021\/04\/logo_header-1.png","url":"https:\/\/sergiolapegue.com\/site\/wp-content\/uploads\/2021\/04\/logo_header-1.png","contentUrl":"https:\/\/sergiolapegue.com\/site\/wp-content\/uploads\/2021\/04\/logo_header-1.png","width":272,"height":90,"caption":"Sergio Lapegue"},"logo":{"@id":"https:\/\/sergiolapegue.com\/site\/wp-content\/uploads\/2021\/04\/logo_header-1.png"},"sameAs":["https:\/\/facebook.com\/sergiolapegue","https:\/\/instagram.com\/sergiolapegue","https:\/\/x.com\/https:\/\/twitter.com\/sergiolapegue"],"url":"https:\/\/sergiolapegue.com\/site\/author\/sergio\/"}]}},"_links":{"self":[{"href":"https:\/\/sergiolapegue.com\/site\/wp-json\/wp\/v2\/posts\/27103","targetHints":{"allow":["GET"]}}],"collection":[{"href":"https:\/\/sergiolapegue.com\/site\/wp-json\/wp\/v2\/posts"}],"about":[{"href":"https:\/\/sergiolapegue.com\/site\/wp-json\/wp\/v2\/types\/post"}],"author":[{"embeddable":true,"href":"https:\/\/sergiolapegue.com\/site\/wp-json\/wp\/v2\/users\/6"}],"replies":[{"embeddable":true,"href":"https:\/\/sergiolapegue.com\/site\/wp-json\/wp\/v2\/comments?post=27103"}],"version-history":[{"count":1,"href":"https:\/\/sergiolapegue.com\/site\/wp-json\/wp\/v2\/posts\/27103\/revisions"}],"predecessor-version":[{"id":27105,"href":"https:\/\/sergiolapegue.com\/site\/wp-json\/wp\/v2\/posts\/27103\/revisions\/27105"}],"wp:featuredmedia":[{"embeddable":true,"href":"https:\/\/sergiolapegue.com\/site\/wp-json\/wp\/v2\/media\/27104"}],"wp:attachment":[{"href":"https:\/\/sergiolapegue.com\/site\/wp-json\/wp\/v2\/media?parent=27103"}],"wp:term":[{"taxonomy":"category","embeddable":true,"href":"https:\/\/sergiolapegue.com\/site\/wp-json\/wp\/v2\/categories?post=27103"},{"taxonomy":"post_tag","embeddable":true,"href":"https:\/\/sergiolapegue.com\/site\/wp-json\/wp\/v2\/tags?post=27103"}],"curies":[{"name":"wp","href":"https:\/\/api.w.org\/{rel}","templated":true}]}}