{"id":2705,"date":"2021-11-22T17:01:23","date_gmt":"2021-11-22T20:01:23","guid":{"rendered":"https:\/\/sergiolapegue.com\/site\/?p=2705"},"modified":"2021-11-22T17:01:24","modified_gmt":"2021-11-22T20:01:24","slug":"volvio-a-salir-el-sol","status":"publish","type":"post","link":"https:\/\/sergiolapegue.com\/site\/2021\/11\/22\/volvio-a-salir-el-sol\/","title":{"rendered":"Volvi\u00f3 a salir el sol"},"content":{"rendered":"\n<p>Y por fin lleg\u00f3 uno de los d\u00edas que m\u00e1s esper\u00e9 este a\u00f1o.<strong> \u00a1Volvimos a tocar en vivo con\u00a0Lapeband! <\/strong>El domingo a la noche, en el teatro Broadway de la calle Corrientes, me sub\u00ed al escenario con mis amigos de toda la vida para presentar <strong><em>Sale el Sol<\/em><\/strong>, nuestro primer disco.\u00a0<\/p>\n\n\n\n<p>Estaba nervioso, no lo voy a negar. Fueron muchos meses sin poder tocar ante el p\u00fablico por culpa de la maldita pandemia. En el medio, claro, <strong>mi larga recuperaci\u00f3n del\u00a0covid. Pero la espera vali\u00f3 la\u00a0pena<\/strong>.\u00a0<\/p>\n\n\n\n<p>Sonaron canciones de nuestro primer disco, algunos\u00a0covers\u00a0y tambi\u00e9n los \u201ccl\u00e1sicos\u201d de siempre, como <em>Sin Vos<\/em>.\u00a0El nuevo corte \u2013Sale el Sol- tiene que ver con todo esto que vivimos en el \u00faltimo tiempo. Como siempre les digo,<strong> siempre despu\u00e9s de la oscuridad llega el sol.\u00a0\u00a0<\/strong><\/p>\n\n\n\n<figure class=\"wp-block-image size-large\"><img loading=\"lazy\" decoding=\"async\" width=\"1024\" height=\"671\" src=\"https:\/\/sergiolapegue.com\/site\/wp-content\/uploads\/2021\/11\/lapebandnov1-1-1024x671.jpg\" alt=\"\" class=\"wp-image-2710\" srcset=\"https:\/\/sergiolapegue.com\/site\/wp-content\/uploads\/2021\/11\/lapebandnov1-1-1024x671.jpg 1024w, https:\/\/sergiolapegue.com\/site\/wp-content\/uploads\/2021\/11\/lapebandnov1-1-300x197.jpg 300w, https:\/\/sergiolapegue.com\/site\/wp-content\/uploads\/2021\/11\/lapebandnov1-1-768x503.jpg 768w, https:\/\/sergiolapegue.com\/site\/wp-content\/uploads\/2021\/11\/lapebandnov1-1-1536x1006.jpg 1536w, https:\/\/sergiolapegue.com\/site\/wp-content\/uploads\/2021\/11\/lapebandnov1-1-2048x1342.jpg 2048w, https:\/\/sergiolapegue.com\/site\/wp-content\/uploads\/2021\/11\/lapebandnov1-1-696x456.jpg 696w, https:\/\/sergiolapegue.com\/site\/wp-content\/uploads\/2021\/11\/lapebandnov1-1-1068x700.jpg 1068w, https:\/\/sergiolapegue.com\/site\/wp-content\/uploads\/2021\/11\/lapebandnov1-1-1920x1258.jpg 1920w\" sizes=\"auto, (max-width: 1024px) 100vw, 1024px\" \/><\/figure>\n\n\n\n<p>La energ\u00eda de los shows es diferente a todo lo que hice en mi carrera. Y la conexi\u00f3n del p\u00fablico con la m\u00fasica hizo que el tiempo se detuviera.&nbsp;Hacemos lo que nos gusta, lo disfrutamos. Y eso se transmite.&nbsp;<\/p>\n\n\n\n<p>Se vienen m\u00e1s cosas con\u00a0Lapeband: <strong>estamos por arrancar una gira los fines de semana, con la idea de recorrer nuestro pa\u00eds<\/strong>, que tanto amamos.\u00a0<\/p>\n\n\n\n<p>Me despido cansado, pero feliz. Gracias a todos los que vinieron al teatro Broadway para compartir la pasi\u00f3n por la m\u00fasica con nosotros. Hace cinco a\u00f1os, cuando empezamos a recorrer este sue\u00f1o, jam\u00e1s nos imagin\u00e1bamos alcanzar algo as\u00ed.&nbsp;<\/p>\n\n\n\n<p>Ojal\u00e1 que mi relato sirva para que abras tus alas a lo desconocido y<strong> te animes a buscar tu sue\u00f1o<\/strong>. No importa lo grande que sea o lo imposible que parezca:\u00a0vol\u00e1,\u00a0solt\u00e1. Vale la pena intentarlo.\u00a0\u00a0\u00a0<\/p>\n\n\n\n<p><strong><em>Te lo dice un amigo.\u00a0<br><\/em><\/strong><\/p>\n","protected":false},"excerpt":{"rendered":"<p>Y por fin lleg\u00f3 uno de los d\u00edas que m\u00e1s esper\u00e9 este a\u00f1o. \u00a1Volvimos a tocar en vivo con\u00a0Lapeband! El domingo a la noche, en el teatro Broadway de la calle Corrientes, me sub\u00ed al escenario con mis amigos de toda la vida para presentar Sale el Sol, nuestro primer disco.\u00a0 Estaba nervioso, no lo [&hellip;]<\/p>\n","protected":false},"author":6,"featured_media":2709,"comment_status":"closed","ping_status":"closed","sticky":false,"template":"","format":"standard","meta":{"footnotes":""},"categories":[31],"tags":[189,379],"class_list":{"0":"post-2705","1":"post","2":"type-post","3":"status-publish","4":"format-standard","5":"has-post-thumbnail","7":"category-de-puno-y-letra","8":"tag-lapeband","9":"tag-sergio-lapegue-2"},"yoast_head":"<!-- This site is optimized with the Yoast SEO plugin v27.5 - https:\/\/yoast.com\/product\/yoast-seo-wordpress\/ -->\n<title>Volvi\u00f3 a salir el sol - Sergio Lapegue<\/title>\n<meta name=\"description\" content=\"Y por fin lleg\u00f3 uno de los d\u00edas que m\u00e1s esper\u00e9 este a\u00f1o. \u00a1Volvimos a tocar en vivo con\u00a0Lapeband! Y en la calle Corrientes...\" \/>\n<meta name=\"robots\" content=\"index, follow, max-snippet:-1, max-image-preview:large, max-video-preview:-1\" \/>\n<link rel=\"canonical\" href=\"https:\/\/sergiolapegue.com\/site\/2021\/11\/22\/volvio-a-salir-el-sol\/\" \/>\n<meta property=\"og:locale\" content=\"es_ES\" \/>\n<meta property=\"og:type\" content=\"article\" \/>\n<meta property=\"og:title\" content=\"Volvi\u00f3 a salir el sol - Sergio Lapegue\" \/>\n<meta property=\"og:description\" content=\"Y por fin lleg\u00f3 uno de los d\u00edas que m\u00e1s esper\u00e9 este a\u00f1o. \u00a1Volvimos a tocar en vivo con\u00a0Lapeband! Y en la calle Corrientes...\" \/>\n<meta property=\"og:url\" content=\"https:\/\/sergiolapegue.com\/site\/2021\/11\/22\/volvio-a-salir-el-sol\/\" \/>\n<meta property=\"og:site_name\" content=\"Sergio Lapegue\" \/>\n<meta property=\"article:publisher\" content=\"https:\/\/facebook.com\/sergiolapegue\" \/>\n<meta property=\"article:author\" content=\"https:\/\/facebook.com\/sergiolapegue\" \/>\n<meta property=\"article:published_time\" content=\"2021-11-22T20:01:23+00:00\" \/>\n<meta property=\"article:modified_time\" content=\"2021-11-22T20:01:24+00:00\" \/>\n<meta property=\"og:image\" content=\"https:\/\/sergiolapegue.com\/site\/wp-content\/uploads\/2021\/11\/lapebanbbbb-1-scaled.jpg\" \/>\n\t<meta property=\"og:image:width\" content=\"2560\" \/>\n\t<meta property=\"og:image:height\" content=\"1707\" \/>\n\t<meta property=\"og:image:type\" content=\"image\/jpeg\" \/>\n<meta name=\"author\" content=\"Sergio Lapegue\" \/>\n<meta name=\"twitter:card\" content=\"summary_large_image\" \/>\n<meta name=\"twitter:creator\" content=\"@https:\/\/twitter.com\/sergiolapegue\" \/>\n<meta name=\"twitter:site\" content=\"@sergiolapegue\" \/>\n<meta name=\"twitter:label1\" content=\"Escrito por\" \/>\n\t<meta name=\"twitter:data1\" content=\"Sergio Lapegue\" \/>\n\t<meta name=\"twitter:label2\" content=\"Tiempo de lectura\" \/>\n\t<meta name=\"twitter:data2\" content=\"2 minutos\" \/>\n<script type=\"application\/ld+json\" class=\"yoast-schema-graph\">{\"@context\":\"https:\\\/\\\/schema.org\",\"@graph\":[{\"@type\":\"Article\",\"@id\":\"https:\\\/\\\/sergiolapegue.com\\\/site\\\/2021\\\/11\\\/22\\\/volvio-a-salir-el-sol\\\/#article\",\"isPartOf\":{\"@id\":\"https:\\\/\\\/sergiolapegue.com\\\/site\\\/2021\\\/11\\\/22\\\/volvio-a-salir-el-sol\\\/\"},\"author\":{\"name\":\"Sergio Lapegue\",\"@id\":\"https:\\\/\\\/sergiolapegue.com\\\/site\\\/#\\\/schema\\\/person\\\/083aeceeb0734cd166779ea6c0551a37\"},\"headline\":\"Volvi\u00f3 a salir el sol\",\"datePublished\":\"2021-11-22T20:01:23+00:00\",\"dateModified\":\"2021-11-22T20:01:24+00:00\",\"mainEntityOfPage\":{\"@id\":\"https:\\\/\\\/sergiolapegue.com\\\/site\\\/2021\\\/11\\\/22\\\/volvio-a-salir-el-sol\\\/\"},\"wordCount\":310,\"publisher\":{\"@id\":\"https:\\\/\\\/sergiolapegue.com\\\/site\\\/#\\\/schema\\\/person\\\/083aeceeb0734cd166779ea6c0551a37\"},\"image\":{\"@id\":\"https:\\\/\\\/sergiolapegue.com\\\/site\\\/2021\\\/11\\\/22\\\/volvio-a-salir-el-sol\\\/#primaryimage\"},\"thumbnailUrl\":\"https:\\\/\\\/sergiolapegue.com\\\/site\\\/wp-content\\\/uploads\\\/2021\\\/11\\\/lapebanbbbb-1-scaled.jpg\",\"keywords\":[\"lapeband\",\"Sergio Lapeg\u00fce\"],\"articleSection\":[\"De Pu\u00f1o y Letra\"],\"inLanguage\":\"es-AR\"},{\"@type\":\"WebPage\",\"@id\":\"https:\\\/\\\/sergiolapegue.com\\\/site\\\/2021\\\/11\\\/22\\\/volvio-a-salir-el-sol\\\/\",\"url\":\"https:\\\/\\\/sergiolapegue.com\\\/site\\\/2021\\\/11\\\/22\\\/volvio-a-salir-el-sol\\\/\",\"name\":\"Volvi\u00f3 a salir el sol - Sergio Lapegue\",\"isPartOf\":{\"@id\":\"https:\\\/\\\/sergiolapegue.com\\\/site\\\/#website\"},\"primaryImageOfPage\":{\"@id\":\"https:\\\/\\\/sergiolapegue.com\\\/site\\\/2021\\\/11\\\/22\\\/volvio-a-salir-el-sol\\\/#primaryimage\"},\"image\":{\"@id\":\"https:\\\/\\\/sergiolapegue.com\\\/site\\\/2021\\\/11\\\/22\\\/volvio-a-salir-el-sol\\\/#primaryimage\"},\"thumbnailUrl\":\"https:\\\/\\\/sergiolapegue.com\\\/site\\\/wp-content\\\/uploads\\\/2021\\\/11\\\/lapebanbbbb-1-scaled.jpg\",\"datePublished\":\"2021-11-22T20:01:23+00:00\",\"dateModified\":\"2021-11-22T20:01:24+00:00\",\"description\":\"Y por fin lleg\u00f3 uno de los d\u00edas que m\u00e1s esper\u00e9 este a\u00f1o. \u00a1Volvimos a tocar en vivo con\u00a0Lapeband! Y en la calle Corrientes...\",\"breadcrumb\":{\"@id\":\"https:\\\/\\\/sergiolapegue.com\\\/site\\\/2021\\\/11\\\/22\\\/volvio-a-salir-el-sol\\\/#breadcrumb\"},\"inLanguage\":\"es-AR\",\"potentialAction\":[{\"@type\":\"ReadAction\",\"target\":[\"https:\\\/\\\/sergiolapegue.com\\\/site\\\/2021\\\/11\\\/22\\\/volvio-a-salir-el-sol\\\/\"]}]},{\"@type\":\"ImageObject\",\"inLanguage\":\"es-AR\",\"@id\":\"https:\\\/\\\/sergiolapegue.com\\\/site\\\/2021\\\/11\\\/22\\\/volvio-a-salir-el-sol\\\/#primaryimage\",\"url\":\"https:\\\/\\\/sergiolapegue.com\\\/site\\\/wp-content\\\/uploads\\\/2021\\\/11\\\/lapebanbbbb-1-scaled.jpg\",\"contentUrl\":\"https:\\\/\\\/sergiolapegue.com\\\/site\\\/wp-content\\\/uploads\\\/2021\\\/11\\\/lapebanbbbb-1-scaled.jpg\",\"width\":2560,\"height\":1707},{\"@type\":\"BreadcrumbList\",\"@id\":\"https:\\\/\\\/sergiolapegue.com\\\/site\\\/2021\\\/11\\\/22\\\/volvio-a-salir-el-sol\\\/#breadcrumb\",\"itemListElement\":[{\"@type\":\"ListItem\",\"position\":1,\"name\":\"Inicio\",\"item\":\"https:\\\/\\\/sergiolapegue.com\\\/site\\\/\"},{\"@type\":\"ListItem\",\"position\":2,\"name\":\"Volvi\u00f3 a salir el sol\"}]},{\"@type\":\"WebSite\",\"@id\":\"https:\\\/\\\/sergiolapegue.com\\\/site\\\/#website\",\"url\":\"https:\\\/\\\/sergiolapegue.com\\\/site\\\/\",\"name\":\"Sergio Lapegue\",\"description\":\"Periodista\",\"publisher\":{\"@id\":\"https:\\\/\\\/sergiolapegue.com\\\/site\\\/#\\\/schema\\\/person\\\/083aeceeb0734cd166779ea6c0551a37\"},\"potentialAction\":[{\"@type\":\"SearchAction\",\"target\":{\"@type\":\"EntryPoint\",\"urlTemplate\":\"https:\\\/\\\/sergiolapegue.com\\\/site\\\/?s={search_term_string}\"},\"query-input\":{\"@type\":\"PropertyValueSpecification\",\"valueRequired\":true,\"valueName\":\"search_term_string\"}}],\"inLanguage\":\"es-AR\"},{\"@type\":[\"Person\",\"Organization\"],\"@id\":\"https:\\\/\\\/sergiolapegue.com\\\/site\\\/#\\\/schema\\\/person\\\/083aeceeb0734cd166779ea6c0551a37\",\"name\":\"Sergio Lapegue\",\"image\":{\"@type\":\"ImageObject\",\"inLanguage\":\"es-AR\",\"@id\":\"https:\\\/\\\/sergiolapegue.com\\\/site\\\/wp-content\\\/uploads\\\/2021\\\/04\\\/logo_header-1.png\",\"url\":\"https:\\\/\\\/sergiolapegue.com\\\/site\\\/wp-content\\\/uploads\\\/2021\\\/04\\\/logo_header-1.png\",\"contentUrl\":\"https:\\\/\\\/sergiolapegue.com\\\/site\\\/wp-content\\\/uploads\\\/2021\\\/04\\\/logo_header-1.png\",\"width\":272,\"height\":90,\"caption\":\"Sergio Lapegue\"},\"logo\":{\"@id\":\"https:\\\/\\\/sergiolapegue.com\\\/site\\\/wp-content\\\/uploads\\\/2021\\\/04\\\/logo_header-1.png\"},\"sameAs\":[\"https:\\\/\\\/facebook.com\\\/sergiolapegue\",\"https:\\\/\\\/instagram.com\\\/sergiolapegue\",\"https:\\\/\\\/x.com\\\/https:\\\/\\\/twitter.com\\\/sergiolapegue\"],\"url\":\"https:\\\/\\\/sergiolapegue.com\\\/site\\\/author\\\/sergio\\\/\"}]}<\/script>\n<!-- \/ Yoast SEO plugin. -->","yoast_head_json":{"title":"Volvi\u00f3 a salir el sol - Sergio Lapegue","description":"Y por fin lleg\u00f3 uno de los d\u00edas que m\u00e1s esper\u00e9 este a\u00f1o. \u00a1Volvimos a tocar en vivo con\u00a0Lapeband! Y en la calle Corrientes...","robots":{"index":"index","follow":"follow","max-snippet":"max-snippet:-1","max-image-preview":"max-image-preview:large","max-video-preview":"max-video-preview:-1"},"canonical":"https:\/\/sergiolapegue.com\/site\/2021\/11\/22\/volvio-a-salir-el-sol\/","og_locale":"es_ES","og_type":"article","og_title":"Volvi\u00f3 a salir el sol - Sergio Lapegue","og_description":"Y por fin lleg\u00f3 uno de los d\u00edas que m\u00e1s esper\u00e9 este a\u00f1o. \u00a1Volvimos a tocar en vivo con\u00a0Lapeband! Y en la calle Corrientes...","og_url":"https:\/\/sergiolapegue.com\/site\/2021\/11\/22\/volvio-a-salir-el-sol\/","og_site_name":"Sergio Lapegue","article_publisher":"https:\/\/facebook.com\/sergiolapegue","article_author":"https:\/\/facebook.com\/sergiolapegue","article_published_time":"2021-11-22T20:01:23+00:00","article_modified_time":"2021-11-22T20:01:24+00:00","og_image":[{"width":2560,"height":1707,"url":"https:\/\/sergiolapegue.com\/site\/wp-content\/uploads\/2021\/11\/lapebanbbbb-1-scaled.jpg","type":"image\/jpeg"}],"author":"Sergio Lapegue","twitter_card":"summary_large_image","twitter_creator":"@https:\/\/twitter.com\/sergiolapegue","twitter_site":"@sergiolapegue","twitter_misc":{"Escrito por":"Sergio Lapegue","Tiempo de lectura":"2 minutos"},"schema":{"@context":"https:\/\/schema.org","@graph":[{"@type":"Article","@id":"https:\/\/sergiolapegue.com\/site\/2021\/11\/22\/volvio-a-salir-el-sol\/#article","isPartOf":{"@id":"https:\/\/sergiolapegue.com\/site\/2021\/11\/22\/volvio-a-salir-el-sol\/"},"author":{"name":"Sergio Lapegue","@id":"https:\/\/sergiolapegue.com\/site\/#\/schema\/person\/083aeceeb0734cd166779ea6c0551a37"},"headline":"Volvi\u00f3 a salir el sol","datePublished":"2021-11-22T20:01:23+00:00","dateModified":"2021-11-22T20:01:24+00:00","mainEntityOfPage":{"@id":"https:\/\/sergiolapegue.com\/site\/2021\/11\/22\/volvio-a-salir-el-sol\/"},"wordCount":310,"publisher":{"@id":"https:\/\/sergiolapegue.com\/site\/#\/schema\/person\/083aeceeb0734cd166779ea6c0551a37"},"image":{"@id":"https:\/\/sergiolapegue.com\/site\/2021\/11\/22\/volvio-a-salir-el-sol\/#primaryimage"},"thumbnailUrl":"https:\/\/sergiolapegue.com\/site\/wp-content\/uploads\/2021\/11\/lapebanbbbb-1-scaled.jpg","keywords":["lapeband","Sergio Lapeg\u00fce"],"articleSection":["De Pu\u00f1o y Letra"],"inLanguage":"es-AR"},{"@type":"WebPage","@id":"https:\/\/sergiolapegue.com\/site\/2021\/11\/22\/volvio-a-salir-el-sol\/","url":"https:\/\/sergiolapegue.com\/site\/2021\/11\/22\/volvio-a-salir-el-sol\/","name":"Volvi\u00f3 a salir el sol - Sergio Lapegue","isPartOf":{"@id":"https:\/\/sergiolapegue.com\/site\/#website"},"primaryImageOfPage":{"@id":"https:\/\/sergiolapegue.com\/site\/2021\/11\/22\/volvio-a-salir-el-sol\/#primaryimage"},"image":{"@id":"https:\/\/sergiolapegue.com\/site\/2021\/11\/22\/volvio-a-salir-el-sol\/#primaryimage"},"thumbnailUrl":"https:\/\/sergiolapegue.com\/site\/wp-content\/uploads\/2021\/11\/lapebanbbbb-1-scaled.jpg","datePublished":"2021-11-22T20:01:23+00:00","dateModified":"2021-11-22T20:01:24+00:00","description":"Y por fin lleg\u00f3 uno de los d\u00edas que m\u00e1s esper\u00e9 este a\u00f1o. \u00a1Volvimos a tocar en vivo con\u00a0Lapeband! Y en la calle Corrientes...","breadcrumb":{"@id":"https:\/\/sergiolapegue.com\/site\/2021\/11\/22\/volvio-a-salir-el-sol\/#breadcrumb"},"inLanguage":"es-AR","potentialAction":[{"@type":"ReadAction","target":["https:\/\/sergiolapegue.com\/site\/2021\/11\/22\/volvio-a-salir-el-sol\/"]}]},{"@type":"ImageObject","inLanguage":"es-AR","@id":"https:\/\/sergiolapegue.com\/site\/2021\/11\/22\/volvio-a-salir-el-sol\/#primaryimage","url":"https:\/\/sergiolapegue.com\/site\/wp-content\/uploads\/2021\/11\/lapebanbbbb-1-scaled.jpg","contentUrl":"https:\/\/sergiolapegue.com\/site\/wp-content\/uploads\/2021\/11\/lapebanbbbb-1-scaled.jpg","width":2560,"height":1707},{"@type":"BreadcrumbList","@id":"https:\/\/sergiolapegue.com\/site\/2021\/11\/22\/volvio-a-salir-el-sol\/#breadcrumb","itemListElement":[{"@type":"ListItem","position":1,"name":"Inicio","item":"https:\/\/sergiolapegue.com\/site\/"},{"@type":"ListItem","position":2,"name":"Volvi\u00f3 a salir el sol"}]},{"@type":"WebSite","@id":"https:\/\/sergiolapegue.com\/site\/#website","url":"https:\/\/sergiolapegue.com\/site\/","name":"Sergio Lapegue","description":"Periodista","publisher":{"@id":"https:\/\/sergiolapegue.com\/site\/#\/schema\/person\/083aeceeb0734cd166779ea6c0551a37"},"potentialAction":[{"@type":"SearchAction","target":{"@type":"EntryPoint","urlTemplate":"https:\/\/sergiolapegue.com\/site\/?s={search_term_string}"},"query-input":{"@type":"PropertyValueSpecification","valueRequired":true,"valueName":"search_term_string"}}],"inLanguage":"es-AR"},{"@type":["Person","Organization"],"@id":"https:\/\/sergiolapegue.com\/site\/#\/schema\/person\/083aeceeb0734cd166779ea6c0551a37","name":"Sergio Lapegue","image":{"@type":"ImageObject","inLanguage":"es-AR","@id":"https:\/\/sergiolapegue.com\/site\/wp-content\/uploads\/2021\/04\/logo_header-1.png","url":"https:\/\/sergiolapegue.com\/site\/wp-content\/uploads\/2021\/04\/logo_header-1.png","contentUrl":"https:\/\/sergiolapegue.com\/site\/wp-content\/uploads\/2021\/04\/logo_header-1.png","width":272,"height":90,"caption":"Sergio Lapegue"},"logo":{"@id":"https:\/\/sergiolapegue.com\/site\/wp-content\/uploads\/2021\/04\/logo_header-1.png"},"sameAs":["https:\/\/facebook.com\/sergiolapegue","https:\/\/instagram.com\/sergiolapegue","https:\/\/x.com\/https:\/\/twitter.com\/sergiolapegue"],"url":"https:\/\/sergiolapegue.com\/site\/author\/sergio\/"}]}},"_links":{"self":[{"href":"https:\/\/sergiolapegue.com\/site\/wp-json\/wp\/v2\/posts\/2705","targetHints":{"allow":["GET"]}}],"collection":[{"href":"https:\/\/sergiolapegue.com\/site\/wp-json\/wp\/v2\/posts"}],"about":[{"href":"https:\/\/sergiolapegue.com\/site\/wp-json\/wp\/v2\/types\/post"}],"author":[{"embeddable":true,"href":"https:\/\/sergiolapegue.com\/site\/wp-json\/wp\/v2\/users\/6"}],"replies":[{"embeddable":true,"href":"https:\/\/sergiolapegue.com\/site\/wp-json\/wp\/v2\/comments?post=2705"}],"version-history":[{"count":1,"href":"https:\/\/sergiolapegue.com\/site\/wp-json\/wp\/v2\/posts\/2705\/revisions"}],"predecessor-version":[{"id":2711,"href":"https:\/\/sergiolapegue.com\/site\/wp-json\/wp\/v2\/posts\/2705\/revisions\/2711"}],"wp:featuredmedia":[{"embeddable":true,"href":"https:\/\/sergiolapegue.com\/site\/wp-json\/wp\/v2\/media\/2709"}],"wp:attachment":[{"href":"https:\/\/sergiolapegue.com\/site\/wp-json\/wp\/v2\/media?parent=2705"}],"wp:term":[{"taxonomy":"category","embeddable":true,"href":"https:\/\/sergiolapegue.com\/site\/wp-json\/wp\/v2\/categories?post=2705"},{"taxonomy":"post_tag","embeddable":true,"href":"https:\/\/sergiolapegue.com\/site\/wp-json\/wp\/v2\/tags?post=2705"}],"curies":[{"name":"wp","href":"https:\/\/api.w.org\/{rel}","templated":true}]}}