{"id":27027,"date":"2025-12-01T15:52:00","date_gmt":"2025-12-01T18:52:00","guid":{"rendered":"https:\/\/sergiolapegue.com\/site\/?p=27027"},"modified":"2025-11-28T19:56:13","modified_gmt":"2025-11-28T22:56:13","slug":"vuelve-la-feria-del-mercado","status":"publish","type":"post","link":"https:\/\/sergiolapegue.com\/site\/2025\/12\/01\/vuelve-la-feria-del-mercado\/","title":{"rendered":"Vuelve la feria del mercado"},"content":{"rendered":"\n<p><strong>La Feria del Mercado<\/strong> celebra su Octava edici\u00f3n el pr\u00f3ximo <strong>viernes 5 de diciembre<\/strong> de <strong>20:30 a 00:30 horas<\/strong> en el<a href=\"https:\/\/www.instagram.com\/bernardinorestaurant\/\"> Restaurante Bernardino,<\/a> dentro del Hotel Esplendor Tango by Wyndham <strong>&#8211; Rivadavia 947, Caba- <\/strong>. La misma reunir\u00e1 a destacados <strong>productores, en\u00f3logos<\/strong> y sommeliers.<\/p>\n\n\n\n<p>Este encuentro propone cerrar el a\u00f1o con varias propuestas como la degustaci\u00f3n libre de vinos, degustaci\u00f3n de quesos. Y un espacio l\u00fadico en donde los presentes podr\u00e1n jugar al <strong>Wine Casino<\/strong> ( el juego consiste en que cada jugador adivina a ciegas varios vinos tratando de adivinar sus caracter\u00edsticas y apuesta fichas que regala la casa.El ganador se llevar\u00e1 grandes premios.&nbsp;<\/p>\n\n\n\n<p>Adem\u00e1s para los que resuenen con la propuesta habr\u00e1 una mesa con tiradas de <strong>TAROT <\/strong>y como siempre importantes<strong> sorteos.<\/strong><\/p>\n\n\n\n<p><strong>La Feria del Mercado<\/strong> es el primer espacio que promueve el encuentro entre quienes hacen el vino y quienes lo disfrutan, poniendo en valor el trabajo de bodegas y proyectos de todo el pa\u00eds.<\/p>\n\n\n\n<p>Elformato de la feria, adem\u00e1s de incluir la degustaci\u00f3n de vinos,\u00a0 espumantes, pet nats y distintas variedades de bebidas. Asimismo, se podr\u00e1n comprar vinos de cada bodega de la mano de cada productor.\u00a0<\/p>\n\n\n\n<p>Para completar una propuesta de calidad, hay que destacar que la gastronom\u00eda del evento estar\u00e1 a cargo del reconocido chef<strong> Germ\u00e1n Ruberto, <\/strong>con una oferta puntual, apta para cada paladar. Se podr\u00e1n elegir&nbsp; opciones sin Tacc o vegetarianas.<\/p>\n\n\n\n<figure class=\"wp-block-image size-large\"><img loading=\"lazy\" decoding=\"async\" width=\"1024\" height=\"717\" src=\"https:\/\/sergiolapegue.com\/site\/wp-content\/uploads\/2025\/11\/image-1024x717.jpeg\" alt=\"\" class=\"wp-image-27028\" srcset=\"https:\/\/sergiolapegue.com\/site\/wp-content\/uploads\/2025\/11\/image-1024x717.jpeg 1024w, https:\/\/sergiolapegue.com\/site\/wp-content\/uploads\/2025\/11\/image-300x210.jpeg 300w, https:\/\/sergiolapegue.com\/site\/wp-content\/uploads\/2025\/11\/image-768x538.jpeg 768w, https:\/\/sergiolapegue.com\/site\/wp-content\/uploads\/2025\/11\/image-1536x1075.jpeg 1536w, https:\/\/sergiolapegue.com\/site\/wp-content\/uploads\/2025\/11\/image-600x420.jpeg 600w, https:\/\/sergiolapegue.com\/site\/wp-content\/uploads\/2025\/11\/image-696x487.jpeg 696w, https:\/\/sergiolapegue.com\/site\/wp-content\/uploads\/2025\/11\/image-1068x748.jpeg 1068w, https:\/\/sergiolapegue.com\/site\/wp-content\/uploads\/2025\/11\/image.jpeg 1600w\" sizes=\"auto, (max-width: 1024px) 100vw, 1024px\" \/><\/figure>\n\n\n\n<p><strong>&nbsp;Bodegas y proyectos participantes:<\/strong><\/p>\n\n\n\n<p>Bodega Jorge Rubio<\/p>\n\n\n\n<p>Falasco Wines<\/p>\n\n\n\n<p>Bodega Simonassi Lyon<\/p>\n\n\n\n<p>Maldita Santa Wines<\/p>\n\n\n\n<p>Bodega uxmal&nbsp;&nbsp;<\/p>\n\n\n\n<p>Herencia Wines<\/p>\n\n\n\n<p>Vagabundo wines&nbsp;<\/p>\n\n\n\n<p>Bodega Valle de la puerta<\/p>\n\n\n\n<p>Bodega Don Manuel Villafa\u00f1e<\/p>\n\n\n\n<p>Tes\u00f3n wines&nbsp;<\/p>\n\n\n\n<p>Familia Lujan Conesa&nbsp;<\/p>\n\n\n\n<p><strong>Buena Vida state &#8211; distribuidora :&nbsp;<\/strong><\/p>\n\n\n\n<p>Domiciano<\/p>\n\n\n\n<p>Lupa&nbsp;<\/p>\n\n\n\n<p>Bira Wines&nbsp;<\/p>\n\n\n\n<p>Albaflor<\/p>\n\n\n\n<p>Restinga, entre otras&nbsp;<\/p>\n\n\n\n<p><strong>SED distribuidora :&nbsp;&nbsp;<\/strong><\/p>\n\n\n\n<p>13 Cles<\/p>\n\n\n\n<p>Mestizo<\/p>\n\n\n\n<p>Budeguer<\/p>\n\n\n\n<p>Vi\u00f1a Alta<\/p>\n\n\n\n<p>Al Voleo , entre otras&nbsp;<\/p>\n\n\n\n<p>Degustaci\u00f3n de chocolates y aceites de oliva .&nbsp;<\/p>\n\n\n\n<p>Quesos: El Universo Alimentos<\/p>\n\n\n\n<p>Hidrataci\u00f3n a cargo de <a href=\"https:\/\/www.instagram.com\/cimescentral?igsh=azVjeXdicjcwZ2p6\">@cimescentral<\/a><\/p>\n\n\n\n<p>Tarot: <a href=\"https:\/\/www.instagram.com\/labarajadelbuentarot\/\">@labarajadelbuentarot<\/a><\/p>\n\n\n\n<p>La organizaci\u00f3n est\u00e1 a cargo de Guadalupe Pazos, sommelier y agente de prensa especializada en enogastronom\u00eda, y de Daniel Zeitun, periodista y comunicador del mundo del vino.<\/p>\n\n\n\n<p>Valor de la entrada con descuento:$25.000 &#8211; luego $35.000 &#8211;&nbsp;<\/p>\n\n\n\n<p>Medios de pago:<a href=\"https:\/\/www.passline.com\/eventos\/la-feria-del-mercado-edicion-fin-de-ano?utm_source=ig&amp;utm_medium=social&amp;utm_content=link_in_bio&amp;fbclid=PAZXh0bgNhZW0CMTEAc3J0YwZhcHBfaWQMMjU2MjgxMDQwNTU4AAGnsz_saL2WH_lRm5hFSxuKlsTJQ61YHRPga2aFVFwkI_OI6s4krASNMHM7gOY_aem_O6dTcgil3gYLw9sKOQPFbQ&amp;brid=sskJtWbOuxeP52S9bQv0Nw\">Passline<\/a>\u00a0 o Transferencia bancaria via instagram.\u00a0 <\/p>\n\n\n\n<p>IG:\u00a0 \u00a0@laferiadelmercado<\/p>\n\n\n\n<p><strong>Guadalupe Pazos:<\/strong> 1150176030<\/p>\n\n\n\n<p><\/p>\n","protected":false},"excerpt":{"rendered":"<p>La Feria del Mercado celebra su Octava edici\u00f3n el pr\u00f3ximo viernes 5 de diciembre de 20:30 a 00:30 horas en el Restaurante Bernardino, dentro del Hotel Esplendor Tango by Wyndham &#8211; Rivadavia 947, Caba- . La misma reunir\u00e1 a destacados productores, en\u00f3logos y sommeliers. Este encuentro propone cerrar el a\u00f1o con varias propuestas como la [&hellip;]<\/p>\n","protected":false},"author":4,"featured_media":27029,"comment_status":"closed","ping_status":"closed","sticky":false,"template":"","format":"standard","meta":{"footnotes":""},"categories":[3775],"tags":[2252,1355,1468,976,4599,2905,4600,99],"class_list":{"0":"post-27027","1":"post","2":"type-post","3":"status-publish","4":"format-standard","5":"has-post-thumbnail","7":"category-breuvage","8":"tag-feria","9":"tag-malbec","10":"tag-mercado","11":"tag-premios","12":"tag-productores","13":"tag-tarot","14":"tag-vined","15":"tag-vino"},"yoast_head":"<!-- This site is optimized with the Yoast SEO plugin v27.4 - https:\/\/yoast.com\/product\/yoast-seo-wordpress\/ -->\n<title>Vuelve la feria del mercado - Sergio Lapegue<\/title>\n<meta name=\"robots\" content=\"index, follow, max-snippet:-1, max-image-preview:large, max-video-preview:-1\" \/>\n<link rel=\"canonical\" href=\"https:\/\/sergiolapegue.com\/site\/2025\/12\/01\/vuelve-la-feria-del-mercado\/\" \/>\n<meta property=\"og:locale\" content=\"es_ES\" \/>\n<meta property=\"og:type\" content=\"article\" \/>\n<meta property=\"og:title\" content=\"Vuelve la feria del mercado - Sergio Lapegue\" \/>\n<meta property=\"og:description\" content=\"La Feria del Mercado celebra su Octava edici\u00f3n el pr\u00f3ximo viernes 5 de diciembre de 20:30 a 00:30 horas en el Restaurante Bernardino, dentro del Hotel Esplendor Tango by Wyndham &#8211; Rivadavia 947, Caba- . La misma reunir\u00e1 a destacados productores, en\u00f3logos y sommeliers. Este encuentro propone cerrar el a\u00f1o con varias propuestas como la [&hellip;]\" \/>\n<meta property=\"og:url\" content=\"https:\/\/sergiolapegue.com\/site\/2025\/12\/01\/vuelve-la-feria-del-mercado\/\" \/>\n<meta property=\"og:site_name\" content=\"Sergio Lapegue\" \/>\n<meta property=\"article:publisher\" content=\"https:\/\/facebook.com\/sergiolapegue\" \/>\n<meta property=\"article:published_time\" content=\"2025-12-01T18:52:00+00:00\" \/>\n<meta property=\"og:image\" content=\"https:\/\/sergiolapegue.com\/site\/wp-content\/uploads\/2025\/11\/la-feria-del-mercado01.png\" \/>\n\t<meta property=\"og:image:width\" content=\"941\" \/>\n\t<meta property=\"og:image:height\" content=\"628\" \/>\n\t<meta property=\"og:image:type\" content=\"image\/png\" \/>\n<meta name=\"author\" content=\"Leonardo Monta\u00f1a\" \/>\n<meta name=\"twitter:card\" content=\"summary_large_image\" \/>\n<meta name=\"twitter:creator\" content=\"@https:\/\/twitter.com\/soytoto81\" \/>\n<meta name=\"twitter:site\" content=\"@sergiolapegue\" \/>\n<meta name=\"twitter:label1\" content=\"Escrito por\" \/>\n\t<meta name=\"twitter:data1\" content=\"Leonardo Monta\u00f1a\" \/>\n\t<meta name=\"twitter:label2\" content=\"Tiempo de lectura\" \/>\n\t<meta name=\"twitter:data2\" content=\"3 minutos\" \/>\n<script type=\"application\/ld+json\" class=\"yoast-schema-graph\">{\"@context\":\"https:\\\/\\\/schema.org\",\"@graph\":[{\"@type\":\"Article\",\"@id\":\"https:\\\/\\\/sergiolapegue.com\\\/site\\\/2025\\\/12\\\/01\\\/vuelve-la-feria-del-mercado\\\/#article\",\"isPartOf\":{\"@id\":\"https:\\\/\\\/sergiolapegue.com\\\/site\\\/2025\\\/12\\\/01\\\/vuelve-la-feria-del-mercado\\\/\"},\"author\":{\"name\":\"Leonardo Monta\u00f1a\",\"@id\":\"https:\\\/\\\/sergiolapegue.com\\\/site\\\/#\\\/schema\\\/person\\\/00adf937d010c7f79a180dc4916a40e0\"},\"headline\":\"Vuelve la feria del mercado\",\"datePublished\":\"2025-12-01T18:52:00+00:00\",\"mainEntityOfPage\":{\"@id\":\"https:\\\/\\\/sergiolapegue.com\\\/site\\\/2025\\\/12\\\/01\\\/vuelve-la-feria-del-mercado\\\/\"},\"wordCount\":397,\"publisher\":{\"@id\":\"https:\\\/\\\/sergiolapegue.com\\\/site\\\/#\\\/schema\\\/person\\\/083aeceeb0734cd166779ea6c0551a37\"},\"image\":{\"@id\":\"https:\\\/\\\/sergiolapegue.com\\\/site\\\/2025\\\/12\\\/01\\\/vuelve-la-feria-del-mercado\\\/#primaryimage\"},\"thumbnailUrl\":\"https:\\\/\\\/sergiolapegue.com\\\/site\\\/wp-content\\\/uploads\\\/2025\\\/11\\\/la-feria-del-mercado01.png\",\"keywords\":[\"feria\",\"malbec\",\"mercado\",\"premios\",\"productores\",\"tarot\",\"vi\u00f1ed\",\"vino\"],\"articleSection\":[\"Breuvage\"],\"inLanguage\":\"es-AR\"},{\"@type\":\"WebPage\",\"@id\":\"https:\\\/\\\/sergiolapegue.com\\\/site\\\/2025\\\/12\\\/01\\\/vuelve-la-feria-del-mercado\\\/\",\"url\":\"https:\\\/\\\/sergiolapegue.com\\\/site\\\/2025\\\/12\\\/01\\\/vuelve-la-feria-del-mercado\\\/\",\"name\":\"Vuelve la feria del mercado - Sergio Lapegue\",\"isPartOf\":{\"@id\":\"https:\\\/\\\/sergiolapegue.com\\\/site\\\/#website\"},\"primaryImageOfPage\":{\"@id\":\"https:\\\/\\\/sergiolapegue.com\\\/site\\\/2025\\\/12\\\/01\\\/vuelve-la-feria-del-mercado\\\/#primaryimage\"},\"image\":{\"@id\":\"https:\\\/\\\/sergiolapegue.com\\\/site\\\/2025\\\/12\\\/01\\\/vuelve-la-feria-del-mercado\\\/#primaryimage\"},\"thumbnailUrl\":\"https:\\\/\\\/sergiolapegue.com\\\/site\\\/wp-content\\\/uploads\\\/2025\\\/11\\\/la-feria-del-mercado01.png\",\"datePublished\":\"2025-12-01T18:52:00+00:00\",\"breadcrumb\":{\"@id\":\"https:\\\/\\\/sergiolapegue.com\\\/site\\\/2025\\\/12\\\/01\\\/vuelve-la-feria-del-mercado\\\/#breadcrumb\"},\"inLanguage\":\"es-AR\",\"potentialAction\":[{\"@type\":\"ReadAction\",\"target\":[\"https:\\\/\\\/sergiolapegue.com\\\/site\\\/2025\\\/12\\\/01\\\/vuelve-la-feria-del-mercado\\\/\"]}]},{\"@type\":\"ImageObject\",\"inLanguage\":\"es-AR\",\"@id\":\"https:\\\/\\\/sergiolapegue.com\\\/site\\\/2025\\\/12\\\/01\\\/vuelve-la-feria-del-mercado\\\/#primaryimage\",\"url\":\"https:\\\/\\\/sergiolapegue.com\\\/site\\\/wp-content\\\/uploads\\\/2025\\\/11\\\/la-feria-del-mercado01.png\",\"contentUrl\":\"https:\\\/\\\/sergiolapegue.com\\\/site\\\/wp-content\\\/uploads\\\/2025\\\/11\\\/la-feria-del-mercado01.png\",\"width\":941,\"height\":628},{\"@type\":\"BreadcrumbList\",\"@id\":\"https:\\\/\\\/sergiolapegue.com\\\/site\\\/2025\\\/12\\\/01\\\/vuelve-la-feria-del-mercado\\\/#breadcrumb\",\"itemListElement\":[{\"@type\":\"ListItem\",\"position\":1,\"name\":\"Inicio\",\"item\":\"https:\\\/\\\/sergiolapegue.com\\\/site\\\/\"},{\"@type\":\"ListItem\",\"position\":2,\"name\":\"Vuelve la feria del mercado\"}]},{\"@type\":\"WebSite\",\"@id\":\"https:\\\/\\\/sergiolapegue.com\\\/site\\\/#website\",\"url\":\"https:\\\/\\\/sergiolapegue.com\\\/site\\\/\",\"name\":\"Sergio Lapegue\",\"description\":\"Periodista\",\"publisher\":{\"@id\":\"https:\\\/\\\/sergiolapegue.com\\\/site\\\/#\\\/schema\\\/person\\\/083aeceeb0734cd166779ea6c0551a37\"},\"potentialAction\":[{\"@type\":\"SearchAction\",\"target\":{\"@type\":\"EntryPoint\",\"urlTemplate\":\"https:\\\/\\\/sergiolapegue.com\\\/site\\\/?s={search_term_string}\"},\"query-input\":{\"@type\":\"PropertyValueSpecification\",\"valueRequired\":true,\"valueName\":\"search_term_string\"}}],\"inLanguage\":\"es-AR\"},{\"@type\":[\"Person\",\"Organization\"],\"@id\":\"https:\\\/\\\/sergiolapegue.com\\\/site\\\/#\\\/schema\\\/person\\\/083aeceeb0734cd166779ea6c0551a37\",\"name\":\"Sergio Lapegue\",\"image\":{\"@type\":\"ImageObject\",\"inLanguage\":\"es-AR\",\"@id\":\"https:\\\/\\\/sergiolapegue.com\\\/site\\\/wp-content\\\/uploads\\\/2021\\\/04\\\/logo_header-1.png\",\"url\":\"https:\\\/\\\/sergiolapegue.com\\\/site\\\/wp-content\\\/uploads\\\/2021\\\/04\\\/logo_header-1.png\",\"contentUrl\":\"https:\\\/\\\/sergiolapegue.com\\\/site\\\/wp-content\\\/uploads\\\/2021\\\/04\\\/logo_header-1.png\",\"width\":272,\"height\":90,\"caption\":\"Sergio Lapegue\"},\"logo\":{\"@id\":\"https:\\\/\\\/sergiolapegue.com\\\/site\\\/wp-content\\\/uploads\\\/2021\\\/04\\\/logo_header-1.png\"},\"sameAs\":[\"https:\\\/\\\/facebook.com\\\/sergiolapegue\",\"https:\\\/\\\/instagram.com\\\/sergiolapegue\",\"https:\\\/\\\/x.com\\\/https:\\\/\\\/twitter.com\\\/sergiolapegue\"]},{\"@type\":\"Person\",\"@id\":\"https:\\\/\\\/sergiolapegue.com\\\/site\\\/#\\\/schema\\\/person\\\/00adf937d010c7f79a180dc4916a40e0\",\"name\":\"Leonardo Monta\u00f1a\",\"image\":{\"@type\":\"ImageObject\",\"inLanguage\":\"es-AR\",\"@id\":\"https:\\\/\\\/sergiolapegue.com\\\/site\\\/wp-content\\\/uploads\\\/2021\\\/04\\\/sl_avatar_Leonardo-150x150.jpg\",\"url\":\"https:\\\/\\\/sergiolapegue.com\\\/site\\\/wp-content\\\/uploads\\\/2021\\\/04\\\/sl_avatar_Leonardo-150x150.jpg\",\"contentUrl\":\"https:\\\/\\\/sergiolapegue.com\\\/site\\\/wp-content\\\/uploads\\\/2021\\\/04\\\/sl_avatar_Leonardo-150x150.jpg\",\"caption\":\"Leonardo Monta\u00f1a\"},\"sameAs\":[\"https:\\\/\\\/x.com\\\/https:\\\/\\\/twitter.com\\\/soytoto81\"],\"url\":\"https:\\\/\\\/sergiolapegue.com\\\/site\\\/author\\\/leonardo\\\/\"}]}<\/script>\n<!-- \/ Yoast SEO plugin. -->","yoast_head_json":{"title":"Vuelve la feria del mercado - Sergio Lapegue","robots":{"index":"index","follow":"follow","max-snippet":"max-snippet:-1","max-image-preview":"max-image-preview:large","max-video-preview":"max-video-preview:-1"},"canonical":"https:\/\/sergiolapegue.com\/site\/2025\/12\/01\/vuelve-la-feria-del-mercado\/","og_locale":"es_ES","og_type":"article","og_title":"Vuelve la feria del mercado - Sergio Lapegue","og_description":"La Feria del Mercado celebra su Octava edici\u00f3n el pr\u00f3ximo viernes 5 de diciembre de 20:30 a 00:30 horas en el Restaurante Bernardino, dentro del Hotel Esplendor Tango by Wyndham &#8211; Rivadavia 947, Caba- . La misma reunir\u00e1 a destacados productores, en\u00f3logos y sommeliers. Este encuentro propone cerrar el a\u00f1o con varias propuestas como la [&hellip;]","og_url":"https:\/\/sergiolapegue.com\/site\/2025\/12\/01\/vuelve-la-feria-del-mercado\/","og_site_name":"Sergio Lapegue","article_publisher":"https:\/\/facebook.com\/sergiolapegue","article_published_time":"2025-12-01T18:52:00+00:00","og_image":[{"width":941,"height":628,"url":"https:\/\/sergiolapegue.com\/site\/wp-content\/uploads\/2025\/11\/la-feria-del-mercado01.png","type":"image\/png"}],"author":"Leonardo Monta\u00f1a","twitter_card":"summary_large_image","twitter_creator":"@https:\/\/twitter.com\/soytoto81","twitter_site":"@sergiolapegue","twitter_misc":{"Escrito por":"Leonardo Monta\u00f1a","Tiempo de lectura":"3 minutos"},"schema":{"@context":"https:\/\/schema.org","@graph":[{"@type":"Article","@id":"https:\/\/sergiolapegue.com\/site\/2025\/12\/01\/vuelve-la-feria-del-mercado\/#article","isPartOf":{"@id":"https:\/\/sergiolapegue.com\/site\/2025\/12\/01\/vuelve-la-feria-del-mercado\/"},"author":{"name":"Leonardo Monta\u00f1a","@id":"https:\/\/sergiolapegue.com\/site\/#\/schema\/person\/00adf937d010c7f79a180dc4916a40e0"},"headline":"Vuelve la feria del mercado","datePublished":"2025-12-01T18:52:00+00:00","mainEntityOfPage":{"@id":"https:\/\/sergiolapegue.com\/site\/2025\/12\/01\/vuelve-la-feria-del-mercado\/"},"wordCount":397,"publisher":{"@id":"https:\/\/sergiolapegue.com\/site\/#\/schema\/person\/083aeceeb0734cd166779ea6c0551a37"},"image":{"@id":"https:\/\/sergiolapegue.com\/site\/2025\/12\/01\/vuelve-la-feria-del-mercado\/#primaryimage"},"thumbnailUrl":"https:\/\/sergiolapegue.com\/site\/wp-content\/uploads\/2025\/11\/la-feria-del-mercado01.png","keywords":["feria","malbec","mercado","premios","productores","tarot","vi\u00f1ed","vino"],"articleSection":["Breuvage"],"inLanguage":"es-AR"},{"@type":"WebPage","@id":"https:\/\/sergiolapegue.com\/site\/2025\/12\/01\/vuelve-la-feria-del-mercado\/","url":"https:\/\/sergiolapegue.com\/site\/2025\/12\/01\/vuelve-la-feria-del-mercado\/","name":"Vuelve la feria del mercado - Sergio Lapegue","isPartOf":{"@id":"https:\/\/sergiolapegue.com\/site\/#website"},"primaryImageOfPage":{"@id":"https:\/\/sergiolapegue.com\/site\/2025\/12\/01\/vuelve-la-feria-del-mercado\/#primaryimage"},"image":{"@id":"https:\/\/sergiolapegue.com\/site\/2025\/12\/01\/vuelve-la-feria-del-mercado\/#primaryimage"},"thumbnailUrl":"https:\/\/sergiolapegue.com\/site\/wp-content\/uploads\/2025\/11\/la-feria-del-mercado01.png","datePublished":"2025-12-01T18:52:00+00:00","breadcrumb":{"@id":"https:\/\/sergiolapegue.com\/site\/2025\/12\/01\/vuelve-la-feria-del-mercado\/#breadcrumb"},"inLanguage":"es-AR","potentialAction":[{"@type":"ReadAction","target":["https:\/\/sergiolapegue.com\/site\/2025\/12\/01\/vuelve-la-feria-del-mercado\/"]}]},{"@type":"ImageObject","inLanguage":"es-AR","@id":"https:\/\/sergiolapegue.com\/site\/2025\/12\/01\/vuelve-la-feria-del-mercado\/#primaryimage","url":"https:\/\/sergiolapegue.com\/site\/wp-content\/uploads\/2025\/11\/la-feria-del-mercado01.png","contentUrl":"https:\/\/sergiolapegue.com\/site\/wp-content\/uploads\/2025\/11\/la-feria-del-mercado01.png","width":941,"height":628},{"@type":"BreadcrumbList","@id":"https:\/\/sergiolapegue.com\/site\/2025\/12\/01\/vuelve-la-feria-del-mercado\/#breadcrumb","itemListElement":[{"@type":"ListItem","position":1,"name":"Inicio","item":"https:\/\/sergiolapegue.com\/site\/"},{"@type":"ListItem","position":2,"name":"Vuelve la feria del mercado"}]},{"@type":"WebSite","@id":"https:\/\/sergiolapegue.com\/site\/#website","url":"https:\/\/sergiolapegue.com\/site\/","name":"Sergio Lapegue","description":"Periodista","publisher":{"@id":"https:\/\/sergiolapegue.com\/site\/#\/schema\/person\/083aeceeb0734cd166779ea6c0551a37"},"potentialAction":[{"@type":"SearchAction","target":{"@type":"EntryPoint","urlTemplate":"https:\/\/sergiolapegue.com\/site\/?s={search_term_string}"},"query-input":{"@type":"PropertyValueSpecification","valueRequired":true,"valueName":"search_term_string"}}],"inLanguage":"es-AR"},{"@type":["Person","Organization"],"@id":"https:\/\/sergiolapegue.com\/site\/#\/schema\/person\/083aeceeb0734cd166779ea6c0551a37","name":"Sergio Lapegue","image":{"@type":"ImageObject","inLanguage":"es-AR","@id":"https:\/\/sergiolapegue.com\/site\/wp-content\/uploads\/2021\/04\/logo_header-1.png","url":"https:\/\/sergiolapegue.com\/site\/wp-content\/uploads\/2021\/04\/logo_header-1.png","contentUrl":"https:\/\/sergiolapegue.com\/site\/wp-content\/uploads\/2021\/04\/logo_header-1.png","width":272,"height":90,"caption":"Sergio Lapegue"},"logo":{"@id":"https:\/\/sergiolapegue.com\/site\/wp-content\/uploads\/2021\/04\/logo_header-1.png"},"sameAs":["https:\/\/facebook.com\/sergiolapegue","https:\/\/instagram.com\/sergiolapegue","https:\/\/x.com\/https:\/\/twitter.com\/sergiolapegue"]},{"@type":"Person","@id":"https:\/\/sergiolapegue.com\/site\/#\/schema\/person\/00adf937d010c7f79a180dc4916a40e0","name":"Leonardo Monta\u00f1a","image":{"@type":"ImageObject","inLanguage":"es-AR","@id":"https:\/\/sergiolapegue.com\/site\/wp-content\/uploads\/2021\/04\/sl_avatar_Leonardo-150x150.jpg","url":"https:\/\/sergiolapegue.com\/site\/wp-content\/uploads\/2021\/04\/sl_avatar_Leonardo-150x150.jpg","contentUrl":"https:\/\/sergiolapegue.com\/site\/wp-content\/uploads\/2021\/04\/sl_avatar_Leonardo-150x150.jpg","caption":"Leonardo Monta\u00f1a"},"sameAs":["https:\/\/x.com\/https:\/\/twitter.com\/soytoto81"],"url":"https:\/\/sergiolapegue.com\/site\/author\/leonardo\/"}]}},"_links":{"self":[{"href":"https:\/\/sergiolapegue.com\/site\/wp-json\/wp\/v2\/posts\/27027","targetHints":{"allow":["GET"]}}],"collection":[{"href":"https:\/\/sergiolapegue.com\/site\/wp-json\/wp\/v2\/posts"}],"about":[{"href":"https:\/\/sergiolapegue.com\/site\/wp-json\/wp\/v2\/types\/post"}],"author":[{"embeddable":true,"href":"https:\/\/sergiolapegue.com\/site\/wp-json\/wp\/v2\/users\/4"}],"replies":[{"embeddable":true,"href":"https:\/\/sergiolapegue.com\/site\/wp-json\/wp\/v2\/comments?post=27027"}],"version-history":[{"count":1,"href":"https:\/\/sergiolapegue.com\/site\/wp-json\/wp\/v2\/posts\/27027\/revisions"}],"predecessor-version":[{"id":27030,"href":"https:\/\/sergiolapegue.com\/site\/wp-json\/wp\/v2\/posts\/27027\/revisions\/27030"}],"wp:featuredmedia":[{"embeddable":true,"href":"https:\/\/sergiolapegue.com\/site\/wp-json\/wp\/v2\/media\/27029"}],"wp:attachment":[{"href":"https:\/\/sergiolapegue.com\/site\/wp-json\/wp\/v2\/media?parent=27027"}],"wp:term":[{"taxonomy":"category","embeddable":true,"href":"https:\/\/sergiolapegue.com\/site\/wp-json\/wp\/v2\/categories?post=27027"},{"taxonomy":"post_tag","embeddable":true,"href":"https:\/\/sergiolapegue.com\/site\/wp-json\/wp\/v2\/tags?post=27027"}],"curies":[{"name":"wp","href":"https:\/\/api.w.org\/{rel}","templated":true}]}}