{"id":26966,"date":"2025-11-29T01:00:00","date_gmt":"2025-11-29T04:00:00","guid":{"rendered":"https:\/\/sergiolapegue.com\/site\/?p=26966"},"modified":"2025-11-28T00:53:12","modified_gmt":"2025-11-28T03:53:12","slug":"presentacion-del-libro-nos-gritan-judios-de-mierda-de-david-kavlin-en-el-museo-del-holocausto","status":"publish","type":"post","link":"https:\/\/sergiolapegue.com\/site\/2025\/11\/29\/presentacion-del-libro-nos-gritan-judios-de-mierda-de-david-kavlin-en-el-museo-del-holocausto\/","title":{"rendered":"Presentaci\u00f3n del libro Nos gritan Jud\u00edos de Mierda, de David Kavlin, en el Museo del Holocausto"},"content":{"rendered":"\n<p>En un acto cargado de emoci\u00f3n y reflexi\u00f3n, se present\u00f3 oficialmente en el Museo del Holocausto el libro Nos gritan Jud\u00edos de Mierda, del periodista y conductor David Kavlin. La obra \u2014provocadora, urgente y profundamente actual\u2014 aborda el antisemitismo contempor\u00e1neo y las tensiones identitarias del pueblo jud\u00edo en un contexto global marcado por la intolerancia y los discursos de odio.<\/p>\n\n\n\n<p>Con un auditorio colmado, la actividad cont\u00f3 con la participaci\u00f3n del analista pol\u00edtico Gabriel Slavinsky, quien acompa\u00f1\u00f3 al autor en una conversaci\u00f3n profunda sobre el valor de la memoria, la libertad de pensamiento y la defensa del Estado de Israel frente al avance del antisemitismo.<\/p>\n\n\n\n<p>En su exposici\u00f3n, Kavlin describi\u00f3 su obra como \u201cun intento por hackear el olvido y mostrar el camino de regreso a la identidad\u201d. Nos gritan Jud\u00edos de Mierda narra las historias de seis jud\u00edos dispersos por el mundo que, en distintos momentos, renegaron de su origen o cayeron en los discursos del progresismo antisionista, hasta ser perseguidos no por lo que pensaban, sino por lo que eran: jud\u00edos.<\/p>\n\n\n\n<figure class=\"wp-block-image size-large\"><img loading=\"lazy\" decoding=\"async\" width=\"1024\" height=\"682\" src=\"https:\/\/sergiolapegue.com\/site\/wp-content\/uploads\/2025\/11\/WhatsApp-Image-2025-11-20-at-16.49.45-2-1024x682.jpeg\" alt=\"\" class=\"wp-image-26968\" srcset=\"https:\/\/sergiolapegue.com\/site\/wp-content\/uploads\/2025\/11\/WhatsApp-Image-2025-11-20-at-16.49.45-2-1024x682.jpeg 1024w, https:\/\/sergiolapegue.com\/site\/wp-content\/uploads\/2025\/11\/WhatsApp-Image-2025-11-20-at-16.49.45-2-300x200.jpeg 300w, https:\/\/sergiolapegue.com\/site\/wp-content\/uploads\/2025\/11\/WhatsApp-Image-2025-11-20-at-16.49.45-2-768x512.jpeg 768w, https:\/\/sergiolapegue.com\/site\/wp-content\/uploads\/2025\/11\/WhatsApp-Image-2025-11-20-at-16.49.45-2-630x420.jpeg 630w, https:\/\/sergiolapegue.com\/site\/wp-content\/uploads\/2025\/11\/WhatsApp-Image-2025-11-20-at-16.49.45-2-696x464.jpeg 696w, https:\/\/sergiolapegue.com\/site\/wp-content\/uploads\/2025\/11\/WhatsApp-Image-2025-11-20-at-16.49.45-2-1068x712.jpeg 1068w, https:\/\/sergiolapegue.com\/site\/wp-content\/uploads\/2025\/11\/WhatsApp-Image-2025-11-20-at-16.49.45-2.jpeg 1280w\" sizes=\"auto, (max-width: 1024px) 100vw, 1024px\" \/><\/figure>\n\n\n\n<p>Cada cap\u00edtulo ilumina una historia personal atravesada por hechos reales: atentados, cancelaciones, marchas, redes sociales, fake news y universidades colonizadas por el odio. Todos los caminos \u2014incluso los m\u00e1s contradictorios\u2014 conducen a un mismo destino: Israel como \u00faltimo refugio, como frontera entre el odio y la existencia.<\/p>\n\n\n\n<p>David Jaime Kavlin, nacido en Salta, es licenciado en Ciencias de la Comunicaci\u00f3n por la Universidad Nacional de C\u00f3rdoba. Con una amplia trayectoria en televisi\u00f3n, radio y prensa en Argentina y Am\u00e9rica Latina, ha desarrollado una voz comprometida con la verdad y la defensa de los valores democr\u00e1ticos. Desde los ataques del 7 de octubre de 2023, Kavlin profundiz\u00f3 su compromiso con el sionismo y la lucha contra el antisemitismo, tanto desde su trabajo period\u00edstico como desde la trinchera cultural que representa esta obra.<\/p>\n\n\n\n<p>La presentaci\u00f3n de Nos gritan Jud\u00edos de Mierda se enmarc\u00f3 en una jornada de di\u00e1logo y memoria, reafirmando la<\/p>\n","protected":false},"excerpt":{"rendered":"<p>En un acto cargado de emoci\u00f3n y reflexi\u00f3n, se present\u00f3 oficialmente en el Museo del Holocausto el libro Nos gritan Jud\u00edos de Mierda, del periodista y conductor David Kavlin. La obra \u2014provocadora, urgente y profundamente actual\u2014 aborda el antisemitismo contempor\u00e1neo y las tensiones identitarias del pueblo jud\u00edo en un contexto global marcado por la intolerancia [&hellip;]<\/p>\n","protected":false},"author":3,"featured_media":26967,"comment_status":"closed","ping_status":"closed","sticky":false,"template":"","format":"standard","meta":{"footnotes":""},"categories":[37],"tags":[],"class_list":{"0":"post-26966","1":"post","2":"type-post","3":"status-publish","4":"format-standard","5":"has-post-thumbnail","7":"category-libros"},"yoast_head":"<!-- This site is optimized with the Yoast SEO plugin v27.5 - https:\/\/yoast.com\/product\/yoast-seo-wordpress\/ -->\n<title>Presentaci\u00f3n del libro Nos gritan Jud\u00edos de Mierda, de David Kavlin, en el Museo del Holocausto - Sergio Lapegue<\/title>\n<meta name=\"robots\" content=\"index, follow, max-snippet:-1, max-image-preview:large, max-video-preview:-1\" \/>\n<link rel=\"canonical\" href=\"https:\/\/sergiolapegue.com\/site\/2025\/11\/29\/presentacion-del-libro-nos-gritan-judios-de-mierda-de-david-kavlin-en-el-museo-del-holocausto\/\" \/>\n<meta property=\"og:locale\" content=\"es_ES\" \/>\n<meta property=\"og:type\" content=\"article\" \/>\n<meta property=\"og:title\" content=\"Presentaci\u00f3n del libro Nos gritan Jud\u00edos de Mierda, de David Kavlin, en el Museo del Holocausto - Sergio Lapegue\" \/>\n<meta property=\"og:description\" content=\"En un acto cargado de emoci\u00f3n y reflexi\u00f3n, se present\u00f3 oficialmente en el Museo del Holocausto el libro Nos gritan Jud\u00edos de Mierda, del periodista y conductor David Kavlin. La obra \u2014provocadora, urgente y profundamente actual\u2014 aborda el antisemitismo contempor\u00e1neo y las tensiones identitarias del pueblo jud\u00edo en un contexto global marcado por la intolerancia [&hellip;]\" \/>\n<meta property=\"og:url\" content=\"https:\/\/sergiolapegue.com\/site\/2025\/11\/29\/presentacion-del-libro-nos-gritan-judios-de-mierda-de-david-kavlin-en-el-museo-del-holocausto\/\" \/>\n<meta property=\"og:site_name\" content=\"Sergio Lapegue\" \/>\n<meta property=\"article:publisher\" content=\"https:\/\/facebook.com\/sergiolapegue\" \/>\n<meta property=\"article:author\" content=\"https:\/\/facebook.com\/danielernesto.montana\" \/>\n<meta property=\"article:published_time\" content=\"2025-11-29T04:00:00+00:00\" \/>\n<meta property=\"og:image\" content=\"https:\/\/sergiolapegue.com\/site\/wp-content\/uploads\/2025\/11\/WhatsApp-Image-2025-11-20-at-16.49.45-3.jpeg\" \/>\n\t<meta property=\"og:image:width\" content=\"1280\" \/>\n\t<meta property=\"og:image:height\" content=\"960\" \/>\n\t<meta property=\"og:image:type\" content=\"image\/jpeg\" \/>\n<meta name=\"author\" content=\"Daniel E. Monta\u00f1a\" \/>\n<meta name=\"twitter:card\" content=\"summary_large_image\" \/>\n<meta name=\"twitter:creator\" content=\"@https:\/\/twitter.com\/daner_004\" \/>\n<meta name=\"twitter:site\" content=\"@sergiolapegue\" \/>\n<meta name=\"twitter:label1\" content=\"Escrito por\" \/>\n\t<meta name=\"twitter:data1\" content=\"Daniel E. Monta\u00f1a\" \/>\n\t<meta name=\"twitter:label2\" content=\"Tiempo de lectura\" \/>\n\t<meta name=\"twitter:data2\" content=\"2 minutos\" \/>\n<script type=\"application\/ld+json\" class=\"yoast-schema-graph\">{\"@context\":\"https:\\\/\\\/schema.org\",\"@graph\":[{\"@type\":\"Article\",\"@id\":\"https:\\\/\\\/sergiolapegue.com\\\/site\\\/2025\\\/11\\\/29\\\/presentacion-del-libro-nos-gritan-judios-de-mierda-de-david-kavlin-en-el-museo-del-holocausto\\\/#article\",\"isPartOf\":{\"@id\":\"https:\\\/\\\/sergiolapegue.com\\\/site\\\/2025\\\/11\\\/29\\\/presentacion-del-libro-nos-gritan-judios-de-mierda-de-david-kavlin-en-el-museo-del-holocausto\\\/\"},\"author\":{\"name\":\"Daniel E. Monta\u00f1a\",\"@id\":\"https:\\\/\\\/sergiolapegue.com\\\/site\\\/#\\\/schema\\\/person\\\/9198e7dbab43c6d74d0fd5399af7c3cd\"},\"headline\":\"Presentaci\u00f3n del libro Nos gritan Jud\u00edos de Mierda, de David Kavlin, en el Museo del Holocausto\",\"datePublished\":\"2025-11-29T04:00:00+00:00\",\"mainEntityOfPage\":{\"@id\":\"https:\\\/\\\/sergiolapegue.com\\\/site\\\/2025\\\/11\\\/29\\\/presentacion-del-libro-nos-gritan-judios-de-mierda-de-david-kavlin-en-el-museo-del-holocausto\\\/\"},\"wordCount\":362,\"publisher\":{\"@id\":\"https:\\\/\\\/sergiolapegue.com\\\/site\\\/#\\\/schema\\\/person\\\/083aeceeb0734cd166779ea6c0551a37\"},\"image\":{\"@id\":\"https:\\\/\\\/sergiolapegue.com\\\/site\\\/2025\\\/11\\\/29\\\/presentacion-del-libro-nos-gritan-judios-de-mierda-de-david-kavlin-en-el-museo-del-holocausto\\\/#primaryimage\"},\"thumbnailUrl\":\"https:\\\/\\\/sergiolapegue.com\\\/site\\\/wp-content\\\/uploads\\\/2025\\\/11\\\/WhatsApp-Image-2025-11-20-at-16.49.45-3.jpeg\",\"articleSection\":[\"Libros\"],\"inLanguage\":\"es-AR\"},{\"@type\":\"WebPage\",\"@id\":\"https:\\\/\\\/sergiolapegue.com\\\/site\\\/2025\\\/11\\\/29\\\/presentacion-del-libro-nos-gritan-judios-de-mierda-de-david-kavlin-en-el-museo-del-holocausto\\\/\",\"url\":\"https:\\\/\\\/sergiolapegue.com\\\/site\\\/2025\\\/11\\\/29\\\/presentacion-del-libro-nos-gritan-judios-de-mierda-de-david-kavlin-en-el-museo-del-holocausto\\\/\",\"name\":\"Presentaci\u00f3n del libro Nos gritan Jud\u00edos de Mierda, de David Kavlin, en el Museo del Holocausto - Sergio Lapegue\",\"isPartOf\":{\"@id\":\"https:\\\/\\\/sergiolapegue.com\\\/site\\\/#website\"},\"primaryImageOfPage\":{\"@id\":\"https:\\\/\\\/sergiolapegue.com\\\/site\\\/2025\\\/11\\\/29\\\/presentacion-del-libro-nos-gritan-judios-de-mierda-de-david-kavlin-en-el-museo-del-holocausto\\\/#primaryimage\"},\"image\":{\"@id\":\"https:\\\/\\\/sergiolapegue.com\\\/site\\\/2025\\\/11\\\/29\\\/presentacion-del-libro-nos-gritan-judios-de-mierda-de-david-kavlin-en-el-museo-del-holocausto\\\/#primaryimage\"},\"thumbnailUrl\":\"https:\\\/\\\/sergiolapegue.com\\\/site\\\/wp-content\\\/uploads\\\/2025\\\/11\\\/WhatsApp-Image-2025-11-20-at-16.49.45-3.jpeg\",\"datePublished\":\"2025-11-29T04:00:00+00:00\",\"breadcrumb\":{\"@id\":\"https:\\\/\\\/sergiolapegue.com\\\/site\\\/2025\\\/11\\\/29\\\/presentacion-del-libro-nos-gritan-judios-de-mierda-de-david-kavlin-en-el-museo-del-holocausto\\\/#breadcrumb\"},\"inLanguage\":\"es-AR\",\"potentialAction\":[{\"@type\":\"ReadAction\",\"target\":[\"https:\\\/\\\/sergiolapegue.com\\\/site\\\/2025\\\/11\\\/29\\\/presentacion-del-libro-nos-gritan-judios-de-mierda-de-david-kavlin-en-el-museo-del-holocausto\\\/\"]}]},{\"@type\":\"ImageObject\",\"inLanguage\":\"es-AR\",\"@id\":\"https:\\\/\\\/sergiolapegue.com\\\/site\\\/2025\\\/11\\\/29\\\/presentacion-del-libro-nos-gritan-judios-de-mierda-de-david-kavlin-en-el-museo-del-holocausto\\\/#primaryimage\",\"url\":\"https:\\\/\\\/sergiolapegue.com\\\/site\\\/wp-content\\\/uploads\\\/2025\\\/11\\\/WhatsApp-Image-2025-11-20-at-16.49.45-3.jpeg\",\"contentUrl\":\"https:\\\/\\\/sergiolapegue.com\\\/site\\\/wp-content\\\/uploads\\\/2025\\\/11\\\/WhatsApp-Image-2025-11-20-at-16.49.45-3.jpeg\",\"width\":1280,\"height\":960},{\"@type\":\"BreadcrumbList\",\"@id\":\"https:\\\/\\\/sergiolapegue.com\\\/site\\\/2025\\\/11\\\/29\\\/presentacion-del-libro-nos-gritan-judios-de-mierda-de-david-kavlin-en-el-museo-del-holocausto\\\/#breadcrumb\",\"itemListElement\":[{\"@type\":\"ListItem\",\"position\":1,\"name\":\"Inicio\",\"item\":\"https:\\\/\\\/sergiolapegue.com\\\/site\\\/\"},{\"@type\":\"ListItem\",\"position\":2,\"name\":\"Presentaci\u00f3n del libro Nos gritan Jud\u00edos de Mierda, de David Kavlin, en el Museo del Holocausto\"}]},{\"@type\":\"WebSite\",\"@id\":\"https:\\\/\\\/sergiolapegue.com\\\/site\\\/#website\",\"url\":\"https:\\\/\\\/sergiolapegue.com\\\/site\\\/\",\"name\":\"Sergio Lapegue\",\"description\":\"Periodista\",\"publisher\":{\"@id\":\"https:\\\/\\\/sergiolapegue.com\\\/site\\\/#\\\/schema\\\/person\\\/083aeceeb0734cd166779ea6c0551a37\"},\"potentialAction\":[{\"@type\":\"SearchAction\",\"target\":{\"@type\":\"EntryPoint\",\"urlTemplate\":\"https:\\\/\\\/sergiolapegue.com\\\/site\\\/?s={search_term_string}\"},\"query-input\":{\"@type\":\"PropertyValueSpecification\",\"valueRequired\":true,\"valueName\":\"search_term_string\"}}],\"inLanguage\":\"es-AR\"},{\"@type\":[\"Person\",\"Organization\"],\"@id\":\"https:\\\/\\\/sergiolapegue.com\\\/site\\\/#\\\/schema\\\/person\\\/083aeceeb0734cd166779ea6c0551a37\",\"name\":\"Sergio Lapegue\",\"image\":{\"@type\":\"ImageObject\",\"inLanguage\":\"es-AR\",\"@id\":\"https:\\\/\\\/sergiolapegue.com\\\/site\\\/wp-content\\\/uploads\\\/2021\\\/04\\\/logo_header-1.png\",\"url\":\"https:\\\/\\\/sergiolapegue.com\\\/site\\\/wp-content\\\/uploads\\\/2021\\\/04\\\/logo_header-1.png\",\"contentUrl\":\"https:\\\/\\\/sergiolapegue.com\\\/site\\\/wp-content\\\/uploads\\\/2021\\\/04\\\/logo_header-1.png\",\"width\":272,\"height\":90,\"caption\":\"Sergio Lapegue\"},\"logo\":{\"@id\":\"https:\\\/\\\/sergiolapegue.com\\\/site\\\/wp-content\\\/uploads\\\/2021\\\/04\\\/logo_header-1.png\"},\"sameAs\":[\"https:\\\/\\\/facebook.com\\\/sergiolapegue\",\"https:\\\/\\\/instagram.com\\\/sergiolapegue\",\"https:\\\/\\\/x.com\\\/https:\\\/\\\/twitter.com\\\/sergiolapegue\"]},{\"@type\":\"Person\",\"@id\":\"https:\\\/\\\/sergiolapegue.com\\\/site\\\/#\\\/schema\\\/person\\\/9198e7dbab43c6d74d0fd5399af7c3cd\",\"name\":\"Daniel E. Monta\u00f1a\",\"image\":{\"@type\":\"ImageObject\",\"inLanguage\":\"es-AR\",\"@id\":\"https:\\\/\\\/sergiolapegue.com\\\/site\\\/wp-content\\\/uploads\\\/2021\\\/04\\\/sl_avatar_Daniel-150x150.jpg\",\"url\":\"https:\\\/\\\/sergiolapegue.com\\\/site\\\/wp-content\\\/uploads\\\/2021\\\/04\\\/sl_avatar_Daniel-150x150.jpg\",\"contentUrl\":\"https:\\\/\\\/sergiolapegue.com\\\/site\\\/wp-content\\\/uploads\\\/2021\\\/04\\\/sl_avatar_Daniel-150x150.jpg\",\"caption\":\"Daniel E. Monta\u00f1a\"},\"sameAs\":[\"https:\\\/\\\/facebook.com\\\/danielernesto.montana\",\"https:\\\/\\\/instagram.com\\\/daniel_montana1961\",\"https:\\\/\\\/x.com\\\/https:\\\/\\\/twitter.com\\\/daner_004\"],\"url\":\"https:\\\/\\\/sergiolapegue.com\\\/site\\\/author\\\/daniel\\\/\"}]}<\/script>\n<!-- \/ Yoast SEO plugin. -->","yoast_head_json":{"title":"Presentaci\u00f3n del libro Nos gritan Jud\u00edos de Mierda, de David Kavlin, en el Museo del Holocausto - Sergio Lapegue","robots":{"index":"index","follow":"follow","max-snippet":"max-snippet:-1","max-image-preview":"max-image-preview:large","max-video-preview":"max-video-preview:-1"},"canonical":"https:\/\/sergiolapegue.com\/site\/2025\/11\/29\/presentacion-del-libro-nos-gritan-judios-de-mierda-de-david-kavlin-en-el-museo-del-holocausto\/","og_locale":"es_ES","og_type":"article","og_title":"Presentaci\u00f3n del libro Nos gritan Jud\u00edos de Mierda, de David Kavlin, en el Museo del Holocausto - Sergio Lapegue","og_description":"En un acto cargado de emoci\u00f3n y reflexi\u00f3n, se present\u00f3 oficialmente en el Museo del Holocausto el libro Nos gritan Jud\u00edos de Mierda, del periodista y conductor David Kavlin. La obra \u2014provocadora, urgente y profundamente actual\u2014 aborda el antisemitismo contempor\u00e1neo y las tensiones identitarias del pueblo jud\u00edo en un contexto global marcado por la intolerancia [&hellip;]","og_url":"https:\/\/sergiolapegue.com\/site\/2025\/11\/29\/presentacion-del-libro-nos-gritan-judios-de-mierda-de-david-kavlin-en-el-museo-del-holocausto\/","og_site_name":"Sergio Lapegue","article_publisher":"https:\/\/facebook.com\/sergiolapegue","article_author":"https:\/\/facebook.com\/danielernesto.montana","article_published_time":"2025-11-29T04:00:00+00:00","og_image":[{"width":1280,"height":960,"url":"https:\/\/sergiolapegue.com\/site\/wp-content\/uploads\/2025\/11\/WhatsApp-Image-2025-11-20-at-16.49.45-3.jpeg","type":"image\/jpeg"}],"author":"Daniel E. Monta\u00f1a","twitter_card":"summary_large_image","twitter_creator":"@https:\/\/twitter.com\/daner_004","twitter_site":"@sergiolapegue","twitter_misc":{"Escrito por":"Daniel E. Monta\u00f1a","Tiempo de lectura":"2 minutos"},"schema":{"@context":"https:\/\/schema.org","@graph":[{"@type":"Article","@id":"https:\/\/sergiolapegue.com\/site\/2025\/11\/29\/presentacion-del-libro-nos-gritan-judios-de-mierda-de-david-kavlin-en-el-museo-del-holocausto\/#article","isPartOf":{"@id":"https:\/\/sergiolapegue.com\/site\/2025\/11\/29\/presentacion-del-libro-nos-gritan-judios-de-mierda-de-david-kavlin-en-el-museo-del-holocausto\/"},"author":{"name":"Daniel E. Monta\u00f1a","@id":"https:\/\/sergiolapegue.com\/site\/#\/schema\/person\/9198e7dbab43c6d74d0fd5399af7c3cd"},"headline":"Presentaci\u00f3n del libro Nos gritan Jud\u00edos de Mierda, de David Kavlin, en el Museo del Holocausto","datePublished":"2025-11-29T04:00:00+00:00","mainEntityOfPage":{"@id":"https:\/\/sergiolapegue.com\/site\/2025\/11\/29\/presentacion-del-libro-nos-gritan-judios-de-mierda-de-david-kavlin-en-el-museo-del-holocausto\/"},"wordCount":362,"publisher":{"@id":"https:\/\/sergiolapegue.com\/site\/#\/schema\/person\/083aeceeb0734cd166779ea6c0551a37"},"image":{"@id":"https:\/\/sergiolapegue.com\/site\/2025\/11\/29\/presentacion-del-libro-nos-gritan-judios-de-mierda-de-david-kavlin-en-el-museo-del-holocausto\/#primaryimage"},"thumbnailUrl":"https:\/\/sergiolapegue.com\/site\/wp-content\/uploads\/2025\/11\/WhatsApp-Image-2025-11-20-at-16.49.45-3.jpeg","articleSection":["Libros"],"inLanguage":"es-AR"},{"@type":"WebPage","@id":"https:\/\/sergiolapegue.com\/site\/2025\/11\/29\/presentacion-del-libro-nos-gritan-judios-de-mierda-de-david-kavlin-en-el-museo-del-holocausto\/","url":"https:\/\/sergiolapegue.com\/site\/2025\/11\/29\/presentacion-del-libro-nos-gritan-judios-de-mierda-de-david-kavlin-en-el-museo-del-holocausto\/","name":"Presentaci\u00f3n del libro Nos gritan Jud\u00edos de Mierda, de David Kavlin, en el Museo del Holocausto - Sergio Lapegue","isPartOf":{"@id":"https:\/\/sergiolapegue.com\/site\/#website"},"primaryImageOfPage":{"@id":"https:\/\/sergiolapegue.com\/site\/2025\/11\/29\/presentacion-del-libro-nos-gritan-judios-de-mierda-de-david-kavlin-en-el-museo-del-holocausto\/#primaryimage"},"image":{"@id":"https:\/\/sergiolapegue.com\/site\/2025\/11\/29\/presentacion-del-libro-nos-gritan-judios-de-mierda-de-david-kavlin-en-el-museo-del-holocausto\/#primaryimage"},"thumbnailUrl":"https:\/\/sergiolapegue.com\/site\/wp-content\/uploads\/2025\/11\/WhatsApp-Image-2025-11-20-at-16.49.45-3.jpeg","datePublished":"2025-11-29T04:00:00+00:00","breadcrumb":{"@id":"https:\/\/sergiolapegue.com\/site\/2025\/11\/29\/presentacion-del-libro-nos-gritan-judios-de-mierda-de-david-kavlin-en-el-museo-del-holocausto\/#breadcrumb"},"inLanguage":"es-AR","potentialAction":[{"@type":"ReadAction","target":["https:\/\/sergiolapegue.com\/site\/2025\/11\/29\/presentacion-del-libro-nos-gritan-judios-de-mierda-de-david-kavlin-en-el-museo-del-holocausto\/"]}]},{"@type":"ImageObject","inLanguage":"es-AR","@id":"https:\/\/sergiolapegue.com\/site\/2025\/11\/29\/presentacion-del-libro-nos-gritan-judios-de-mierda-de-david-kavlin-en-el-museo-del-holocausto\/#primaryimage","url":"https:\/\/sergiolapegue.com\/site\/wp-content\/uploads\/2025\/11\/WhatsApp-Image-2025-11-20-at-16.49.45-3.jpeg","contentUrl":"https:\/\/sergiolapegue.com\/site\/wp-content\/uploads\/2025\/11\/WhatsApp-Image-2025-11-20-at-16.49.45-3.jpeg","width":1280,"height":960},{"@type":"BreadcrumbList","@id":"https:\/\/sergiolapegue.com\/site\/2025\/11\/29\/presentacion-del-libro-nos-gritan-judios-de-mierda-de-david-kavlin-en-el-museo-del-holocausto\/#breadcrumb","itemListElement":[{"@type":"ListItem","position":1,"name":"Inicio","item":"https:\/\/sergiolapegue.com\/site\/"},{"@type":"ListItem","position":2,"name":"Presentaci\u00f3n del libro Nos gritan Jud\u00edos de Mierda, de David Kavlin, en el Museo del Holocausto"}]},{"@type":"WebSite","@id":"https:\/\/sergiolapegue.com\/site\/#website","url":"https:\/\/sergiolapegue.com\/site\/","name":"Sergio Lapegue","description":"Periodista","publisher":{"@id":"https:\/\/sergiolapegue.com\/site\/#\/schema\/person\/083aeceeb0734cd166779ea6c0551a37"},"potentialAction":[{"@type":"SearchAction","target":{"@type":"EntryPoint","urlTemplate":"https:\/\/sergiolapegue.com\/site\/?s={search_term_string}"},"query-input":{"@type":"PropertyValueSpecification","valueRequired":true,"valueName":"search_term_string"}}],"inLanguage":"es-AR"},{"@type":["Person","Organization"],"@id":"https:\/\/sergiolapegue.com\/site\/#\/schema\/person\/083aeceeb0734cd166779ea6c0551a37","name":"Sergio Lapegue","image":{"@type":"ImageObject","inLanguage":"es-AR","@id":"https:\/\/sergiolapegue.com\/site\/wp-content\/uploads\/2021\/04\/logo_header-1.png","url":"https:\/\/sergiolapegue.com\/site\/wp-content\/uploads\/2021\/04\/logo_header-1.png","contentUrl":"https:\/\/sergiolapegue.com\/site\/wp-content\/uploads\/2021\/04\/logo_header-1.png","width":272,"height":90,"caption":"Sergio Lapegue"},"logo":{"@id":"https:\/\/sergiolapegue.com\/site\/wp-content\/uploads\/2021\/04\/logo_header-1.png"},"sameAs":["https:\/\/facebook.com\/sergiolapegue","https:\/\/instagram.com\/sergiolapegue","https:\/\/x.com\/https:\/\/twitter.com\/sergiolapegue"]},{"@type":"Person","@id":"https:\/\/sergiolapegue.com\/site\/#\/schema\/person\/9198e7dbab43c6d74d0fd5399af7c3cd","name":"Daniel E. Monta\u00f1a","image":{"@type":"ImageObject","inLanguage":"es-AR","@id":"https:\/\/sergiolapegue.com\/site\/wp-content\/uploads\/2021\/04\/sl_avatar_Daniel-150x150.jpg","url":"https:\/\/sergiolapegue.com\/site\/wp-content\/uploads\/2021\/04\/sl_avatar_Daniel-150x150.jpg","contentUrl":"https:\/\/sergiolapegue.com\/site\/wp-content\/uploads\/2021\/04\/sl_avatar_Daniel-150x150.jpg","caption":"Daniel E. Monta\u00f1a"},"sameAs":["https:\/\/facebook.com\/danielernesto.montana","https:\/\/instagram.com\/daniel_montana1961","https:\/\/x.com\/https:\/\/twitter.com\/daner_004"],"url":"https:\/\/sergiolapegue.com\/site\/author\/daniel\/"}]}},"_links":{"self":[{"href":"https:\/\/sergiolapegue.com\/site\/wp-json\/wp\/v2\/posts\/26966","targetHints":{"allow":["GET"]}}],"collection":[{"href":"https:\/\/sergiolapegue.com\/site\/wp-json\/wp\/v2\/posts"}],"about":[{"href":"https:\/\/sergiolapegue.com\/site\/wp-json\/wp\/v2\/types\/post"}],"author":[{"embeddable":true,"href":"https:\/\/sergiolapegue.com\/site\/wp-json\/wp\/v2\/users\/3"}],"replies":[{"embeddable":true,"href":"https:\/\/sergiolapegue.com\/site\/wp-json\/wp\/v2\/comments?post=26966"}],"version-history":[{"count":2,"href":"https:\/\/sergiolapegue.com\/site\/wp-json\/wp\/v2\/posts\/26966\/revisions"}],"predecessor-version":[{"id":26997,"href":"https:\/\/sergiolapegue.com\/site\/wp-json\/wp\/v2\/posts\/26966\/revisions\/26997"}],"wp:featuredmedia":[{"embeddable":true,"href":"https:\/\/sergiolapegue.com\/site\/wp-json\/wp\/v2\/media\/26967"}],"wp:attachment":[{"href":"https:\/\/sergiolapegue.com\/site\/wp-json\/wp\/v2\/media?parent=26966"}],"wp:term":[{"taxonomy":"category","embeddable":true,"href":"https:\/\/sergiolapegue.com\/site\/wp-json\/wp\/v2\/categories?post=26966"},{"taxonomy":"post_tag","embeddable":true,"href":"https:\/\/sergiolapegue.com\/site\/wp-json\/wp\/v2\/tags?post=26966"}],"curies":[{"name":"wp","href":"https:\/\/api.w.org\/{rel}","templated":true}]}}