{"id":26960,"date":"2025-11-28T13:00:00","date_gmt":"2025-11-28T16:00:00","guid":{"rendered":"https:\/\/sergiolapegue.com\/site\/?p=26960"},"modified":"2025-11-27T04:40:39","modified_gmt":"2025-11-27T07:40:39","slug":"colores-show-acustico-con-alumnos-del-estudio-de-canto-de-cony-uriarte","status":"publish","type":"post","link":"https:\/\/sergiolapegue.com\/site\/2025\/11\/28\/colores-show-acustico-con-alumnos-del-estudio-de-canto-de-cony-uriarte\/","title":{"rendered":"\u201cCOLORES\u201d \u2013 SHOW AC\u00daSTICO CON ALUMNOS DEL ESTUDIO DE CANTO DE CONY URIARTE"},"content":{"rendered":"\n<p>Cuenta regresiva para la Muestra Anual de Alumnos 2025 del Estudio de Canto de Cony Uriarte, que esta a\u00f1o ser\u00e1 en formato de show ac\u00fastico con Fran Laur\u00eda en piano y donde Cony Uriarte tendr\u00e1 el placer de cantar junto a ellos con un repertorio muy colorido.<\/p>\n\n\n\n<p>Colores que nos rodean, recuerdan, inspiran, identifican.<\/p>\n\n\n\n<p>Colores que despiertan nuestros sentidos y as\u00ed emociones.<\/p>\n\n\n\n<p>Emociones que se expresan en canciones.<\/p>\n\n\n\n<p>Canciones que son medio para decir aquello que de otra forma no podr\u00edamos.<\/p>\n\n\n\n<p>Esos colores que redescubr\u00ed en mi viaje so\u00f1ado durante 22 a\u00f1os y que finalmente pude concretar el pasado mes de Mayo. Con el que cada alumno conect\u00f3 a trav\u00e9s de las im\u00e1genes de mi recorrido. Sus vivencias y experiencias personales resignificadas en un show de diversos g\u00e9neros musicales e idiomas, como tantas personas existen.<\/p>\n\n\n\n<p>Agradecida por tener la posibilidad de guiar y acompa\u00f1ar el descubrimiento y crecimiento de estas voces.<\/p>\n\n\n\n<figure class=\"wp-block-image size-large\"><img loading=\"lazy\" decoding=\"async\" width=\"1024\" height=\"377\" src=\"https:\/\/sergiolapegue.com\/site\/wp-content\/uploads\/2025\/11\/Colores-Show-Acustico-con-alumnos-2025-1-1024x377.jpg\" alt=\"\" class=\"wp-image-26961\" srcset=\"https:\/\/sergiolapegue.com\/site\/wp-content\/uploads\/2025\/11\/Colores-Show-Acustico-con-alumnos-2025-1-1024x377.jpg 1024w, https:\/\/sergiolapegue.com\/site\/wp-content\/uploads\/2025\/11\/Colores-Show-Acustico-con-alumnos-2025-1-300x111.jpg 300w, https:\/\/sergiolapegue.com\/site\/wp-content\/uploads\/2025\/11\/Colores-Show-Acustico-con-alumnos-2025-1-768x283.jpg 768w, https:\/\/sergiolapegue.com\/site\/wp-content\/uploads\/2025\/11\/Colores-Show-Acustico-con-alumnos-2025-1-696x256.jpg 696w, https:\/\/sergiolapegue.com\/site\/wp-content\/uploads\/2025\/11\/Colores-Show-Acustico-con-alumnos-2025-1-1068x394.jpg 1068w, https:\/\/sergiolapegue.com\/site\/wp-content\/uploads\/2025\/11\/Colores-Show-Acustico-con-alumnos-2025-1.jpg 1080w\" sizes=\"auto, (max-width: 1024px) 100vw, 1024px\" \/><\/figure>\n\n\n\n<p><strong>Conducci\u00f3n:<\/strong> @conyuriarteok<\/p>\n\n\n\n<p><strong>Fotograf\u00eda:<\/strong> @leivafotografia<\/p>\n\n\n\n<p><strong>Escenograf\u00eda Audiovisual:<\/strong>&nbsp; @conyuriarteestudiodecanto<\/p>\n\n\n\n<p><strong>Producci\u00f3n General:<\/strong>&nbsp; @conyuriarteestudiodecanto<\/p>\n\n\n\n<p><strong>Hair Style Cony Uriarte:<\/strong> @studio11.hair<\/p>\n\n\n\n<figure class=\"wp-block-image size-full is-resized\"><img loading=\"lazy\" decoding=\"async\" width=\"1013\" height=\"819\" src=\"https:\/\/sergiolapegue.com\/site\/wp-content\/uploads\/2025\/11\/Colores-Show-Acustico-con-alumnos-2025-2.jpg\" alt=\"\" class=\"wp-image-26962\" style=\"width:336px;height:auto\" srcset=\"https:\/\/sergiolapegue.com\/site\/wp-content\/uploads\/2025\/11\/Colores-Show-Acustico-con-alumnos-2025-2.jpg 1013w, https:\/\/sergiolapegue.com\/site\/wp-content\/uploads\/2025\/11\/Colores-Show-Acustico-con-alumnos-2025-2-300x243.jpg 300w, https:\/\/sergiolapegue.com\/site\/wp-content\/uploads\/2025\/11\/Colores-Show-Acustico-con-alumnos-2025-2-768x621.jpg 768w, https:\/\/sergiolapegue.com\/site\/wp-content\/uploads\/2025\/11\/Colores-Show-Acustico-con-alumnos-2025-2-519x420.jpg 519w, https:\/\/sergiolapegue.com\/site\/wp-content\/uploads\/2025\/11\/Colores-Show-Acustico-con-alumnos-2025-2-696x563.jpg 696w\" sizes=\"auto, (max-width: 1013px) 100vw, 1013px\" \/><\/figure>\n\n\n\n<p><strong>TEATRO EL ALAMBIQUE<\/strong><\/p>\n\n\n\n<p>Griveo 2350 \u2013 Capital Federal \u2013 Buenos Aires \u2013 Argentina<\/p>\n\n\n\n<p>Tel\u00e9fono: 4571-8140<\/p>\n\n\n\n<p>Web: <a href=\"https:\/\/teatroelalambique.com\">https:\/\/teatroelalambique.com<\/a><\/p>\n\n\n\n<p>Entradas: $ 20.000 \u2013 A trav\u00e9s del Instagram @conyuriarteestudiodecanto<\/p>\n\n\n\n<p>\u00a0\u00a0\u00a0\u00a0\u00a0\u00a0\u00a0\u00a0\u00a0\u00a0\u00a0\u00a0\u00a0\u00a0 $ 25.000 \u2013 En la puerta del teatro<\/p>\n\n\n\n<p>\u00a0\u00a0\u00a0\u00a0\u00a0\u00a0\u00a0\u00a0\u00a0 \u00a0\u00a0\u00a0\u00a0\u00a0 Abierto al p\u00fablico en general<\/p>\n\n\n\n<p>Funci\u00f3n: Domingo 07 de Diciembre \u2013 17:00 horas<\/p>\n\n\n\n<p>Gracias Cony Uriarte por acercarnos la gacetilla con toda la informaci\u00f3n de la muestra anual que se realizar\u00e1 en el Teatro El Alambique<\/p>\n\n\n\n<p><\/p>\n","protected":false},"excerpt":{"rendered":"<p>Cuenta regresiva para la Muestra Anual de Alumnos 2025 del Estudio de Canto de Cony Uriarte, que esta a\u00f1o ser\u00e1 en formato de show ac\u00fastico con Fran Laur\u00eda en piano y donde Cony Uriarte tendr\u00e1 el placer de cantar junto a ellos con un repertorio muy colorido. Colores que nos rodean, recuerdan, inspiran, identifican. Colores [&hellip;]<\/p>\n","protected":false},"author":3,"featured_media":26963,"comment_status":"open","ping_status":"closed","sticky":false,"template":"","format":"standard","meta":{"footnotes":""},"categories":[34,56],"tags":[],"class_list":{"0":"post-26960","1":"post","2":"type-post","3":"status-publish","4":"format-standard","5":"has-post-thumbnail","7":"category-arte","8":"category-musica"},"yoast_head":"<!-- This site is optimized with the Yoast SEO plugin v27.5 - https:\/\/yoast.com\/product\/yoast-seo-wordpress\/ -->\n<title>\u201cCOLORES\u201d \u2013 SHOW AC\u00daSTICO CON ALUMNOS DEL ESTUDIO DE CANTO DE CONY URIARTE - Sergio Lapegue<\/title>\n<meta name=\"robots\" content=\"index, follow, max-snippet:-1, max-image-preview:large, max-video-preview:-1\" \/>\n<link rel=\"canonical\" href=\"https:\/\/sergiolapegue.com\/site\/2025\/11\/28\/colores-show-acustico-con-alumnos-del-estudio-de-canto-de-cony-uriarte\/\" \/>\n<meta property=\"og:locale\" content=\"es_ES\" \/>\n<meta property=\"og:type\" content=\"article\" \/>\n<meta property=\"og:title\" content=\"\u201cCOLORES\u201d \u2013 SHOW AC\u00daSTICO CON ALUMNOS DEL ESTUDIO DE CANTO DE CONY URIARTE - Sergio Lapegue\" \/>\n<meta property=\"og:description\" content=\"Cuenta regresiva para la Muestra Anual de Alumnos 2025 del Estudio de Canto de Cony Uriarte, que esta a\u00f1o ser\u00e1 en formato de show ac\u00fastico con Fran Laur\u00eda en piano y donde Cony Uriarte tendr\u00e1 el placer de cantar junto a ellos con un repertorio muy colorido. Colores que nos rodean, recuerdan, inspiran, identifican. Colores [&hellip;]\" \/>\n<meta property=\"og:url\" content=\"https:\/\/sergiolapegue.com\/site\/2025\/11\/28\/colores-show-acustico-con-alumnos-del-estudio-de-canto-de-cony-uriarte\/\" \/>\n<meta property=\"og:site_name\" content=\"Sergio Lapegue\" \/>\n<meta property=\"article:publisher\" content=\"https:\/\/facebook.com\/sergiolapegue\" \/>\n<meta property=\"article:author\" content=\"https:\/\/facebook.com\/danielernesto.montana\" \/>\n<meta property=\"article:published_time\" content=\"2025-11-28T16:00:00+00:00\" \/>\n<meta property=\"og:image\" content=\"https:\/\/sergiolapegue.com\/site\/wp-content\/uploads\/2025\/11\/Colores-Show-Acustico-con-Alumnos-2025.jpg\" \/>\n\t<meta property=\"og:image:width\" content=\"1000\" \/>\n\t<meta property=\"og:image:height\" content=\"986\" \/>\n\t<meta property=\"og:image:type\" content=\"image\/jpeg\" \/>\n<meta name=\"author\" content=\"Daniel E. Monta\u00f1a\" \/>\n<meta name=\"twitter:card\" content=\"summary_large_image\" \/>\n<meta name=\"twitter:creator\" content=\"@https:\/\/twitter.com\/daner_004\" \/>\n<meta name=\"twitter:site\" content=\"@sergiolapegue\" \/>\n<meta name=\"twitter:label1\" content=\"Escrito por\" \/>\n\t<meta name=\"twitter:data1\" content=\"Daniel E. Monta\u00f1a\" \/>\n\t<meta name=\"twitter:label2\" content=\"Tiempo de lectura\" \/>\n\t<meta name=\"twitter:data2\" content=\"2 minutos\" \/>\n<script type=\"application\/ld+json\" class=\"yoast-schema-graph\">{\"@context\":\"https:\\\/\\\/schema.org\",\"@graph\":[{\"@type\":\"Article\",\"@id\":\"https:\\\/\\\/sergiolapegue.com\\\/site\\\/2025\\\/11\\\/28\\\/colores-show-acustico-con-alumnos-del-estudio-de-canto-de-cony-uriarte\\\/#article\",\"isPartOf\":{\"@id\":\"https:\\\/\\\/sergiolapegue.com\\\/site\\\/2025\\\/11\\\/28\\\/colores-show-acustico-con-alumnos-del-estudio-de-canto-de-cony-uriarte\\\/\"},\"author\":{\"name\":\"Daniel E. Monta\u00f1a\",\"@id\":\"https:\\\/\\\/sergiolapegue.com\\\/site\\\/#\\\/schema\\\/person\\\/9198e7dbab43c6d74d0fd5399af7c3cd\"},\"headline\":\"\u201cCOLORES\u201d \u2013 SHOW AC\u00daSTICO CON ALUMNOS DEL ESTUDIO DE CANTO DE CONY URIARTE\",\"datePublished\":\"2025-11-28T16:00:00+00:00\",\"mainEntityOfPage\":{\"@id\":\"https:\\\/\\\/sergiolapegue.com\\\/site\\\/2025\\\/11\\\/28\\\/colores-show-acustico-con-alumnos-del-estudio-de-canto-de-cony-uriarte\\\/\"},\"wordCount\":258,\"commentCount\":0,\"publisher\":{\"@id\":\"https:\\\/\\\/sergiolapegue.com\\\/site\\\/#\\\/schema\\\/person\\\/083aeceeb0734cd166779ea6c0551a37\"},\"image\":{\"@id\":\"https:\\\/\\\/sergiolapegue.com\\\/site\\\/2025\\\/11\\\/28\\\/colores-show-acustico-con-alumnos-del-estudio-de-canto-de-cony-uriarte\\\/#primaryimage\"},\"thumbnailUrl\":\"https:\\\/\\\/sergiolapegue.com\\\/site\\\/wp-content\\\/uploads\\\/2025\\\/11\\\/Colores-Show-Acustico-con-Alumnos-2025.jpg\",\"articleSection\":[\"Arte\",\"M\u00fasica\"],\"inLanguage\":\"es-AR\",\"potentialAction\":[{\"@type\":\"CommentAction\",\"name\":\"Comment\",\"target\":[\"https:\\\/\\\/sergiolapegue.com\\\/site\\\/2025\\\/11\\\/28\\\/colores-show-acustico-con-alumnos-del-estudio-de-canto-de-cony-uriarte\\\/#respond\"]}]},{\"@type\":\"WebPage\",\"@id\":\"https:\\\/\\\/sergiolapegue.com\\\/site\\\/2025\\\/11\\\/28\\\/colores-show-acustico-con-alumnos-del-estudio-de-canto-de-cony-uriarte\\\/\",\"url\":\"https:\\\/\\\/sergiolapegue.com\\\/site\\\/2025\\\/11\\\/28\\\/colores-show-acustico-con-alumnos-del-estudio-de-canto-de-cony-uriarte\\\/\",\"name\":\"\u201cCOLORES\u201d \u2013 SHOW AC\u00daSTICO CON ALUMNOS DEL ESTUDIO DE CANTO DE CONY URIARTE - Sergio Lapegue\",\"isPartOf\":{\"@id\":\"https:\\\/\\\/sergiolapegue.com\\\/site\\\/#website\"},\"primaryImageOfPage\":{\"@id\":\"https:\\\/\\\/sergiolapegue.com\\\/site\\\/2025\\\/11\\\/28\\\/colores-show-acustico-con-alumnos-del-estudio-de-canto-de-cony-uriarte\\\/#primaryimage\"},\"image\":{\"@id\":\"https:\\\/\\\/sergiolapegue.com\\\/site\\\/2025\\\/11\\\/28\\\/colores-show-acustico-con-alumnos-del-estudio-de-canto-de-cony-uriarte\\\/#primaryimage\"},\"thumbnailUrl\":\"https:\\\/\\\/sergiolapegue.com\\\/site\\\/wp-content\\\/uploads\\\/2025\\\/11\\\/Colores-Show-Acustico-con-Alumnos-2025.jpg\",\"datePublished\":\"2025-11-28T16:00:00+00:00\",\"breadcrumb\":{\"@id\":\"https:\\\/\\\/sergiolapegue.com\\\/site\\\/2025\\\/11\\\/28\\\/colores-show-acustico-con-alumnos-del-estudio-de-canto-de-cony-uriarte\\\/#breadcrumb\"},\"inLanguage\":\"es-AR\",\"potentialAction\":[{\"@type\":\"ReadAction\",\"target\":[\"https:\\\/\\\/sergiolapegue.com\\\/site\\\/2025\\\/11\\\/28\\\/colores-show-acustico-con-alumnos-del-estudio-de-canto-de-cony-uriarte\\\/\"]}]},{\"@type\":\"ImageObject\",\"inLanguage\":\"es-AR\",\"@id\":\"https:\\\/\\\/sergiolapegue.com\\\/site\\\/2025\\\/11\\\/28\\\/colores-show-acustico-con-alumnos-del-estudio-de-canto-de-cony-uriarte\\\/#primaryimage\",\"url\":\"https:\\\/\\\/sergiolapegue.com\\\/site\\\/wp-content\\\/uploads\\\/2025\\\/11\\\/Colores-Show-Acustico-con-Alumnos-2025.jpg\",\"contentUrl\":\"https:\\\/\\\/sergiolapegue.com\\\/site\\\/wp-content\\\/uploads\\\/2025\\\/11\\\/Colores-Show-Acustico-con-Alumnos-2025.jpg\",\"width\":1000,\"height\":986},{\"@type\":\"BreadcrumbList\",\"@id\":\"https:\\\/\\\/sergiolapegue.com\\\/site\\\/2025\\\/11\\\/28\\\/colores-show-acustico-con-alumnos-del-estudio-de-canto-de-cony-uriarte\\\/#breadcrumb\",\"itemListElement\":[{\"@type\":\"ListItem\",\"position\":1,\"name\":\"Inicio\",\"item\":\"https:\\\/\\\/sergiolapegue.com\\\/site\\\/\"},{\"@type\":\"ListItem\",\"position\":2,\"name\":\"\u201cCOLORES\u201d \u2013 SHOW AC\u00daSTICO CON ALUMNOS DEL ESTUDIO DE CANTO DE CONY URIARTE\"}]},{\"@type\":\"WebSite\",\"@id\":\"https:\\\/\\\/sergiolapegue.com\\\/site\\\/#website\",\"url\":\"https:\\\/\\\/sergiolapegue.com\\\/site\\\/\",\"name\":\"Sergio Lapegue\",\"description\":\"Periodista\",\"publisher\":{\"@id\":\"https:\\\/\\\/sergiolapegue.com\\\/site\\\/#\\\/schema\\\/person\\\/083aeceeb0734cd166779ea6c0551a37\"},\"potentialAction\":[{\"@type\":\"SearchAction\",\"target\":{\"@type\":\"EntryPoint\",\"urlTemplate\":\"https:\\\/\\\/sergiolapegue.com\\\/site\\\/?s={search_term_string}\"},\"query-input\":{\"@type\":\"PropertyValueSpecification\",\"valueRequired\":true,\"valueName\":\"search_term_string\"}}],\"inLanguage\":\"es-AR\"},{\"@type\":[\"Person\",\"Organization\"],\"@id\":\"https:\\\/\\\/sergiolapegue.com\\\/site\\\/#\\\/schema\\\/person\\\/083aeceeb0734cd166779ea6c0551a37\",\"name\":\"Sergio Lapegue\",\"image\":{\"@type\":\"ImageObject\",\"inLanguage\":\"es-AR\",\"@id\":\"https:\\\/\\\/sergiolapegue.com\\\/site\\\/wp-content\\\/uploads\\\/2021\\\/04\\\/logo_header-1.png\",\"url\":\"https:\\\/\\\/sergiolapegue.com\\\/site\\\/wp-content\\\/uploads\\\/2021\\\/04\\\/logo_header-1.png\",\"contentUrl\":\"https:\\\/\\\/sergiolapegue.com\\\/site\\\/wp-content\\\/uploads\\\/2021\\\/04\\\/logo_header-1.png\",\"width\":272,\"height\":90,\"caption\":\"Sergio Lapegue\"},\"logo\":{\"@id\":\"https:\\\/\\\/sergiolapegue.com\\\/site\\\/wp-content\\\/uploads\\\/2021\\\/04\\\/logo_header-1.png\"},\"sameAs\":[\"https:\\\/\\\/facebook.com\\\/sergiolapegue\",\"https:\\\/\\\/instagram.com\\\/sergiolapegue\",\"https:\\\/\\\/x.com\\\/https:\\\/\\\/twitter.com\\\/sergiolapegue\"]},{\"@type\":\"Person\",\"@id\":\"https:\\\/\\\/sergiolapegue.com\\\/site\\\/#\\\/schema\\\/person\\\/9198e7dbab43c6d74d0fd5399af7c3cd\",\"name\":\"Daniel E. Monta\u00f1a\",\"image\":{\"@type\":\"ImageObject\",\"inLanguage\":\"es-AR\",\"@id\":\"https:\\\/\\\/sergiolapegue.com\\\/site\\\/wp-content\\\/uploads\\\/2021\\\/04\\\/sl_avatar_Daniel-150x150.jpg\",\"url\":\"https:\\\/\\\/sergiolapegue.com\\\/site\\\/wp-content\\\/uploads\\\/2021\\\/04\\\/sl_avatar_Daniel-150x150.jpg\",\"contentUrl\":\"https:\\\/\\\/sergiolapegue.com\\\/site\\\/wp-content\\\/uploads\\\/2021\\\/04\\\/sl_avatar_Daniel-150x150.jpg\",\"caption\":\"Daniel E. Monta\u00f1a\"},\"sameAs\":[\"https:\\\/\\\/facebook.com\\\/danielernesto.montana\",\"https:\\\/\\\/instagram.com\\\/daniel_montana1961\",\"https:\\\/\\\/x.com\\\/https:\\\/\\\/twitter.com\\\/daner_004\"],\"url\":\"https:\\\/\\\/sergiolapegue.com\\\/site\\\/author\\\/daniel\\\/\"}]}<\/script>\n<!-- \/ Yoast SEO plugin. -->","yoast_head_json":{"title":"\u201cCOLORES\u201d \u2013 SHOW AC\u00daSTICO CON ALUMNOS DEL ESTUDIO DE CANTO DE CONY URIARTE - Sergio Lapegue","robots":{"index":"index","follow":"follow","max-snippet":"max-snippet:-1","max-image-preview":"max-image-preview:large","max-video-preview":"max-video-preview:-1"},"canonical":"https:\/\/sergiolapegue.com\/site\/2025\/11\/28\/colores-show-acustico-con-alumnos-del-estudio-de-canto-de-cony-uriarte\/","og_locale":"es_ES","og_type":"article","og_title":"\u201cCOLORES\u201d \u2013 SHOW AC\u00daSTICO CON ALUMNOS DEL ESTUDIO DE CANTO DE CONY URIARTE - Sergio Lapegue","og_description":"Cuenta regresiva para la Muestra Anual de Alumnos 2025 del Estudio de Canto de Cony Uriarte, que esta a\u00f1o ser\u00e1 en formato de show ac\u00fastico con Fran Laur\u00eda en piano y donde Cony Uriarte tendr\u00e1 el placer de cantar junto a ellos con un repertorio muy colorido. Colores que nos rodean, recuerdan, inspiran, identifican. Colores [&hellip;]","og_url":"https:\/\/sergiolapegue.com\/site\/2025\/11\/28\/colores-show-acustico-con-alumnos-del-estudio-de-canto-de-cony-uriarte\/","og_site_name":"Sergio Lapegue","article_publisher":"https:\/\/facebook.com\/sergiolapegue","article_author":"https:\/\/facebook.com\/danielernesto.montana","article_published_time":"2025-11-28T16:00:00+00:00","og_image":[{"width":1000,"height":986,"url":"https:\/\/sergiolapegue.com\/site\/wp-content\/uploads\/2025\/11\/Colores-Show-Acustico-con-Alumnos-2025.jpg","type":"image\/jpeg"}],"author":"Daniel E. Monta\u00f1a","twitter_card":"summary_large_image","twitter_creator":"@https:\/\/twitter.com\/daner_004","twitter_site":"@sergiolapegue","twitter_misc":{"Escrito por":"Daniel E. Monta\u00f1a","Tiempo de lectura":"2 minutos"},"schema":{"@context":"https:\/\/schema.org","@graph":[{"@type":"Article","@id":"https:\/\/sergiolapegue.com\/site\/2025\/11\/28\/colores-show-acustico-con-alumnos-del-estudio-de-canto-de-cony-uriarte\/#article","isPartOf":{"@id":"https:\/\/sergiolapegue.com\/site\/2025\/11\/28\/colores-show-acustico-con-alumnos-del-estudio-de-canto-de-cony-uriarte\/"},"author":{"name":"Daniel E. Monta\u00f1a","@id":"https:\/\/sergiolapegue.com\/site\/#\/schema\/person\/9198e7dbab43c6d74d0fd5399af7c3cd"},"headline":"\u201cCOLORES\u201d \u2013 SHOW AC\u00daSTICO CON ALUMNOS DEL ESTUDIO DE CANTO DE CONY URIARTE","datePublished":"2025-11-28T16:00:00+00:00","mainEntityOfPage":{"@id":"https:\/\/sergiolapegue.com\/site\/2025\/11\/28\/colores-show-acustico-con-alumnos-del-estudio-de-canto-de-cony-uriarte\/"},"wordCount":258,"commentCount":0,"publisher":{"@id":"https:\/\/sergiolapegue.com\/site\/#\/schema\/person\/083aeceeb0734cd166779ea6c0551a37"},"image":{"@id":"https:\/\/sergiolapegue.com\/site\/2025\/11\/28\/colores-show-acustico-con-alumnos-del-estudio-de-canto-de-cony-uriarte\/#primaryimage"},"thumbnailUrl":"https:\/\/sergiolapegue.com\/site\/wp-content\/uploads\/2025\/11\/Colores-Show-Acustico-con-Alumnos-2025.jpg","articleSection":["Arte","M\u00fasica"],"inLanguage":"es-AR","potentialAction":[{"@type":"CommentAction","name":"Comment","target":["https:\/\/sergiolapegue.com\/site\/2025\/11\/28\/colores-show-acustico-con-alumnos-del-estudio-de-canto-de-cony-uriarte\/#respond"]}]},{"@type":"WebPage","@id":"https:\/\/sergiolapegue.com\/site\/2025\/11\/28\/colores-show-acustico-con-alumnos-del-estudio-de-canto-de-cony-uriarte\/","url":"https:\/\/sergiolapegue.com\/site\/2025\/11\/28\/colores-show-acustico-con-alumnos-del-estudio-de-canto-de-cony-uriarte\/","name":"\u201cCOLORES\u201d \u2013 SHOW AC\u00daSTICO CON ALUMNOS DEL ESTUDIO DE CANTO DE CONY URIARTE - Sergio Lapegue","isPartOf":{"@id":"https:\/\/sergiolapegue.com\/site\/#website"},"primaryImageOfPage":{"@id":"https:\/\/sergiolapegue.com\/site\/2025\/11\/28\/colores-show-acustico-con-alumnos-del-estudio-de-canto-de-cony-uriarte\/#primaryimage"},"image":{"@id":"https:\/\/sergiolapegue.com\/site\/2025\/11\/28\/colores-show-acustico-con-alumnos-del-estudio-de-canto-de-cony-uriarte\/#primaryimage"},"thumbnailUrl":"https:\/\/sergiolapegue.com\/site\/wp-content\/uploads\/2025\/11\/Colores-Show-Acustico-con-Alumnos-2025.jpg","datePublished":"2025-11-28T16:00:00+00:00","breadcrumb":{"@id":"https:\/\/sergiolapegue.com\/site\/2025\/11\/28\/colores-show-acustico-con-alumnos-del-estudio-de-canto-de-cony-uriarte\/#breadcrumb"},"inLanguage":"es-AR","potentialAction":[{"@type":"ReadAction","target":["https:\/\/sergiolapegue.com\/site\/2025\/11\/28\/colores-show-acustico-con-alumnos-del-estudio-de-canto-de-cony-uriarte\/"]}]},{"@type":"ImageObject","inLanguage":"es-AR","@id":"https:\/\/sergiolapegue.com\/site\/2025\/11\/28\/colores-show-acustico-con-alumnos-del-estudio-de-canto-de-cony-uriarte\/#primaryimage","url":"https:\/\/sergiolapegue.com\/site\/wp-content\/uploads\/2025\/11\/Colores-Show-Acustico-con-Alumnos-2025.jpg","contentUrl":"https:\/\/sergiolapegue.com\/site\/wp-content\/uploads\/2025\/11\/Colores-Show-Acustico-con-Alumnos-2025.jpg","width":1000,"height":986},{"@type":"BreadcrumbList","@id":"https:\/\/sergiolapegue.com\/site\/2025\/11\/28\/colores-show-acustico-con-alumnos-del-estudio-de-canto-de-cony-uriarte\/#breadcrumb","itemListElement":[{"@type":"ListItem","position":1,"name":"Inicio","item":"https:\/\/sergiolapegue.com\/site\/"},{"@type":"ListItem","position":2,"name":"\u201cCOLORES\u201d \u2013 SHOW AC\u00daSTICO CON ALUMNOS DEL ESTUDIO DE CANTO DE CONY URIARTE"}]},{"@type":"WebSite","@id":"https:\/\/sergiolapegue.com\/site\/#website","url":"https:\/\/sergiolapegue.com\/site\/","name":"Sergio Lapegue","description":"Periodista","publisher":{"@id":"https:\/\/sergiolapegue.com\/site\/#\/schema\/person\/083aeceeb0734cd166779ea6c0551a37"},"potentialAction":[{"@type":"SearchAction","target":{"@type":"EntryPoint","urlTemplate":"https:\/\/sergiolapegue.com\/site\/?s={search_term_string}"},"query-input":{"@type":"PropertyValueSpecification","valueRequired":true,"valueName":"search_term_string"}}],"inLanguage":"es-AR"},{"@type":["Person","Organization"],"@id":"https:\/\/sergiolapegue.com\/site\/#\/schema\/person\/083aeceeb0734cd166779ea6c0551a37","name":"Sergio Lapegue","image":{"@type":"ImageObject","inLanguage":"es-AR","@id":"https:\/\/sergiolapegue.com\/site\/wp-content\/uploads\/2021\/04\/logo_header-1.png","url":"https:\/\/sergiolapegue.com\/site\/wp-content\/uploads\/2021\/04\/logo_header-1.png","contentUrl":"https:\/\/sergiolapegue.com\/site\/wp-content\/uploads\/2021\/04\/logo_header-1.png","width":272,"height":90,"caption":"Sergio Lapegue"},"logo":{"@id":"https:\/\/sergiolapegue.com\/site\/wp-content\/uploads\/2021\/04\/logo_header-1.png"},"sameAs":["https:\/\/facebook.com\/sergiolapegue","https:\/\/instagram.com\/sergiolapegue","https:\/\/x.com\/https:\/\/twitter.com\/sergiolapegue"]},{"@type":"Person","@id":"https:\/\/sergiolapegue.com\/site\/#\/schema\/person\/9198e7dbab43c6d74d0fd5399af7c3cd","name":"Daniel E. Monta\u00f1a","image":{"@type":"ImageObject","inLanguage":"es-AR","@id":"https:\/\/sergiolapegue.com\/site\/wp-content\/uploads\/2021\/04\/sl_avatar_Daniel-150x150.jpg","url":"https:\/\/sergiolapegue.com\/site\/wp-content\/uploads\/2021\/04\/sl_avatar_Daniel-150x150.jpg","contentUrl":"https:\/\/sergiolapegue.com\/site\/wp-content\/uploads\/2021\/04\/sl_avatar_Daniel-150x150.jpg","caption":"Daniel E. Monta\u00f1a"},"sameAs":["https:\/\/facebook.com\/danielernesto.montana","https:\/\/instagram.com\/daniel_montana1961","https:\/\/x.com\/https:\/\/twitter.com\/daner_004"],"url":"https:\/\/sergiolapegue.com\/site\/author\/daniel\/"}]}},"_links":{"self":[{"href":"https:\/\/sergiolapegue.com\/site\/wp-json\/wp\/v2\/posts\/26960","targetHints":{"allow":["GET"]}}],"collection":[{"href":"https:\/\/sergiolapegue.com\/site\/wp-json\/wp\/v2\/posts"}],"about":[{"href":"https:\/\/sergiolapegue.com\/site\/wp-json\/wp\/v2\/types\/post"}],"author":[{"embeddable":true,"href":"https:\/\/sergiolapegue.com\/site\/wp-json\/wp\/v2\/users\/3"}],"replies":[{"embeddable":true,"href":"https:\/\/sergiolapegue.com\/site\/wp-json\/wp\/v2\/comments?post=26960"}],"version-history":[{"count":1,"href":"https:\/\/sergiolapegue.com\/site\/wp-json\/wp\/v2\/posts\/26960\/revisions"}],"predecessor-version":[{"id":26964,"href":"https:\/\/sergiolapegue.com\/site\/wp-json\/wp\/v2\/posts\/26960\/revisions\/26964"}],"wp:featuredmedia":[{"embeddable":true,"href":"https:\/\/sergiolapegue.com\/site\/wp-json\/wp\/v2\/media\/26963"}],"wp:attachment":[{"href":"https:\/\/sergiolapegue.com\/site\/wp-json\/wp\/v2\/media?parent=26960"}],"wp:term":[{"taxonomy":"category","embeddable":true,"href":"https:\/\/sergiolapegue.com\/site\/wp-json\/wp\/v2\/categories?post=26960"},{"taxonomy":"post_tag","embeddable":true,"href":"https:\/\/sergiolapegue.com\/site\/wp-json\/wp\/v2\/tags?post=26960"}],"curies":[{"name":"wp","href":"https:\/\/api.w.org\/{rel}","templated":true}]}}