{"id":26930,"date":"2025-11-26T13:00:00","date_gmt":"2025-11-26T16:00:00","guid":{"rendered":"https:\/\/sergiolapegue.com\/site\/?p=26930"},"modified":"2025-11-24T18:10:11","modified_gmt":"2025-11-24T21:10:11","slug":"llega-el-clasico-del-verano-para-disfrutar-en-familia-o-con-amigos-vuelve-aquafan","status":"publish","type":"post","link":"https:\/\/sergiolapegue.com\/site\/2025\/11\/26\/llega-el-clasico-del-verano-para-disfrutar-en-familia-o-con-amigos-vuelve-aquafan\/","title":{"rendered":"LLEGA EL CL\u00c1SICO DEL VERANO PARA DISFRUTAR EN FAMILIA O CON AMIGOS VUELVE \u201cAQUAFAN\u201d"},"content":{"rendered":"\n<p>El parque acu\u00e1tico mas divertido del pa\u00eds, ubicado en Tigre, regresa con propuestas para todas las edades y una experiencia \u00fanica a minutos de la Ciudad de Buenos Aires, la apertura de la temporada 2026 ser\u00e1 el viernes 5 de diciembre.<\/p>\n\n\n\n<p>Vuelven los toboganes de agua con las vueltas mas originales, la pileta de olas m\u00e1s famosa de Argentina y las atracciones acu\u00e1ticas m\u00e1s divertidas para pasar el mejor verano en Buenos Aires.<\/p>\n\n\n\n<p>El parque cuenta con toboganes extremos, sectores infantiles, piletas climatizadas, \u00e1reas de relax y m\u00faltiples servicios para disfrutar de un d\u00eda completo: restaurantes, estacionamiento, patio de comidas, bar de tragos, puesto de jugos, kioscos, lockers, gift shop, stand de fotos y muchas cosas m\u00e1s.<\/p>\n\n\n\n<figure class=\"wp-block-image size-full\"><img loading=\"lazy\" decoding=\"async\" width=\"692\" height=\"519\" src=\"https:\/\/sergiolapegue.com\/site\/wp-content\/uploads\/2025\/11\/Llega-el-clasico-del-verano-Aquafan-1.jpg\" alt=\"\" class=\"wp-image-26932\" srcset=\"https:\/\/sergiolapegue.com\/site\/wp-content\/uploads\/2025\/11\/Llega-el-clasico-del-verano-Aquafan-1.jpg 692w, https:\/\/sergiolapegue.com\/site\/wp-content\/uploads\/2025\/11\/Llega-el-clasico-del-verano-Aquafan-1-300x225.jpg 300w, https:\/\/sergiolapegue.com\/site\/wp-content\/uploads\/2025\/11\/Llega-el-clasico-del-verano-Aquafan-1-560x420.jpg 560w, https:\/\/sergiolapegue.com\/site\/wp-content\/uploads\/2025\/11\/Llega-el-clasico-del-verano-Aquafan-1-80x60.jpg 80w\" sizes=\"auto, (max-width: 692px) 100vw, 692px\" \/><\/figure>\n\n\n\n<p>Para el comienzo de otra temporada inolvidable, Aquafan lanza una promoci\u00f3n 2&#215;1 para venir en diciembre (con cupos limitados).<\/p>\n\n\n\n<p>Adem\u00e1s, todos los pasaportes cuentan con seguro de lluvia, lo que permite reprogramar la visita si el clima no acompa\u00f1a.&nbsp;<\/p>\n\n\n\n<p>Los pasaportes pueden adquirirse de manera r\u00e1pida y segura a trav\u00e9s de su canal oficial.<\/p>\n\n\n\n<p>Entre las principales atracciones del parque, se destacan: el tobog\u00e1n de agua m\u00e1s alto del cono sur y segundo del mundo, el abismo con una altura de 32 metros, la pileta de olas artificiales, el tobog\u00e1n cerrado Black Hole con efectos luminosos.<\/p>\n\n\n\n<p>Tambi\u00e9n el tobog\u00e1n Turbolance con ca\u00edda de 14 metros de altura, el Multisurf con ca\u00edda libre para competir en 4 pistas desde 14 metros de altura y el tobog\u00e1n Aqua Tube, abierto con ca\u00edda desde los 6 metros.<\/p>\n\n\n\n<p>Para los m\u00e1s chicos se encuentra la zona infantil, un \u00e1rea de juegos de 800 m2, que contiene al splash, torres de trepada y 4 tipos de toboganes destinados a loa ni\u00f1os y ni\u00f1as de la familia.<\/p>\n\n\n\n<figure class=\"wp-block-image size-full is-resized\"><img loading=\"lazy\" decoding=\"async\" width=\"658\" height=\"438\" src=\"https:\/\/sergiolapegue.com\/site\/wp-content\/uploads\/2025\/11\/Llega-el-clasico-del-verano-Aquafan-2.jpg\" alt=\"\" class=\"wp-image-26931\" style=\"width:696px;height:auto\" srcset=\"https:\/\/sergiolapegue.com\/site\/wp-content\/uploads\/2025\/11\/Llega-el-clasico-del-verano-Aquafan-2.jpg 658w, https:\/\/sergiolapegue.com\/site\/wp-content\/uploads\/2025\/11\/Llega-el-clasico-del-verano-Aquafan-2-300x200.jpg 300w, https:\/\/sergiolapegue.com\/site\/wp-content\/uploads\/2025\/11\/Llega-el-clasico-del-verano-Aquafan-2-631x420.jpg 631w\" sizes=\"auto, (max-width: 658px) 100vw, 658px\" \/><\/figure>\n\n\n\n<p><strong>D\u00cdAS Y HORARIOS<\/strong><\/p>\n\n\n\n<p><strong>Apertura oficial:<\/strong> 05 de Diciembre<\/p>\n\n\n\n<p><strong>Ubicaci\u00f3n:<\/strong> Tigre \u2013 Buenos Aires \u2013 Argentina<\/p>\n\n\n\n<p>Pasaportes: <a href=\"http:\/\/www.LATICKETERA.com.ar\">www.LATICKETERA.com.ar<\/a><\/p>\n\n\n\n<p>Los pasaportes de ingreso al parque tienen formato diario. Se pueden conseguir online y en la boleter\u00eda del parque.<\/p>\n\n\n\n<p>Viernes, S\u00e1bados, Domingos y Feriados abierto a partir de las 10:00 horas<\/p>\n\n\n\n<p><strong>M\u00e1s informaci\u00f3n a trav\u00e9s de:<\/strong><\/p>\n\n\n\n<p>Web: <a href=\"https:\/\/www.parquedelacosta.com.ar\/aquafan\/\">https:\/\/www.parquedelacosta.com.ar\/aquafan\/<\/a><\/p>\n\n\n\n<p>Instagram:<a href=\"https:\/\/www.instagram.com\/aquafan_oficial\" target=\"_blank\" rel=\"noreferrer noopener\"> @aquafan_oficial<\/a><\/p>\n\n\n\n<p>Gracias Mercedes Otero por acercarnos la gacetilla con toda la informaci\u00f3n de la apertura de Aquafan.<\/p>\n\n\n\n<p><\/p>\n","protected":false},"excerpt":{"rendered":"<p>El parque acu\u00e1tico mas divertido del pa\u00eds, ubicado en Tigre, regresa con propuestas para todas las edades y una experiencia \u00fanica a minutos de la Ciudad de Buenos Aires, la apertura de la temporada 2026 ser\u00e1 el viernes 5 de diciembre. Vuelven los toboganes de agua con las vueltas mas originales, la pileta de olas [&hellip;]<\/p>\n","protected":false},"author":3,"featured_media":26933,"comment_status":"open","ping_status":"closed","sticky":false,"template":"","format":"standard","meta":{"footnotes":""},"categories":[38,39],"tags":[],"class_list":{"0":"post-26930","1":"post","2":"type-post","3":"status-publish","4":"format-standard","5":"has-post-thumbnail","7":"category-actualidad","8":"category-interes-general"},"yoast_head":"<!-- This site is optimized with the Yoast SEO plugin v27.5 - https:\/\/yoast.com\/product\/yoast-seo-wordpress\/ -->\n<title>LLEGA EL CL\u00c1SICO DEL VERANO PARA DISFRUTAR EN FAMILIA O CON AMIGOS VUELVE \u201cAQUAFAN\u201d - Sergio Lapegue<\/title>\n<meta name=\"robots\" content=\"index, follow, max-snippet:-1, max-image-preview:large, max-video-preview:-1\" \/>\n<link rel=\"canonical\" href=\"https:\/\/sergiolapegue.com\/site\/2025\/11\/26\/llega-el-clasico-del-verano-para-disfrutar-en-familia-o-con-amigos-vuelve-aquafan\/\" \/>\n<meta property=\"og:locale\" content=\"es_ES\" \/>\n<meta property=\"og:type\" content=\"article\" \/>\n<meta property=\"og:title\" content=\"LLEGA EL CL\u00c1SICO DEL VERANO PARA DISFRUTAR EN FAMILIA O CON AMIGOS VUELVE \u201cAQUAFAN\u201d - Sergio Lapegue\" \/>\n<meta property=\"og:description\" content=\"El parque acu\u00e1tico mas divertido del pa\u00eds, ubicado en Tigre, regresa con propuestas para todas las edades y una experiencia \u00fanica a minutos de la Ciudad de Buenos Aires, la apertura de la temporada 2026 ser\u00e1 el viernes 5 de diciembre. Vuelven los toboganes de agua con las vueltas mas originales, la pileta de olas [&hellip;]\" \/>\n<meta property=\"og:url\" content=\"https:\/\/sergiolapegue.com\/site\/2025\/11\/26\/llega-el-clasico-del-verano-para-disfrutar-en-familia-o-con-amigos-vuelve-aquafan\/\" \/>\n<meta property=\"og:site_name\" content=\"Sergio Lapegue\" \/>\n<meta property=\"article:publisher\" content=\"https:\/\/facebook.com\/sergiolapegue\" \/>\n<meta property=\"article:author\" content=\"https:\/\/facebook.com\/danielernesto.montana\" \/>\n<meta property=\"article:published_time\" content=\"2025-11-26T16:00:00+00:00\" \/>\n<meta property=\"og:image\" content=\"https:\/\/sergiolapegue.com\/site\/wp-content\/uploads\/2025\/11\/Llega-el-clasico-del-verano-Aquafan.png\" \/>\n\t<meta property=\"og:image:width\" content=\"323\" \/>\n\t<meta property=\"og:image:height\" content=\"110\" \/>\n\t<meta property=\"og:image:type\" content=\"image\/png\" \/>\n<meta name=\"author\" content=\"Daniel E. Monta\u00f1a\" \/>\n<meta name=\"twitter:card\" content=\"summary_large_image\" \/>\n<meta name=\"twitter:creator\" content=\"@https:\/\/twitter.com\/daner_004\" \/>\n<meta name=\"twitter:site\" content=\"@sergiolapegue\" \/>\n<meta name=\"twitter:label1\" content=\"Escrito por\" \/>\n\t<meta name=\"twitter:data1\" content=\"Daniel E. Monta\u00f1a\" \/>\n\t<meta name=\"twitter:label2\" content=\"Tiempo de lectura\" \/>\n\t<meta name=\"twitter:data2\" content=\"3 minutos\" \/>\n<script type=\"application\/ld+json\" class=\"yoast-schema-graph\">{\"@context\":\"https:\\\/\\\/schema.org\",\"@graph\":[{\"@type\":\"Article\",\"@id\":\"https:\\\/\\\/sergiolapegue.com\\\/site\\\/2025\\\/11\\\/26\\\/llega-el-clasico-del-verano-para-disfrutar-en-familia-o-con-amigos-vuelve-aquafan\\\/#article\",\"isPartOf\":{\"@id\":\"https:\\\/\\\/sergiolapegue.com\\\/site\\\/2025\\\/11\\\/26\\\/llega-el-clasico-del-verano-para-disfrutar-en-familia-o-con-amigos-vuelve-aquafan\\\/\"},\"author\":{\"name\":\"Daniel E. Monta\u00f1a\",\"@id\":\"https:\\\/\\\/sergiolapegue.com\\\/site\\\/#\\\/schema\\\/person\\\/9198e7dbab43c6d74d0fd5399af7c3cd\"},\"headline\":\"LLEGA EL CL\u00c1SICO DEL VERANO PARA DISFRUTAR EN FAMILIA O CON AMIGOS VUELVE \u201cAQUAFAN\u201d\",\"datePublished\":\"2025-11-26T16:00:00+00:00\",\"mainEntityOfPage\":{\"@id\":\"https:\\\/\\\/sergiolapegue.com\\\/site\\\/2025\\\/11\\\/26\\\/llega-el-clasico-del-verano-para-disfrutar-en-familia-o-con-amigos-vuelve-aquafan\\\/\"},\"wordCount\":406,\"commentCount\":0,\"publisher\":{\"@id\":\"https:\\\/\\\/sergiolapegue.com\\\/site\\\/#\\\/schema\\\/person\\\/083aeceeb0734cd166779ea6c0551a37\"},\"image\":{\"@id\":\"https:\\\/\\\/sergiolapegue.com\\\/site\\\/2025\\\/11\\\/26\\\/llega-el-clasico-del-verano-para-disfrutar-en-familia-o-con-amigos-vuelve-aquafan\\\/#primaryimage\"},\"thumbnailUrl\":\"https:\\\/\\\/sergiolapegue.com\\\/site\\\/wp-content\\\/uploads\\\/2025\\\/11\\\/Llega-el-clasico-del-verano-Aquafan.png\",\"articleSection\":[\"Actualidad\",\"Inter\u00e9s General\"],\"inLanguage\":\"es-AR\",\"potentialAction\":[{\"@type\":\"CommentAction\",\"name\":\"Comment\",\"target\":[\"https:\\\/\\\/sergiolapegue.com\\\/site\\\/2025\\\/11\\\/26\\\/llega-el-clasico-del-verano-para-disfrutar-en-familia-o-con-amigos-vuelve-aquafan\\\/#respond\"]}]},{\"@type\":\"WebPage\",\"@id\":\"https:\\\/\\\/sergiolapegue.com\\\/site\\\/2025\\\/11\\\/26\\\/llega-el-clasico-del-verano-para-disfrutar-en-familia-o-con-amigos-vuelve-aquafan\\\/\",\"url\":\"https:\\\/\\\/sergiolapegue.com\\\/site\\\/2025\\\/11\\\/26\\\/llega-el-clasico-del-verano-para-disfrutar-en-familia-o-con-amigos-vuelve-aquafan\\\/\",\"name\":\"LLEGA EL CL\u00c1SICO DEL VERANO PARA DISFRUTAR EN FAMILIA O CON AMIGOS VUELVE \u201cAQUAFAN\u201d - Sergio Lapegue\",\"isPartOf\":{\"@id\":\"https:\\\/\\\/sergiolapegue.com\\\/site\\\/#website\"},\"primaryImageOfPage\":{\"@id\":\"https:\\\/\\\/sergiolapegue.com\\\/site\\\/2025\\\/11\\\/26\\\/llega-el-clasico-del-verano-para-disfrutar-en-familia-o-con-amigos-vuelve-aquafan\\\/#primaryimage\"},\"image\":{\"@id\":\"https:\\\/\\\/sergiolapegue.com\\\/site\\\/2025\\\/11\\\/26\\\/llega-el-clasico-del-verano-para-disfrutar-en-familia-o-con-amigos-vuelve-aquafan\\\/#primaryimage\"},\"thumbnailUrl\":\"https:\\\/\\\/sergiolapegue.com\\\/site\\\/wp-content\\\/uploads\\\/2025\\\/11\\\/Llega-el-clasico-del-verano-Aquafan.png\",\"datePublished\":\"2025-11-26T16:00:00+00:00\",\"breadcrumb\":{\"@id\":\"https:\\\/\\\/sergiolapegue.com\\\/site\\\/2025\\\/11\\\/26\\\/llega-el-clasico-del-verano-para-disfrutar-en-familia-o-con-amigos-vuelve-aquafan\\\/#breadcrumb\"},\"inLanguage\":\"es-AR\",\"potentialAction\":[{\"@type\":\"ReadAction\",\"target\":[\"https:\\\/\\\/sergiolapegue.com\\\/site\\\/2025\\\/11\\\/26\\\/llega-el-clasico-del-verano-para-disfrutar-en-familia-o-con-amigos-vuelve-aquafan\\\/\"]}]},{\"@type\":\"ImageObject\",\"inLanguage\":\"es-AR\",\"@id\":\"https:\\\/\\\/sergiolapegue.com\\\/site\\\/2025\\\/11\\\/26\\\/llega-el-clasico-del-verano-para-disfrutar-en-familia-o-con-amigos-vuelve-aquafan\\\/#primaryimage\",\"url\":\"https:\\\/\\\/sergiolapegue.com\\\/site\\\/wp-content\\\/uploads\\\/2025\\\/11\\\/Llega-el-clasico-del-verano-Aquafan.png\",\"contentUrl\":\"https:\\\/\\\/sergiolapegue.com\\\/site\\\/wp-content\\\/uploads\\\/2025\\\/11\\\/Llega-el-clasico-del-verano-Aquafan.png\",\"width\":323,\"height\":110},{\"@type\":\"BreadcrumbList\",\"@id\":\"https:\\\/\\\/sergiolapegue.com\\\/site\\\/2025\\\/11\\\/26\\\/llega-el-clasico-del-verano-para-disfrutar-en-familia-o-con-amigos-vuelve-aquafan\\\/#breadcrumb\",\"itemListElement\":[{\"@type\":\"ListItem\",\"position\":1,\"name\":\"Inicio\",\"item\":\"https:\\\/\\\/sergiolapegue.com\\\/site\\\/\"},{\"@type\":\"ListItem\",\"position\":2,\"name\":\"LLEGA EL CL\u00c1SICO DEL VERANO PARA DISFRUTAR EN FAMILIA O CON AMIGOS VUELVE \u201cAQUAFAN\u201d\"}]},{\"@type\":\"WebSite\",\"@id\":\"https:\\\/\\\/sergiolapegue.com\\\/site\\\/#website\",\"url\":\"https:\\\/\\\/sergiolapegue.com\\\/site\\\/\",\"name\":\"Sergio Lapegue\",\"description\":\"Periodista\",\"publisher\":{\"@id\":\"https:\\\/\\\/sergiolapegue.com\\\/site\\\/#\\\/schema\\\/person\\\/083aeceeb0734cd166779ea6c0551a37\"},\"potentialAction\":[{\"@type\":\"SearchAction\",\"target\":{\"@type\":\"EntryPoint\",\"urlTemplate\":\"https:\\\/\\\/sergiolapegue.com\\\/site\\\/?s={search_term_string}\"},\"query-input\":{\"@type\":\"PropertyValueSpecification\",\"valueRequired\":true,\"valueName\":\"search_term_string\"}}],\"inLanguage\":\"es-AR\"},{\"@type\":[\"Person\",\"Organization\"],\"@id\":\"https:\\\/\\\/sergiolapegue.com\\\/site\\\/#\\\/schema\\\/person\\\/083aeceeb0734cd166779ea6c0551a37\",\"name\":\"Sergio Lapegue\",\"image\":{\"@type\":\"ImageObject\",\"inLanguage\":\"es-AR\",\"@id\":\"https:\\\/\\\/sergiolapegue.com\\\/site\\\/wp-content\\\/uploads\\\/2021\\\/04\\\/logo_header-1.png\",\"url\":\"https:\\\/\\\/sergiolapegue.com\\\/site\\\/wp-content\\\/uploads\\\/2021\\\/04\\\/logo_header-1.png\",\"contentUrl\":\"https:\\\/\\\/sergiolapegue.com\\\/site\\\/wp-content\\\/uploads\\\/2021\\\/04\\\/logo_header-1.png\",\"width\":272,\"height\":90,\"caption\":\"Sergio Lapegue\"},\"logo\":{\"@id\":\"https:\\\/\\\/sergiolapegue.com\\\/site\\\/wp-content\\\/uploads\\\/2021\\\/04\\\/logo_header-1.png\"},\"sameAs\":[\"https:\\\/\\\/facebook.com\\\/sergiolapegue\",\"https:\\\/\\\/instagram.com\\\/sergiolapegue\",\"https:\\\/\\\/x.com\\\/https:\\\/\\\/twitter.com\\\/sergiolapegue\"]},{\"@type\":\"Person\",\"@id\":\"https:\\\/\\\/sergiolapegue.com\\\/site\\\/#\\\/schema\\\/person\\\/9198e7dbab43c6d74d0fd5399af7c3cd\",\"name\":\"Daniel E. Monta\u00f1a\",\"image\":{\"@type\":\"ImageObject\",\"inLanguage\":\"es-AR\",\"@id\":\"https:\\\/\\\/sergiolapegue.com\\\/site\\\/wp-content\\\/uploads\\\/2021\\\/04\\\/sl_avatar_Daniel-150x150.jpg\",\"url\":\"https:\\\/\\\/sergiolapegue.com\\\/site\\\/wp-content\\\/uploads\\\/2021\\\/04\\\/sl_avatar_Daniel-150x150.jpg\",\"contentUrl\":\"https:\\\/\\\/sergiolapegue.com\\\/site\\\/wp-content\\\/uploads\\\/2021\\\/04\\\/sl_avatar_Daniel-150x150.jpg\",\"caption\":\"Daniel E. Monta\u00f1a\"},\"sameAs\":[\"https:\\\/\\\/facebook.com\\\/danielernesto.montana\",\"https:\\\/\\\/instagram.com\\\/daniel_montana1961\",\"https:\\\/\\\/x.com\\\/https:\\\/\\\/twitter.com\\\/daner_004\"],\"url\":\"https:\\\/\\\/sergiolapegue.com\\\/site\\\/author\\\/daniel\\\/\"}]}<\/script>\n<!-- \/ Yoast SEO plugin. -->","yoast_head_json":{"title":"LLEGA EL CL\u00c1SICO DEL VERANO PARA DISFRUTAR EN FAMILIA O CON AMIGOS VUELVE \u201cAQUAFAN\u201d - Sergio Lapegue","robots":{"index":"index","follow":"follow","max-snippet":"max-snippet:-1","max-image-preview":"max-image-preview:large","max-video-preview":"max-video-preview:-1"},"canonical":"https:\/\/sergiolapegue.com\/site\/2025\/11\/26\/llega-el-clasico-del-verano-para-disfrutar-en-familia-o-con-amigos-vuelve-aquafan\/","og_locale":"es_ES","og_type":"article","og_title":"LLEGA EL CL\u00c1SICO DEL VERANO PARA DISFRUTAR EN FAMILIA O CON AMIGOS VUELVE \u201cAQUAFAN\u201d - Sergio Lapegue","og_description":"El parque acu\u00e1tico mas divertido del pa\u00eds, ubicado en Tigre, regresa con propuestas para todas las edades y una experiencia \u00fanica a minutos de la Ciudad de Buenos Aires, la apertura de la temporada 2026 ser\u00e1 el viernes 5 de diciembre. Vuelven los toboganes de agua con las vueltas mas originales, la pileta de olas [&hellip;]","og_url":"https:\/\/sergiolapegue.com\/site\/2025\/11\/26\/llega-el-clasico-del-verano-para-disfrutar-en-familia-o-con-amigos-vuelve-aquafan\/","og_site_name":"Sergio Lapegue","article_publisher":"https:\/\/facebook.com\/sergiolapegue","article_author":"https:\/\/facebook.com\/danielernesto.montana","article_published_time":"2025-11-26T16:00:00+00:00","og_image":[{"width":323,"height":110,"url":"https:\/\/sergiolapegue.com\/site\/wp-content\/uploads\/2025\/11\/Llega-el-clasico-del-verano-Aquafan.png","type":"image\/png"}],"author":"Daniel E. Monta\u00f1a","twitter_card":"summary_large_image","twitter_creator":"@https:\/\/twitter.com\/daner_004","twitter_site":"@sergiolapegue","twitter_misc":{"Escrito por":"Daniel E. Monta\u00f1a","Tiempo de lectura":"3 minutos"},"schema":{"@context":"https:\/\/schema.org","@graph":[{"@type":"Article","@id":"https:\/\/sergiolapegue.com\/site\/2025\/11\/26\/llega-el-clasico-del-verano-para-disfrutar-en-familia-o-con-amigos-vuelve-aquafan\/#article","isPartOf":{"@id":"https:\/\/sergiolapegue.com\/site\/2025\/11\/26\/llega-el-clasico-del-verano-para-disfrutar-en-familia-o-con-amigos-vuelve-aquafan\/"},"author":{"name":"Daniel E. Monta\u00f1a","@id":"https:\/\/sergiolapegue.com\/site\/#\/schema\/person\/9198e7dbab43c6d74d0fd5399af7c3cd"},"headline":"LLEGA EL CL\u00c1SICO DEL VERANO PARA DISFRUTAR EN FAMILIA O CON AMIGOS VUELVE \u201cAQUAFAN\u201d","datePublished":"2025-11-26T16:00:00+00:00","mainEntityOfPage":{"@id":"https:\/\/sergiolapegue.com\/site\/2025\/11\/26\/llega-el-clasico-del-verano-para-disfrutar-en-familia-o-con-amigos-vuelve-aquafan\/"},"wordCount":406,"commentCount":0,"publisher":{"@id":"https:\/\/sergiolapegue.com\/site\/#\/schema\/person\/083aeceeb0734cd166779ea6c0551a37"},"image":{"@id":"https:\/\/sergiolapegue.com\/site\/2025\/11\/26\/llega-el-clasico-del-verano-para-disfrutar-en-familia-o-con-amigos-vuelve-aquafan\/#primaryimage"},"thumbnailUrl":"https:\/\/sergiolapegue.com\/site\/wp-content\/uploads\/2025\/11\/Llega-el-clasico-del-verano-Aquafan.png","articleSection":["Actualidad","Inter\u00e9s General"],"inLanguage":"es-AR","potentialAction":[{"@type":"CommentAction","name":"Comment","target":["https:\/\/sergiolapegue.com\/site\/2025\/11\/26\/llega-el-clasico-del-verano-para-disfrutar-en-familia-o-con-amigos-vuelve-aquafan\/#respond"]}]},{"@type":"WebPage","@id":"https:\/\/sergiolapegue.com\/site\/2025\/11\/26\/llega-el-clasico-del-verano-para-disfrutar-en-familia-o-con-amigos-vuelve-aquafan\/","url":"https:\/\/sergiolapegue.com\/site\/2025\/11\/26\/llega-el-clasico-del-verano-para-disfrutar-en-familia-o-con-amigos-vuelve-aquafan\/","name":"LLEGA EL CL\u00c1SICO DEL VERANO PARA DISFRUTAR EN FAMILIA O CON AMIGOS VUELVE \u201cAQUAFAN\u201d - Sergio Lapegue","isPartOf":{"@id":"https:\/\/sergiolapegue.com\/site\/#website"},"primaryImageOfPage":{"@id":"https:\/\/sergiolapegue.com\/site\/2025\/11\/26\/llega-el-clasico-del-verano-para-disfrutar-en-familia-o-con-amigos-vuelve-aquafan\/#primaryimage"},"image":{"@id":"https:\/\/sergiolapegue.com\/site\/2025\/11\/26\/llega-el-clasico-del-verano-para-disfrutar-en-familia-o-con-amigos-vuelve-aquafan\/#primaryimage"},"thumbnailUrl":"https:\/\/sergiolapegue.com\/site\/wp-content\/uploads\/2025\/11\/Llega-el-clasico-del-verano-Aquafan.png","datePublished":"2025-11-26T16:00:00+00:00","breadcrumb":{"@id":"https:\/\/sergiolapegue.com\/site\/2025\/11\/26\/llega-el-clasico-del-verano-para-disfrutar-en-familia-o-con-amigos-vuelve-aquafan\/#breadcrumb"},"inLanguage":"es-AR","potentialAction":[{"@type":"ReadAction","target":["https:\/\/sergiolapegue.com\/site\/2025\/11\/26\/llega-el-clasico-del-verano-para-disfrutar-en-familia-o-con-amigos-vuelve-aquafan\/"]}]},{"@type":"ImageObject","inLanguage":"es-AR","@id":"https:\/\/sergiolapegue.com\/site\/2025\/11\/26\/llega-el-clasico-del-verano-para-disfrutar-en-familia-o-con-amigos-vuelve-aquafan\/#primaryimage","url":"https:\/\/sergiolapegue.com\/site\/wp-content\/uploads\/2025\/11\/Llega-el-clasico-del-verano-Aquafan.png","contentUrl":"https:\/\/sergiolapegue.com\/site\/wp-content\/uploads\/2025\/11\/Llega-el-clasico-del-verano-Aquafan.png","width":323,"height":110},{"@type":"BreadcrumbList","@id":"https:\/\/sergiolapegue.com\/site\/2025\/11\/26\/llega-el-clasico-del-verano-para-disfrutar-en-familia-o-con-amigos-vuelve-aquafan\/#breadcrumb","itemListElement":[{"@type":"ListItem","position":1,"name":"Inicio","item":"https:\/\/sergiolapegue.com\/site\/"},{"@type":"ListItem","position":2,"name":"LLEGA EL CL\u00c1SICO DEL VERANO PARA DISFRUTAR EN FAMILIA O CON AMIGOS VUELVE \u201cAQUAFAN\u201d"}]},{"@type":"WebSite","@id":"https:\/\/sergiolapegue.com\/site\/#website","url":"https:\/\/sergiolapegue.com\/site\/","name":"Sergio Lapegue","description":"Periodista","publisher":{"@id":"https:\/\/sergiolapegue.com\/site\/#\/schema\/person\/083aeceeb0734cd166779ea6c0551a37"},"potentialAction":[{"@type":"SearchAction","target":{"@type":"EntryPoint","urlTemplate":"https:\/\/sergiolapegue.com\/site\/?s={search_term_string}"},"query-input":{"@type":"PropertyValueSpecification","valueRequired":true,"valueName":"search_term_string"}}],"inLanguage":"es-AR"},{"@type":["Person","Organization"],"@id":"https:\/\/sergiolapegue.com\/site\/#\/schema\/person\/083aeceeb0734cd166779ea6c0551a37","name":"Sergio Lapegue","image":{"@type":"ImageObject","inLanguage":"es-AR","@id":"https:\/\/sergiolapegue.com\/site\/wp-content\/uploads\/2021\/04\/logo_header-1.png","url":"https:\/\/sergiolapegue.com\/site\/wp-content\/uploads\/2021\/04\/logo_header-1.png","contentUrl":"https:\/\/sergiolapegue.com\/site\/wp-content\/uploads\/2021\/04\/logo_header-1.png","width":272,"height":90,"caption":"Sergio Lapegue"},"logo":{"@id":"https:\/\/sergiolapegue.com\/site\/wp-content\/uploads\/2021\/04\/logo_header-1.png"},"sameAs":["https:\/\/facebook.com\/sergiolapegue","https:\/\/instagram.com\/sergiolapegue","https:\/\/x.com\/https:\/\/twitter.com\/sergiolapegue"]},{"@type":"Person","@id":"https:\/\/sergiolapegue.com\/site\/#\/schema\/person\/9198e7dbab43c6d74d0fd5399af7c3cd","name":"Daniel E. Monta\u00f1a","image":{"@type":"ImageObject","inLanguage":"es-AR","@id":"https:\/\/sergiolapegue.com\/site\/wp-content\/uploads\/2021\/04\/sl_avatar_Daniel-150x150.jpg","url":"https:\/\/sergiolapegue.com\/site\/wp-content\/uploads\/2021\/04\/sl_avatar_Daniel-150x150.jpg","contentUrl":"https:\/\/sergiolapegue.com\/site\/wp-content\/uploads\/2021\/04\/sl_avatar_Daniel-150x150.jpg","caption":"Daniel E. Monta\u00f1a"},"sameAs":["https:\/\/facebook.com\/danielernesto.montana","https:\/\/instagram.com\/daniel_montana1961","https:\/\/x.com\/https:\/\/twitter.com\/daner_004"],"url":"https:\/\/sergiolapegue.com\/site\/author\/daniel\/"}]}},"_links":{"self":[{"href":"https:\/\/sergiolapegue.com\/site\/wp-json\/wp\/v2\/posts\/26930","targetHints":{"allow":["GET"]}}],"collection":[{"href":"https:\/\/sergiolapegue.com\/site\/wp-json\/wp\/v2\/posts"}],"about":[{"href":"https:\/\/sergiolapegue.com\/site\/wp-json\/wp\/v2\/types\/post"}],"author":[{"embeddable":true,"href":"https:\/\/sergiolapegue.com\/site\/wp-json\/wp\/v2\/users\/3"}],"replies":[{"embeddable":true,"href":"https:\/\/sergiolapegue.com\/site\/wp-json\/wp\/v2\/comments?post=26930"}],"version-history":[{"count":1,"href":"https:\/\/sergiolapegue.com\/site\/wp-json\/wp\/v2\/posts\/26930\/revisions"}],"predecessor-version":[{"id":26934,"href":"https:\/\/sergiolapegue.com\/site\/wp-json\/wp\/v2\/posts\/26930\/revisions\/26934"}],"wp:featuredmedia":[{"embeddable":true,"href":"https:\/\/sergiolapegue.com\/site\/wp-json\/wp\/v2\/media\/26933"}],"wp:attachment":[{"href":"https:\/\/sergiolapegue.com\/site\/wp-json\/wp\/v2\/media?parent=26930"}],"wp:term":[{"taxonomy":"category","embeddable":true,"href":"https:\/\/sergiolapegue.com\/site\/wp-json\/wp\/v2\/categories?post=26930"},{"taxonomy":"post_tag","embeddable":true,"href":"https:\/\/sergiolapegue.com\/site\/wp-json\/wp\/v2\/tags?post=26930"}],"curies":[{"name":"wp","href":"https:\/\/api.w.org\/{rel}","templated":true}]}}