{"id":26916,"date":"2025-11-25T13:00:00","date_gmt":"2025-11-25T16:00:00","guid":{"rendered":"https:\/\/sergiolapegue.com\/site\/?p=26916"},"modified":"2025-11-23T02:18:49","modified_gmt":"2025-11-23T05:18:49","slug":"el-coro-gospel-brindara-dos-shows-vibrantes-en-el-teatro-astral","status":"publish","type":"post","link":"https:\/\/sergiolapegue.com\/site\/2025\/11\/25\/el-coro-gospel-brindara-dos-shows-vibrantes-en-el-teatro-astral\/","title":{"rendered":"EL CORO GOSPEL BRINDAR\u00c1 DOS SHOWS VIBRANTES EN EL TEATRO ASTRAL"},"content":{"rendered":"\n<p>Para palpitar el esp\u00edritu navide\u00f1o, el&nbsp;Coro G\u00f3spel Buenos Aires&nbsp;brindar\u00e1 dos shows vibrantes en el Teatro Astral.<\/p>\n\n\n\n<p>El mismo, que se denomina&nbsp;\u201cShow G\u00f3spel de Navidad\u201d, se realizar\u00e1 el&nbsp;jueves 4&nbsp;y el jueves&nbsp;11 de diciembre, a las&nbsp;20:30 horas.<\/p>\n\n\n\n<p>Con m\u00e1s de 50 m\u00fasicos en escena, el evento combinar\u00e1 g\u00f3spel, jazz, coro, villancicos y la Big Band en vivo.<\/p>\n\n\n\n<figure class=\"wp-block-image size-full\"><img loading=\"lazy\" decoding=\"async\" width=\"1000\" height=\"561\" src=\"https:\/\/sergiolapegue.com\/site\/wp-content\/uploads\/2025\/11\/El-Coro-Gospel-brindara-dos-shows-1.jpg\" alt=\"\" class=\"wp-image-26917\" srcset=\"https:\/\/sergiolapegue.com\/site\/wp-content\/uploads\/2025\/11\/El-Coro-Gospel-brindara-dos-shows-1.jpg 1000w, https:\/\/sergiolapegue.com\/site\/wp-content\/uploads\/2025\/11\/El-Coro-Gospel-brindara-dos-shows-1-300x168.jpg 300w, https:\/\/sergiolapegue.com\/site\/wp-content\/uploads\/2025\/11\/El-Coro-Gospel-brindara-dos-shows-1-768x431.jpg 768w, https:\/\/sergiolapegue.com\/site\/wp-content\/uploads\/2025\/11\/El-Coro-Gospel-brindara-dos-shows-1-749x420.jpg 749w, https:\/\/sergiolapegue.com\/site\/wp-content\/uploads\/2025\/11\/El-Coro-Gospel-brindara-dos-shows-1-696x390.jpg 696w\" sizes=\"auto, (max-width: 1000px) 100vw, 1000px\" \/><\/figure>\n\n\n\n<p>\u201cBuscamos crear un show original que refleje el verdadero sentido navide\u00f1o a trav\u00e9s del g\u00f3spel y obras originales\u201d\u201d,&nbsp;afirma&nbsp;Nelson Ben\u00edtez, baterista del&nbsp;Coro G\u00f3spel Buenos Aires&nbsp;y coproductor del show, junto a su hermano Tom\u00e1s Ben\u00edtez, productor, director y compositor musical.<\/p>\n\n\n\n<p>El&nbsp;Coro G\u00f3spel de Buenos Aires&nbsp;se form\u00f3 en 2024 bajo la direcci\u00f3n de Tomas&nbsp;Ben\u00edtez. El grupo se ha presentado en diversos teatros e iglesias de la ciudad&nbsp;de Buenos Aires, as\u00ed como en programas de streaming, televisi\u00f3n y radio. Su repertorio est\u00e1 centrado en g\u00f3spel, jazz y m\u00fasica de&nbsp;pel\u00edculas.&nbsp;<\/p>\n\n\n\n<p>Para saber m\u00e1s sobre el show, consultar los Instagram: @showgospelnavidad @corogospel.buenosaires<\/p>\n\n\n\n<figure class=\"wp-block-image size-full\"><img loading=\"lazy\" decoding=\"async\" width=\"1000\" height=\"728\" src=\"https:\/\/sergiolapegue.com\/site\/wp-content\/uploads\/2025\/11\/El-Coro-Gospel-brindara-dos-shows-2.jpg\" alt=\"\" class=\"wp-image-26918\" srcset=\"https:\/\/sergiolapegue.com\/site\/wp-content\/uploads\/2025\/11\/El-Coro-Gospel-brindara-dos-shows-2.jpg 1000w, https:\/\/sergiolapegue.com\/site\/wp-content\/uploads\/2025\/11\/El-Coro-Gospel-brindara-dos-shows-2-300x218.jpg 300w, https:\/\/sergiolapegue.com\/site\/wp-content\/uploads\/2025\/11\/El-Coro-Gospel-brindara-dos-shows-2-768x559.jpg 768w, https:\/\/sergiolapegue.com\/site\/wp-content\/uploads\/2025\/11\/El-Coro-Gospel-brindara-dos-shows-2-577x420.jpg 577w, https:\/\/sergiolapegue.com\/site\/wp-content\/uploads\/2025\/11\/El-Coro-Gospel-brindara-dos-shows-2-696x507.jpg 696w\" sizes=\"auto, (max-width: 1000px) 100vw, 1000px\" \/><\/figure>\n\n\n\n<p><strong>TEATRO ASTRAL<\/strong><strong><\/strong><\/p>\n\n\n\n<p>Av. Corrientes 1639 \u2013 Capital Federal \u2013 Buenos Aires \u2013 Argentina<\/p>\n\n\n\n<p>Tel\u00e9fono: 4374-5707<\/p>\n\n\n\n<p>Entradas: $ 20.000 \u2013 en boleter\u00eda del teatro o por Plateanet<\/p>\n\n\n\n<p><a href=\"https:\/\/www.plateanet.com\/obra\/31781?obra=SHOW%20GOSPEL%20DE%20NAVIDAD&amp;paso=inicio\">https:\/\/www.plateanet.com\/obra\/31781?obra=SHOW%20GOSPEL%20DE%20NAVIDAD&amp;paso=inicio<\/a><\/p>\n\n\n\n<p>Funciones: Jueves 04 y 11 de Diciembre \u2013 20:30 horas<\/p>\n\n\n\n<p>Gracias Juan Ignacio Penlowskyj por enviarnos la gacetilla de prensa de este show musical.<\/p>\n","protected":false},"excerpt":{"rendered":"<p>Para palpitar el esp\u00edritu navide\u00f1o, el&nbsp;Coro G\u00f3spel Buenos Aires&nbsp;brindar\u00e1 dos shows vibrantes en el Teatro Astral. El mismo, que se denomina&nbsp;\u201cShow G\u00f3spel de Navidad\u201d, se realizar\u00e1 el&nbsp;jueves 4&nbsp;y el jueves&nbsp;11 de diciembre, a las&nbsp;20:30 horas. Con m\u00e1s de 50 m\u00fasicos en escena, el evento combinar\u00e1 g\u00f3spel, jazz, coro, villancicos y la Big Band en vivo. [&hellip;]<\/p>\n","protected":false},"author":3,"featured_media":26919,"comment_status":"open","ping_status":"closed","sticky":false,"template":"","format":"standard","meta":{"footnotes":""},"categories":[34,56],"tags":[],"class_list":{"0":"post-26916","1":"post","2":"type-post","3":"status-publish","4":"format-standard","5":"has-post-thumbnail","7":"category-arte","8":"category-musica"},"yoast_head":"<!-- This site is optimized with the Yoast SEO plugin v27.5 - https:\/\/yoast.com\/product\/yoast-seo-wordpress\/ -->\n<title>EL CORO GOSPEL BRINDAR\u00c1 DOS SHOWS VIBRANTES EN EL TEATRO ASTRAL - Sergio Lapegue<\/title>\n<meta name=\"robots\" content=\"index, follow, max-snippet:-1, max-image-preview:large, max-video-preview:-1\" \/>\n<link rel=\"canonical\" href=\"https:\/\/sergiolapegue.com\/site\/2025\/11\/25\/el-coro-gospel-brindara-dos-shows-vibrantes-en-el-teatro-astral\/\" \/>\n<meta property=\"og:locale\" content=\"es_ES\" \/>\n<meta property=\"og:type\" content=\"article\" \/>\n<meta property=\"og:title\" content=\"EL CORO GOSPEL BRINDAR\u00c1 DOS SHOWS VIBRANTES EN EL TEATRO ASTRAL - Sergio Lapegue\" \/>\n<meta property=\"og:description\" content=\"Para palpitar el esp\u00edritu navide\u00f1o, el&nbsp;Coro G\u00f3spel Buenos Aires&nbsp;brindar\u00e1 dos shows vibrantes en el Teatro Astral. El mismo, que se denomina&nbsp;\u201cShow G\u00f3spel de Navidad\u201d, se realizar\u00e1 el&nbsp;jueves 4&nbsp;y el jueves&nbsp;11 de diciembre, a las&nbsp;20:30 horas. Con m\u00e1s de 50 m\u00fasicos en escena, el evento combinar\u00e1 g\u00f3spel, jazz, coro, villancicos y la Big Band en vivo. [&hellip;]\" \/>\n<meta property=\"og:url\" content=\"https:\/\/sergiolapegue.com\/site\/2025\/11\/25\/el-coro-gospel-brindara-dos-shows-vibrantes-en-el-teatro-astral\/\" \/>\n<meta property=\"og:site_name\" content=\"Sergio Lapegue\" \/>\n<meta property=\"article:publisher\" content=\"https:\/\/facebook.com\/sergiolapegue\" \/>\n<meta property=\"article:author\" content=\"https:\/\/facebook.com\/danielernesto.montana\" \/>\n<meta property=\"article:published_time\" content=\"2025-11-25T16:00:00+00:00\" \/>\n<meta property=\"og:image\" content=\"https:\/\/sergiolapegue.com\/site\/wp-content\/uploads\/2025\/11\/El-Coro-Gospel-brindara-dos-shows.jpg\" \/>\n\t<meta property=\"og:image:width\" content=\"800\" \/>\n\t<meta property=\"og:image:height\" content=\"1000\" \/>\n\t<meta property=\"og:image:type\" content=\"image\/jpeg\" \/>\n<meta name=\"author\" content=\"Daniel E. Monta\u00f1a\" \/>\n<meta name=\"twitter:card\" content=\"summary_large_image\" \/>\n<meta name=\"twitter:creator\" content=\"@https:\/\/twitter.com\/daner_004\" \/>\n<meta name=\"twitter:site\" content=\"@sergiolapegue\" \/>\n<meta name=\"twitter:label1\" content=\"Escrito por\" \/>\n\t<meta name=\"twitter:data1\" content=\"Daniel E. Monta\u00f1a\" \/>\n\t<meta name=\"twitter:label2\" content=\"Tiempo de lectura\" \/>\n\t<meta name=\"twitter:data2\" content=\"2 minutos\" \/>\n<script type=\"application\/ld+json\" class=\"yoast-schema-graph\">{\"@context\":\"https:\\\/\\\/schema.org\",\"@graph\":[{\"@type\":\"Article\",\"@id\":\"https:\\\/\\\/sergiolapegue.com\\\/site\\\/2025\\\/11\\\/25\\\/el-coro-gospel-brindara-dos-shows-vibrantes-en-el-teatro-astral\\\/#article\",\"isPartOf\":{\"@id\":\"https:\\\/\\\/sergiolapegue.com\\\/site\\\/2025\\\/11\\\/25\\\/el-coro-gospel-brindara-dos-shows-vibrantes-en-el-teatro-astral\\\/\"},\"author\":{\"name\":\"Daniel E. Monta\u00f1a\",\"@id\":\"https:\\\/\\\/sergiolapegue.com\\\/site\\\/#\\\/schema\\\/person\\\/9198e7dbab43c6d74d0fd5399af7c3cd\"},\"headline\":\"EL CORO GOSPEL BRINDAR\u00c1 DOS SHOWS VIBRANTES EN EL TEATRO ASTRAL\",\"datePublished\":\"2025-11-25T16:00:00+00:00\",\"mainEntityOfPage\":{\"@id\":\"https:\\\/\\\/sergiolapegue.com\\\/site\\\/2025\\\/11\\\/25\\\/el-coro-gospel-brindara-dos-shows-vibrantes-en-el-teatro-astral\\\/\"},\"wordCount\":267,\"commentCount\":0,\"publisher\":{\"@id\":\"https:\\\/\\\/sergiolapegue.com\\\/site\\\/#\\\/schema\\\/person\\\/083aeceeb0734cd166779ea6c0551a37\"},\"image\":{\"@id\":\"https:\\\/\\\/sergiolapegue.com\\\/site\\\/2025\\\/11\\\/25\\\/el-coro-gospel-brindara-dos-shows-vibrantes-en-el-teatro-astral\\\/#primaryimage\"},\"thumbnailUrl\":\"https:\\\/\\\/sergiolapegue.com\\\/site\\\/wp-content\\\/uploads\\\/2025\\\/11\\\/El-Coro-Gospel-brindara-dos-shows.jpg\",\"articleSection\":[\"Arte\",\"M\u00fasica\"],\"inLanguage\":\"es-AR\",\"potentialAction\":[{\"@type\":\"CommentAction\",\"name\":\"Comment\",\"target\":[\"https:\\\/\\\/sergiolapegue.com\\\/site\\\/2025\\\/11\\\/25\\\/el-coro-gospel-brindara-dos-shows-vibrantes-en-el-teatro-astral\\\/#respond\"]}]},{\"@type\":\"WebPage\",\"@id\":\"https:\\\/\\\/sergiolapegue.com\\\/site\\\/2025\\\/11\\\/25\\\/el-coro-gospel-brindara-dos-shows-vibrantes-en-el-teatro-astral\\\/\",\"url\":\"https:\\\/\\\/sergiolapegue.com\\\/site\\\/2025\\\/11\\\/25\\\/el-coro-gospel-brindara-dos-shows-vibrantes-en-el-teatro-astral\\\/\",\"name\":\"EL CORO GOSPEL BRINDAR\u00c1 DOS SHOWS VIBRANTES EN EL TEATRO ASTRAL - Sergio Lapegue\",\"isPartOf\":{\"@id\":\"https:\\\/\\\/sergiolapegue.com\\\/site\\\/#website\"},\"primaryImageOfPage\":{\"@id\":\"https:\\\/\\\/sergiolapegue.com\\\/site\\\/2025\\\/11\\\/25\\\/el-coro-gospel-brindara-dos-shows-vibrantes-en-el-teatro-astral\\\/#primaryimage\"},\"image\":{\"@id\":\"https:\\\/\\\/sergiolapegue.com\\\/site\\\/2025\\\/11\\\/25\\\/el-coro-gospel-brindara-dos-shows-vibrantes-en-el-teatro-astral\\\/#primaryimage\"},\"thumbnailUrl\":\"https:\\\/\\\/sergiolapegue.com\\\/site\\\/wp-content\\\/uploads\\\/2025\\\/11\\\/El-Coro-Gospel-brindara-dos-shows.jpg\",\"datePublished\":\"2025-11-25T16:00:00+00:00\",\"breadcrumb\":{\"@id\":\"https:\\\/\\\/sergiolapegue.com\\\/site\\\/2025\\\/11\\\/25\\\/el-coro-gospel-brindara-dos-shows-vibrantes-en-el-teatro-astral\\\/#breadcrumb\"},\"inLanguage\":\"es-AR\",\"potentialAction\":[{\"@type\":\"ReadAction\",\"target\":[\"https:\\\/\\\/sergiolapegue.com\\\/site\\\/2025\\\/11\\\/25\\\/el-coro-gospel-brindara-dos-shows-vibrantes-en-el-teatro-astral\\\/\"]}]},{\"@type\":\"ImageObject\",\"inLanguage\":\"es-AR\",\"@id\":\"https:\\\/\\\/sergiolapegue.com\\\/site\\\/2025\\\/11\\\/25\\\/el-coro-gospel-brindara-dos-shows-vibrantes-en-el-teatro-astral\\\/#primaryimage\",\"url\":\"https:\\\/\\\/sergiolapegue.com\\\/site\\\/wp-content\\\/uploads\\\/2025\\\/11\\\/El-Coro-Gospel-brindara-dos-shows.jpg\",\"contentUrl\":\"https:\\\/\\\/sergiolapegue.com\\\/site\\\/wp-content\\\/uploads\\\/2025\\\/11\\\/El-Coro-Gospel-brindara-dos-shows.jpg\",\"width\":800,\"height\":1000},{\"@type\":\"BreadcrumbList\",\"@id\":\"https:\\\/\\\/sergiolapegue.com\\\/site\\\/2025\\\/11\\\/25\\\/el-coro-gospel-brindara-dos-shows-vibrantes-en-el-teatro-astral\\\/#breadcrumb\",\"itemListElement\":[{\"@type\":\"ListItem\",\"position\":1,\"name\":\"Inicio\",\"item\":\"https:\\\/\\\/sergiolapegue.com\\\/site\\\/\"},{\"@type\":\"ListItem\",\"position\":2,\"name\":\"EL CORO GOSPEL BRINDAR\u00c1 DOS SHOWS VIBRANTES EN EL TEATRO ASTRAL\"}]},{\"@type\":\"WebSite\",\"@id\":\"https:\\\/\\\/sergiolapegue.com\\\/site\\\/#website\",\"url\":\"https:\\\/\\\/sergiolapegue.com\\\/site\\\/\",\"name\":\"Sergio Lapegue\",\"description\":\"Periodista\",\"publisher\":{\"@id\":\"https:\\\/\\\/sergiolapegue.com\\\/site\\\/#\\\/schema\\\/person\\\/083aeceeb0734cd166779ea6c0551a37\"},\"potentialAction\":[{\"@type\":\"SearchAction\",\"target\":{\"@type\":\"EntryPoint\",\"urlTemplate\":\"https:\\\/\\\/sergiolapegue.com\\\/site\\\/?s={search_term_string}\"},\"query-input\":{\"@type\":\"PropertyValueSpecification\",\"valueRequired\":true,\"valueName\":\"search_term_string\"}}],\"inLanguage\":\"es-AR\"},{\"@type\":[\"Person\",\"Organization\"],\"@id\":\"https:\\\/\\\/sergiolapegue.com\\\/site\\\/#\\\/schema\\\/person\\\/083aeceeb0734cd166779ea6c0551a37\",\"name\":\"Sergio Lapegue\",\"image\":{\"@type\":\"ImageObject\",\"inLanguage\":\"es-AR\",\"@id\":\"https:\\\/\\\/sergiolapegue.com\\\/site\\\/wp-content\\\/uploads\\\/2021\\\/04\\\/logo_header-1.png\",\"url\":\"https:\\\/\\\/sergiolapegue.com\\\/site\\\/wp-content\\\/uploads\\\/2021\\\/04\\\/logo_header-1.png\",\"contentUrl\":\"https:\\\/\\\/sergiolapegue.com\\\/site\\\/wp-content\\\/uploads\\\/2021\\\/04\\\/logo_header-1.png\",\"width\":272,\"height\":90,\"caption\":\"Sergio Lapegue\"},\"logo\":{\"@id\":\"https:\\\/\\\/sergiolapegue.com\\\/site\\\/wp-content\\\/uploads\\\/2021\\\/04\\\/logo_header-1.png\"},\"sameAs\":[\"https:\\\/\\\/facebook.com\\\/sergiolapegue\",\"https:\\\/\\\/instagram.com\\\/sergiolapegue\",\"https:\\\/\\\/x.com\\\/https:\\\/\\\/twitter.com\\\/sergiolapegue\"]},{\"@type\":\"Person\",\"@id\":\"https:\\\/\\\/sergiolapegue.com\\\/site\\\/#\\\/schema\\\/person\\\/9198e7dbab43c6d74d0fd5399af7c3cd\",\"name\":\"Daniel E. Monta\u00f1a\",\"image\":{\"@type\":\"ImageObject\",\"inLanguage\":\"es-AR\",\"@id\":\"https:\\\/\\\/sergiolapegue.com\\\/site\\\/wp-content\\\/uploads\\\/2021\\\/04\\\/sl_avatar_Daniel-150x150.jpg\",\"url\":\"https:\\\/\\\/sergiolapegue.com\\\/site\\\/wp-content\\\/uploads\\\/2021\\\/04\\\/sl_avatar_Daniel-150x150.jpg\",\"contentUrl\":\"https:\\\/\\\/sergiolapegue.com\\\/site\\\/wp-content\\\/uploads\\\/2021\\\/04\\\/sl_avatar_Daniel-150x150.jpg\",\"caption\":\"Daniel E. Monta\u00f1a\"},\"sameAs\":[\"https:\\\/\\\/facebook.com\\\/danielernesto.montana\",\"https:\\\/\\\/instagram.com\\\/daniel_montana1961\",\"https:\\\/\\\/x.com\\\/https:\\\/\\\/twitter.com\\\/daner_004\"],\"url\":\"https:\\\/\\\/sergiolapegue.com\\\/site\\\/author\\\/daniel\\\/\"}]}<\/script>\n<!-- \/ Yoast SEO plugin. -->","yoast_head_json":{"title":"EL CORO GOSPEL BRINDAR\u00c1 DOS SHOWS VIBRANTES EN EL TEATRO ASTRAL - Sergio Lapegue","robots":{"index":"index","follow":"follow","max-snippet":"max-snippet:-1","max-image-preview":"max-image-preview:large","max-video-preview":"max-video-preview:-1"},"canonical":"https:\/\/sergiolapegue.com\/site\/2025\/11\/25\/el-coro-gospel-brindara-dos-shows-vibrantes-en-el-teatro-astral\/","og_locale":"es_ES","og_type":"article","og_title":"EL CORO GOSPEL BRINDAR\u00c1 DOS SHOWS VIBRANTES EN EL TEATRO ASTRAL - Sergio Lapegue","og_description":"Para palpitar el esp\u00edritu navide\u00f1o, el&nbsp;Coro G\u00f3spel Buenos Aires&nbsp;brindar\u00e1 dos shows vibrantes en el Teatro Astral. El mismo, que se denomina&nbsp;\u201cShow G\u00f3spel de Navidad\u201d, se realizar\u00e1 el&nbsp;jueves 4&nbsp;y el jueves&nbsp;11 de diciembre, a las&nbsp;20:30 horas. Con m\u00e1s de 50 m\u00fasicos en escena, el evento combinar\u00e1 g\u00f3spel, jazz, coro, villancicos y la Big Band en vivo. [&hellip;]","og_url":"https:\/\/sergiolapegue.com\/site\/2025\/11\/25\/el-coro-gospel-brindara-dos-shows-vibrantes-en-el-teatro-astral\/","og_site_name":"Sergio Lapegue","article_publisher":"https:\/\/facebook.com\/sergiolapegue","article_author":"https:\/\/facebook.com\/danielernesto.montana","article_published_time":"2025-11-25T16:00:00+00:00","og_image":[{"width":800,"height":1000,"url":"https:\/\/sergiolapegue.com\/site\/wp-content\/uploads\/2025\/11\/El-Coro-Gospel-brindara-dos-shows.jpg","type":"image\/jpeg"}],"author":"Daniel E. Monta\u00f1a","twitter_card":"summary_large_image","twitter_creator":"@https:\/\/twitter.com\/daner_004","twitter_site":"@sergiolapegue","twitter_misc":{"Escrito por":"Daniel E. Monta\u00f1a","Tiempo de lectura":"2 minutos"},"schema":{"@context":"https:\/\/schema.org","@graph":[{"@type":"Article","@id":"https:\/\/sergiolapegue.com\/site\/2025\/11\/25\/el-coro-gospel-brindara-dos-shows-vibrantes-en-el-teatro-astral\/#article","isPartOf":{"@id":"https:\/\/sergiolapegue.com\/site\/2025\/11\/25\/el-coro-gospel-brindara-dos-shows-vibrantes-en-el-teatro-astral\/"},"author":{"name":"Daniel E. Monta\u00f1a","@id":"https:\/\/sergiolapegue.com\/site\/#\/schema\/person\/9198e7dbab43c6d74d0fd5399af7c3cd"},"headline":"EL CORO GOSPEL BRINDAR\u00c1 DOS SHOWS VIBRANTES EN EL TEATRO ASTRAL","datePublished":"2025-11-25T16:00:00+00:00","mainEntityOfPage":{"@id":"https:\/\/sergiolapegue.com\/site\/2025\/11\/25\/el-coro-gospel-brindara-dos-shows-vibrantes-en-el-teatro-astral\/"},"wordCount":267,"commentCount":0,"publisher":{"@id":"https:\/\/sergiolapegue.com\/site\/#\/schema\/person\/083aeceeb0734cd166779ea6c0551a37"},"image":{"@id":"https:\/\/sergiolapegue.com\/site\/2025\/11\/25\/el-coro-gospel-brindara-dos-shows-vibrantes-en-el-teatro-astral\/#primaryimage"},"thumbnailUrl":"https:\/\/sergiolapegue.com\/site\/wp-content\/uploads\/2025\/11\/El-Coro-Gospel-brindara-dos-shows.jpg","articleSection":["Arte","M\u00fasica"],"inLanguage":"es-AR","potentialAction":[{"@type":"CommentAction","name":"Comment","target":["https:\/\/sergiolapegue.com\/site\/2025\/11\/25\/el-coro-gospel-brindara-dos-shows-vibrantes-en-el-teatro-astral\/#respond"]}]},{"@type":"WebPage","@id":"https:\/\/sergiolapegue.com\/site\/2025\/11\/25\/el-coro-gospel-brindara-dos-shows-vibrantes-en-el-teatro-astral\/","url":"https:\/\/sergiolapegue.com\/site\/2025\/11\/25\/el-coro-gospel-brindara-dos-shows-vibrantes-en-el-teatro-astral\/","name":"EL CORO GOSPEL BRINDAR\u00c1 DOS SHOWS VIBRANTES EN EL TEATRO ASTRAL - Sergio Lapegue","isPartOf":{"@id":"https:\/\/sergiolapegue.com\/site\/#website"},"primaryImageOfPage":{"@id":"https:\/\/sergiolapegue.com\/site\/2025\/11\/25\/el-coro-gospel-brindara-dos-shows-vibrantes-en-el-teatro-astral\/#primaryimage"},"image":{"@id":"https:\/\/sergiolapegue.com\/site\/2025\/11\/25\/el-coro-gospel-brindara-dos-shows-vibrantes-en-el-teatro-astral\/#primaryimage"},"thumbnailUrl":"https:\/\/sergiolapegue.com\/site\/wp-content\/uploads\/2025\/11\/El-Coro-Gospel-brindara-dos-shows.jpg","datePublished":"2025-11-25T16:00:00+00:00","breadcrumb":{"@id":"https:\/\/sergiolapegue.com\/site\/2025\/11\/25\/el-coro-gospel-brindara-dos-shows-vibrantes-en-el-teatro-astral\/#breadcrumb"},"inLanguage":"es-AR","potentialAction":[{"@type":"ReadAction","target":["https:\/\/sergiolapegue.com\/site\/2025\/11\/25\/el-coro-gospel-brindara-dos-shows-vibrantes-en-el-teatro-astral\/"]}]},{"@type":"ImageObject","inLanguage":"es-AR","@id":"https:\/\/sergiolapegue.com\/site\/2025\/11\/25\/el-coro-gospel-brindara-dos-shows-vibrantes-en-el-teatro-astral\/#primaryimage","url":"https:\/\/sergiolapegue.com\/site\/wp-content\/uploads\/2025\/11\/El-Coro-Gospel-brindara-dos-shows.jpg","contentUrl":"https:\/\/sergiolapegue.com\/site\/wp-content\/uploads\/2025\/11\/El-Coro-Gospel-brindara-dos-shows.jpg","width":800,"height":1000},{"@type":"BreadcrumbList","@id":"https:\/\/sergiolapegue.com\/site\/2025\/11\/25\/el-coro-gospel-brindara-dos-shows-vibrantes-en-el-teatro-astral\/#breadcrumb","itemListElement":[{"@type":"ListItem","position":1,"name":"Inicio","item":"https:\/\/sergiolapegue.com\/site\/"},{"@type":"ListItem","position":2,"name":"EL CORO GOSPEL BRINDAR\u00c1 DOS SHOWS VIBRANTES EN EL TEATRO ASTRAL"}]},{"@type":"WebSite","@id":"https:\/\/sergiolapegue.com\/site\/#website","url":"https:\/\/sergiolapegue.com\/site\/","name":"Sergio Lapegue","description":"Periodista","publisher":{"@id":"https:\/\/sergiolapegue.com\/site\/#\/schema\/person\/083aeceeb0734cd166779ea6c0551a37"},"potentialAction":[{"@type":"SearchAction","target":{"@type":"EntryPoint","urlTemplate":"https:\/\/sergiolapegue.com\/site\/?s={search_term_string}"},"query-input":{"@type":"PropertyValueSpecification","valueRequired":true,"valueName":"search_term_string"}}],"inLanguage":"es-AR"},{"@type":["Person","Organization"],"@id":"https:\/\/sergiolapegue.com\/site\/#\/schema\/person\/083aeceeb0734cd166779ea6c0551a37","name":"Sergio Lapegue","image":{"@type":"ImageObject","inLanguage":"es-AR","@id":"https:\/\/sergiolapegue.com\/site\/wp-content\/uploads\/2021\/04\/logo_header-1.png","url":"https:\/\/sergiolapegue.com\/site\/wp-content\/uploads\/2021\/04\/logo_header-1.png","contentUrl":"https:\/\/sergiolapegue.com\/site\/wp-content\/uploads\/2021\/04\/logo_header-1.png","width":272,"height":90,"caption":"Sergio Lapegue"},"logo":{"@id":"https:\/\/sergiolapegue.com\/site\/wp-content\/uploads\/2021\/04\/logo_header-1.png"},"sameAs":["https:\/\/facebook.com\/sergiolapegue","https:\/\/instagram.com\/sergiolapegue","https:\/\/x.com\/https:\/\/twitter.com\/sergiolapegue"]},{"@type":"Person","@id":"https:\/\/sergiolapegue.com\/site\/#\/schema\/person\/9198e7dbab43c6d74d0fd5399af7c3cd","name":"Daniel E. Monta\u00f1a","image":{"@type":"ImageObject","inLanguage":"es-AR","@id":"https:\/\/sergiolapegue.com\/site\/wp-content\/uploads\/2021\/04\/sl_avatar_Daniel-150x150.jpg","url":"https:\/\/sergiolapegue.com\/site\/wp-content\/uploads\/2021\/04\/sl_avatar_Daniel-150x150.jpg","contentUrl":"https:\/\/sergiolapegue.com\/site\/wp-content\/uploads\/2021\/04\/sl_avatar_Daniel-150x150.jpg","caption":"Daniel E. Monta\u00f1a"},"sameAs":["https:\/\/facebook.com\/danielernesto.montana","https:\/\/instagram.com\/daniel_montana1961","https:\/\/x.com\/https:\/\/twitter.com\/daner_004"],"url":"https:\/\/sergiolapegue.com\/site\/author\/daniel\/"}]}},"_links":{"self":[{"href":"https:\/\/sergiolapegue.com\/site\/wp-json\/wp\/v2\/posts\/26916","targetHints":{"allow":["GET"]}}],"collection":[{"href":"https:\/\/sergiolapegue.com\/site\/wp-json\/wp\/v2\/posts"}],"about":[{"href":"https:\/\/sergiolapegue.com\/site\/wp-json\/wp\/v2\/types\/post"}],"author":[{"embeddable":true,"href":"https:\/\/sergiolapegue.com\/site\/wp-json\/wp\/v2\/users\/3"}],"replies":[{"embeddable":true,"href":"https:\/\/sergiolapegue.com\/site\/wp-json\/wp\/v2\/comments?post=26916"}],"version-history":[{"count":1,"href":"https:\/\/sergiolapegue.com\/site\/wp-json\/wp\/v2\/posts\/26916\/revisions"}],"predecessor-version":[{"id":26920,"href":"https:\/\/sergiolapegue.com\/site\/wp-json\/wp\/v2\/posts\/26916\/revisions\/26920"}],"wp:featuredmedia":[{"embeddable":true,"href":"https:\/\/sergiolapegue.com\/site\/wp-json\/wp\/v2\/media\/26919"}],"wp:attachment":[{"href":"https:\/\/sergiolapegue.com\/site\/wp-json\/wp\/v2\/media?parent=26916"}],"wp:term":[{"taxonomy":"category","embeddable":true,"href":"https:\/\/sergiolapegue.com\/site\/wp-json\/wp\/v2\/categories?post=26916"},{"taxonomy":"post_tag","embeddable":true,"href":"https:\/\/sergiolapegue.com\/site\/wp-json\/wp\/v2\/tags?post=26916"}],"curies":[{"name":"wp","href":"https:\/\/api.w.org\/{rel}","templated":true}]}}