{"id":26894,"date":"2025-11-24T01:00:00","date_gmt":"2025-11-24T04:00:00","guid":{"rendered":"https:\/\/sergiolapegue.com\/site\/?p=26894"},"modified":"2025-11-23T01:35:54","modified_gmt":"2025-11-23T04:35:54","slug":"las-peliculas-ganadoras-del-festival-de-mar-del-plata-vuelven-al-cine-gaumont","status":"publish","type":"post","link":"https:\/\/sergiolapegue.com\/site\/2025\/11\/24\/las-peliculas-ganadoras-del-festival-de-mar-del-plata-vuelven-al-cine-gaumont\/","title":{"rendered":"LAS PEL\u00cdCULAS GANADORAS DEL FESTIVAL DE MAR DEL PLATA VUELVEN AL CINE GAUMONT"},"content":{"rendered":"\n<p>&#8220;Lo mejor de Mar del Plata&#8221;, el ciclo de pel\u00edculas ganadoras del festival internacional de cine que acaba de concluir, regresa al cine Gaumont en su segundo a\u00f1o, con una programaci\u00f3n que resalta las pel\u00edculas m\u00e1s importantes que pasaron por la competencia internacional del certamen. Mar del Plata es el \u00fanico de clase A en el continente americano reconocido por la FIAPF, la federaci\u00f3n de asociaciones de productores que lo ubica en una lista privilegiada que tambi\u00e9n incluye a Cannes, Venecia, Berl\u00edn y San Sebasti\u00e1n. Las proyecciones tendr\u00e1n lugar del 1 al 10 de diciembre a las 20:00 horas.<\/p>\n\n\n\n<figure class=\"wp-block-image size-full is-resized\"><img loading=\"lazy\" decoding=\"async\" width=\"640\" height=\"800\" src=\"https:\/\/sergiolapegue.com\/site\/wp-content\/uploads\/2025\/11\/Las-peliculas-ganadoras-de-MDQ-calle-malaga.jpg\" alt=\"\" class=\"wp-image-26895\" style=\"width:696px;height:auto\" srcset=\"https:\/\/sergiolapegue.com\/site\/wp-content\/uploads\/2025\/11\/Las-peliculas-ganadoras-de-MDQ-calle-malaga.jpg 640w, https:\/\/sergiolapegue.com\/site\/wp-content\/uploads\/2025\/11\/Las-peliculas-ganadoras-de-MDQ-calle-malaga-240x300.jpg 240w, https:\/\/sergiolapegue.com\/site\/wp-content\/uploads\/2025\/11\/Las-peliculas-ganadoras-de-MDQ-calle-malaga-336x420.jpg 336w\" sizes=\"auto, (max-width: 640px) 100vw, 640px\" \/><\/figure>\n\n\n\n<p>Sin dudas la que se llevar\u00e1 la mayor atenci\u00f3n es\u00a0Calle M\u00e1laga\u00a0de\u00a0Maryam Touzani, candidata al Oscar por Marruecos, la que no solo obtuvo en el festival el Astor de Oro a la Mejor pel\u00edcula, sino que la legendaria\u00a0Carmen Maura\u00a0tambi\u00e9n recibi\u00f3 el Astor a la Mejor actriz. Como si esto fuera poco, el film fue el ganador del Premio del P\u00fablico, votado por los asistentes, una coincidencia poco usual en la historia de este evento que este a\u00f1o celebr\u00f3 su edici\u00f3n n\u00famero 40. En\u00a0Calle M\u00e1laga, Maura encarna a Mar\u00eda \u00c1ngeles, una mujer octogenaria que ha nacido en T\u00e1nger cuando era una posesi\u00f3n espa\u00f1ola, y ha pasado toda su vida all\u00ed. Pero cuando su hija (Ariadna Gil) regresa de Madrid decidida a vender el departamento en el que su madre ha pasado toda su vida, se rebela buscando nuevas formas de generar dinero para evitar que eso ocurra. En el camino, termina encontrando el amor en un marroqu\u00ed (Ahmed Boulane). El filme se podr\u00e1 ver el lunes 1 y el s\u00e1bado 6 de diciembre a las 20:00 horas.<\/p>\n\n\n\n<figure class=\"wp-block-image size-full is-resized\"><img loading=\"lazy\" decoding=\"async\" width=\"533\" height=\"800\" src=\"https:\/\/sergiolapegue.com\/site\/wp-content\/uploads\/2025\/11\/las-peliculas-ganadoras-de-MDQ-la-gioia.jpg\" alt=\"\" class=\"wp-image-26896\" style=\"width:696px;height:auto\" srcset=\"https:\/\/sergiolapegue.com\/site\/wp-content\/uploads\/2025\/11\/las-peliculas-ganadoras-de-MDQ-la-gioia.jpg 533w, https:\/\/sergiolapegue.com\/site\/wp-content\/uploads\/2025\/11\/las-peliculas-ganadoras-de-MDQ-la-gioia-200x300.jpg 200w, https:\/\/sergiolapegue.com\/site\/wp-content\/uploads\/2025\/11\/las-peliculas-ganadoras-de-MDQ-la-gioia-280x420.jpg 280w\" sizes=\"auto, (max-width: 533px) 100vw, 533px\" \/><\/figure>\n\n\n\n<p>Otra pel\u00edcula que resulta m\u00e1s que atrayente es\u00a0La Gioia, de\u00a0Nicol\u00e1ngelo Gelormini, que obtuvo el Astor de Plata al Mejor director para este realizador cuya abuela naci\u00f3 en Buenos Aires. El film tambi\u00e9n se llev\u00f3 el premio exacquo al Mejor actor para\u00a0Saul Nanni, quien estuvo presente en Mar del Plata como parte de la delegaci\u00f3n italiana que celebr\u00f3 la participaci\u00f3n de Italia como pa\u00eds invitado. En\u00a0La Gioia, que tuvo su debut en el Festival de Venecia,\u00a0Victoria Golino\u00a0interpreta a una profesora de franc\u00e9s con una pobre vida sentimental que cree haber encontrado el amor en un estudiante (Nanni), que en realidad tiene otras intenciones. Las proyecciones tendr\u00e1n lugar el viernes 5 y el mi\u00e9rcoles 10 de diciembre a las 20:00 horas.\u00a0<\/p>\n\n\n\n<figure class=\"wp-block-image size-full is-resized\"><img loading=\"lazy\" decoding=\"async\" width=\"300\" height=\"450\" src=\"https:\/\/sergiolapegue.com\/site\/wp-content\/uploads\/2025\/11\/Las-peliculas-ganadoras-de-MDQ-vache-folle.jpg\" alt=\"\" class=\"wp-image-26897\" style=\"width:696px;height:auto\" srcset=\"https:\/\/sergiolapegue.com\/site\/wp-content\/uploads\/2025\/11\/Las-peliculas-ganadoras-de-MDQ-vache-folle.jpg 300w, https:\/\/sergiolapegue.com\/site\/wp-content\/uploads\/2025\/11\/Las-peliculas-ganadoras-de-MDQ-vache-folle-200x300.jpg 200w, https:\/\/sergiolapegue.com\/site\/wp-content\/uploads\/2025\/11\/Las-peliculas-ganadoras-de-MDQ-vache-folle-280x420.jpg 280w\" sizes=\"auto, (max-width: 300px) 100vw, 300px\" \/><\/figure>\n\n\n\n<p>La gran sorpresa de Mar del Plata fue sin lugar a dudas\u00a0Vache Folle\u00a0(vaca loca en franc\u00e9s) pel\u00edcula franco-suiza dirigida por\u00a0Lorenzo Ventivoglio\u00a0y\u00a0Hugo Diego Garc\u00eda\u00a0que termin\u00f3 qued\u00e1ndose con el Gran Premio del Jurado, as\u00ed como con el Astor al Mejor Actor exaquo para\u00a0Garc\u00eda. El hijo de espa\u00f1oles radicados en Francia fue uno de los que subi\u00f3 en persona al escenario del teatro Audit\u00f3rium a recibir su premio el pasado d\u00eda 16.\u00a0Vache Folle\u00a0cuenta lo que ocurre cuando Cedric\u00a0(Garc\u00eda), un ex soldado de la legi\u00f3n extranjera, que regresa a su pueblo para dedicarse a la cr\u00eda de vacas, pero para subsistir termina meti\u00e9ndose en un submundo criminal con consecuencias inesperadas. El co-director, hijo de italianos radicados en Francia y quien tambi\u00e9n estuvo en Mar del Plata, tiene adem\u00e1s un papel de reparto.\u00a0Vache Folle\u00a0podr\u00e1 verse el mi\u00e9rcoles 3 y el lunes 8 de diciembre, en ambos casos a las 20:00 horas.\u00a0<\/p>\n\n\n\n<figure class=\"wp-block-image size-full is-resized\"><img loading=\"lazy\" decoding=\"async\" width=\"267\" height=\"374\" src=\"https:\/\/sergiolapegue.com\/site\/wp-content\/uploads\/2025\/11\/Las-peliculas-ganadoras-de-MDQ-the-sea-0.jpg\" alt=\"\" class=\"wp-image-26898\" style=\"width:696px;height:auto\" srcset=\"https:\/\/sergiolapegue.com\/site\/wp-content\/uploads\/2025\/11\/Las-peliculas-ganadoras-de-MDQ-the-sea-0.jpg 267w, https:\/\/sergiolapegue.com\/site\/wp-content\/uploads\/2025\/11\/Las-peliculas-ganadoras-de-MDQ-the-sea-0-214x300.jpg 214w\" sizes=\"auto, (max-width: 267px) 100vw, 267px\" \/><\/figure>\n\n\n\n<p>The Sea, de\u00a0Shai Carmeli-Pollak, la pel\u00edcula que representa a Israel en la competencia por el Oscar a la Mejor pel\u00edcula extranjera, tuvo su premiere internacional en el Festival de Mar del Plata, en donde obtuvo una menci\u00f3n especial. El film, que se proyectar\u00e1 el martes 2 y el domingo 7 de diciembre a las 20:00 horas, sigue los pasos de Khaled (Muhammad Gazawi) un ni\u00f1o palestino de los territorios ocupados que se siente frustrado cuando tras partir en una excursi\u00f3n al mar con sus compa\u00f1eros de escuela, es enviado de regreso a su casa en el paso fronterizo. Decidido a no quedarse atr\u00e1s, se lanza a la aventura para tratar de llegar a la playa por sus propios medios, encontrando en el camino manos amables que lo ayudan. Su padre (Khalifa Natour) un obrero sin papeles, parte en una b\u00fasqueda desesperada para tratar de encontrarlo en cuanto se entera de que ha marchado de su casa.\u00a0<\/p>\n\n\n\n<figure class=\"wp-block-image size-full is-resized\"><img loading=\"lazy\" decoding=\"async\" width=\"565\" height=\"800\" src=\"https:\/\/sergiolapegue.com\/site\/wp-content\/uploads\/2025\/11\/Las-peliculas-ganadoras-de-MDQ-leo-lou.jpg\" alt=\"\" class=\"wp-image-26899\" style=\"width:696px;height:auto\" srcset=\"https:\/\/sergiolapegue.com\/site\/wp-content\/uploads\/2025\/11\/Las-peliculas-ganadoras-de-MDQ-leo-lou.jpg 565w, https:\/\/sergiolapegue.com\/site\/wp-content\/uploads\/2025\/11\/Las-peliculas-ganadoras-de-MDQ-leo-lou-212x300.jpg 212w, https:\/\/sergiolapegue.com\/site\/wp-content\/uploads\/2025\/11\/Las-peliculas-ganadoras-de-MDQ-leo-lou-297x420.jpg 297w\" sizes=\"auto, (max-width: 565px) 100vw, 565px\" \/><\/figure>\n\n\n\n<p>El ciclo se completa con\u00a0Leo &amp; Lou, pel\u00edcula espa\u00f1ola de Carlos Sotelo, que tambi\u00e9n recibi\u00f3 una menci\u00f3n especial. El film que marca el debut como realizador del oriundo de Ferrol cuenta en tono de aventura para todos los p\u00fablicos un viaje inesperado entre Leo, una ni\u00f1a muda (Julia Follero) que se escapa del hogar para hu\u00e9rfanos para concretar un sue\u00f1o y Lou (Isak F\u00e9rriz) un hombre que acaba de salir de la c\u00e1rcel y cree estar llev\u00e1ndola de regreso con sus padres. En el elenco tambi\u00e9n se destacan figuras como\u00a0Maggie Civantos, Marta Larralde.\u00a0Leo &amp; Lou\u00a0podr\u00e1 verse el jueves 4 y el martes 9 de diciembre a las 20:00 horas.<\/p>\n\n\n\n<p><a href=\"https:\/\/tpagencia.tr.pemsv01.net\/c\/eyJhIjoidHBhZ2VuY2lhIiwibSI6Im1haWxfY21pOG4zZjhtMHYybDA5NzlqNGdzeTJsMyIsImwiOiJsaW5rX2IxMGFkZmNkM2MwNTZkNTY3NDg2NDZmMjQ2MWZhZTczNjliNzNlOTRfZDkwMjJmIiwiaSI6W10sInUiOiJodHRwczovL3d3dy5tYXJkZWxwbGF0YWZpbG1mZXN0LmNvbS80MC8_dXRtX3NvdXJjZT1wZXJmaXQmdXRtX21lZGl1bT1lbWFpbCZ1dG1fY2FtcGFpZ249RkVTVElWQUwlMjBERSUyMENJTkUlMjBNRFElMjAyMDI1IiwiYyI6IiIsImgiOiI4YzM1ZWYifQ\" target=\"_blank\" rel=\"noreferrer noopener\">PAGINA OFICIAL DEL FESTIVAL DE CINE DE MAR DEL PLATA 2025<\/a><\/p>\n\n\n\n<p><strong>PROYECCIONES \u2013 FECHAS Y HORARIO<\/strong><\/p>\n\n\n\n<p><strong>CALLE M\u00c1LAGA<\/strong><\/p>\n\n\n\n<p>Lunes 01 y el S\u00e1bado 06\/12\/2025 a las 20:00 horas<\/p>\n\n\n\n<p><strong>THE SEA<\/strong><\/p>\n\n\n\n<p>Martes 02 y el Domingo 07\/12\/2025 a las 20:00 horas<\/p>\n\n\n\n<p><strong>VACHE FOLLE (VACA LOCA EN FRANC\u00c9S)<\/strong><\/p>\n\n\n\n<p>Mi\u00e9rcoles 03 y el Lunes 08\/12\/2025, a las 20:00 horas<\/p>\n\n\n\n<p><strong>LEO &amp; LOU<\/strong><\/p>\n\n\n\n<p>Jueves 04 y el Martes 09\/12\/2025 a las 20:00 horas<\/p>\n\n\n\n<p><strong>LA GIOIA<\/strong><\/p>\n\n\n\n<p>Viernes 05 y el Mi\u00e9rcoles 10\/12\/2025 a las 20:00 horas<\/p>\n\n\n\n<figure class=\"wp-block-image size-full\"><img loading=\"lazy\" decoding=\"async\" width=\"350\" height=\"232\" src=\"https:\/\/sergiolapegue.com\/site\/wp-content\/uploads\/2025\/11\/Las-peliculas-ganadoras-del-festival-de-MDQ-se-presentan-en-el-cine-gaumont-0.jpg\" alt=\"\" class=\"wp-image-26900\" srcset=\"https:\/\/sergiolapegue.com\/site\/wp-content\/uploads\/2025\/11\/Las-peliculas-ganadoras-del-festival-de-MDQ-se-presentan-en-el-cine-gaumont-0.jpg 350w, https:\/\/sergiolapegue.com\/site\/wp-content\/uploads\/2025\/11\/Las-peliculas-ganadoras-del-festival-de-MDQ-se-presentan-en-el-cine-gaumont-0-300x199.jpg 300w\" sizes=\"auto, (max-width: 350px) 100vw, 350px\" \/><\/figure>\n\n\n\n<p><strong>CINE GAUMONT<\/strong><\/p>\n\n\n\n<p>Av. Rivadavia 1635 \u2013 Capital Federal \u2013 Buenos Aires \u2013 Argentina<\/p>\n\n\n\n<p>Tel\u00e9fono: 4371-3050<\/p>\n\n\n\n<p>Web: <a href=\"https:\/\/www.cinegaumont.ar\">https:\/\/www.cinegaumont.ar<\/a><\/p>\n\n\n\n<p>Gracias Tommy Pashkus Agencia por acercarnos la gacetilla de prensa con toda la informaci\u00f3n de las proyecciones en el Cine Gaumont.<\/p>\n\n\n\n<p><\/p>\n","protected":false},"excerpt":{"rendered":"<p>&#8220;Lo mejor de Mar del Plata&#8221;, el ciclo de pel\u00edculas ganadoras del festival internacional de cine que acaba de concluir, regresa al cine Gaumont en su segundo a\u00f1o, con una programaci\u00f3n que resalta las pel\u00edculas m\u00e1s importantes que pasaron por la competencia internacional del certamen. Mar del Plata es el \u00fanico de clase A en [&hellip;]<\/p>\n","protected":false},"author":3,"featured_media":26901,"comment_status":"open","ping_status":"closed","sticky":false,"template":"","format":"standard","meta":{"footnotes":""},"categories":[34,36],"tags":[],"class_list":{"0":"post-26894","1":"post","2":"type-post","3":"status-publish","4":"format-standard","5":"has-post-thumbnail","7":"category-arte","8":"category-cine"},"yoast_head":"<!-- This site is optimized with the Yoast SEO plugin v27.4 - https:\/\/yoast.com\/product\/yoast-seo-wordpress\/ -->\n<title>LAS PEL\u00cdCULAS GANADORAS DEL FESTIVAL DE MAR DEL PLATA VUELVEN AL CINE GAUMONT - Sergio Lapegue<\/title>\n<meta name=\"robots\" content=\"index, follow, max-snippet:-1, max-image-preview:large, max-video-preview:-1\" \/>\n<link rel=\"canonical\" href=\"https:\/\/sergiolapegue.com\/site\/2025\/11\/24\/las-peliculas-ganadoras-del-festival-de-mar-del-plata-vuelven-al-cine-gaumont\/\" \/>\n<meta property=\"og:locale\" content=\"es_ES\" \/>\n<meta property=\"og:type\" content=\"article\" \/>\n<meta property=\"og:title\" content=\"LAS PEL\u00cdCULAS GANADORAS DEL FESTIVAL DE MAR DEL PLATA VUELVEN AL CINE GAUMONT - Sergio Lapegue\" \/>\n<meta property=\"og:description\" content=\"&#8220;Lo mejor de Mar del Plata&#8221;, el ciclo de pel\u00edculas ganadoras del festival internacional de cine que acaba de concluir, regresa al cine Gaumont en su segundo a\u00f1o, con una programaci\u00f3n que resalta las pel\u00edculas m\u00e1s importantes que pasaron por la competencia internacional del certamen. Mar del Plata es el \u00fanico de clase A en [&hellip;]\" \/>\n<meta property=\"og:url\" content=\"https:\/\/sergiolapegue.com\/site\/2025\/11\/24\/las-peliculas-ganadoras-del-festival-de-mar-del-plata-vuelven-al-cine-gaumont\/\" \/>\n<meta property=\"og:site_name\" content=\"Sergio Lapegue\" \/>\n<meta property=\"article:publisher\" content=\"https:\/\/facebook.com\/sergiolapegue\" \/>\n<meta property=\"article:author\" content=\"https:\/\/facebook.com\/danielernesto.montana\" \/>\n<meta property=\"article:published_time\" content=\"2025-11-24T04:00:00+00:00\" \/>\n<meta property=\"og:image\" content=\"https:\/\/sergiolapegue.com\/site\/wp-content\/uploads\/2025\/11\/Las-peliculas-ganadoras-del-festival-de-MDQ-se-presentan-en-el-cine-gaumont.jpg\" \/>\n\t<meta property=\"og:image:width\" content=\"1000\" \/>\n\t<meta property=\"og:image:height\" content=\"609\" \/>\n\t<meta property=\"og:image:type\" content=\"image\/jpeg\" \/>\n<meta name=\"author\" content=\"Daniel E. Monta\u00f1a\" \/>\n<meta name=\"twitter:card\" content=\"summary_large_image\" \/>\n<meta name=\"twitter:creator\" content=\"@https:\/\/twitter.com\/daner_004\" \/>\n<meta name=\"twitter:site\" content=\"@sergiolapegue\" \/>\n<meta name=\"twitter:label1\" content=\"Escrito por\" \/>\n\t<meta name=\"twitter:data1\" content=\"Daniel E. Monta\u00f1a\" \/>\n\t<meta name=\"twitter:label2\" content=\"Tiempo de lectura\" \/>\n\t<meta name=\"twitter:data2\" content=\"6 minutos\" \/>\n<script type=\"application\/ld+json\" class=\"yoast-schema-graph\">{\"@context\":\"https:\\\/\\\/schema.org\",\"@graph\":[{\"@type\":\"Article\",\"@id\":\"https:\\\/\\\/sergiolapegue.com\\\/site\\\/2025\\\/11\\\/24\\\/las-peliculas-ganadoras-del-festival-de-mar-del-plata-vuelven-al-cine-gaumont\\\/#article\",\"isPartOf\":{\"@id\":\"https:\\\/\\\/sergiolapegue.com\\\/site\\\/2025\\\/11\\\/24\\\/las-peliculas-ganadoras-del-festival-de-mar-del-plata-vuelven-al-cine-gaumont\\\/\"},\"author\":{\"name\":\"Daniel E. Monta\u00f1a\",\"@id\":\"https:\\\/\\\/sergiolapegue.com\\\/site\\\/#\\\/schema\\\/person\\\/9198e7dbab43c6d74d0fd5399af7c3cd\"},\"headline\":\"LAS PEL\u00cdCULAS GANADORAS DEL FESTIVAL DE MAR DEL PLATA VUELVEN AL CINE GAUMONT\",\"datePublished\":\"2025-11-24T04:00:00+00:00\",\"mainEntityOfPage\":{\"@id\":\"https:\\\/\\\/sergiolapegue.com\\\/site\\\/2025\\\/11\\\/24\\\/las-peliculas-ganadoras-del-festival-de-mar-del-plata-vuelven-al-cine-gaumont\\\/\"},\"wordCount\":1004,\"commentCount\":0,\"publisher\":{\"@id\":\"https:\\\/\\\/sergiolapegue.com\\\/site\\\/#\\\/schema\\\/person\\\/083aeceeb0734cd166779ea6c0551a37\"},\"image\":{\"@id\":\"https:\\\/\\\/sergiolapegue.com\\\/site\\\/2025\\\/11\\\/24\\\/las-peliculas-ganadoras-del-festival-de-mar-del-plata-vuelven-al-cine-gaumont\\\/#primaryimage\"},\"thumbnailUrl\":\"https:\\\/\\\/sergiolapegue.com\\\/site\\\/wp-content\\\/uploads\\\/2025\\\/11\\\/Las-peliculas-ganadoras-del-festival-de-MDQ-se-presentan-en-el-cine-gaumont.jpg\",\"articleSection\":[\"Arte\",\"Cine\"],\"inLanguage\":\"es-AR\",\"potentialAction\":[{\"@type\":\"CommentAction\",\"name\":\"Comment\",\"target\":[\"https:\\\/\\\/sergiolapegue.com\\\/site\\\/2025\\\/11\\\/24\\\/las-peliculas-ganadoras-del-festival-de-mar-del-plata-vuelven-al-cine-gaumont\\\/#respond\"]}]},{\"@type\":\"WebPage\",\"@id\":\"https:\\\/\\\/sergiolapegue.com\\\/site\\\/2025\\\/11\\\/24\\\/las-peliculas-ganadoras-del-festival-de-mar-del-plata-vuelven-al-cine-gaumont\\\/\",\"url\":\"https:\\\/\\\/sergiolapegue.com\\\/site\\\/2025\\\/11\\\/24\\\/las-peliculas-ganadoras-del-festival-de-mar-del-plata-vuelven-al-cine-gaumont\\\/\",\"name\":\"LAS PEL\u00cdCULAS GANADORAS DEL FESTIVAL DE MAR DEL PLATA VUELVEN AL CINE GAUMONT - Sergio Lapegue\",\"isPartOf\":{\"@id\":\"https:\\\/\\\/sergiolapegue.com\\\/site\\\/#website\"},\"primaryImageOfPage\":{\"@id\":\"https:\\\/\\\/sergiolapegue.com\\\/site\\\/2025\\\/11\\\/24\\\/las-peliculas-ganadoras-del-festival-de-mar-del-plata-vuelven-al-cine-gaumont\\\/#primaryimage\"},\"image\":{\"@id\":\"https:\\\/\\\/sergiolapegue.com\\\/site\\\/2025\\\/11\\\/24\\\/las-peliculas-ganadoras-del-festival-de-mar-del-plata-vuelven-al-cine-gaumont\\\/#primaryimage\"},\"thumbnailUrl\":\"https:\\\/\\\/sergiolapegue.com\\\/site\\\/wp-content\\\/uploads\\\/2025\\\/11\\\/Las-peliculas-ganadoras-del-festival-de-MDQ-se-presentan-en-el-cine-gaumont.jpg\",\"datePublished\":\"2025-11-24T04:00:00+00:00\",\"breadcrumb\":{\"@id\":\"https:\\\/\\\/sergiolapegue.com\\\/site\\\/2025\\\/11\\\/24\\\/las-peliculas-ganadoras-del-festival-de-mar-del-plata-vuelven-al-cine-gaumont\\\/#breadcrumb\"},\"inLanguage\":\"es-AR\",\"potentialAction\":[{\"@type\":\"ReadAction\",\"target\":[\"https:\\\/\\\/sergiolapegue.com\\\/site\\\/2025\\\/11\\\/24\\\/las-peliculas-ganadoras-del-festival-de-mar-del-plata-vuelven-al-cine-gaumont\\\/\"]}]},{\"@type\":\"ImageObject\",\"inLanguage\":\"es-AR\",\"@id\":\"https:\\\/\\\/sergiolapegue.com\\\/site\\\/2025\\\/11\\\/24\\\/las-peliculas-ganadoras-del-festival-de-mar-del-plata-vuelven-al-cine-gaumont\\\/#primaryimage\",\"url\":\"https:\\\/\\\/sergiolapegue.com\\\/site\\\/wp-content\\\/uploads\\\/2025\\\/11\\\/Las-peliculas-ganadoras-del-festival-de-MDQ-se-presentan-en-el-cine-gaumont.jpg\",\"contentUrl\":\"https:\\\/\\\/sergiolapegue.com\\\/site\\\/wp-content\\\/uploads\\\/2025\\\/11\\\/Las-peliculas-ganadoras-del-festival-de-MDQ-se-presentan-en-el-cine-gaumont.jpg\",\"width\":1000,\"height\":609},{\"@type\":\"BreadcrumbList\",\"@id\":\"https:\\\/\\\/sergiolapegue.com\\\/site\\\/2025\\\/11\\\/24\\\/las-peliculas-ganadoras-del-festival-de-mar-del-plata-vuelven-al-cine-gaumont\\\/#breadcrumb\",\"itemListElement\":[{\"@type\":\"ListItem\",\"position\":1,\"name\":\"Inicio\",\"item\":\"https:\\\/\\\/sergiolapegue.com\\\/site\\\/\"},{\"@type\":\"ListItem\",\"position\":2,\"name\":\"LAS PEL\u00cdCULAS GANADORAS DEL FESTIVAL DE MAR DEL PLATA VUELVEN AL CINE GAUMONT\"}]},{\"@type\":\"WebSite\",\"@id\":\"https:\\\/\\\/sergiolapegue.com\\\/site\\\/#website\",\"url\":\"https:\\\/\\\/sergiolapegue.com\\\/site\\\/\",\"name\":\"Sergio Lapegue\",\"description\":\"Periodista\",\"publisher\":{\"@id\":\"https:\\\/\\\/sergiolapegue.com\\\/site\\\/#\\\/schema\\\/person\\\/083aeceeb0734cd166779ea6c0551a37\"},\"potentialAction\":[{\"@type\":\"SearchAction\",\"target\":{\"@type\":\"EntryPoint\",\"urlTemplate\":\"https:\\\/\\\/sergiolapegue.com\\\/site\\\/?s={search_term_string}\"},\"query-input\":{\"@type\":\"PropertyValueSpecification\",\"valueRequired\":true,\"valueName\":\"search_term_string\"}}],\"inLanguage\":\"es-AR\"},{\"@type\":[\"Person\",\"Organization\"],\"@id\":\"https:\\\/\\\/sergiolapegue.com\\\/site\\\/#\\\/schema\\\/person\\\/083aeceeb0734cd166779ea6c0551a37\",\"name\":\"Sergio Lapegue\",\"image\":{\"@type\":\"ImageObject\",\"inLanguage\":\"es-AR\",\"@id\":\"https:\\\/\\\/sergiolapegue.com\\\/site\\\/wp-content\\\/uploads\\\/2021\\\/04\\\/logo_header-1.png\",\"url\":\"https:\\\/\\\/sergiolapegue.com\\\/site\\\/wp-content\\\/uploads\\\/2021\\\/04\\\/logo_header-1.png\",\"contentUrl\":\"https:\\\/\\\/sergiolapegue.com\\\/site\\\/wp-content\\\/uploads\\\/2021\\\/04\\\/logo_header-1.png\",\"width\":272,\"height\":90,\"caption\":\"Sergio Lapegue\"},\"logo\":{\"@id\":\"https:\\\/\\\/sergiolapegue.com\\\/site\\\/wp-content\\\/uploads\\\/2021\\\/04\\\/logo_header-1.png\"},\"sameAs\":[\"https:\\\/\\\/facebook.com\\\/sergiolapegue\",\"https:\\\/\\\/instagram.com\\\/sergiolapegue\",\"https:\\\/\\\/x.com\\\/https:\\\/\\\/twitter.com\\\/sergiolapegue\"]},{\"@type\":\"Person\",\"@id\":\"https:\\\/\\\/sergiolapegue.com\\\/site\\\/#\\\/schema\\\/person\\\/9198e7dbab43c6d74d0fd5399af7c3cd\",\"name\":\"Daniel E. Monta\u00f1a\",\"image\":{\"@type\":\"ImageObject\",\"inLanguage\":\"es-AR\",\"@id\":\"https:\\\/\\\/sergiolapegue.com\\\/site\\\/wp-content\\\/uploads\\\/2021\\\/04\\\/sl_avatar_Daniel-150x150.jpg\",\"url\":\"https:\\\/\\\/sergiolapegue.com\\\/site\\\/wp-content\\\/uploads\\\/2021\\\/04\\\/sl_avatar_Daniel-150x150.jpg\",\"contentUrl\":\"https:\\\/\\\/sergiolapegue.com\\\/site\\\/wp-content\\\/uploads\\\/2021\\\/04\\\/sl_avatar_Daniel-150x150.jpg\",\"caption\":\"Daniel E. Monta\u00f1a\"},\"sameAs\":[\"https:\\\/\\\/facebook.com\\\/danielernesto.montana\",\"https:\\\/\\\/instagram.com\\\/daniel_montana1961\",\"https:\\\/\\\/x.com\\\/https:\\\/\\\/twitter.com\\\/daner_004\"],\"url\":\"https:\\\/\\\/sergiolapegue.com\\\/site\\\/author\\\/daniel\\\/\"}]}<\/script>\n<!-- \/ Yoast SEO plugin. -->","yoast_head_json":{"title":"LAS PEL\u00cdCULAS GANADORAS DEL FESTIVAL DE MAR DEL PLATA VUELVEN AL CINE GAUMONT - Sergio Lapegue","robots":{"index":"index","follow":"follow","max-snippet":"max-snippet:-1","max-image-preview":"max-image-preview:large","max-video-preview":"max-video-preview:-1"},"canonical":"https:\/\/sergiolapegue.com\/site\/2025\/11\/24\/las-peliculas-ganadoras-del-festival-de-mar-del-plata-vuelven-al-cine-gaumont\/","og_locale":"es_ES","og_type":"article","og_title":"LAS PEL\u00cdCULAS GANADORAS DEL FESTIVAL DE MAR DEL PLATA VUELVEN AL CINE GAUMONT - Sergio Lapegue","og_description":"&#8220;Lo mejor de Mar del Plata&#8221;, el ciclo de pel\u00edculas ganadoras del festival internacional de cine que acaba de concluir, regresa al cine Gaumont en su segundo a\u00f1o, con una programaci\u00f3n que resalta las pel\u00edculas m\u00e1s importantes que pasaron por la competencia internacional del certamen. Mar del Plata es el \u00fanico de clase A en [&hellip;]","og_url":"https:\/\/sergiolapegue.com\/site\/2025\/11\/24\/las-peliculas-ganadoras-del-festival-de-mar-del-plata-vuelven-al-cine-gaumont\/","og_site_name":"Sergio Lapegue","article_publisher":"https:\/\/facebook.com\/sergiolapegue","article_author":"https:\/\/facebook.com\/danielernesto.montana","article_published_time":"2025-11-24T04:00:00+00:00","og_image":[{"width":1000,"height":609,"url":"https:\/\/sergiolapegue.com\/site\/wp-content\/uploads\/2025\/11\/Las-peliculas-ganadoras-del-festival-de-MDQ-se-presentan-en-el-cine-gaumont.jpg","type":"image\/jpeg"}],"author":"Daniel E. Monta\u00f1a","twitter_card":"summary_large_image","twitter_creator":"@https:\/\/twitter.com\/daner_004","twitter_site":"@sergiolapegue","twitter_misc":{"Escrito por":"Daniel E. Monta\u00f1a","Tiempo de lectura":"6 minutos"},"schema":{"@context":"https:\/\/schema.org","@graph":[{"@type":"Article","@id":"https:\/\/sergiolapegue.com\/site\/2025\/11\/24\/las-peliculas-ganadoras-del-festival-de-mar-del-plata-vuelven-al-cine-gaumont\/#article","isPartOf":{"@id":"https:\/\/sergiolapegue.com\/site\/2025\/11\/24\/las-peliculas-ganadoras-del-festival-de-mar-del-plata-vuelven-al-cine-gaumont\/"},"author":{"name":"Daniel E. Monta\u00f1a","@id":"https:\/\/sergiolapegue.com\/site\/#\/schema\/person\/9198e7dbab43c6d74d0fd5399af7c3cd"},"headline":"LAS PEL\u00cdCULAS GANADORAS DEL FESTIVAL DE MAR DEL PLATA VUELVEN AL CINE GAUMONT","datePublished":"2025-11-24T04:00:00+00:00","mainEntityOfPage":{"@id":"https:\/\/sergiolapegue.com\/site\/2025\/11\/24\/las-peliculas-ganadoras-del-festival-de-mar-del-plata-vuelven-al-cine-gaumont\/"},"wordCount":1004,"commentCount":0,"publisher":{"@id":"https:\/\/sergiolapegue.com\/site\/#\/schema\/person\/083aeceeb0734cd166779ea6c0551a37"},"image":{"@id":"https:\/\/sergiolapegue.com\/site\/2025\/11\/24\/las-peliculas-ganadoras-del-festival-de-mar-del-plata-vuelven-al-cine-gaumont\/#primaryimage"},"thumbnailUrl":"https:\/\/sergiolapegue.com\/site\/wp-content\/uploads\/2025\/11\/Las-peliculas-ganadoras-del-festival-de-MDQ-se-presentan-en-el-cine-gaumont.jpg","articleSection":["Arte","Cine"],"inLanguage":"es-AR","potentialAction":[{"@type":"CommentAction","name":"Comment","target":["https:\/\/sergiolapegue.com\/site\/2025\/11\/24\/las-peliculas-ganadoras-del-festival-de-mar-del-plata-vuelven-al-cine-gaumont\/#respond"]}]},{"@type":"WebPage","@id":"https:\/\/sergiolapegue.com\/site\/2025\/11\/24\/las-peliculas-ganadoras-del-festival-de-mar-del-plata-vuelven-al-cine-gaumont\/","url":"https:\/\/sergiolapegue.com\/site\/2025\/11\/24\/las-peliculas-ganadoras-del-festival-de-mar-del-plata-vuelven-al-cine-gaumont\/","name":"LAS PEL\u00cdCULAS GANADORAS DEL FESTIVAL DE MAR DEL PLATA VUELVEN AL CINE GAUMONT - Sergio Lapegue","isPartOf":{"@id":"https:\/\/sergiolapegue.com\/site\/#website"},"primaryImageOfPage":{"@id":"https:\/\/sergiolapegue.com\/site\/2025\/11\/24\/las-peliculas-ganadoras-del-festival-de-mar-del-plata-vuelven-al-cine-gaumont\/#primaryimage"},"image":{"@id":"https:\/\/sergiolapegue.com\/site\/2025\/11\/24\/las-peliculas-ganadoras-del-festival-de-mar-del-plata-vuelven-al-cine-gaumont\/#primaryimage"},"thumbnailUrl":"https:\/\/sergiolapegue.com\/site\/wp-content\/uploads\/2025\/11\/Las-peliculas-ganadoras-del-festival-de-MDQ-se-presentan-en-el-cine-gaumont.jpg","datePublished":"2025-11-24T04:00:00+00:00","breadcrumb":{"@id":"https:\/\/sergiolapegue.com\/site\/2025\/11\/24\/las-peliculas-ganadoras-del-festival-de-mar-del-plata-vuelven-al-cine-gaumont\/#breadcrumb"},"inLanguage":"es-AR","potentialAction":[{"@type":"ReadAction","target":["https:\/\/sergiolapegue.com\/site\/2025\/11\/24\/las-peliculas-ganadoras-del-festival-de-mar-del-plata-vuelven-al-cine-gaumont\/"]}]},{"@type":"ImageObject","inLanguage":"es-AR","@id":"https:\/\/sergiolapegue.com\/site\/2025\/11\/24\/las-peliculas-ganadoras-del-festival-de-mar-del-plata-vuelven-al-cine-gaumont\/#primaryimage","url":"https:\/\/sergiolapegue.com\/site\/wp-content\/uploads\/2025\/11\/Las-peliculas-ganadoras-del-festival-de-MDQ-se-presentan-en-el-cine-gaumont.jpg","contentUrl":"https:\/\/sergiolapegue.com\/site\/wp-content\/uploads\/2025\/11\/Las-peliculas-ganadoras-del-festival-de-MDQ-se-presentan-en-el-cine-gaumont.jpg","width":1000,"height":609},{"@type":"BreadcrumbList","@id":"https:\/\/sergiolapegue.com\/site\/2025\/11\/24\/las-peliculas-ganadoras-del-festival-de-mar-del-plata-vuelven-al-cine-gaumont\/#breadcrumb","itemListElement":[{"@type":"ListItem","position":1,"name":"Inicio","item":"https:\/\/sergiolapegue.com\/site\/"},{"@type":"ListItem","position":2,"name":"LAS PEL\u00cdCULAS GANADORAS DEL FESTIVAL DE MAR DEL PLATA VUELVEN AL CINE GAUMONT"}]},{"@type":"WebSite","@id":"https:\/\/sergiolapegue.com\/site\/#website","url":"https:\/\/sergiolapegue.com\/site\/","name":"Sergio Lapegue","description":"Periodista","publisher":{"@id":"https:\/\/sergiolapegue.com\/site\/#\/schema\/person\/083aeceeb0734cd166779ea6c0551a37"},"potentialAction":[{"@type":"SearchAction","target":{"@type":"EntryPoint","urlTemplate":"https:\/\/sergiolapegue.com\/site\/?s={search_term_string}"},"query-input":{"@type":"PropertyValueSpecification","valueRequired":true,"valueName":"search_term_string"}}],"inLanguage":"es-AR"},{"@type":["Person","Organization"],"@id":"https:\/\/sergiolapegue.com\/site\/#\/schema\/person\/083aeceeb0734cd166779ea6c0551a37","name":"Sergio Lapegue","image":{"@type":"ImageObject","inLanguage":"es-AR","@id":"https:\/\/sergiolapegue.com\/site\/wp-content\/uploads\/2021\/04\/logo_header-1.png","url":"https:\/\/sergiolapegue.com\/site\/wp-content\/uploads\/2021\/04\/logo_header-1.png","contentUrl":"https:\/\/sergiolapegue.com\/site\/wp-content\/uploads\/2021\/04\/logo_header-1.png","width":272,"height":90,"caption":"Sergio Lapegue"},"logo":{"@id":"https:\/\/sergiolapegue.com\/site\/wp-content\/uploads\/2021\/04\/logo_header-1.png"},"sameAs":["https:\/\/facebook.com\/sergiolapegue","https:\/\/instagram.com\/sergiolapegue","https:\/\/x.com\/https:\/\/twitter.com\/sergiolapegue"]},{"@type":"Person","@id":"https:\/\/sergiolapegue.com\/site\/#\/schema\/person\/9198e7dbab43c6d74d0fd5399af7c3cd","name":"Daniel E. Monta\u00f1a","image":{"@type":"ImageObject","inLanguage":"es-AR","@id":"https:\/\/sergiolapegue.com\/site\/wp-content\/uploads\/2021\/04\/sl_avatar_Daniel-150x150.jpg","url":"https:\/\/sergiolapegue.com\/site\/wp-content\/uploads\/2021\/04\/sl_avatar_Daniel-150x150.jpg","contentUrl":"https:\/\/sergiolapegue.com\/site\/wp-content\/uploads\/2021\/04\/sl_avatar_Daniel-150x150.jpg","caption":"Daniel E. Monta\u00f1a"},"sameAs":["https:\/\/facebook.com\/danielernesto.montana","https:\/\/instagram.com\/daniel_montana1961","https:\/\/x.com\/https:\/\/twitter.com\/daner_004"],"url":"https:\/\/sergiolapegue.com\/site\/author\/daniel\/"}]}},"_links":{"self":[{"href":"https:\/\/sergiolapegue.com\/site\/wp-json\/wp\/v2\/posts\/26894","targetHints":{"allow":["GET"]}}],"collection":[{"href":"https:\/\/sergiolapegue.com\/site\/wp-json\/wp\/v2\/posts"}],"about":[{"href":"https:\/\/sergiolapegue.com\/site\/wp-json\/wp\/v2\/types\/post"}],"author":[{"embeddable":true,"href":"https:\/\/sergiolapegue.com\/site\/wp-json\/wp\/v2\/users\/3"}],"replies":[{"embeddable":true,"href":"https:\/\/sergiolapegue.com\/site\/wp-json\/wp\/v2\/comments?post=26894"}],"version-history":[{"count":1,"href":"https:\/\/sergiolapegue.com\/site\/wp-json\/wp\/v2\/posts\/26894\/revisions"}],"predecessor-version":[{"id":26902,"href":"https:\/\/sergiolapegue.com\/site\/wp-json\/wp\/v2\/posts\/26894\/revisions\/26902"}],"wp:featuredmedia":[{"embeddable":true,"href":"https:\/\/sergiolapegue.com\/site\/wp-json\/wp\/v2\/media\/26901"}],"wp:attachment":[{"href":"https:\/\/sergiolapegue.com\/site\/wp-json\/wp\/v2\/media?parent=26894"}],"wp:term":[{"taxonomy":"category","embeddable":true,"href":"https:\/\/sergiolapegue.com\/site\/wp-json\/wp\/v2\/categories?post=26894"},{"taxonomy":"post_tag","embeddable":true,"href":"https:\/\/sergiolapegue.com\/site\/wp-json\/wp\/v2\/tags?post=26894"}],"curies":[{"name":"wp","href":"https:\/\/api.w.org\/{rel}","templated":true}]}}