{"id":26867,"date":"2025-11-23T01:00:00","date_gmt":"2025-11-23T04:00:00","guid":{"rendered":"https:\/\/sergiolapegue.com\/site\/?p=26867"},"modified":"2025-11-21T02:08:52","modified_gmt":"2025-11-21T05:08:52","slug":"abierta-la-inscripcion-para-la-diplomatura-superior-en-artes-vivas-de-la-universidad-nacional-de-tres-de-febrero","status":"publish","type":"post","link":"https:\/\/sergiolapegue.com\/site\/2025\/11\/23\/abierta-la-inscripcion-para-la-diplomatura-superior-en-artes-vivas-de-la-universidad-nacional-de-tres-de-febrero\/","title":{"rendered":"ABIERTA LA INSCRIPCI\u00d3N PARA LA DIPLOMATURA SUPERIOR EN ARTES VIVAS DE LA UNIVERSIDAD NACIONAL DE TRES DE FEBRERO"},"content":{"rendered":"\n<p>En 2024&nbsp;Vivi Tellas&nbsp;fund\u00f3, y desde entonces dirige, la&nbsp;Escuela de Artes Vivas&nbsp;en la Universidad Nacional de Tres de Febrero (UNTREF).&nbsp;Se trata de una formaci\u00f3n de posgrado, de un a\u00f1o de duraci\u00f3n, pensada para creadores\/as, performers, directores\/as y artistas de diversas disciplinas que quieran expandir sus lenguajes en el campo de las Artes Vivas.<\/p>\n\n\n\n<p><br><strong>Cuerpo docente de la Escuela de Artes Vivas<\/strong><\/p>\n\n\n\n<p>Mariana Oberzstern, Colectivo Rosa Chancho (Julieta Garc\u00eda V\u00e1zquez, Os\u00edas Yanov, Mumi Colombo, Javier Villa), Diego Vainer, Lola Granillo, Grupo Piel de Lava (Valeria Correa, Pilar Gamboa, Laura Paredes, Elisa Carricajo), B\u00e1rbara Hang, Leticia Mazur, Juan Onofri Barbato, Flor Vecino, Federica Baeza, Federico Le\u00f3n, Rodrigo Moreno, Mart\u00edn Rejtman, Karina Peisajovich, I Acevedo, Marie Bardet, Mariano Pensotti y Dani Zelko.<\/p>\n\n\n\n<figure class=\"wp-block-image size-full\"><img loading=\"lazy\" decoding=\"async\" width=\"1000\" height=\"667\" src=\"https:\/\/sergiolapegue.com\/site\/wp-content\/uploads\/2025\/11\/Abierta-la-inscripcion-para-la-dramaturgia-2.jpg\" alt=\"\" class=\"wp-image-26868\" srcset=\"https:\/\/sergiolapegue.com\/site\/wp-content\/uploads\/2025\/11\/Abierta-la-inscripcion-para-la-dramaturgia-2.jpg 1000w, https:\/\/sergiolapegue.com\/site\/wp-content\/uploads\/2025\/11\/Abierta-la-inscripcion-para-la-dramaturgia-2-300x200.jpg 300w, https:\/\/sergiolapegue.com\/site\/wp-content\/uploads\/2025\/11\/Abierta-la-inscripcion-para-la-dramaturgia-2-768x512.jpg 768w, https:\/\/sergiolapegue.com\/site\/wp-content\/uploads\/2025\/11\/Abierta-la-inscripcion-para-la-dramaturgia-2-630x420.jpg 630w, https:\/\/sergiolapegue.com\/site\/wp-content\/uploads\/2025\/11\/Abierta-la-inscripcion-para-la-dramaturgia-2-696x464.jpg 696w\" sizes=\"auto, (max-width: 1000px) 100vw, 1000px\" \/><\/figure>\n\n\n\n<p><strong>Vivi Tellas es la creadora de Biodrama, la dramaturgia del destino.<\/strong><\/p>\n\n\n\n<p><strong>Teatro documental \/ Archivo vivo \/ Biograf\u00edas esc\u00e9nicas<\/strong><\/p>\n\n\n\n<p>En los \u00faltimos a\u00f1os, el concepto&nbsp;Biodrama&nbsp;est\u00e1 teniendo una fuerte influencia en la escena teatral de Buenos Aires y el mundo. Obras que ponen en escena las historias de sus protagonistas buscando la teatralidad fuera del teatro. En este sentido,&nbsp;Vivi Tellas&nbsp;define&nbsp;Biodrama&nbsp;como \u201cuna b\u00fasqueda esc\u00e9nica en la biograf\u00eda\u201d. Se trata de una investigaci\u00f3n sobre la experiencia de vida, el testimonio, el retrato y algunas otras formas de lo personal.<\/p>\n\n\n\n<p>Directora de teatro y curadora con gran influencia en la escena teatral nacional e internacional,&nbsp;Vivi Tellas&nbsp;reflexiona sobre su trabajo: \u201cEl punto de partida es pensar una idea biogr\u00e1fica en relaci\u00f3n a la presencia\u201d. Y precisa: \u201cMi generaci\u00f3n atraves\u00f3 la dictadura argentina y fue a partir de este hecho que empec\u00e9 a pensar Biodrama como una idea sobre el estar presente, sobre el valor de nuestra experiencia y el valor de la singularidad de cada uno\u201d.<\/p>\n\n\n\n<p>Su singular concepci\u00f3n del teatro documental ha dado lugar a una serie de archivos vivos con int\u00e9rpretes no profesionales (Mi mam\u00e1 y mi t\u00eda,&nbsp;Tres fil\u00f3sofos con bigotes,&nbsp;Cozarinsky y su m\u00e9dico,&nbsp;Escuela de Conducci\u00f3n,&nbsp;Mujeres Gu\u00eda&nbsp;y&nbsp;Disc Jockey) y otras obras como&nbsp;Rabbi Rabino&nbsp;(Nueva York),&nbsp;O Rabino e seu Ficho&nbsp;(San Pablo),&nbsp;La bruja y su hija,&nbsp;Maruja enamorada,&nbsp;Las&nbsp;personas&nbsp;(una obra con veintid\u00f3s trabajadores del Teatro San Mart\u00edn en escena),&nbsp;El ni\u00f1o Rieznik,&nbsp;Los amigos, Un biodrama afro,&nbsp;Exilia&nbsp;(Festival de M\u00e9rida, Mex.),&nbsp;Lo tengo todo, ensayo para una obra comunitaria&nbsp;(Festival de Vicente L\u00f3pez y Teatro Espa\u00f1ol de Villa Dolores),&nbsp;Hecho en vivo, un ensayo abierto hacia un biodrama&nbsp;(con los vendedores de la Revista Hecho en Buenos Aires en el Museo Moderno) y&nbsp;Pochi Pochi, una performance en vivo con fotos de familia y relatos con artistas invitados (Las Deudas, Librer\u00eda Los Preferidos de San Javier, Casa G\u00f3mez).<\/p>\n\n\n\n<p>Vivi Tellas&nbsp;fue distinguida con el premio Konex de Platino por la Fundaci\u00f3n Konex (2024) como una de las personalidades m\u00e1s destacadas de la \u00faltima d\u00e9cada en las disciplinas vinculadas a las letras argentinas y fue nombrada Fellow por el Consejo de Humanidades de la Universidad de Princeton.<\/p>\n\n\n\n<figure class=\"wp-block-image size-full\"><img loading=\"lazy\" decoding=\"async\" width=\"800\" height=\"813\" src=\"https:\/\/sergiolapegue.com\/site\/wp-content\/uploads\/2025\/11\/Abierta-la-inscripcion-para-la-dramaturgia-3.jpg\" alt=\"\" class=\"wp-image-26869\" srcset=\"https:\/\/sergiolapegue.com\/site\/wp-content\/uploads\/2025\/11\/Abierta-la-inscripcion-para-la-dramaturgia-3.jpg 800w, https:\/\/sergiolapegue.com\/site\/wp-content\/uploads\/2025\/11\/Abierta-la-inscripcion-para-la-dramaturgia-3-295x300.jpg 295w, https:\/\/sergiolapegue.com\/site\/wp-content\/uploads\/2025\/11\/Abierta-la-inscripcion-para-la-dramaturgia-3-768x780.jpg 768w, https:\/\/sergiolapegue.com\/site\/wp-content\/uploads\/2025\/11\/Abierta-la-inscripcion-para-la-dramaturgia-3-413x420.jpg 413w, https:\/\/sergiolapegue.com\/site\/wp-content\/uploads\/2025\/11\/Abierta-la-inscripcion-para-la-dramaturgia-3-696x707.jpg 696w\" sizes=\"auto, (max-width: 800px) 100vw, 800px\" \/><\/figure>\n\n\n\n<p>En 2015 fue reconocida como Personalidad Destacada de la Cultura por la Legislatura de la Ciudad Aut\u00f3noma de Buenos Aires. Fue profesora visitante en el programa de Escritura Creativa de la Universidad de New York (NYU) y en DasArts Master\u00b4s Programme, \u00c1msterdam. Cre\u00f3 y fue la Directora Art\u00edstica y curadora de Princeton Live Art Sessions, festival de artes en transici\u00f3n de la Universidad de Princeton y obtuvo la beca de Investigaci\u00f3n del Programa en Estudios Latinoamericanos (PLAS) en esa misma Universidad. Actualmente, dirige la Escuela de Artes Vivas perteneciente a la Universidad Nacional de Tres de Febrero (UNTREF).&nbsp;<\/p>\n\n\n\n<p>En estos d\u00edas,&nbsp;Vivi Tellas&nbsp;se encuentra realizando su segundo libro junto a la Editorial Planeta&nbsp;en el cual ahonda sobre su historia personal signada por su v\u00ednculo con el teatro y las claves del m\u00e9todo&nbsp;Biodrama.&nbsp;<\/p>\n\n\n\n<p>Actualmente est\u00e1n en curso los&nbsp;talleres de Biodrama&nbsp;presencial, virtual y distintas modalidades: Taller de ejercicios de Biodrama; Cl\u00ednica, tutor\u00eda y seguimiento de proyectos; Consultorio individual para artistas.<\/p>\n\n\n\n<p>Vivi Tellas&nbsp;y su equipo tambi\u00e9n llevan adelante&nbsp;Comunidad Biodrama, un punto de encuentro digital a trav\u00e9s del cual las personas interesadas en recibir noticias sobre Biodrama y conocer la agenda de obras que nacen de los talleres, se pueden sumar enviando un mail a <a href=\"mailto:biodramavivitellas@gmail.com\">biodramavivitellas@gmail.com<\/a><\/p>\n\n\n\n<p><strong>Biodrama, la dramaturgia del destino <\/strong><a href=\"http:\/\/www.vivitellas.com\">www.vivitellas.com<\/a>&nbsp;<strong>\/<\/strong>&nbsp;<a href=\"https:\/\/instagram.us12.list-manage.com\/track\/click?u=b2aaa53af92611953bf0747e6&amp;id=5f2f32dcfb&amp;e=58f0da6605\" target=\"_blank\" rel=\"noreferrer noopener\">Instagram<\/a> <strong>\/<\/strong><br><a href=\"https:\/\/instagram.us12.list-manage.com\/track\/click?u=b2aaa53af92611953bf0747e6&amp;id=5952f1f5d9&amp;e=58f0da6605\" target=\"_blank\" rel=\"noreferrer noopener\">Charla TED<\/a><\/p>\n\n\n\n<p><strong>Equipo Biodrama<\/strong><\/p>\n\n\n\n<p><strong>Coordinaci\u00f3n y asistencia<\/strong>: Renata Moreno<\/p>\n\n\n\n<p><strong>Dise\u00f1o de logo<\/strong>: Horacio Gallo<\/p>\n\n\n\n<p><strong>Fotos<\/strong>: Nora Lezano<\/p>\n\n\n\n<p><strong>Prensa y comunicaci\u00f3n<\/strong>: Marisol Cambre<\/p>\n\n\n\n<p>Diplomatura Superior en Artes Vivas&nbsp;(<a href=\"https:\/\/instagram.us12.list-manage.com\/track\/click?u=b2aaa53af92611953bf0747e6&amp;id=5ada437252&amp;e=58f0da6605\" target=\"_blank\" rel=\"noreferrer noopener\">abierta la inscripci\u00f3n<\/a>)<\/p>\n\n\n\n<p>Modalidad presencial en la sede de posgrado: Maip\u00fa 71, CABA.&nbsp;<\/p>\n\n\n\n<p>Charla informativa: martes 2 de diciembre a las 19:00 horas.<\/p>\n\n\n\n<p>Consultas:&nbsp;<a href=\"mailto:artesvivas@untref.edu.ar\" target=\"_blank\" rel=\"noreferrer noopener\">artesvivas@untref.edu.ar<\/a><\/p>\n\n\n\n<p>Gracias Marisol Cambre por acercarnos la gacetilla con toda la informaci\u00f3n de la inscripci\u00f3n a la Diplomatura Superior en Artes Vivas.<\/p>\n\n\n\n<p><\/p>\n","protected":false},"excerpt":{"rendered":"<p>En 2024&nbsp;Vivi Tellas&nbsp;fund\u00f3, y desde entonces dirige, la&nbsp;Escuela de Artes Vivas&nbsp;en la Universidad Nacional de Tres de Febrero (UNTREF).&nbsp;Se trata de una formaci\u00f3n de posgrado, de un a\u00f1o de duraci\u00f3n, pensada para creadores\/as, performers, directores\/as y artistas de diversas disciplinas que quieran expandir sus lenguajes en el campo de las Artes Vivas. Cuerpo docente de [&hellip;]<\/p>\n","protected":false},"author":3,"featured_media":26872,"comment_status":"open","ping_status":"closed","sticky":false,"template":"","format":"standard","meta":{"footnotes":""},"categories":[34],"tags":[],"class_list":{"0":"post-26867","1":"post","2":"type-post","3":"status-publish","4":"format-standard","5":"has-post-thumbnail","7":"category-arte"},"yoast_head":"<!-- This site is optimized with the Yoast SEO plugin v27.4 - https:\/\/yoast.com\/product\/yoast-seo-wordpress\/ -->\n<title>ABIERTA LA INSCRIPCI\u00d3N PARA LA DIPLOMATURA SUPERIOR EN ARTES VIVAS DE LA UNIVERSIDAD NACIONAL DE TRES DE FEBRERO - Sergio Lapegue<\/title>\n<meta name=\"robots\" content=\"index, follow, max-snippet:-1, max-image-preview:large, max-video-preview:-1\" \/>\n<link rel=\"canonical\" href=\"https:\/\/sergiolapegue.com\/site\/2025\/11\/23\/abierta-la-inscripcion-para-la-diplomatura-superior-en-artes-vivas-de-la-universidad-nacional-de-tres-de-febrero\/\" \/>\n<meta property=\"og:locale\" content=\"es_ES\" \/>\n<meta property=\"og:type\" content=\"article\" \/>\n<meta property=\"og:title\" content=\"ABIERTA LA INSCRIPCI\u00d3N PARA LA DIPLOMATURA SUPERIOR EN ARTES VIVAS DE LA UNIVERSIDAD NACIONAL DE TRES DE FEBRERO - Sergio Lapegue\" \/>\n<meta property=\"og:description\" content=\"En 2024&nbsp;Vivi Tellas&nbsp;fund\u00f3, y desde entonces dirige, la&nbsp;Escuela de Artes Vivas&nbsp;en la Universidad Nacional de Tres de Febrero (UNTREF).&nbsp;Se trata de una formaci\u00f3n de posgrado, de un a\u00f1o de duraci\u00f3n, pensada para creadores\/as, performers, directores\/as y artistas de diversas disciplinas que quieran expandir sus lenguajes en el campo de las Artes Vivas. Cuerpo docente de [&hellip;]\" \/>\n<meta property=\"og:url\" content=\"https:\/\/sergiolapegue.com\/site\/2025\/11\/23\/abierta-la-inscripcion-para-la-diplomatura-superior-en-artes-vivas-de-la-universidad-nacional-de-tres-de-febrero\/\" \/>\n<meta property=\"og:site_name\" content=\"Sergio Lapegue\" \/>\n<meta property=\"article:publisher\" content=\"https:\/\/facebook.com\/sergiolapegue\" \/>\n<meta property=\"article:author\" content=\"https:\/\/facebook.com\/danielernesto.montana\" \/>\n<meta property=\"article:published_time\" content=\"2025-11-23T04:00:00+00:00\" \/>\n<meta property=\"og:image\" content=\"https:\/\/sergiolapegue.com\/site\/wp-content\/uploads\/2025\/11\/Abierta-la-inscripcion-para-la-dramaturgia.jpg\" \/>\n\t<meta property=\"og:image:width\" content=\"1000\" \/>\n\t<meta property=\"og:image:height\" content=\"1000\" \/>\n\t<meta property=\"og:image:type\" content=\"image\/jpeg\" \/>\n<meta name=\"author\" content=\"Daniel E. Monta\u00f1a\" \/>\n<meta name=\"twitter:card\" content=\"summary_large_image\" \/>\n<meta name=\"twitter:creator\" content=\"@https:\/\/twitter.com\/daner_004\" \/>\n<meta name=\"twitter:site\" content=\"@sergiolapegue\" \/>\n<meta name=\"twitter:label1\" content=\"Escrito por\" \/>\n\t<meta name=\"twitter:data1\" content=\"Daniel E. Monta\u00f1a\" \/>\n\t<meta name=\"twitter:label2\" content=\"Tiempo de lectura\" \/>\n\t<meta name=\"twitter:data2\" content=\"5 minutos\" \/>\n<script type=\"application\/ld+json\" class=\"yoast-schema-graph\">{\"@context\":\"https:\\\/\\\/schema.org\",\"@graph\":[{\"@type\":\"Article\",\"@id\":\"https:\\\/\\\/sergiolapegue.com\\\/site\\\/2025\\\/11\\\/23\\\/abierta-la-inscripcion-para-la-diplomatura-superior-en-artes-vivas-de-la-universidad-nacional-de-tres-de-febrero\\\/#article\",\"isPartOf\":{\"@id\":\"https:\\\/\\\/sergiolapegue.com\\\/site\\\/2025\\\/11\\\/23\\\/abierta-la-inscripcion-para-la-diplomatura-superior-en-artes-vivas-de-la-universidad-nacional-de-tres-de-febrero\\\/\"},\"author\":{\"name\":\"Daniel E. Monta\u00f1a\",\"@id\":\"https:\\\/\\\/sergiolapegue.com\\\/site\\\/#\\\/schema\\\/person\\\/9198e7dbab43c6d74d0fd5399af7c3cd\"},\"headline\":\"ABIERTA LA INSCRIPCI\u00d3N PARA LA DIPLOMATURA SUPERIOR EN ARTES VIVAS DE LA UNIVERSIDAD NACIONAL DE TRES DE FEBRERO\",\"datePublished\":\"2025-11-23T04:00:00+00:00\",\"mainEntityOfPage\":{\"@id\":\"https:\\\/\\\/sergiolapegue.com\\\/site\\\/2025\\\/11\\\/23\\\/abierta-la-inscripcion-para-la-diplomatura-superior-en-artes-vivas-de-la-universidad-nacional-de-tres-de-febrero\\\/\"},\"wordCount\":913,\"commentCount\":0,\"publisher\":{\"@id\":\"https:\\\/\\\/sergiolapegue.com\\\/site\\\/#\\\/schema\\\/person\\\/083aeceeb0734cd166779ea6c0551a37\"},\"image\":{\"@id\":\"https:\\\/\\\/sergiolapegue.com\\\/site\\\/2025\\\/11\\\/23\\\/abierta-la-inscripcion-para-la-diplomatura-superior-en-artes-vivas-de-la-universidad-nacional-de-tres-de-febrero\\\/#primaryimage\"},\"thumbnailUrl\":\"https:\\\/\\\/sergiolapegue.com\\\/site\\\/wp-content\\\/uploads\\\/2025\\\/11\\\/Abierta-la-inscripcion-para-la-dramaturgia.jpg\",\"articleSection\":[\"Arte\"],\"inLanguage\":\"es-AR\",\"potentialAction\":[{\"@type\":\"CommentAction\",\"name\":\"Comment\",\"target\":[\"https:\\\/\\\/sergiolapegue.com\\\/site\\\/2025\\\/11\\\/23\\\/abierta-la-inscripcion-para-la-diplomatura-superior-en-artes-vivas-de-la-universidad-nacional-de-tres-de-febrero\\\/#respond\"]}]},{\"@type\":\"WebPage\",\"@id\":\"https:\\\/\\\/sergiolapegue.com\\\/site\\\/2025\\\/11\\\/23\\\/abierta-la-inscripcion-para-la-diplomatura-superior-en-artes-vivas-de-la-universidad-nacional-de-tres-de-febrero\\\/\",\"url\":\"https:\\\/\\\/sergiolapegue.com\\\/site\\\/2025\\\/11\\\/23\\\/abierta-la-inscripcion-para-la-diplomatura-superior-en-artes-vivas-de-la-universidad-nacional-de-tres-de-febrero\\\/\",\"name\":\"ABIERTA LA INSCRIPCI\u00d3N PARA LA DIPLOMATURA SUPERIOR EN ARTES VIVAS DE LA UNIVERSIDAD NACIONAL DE TRES DE FEBRERO - Sergio Lapegue\",\"isPartOf\":{\"@id\":\"https:\\\/\\\/sergiolapegue.com\\\/site\\\/#website\"},\"primaryImageOfPage\":{\"@id\":\"https:\\\/\\\/sergiolapegue.com\\\/site\\\/2025\\\/11\\\/23\\\/abierta-la-inscripcion-para-la-diplomatura-superior-en-artes-vivas-de-la-universidad-nacional-de-tres-de-febrero\\\/#primaryimage\"},\"image\":{\"@id\":\"https:\\\/\\\/sergiolapegue.com\\\/site\\\/2025\\\/11\\\/23\\\/abierta-la-inscripcion-para-la-diplomatura-superior-en-artes-vivas-de-la-universidad-nacional-de-tres-de-febrero\\\/#primaryimage\"},\"thumbnailUrl\":\"https:\\\/\\\/sergiolapegue.com\\\/site\\\/wp-content\\\/uploads\\\/2025\\\/11\\\/Abierta-la-inscripcion-para-la-dramaturgia.jpg\",\"datePublished\":\"2025-11-23T04:00:00+00:00\",\"breadcrumb\":{\"@id\":\"https:\\\/\\\/sergiolapegue.com\\\/site\\\/2025\\\/11\\\/23\\\/abierta-la-inscripcion-para-la-diplomatura-superior-en-artes-vivas-de-la-universidad-nacional-de-tres-de-febrero\\\/#breadcrumb\"},\"inLanguage\":\"es-AR\",\"potentialAction\":[{\"@type\":\"ReadAction\",\"target\":[\"https:\\\/\\\/sergiolapegue.com\\\/site\\\/2025\\\/11\\\/23\\\/abierta-la-inscripcion-para-la-diplomatura-superior-en-artes-vivas-de-la-universidad-nacional-de-tres-de-febrero\\\/\"]}]},{\"@type\":\"ImageObject\",\"inLanguage\":\"es-AR\",\"@id\":\"https:\\\/\\\/sergiolapegue.com\\\/site\\\/2025\\\/11\\\/23\\\/abierta-la-inscripcion-para-la-diplomatura-superior-en-artes-vivas-de-la-universidad-nacional-de-tres-de-febrero\\\/#primaryimage\",\"url\":\"https:\\\/\\\/sergiolapegue.com\\\/site\\\/wp-content\\\/uploads\\\/2025\\\/11\\\/Abierta-la-inscripcion-para-la-dramaturgia.jpg\",\"contentUrl\":\"https:\\\/\\\/sergiolapegue.com\\\/site\\\/wp-content\\\/uploads\\\/2025\\\/11\\\/Abierta-la-inscripcion-para-la-dramaturgia.jpg\",\"width\":1000,\"height\":1000},{\"@type\":\"BreadcrumbList\",\"@id\":\"https:\\\/\\\/sergiolapegue.com\\\/site\\\/2025\\\/11\\\/23\\\/abierta-la-inscripcion-para-la-diplomatura-superior-en-artes-vivas-de-la-universidad-nacional-de-tres-de-febrero\\\/#breadcrumb\",\"itemListElement\":[{\"@type\":\"ListItem\",\"position\":1,\"name\":\"Inicio\",\"item\":\"https:\\\/\\\/sergiolapegue.com\\\/site\\\/\"},{\"@type\":\"ListItem\",\"position\":2,\"name\":\"ABIERTA LA INSCRIPCI\u00d3N PARA LA DIPLOMATURA SUPERIOR EN ARTES VIVAS DE LA UNIVERSIDAD NACIONAL DE TRES DE FEBRERO\"}]},{\"@type\":\"WebSite\",\"@id\":\"https:\\\/\\\/sergiolapegue.com\\\/site\\\/#website\",\"url\":\"https:\\\/\\\/sergiolapegue.com\\\/site\\\/\",\"name\":\"Sergio Lapegue\",\"description\":\"Periodista\",\"publisher\":{\"@id\":\"https:\\\/\\\/sergiolapegue.com\\\/site\\\/#\\\/schema\\\/person\\\/083aeceeb0734cd166779ea6c0551a37\"},\"potentialAction\":[{\"@type\":\"SearchAction\",\"target\":{\"@type\":\"EntryPoint\",\"urlTemplate\":\"https:\\\/\\\/sergiolapegue.com\\\/site\\\/?s={search_term_string}\"},\"query-input\":{\"@type\":\"PropertyValueSpecification\",\"valueRequired\":true,\"valueName\":\"search_term_string\"}}],\"inLanguage\":\"es-AR\"},{\"@type\":[\"Person\",\"Organization\"],\"@id\":\"https:\\\/\\\/sergiolapegue.com\\\/site\\\/#\\\/schema\\\/person\\\/083aeceeb0734cd166779ea6c0551a37\",\"name\":\"Sergio Lapegue\",\"image\":{\"@type\":\"ImageObject\",\"inLanguage\":\"es-AR\",\"@id\":\"https:\\\/\\\/sergiolapegue.com\\\/site\\\/wp-content\\\/uploads\\\/2021\\\/04\\\/logo_header-1.png\",\"url\":\"https:\\\/\\\/sergiolapegue.com\\\/site\\\/wp-content\\\/uploads\\\/2021\\\/04\\\/logo_header-1.png\",\"contentUrl\":\"https:\\\/\\\/sergiolapegue.com\\\/site\\\/wp-content\\\/uploads\\\/2021\\\/04\\\/logo_header-1.png\",\"width\":272,\"height\":90,\"caption\":\"Sergio Lapegue\"},\"logo\":{\"@id\":\"https:\\\/\\\/sergiolapegue.com\\\/site\\\/wp-content\\\/uploads\\\/2021\\\/04\\\/logo_header-1.png\"},\"sameAs\":[\"https:\\\/\\\/facebook.com\\\/sergiolapegue\",\"https:\\\/\\\/instagram.com\\\/sergiolapegue\",\"https:\\\/\\\/x.com\\\/https:\\\/\\\/twitter.com\\\/sergiolapegue\"]},{\"@type\":\"Person\",\"@id\":\"https:\\\/\\\/sergiolapegue.com\\\/site\\\/#\\\/schema\\\/person\\\/9198e7dbab43c6d74d0fd5399af7c3cd\",\"name\":\"Daniel E. Monta\u00f1a\",\"image\":{\"@type\":\"ImageObject\",\"inLanguage\":\"es-AR\",\"@id\":\"https:\\\/\\\/sergiolapegue.com\\\/site\\\/wp-content\\\/uploads\\\/2021\\\/04\\\/sl_avatar_Daniel-150x150.jpg\",\"url\":\"https:\\\/\\\/sergiolapegue.com\\\/site\\\/wp-content\\\/uploads\\\/2021\\\/04\\\/sl_avatar_Daniel-150x150.jpg\",\"contentUrl\":\"https:\\\/\\\/sergiolapegue.com\\\/site\\\/wp-content\\\/uploads\\\/2021\\\/04\\\/sl_avatar_Daniel-150x150.jpg\",\"caption\":\"Daniel E. Monta\u00f1a\"},\"sameAs\":[\"https:\\\/\\\/facebook.com\\\/danielernesto.montana\",\"https:\\\/\\\/instagram.com\\\/daniel_montana1961\",\"https:\\\/\\\/x.com\\\/https:\\\/\\\/twitter.com\\\/daner_004\"],\"url\":\"https:\\\/\\\/sergiolapegue.com\\\/site\\\/author\\\/daniel\\\/\"}]}<\/script>\n<!-- \/ Yoast SEO plugin. -->","yoast_head_json":{"title":"ABIERTA LA INSCRIPCI\u00d3N PARA LA DIPLOMATURA SUPERIOR EN ARTES VIVAS DE LA UNIVERSIDAD NACIONAL DE TRES DE FEBRERO - Sergio Lapegue","robots":{"index":"index","follow":"follow","max-snippet":"max-snippet:-1","max-image-preview":"max-image-preview:large","max-video-preview":"max-video-preview:-1"},"canonical":"https:\/\/sergiolapegue.com\/site\/2025\/11\/23\/abierta-la-inscripcion-para-la-diplomatura-superior-en-artes-vivas-de-la-universidad-nacional-de-tres-de-febrero\/","og_locale":"es_ES","og_type":"article","og_title":"ABIERTA LA INSCRIPCI\u00d3N PARA LA DIPLOMATURA SUPERIOR EN ARTES VIVAS DE LA UNIVERSIDAD NACIONAL DE TRES DE FEBRERO - Sergio Lapegue","og_description":"En 2024&nbsp;Vivi Tellas&nbsp;fund\u00f3, y desde entonces dirige, la&nbsp;Escuela de Artes Vivas&nbsp;en la Universidad Nacional de Tres de Febrero (UNTREF).&nbsp;Se trata de una formaci\u00f3n de posgrado, de un a\u00f1o de duraci\u00f3n, pensada para creadores\/as, performers, directores\/as y artistas de diversas disciplinas que quieran expandir sus lenguajes en el campo de las Artes Vivas. Cuerpo docente de [&hellip;]","og_url":"https:\/\/sergiolapegue.com\/site\/2025\/11\/23\/abierta-la-inscripcion-para-la-diplomatura-superior-en-artes-vivas-de-la-universidad-nacional-de-tres-de-febrero\/","og_site_name":"Sergio Lapegue","article_publisher":"https:\/\/facebook.com\/sergiolapegue","article_author":"https:\/\/facebook.com\/danielernesto.montana","article_published_time":"2025-11-23T04:00:00+00:00","og_image":[{"width":1000,"height":1000,"url":"https:\/\/sergiolapegue.com\/site\/wp-content\/uploads\/2025\/11\/Abierta-la-inscripcion-para-la-dramaturgia.jpg","type":"image\/jpeg"}],"author":"Daniel E. Monta\u00f1a","twitter_card":"summary_large_image","twitter_creator":"@https:\/\/twitter.com\/daner_004","twitter_site":"@sergiolapegue","twitter_misc":{"Escrito por":"Daniel E. Monta\u00f1a","Tiempo de lectura":"5 minutos"},"schema":{"@context":"https:\/\/schema.org","@graph":[{"@type":"Article","@id":"https:\/\/sergiolapegue.com\/site\/2025\/11\/23\/abierta-la-inscripcion-para-la-diplomatura-superior-en-artes-vivas-de-la-universidad-nacional-de-tres-de-febrero\/#article","isPartOf":{"@id":"https:\/\/sergiolapegue.com\/site\/2025\/11\/23\/abierta-la-inscripcion-para-la-diplomatura-superior-en-artes-vivas-de-la-universidad-nacional-de-tres-de-febrero\/"},"author":{"name":"Daniel E. Monta\u00f1a","@id":"https:\/\/sergiolapegue.com\/site\/#\/schema\/person\/9198e7dbab43c6d74d0fd5399af7c3cd"},"headline":"ABIERTA LA INSCRIPCI\u00d3N PARA LA DIPLOMATURA SUPERIOR EN ARTES VIVAS DE LA UNIVERSIDAD NACIONAL DE TRES DE FEBRERO","datePublished":"2025-11-23T04:00:00+00:00","mainEntityOfPage":{"@id":"https:\/\/sergiolapegue.com\/site\/2025\/11\/23\/abierta-la-inscripcion-para-la-diplomatura-superior-en-artes-vivas-de-la-universidad-nacional-de-tres-de-febrero\/"},"wordCount":913,"commentCount":0,"publisher":{"@id":"https:\/\/sergiolapegue.com\/site\/#\/schema\/person\/083aeceeb0734cd166779ea6c0551a37"},"image":{"@id":"https:\/\/sergiolapegue.com\/site\/2025\/11\/23\/abierta-la-inscripcion-para-la-diplomatura-superior-en-artes-vivas-de-la-universidad-nacional-de-tres-de-febrero\/#primaryimage"},"thumbnailUrl":"https:\/\/sergiolapegue.com\/site\/wp-content\/uploads\/2025\/11\/Abierta-la-inscripcion-para-la-dramaturgia.jpg","articleSection":["Arte"],"inLanguage":"es-AR","potentialAction":[{"@type":"CommentAction","name":"Comment","target":["https:\/\/sergiolapegue.com\/site\/2025\/11\/23\/abierta-la-inscripcion-para-la-diplomatura-superior-en-artes-vivas-de-la-universidad-nacional-de-tres-de-febrero\/#respond"]}]},{"@type":"WebPage","@id":"https:\/\/sergiolapegue.com\/site\/2025\/11\/23\/abierta-la-inscripcion-para-la-diplomatura-superior-en-artes-vivas-de-la-universidad-nacional-de-tres-de-febrero\/","url":"https:\/\/sergiolapegue.com\/site\/2025\/11\/23\/abierta-la-inscripcion-para-la-diplomatura-superior-en-artes-vivas-de-la-universidad-nacional-de-tres-de-febrero\/","name":"ABIERTA LA INSCRIPCI\u00d3N PARA LA DIPLOMATURA SUPERIOR EN ARTES VIVAS DE LA UNIVERSIDAD NACIONAL DE TRES DE FEBRERO - Sergio Lapegue","isPartOf":{"@id":"https:\/\/sergiolapegue.com\/site\/#website"},"primaryImageOfPage":{"@id":"https:\/\/sergiolapegue.com\/site\/2025\/11\/23\/abierta-la-inscripcion-para-la-diplomatura-superior-en-artes-vivas-de-la-universidad-nacional-de-tres-de-febrero\/#primaryimage"},"image":{"@id":"https:\/\/sergiolapegue.com\/site\/2025\/11\/23\/abierta-la-inscripcion-para-la-diplomatura-superior-en-artes-vivas-de-la-universidad-nacional-de-tres-de-febrero\/#primaryimage"},"thumbnailUrl":"https:\/\/sergiolapegue.com\/site\/wp-content\/uploads\/2025\/11\/Abierta-la-inscripcion-para-la-dramaturgia.jpg","datePublished":"2025-11-23T04:00:00+00:00","breadcrumb":{"@id":"https:\/\/sergiolapegue.com\/site\/2025\/11\/23\/abierta-la-inscripcion-para-la-diplomatura-superior-en-artes-vivas-de-la-universidad-nacional-de-tres-de-febrero\/#breadcrumb"},"inLanguage":"es-AR","potentialAction":[{"@type":"ReadAction","target":["https:\/\/sergiolapegue.com\/site\/2025\/11\/23\/abierta-la-inscripcion-para-la-diplomatura-superior-en-artes-vivas-de-la-universidad-nacional-de-tres-de-febrero\/"]}]},{"@type":"ImageObject","inLanguage":"es-AR","@id":"https:\/\/sergiolapegue.com\/site\/2025\/11\/23\/abierta-la-inscripcion-para-la-diplomatura-superior-en-artes-vivas-de-la-universidad-nacional-de-tres-de-febrero\/#primaryimage","url":"https:\/\/sergiolapegue.com\/site\/wp-content\/uploads\/2025\/11\/Abierta-la-inscripcion-para-la-dramaturgia.jpg","contentUrl":"https:\/\/sergiolapegue.com\/site\/wp-content\/uploads\/2025\/11\/Abierta-la-inscripcion-para-la-dramaturgia.jpg","width":1000,"height":1000},{"@type":"BreadcrumbList","@id":"https:\/\/sergiolapegue.com\/site\/2025\/11\/23\/abierta-la-inscripcion-para-la-diplomatura-superior-en-artes-vivas-de-la-universidad-nacional-de-tres-de-febrero\/#breadcrumb","itemListElement":[{"@type":"ListItem","position":1,"name":"Inicio","item":"https:\/\/sergiolapegue.com\/site\/"},{"@type":"ListItem","position":2,"name":"ABIERTA LA INSCRIPCI\u00d3N PARA LA DIPLOMATURA SUPERIOR EN ARTES VIVAS DE LA UNIVERSIDAD NACIONAL DE TRES DE FEBRERO"}]},{"@type":"WebSite","@id":"https:\/\/sergiolapegue.com\/site\/#website","url":"https:\/\/sergiolapegue.com\/site\/","name":"Sergio Lapegue","description":"Periodista","publisher":{"@id":"https:\/\/sergiolapegue.com\/site\/#\/schema\/person\/083aeceeb0734cd166779ea6c0551a37"},"potentialAction":[{"@type":"SearchAction","target":{"@type":"EntryPoint","urlTemplate":"https:\/\/sergiolapegue.com\/site\/?s={search_term_string}"},"query-input":{"@type":"PropertyValueSpecification","valueRequired":true,"valueName":"search_term_string"}}],"inLanguage":"es-AR"},{"@type":["Person","Organization"],"@id":"https:\/\/sergiolapegue.com\/site\/#\/schema\/person\/083aeceeb0734cd166779ea6c0551a37","name":"Sergio Lapegue","image":{"@type":"ImageObject","inLanguage":"es-AR","@id":"https:\/\/sergiolapegue.com\/site\/wp-content\/uploads\/2021\/04\/logo_header-1.png","url":"https:\/\/sergiolapegue.com\/site\/wp-content\/uploads\/2021\/04\/logo_header-1.png","contentUrl":"https:\/\/sergiolapegue.com\/site\/wp-content\/uploads\/2021\/04\/logo_header-1.png","width":272,"height":90,"caption":"Sergio Lapegue"},"logo":{"@id":"https:\/\/sergiolapegue.com\/site\/wp-content\/uploads\/2021\/04\/logo_header-1.png"},"sameAs":["https:\/\/facebook.com\/sergiolapegue","https:\/\/instagram.com\/sergiolapegue","https:\/\/x.com\/https:\/\/twitter.com\/sergiolapegue"]},{"@type":"Person","@id":"https:\/\/sergiolapegue.com\/site\/#\/schema\/person\/9198e7dbab43c6d74d0fd5399af7c3cd","name":"Daniel E. Monta\u00f1a","image":{"@type":"ImageObject","inLanguage":"es-AR","@id":"https:\/\/sergiolapegue.com\/site\/wp-content\/uploads\/2021\/04\/sl_avatar_Daniel-150x150.jpg","url":"https:\/\/sergiolapegue.com\/site\/wp-content\/uploads\/2021\/04\/sl_avatar_Daniel-150x150.jpg","contentUrl":"https:\/\/sergiolapegue.com\/site\/wp-content\/uploads\/2021\/04\/sl_avatar_Daniel-150x150.jpg","caption":"Daniel E. Monta\u00f1a"},"sameAs":["https:\/\/facebook.com\/danielernesto.montana","https:\/\/instagram.com\/daniel_montana1961","https:\/\/x.com\/https:\/\/twitter.com\/daner_004"],"url":"https:\/\/sergiolapegue.com\/site\/author\/daniel\/"}]}},"_links":{"self":[{"href":"https:\/\/sergiolapegue.com\/site\/wp-json\/wp\/v2\/posts\/26867","targetHints":{"allow":["GET"]}}],"collection":[{"href":"https:\/\/sergiolapegue.com\/site\/wp-json\/wp\/v2\/posts"}],"about":[{"href":"https:\/\/sergiolapegue.com\/site\/wp-json\/wp\/v2\/types\/post"}],"author":[{"embeddable":true,"href":"https:\/\/sergiolapegue.com\/site\/wp-json\/wp\/v2\/users\/3"}],"replies":[{"embeddable":true,"href":"https:\/\/sergiolapegue.com\/site\/wp-json\/wp\/v2\/comments?post=26867"}],"version-history":[{"count":1,"href":"https:\/\/sergiolapegue.com\/site\/wp-json\/wp\/v2\/posts\/26867\/revisions"}],"predecessor-version":[{"id":26871,"href":"https:\/\/sergiolapegue.com\/site\/wp-json\/wp\/v2\/posts\/26867\/revisions\/26871"}],"wp:featuredmedia":[{"embeddable":true,"href":"https:\/\/sergiolapegue.com\/site\/wp-json\/wp\/v2\/media\/26872"}],"wp:attachment":[{"href":"https:\/\/sergiolapegue.com\/site\/wp-json\/wp\/v2\/media?parent=26867"}],"wp:term":[{"taxonomy":"category","embeddable":true,"href":"https:\/\/sergiolapegue.com\/site\/wp-json\/wp\/v2\/categories?post=26867"},{"taxonomy":"post_tag","embeddable":true,"href":"https:\/\/sergiolapegue.com\/site\/wp-json\/wp\/v2\/tags?post=26867"}],"curies":[{"name":"wp","href":"https:\/\/api.w.org\/{rel}","templated":true}]}}