{"id":26848,"date":"2025-11-20T13:00:00","date_gmt":"2025-11-20T16:00:00","guid":{"rendered":"https:\/\/sergiolapegue.com\/site\/?p=26848"},"modified":"2025-11-20T01:15:28","modified_gmt":"2025-11-20T04:15:28","slug":"finalizo-la-40-edicion-del-festival-internacional-de-cine-de-mar-del-plata-2025","status":"publish","type":"post","link":"https:\/\/sergiolapegue.com\/site\/2025\/11\/20\/finalizo-la-40-edicion-del-festival-internacional-de-cine-de-mar-del-plata-2025\/","title":{"rendered":"FINALIZ\u00d3 LA 40\u00b0 EDICI\u00d3N DEL FESTIVAL INTERNACIONAL DE CINE DE MAR DEL PLATA 2025"},"content":{"rendered":"\n<p>Finaliz\u00f3 el Festival Internacional de Cine de Mar del Plata con \u201cCalle M\u00e1laga\u201d de Maryam Touzani como mejor largometraje internacional.<\/p>\n\n\n\n<p>A pura emoci\u00f3n y expectativas se realiz\u00f3 la ceremonia de clausura de la cuadrag\u00e9sima edici\u00f3n del Festival Internacional de Cine de Mar del Plata, \u201cEl renacer de Esplendor\u201d, en la Sala Astor Piazzolla del Teatro Audit\u00f3rium (Av. Patricio Peralta Ramos 2280).<\/p>\n\n\n\n<p>Desde las 20.30 horas, artistas, directores, productores y cin\u00e9filos vivenciaron una entrega inigualable con la transmisi\u00f3n del canal Am\u00e9rica TV, media partner exclusivo del Festival.&nbsp;<\/p>\n\n\n\n<figure class=\"wp-block-image size-full\"><img loading=\"lazy\" decoding=\"async\" width=\"1000\" height=\"666\" src=\"https:\/\/sergiolapegue.com\/site\/wp-content\/uploads\/2025\/11\/Finalizo-la-40-edicion-del-festival-de-cine-de-MDQ-4.jpg\" alt=\"\" class=\"wp-image-26849\" srcset=\"https:\/\/sergiolapegue.com\/site\/wp-content\/uploads\/2025\/11\/Finalizo-la-40-edicion-del-festival-de-cine-de-MDQ-4.jpg 1000w, https:\/\/sergiolapegue.com\/site\/wp-content\/uploads\/2025\/11\/Finalizo-la-40-edicion-del-festival-de-cine-de-MDQ-4-300x200.jpg 300w, https:\/\/sergiolapegue.com\/site\/wp-content\/uploads\/2025\/11\/Finalizo-la-40-edicion-del-festival-de-cine-de-MDQ-4-768x511.jpg 768w, https:\/\/sergiolapegue.com\/site\/wp-content\/uploads\/2025\/11\/Finalizo-la-40-edicion-del-festival-de-cine-de-MDQ-4-631x420.jpg 631w, https:\/\/sergiolapegue.com\/site\/wp-content\/uploads\/2025\/11\/Finalizo-la-40-edicion-del-festival-de-cine-de-MDQ-4-696x464.jpg 696w\" sizes=\"auto, (max-width: 1000px) 100vw, 1000px\" \/><\/figure>\n\n\n\n<p>Asimismo, la premiaci\u00f3n cont\u00f3 con la presencia del presidente del Instituto Nacional de Cine y Artes Audiovisuales (INCAA), Carlos Pirovano y el presidente del Ente de Municipal de Turismo y Cultura de Mar del Plata, Bernardo Martin, junto al presidente de la Federaci\u00f3n Internacional de Asociaciones de Productores Cinematogr\u00e1ficos (FIAPF), Luis Scalella.<\/p>\n\n\n\n<p>Por su parte, los codirectores art\u00edsticos de este festival, que cuenta con el apoyo de la secretaria de Cultura de la Naci\u00f3n, Gabriel Lerman y Jorge Stamadianos, declararon en el escenario: \u201cLlegamos a este d\u00eda con gran alegr\u00eda, que viva el cine!\u201d<\/p>\n\n\n\n<p>A continuaci\u00f3n, se dieron a conocer los ganadores de cada terna y luego de la entrega de los galardones se proyect\u00f3 el film &#8220;Las locuras&#8221; con la presencia de su realizador Rodrigo Garc\u00eda, nacido en Colombia y quien creci\u00f3 en M\u00e9xico.<\/p>\n\n\n\n<p>La pel\u00edcula de Netflix narra una serie de historias interconectadas en la que participan numerosas figuras del cine latinoamericano, incluyendo al chileno Alfredo Castro y los mexicanos Adriana Barraza (nominada al Oscar y al Globo de Oro por &#8220;Babel&#8221;), Cassandra Ciangherotti, \u00c1ngeles Cruz, Natalia Soli\u00e1n, Naian Gonz\u00e1lez Norvind, Ra\u00fal Briones, Ilse Salas, Fernanda Castillo y M\u00f3nica del Carmen entre muchos otros.&nbsp;<\/p>\n\n\n\n<figure class=\"wp-block-image size-full\"><img loading=\"lazy\" decoding=\"async\" width=\"1000\" height=\"666\" src=\"https:\/\/sergiolapegue.com\/site\/wp-content\/uploads\/2025\/11\/Finalizo-la-40-edicion-del-festival-de-cine-de-MDQ-5.jpg\" alt=\"\" class=\"wp-image-26850\" srcset=\"https:\/\/sergiolapegue.com\/site\/wp-content\/uploads\/2025\/11\/Finalizo-la-40-edicion-del-festival-de-cine-de-MDQ-5.jpg 1000w, https:\/\/sergiolapegue.com\/site\/wp-content\/uploads\/2025\/11\/Finalizo-la-40-edicion-del-festival-de-cine-de-MDQ-5-300x200.jpg 300w, https:\/\/sergiolapegue.com\/site\/wp-content\/uploads\/2025\/11\/Finalizo-la-40-edicion-del-festival-de-cine-de-MDQ-5-768x511.jpg 768w, https:\/\/sergiolapegue.com\/site\/wp-content\/uploads\/2025\/11\/Finalizo-la-40-edicion-del-festival-de-cine-de-MDQ-5-631x420.jpg 631w, https:\/\/sergiolapegue.com\/site\/wp-content\/uploads\/2025\/11\/Finalizo-la-40-edicion-del-festival-de-cine-de-MDQ-5-696x464.jpg 696w\" sizes=\"auto, (max-width: 1000px) 100vw, 1000px\" \/><\/figure>\n\n\n\n<p><strong>LAS TERNAS<\/strong><\/p>\n\n\n\n<p><strong>COMPETENCIA OFICIAL INTERNACIONAL:<\/strong><\/p>\n\n\n\n<p>Mejor Largometraje:&nbsp;<strong>&#8220;CALLE M\u00c1LAGA&#8221;<\/strong>, DE MARYAM TOUZANI<\/p>\n\n\n\n<p><strong>PREMIO ESPECIAL DEL JURADO<\/strong><\/p>\n\n\n\n<p><strong>&#8220;VACHE FOLLE&#8221;<\/strong>, de HUGO DIEGO GARC\u00cdA y LORENZO BENTIVOGLIO.<\/p>\n\n\n\n<p>Mejor direcci\u00f3n: NICOLANGELO GELORMINI, por<strong>&nbsp;&#8220;LA GIOIA&#8221;<\/strong>.<\/p>\n\n\n\n<p>Mejor interpretaci\u00f3n masculina: SAUL NANNI, por&nbsp;<strong>&#8220;LA GIOIA&#8221; y HUGO DIRGO GARCIA por &#8220;VACGE FOLLE&#8221;<\/strong><\/p>\n\n\n\n<p>Mejor interpretaci\u00f3n femenina: CARMEN MAURA, por&nbsp;<strong>&#8220;CALLE M\u00c1LAGA&#8221;<\/strong><\/p>\n\n\n\n<p>Mejor guion:&nbsp;<strong>&#8220;&amp; SONS&#8221;,<\/strong>&nbsp;de PABLO TRAPERO<\/p>\n\n\n\n<p><strong>PREMIO EX AEQUO<\/strong><\/p>\n\n\n\n<p><strong>\u201cVACHE FOLLE\u201d<\/strong>&nbsp;de Hugo Diego Garc\u00eda y Lorenzo Bentivoglio (Ex Aequo)<\/p>\n\n\n\n<p><strong>COMPETENCIA LATINOAMERICANA DE LARGOMETRAJES<\/strong><\/p>\n\n\n\n<p><strong>\u201c3.000 KM EN BICICLETA&#8221;<\/strong>, de IV\u00c1N VESCOVO<\/p>\n\n\n\n<p><strong>COMPETENCIA ARGENTINA DE LARGOMETRAJES<\/strong><\/p>\n\n\n\n<p>Mejor largometraje:&nbsp;<strong>&#8220;RISA Y LA CABINA DEL VIENTO&#8221;<\/strong>, de JUAN CABRAL<\/p>\n\n\n\n<p>Mejor direcci\u00f3n: JUAN CABRAL, por&nbsp;<strong>\u201cRISA Y LA CABINA DEL VIENTO\u201d<\/strong><\/p>\n\n\n\n<p><strong>COMPETENCIA INTERNACIONAL DE CORTOMETRAJES<\/strong><\/p>\n\n\n\n<p><strong>&#8220;SEXO A LOS 70&#8221;<\/strong>, de VANESA ROMERO<\/p>\n\n\n\n<p><strong>COMPETENCIA LATINOAMERICANA DE CORTOMETRAJES<\/strong><\/p>\n\n\n\n<p><strong>&#8220;DOMINGO FAMILIAR&#8221;<\/strong>, de GERARDO DEL RAZO<\/p>\n\n\n\n<p><strong>COMPETENCIA ARGENTINA DE CORTOMETRAJES<\/strong><\/p>\n\n\n\n<p><strong>&#8220;TU CUERPO EN MI HABITACI\u00d3N\u201d<\/strong>, de AXEL CHEB TERRAB<\/p>\n\n\n\n<p><strong>COMPETENCIA EN TR\u00c1NSITO \/ WORK IN PROGRESS<\/strong><\/p>\n\n\n\n<p><strong>&#8220;CUERO&#8221;<\/strong>, de JOAQU\u00cdN CAMBRE<\/p>\n\n\n\n<p><strong>PREMIO DEL P\u00daBLICO<\/strong><\/p>\n\n\n\n<p><strong>MEJOR PEL\u00cdCULA COMPETENCIA OFICIAL INTERNACIONAL:<\/strong><\/p>\n\n\n\n<p><strong>&#8220;CALLE M\u00c1LAGA&#8221;,<\/strong>&nbsp;DE MARYAM TOUZANI<\/p>\n\n\n\n<p><strong>PREMIOS INDEPENDIENTES&nbsp;<\/strong><\/p>\n\n\n\n<p><strong>PREMIO SIGNIS<\/strong>&nbsp;&#8211; Asociaci\u00f3n Cat\u00f3lica Mundial para la Comunicaci\u00f3n&nbsp;<\/p>\n\n\n\n<p><strong>Mejor pel\u00edcula competencia oficial internacional:<\/strong><\/p>\n\n\n\n<p><strong>\u201cFLOOD\u201d<\/strong>, de Mart\u00edn Gonda<\/p>\n\n\n\n<p><strong>PREMIO ACCA<\/strong>&nbsp;&#8211; Asociaci\u00f3n de Cronistas Cinematogr\u00e1ficos de Argentina&nbsp;<\/p>\n\n\n\n<p><strong>Mejor pel\u00edcula argentina de todas las competencias<\/strong><\/p>\n\n\n\n<p><strong>\u201cLA CASA\u201d<\/strong>&nbsp;, de Gustavo Trivi\u00f1o<\/p>\n\n\n\n<p><strong>PREMIO RECAM<\/strong>&nbsp;&#8211; Reuni\u00f3n Especializada de Autoridades Cinematogr\u00e1ficas y Audiovisuales del MERCOSUR<\/p>\n\n\n\n<p><strong>Mejor cortometraje mercosure\u00f1o&nbsp;<\/strong><\/p>\n\n\n\n<p><strong>\u201cMIENTRAS TANTO\u201d<\/strong>, de Flor Berthold y Carla Scatarelli<\/p>\n\n\n\n<p><strong>PREMIO FNA<\/strong>&nbsp;&#8211; Fondo Nacional de las Artes<\/p>\n\n\n\n<p><strong>Mejor cortometraje de la competencia argentina&nbsp;<\/strong><\/p>\n\n\n\n<p><strong>\u201cEL BORDE DE LAS COSAS\u201d<\/strong>, de Justo Dell Acqua<\/p>\n\n\n\n<p><strong>PREMIO FIPRESCI<\/strong>&#8211; Asociaci\u00f3n Internacional de Cr\u00edticos de Cine y Periodistas Cinematogr\u00e1ficos<br><strong>Mejor pel\u00edcula de la competencia latinoamericana<\/strong><\/p>\n\n\n\n<p><strong>\u201cNIGHT STAGE\u201d<\/strong>, de Filipe Matzembacher y Marcio Reol\u00f3n<\/p>\n\n\n\n<p><strong>PREMIOS SPONSORS<\/strong><\/p>\n\n\n\n<p><strong>COMPETENCIA EN TR\u00c1NSITO \/ WORK IN PROGRESS<\/strong><\/p>\n\n\n\n<p><strong>Premio Banco Galicia, Cinecolor y El Cono del Silencio al Mejor proyecto En Tr\u00e1nsito<\/strong><br><strong>&#8220;Cuero&#8221;<\/strong>&nbsp;de Joaqu\u00edn Cambre<\/p>\n\n\n\n<p><strong>COMPETENCIA INTERNACIONAL DE CORTOMETRAJES<\/strong><\/p>\n\n\n\n<p><strong>Premio Banco Galicia al Mejor Cortometraje Internacional<\/strong><br><strong>&#8220;Sexo a los 70&#8221;<\/strong>&nbsp;de Vanesa Romero<\/p>\n\n\n\n<p><strong>COMPETENCIA LATINOAMERICANA<\/strong><\/p>\n\n\n\n<p><strong>Premio Alta Definici\u00f3n Argentina a la Mejor Pfinel\u00edcula de la Competencia Latinoamericana<\/strong><br><strong>&#8220;3000km en bicicleta&#8221;<\/strong>&nbsp;de Iv\u00e1n Vescovo<\/p>\n\n\n\n<p><strong>COMPETENCIA ARGENTINA DE LARGOMETRAJES<\/strong><\/p>\n\n\n\n<p><strong>Premio Banco Galicia al Mejor Largometraje Argentino<\/strong><\/p>\n\n\n\n<p>&#8220;<strong>Risa y la cabina del viento&#8221;<\/strong>&nbsp;de Juan Cabral<\/p>\n\n\n\n<p><strong>COMPETENCIA ARGENTINA DE CORTOMETRAJES<\/strong><\/p>\n\n\n\n<p><strong>Premio Banco Galicia al Mejor Cortometraje Argentino<\/strong><\/p>\n\n\n\n<p><strong>&#8220;Tu cuerpo en mi habitaci\u00f3n&#8221;<\/strong>&nbsp;de Axel Cheb Terrab<\/p>\n\n\n\n<p><strong>MECIONES ESPECIALES<\/strong><\/p>\n\n\n\n<p><strong>COMPETENCIA OFICIAL INTERNACIONAL DE LARGOMETRAJES<\/strong><\/p>\n\n\n\n<p><strong>&#8220;THE SEA&#8221;<\/strong>, de SHAI CARMELI POLLAK<\/p>\n\n\n\n<p><strong>&#8220;LEO &amp; LOU&#8221;<\/strong>, de CARLOS SOLANO<\/p>\n\n\n\n<p><strong>COMPETENCIA LATINOAMERICANA DE CORTOMETRAJES<\/strong><\/p>\n\n\n\n<p><strong>&#8220;PRESEPIO&#8221;<\/strong>, de FELIPE BIBIAN&nbsp;<\/p>\n\n\n\n<p><strong>COMPETENCIA LATINOAMERICANA DE LARGOMETRAJES<\/strong><\/p>\n\n\n\n<p><strong>&#8220;ESPINA&#8221;<\/strong>, de DANIEL POLER<\/p>\n\n\n\n<p><strong>COMPETENCIA ARGENTINA DE LARGOMETRAJES<\/strong><\/p>\n\n\n\n<p><strong>&#8220;TRES TIEMPOS&#8221;<\/strong>&nbsp;, de MARLENE GRINBERG<\/p>\n\n\n\n<p><strong>&#8220;VLASTA, EL RECUERDO NO ES ETERNO&#8221;<\/strong>, de CANDELA VEY Y TINO PEREIRA<\/p>\n\n\n\n<p><strong>COMPETENCIA OFICIAL INTERNACIONAL DE CORTOMETRAJES<\/strong><\/p>\n\n\n\n<p><strong>\u201c\u0101y\u00ed\u201d<\/strong>&nbsp;de JIAYI LI<\/p>\n\n\n\n<p><strong>COMPETENCIA EN TR\u00c1NSITO<\/strong><\/p>\n\n\n\n<p><strong>&#8220;VALIJERO\u201d<\/strong>&nbsp;, de ESTEBAN TRIVISONO<\/p>\n\n\n\n<figure class=\"wp-block-image size-full\"><img loading=\"lazy\" decoding=\"async\" width=\"1000\" height=\"609\" src=\"https:\/\/sergiolapegue.com\/site\/wp-content\/uploads\/2025\/11\/Finalizo-la-40-edicion-del-festival-de-cine-de-MDQ-1.jpg\" alt=\"\" class=\"wp-image-26851\" srcset=\"https:\/\/sergiolapegue.com\/site\/wp-content\/uploads\/2025\/11\/Finalizo-la-40-edicion-del-festival-de-cine-de-MDQ-1.jpg 1000w, https:\/\/sergiolapegue.com\/site\/wp-content\/uploads\/2025\/11\/Finalizo-la-40-edicion-del-festival-de-cine-de-MDQ-1-300x183.jpg 300w, https:\/\/sergiolapegue.com\/site\/wp-content\/uploads\/2025\/11\/Finalizo-la-40-edicion-del-festival-de-cine-de-MDQ-1-768x468.jpg 768w, https:\/\/sergiolapegue.com\/site\/wp-content\/uploads\/2025\/11\/Finalizo-la-40-edicion-del-festival-de-cine-de-MDQ-1-690x420.jpg 690w, https:\/\/sergiolapegue.com\/site\/wp-content\/uploads\/2025\/11\/Finalizo-la-40-edicion-del-festival-de-cine-de-MDQ-1-696x424.jpg 696w\" sizes=\"auto, (max-width: 1000px) 100vw, 1000px\" \/><\/figure>\n\n\n\n<p>De esta forma, concluy\u00f3 una nueva edici\u00f3n del festival que desde 1954 refleja el universo del cine argentino e internacional y se consolida como una plataforma de desarrollo e intercambio de la industria cinematogr\u00e1fica y audiovisual: una cita obligada para realizadores, productores, actores, distribuidores y cin\u00e9filos.<\/p>\n\n\n\n<p><a href=\"https:\/\/tpagencia.tr.pemsv01.net\/c\/eyJhIjoidHBhZ2VuY2lhIiwibSI6Im1haWxfY21pMzNlYWwzMGY5aDA4MTZtenJpZ2RseSIsImwiOiJsaW5rX2UyMDBiOTVmYjFhYjc1OGVkYTU5ZTg0ZDIxODI2M2UxZDUwMDU2YWZfYjQzZTViIiwiaSI6W10sInUiOiJodHRwczovL3d3dy5tYXJkZWxwbGF0YWZpbG1mZXN0LmNvbS80MC8_dXRtX3NvdXJjZT1wZXJmaXQmdXRtX21lZGl1bT1lbWFpbCZ1dG1fY2FtcGFpZ249Q0xBVVNVUkElMjBGRVNUSVZBTCUyMERFJTIwQ0lORSUyME1EUSUyMDIwMjUiLCJjIjoiIiwiaCI6IjJlYmUzYiJ9\" target=\"_blank\" rel=\"noreferrer noopener\">PAGINA OFICIAL DEL FESTIVAL DE CINE DE MAR DEL PLATA 2025<\/a><\/p>\n\n\n\n<p>Gracias Tommy Pashkus Agencia por acercarnos la gacetilla de prensa con toda la informaci\u00f3n de la \u00faltima jornada del Festival de Cine de Mar del Plata 2025.<\/p>\n\n\n\n<p><\/p>\n","protected":false},"excerpt":{"rendered":"<p>Finaliz\u00f3 el Festival Internacional de Cine de Mar del Plata con \u201cCalle M\u00e1laga\u201d de Maryam Touzani como mejor largometraje internacional. A pura emoci\u00f3n y expectativas se realiz\u00f3 la ceremonia de clausura de la cuadrag\u00e9sima edici\u00f3n del Festival Internacional de Cine de Mar del Plata, \u201cEl renacer de Esplendor\u201d, en la Sala Astor Piazzolla del Teatro [&hellip;]<\/p>\n","protected":false},"author":3,"featured_media":26852,"comment_status":"open","ping_status":"closed","sticky":false,"template":"","format":"standard","meta":{"footnotes":""},"categories":[34,36],"tags":[],"class_list":{"0":"post-26848","1":"post","2":"type-post","3":"status-publish","4":"format-standard","5":"has-post-thumbnail","7":"category-arte","8":"category-cine"},"yoast_head":"<!-- This site is optimized with the Yoast SEO plugin v27.4 - https:\/\/yoast.com\/product\/yoast-seo-wordpress\/ -->\n<title>FINALIZ\u00d3 LA 40\u00b0 EDICI\u00d3N DEL FESTIVAL INTERNACIONAL DE CINE DE MAR DEL PLATA 2025 - Sergio Lapegue<\/title>\n<meta name=\"robots\" content=\"index, follow, max-snippet:-1, max-image-preview:large, max-video-preview:-1\" \/>\n<link rel=\"canonical\" href=\"https:\/\/sergiolapegue.com\/site\/2025\/11\/20\/finalizo-la-40-edicion-del-festival-internacional-de-cine-de-mar-del-plata-2025\/\" \/>\n<meta property=\"og:locale\" content=\"es_ES\" \/>\n<meta property=\"og:type\" content=\"article\" \/>\n<meta property=\"og:title\" content=\"FINALIZ\u00d3 LA 40\u00b0 EDICI\u00d3N DEL FESTIVAL INTERNACIONAL DE CINE DE MAR DEL PLATA 2025 - Sergio Lapegue\" \/>\n<meta property=\"og:description\" content=\"Finaliz\u00f3 el Festival Internacional de Cine de Mar del Plata con \u201cCalle M\u00e1laga\u201d de Maryam Touzani como mejor largometraje internacional. A pura emoci\u00f3n y expectativas se realiz\u00f3 la ceremonia de clausura de la cuadrag\u00e9sima edici\u00f3n del Festival Internacional de Cine de Mar del Plata, \u201cEl renacer de Esplendor\u201d, en la Sala Astor Piazzolla del Teatro [&hellip;]\" \/>\n<meta property=\"og:url\" content=\"https:\/\/sergiolapegue.com\/site\/2025\/11\/20\/finalizo-la-40-edicion-del-festival-internacional-de-cine-de-mar-del-plata-2025\/\" \/>\n<meta property=\"og:site_name\" content=\"Sergio Lapegue\" \/>\n<meta property=\"article:publisher\" content=\"https:\/\/facebook.com\/sergiolapegue\" \/>\n<meta property=\"article:author\" content=\"https:\/\/facebook.com\/danielernesto.montana\" \/>\n<meta property=\"article:published_time\" content=\"2025-11-20T16:00:00+00:00\" \/>\n<meta property=\"og:image\" content=\"https:\/\/sergiolapegue.com\/site\/wp-content\/uploads\/2025\/11\/Finalizo-la-40-edicion-del-festival-de-cine-de-MDQ.jpg\" \/>\n\t<meta property=\"og:image:width\" content=\"1000\" \/>\n\t<meta property=\"og:image:height\" content=\"689\" \/>\n\t<meta property=\"og:image:type\" content=\"image\/jpeg\" \/>\n<meta name=\"author\" content=\"Daniel E. Monta\u00f1a\" \/>\n<meta name=\"twitter:card\" content=\"summary_large_image\" \/>\n<meta name=\"twitter:creator\" content=\"@https:\/\/twitter.com\/daner_004\" \/>\n<meta name=\"twitter:site\" content=\"@sergiolapegue\" \/>\n<meta name=\"twitter:label1\" content=\"Escrito por\" \/>\n\t<meta name=\"twitter:data1\" content=\"Daniel E. Monta\u00f1a\" \/>\n\t<meta name=\"twitter:label2\" content=\"Tiempo de lectura\" \/>\n\t<meta name=\"twitter:data2\" content=\"5 minutos\" \/>\n<script type=\"application\/ld+json\" class=\"yoast-schema-graph\">{\"@context\":\"https:\\\/\\\/schema.org\",\"@graph\":[{\"@type\":\"Article\",\"@id\":\"https:\\\/\\\/sergiolapegue.com\\\/site\\\/2025\\\/11\\\/20\\\/finalizo-la-40-edicion-del-festival-internacional-de-cine-de-mar-del-plata-2025\\\/#article\",\"isPartOf\":{\"@id\":\"https:\\\/\\\/sergiolapegue.com\\\/site\\\/2025\\\/11\\\/20\\\/finalizo-la-40-edicion-del-festival-internacional-de-cine-de-mar-del-plata-2025\\\/\"},\"author\":{\"name\":\"Daniel E. Monta\u00f1a\",\"@id\":\"https:\\\/\\\/sergiolapegue.com\\\/site\\\/#\\\/schema\\\/person\\\/9198e7dbab43c6d74d0fd5399af7c3cd\"},\"headline\":\"FINALIZ\u00d3 LA 40\u00b0 EDICI\u00d3N DEL FESTIVAL INTERNACIONAL DE CINE DE MAR DEL PLATA 2025\",\"datePublished\":\"2025-11-20T16:00:00+00:00\",\"mainEntityOfPage\":{\"@id\":\"https:\\\/\\\/sergiolapegue.com\\\/site\\\/2025\\\/11\\\/20\\\/finalizo-la-40-edicion-del-festival-internacional-de-cine-de-mar-del-plata-2025\\\/\"},\"wordCount\":927,\"commentCount\":0,\"publisher\":{\"@id\":\"https:\\\/\\\/sergiolapegue.com\\\/site\\\/#\\\/schema\\\/person\\\/083aeceeb0734cd166779ea6c0551a37\"},\"image\":{\"@id\":\"https:\\\/\\\/sergiolapegue.com\\\/site\\\/2025\\\/11\\\/20\\\/finalizo-la-40-edicion-del-festival-internacional-de-cine-de-mar-del-plata-2025\\\/#primaryimage\"},\"thumbnailUrl\":\"https:\\\/\\\/sergiolapegue.com\\\/site\\\/wp-content\\\/uploads\\\/2025\\\/11\\\/Finalizo-la-40-edicion-del-festival-de-cine-de-MDQ.jpg\",\"articleSection\":[\"Arte\",\"Cine\"],\"inLanguage\":\"es-AR\",\"potentialAction\":[{\"@type\":\"CommentAction\",\"name\":\"Comment\",\"target\":[\"https:\\\/\\\/sergiolapegue.com\\\/site\\\/2025\\\/11\\\/20\\\/finalizo-la-40-edicion-del-festival-internacional-de-cine-de-mar-del-plata-2025\\\/#respond\"]}]},{\"@type\":\"WebPage\",\"@id\":\"https:\\\/\\\/sergiolapegue.com\\\/site\\\/2025\\\/11\\\/20\\\/finalizo-la-40-edicion-del-festival-internacional-de-cine-de-mar-del-plata-2025\\\/\",\"url\":\"https:\\\/\\\/sergiolapegue.com\\\/site\\\/2025\\\/11\\\/20\\\/finalizo-la-40-edicion-del-festival-internacional-de-cine-de-mar-del-plata-2025\\\/\",\"name\":\"FINALIZ\u00d3 LA 40\u00b0 EDICI\u00d3N DEL FESTIVAL INTERNACIONAL DE CINE DE MAR DEL PLATA 2025 - Sergio Lapegue\",\"isPartOf\":{\"@id\":\"https:\\\/\\\/sergiolapegue.com\\\/site\\\/#website\"},\"primaryImageOfPage\":{\"@id\":\"https:\\\/\\\/sergiolapegue.com\\\/site\\\/2025\\\/11\\\/20\\\/finalizo-la-40-edicion-del-festival-internacional-de-cine-de-mar-del-plata-2025\\\/#primaryimage\"},\"image\":{\"@id\":\"https:\\\/\\\/sergiolapegue.com\\\/site\\\/2025\\\/11\\\/20\\\/finalizo-la-40-edicion-del-festival-internacional-de-cine-de-mar-del-plata-2025\\\/#primaryimage\"},\"thumbnailUrl\":\"https:\\\/\\\/sergiolapegue.com\\\/site\\\/wp-content\\\/uploads\\\/2025\\\/11\\\/Finalizo-la-40-edicion-del-festival-de-cine-de-MDQ.jpg\",\"datePublished\":\"2025-11-20T16:00:00+00:00\",\"breadcrumb\":{\"@id\":\"https:\\\/\\\/sergiolapegue.com\\\/site\\\/2025\\\/11\\\/20\\\/finalizo-la-40-edicion-del-festival-internacional-de-cine-de-mar-del-plata-2025\\\/#breadcrumb\"},\"inLanguage\":\"es-AR\",\"potentialAction\":[{\"@type\":\"ReadAction\",\"target\":[\"https:\\\/\\\/sergiolapegue.com\\\/site\\\/2025\\\/11\\\/20\\\/finalizo-la-40-edicion-del-festival-internacional-de-cine-de-mar-del-plata-2025\\\/\"]}]},{\"@type\":\"ImageObject\",\"inLanguage\":\"es-AR\",\"@id\":\"https:\\\/\\\/sergiolapegue.com\\\/site\\\/2025\\\/11\\\/20\\\/finalizo-la-40-edicion-del-festival-internacional-de-cine-de-mar-del-plata-2025\\\/#primaryimage\",\"url\":\"https:\\\/\\\/sergiolapegue.com\\\/site\\\/wp-content\\\/uploads\\\/2025\\\/11\\\/Finalizo-la-40-edicion-del-festival-de-cine-de-MDQ.jpg\",\"contentUrl\":\"https:\\\/\\\/sergiolapegue.com\\\/site\\\/wp-content\\\/uploads\\\/2025\\\/11\\\/Finalizo-la-40-edicion-del-festival-de-cine-de-MDQ.jpg\",\"width\":1000,\"height\":689},{\"@type\":\"BreadcrumbList\",\"@id\":\"https:\\\/\\\/sergiolapegue.com\\\/site\\\/2025\\\/11\\\/20\\\/finalizo-la-40-edicion-del-festival-internacional-de-cine-de-mar-del-plata-2025\\\/#breadcrumb\",\"itemListElement\":[{\"@type\":\"ListItem\",\"position\":1,\"name\":\"Inicio\",\"item\":\"https:\\\/\\\/sergiolapegue.com\\\/site\\\/\"},{\"@type\":\"ListItem\",\"position\":2,\"name\":\"FINALIZ\u00d3 LA 40\u00b0 EDICI\u00d3N DEL FESTIVAL INTERNACIONAL DE CINE DE MAR DEL PLATA 2025\"}]},{\"@type\":\"WebSite\",\"@id\":\"https:\\\/\\\/sergiolapegue.com\\\/site\\\/#website\",\"url\":\"https:\\\/\\\/sergiolapegue.com\\\/site\\\/\",\"name\":\"Sergio Lapegue\",\"description\":\"Periodista\",\"publisher\":{\"@id\":\"https:\\\/\\\/sergiolapegue.com\\\/site\\\/#\\\/schema\\\/person\\\/083aeceeb0734cd166779ea6c0551a37\"},\"potentialAction\":[{\"@type\":\"SearchAction\",\"target\":{\"@type\":\"EntryPoint\",\"urlTemplate\":\"https:\\\/\\\/sergiolapegue.com\\\/site\\\/?s={search_term_string}\"},\"query-input\":{\"@type\":\"PropertyValueSpecification\",\"valueRequired\":true,\"valueName\":\"search_term_string\"}}],\"inLanguage\":\"es-AR\"},{\"@type\":[\"Person\",\"Organization\"],\"@id\":\"https:\\\/\\\/sergiolapegue.com\\\/site\\\/#\\\/schema\\\/person\\\/083aeceeb0734cd166779ea6c0551a37\",\"name\":\"Sergio Lapegue\",\"image\":{\"@type\":\"ImageObject\",\"inLanguage\":\"es-AR\",\"@id\":\"https:\\\/\\\/sergiolapegue.com\\\/site\\\/wp-content\\\/uploads\\\/2021\\\/04\\\/logo_header-1.png\",\"url\":\"https:\\\/\\\/sergiolapegue.com\\\/site\\\/wp-content\\\/uploads\\\/2021\\\/04\\\/logo_header-1.png\",\"contentUrl\":\"https:\\\/\\\/sergiolapegue.com\\\/site\\\/wp-content\\\/uploads\\\/2021\\\/04\\\/logo_header-1.png\",\"width\":272,\"height\":90,\"caption\":\"Sergio Lapegue\"},\"logo\":{\"@id\":\"https:\\\/\\\/sergiolapegue.com\\\/site\\\/wp-content\\\/uploads\\\/2021\\\/04\\\/logo_header-1.png\"},\"sameAs\":[\"https:\\\/\\\/facebook.com\\\/sergiolapegue\",\"https:\\\/\\\/instagram.com\\\/sergiolapegue\",\"https:\\\/\\\/x.com\\\/https:\\\/\\\/twitter.com\\\/sergiolapegue\"]},{\"@type\":\"Person\",\"@id\":\"https:\\\/\\\/sergiolapegue.com\\\/site\\\/#\\\/schema\\\/person\\\/9198e7dbab43c6d74d0fd5399af7c3cd\",\"name\":\"Daniel E. Monta\u00f1a\",\"image\":{\"@type\":\"ImageObject\",\"inLanguage\":\"es-AR\",\"@id\":\"https:\\\/\\\/sergiolapegue.com\\\/site\\\/wp-content\\\/uploads\\\/2021\\\/04\\\/sl_avatar_Daniel-150x150.jpg\",\"url\":\"https:\\\/\\\/sergiolapegue.com\\\/site\\\/wp-content\\\/uploads\\\/2021\\\/04\\\/sl_avatar_Daniel-150x150.jpg\",\"contentUrl\":\"https:\\\/\\\/sergiolapegue.com\\\/site\\\/wp-content\\\/uploads\\\/2021\\\/04\\\/sl_avatar_Daniel-150x150.jpg\",\"caption\":\"Daniel E. Monta\u00f1a\"},\"sameAs\":[\"https:\\\/\\\/facebook.com\\\/danielernesto.montana\",\"https:\\\/\\\/instagram.com\\\/daniel_montana1961\",\"https:\\\/\\\/x.com\\\/https:\\\/\\\/twitter.com\\\/daner_004\"],\"url\":\"https:\\\/\\\/sergiolapegue.com\\\/site\\\/author\\\/daniel\\\/\"}]}<\/script>\n<!-- \/ Yoast SEO plugin. -->","yoast_head_json":{"title":"FINALIZ\u00d3 LA 40\u00b0 EDICI\u00d3N DEL FESTIVAL INTERNACIONAL DE CINE DE MAR DEL PLATA 2025 - Sergio Lapegue","robots":{"index":"index","follow":"follow","max-snippet":"max-snippet:-1","max-image-preview":"max-image-preview:large","max-video-preview":"max-video-preview:-1"},"canonical":"https:\/\/sergiolapegue.com\/site\/2025\/11\/20\/finalizo-la-40-edicion-del-festival-internacional-de-cine-de-mar-del-plata-2025\/","og_locale":"es_ES","og_type":"article","og_title":"FINALIZ\u00d3 LA 40\u00b0 EDICI\u00d3N DEL FESTIVAL INTERNACIONAL DE CINE DE MAR DEL PLATA 2025 - Sergio Lapegue","og_description":"Finaliz\u00f3 el Festival Internacional de Cine de Mar del Plata con \u201cCalle M\u00e1laga\u201d de Maryam Touzani como mejor largometraje internacional. A pura emoci\u00f3n y expectativas se realiz\u00f3 la ceremonia de clausura de la cuadrag\u00e9sima edici\u00f3n del Festival Internacional de Cine de Mar del Plata, \u201cEl renacer de Esplendor\u201d, en la Sala Astor Piazzolla del Teatro [&hellip;]","og_url":"https:\/\/sergiolapegue.com\/site\/2025\/11\/20\/finalizo-la-40-edicion-del-festival-internacional-de-cine-de-mar-del-plata-2025\/","og_site_name":"Sergio Lapegue","article_publisher":"https:\/\/facebook.com\/sergiolapegue","article_author":"https:\/\/facebook.com\/danielernesto.montana","article_published_time":"2025-11-20T16:00:00+00:00","og_image":[{"width":1000,"height":689,"url":"https:\/\/sergiolapegue.com\/site\/wp-content\/uploads\/2025\/11\/Finalizo-la-40-edicion-del-festival-de-cine-de-MDQ.jpg","type":"image\/jpeg"}],"author":"Daniel E. Monta\u00f1a","twitter_card":"summary_large_image","twitter_creator":"@https:\/\/twitter.com\/daner_004","twitter_site":"@sergiolapegue","twitter_misc":{"Escrito por":"Daniel E. Monta\u00f1a","Tiempo de lectura":"5 minutos"},"schema":{"@context":"https:\/\/schema.org","@graph":[{"@type":"Article","@id":"https:\/\/sergiolapegue.com\/site\/2025\/11\/20\/finalizo-la-40-edicion-del-festival-internacional-de-cine-de-mar-del-plata-2025\/#article","isPartOf":{"@id":"https:\/\/sergiolapegue.com\/site\/2025\/11\/20\/finalizo-la-40-edicion-del-festival-internacional-de-cine-de-mar-del-plata-2025\/"},"author":{"name":"Daniel E. Monta\u00f1a","@id":"https:\/\/sergiolapegue.com\/site\/#\/schema\/person\/9198e7dbab43c6d74d0fd5399af7c3cd"},"headline":"FINALIZ\u00d3 LA 40\u00b0 EDICI\u00d3N DEL FESTIVAL INTERNACIONAL DE CINE DE MAR DEL PLATA 2025","datePublished":"2025-11-20T16:00:00+00:00","mainEntityOfPage":{"@id":"https:\/\/sergiolapegue.com\/site\/2025\/11\/20\/finalizo-la-40-edicion-del-festival-internacional-de-cine-de-mar-del-plata-2025\/"},"wordCount":927,"commentCount":0,"publisher":{"@id":"https:\/\/sergiolapegue.com\/site\/#\/schema\/person\/083aeceeb0734cd166779ea6c0551a37"},"image":{"@id":"https:\/\/sergiolapegue.com\/site\/2025\/11\/20\/finalizo-la-40-edicion-del-festival-internacional-de-cine-de-mar-del-plata-2025\/#primaryimage"},"thumbnailUrl":"https:\/\/sergiolapegue.com\/site\/wp-content\/uploads\/2025\/11\/Finalizo-la-40-edicion-del-festival-de-cine-de-MDQ.jpg","articleSection":["Arte","Cine"],"inLanguage":"es-AR","potentialAction":[{"@type":"CommentAction","name":"Comment","target":["https:\/\/sergiolapegue.com\/site\/2025\/11\/20\/finalizo-la-40-edicion-del-festival-internacional-de-cine-de-mar-del-plata-2025\/#respond"]}]},{"@type":"WebPage","@id":"https:\/\/sergiolapegue.com\/site\/2025\/11\/20\/finalizo-la-40-edicion-del-festival-internacional-de-cine-de-mar-del-plata-2025\/","url":"https:\/\/sergiolapegue.com\/site\/2025\/11\/20\/finalizo-la-40-edicion-del-festival-internacional-de-cine-de-mar-del-plata-2025\/","name":"FINALIZ\u00d3 LA 40\u00b0 EDICI\u00d3N DEL FESTIVAL INTERNACIONAL DE CINE DE MAR DEL PLATA 2025 - Sergio Lapegue","isPartOf":{"@id":"https:\/\/sergiolapegue.com\/site\/#website"},"primaryImageOfPage":{"@id":"https:\/\/sergiolapegue.com\/site\/2025\/11\/20\/finalizo-la-40-edicion-del-festival-internacional-de-cine-de-mar-del-plata-2025\/#primaryimage"},"image":{"@id":"https:\/\/sergiolapegue.com\/site\/2025\/11\/20\/finalizo-la-40-edicion-del-festival-internacional-de-cine-de-mar-del-plata-2025\/#primaryimage"},"thumbnailUrl":"https:\/\/sergiolapegue.com\/site\/wp-content\/uploads\/2025\/11\/Finalizo-la-40-edicion-del-festival-de-cine-de-MDQ.jpg","datePublished":"2025-11-20T16:00:00+00:00","breadcrumb":{"@id":"https:\/\/sergiolapegue.com\/site\/2025\/11\/20\/finalizo-la-40-edicion-del-festival-internacional-de-cine-de-mar-del-plata-2025\/#breadcrumb"},"inLanguage":"es-AR","potentialAction":[{"@type":"ReadAction","target":["https:\/\/sergiolapegue.com\/site\/2025\/11\/20\/finalizo-la-40-edicion-del-festival-internacional-de-cine-de-mar-del-plata-2025\/"]}]},{"@type":"ImageObject","inLanguage":"es-AR","@id":"https:\/\/sergiolapegue.com\/site\/2025\/11\/20\/finalizo-la-40-edicion-del-festival-internacional-de-cine-de-mar-del-plata-2025\/#primaryimage","url":"https:\/\/sergiolapegue.com\/site\/wp-content\/uploads\/2025\/11\/Finalizo-la-40-edicion-del-festival-de-cine-de-MDQ.jpg","contentUrl":"https:\/\/sergiolapegue.com\/site\/wp-content\/uploads\/2025\/11\/Finalizo-la-40-edicion-del-festival-de-cine-de-MDQ.jpg","width":1000,"height":689},{"@type":"BreadcrumbList","@id":"https:\/\/sergiolapegue.com\/site\/2025\/11\/20\/finalizo-la-40-edicion-del-festival-internacional-de-cine-de-mar-del-plata-2025\/#breadcrumb","itemListElement":[{"@type":"ListItem","position":1,"name":"Inicio","item":"https:\/\/sergiolapegue.com\/site\/"},{"@type":"ListItem","position":2,"name":"FINALIZ\u00d3 LA 40\u00b0 EDICI\u00d3N DEL FESTIVAL INTERNACIONAL DE CINE DE MAR DEL PLATA 2025"}]},{"@type":"WebSite","@id":"https:\/\/sergiolapegue.com\/site\/#website","url":"https:\/\/sergiolapegue.com\/site\/","name":"Sergio Lapegue","description":"Periodista","publisher":{"@id":"https:\/\/sergiolapegue.com\/site\/#\/schema\/person\/083aeceeb0734cd166779ea6c0551a37"},"potentialAction":[{"@type":"SearchAction","target":{"@type":"EntryPoint","urlTemplate":"https:\/\/sergiolapegue.com\/site\/?s={search_term_string}"},"query-input":{"@type":"PropertyValueSpecification","valueRequired":true,"valueName":"search_term_string"}}],"inLanguage":"es-AR"},{"@type":["Person","Organization"],"@id":"https:\/\/sergiolapegue.com\/site\/#\/schema\/person\/083aeceeb0734cd166779ea6c0551a37","name":"Sergio Lapegue","image":{"@type":"ImageObject","inLanguage":"es-AR","@id":"https:\/\/sergiolapegue.com\/site\/wp-content\/uploads\/2021\/04\/logo_header-1.png","url":"https:\/\/sergiolapegue.com\/site\/wp-content\/uploads\/2021\/04\/logo_header-1.png","contentUrl":"https:\/\/sergiolapegue.com\/site\/wp-content\/uploads\/2021\/04\/logo_header-1.png","width":272,"height":90,"caption":"Sergio Lapegue"},"logo":{"@id":"https:\/\/sergiolapegue.com\/site\/wp-content\/uploads\/2021\/04\/logo_header-1.png"},"sameAs":["https:\/\/facebook.com\/sergiolapegue","https:\/\/instagram.com\/sergiolapegue","https:\/\/x.com\/https:\/\/twitter.com\/sergiolapegue"]},{"@type":"Person","@id":"https:\/\/sergiolapegue.com\/site\/#\/schema\/person\/9198e7dbab43c6d74d0fd5399af7c3cd","name":"Daniel E. Monta\u00f1a","image":{"@type":"ImageObject","inLanguage":"es-AR","@id":"https:\/\/sergiolapegue.com\/site\/wp-content\/uploads\/2021\/04\/sl_avatar_Daniel-150x150.jpg","url":"https:\/\/sergiolapegue.com\/site\/wp-content\/uploads\/2021\/04\/sl_avatar_Daniel-150x150.jpg","contentUrl":"https:\/\/sergiolapegue.com\/site\/wp-content\/uploads\/2021\/04\/sl_avatar_Daniel-150x150.jpg","caption":"Daniel E. Monta\u00f1a"},"sameAs":["https:\/\/facebook.com\/danielernesto.montana","https:\/\/instagram.com\/daniel_montana1961","https:\/\/x.com\/https:\/\/twitter.com\/daner_004"],"url":"https:\/\/sergiolapegue.com\/site\/author\/daniel\/"}]}},"_links":{"self":[{"href":"https:\/\/sergiolapegue.com\/site\/wp-json\/wp\/v2\/posts\/26848","targetHints":{"allow":["GET"]}}],"collection":[{"href":"https:\/\/sergiolapegue.com\/site\/wp-json\/wp\/v2\/posts"}],"about":[{"href":"https:\/\/sergiolapegue.com\/site\/wp-json\/wp\/v2\/types\/post"}],"author":[{"embeddable":true,"href":"https:\/\/sergiolapegue.com\/site\/wp-json\/wp\/v2\/users\/3"}],"replies":[{"embeddable":true,"href":"https:\/\/sergiolapegue.com\/site\/wp-json\/wp\/v2\/comments?post=26848"}],"version-history":[{"count":1,"href":"https:\/\/sergiolapegue.com\/site\/wp-json\/wp\/v2\/posts\/26848\/revisions"}],"predecessor-version":[{"id":26853,"href":"https:\/\/sergiolapegue.com\/site\/wp-json\/wp\/v2\/posts\/26848\/revisions\/26853"}],"wp:featuredmedia":[{"embeddable":true,"href":"https:\/\/sergiolapegue.com\/site\/wp-json\/wp\/v2\/media\/26852"}],"wp:attachment":[{"href":"https:\/\/sergiolapegue.com\/site\/wp-json\/wp\/v2\/media?parent=26848"}],"wp:term":[{"taxonomy":"category","embeddable":true,"href":"https:\/\/sergiolapegue.com\/site\/wp-json\/wp\/v2\/categories?post=26848"},{"taxonomy":"post_tag","embeddable":true,"href":"https:\/\/sergiolapegue.com\/site\/wp-json\/wp\/v2\/tags?post=26848"}],"curies":[{"name":"wp","href":"https:\/\/api.w.org\/{rel}","templated":true}]}}