{"id":26843,"date":"2025-11-20T01:00:00","date_gmt":"2025-11-20T04:00:00","guid":{"rendered":"https:\/\/sergiolapegue.com\/site\/?p=26843"},"modified":"2025-11-18T19:43:52","modified_gmt":"2025-11-18T22:43:52","slug":"karim-gonzalez-continua-con-su-programa-sola-en-los-bares-en-su-17-temporada","status":"publish","type":"post","link":"https:\/\/sergiolapegue.com\/site\/2025\/11\/20\/karim-gonzalez-continua-con-su-programa-sola-en-los-bares-en-su-17-temporada\/","title":{"rendered":"KARIM GONZ\u00c1LEZ CONTINUA CON SU PROGRAMA \u201cSOLA EN LOS BARES\u201d EN SU 17\u00b0 TEMPORADA"},"content":{"rendered":"\n<p>El cl\u00e1sico semanal que se emite los jueves a las 15:00 horas, \u201cSola en los Bares\u201d, conducido por Karim Gonz\u00e1lez, continua en su 17\u00b0 temporada y como siempre en cada emisi\u00f3n cuenta con invitados en vivo, m\u00fasicos, actores, directores, cineastas, escritores, periodistas, personalidades y referentes de la escena underground y la cultura porte\u00f1a, en un mano a mano imperdible con cada uno de ellos, tambi\u00e9n se habla de los estrenos de cine de la semana, adem\u00e1s se recomiendan obras de teatro, eventos culturales, festivales, recitales y de toda la informaci\u00f3n del mundo del arte y del espect\u00e1culo.<\/p>\n\n\n\n<p>Una mesa\u2026un bar\u2026alguien que piensa en soledad\u2026que busca, que bucea dentro, que se anima, que se suelta, que se sincera con la vida\u2026all\u00ed surge el hecho creativo. \u201cSola en los Bares\u201d\u2026arte y bohemia. &nbsp;<\/p>\n\n\n\n<p>Como siempre est\u00e1 el segmento Las vueltas de la vida, en la c\u00e1lida y sabias palabras de Beatriz N\u00e9lida, operadora psicosocial en salud mental, consultora psicol\u00f3gica y psic\u00f3loga social \u2013 graf\u00f3loga \u2013 especialista en mancias. Quien nos hace reflexionar, compartir vivencias, nos brinda consejos y ense\u00f1anzas que nos ayudan a vivir mejor.<\/p>\n\n\n\n<p>Instagram: @bettylastraok<\/p>\n\n\n\n<figure class=\"wp-block-image size-large\"><img loading=\"lazy\" decoding=\"async\" width=\"1024\" height=\"455\" src=\"https:\/\/sergiolapegue.com\/site\/wp-content\/uploads\/2025\/11\/Karim-Gonzalez-Conexion-abierta-3-1024x455.jpg\" alt=\"\" class=\"wp-image-26844\" srcset=\"https:\/\/sergiolapegue.com\/site\/wp-content\/uploads\/2025\/11\/Karim-Gonzalez-Conexion-abierta-3-1024x455.jpg 1024w, https:\/\/sergiolapegue.com\/site\/wp-content\/uploads\/2025\/11\/Karim-Gonzalez-Conexion-abierta-3-300x133.jpg 300w, https:\/\/sergiolapegue.com\/site\/wp-content\/uploads\/2025\/11\/Karim-Gonzalez-Conexion-abierta-3-768x341.jpg 768w, https:\/\/sergiolapegue.com\/site\/wp-content\/uploads\/2025\/11\/Karim-Gonzalez-Conexion-abierta-3-1536x683.jpg 1536w, https:\/\/sergiolapegue.com\/site\/wp-content\/uploads\/2025\/11\/Karim-Gonzalez-Conexion-abierta-3-945x420.jpg 945w, https:\/\/sergiolapegue.com\/site\/wp-content\/uploads\/2025\/11\/Karim-Gonzalez-Conexion-abierta-3-696x309.jpg 696w, https:\/\/sergiolapegue.com\/site\/wp-content\/uploads\/2025\/11\/Karim-Gonzalez-Conexion-abierta-3-1068x475.jpg 1068w, https:\/\/sergiolapegue.com\/site\/wp-content\/uploads\/2025\/11\/Karim-Gonzalez-Conexion-abierta-3.jpg 1899w\" sizes=\"auto, (max-width: 1024px) 100vw, 1024px\" \/><\/figure>\n\n\n\n<p><strong>SOBRE EL PROGRAMA<\/strong><\/p>\n\n\n\n<p>Con los acordes del tema \u201cSola en los bares\u201d que en los \u00b490 inmortaliz\u00f3 Hilda Lizarazu a trav\u00e9s de su grupo Man Ray, como m\u00fasica de fondo e inspiraci\u00f3n creativa, este programa resume todas las \u00e1reas del arte y el espect\u00e1culo con una mirada profunda y desprejuiciada.<\/p>\n\n\n\n<p>La periodista y escritora Karim Gonz\u00e1lez es la ide\u00f3loga y conductora de esta propuesta que combina estrenos de cine y la variedad de festivales nacionales, recomendaciones de teatro, comentarios de TV, entrevistas a personalidades de la cultura, invitados especiales \u201cen vivo\u201d en cada emisi\u00f3n, presentaciones de libros, historias del \u201cunder\u201d porte\u00f1o, claves de vida y ense\u00f1anzas para sentirnos mejor cada d\u00eda y mucho rock nacional.<\/p>\n\n\n\n<p>\u201cSola en los Bares\u201d ha sido nominado al Mart\u00edn Fierro Digital como Mejor Programa de Espect\u00e1culos; ganador del Premio Ra\u00edces 2011 como Mejor Programa Radial en el rubro Reportajes y Entrevista y nominado a Mejor Programa de Radio Cultural Art\u00edstico.<\/p>\n\n\n\n<p>\u201cSola en los Bares\u201d se emite los d\u00edas jueves de 15:00 horas a 16:00 horas, a trav\u00e9s de Web:&nbsp;<a href=\"http:\/\/www.conexionabierta.com.ar\/\">www.conexionabierta.com.ar<\/a><\/p>\n\n\n\n<p>Instagram: @Conexionabierta<\/p>\n\n\n\n<p>E-mail:&nbsp;<a href=\"http:\/\/ar.mc1613.mail.yahoo.com\/mc\/compose?to=solaenlosbares_arteybohemia@yahoo.com.ar\" target=\"_blank\" rel=\"noreferrer noopener\">sol<\/a><a href=\"http:\/\/ar.mc1613.mail.yahoo.com\/mc\/compose?to=solaenlosbares_arteybohemia@yahoo.com.ar\" target=\"_blank\" rel=\"noreferrer noopener\">aenlosbares@gmail.com<\/a><\/p>\n\n\n\n<figure class=\"wp-block-image size-full\"><img loading=\"lazy\" decoding=\"async\" width=\"348\" height=\"326\" src=\"https:\/\/sergiolapegue.com\/site\/wp-content\/uploads\/2025\/11\/Karim-Gonzalez-Conexion-abierta-2.jpeg\" alt=\"\" class=\"wp-image-26845\" srcset=\"https:\/\/sergiolapegue.com\/site\/wp-content\/uploads\/2025\/11\/Karim-Gonzalez-Conexion-abierta-2.jpeg 348w, https:\/\/sergiolapegue.com\/site\/wp-content\/uploads\/2025\/11\/Karim-Gonzalez-Conexion-abierta-2-300x281.jpeg 300w\" sizes=\"auto, (max-width: 348px) 100vw, 348px\" \/><\/figure>\n\n\n\n<p><strong>SOBRE LA CONDUCTORA&nbsp;<\/strong>&nbsp;<\/p>\n\n\n\n<p>Karim Gonz\u00e1lez es Egresada de la Escuela Superior de Periodismo del Instituto Grafot\u00e9cnico con estudios cursados en Psicolog\u00eda y es Consultora Psicol\u00f3gica, egresada del Instituto Superior de Ciencias Humanas y Sociales (IsCihs), con formaci\u00f3n como Arteterapeuta, egresada de Yogaia, Escuela Integrativa. Ha sido, desde 1988, colaboradora de la revista \u201cAntena\u201d, \u201cRadiolandia\u201d, \u201cEsto\u201d, \u201cAl\u00f3 Chicas\u201d, \u201cPelo\u201d, \u201c13\/20\u201d, \u201cRock en Blanco y Negro\u201d, \u201cPlaneta Urbano\u201d y de \u201cNoticias\u201d y \u201cCaras\u201d, durante 6 temporadas.<\/p>\n\n\n\n<p>Trabaj\u00f3 como asistente de producci\u00f3n en el antiguo Canal 11 e integro el staff de Energy, Radio Ciudad, Del Pueblo y Nacional, tambi\u00e9n en Canal 7 y en Am\u00e9rica TV.<\/p>\n\n\n\n<p>Durante largos a\u00f1os se desempe\u00f1\u00f3 en la organizaci\u00f3n de recitales de Rock and Roll. Es la realizadora y entrevistadora del corto \u201cBuenos Aires, claroscuro\u201d con Ricardo Dar\u00edn y Leandro Rosatti.<\/p>\n\n\n\n<p>Como Consultora Psicol\u00f3gica (Counselor) ha coordinado varios Talleres de Reflexi\u00f3n y Grupos de Apoyo.<\/p>\n\n\n\n<p>Hace 32 a\u00f1os que escribe las notas centrales en el Suplemento de Espect\u00e1culos del Diario Popular.<\/p>\n\n\n\n<p>Es autora de los libros \u201cMina de Rock\u201d y \u201cEntre Hippies y Bohemios\u201d.<\/p>\n\n\n\n<p>Tuvo a su cargo la representaci\u00f3n de artistas como as\u00ed la Prensa y Difusi\u00f3n de decenas de obras teatrales del circuito independiente y la 9\u00b0 edici\u00f3n del Festival Internacional de Cine de Tem\u00e1tica Sexual.<\/p>\n\n\n\n<p>Es miembro de APTRA, ACE, Premios Hugo y de SIGNIS. Es directora de la afamada p\u00e1gina Artemixia \u2013 Web:&nbsp;<a href=\"https:\/\/artemixia.com.ar\/\">https:\/\/artemixia.com.ar\/<\/a>.<strong><\/strong><\/p>\n\n\n\n<p><strong>REDES<\/strong><\/p>\n\n\n\n<p>Instagram: @karim.gonzalez.periodista&nbsp;<\/p>\n\n\n\n<p>Facebook: Karim Gonz\u00e1lez<\/p>\n\n\n\n<p>Twitter: @KarimGonzalz&nbsp;<\/p>\n\n\n\n<p>Gracias Sola en los Bares y Karim Gonz\u00e1lez por hacernos llegar la gacetilla de prensa con toda la informaci\u00f3n del programa radial que se puede escuchar a trav\u00e9s de Conexi\u00f3n Abierta.<\/p>\n\n\n\n<p><\/p>\n","protected":false},"excerpt":{"rendered":"<p>El cl\u00e1sico semanal que se emite los jueves a las 15:00 horas, \u201cSola en los Bares\u201d, conducido por Karim Gonz\u00e1lez, continua en su 17\u00b0 temporada y como siempre en cada emisi\u00f3n cuenta con invitados en vivo, m\u00fasicos, actores, directores, cineastas, escritores, periodistas, personalidades y referentes de la escena underground y la cultura porte\u00f1a, en un [&hellip;]<\/p>\n","protected":false},"author":3,"featured_media":26846,"comment_status":"open","ping_status":"closed","sticky":false,"template":"","format":"standard","meta":{"footnotes":""},"categories":[34],"tags":[],"class_list":{"0":"post-26843","1":"post","2":"type-post","3":"status-publish","4":"format-standard","5":"has-post-thumbnail","7":"category-arte"},"yoast_head":"<!-- This site is optimized with the Yoast SEO plugin v27.5 - https:\/\/yoast.com\/product\/yoast-seo-wordpress\/ -->\n<title>KARIM GONZ\u00c1LEZ CONTINUA CON SU PROGRAMA \u201cSOLA EN LOS BARES\u201d EN SU 17\u00b0 TEMPORADA - Sergio Lapegue<\/title>\n<meta name=\"robots\" content=\"index, follow, max-snippet:-1, max-image-preview:large, max-video-preview:-1\" \/>\n<link rel=\"canonical\" href=\"https:\/\/sergiolapegue.com\/site\/2025\/11\/20\/karim-gonzalez-continua-con-su-programa-sola-en-los-bares-en-su-17-temporada\/\" \/>\n<meta property=\"og:locale\" content=\"es_ES\" \/>\n<meta property=\"og:type\" content=\"article\" \/>\n<meta property=\"og:title\" content=\"KARIM GONZ\u00c1LEZ CONTINUA CON SU PROGRAMA \u201cSOLA EN LOS BARES\u201d EN SU 17\u00b0 TEMPORADA - Sergio Lapegue\" \/>\n<meta property=\"og:description\" content=\"El cl\u00e1sico semanal que se emite los jueves a las 15:00 horas, \u201cSola en los Bares\u201d, conducido por Karim Gonz\u00e1lez, continua en su 17\u00b0 temporada y como siempre en cada emisi\u00f3n cuenta con invitados en vivo, m\u00fasicos, actores, directores, cineastas, escritores, periodistas, personalidades y referentes de la escena underground y la cultura porte\u00f1a, en un [&hellip;]\" \/>\n<meta property=\"og:url\" content=\"https:\/\/sergiolapegue.com\/site\/2025\/11\/20\/karim-gonzalez-continua-con-su-programa-sola-en-los-bares-en-su-17-temporada\/\" \/>\n<meta property=\"og:site_name\" content=\"Sergio Lapegue\" \/>\n<meta property=\"article:publisher\" content=\"https:\/\/facebook.com\/sergiolapegue\" \/>\n<meta property=\"article:author\" content=\"https:\/\/facebook.com\/danielernesto.montana\" \/>\n<meta property=\"article:published_time\" content=\"2025-11-20T04:00:00+00:00\" \/>\n<meta property=\"og:image\" content=\"https:\/\/sergiolapegue.com\/site\/wp-content\/uploads\/2025\/11\/Karim-Gonzalez-Conexion-abierta.jpeg\" \/>\n\t<meta property=\"og:image:width\" content=\"719\" \/>\n\t<meta property=\"og:image:height\" content=\"652\" \/>\n\t<meta property=\"og:image:type\" content=\"image\/jpeg\" \/>\n<meta name=\"author\" content=\"Daniel E. Monta\u00f1a\" \/>\n<meta name=\"twitter:card\" content=\"summary_large_image\" \/>\n<meta name=\"twitter:creator\" content=\"@https:\/\/twitter.com\/daner_004\" \/>\n<meta name=\"twitter:site\" content=\"@sergiolapegue\" \/>\n<meta name=\"twitter:label1\" content=\"Escrito por\" \/>\n\t<meta name=\"twitter:data1\" content=\"Daniel E. Monta\u00f1a\" \/>\n\t<meta name=\"twitter:label2\" content=\"Tiempo de lectura\" \/>\n\t<meta name=\"twitter:data2\" content=\"4 minutos\" \/>\n<script type=\"application\/ld+json\" class=\"yoast-schema-graph\">{\"@context\":\"https:\\\/\\\/schema.org\",\"@graph\":[{\"@type\":\"Article\",\"@id\":\"https:\\\/\\\/sergiolapegue.com\\\/site\\\/2025\\\/11\\\/20\\\/karim-gonzalez-continua-con-su-programa-sola-en-los-bares-en-su-17-temporada\\\/#article\",\"isPartOf\":{\"@id\":\"https:\\\/\\\/sergiolapegue.com\\\/site\\\/2025\\\/11\\\/20\\\/karim-gonzalez-continua-con-su-programa-sola-en-los-bares-en-su-17-temporada\\\/\"},\"author\":{\"name\":\"Daniel E. Monta\u00f1a\",\"@id\":\"https:\\\/\\\/sergiolapegue.com\\\/site\\\/#\\\/schema\\\/person\\\/9198e7dbab43c6d74d0fd5399af7c3cd\"},\"headline\":\"KARIM GONZ\u00c1LEZ CONTINUA CON SU PROGRAMA \u201cSOLA EN LOS BARES\u201d EN SU 17\u00b0 TEMPORADA\",\"datePublished\":\"2025-11-20T04:00:00+00:00\",\"mainEntityOfPage\":{\"@id\":\"https:\\\/\\\/sergiolapegue.com\\\/site\\\/2025\\\/11\\\/20\\\/karim-gonzalez-continua-con-su-programa-sola-en-los-bares-en-su-17-temporada\\\/\"},\"wordCount\":711,\"commentCount\":0,\"publisher\":{\"@id\":\"https:\\\/\\\/sergiolapegue.com\\\/site\\\/#\\\/schema\\\/person\\\/083aeceeb0734cd166779ea6c0551a37\"},\"image\":{\"@id\":\"https:\\\/\\\/sergiolapegue.com\\\/site\\\/2025\\\/11\\\/20\\\/karim-gonzalez-continua-con-su-programa-sola-en-los-bares-en-su-17-temporada\\\/#primaryimage\"},\"thumbnailUrl\":\"https:\\\/\\\/sergiolapegue.com\\\/site\\\/wp-content\\\/uploads\\\/2025\\\/11\\\/Karim-Gonzalez-Conexion-abierta.jpeg\",\"articleSection\":[\"Arte\"],\"inLanguage\":\"es-AR\",\"potentialAction\":[{\"@type\":\"CommentAction\",\"name\":\"Comment\",\"target\":[\"https:\\\/\\\/sergiolapegue.com\\\/site\\\/2025\\\/11\\\/20\\\/karim-gonzalez-continua-con-su-programa-sola-en-los-bares-en-su-17-temporada\\\/#respond\"]}]},{\"@type\":\"WebPage\",\"@id\":\"https:\\\/\\\/sergiolapegue.com\\\/site\\\/2025\\\/11\\\/20\\\/karim-gonzalez-continua-con-su-programa-sola-en-los-bares-en-su-17-temporada\\\/\",\"url\":\"https:\\\/\\\/sergiolapegue.com\\\/site\\\/2025\\\/11\\\/20\\\/karim-gonzalez-continua-con-su-programa-sola-en-los-bares-en-su-17-temporada\\\/\",\"name\":\"KARIM GONZ\u00c1LEZ CONTINUA CON SU PROGRAMA \u201cSOLA EN LOS BARES\u201d EN SU 17\u00b0 TEMPORADA - Sergio Lapegue\",\"isPartOf\":{\"@id\":\"https:\\\/\\\/sergiolapegue.com\\\/site\\\/#website\"},\"primaryImageOfPage\":{\"@id\":\"https:\\\/\\\/sergiolapegue.com\\\/site\\\/2025\\\/11\\\/20\\\/karim-gonzalez-continua-con-su-programa-sola-en-los-bares-en-su-17-temporada\\\/#primaryimage\"},\"image\":{\"@id\":\"https:\\\/\\\/sergiolapegue.com\\\/site\\\/2025\\\/11\\\/20\\\/karim-gonzalez-continua-con-su-programa-sola-en-los-bares-en-su-17-temporada\\\/#primaryimage\"},\"thumbnailUrl\":\"https:\\\/\\\/sergiolapegue.com\\\/site\\\/wp-content\\\/uploads\\\/2025\\\/11\\\/Karim-Gonzalez-Conexion-abierta.jpeg\",\"datePublished\":\"2025-11-20T04:00:00+00:00\",\"breadcrumb\":{\"@id\":\"https:\\\/\\\/sergiolapegue.com\\\/site\\\/2025\\\/11\\\/20\\\/karim-gonzalez-continua-con-su-programa-sola-en-los-bares-en-su-17-temporada\\\/#breadcrumb\"},\"inLanguage\":\"es-AR\",\"potentialAction\":[{\"@type\":\"ReadAction\",\"target\":[\"https:\\\/\\\/sergiolapegue.com\\\/site\\\/2025\\\/11\\\/20\\\/karim-gonzalez-continua-con-su-programa-sola-en-los-bares-en-su-17-temporada\\\/\"]}]},{\"@type\":\"ImageObject\",\"inLanguage\":\"es-AR\",\"@id\":\"https:\\\/\\\/sergiolapegue.com\\\/site\\\/2025\\\/11\\\/20\\\/karim-gonzalez-continua-con-su-programa-sola-en-los-bares-en-su-17-temporada\\\/#primaryimage\",\"url\":\"https:\\\/\\\/sergiolapegue.com\\\/site\\\/wp-content\\\/uploads\\\/2025\\\/11\\\/Karim-Gonzalez-Conexion-abierta.jpeg\",\"contentUrl\":\"https:\\\/\\\/sergiolapegue.com\\\/site\\\/wp-content\\\/uploads\\\/2025\\\/11\\\/Karim-Gonzalez-Conexion-abierta.jpeg\",\"width\":719,\"height\":652},{\"@type\":\"BreadcrumbList\",\"@id\":\"https:\\\/\\\/sergiolapegue.com\\\/site\\\/2025\\\/11\\\/20\\\/karim-gonzalez-continua-con-su-programa-sola-en-los-bares-en-su-17-temporada\\\/#breadcrumb\",\"itemListElement\":[{\"@type\":\"ListItem\",\"position\":1,\"name\":\"Inicio\",\"item\":\"https:\\\/\\\/sergiolapegue.com\\\/site\\\/\"},{\"@type\":\"ListItem\",\"position\":2,\"name\":\"KARIM GONZ\u00c1LEZ CONTINUA CON SU PROGRAMA \u201cSOLA EN LOS BARES\u201d EN SU 17\u00b0 TEMPORADA\"}]},{\"@type\":\"WebSite\",\"@id\":\"https:\\\/\\\/sergiolapegue.com\\\/site\\\/#website\",\"url\":\"https:\\\/\\\/sergiolapegue.com\\\/site\\\/\",\"name\":\"Sergio Lapegue\",\"description\":\"Periodista\",\"publisher\":{\"@id\":\"https:\\\/\\\/sergiolapegue.com\\\/site\\\/#\\\/schema\\\/person\\\/083aeceeb0734cd166779ea6c0551a37\"},\"potentialAction\":[{\"@type\":\"SearchAction\",\"target\":{\"@type\":\"EntryPoint\",\"urlTemplate\":\"https:\\\/\\\/sergiolapegue.com\\\/site\\\/?s={search_term_string}\"},\"query-input\":{\"@type\":\"PropertyValueSpecification\",\"valueRequired\":true,\"valueName\":\"search_term_string\"}}],\"inLanguage\":\"es-AR\"},{\"@type\":[\"Person\",\"Organization\"],\"@id\":\"https:\\\/\\\/sergiolapegue.com\\\/site\\\/#\\\/schema\\\/person\\\/083aeceeb0734cd166779ea6c0551a37\",\"name\":\"Sergio Lapegue\",\"image\":{\"@type\":\"ImageObject\",\"inLanguage\":\"es-AR\",\"@id\":\"https:\\\/\\\/sergiolapegue.com\\\/site\\\/wp-content\\\/uploads\\\/2021\\\/04\\\/logo_header-1.png\",\"url\":\"https:\\\/\\\/sergiolapegue.com\\\/site\\\/wp-content\\\/uploads\\\/2021\\\/04\\\/logo_header-1.png\",\"contentUrl\":\"https:\\\/\\\/sergiolapegue.com\\\/site\\\/wp-content\\\/uploads\\\/2021\\\/04\\\/logo_header-1.png\",\"width\":272,\"height\":90,\"caption\":\"Sergio Lapegue\"},\"logo\":{\"@id\":\"https:\\\/\\\/sergiolapegue.com\\\/site\\\/wp-content\\\/uploads\\\/2021\\\/04\\\/logo_header-1.png\"},\"sameAs\":[\"https:\\\/\\\/facebook.com\\\/sergiolapegue\",\"https:\\\/\\\/instagram.com\\\/sergiolapegue\",\"https:\\\/\\\/x.com\\\/https:\\\/\\\/twitter.com\\\/sergiolapegue\"]},{\"@type\":\"Person\",\"@id\":\"https:\\\/\\\/sergiolapegue.com\\\/site\\\/#\\\/schema\\\/person\\\/9198e7dbab43c6d74d0fd5399af7c3cd\",\"name\":\"Daniel E. Monta\u00f1a\",\"image\":{\"@type\":\"ImageObject\",\"inLanguage\":\"es-AR\",\"@id\":\"https:\\\/\\\/sergiolapegue.com\\\/site\\\/wp-content\\\/uploads\\\/2021\\\/04\\\/sl_avatar_Daniel-150x150.jpg\",\"url\":\"https:\\\/\\\/sergiolapegue.com\\\/site\\\/wp-content\\\/uploads\\\/2021\\\/04\\\/sl_avatar_Daniel-150x150.jpg\",\"contentUrl\":\"https:\\\/\\\/sergiolapegue.com\\\/site\\\/wp-content\\\/uploads\\\/2021\\\/04\\\/sl_avatar_Daniel-150x150.jpg\",\"caption\":\"Daniel E. Monta\u00f1a\"},\"sameAs\":[\"https:\\\/\\\/facebook.com\\\/danielernesto.montana\",\"https:\\\/\\\/instagram.com\\\/daniel_montana1961\",\"https:\\\/\\\/x.com\\\/https:\\\/\\\/twitter.com\\\/daner_004\"],\"url\":\"https:\\\/\\\/sergiolapegue.com\\\/site\\\/author\\\/daniel\\\/\"}]}<\/script>\n<!-- \/ Yoast SEO plugin. -->","yoast_head_json":{"title":"KARIM GONZ\u00c1LEZ CONTINUA CON SU PROGRAMA \u201cSOLA EN LOS BARES\u201d EN SU 17\u00b0 TEMPORADA - Sergio Lapegue","robots":{"index":"index","follow":"follow","max-snippet":"max-snippet:-1","max-image-preview":"max-image-preview:large","max-video-preview":"max-video-preview:-1"},"canonical":"https:\/\/sergiolapegue.com\/site\/2025\/11\/20\/karim-gonzalez-continua-con-su-programa-sola-en-los-bares-en-su-17-temporada\/","og_locale":"es_ES","og_type":"article","og_title":"KARIM GONZ\u00c1LEZ CONTINUA CON SU PROGRAMA \u201cSOLA EN LOS BARES\u201d EN SU 17\u00b0 TEMPORADA - Sergio Lapegue","og_description":"El cl\u00e1sico semanal que se emite los jueves a las 15:00 horas, \u201cSola en los Bares\u201d, conducido por Karim Gonz\u00e1lez, continua en su 17\u00b0 temporada y como siempre en cada emisi\u00f3n cuenta con invitados en vivo, m\u00fasicos, actores, directores, cineastas, escritores, periodistas, personalidades y referentes de la escena underground y la cultura porte\u00f1a, en un [&hellip;]","og_url":"https:\/\/sergiolapegue.com\/site\/2025\/11\/20\/karim-gonzalez-continua-con-su-programa-sola-en-los-bares-en-su-17-temporada\/","og_site_name":"Sergio Lapegue","article_publisher":"https:\/\/facebook.com\/sergiolapegue","article_author":"https:\/\/facebook.com\/danielernesto.montana","article_published_time":"2025-11-20T04:00:00+00:00","og_image":[{"width":719,"height":652,"url":"https:\/\/sergiolapegue.com\/site\/wp-content\/uploads\/2025\/11\/Karim-Gonzalez-Conexion-abierta.jpeg","type":"image\/jpeg"}],"author":"Daniel E. Monta\u00f1a","twitter_card":"summary_large_image","twitter_creator":"@https:\/\/twitter.com\/daner_004","twitter_site":"@sergiolapegue","twitter_misc":{"Escrito por":"Daniel E. Monta\u00f1a","Tiempo de lectura":"4 minutos"},"schema":{"@context":"https:\/\/schema.org","@graph":[{"@type":"Article","@id":"https:\/\/sergiolapegue.com\/site\/2025\/11\/20\/karim-gonzalez-continua-con-su-programa-sola-en-los-bares-en-su-17-temporada\/#article","isPartOf":{"@id":"https:\/\/sergiolapegue.com\/site\/2025\/11\/20\/karim-gonzalez-continua-con-su-programa-sola-en-los-bares-en-su-17-temporada\/"},"author":{"name":"Daniel E. Monta\u00f1a","@id":"https:\/\/sergiolapegue.com\/site\/#\/schema\/person\/9198e7dbab43c6d74d0fd5399af7c3cd"},"headline":"KARIM GONZ\u00c1LEZ CONTINUA CON SU PROGRAMA \u201cSOLA EN LOS BARES\u201d EN SU 17\u00b0 TEMPORADA","datePublished":"2025-11-20T04:00:00+00:00","mainEntityOfPage":{"@id":"https:\/\/sergiolapegue.com\/site\/2025\/11\/20\/karim-gonzalez-continua-con-su-programa-sola-en-los-bares-en-su-17-temporada\/"},"wordCount":711,"commentCount":0,"publisher":{"@id":"https:\/\/sergiolapegue.com\/site\/#\/schema\/person\/083aeceeb0734cd166779ea6c0551a37"},"image":{"@id":"https:\/\/sergiolapegue.com\/site\/2025\/11\/20\/karim-gonzalez-continua-con-su-programa-sola-en-los-bares-en-su-17-temporada\/#primaryimage"},"thumbnailUrl":"https:\/\/sergiolapegue.com\/site\/wp-content\/uploads\/2025\/11\/Karim-Gonzalez-Conexion-abierta.jpeg","articleSection":["Arte"],"inLanguage":"es-AR","potentialAction":[{"@type":"CommentAction","name":"Comment","target":["https:\/\/sergiolapegue.com\/site\/2025\/11\/20\/karim-gonzalez-continua-con-su-programa-sola-en-los-bares-en-su-17-temporada\/#respond"]}]},{"@type":"WebPage","@id":"https:\/\/sergiolapegue.com\/site\/2025\/11\/20\/karim-gonzalez-continua-con-su-programa-sola-en-los-bares-en-su-17-temporada\/","url":"https:\/\/sergiolapegue.com\/site\/2025\/11\/20\/karim-gonzalez-continua-con-su-programa-sola-en-los-bares-en-su-17-temporada\/","name":"KARIM GONZ\u00c1LEZ CONTINUA CON SU PROGRAMA \u201cSOLA EN LOS BARES\u201d EN SU 17\u00b0 TEMPORADA - Sergio Lapegue","isPartOf":{"@id":"https:\/\/sergiolapegue.com\/site\/#website"},"primaryImageOfPage":{"@id":"https:\/\/sergiolapegue.com\/site\/2025\/11\/20\/karim-gonzalez-continua-con-su-programa-sola-en-los-bares-en-su-17-temporada\/#primaryimage"},"image":{"@id":"https:\/\/sergiolapegue.com\/site\/2025\/11\/20\/karim-gonzalez-continua-con-su-programa-sola-en-los-bares-en-su-17-temporada\/#primaryimage"},"thumbnailUrl":"https:\/\/sergiolapegue.com\/site\/wp-content\/uploads\/2025\/11\/Karim-Gonzalez-Conexion-abierta.jpeg","datePublished":"2025-11-20T04:00:00+00:00","breadcrumb":{"@id":"https:\/\/sergiolapegue.com\/site\/2025\/11\/20\/karim-gonzalez-continua-con-su-programa-sola-en-los-bares-en-su-17-temporada\/#breadcrumb"},"inLanguage":"es-AR","potentialAction":[{"@type":"ReadAction","target":["https:\/\/sergiolapegue.com\/site\/2025\/11\/20\/karim-gonzalez-continua-con-su-programa-sola-en-los-bares-en-su-17-temporada\/"]}]},{"@type":"ImageObject","inLanguage":"es-AR","@id":"https:\/\/sergiolapegue.com\/site\/2025\/11\/20\/karim-gonzalez-continua-con-su-programa-sola-en-los-bares-en-su-17-temporada\/#primaryimage","url":"https:\/\/sergiolapegue.com\/site\/wp-content\/uploads\/2025\/11\/Karim-Gonzalez-Conexion-abierta.jpeg","contentUrl":"https:\/\/sergiolapegue.com\/site\/wp-content\/uploads\/2025\/11\/Karim-Gonzalez-Conexion-abierta.jpeg","width":719,"height":652},{"@type":"BreadcrumbList","@id":"https:\/\/sergiolapegue.com\/site\/2025\/11\/20\/karim-gonzalez-continua-con-su-programa-sola-en-los-bares-en-su-17-temporada\/#breadcrumb","itemListElement":[{"@type":"ListItem","position":1,"name":"Inicio","item":"https:\/\/sergiolapegue.com\/site\/"},{"@type":"ListItem","position":2,"name":"KARIM GONZ\u00c1LEZ CONTINUA CON SU PROGRAMA \u201cSOLA EN LOS BARES\u201d EN SU 17\u00b0 TEMPORADA"}]},{"@type":"WebSite","@id":"https:\/\/sergiolapegue.com\/site\/#website","url":"https:\/\/sergiolapegue.com\/site\/","name":"Sergio Lapegue","description":"Periodista","publisher":{"@id":"https:\/\/sergiolapegue.com\/site\/#\/schema\/person\/083aeceeb0734cd166779ea6c0551a37"},"potentialAction":[{"@type":"SearchAction","target":{"@type":"EntryPoint","urlTemplate":"https:\/\/sergiolapegue.com\/site\/?s={search_term_string}"},"query-input":{"@type":"PropertyValueSpecification","valueRequired":true,"valueName":"search_term_string"}}],"inLanguage":"es-AR"},{"@type":["Person","Organization"],"@id":"https:\/\/sergiolapegue.com\/site\/#\/schema\/person\/083aeceeb0734cd166779ea6c0551a37","name":"Sergio Lapegue","image":{"@type":"ImageObject","inLanguage":"es-AR","@id":"https:\/\/sergiolapegue.com\/site\/wp-content\/uploads\/2021\/04\/logo_header-1.png","url":"https:\/\/sergiolapegue.com\/site\/wp-content\/uploads\/2021\/04\/logo_header-1.png","contentUrl":"https:\/\/sergiolapegue.com\/site\/wp-content\/uploads\/2021\/04\/logo_header-1.png","width":272,"height":90,"caption":"Sergio Lapegue"},"logo":{"@id":"https:\/\/sergiolapegue.com\/site\/wp-content\/uploads\/2021\/04\/logo_header-1.png"},"sameAs":["https:\/\/facebook.com\/sergiolapegue","https:\/\/instagram.com\/sergiolapegue","https:\/\/x.com\/https:\/\/twitter.com\/sergiolapegue"]},{"@type":"Person","@id":"https:\/\/sergiolapegue.com\/site\/#\/schema\/person\/9198e7dbab43c6d74d0fd5399af7c3cd","name":"Daniel E. Monta\u00f1a","image":{"@type":"ImageObject","inLanguage":"es-AR","@id":"https:\/\/sergiolapegue.com\/site\/wp-content\/uploads\/2021\/04\/sl_avatar_Daniel-150x150.jpg","url":"https:\/\/sergiolapegue.com\/site\/wp-content\/uploads\/2021\/04\/sl_avatar_Daniel-150x150.jpg","contentUrl":"https:\/\/sergiolapegue.com\/site\/wp-content\/uploads\/2021\/04\/sl_avatar_Daniel-150x150.jpg","caption":"Daniel E. Monta\u00f1a"},"sameAs":["https:\/\/facebook.com\/danielernesto.montana","https:\/\/instagram.com\/daniel_montana1961","https:\/\/x.com\/https:\/\/twitter.com\/daner_004"],"url":"https:\/\/sergiolapegue.com\/site\/author\/daniel\/"}]}},"_links":{"self":[{"href":"https:\/\/sergiolapegue.com\/site\/wp-json\/wp\/v2\/posts\/26843","targetHints":{"allow":["GET"]}}],"collection":[{"href":"https:\/\/sergiolapegue.com\/site\/wp-json\/wp\/v2\/posts"}],"about":[{"href":"https:\/\/sergiolapegue.com\/site\/wp-json\/wp\/v2\/types\/post"}],"author":[{"embeddable":true,"href":"https:\/\/sergiolapegue.com\/site\/wp-json\/wp\/v2\/users\/3"}],"replies":[{"embeddable":true,"href":"https:\/\/sergiolapegue.com\/site\/wp-json\/wp\/v2\/comments?post=26843"}],"version-history":[{"count":1,"href":"https:\/\/sergiolapegue.com\/site\/wp-json\/wp\/v2\/posts\/26843\/revisions"}],"predecessor-version":[{"id":26847,"href":"https:\/\/sergiolapegue.com\/site\/wp-json\/wp\/v2\/posts\/26843\/revisions\/26847"}],"wp:featuredmedia":[{"embeddable":true,"href":"https:\/\/sergiolapegue.com\/site\/wp-json\/wp\/v2\/media\/26846"}],"wp:attachment":[{"href":"https:\/\/sergiolapegue.com\/site\/wp-json\/wp\/v2\/media?parent=26843"}],"wp:term":[{"taxonomy":"category","embeddable":true,"href":"https:\/\/sergiolapegue.com\/site\/wp-json\/wp\/v2\/categories?post=26843"},{"taxonomy":"post_tag","embeddable":true,"href":"https:\/\/sergiolapegue.com\/site\/wp-json\/wp\/v2\/tags?post=26843"}],"curies":[{"name":"wp","href":"https:\/\/api.w.org\/{rel}","templated":true}]}}