{"id":26812,"date":"2025-11-19T17:00:00","date_gmt":"2025-11-19T20:00:00","guid":{"rendered":"https:\/\/sergiolapegue.com\/site\/?p=26812"},"modified":"2025-11-18T03:03:05","modified_gmt":"2025-11-18T06:03:05","slug":"lo-mas-destacado-de-la-octava-jornada-del-festival-internacional-de-cine-de-mar-del-plata-2025","status":"publish","type":"post","link":"https:\/\/sergiolapegue.com\/site\/2025\/11\/19\/lo-mas-destacado-de-la-octava-jornada-del-festival-internacional-de-cine-de-mar-del-plata-2025\/","title":{"rendered":"LO M\u00c1S DESTACADO DE LA OCTAVA JORNADA DEL FESTIVAL INTERNACIONAL DE CINE DE MAR DEL PLATA 2025"},"content":{"rendered":"\n<p>Cerr\u00f3 la antesala de la final de la cuadrag\u00e9sima edici\u00f3n del Festival Internacional de Cine de Mar del Plata \u201cEl renacer del esplendor\u201d con grandes talentos del cine internacional y nacional como Francesc Orella, Peter Lanzani, Justina Bustos y Carla Pandolfi, adem\u00e1s de las \u00faltimas proyecciones de cada competencia y la declaraci\u00f3n de los codirectores art\u00edsticos del festival, Jorge Stamadianos y Gabriel Lerman como embajadores tur\u00edsticos de Mar del Plata.<\/p>\n\n\n\n<p>En principio, en la Sala Astor Piazzolla (Av. Patricio Peralta Ramos 2280), el film \u201c18 Holes to Paradise\u201d dio el cierre a la competencia internacional de largometrajes con la presencia de su productora Andreia Feliciano Nunes: \u201cEstoy muy contenta, es la primera vez que voy a presentar la pel\u00edcula con p\u00fablico. Espero que les guste tanto como a m\u00ed\u201d.&nbsp;<\/p>\n\n\n\n<figure class=\"wp-block-image size-large\"><img loading=\"lazy\" decoding=\"async\" width=\"1024\" height=\"453\" src=\"https:\/\/sergiolapegue.com\/site\/wp-content\/uploads\/2025\/11\/Lo-mas-destacado-de-la-octava-jornada-del-festival-de-cine-de-MDQ-5-1024x453.jpg\" alt=\"\" class=\"wp-image-26814\" srcset=\"https:\/\/sergiolapegue.com\/site\/wp-content\/uploads\/2025\/11\/Lo-mas-destacado-de-la-octava-jornada-del-festival-de-cine-de-MDQ-5-1024x453.jpg 1024w, https:\/\/sergiolapegue.com\/site\/wp-content\/uploads\/2025\/11\/Lo-mas-destacado-de-la-octava-jornada-del-festival-de-cine-de-MDQ-5-300x133.jpg 300w, https:\/\/sergiolapegue.com\/site\/wp-content\/uploads\/2025\/11\/Lo-mas-destacado-de-la-octava-jornada-del-festival-de-cine-de-MDQ-5-768x339.jpg 768w, https:\/\/sergiolapegue.com\/site\/wp-content\/uploads\/2025\/11\/Lo-mas-destacado-de-la-octava-jornada-del-festival-de-cine-de-MDQ-5-1536x679.jpg 1536w, https:\/\/sergiolapegue.com\/site\/wp-content\/uploads\/2025\/11\/Lo-mas-destacado-de-la-octava-jornada-del-festival-de-cine-de-MDQ-5-950x420.jpg 950w, https:\/\/sergiolapegue.com\/site\/wp-content\/uploads\/2025\/11\/Lo-mas-destacado-de-la-octava-jornada-del-festival-de-cine-de-MDQ-5-696x308.jpg 696w, https:\/\/sergiolapegue.com\/site\/wp-content\/uploads\/2025\/11\/Lo-mas-destacado-de-la-octava-jornada-del-festival-de-cine-de-MDQ-5-1068x472.jpg 1068w, https:\/\/sergiolapegue.com\/site\/wp-content\/uploads\/2025\/11\/Lo-mas-destacado-de-la-octava-jornada-del-festival-de-cine-de-MDQ-5.jpg 1896w\" sizes=\"auto, (max-width: 1024px) 100vw, 1024px\" \/><\/figure>\n\n\n\n<p>Por otra parte, la directora Guadalupe Yepes junto a la actriz Carla Pandolfi presentaron \u201cDesbarrancada\u201d en el marco de la competencia argentina de largos. La ficci\u00f3n trata sobre Gina, una mujer que, en una Argentina de 1977, lucha por ser madre mientras su esposo Carlos, un poderoso empresario ligado a la Armada, oculta oscuros secretos. Un apasionado affaire y la desaparici\u00f3n de su mejor amiga la arrastran a un juego perverso en el que Carlos tambi\u00e9n tiene un rol. Entre deseo, traici\u00f3n y peligro, Gina deber\u00e1 arriesgarlo todo para recuperar su libertad.<\/p>\n\n\n\n<p>En simult\u00e1neo, en la sede del Ente Municipal de Turismo y Cultura de Mar del Plata (EMTURyC) se les entreg\u00f3 a los codirectores art\u00edsticos del Festival los diplomas de declaraci\u00f3n de embajadores tur\u00edsticos por su destacada labor en la difusi\u00f3n cultural y tur\u00edstica de la ciudad balnearia.<\/p>\n\n\n\n<p>Frente a esto, Lerman mencion\u00f3: \u201cMar del Plata juega un lugar en la vida de todos los argentinos que tienen alguna conexi\u00f3n con la ciudad. Yo la tuve de chico, mi familia ven\u00eda aqu\u00ed a veranear\u201d. Asimismo, Stamadianos agreg\u00f3: \u201cEn cada festival internacional, como representantes, estamos promoviendo Mar del Plata. En nuestro caso, Mar del Plata pas\u00f3 a ser la palabra m\u00e1s usada diariamente en cada una de nuestras vidas\u201d.<\/p>\n\n\n\n<p>Respecto a la competencia en tr\u00e1nsito, se proyectaron en el Cine Paseo Aldrey (Alberti 2115): \u201cFan\u201d de Mariela Di Naro (Argentina), \u201cCuero\u201d de Joaqu\u00edn Cambre (Argentina), \u201cValijero\u201d de Esteban Trivisonno (Argentina), \u201cPobre Daniel\u201d de Santiago Gobernori y Luc\u00eda Valdemoros (Argentina), \u201cOlivera &amp; Corman: Hollywood en Argentina\u201d de Jos\u00e9 Tripodero y Mart\u00edn Cataldi (Argentina) y \u201cHuemul\u201d de Milton Ekman (Argentina).&nbsp;<\/p>\n\n\n\n<figure class=\"wp-block-image size-full\"><img loading=\"lazy\" decoding=\"async\" width=\"1000\" height=\"710\" src=\"https:\/\/sergiolapegue.com\/site\/wp-content\/uploads\/2025\/11\/Lo-mas-destacado-de-la-octava-jornada-del-festival-de-cine-de-MDQ-1.jpg\" alt=\"\" class=\"wp-image-26815\" srcset=\"https:\/\/sergiolapegue.com\/site\/wp-content\/uploads\/2025\/11\/Lo-mas-destacado-de-la-octava-jornada-del-festival-de-cine-de-MDQ-1.jpg 1000w, https:\/\/sergiolapegue.com\/site\/wp-content\/uploads\/2025\/11\/Lo-mas-destacado-de-la-octava-jornada-del-festival-de-cine-de-MDQ-1-300x213.jpg 300w, https:\/\/sergiolapegue.com\/site\/wp-content\/uploads\/2025\/11\/Lo-mas-destacado-de-la-octava-jornada-del-festival-de-cine-de-MDQ-1-768x545.jpg 768w, https:\/\/sergiolapegue.com\/site\/wp-content\/uploads\/2025\/11\/Lo-mas-destacado-de-la-octava-jornada-del-festival-de-cine-de-MDQ-1-592x420.jpg 592w, https:\/\/sergiolapegue.com\/site\/wp-content\/uploads\/2025\/11\/Lo-mas-destacado-de-la-octava-jornada-del-festival-de-cine-de-MDQ-1-696x494.jpg 696w\" sizes=\"auto, (max-width: 1000px) 100vw, 1000px\" \/><\/figure>\n\n\n\n<p>\u201cLa vida es\u201d de Lorena Villarreal tambi\u00e9n tuvo su momento de protag\u00f3nico en las salas de Alberti 2115, con un p\u00fablico expectante ante la historia de Nora, una mujer que est\u00e1 por cumplir 40 a\u00f1os y no puede dejar de preguntarse: \u00bfcu\u00e1l es el sentido de todo esto? Lo que deb\u00eda ser una celebraci\u00f3n se transforma en una serie de tropiezos desafortunados que la empujan hacia el autodescubrimiento. Con heridas abiertas, deseos no dichos y pasados que a\u00fan arden, Nora enfrenta su historia familiar, la muerte, el desempleo, el colapso de su relaci\u00f3n poliamorosa y la necesidad urgente de redefinir el amor, su sexualidad y lo que realmente desea de la vida.<\/p>\n\n\n\n<p>Hac\u00eda las 16 horas el actor catal\u00e1n Francesc Orella dio una charla abierta y gratuita en la Sala Rambla del Casino Central (Av. Patricio Peralta Ramos 2148), donde amablemente coment\u00f3: \u201cMe ha encantado estar aqu\u00ed, me tratan muy bien, como era de esperar de Argentina. Ten\u00eda muchas ganas de venir al Festival y conocer Mar del Plata. Espero que la pel\u00edcula guste y que el p\u00fablico la reciba con mentalidad abierta\u201d y remarc\u00f3 que recuerda \u201ccon mucho cari\u00f1o el personaje de Merl\u00ed\u201d y que \u201cfue todo un privilegio hacer la serie\u201d.&nbsp;<\/p>\n\n\n\n<p>Tambi\u00e9n, la esperada figura present\u00f3 la pel\u00edcula \u201cEmergency Exit\u201d de Llu\u00eds Mi\u00f1arro durante la noche. La misma trata sobre una actriz que revisa su carrera, una antrop\u00f3loga desorientada y dos divas legendarias que viajan con otros extra\u00f1os a trav\u00e9s de paisajes irreales en un veh\u00edculo misterioso del cual no parece que puedan bajar f\u00e1cilmente.&nbsp;<\/p>\n\n\n\n<p>La noche culmin\u00f3 con Peter Lanzani y su llegada al Teatro Col\u00f3n de Mar del Plata (Hip\u00f3lito Yrigoyen 1665), donde se proyect\u00f3 \u201cTesta o croce?\u201d, un proyecto enmarcado en la secci\u00f3n Italian Screens.&nbsp;<\/p>\n\n\n\n<figure class=\"wp-block-image size-full\"><img loading=\"lazy\" decoding=\"async\" width=\"1000\" height=\"948\" src=\"https:\/\/sergiolapegue.com\/site\/wp-content\/uploads\/2025\/11\/Lo-mas-destacado-de-la-octava-jornada-del-festival-de-cine-de-MDQ-6.jpg\" alt=\"\" class=\"wp-image-26813\" srcset=\"https:\/\/sergiolapegue.com\/site\/wp-content\/uploads\/2025\/11\/Lo-mas-destacado-de-la-octava-jornada-del-festival-de-cine-de-MDQ-6.jpg 1000w, https:\/\/sergiolapegue.com\/site\/wp-content\/uploads\/2025\/11\/Lo-mas-destacado-de-la-octava-jornada-del-festival-de-cine-de-MDQ-6-300x284.jpg 300w, https:\/\/sergiolapegue.com\/site\/wp-content\/uploads\/2025\/11\/Lo-mas-destacado-de-la-octava-jornada-del-festival-de-cine-de-MDQ-6-768x728.jpg 768w, https:\/\/sergiolapegue.com\/site\/wp-content\/uploads\/2025\/11\/Lo-mas-destacado-de-la-octava-jornada-del-festival-de-cine-de-MDQ-6-443x420.jpg 443w, https:\/\/sergiolapegue.com\/site\/wp-content\/uploads\/2025\/11\/Lo-mas-destacado-de-la-octava-jornada-del-festival-de-cine-de-MDQ-6-696x660.jpg 696w\" sizes=\"auto, (max-width: 1000px) 100vw, 1000px\" \/><\/figure>\n\n\n\n<p><strong>SOBRRE ITALIAN SCREENS<\/strong><\/p>\n\n\n\n<p>La secci\u00f3n Italian Screens fue una selecci\u00f3n especial de cine italiano contempor\u00e1neo presentada en el 40\u00b0 Festival Internacional de Cine de Mar del Plata, que cuenta con el apoyo de la Secretar\u00eda de Cultura de La Naci\u00f3n.<\/p>\n\n\n\n<p>Italia fue el pa\u00eds de honor y este espacio mostr\u00f3 lo mejor del cine italiano actual, incluyendo nuevas voces y directores consagrados.<\/p>\n\n\n\n<p><a href=\"https:\/\/tpagencia.tr.pemsv01.net\/c\/eyJhIjoidHBhZ2VuY2lhIiwibSI6Im1haWxfY21pMG1yaDU3Z21kODA4MTY2dmZzNTFpdyIsImwiOiJsaW5rXzI1ZDkwOWE3NTMxMWE2ZjQ4NGY5MzgxNTE5NTdkNGRiYTJkMmYyNGZfODBhMTk2IiwiaSI6W10sInUiOiJodHRwczovL3d3dy5tYXJkZWxwbGF0YWZpbG1mZXN0LmNvbS80MC8_dXRtX3NvdXJjZT1wZXJmaXQmdXRtX21lZGl1bT1lbWFpbCZ1dG1fY2FtcGFpZ249MTQlMjAtJTIwMTElMjBGRVNUSVZBTCUyMERFJTIwQ0lORSUyME1EUSUyMDIwMjUiLCJjIjoiIiwiaCI6IjE4ZDI3ZCJ9\" target=\"_blank\" rel=\"noreferrer noopener\">PAGINA OFICIAL DEL FESTIVAL DE CINE DE MAR DEL PLATA 2025<\/a><\/p>\n\n\n\n<p>Gracias Tommy Pashkus Agencia por hacernos llegar la gacetilla de prensa con toda la informaci\u00f3n del Festival Internacional de Cine de Mar del Plata 2025.<\/p>\n","protected":false},"excerpt":{"rendered":"<p>Cerr\u00f3 la antesala de la final de la cuadrag\u00e9sima edici\u00f3n del Festival Internacional de Cine de Mar del Plata \u201cEl renacer del esplendor\u201d con grandes talentos del cine internacional y nacional como Francesc Orella, Peter Lanzani, Justina Bustos y Carla Pandolfi, adem\u00e1s de las \u00faltimas proyecciones de cada competencia y la declaraci\u00f3n de los codirectores [&hellip;]<\/p>\n","protected":false},"author":3,"featured_media":26816,"comment_status":"open","ping_status":"closed","sticky":false,"template":"","format":"standard","meta":{"footnotes":""},"categories":[34,36],"tags":[],"class_list":{"0":"post-26812","1":"post","2":"type-post","3":"status-publish","4":"format-standard","5":"has-post-thumbnail","7":"category-arte","8":"category-cine"},"yoast_head":"<!-- This site is optimized with the Yoast SEO plugin v27.4 - https:\/\/yoast.com\/product\/yoast-seo-wordpress\/ -->\n<title>LO M\u00c1S DESTACADO DE LA OCTAVA JORNADA DEL FESTIVAL INTERNACIONAL DE CINE DE MAR DEL PLATA 2025 - Sergio Lapegue<\/title>\n<meta name=\"robots\" content=\"index, follow, max-snippet:-1, max-image-preview:large, max-video-preview:-1\" \/>\n<link rel=\"canonical\" href=\"https:\/\/sergiolapegue.com\/site\/2025\/11\/19\/lo-mas-destacado-de-la-octava-jornada-del-festival-internacional-de-cine-de-mar-del-plata-2025\/\" \/>\n<meta property=\"og:locale\" content=\"es_ES\" \/>\n<meta property=\"og:type\" content=\"article\" \/>\n<meta property=\"og:title\" content=\"LO M\u00c1S DESTACADO DE LA OCTAVA JORNADA DEL FESTIVAL INTERNACIONAL DE CINE DE MAR DEL PLATA 2025 - Sergio Lapegue\" \/>\n<meta property=\"og:description\" content=\"Cerr\u00f3 la antesala de la final de la cuadrag\u00e9sima edici\u00f3n del Festival Internacional de Cine de Mar del Plata \u201cEl renacer del esplendor\u201d con grandes talentos del cine internacional y nacional como Francesc Orella, Peter Lanzani, Justina Bustos y Carla Pandolfi, adem\u00e1s de las \u00faltimas proyecciones de cada competencia y la declaraci\u00f3n de los codirectores [&hellip;]\" \/>\n<meta property=\"og:url\" content=\"https:\/\/sergiolapegue.com\/site\/2025\/11\/19\/lo-mas-destacado-de-la-octava-jornada-del-festival-internacional-de-cine-de-mar-del-plata-2025\/\" \/>\n<meta property=\"og:site_name\" content=\"Sergio Lapegue\" \/>\n<meta property=\"article:publisher\" content=\"https:\/\/facebook.com\/sergiolapegue\" \/>\n<meta property=\"article:author\" content=\"https:\/\/facebook.com\/danielernesto.montana\" \/>\n<meta property=\"article:published_time\" content=\"2025-11-19T20:00:00+00:00\" \/>\n<meta property=\"og:image\" content=\"https:\/\/sergiolapegue.com\/site\/wp-content\/uploads\/2025\/11\/Lo-mas-destacado-de-la-octava-jornada-del-festival-de-cine-MDQ.jpg\" \/>\n\t<meta property=\"og:image:width\" content=\"1000\" \/>\n\t<meta property=\"og:image:height\" content=\"689\" \/>\n\t<meta property=\"og:image:type\" content=\"image\/jpeg\" \/>\n<meta name=\"author\" content=\"Daniel E. Monta\u00f1a\" \/>\n<meta name=\"twitter:card\" content=\"summary_large_image\" \/>\n<meta name=\"twitter:creator\" content=\"@https:\/\/twitter.com\/daner_004\" \/>\n<meta name=\"twitter:site\" content=\"@sergiolapegue\" \/>\n<meta name=\"twitter:label1\" content=\"Escrito por\" \/>\n\t<meta name=\"twitter:data1\" content=\"Daniel E. Monta\u00f1a\" \/>\n\t<meta name=\"twitter:label2\" content=\"Tiempo de lectura\" \/>\n\t<meta name=\"twitter:data2\" content=\"5 minutos\" \/>\n<script type=\"application\/ld+json\" class=\"yoast-schema-graph\">{\"@context\":\"https:\\\/\\\/schema.org\",\"@graph\":[{\"@type\":\"Article\",\"@id\":\"https:\\\/\\\/sergiolapegue.com\\\/site\\\/2025\\\/11\\\/19\\\/lo-mas-destacado-de-la-octava-jornada-del-festival-internacional-de-cine-de-mar-del-plata-2025\\\/#article\",\"isPartOf\":{\"@id\":\"https:\\\/\\\/sergiolapegue.com\\\/site\\\/2025\\\/11\\\/19\\\/lo-mas-destacado-de-la-octava-jornada-del-festival-internacional-de-cine-de-mar-del-plata-2025\\\/\"},\"author\":{\"name\":\"Daniel E. Monta\u00f1a\",\"@id\":\"https:\\\/\\\/sergiolapegue.com\\\/site\\\/#\\\/schema\\\/person\\\/9198e7dbab43c6d74d0fd5399af7c3cd\"},\"headline\":\"LO M\u00c1S DESTACADO DE LA OCTAVA JORNADA DEL FESTIVAL INTERNACIONAL DE CINE DE MAR DEL PLATA 2025\",\"datePublished\":\"2025-11-19T20:00:00+00:00\",\"mainEntityOfPage\":{\"@id\":\"https:\\\/\\\/sergiolapegue.com\\\/site\\\/2025\\\/11\\\/19\\\/lo-mas-destacado-de-la-octava-jornada-del-festival-internacional-de-cine-de-mar-del-plata-2025\\\/\"},\"wordCount\":854,\"commentCount\":0,\"publisher\":{\"@id\":\"https:\\\/\\\/sergiolapegue.com\\\/site\\\/#\\\/schema\\\/person\\\/083aeceeb0734cd166779ea6c0551a37\"},\"image\":{\"@id\":\"https:\\\/\\\/sergiolapegue.com\\\/site\\\/2025\\\/11\\\/19\\\/lo-mas-destacado-de-la-octava-jornada-del-festival-internacional-de-cine-de-mar-del-plata-2025\\\/#primaryimage\"},\"thumbnailUrl\":\"https:\\\/\\\/sergiolapegue.com\\\/site\\\/wp-content\\\/uploads\\\/2025\\\/11\\\/Lo-mas-destacado-de-la-octava-jornada-del-festival-de-cine-MDQ.jpg\",\"articleSection\":[\"Arte\",\"Cine\"],\"inLanguage\":\"es-AR\",\"potentialAction\":[{\"@type\":\"CommentAction\",\"name\":\"Comment\",\"target\":[\"https:\\\/\\\/sergiolapegue.com\\\/site\\\/2025\\\/11\\\/19\\\/lo-mas-destacado-de-la-octava-jornada-del-festival-internacional-de-cine-de-mar-del-plata-2025\\\/#respond\"]}]},{\"@type\":\"WebPage\",\"@id\":\"https:\\\/\\\/sergiolapegue.com\\\/site\\\/2025\\\/11\\\/19\\\/lo-mas-destacado-de-la-octava-jornada-del-festival-internacional-de-cine-de-mar-del-plata-2025\\\/\",\"url\":\"https:\\\/\\\/sergiolapegue.com\\\/site\\\/2025\\\/11\\\/19\\\/lo-mas-destacado-de-la-octava-jornada-del-festival-internacional-de-cine-de-mar-del-plata-2025\\\/\",\"name\":\"LO M\u00c1S DESTACADO DE LA OCTAVA JORNADA DEL FESTIVAL INTERNACIONAL DE CINE DE MAR DEL PLATA 2025 - Sergio Lapegue\",\"isPartOf\":{\"@id\":\"https:\\\/\\\/sergiolapegue.com\\\/site\\\/#website\"},\"primaryImageOfPage\":{\"@id\":\"https:\\\/\\\/sergiolapegue.com\\\/site\\\/2025\\\/11\\\/19\\\/lo-mas-destacado-de-la-octava-jornada-del-festival-internacional-de-cine-de-mar-del-plata-2025\\\/#primaryimage\"},\"image\":{\"@id\":\"https:\\\/\\\/sergiolapegue.com\\\/site\\\/2025\\\/11\\\/19\\\/lo-mas-destacado-de-la-octava-jornada-del-festival-internacional-de-cine-de-mar-del-plata-2025\\\/#primaryimage\"},\"thumbnailUrl\":\"https:\\\/\\\/sergiolapegue.com\\\/site\\\/wp-content\\\/uploads\\\/2025\\\/11\\\/Lo-mas-destacado-de-la-octava-jornada-del-festival-de-cine-MDQ.jpg\",\"datePublished\":\"2025-11-19T20:00:00+00:00\",\"breadcrumb\":{\"@id\":\"https:\\\/\\\/sergiolapegue.com\\\/site\\\/2025\\\/11\\\/19\\\/lo-mas-destacado-de-la-octava-jornada-del-festival-internacional-de-cine-de-mar-del-plata-2025\\\/#breadcrumb\"},\"inLanguage\":\"es-AR\",\"potentialAction\":[{\"@type\":\"ReadAction\",\"target\":[\"https:\\\/\\\/sergiolapegue.com\\\/site\\\/2025\\\/11\\\/19\\\/lo-mas-destacado-de-la-octava-jornada-del-festival-internacional-de-cine-de-mar-del-plata-2025\\\/\"]}]},{\"@type\":\"ImageObject\",\"inLanguage\":\"es-AR\",\"@id\":\"https:\\\/\\\/sergiolapegue.com\\\/site\\\/2025\\\/11\\\/19\\\/lo-mas-destacado-de-la-octava-jornada-del-festival-internacional-de-cine-de-mar-del-plata-2025\\\/#primaryimage\",\"url\":\"https:\\\/\\\/sergiolapegue.com\\\/site\\\/wp-content\\\/uploads\\\/2025\\\/11\\\/Lo-mas-destacado-de-la-octava-jornada-del-festival-de-cine-MDQ.jpg\",\"contentUrl\":\"https:\\\/\\\/sergiolapegue.com\\\/site\\\/wp-content\\\/uploads\\\/2025\\\/11\\\/Lo-mas-destacado-de-la-octava-jornada-del-festival-de-cine-MDQ.jpg\",\"width\":1000,\"height\":689},{\"@type\":\"BreadcrumbList\",\"@id\":\"https:\\\/\\\/sergiolapegue.com\\\/site\\\/2025\\\/11\\\/19\\\/lo-mas-destacado-de-la-octava-jornada-del-festival-internacional-de-cine-de-mar-del-plata-2025\\\/#breadcrumb\",\"itemListElement\":[{\"@type\":\"ListItem\",\"position\":1,\"name\":\"Inicio\",\"item\":\"https:\\\/\\\/sergiolapegue.com\\\/site\\\/\"},{\"@type\":\"ListItem\",\"position\":2,\"name\":\"LO M\u00c1S DESTACADO DE LA OCTAVA JORNADA DEL FESTIVAL INTERNACIONAL DE CINE DE MAR DEL PLATA 2025\"}]},{\"@type\":\"WebSite\",\"@id\":\"https:\\\/\\\/sergiolapegue.com\\\/site\\\/#website\",\"url\":\"https:\\\/\\\/sergiolapegue.com\\\/site\\\/\",\"name\":\"Sergio Lapegue\",\"description\":\"Periodista\",\"publisher\":{\"@id\":\"https:\\\/\\\/sergiolapegue.com\\\/site\\\/#\\\/schema\\\/person\\\/083aeceeb0734cd166779ea6c0551a37\"},\"potentialAction\":[{\"@type\":\"SearchAction\",\"target\":{\"@type\":\"EntryPoint\",\"urlTemplate\":\"https:\\\/\\\/sergiolapegue.com\\\/site\\\/?s={search_term_string}\"},\"query-input\":{\"@type\":\"PropertyValueSpecification\",\"valueRequired\":true,\"valueName\":\"search_term_string\"}}],\"inLanguage\":\"es-AR\"},{\"@type\":[\"Person\",\"Organization\"],\"@id\":\"https:\\\/\\\/sergiolapegue.com\\\/site\\\/#\\\/schema\\\/person\\\/083aeceeb0734cd166779ea6c0551a37\",\"name\":\"Sergio Lapegue\",\"image\":{\"@type\":\"ImageObject\",\"inLanguage\":\"es-AR\",\"@id\":\"https:\\\/\\\/sergiolapegue.com\\\/site\\\/wp-content\\\/uploads\\\/2021\\\/04\\\/logo_header-1.png\",\"url\":\"https:\\\/\\\/sergiolapegue.com\\\/site\\\/wp-content\\\/uploads\\\/2021\\\/04\\\/logo_header-1.png\",\"contentUrl\":\"https:\\\/\\\/sergiolapegue.com\\\/site\\\/wp-content\\\/uploads\\\/2021\\\/04\\\/logo_header-1.png\",\"width\":272,\"height\":90,\"caption\":\"Sergio Lapegue\"},\"logo\":{\"@id\":\"https:\\\/\\\/sergiolapegue.com\\\/site\\\/wp-content\\\/uploads\\\/2021\\\/04\\\/logo_header-1.png\"},\"sameAs\":[\"https:\\\/\\\/facebook.com\\\/sergiolapegue\",\"https:\\\/\\\/instagram.com\\\/sergiolapegue\",\"https:\\\/\\\/x.com\\\/https:\\\/\\\/twitter.com\\\/sergiolapegue\"]},{\"@type\":\"Person\",\"@id\":\"https:\\\/\\\/sergiolapegue.com\\\/site\\\/#\\\/schema\\\/person\\\/9198e7dbab43c6d74d0fd5399af7c3cd\",\"name\":\"Daniel E. Monta\u00f1a\",\"image\":{\"@type\":\"ImageObject\",\"inLanguage\":\"es-AR\",\"@id\":\"https:\\\/\\\/sergiolapegue.com\\\/site\\\/wp-content\\\/uploads\\\/2021\\\/04\\\/sl_avatar_Daniel-150x150.jpg\",\"url\":\"https:\\\/\\\/sergiolapegue.com\\\/site\\\/wp-content\\\/uploads\\\/2021\\\/04\\\/sl_avatar_Daniel-150x150.jpg\",\"contentUrl\":\"https:\\\/\\\/sergiolapegue.com\\\/site\\\/wp-content\\\/uploads\\\/2021\\\/04\\\/sl_avatar_Daniel-150x150.jpg\",\"caption\":\"Daniel E. Monta\u00f1a\"},\"sameAs\":[\"https:\\\/\\\/facebook.com\\\/danielernesto.montana\",\"https:\\\/\\\/instagram.com\\\/daniel_montana1961\",\"https:\\\/\\\/x.com\\\/https:\\\/\\\/twitter.com\\\/daner_004\"],\"url\":\"https:\\\/\\\/sergiolapegue.com\\\/site\\\/author\\\/daniel\\\/\"}]}<\/script>\n<!-- \/ Yoast SEO plugin. -->","yoast_head_json":{"title":"LO M\u00c1S DESTACADO DE LA OCTAVA JORNADA DEL FESTIVAL INTERNACIONAL DE CINE DE MAR DEL PLATA 2025 - Sergio Lapegue","robots":{"index":"index","follow":"follow","max-snippet":"max-snippet:-1","max-image-preview":"max-image-preview:large","max-video-preview":"max-video-preview:-1"},"canonical":"https:\/\/sergiolapegue.com\/site\/2025\/11\/19\/lo-mas-destacado-de-la-octava-jornada-del-festival-internacional-de-cine-de-mar-del-plata-2025\/","og_locale":"es_ES","og_type":"article","og_title":"LO M\u00c1S DESTACADO DE LA OCTAVA JORNADA DEL FESTIVAL INTERNACIONAL DE CINE DE MAR DEL PLATA 2025 - Sergio Lapegue","og_description":"Cerr\u00f3 la antesala de la final de la cuadrag\u00e9sima edici\u00f3n del Festival Internacional de Cine de Mar del Plata \u201cEl renacer del esplendor\u201d con grandes talentos del cine internacional y nacional como Francesc Orella, Peter Lanzani, Justina Bustos y Carla Pandolfi, adem\u00e1s de las \u00faltimas proyecciones de cada competencia y la declaraci\u00f3n de los codirectores [&hellip;]","og_url":"https:\/\/sergiolapegue.com\/site\/2025\/11\/19\/lo-mas-destacado-de-la-octava-jornada-del-festival-internacional-de-cine-de-mar-del-plata-2025\/","og_site_name":"Sergio Lapegue","article_publisher":"https:\/\/facebook.com\/sergiolapegue","article_author":"https:\/\/facebook.com\/danielernesto.montana","article_published_time":"2025-11-19T20:00:00+00:00","og_image":[{"width":1000,"height":689,"url":"https:\/\/sergiolapegue.com\/site\/wp-content\/uploads\/2025\/11\/Lo-mas-destacado-de-la-octava-jornada-del-festival-de-cine-MDQ.jpg","type":"image\/jpeg"}],"author":"Daniel E. Monta\u00f1a","twitter_card":"summary_large_image","twitter_creator":"@https:\/\/twitter.com\/daner_004","twitter_site":"@sergiolapegue","twitter_misc":{"Escrito por":"Daniel E. Monta\u00f1a","Tiempo de lectura":"5 minutos"},"schema":{"@context":"https:\/\/schema.org","@graph":[{"@type":"Article","@id":"https:\/\/sergiolapegue.com\/site\/2025\/11\/19\/lo-mas-destacado-de-la-octava-jornada-del-festival-internacional-de-cine-de-mar-del-plata-2025\/#article","isPartOf":{"@id":"https:\/\/sergiolapegue.com\/site\/2025\/11\/19\/lo-mas-destacado-de-la-octava-jornada-del-festival-internacional-de-cine-de-mar-del-plata-2025\/"},"author":{"name":"Daniel E. Monta\u00f1a","@id":"https:\/\/sergiolapegue.com\/site\/#\/schema\/person\/9198e7dbab43c6d74d0fd5399af7c3cd"},"headline":"LO M\u00c1S DESTACADO DE LA OCTAVA JORNADA DEL FESTIVAL INTERNACIONAL DE CINE DE MAR DEL PLATA 2025","datePublished":"2025-11-19T20:00:00+00:00","mainEntityOfPage":{"@id":"https:\/\/sergiolapegue.com\/site\/2025\/11\/19\/lo-mas-destacado-de-la-octava-jornada-del-festival-internacional-de-cine-de-mar-del-plata-2025\/"},"wordCount":854,"commentCount":0,"publisher":{"@id":"https:\/\/sergiolapegue.com\/site\/#\/schema\/person\/083aeceeb0734cd166779ea6c0551a37"},"image":{"@id":"https:\/\/sergiolapegue.com\/site\/2025\/11\/19\/lo-mas-destacado-de-la-octava-jornada-del-festival-internacional-de-cine-de-mar-del-plata-2025\/#primaryimage"},"thumbnailUrl":"https:\/\/sergiolapegue.com\/site\/wp-content\/uploads\/2025\/11\/Lo-mas-destacado-de-la-octava-jornada-del-festival-de-cine-MDQ.jpg","articleSection":["Arte","Cine"],"inLanguage":"es-AR","potentialAction":[{"@type":"CommentAction","name":"Comment","target":["https:\/\/sergiolapegue.com\/site\/2025\/11\/19\/lo-mas-destacado-de-la-octava-jornada-del-festival-internacional-de-cine-de-mar-del-plata-2025\/#respond"]}]},{"@type":"WebPage","@id":"https:\/\/sergiolapegue.com\/site\/2025\/11\/19\/lo-mas-destacado-de-la-octava-jornada-del-festival-internacional-de-cine-de-mar-del-plata-2025\/","url":"https:\/\/sergiolapegue.com\/site\/2025\/11\/19\/lo-mas-destacado-de-la-octava-jornada-del-festival-internacional-de-cine-de-mar-del-plata-2025\/","name":"LO M\u00c1S DESTACADO DE LA OCTAVA JORNADA DEL FESTIVAL INTERNACIONAL DE CINE DE MAR DEL PLATA 2025 - Sergio Lapegue","isPartOf":{"@id":"https:\/\/sergiolapegue.com\/site\/#website"},"primaryImageOfPage":{"@id":"https:\/\/sergiolapegue.com\/site\/2025\/11\/19\/lo-mas-destacado-de-la-octava-jornada-del-festival-internacional-de-cine-de-mar-del-plata-2025\/#primaryimage"},"image":{"@id":"https:\/\/sergiolapegue.com\/site\/2025\/11\/19\/lo-mas-destacado-de-la-octava-jornada-del-festival-internacional-de-cine-de-mar-del-plata-2025\/#primaryimage"},"thumbnailUrl":"https:\/\/sergiolapegue.com\/site\/wp-content\/uploads\/2025\/11\/Lo-mas-destacado-de-la-octava-jornada-del-festival-de-cine-MDQ.jpg","datePublished":"2025-11-19T20:00:00+00:00","breadcrumb":{"@id":"https:\/\/sergiolapegue.com\/site\/2025\/11\/19\/lo-mas-destacado-de-la-octava-jornada-del-festival-internacional-de-cine-de-mar-del-plata-2025\/#breadcrumb"},"inLanguage":"es-AR","potentialAction":[{"@type":"ReadAction","target":["https:\/\/sergiolapegue.com\/site\/2025\/11\/19\/lo-mas-destacado-de-la-octava-jornada-del-festival-internacional-de-cine-de-mar-del-plata-2025\/"]}]},{"@type":"ImageObject","inLanguage":"es-AR","@id":"https:\/\/sergiolapegue.com\/site\/2025\/11\/19\/lo-mas-destacado-de-la-octava-jornada-del-festival-internacional-de-cine-de-mar-del-plata-2025\/#primaryimage","url":"https:\/\/sergiolapegue.com\/site\/wp-content\/uploads\/2025\/11\/Lo-mas-destacado-de-la-octava-jornada-del-festival-de-cine-MDQ.jpg","contentUrl":"https:\/\/sergiolapegue.com\/site\/wp-content\/uploads\/2025\/11\/Lo-mas-destacado-de-la-octava-jornada-del-festival-de-cine-MDQ.jpg","width":1000,"height":689},{"@type":"BreadcrumbList","@id":"https:\/\/sergiolapegue.com\/site\/2025\/11\/19\/lo-mas-destacado-de-la-octava-jornada-del-festival-internacional-de-cine-de-mar-del-plata-2025\/#breadcrumb","itemListElement":[{"@type":"ListItem","position":1,"name":"Inicio","item":"https:\/\/sergiolapegue.com\/site\/"},{"@type":"ListItem","position":2,"name":"LO M\u00c1S DESTACADO DE LA OCTAVA JORNADA DEL FESTIVAL INTERNACIONAL DE CINE DE MAR DEL PLATA 2025"}]},{"@type":"WebSite","@id":"https:\/\/sergiolapegue.com\/site\/#website","url":"https:\/\/sergiolapegue.com\/site\/","name":"Sergio Lapegue","description":"Periodista","publisher":{"@id":"https:\/\/sergiolapegue.com\/site\/#\/schema\/person\/083aeceeb0734cd166779ea6c0551a37"},"potentialAction":[{"@type":"SearchAction","target":{"@type":"EntryPoint","urlTemplate":"https:\/\/sergiolapegue.com\/site\/?s={search_term_string}"},"query-input":{"@type":"PropertyValueSpecification","valueRequired":true,"valueName":"search_term_string"}}],"inLanguage":"es-AR"},{"@type":["Person","Organization"],"@id":"https:\/\/sergiolapegue.com\/site\/#\/schema\/person\/083aeceeb0734cd166779ea6c0551a37","name":"Sergio Lapegue","image":{"@type":"ImageObject","inLanguage":"es-AR","@id":"https:\/\/sergiolapegue.com\/site\/wp-content\/uploads\/2021\/04\/logo_header-1.png","url":"https:\/\/sergiolapegue.com\/site\/wp-content\/uploads\/2021\/04\/logo_header-1.png","contentUrl":"https:\/\/sergiolapegue.com\/site\/wp-content\/uploads\/2021\/04\/logo_header-1.png","width":272,"height":90,"caption":"Sergio Lapegue"},"logo":{"@id":"https:\/\/sergiolapegue.com\/site\/wp-content\/uploads\/2021\/04\/logo_header-1.png"},"sameAs":["https:\/\/facebook.com\/sergiolapegue","https:\/\/instagram.com\/sergiolapegue","https:\/\/x.com\/https:\/\/twitter.com\/sergiolapegue"]},{"@type":"Person","@id":"https:\/\/sergiolapegue.com\/site\/#\/schema\/person\/9198e7dbab43c6d74d0fd5399af7c3cd","name":"Daniel E. Monta\u00f1a","image":{"@type":"ImageObject","inLanguage":"es-AR","@id":"https:\/\/sergiolapegue.com\/site\/wp-content\/uploads\/2021\/04\/sl_avatar_Daniel-150x150.jpg","url":"https:\/\/sergiolapegue.com\/site\/wp-content\/uploads\/2021\/04\/sl_avatar_Daniel-150x150.jpg","contentUrl":"https:\/\/sergiolapegue.com\/site\/wp-content\/uploads\/2021\/04\/sl_avatar_Daniel-150x150.jpg","caption":"Daniel E. Monta\u00f1a"},"sameAs":["https:\/\/facebook.com\/danielernesto.montana","https:\/\/instagram.com\/daniel_montana1961","https:\/\/x.com\/https:\/\/twitter.com\/daner_004"],"url":"https:\/\/sergiolapegue.com\/site\/author\/daniel\/"}]}},"_links":{"self":[{"href":"https:\/\/sergiolapegue.com\/site\/wp-json\/wp\/v2\/posts\/26812","targetHints":{"allow":["GET"]}}],"collection":[{"href":"https:\/\/sergiolapegue.com\/site\/wp-json\/wp\/v2\/posts"}],"about":[{"href":"https:\/\/sergiolapegue.com\/site\/wp-json\/wp\/v2\/types\/post"}],"author":[{"embeddable":true,"href":"https:\/\/sergiolapegue.com\/site\/wp-json\/wp\/v2\/users\/3"}],"replies":[{"embeddable":true,"href":"https:\/\/sergiolapegue.com\/site\/wp-json\/wp\/v2\/comments?post=26812"}],"version-history":[{"count":1,"href":"https:\/\/sergiolapegue.com\/site\/wp-json\/wp\/v2\/posts\/26812\/revisions"}],"predecessor-version":[{"id":26817,"href":"https:\/\/sergiolapegue.com\/site\/wp-json\/wp\/v2\/posts\/26812\/revisions\/26817"}],"wp:featuredmedia":[{"embeddable":true,"href":"https:\/\/sergiolapegue.com\/site\/wp-json\/wp\/v2\/media\/26816"}],"wp:attachment":[{"href":"https:\/\/sergiolapegue.com\/site\/wp-json\/wp\/v2\/media?parent=26812"}],"wp:term":[{"taxonomy":"category","embeddable":true,"href":"https:\/\/sergiolapegue.com\/site\/wp-json\/wp\/v2\/categories?post=26812"},{"taxonomy":"post_tag","embeddable":true,"href":"https:\/\/sergiolapegue.com\/site\/wp-json\/wp\/v2\/tags?post=26812"}],"curies":[{"name":"wp","href":"https:\/\/api.w.org\/{rel}","templated":true}]}}