{"id":26770,"date":"2025-11-17T09:00:00","date_gmt":"2025-11-17T12:00:00","guid":{"rendered":"https:\/\/sergiolapegue.com\/site\/?p=26770"},"modified":"2025-11-17T00:47:04","modified_gmt":"2025-11-17T03:47:04","slug":"no-entiendo-a-los-hombres","status":"publish","type":"post","link":"https:\/\/sergiolapegue.com\/site\/2025\/11\/17\/no-entiendo-a-los-hombres\/","title":{"rendered":"NO ENTIENDO A LOS HOMBRES"},"content":{"rendered":"\n<p>Llega desde Barcelona por tres \u00fanicas funciones \u201cNo entiendo a los hombres\u201d, una pieza de teatro documental con actores no profesionales sobre qu\u00e9 significa ser hombre, explicada por hombres.<\/p>\n\n\n\n<p>El 98% del texto esc\u00e9nico nace de una investigaci\u00f3n antropol\u00f3gica basada en 50 entrevistas a hombres cisg\u00e9nero en las ciudades de Buenos Aires y Barcelona, junto con los relatos de los participantes que hablan en primera persona desde su propia masculinidad.&nbsp;<\/p>\n\n\n\n<p>No entiendo a los hombres no busca ofrecer respuestas cerradas, sino provocar preguntas, abrir grietas y generar nuevas miradas. Un espacio esc\u00e9nico que invita a repensar la masculinidad desde su sentir, contradicciones y resistencias. Es una obra que no pretende sentenciar, sino sembrar interrogantes desde una perspectiva social, \u00edntima y colectiva.<\/p>\n\n\n\n<p><strong>SINOPSIS<\/strong><\/p>\n\n\n\n<p>No entiendo a los hombres&nbsp;es una obra de teatro documental que se cuestiona c\u00f3mo se siente el g\u00e9nero masculino en el actual momento hist\u00f3rico, cuando la figura del hombre est\u00e1 en la mira y comienza a resquebrajarse. Abrir grietas, generar preguntas y nuevas miradas desde una perspectiva social, \u00edntima y colectiva. A trav\u00e9s del humor, la iron\u00eda, la contradicci\u00f3n y la honestidad.&nbsp;<\/p>\n\n\n\n<p>A trav\u00e9s del humor, la iron\u00eda, la contradicci\u00f3n y la honestidad, No entiendo a los hombres&nbsp;se plantea como un acto presente donde se dibujan paisajes del universo masculino contempor\u00e1neo, al tiempo que escucha, dialoga y se pregunta acerca de lo que significa ser hombre hoy.<\/p>\n\n\n\n<p>Es un teatro vivo, un acto presente que propone al p\u00fablico un espacio compartido para escuchar, dialogar y preguntarse: \u00bfqu\u00e9 significa ser hombre hoy? \u00bfQu\u00e9 voces, tensiones y posibilidades atraviesan la masculinidad? Este espect\u00e1culo busca tender puentes y abrir caminos para pensarnos, con otros, desde otros lugares.<\/p>\n\n\n\n<p><strong>PALABRAS DE LA DIRECTORA<\/strong><\/p>\n\n\n\n<p>&#8220;\u00bfQu\u00e9 les ocurre a los hombres frente al contexto actual? \u00bfC\u00f3mo se sienten en un momento hist\u00f3rico donde su figura est\u00e1 en el punto de mira y empieza a resquebrajarse?&nbsp; Empec\u00e9 a hacerme estos interrogantes porque como mujer me inquietaba esa especie de &#8216;silencio&#8217; que dominaba en ciertos hombres sobre su propia condici\u00f3n y sobre otros colectivos de g\u00e9nero. A partir de all\u00ed, y gracias a una beca a la creaci\u00f3n de la Generalitat de Catalu\u00f1a (2021) comenc\u00e9 una investigaci\u00f3n extensa que es la base de esta obra. La concibo sin actores profesionales porque no hay personajes. Cada interprete habla en primera persona desde su identidad masculina: c\u00f3mo la siente? \u00bfC\u00f3mo la piensa? \u00bfC\u00f3mo la vive? \u00bfQuieren cambiar algo? \u00bfA qu\u00e9 est\u00e1n dispuestos? Hombres que hablan desde su propia masculinidad\u201d <strong>\u2013 Ver\u00f3nica Pallini<\/strong><\/p>\n\n\n\n<figure class=\"wp-block-image size-full\"><img loading=\"lazy\" decoding=\"async\" width=\"1000\" height=\"667\" src=\"https:\/\/sergiolapegue.com\/site\/wp-content\/uploads\/2025\/11\/No-entiendo-a-los-hombres-1.jpg\" alt=\"\" class=\"wp-image-26771\" srcset=\"https:\/\/sergiolapegue.com\/site\/wp-content\/uploads\/2025\/11\/No-entiendo-a-los-hombres-1.jpg 1000w, https:\/\/sergiolapegue.com\/site\/wp-content\/uploads\/2025\/11\/No-entiendo-a-los-hombres-1-300x200.jpg 300w, https:\/\/sergiolapegue.com\/site\/wp-content\/uploads\/2025\/11\/No-entiendo-a-los-hombres-1-768x512.jpg 768w, https:\/\/sergiolapegue.com\/site\/wp-content\/uploads\/2025\/11\/No-entiendo-a-los-hombres-1-630x420.jpg 630w, https:\/\/sergiolapegue.com\/site\/wp-content\/uploads\/2025\/11\/No-entiendo-a-los-hombres-1-696x464.jpg 696w\" sizes=\"auto, (max-width: 1000px) 100vw, 1000px\" \/><\/figure>\n\n\n\n<p><strong>FICHA T\u00c9CNICO ART\u00cdSTICA<\/strong><\/p>\n\n\n\n<p><strong>Autor\u00eda:<\/strong> Ver\u00f3nica Pallini<\/p>\n\n\n\n<p><strong>Elenco:&nbsp;<\/strong>Carles Anglada, Jordi Gil, Miguel Poch, \u00c1ngel Serna, Joan Surinyach<\/p>\n\n\n\n<p><strong>M\u00fasica original:&nbsp;<\/strong>L\u2019aut\u00e8ntica Teatre<\/p>\n\n\n\n<p><strong>Dise\u00f1o de escenograf\u00eda:&nbsp;<\/strong>L\u2019aut\u00e8ntica Teatre<\/p>\n\n\n\n<p><strong>Dise\u00f1o de vestuario:&nbsp;<\/strong>L\u2019aut\u00e8ntica Teatre<\/p>\n\n\n\n<p><strong>Dise\u00f1o sonoro:&nbsp;<\/strong>L\u2019aut\u00e8ntica Teatre<\/p>\n\n\n\n<p><strong>Dise\u00f1o de iluminaci\u00f3n:&nbsp;<\/strong>Mattia Russo<\/p>\n\n\n\n<p><strong>Dise\u00f1o de video:&nbsp;<\/strong>Carlos Daniel Aguilar<\/p>\n\n\n\n<p><strong>Fotograf\u00eda:&nbsp;<\/strong>Lara M. Pascual<\/p>\n\n\n\n<p><strong>Comunicaci\u00f3n:&nbsp;<\/strong>Mutuverr\u00eda PR<\/p>\n\n\n\n<p><strong>Direcci\u00f3n:&nbsp;<\/strong>Ver\u00f3nica Pallini<\/p>\n\n\n\n<p><strong>Duraci\u00f3n:<\/strong> 75 minutos<\/p>\n\n\n\n<p><strong>Clasificaci\u00f3n:<\/strong> Teatro \u2013 Presencial \u2013 Adultos \u2013 Comedia dram\u00e1tica<\/p>\n\n\n\n<p><strong>TEATRO COLISEO PODEST\u00c1 DE LA PLATA<\/strong><\/p>\n\n\n\n<p>Calle 10 N\u00b0 733 \u2013 La Plata \u2013 Buenos Aires \u2013 Argentina<\/p>\n\n\n\n<p>Tel\u00e9fono: 0221 424-8457<\/p>\n\n\n\n<p>Entradas: $ 12.000 \u2013 en boleter\u00eda del teatro o por Plateanet<\/p>\n\n\n\n<p>Funci\u00f3n: Jueves 27 de Noviembre \u2013 20:00 horas<\/p>\n\n\n\n<p><strong>CINE TEATRO EL PLATA<\/strong><\/p>\n\n\n\n<p>Av. Juan Bautista Alberdi 5765 \u2013 Capital Federal \u2013 Buenos Aires \u2013 Argentina<\/p>\n\n\n\n<p>Tel\u00e9fono: 4842-8511<\/p>\n\n\n\n<p>Entradas: $ 15.000 \u2013 en boleter\u00eda del teatro o por Entrada BA<\/p>\n\n\n\n<p>Funciones: S\u00e1bado 29 de Noviembre \u2013 18:00 horas<\/p>\n\n\n\n<p>\u00a0\u00a0\u00a0\u00a0\u00a0\u00a0\u00a0\u00a0\u00a0\u00a0\u00a0\u00a0\u00a0\u00a0 \u00a0 Domingo 30 de Noviembre \u2013 18:00 horas<\/p>\n\n\n\n<p>Gracias Mutuverr\u00eda PR por hacernos llegar la gacetilla de prensa de este espect\u00e1culo. &nbsp;<\/p>\n\n\n\n<figure class=\"wp-block-image size-full is-resized\"><img loading=\"lazy\" decoding=\"async\" width=\"662\" height=\"798\" src=\"https:\/\/sergiolapegue.com\/site\/wp-content\/uploads\/2025\/11\/No-entiendo-a-los-hombres-Veronica-Pallini.png\" alt=\"\" class=\"wp-image-26772\" style=\"width:307px;height:auto\" srcset=\"https:\/\/sergiolapegue.com\/site\/wp-content\/uploads\/2025\/11\/No-entiendo-a-los-hombres-Veronica-Pallini.png 662w, https:\/\/sergiolapegue.com\/site\/wp-content\/uploads\/2025\/11\/No-entiendo-a-los-hombres-Veronica-Pallini-249x300.png 249w, https:\/\/sergiolapegue.com\/site\/wp-content\/uploads\/2025\/11\/No-entiendo-a-los-hombres-Veronica-Pallini-348x420.png 348w\" sizes=\"auto, (max-width: 662px) 100vw, 662px\" \/><\/figure>\n\n\n\n<p><strong>SOBRE VER\u00d3NICA PALLINI<\/strong><\/p>\n\n\n\n<p>Es actriz, directora y doctora en antropolog\u00eda \u2013 especializada en el proceso creativo del actor \u2013 fundadora de la escuela teatral y sala alternativa L&#8217;Aut\u00e8ntica &nbsp;sala de referencia en Barcelona para primeras infancias, desde donde ha podido producir sus propios montajes \u2013 como&nbsp;Yo, sola&nbsp;en 2012 \u2013\u200b y explorar nuevas v\u00edas teatrales que ha sabido plasmar en diferentes art\u00edculos, que abarcan de la din\u00e1mica teatral a la cultural.<\/p>\n\n\n\n<p><strong>Formaci\u00f3n<\/strong><\/p>\n\n\n\n<p>Licenciada en la Escuela de Teatro de Buenos Aires. Contin\u00faa explorando diferentes t\u00e9cnicas de actuaci\u00f3n a caballo de Argentina y en Barcelona.&nbsp;Completa su acervo con t\u00e9cnicas de danza, expresi\u00f3n corporal, sensopercepci\u00f3n, improvisaci\u00f3n, canto y t\u00e9cnica vocal para actores. A esto se le a\u00f1ade una maestr\u00eda en Gesti\u00f3n Cultural y una tesis doctoral en Antropolog\u00eda Social y Cultural por la Universidad de Barcelona.<\/p>\n\n\n\n<p><strong>La Escuelita &#8211; Porta4 &#8211; L&#8217;Aut\u00e8ntica<\/strong><\/p>\n\n\n\n<p>Tras varios viajes a la ciudad desde 2001 se establece en la ciudad condal y se centra en su carrera como pedagoga. En el a\u00f1o 2006 funda La Escuelita, un estudio de formaci\u00f3n teatral en Barcelona que en pocos a\u00f1os (en 2010)<a href=\"https:\/\/es.wikipedia.org\/wiki\/Ver%C3%B3nica_Pallini#cite_note-4\"><sup>[]<\/sup><\/a>\u200b se ampli\u00f3 con una sala de exhibici\u00f3n cerca de la plaza de la Virreina, que recibi\u00f3 el nombre de Porta 4 por ser este el n\u00famero de su calle. Actualmente tras el traslado a la calle de Mart\u00ed n\u00famero 18 en el mismo barrio de Gracia, la escuela y sala tom\u00f3 el nombre de&nbsp;L&#8217;Aut\u00e8ntica&nbsp;(La aut\u00e9ntica), con una programaci\u00f3n espec\u00edfica destinada a la primera infancia.&nbsp;<\/p>\n\n\n\n<p><\/p>\n","protected":false},"excerpt":{"rendered":"<p>Llega desde Barcelona por tres \u00fanicas funciones \u201cNo entiendo a los hombres\u201d, una pieza de teatro documental con actores no profesionales sobre qu\u00e9 significa ser hombre, explicada por hombres. El 98% del texto esc\u00e9nico nace de una investigaci\u00f3n antropol\u00f3gica basada en 50 entrevistas a hombres cisg\u00e9nero en las ciudades de Buenos Aires y Barcelona, junto [&hellip;]<\/p>\n","protected":false},"author":3,"featured_media":26773,"comment_status":"open","ping_status":"closed","sticky":false,"template":"","format":"standard","meta":{"footnotes":""},"categories":[34,35],"tags":[],"class_list":{"0":"post-26770","1":"post","2":"type-post","3":"status-publish","4":"format-standard","5":"has-post-thumbnail","7":"category-arte","8":"category-teatro"},"yoast_head":"<!-- This site is optimized with the Yoast SEO plugin v27.5 - https:\/\/yoast.com\/product\/yoast-seo-wordpress\/ -->\n<title>NO ENTIENDO A LOS HOMBRES - Sergio Lapegue<\/title>\n<meta name=\"robots\" content=\"index, follow, max-snippet:-1, max-image-preview:large, max-video-preview:-1\" \/>\n<link rel=\"canonical\" href=\"https:\/\/sergiolapegue.com\/site\/2025\/11\/17\/no-entiendo-a-los-hombres\/\" \/>\n<meta property=\"og:locale\" content=\"es_ES\" \/>\n<meta property=\"og:type\" content=\"article\" \/>\n<meta property=\"og:title\" content=\"NO ENTIENDO A LOS HOMBRES - Sergio Lapegue\" \/>\n<meta property=\"og:description\" content=\"Llega desde Barcelona por tres \u00fanicas funciones \u201cNo entiendo a los hombres\u201d, una pieza de teatro documental con actores no profesionales sobre qu\u00e9 significa ser hombre, explicada por hombres. El 98% del texto esc\u00e9nico nace de una investigaci\u00f3n antropol\u00f3gica basada en 50 entrevistas a hombres cisg\u00e9nero en las ciudades de Buenos Aires y Barcelona, junto [&hellip;]\" \/>\n<meta property=\"og:url\" content=\"https:\/\/sergiolapegue.com\/site\/2025\/11\/17\/no-entiendo-a-los-hombres\/\" \/>\n<meta property=\"og:site_name\" content=\"Sergio Lapegue\" \/>\n<meta property=\"article:publisher\" content=\"https:\/\/facebook.com\/sergiolapegue\" \/>\n<meta property=\"article:author\" content=\"https:\/\/facebook.com\/danielernesto.montana\" \/>\n<meta property=\"article:published_time\" content=\"2025-11-17T12:00:00+00:00\" \/>\n<meta property=\"og:image\" content=\"https:\/\/sergiolapegue.com\/site\/wp-content\/uploads\/2025\/11\/No-entiendo-a-los-hombres.jpg\" \/>\n\t<meta property=\"og:image:width\" content=\"910\" \/>\n\t<meta property=\"og:image:height\" content=\"1000\" \/>\n\t<meta property=\"og:image:type\" content=\"image\/jpeg\" \/>\n<meta name=\"author\" content=\"Daniel E. Monta\u00f1a\" \/>\n<meta name=\"twitter:card\" content=\"summary_large_image\" \/>\n<meta name=\"twitter:creator\" content=\"@https:\/\/twitter.com\/daner_004\" \/>\n<meta name=\"twitter:site\" content=\"@sergiolapegue\" \/>\n<meta name=\"twitter:label1\" content=\"Escrito por\" \/>\n\t<meta name=\"twitter:data1\" content=\"Daniel E. Monta\u00f1a\" \/>\n\t<meta name=\"twitter:label2\" content=\"Tiempo de lectura\" \/>\n\t<meta name=\"twitter:data2\" content=\"5 minutos\" \/>\n<script type=\"application\/ld+json\" class=\"yoast-schema-graph\">{\"@context\":\"https:\\\/\\\/schema.org\",\"@graph\":[{\"@type\":\"Article\",\"@id\":\"https:\\\/\\\/sergiolapegue.com\\\/site\\\/2025\\\/11\\\/17\\\/no-entiendo-a-los-hombres\\\/#article\",\"isPartOf\":{\"@id\":\"https:\\\/\\\/sergiolapegue.com\\\/site\\\/2025\\\/11\\\/17\\\/no-entiendo-a-los-hombres\\\/\"},\"author\":{\"name\":\"Daniel E. Monta\u00f1a\",\"@id\":\"https:\\\/\\\/sergiolapegue.com\\\/site\\\/#\\\/schema\\\/person\\\/9198e7dbab43c6d74d0fd5399af7c3cd\"},\"headline\":\"NO ENTIENDO A LOS HOMBRES\",\"datePublished\":\"2025-11-17T12:00:00+00:00\",\"mainEntityOfPage\":{\"@id\":\"https:\\\/\\\/sergiolapegue.com\\\/site\\\/2025\\\/11\\\/17\\\/no-entiendo-a-los-hombres\\\/\"},\"wordCount\":915,\"commentCount\":0,\"publisher\":{\"@id\":\"https:\\\/\\\/sergiolapegue.com\\\/site\\\/#\\\/schema\\\/person\\\/083aeceeb0734cd166779ea6c0551a37\"},\"image\":{\"@id\":\"https:\\\/\\\/sergiolapegue.com\\\/site\\\/2025\\\/11\\\/17\\\/no-entiendo-a-los-hombres\\\/#primaryimage\"},\"thumbnailUrl\":\"https:\\\/\\\/sergiolapegue.com\\\/site\\\/wp-content\\\/uploads\\\/2025\\\/11\\\/No-entiendo-a-los-hombres.jpg\",\"articleSection\":[\"Arte\",\"Teatro\"],\"inLanguage\":\"es-AR\",\"potentialAction\":[{\"@type\":\"CommentAction\",\"name\":\"Comment\",\"target\":[\"https:\\\/\\\/sergiolapegue.com\\\/site\\\/2025\\\/11\\\/17\\\/no-entiendo-a-los-hombres\\\/#respond\"]}]},{\"@type\":\"WebPage\",\"@id\":\"https:\\\/\\\/sergiolapegue.com\\\/site\\\/2025\\\/11\\\/17\\\/no-entiendo-a-los-hombres\\\/\",\"url\":\"https:\\\/\\\/sergiolapegue.com\\\/site\\\/2025\\\/11\\\/17\\\/no-entiendo-a-los-hombres\\\/\",\"name\":\"NO ENTIENDO A LOS HOMBRES - Sergio Lapegue\",\"isPartOf\":{\"@id\":\"https:\\\/\\\/sergiolapegue.com\\\/site\\\/#website\"},\"primaryImageOfPage\":{\"@id\":\"https:\\\/\\\/sergiolapegue.com\\\/site\\\/2025\\\/11\\\/17\\\/no-entiendo-a-los-hombres\\\/#primaryimage\"},\"image\":{\"@id\":\"https:\\\/\\\/sergiolapegue.com\\\/site\\\/2025\\\/11\\\/17\\\/no-entiendo-a-los-hombres\\\/#primaryimage\"},\"thumbnailUrl\":\"https:\\\/\\\/sergiolapegue.com\\\/site\\\/wp-content\\\/uploads\\\/2025\\\/11\\\/No-entiendo-a-los-hombres.jpg\",\"datePublished\":\"2025-11-17T12:00:00+00:00\",\"breadcrumb\":{\"@id\":\"https:\\\/\\\/sergiolapegue.com\\\/site\\\/2025\\\/11\\\/17\\\/no-entiendo-a-los-hombres\\\/#breadcrumb\"},\"inLanguage\":\"es-AR\",\"potentialAction\":[{\"@type\":\"ReadAction\",\"target\":[\"https:\\\/\\\/sergiolapegue.com\\\/site\\\/2025\\\/11\\\/17\\\/no-entiendo-a-los-hombres\\\/\"]}]},{\"@type\":\"ImageObject\",\"inLanguage\":\"es-AR\",\"@id\":\"https:\\\/\\\/sergiolapegue.com\\\/site\\\/2025\\\/11\\\/17\\\/no-entiendo-a-los-hombres\\\/#primaryimage\",\"url\":\"https:\\\/\\\/sergiolapegue.com\\\/site\\\/wp-content\\\/uploads\\\/2025\\\/11\\\/No-entiendo-a-los-hombres.jpg\",\"contentUrl\":\"https:\\\/\\\/sergiolapegue.com\\\/site\\\/wp-content\\\/uploads\\\/2025\\\/11\\\/No-entiendo-a-los-hombres.jpg\",\"width\":910,\"height\":1000},{\"@type\":\"BreadcrumbList\",\"@id\":\"https:\\\/\\\/sergiolapegue.com\\\/site\\\/2025\\\/11\\\/17\\\/no-entiendo-a-los-hombres\\\/#breadcrumb\",\"itemListElement\":[{\"@type\":\"ListItem\",\"position\":1,\"name\":\"Inicio\",\"item\":\"https:\\\/\\\/sergiolapegue.com\\\/site\\\/\"},{\"@type\":\"ListItem\",\"position\":2,\"name\":\"NO ENTIENDO A LOS HOMBRES\"}]},{\"@type\":\"WebSite\",\"@id\":\"https:\\\/\\\/sergiolapegue.com\\\/site\\\/#website\",\"url\":\"https:\\\/\\\/sergiolapegue.com\\\/site\\\/\",\"name\":\"Sergio Lapegue\",\"description\":\"Periodista\",\"publisher\":{\"@id\":\"https:\\\/\\\/sergiolapegue.com\\\/site\\\/#\\\/schema\\\/person\\\/083aeceeb0734cd166779ea6c0551a37\"},\"potentialAction\":[{\"@type\":\"SearchAction\",\"target\":{\"@type\":\"EntryPoint\",\"urlTemplate\":\"https:\\\/\\\/sergiolapegue.com\\\/site\\\/?s={search_term_string}\"},\"query-input\":{\"@type\":\"PropertyValueSpecification\",\"valueRequired\":true,\"valueName\":\"search_term_string\"}}],\"inLanguage\":\"es-AR\"},{\"@type\":[\"Person\",\"Organization\"],\"@id\":\"https:\\\/\\\/sergiolapegue.com\\\/site\\\/#\\\/schema\\\/person\\\/083aeceeb0734cd166779ea6c0551a37\",\"name\":\"Sergio Lapegue\",\"image\":{\"@type\":\"ImageObject\",\"inLanguage\":\"es-AR\",\"@id\":\"https:\\\/\\\/sergiolapegue.com\\\/site\\\/wp-content\\\/uploads\\\/2021\\\/04\\\/logo_header-1.png\",\"url\":\"https:\\\/\\\/sergiolapegue.com\\\/site\\\/wp-content\\\/uploads\\\/2021\\\/04\\\/logo_header-1.png\",\"contentUrl\":\"https:\\\/\\\/sergiolapegue.com\\\/site\\\/wp-content\\\/uploads\\\/2021\\\/04\\\/logo_header-1.png\",\"width\":272,\"height\":90,\"caption\":\"Sergio Lapegue\"},\"logo\":{\"@id\":\"https:\\\/\\\/sergiolapegue.com\\\/site\\\/wp-content\\\/uploads\\\/2021\\\/04\\\/logo_header-1.png\"},\"sameAs\":[\"https:\\\/\\\/facebook.com\\\/sergiolapegue\",\"https:\\\/\\\/instagram.com\\\/sergiolapegue\",\"https:\\\/\\\/x.com\\\/https:\\\/\\\/twitter.com\\\/sergiolapegue\"]},{\"@type\":\"Person\",\"@id\":\"https:\\\/\\\/sergiolapegue.com\\\/site\\\/#\\\/schema\\\/person\\\/9198e7dbab43c6d74d0fd5399af7c3cd\",\"name\":\"Daniel E. Monta\u00f1a\",\"image\":{\"@type\":\"ImageObject\",\"inLanguage\":\"es-AR\",\"@id\":\"https:\\\/\\\/sergiolapegue.com\\\/site\\\/wp-content\\\/uploads\\\/2021\\\/04\\\/sl_avatar_Daniel-150x150.jpg\",\"url\":\"https:\\\/\\\/sergiolapegue.com\\\/site\\\/wp-content\\\/uploads\\\/2021\\\/04\\\/sl_avatar_Daniel-150x150.jpg\",\"contentUrl\":\"https:\\\/\\\/sergiolapegue.com\\\/site\\\/wp-content\\\/uploads\\\/2021\\\/04\\\/sl_avatar_Daniel-150x150.jpg\",\"caption\":\"Daniel E. Monta\u00f1a\"},\"sameAs\":[\"https:\\\/\\\/facebook.com\\\/danielernesto.montana\",\"https:\\\/\\\/instagram.com\\\/daniel_montana1961\",\"https:\\\/\\\/x.com\\\/https:\\\/\\\/twitter.com\\\/daner_004\"],\"url\":\"https:\\\/\\\/sergiolapegue.com\\\/site\\\/author\\\/daniel\\\/\"}]}<\/script>\n<!-- \/ Yoast SEO plugin. -->","yoast_head_json":{"title":"NO ENTIENDO A LOS HOMBRES - Sergio Lapegue","robots":{"index":"index","follow":"follow","max-snippet":"max-snippet:-1","max-image-preview":"max-image-preview:large","max-video-preview":"max-video-preview:-1"},"canonical":"https:\/\/sergiolapegue.com\/site\/2025\/11\/17\/no-entiendo-a-los-hombres\/","og_locale":"es_ES","og_type":"article","og_title":"NO ENTIENDO A LOS HOMBRES - Sergio Lapegue","og_description":"Llega desde Barcelona por tres \u00fanicas funciones \u201cNo entiendo a los hombres\u201d, una pieza de teatro documental con actores no profesionales sobre qu\u00e9 significa ser hombre, explicada por hombres. El 98% del texto esc\u00e9nico nace de una investigaci\u00f3n antropol\u00f3gica basada en 50 entrevistas a hombres cisg\u00e9nero en las ciudades de Buenos Aires y Barcelona, junto [&hellip;]","og_url":"https:\/\/sergiolapegue.com\/site\/2025\/11\/17\/no-entiendo-a-los-hombres\/","og_site_name":"Sergio Lapegue","article_publisher":"https:\/\/facebook.com\/sergiolapegue","article_author":"https:\/\/facebook.com\/danielernesto.montana","article_published_time":"2025-11-17T12:00:00+00:00","og_image":[{"width":910,"height":1000,"url":"https:\/\/sergiolapegue.com\/site\/wp-content\/uploads\/2025\/11\/No-entiendo-a-los-hombres.jpg","type":"image\/jpeg"}],"author":"Daniel E. Monta\u00f1a","twitter_card":"summary_large_image","twitter_creator":"@https:\/\/twitter.com\/daner_004","twitter_site":"@sergiolapegue","twitter_misc":{"Escrito por":"Daniel E. Monta\u00f1a","Tiempo de lectura":"5 minutos"},"schema":{"@context":"https:\/\/schema.org","@graph":[{"@type":"Article","@id":"https:\/\/sergiolapegue.com\/site\/2025\/11\/17\/no-entiendo-a-los-hombres\/#article","isPartOf":{"@id":"https:\/\/sergiolapegue.com\/site\/2025\/11\/17\/no-entiendo-a-los-hombres\/"},"author":{"name":"Daniel E. Monta\u00f1a","@id":"https:\/\/sergiolapegue.com\/site\/#\/schema\/person\/9198e7dbab43c6d74d0fd5399af7c3cd"},"headline":"NO ENTIENDO A LOS HOMBRES","datePublished":"2025-11-17T12:00:00+00:00","mainEntityOfPage":{"@id":"https:\/\/sergiolapegue.com\/site\/2025\/11\/17\/no-entiendo-a-los-hombres\/"},"wordCount":915,"commentCount":0,"publisher":{"@id":"https:\/\/sergiolapegue.com\/site\/#\/schema\/person\/083aeceeb0734cd166779ea6c0551a37"},"image":{"@id":"https:\/\/sergiolapegue.com\/site\/2025\/11\/17\/no-entiendo-a-los-hombres\/#primaryimage"},"thumbnailUrl":"https:\/\/sergiolapegue.com\/site\/wp-content\/uploads\/2025\/11\/No-entiendo-a-los-hombres.jpg","articleSection":["Arte","Teatro"],"inLanguage":"es-AR","potentialAction":[{"@type":"CommentAction","name":"Comment","target":["https:\/\/sergiolapegue.com\/site\/2025\/11\/17\/no-entiendo-a-los-hombres\/#respond"]}]},{"@type":"WebPage","@id":"https:\/\/sergiolapegue.com\/site\/2025\/11\/17\/no-entiendo-a-los-hombres\/","url":"https:\/\/sergiolapegue.com\/site\/2025\/11\/17\/no-entiendo-a-los-hombres\/","name":"NO ENTIENDO A LOS HOMBRES - Sergio Lapegue","isPartOf":{"@id":"https:\/\/sergiolapegue.com\/site\/#website"},"primaryImageOfPage":{"@id":"https:\/\/sergiolapegue.com\/site\/2025\/11\/17\/no-entiendo-a-los-hombres\/#primaryimage"},"image":{"@id":"https:\/\/sergiolapegue.com\/site\/2025\/11\/17\/no-entiendo-a-los-hombres\/#primaryimage"},"thumbnailUrl":"https:\/\/sergiolapegue.com\/site\/wp-content\/uploads\/2025\/11\/No-entiendo-a-los-hombres.jpg","datePublished":"2025-11-17T12:00:00+00:00","breadcrumb":{"@id":"https:\/\/sergiolapegue.com\/site\/2025\/11\/17\/no-entiendo-a-los-hombres\/#breadcrumb"},"inLanguage":"es-AR","potentialAction":[{"@type":"ReadAction","target":["https:\/\/sergiolapegue.com\/site\/2025\/11\/17\/no-entiendo-a-los-hombres\/"]}]},{"@type":"ImageObject","inLanguage":"es-AR","@id":"https:\/\/sergiolapegue.com\/site\/2025\/11\/17\/no-entiendo-a-los-hombres\/#primaryimage","url":"https:\/\/sergiolapegue.com\/site\/wp-content\/uploads\/2025\/11\/No-entiendo-a-los-hombres.jpg","contentUrl":"https:\/\/sergiolapegue.com\/site\/wp-content\/uploads\/2025\/11\/No-entiendo-a-los-hombres.jpg","width":910,"height":1000},{"@type":"BreadcrumbList","@id":"https:\/\/sergiolapegue.com\/site\/2025\/11\/17\/no-entiendo-a-los-hombres\/#breadcrumb","itemListElement":[{"@type":"ListItem","position":1,"name":"Inicio","item":"https:\/\/sergiolapegue.com\/site\/"},{"@type":"ListItem","position":2,"name":"NO ENTIENDO A LOS HOMBRES"}]},{"@type":"WebSite","@id":"https:\/\/sergiolapegue.com\/site\/#website","url":"https:\/\/sergiolapegue.com\/site\/","name":"Sergio Lapegue","description":"Periodista","publisher":{"@id":"https:\/\/sergiolapegue.com\/site\/#\/schema\/person\/083aeceeb0734cd166779ea6c0551a37"},"potentialAction":[{"@type":"SearchAction","target":{"@type":"EntryPoint","urlTemplate":"https:\/\/sergiolapegue.com\/site\/?s={search_term_string}"},"query-input":{"@type":"PropertyValueSpecification","valueRequired":true,"valueName":"search_term_string"}}],"inLanguage":"es-AR"},{"@type":["Person","Organization"],"@id":"https:\/\/sergiolapegue.com\/site\/#\/schema\/person\/083aeceeb0734cd166779ea6c0551a37","name":"Sergio Lapegue","image":{"@type":"ImageObject","inLanguage":"es-AR","@id":"https:\/\/sergiolapegue.com\/site\/wp-content\/uploads\/2021\/04\/logo_header-1.png","url":"https:\/\/sergiolapegue.com\/site\/wp-content\/uploads\/2021\/04\/logo_header-1.png","contentUrl":"https:\/\/sergiolapegue.com\/site\/wp-content\/uploads\/2021\/04\/logo_header-1.png","width":272,"height":90,"caption":"Sergio Lapegue"},"logo":{"@id":"https:\/\/sergiolapegue.com\/site\/wp-content\/uploads\/2021\/04\/logo_header-1.png"},"sameAs":["https:\/\/facebook.com\/sergiolapegue","https:\/\/instagram.com\/sergiolapegue","https:\/\/x.com\/https:\/\/twitter.com\/sergiolapegue"]},{"@type":"Person","@id":"https:\/\/sergiolapegue.com\/site\/#\/schema\/person\/9198e7dbab43c6d74d0fd5399af7c3cd","name":"Daniel E. Monta\u00f1a","image":{"@type":"ImageObject","inLanguage":"es-AR","@id":"https:\/\/sergiolapegue.com\/site\/wp-content\/uploads\/2021\/04\/sl_avatar_Daniel-150x150.jpg","url":"https:\/\/sergiolapegue.com\/site\/wp-content\/uploads\/2021\/04\/sl_avatar_Daniel-150x150.jpg","contentUrl":"https:\/\/sergiolapegue.com\/site\/wp-content\/uploads\/2021\/04\/sl_avatar_Daniel-150x150.jpg","caption":"Daniel E. Monta\u00f1a"},"sameAs":["https:\/\/facebook.com\/danielernesto.montana","https:\/\/instagram.com\/daniel_montana1961","https:\/\/x.com\/https:\/\/twitter.com\/daner_004"],"url":"https:\/\/sergiolapegue.com\/site\/author\/daniel\/"}]}},"_links":{"self":[{"href":"https:\/\/sergiolapegue.com\/site\/wp-json\/wp\/v2\/posts\/26770","targetHints":{"allow":["GET"]}}],"collection":[{"href":"https:\/\/sergiolapegue.com\/site\/wp-json\/wp\/v2\/posts"}],"about":[{"href":"https:\/\/sergiolapegue.com\/site\/wp-json\/wp\/v2\/types\/post"}],"author":[{"embeddable":true,"href":"https:\/\/sergiolapegue.com\/site\/wp-json\/wp\/v2\/users\/3"}],"replies":[{"embeddable":true,"href":"https:\/\/sergiolapegue.com\/site\/wp-json\/wp\/v2\/comments?post=26770"}],"version-history":[{"count":1,"href":"https:\/\/sergiolapegue.com\/site\/wp-json\/wp\/v2\/posts\/26770\/revisions"}],"predecessor-version":[{"id":26774,"href":"https:\/\/sergiolapegue.com\/site\/wp-json\/wp\/v2\/posts\/26770\/revisions\/26774"}],"wp:featuredmedia":[{"embeddable":true,"href":"https:\/\/sergiolapegue.com\/site\/wp-json\/wp\/v2\/media\/26773"}],"wp:attachment":[{"href":"https:\/\/sergiolapegue.com\/site\/wp-json\/wp\/v2\/media?parent=26770"}],"wp:term":[{"taxonomy":"category","embeddable":true,"href":"https:\/\/sergiolapegue.com\/site\/wp-json\/wp\/v2\/categories?post=26770"},{"taxonomy":"post_tag","embeddable":true,"href":"https:\/\/sergiolapegue.com\/site\/wp-json\/wp\/v2\/tags?post=26770"}],"curies":[{"name":"wp","href":"https:\/\/api.w.org\/{rel}","templated":true}]}}