{"id":26735,"date":"2025-11-15T09:00:00","date_gmt":"2025-11-15T12:00:00","guid":{"rendered":"https:\/\/sergiolapegue.com\/site\/?p=26735"},"modified":"2025-11-14T01:57:59","modified_gmt":"2025-11-14T04:57:59","slug":"gabriel-moss-presenta-su-nuevo-video-cielo-cuantico-grabado-en-egipto","status":"publish","type":"post","link":"https:\/\/sergiolapegue.com\/site\/2025\/11\/15\/gabriel-moss-presenta-su-nuevo-video-cielo-cuantico-grabado-en-egipto\/","title":{"rendered":"GABRIEL MOSS PRESENTA SU NUEVO VIDEO \u201cCIELO CU\u00c1NTICO\u201d GRABADO EN EGIPTO"},"content":{"rendered":"\n<p>Gabriel Moss, a unos a\u00f1os de llegar a los 70, vuelve a sorprender con un viaje musical y visual \u00fanico.<\/p>\n\n\n\n<p>\u201cCielo Cu\u00e1ntico\u201d es m\u00e1s que una canci\u00f3n: es una experiencia en la que lo rom\u00e1ntico se encuentra con lo espiritual, y la voz polifac\u00e9tica de Gabriel se eleva en medio de paisajes milenarios.<\/p>\n\n\n\n<p>Filmado \u00edntegramente en Egipto, este videoclip nos transporta a un escenario m\u00e1gico, donde las pir\u00e1mides, el desierto y el cielo infinito se convierten en c\u00f3mplices de una historia de amor y trascendencia.<\/p>\n\n\n\n<p>Con cada nota, Moss nos invita a mirar m\u00e1s all\u00e1 de lo cotidiano, a explorar emociones profundas y a conectar con ese universo \u00edntimo que habita en todos nosotros.<br><br><strong>Coros:<\/strong> Clara Ter\u00e1n<\/p>\n\n\n\n<p><strong>Producci\u00f3n y Direcci\u00f3n Musical:<\/strong> Chino Asencio<\/p>\n\n\n\n<p><strong>Producci\u00f3n General:<\/strong> Cristina Torres<\/p>\n\n\n\n<p><strong>Post Producci\u00f3n:<\/strong> Romina Giunta<\/p>\n\n\n\n<p><strong>Comunicaci\u00f3n:<\/strong> AGW Prensa &amp; Desarrollo @agwprensaydesarollo<\/p>\n\n\n\n<figure class=\"wp-block-image size-full is-resized\"><img loading=\"lazy\" decoding=\"async\" width=\"606\" height=\"779\" src=\"https:\/\/sergiolapegue.com\/site\/wp-content\/uploads\/2025\/11\/Gabriel-Moss-presenta-Cielo-Cuantico-1.jpeg\" alt=\"\" class=\"wp-image-26737\" style=\"width:696px;height:auto\" srcset=\"https:\/\/sergiolapegue.com\/site\/wp-content\/uploads\/2025\/11\/Gabriel-Moss-presenta-Cielo-Cuantico-1.jpeg 606w, https:\/\/sergiolapegue.com\/site\/wp-content\/uploads\/2025\/11\/Gabriel-Moss-presenta-Cielo-Cuantico-1-233x300.jpeg 233w, https:\/\/sergiolapegue.com\/site\/wp-content\/uploads\/2025\/11\/Gabriel-Moss-presenta-Cielo-Cuantico-1-327x420.jpeg 327w\" sizes=\"auto, (max-width: 606px) 100vw, 606px\" \/><\/figure>\n\n\n\n<p><strong>UN MENSAJE PARA VIRALIZAR<\/strong><\/p>\n\n\n\n<p>No hay edad para ir tras los sue\u00f1os<\/p>\n\n\n\n<p>Gabriel Moss sabe que la vida hay que disfrutarla y se anima a imponerse nuevos desaf\u00edos. Por eso, durante la pandemia, decidi\u00f3 sumar un poco de m\u00fasica a su carrera profesional que nada tiene que ver con los soles y los bemoles.<\/p>\n\n\n\n<p>Una noche tuvo un sue\u00f1o. En ese sue\u00f1o, que fue muy vivido, Sandro le dictaba la letra y la melod\u00eda de una canci\u00f3n. As\u00ed fue como Gabriel Moss compuso por primera vez.<\/p>\n\n\n\n<p>Y si bien hab\u00eda coqueteado con el piano cuando era m\u00e1s joven, nunca imagin\u00f3 que pasados los 60 se iba a sentir cautivado por melod\u00edas y armon\u00edas.<\/p>\n\n\n\n<p>As\u00ed fue como el encierro obligado por la pandemia se convirti\u00f3 en el puntapi\u00e9 inicial para componer sus propias canciones.<\/p>\n\n\n\n<p>Fueron surgiendo, una tras otra. Hasta que tuvo entre sus manos su primer disco, llamado Entre sue\u00f1os.<\/p>\n\n\n\n<p>\u201cNunca es tarde para empezar algo nuevo. La vida puede ser m\u00e1s corta de lo que uno desea, por eso no hay que perder tiempo y animarse. Por suerte tengo a mi lado a una mujer que me anima y que tampoco le teme a los desaf\u00edos. Y si bien los dos tenemos profesiones alejadas de la m\u00fasica, compartimos las ganas y las energ\u00edas para descubrir nuevos mundos. As\u00ed que despu\u00e9s de so\u00f1arme como compositor me pregunt\u00e9: \u00bfPor qu\u00e9 no? Y me lanc\u00e9 a esta maravillosa aventura\u201d, dice entusiasmado Gabriel Moss, mientras piensa en sus pr\u00f3ximas canciones.<\/p>\n\n\n\n<p>Film\u00f3 videoclips en R\u00edo de Janeiro, Canc\u00fan y en New York, entre otros escenarios. Tambi\u00e9n en Buenos Aires, por supuesto.<\/p>\n\n\n\n<p>Se dio el gusto de tener como invitadas a Adriana Salgueiro y a Ximena Capristo en dos de ellos. Creativo, inquieto y curioso, Gabriel Moss siempre va por m\u00e1s. Ama la musica, el yoga, la ingenieria, la fisica cu\u00e1ntica y viajar por el mundo.<\/p>\n\n\n\n<figure class=\"wp-block-image size-full is-resized\"><img loading=\"lazy\" decoding=\"async\" width=\"601\" height=\"781\" src=\"https:\/\/sergiolapegue.com\/site\/wp-content\/uploads\/2025\/11\/Gabriel-Moss-presenta-Cielo-Cuantico-2.jpeg\" alt=\"\" class=\"wp-image-26738\" style=\"width:696px;height:auto\" srcset=\"https:\/\/sergiolapegue.com\/site\/wp-content\/uploads\/2025\/11\/Gabriel-Moss-presenta-Cielo-Cuantico-2.jpeg 601w, https:\/\/sergiolapegue.com\/site\/wp-content\/uploads\/2025\/11\/Gabriel-Moss-presenta-Cielo-Cuantico-2-231x300.jpeg 231w, https:\/\/sergiolapegue.com\/site\/wp-content\/uploads\/2025\/11\/Gabriel-Moss-presenta-Cielo-Cuantico-2-323x420.jpeg 323w\" sizes=\"auto, (max-width: 601px) 100vw, 601px\" \/><\/figure>\n\n\n\n<p><strong>EN PRIMERA PERSONA<\/strong><\/p>\n\n\n\n<p>\u201cCantar y componer es sentir la magia de poder expresar un sentimiento rom\u00e1ntico que siempre llev\u00e9 en mi coraz\u00f3n\u201d.<\/p>\n\n\n\n<p>\u201cSoy un gran admirador de Sandro, por eso en 2016 publiqu\u00e9 mi primera novela de ficci\u00f3n, llamada La eternidad de la rosa. Es un homenaje al \u00eddolo de toda Am\u00e9rica\u201d.<\/p>\n\n\n\n<p>\u201cSue\u00f1o mis canciones. En ese estado de enso\u00f1aci\u00f3n, los estribillos, las estrofas o parte de la melod\u00eda se presentan espont\u00e1neamente, entonces me levanto y grabo en mi celular todo lo que recuerdo, luego termino de componerlas en mi piano\u201d.<\/p>\n\n\n\n<figure class=\"wp-block-image size-full is-resized\"><img loading=\"lazy\" decoding=\"async\" width=\"632\" height=\"790\" src=\"https:\/\/sergiolapegue.com\/site\/wp-content\/uploads\/2025\/11\/Gabriel-Moss-presenta-Cielo-Cuantico-3.jpg\" alt=\"\" class=\"wp-image-26736\" style=\"width:337px;height:auto\" srcset=\"https:\/\/sergiolapegue.com\/site\/wp-content\/uploads\/2025\/11\/Gabriel-Moss-presenta-Cielo-Cuantico-3.jpg 632w, https:\/\/sergiolapegue.com\/site\/wp-content\/uploads\/2025\/11\/Gabriel-Moss-presenta-Cielo-Cuantico-3-240x300.jpg 240w, https:\/\/sergiolapegue.com\/site\/wp-content\/uploads\/2025\/11\/Gabriel-Moss-presenta-Cielo-Cuantico-3-336x420.jpg 336w\" sizes=\"auto, (max-width: 632px) 100vw, 632px\" \/><\/figure>\n\n\n\n<p><strong>SOBRE GABRIEL MOSS<\/strong><\/p>\n\n\n\n<p>Estudi\u00f3 piano durante su infancia y se recibi\u00f3 de profesor de teor\u00eda y solfeo.<br>Durante el periodo universitario se alej\u00f3 del piano para tocarlo solo ocasionalmente.<\/p>\n\n\n\n<p>Jug\u00f3 durante mucho tiempo al ajedrez, llegando a la 1ra categor\u00eda cuando estaba federado en el club Villa del Parque.<\/p>\n\n\n\n<p>Estudi\u00f3 Ingenier\u00eda y se recibi\u00f3 de Agrimensor.<\/p>\n\n\n\n<p>Escribi\u00f3 numerosos art\u00edculos en diversas revistas; tambi\u00e9n dio charlas de f\u00edsica cu\u00e1ntica.Adem\u00e1s, es amante del Yoga, para \u00e9l, una filosof\u00eda de vida.<\/p>\n\n\n\n<p>Como fan\u00e1tico de Sandro, se sinti\u00f3 muy movilizado por el fallecimiento del gran artista. Ello le despert\u00e9 la necesidad de retomar sus clases de piano y de estudiar canto.<br>A finales de 2020 comenz\u00f3 su carrera musical en forma profesional: public\u00f3 sus primeros singles, y en noviembre de 2021, su primer \u00e1lbum.<\/p>\n\n\n\n<p>Sus videos en YouTube han superado el 1.5 mill\u00f3n de vistas.<\/p>\n\n\n\n<p>Los temas \u201cDi lo que di\u201d y \u201cDame Dame\u201d son anticipo de su segundo disco.<\/p>\n\n\n\n<p>Instagram:&nbsp;<a href=\"https:\/\/www.instagram.com\/gabrielmossmusic\/\" target=\"_blank\" rel=\"noreferrer noopener\">https:\/\/www.instagram.com\/gabrielmossmusic\/<\/a><\/p>\n\n\n\n<p>Gracias AGW Prensa y Desarrollo por hacernos llegar la gacetilla de prensa del nuevo video de Gabriel Moss.<\/p>\n","protected":false},"excerpt":{"rendered":"<p>Gabriel Moss, a unos a\u00f1os de llegar a los 70, vuelve a sorprender con un viaje musical y visual \u00fanico. \u201cCielo Cu\u00e1ntico\u201d es m\u00e1s que una canci\u00f3n: es una experiencia en la que lo rom\u00e1ntico se encuentra con lo espiritual, y la voz polifac\u00e9tica de Gabriel se eleva en medio de paisajes milenarios. Filmado \u00edntegramente [&hellip;]<\/p>\n","protected":false},"author":3,"featured_media":26739,"comment_status":"open","ping_status":"closed","sticky":false,"template":"","format":"standard","meta":{"footnotes":""},"categories":[34,56],"tags":[],"class_list":{"0":"post-26735","1":"post","2":"type-post","3":"status-publish","4":"format-standard","5":"has-post-thumbnail","7":"category-arte","8":"category-musica"},"yoast_head":"<!-- This site is optimized with the Yoast SEO plugin v27.5 - https:\/\/yoast.com\/product\/yoast-seo-wordpress\/ -->\n<title>GABRIEL MOSS PRESENTA SU NUEVO VIDEO \u201cCIELO CU\u00c1NTICO\u201d GRABADO EN EGIPTO - Sergio Lapegue<\/title>\n<meta name=\"robots\" content=\"index, follow, max-snippet:-1, max-image-preview:large, max-video-preview:-1\" \/>\n<link rel=\"canonical\" href=\"https:\/\/sergiolapegue.com\/site\/2025\/11\/15\/gabriel-moss-presenta-su-nuevo-video-cielo-cuantico-grabado-en-egipto\/\" \/>\n<meta property=\"og:locale\" content=\"es_ES\" \/>\n<meta property=\"og:type\" content=\"article\" \/>\n<meta property=\"og:title\" content=\"GABRIEL MOSS PRESENTA SU NUEVO VIDEO \u201cCIELO CU\u00c1NTICO\u201d GRABADO EN EGIPTO - Sergio Lapegue\" \/>\n<meta property=\"og:description\" content=\"Gabriel Moss, a unos a\u00f1os de llegar a los 70, vuelve a sorprender con un viaje musical y visual \u00fanico. \u201cCielo Cu\u00e1ntico\u201d es m\u00e1s que una canci\u00f3n: es una experiencia en la que lo rom\u00e1ntico se encuentra con lo espiritual, y la voz polifac\u00e9tica de Gabriel se eleva en medio de paisajes milenarios. Filmado \u00edntegramente [&hellip;]\" \/>\n<meta property=\"og:url\" content=\"https:\/\/sergiolapegue.com\/site\/2025\/11\/15\/gabriel-moss-presenta-su-nuevo-video-cielo-cuantico-grabado-en-egipto\/\" \/>\n<meta property=\"og:site_name\" content=\"Sergio Lapegue\" \/>\n<meta property=\"article:publisher\" content=\"https:\/\/facebook.com\/sergiolapegue\" \/>\n<meta property=\"article:author\" content=\"https:\/\/facebook.com\/danielernesto.montana\" \/>\n<meta property=\"article:published_time\" content=\"2025-11-15T12:00:00+00:00\" \/>\n<meta property=\"og:image\" content=\"https:\/\/sergiolapegue.com\/site\/wp-content\/uploads\/2025\/11\/Gabriel-Moss-presenta-Cielo-Cuantico.jpeg\" \/>\n\t<meta property=\"og:image:width\" content=\"649\" \/>\n\t<meta property=\"og:image:height\" content=\"671\" \/>\n\t<meta property=\"og:image:type\" content=\"image\/jpeg\" \/>\n<meta name=\"author\" content=\"Daniel E. Monta\u00f1a\" \/>\n<meta name=\"twitter:card\" content=\"summary_large_image\" \/>\n<meta name=\"twitter:creator\" content=\"@https:\/\/twitter.com\/daner_004\" \/>\n<meta name=\"twitter:site\" content=\"@sergiolapegue\" \/>\n<meta name=\"twitter:label1\" content=\"Escrito por\" \/>\n\t<meta name=\"twitter:data1\" content=\"Daniel E. Monta\u00f1a\" \/>\n\t<meta name=\"twitter:label2\" content=\"Tiempo de lectura\" \/>\n\t<meta name=\"twitter:data2\" content=\"5 minutos\" \/>\n<script type=\"application\/ld+json\" class=\"yoast-schema-graph\">{\"@context\":\"https:\\\/\\\/schema.org\",\"@graph\":[{\"@type\":\"Article\",\"@id\":\"https:\\\/\\\/sergiolapegue.com\\\/site\\\/2025\\\/11\\\/15\\\/gabriel-moss-presenta-su-nuevo-video-cielo-cuantico-grabado-en-egipto\\\/#article\",\"isPartOf\":{\"@id\":\"https:\\\/\\\/sergiolapegue.com\\\/site\\\/2025\\\/11\\\/15\\\/gabriel-moss-presenta-su-nuevo-video-cielo-cuantico-grabado-en-egipto\\\/\"},\"author\":{\"name\":\"Daniel E. Monta\u00f1a\",\"@id\":\"https:\\\/\\\/sergiolapegue.com\\\/site\\\/#\\\/schema\\\/person\\\/9198e7dbab43c6d74d0fd5399af7c3cd\"},\"headline\":\"GABRIEL MOSS PRESENTA SU NUEVO VIDEO \u201cCIELO CU\u00c1NTICO\u201d GRABADO EN EGIPTO\",\"datePublished\":\"2025-11-15T12:00:00+00:00\",\"mainEntityOfPage\":{\"@id\":\"https:\\\/\\\/sergiolapegue.com\\\/site\\\/2025\\\/11\\\/15\\\/gabriel-moss-presenta-su-nuevo-video-cielo-cuantico-grabado-en-egipto\\\/\"},\"wordCount\":787,\"commentCount\":0,\"publisher\":{\"@id\":\"https:\\\/\\\/sergiolapegue.com\\\/site\\\/#\\\/schema\\\/person\\\/083aeceeb0734cd166779ea6c0551a37\"},\"image\":{\"@id\":\"https:\\\/\\\/sergiolapegue.com\\\/site\\\/2025\\\/11\\\/15\\\/gabriel-moss-presenta-su-nuevo-video-cielo-cuantico-grabado-en-egipto\\\/#primaryimage\"},\"thumbnailUrl\":\"https:\\\/\\\/sergiolapegue.com\\\/site\\\/wp-content\\\/uploads\\\/2025\\\/11\\\/Gabriel-Moss-presenta-Cielo-Cuantico.jpeg\",\"articleSection\":[\"Arte\",\"M\u00fasica\"],\"inLanguage\":\"es-AR\",\"potentialAction\":[{\"@type\":\"CommentAction\",\"name\":\"Comment\",\"target\":[\"https:\\\/\\\/sergiolapegue.com\\\/site\\\/2025\\\/11\\\/15\\\/gabriel-moss-presenta-su-nuevo-video-cielo-cuantico-grabado-en-egipto\\\/#respond\"]}]},{\"@type\":\"WebPage\",\"@id\":\"https:\\\/\\\/sergiolapegue.com\\\/site\\\/2025\\\/11\\\/15\\\/gabriel-moss-presenta-su-nuevo-video-cielo-cuantico-grabado-en-egipto\\\/\",\"url\":\"https:\\\/\\\/sergiolapegue.com\\\/site\\\/2025\\\/11\\\/15\\\/gabriel-moss-presenta-su-nuevo-video-cielo-cuantico-grabado-en-egipto\\\/\",\"name\":\"GABRIEL MOSS PRESENTA SU NUEVO VIDEO \u201cCIELO CU\u00c1NTICO\u201d GRABADO EN EGIPTO - Sergio Lapegue\",\"isPartOf\":{\"@id\":\"https:\\\/\\\/sergiolapegue.com\\\/site\\\/#website\"},\"primaryImageOfPage\":{\"@id\":\"https:\\\/\\\/sergiolapegue.com\\\/site\\\/2025\\\/11\\\/15\\\/gabriel-moss-presenta-su-nuevo-video-cielo-cuantico-grabado-en-egipto\\\/#primaryimage\"},\"image\":{\"@id\":\"https:\\\/\\\/sergiolapegue.com\\\/site\\\/2025\\\/11\\\/15\\\/gabriel-moss-presenta-su-nuevo-video-cielo-cuantico-grabado-en-egipto\\\/#primaryimage\"},\"thumbnailUrl\":\"https:\\\/\\\/sergiolapegue.com\\\/site\\\/wp-content\\\/uploads\\\/2025\\\/11\\\/Gabriel-Moss-presenta-Cielo-Cuantico.jpeg\",\"datePublished\":\"2025-11-15T12:00:00+00:00\",\"breadcrumb\":{\"@id\":\"https:\\\/\\\/sergiolapegue.com\\\/site\\\/2025\\\/11\\\/15\\\/gabriel-moss-presenta-su-nuevo-video-cielo-cuantico-grabado-en-egipto\\\/#breadcrumb\"},\"inLanguage\":\"es-AR\",\"potentialAction\":[{\"@type\":\"ReadAction\",\"target\":[\"https:\\\/\\\/sergiolapegue.com\\\/site\\\/2025\\\/11\\\/15\\\/gabriel-moss-presenta-su-nuevo-video-cielo-cuantico-grabado-en-egipto\\\/\"]}]},{\"@type\":\"ImageObject\",\"inLanguage\":\"es-AR\",\"@id\":\"https:\\\/\\\/sergiolapegue.com\\\/site\\\/2025\\\/11\\\/15\\\/gabriel-moss-presenta-su-nuevo-video-cielo-cuantico-grabado-en-egipto\\\/#primaryimage\",\"url\":\"https:\\\/\\\/sergiolapegue.com\\\/site\\\/wp-content\\\/uploads\\\/2025\\\/11\\\/Gabriel-Moss-presenta-Cielo-Cuantico.jpeg\",\"contentUrl\":\"https:\\\/\\\/sergiolapegue.com\\\/site\\\/wp-content\\\/uploads\\\/2025\\\/11\\\/Gabriel-Moss-presenta-Cielo-Cuantico.jpeg\",\"width\":649,\"height\":671},{\"@type\":\"BreadcrumbList\",\"@id\":\"https:\\\/\\\/sergiolapegue.com\\\/site\\\/2025\\\/11\\\/15\\\/gabriel-moss-presenta-su-nuevo-video-cielo-cuantico-grabado-en-egipto\\\/#breadcrumb\",\"itemListElement\":[{\"@type\":\"ListItem\",\"position\":1,\"name\":\"Inicio\",\"item\":\"https:\\\/\\\/sergiolapegue.com\\\/site\\\/\"},{\"@type\":\"ListItem\",\"position\":2,\"name\":\"GABRIEL MOSS PRESENTA SU NUEVO VIDEO \u201cCIELO CU\u00c1NTICO\u201d GRABADO EN EGIPTO\"}]},{\"@type\":\"WebSite\",\"@id\":\"https:\\\/\\\/sergiolapegue.com\\\/site\\\/#website\",\"url\":\"https:\\\/\\\/sergiolapegue.com\\\/site\\\/\",\"name\":\"Sergio Lapegue\",\"description\":\"Periodista\",\"publisher\":{\"@id\":\"https:\\\/\\\/sergiolapegue.com\\\/site\\\/#\\\/schema\\\/person\\\/083aeceeb0734cd166779ea6c0551a37\"},\"potentialAction\":[{\"@type\":\"SearchAction\",\"target\":{\"@type\":\"EntryPoint\",\"urlTemplate\":\"https:\\\/\\\/sergiolapegue.com\\\/site\\\/?s={search_term_string}\"},\"query-input\":{\"@type\":\"PropertyValueSpecification\",\"valueRequired\":true,\"valueName\":\"search_term_string\"}}],\"inLanguage\":\"es-AR\"},{\"@type\":[\"Person\",\"Organization\"],\"@id\":\"https:\\\/\\\/sergiolapegue.com\\\/site\\\/#\\\/schema\\\/person\\\/083aeceeb0734cd166779ea6c0551a37\",\"name\":\"Sergio Lapegue\",\"image\":{\"@type\":\"ImageObject\",\"inLanguage\":\"es-AR\",\"@id\":\"https:\\\/\\\/sergiolapegue.com\\\/site\\\/wp-content\\\/uploads\\\/2021\\\/04\\\/logo_header-1.png\",\"url\":\"https:\\\/\\\/sergiolapegue.com\\\/site\\\/wp-content\\\/uploads\\\/2021\\\/04\\\/logo_header-1.png\",\"contentUrl\":\"https:\\\/\\\/sergiolapegue.com\\\/site\\\/wp-content\\\/uploads\\\/2021\\\/04\\\/logo_header-1.png\",\"width\":272,\"height\":90,\"caption\":\"Sergio Lapegue\"},\"logo\":{\"@id\":\"https:\\\/\\\/sergiolapegue.com\\\/site\\\/wp-content\\\/uploads\\\/2021\\\/04\\\/logo_header-1.png\"},\"sameAs\":[\"https:\\\/\\\/facebook.com\\\/sergiolapegue\",\"https:\\\/\\\/instagram.com\\\/sergiolapegue\",\"https:\\\/\\\/x.com\\\/https:\\\/\\\/twitter.com\\\/sergiolapegue\"]},{\"@type\":\"Person\",\"@id\":\"https:\\\/\\\/sergiolapegue.com\\\/site\\\/#\\\/schema\\\/person\\\/9198e7dbab43c6d74d0fd5399af7c3cd\",\"name\":\"Daniel E. Monta\u00f1a\",\"image\":{\"@type\":\"ImageObject\",\"inLanguage\":\"es-AR\",\"@id\":\"https:\\\/\\\/sergiolapegue.com\\\/site\\\/wp-content\\\/uploads\\\/2021\\\/04\\\/sl_avatar_Daniel-150x150.jpg\",\"url\":\"https:\\\/\\\/sergiolapegue.com\\\/site\\\/wp-content\\\/uploads\\\/2021\\\/04\\\/sl_avatar_Daniel-150x150.jpg\",\"contentUrl\":\"https:\\\/\\\/sergiolapegue.com\\\/site\\\/wp-content\\\/uploads\\\/2021\\\/04\\\/sl_avatar_Daniel-150x150.jpg\",\"caption\":\"Daniel E. Monta\u00f1a\"},\"sameAs\":[\"https:\\\/\\\/facebook.com\\\/danielernesto.montana\",\"https:\\\/\\\/instagram.com\\\/daniel_montana1961\",\"https:\\\/\\\/x.com\\\/https:\\\/\\\/twitter.com\\\/daner_004\"],\"url\":\"https:\\\/\\\/sergiolapegue.com\\\/site\\\/author\\\/daniel\\\/\"}]}<\/script>\n<!-- \/ Yoast SEO plugin. -->","yoast_head_json":{"title":"GABRIEL MOSS PRESENTA SU NUEVO VIDEO \u201cCIELO CU\u00c1NTICO\u201d GRABADO EN EGIPTO - Sergio Lapegue","robots":{"index":"index","follow":"follow","max-snippet":"max-snippet:-1","max-image-preview":"max-image-preview:large","max-video-preview":"max-video-preview:-1"},"canonical":"https:\/\/sergiolapegue.com\/site\/2025\/11\/15\/gabriel-moss-presenta-su-nuevo-video-cielo-cuantico-grabado-en-egipto\/","og_locale":"es_ES","og_type":"article","og_title":"GABRIEL MOSS PRESENTA SU NUEVO VIDEO \u201cCIELO CU\u00c1NTICO\u201d GRABADO EN EGIPTO - Sergio Lapegue","og_description":"Gabriel Moss, a unos a\u00f1os de llegar a los 70, vuelve a sorprender con un viaje musical y visual \u00fanico. \u201cCielo Cu\u00e1ntico\u201d es m\u00e1s que una canci\u00f3n: es una experiencia en la que lo rom\u00e1ntico se encuentra con lo espiritual, y la voz polifac\u00e9tica de Gabriel se eleva en medio de paisajes milenarios. Filmado \u00edntegramente [&hellip;]","og_url":"https:\/\/sergiolapegue.com\/site\/2025\/11\/15\/gabriel-moss-presenta-su-nuevo-video-cielo-cuantico-grabado-en-egipto\/","og_site_name":"Sergio Lapegue","article_publisher":"https:\/\/facebook.com\/sergiolapegue","article_author":"https:\/\/facebook.com\/danielernesto.montana","article_published_time":"2025-11-15T12:00:00+00:00","og_image":[{"width":649,"height":671,"url":"https:\/\/sergiolapegue.com\/site\/wp-content\/uploads\/2025\/11\/Gabriel-Moss-presenta-Cielo-Cuantico.jpeg","type":"image\/jpeg"}],"author":"Daniel E. Monta\u00f1a","twitter_card":"summary_large_image","twitter_creator":"@https:\/\/twitter.com\/daner_004","twitter_site":"@sergiolapegue","twitter_misc":{"Escrito por":"Daniel E. Monta\u00f1a","Tiempo de lectura":"5 minutos"},"schema":{"@context":"https:\/\/schema.org","@graph":[{"@type":"Article","@id":"https:\/\/sergiolapegue.com\/site\/2025\/11\/15\/gabriel-moss-presenta-su-nuevo-video-cielo-cuantico-grabado-en-egipto\/#article","isPartOf":{"@id":"https:\/\/sergiolapegue.com\/site\/2025\/11\/15\/gabriel-moss-presenta-su-nuevo-video-cielo-cuantico-grabado-en-egipto\/"},"author":{"name":"Daniel E. Monta\u00f1a","@id":"https:\/\/sergiolapegue.com\/site\/#\/schema\/person\/9198e7dbab43c6d74d0fd5399af7c3cd"},"headline":"GABRIEL MOSS PRESENTA SU NUEVO VIDEO \u201cCIELO CU\u00c1NTICO\u201d GRABADO EN EGIPTO","datePublished":"2025-11-15T12:00:00+00:00","mainEntityOfPage":{"@id":"https:\/\/sergiolapegue.com\/site\/2025\/11\/15\/gabriel-moss-presenta-su-nuevo-video-cielo-cuantico-grabado-en-egipto\/"},"wordCount":787,"commentCount":0,"publisher":{"@id":"https:\/\/sergiolapegue.com\/site\/#\/schema\/person\/083aeceeb0734cd166779ea6c0551a37"},"image":{"@id":"https:\/\/sergiolapegue.com\/site\/2025\/11\/15\/gabriel-moss-presenta-su-nuevo-video-cielo-cuantico-grabado-en-egipto\/#primaryimage"},"thumbnailUrl":"https:\/\/sergiolapegue.com\/site\/wp-content\/uploads\/2025\/11\/Gabriel-Moss-presenta-Cielo-Cuantico.jpeg","articleSection":["Arte","M\u00fasica"],"inLanguage":"es-AR","potentialAction":[{"@type":"CommentAction","name":"Comment","target":["https:\/\/sergiolapegue.com\/site\/2025\/11\/15\/gabriel-moss-presenta-su-nuevo-video-cielo-cuantico-grabado-en-egipto\/#respond"]}]},{"@type":"WebPage","@id":"https:\/\/sergiolapegue.com\/site\/2025\/11\/15\/gabriel-moss-presenta-su-nuevo-video-cielo-cuantico-grabado-en-egipto\/","url":"https:\/\/sergiolapegue.com\/site\/2025\/11\/15\/gabriel-moss-presenta-su-nuevo-video-cielo-cuantico-grabado-en-egipto\/","name":"GABRIEL MOSS PRESENTA SU NUEVO VIDEO \u201cCIELO CU\u00c1NTICO\u201d GRABADO EN EGIPTO - Sergio Lapegue","isPartOf":{"@id":"https:\/\/sergiolapegue.com\/site\/#website"},"primaryImageOfPage":{"@id":"https:\/\/sergiolapegue.com\/site\/2025\/11\/15\/gabriel-moss-presenta-su-nuevo-video-cielo-cuantico-grabado-en-egipto\/#primaryimage"},"image":{"@id":"https:\/\/sergiolapegue.com\/site\/2025\/11\/15\/gabriel-moss-presenta-su-nuevo-video-cielo-cuantico-grabado-en-egipto\/#primaryimage"},"thumbnailUrl":"https:\/\/sergiolapegue.com\/site\/wp-content\/uploads\/2025\/11\/Gabriel-Moss-presenta-Cielo-Cuantico.jpeg","datePublished":"2025-11-15T12:00:00+00:00","breadcrumb":{"@id":"https:\/\/sergiolapegue.com\/site\/2025\/11\/15\/gabriel-moss-presenta-su-nuevo-video-cielo-cuantico-grabado-en-egipto\/#breadcrumb"},"inLanguage":"es-AR","potentialAction":[{"@type":"ReadAction","target":["https:\/\/sergiolapegue.com\/site\/2025\/11\/15\/gabriel-moss-presenta-su-nuevo-video-cielo-cuantico-grabado-en-egipto\/"]}]},{"@type":"ImageObject","inLanguage":"es-AR","@id":"https:\/\/sergiolapegue.com\/site\/2025\/11\/15\/gabriel-moss-presenta-su-nuevo-video-cielo-cuantico-grabado-en-egipto\/#primaryimage","url":"https:\/\/sergiolapegue.com\/site\/wp-content\/uploads\/2025\/11\/Gabriel-Moss-presenta-Cielo-Cuantico.jpeg","contentUrl":"https:\/\/sergiolapegue.com\/site\/wp-content\/uploads\/2025\/11\/Gabriel-Moss-presenta-Cielo-Cuantico.jpeg","width":649,"height":671},{"@type":"BreadcrumbList","@id":"https:\/\/sergiolapegue.com\/site\/2025\/11\/15\/gabriel-moss-presenta-su-nuevo-video-cielo-cuantico-grabado-en-egipto\/#breadcrumb","itemListElement":[{"@type":"ListItem","position":1,"name":"Inicio","item":"https:\/\/sergiolapegue.com\/site\/"},{"@type":"ListItem","position":2,"name":"GABRIEL MOSS PRESENTA SU NUEVO VIDEO \u201cCIELO CU\u00c1NTICO\u201d GRABADO EN EGIPTO"}]},{"@type":"WebSite","@id":"https:\/\/sergiolapegue.com\/site\/#website","url":"https:\/\/sergiolapegue.com\/site\/","name":"Sergio Lapegue","description":"Periodista","publisher":{"@id":"https:\/\/sergiolapegue.com\/site\/#\/schema\/person\/083aeceeb0734cd166779ea6c0551a37"},"potentialAction":[{"@type":"SearchAction","target":{"@type":"EntryPoint","urlTemplate":"https:\/\/sergiolapegue.com\/site\/?s={search_term_string}"},"query-input":{"@type":"PropertyValueSpecification","valueRequired":true,"valueName":"search_term_string"}}],"inLanguage":"es-AR"},{"@type":["Person","Organization"],"@id":"https:\/\/sergiolapegue.com\/site\/#\/schema\/person\/083aeceeb0734cd166779ea6c0551a37","name":"Sergio Lapegue","image":{"@type":"ImageObject","inLanguage":"es-AR","@id":"https:\/\/sergiolapegue.com\/site\/wp-content\/uploads\/2021\/04\/logo_header-1.png","url":"https:\/\/sergiolapegue.com\/site\/wp-content\/uploads\/2021\/04\/logo_header-1.png","contentUrl":"https:\/\/sergiolapegue.com\/site\/wp-content\/uploads\/2021\/04\/logo_header-1.png","width":272,"height":90,"caption":"Sergio Lapegue"},"logo":{"@id":"https:\/\/sergiolapegue.com\/site\/wp-content\/uploads\/2021\/04\/logo_header-1.png"},"sameAs":["https:\/\/facebook.com\/sergiolapegue","https:\/\/instagram.com\/sergiolapegue","https:\/\/x.com\/https:\/\/twitter.com\/sergiolapegue"]},{"@type":"Person","@id":"https:\/\/sergiolapegue.com\/site\/#\/schema\/person\/9198e7dbab43c6d74d0fd5399af7c3cd","name":"Daniel E. Monta\u00f1a","image":{"@type":"ImageObject","inLanguage":"es-AR","@id":"https:\/\/sergiolapegue.com\/site\/wp-content\/uploads\/2021\/04\/sl_avatar_Daniel-150x150.jpg","url":"https:\/\/sergiolapegue.com\/site\/wp-content\/uploads\/2021\/04\/sl_avatar_Daniel-150x150.jpg","contentUrl":"https:\/\/sergiolapegue.com\/site\/wp-content\/uploads\/2021\/04\/sl_avatar_Daniel-150x150.jpg","caption":"Daniel E. Monta\u00f1a"},"sameAs":["https:\/\/facebook.com\/danielernesto.montana","https:\/\/instagram.com\/daniel_montana1961","https:\/\/x.com\/https:\/\/twitter.com\/daner_004"],"url":"https:\/\/sergiolapegue.com\/site\/author\/daniel\/"}]}},"_links":{"self":[{"href":"https:\/\/sergiolapegue.com\/site\/wp-json\/wp\/v2\/posts\/26735","targetHints":{"allow":["GET"]}}],"collection":[{"href":"https:\/\/sergiolapegue.com\/site\/wp-json\/wp\/v2\/posts"}],"about":[{"href":"https:\/\/sergiolapegue.com\/site\/wp-json\/wp\/v2\/types\/post"}],"author":[{"embeddable":true,"href":"https:\/\/sergiolapegue.com\/site\/wp-json\/wp\/v2\/users\/3"}],"replies":[{"embeddable":true,"href":"https:\/\/sergiolapegue.com\/site\/wp-json\/wp\/v2\/comments?post=26735"}],"version-history":[{"count":1,"href":"https:\/\/sergiolapegue.com\/site\/wp-json\/wp\/v2\/posts\/26735\/revisions"}],"predecessor-version":[{"id":26740,"href":"https:\/\/sergiolapegue.com\/site\/wp-json\/wp\/v2\/posts\/26735\/revisions\/26740"}],"wp:featuredmedia":[{"embeddable":true,"href":"https:\/\/sergiolapegue.com\/site\/wp-json\/wp\/v2\/media\/26739"}],"wp:attachment":[{"href":"https:\/\/sergiolapegue.com\/site\/wp-json\/wp\/v2\/media?parent=26735"}],"wp:term":[{"taxonomy":"category","embeddable":true,"href":"https:\/\/sergiolapegue.com\/site\/wp-json\/wp\/v2\/categories?post=26735"},{"taxonomy":"post_tag","embeddable":true,"href":"https:\/\/sergiolapegue.com\/site\/wp-json\/wp\/v2\/tags?post=26735"}],"curies":[{"name":"wp","href":"https:\/\/api.w.org\/{rel}","templated":true}]}}