{"id":26721,"date":"2025-11-14T17:00:00","date_gmt":"2025-11-14T20:00:00","guid":{"rendered":"https:\/\/sergiolapegue.com\/site\/?p=26721"},"modified":"2025-11-14T01:25:37","modified_gmt":"2025-11-14T04:25:37","slug":"lo-mas-destacado-de-la-cuarta-jornada-del-festival-internacional-de-cine-de-mar-del-plata-2025","status":"publish","type":"post","link":"https:\/\/sergiolapegue.com\/site\/2025\/11\/14\/lo-mas-destacado-de-la-cuarta-jornada-del-festival-internacional-de-cine-de-mar-del-plata-2025\/","title":{"rendered":"LO M\u00c1S DESTACADO DE LA CUARTA JORNADA DEL FESTIVAL INTERNACIONAL DE CINE DE MAR DEL PLATA 2025"},"content":{"rendered":"\n<p>El lunes 10 de noviembre la cuadrag\u00e9sima edici\u00f3n, que cuenta con el apoyo de la Secretar\u00eda de Cultura de La Naci\u00f3n, inici\u00f3 con la competencia internacional de largos de la mano de\u00a0Oca, la \u00f3pera prima de la directora, productora y guionista,\u00a0Karla Badillo, en la Sala Astor Piazzolla (Av. Patricio Peralta Ramos 2280).<\/p>\n\n\n\n<p>Respecto a esto, Badillo expres\u00f3:\u00a0\u201cEsta pel\u00edcula me vino de un sue\u00f1o, que no lograba descifrar. Adem\u00e1s, tengo una profunda formaci\u00f3n religiosa, que me permiti\u00f3 indagar en la historia. Yo quer\u00eda ser monja, pero luego con el paso del tiempo fui descubriendo que esa vida es un poco complicada, con limitaciones dentro de la religi\u00f3n\u201d.<\/p>\n\n\n\n<figure class=\"wp-block-image size-large\"><img loading=\"lazy\" decoding=\"async\" width=\"1024\" height=\"453\" src=\"https:\/\/sergiolapegue.com\/site\/wp-content\/uploads\/2025\/11\/Lo-mas-destacado-de-la-cuarta-jornada-del-festival-de-cine-MDQ-2-1024x453.jpg\" alt=\"\" class=\"wp-image-26724\" srcset=\"https:\/\/sergiolapegue.com\/site\/wp-content\/uploads\/2025\/11\/Lo-mas-destacado-de-la-cuarta-jornada-del-festival-de-cine-MDQ-2-1024x453.jpg 1024w, https:\/\/sergiolapegue.com\/site\/wp-content\/uploads\/2025\/11\/Lo-mas-destacado-de-la-cuarta-jornada-del-festival-de-cine-MDQ-2-300x133.jpg 300w, https:\/\/sergiolapegue.com\/site\/wp-content\/uploads\/2025\/11\/Lo-mas-destacado-de-la-cuarta-jornada-del-festival-de-cine-MDQ-2-768x340.jpg 768w, https:\/\/sergiolapegue.com\/site\/wp-content\/uploads\/2025\/11\/Lo-mas-destacado-de-la-cuarta-jornada-del-festival-de-cine-MDQ-2-1536x679.jpg 1536w, https:\/\/sergiolapegue.com\/site\/wp-content\/uploads\/2025\/11\/Lo-mas-destacado-de-la-cuarta-jornada-del-festival-de-cine-MDQ-2-950x420.jpg 950w, https:\/\/sergiolapegue.com\/site\/wp-content\/uploads\/2025\/11\/Lo-mas-destacado-de-la-cuarta-jornada-del-festival-de-cine-MDQ-2-696x308.jpg 696w, https:\/\/sergiolapegue.com\/site\/wp-content\/uploads\/2025\/11\/Lo-mas-destacado-de-la-cuarta-jornada-del-festival-de-cine-MDQ-2-1068x472.jpg 1068w, https:\/\/sergiolapegue.com\/site\/wp-content\/uploads\/2025\/11\/Lo-mas-destacado-de-la-cuarta-jornada-del-festival-de-cine-MDQ-2.jpg 1902w\" sizes=\"auto, (max-width: 1024px) 100vw, 1024px\" \/><\/figure>\n\n\n\n<p>En la secci\u00f3n infantil del festival,\u00a0La luz de Aisha de Shadi Adib<strong>\u00a0<\/strong>dio un grato momento a las familias. La jornada continu\u00f3 con la competencia latinoamericana de largos mediante la proyecci\u00f3n de\u00a03.000 km en bicicleta de Iv\u00e1n Vescovo\u00a0en el Cine Paseo Aldrey (Alberti 2115).\u00a0El documental de Vescovo que cuenta la historia de I\u00f1aki Mazza, un campe\u00f3n ol\u00edmpico de BMX que se retira a sus veinte a\u00f1os, en crisis con el mundo del deporte y consigo mismo tuvo gran concurrencia en la sala, tanto durante la ma\u00f1ana como en la funci\u00f3n de la noche.\u00a0<\/p>\n\n\n\n<p>Hay que resaltar que contin\u00faan las actividades especiales en la Sala Rambla del Casino Central (Av. Patricio Peralta Ramos 2148), en esta oportunidad,\u00a0Hugo Grosso, director de\u00a0Donde comienza el camino, y\u00a0Lorena Yenni, directora de\u00a0Birrilata, una vuelta en tren, abrieron una mesa de di\u00e1logo sobre\u00a0Fernando Birri, y a continuaci\u00f3n, se brind\u00f3 una charla acerca del futuro del\u00a0cine israel\u00ed de la mano de Aviv Ben Shlush\u00a0(productor de Oxygen),\u00a0Jorge Weller\u00a0(director de Hola! Chau&#8230;),\u00a0Elisa Dor\u00a0(guionista de Hola! Chau&#8230;),\u00a0Michal Giladi\u00a0(productora de Estate),\u00a0Yaakov Zada-Daniel\u00a0(Actor de Estate) y\u00a0Hedva Goldschmidt\u00a0(productora de A Letter to David).<\/p>\n\n\n\n<figure class=\"wp-block-image size-large\"><img loading=\"lazy\" decoding=\"async\" width=\"1024\" height=\"449\" src=\"https:\/\/sergiolapegue.com\/site\/wp-content\/uploads\/2025\/11\/Lo-mas-destacado-de-la-cuarta-jornada-del-festival-de-cine-MDQ-3-1024x449.jpg\" alt=\"\" class=\"wp-image-26723\" srcset=\"https:\/\/sergiolapegue.com\/site\/wp-content\/uploads\/2025\/11\/Lo-mas-destacado-de-la-cuarta-jornada-del-festival-de-cine-MDQ-3-1024x449.jpg 1024w, https:\/\/sergiolapegue.com\/site\/wp-content\/uploads\/2025\/11\/Lo-mas-destacado-de-la-cuarta-jornada-del-festival-de-cine-MDQ-3-300x132.jpg 300w, https:\/\/sergiolapegue.com\/site\/wp-content\/uploads\/2025\/11\/Lo-mas-destacado-de-la-cuarta-jornada-del-festival-de-cine-MDQ-3-768x337.jpg 768w, https:\/\/sergiolapegue.com\/site\/wp-content\/uploads\/2025\/11\/Lo-mas-destacado-de-la-cuarta-jornada-del-festival-de-cine-MDQ-3-1536x674.jpg 1536w, https:\/\/sergiolapegue.com\/site\/wp-content\/uploads\/2025\/11\/Lo-mas-destacado-de-la-cuarta-jornada-del-festival-de-cine-MDQ-3-957x420.jpg 957w, https:\/\/sergiolapegue.com\/site\/wp-content\/uploads\/2025\/11\/Lo-mas-destacado-de-la-cuarta-jornada-del-festival-de-cine-MDQ-3-696x305.jpg 696w, https:\/\/sergiolapegue.com\/site\/wp-content\/uploads\/2025\/11\/Lo-mas-destacado-de-la-cuarta-jornada-del-festival-de-cine-MDQ-3-1068x469.jpg 1068w, https:\/\/sergiolapegue.com\/site\/wp-content\/uploads\/2025\/11\/Lo-mas-destacado-de-la-cuarta-jornada-del-festival-de-cine-MDQ-3.jpg 1896w\" sizes=\"auto, (max-width: 1024px) 100vw, 1024px\" \/><\/figure>\n\n\n\n<p>Weser, en la competencia argentina de largos, fue otro de los films del d\u00eda en Alberti 2115, con la presencia del director\u00a0Fernando Spiner, Natalia Spiner, quien se dedic\u00f3 a la m\u00fasica de la pieza audiovisual, y la productora del proyecto, Malena Villafa\u00f1e. Por su parte, el director\u00a0Ricardo M. Jacobo\u00a0comparti\u00f3 parte de su tarde con quienes se acercaron a disfrutar su ficci\u00f3n\u00a0Soy tu mensaje\u00a0en el marco de la secci\u00f3n\u00a0Proyecciones Especiales\u00a0del Festival, donde se relata la vida de Ana y Lucio quienes inventan una religi\u00f3n y fundan un peque\u00f1o culto en una comunidad cerrada y adinerada. Realizan rituales, rezan y trabajan en un huerto donde cultivan una planta psicoactiva para sus ceremonias. Mara, en busca de su hermano Dami\u00e1n, se une a la comunidad. Inicialmente id\u00edlico, el culto revela un lado oscuro. Mara conecta con Lucio tras consumir el polen de la planta, alucina y descubre el siniestro plan de Ana. Al intentar escapar, descubre el fin del mundo.\u00a0El cineasta y compositor musical declar\u00f3 ante los presentes:\u00a0\u201cEstoy muy contento de estar ac\u00e1, es la primera vez que esta obra se ver\u00e1 en Argentina. Adem\u00e1s, quiero agradecer a parte del equipo que hoy nos acompa\u00f1an\u201d.\u00a0<\/p>\n\n\n\n<p>La noche cerr\u00f3 con la presentaci\u00f3n de\u00a0Hola! Chau&#8230;\u00a0de\u00a0Jorge Weller\u00a0y una nueva proyecci\u00f3n de\u00a0The Rocky Horror Picture Show\u00a0y\u00a03. 000 km en bicicleta.<\/p>\n\n\n\n<figure class=\"wp-block-image size-large\"><img loading=\"lazy\" decoding=\"async\" width=\"1024\" height=\"446\" src=\"https:\/\/sergiolapegue.com\/site\/wp-content\/uploads\/2025\/11\/Lo-mas-destacado-de-la-cuarta-jornada-del-festival-de-cine-MDQ-4-1024x446.jpg\" alt=\"\" class=\"wp-image-26722\" srcset=\"https:\/\/sergiolapegue.com\/site\/wp-content\/uploads\/2025\/11\/Lo-mas-destacado-de-la-cuarta-jornada-del-festival-de-cine-MDQ-4-1024x446.jpg 1024w, https:\/\/sergiolapegue.com\/site\/wp-content\/uploads\/2025\/11\/Lo-mas-destacado-de-la-cuarta-jornada-del-festival-de-cine-MDQ-4-300x131.jpg 300w, https:\/\/sergiolapegue.com\/site\/wp-content\/uploads\/2025\/11\/Lo-mas-destacado-de-la-cuarta-jornada-del-festival-de-cine-MDQ-4-768x335.jpg 768w, https:\/\/sergiolapegue.com\/site\/wp-content\/uploads\/2025\/11\/Lo-mas-destacado-de-la-cuarta-jornada-del-festival-de-cine-MDQ-4-1536x670.jpg 1536w, https:\/\/sergiolapegue.com\/site\/wp-content\/uploads\/2025\/11\/Lo-mas-destacado-de-la-cuarta-jornada-del-festival-de-cine-MDQ-4-964x420.jpg 964w, https:\/\/sergiolapegue.com\/site\/wp-content\/uploads\/2025\/11\/Lo-mas-destacado-de-la-cuarta-jornada-del-festival-de-cine-MDQ-4-696x303.jpg 696w, https:\/\/sergiolapegue.com\/site\/wp-content\/uploads\/2025\/11\/Lo-mas-destacado-de-la-cuarta-jornada-del-festival-de-cine-MDQ-4-1068x466.jpg 1068w, https:\/\/sergiolapegue.com\/site\/wp-content\/uploads\/2025\/11\/Lo-mas-destacado-de-la-cuarta-jornada-del-festival-de-cine-MDQ-4.jpg 1895w\" sizes=\"auto, (max-width: 1024px) 100vw, 1024px\" \/><\/figure>\n\n\n\n<p><strong>RISA Y LA CABINA DEL VIENTO&nbsp;<\/strong><\/p>\n\n\n\n<p>La pel\u00edcula&nbsp;Risa y la cabina del viento&nbsp;es un drama que aborda la p\u00e9rdida y el descubrimiento a trav\u00e9s de los ojos de una ni\u00f1a. El film fue producido por Netflix y se estrenar\u00e1 en cines argentinos en 2026.<\/p>\n\n\n\n<p>La trama sigue a Risa, una ni\u00f1a de 10 a\u00f1os que, tras perder tr\u00e1gicamente a su padre en un incendio, descubre un tel\u00e9fono p\u00fablico fuera de servicio. Misteriosamente, este tel\u00e9fono le permite comunicarse con su padre fallecido, quien parece estar atrapado en la cabina del viento, un lugar metaf\u00f3rico o real donde las almas esperan su destino final.<\/p>\n\n\n\n<p><a href=\"https:\/\/tpagencia.tr.pemsv01.net\/c\/eyJhIjoidHBhZ2VuY2lhIiwibSI6Im1haWxfY21odGZnOWx1ZWFqNTA4MjBzeHM5NmxxNCIsImwiOiJsaW5rXzM3OTE3MmMwNzE3ZTE5YzFiNjJmZjk5NDIyNGFjYzY4MGZkNmMxNDhfZmM4ZDk2IiwiaSI6W10sInUiOiJodHRwczovL3d3dy5tYXJkZWxwbGF0YWZpbG1mZXN0LmNvbS80MC8_dXRtX3NvdXJjZT1wZXJmaXQmdXRtX21lZGl1bT1lbWFpbCZ1dG1fY2FtcGFpZ249OSUyMC0lMjAxMSUyMEZFU1RJVkFMJTIwREUlMjBDSU5FJTIwTURRJTIwMjAyNSIsImMiOiIiLCJoIjoiZTE4MjRlIn0\" target=\"_blank\" rel=\"noreferrer noopener\">PAGINA OFICIAL DEL FESTIVAL DE CINE DE MAR DEL PLATA 2025<\/a><\/p>\n\n\n\n<p>Gracias Tommy Pashkus Agencia por acercarnos la gacetilla de prensa con toda la informaci\u00f3n del Festival de Cine de Mar del Plata 2025.<\/p>\n\n\n\n<p><\/p>\n","protected":false},"excerpt":{"rendered":"<p>El lunes 10 de noviembre la cuadrag\u00e9sima edici\u00f3n, que cuenta con el apoyo de la Secretar\u00eda de Cultura de La Naci\u00f3n, inici\u00f3 con la competencia internacional de largos de la mano de\u00a0Oca, la \u00f3pera prima de la directora, productora y guionista,\u00a0Karla Badillo, en la Sala Astor Piazzolla (Av. Patricio Peralta Ramos 2280). Respecto a esto, [&hellip;]<\/p>\n","protected":false},"author":3,"featured_media":26725,"comment_status":"open","ping_status":"closed","sticky":false,"template":"","format":"standard","meta":{"footnotes":""},"categories":[34,36],"tags":[],"class_list":{"0":"post-26721","1":"post","2":"type-post","3":"status-publish","4":"format-standard","5":"has-post-thumbnail","7":"category-arte","8":"category-cine"},"yoast_head":"<!-- This site is optimized with the Yoast SEO plugin v27.5 - https:\/\/yoast.com\/product\/yoast-seo-wordpress\/ -->\n<title>LO M\u00c1S DESTACADO DE LA CUARTA JORNADA DEL FESTIVAL INTERNACIONAL DE CINE DE MAR DEL PLATA 2025 - Sergio Lapegue<\/title>\n<meta name=\"robots\" content=\"index, follow, max-snippet:-1, max-image-preview:large, max-video-preview:-1\" \/>\n<link rel=\"canonical\" href=\"https:\/\/sergiolapegue.com\/site\/2025\/11\/14\/lo-mas-destacado-de-la-cuarta-jornada-del-festival-internacional-de-cine-de-mar-del-plata-2025\/\" \/>\n<meta property=\"og:locale\" content=\"es_ES\" \/>\n<meta property=\"og:type\" content=\"article\" \/>\n<meta property=\"og:title\" content=\"LO M\u00c1S DESTACADO DE LA CUARTA JORNADA DEL FESTIVAL INTERNACIONAL DE CINE DE MAR DEL PLATA 2025 - Sergio Lapegue\" \/>\n<meta property=\"og:description\" content=\"El lunes 10 de noviembre la cuadrag\u00e9sima edici\u00f3n, que cuenta con el apoyo de la Secretar\u00eda de Cultura de La Naci\u00f3n, inici\u00f3 con la competencia internacional de largos de la mano de\u00a0Oca, la \u00f3pera prima de la directora, productora y guionista,\u00a0Karla Badillo, en la Sala Astor Piazzolla (Av. Patricio Peralta Ramos 2280). Respecto a esto, [&hellip;]\" \/>\n<meta property=\"og:url\" content=\"https:\/\/sergiolapegue.com\/site\/2025\/11\/14\/lo-mas-destacado-de-la-cuarta-jornada-del-festival-internacional-de-cine-de-mar-del-plata-2025\/\" \/>\n<meta property=\"og:site_name\" content=\"Sergio Lapegue\" \/>\n<meta property=\"article:publisher\" content=\"https:\/\/facebook.com\/sergiolapegue\" \/>\n<meta property=\"article:author\" content=\"https:\/\/facebook.com\/danielernesto.montana\" \/>\n<meta property=\"article:published_time\" content=\"2025-11-14T20:00:00+00:00\" \/>\n<meta property=\"og:image\" content=\"https:\/\/sergiolapegue.com\/site\/wp-content\/uploads\/2025\/11\/Lo-mas-destacado-de-la-cuarta-jornada-del-festival-de-cine-MDQ.-copia.jpg\" \/>\n\t<meta property=\"og:image:width\" content=\"1000\" \/>\n\t<meta property=\"og:image:height\" content=\"689\" \/>\n\t<meta property=\"og:image:type\" content=\"image\/jpeg\" \/>\n<meta name=\"author\" content=\"Daniel E. Monta\u00f1a\" \/>\n<meta name=\"twitter:card\" content=\"summary_large_image\" \/>\n<meta name=\"twitter:creator\" content=\"@https:\/\/twitter.com\/daner_004\" \/>\n<meta name=\"twitter:site\" content=\"@sergiolapegue\" \/>\n<meta name=\"twitter:label1\" content=\"Escrito por\" \/>\n\t<meta name=\"twitter:data1\" content=\"Daniel E. Monta\u00f1a\" \/>\n\t<meta name=\"twitter:label2\" content=\"Tiempo de lectura\" \/>\n\t<meta name=\"twitter:data2\" content=\"4 minutos\" \/>\n<script type=\"application\/ld+json\" class=\"yoast-schema-graph\">{\"@context\":\"https:\\\/\\\/schema.org\",\"@graph\":[{\"@type\":\"Article\",\"@id\":\"https:\\\/\\\/sergiolapegue.com\\\/site\\\/2025\\\/11\\\/14\\\/lo-mas-destacado-de-la-cuarta-jornada-del-festival-internacional-de-cine-de-mar-del-plata-2025\\\/#article\",\"isPartOf\":{\"@id\":\"https:\\\/\\\/sergiolapegue.com\\\/site\\\/2025\\\/11\\\/14\\\/lo-mas-destacado-de-la-cuarta-jornada-del-festival-internacional-de-cine-de-mar-del-plata-2025\\\/\"},\"author\":{\"name\":\"Daniel E. Monta\u00f1a\",\"@id\":\"https:\\\/\\\/sergiolapegue.com\\\/site\\\/#\\\/schema\\\/person\\\/9198e7dbab43c6d74d0fd5399af7c3cd\"},\"headline\":\"LO M\u00c1S DESTACADO DE LA CUARTA JORNADA DEL FESTIVAL INTERNACIONAL DE CINE DE MAR DEL PLATA 2025\",\"datePublished\":\"2025-11-14T20:00:00+00:00\",\"mainEntityOfPage\":{\"@id\":\"https:\\\/\\\/sergiolapegue.com\\\/site\\\/2025\\\/11\\\/14\\\/lo-mas-destacado-de-la-cuarta-jornada-del-festival-internacional-de-cine-de-mar-del-plata-2025\\\/\"},\"wordCount\":731,\"commentCount\":0,\"publisher\":{\"@id\":\"https:\\\/\\\/sergiolapegue.com\\\/site\\\/#\\\/schema\\\/person\\\/083aeceeb0734cd166779ea6c0551a37\"},\"image\":{\"@id\":\"https:\\\/\\\/sergiolapegue.com\\\/site\\\/2025\\\/11\\\/14\\\/lo-mas-destacado-de-la-cuarta-jornada-del-festival-internacional-de-cine-de-mar-del-plata-2025\\\/#primaryimage\"},\"thumbnailUrl\":\"https:\\\/\\\/sergiolapegue.com\\\/site\\\/wp-content\\\/uploads\\\/2025\\\/11\\\/Lo-mas-destacado-de-la-cuarta-jornada-del-festival-de-cine-MDQ.-copia.jpg\",\"articleSection\":[\"Arte\",\"Cine\"],\"inLanguage\":\"es-AR\",\"potentialAction\":[{\"@type\":\"CommentAction\",\"name\":\"Comment\",\"target\":[\"https:\\\/\\\/sergiolapegue.com\\\/site\\\/2025\\\/11\\\/14\\\/lo-mas-destacado-de-la-cuarta-jornada-del-festival-internacional-de-cine-de-mar-del-plata-2025\\\/#respond\"]}]},{\"@type\":\"WebPage\",\"@id\":\"https:\\\/\\\/sergiolapegue.com\\\/site\\\/2025\\\/11\\\/14\\\/lo-mas-destacado-de-la-cuarta-jornada-del-festival-internacional-de-cine-de-mar-del-plata-2025\\\/\",\"url\":\"https:\\\/\\\/sergiolapegue.com\\\/site\\\/2025\\\/11\\\/14\\\/lo-mas-destacado-de-la-cuarta-jornada-del-festival-internacional-de-cine-de-mar-del-plata-2025\\\/\",\"name\":\"LO M\u00c1S DESTACADO DE LA CUARTA JORNADA DEL FESTIVAL INTERNACIONAL DE CINE DE MAR DEL PLATA 2025 - Sergio Lapegue\",\"isPartOf\":{\"@id\":\"https:\\\/\\\/sergiolapegue.com\\\/site\\\/#website\"},\"primaryImageOfPage\":{\"@id\":\"https:\\\/\\\/sergiolapegue.com\\\/site\\\/2025\\\/11\\\/14\\\/lo-mas-destacado-de-la-cuarta-jornada-del-festival-internacional-de-cine-de-mar-del-plata-2025\\\/#primaryimage\"},\"image\":{\"@id\":\"https:\\\/\\\/sergiolapegue.com\\\/site\\\/2025\\\/11\\\/14\\\/lo-mas-destacado-de-la-cuarta-jornada-del-festival-internacional-de-cine-de-mar-del-plata-2025\\\/#primaryimage\"},\"thumbnailUrl\":\"https:\\\/\\\/sergiolapegue.com\\\/site\\\/wp-content\\\/uploads\\\/2025\\\/11\\\/Lo-mas-destacado-de-la-cuarta-jornada-del-festival-de-cine-MDQ.-copia.jpg\",\"datePublished\":\"2025-11-14T20:00:00+00:00\",\"breadcrumb\":{\"@id\":\"https:\\\/\\\/sergiolapegue.com\\\/site\\\/2025\\\/11\\\/14\\\/lo-mas-destacado-de-la-cuarta-jornada-del-festival-internacional-de-cine-de-mar-del-plata-2025\\\/#breadcrumb\"},\"inLanguage\":\"es-AR\",\"potentialAction\":[{\"@type\":\"ReadAction\",\"target\":[\"https:\\\/\\\/sergiolapegue.com\\\/site\\\/2025\\\/11\\\/14\\\/lo-mas-destacado-de-la-cuarta-jornada-del-festival-internacional-de-cine-de-mar-del-plata-2025\\\/\"]}]},{\"@type\":\"ImageObject\",\"inLanguage\":\"es-AR\",\"@id\":\"https:\\\/\\\/sergiolapegue.com\\\/site\\\/2025\\\/11\\\/14\\\/lo-mas-destacado-de-la-cuarta-jornada-del-festival-internacional-de-cine-de-mar-del-plata-2025\\\/#primaryimage\",\"url\":\"https:\\\/\\\/sergiolapegue.com\\\/site\\\/wp-content\\\/uploads\\\/2025\\\/11\\\/Lo-mas-destacado-de-la-cuarta-jornada-del-festival-de-cine-MDQ.-copia.jpg\",\"contentUrl\":\"https:\\\/\\\/sergiolapegue.com\\\/site\\\/wp-content\\\/uploads\\\/2025\\\/11\\\/Lo-mas-destacado-de-la-cuarta-jornada-del-festival-de-cine-MDQ.-copia.jpg\",\"width\":1000,\"height\":689},{\"@type\":\"BreadcrumbList\",\"@id\":\"https:\\\/\\\/sergiolapegue.com\\\/site\\\/2025\\\/11\\\/14\\\/lo-mas-destacado-de-la-cuarta-jornada-del-festival-internacional-de-cine-de-mar-del-plata-2025\\\/#breadcrumb\",\"itemListElement\":[{\"@type\":\"ListItem\",\"position\":1,\"name\":\"Inicio\",\"item\":\"https:\\\/\\\/sergiolapegue.com\\\/site\\\/\"},{\"@type\":\"ListItem\",\"position\":2,\"name\":\"LO M\u00c1S DESTACADO DE LA CUARTA JORNADA DEL FESTIVAL INTERNACIONAL DE CINE DE MAR DEL PLATA 2025\"}]},{\"@type\":\"WebSite\",\"@id\":\"https:\\\/\\\/sergiolapegue.com\\\/site\\\/#website\",\"url\":\"https:\\\/\\\/sergiolapegue.com\\\/site\\\/\",\"name\":\"Sergio Lapegue\",\"description\":\"Periodista\",\"publisher\":{\"@id\":\"https:\\\/\\\/sergiolapegue.com\\\/site\\\/#\\\/schema\\\/person\\\/083aeceeb0734cd166779ea6c0551a37\"},\"potentialAction\":[{\"@type\":\"SearchAction\",\"target\":{\"@type\":\"EntryPoint\",\"urlTemplate\":\"https:\\\/\\\/sergiolapegue.com\\\/site\\\/?s={search_term_string}\"},\"query-input\":{\"@type\":\"PropertyValueSpecification\",\"valueRequired\":true,\"valueName\":\"search_term_string\"}}],\"inLanguage\":\"es-AR\"},{\"@type\":[\"Person\",\"Organization\"],\"@id\":\"https:\\\/\\\/sergiolapegue.com\\\/site\\\/#\\\/schema\\\/person\\\/083aeceeb0734cd166779ea6c0551a37\",\"name\":\"Sergio Lapegue\",\"image\":{\"@type\":\"ImageObject\",\"inLanguage\":\"es-AR\",\"@id\":\"https:\\\/\\\/sergiolapegue.com\\\/site\\\/wp-content\\\/uploads\\\/2021\\\/04\\\/logo_header-1.png\",\"url\":\"https:\\\/\\\/sergiolapegue.com\\\/site\\\/wp-content\\\/uploads\\\/2021\\\/04\\\/logo_header-1.png\",\"contentUrl\":\"https:\\\/\\\/sergiolapegue.com\\\/site\\\/wp-content\\\/uploads\\\/2021\\\/04\\\/logo_header-1.png\",\"width\":272,\"height\":90,\"caption\":\"Sergio Lapegue\"},\"logo\":{\"@id\":\"https:\\\/\\\/sergiolapegue.com\\\/site\\\/wp-content\\\/uploads\\\/2021\\\/04\\\/logo_header-1.png\"},\"sameAs\":[\"https:\\\/\\\/facebook.com\\\/sergiolapegue\",\"https:\\\/\\\/instagram.com\\\/sergiolapegue\",\"https:\\\/\\\/x.com\\\/https:\\\/\\\/twitter.com\\\/sergiolapegue\"]},{\"@type\":\"Person\",\"@id\":\"https:\\\/\\\/sergiolapegue.com\\\/site\\\/#\\\/schema\\\/person\\\/9198e7dbab43c6d74d0fd5399af7c3cd\",\"name\":\"Daniel E. Monta\u00f1a\",\"image\":{\"@type\":\"ImageObject\",\"inLanguage\":\"es-AR\",\"@id\":\"https:\\\/\\\/sergiolapegue.com\\\/site\\\/wp-content\\\/uploads\\\/2021\\\/04\\\/sl_avatar_Daniel-150x150.jpg\",\"url\":\"https:\\\/\\\/sergiolapegue.com\\\/site\\\/wp-content\\\/uploads\\\/2021\\\/04\\\/sl_avatar_Daniel-150x150.jpg\",\"contentUrl\":\"https:\\\/\\\/sergiolapegue.com\\\/site\\\/wp-content\\\/uploads\\\/2021\\\/04\\\/sl_avatar_Daniel-150x150.jpg\",\"caption\":\"Daniel E. Monta\u00f1a\"},\"sameAs\":[\"https:\\\/\\\/facebook.com\\\/danielernesto.montana\",\"https:\\\/\\\/instagram.com\\\/daniel_montana1961\",\"https:\\\/\\\/x.com\\\/https:\\\/\\\/twitter.com\\\/daner_004\"],\"url\":\"https:\\\/\\\/sergiolapegue.com\\\/site\\\/author\\\/daniel\\\/\"}]}<\/script>\n<!-- \/ Yoast SEO plugin. -->","yoast_head_json":{"title":"LO M\u00c1S DESTACADO DE LA CUARTA JORNADA DEL FESTIVAL INTERNACIONAL DE CINE DE MAR DEL PLATA 2025 - Sergio Lapegue","robots":{"index":"index","follow":"follow","max-snippet":"max-snippet:-1","max-image-preview":"max-image-preview:large","max-video-preview":"max-video-preview:-1"},"canonical":"https:\/\/sergiolapegue.com\/site\/2025\/11\/14\/lo-mas-destacado-de-la-cuarta-jornada-del-festival-internacional-de-cine-de-mar-del-plata-2025\/","og_locale":"es_ES","og_type":"article","og_title":"LO M\u00c1S DESTACADO DE LA CUARTA JORNADA DEL FESTIVAL INTERNACIONAL DE CINE DE MAR DEL PLATA 2025 - Sergio Lapegue","og_description":"El lunes 10 de noviembre la cuadrag\u00e9sima edici\u00f3n, que cuenta con el apoyo de la Secretar\u00eda de Cultura de La Naci\u00f3n, inici\u00f3 con la competencia internacional de largos de la mano de\u00a0Oca, la \u00f3pera prima de la directora, productora y guionista,\u00a0Karla Badillo, en la Sala Astor Piazzolla (Av. Patricio Peralta Ramos 2280). Respecto a esto, [&hellip;]","og_url":"https:\/\/sergiolapegue.com\/site\/2025\/11\/14\/lo-mas-destacado-de-la-cuarta-jornada-del-festival-internacional-de-cine-de-mar-del-plata-2025\/","og_site_name":"Sergio Lapegue","article_publisher":"https:\/\/facebook.com\/sergiolapegue","article_author":"https:\/\/facebook.com\/danielernesto.montana","article_published_time":"2025-11-14T20:00:00+00:00","og_image":[{"width":1000,"height":689,"url":"https:\/\/sergiolapegue.com\/site\/wp-content\/uploads\/2025\/11\/Lo-mas-destacado-de-la-cuarta-jornada-del-festival-de-cine-MDQ.-copia.jpg","type":"image\/jpeg"}],"author":"Daniel E. Monta\u00f1a","twitter_card":"summary_large_image","twitter_creator":"@https:\/\/twitter.com\/daner_004","twitter_site":"@sergiolapegue","twitter_misc":{"Escrito por":"Daniel E. Monta\u00f1a","Tiempo de lectura":"4 minutos"},"schema":{"@context":"https:\/\/schema.org","@graph":[{"@type":"Article","@id":"https:\/\/sergiolapegue.com\/site\/2025\/11\/14\/lo-mas-destacado-de-la-cuarta-jornada-del-festival-internacional-de-cine-de-mar-del-plata-2025\/#article","isPartOf":{"@id":"https:\/\/sergiolapegue.com\/site\/2025\/11\/14\/lo-mas-destacado-de-la-cuarta-jornada-del-festival-internacional-de-cine-de-mar-del-plata-2025\/"},"author":{"name":"Daniel E. Monta\u00f1a","@id":"https:\/\/sergiolapegue.com\/site\/#\/schema\/person\/9198e7dbab43c6d74d0fd5399af7c3cd"},"headline":"LO M\u00c1S DESTACADO DE LA CUARTA JORNADA DEL FESTIVAL INTERNACIONAL DE CINE DE MAR DEL PLATA 2025","datePublished":"2025-11-14T20:00:00+00:00","mainEntityOfPage":{"@id":"https:\/\/sergiolapegue.com\/site\/2025\/11\/14\/lo-mas-destacado-de-la-cuarta-jornada-del-festival-internacional-de-cine-de-mar-del-plata-2025\/"},"wordCount":731,"commentCount":0,"publisher":{"@id":"https:\/\/sergiolapegue.com\/site\/#\/schema\/person\/083aeceeb0734cd166779ea6c0551a37"},"image":{"@id":"https:\/\/sergiolapegue.com\/site\/2025\/11\/14\/lo-mas-destacado-de-la-cuarta-jornada-del-festival-internacional-de-cine-de-mar-del-plata-2025\/#primaryimage"},"thumbnailUrl":"https:\/\/sergiolapegue.com\/site\/wp-content\/uploads\/2025\/11\/Lo-mas-destacado-de-la-cuarta-jornada-del-festival-de-cine-MDQ.-copia.jpg","articleSection":["Arte","Cine"],"inLanguage":"es-AR","potentialAction":[{"@type":"CommentAction","name":"Comment","target":["https:\/\/sergiolapegue.com\/site\/2025\/11\/14\/lo-mas-destacado-de-la-cuarta-jornada-del-festival-internacional-de-cine-de-mar-del-plata-2025\/#respond"]}]},{"@type":"WebPage","@id":"https:\/\/sergiolapegue.com\/site\/2025\/11\/14\/lo-mas-destacado-de-la-cuarta-jornada-del-festival-internacional-de-cine-de-mar-del-plata-2025\/","url":"https:\/\/sergiolapegue.com\/site\/2025\/11\/14\/lo-mas-destacado-de-la-cuarta-jornada-del-festival-internacional-de-cine-de-mar-del-plata-2025\/","name":"LO M\u00c1S DESTACADO DE LA CUARTA JORNADA DEL FESTIVAL INTERNACIONAL DE CINE DE MAR DEL PLATA 2025 - Sergio Lapegue","isPartOf":{"@id":"https:\/\/sergiolapegue.com\/site\/#website"},"primaryImageOfPage":{"@id":"https:\/\/sergiolapegue.com\/site\/2025\/11\/14\/lo-mas-destacado-de-la-cuarta-jornada-del-festival-internacional-de-cine-de-mar-del-plata-2025\/#primaryimage"},"image":{"@id":"https:\/\/sergiolapegue.com\/site\/2025\/11\/14\/lo-mas-destacado-de-la-cuarta-jornada-del-festival-internacional-de-cine-de-mar-del-plata-2025\/#primaryimage"},"thumbnailUrl":"https:\/\/sergiolapegue.com\/site\/wp-content\/uploads\/2025\/11\/Lo-mas-destacado-de-la-cuarta-jornada-del-festival-de-cine-MDQ.-copia.jpg","datePublished":"2025-11-14T20:00:00+00:00","breadcrumb":{"@id":"https:\/\/sergiolapegue.com\/site\/2025\/11\/14\/lo-mas-destacado-de-la-cuarta-jornada-del-festival-internacional-de-cine-de-mar-del-plata-2025\/#breadcrumb"},"inLanguage":"es-AR","potentialAction":[{"@type":"ReadAction","target":["https:\/\/sergiolapegue.com\/site\/2025\/11\/14\/lo-mas-destacado-de-la-cuarta-jornada-del-festival-internacional-de-cine-de-mar-del-plata-2025\/"]}]},{"@type":"ImageObject","inLanguage":"es-AR","@id":"https:\/\/sergiolapegue.com\/site\/2025\/11\/14\/lo-mas-destacado-de-la-cuarta-jornada-del-festival-internacional-de-cine-de-mar-del-plata-2025\/#primaryimage","url":"https:\/\/sergiolapegue.com\/site\/wp-content\/uploads\/2025\/11\/Lo-mas-destacado-de-la-cuarta-jornada-del-festival-de-cine-MDQ.-copia.jpg","contentUrl":"https:\/\/sergiolapegue.com\/site\/wp-content\/uploads\/2025\/11\/Lo-mas-destacado-de-la-cuarta-jornada-del-festival-de-cine-MDQ.-copia.jpg","width":1000,"height":689},{"@type":"BreadcrumbList","@id":"https:\/\/sergiolapegue.com\/site\/2025\/11\/14\/lo-mas-destacado-de-la-cuarta-jornada-del-festival-internacional-de-cine-de-mar-del-plata-2025\/#breadcrumb","itemListElement":[{"@type":"ListItem","position":1,"name":"Inicio","item":"https:\/\/sergiolapegue.com\/site\/"},{"@type":"ListItem","position":2,"name":"LO M\u00c1S DESTACADO DE LA CUARTA JORNADA DEL FESTIVAL INTERNACIONAL DE CINE DE MAR DEL PLATA 2025"}]},{"@type":"WebSite","@id":"https:\/\/sergiolapegue.com\/site\/#website","url":"https:\/\/sergiolapegue.com\/site\/","name":"Sergio Lapegue","description":"Periodista","publisher":{"@id":"https:\/\/sergiolapegue.com\/site\/#\/schema\/person\/083aeceeb0734cd166779ea6c0551a37"},"potentialAction":[{"@type":"SearchAction","target":{"@type":"EntryPoint","urlTemplate":"https:\/\/sergiolapegue.com\/site\/?s={search_term_string}"},"query-input":{"@type":"PropertyValueSpecification","valueRequired":true,"valueName":"search_term_string"}}],"inLanguage":"es-AR"},{"@type":["Person","Organization"],"@id":"https:\/\/sergiolapegue.com\/site\/#\/schema\/person\/083aeceeb0734cd166779ea6c0551a37","name":"Sergio Lapegue","image":{"@type":"ImageObject","inLanguage":"es-AR","@id":"https:\/\/sergiolapegue.com\/site\/wp-content\/uploads\/2021\/04\/logo_header-1.png","url":"https:\/\/sergiolapegue.com\/site\/wp-content\/uploads\/2021\/04\/logo_header-1.png","contentUrl":"https:\/\/sergiolapegue.com\/site\/wp-content\/uploads\/2021\/04\/logo_header-1.png","width":272,"height":90,"caption":"Sergio Lapegue"},"logo":{"@id":"https:\/\/sergiolapegue.com\/site\/wp-content\/uploads\/2021\/04\/logo_header-1.png"},"sameAs":["https:\/\/facebook.com\/sergiolapegue","https:\/\/instagram.com\/sergiolapegue","https:\/\/x.com\/https:\/\/twitter.com\/sergiolapegue"]},{"@type":"Person","@id":"https:\/\/sergiolapegue.com\/site\/#\/schema\/person\/9198e7dbab43c6d74d0fd5399af7c3cd","name":"Daniel E. Monta\u00f1a","image":{"@type":"ImageObject","inLanguage":"es-AR","@id":"https:\/\/sergiolapegue.com\/site\/wp-content\/uploads\/2021\/04\/sl_avatar_Daniel-150x150.jpg","url":"https:\/\/sergiolapegue.com\/site\/wp-content\/uploads\/2021\/04\/sl_avatar_Daniel-150x150.jpg","contentUrl":"https:\/\/sergiolapegue.com\/site\/wp-content\/uploads\/2021\/04\/sl_avatar_Daniel-150x150.jpg","caption":"Daniel E. Monta\u00f1a"},"sameAs":["https:\/\/facebook.com\/danielernesto.montana","https:\/\/instagram.com\/daniel_montana1961","https:\/\/x.com\/https:\/\/twitter.com\/daner_004"],"url":"https:\/\/sergiolapegue.com\/site\/author\/daniel\/"}]}},"_links":{"self":[{"href":"https:\/\/sergiolapegue.com\/site\/wp-json\/wp\/v2\/posts\/26721","targetHints":{"allow":["GET"]}}],"collection":[{"href":"https:\/\/sergiolapegue.com\/site\/wp-json\/wp\/v2\/posts"}],"about":[{"href":"https:\/\/sergiolapegue.com\/site\/wp-json\/wp\/v2\/types\/post"}],"author":[{"embeddable":true,"href":"https:\/\/sergiolapegue.com\/site\/wp-json\/wp\/v2\/users\/3"}],"replies":[{"embeddable":true,"href":"https:\/\/sergiolapegue.com\/site\/wp-json\/wp\/v2\/comments?post=26721"}],"version-history":[{"count":1,"href":"https:\/\/sergiolapegue.com\/site\/wp-json\/wp\/v2\/posts\/26721\/revisions"}],"predecessor-version":[{"id":26726,"href":"https:\/\/sergiolapegue.com\/site\/wp-json\/wp\/v2\/posts\/26721\/revisions\/26726"}],"wp:featuredmedia":[{"embeddable":true,"href":"https:\/\/sergiolapegue.com\/site\/wp-json\/wp\/v2\/media\/26725"}],"wp:attachment":[{"href":"https:\/\/sergiolapegue.com\/site\/wp-json\/wp\/v2\/media?parent=26721"}],"wp:term":[{"taxonomy":"category","embeddable":true,"href":"https:\/\/sergiolapegue.com\/site\/wp-json\/wp\/v2\/categories?post=26721"},{"taxonomy":"post_tag","embeddable":true,"href":"https:\/\/sergiolapegue.com\/site\/wp-json\/wp\/v2\/tags?post=26721"}],"curies":[{"name":"wp","href":"https:\/\/api.w.org\/{rel}","templated":true}]}}