{"id":26708,"date":"2025-11-13T17:00:00","date_gmt":"2025-11-13T20:00:00","guid":{"rendered":"https:\/\/sergiolapegue.com\/site\/?p=26708"},"modified":"2025-11-12T16:29:19","modified_gmt":"2025-11-12T19:29:19","slug":"lo-mas-destacado-de-la-tercera-jornada-del-festival-internacional-de-cine-de-mar-del-plata-2025","status":"publish","type":"post","link":"https:\/\/sergiolapegue.com\/site\/2025\/11\/13\/lo-mas-destacado-de-la-tercera-jornada-del-festival-internacional-de-cine-de-mar-del-plata-2025\/","title":{"rendered":"LO M\u00c1S DESTACADO DE LA TERCERA JORNADA DEL FESTIVAL INTERNACIONAL DE CINE DE MAR DEL PLATA 2025"},"content":{"rendered":"\n<p>La cuadrag\u00e9sima edici\u00f3n del Festival Internacional de Cine de Mar del Plata contin\u00faa su desarrollo con propuestas sumamente interesantes en esta fiesta del s\u00e9ptimo arte. El domingo 9 de noviembre inici\u00f3 la tercera jornada con la competencia de largometrajes en la Sala Astor Piazzolla (Av. Patricio Peralta Ramos 2280) de la mano de Ungrateful Beings del director Olmo Omerzu.&nbsp;<\/p>\n\n\n\n<p>Durante la ma\u00f1ana, adem\u00e1s, ocurrieron dos momentos sumamente esperados en el Cine Paseo Aldrey (Alberti 2115). Por un lado, se proyect\u00f3 Pensamiento lateral de Mariano Hueter con la presencia de las actrices Itziar Itu\u00f1o y Agostina Inella, el director argentino Heuter, la productora Estela Roberta S\u00e1nchez y el actor Mauricio Paniagua. Luego, volvi\u00f3 a tener una funci\u00f3n a sala llena en el Teatro Col\u00f3n de Mar del Plata (Hip\u00f3lito Yrigoyen 1665) a las 19.30 horas.&nbsp;Itu\u00f1o coment\u00f3 respecto a la pieza audiovisual que se presenta en el marco de la competencia argentina de largos: \u201cEl trabajo m\u00e1s fuerte fue lo emocional y no tanto lo f\u00edsico. Nunca pas\u00e9, por suerte, lo que pas\u00f3 mi personaje. Fue un desaf\u00edo\u201d.<\/p>\n\n\n\n<figure class=\"wp-block-image size-full\"><img loading=\"lazy\" decoding=\"async\" width=\"1000\" height=\"713\" src=\"https:\/\/sergiolapegue.com\/site\/wp-content\/uploads\/2025\/11\/Lo-mas-destacado-de-la-tercera-jornada-del-festival-de-cine-MDQ-1.jpg\" alt=\"\" class=\"wp-image-26710\" srcset=\"https:\/\/sergiolapegue.com\/site\/wp-content\/uploads\/2025\/11\/Lo-mas-destacado-de-la-tercera-jornada-del-festival-de-cine-MDQ-1.jpg 1000w, https:\/\/sergiolapegue.com\/site\/wp-content\/uploads\/2025\/11\/Lo-mas-destacado-de-la-tercera-jornada-del-festival-de-cine-MDQ-1-300x214.jpg 300w, https:\/\/sergiolapegue.com\/site\/wp-content\/uploads\/2025\/11\/Lo-mas-destacado-de-la-tercera-jornada-del-festival-de-cine-MDQ-1-768x548.jpg 768w, https:\/\/sergiolapegue.com\/site\/wp-content\/uploads\/2025\/11\/Lo-mas-destacado-de-la-tercera-jornada-del-festival-de-cine-MDQ-1-589x420.jpg 589w, https:\/\/sergiolapegue.com\/site\/wp-content\/uploads\/2025\/11\/Lo-mas-destacado-de-la-tercera-jornada-del-festival-de-cine-MDQ-1-696x496.jpg 696w\" sizes=\"auto, (max-width: 1000px) 100vw, 1000px\" \/><\/figure>\n\n\n\n<p>Por otro lado, por la competencia latinoamericana de largos el actor chileno Benjam\u00edn Vicu\u00f1a junto al productor Max Gandarillas de Rey del Ring, introdujeron el film con gran alegr\u00eda. Sobre esto Vicu\u00f1a declar\u00f3: \u201cCreemos que es una pel\u00edcula que moviliza y que ha gustado mucho en su estreno\u201d.<\/p>\n\n\n\n<p>Durante el transcurso de la tarde la sala del Teatro Audit\u00f3rium volvi\u00f3 a colmarse con la proyecci\u00f3n de La casa, un film de Gustavo Trivi\u00f1o, que se llev\u00f3 un aplauso sumamente intenso y que se postula como uno de los favoritos para el premio Astor Piazzolla del P\u00fablico. La pel\u00edcula de Trivi\u00f1o concursa en la competencia internacional de largos.<\/p>\n\n\n\n<p>Asimismo, la pel\u00edcula Bel\u00e9n, dirigida por Dolores Fonzi y que representar\u00e1 a la Argentina en los Premios Oscar 2026, fue una de las m\u00e1s elegidas de la jornada para ver tanto en su funci\u00f3n de las 16.50 horas y luego durante la noche en el Centro Cultural Victoria Ocampo (Matheu 1851), con entrada libre y gratuita y la presencia de la actriz Liliana Ju\u00e1rez, quien expres\u00f3: \u201cEs muy emocionante estar aqu\u00ed para m\u00ed, soy quien hace de la mam\u00e1 de Bel\u00e9n. Creemos que se puede lograr ser una mujer aut\u00e9ntica y libre\u201d.<\/p>\n\n\n\n<figure class=\"wp-block-image size-large\"><img loading=\"lazy\" decoding=\"async\" width=\"1024\" height=\"454\" src=\"https:\/\/sergiolapegue.com\/site\/wp-content\/uploads\/2025\/11\/Lo-mas-destacado-de-la-tercera-jornada-del-festival-de-cine-MDQ-2-1024x454.jpg\" alt=\"\" class=\"wp-image-26711\" srcset=\"https:\/\/sergiolapegue.com\/site\/wp-content\/uploads\/2025\/11\/Lo-mas-destacado-de-la-tercera-jornada-del-festival-de-cine-MDQ-2-1024x454.jpg 1024w, https:\/\/sergiolapegue.com\/site\/wp-content\/uploads\/2025\/11\/Lo-mas-destacado-de-la-tercera-jornada-del-festival-de-cine-MDQ-2-300x133.jpg 300w, https:\/\/sergiolapegue.com\/site\/wp-content\/uploads\/2025\/11\/Lo-mas-destacado-de-la-tercera-jornada-del-festival-de-cine-MDQ-2-768x341.jpg 768w, https:\/\/sergiolapegue.com\/site\/wp-content\/uploads\/2025\/11\/Lo-mas-destacado-de-la-tercera-jornada-del-festival-de-cine-MDQ-2-1536x681.jpg 1536w, https:\/\/sergiolapegue.com\/site\/wp-content\/uploads\/2025\/11\/Lo-mas-destacado-de-la-tercera-jornada-del-festival-de-cine-MDQ-2-947x420.jpg 947w, https:\/\/sergiolapegue.com\/site\/wp-content\/uploads\/2025\/11\/Lo-mas-destacado-de-la-tercera-jornada-del-festival-de-cine-MDQ-2-696x309.jpg 696w, https:\/\/sergiolapegue.com\/site\/wp-content\/uploads\/2025\/11\/Lo-mas-destacado-de-la-tercera-jornada-del-festival-de-cine-MDQ-2-1068x474.jpg 1068w, https:\/\/sergiolapegue.com\/site\/wp-content\/uploads\/2025\/11\/Lo-mas-destacado-de-la-tercera-jornada-del-festival-de-cine-MDQ-2.jpg 1898w\" sizes=\"auto, (max-width: 1024px) 100vw, 1024px\" \/><\/figure>\n\n\n\n<p>Hay que remarcar que contin\u00faan las actividades especiales en la Sala Rambla del Casino Central (Av. Patricio Peralta Ramos 2148), en esta oportunidad, Miguel Monforte y Julio Neveleff dictaron una charla sobre el festival como una vidriera para las pel\u00edculas tanto de actrices como de actores del cine nacional y de la cuidad.<br>Por su parte, Carlos Larraz\u00e1bal, director espa\u00f1ol de Malec\u00f3n y el director de la misma, Jaime Otero Romani, dialogaron con el p\u00fablico y expusieron: \u201cEs una historia de amistad y lealtad. La hicimos con mucho respecto, todo el equipo es cubano\u201d. Vale recordar que la misma integra la competencia latinoamericana de largos.<\/p>\n\n\n\n<p>Respecto a la secci\u00f3n no competitiva de Autores y Autoras, en el Ambassador (C\u00f3rdoba 1673), se proyect\u00f3 The Passenger Andrzej Munk de Micha\u0142 Bielawski: \u201cDurante muchos a\u00f1os escuch\u00e9 sobre este Festival, es la primera vez que estoy aqu\u00ed. Es muy importante estar presente porque el personaje de m\u00ed pel\u00edcula particip\u00f3 en \u00e9l en 1957\u201d.<\/p>\n\n\n\n<p>Por \u00faltimo, la noche cerr\u00f3 con la celebraci\u00f3n n\u00famero 50 en el hist\u00f3rico cine de la ciudad balnearia ubicado en C\u00f3rdoba 1673 del cl\u00e1sico The Rocky Horror Picture Show. Fiel al estilo hollywoodense los espectadores fueron disfrazados y se sorprendieron con un grupo de actores que representaron a los personajes.&nbsp;<\/p>\n\n\n\n<p>La celebraci\u00f3n del cine contin\u00faa en Mar del Plata hasta el 16 de noviembre, inclusive, y cada jornada sorprende d\u00eda a d\u00eda acompa\u00f1ada por la Secretar\u00eda de Cultura de La Naci\u00f3n.<\/p>\n\n\n\n<figure class=\"wp-block-image size-large\"><img loading=\"lazy\" decoding=\"async\" width=\"1024\" height=\"455\" src=\"https:\/\/sergiolapegue.com\/site\/wp-content\/uploads\/2025\/11\/Lo-mas-destacado-de-la-tercera-jornada-del-festival-de-cine-MDQ-4-1024x455.jpg\" alt=\"\" class=\"wp-image-26709\" srcset=\"https:\/\/sergiolapegue.com\/site\/wp-content\/uploads\/2025\/11\/Lo-mas-destacado-de-la-tercera-jornada-del-festival-de-cine-MDQ-4-1024x455.jpg 1024w, https:\/\/sergiolapegue.com\/site\/wp-content\/uploads\/2025\/11\/Lo-mas-destacado-de-la-tercera-jornada-del-festival-de-cine-MDQ-4-300x133.jpg 300w, https:\/\/sergiolapegue.com\/site\/wp-content\/uploads\/2025\/11\/Lo-mas-destacado-de-la-tercera-jornada-del-festival-de-cine-MDQ-4-768x341.jpg 768w, https:\/\/sergiolapegue.com\/site\/wp-content\/uploads\/2025\/11\/Lo-mas-destacado-de-la-tercera-jornada-del-festival-de-cine-MDQ-4-1536x682.jpg 1536w, https:\/\/sergiolapegue.com\/site\/wp-content\/uploads\/2025\/11\/Lo-mas-destacado-de-la-tercera-jornada-del-festival-de-cine-MDQ-4-946x420.jpg 946w, https:\/\/sergiolapegue.com\/site\/wp-content\/uploads\/2025\/11\/Lo-mas-destacado-de-la-tercera-jornada-del-festival-de-cine-MDQ-4-696x309.jpg 696w, https:\/\/sergiolapegue.com\/site\/wp-content\/uploads\/2025\/11\/Lo-mas-destacado-de-la-tercera-jornada-del-festival-de-cine-MDQ-4-1068x474.jpg 1068w, https:\/\/sergiolapegue.com\/site\/wp-content\/uploads\/2025\/11\/Lo-mas-destacado-de-la-tercera-jornada-del-festival-de-cine-MDQ-4.jpg 1897w\" sizes=\"auto, (max-width: 1024px) 100vw, 1024px\" \/><\/figure>\n\n\n\n<p><strong>SOBRE THE ROCKY HORROR PICTURE SHOW<\/strong><\/p>\n\n\n\n<p>Mar del Plata Classics, otra de las nuevas secciones del festival, celebr\u00f3 los 50 a\u00f1os de &#8220;The Rocky Horror Picture Show&#8221;, la pel\u00edcula que tiene el r\u00e9cord de ser la que m\u00e1s tiempo ha permanecido en cartel en la historia del cine, ya que en Estados Unidos se sigue exhibiendo en forma regular desde su estreno el 26 de septiembre de 1975. Las proyecciones en Mar del Plata en copia remasterizada del musical dirigido por Jim Sharman, protagonizado por Tim Curry, y con una entonces desconocida Susan Sarandon como parte del elenco incluy\u00f3 una invitaci\u00f3n a los asistentes para que se disfracen como los personajes, y luego canten en la sala sus pegadizas canciones.<\/p>\n\n\n\n<p>La celebraci\u00f3n de la pel\u00edcula, que Disney exhibir\u00e1 en los cines argentinos tras su paso por el festival, incluye el preestreno del documental &#8220;Sane Inside Insanity: The Phenomenon of Rocky Horror&#8221; de Andreas Zerr, que explora como la adaptaci\u00f3n f\u00edlmica de una obra del underground brit\u00e1nico termin\u00f3 convirti\u00e9ndose en un fen\u00f3meno irrepetible.<\/p>\n\n\n\n<p><a href=\"https:\/\/tpagencia.tr.pemsv01.net\/c\/eyJhIjoidHBhZ2VuY2lhIiwibSI6Im1haWxfY21odDNlbms5NnZwNjA4OTBzb2h0cDJhYyIsImwiOiJsaW5rX2ZhMjhlMDNmZGM1ZDIyODE4M2JhNGZkYjRmZDdkM2U5YWI4ZjY4NDhfNzY0ZDI4IiwiaSI6W10sInUiOiJodHRwczovL3d3dy5tYXJkZWxwbGF0YWZpbG1mZXN0LmNvbS80MC8_dXRtX3NvdXJjZT1wZXJmaXQmdXRtX21lZGl1bT1lbWFpbCZ1dG1fY2FtcGFpZ249Q29waWElMjBkZSUyMDklMjAtJTIwMTElMjBGRVNUSVZBTCUyMERFJTIwQ0lORSUyME1EUSUyMDIwMjUiLCJjIjoiIiwiaCI6Ijc5OGFjZiJ9\" target=\"_blank\" rel=\"noreferrer noopener\">PAGINA OFICIAL DEL FESTIVAL DE CINE DE MAR DEL PLATA 2025<\/a><\/p>\n\n\n\n<p>Gracias Tommy Pashkus Agencia por hacernos llegar la gacetilla de prensa con toda la informaci\u00f3n de esta 3\u00b0 jornada del Festival de Cine 2025.<\/p>\n\n\n\n<p><\/p>\n","protected":false},"excerpt":{"rendered":"<p>La cuadrag\u00e9sima edici\u00f3n del Festival Internacional de Cine de Mar del Plata contin\u00faa su desarrollo con propuestas sumamente interesantes en esta fiesta del s\u00e9ptimo arte. El domingo 9 de noviembre inici\u00f3 la tercera jornada con la competencia de largometrajes en la Sala Astor Piazzolla (Av. Patricio Peralta Ramos 2280) de la mano de Ungrateful Beings [&hellip;]<\/p>\n","protected":false},"author":3,"featured_media":26712,"comment_status":"open","ping_status":"closed","sticky":false,"template":"","format":"standard","meta":{"footnotes":""},"categories":[34,36],"tags":[],"class_list":{"0":"post-26708","1":"post","2":"type-post","3":"status-publish","4":"format-standard","5":"has-post-thumbnail","7":"category-arte","8":"category-cine"},"yoast_head":"<!-- This site is optimized with the Yoast SEO plugin v27.5 - https:\/\/yoast.com\/product\/yoast-seo-wordpress\/ -->\n<title>LO M\u00c1S DESTACADO DE LA TERCERA JORNADA DEL FESTIVAL INTERNACIONAL DE CINE DE MAR DEL PLATA 2025 - Sergio Lapegue<\/title>\n<meta name=\"robots\" content=\"index, follow, max-snippet:-1, max-image-preview:large, max-video-preview:-1\" \/>\n<link rel=\"canonical\" href=\"https:\/\/sergiolapegue.com\/site\/2025\/11\/13\/lo-mas-destacado-de-la-tercera-jornada-del-festival-internacional-de-cine-de-mar-del-plata-2025\/\" \/>\n<meta property=\"og:locale\" content=\"es_ES\" \/>\n<meta property=\"og:type\" content=\"article\" \/>\n<meta property=\"og:title\" content=\"LO M\u00c1S DESTACADO DE LA TERCERA JORNADA DEL FESTIVAL INTERNACIONAL DE CINE DE MAR DEL PLATA 2025 - Sergio Lapegue\" \/>\n<meta property=\"og:description\" content=\"La cuadrag\u00e9sima edici\u00f3n del Festival Internacional de Cine de Mar del Plata contin\u00faa su desarrollo con propuestas sumamente interesantes en esta fiesta del s\u00e9ptimo arte. El domingo 9 de noviembre inici\u00f3 la tercera jornada con la competencia de largometrajes en la Sala Astor Piazzolla (Av. Patricio Peralta Ramos 2280) de la mano de Ungrateful Beings [&hellip;]\" \/>\n<meta property=\"og:url\" content=\"https:\/\/sergiolapegue.com\/site\/2025\/11\/13\/lo-mas-destacado-de-la-tercera-jornada-del-festival-internacional-de-cine-de-mar-del-plata-2025\/\" \/>\n<meta property=\"og:site_name\" content=\"Sergio Lapegue\" \/>\n<meta property=\"article:publisher\" content=\"https:\/\/facebook.com\/sergiolapegue\" \/>\n<meta property=\"article:author\" content=\"https:\/\/facebook.com\/danielernesto.montana\" \/>\n<meta property=\"article:published_time\" content=\"2025-11-13T20:00:00+00:00\" \/>\n<meta property=\"og:image\" content=\"https:\/\/sergiolapegue.com\/site\/wp-content\/uploads\/2025\/11\/Lo-mas-destacado-de-la-Tercera-jornada-del-festival-de-cine-MDQ.jpg\" \/>\n\t<meta property=\"og:image:width\" content=\"1000\" \/>\n\t<meta property=\"og:image:height\" content=\"689\" \/>\n\t<meta property=\"og:image:type\" content=\"image\/jpeg\" \/>\n<meta name=\"author\" content=\"Daniel E. Monta\u00f1a\" \/>\n<meta name=\"twitter:card\" content=\"summary_large_image\" \/>\n<meta name=\"twitter:creator\" content=\"@https:\/\/twitter.com\/daner_004\" \/>\n<meta name=\"twitter:site\" content=\"@sergiolapegue\" \/>\n<meta name=\"twitter:label1\" content=\"Escrito por\" \/>\n\t<meta name=\"twitter:data1\" content=\"Daniel E. Monta\u00f1a\" \/>\n\t<meta name=\"twitter:label2\" content=\"Tiempo de lectura\" \/>\n\t<meta name=\"twitter:data2\" content=\"5 minutos\" \/>\n<script type=\"application\/ld+json\" class=\"yoast-schema-graph\">{\"@context\":\"https:\\\/\\\/schema.org\",\"@graph\":[{\"@type\":\"Article\",\"@id\":\"https:\\\/\\\/sergiolapegue.com\\\/site\\\/2025\\\/11\\\/13\\\/lo-mas-destacado-de-la-tercera-jornada-del-festival-internacional-de-cine-de-mar-del-plata-2025\\\/#article\",\"isPartOf\":{\"@id\":\"https:\\\/\\\/sergiolapegue.com\\\/site\\\/2025\\\/11\\\/13\\\/lo-mas-destacado-de-la-tercera-jornada-del-festival-internacional-de-cine-de-mar-del-plata-2025\\\/\"},\"author\":{\"name\":\"Daniel E. Monta\u00f1a\",\"@id\":\"https:\\\/\\\/sergiolapegue.com\\\/site\\\/#\\\/schema\\\/person\\\/9198e7dbab43c6d74d0fd5399af7c3cd\"},\"headline\":\"LO M\u00c1S DESTACADO DE LA TERCERA JORNADA DEL FESTIVAL INTERNACIONAL DE CINE DE MAR DEL PLATA 2025\",\"datePublished\":\"2025-11-13T20:00:00+00:00\",\"mainEntityOfPage\":{\"@id\":\"https:\\\/\\\/sergiolapegue.com\\\/site\\\/2025\\\/11\\\/13\\\/lo-mas-destacado-de-la-tercera-jornada-del-festival-internacional-de-cine-de-mar-del-plata-2025\\\/\"},\"wordCount\":891,\"commentCount\":0,\"publisher\":{\"@id\":\"https:\\\/\\\/sergiolapegue.com\\\/site\\\/#\\\/schema\\\/person\\\/083aeceeb0734cd166779ea6c0551a37\"},\"image\":{\"@id\":\"https:\\\/\\\/sergiolapegue.com\\\/site\\\/2025\\\/11\\\/13\\\/lo-mas-destacado-de-la-tercera-jornada-del-festival-internacional-de-cine-de-mar-del-plata-2025\\\/#primaryimage\"},\"thumbnailUrl\":\"https:\\\/\\\/sergiolapegue.com\\\/site\\\/wp-content\\\/uploads\\\/2025\\\/11\\\/Lo-mas-destacado-de-la-Tercera-jornada-del-festival-de-cine-MDQ.jpg\",\"articleSection\":[\"Arte\",\"Cine\"],\"inLanguage\":\"es-AR\",\"potentialAction\":[{\"@type\":\"CommentAction\",\"name\":\"Comment\",\"target\":[\"https:\\\/\\\/sergiolapegue.com\\\/site\\\/2025\\\/11\\\/13\\\/lo-mas-destacado-de-la-tercera-jornada-del-festival-internacional-de-cine-de-mar-del-plata-2025\\\/#respond\"]}]},{\"@type\":\"WebPage\",\"@id\":\"https:\\\/\\\/sergiolapegue.com\\\/site\\\/2025\\\/11\\\/13\\\/lo-mas-destacado-de-la-tercera-jornada-del-festival-internacional-de-cine-de-mar-del-plata-2025\\\/\",\"url\":\"https:\\\/\\\/sergiolapegue.com\\\/site\\\/2025\\\/11\\\/13\\\/lo-mas-destacado-de-la-tercera-jornada-del-festival-internacional-de-cine-de-mar-del-plata-2025\\\/\",\"name\":\"LO M\u00c1S DESTACADO DE LA TERCERA JORNADA DEL FESTIVAL INTERNACIONAL DE CINE DE MAR DEL PLATA 2025 - Sergio Lapegue\",\"isPartOf\":{\"@id\":\"https:\\\/\\\/sergiolapegue.com\\\/site\\\/#website\"},\"primaryImageOfPage\":{\"@id\":\"https:\\\/\\\/sergiolapegue.com\\\/site\\\/2025\\\/11\\\/13\\\/lo-mas-destacado-de-la-tercera-jornada-del-festival-internacional-de-cine-de-mar-del-plata-2025\\\/#primaryimage\"},\"image\":{\"@id\":\"https:\\\/\\\/sergiolapegue.com\\\/site\\\/2025\\\/11\\\/13\\\/lo-mas-destacado-de-la-tercera-jornada-del-festival-internacional-de-cine-de-mar-del-plata-2025\\\/#primaryimage\"},\"thumbnailUrl\":\"https:\\\/\\\/sergiolapegue.com\\\/site\\\/wp-content\\\/uploads\\\/2025\\\/11\\\/Lo-mas-destacado-de-la-Tercera-jornada-del-festival-de-cine-MDQ.jpg\",\"datePublished\":\"2025-11-13T20:00:00+00:00\",\"breadcrumb\":{\"@id\":\"https:\\\/\\\/sergiolapegue.com\\\/site\\\/2025\\\/11\\\/13\\\/lo-mas-destacado-de-la-tercera-jornada-del-festival-internacional-de-cine-de-mar-del-plata-2025\\\/#breadcrumb\"},\"inLanguage\":\"es-AR\",\"potentialAction\":[{\"@type\":\"ReadAction\",\"target\":[\"https:\\\/\\\/sergiolapegue.com\\\/site\\\/2025\\\/11\\\/13\\\/lo-mas-destacado-de-la-tercera-jornada-del-festival-internacional-de-cine-de-mar-del-plata-2025\\\/\"]}]},{\"@type\":\"ImageObject\",\"inLanguage\":\"es-AR\",\"@id\":\"https:\\\/\\\/sergiolapegue.com\\\/site\\\/2025\\\/11\\\/13\\\/lo-mas-destacado-de-la-tercera-jornada-del-festival-internacional-de-cine-de-mar-del-plata-2025\\\/#primaryimage\",\"url\":\"https:\\\/\\\/sergiolapegue.com\\\/site\\\/wp-content\\\/uploads\\\/2025\\\/11\\\/Lo-mas-destacado-de-la-Tercera-jornada-del-festival-de-cine-MDQ.jpg\",\"contentUrl\":\"https:\\\/\\\/sergiolapegue.com\\\/site\\\/wp-content\\\/uploads\\\/2025\\\/11\\\/Lo-mas-destacado-de-la-Tercera-jornada-del-festival-de-cine-MDQ.jpg\",\"width\":1000,\"height\":689},{\"@type\":\"BreadcrumbList\",\"@id\":\"https:\\\/\\\/sergiolapegue.com\\\/site\\\/2025\\\/11\\\/13\\\/lo-mas-destacado-de-la-tercera-jornada-del-festival-internacional-de-cine-de-mar-del-plata-2025\\\/#breadcrumb\",\"itemListElement\":[{\"@type\":\"ListItem\",\"position\":1,\"name\":\"Inicio\",\"item\":\"https:\\\/\\\/sergiolapegue.com\\\/site\\\/\"},{\"@type\":\"ListItem\",\"position\":2,\"name\":\"LO M\u00c1S DESTACADO DE LA TERCERA JORNADA DEL FESTIVAL INTERNACIONAL DE CINE DE MAR DEL PLATA 2025\"}]},{\"@type\":\"WebSite\",\"@id\":\"https:\\\/\\\/sergiolapegue.com\\\/site\\\/#website\",\"url\":\"https:\\\/\\\/sergiolapegue.com\\\/site\\\/\",\"name\":\"Sergio Lapegue\",\"description\":\"Periodista\",\"publisher\":{\"@id\":\"https:\\\/\\\/sergiolapegue.com\\\/site\\\/#\\\/schema\\\/person\\\/083aeceeb0734cd166779ea6c0551a37\"},\"potentialAction\":[{\"@type\":\"SearchAction\",\"target\":{\"@type\":\"EntryPoint\",\"urlTemplate\":\"https:\\\/\\\/sergiolapegue.com\\\/site\\\/?s={search_term_string}\"},\"query-input\":{\"@type\":\"PropertyValueSpecification\",\"valueRequired\":true,\"valueName\":\"search_term_string\"}}],\"inLanguage\":\"es-AR\"},{\"@type\":[\"Person\",\"Organization\"],\"@id\":\"https:\\\/\\\/sergiolapegue.com\\\/site\\\/#\\\/schema\\\/person\\\/083aeceeb0734cd166779ea6c0551a37\",\"name\":\"Sergio Lapegue\",\"image\":{\"@type\":\"ImageObject\",\"inLanguage\":\"es-AR\",\"@id\":\"https:\\\/\\\/sergiolapegue.com\\\/site\\\/wp-content\\\/uploads\\\/2021\\\/04\\\/logo_header-1.png\",\"url\":\"https:\\\/\\\/sergiolapegue.com\\\/site\\\/wp-content\\\/uploads\\\/2021\\\/04\\\/logo_header-1.png\",\"contentUrl\":\"https:\\\/\\\/sergiolapegue.com\\\/site\\\/wp-content\\\/uploads\\\/2021\\\/04\\\/logo_header-1.png\",\"width\":272,\"height\":90,\"caption\":\"Sergio Lapegue\"},\"logo\":{\"@id\":\"https:\\\/\\\/sergiolapegue.com\\\/site\\\/wp-content\\\/uploads\\\/2021\\\/04\\\/logo_header-1.png\"},\"sameAs\":[\"https:\\\/\\\/facebook.com\\\/sergiolapegue\",\"https:\\\/\\\/instagram.com\\\/sergiolapegue\",\"https:\\\/\\\/x.com\\\/https:\\\/\\\/twitter.com\\\/sergiolapegue\"]},{\"@type\":\"Person\",\"@id\":\"https:\\\/\\\/sergiolapegue.com\\\/site\\\/#\\\/schema\\\/person\\\/9198e7dbab43c6d74d0fd5399af7c3cd\",\"name\":\"Daniel E. Monta\u00f1a\",\"image\":{\"@type\":\"ImageObject\",\"inLanguage\":\"es-AR\",\"@id\":\"https:\\\/\\\/sergiolapegue.com\\\/site\\\/wp-content\\\/uploads\\\/2021\\\/04\\\/sl_avatar_Daniel-150x150.jpg\",\"url\":\"https:\\\/\\\/sergiolapegue.com\\\/site\\\/wp-content\\\/uploads\\\/2021\\\/04\\\/sl_avatar_Daniel-150x150.jpg\",\"contentUrl\":\"https:\\\/\\\/sergiolapegue.com\\\/site\\\/wp-content\\\/uploads\\\/2021\\\/04\\\/sl_avatar_Daniel-150x150.jpg\",\"caption\":\"Daniel E. Monta\u00f1a\"},\"sameAs\":[\"https:\\\/\\\/facebook.com\\\/danielernesto.montana\",\"https:\\\/\\\/instagram.com\\\/daniel_montana1961\",\"https:\\\/\\\/x.com\\\/https:\\\/\\\/twitter.com\\\/daner_004\"],\"url\":\"https:\\\/\\\/sergiolapegue.com\\\/site\\\/author\\\/daniel\\\/\"}]}<\/script>\n<!-- \/ Yoast SEO plugin. -->","yoast_head_json":{"title":"LO M\u00c1S DESTACADO DE LA TERCERA JORNADA DEL FESTIVAL INTERNACIONAL DE CINE DE MAR DEL PLATA 2025 - Sergio Lapegue","robots":{"index":"index","follow":"follow","max-snippet":"max-snippet:-1","max-image-preview":"max-image-preview:large","max-video-preview":"max-video-preview:-1"},"canonical":"https:\/\/sergiolapegue.com\/site\/2025\/11\/13\/lo-mas-destacado-de-la-tercera-jornada-del-festival-internacional-de-cine-de-mar-del-plata-2025\/","og_locale":"es_ES","og_type":"article","og_title":"LO M\u00c1S DESTACADO DE LA TERCERA JORNADA DEL FESTIVAL INTERNACIONAL DE CINE DE MAR DEL PLATA 2025 - Sergio Lapegue","og_description":"La cuadrag\u00e9sima edici\u00f3n del Festival Internacional de Cine de Mar del Plata contin\u00faa su desarrollo con propuestas sumamente interesantes en esta fiesta del s\u00e9ptimo arte. El domingo 9 de noviembre inici\u00f3 la tercera jornada con la competencia de largometrajes en la Sala Astor Piazzolla (Av. Patricio Peralta Ramos 2280) de la mano de Ungrateful Beings [&hellip;]","og_url":"https:\/\/sergiolapegue.com\/site\/2025\/11\/13\/lo-mas-destacado-de-la-tercera-jornada-del-festival-internacional-de-cine-de-mar-del-plata-2025\/","og_site_name":"Sergio Lapegue","article_publisher":"https:\/\/facebook.com\/sergiolapegue","article_author":"https:\/\/facebook.com\/danielernesto.montana","article_published_time":"2025-11-13T20:00:00+00:00","og_image":[{"width":1000,"height":689,"url":"https:\/\/sergiolapegue.com\/site\/wp-content\/uploads\/2025\/11\/Lo-mas-destacado-de-la-Tercera-jornada-del-festival-de-cine-MDQ.jpg","type":"image\/jpeg"}],"author":"Daniel E. Monta\u00f1a","twitter_card":"summary_large_image","twitter_creator":"@https:\/\/twitter.com\/daner_004","twitter_site":"@sergiolapegue","twitter_misc":{"Escrito por":"Daniel E. Monta\u00f1a","Tiempo de lectura":"5 minutos"},"schema":{"@context":"https:\/\/schema.org","@graph":[{"@type":"Article","@id":"https:\/\/sergiolapegue.com\/site\/2025\/11\/13\/lo-mas-destacado-de-la-tercera-jornada-del-festival-internacional-de-cine-de-mar-del-plata-2025\/#article","isPartOf":{"@id":"https:\/\/sergiolapegue.com\/site\/2025\/11\/13\/lo-mas-destacado-de-la-tercera-jornada-del-festival-internacional-de-cine-de-mar-del-plata-2025\/"},"author":{"name":"Daniel E. Monta\u00f1a","@id":"https:\/\/sergiolapegue.com\/site\/#\/schema\/person\/9198e7dbab43c6d74d0fd5399af7c3cd"},"headline":"LO M\u00c1S DESTACADO DE LA TERCERA JORNADA DEL FESTIVAL INTERNACIONAL DE CINE DE MAR DEL PLATA 2025","datePublished":"2025-11-13T20:00:00+00:00","mainEntityOfPage":{"@id":"https:\/\/sergiolapegue.com\/site\/2025\/11\/13\/lo-mas-destacado-de-la-tercera-jornada-del-festival-internacional-de-cine-de-mar-del-plata-2025\/"},"wordCount":891,"commentCount":0,"publisher":{"@id":"https:\/\/sergiolapegue.com\/site\/#\/schema\/person\/083aeceeb0734cd166779ea6c0551a37"},"image":{"@id":"https:\/\/sergiolapegue.com\/site\/2025\/11\/13\/lo-mas-destacado-de-la-tercera-jornada-del-festival-internacional-de-cine-de-mar-del-plata-2025\/#primaryimage"},"thumbnailUrl":"https:\/\/sergiolapegue.com\/site\/wp-content\/uploads\/2025\/11\/Lo-mas-destacado-de-la-Tercera-jornada-del-festival-de-cine-MDQ.jpg","articleSection":["Arte","Cine"],"inLanguage":"es-AR","potentialAction":[{"@type":"CommentAction","name":"Comment","target":["https:\/\/sergiolapegue.com\/site\/2025\/11\/13\/lo-mas-destacado-de-la-tercera-jornada-del-festival-internacional-de-cine-de-mar-del-plata-2025\/#respond"]}]},{"@type":"WebPage","@id":"https:\/\/sergiolapegue.com\/site\/2025\/11\/13\/lo-mas-destacado-de-la-tercera-jornada-del-festival-internacional-de-cine-de-mar-del-plata-2025\/","url":"https:\/\/sergiolapegue.com\/site\/2025\/11\/13\/lo-mas-destacado-de-la-tercera-jornada-del-festival-internacional-de-cine-de-mar-del-plata-2025\/","name":"LO M\u00c1S DESTACADO DE LA TERCERA JORNADA DEL FESTIVAL INTERNACIONAL DE CINE DE MAR DEL PLATA 2025 - Sergio Lapegue","isPartOf":{"@id":"https:\/\/sergiolapegue.com\/site\/#website"},"primaryImageOfPage":{"@id":"https:\/\/sergiolapegue.com\/site\/2025\/11\/13\/lo-mas-destacado-de-la-tercera-jornada-del-festival-internacional-de-cine-de-mar-del-plata-2025\/#primaryimage"},"image":{"@id":"https:\/\/sergiolapegue.com\/site\/2025\/11\/13\/lo-mas-destacado-de-la-tercera-jornada-del-festival-internacional-de-cine-de-mar-del-plata-2025\/#primaryimage"},"thumbnailUrl":"https:\/\/sergiolapegue.com\/site\/wp-content\/uploads\/2025\/11\/Lo-mas-destacado-de-la-Tercera-jornada-del-festival-de-cine-MDQ.jpg","datePublished":"2025-11-13T20:00:00+00:00","breadcrumb":{"@id":"https:\/\/sergiolapegue.com\/site\/2025\/11\/13\/lo-mas-destacado-de-la-tercera-jornada-del-festival-internacional-de-cine-de-mar-del-plata-2025\/#breadcrumb"},"inLanguage":"es-AR","potentialAction":[{"@type":"ReadAction","target":["https:\/\/sergiolapegue.com\/site\/2025\/11\/13\/lo-mas-destacado-de-la-tercera-jornada-del-festival-internacional-de-cine-de-mar-del-plata-2025\/"]}]},{"@type":"ImageObject","inLanguage":"es-AR","@id":"https:\/\/sergiolapegue.com\/site\/2025\/11\/13\/lo-mas-destacado-de-la-tercera-jornada-del-festival-internacional-de-cine-de-mar-del-plata-2025\/#primaryimage","url":"https:\/\/sergiolapegue.com\/site\/wp-content\/uploads\/2025\/11\/Lo-mas-destacado-de-la-Tercera-jornada-del-festival-de-cine-MDQ.jpg","contentUrl":"https:\/\/sergiolapegue.com\/site\/wp-content\/uploads\/2025\/11\/Lo-mas-destacado-de-la-Tercera-jornada-del-festival-de-cine-MDQ.jpg","width":1000,"height":689},{"@type":"BreadcrumbList","@id":"https:\/\/sergiolapegue.com\/site\/2025\/11\/13\/lo-mas-destacado-de-la-tercera-jornada-del-festival-internacional-de-cine-de-mar-del-plata-2025\/#breadcrumb","itemListElement":[{"@type":"ListItem","position":1,"name":"Inicio","item":"https:\/\/sergiolapegue.com\/site\/"},{"@type":"ListItem","position":2,"name":"LO M\u00c1S DESTACADO DE LA TERCERA JORNADA DEL FESTIVAL INTERNACIONAL DE CINE DE MAR DEL PLATA 2025"}]},{"@type":"WebSite","@id":"https:\/\/sergiolapegue.com\/site\/#website","url":"https:\/\/sergiolapegue.com\/site\/","name":"Sergio Lapegue","description":"Periodista","publisher":{"@id":"https:\/\/sergiolapegue.com\/site\/#\/schema\/person\/083aeceeb0734cd166779ea6c0551a37"},"potentialAction":[{"@type":"SearchAction","target":{"@type":"EntryPoint","urlTemplate":"https:\/\/sergiolapegue.com\/site\/?s={search_term_string}"},"query-input":{"@type":"PropertyValueSpecification","valueRequired":true,"valueName":"search_term_string"}}],"inLanguage":"es-AR"},{"@type":["Person","Organization"],"@id":"https:\/\/sergiolapegue.com\/site\/#\/schema\/person\/083aeceeb0734cd166779ea6c0551a37","name":"Sergio Lapegue","image":{"@type":"ImageObject","inLanguage":"es-AR","@id":"https:\/\/sergiolapegue.com\/site\/wp-content\/uploads\/2021\/04\/logo_header-1.png","url":"https:\/\/sergiolapegue.com\/site\/wp-content\/uploads\/2021\/04\/logo_header-1.png","contentUrl":"https:\/\/sergiolapegue.com\/site\/wp-content\/uploads\/2021\/04\/logo_header-1.png","width":272,"height":90,"caption":"Sergio Lapegue"},"logo":{"@id":"https:\/\/sergiolapegue.com\/site\/wp-content\/uploads\/2021\/04\/logo_header-1.png"},"sameAs":["https:\/\/facebook.com\/sergiolapegue","https:\/\/instagram.com\/sergiolapegue","https:\/\/x.com\/https:\/\/twitter.com\/sergiolapegue"]},{"@type":"Person","@id":"https:\/\/sergiolapegue.com\/site\/#\/schema\/person\/9198e7dbab43c6d74d0fd5399af7c3cd","name":"Daniel E. Monta\u00f1a","image":{"@type":"ImageObject","inLanguage":"es-AR","@id":"https:\/\/sergiolapegue.com\/site\/wp-content\/uploads\/2021\/04\/sl_avatar_Daniel-150x150.jpg","url":"https:\/\/sergiolapegue.com\/site\/wp-content\/uploads\/2021\/04\/sl_avatar_Daniel-150x150.jpg","contentUrl":"https:\/\/sergiolapegue.com\/site\/wp-content\/uploads\/2021\/04\/sl_avatar_Daniel-150x150.jpg","caption":"Daniel E. Monta\u00f1a"},"sameAs":["https:\/\/facebook.com\/danielernesto.montana","https:\/\/instagram.com\/daniel_montana1961","https:\/\/x.com\/https:\/\/twitter.com\/daner_004"],"url":"https:\/\/sergiolapegue.com\/site\/author\/daniel\/"}]}},"_links":{"self":[{"href":"https:\/\/sergiolapegue.com\/site\/wp-json\/wp\/v2\/posts\/26708","targetHints":{"allow":["GET"]}}],"collection":[{"href":"https:\/\/sergiolapegue.com\/site\/wp-json\/wp\/v2\/posts"}],"about":[{"href":"https:\/\/sergiolapegue.com\/site\/wp-json\/wp\/v2\/types\/post"}],"author":[{"embeddable":true,"href":"https:\/\/sergiolapegue.com\/site\/wp-json\/wp\/v2\/users\/3"}],"replies":[{"embeddable":true,"href":"https:\/\/sergiolapegue.com\/site\/wp-json\/wp\/v2\/comments?post=26708"}],"version-history":[{"count":1,"href":"https:\/\/sergiolapegue.com\/site\/wp-json\/wp\/v2\/posts\/26708\/revisions"}],"predecessor-version":[{"id":26713,"href":"https:\/\/sergiolapegue.com\/site\/wp-json\/wp\/v2\/posts\/26708\/revisions\/26713"}],"wp:featuredmedia":[{"embeddable":true,"href":"https:\/\/sergiolapegue.com\/site\/wp-json\/wp\/v2\/media\/26712"}],"wp:attachment":[{"href":"https:\/\/sergiolapegue.com\/site\/wp-json\/wp\/v2\/media?parent=26708"}],"wp:term":[{"taxonomy":"category","embeddable":true,"href":"https:\/\/sergiolapegue.com\/site\/wp-json\/wp\/v2\/categories?post=26708"},{"taxonomy":"post_tag","embeddable":true,"href":"https:\/\/sergiolapegue.com\/site\/wp-json\/wp\/v2\/tags?post=26708"}],"curies":[{"name":"wp","href":"https:\/\/api.w.org\/{rel}","templated":true}]}}