{"id":26686,"date":"2025-11-12T01:00:00","date_gmt":"2025-11-12T04:00:00","guid":{"rendered":"https:\/\/sergiolapegue.com\/site\/?p=26686"},"modified":"2025-11-11T02:40:18","modified_gmt":"2025-11-11T05:40:18","slug":"se-acerca-la-entrega-de-los-martin-fierro-latino-miami-2025","status":"publish","type":"post","link":"https:\/\/sergiolapegue.com\/site\/2025\/11\/12\/se-acerca-la-entrega-de-los-martin-fierro-latino-miami-2025\/","title":{"rendered":"SE ACERCA LA ENTREGA DE LOS MART\u00cdN FIERRO LATINO MIAMI 2025"},"content":{"rendered":"\n<p>Los&nbsp;Mart\u00edn Fierro Latino&nbsp;son los premios organizados por la Asociaci\u00f3n de Periodistas de la Televisi\u00f3n y la Radiofon\u00eda Argentinas (APTRA) a producciones radiales y televisivas latinoamericanas. La primera edici\u00f3n se realiz\u00f3 en Miami, Estados Unidos, el 27 de noviembre de 2023. El 22 de noviembre de 2024 se realiz\u00f3 su segunda edici\u00f3n en la misma ciudad y el pr\u00f3ximo domingo 23 de noviembre 2025 llega la tercera edici\u00f3n de la entrega en Miami de los Premios Mart\u00edn Fierro Latino.<\/p>\n\n\n\n<p>La ceremonia de premiaci\u00f3n busca distinguir y reconocer lo mejor de la industria de la televisi\u00f3n, la radio y el streaming de Latinoamerica.&nbsp;<\/p>\n\n\n\n<p>La Argentina recibi\u00f3 m\u00e1s de 40 nominaciones para los&nbsp;Premios Mart\u00edn Fierro Latino Miami 2025.<\/p>\n\n\n\n<p>Los&nbsp;Premios Mart\u00edn Fierro Latino Miami 2025&nbsp;se podr\u00e1n ver en vivo el 23 de noviembre a partir de las 21:00 horas (hora de Argentina), por DNEWS, la se\u00f1al latinoamericana de noticias presente en los canales 700 y 1700 HD de DIRECTV.<\/p>\n\n\n\n<p>Adem\u00e1s, se emitir\u00e1 por DSHOW, la se\u00f1al exclusiva dedicada a conciertos, entrevistas con artistas y videoclips, disponible en los canales 127 y 1127 HD de DIRECTV, y por SAMTV MIAMI, el canal de YouTube de Semanario Argentino Miami, productora oficial del evento.<\/p>\n\n\n\n<p><strong>LISTA COMPLETA DE LOS NOMINADOS<\/strong><\/p>\n\n\n\n<p><strong>Actualidad e Inter\u00e9s General<\/strong><\/p>\n\n\n\n<p>Presidentes, m\u00e1s all\u00e1 del poder &#8211; Canal 4 (URUGUAY)<\/p>\n\n\n\n<p>La Clave con Alfredo Leuco &#8211; DNEWS (LATINOAM\u00c9RICA)<\/p>\n\n\n\n<p>Si\u00e9ntese quien pueda &#8211; Univisi\u00f3n (USA)<\/p>\n\n\n\n<p>Desayuno Americano &#8211; Am\u00e9rica TV (ARGENTINA)<\/p>\n\n\n\n<p>LAM, Mandarina Contenidos, Am\u00e9rica (ARGENTINA)<\/p>\n\n\n\n<p><strong>Talk Show<\/strong><\/p>\n\n\n\n<p>&#8220;Carmen Gloria a tu servicio&#8221; &#8211; TVN (CHILE)<\/p>\n\n\n\n<p>&#8220;Directo con Teutel\u00f3&#8221; &#8211; Am\u00e9rica TeVe (USA)<\/p>\n\n\n\n<p>Desiguales &#8211; Univisi\u00f3n (USA)<\/p>\n\n\n\n<p><strong>Mejor Presentador<\/strong><\/p>\n\n\n\n<p>Daniel Fuenzalida &#8211; TVN (CHILE)<\/p>\n\n\n\n<p>Samir Saba &#8211; RTVD (REP\u00daBLICA DOMINICANA)<\/p>\n\n\n\n<p>Sergio Goycochea &#8211; DSPORTS (LATINOAM\u00c9RICA)<\/p>\n\n\n\n<p>Martin C\u00e1rcamo &#8211; Canal 13 (CHILE)<\/p>\n\n\n\n<p>Sebasti\u00e1n Vignolo &#8211; ESPN (ARGENTINA)<\/p>\n\n\n\n<p><strong>Mejor Presentadora<\/strong><\/p>\n\n\n\n<p>Mar\u00eda Luisa Godoy &#8211; TVN (CHILE)<\/p>\n\n\n\n<p>Priscila Vargas &#8211; Canal 13 (CHILE)<\/p>\n\n\n\n<p>Pamela David &#8211; Am\u00e9rica (ARGENTINA)<\/p>\n\n\n\n<p>Karina Vimonte &#8211; Vive TV (ARGENTINA)<\/p>\n\n\n\n<p><strong>Columnista \/ Cronista Exteriores<\/strong><\/p>\n\n\n\n<p>Jos\u00e9 Mar\u00eda Del Pino &#8211; Canal 13 (CHILE)<\/p>\n\n\n\n<p>Andrea Est\u00e9vez &#8211; Univisi\u00f3n &#8211; (USA)<\/p>\n\n\n\n<p>Jer\u00f3nimo Mura &#8211; Telemundo (USA)<\/p>\n\n\n\n<p>Oscar Pyzyk &#8211; Mega TV (USA)<\/p>\n\n\n\n<p><strong>Reality Show<\/strong><\/p>\n\n\n\n<p>Mundos Opuestos &#8211; Canal 13 (CHILE)<\/p>\n\n\n\n<p>Esto es guerra &#8211; Am\u00e9rica Televisi\u00f3n (PER\u00da)<\/p>\n\n\n\n<p>La Isla &#8211; Telemundo (USA)<\/p>\n\n\n\n<p><strong>Noticiero<\/strong><\/p>\n\n\n\n<p>DNEWS al D\u00eda, con Dar\u00edo Mizrahi &#8211; DNEWS (LATINOAM\u00c9RICA)<\/p>\n\n\n\n<p>Las Noticias Prime &#8211; Teleonce (PUERTO RICO)<\/p>\n\n\n\n<p>La entrevista &#8211; EVTV Miami (USA)<\/p>\n\n\n\n<p>Am\u00e9rica Noticias, 2da Edici\u00f3n \u2013 Am\u00e9rica TV (PARAGUAY)<\/p>\n\n\n\n<p><strong>Labor Period\u00edstica<\/strong><\/p>\n\n\n\n<p>Mart\u00edn Campos Witzel &#8211; Canal 26 (ARGENTINA)<\/p>\n\n\n\n<p>Melisa Zurita &#8211; TN, Telecinco, CNN (USA)<\/p>\n\n\n\n<p>Mauro Z &#8211; Am\u00e9rica TV (ARGENTINA)<\/p>\n\n\n\n<p><strong>Magazine<\/strong><\/p>\n\n\n\n<p>El Medio D\u00eda &#8211; TVN (CHILE)<\/p>\n\n\n\n<p>Directo con Teutel\u00f3 &#8211; Am\u00e9rica TeVe (USA)<\/p>\n\n\n\n<p>Tu d\u00eda &#8211; CANAL 13 (CHILE)<\/p>\n\n\n\n<p>A la Tarde &#8211; Am\u00e9rica TV (ARGENTINA)<\/p>\n\n\n\n<p>DDM, El diario de Mariana, Mandarina Contenidos, Am\u00e9rica TV (ARGENTINA)<\/p>\n\n\n\n<p><strong>Programa musical en TV y Plataformas<\/strong><\/p>\n\n\n\n<p>Mi nombre es &#8211; TVN (CHILE)<\/p>\n\n\n\n<p>Plim, Plim &#8211; El canal de Plim Plim (USA)<\/p>\n\n\n\n<p>REALM26 &#8211; RealM26 Youtube (USA)<\/p>\n\n\n\n<p><strong>Cultural y Educativo<\/strong><\/p>\n\n\n\n<p>&#8220;Los 100 a\u00f1os de la Torre de la Libertad&#8221; &#8211; Telemundo (USA)<\/p>\n\n\n\n<p>Argentina de pel\u00edculas &#8211; Am\u00e9rica TV (ARGENTINA)<\/p>\n\n\n\n<p>De Chiclayo al Vaticano &#8220;El Camino del Papa&#8221; &#8211; Youtube (PER\u00da)<\/p>\n\n\n\n<p>Salud, Bienestar y Estilo de Vida en TV y Plataformas<\/p>\n\n\n\n<p>Celia Antonini &#8211; Divulgadora sobre salud Mental &#8211; A24 &#8211; Am\u00e9rica &#8211; Canal 9 (ARGENTINA)<\/p>\n\n\n\n<p>ADN Buena Salud &#8211; Am\u00e9rica TV (ARGENTINA)<\/p>\n\n\n\n<p>El Enemigo Invisible &#8211; Telemundo 44 (USA)<\/p>\n\n\n\n<p>Drbeauty &#8211; Canal Net \/ Caras (ARGENTINA)<\/p>\n\n\n\n<p>Charla y Matecito &#8211; Youtube (ARGENTINA)<\/p>\n\n\n\n<p>Es lo que hay &#8211; Youtube \u2013 (PER\u00da)<\/p>\n\n\n\n<p><strong>Viajes y Turismo TV<\/strong><\/p>\n\n\n\n<p>Todos Podemos Viajar &#8211; NETV (ARGENTINA)<\/p>\n\n\n\n<p>Ten\u00e9s que ir &#8211; Canal 9 (ARGENTINA)<\/p>\n\n\n\n<p>El Clan, en busca de la Aventura &#8211; Canal 13 (CHILE)<\/p>\n\n\n\n<p><strong>Producci\u00f3n Integral<\/strong><\/p>\n\n\n\n<p>Cobertura Mundial de Clubes &#8211; DSPORTS \u2013 (LATINOAM\u00c9RICA)<\/p>\n\n\n\n<p>Hablemos por hablar &#8211; Vorterix (ARGENTINA)<\/p>\n\n\n\n<p>Familia Narco &#8211; DNEWS \u2013 (LATINOAM\u00c9RICA)<\/p>\n\n\n\n<p>Secretos verdaderos &#8211; Am\u00e9rica TV (ARGENTINA)<\/p>\n\n\n\n<p>La Casa del Kun Ag\u00fcero &#8211; ESPN<\/p>\n\n\n\n<p><strong>Humor y Entretenimiento<\/strong><\/p>\n\n\n\n<p>Ahora Caigo &#8211; TVN (CHILE)<\/p>\n\n\n\n<p>El Toro loco TV Show &#8211; Mega TV (USA)<\/p>\n\n\n\n<p>Cien Mexicanos Vip &#8211; Azteca UNO (M\u00c9XICO)<\/p>\n\n\n\n<p><strong>Mejor Conducci\u00f3n Radio AM\/FM<\/strong><\/p>\n\n\n\n<p>Diego Bas &#8211; Actualidad Radio (USA)<\/p>\n\n\n\n<p>Carolina Resch &#8211; La Poderosa (USA)<\/p>\n\n\n\n<p>Rodo Herrera &#8211; Radio Colonia \u2013 (ARGENTINA\/URUGUAY)<\/p>\n\n\n\n<p><strong>Programa de Radio AM\/FM<\/strong><\/p>\n\n\n\n<p>Con sabor argentino &#8211; Actualidad Radio (USA)<\/p>\n\n\n\n<p>Discorama &#8211; Radio con Vos (ARGENTINA)<\/p>\n\n\n\n<p>Frecuencia Show &#8211; Radio Vox (ARGENTINA)<\/p>\n\n\n\n<p>Florida al D\u00eda &#8211; Am\u00e9rica Radio (USA)<\/p>\n\n\n\n<p><strong>Influencer<\/strong><\/p>\n\n\n\n<p>Gonzalo Gobich (USA)<\/p>\n\n\n\n<p>Juan de Montreal (USA)<\/p>\n\n\n\n<p>Jos\u00e9 Gonzalo Bulacio (USA)<\/p>\n\n\n\n<p>Alexander Otaola (USA)<\/p>\n\n\n\n<p>German Pinte\u00f1o (ARGENTINA)<\/p>\n\n\n\n<p>Brisa Florent\u00edn (ARGENTINA)<\/p>\n\n\n\n<p><strong>Revelaci\u00f3n<\/strong><\/p>\n\n\n\n<p>Andrea Vanesa Aspromonte &#8211; SPROM YOUTUBE (ARGENTINA)<\/p>\n\n\n\n<p>Alexia Ferro &#8211; Buscando a Messi (USA)<\/p>\n\n\n\n<p>Manuel Cabrera &#8211; Con los amis Podcast (USA)<\/p>\n\n\n\n<p>Maru Gandolfo &#8211; Chicas Guapas &#8211; Rosa Marchita (ARGENTINA)<\/p>\n\n\n\n<p>Antonella Fredianelli &#8211; TyC Sports Internacional (USA)<\/p>\n\n\n\n<p><strong>Contenido de Actualidad en Plataformas<\/strong><\/p>\n\n\n\n<p>El Arranque &#8211; Radio Z\u00f3nica (ARGENTINA)<\/p>\n\n\n\n<p>Inmigraci\u00f3n TV &#8211; Youtube (USA)<\/p>\n\n\n\n<p>Esteban Mirol &#8211; Youtube (ARGENTINA)<\/p>\n\n\n\n<p><strong>Programa Deportivo en Televisi\u00f3n<\/strong><\/p>\n\n\n\n<p>Modo F\u00fatbol &#8211; Telemundo (USA)<\/p>\n\n\n\n<p>Sportscenter &#8211; ESPN \u2013 (ARGENTINA)<\/p>\n\n\n\n<p>Club Miami &#8211; TYC Sports Internacional (USA)<\/p>\n\n\n\n<p>F\u00fatbol Total &#8211; DSPORTS (LATINOAM\u00c9RICA)<\/p>\n\n\n\n<p>F90 &#8211; ESPN (ARGENTINA)<\/p>\n\n\n\n<p>F12 &#8211; ESPN (ARGENTINA)<\/p>\n\n\n\n<p><strong>Programa de Espect\u00e1culos en Televisi\u00f3n<\/strong><\/p>\n\n\n\n<p>SQP, S\u00e1lvese quien pueda, Mandarina Contenidos, Am\u00e9rica (ARGENTINA)<\/p>\n\n\n\n<p>Mi Mejor versi\u00f3n &#8211; Magazine TV (ARGENTINA)<\/p>\n\n\n\n<p>Intrusos &#8211; Am\u00e9rica TV (ARGENTINA)<\/p>\n\n\n\n<p><strong>Contenido de Investigaci\u00f3n Period\u00edstica en Plataformas<\/strong><\/p>\n\n\n\n<p>Fabio Ostroviecki &#8211; Youtube (ARGENTINA)<\/p>\n\n\n\n<p>H\u00e9ctor Rossi Trasnoche Paranormal &#8211; Youtube (ARGENTINA)<\/p>\n\n\n\n<p>Esteban Mirol (ARGENTINA)<\/p>\n\n\n\n<p>Latinos por el Mundo<\/p>\n\n\n\n<p>Alexander Otaola &#8211; Cubanos por el mundo (USA)<\/p>\n\n\n\n<p>Roxana Salerno (USA)<\/p>\n\n\n\n<p>Lucas Hudak &#8211; Travel Luke (ARGENTINA)<\/p>\n\n\n\n<p>Julio Oyhanarte &#8211; InmigracionTV (USA)<\/p>\n\n\n\n<p>Ariel Leguiza &#8211; Gastrotur, Argentina por el mundo &#8211; Youtube (ESPA\u00d1A)<\/p>\n\n\n\n<p>Presentador\/a Viajes y Turismo TV y Plataformas<\/p>\n\n\n\n<p>Mirtha Edith G\u00f3mez &#8220;Mundo Visual&#8221; (ARGENTINA)<\/p>\n\n\n\n<p>Cristhian Gassmann &#8211; Miamix Viajes y Turismo (USA)<\/p>\n\n\n\n<p>Florencia Pereyra &#8211; Miami Riders (USA)<\/p>\n\n\n\n<p><strong>Canal de Streaming<\/strong><\/p>\n\n\n\n<p>Radio Z\u00f3nica (ARGENTINA)<\/p>\n\n\n\n<p>Las lenguas de Se\u00f1as TV (PARAGUAY)<\/p>\n\n\n\n<p>Con los amis Podcast (USA)<\/p>\n\n\n\n<p>RealM26 (USA)<\/p>\n\n\n\n<p>DGO STREAM (LATINOAM\u00c9RICA)<\/p>\n\n\n\n<p><strong>Documental en Plataformas<\/strong><\/p>\n\n\n\n<p>Tiempo de Florecer &#8211; Stefani Gamboa TV (USA)<\/p>\n\n\n\n<p>Cubanos por el Mundo &#8211; Alex Otaola Youtube (USA)<\/p>\n\n\n\n<p>\u00c1rea 51, estuve all\u00ed y esto fue lo que encontr\u00e9 &#8211; Jany Gonz\u00e1lez Youtube (USA)<\/p>\n\n\n\n<p>Adolfo Cambiaso, el nombre del Polo &#8211; Disney + (USA)<\/p>\n\n\n\n<p><strong>Programa Infantil en TV y Plataformas<\/strong><\/p>\n\n\n\n<p>La granja de Zen\u00f3n, Reino Infantil &#8211; Youtube &#8211; (USA)<\/p>\n\n\n\n<p>Moster Buu Band &#8211; Youtube (ARGENTINA)<\/p>\n\n\n\n<p>Plim Plim &#8211; El canal de Plim Plim &#8211; Youtube (USA)<\/p>\n\n\n\n<p>Efecto N &#8211; TVN (CHILE)<\/p>\n\n\n\n<p><strong>Contenido Argentino en Estados Unidos<\/strong><\/p>\n\n\n\n<p>Club Miami &#8211; TYC Sports Internacional (MIAMI)<\/p>\n\n\n\n<p>Sin Pistas &#8211; SIN PISTAS TV (USA)<\/p>\n\n\n\n<p>Inmigraci\u00f3n TV &#8211; Inmigraci\u00f3n TV Youtube (USA)<\/p>\n\n\n\n<p>El Show del Pastor y Juancito &#8211; Leo Miami Sports (USA)<\/p>\n\n\n\n<p><strong>Contenido de Inteligencia Artificial en TV y Plataformas<\/strong><\/p>\n\n\n\n<p>Ciencia, Innovaci\u00f3n y tecnolog\u00eda (TV4.0 &#8211; Youtube) (ARGENTINA)<\/p>\n\n\n\n<p>Furor Studio &#8211; La Mary con Susana Gim\u00e9nez &#8211; (Telef\u00e9) (ARGENTINA)<\/p>\n\n\n\n<p>IA para el Mundo &#8211; (StreamIA &#8211; Youtube) (ARGENTINA)<\/p>\n\n\n\n<p><strong>Contenido Deportivo en Plataformas<\/strong><\/p>\n\n\n\n<p>Transmisi\u00f3n Inter Miami &#8211; Deportes Radio 760 (USA)<\/p>\n\n\n\n<p>Copa potrero (ESPN Argentina)<\/p>\n\n\n\n<p>Mundial sobre Ruedas DGO STREAM (LATINOAM\u00c9RICA)<\/p>\n\n\n\n<p><strong>Contenido de Espect\u00e1culos en Plataformas<\/strong><\/p>\n\n\n\n<p>Visionshow &#8211; Instagram &#8211; Youtube (ARGENTINA)<\/p>\n\n\n\n<p>All Access &#8211; DGO STREAM (LATINOAM\u00c9RICA)<\/p>\n\n\n\n<p>Entre Maite y Mate con Maite Pe\u00f1o\u00f1ori &#8211; Youtube (USA)<\/p>\n\n\n\n<p>Dann Creator &#8211; @danncreator &#8211; Instagram (USA)<\/p>\n\n\n\n<p><\/p>\n","protected":false},"excerpt":{"rendered":"<p>Los&nbsp;Mart\u00edn Fierro Latino&nbsp;son los premios organizados por la Asociaci\u00f3n de Periodistas de la Televisi\u00f3n y la Radiofon\u00eda Argentinas (APTRA) a producciones radiales y televisivas latinoamericanas. La primera edici\u00f3n se realiz\u00f3 en Miami, Estados Unidos, el 27 de noviembre de 2023. El 22 de noviembre de 2024 se realiz\u00f3 su segunda edici\u00f3n en la misma ciudad [&hellip;]<\/p>\n","protected":false},"author":3,"featured_media":26687,"comment_status":"open","ping_status":"closed","sticky":false,"template":"","format":"standard","meta":{"footnotes":""},"categories":[34],"tags":[],"class_list":{"0":"post-26686","1":"post","2":"type-post","3":"status-publish","4":"format-standard","5":"has-post-thumbnail","7":"category-arte"},"yoast_head":"<!-- This site is optimized with the Yoast SEO plugin v27.5 - https:\/\/yoast.com\/product\/yoast-seo-wordpress\/ -->\n<title>SE ACERCA LA ENTREGA DE LOS MART\u00cdN FIERRO LATINO MIAMI 2025 - Sergio Lapegue<\/title>\n<meta name=\"robots\" content=\"index, follow, max-snippet:-1, max-image-preview:large, max-video-preview:-1\" \/>\n<link rel=\"canonical\" href=\"https:\/\/sergiolapegue.com\/site\/2025\/11\/12\/se-acerca-la-entrega-de-los-martin-fierro-latino-miami-2025\/\" \/>\n<meta property=\"og:locale\" content=\"es_ES\" \/>\n<meta property=\"og:type\" content=\"article\" \/>\n<meta property=\"og:title\" content=\"SE ACERCA LA ENTREGA DE LOS MART\u00cdN FIERRO LATINO MIAMI 2025 - Sergio Lapegue\" \/>\n<meta property=\"og:description\" content=\"Los&nbsp;Mart\u00edn Fierro Latino&nbsp;son los premios organizados por la Asociaci\u00f3n de Periodistas de la Televisi\u00f3n y la Radiofon\u00eda Argentinas (APTRA) a producciones radiales y televisivas latinoamericanas. La primera edici\u00f3n se realiz\u00f3 en Miami, Estados Unidos, el 27 de noviembre de 2023. El 22 de noviembre de 2024 se realiz\u00f3 su segunda edici\u00f3n en la misma ciudad [&hellip;]\" \/>\n<meta property=\"og:url\" content=\"https:\/\/sergiolapegue.com\/site\/2025\/11\/12\/se-acerca-la-entrega-de-los-martin-fierro-latino-miami-2025\/\" \/>\n<meta property=\"og:site_name\" content=\"Sergio Lapegue\" \/>\n<meta property=\"article:publisher\" content=\"https:\/\/facebook.com\/sergiolapegue\" \/>\n<meta property=\"article:author\" content=\"https:\/\/facebook.com\/danielernesto.montana\" \/>\n<meta property=\"article:published_time\" content=\"2025-11-12T04:00:00+00:00\" \/>\n<meta property=\"og:image\" content=\"https:\/\/sergiolapegue.com\/site\/wp-content\/uploads\/2025\/11\/Se-acerca-la-entrega-de-los-Martin-Fierro-Latino-Miami-2025.jpg\" \/>\n\t<meta property=\"og:image:width\" content=\"812\" \/>\n\t<meta property=\"og:image:height\" content=\"604\" \/>\n\t<meta property=\"og:image:type\" content=\"image\/jpeg\" \/>\n<meta name=\"author\" content=\"Daniel E. Monta\u00f1a\" \/>\n<meta name=\"twitter:card\" content=\"summary_large_image\" \/>\n<meta name=\"twitter:creator\" content=\"@https:\/\/twitter.com\/daner_004\" \/>\n<meta name=\"twitter:site\" content=\"@sergiolapegue\" \/>\n<meta name=\"twitter:label1\" content=\"Escrito por\" \/>\n\t<meta name=\"twitter:data1\" content=\"Daniel E. Monta\u00f1a\" \/>\n\t<meta name=\"twitter:label2\" content=\"Tiempo de lectura\" \/>\n\t<meta name=\"twitter:data2\" content=\"6 minutos\" \/>\n<script type=\"application\/ld+json\" class=\"yoast-schema-graph\">{\"@context\":\"https:\\\/\\\/schema.org\",\"@graph\":[{\"@type\":\"Article\",\"@id\":\"https:\\\/\\\/sergiolapegue.com\\\/site\\\/2025\\\/11\\\/12\\\/se-acerca-la-entrega-de-los-martin-fierro-latino-miami-2025\\\/#article\",\"isPartOf\":{\"@id\":\"https:\\\/\\\/sergiolapegue.com\\\/site\\\/2025\\\/11\\\/12\\\/se-acerca-la-entrega-de-los-martin-fierro-latino-miami-2025\\\/\"},\"author\":{\"name\":\"Daniel E. Monta\u00f1a\",\"@id\":\"https:\\\/\\\/sergiolapegue.com\\\/site\\\/#\\\/schema\\\/person\\\/9198e7dbab43c6d74d0fd5399af7c3cd\"},\"headline\":\"SE ACERCA LA ENTREGA DE LOS MART\u00cdN FIERRO LATINO MIAMI 2025\",\"datePublished\":\"2025-11-12T04:00:00+00:00\",\"mainEntityOfPage\":{\"@id\":\"https:\\\/\\\/sergiolapegue.com\\\/site\\\/2025\\\/11\\\/12\\\/se-acerca-la-entrega-de-los-martin-fierro-latino-miami-2025\\\/\"},\"wordCount\":1264,\"commentCount\":0,\"publisher\":{\"@id\":\"https:\\\/\\\/sergiolapegue.com\\\/site\\\/#\\\/schema\\\/person\\\/083aeceeb0734cd166779ea6c0551a37\"},\"image\":{\"@id\":\"https:\\\/\\\/sergiolapegue.com\\\/site\\\/2025\\\/11\\\/12\\\/se-acerca-la-entrega-de-los-martin-fierro-latino-miami-2025\\\/#primaryimage\"},\"thumbnailUrl\":\"https:\\\/\\\/sergiolapegue.com\\\/site\\\/wp-content\\\/uploads\\\/2025\\\/11\\\/Se-acerca-la-entrega-de-los-Martin-Fierro-Latino-Miami-2025.jpg\",\"articleSection\":[\"Arte\"],\"inLanguage\":\"es-AR\",\"potentialAction\":[{\"@type\":\"CommentAction\",\"name\":\"Comment\",\"target\":[\"https:\\\/\\\/sergiolapegue.com\\\/site\\\/2025\\\/11\\\/12\\\/se-acerca-la-entrega-de-los-martin-fierro-latino-miami-2025\\\/#respond\"]}]},{\"@type\":\"WebPage\",\"@id\":\"https:\\\/\\\/sergiolapegue.com\\\/site\\\/2025\\\/11\\\/12\\\/se-acerca-la-entrega-de-los-martin-fierro-latino-miami-2025\\\/\",\"url\":\"https:\\\/\\\/sergiolapegue.com\\\/site\\\/2025\\\/11\\\/12\\\/se-acerca-la-entrega-de-los-martin-fierro-latino-miami-2025\\\/\",\"name\":\"SE ACERCA LA ENTREGA DE LOS MART\u00cdN FIERRO LATINO MIAMI 2025 - Sergio Lapegue\",\"isPartOf\":{\"@id\":\"https:\\\/\\\/sergiolapegue.com\\\/site\\\/#website\"},\"primaryImageOfPage\":{\"@id\":\"https:\\\/\\\/sergiolapegue.com\\\/site\\\/2025\\\/11\\\/12\\\/se-acerca-la-entrega-de-los-martin-fierro-latino-miami-2025\\\/#primaryimage\"},\"image\":{\"@id\":\"https:\\\/\\\/sergiolapegue.com\\\/site\\\/2025\\\/11\\\/12\\\/se-acerca-la-entrega-de-los-martin-fierro-latino-miami-2025\\\/#primaryimage\"},\"thumbnailUrl\":\"https:\\\/\\\/sergiolapegue.com\\\/site\\\/wp-content\\\/uploads\\\/2025\\\/11\\\/Se-acerca-la-entrega-de-los-Martin-Fierro-Latino-Miami-2025.jpg\",\"datePublished\":\"2025-11-12T04:00:00+00:00\",\"breadcrumb\":{\"@id\":\"https:\\\/\\\/sergiolapegue.com\\\/site\\\/2025\\\/11\\\/12\\\/se-acerca-la-entrega-de-los-martin-fierro-latino-miami-2025\\\/#breadcrumb\"},\"inLanguage\":\"es-AR\",\"potentialAction\":[{\"@type\":\"ReadAction\",\"target\":[\"https:\\\/\\\/sergiolapegue.com\\\/site\\\/2025\\\/11\\\/12\\\/se-acerca-la-entrega-de-los-martin-fierro-latino-miami-2025\\\/\"]}]},{\"@type\":\"ImageObject\",\"inLanguage\":\"es-AR\",\"@id\":\"https:\\\/\\\/sergiolapegue.com\\\/site\\\/2025\\\/11\\\/12\\\/se-acerca-la-entrega-de-los-martin-fierro-latino-miami-2025\\\/#primaryimage\",\"url\":\"https:\\\/\\\/sergiolapegue.com\\\/site\\\/wp-content\\\/uploads\\\/2025\\\/11\\\/Se-acerca-la-entrega-de-los-Martin-Fierro-Latino-Miami-2025.jpg\",\"contentUrl\":\"https:\\\/\\\/sergiolapegue.com\\\/site\\\/wp-content\\\/uploads\\\/2025\\\/11\\\/Se-acerca-la-entrega-de-los-Martin-Fierro-Latino-Miami-2025.jpg\",\"width\":812,\"height\":604},{\"@type\":\"BreadcrumbList\",\"@id\":\"https:\\\/\\\/sergiolapegue.com\\\/site\\\/2025\\\/11\\\/12\\\/se-acerca-la-entrega-de-los-martin-fierro-latino-miami-2025\\\/#breadcrumb\",\"itemListElement\":[{\"@type\":\"ListItem\",\"position\":1,\"name\":\"Inicio\",\"item\":\"https:\\\/\\\/sergiolapegue.com\\\/site\\\/\"},{\"@type\":\"ListItem\",\"position\":2,\"name\":\"SE ACERCA LA ENTREGA DE LOS MART\u00cdN FIERRO LATINO MIAMI 2025\"}]},{\"@type\":\"WebSite\",\"@id\":\"https:\\\/\\\/sergiolapegue.com\\\/site\\\/#website\",\"url\":\"https:\\\/\\\/sergiolapegue.com\\\/site\\\/\",\"name\":\"Sergio Lapegue\",\"description\":\"Periodista\",\"publisher\":{\"@id\":\"https:\\\/\\\/sergiolapegue.com\\\/site\\\/#\\\/schema\\\/person\\\/083aeceeb0734cd166779ea6c0551a37\"},\"potentialAction\":[{\"@type\":\"SearchAction\",\"target\":{\"@type\":\"EntryPoint\",\"urlTemplate\":\"https:\\\/\\\/sergiolapegue.com\\\/site\\\/?s={search_term_string}\"},\"query-input\":{\"@type\":\"PropertyValueSpecification\",\"valueRequired\":true,\"valueName\":\"search_term_string\"}}],\"inLanguage\":\"es-AR\"},{\"@type\":[\"Person\",\"Organization\"],\"@id\":\"https:\\\/\\\/sergiolapegue.com\\\/site\\\/#\\\/schema\\\/person\\\/083aeceeb0734cd166779ea6c0551a37\",\"name\":\"Sergio Lapegue\",\"image\":{\"@type\":\"ImageObject\",\"inLanguage\":\"es-AR\",\"@id\":\"https:\\\/\\\/sergiolapegue.com\\\/site\\\/wp-content\\\/uploads\\\/2021\\\/04\\\/logo_header-1.png\",\"url\":\"https:\\\/\\\/sergiolapegue.com\\\/site\\\/wp-content\\\/uploads\\\/2021\\\/04\\\/logo_header-1.png\",\"contentUrl\":\"https:\\\/\\\/sergiolapegue.com\\\/site\\\/wp-content\\\/uploads\\\/2021\\\/04\\\/logo_header-1.png\",\"width\":272,\"height\":90,\"caption\":\"Sergio Lapegue\"},\"logo\":{\"@id\":\"https:\\\/\\\/sergiolapegue.com\\\/site\\\/wp-content\\\/uploads\\\/2021\\\/04\\\/logo_header-1.png\"},\"sameAs\":[\"https:\\\/\\\/facebook.com\\\/sergiolapegue\",\"https:\\\/\\\/instagram.com\\\/sergiolapegue\",\"https:\\\/\\\/x.com\\\/https:\\\/\\\/twitter.com\\\/sergiolapegue\"]},{\"@type\":\"Person\",\"@id\":\"https:\\\/\\\/sergiolapegue.com\\\/site\\\/#\\\/schema\\\/person\\\/9198e7dbab43c6d74d0fd5399af7c3cd\",\"name\":\"Daniel E. Monta\u00f1a\",\"image\":{\"@type\":\"ImageObject\",\"inLanguage\":\"es-AR\",\"@id\":\"https:\\\/\\\/sergiolapegue.com\\\/site\\\/wp-content\\\/uploads\\\/2021\\\/04\\\/sl_avatar_Daniel-150x150.jpg\",\"url\":\"https:\\\/\\\/sergiolapegue.com\\\/site\\\/wp-content\\\/uploads\\\/2021\\\/04\\\/sl_avatar_Daniel-150x150.jpg\",\"contentUrl\":\"https:\\\/\\\/sergiolapegue.com\\\/site\\\/wp-content\\\/uploads\\\/2021\\\/04\\\/sl_avatar_Daniel-150x150.jpg\",\"caption\":\"Daniel E. Monta\u00f1a\"},\"sameAs\":[\"https:\\\/\\\/facebook.com\\\/danielernesto.montana\",\"https:\\\/\\\/instagram.com\\\/daniel_montana1961\",\"https:\\\/\\\/x.com\\\/https:\\\/\\\/twitter.com\\\/daner_004\"],\"url\":\"https:\\\/\\\/sergiolapegue.com\\\/site\\\/author\\\/daniel\\\/\"}]}<\/script>\n<!-- \/ Yoast SEO plugin. -->","yoast_head_json":{"title":"SE ACERCA LA ENTREGA DE LOS MART\u00cdN FIERRO LATINO MIAMI 2025 - Sergio Lapegue","robots":{"index":"index","follow":"follow","max-snippet":"max-snippet:-1","max-image-preview":"max-image-preview:large","max-video-preview":"max-video-preview:-1"},"canonical":"https:\/\/sergiolapegue.com\/site\/2025\/11\/12\/se-acerca-la-entrega-de-los-martin-fierro-latino-miami-2025\/","og_locale":"es_ES","og_type":"article","og_title":"SE ACERCA LA ENTREGA DE LOS MART\u00cdN FIERRO LATINO MIAMI 2025 - Sergio Lapegue","og_description":"Los&nbsp;Mart\u00edn Fierro Latino&nbsp;son los premios organizados por la Asociaci\u00f3n de Periodistas de la Televisi\u00f3n y la Radiofon\u00eda Argentinas (APTRA) a producciones radiales y televisivas latinoamericanas. La primera edici\u00f3n se realiz\u00f3 en Miami, Estados Unidos, el 27 de noviembre de 2023. El 22 de noviembre de 2024 se realiz\u00f3 su segunda edici\u00f3n en la misma ciudad [&hellip;]","og_url":"https:\/\/sergiolapegue.com\/site\/2025\/11\/12\/se-acerca-la-entrega-de-los-martin-fierro-latino-miami-2025\/","og_site_name":"Sergio Lapegue","article_publisher":"https:\/\/facebook.com\/sergiolapegue","article_author":"https:\/\/facebook.com\/danielernesto.montana","article_published_time":"2025-11-12T04:00:00+00:00","og_image":[{"width":812,"height":604,"url":"https:\/\/sergiolapegue.com\/site\/wp-content\/uploads\/2025\/11\/Se-acerca-la-entrega-de-los-Martin-Fierro-Latino-Miami-2025.jpg","type":"image\/jpeg"}],"author":"Daniel E. Monta\u00f1a","twitter_card":"summary_large_image","twitter_creator":"@https:\/\/twitter.com\/daner_004","twitter_site":"@sergiolapegue","twitter_misc":{"Escrito por":"Daniel E. Monta\u00f1a","Tiempo de lectura":"6 minutos"},"schema":{"@context":"https:\/\/schema.org","@graph":[{"@type":"Article","@id":"https:\/\/sergiolapegue.com\/site\/2025\/11\/12\/se-acerca-la-entrega-de-los-martin-fierro-latino-miami-2025\/#article","isPartOf":{"@id":"https:\/\/sergiolapegue.com\/site\/2025\/11\/12\/se-acerca-la-entrega-de-los-martin-fierro-latino-miami-2025\/"},"author":{"name":"Daniel E. Monta\u00f1a","@id":"https:\/\/sergiolapegue.com\/site\/#\/schema\/person\/9198e7dbab43c6d74d0fd5399af7c3cd"},"headline":"SE ACERCA LA ENTREGA DE LOS MART\u00cdN FIERRO LATINO MIAMI 2025","datePublished":"2025-11-12T04:00:00+00:00","mainEntityOfPage":{"@id":"https:\/\/sergiolapegue.com\/site\/2025\/11\/12\/se-acerca-la-entrega-de-los-martin-fierro-latino-miami-2025\/"},"wordCount":1264,"commentCount":0,"publisher":{"@id":"https:\/\/sergiolapegue.com\/site\/#\/schema\/person\/083aeceeb0734cd166779ea6c0551a37"},"image":{"@id":"https:\/\/sergiolapegue.com\/site\/2025\/11\/12\/se-acerca-la-entrega-de-los-martin-fierro-latino-miami-2025\/#primaryimage"},"thumbnailUrl":"https:\/\/sergiolapegue.com\/site\/wp-content\/uploads\/2025\/11\/Se-acerca-la-entrega-de-los-Martin-Fierro-Latino-Miami-2025.jpg","articleSection":["Arte"],"inLanguage":"es-AR","potentialAction":[{"@type":"CommentAction","name":"Comment","target":["https:\/\/sergiolapegue.com\/site\/2025\/11\/12\/se-acerca-la-entrega-de-los-martin-fierro-latino-miami-2025\/#respond"]}]},{"@type":"WebPage","@id":"https:\/\/sergiolapegue.com\/site\/2025\/11\/12\/se-acerca-la-entrega-de-los-martin-fierro-latino-miami-2025\/","url":"https:\/\/sergiolapegue.com\/site\/2025\/11\/12\/se-acerca-la-entrega-de-los-martin-fierro-latino-miami-2025\/","name":"SE ACERCA LA ENTREGA DE LOS MART\u00cdN FIERRO LATINO MIAMI 2025 - Sergio Lapegue","isPartOf":{"@id":"https:\/\/sergiolapegue.com\/site\/#website"},"primaryImageOfPage":{"@id":"https:\/\/sergiolapegue.com\/site\/2025\/11\/12\/se-acerca-la-entrega-de-los-martin-fierro-latino-miami-2025\/#primaryimage"},"image":{"@id":"https:\/\/sergiolapegue.com\/site\/2025\/11\/12\/se-acerca-la-entrega-de-los-martin-fierro-latino-miami-2025\/#primaryimage"},"thumbnailUrl":"https:\/\/sergiolapegue.com\/site\/wp-content\/uploads\/2025\/11\/Se-acerca-la-entrega-de-los-Martin-Fierro-Latino-Miami-2025.jpg","datePublished":"2025-11-12T04:00:00+00:00","breadcrumb":{"@id":"https:\/\/sergiolapegue.com\/site\/2025\/11\/12\/se-acerca-la-entrega-de-los-martin-fierro-latino-miami-2025\/#breadcrumb"},"inLanguage":"es-AR","potentialAction":[{"@type":"ReadAction","target":["https:\/\/sergiolapegue.com\/site\/2025\/11\/12\/se-acerca-la-entrega-de-los-martin-fierro-latino-miami-2025\/"]}]},{"@type":"ImageObject","inLanguage":"es-AR","@id":"https:\/\/sergiolapegue.com\/site\/2025\/11\/12\/se-acerca-la-entrega-de-los-martin-fierro-latino-miami-2025\/#primaryimage","url":"https:\/\/sergiolapegue.com\/site\/wp-content\/uploads\/2025\/11\/Se-acerca-la-entrega-de-los-Martin-Fierro-Latino-Miami-2025.jpg","contentUrl":"https:\/\/sergiolapegue.com\/site\/wp-content\/uploads\/2025\/11\/Se-acerca-la-entrega-de-los-Martin-Fierro-Latino-Miami-2025.jpg","width":812,"height":604},{"@type":"BreadcrumbList","@id":"https:\/\/sergiolapegue.com\/site\/2025\/11\/12\/se-acerca-la-entrega-de-los-martin-fierro-latino-miami-2025\/#breadcrumb","itemListElement":[{"@type":"ListItem","position":1,"name":"Inicio","item":"https:\/\/sergiolapegue.com\/site\/"},{"@type":"ListItem","position":2,"name":"SE ACERCA LA ENTREGA DE LOS MART\u00cdN FIERRO LATINO MIAMI 2025"}]},{"@type":"WebSite","@id":"https:\/\/sergiolapegue.com\/site\/#website","url":"https:\/\/sergiolapegue.com\/site\/","name":"Sergio Lapegue","description":"Periodista","publisher":{"@id":"https:\/\/sergiolapegue.com\/site\/#\/schema\/person\/083aeceeb0734cd166779ea6c0551a37"},"potentialAction":[{"@type":"SearchAction","target":{"@type":"EntryPoint","urlTemplate":"https:\/\/sergiolapegue.com\/site\/?s={search_term_string}"},"query-input":{"@type":"PropertyValueSpecification","valueRequired":true,"valueName":"search_term_string"}}],"inLanguage":"es-AR"},{"@type":["Person","Organization"],"@id":"https:\/\/sergiolapegue.com\/site\/#\/schema\/person\/083aeceeb0734cd166779ea6c0551a37","name":"Sergio Lapegue","image":{"@type":"ImageObject","inLanguage":"es-AR","@id":"https:\/\/sergiolapegue.com\/site\/wp-content\/uploads\/2021\/04\/logo_header-1.png","url":"https:\/\/sergiolapegue.com\/site\/wp-content\/uploads\/2021\/04\/logo_header-1.png","contentUrl":"https:\/\/sergiolapegue.com\/site\/wp-content\/uploads\/2021\/04\/logo_header-1.png","width":272,"height":90,"caption":"Sergio Lapegue"},"logo":{"@id":"https:\/\/sergiolapegue.com\/site\/wp-content\/uploads\/2021\/04\/logo_header-1.png"},"sameAs":["https:\/\/facebook.com\/sergiolapegue","https:\/\/instagram.com\/sergiolapegue","https:\/\/x.com\/https:\/\/twitter.com\/sergiolapegue"]},{"@type":"Person","@id":"https:\/\/sergiolapegue.com\/site\/#\/schema\/person\/9198e7dbab43c6d74d0fd5399af7c3cd","name":"Daniel E. Monta\u00f1a","image":{"@type":"ImageObject","inLanguage":"es-AR","@id":"https:\/\/sergiolapegue.com\/site\/wp-content\/uploads\/2021\/04\/sl_avatar_Daniel-150x150.jpg","url":"https:\/\/sergiolapegue.com\/site\/wp-content\/uploads\/2021\/04\/sl_avatar_Daniel-150x150.jpg","contentUrl":"https:\/\/sergiolapegue.com\/site\/wp-content\/uploads\/2021\/04\/sl_avatar_Daniel-150x150.jpg","caption":"Daniel E. Monta\u00f1a"},"sameAs":["https:\/\/facebook.com\/danielernesto.montana","https:\/\/instagram.com\/daniel_montana1961","https:\/\/x.com\/https:\/\/twitter.com\/daner_004"],"url":"https:\/\/sergiolapegue.com\/site\/author\/daniel\/"}]}},"_links":{"self":[{"href":"https:\/\/sergiolapegue.com\/site\/wp-json\/wp\/v2\/posts\/26686","targetHints":{"allow":["GET"]}}],"collection":[{"href":"https:\/\/sergiolapegue.com\/site\/wp-json\/wp\/v2\/posts"}],"about":[{"href":"https:\/\/sergiolapegue.com\/site\/wp-json\/wp\/v2\/types\/post"}],"author":[{"embeddable":true,"href":"https:\/\/sergiolapegue.com\/site\/wp-json\/wp\/v2\/users\/3"}],"replies":[{"embeddable":true,"href":"https:\/\/sergiolapegue.com\/site\/wp-json\/wp\/v2\/comments?post=26686"}],"version-history":[{"count":1,"href":"https:\/\/sergiolapegue.com\/site\/wp-json\/wp\/v2\/posts\/26686\/revisions"}],"predecessor-version":[{"id":26688,"href":"https:\/\/sergiolapegue.com\/site\/wp-json\/wp\/v2\/posts\/26686\/revisions\/26688"}],"wp:featuredmedia":[{"embeddable":true,"href":"https:\/\/sergiolapegue.com\/site\/wp-json\/wp\/v2\/media\/26687"}],"wp:attachment":[{"href":"https:\/\/sergiolapegue.com\/site\/wp-json\/wp\/v2\/media?parent=26686"}],"wp:term":[{"taxonomy":"category","embeddable":true,"href":"https:\/\/sergiolapegue.com\/site\/wp-json\/wp\/v2\/categories?post=26686"},{"taxonomy":"post_tag","embeddable":true,"href":"https:\/\/sergiolapegue.com\/site\/wp-json\/wp\/v2\/tags?post=26686"}],"curies":[{"name":"wp","href":"https:\/\/api.w.org\/{rel}","templated":true}]}}