{"id":26622,"date":"2025-11-10T01:00:00","date_gmt":"2025-11-10T04:00:00","guid":{"rendered":"https:\/\/sergiolapegue.com\/site\/?p=26622"},"modified":"2025-11-09T17:03:16","modified_gmt":"2025-11-09T20:03:16","slug":"ganadores-de-la-15-edicion-de-los-premios-hugo-2025","status":"publish","type":"post","link":"https:\/\/sergiolapegue.com\/site\/2025\/11\/10\/ganadores-de-la-15-edicion-de-los-premios-hugo-2025\/","title":{"rendered":"GANADORES DE LA 15\u00b0 EDICI\u00d3N DE LOS PREMIOS HUGO 2025"},"content":{"rendered":"\n<p>La&nbsp;Asociaci\u00f3n Civil Premios Hugo&nbsp;entreg\u00f3 las estatuillas correspondientes a la&nbsp;15\u00aa edici\u00f3n&nbsp;de este prestigioso galard\u00f3n, que distingue lo mejor de la actividad del teatro musical en la Argentina. Creados por&nbsp;Ricky Pashkus y Pablo Gorlero, los Premios Hugo celebran el talento, la creatividad y la excelencia de las producciones y artistas que enriquecen el g\u00e9nero.<\/p>\n\n\n\n<p>La ceremonia de entrega de premios se llev\u00f3 a cabo en el&nbsp;Teatro Coliseo, desde las 20.30, con la conducci\u00f3n de Pablo Gorlero y Ricky Pashkus. La impecable transmisi\u00f3n estuvo a cargo, una vez m\u00e1s, por la&nbsp;TV P\u00fablica. All\u00ed concurrieron no s\u00f3lo los nominados sino tambi\u00e9n gran cantidad de artistas pertenecientes al \u00e1mbito del teatro musical. El Premio Hugo de Oro, que se entrega cada cinco a\u00f1os, fue esta vez para el maestro Carlos Gianni, socio art\u00edstico del gran Hugo Mid\u00f3n.&nbsp;El galard\u00f3n a Mejor Musical fue para Despertar de Primavera.<\/p>\n\n\n\n<figure class=\"wp-block-image size-full\"><img loading=\"lazy\" decoding=\"async\" width=\"1000\" height=\"667\" src=\"https:\/\/sergiolapegue.com\/site\/wp-content\/uploads\/2025\/11\/Ganadores-de-la-15-Edicion-Premios-Hugo-2025-In-memoriam-Damian-Maler-1.jpg\" alt=\"\" class=\"wp-image-26624\" srcset=\"https:\/\/sergiolapegue.com\/site\/wp-content\/uploads\/2025\/11\/Ganadores-de-la-15-Edicion-Premios-Hugo-2025-In-memoriam-Damian-Maler-1.jpg 1000w, https:\/\/sergiolapegue.com\/site\/wp-content\/uploads\/2025\/11\/Ganadores-de-la-15-Edicion-Premios-Hugo-2025-In-memoriam-Damian-Maler-1-300x200.jpg 300w, https:\/\/sergiolapegue.com\/site\/wp-content\/uploads\/2025\/11\/Ganadores-de-la-15-Edicion-Premios-Hugo-2025-In-memoriam-Damian-Maler-1-768x512.jpg 768w, https:\/\/sergiolapegue.com\/site\/wp-content\/uploads\/2025\/11\/Ganadores-de-la-15-Edicion-Premios-Hugo-2025-In-memoriam-Damian-Maler-1-630x420.jpg 630w, https:\/\/sergiolapegue.com\/site\/wp-content\/uploads\/2025\/11\/Ganadores-de-la-15-Edicion-Premios-Hugo-2025-In-memoriam-Damian-Maler-1-696x464.jpg 696w\" sizes=\"auto, (max-width: 1000px) 100vw, 1000px\" \/><\/figure>\n\n\n\n<p>La ceremonia estuvo repleta de sorpresas.&nbsp;La que gener\u00f3 mayor fervor fue la presencia de Alice Ripley&nbsp;(protagonista de la producci\u00f3n original de Broadway de&nbsp;\u201cNext to Normal\u201d), que interpret\u00f3 la canci\u00f3n \u201cSin las monta\u00f1as\u201d, que actualmente hace en el espect\u00e1culo&nbsp;\u201cNext to Normal Inmersive\u201d. El cuadro de&nbsp;Obertura, de gran despliegue, cont\u00f3 con la participaci\u00f3n de un elenco de&nbsp;24 cantantes y bailarines. La canci\u00f3n, compuesta por&nbsp;Fernando Nazar, result\u00f3 ganadora del concurso Marcelo Andino, y tuvo la direcci\u00f3n general de&nbsp;Pablo Gorlero, la direcci\u00f3n coreogr\u00e1fica de&nbsp;Georgina Tirotta; y la direcci\u00f3n vocal de&nbsp;Gabriel Giangrante. Luego se destacaron los cuadros pertenecientes a los musicales nominados:&nbsp;\u201cLa sirenita\u201d, \u201cDespertar de primavera\u201d y \u201cLa revista del Cervantes\u201d.&nbsp;La nueva generaci\u00f3n del musical&nbsp;cont\u00f3 con su propio cuadro, dirigido por&nbsp;Ricky Pashkus; y el momento&nbsp;\u201cIn Memoriam\u201d&nbsp;conmovi\u00f3 a todos por la ejecuci\u00f3n en piano de una suite de obras de&nbsp;\u00c1ngel Mahler,&nbsp;en el talento de su hijo Dami\u00e1n.<\/p>\n\n\n\n<p>Esta 15\u00aa edici\u00f3n de los Premios Hugo cont\u00f3 con el valioso apoyo de la Fundaci\u00f3n Santander Argentina, para reafirmar el compromiso de Santander con la cultura, el arte y la educaci\u00f3n del pa\u00eds a trav\u00e9s de Mecenazgo Cultural, el programa del Ministerio de Cultura de la Ciudad, que impulsa proyectos art\u00edsticos-culturales.&nbsp;<br>Para m\u00e1s informaci\u00f3n sobre las nominaciones y la ceremonia, puede visitar el siguiente link:&nbsp;<a href=\"https:\/\/tpagencia.tr.pemsv01.net\/c\/eyJhIjoidHBhZ2VuY2lhIiwibSI6Im1haWxfY21oazB5dXE5dGh5YzA4NDA4emo0M2d5cCIsImwiOiJsaW5rX2FkYTk3MzNiYzgyMTU4ZDU4OWFkYzY1M2FjMzlmNjIzODVmOGY0NDFfNDdkMDYzIiwiaSI6W10sInUiOiJodHRwczovL3d3dy5wcmVtaW9zaHVnby5vcmcuYXI_dXRtX3NvdXJjZT1wZXJmaXQmdXRtX21lZGl1bT1lbWFpbCZ1dG1fY2FtcGFpZ249R0FOQURPUkVTJTIwZGUlMjBQcmVtaW9zJTIwSHVnbyUyMDIwMjUiLCJjIjoiIiwiaCI6IjM1MmI4NyJ9\" target=\"_blank\" rel=\"noreferrer noopener\">www.premioshugo.org.ar<\/a>.<\/p>\n\n\n\n<p><strong>Sobre los Premios Hugo al Teatro Musical<\/strong><\/p>\n\n\n\n<p>Los Premios Hugo son una iniciativa creada por Ricky Pashkus y Pablo Gorlero con el fin de distinguir todos los rubros, categor\u00edas y especializaciones del teatro musical en nuestro pa\u00eds. Han tomado el nombre de Hugo Mid\u00f3n como un modelo a seguir y homenaje en vida a uno de los maestros m\u00e1s importantes del g\u00e9nero.<br>La Asociaci\u00f3n Civil Premios Hugo se propone estimular toda forma de teatro musical y todas las expresiones art\u00edsticas y\/o t\u00e9cnicas inherentes al mismo. Adem\u00e1s del est\u00edmulo a trav\u00e9s de una premiaci\u00f3n anual, se busca fomentar y gestar procesos de formaci\u00f3n as\u00ed como de perfeccionamiento profesional o de inserci\u00f3n laboral.&nbsp;<\/p>\n\n\n\n<p><br><strong>Acerca de Fundaci\u00f3n Santander Argentina<\/strong><\/p>\n\n\n\n<p>La cultura forma parte del #CompromisoSantander con la sociedad. En 2019, Fundaci\u00f3n Santander abre sus puertas para fomentar el\u2002crecimiento inclusivo y sostenible de la econom\u00eda creativa en Argentina. Desde entonces, ha producido exhibiciones de arte y espect\u00e1culos, desarrollado visitas, cursos y charlas de formaci\u00f3n gratuita en artes, y brindado apoyo econ\u00f3mico a m\u00e1s de 2000 iniciativas e instituciones culturales, posicion\u00e1ndose como plataforma de visibilidad y promoci\u00f3n del talento art\u00edstico de nuestro pa\u00eds.<\/p>\n\n\n\n<p>Para conocer m\u00e1s sobre el Compromiso Santander ingresa en: &nbsp;<a href=\"https:\/\/tpagencia.tr.pemsv01.net\/c\/eyJhIjoidHBhZ2VuY2lhIiwibSI6Im1haWxfY21oazB5dXE5dGh5YzA4NDA4emo0M2d5cCIsImwiOiJsaW5rXzA0MmNiOTUxMzNhYmY1MDA5N2NlMTg5YzcwMjUxM2Y0NmNmNzg5ODZfZjQ4NDViIiwiaSI6W10sInUiOiJodHRwczovL3d3dy5zYW50YW5kZXIuY29tLmFyL2NvbXByb21pc29zYW50YW5kZXI_dXRtX3NvdXJjZT1wZXJmaXQmdXRtX21lZGl1bT1lbWFpbCZ1dG1fY2FtcGFpZ249R0FOQURPUkVTJTIwZGUlMjBQcmVtaW9zJTIwSHVnbyUyMDIwMjUiLCJjIjoiIiwiaCI6ImE5MDcwNyJ9\" target=\"_blank\" rel=\"noreferrer noopener\">www.santander.com.ar\/compromisosantander<\/a><\/p>\n\n\n\n<figure class=\"wp-block-image size-full\"><img loading=\"lazy\" decoding=\"async\" width=\"1000\" height=\"667\" src=\"https:\/\/sergiolapegue.com\/site\/wp-content\/uploads\/2025\/11\/Ganadores-de-la-15-Edicion-Premios-Hugo-2025-Foto-final-ganadores.jpg\" alt=\"\" class=\"wp-image-26625\" srcset=\"https:\/\/sergiolapegue.com\/site\/wp-content\/uploads\/2025\/11\/Ganadores-de-la-15-Edicion-Premios-Hugo-2025-Foto-final-ganadores.jpg 1000w, https:\/\/sergiolapegue.com\/site\/wp-content\/uploads\/2025\/11\/Ganadores-de-la-15-Edicion-Premios-Hugo-2025-Foto-final-ganadores-300x200.jpg 300w, https:\/\/sergiolapegue.com\/site\/wp-content\/uploads\/2025\/11\/Ganadores-de-la-15-Edicion-Premios-Hugo-2025-Foto-final-ganadores-768x512.jpg 768w, https:\/\/sergiolapegue.com\/site\/wp-content\/uploads\/2025\/11\/Ganadores-de-la-15-Edicion-Premios-Hugo-2025-Foto-final-ganadores-630x420.jpg 630w, https:\/\/sergiolapegue.com\/site\/wp-content\/uploads\/2025\/11\/Ganadores-de-la-15-Edicion-Premios-Hugo-2025-Foto-final-ganadores-696x464.jpg 696w\" sizes=\"auto, (max-width: 1000px) 100vw, 1000px\" \/><\/figure>\n\n\n\n<p><strong>Ganadores de la 15\u00aa edici\u00f3n de Premios Hugo al Teatro Musical<\/strong><\/p>\n\n\n\n<p>Per\u00edodo del 01\/08\/2024 hasta el 31\/07\/2025<\/p>\n\n\n\n<p><strong>1 \u2013 MEJOR MUSICAL<\/strong><\/p>\n\n\n\n<p>Despertar de primavera<\/p>\n\n\n\n<p><strong>2 \u2013 MEJOR MUSIC HALL, CAF\u00c9 CONCERT Y\/O VARIET\u00c9 MUSICAL<\/strong><\/p>\n\n\n\n<p>Sandro, el gran show<\/p>\n\n\n\n<p><strong>3 \u2013 MEJOR MUSICAL OFF<\/strong><\/p>\n\n\n\n<p>Derecho de piso<\/p>\n\n\n\n<p>Sapos secos<\/p>\n\n\n\n<p><strong>4 \u2013 MEJOR DIRECCI\u00d3N<\/strong><\/p>\n\n\n\n<p>Fer Dente (Despertar de primavera)<\/p>\n\n\n\n<p><strong>5 \u2013 MEJOR COREOGRAF\u00cdA<\/strong><\/p>\n\n\n\n<p>Vanesa Garc\u00eda Mill\u00e1n (Despertar de primavera)<\/p>\n\n\n\n<p><strong>6 \u2013 MEJOR DIRECCI\u00d3N MUSICAL<\/strong><\/p>\n\n\n\n<p>Ian Shifres (Derecho de piso)<\/p>\n\n\n\n<p><strong>7 \u2013 MEJOR LIBRO DE MUSICAL ARGENTINO<\/strong><\/p>\n\n\n\n<p>Pedro Vel\u00e1zquez (Sapos secos)<\/p>\n\n\n\n<p><strong>8 \u2013 MEJORES LETRAS DE MUSICAL ARGENTINO<\/strong><\/p>\n\n\n\n<p>Ian Shifres (Derecho de piso)<\/p>\n\n\n\n<p><strong>9 \u2013 MEJOR ADAPTACI\u00d3N Y\/O TRADUCCI\u00d3N DE LIBRO Y LETRAS<\/strong><\/p>\n\n\n\n<p>Marcelo Kotliar (Despertar de primavera)<\/p>\n\n\n\n<p><strong>10 &#8211; MEJOR M\u00daSICA ORIGINAL<\/strong><\/p>\n\n\n\n<p>Ian Shifres (Derecho de piso)<\/p>\n\n\n\n<p><strong>11 \u2013 MEJORES ARREGLOS MUSICALES<\/strong><\/p>\n\n\n\n<p>Fernando Albinarrate &#8211; Gerardo Delgado (La revista del Cervantes)<\/p>\n\n\n\n<p><strong>12 \u2013 MEJOR ACTUACI\u00d3N PROTAG\u00d3NICA MASCULINA<\/strong><\/p>\n\n\n\n<p>Marco Antonio Caponi (La revista del Cervantes)<\/p>\n\n\n\n<p><strong>13 \u2013 MEJOR ACTUACI\u00d3N PROTAG\u00d3NICA FEMENINA<\/strong><\/p>\n\n\n\n<p>Trini Montiel (Despertar de primavera)<\/p>\n\n\n\n<p><strong>14 \u2013 MEJOR ACTUACI\u00d3N MASCULINA EN MUSIC HALL, CAF\u00c9 CONCERT y\/o VARIET\u00c9 MUSICAL<\/strong><\/p>\n\n\n\n<p>Nacho P\u00e9rez Cortez (Sandro, el gran show)<\/p>\n\n\n\n<p><strong>15 \u2013 MEJOR ACTUACI\u00d3N FEMENINA EN MUSIC HALL, CAF\u00c9 CONCERT y\/o VARIET\u00c9 MUSICAL<\/strong><\/p>\n\n\n\n<p>Elena Roger (Mina, che cosa sei?!?)<\/p>\n\n\n\n<p><strong>16 \u2013 MEJOR ACTUACI\u00d3N DE REPARTO MASCULINA<\/strong><\/p>\n\n\n\n<p>Tom\u00e1s Wicz (Despertar de primavera)<\/p>\n\n\n\n<p><strong>17 \u2013 MEJOR ACTUACI\u00d3N DE REPARTO FEMENINA<\/strong><\/p>\n\n\n\n<p>Evelyn Botto (La sirenita)<\/p>\n\n\n\n<p>Jessica Abouchain (La revista del Cervantes)<\/p>\n\n\n\n<p><strong>18 &#8211; MEJOR INTERPRETACI\u00d3N MASCULINA EN ENSAMBLE<\/strong><\/p>\n\n\n\n<p>Gonzalo Gerber (Sandro, el gran show)<\/p>\n\n\n\n<p><strong>19 \u2013 MEJOR INTERPRETACI\u00d3N FEMENINA EN ENSAMBLE<\/strong><\/p>\n\n\n\n<p>Ro Noziglia (Pretty Woman)<\/p>\n\n\n\n<p><strong>20 \u2013 MEJOR DIRECCI\u00d3N VOCAL<\/strong><\/p>\n\n\n\n<p>Eugenia Gil Rodr\u00edguez (Despertar de primavera)<\/p>\n\n\n\n<p><strong>21 \u2013 MEJOR PRODUCCI\u00d3N INTEGRAL<\/strong><\/p>\n\n\n\n<p>Ozono-MP-Los Rottemberg (La sirenita)<\/p>\n\n\n\n<p>Teatro Nacional Cervantes (La revista del Cervantes)<\/p>\n\n\n\n<p><strong>22 \u2013 REVELACI\u00d3N MASCULINA<\/strong><\/p>\n\n\n\n<p>Octavio Murillo (Despertar de primavera)<\/p>\n\n\n\n<p><strong>23 \u2013 REVELACI\u00d3N FEMENINA<\/strong><\/p>\n\n\n\n<p>Albana Fuentes (La sirenita)<\/p>\n\n\n\n<p><strong>24 \u2013 MEJOR DISE\u00d1O DE VESTUARIO ORIGINAL<\/strong><\/p>\n\n\n\n<p>Mar\u00eda Emilia Tambutti (La revista del Cervantes)<\/p>\n\n\n\n<p><strong>25 \u2013 MEJOR ESCENOGRAF\u00cdA Y\/O DISE\u00d1O AUDIOVISUAL ORIGINAL<\/strong><\/p>\n\n\n\n<p>Andrea Mercado (La revista del Cervantes)<\/p>\n\n\n\n<p><strong>26 &#8211; MEJOR CARACTERIZACI\u00d3N<\/strong><\/p>\n\n\n\n<p>Adam Efron (maquillaje de Saraos Uranistas)<\/p>\n\n\n\n<p><strong>27 \u2013 MEJOR DISE\u00d1O DE LUCES ORIGINAL<\/strong><\/p>\n\n\n\n<p>Leo Mu\u00f1oz &#8211; Julio Panno (Sandro, el gran show)<\/p>\n\n\n\n<p><strong>28 \u2013 MEJOR DISE\u00d1O DE SONIDO ORIGINAL<\/strong><\/p>\n\n\n\n<p>Eugenio Mellano Lanfranco &#8211; Luciano Ricardi (Sandro, el gran show)<\/p>\n\n\n\n<p><strong>29 \u2013 MEJOR ESPECT\u00c1CULO MUSICAL PARA UN SOLO INT\u00c9RPRETE<\/strong><\/p>\n\n\n\n<p>Coraza C\u00e1scara Casa (Vanesa Butera)<\/p>\n\n\n\n<p><strong>30 \u2013 MEJOR DIRECCI\u00d3N EN MUSICAL OFF<\/strong><\/p>\n\n\n\n<p>Ana Schimelman &#8211; Ian Shifres (Derecho de piso)<\/p>\n\n\n\n<p><strong>31 \u2013 MEJOR INTERPRETACI\u00d3N MASCULINA EN MUSICAL OFF<\/strong><\/p>\n\n\n\n<p>Nicol\u00e1s Mart\u00edn (Derecho de piso)<\/p>\n\n\n\n<p><strong>32 &#8211; MEJOR INTERPRETACI\u00d3N FEMENINA EN MUSICAL OFF<\/strong><\/p>\n\n\n\n<p>Lucre Orlando (Sapos secos)<\/p>\n\n\n\n<p>Vero Gerez (Derecho de piso)<\/p>\n\n\n\n<p><strong>33 &#8211; MEJOR MUSICAL INFANTIL Y\/O JUVENIL<\/strong><\/p>\n\n\n\n<p>La Ratoncita P\u00e9rez<\/p>\n\n\n\n<p><strong>34 &#8211; MEJOR DIRECCI\u00d3N EN MUSICAL INFANTIL Y\/O JUVENIL<\/strong><\/p>\n\n\n\n<p>H\u00e9ctor Presa (La Ratoncita P\u00e9rez)<\/p>\n\n\n\n<p><strong>35 &#8211; MEJOR COREOGRAF\u00cdA EN MUSICAL INFANTIL Y\/O JUVENIL<\/strong><\/p>\n\n\n\n<p>Ariel Pastocchi &#8211; Mat\u00edas Prieto Peccia (K\u00fcy\u00e9n Huapi)<\/p>\n\n\n\n<p><strong>36 &#8211; MEJOR LIBRO EN MUSICAL INFANTIL Y\/O JUVENIL<\/strong><\/p>\n\n\n\n<p>Claudio Hochman (El fado de Ulises)<\/p>\n\n\n\n<p><strong>37 &#8211; MEJORES LETRAS EN MUSICAL INFANTIL Y\/O JUVENIL<\/strong><\/p>\n\n\n\n<p>Mar\u00eda Jaunarena (El barbero de Sevilla)<\/p>\n\n\n\n<p><strong>38 &#8211; MEJOR M\u00daSICA ORIGINAL DE MUSICAL INFANTIL Y\/O JUVENIL<\/strong><\/p>\n\n\n\n<p>Diego Lozano (La Ratoncita P\u00e9rez)<\/p>\n\n\n\n<p><strong>39 &#8211; MEJOR INTERPRETACI\u00d3N FEMENINA EN MUSICAL INFANTIL Y\/O JUVENIL<\/strong><\/p>\n\n\n\n<p>Carlota Blanc (El fado de Ulises)<\/p>\n\n\n\n<p><strong>40 &#8211; MEJOR INTERPRETACI\u00d3N MASCULINA EN MUSICAL INFANTIL Y\/O JUVENIL<\/strong><\/p>\n\n\n\n<p>Gabriel Carasso (El barbero de Sevilla)<\/p>\n\n\n\n<p><strong>41 &#8211; MEJOR PRODUCCI\u00d3N EN MUSICAL INFANTIL Y\/O JUVENIL<\/strong><\/p>\n\n\n\n<p>Gustavo Passerino (El barbero de Sevilla)<\/p>\n\n\n\n<p><strong>42 &#8211; MEJOR DISE\u00d1O DE ESCENOGRAF\u00cdA EN MUSICAL INFANTIL Y\/O JUVENIL<\/strong><\/p>\n\n\n\n<p>Marcelo Valiente (Cuentopos de Gulub\u00fa)<\/p>\n\n\n\n<p><strong>43 &#8211; MEJOR DISE\u00d1O DE VESTUARIO EN MUSICAL INFANTIL Y\/O JUVENIL<\/strong><\/p>\n\n\n\n<p>Sandra Szwarcberg &#8211; Flavia Pereda (Cuentopos de Gulub\u00fa)<\/p>\n\n\n\n<p>Gracias Tommy Pashkus Agencia por hacernos llegar la gacetilla de prensa con toda la informaci\u00f3n de los ganadores de los Premios Hugo 2025.<\/p>\n","protected":false},"excerpt":{"rendered":"<p>La&nbsp;Asociaci\u00f3n Civil Premios Hugo&nbsp;entreg\u00f3 las estatuillas correspondientes a la&nbsp;15\u00aa edici\u00f3n&nbsp;de este prestigioso galard\u00f3n, que distingue lo mejor de la actividad del teatro musical en la Argentina. Creados por&nbsp;Ricky Pashkus y Pablo Gorlero, los Premios Hugo celebran el talento, la creatividad y la excelencia de las producciones y artistas que enriquecen el g\u00e9nero. La ceremonia de [&hellip;]<\/p>\n","protected":false},"author":3,"featured_media":26626,"comment_status":"open","ping_status":"closed","sticky":false,"template":"","format":"standard","meta":{"footnotes":""},"categories":[34,35],"tags":[],"class_list":{"0":"post-26622","1":"post","2":"type-post","3":"status-publish","4":"format-standard","5":"has-post-thumbnail","7":"category-arte","8":"category-teatro"},"yoast_head":"<!-- This site is optimized with the Yoast SEO plugin v27.5 - https:\/\/yoast.com\/product\/yoast-seo-wordpress\/ -->\n<title>GANADORES DE LA 15\u00b0 EDICI\u00d3N DE LOS PREMIOS HUGO 2025 - Sergio Lapegue<\/title>\n<meta name=\"robots\" content=\"index, follow, max-snippet:-1, max-image-preview:large, max-video-preview:-1\" \/>\n<link rel=\"canonical\" href=\"https:\/\/sergiolapegue.com\/site\/2025\/11\/10\/ganadores-de-la-15-edicion-de-los-premios-hugo-2025\/\" \/>\n<meta property=\"og:locale\" content=\"es_ES\" \/>\n<meta property=\"og:type\" content=\"article\" \/>\n<meta property=\"og:title\" content=\"GANADORES DE LA 15\u00b0 EDICI\u00d3N DE LOS PREMIOS HUGO 2025 - Sergio Lapegue\" \/>\n<meta property=\"og:description\" content=\"La&nbsp;Asociaci\u00f3n Civil Premios Hugo&nbsp;entreg\u00f3 las estatuillas correspondientes a la&nbsp;15\u00aa edici\u00f3n&nbsp;de este prestigioso galard\u00f3n, que distingue lo mejor de la actividad del teatro musical en la Argentina. Creados por&nbsp;Ricky Pashkus y Pablo Gorlero, los Premios Hugo celebran el talento, la creatividad y la excelencia de las producciones y artistas que enriquecen el g\u00e9nero. La ceremonia de [&hellip;]\" \/>\n<meta property=\"og:url\" content=\"https:\/\/sergiolapegue.com\/site\/2025\/11\/10\/ganadores-de-la-15-edicion-de-los-premios-hugo-2025\/\" \/>\n<meta property=\"og:site_name\" content=\"Sergio Lapegue\" \/>\n<meta property=\"article:publisher\" content=\"https:\/\/facebook.com\/sergiolapegue\" \/>\n<meta property=\"article:author\" content=\"https:\/\/facebook.com\/danielernesto.montana\" \/>\n<meta property=\"article:published_time\" content=\"2025-11-10T04:00:00+00:00\" \/>\n<meta property=\"og:image\" content=\"https:\/\/sergiolapegue.com\/site\/wp-content\/uploads\/2025\/11\/Ganadores-de-la-15-Edicion-Premios-Hugo-2025.jpg\" \/>\n\t<meta property=\"og:image:width\" content=\"1000\" \/>\n\t<meta property=\"og:image:height\" content=\"667\" \/>\n\t<meta property=\"og:image:type\" content=\"image\/jpeg\" \/>\n<meta name=\"author\" content=\"Daniel E. Monta\u00f1a\" \/>\n<meta name=\"twitter:card\" content=\"summary_large_image\" \/>\n<meta name=\"twitter:creator\" content=\"@https:\/\/twitter.com\/daner_004\" \/>\n<meta name=\"twitter:site\" content=\"@sergiolapegue\" \/>\n<meta name=\"twitter:label1\" content=\"Escrito por\" \/>\n\t<meta name=\"twitter:data1\" content=\"Daniel E. Monta\u00f1a\" \/>\n\t<meta name=\"twitter:label2\" content=\"Tiempo de lectura\" \/>\n\t<meta name=\"twitter:data2\" content=\"6 minutos\" \/>\n<script type=\"application\/ld+json\" class=\"yoast-schema-graph\">{\"@context\":\"https:\\\/\\\/schema.org\",\"@graph\":[{\"@type\":\"Article\",\"@id\":\"https:\\\/\\\/sergiolapegue.com\\\/site\\\/2025\\\/11\\\/10\\\/ganadores-de-la-15-edicion-de-los-premios-hugo-2025\\\/#article\",\"isPartOf\":{\"@id\":\"https:\\\/\\\/sergiolapegue.com\\\/site\\\/2025\\\/11\\\/10\\\/ganadores-de-la-15-edicion-de-los-premios-hugo-2025\\\/\"},\"author\":{\"name\":\"Daniel E. Monta\u00f1a\",\"@id\":\"https:\\\/\\\/sergiolapegue.com\\\/site\\\/#\\\/schema\\\/person\\\/9198e7dbab43c6d74d0fd5399af7c3cd\"},\"headline\":\"GANADORES DE LA 15\u00b0 EDICI\u00d3N DE LOS PREMIOS HUGO 2025\",\"datePublished\":\"2025-11-10T04:00:00+00:00\",\"mainEntityOfPage\":{\"@id\":\"https:\\\/\\\/sergiolapegue.com\\\/site\\\/2025\\\/11\\\/10\\\/ganadores-de-la-15-edicion-de-los-premios-hugo-2025\\\/\"},\"wordCount\":1298,\"commentCount\":0,\"publisher\":{\"@id\":\"https:\\\/\\\/sergiolapegue.com\\\/site\\\/#\\\/schema\\\/person\\\/083aeceeb0734cd166779ea6c0551a37\"},\"image\":{\"@id\":\"https:\\\/\\\/sergiolapegue.com\\\/site\\\/2025\\\/11\\\/10\\\/ganadores-de-la-15-edicion-de-los-premios-hugo-2025\\\/#primaryimage\"},\"thumbnailUrl\":\"https:\\\/\\\/sergiolapegue.com\\\/site\\\/wp-content\\\/uploads\\\/2025\\\/11\\\/Ganadores-de-la-15-Edicion-Premios-Hugo-2025.jpg\",\"articleSection\":[\"Arte\",\"Teatro\"],\"inLanguage\":\"es-AR\",\"potentialAction\":[{\"@type\":\"CommentAction\",\"name\":\"Comment\",\"target\":[\"https:\\\/\\\/sergiolapegue.com\\\/site\\\/2025\\\/11\\\/10\\\/ganadores-de-la-15-edicion-de-los-premios-hugo-2025\\\/#respond\"]}]},{\"@type\":\"WebPage\",\"@id\":\"https:\\\/\\\/sergiolapegue.com\\\/site\\\/2025\\\/11\\\/10\\\/ganadores-de-la-15-edicion-de-los-premios-hugo-2025\\\/\",\"url\":\"https:\\\/\\\/sergiolapegue.com\\\/site\\\/2025\\\/11\\\/10\\\/ganadores-de-la-15-edicion-de-los-premios-hugo-2025\\\/\",\"name\":\"GANADORES DE LA 15\u00b0 EDICI\u00d3N DE LOS PREMIOS HUGO 2025 - Sergio Lapegue\",\"isPartOf\":{\"@id\":\"https:\\\/\\\/sergiolapegue.com\\\/site\\\/#website\"},\"primaryImageOfPage\":{\"@id\":\"https:\\\/\\\/sergiolapegue.com\\\/site\\\/2025\\\/11\\\/10\\\/ganadores-de-la-15-edicion-de-los-premios-hugo-2025\\\/#primaryimage\"},\"image\":{\"@id\":\"https:\\\/\\\/sergiolapegue.com\\\/site\\\/2025\\\/11\\\/10\\\/ganadores-de-la-15-edicion-de-los-premios-hugo-2025\\\/#primaryimage\"},\"thumbnailUrl\":\"https:\\\/\\\/sergiolapegue.com\\\/site\\\/wp-content\\\/uploads\\\/2025\\\/11\\\/Ganadores-de-la-15-Edicion-Premios-Hugo-2025.jpg\",\"datePublished\":\"2025-11-10T04:00:00+00:00\",\"breadcrumb\":{\"@id\":\"https:\\\/\\\/sergiolapegue.com\\\/site\\\/2025\\\/11\\\/10\\\/ganadores-de-la-15-edicion-de-los-premios-hugo-2025\\\/#breadcrumb\"},\"inLanguage\":\"es-AR\",\"potentialAction\":[{\"@type\":\"ReadAction\",\"target\":[\"https:\\\/\\\/sergiolapegue.com\\\/site\\\/2025\\\/11\\\/10\\\/ganadores-de-la-15-edicion-de-los-premios-hugo-2025\\\/\"]}]},{\"@type\":\"ImageObject\",\"inLanguage\":\"es-AR\",\"@id\":\"https:\\\/\\\/sergiolapegue.com\\\/site\\\/2025\\\/11\\\/10\\\/ganadores-de-la-15-edicion-de-los-premios-hugo-2025\\\/#primaryimage\",\"url\":\"https:\\\/\\\/sergiolapegue.com\\\/site\\\/wp-content\\\/uploads\\\/2025\\\/11\\\/Ganadores-de-la-15-Edicion-Premios-Hugo-2025.jpg\",\"contentUrl\":\"https:\\\/\\\/sergiolapegue.com\\\/site\\\/wp-content\\\/uploads\\\/2025\\\/11\\\/Ganadores-de-la-15-Edicion-Premios-Hugo-2025.jpg\",\"width\":1000,\"height\":667},{\"@type\":\"BreadcrumbList\",\"@id\":\"https:\\\/\\\/sergiolapegue.com\\\/site\\\/2025\\\/11\\\/10\\\/ganadores-de-la-15-edicion-de-los-premios-hugo-2025\\\/#breadcrumb\",\"itemListElement\":[{\"@type\":\"ListItem\",\"position\":1,\"name\":\"Inicio\",\"item\":\"https:\\\/\\\/sergiolapegue.com\\\/site\\\/\"},{\"@type\":\"ListItem\",\"position\":2,\"name\":\"GANADORES DE LA 15\u00b0 EDICI\u00d3N DE LOS PREMIOS HUGO 2025\"}]},{\"@type\":\"WebSite\",\"@id\":\"https:\\\/\\\/sergiolapegue.com\\\/site\\\/#website\",\"url\":\"https:\\\/\\\/sergiolapegue.com\\\/site\\\/\",\"name\":\"Sergio Lapegue\",\"description\":\"Periodista\",\"publisher\":{\"@id\":\"https:\\\/\\\/sergiolapegue.com\\\/site\\\/#\\\/schema\\\/person\\\/083aeceeb0734cd166779ea6c0551a37\"},\"potentialAction\":[{\"@type\":\"SearchAction\",\"target\":{\"@type\":\"EntryPoint\",\"urlTemplate\":\"https:\\\/\\\/sergiolapegue.com\\\/site\\\/?s={search_term_string}\"},\"query-input\":{\"@type\":\"PropertyValueSpecification\",\"valueRequired\":true,\"valueName\":\"search_term_string\"}}],\"inLanguage\":\"es-AR\"},{\"@type\":[\"Person\",\"Organization\"],\"@id\":\"https:\\\/\\\/sergiolapegue.com\\\/site\\\/#\\\/schema\\\/person\\\/083aeceeb0734cd166779ea6c0551a37\",\"name\":\"Sergio Lapegue\",\"image\":{\"@type\":\"ImageObject\",\"inLanguage\":\"es-AR\",\"@id\":\"https:\\\/\\\/sergiolapegue.com\\\/site\\\/wp-content\\\/uploads\\\/2021\\\/04\\\/logo_header-1.png\",\"url\":\"https:\\\/\\\/sergiolapegue.com\\\/site\\\/wp-content\\\/uploads\\\/2021\\\/04\\\/logo_header-1.png\",\"contentUrl\":\"https:\\\/\\\/sergiolapegue.com\\\/site\\\/wp-content\\\/uploads\\\/2021\\\/04\\\/logo_header-1.png\",\"width\":272,\"height\":90,\"caption\":\"Sergio Lapegue\"},\"logo\":{\"@id\":\"https:\\\/\\\/sergiolapegue.com\\\/site\\\/wp-content\\\/uploads\\\/2021\\\/04\\\/logo_header-1.png\"},\"sameAs\":[\"https:\\\/\\\/facebook.com\\\/sergiolapegue\",\"https:\\\/\\\/instagram.com\\\/sergiolapegue\",\"https:\\\/\\\/x.com\\\/https:\\\/\\\/twitter.com\\\/sergiolapegue\"]},{\"@type\":\"Person\",\"@id\":\"https:\\\/\\\/sergiolapegue.com\\\/site\\\/#\\\/schema\\\/person\\\/9198e7dbab43c6d74d0fd5399af7c3cd\",\"name\":\"Daniel E. Monta\u00f1a\",\"image\":{\"@type\":\"ImageObject\",\"inLanguage\":\"es-AR\",\"@id\":\"https:\\\/\\\/sergiolapegue.com\\\/site\\\/wp-content\\\/uploads\\\/2021\\\/04\\\/sl_avatar_Daniel-150x150.jpg\",\"url\":\"https:\\\/\\\/sergiolapegue.com\\\/site\\\/wp-content\\\/uploads\\\/2021\\\/04\\\/sl_avatar_Daniel-150x150.jpg\",\"contentUrl\":\"https:\\\/\\\/sergiolapegue.com\\\/site\\\/wp-content\\\/uploads\\\/2021\\\/04\\\/sl_avatar_Daniel-150x150.jpg\",\"caption\":\"Daniel E. Monta\u00f1a\"},\"sameAs\":[\"https:\\\/\\\/facebook.com\\\/danielernesto.montana\",\"https:\\\/\\\/instagram.com\\\/daniel_montana1961\",\"https:\\\/\\\/x.com\\\/https:\\\/\\\/twitter.com\\\/daner_004\"],\"url\":\"https:\\\/\\\/sergiolapegue.com\\\/site\\\/author\\\/daniel\\\/\"}]}<\/script>\n<!-- \/ Yoast SEO plugin. -->","yoast_head_json":{"title":"GANADORES DE LA 15\u00b0 EDICI\u00d3N DE LOS PREMIOS HUGO 2025 - Sergio Lapegue","robots":{"index":"index","follow":"follow","max-snippet":"max-snippet:-1","max-image-preview":"max-image-preview:large","max-video-preview":"max-video-preview:-1"},"canonical":"https:\/\/sergiolapegue.com\/site\/2025\/11\/10\/ganadores-de-la-15-edicion-de-los-premios-hugo-2025\/","og_locale":"es_ES","og_type":"article","og_title":"GANADORES DE LA 15\u00b0 EDICI\u00d3N DE LOS PREMIOS HUGO 2025 - Sergio Lapegue","og_description":"La&nbsp;Asociaci\u00f3n Civil Premios Hugo&nbsp;entreg\u00f3 las estatuillas correspondientes a la&nbsp;15\u00aa edici\u00f3n&nbsp;de este prestigioso galard\u00f3n, que distingue lo mejor de la actividad del teatro musical en la Argentina. Creados por&nbsp;Ricky Pashkus y Pablo Gorlero, los Premios Hugo celebran el talento, la creatividad y la excelencia de las producciones y artistas que enriquecen el g\u00e9nero. La ceremonia de [&hellip;]","og_url":"https:\/\/sergiolapegue.com\/site\/2025\/11\/10\/ganadores-de-la-15-edicion-de-los-premios-hugo-2025\/","og_site_name":"Sergio Lapegue","article_publisher":"https:\/\/facebook.com\/sergiolapegue","article_author":"https:\/\/facebook.com\/danielernesto.montana","article_published_time":"2025-11-10T04:00:00+00:00","og_image":[{"width":1000,"height":667,"url":"https:\/\/sergiolapegue.com\/site\/wp-content\/uploads\/2025\/11\/Ganadores-de-la-15-Edicion-Premios-Hugo-2025.jpg","type":"image\/jpeg"}],"author":"Daniel E. Monta\u00f1a","twitter_card":"summary_large_image","twitter_creator":"@https:\/\/twitter.com\/daner_004","twitter_site":"@sergiolapegue","twitter_misc":{"Escrito por":"Daniel E. Monta\u00f1a","Tiempo de lectura":"6 minutos"},"schema":{"@context":"https:\/\/schema.org","@graph":[{"@type":"Article","@id":"https:\/\/sergiolapegue.com\/site\/2025\/11\/10\/ganadores-de-la-15-edicion-de-los-premios-hugo-2025\/#article","isPartOf":{"@id":"https:\/\/sergiolapegue.com\/site\/2025\/11\/10\/ganadores-de-la-15-edicion-de-los-premios-hugo-2025\/"},"author":{"name":"Daniel E. Monta\u00f1a","@id":"https:\/\/sergiolapegue.com\/site\/#\/schema\/person\/9198e7dbab43c6d74d0fd5399af7c3cd"},"headline":"GANADORES DE LA 15\u00b0 EDICI\u00d3N DE LOS PREMIOS HUGO 2025","datePublished":"2025-11-10T04:00:00+00:00","mainEntityOfPage":{"@id":"https:\/\/sergiolapegue.com\/site\/2025\/11\/10\/ganadores-de-la-15-edicion-de-los-premios-hugo-2025\/"},"wordCount":1298,"commentCount":0,"publisher":{"@id":"https:\/\/sergiolapegue.com\/site\/#\/schema\/person\/083aeceeb0734cd166779ea6c0551a37"},"image":{"@id":"https:\/\/sergiolapegue.com\/site\/2025\/11\/10\/ganadores-de-la-15-edicion-de-los-premios-hugo-2025\/#primaryimage"},"thumbnailUrl":"https:\/\/sergiolapegue.com\/site\/wp-content\/uploads\/2025\/11\/Ganadores-de-la-15-Edicion-Premios-Hugo-2025.jpg","articleSection":["Arte","Teatro"],"inLanguage":"es-AR","potentialAction":[{"@type":"CommentAction","name":"Comment","target":["https:\/\/sergiolapegue.com\/site\/2025\/11\/10\/ganadores-de-la-15-edicion-de-los-premios-hugo-2025\/#respond"]}]},{"@type":"WebPage","@id":"https:\/\/sergiolapegue.com\/site\/2025\/11\/10\/ganadores-de-la-15-edicion-de-los-premios-hugo-2025\/","url":"https:\/\/sergiolapegue.com\/site\/2025\/11\/10\/ganadores-de-la-15-edicion-de-los-premios-hugo-2025\/","name":"GANADORES DE LA 15\u00b0 EDICI\u00d3N DE LOS PREMIOS HUGO 2025 - Sergio Lapegue","isPartOf":{"@id":"https:\/\/sergiolapegue.com\/site\/#website"},"primaryImageOfPage":{"@id":"https:\/\/sergiolapegue.com\/site\/2025\/11\/10\/ganadores-de-la-15-edicion-de-los-premios-hugo-2025\/#primaryimage"},"image":{"@id":"https:\/\/sergiolapegue.com\/site\/2025\/11\/10\/ganadores-de-la-15-edicion-de-los-premios-hugo-2025\/#primaryimage"},"thumbnailUrl":"https:\/\/sergiolapegue.com\/site\/wp-content\/uploads\/2025\/11\/Ganadores-de-la-15-Edicion-Premios-Hugo-2025.jpg","datePublished":"2025-11-10T04:00:00+00:00","breadcrumb":{"@id":"https:\/\/sergiolapegue.com\/site\/2025\/11\/10\/ganadores-de-la-15-edicion-de-los-premios-hugo-2025\/#breadcrumb"},"inLanguage":"es-AR","potentialAction":[{"@type":"ReadAction","target":["https:\/\/sergiolapegue.com\/site\/2025\/11\/10\/ganadores-de-la-15-edicion-de-los-premios-hugo-2025\/"]}]},{"@type":"ImageObject","inLanguage":"es-AR","@id":"https:\/\/sergiolapegue.com\/site\/2025\/11\/10\/ganadores-de-la-15-edicion-de-los-premios-hugo-2025\/#primaryimage","url":"https:\/\/sergiolapegue.com\/site\/wp-content\/uploads\/2025\/11\/Ganadores-de-la-15-Edicion-Premios-Hugo-2025.jpg","contentUrl":"https:\/\/sergiolapegue.com\/site\/wp-content\/uploads\/2025\/11\/Ganadores-de-la-15-Edicion-Premios-Hugo-2025.jpg","width":1000,"height":667},{"@type":"BreadcrumbList","@id":"https:\/\/sergiolapegue.com\/site\/2025\/11\/10\/ganadores-de-la-15-edicion-de-los-premios-hugo-2025\/#breadcrumb","itemListElement":[{"@type":"ListItem","position":1,"name":"Inicio","item":"https:\/\/sergiolapegue.com\/site\/"},{"@type":"ListItem","position":2,"name":"GANADORES DE LA 15\u00b0 EDICI\u00d3N DE LOS PREMIOS HUGO 2025"}]},{"@type":"WebSite","@id":"https:\/\/sergiolapegue.com\/site\/#website","url":"https:\/\/sergiolapegue.com\/site\/","name":"Sergio Lapegue","description":"Periodista","publisher":{"@id":"https:\/\/sergiolapegue.com\/site\/#\/schema\/person\/083aeceeb0734cd166779ea6c0551a37"},"potentialAction":[{"@type":"SearchAction","target":{"@type":"EntryPoint","urlTemplate":"https:\/\/sergiolapegue.com\/site\/?s={search_term_string}"},"query-input":{"@type":"PropertyValueSpecification","valueRequired":true,"valueName":"search_term_string"}}],"inLanguage":"es-AR"},{"@type":["Person","Organization"],"@id":"https:\/\/sergiolapegue.com\/site\/#\/schema\/person\/083aeceeb0734cd166779ea6c0551a37","name":"Sergio Lapegue","image":{"@type":"ImageObject","inLanguage":"es-AR","@id":"https:\/\/sergiolapegue.com\/site\/wp-content\/uploads\/2021\/04\/logo_header-1.png","url":"https:\/\/sergiolapegue.com\/site\/wp-content\/uploads\/2021\/04\/logo_header-1.png","contentUrl":"https:\/\/sergiolapegue.com\/site\/wp-content\/uploads\/2021\/04\/logo_header-1.png","width":272,"height":90,"caption":"Sergio Lapegue"},"logo":{"@id":"https:\/\/sergiolapegue.com\/site\/wp-content\/uploads\/2021\/04\/logo_header-1.png"},"sameAs":["https:\/\/facebook.com\/sergiolapegue","https:\/\/instagram.com\/sergiolapegue","https:\/\/x.com\/https:\/\/twitter.com\/sergiolapegue"]},{"@type":"Person","@id":"https:\/\/sergiolapegue.com\/site\/#\/schema\/person\/9198e7dbab43c6d74d0fd5399af7c3cd","name":"Daniel E. Monta\u00f1a","image":{"@type":"ImageObject","inLanguage":"es-AR","@id":"https:\/\/sergiolapegue.com\/site\/wp-content\/uploads\/2021\/04\/sl_avatar_Daniel-150x150.jpg","url":"https:\/\/sergiolapegue.com\/site\/wp-content\/uploads\/2021\/04\/sl_avatar_Daniel-150x150.jpg","contentUrl":"https:\/\/sergiolapegue.com\/site\/wp-content\/uploads\/2021\/04\/sl_avatar_Daniel-150x150.jpg","caption":"Daniel E. Monta\u00f1a"},"sameAs":["https:\/\/facebook.com\/danielernesto.montana","https:\/\/instagram.com\/daniel_montana1961","https:\/\/x.com\/https:\/\/twitter.com\/daner_004"],"url":"https:\/\/sergiolapegue.com\/site\/author\/daniel\/"}]}},"_links":{"self":[{"href":"https:\/\/sergiolapegue.com\/site\/wp-json\/wp\/v2\/posts\/26622","targetHints":{"allow":["GET"]}}],"collection":[{"href":"https:\/\/sergiolapegue.com\/site\/wp-json\/wp\/v2\/posts"}],"about":[{"href":"https:\/\/sergiolapegue.com\/site\/wp-json\/wp\/v2\/types\/post"}],"author":[{"embeddable":true,"href":"https:\/\/sergiolapegue.com\/site\/wp-json\/wp\/v2\/users\/3"}],"replies":[{"embeddable":true,"href":"https:\/\/sergiolapegue.com\/site\/wp-json\/wp\/v2\/comments?post=26622"}],"version-history":[{"count":1,"href":"https:\/\/sergiolapegue.com\/site\/wp-json\/wp\/v2\/posts\/26622\/revisions"}],"predecessor-version":[{"id":26627,"href":"https:\/\/sergiolapegue.com\/site\/wp-json\/wp\/v2\/posts\/26622\/revisions\/26627"}],"wp:featuredmedia":[{"embeddable":true,"href":"https:\/\/sergiolapegue.com\/site\/wp-json\/wp\/v2\/media\/26626"}],"wp:attachment":[{"href":"https:\/\/sergiolapegue.com\/site\/wp-json\/wp\/v2\/media?parent=26622"}],"wp:term":[{"taxonomy":"category","embeddable":true,"href":"https:\/\/sergiolapegue.com\/site\/wp-json\/wp\/v2\/categories?post=26622"},{"taxonomy":"post_tag","embeddable":true,"href":"https:\/\/sergiolapegue.com\/site\/wp-json\/wp\/v2\/tags?post=26622"}],"curies":[{"name":"wp","href":"https:\/\/api.w.org\/{rel}","templated":true}]}}