{"id":26556,"date":"2025-11-05T01:00:00","date_gmt":"2025-11-05T04:00:00","guid":{"rendered":"https:\/\/sergiolapegue.com\/site\/?p=26556"},"modified":"2025-11-04T20:02:47","modified_gmt":"2025-11-04T23:02:47","slug":"castelli-el-rayo","status":"publish","type":"post","link":"https:\/\/sergiolapegue.com\/site\/2025\/11\/05\/castelli-el-rayo\/","title":{"rendered":"CASTELLI, EL RAYO"},"content":{"rendered":"\n<p>El lunes 10 de Noviembre se estrena &#8220;Castelli, el rayo&#8221;, una obra de L\u00eda Salas, dirigida por Juan Manuel Correa, m\u00fasica en vivo a cargo de Kirill Odoevsky y las actuaciones de Juan Manuel Correa,&nbsp;Juan Fernando Mart\u00edn,&nbsp;Gabriela Pastor,&nbsp;Alejo Mango,&nbsp;Julieta Carpentieri y&nbsp;Camila Truyol.<\/p>\n\n\n\n<p>La pieza nos habla sobre la figura de Juan Jos\u00e9 Castelli, personalidad central de la Revoluci\u00f3n de Mayo, que defendi\u00f3 los ideales de libertad, igualdad y soberan\u00eda popular; un h\u00e9roe muchas veces incomprendido y otras tantas, olvidado.&nbsp;&nbsp;<\/p>\n\n\n\n<p>Ser\u00e1n solo 5 \u00fanicas funciones los d\u00edas Lunes a las 21:00 horas en el Teatro Hasta Trilce.<\/p>\n\n\n\n<p>La obra fue declarada de inter\u00e9s cultural por la C\u00e1mara Nacional de Diputados y por el Colegio Nacional de Bs As.<\/p>\n\n\n\n<figure class=\"wp-block-image size-full\"><img loading=\"lazy\" decoding=\"async\" width=\"1000\" height=\"1000\" src=\"https:\/\/sergiolapegue.com\/site\/wp-content\/uploads\/2025\/11\/Castelli-el-rayo-1.jpg\" alt=\"\" class=\"wp-image-26557\" srcset=\"https:\/\/sergiolapegue.com\/site\/wp-content\/uploads\/2025\/11\/Castelli-el-rayo-1.jpg 1000w, https:\/\/sergiolapegue.com\/site\/wp-content\/uploads\/2025\/11\/Castelli-el-rayo-1-300x300.jpg 300w, https:\/\/sergiolapegue.com\/site\/wp-content\/uploads\/2025\/11\/Castelli-el-rayo-1-150x150.jpg 150w, https:\/\/sergiolapegue.com\/site\/wp-content\/uploads\/2025\/11\/Castelli-el-rayo-1-768x768.jpg 768w, https:\/\/sergiolapegue.com\/site\/wp-content\/uploads\/2025\/11\/Castelli-el-rayo-1-420x420.jpg 420w, https:\/\/sergiolapegue.com\/site\/wp-content\/uploads\/2025\/11\/Castelli-el-rayo-1-696x696.jpg 696w\" sizes=\"auto, (max-width: 1000px) 100vw, 1000px\" \/><\/figure>\n\n\n\n<p><strong>SINOPSIS<\/strong><strong><\/strong><\/p>\n\n\n\n<p>\u201cCastelli, el rayo\u201d, narra los d\u00edas excepcionales de Juan Jos\u00e9 Castelli, un abogado de la Bolsa de Comercio de Buenos Aires, devenido en comandante del ej\u00e9rcito revolucionario de la Junta de Gobierno de las Provincias Unidas del R\u00edo de la Plata. Un lapso de poco m\u00e1s de un a\u00f1o y medio, totalmente fren\u00e9tico, febril, en una atm\u00f3sfera de guerra externa e interna. Un caos corporal, \u00e9l, que fuera nombrado el orador de la revoluci\u00f3n&#8230; Hoy su palabra sigue vibrando.<\/p>\n\n\n\n<p>&#8220;Aspiro a que toda Am\u00e9rica del Sur forme una gran familia y que por medio de la fraternidad podamos igualar a las naciones m\u00e1s respetadas del mundo\u2026\u201d <strong>Juan Jos\u00e9 Castelli<\/strong><\/p>\n\n\n\n<figure class=\"wp-block-image size-full\"><img loading=\"lazy\" decoding=\"async\" width=\"730\" height=\"775\" src=\"https:\/\/sergiolapegue.com\/site\/wp-content\/uploads\/2025\/11\/Castelli-el-rayo-2.jpeg\" alt=\"\" class=\"wp-image-26558\" srcset=\"https:\/\/sergiolapegue.com\/site\/wp-content\/uploads\/2025\/11\/Castelli-el-rayo-2.jpeg 730w, https:\/\/sergiolapegue.com\/site\/wp-content\/uploads\/2025\/11\/Castelli-el-rayo-2-283x300.jpeg 283w, https:\/\/sergiolapegue.com\/site\/wp-content\/uploads\/2025\/11\/Castelli-el-rayo-2-396x420.jpeg 396w, https:\/\/sergiolapegue.com\/site\/wp-content\/uploads\/2025\/11\/Castelli-el-rayo-2-696x739.jpeg 696w\" sizes=\"auto, (max-width: 730px) 100vw, 730px\" \/><\/figure>\n\n\n\n<p><strong>ACERCA DE LA OBRA<\/strong><strong><\/strong><\/p>\n\n\n\n<p>A partir de reuniones del equipo de trabajo, elenco y producci\u00f3n, se realizaron lecturas de la dramaturgia para analizar los aspectos hist\u00f3ricos, contextuales, narrativos, est\u00e9ticos y estatutos de los personajes. La obra plantea dos l\u00edneas narrativas, las cuales se ven atravesadas por el estado febril en el que se encuentra el protagonista: su posici\u00f3n y participaci\u00f3n pol\u00edtica y activa en la junta, y el mundo interior que se entrelaza con la vida p\u00fablica y la vida privada. En este sentido la est\u00e9tica propone diferentes situaciones, escenarios y estados que conviven transversalmente a lo largo de la historia.<\/p>\n\n\n\n<figure class=\"wp-block-image size-full\"><img loading=\"lazy\" decoding=\"async\" width=\"720\" height=\"776\" src=\"https:\/\/sergiolapegue.com\/site\/wp-content\/uploads\/2025\/11\/Castelli-el-rayo-3.jpeg\" alt=\"\" class=\"wp-image-26559\" srcset=\"https:\/\/sergiolapegue.com\/site\/wp-content\/uploads\/2025\/11\/Castelli-el-rayo-3.jpeg 720w, https:\/\/sergiolapegue.com\/site\/wp-content\/uploads\/2025\/11\/Castelli-el-rayo-3-278x300.jpeg 278w, https:\/\/sergiolapegue.com\/site\/wp-content\/uploads\/2025\/11\/Castelli-el-rayo-3-390x420.jpeg 390w, https:\/\/sergiolapegue.com\/site\/wp-content\/uploads\/2025\/11\/Castelli-el-rayo-3-696x750.jpeg 696w\" sizes=\"auto, (max-width: 720px) 100vw, 720px\" \/><\/figure>\n\n\n\n<p><strong>FICHA T\u00c9CNICO ART\u00cdSTICA<\/strong><strong><\/strong><\/p>\n\n\n\n<p><strong>Autora:<\/strong>&nbsp;L\u00eda Salas<\/p>\n\n\n\n<p><strong>Elenco:<\/strong>&nbsp;Juan Manuel Correa \u2013 en el papel de&nbsp;Juan Jos\u00e9 Castelli&nbsp;<\/p>\n\n\n\n<p>\u00a0\u00a0\u00a0\u00a0 \u00a0\u00a0\u00a0\u00a0\u00a0\u00a0\u00a0\u00a0Juan Fernando Mart\u00edn \u2013 en el papel del\u00a0Bibliotecario\u00a0<\/p>\n\n\n\n<p>\u00a0\u00a0\u00a0\u00a0\u00a0 \u00a0\u00a0\u00a0\u00a0\u00a0\u00a0\u00a0Gabriela Pastor \u2013 en el papel de\u00a0Juana Azurduy\u00a0<\/p>\n\n\n\n<p>\u00a0\u00a0\u00a0\u00a0\u00a0\u00a0\u00a0\u00a0\u00a0\u00a0\u00a0\u00a0\u00a0Alejo Mango \u2013 en el papel de\u00a0Dean Funes\u00a0<\/p>\n\n\n\n<p>\u00a0\u00a0\u00a0\u00a0\u00a0\u00a0\u00a0 \u00a0\u00a0\u00a0\u00a0\u00a0Julieta Carpentieri \u2013 en el papel de\u00a0Mar\u00eda Rosa Lynch\u00a0<\/p>\n\n\n\n<p>\u00a0\u00a0\u00a0\u00a0\u00a0\u00a0\u00a0\u00a0 \u00a0\u00a0\u00a0\u00a0Camila Truyol \u2013 en el papel de\u00a0Bel\u00e9n<\/p>\n\n\n\n<p><strong>M\u00fasico en vivo:<\/strong>&nbsp;Kirill Odoevsky<\/p>\n\n\n\n<p><strong>Dise\u00f1o sonoro:<\/strong>&nbsp;Mart\u00edn Pavlovsky<\/p>\n\n\n\n<p><strong>Dise\u00f1o de vestuario:<\/strong>&nbsp;Paula Molina<\/p>\n\n\n\n<p><strong>Dise\u00f1o de escenograf\u00eda:<\/strong>&nbsp;Paula Molina<\/p>\n\n\n\n<p><strong>Dise\u00f1o de im\u00e1genes:<\/strong>&nbsp;Fernando D\u00edaz<\/p>\n\n\n\n<p><strong>Dise\u00f1o de iluminaci\u00f3n:<\/strong>&nbsp;Fernando D\u00edaz<\/p>\n\n\n\n<p><strong>Dise\u00f1o gr\u00e1fico:<\/strong>&nbsp;Pamela Paglieta<\/p>\n\n\n\n<p><strong>Prensa:<\/strong>&nbsp;Valeria Franchi<\/p>\n\n\n\n<p><strong>Colaborador art\u00edstico y adaptador:<\/strong>&nbsp;Rub\u00e9n de Le\u00f3n<\/p>\n\n\n\n<p><strong>Asistente:<\/strong>&nbsp;Natasha Biglione<\/p>\n\n\n\n<p><strong>Producci\u00f3n ejecutiva:<\/strong>&nbsp;Pablo Silva<\/p>\n\n\n\n<p><strong>Direcci\u00f3n:<\/strong>&nbsp;Juan Manuel Correa<\/p>\n\n\n\n<p><strong>Instagram:<\/strong> @castellielrayo.obra<\/p>\n\n\n\n<p><strong>Duraci\u00f3n del espect\u00e1culo:<\/strong>&nbsp;65 minutos<\/p>\n\n\n\n<p><strong>Clasificaci\u00f3n:<\/strong> Teatro \u2013 Presencial \u2013 Adultos<\/p>\n\n\n\n<figure class=\"wp-block-image size-full\"><img loading=\"lazy\" decoding=\"async\" width=\"1000\" height=\"1000\" src=\"https:\/\/sergiolapegue.com\/site\/wp-content\/uploads\/2025\/11\/Castelli-el-rayo-5.jpg\" alt=\"\" class=\"wp-image-26560\" srcset=\"https:\/\/sergiolapegue.com\/site\/wp-content\/uploads\/2025\/11\/Castelli-el-rayo-5.jpg 1000w, https:\/\/sergiolapegue.com\/site\/wp-content\/uploads\/2025\/11\/Castelli-el-rayo-5-300x300.jpg 300w, https:\/\/sergiolapegue.com\/site\/wp-content\/uploads\/2025\/11\/Castelli-el-rayo-5-150x150.jpg 150w, https:\/\/sergiolapegue.com\/site\/wp-content\/uploads\/2025\/11\/Castelli-el-rayo-5-768x768.jpg 768w, https:\/\/sergiolapegue.com\/site\/wp-content\/uploads\/2025\/11\/Castelli-el-rayo-5-420x420.jpg 420w, https:\/\/sergiolapegue.com\/site\/wp-content\/uploads\/2025\/11\/Castelli-el-rayo-5-696x696.jpg 696w\" sizes=\"auto, (max-width: 1000px) 100vw, 1000px\" \/><\/figure>\n\n\n\n<p><strong>TEATRO HASTA TRILCE<\/strong><strong><\/strong><\/p>\n\n\n\n<p>Maza 177 \u2013 Capital Federal \u2013 Buenos Aires \u2013 Argentina<\/p>\n\n\n\n<p>Tel\u00e9fono: 4862-1758<\/p>\n\n\n\n<p>Web: <a href=\"http:\/\/www.hastatrilce.com.ar\">http:\/\/www.hastatrilce.com.ar<\/a><\/p>\n\n\n\n<p>Entradas: $ 18.000 \u2013 en boleter\u00eda del teatro o por Alternativa Teatral \u2013 Link:<\/p>\n\n\n\n<p><a href=\"https:\/\/publico.alternativateatral.com\/entradas98471-castelli-el-rayo?o=14\">https:\/\/publico.alternativateatral.com\/entradas98471-castelli-el-rayo?o=14<\/a><\/p>\n\n\n\n<p>Funciones: Lunes 21:00 horas \u2013 Del 10\/11\/2025 al 08\/12\/2025<\/p>\n\n\n\n<p>Gracias Valeria Franchi por acercarnos la gacetilla de prensa del estreno de este espect\u00e1culo.<\/p>\n\n\n\n<figure class=\"wp-block-image size-full is-resized\"><img loading=\"lazy\" decoding=\"async\" width=\"792\" height=\"1000\" src=\"https:\/\/sergiolapegue.com\/site\/wp-content\/uploads\/2025\/11\/Castelli-el-rayo-Juan-Manuel-Correa.jpg\" alt=\"\" class=\"wp-image-26561\" style=\"width:337px;height:auto\" srcset=\"https:\/\/sergiolapegue.com\/site\/wp-content\/uploads\/2025\/11\/Castelli-el-rayo-Juan-Manuel-Correa.jpg 792w, https:\/\/sergiolapegue.com\/site\/wp-content\/uploads\/2025\/11\/Castelli-el-rayo-Juan-Manuel-Correa-238x300.jpg 238w, https:\/\/sergiolapegue.com\/site\/wp-content\/uploads\/2025\/11\/Castelli-el-rayo-Juan-Manuel-Correa-768x970.jpg 768w, https:\/\/sergiolapegue.com\/site\/wp-content\/uploads\/2025\/11\/Castelli-el-rayo-Juan-Manuel-Correa-333x420.jpg 333w, https:\/\/sergiolapegue.com\/site\/wp-content\/uploads\/2025\/11\/Castelli-el-rayo-Juan-Manuel-Correa-696x879.jpg 696w\" sizes=\"auto, (max-width: 792px) 100vw, 792px\" \/><\/figure>\n\n\n\n<p><strong>SOBRE EL DIRECTOR<\/strong><strong><\/strong><\/p>\n\n\n\n<p>Juan Manuel Correa, es actor, director y docente argentino. Se form\u00f3 en Puesta en Escena en la Escuela Metropolitana de Arte Dram\u00e1tico (EMAD) y realiz\u00f3 un posgrado en Artes Esc\u00e9nicas en la UNA. Dirige y participa en espacios culturales, y forma parte de proyectos vinculados con pol\u00edticas culturales y formaci\u00f3n esc\u00e9nica. Ha participado en importantes obras teatrales como &#8220;Vairoleto&#8221; de Juan Gen\u00e9, &#8220;Severino, el infierno tiene nombre&#8221; de Gabriel Molina, &#8220;Israfel&#8221; de Abelardo Castillo y &#8220;Trastorno&#8221; de Pompeyo Audivert. Tambi\u00e9n se ha destacado como director de piezas como \u201cFausto y lo femenino eterno&#8221; de Goethe, \u201cEscarabajos\u201d de Pancho O\u00b4Donnell, \u201cTodo bien\u201d y \u201cEternos hasta ma\u00f1ana\u201d de Carlos Ares.<\/p>\n\n\n\n<figure class=\"wp-block-image size-full is-resized\"><img loading=\"lazy\" decoding=\"async\" width=\"1000\" height=\"1000\" src=\"https:\/\/sergiolapegue.com\/site\/wp-content\/uploads\/2025\/11\/Castelli-el-rayo-Lia-Salas.jpg\" alt=\"\" class=\"wp-image-26562\" style=\"width:337px;height:auto\" srcset=\"https:\/\/sergiolapegue.com\/site\/wp-content\/uploads\/2025\/11\/Castelli-el-rayo-Lia-Salas.jpg 1000w, https:\/\/sergiolapegue.com\/site\/wp-content\/uploads\/2025\/11\/Castelli-el-rayo-Lia-Salas-300x300.jpg 300w, https:\/\/sergiolapegue.com\/site\/wp-content\/uploads\/2025\/11\/Castelli-el-rayo-Lia-Salas-150x150.jpg 150w, https:\/\/sergiolapegue.com\/site\/wp-content\/uploads\/2025\/11\/Castelli-el-rayo-Lia-Salas-768x768.jpg 768w, https:\/\/sergiolapegue.com\/site\/wp-content\/uploads\/2025\/11\/Castelli-el-rayo-Lia-Salas-420x420.jpg 420w, https:\/\/sergiolapegue.com\/site\/wp-content\/uploads\/2025\/11\/Castelli-el-rayo-Lia-Salas-696x696.jpg 696w\" sizes=\"auto, (max-width: 1000px) 100vw, 1000px\" \/><\/figure>\n\n\n\n<p><strong>SOBRE LA AUTORA<\/strong><strong><\/strong><\/p>\n\n\n\n<p>L\u00eda Salas, estudi\u00f3 Filosof\u00eda, Bibliotecolog\u00eda y Gesti\u00f3n Cultural en la UBA. Se form\u00f3 en dramaturgia con Ar\u00edstides Vargas y Charo Franc\u00e9s (CELCIT), Pablo Tagliani, y en teatro con Teresita Galimany, Ana Yovino, David Amit\u00edn y Mariana Mazover. Actualmente integra&nbsp;La Colectiva de Autoras, en las comisiones del Club de Lectura y Editorial.<\/p>\n\n\n\n<p>Su obra&nbsp;Castelli: el verbo que ilumina y el rayo que mata&nbsp;fue declarada de inter\u00e9s por la C\u00e1mara Nacional de Diputados, de Inter\u00e9s cultural por el Colegio Nacional de Bs.As., y se encuentra en producci\u00f3n y ensayos para su estreno en el Teatro Hasta Trilce (CABA).<\/p>\n\n\n\n<p>Su pieza&nbsp;Intrusando&nbsp;se present\u00f3 en el ciclo&nbsp;Escenas cotidianas de Mujeres por Mujeres&nbsp;en el Teatro El Ojo (CABA, 2022).<\/p>\n\n\n\n<p><\/p>\n","protected":false},"excerpt":{"rendered":"<p>El lunes 10 de Noviembre se estrena &#8220;Castelli, el rayo&#8221;, una obra de L\u00eda Salas, dirigida por Juan Manuel Correa, m\u00fasica en vivo a cargo de Kirill Odoevsky y las actuaciones de Juan Manuel Correa,&nbsp;Juan Fernando Mart\u00edn,&nbsp;Gabriela Pastor,&nbsp;Alejo Mango,&nbsp;Julieta Carpentieri y&nbsp;Camila Truyol. La pieza nos habla sobre la figura de Juan Jos\u00e9 Castelli, personalidad central [&hellip;]<\/p>\n","protected":false},"author":3,"featured_media":26563,"comment_status":"open","ping_status":"closed","sticky":false,"template":"","format":"standard","meta":{"footnotes":""},"categories":[34,35],"tags":[],"class_list":{"0":"post-26556","1":"post","2":"type-post","3":"status-publish","4":"format-standard","5":"has-post-thumbnail","7":"category-arte","8":"category-teatro"},"yoast_head":"<!-- This site is optimized with the Yoast SEO plugin v27.5 - https:\/\/yoast.com\/product\/yoast-seo-wordpress\/ -->\n<title>CASTELLI, EL RAYO - Sergio Lapegue<\/title>\n<meta name=\"robots\" content=\"index, follow, max-snippet:-1, max-image-preview:large, max-video-preview:-1\" \/>\n<link rel=\"canonical\" href=\"https:\/\/sergiolapegue.com\/site\/2025\/11\/05\/castelli-el-rayo\/\" \/>\n<meta property=\"og:locale\" content=\"es_ES\" \/>\n<meta property=\"og:type\" content=\"article\" \/>\n<meta property=\"og:title\" content=\"CASTELLI, EL RAYO - Sergio Lapegue\" \/>\n<meta property=\"og:description\" content=\"El lunes 10 de Noviembre se estrena &#8220;Castelli, el rayo&#8221;, una obra de L\u00eda Salas, dirigida por Juan Manuel Correa, m\u00fasica en vivo a cargo de Kirill Odoevsky y las actuaciones de Juan Manuel Correa,&nbsp;Juan Fernando Mart\u00edn,&nbsp;Gabriela Pastor,&nbsp;Alejo Mango,&nbsp;Julieta Carpentieri y&nbsp;Camila Truyol. La pieza nos habla sobre la figura de Juan Jos\u00e9 Castelli, personalidad central [&hellip;]\" \/>\n<meta property=\"og:url\" content=\"https:\/\/sergiolapegue.com\/site\/2025\/11\/05\/castelli-el-rayo\/\" \/>\n<meta property=\"og:site_name\" content=\"Sergio Lapegue\" \/>\n<meta property=\"article:publisher\" content=\"https:\/\/facebook.com\/sergiolapegue\" \/>\n<meta property=\"article:author\" content=\"https:\/\/facebook.com\/danielernesto.montana\" \/>\n<meta property=\"article:published_time\" content=\"2025-11-05T04:00:00+00:00\" \/>\n<meta property=\"og:image\" content=\"https:\/\/sergiolapegue.com\/site\/wp-content\/uploads\/2025\/11\/Castelli-el-rayo.jpg\" \/>\n\t<meta property=\"og:image:width\" content=\"750\" \/>\n\t<meta property=\"og:image:height\" content=\"1000\" \/>\n\t<meta property=\"og:image:type\" content=\"image\/jpeg\" \/>\n<meta name=\"author\" content=\"Daniel E. Monta\u00f1a\" \/>\n<meta name=\"twitter:card\" content=\"summary_large_image\" \/>\n<meta name=\"twitter:creator\" content=\"@https:\/\/twitter.com\/daner_004\" \/>\n<meta name=\"twitter:site\" content=\"@sergiolapegue\" \/>\n<meta name=\"twitter:label1\" content=\"Escrito por\" \/>\n\t<meta name=\"twitter:data1\" content=\"Daniel E. Monta\u00f1a\" \/>\n\t<meta name=\"twitter:label2\" content=\"Tiempo de lectura\" \/>\n\t<meta name=\"twitter:data2\" content=\"5 minutos\" \/>\n<script type=\"application\/ld+json\" class=\"yoast-schema-graph\">{\"@context\":\"https:\\\/\\\/schema.org\",\"@graph\":[{\"@type\":\"Article\",\"@id\":\"https:\\\/\\\/sergiolapegue.com\\\/site\\\/2025\\\/11\\\/05\\\/castelli-el-rayo\\\/#article\",\"isPartOf\":{\"@id\":\"https:\\\/\\\/sergiolapegue.com\\\/site\\\/2025\\\/11\\\/05\\\/castelli-el-rayo\\\/\"},\"author\":{\"name\":\"Daniel E. Monta\u00f1a\",\"@id\":\"https:\\\/\\\/sergiolapegue.com\\\/site\\\/#\\\/schema\\\/person\\\/9198e7dbab43c6d74d0fd5399af7c3cd\"},\"headline\":\"CASTELLI, EL RAYO\",\"datePublished\":\"2025-11-05T04:00:00+00:00\",\"mainEntityOfPage\":{\"@id\":\"https:\\\/\\\/sergiolapegue.com\\\/site\\\/2025\\\/11\\\/05\\\/castelli-el-rayo\\\/\"},\"wordCount\":852,\"commentCount\":0,\"publisher\":{\"@id\":\"https:\\\/\\\/sergiolapegue.com\\\/site\\\/#\\\/schema\\\/person\\\/083aeceeb0734cd166779ea6c0551a37\"},\"image\":{\"@id\":\"https:\\\/\\\/sergiolapegue.com\\\/site\\\/2025\\\/11\\\/05\\\/castelli-el-rayo\\\/#primaryimage\"},\"thumbnailUrl\":\"https:\\\/\\\/sergiolapegue.com\\\/site\\\/wp-content\\\/uploads\\\/2025\\\/11\\\/Castelli-el-rayo.jpg\",\"articleSection\":[\"Arte\",\"Teatro\"],\"inLanguage\":\"es-AR\",\"potentialAction\":[{\"@type\":\"CommentAction\",\"name\":\"Comment\",\"target\":[\"https:\\\/\\\/sergiolapegue.com\\\/site\\\/2025\\\/11\\\/05\\\/castelli-el-rayo\\\/#respond\"]}]},{\"@type\":\"WebPage\",\"@id\":\"https:\\\/\\\/sergiolapegue.com\\\/site\\\/2025\\\/11\\\/05\\\/castelli-el-rayo\\\/\",\"url\":\"https:\\\/\\\/sergiolapegue.com\\\/site\\\/2025\\\/11\\\/05\\\/castelli-el-rayo\\\/\",\"name\":\"CASTELLI, EL RAYO - Sergio Lapegue\",\"isPartOf\":{\"@id\":\"https:\\\/\\\/sergiolapegue.com\\\/site\\\/#website\"},\"primaryImageOfPage\":{\"@id\":\"https:\\\/\\\/sergiolapegue.com\\\/site\\\/2025\\\/11\\\/05\\\/castelli-el-rayo\\\/#primaryimage\"},\"image\":{\"@id\":\"https:\\\/\\\/sergiolapegue.com\\\/site\\\/2025\\\/11\\\/05\\\/castelli-el-rayo\\\/#primaryimage\"},\"thumbnailUrl\":\"https:\\\/\\\/sergiolapegue.com\\\/site\\\/wp-content\\\/uploads\\\/2025\\\/11\\\/Castelli-el-rayo.jpg\",\"datePublished\":\"2025-11-05T04:00:00+00:00\",\"breadcrumb\":{\"@id\":\"https:\\\/\\\/sergiolapegue.com\\\/site\\\/2025\\\/11\\\/05\\\/castelli-el-rayo\\\/#breadcrumb\"},\"inLanguage\":\"es-AR\",\"potentialAction\":[{\"@type\":\"ReadAction\",\"target\":[\"https:\\\/\\\/sergiolapegue.com\\\/site\\\/2025\\\/11\\\/05\\\/castelli-el-rayo\\\/\"]}]},{\"@type\":\"ImageObject\",\"inLanguage\":\"es-AR\",\"@id\":\"https:\\\/\\\/sergiolapegue.com\\\/site\\\/2025\\\/11\\\/05\\\/castelli-el-rayo\\\/#primaryimage\",\"url\":\"https:\\\/\\\/sergiolapegue.com\\\/site\\\/wp-content\\\/uploads\\\/2025\\\/11\\\/Castelli-el-rayo.jpg\",\"contentUrl\":\"https:\\\/\\\/sergiolapegue.com\\\/site\\\/wp-content\\\/uploads\\\/2025\\\/11\\\/Castelli-el-rayo.jpg\",\"width\":750,\"height\":1000},{\"@type\":\"BreadcrumbList\",\"@id\":\"https:\\\/\\\/sergiolapegue.com\\\/site\\\/2025\\\/11\\\/05\\\/castelli-el-rayo\\\/#breadcrumb\",\"itemListElement\":[{\"@type\":\"ListItem\",\"position\":1,\"name\":\"Inicio\",\"item\":\"https:\\\/\\\/sergiolapegue.com\\\/site\\\/\"},{\"@type\":\"ListItem\",\"position\":2,\"name\":\"CASTELLI, EL RAYO\"}]},{\"@type\":\"WebSite\",\"@id\":\"https:\\\/\\\/sergiolapegue.com\\\/site\\\/#website\",\"url\":\"https:\\\/\\\/sergiolapegue.com\\\/site\\\/\",\"name\":\"Sergio Lapegue\",\"description\":\"Periodista\",\"publisher\":{\"@id\":\"https:\\\/\\\/sergiolapegue.com\\\/site\\\/#\\\/schema\\\/person\\\/083aeceeb0734cd166779ea6c0551a37\"},\"potentialAction\":[{\"@type\":\"SearchAction\",\"target\":{\"@type\":\"EntryPoint\",\"urlTemplate\":\"https:\\\/\\\/sergiolapegue.com\\\/site\\\/?s={search_term_string}\"},\"query-input\":{\"@type\":\"PropertyValueSpecification\",\"valueRequired\":true,\"valueName\":\"search_term_string\"}}],\"inLanguage\":\"es-AR\"},{\"@type\":[\"Person\",\"Organization\"],\"@id\":\"https:\\\/\\\/sergiolapegue.com\\\/site\\\/#\\\/schema\\\/person\\\/083aeceeb0734cd166779ea6c0551a37\",\"name\":\"Sergio Lapegue\",\"image\":{\"@type\":\"ImageObject\",\"inLanguage\":\"es-AR\",\"@id\":\"https:\\\/\\\/sergiolapegue.com\\\/site\\\/wp-content\\\/uploads\\\/2021\\\/04\\\/logo_header-1.png\",\"url\":\"https:\\\/\\\/sergiolapegue.com\\\/site\\\/wp-content\\\/uploads\\\/2021\\\/04\\\/logo_header-1.png\",\"contentUrl\":\"https:\\\/\\\/sergiolapegue.com\\\/site\\\/wp-content\\\/uploads\\\/2021\\\/04\\\/logo_header-1.png\",\"width\":272,\"height\":90,\"caption\":\"Sergio Lapegue\"},\"logo\":{\"@id\":\"https:\\\/\\\/sergiolapegue.com\\\/site\\\/wp-content\\\/uploads\\\/2021\\\/04\\\/logo_header-1.png\"},\"sameAs\":[\"https:\\\/\\\/facebook.com\\\/sergiolapegue\",\"https:\\\/\\\/instagram.com\\\/sergiolapegue\",\"https:\\\/\\\/x.com\\\/https:\\\/\\\/twitter.com\\\/sergiolapegue\"]},{\"@type\":\"Person\",\"@id\":\"https:\\\/\\\/sergiolapegue.com\\\/site\\\/#\\\/schema\\\/person\\\/9198e7dbab43c6d74d0fd5399af7c3cd\",\"name\":\"Daniel E. Monta\u00f1a\",\"image\":{\"@type\":\"ImageObject\",\"inLanguage\":\"es-AR\",\"@id\":\"https:\\\/\\\/sergiolapegue.com\\\/site\\\/wp-content\\\/uploads\\\/2021\\\/04\\\/sl_avatar_Daniel-150x150.jpg\",\"url\":\"https:\\\/\\\/sergiolapegue.com\\\/site\\\/wp-content\\\/uploads\\\/2021\\\/04\\\/sl_avatar_Daniel-150x150.jpg\",\"contentUrl\":\"https:\\\/\\\/sergiolapegue.com\\\/site\\\/wp-content\\\/uploads\\\/2021\\\/04\\\/sl_avatar_Daniel-150x150.jpg\",\"caption\":\"Daniel E. Monta\u00f1a\"},\"sameAs\":[\"https:\\\/\\\/facebook.com\\\/danielernesto.montana\",\"https:\\\/\\\/instagram.com\\\/daniel_montana1961\",\"https:\\\/\\\/x.com\\\/https:\\\/\\\/twitter.com\\\/daner_004\"],\"url\":\"https:\\\/\\\/sergiolapegue.com\\\/site\\\/author\\\/daniel\\\/\"}]}<\/script>\n<!-- \/ Yoast SEO plugin. -->","yoast_head_json":{"title":"CASTELLI, EL RAYO - Sergio Lapegue","robots":{"index":"index","follow":"follow","max-snippet":"max-snippet:-1","max-image-preview":"max-image-preview:large","max-video-preview":"max-video-preview:-1"},"canonical":"https:\/\/sergiolapegue.com\/site\/2025\/11\/05\/castelli-el-rayo\/","og_locale":"es_ES","og_type":"article","og_title":"CASTELLI, EL RAYO - Sergio Lapegue","og_description":"El lunes 10 de Noviembre se estrena &#8220;Castelli, el rayo&#8221;, una obra de L\u00eda Salas, dirigida por Juan Manuel Correa, m\u00fasica en vivo a cargo de Kirill Odoevsky y las actuaciones de Juan Manuel Correa,&nbsp;Juan Fernando Mart\u00edn,&nbsp;Gabriela Pastor,&nbsp;Alejo Mango,&nbsp;Julieta Carpentieri y&nbsp;Camila Truyol. La pieza nos habla sobre la figura de Juan Jos\u00e9 Castelli, personalidad central [&hellip;]","og_url":"https:\/\/sergiolapegue.com\/site\/2025\/11\/05\/castelli-el-rayo\/","og_site_name":"Sergio Lapegue","article_publisher":"https:\/\/facebook.com\/sergiolapegue","article_author":"https:\/\/facebook.com\/danielernesto.montana","article_published_time":"2025-11-05T04:00:00+00:00","og_image":[{"width":750,"height":1000,"url":"https:\/\/sergiolapegue.com\/site\/wp-content\/uploads\/2025\/11\/Castelli-el-rayo.jpg","type":"image\/jpeg"}],"author":"Daniel E. Monta\u00f1a","twitter_card":"summary_large_image","twitter_creator":"@https:\/\/twitter.com\/daner_004","twitter_site":"@sergiolapegue","twitter_misc":{"Escrito por":"Daniel E. Monta\u00f1a","Tiempo de lectura":"5 minutos"},"schema":{"@context":"https:\/\/schema.org","@graph":[{"@type":"Article","@id":"https:\/\/sergiolapegue.com\/site\/2025\/11\/05\/castelli-el-rayo\/#article","isPartOf":{"@id":"https:\/\/sergiolapegue.com\/site\/2025\/11\/05\/castelli-el-rayo\/"},"author":{"name":"Daniel E. Monta\u00f1a","@id":"https:\/\/sergiolapegue.com\/site\/#\/schema\/person\/9198e7dbab43c6d74d0fd5399af7c3cd"},"headline":"CASTELLI, EL RAYO","datePublished":"2025-11-05T04:00:00+00:00","mainEntityOfPage":{"@id":"https:\/\/sergiolapegue.com\/site\/2025\/11\/05\/castelli-el-rayo\/"},"wordCount":852,"commentCount":0,"publisher":{"@id":"https:\/\/sergiolapegue.com\/site\/#\/schema\/person\/083aeceeb0734cd166779ea6c0551a37"},"image":{"@id":"https:\/\/sergiolapegue.com\/site\/2025\/11\/05\/castelli-el-rayo\/#primaryimage"},"thumbnailUrl":"https:\/\/sergiolapegue.com\/site\/wp-content\/uploads\/2025\/11\/Castelli-el-rayo.jpg","articleSection":["Arte","Teatro"],"inLanguage":"es-AR","potentialAction":[{"@type":"CommentAction","name":"Comment","target":["https:\/\/sergiolapegue.com\/site\/2025\/11\/05\/castelli-el-rayo\/#respond"]}]},{"@type":"WebPage","@id":"https:\/\/sergiolapegue.com\/site\/2025\/11\/05\/castelli-el-rayo\/","url":"https:\/\/sergiolapegue.com\/site\/2025\/11\/05\/castelli-el-rayo\/","name":"CASTELLI, EL RAYO - Sergio Lapegue","isPartOf":{"@id":"https:\/\/sergiolapegue.com\/site\/#website"},"primaryImageOfPage":{"@id":"https:\/\/sergiolapegue.com\/site\/2025\/11\/05\/castelli-el-rayo\/#primaryimage"},"image":{"@id":"https:\/\/sergiolapegue.com\/site\/2025\/11\/05\/castelli-el-rayo\/#primaryimage"},"thumbnailUrl":"https:\/\/sergiolapegue.com\/site\/wp-content\/uploads\/2025\/11\/Castelli-el-rayo.jpg","datePublished":"2025-11-05T04:00:00+00:00","breadcrumb":{"@id":"https:\/\/sergiolapegue.com\/site\/2025\/11\/05\/castelli-el-rayo\/#breadcrumb"},"inLanguage":"es-AR","potentialAction":[{"@type":"ReadAction","target":["https:\/\/sergiolapegue.com\/site\/2025\/11\/05\/castelli-el-rayo\/"]}]},{"@type":"ImageObject","inLanguage":"es-AR","@id":"https:\/\/sergiolapegue.com\/site\/2025\/11\/05\/castelli-el-rayo\/#primaryimage","url":"https:\/\/sergiolapegue.com\/site\/wp-content\/uploads\/2025\/11\/Castelli-el-rayo.jpg","contentUrl":"https:\/\/sergiolapegue.com\/site\/wp-content\/uploads\/2025\/11\/Castelli-el-rayo.jpg","width":750,"height":1000},{"@type":"BreadcrumbList","@id":"https:\/\/sergiolapegue.com\/site\/2025\/11\/05\/castelli-el-rayo\/#breadcrumb","itemListElement":[{"@type":"ListItem","position":1,"name":"Inicio","item":"https:\/\/sergiolapegue.com\/site\/"},{"@type":"ListItem","position":2,"name":"CASTELLI, EL RAYO"}]},{"@type":"WebSite","@id":"https:\/\/sergiolapegue.com\/site\/#website","url":"https:\/\/sergiolapegue.com\/site\/","name":"Sergio Lapegue","description":"Periodista","publisher":{"@id":"https:\/\/sergiolapegue.com\/site\/#\/schema\/person\/083aeceeb0734cd166779ea6c0551a37"},"potentialAction":[{"@type":"SearchAction","target":{"@type":"EntryPoint","urlTemplate":"https:\/\/sergiolapegue.com\/site\/?s={search_term_string}"},"query-input":{"@type":"PropertyValueSpecification","valueRequired":true,"valueName":"search_term_string"}}],"inLanguage":"es-AR"},{"@type":["Person","Organization"],"@id":"https:\/\/sergiolapegue.com\/site\/#\/schema\/person\/083aeceeb0734cd166779ea6c0551a37","name":"Sergio Lapegue","image":{"@type":"ImageObject","inLanguage":"es-AR","@id":"https:\/\/sergiolapegue.com\/site\/wp-content\/uploads\/2021\/04\/logo_header-1.png","url":"https:\/\/sergiolapegue.com\/site\/wp-content\/uploads\/2021\/04\/logo_header-1.png","contentUrl":"https:\/\/sergiolapegue.com\/site\/wp-content\/uploads\/2021\/04\/logo_header-1.png","width":272,"height":90,"caption":"Sergio Lapegue"},"logo":{"@id":"https:\/\/sergiolapegue.com\/site\/wp-content\/uploads\/2021\/04\/logo_header-1.png"},"sameAs":["https:\/\/facebook.com\/sergiolapegue","https:\/\/instagram.com\/sergiolapegue","https:\/\/x.com\/https:\/\/twitter.com\/sergiolapegue"]},{"@type":"Person","@id":"https:\/\/sergiolapegue.com\/site\/#\/schema\/person\/9198e7dbab43c6d74d0fd5399af7c3cd","name":"Daniel E. Monta\u00f1a","image":{"@type":"ImageObject","inLanguage":"es-AR","@id":"https:\/\/sergiolapegue.com\/site\/wp-content\/uploads\/2021\/04\/sl_avatar_Daniel-150x150.jpg","url":"https:\/\/sergiolapegue.com\/site\/wp-content\/uploads\/2021\/04\/sl_avatar_Daniel-150x150.jpg","contentUrl":"https:\/\/sergiolapegue.com\/site\/wp-content\/uploads\/2021\/04\/sl_avatar_Daniel-150x150.jpg","caption":"Daniel E. Monta\u00f1a"},"sameAs":["https:\/\/facebook.com\/danielernesto.montana","https:\/\/instagram.com\/daniel_montana1961","https:\/\/x.com\/https:\/\/twitter.com\/daner_004"],"url":"https:\/\/sergiolapegue.com\/site\/author\/daniel\/"}]}},"_links":{"self":[{"href":"https:\/\/sergiolapegue.com\/site\/wp-json\/wp\/v2\/posts\/26556","targetHints":{"allow":["GET"]}}],"collection":[{"href":"https:\/\/sergiolapegue.com\/site\/wp-json\/wp\/v2\/posts"}],"about":[{"href":"https:\/\/sergiolapegue.com\/site\/wp-json\/wp\/v2\/types\/post"}],"author":[{"embeddable":true,"href":"https:\/\/sergiolapegue.com\/site\/wp-json\/wp\/v2\/users\/3"}],"replies":[{"embeddable":true,"href":"https:\/\/sergiolapegue.com\/site\/wp-json\/wp\/v2\/comments?post=26556"}],"version-history":[{"count":1,"href":"https:\/\/sergiolapegue.com\/site\/wp-json\/wp\/v2\/posts\/26556\/revisions"}],"predecessor-version":[{"id":26564,"href":"https:\/\/sergiolapegue.com\/site\/wp-json\/wp\/v2\/posts\/26556\/revisions\/26564"}],"wp:featuredmedia":[{"embeddable":true,"href":"https:\/\/sergiolapegue.com\/site\/wp-json\/wp\/v2\/media\/26563"}],"wp:attachment":[{"href":"https:\/\/sergiolapegue.com\/site\/wp-json\/wp\/v2\/media?parent=26556"}],"wp:term":[{"taxonomy":"category","embeddable":true,"href":"https:\/\/sergiolapegue.com\/site\/wp-json\/wp\/v2\/categories?post=26556"},{"taxonomy":"post_tag","embeddable":true,"href":"https:\/\/sergiolapegue.com\/site\/wp-json\/wp\/v2\/tags?post=26556"}],"curies":[{"name":"wp","href":"https:\/\/api.w.org\/{rel}","templated":true}]}}