{"id":26418,"date":"2025-10-27T11:55:54","date_gmt":"2025-10-27T14:55:54","guid":{"rendered":"https:\/\/sergiolapegue.com\/site\/?p=26418"},"modified":"2025-10-27T11:55:56","modified_gmt":"2025-10-27T14:55:56","slug":"lomas-de-zamora-tierra-de-tango-rock-y-leyendas","status":"publish","type":"post","link":"https:\/\/sergiolapegue.com\/site\/2025\/10\/27\/lomas-de-zamora-tierra-de-tango-rock-y-leyendas\/","title":{"rendered":"Lomas de Zamora, tierra de tango, rock y leyendas"},"content":{"rendered":"\n<p>Quienes me leen o me siguen en redes saben que desde hace varios a\u00f1os llevo adelante un viejo anhelo: tener mi propia banda de blues y rockabilly. As\u00ed naci\u00f3<strong>&nbsp;Lapeband,<\/strong>&nbsp;el grupo con el que canto, revivo a mis \u00eddolos adolescentes y, sobre todo, comparto escenarios y risas con amigos de toda la vida.<\/p>\n\n\n\n<p>Ensayamos en<strong>&nbsp;Banfield,<\/strong>&nbsp;mi lugar en el mundo. Y mientras recorremos distintas ciudades del pa\u00eds, no puedo evitar sentir que formo parte de una tradici\u00f3n musical m\u00e1s amplia, profundamente arraigada en el sur del conurbano. Porque&nbsp;<strong><a href=\"https:\/\/launion.com.ar\/Lomas\" target=\"_blank\" rel=\"noreferrer noopener\">Lomas de Zamora<\/a><\/strong><a href=\"https:\/\/launion.com.ar\/Lomas\" target=\"_blank\" rel=\"noreferrer noopener\">,<\/a>&nbsp;aunque muchos lo desconozcan, tambi\u00e9n escribi\u00f3 cap\u00edtulos fundamentales de la m\u00fasica argentina.&nbsp;<\/p>\n\n\n\n<p>La historia se remonta a mediados del siglo XX, cuando uno de los grandes nombres del tango decidi\u00f3 hacer pie en<strong>&nbsp;Banfield.&nbsp;<\/strong>Era el uruguayo Julio Sosa, el m\u00edtico &#8220;Var\u00f3n del Tango&#8221;, quien encontr\u00f3 en las calles tranquilas de la zona sur el refugio ideal. Los vecinos a\u00fan recuerdan que sol\u00eda pasar horas en el recordado bar El Sol, en la esquina de Vergara y Maip\u00fa, donde participaba con entusiasmo de las cl\u00e1sicas charlas de caf\u00e9 que hac\u00edan historia.&nbsp;<\/p>\n\n\n\n<p>A\u00f1os m\u00e1s tarde,&nbsp;<a href=\"https:\/\/launion.com.ar\/nota\/51027\/2025\/09\/el-espectacular-homenaje-a-maradona-en-el-tanque-de-santa-marta\" target=\"_blank\" rel=\"noreferrer noopener\">otro artista inmenso eligi\u00f3 tambi\u00e9n este rinc\u00f3n del mapa para dejar huella:<\/a><strong><a href=\"https:\/\/launion.com.ar\/nota\/51027\/2025\/09\/el-espectacular-homenaje-a-maradona-en-el-tanque-de-santa-marta\" target=\"_blank\" rel=\"noreferrer noopener\">&nbsp;Sandro<\/a><\/strong><a href=\"https:\/\/launion.com.ar\/nota\/51027\/2025\/09\/el-espectacular-homenaje-a-maradona-en-el-tanque-de-santa-marta\" target=\"_blank\" rel=\"noreferrer noopener\">.&nbsp;<\/a>Nacido en Valent\u00edn Alsina, Roberto S\u00e1nchez construy\u00f3 su ic\u00f3nica mansi\u00f3n en<strong>&nbsp;Beruti<\/strong>&nbsp;al 200, donde vivi\u00f3 como una leyenda viva hasta el final. Cada 19 de agosto, su cumplea\u00f1os, la vereda se convert\u00eda en un santuario: cientos de fan\u00e1ticas -sus eternas &#8220;nenas&#8221;- llegaban con flores, regalos y hasta las c\u00e9lebres bombachas que le ofrec\u00edan como ofrenda. Muy cerca de all\u00ed, en la esquina de&nbsp;<strong>Alem y Darragueira<\/strong>, una plaza lleva su nombre como homenaje a una de las voces m\u00e1s populares y carism\u00e1ticas de Am\u00e9rica latina.&nbsp;<\/p>\n\n\n\n<p>Pero el pulso musical de Lomas no se limita al tango ni al romanticismo de Sandro. Tambi\u00e9n tuvo un papel clave en los or\u00edgenes del rock argentino. Piero, figura emblem\u00e1tica de los a\u00f1os 60, pas\u00f3 su infancia entre los adoquines de Banfield. Y ya en la explosiva d\u00e9cada del 90, la zona se convirti\u00f3 en semillero de grupos que marcaron una nueva etapa para el rock alternativo nacional:<strong>&nbsp;El Otro Yo<\/strong>&nbsp;surgi\u00f3 en Temperley<strong>; Juana La Loca<\/strong>, en Lomas; y&nbsp;<strong>Los Brujos<\/strong>, en Turdera. Todos ellos trascendieron el circuito local y hoy son considerados bandas de culto.&nbsp;<\/p>\n\n\n\n<p>Incluso<strong>&nbsp;Babas\u00f3nicos<\/strong>&nbsp;-aunque oficialmente nacidos en Lan\u00fas- tuvieron sus primeras aulas en el<strong>&nbsp;colegio Balmoral<\/strong>, una instituci\u00f3n tradicional de Banfield que tambi\u00e9n vio pasar a varias futuras figuras del under. Y como si faltaran pruebas de la conexi\u00f3n de Lomas con la m\u00fasica, vale recordar que Sumo, la legendaria banda de&nbsp;<strong>Luca Prodan<\/strong>, ofreci\u00f3 su \u00faltimo recital en el estadio de Los Andes, el 20 de diciembre de 1987, apenas dos d\u00edas antes de la muerte de su l\u00edder. \u00a1Hasta la semana que viene, amigos!&nbsp;<\/p>\n\n\n\n<p><strong><em><a href=\"https:\/\/launion.com.ar\/nota\/52468\/2025\/10\/lomas-de-zamora-tierra-de-tango-rock-y-leyendas\" target=\"_blank\" rel=\"noreferrer noopener\">Art\u00edculo publicado en el diario La Uni\u00f3n.-<\/a><\/em><\/strong><\/p>\n","protected":false},"excerpt":{"rendered":"<p>Quienes me leen o me siguen en redes saben que desde hace varios a\u00f1os llevo adelante un viejo anhelo: tener mi propia banda de blues y rockabilly. As\u00ed naci\u00f3&nbsp;Lapeband,&nbsp;el grupo con el que canto, revivo a mis \u00eddolos adolescentes y, sobre todo, comparto escenarios y risas con amigos de toda la vida. Ensayamos en&nbsp;Banfield,&nbsp;mi lugar [&hellip;]<\/p>\n","protected":false},"author":6,"featured_media":26419,"comment_status":"closed","ping_status":"closed","sticky":false,"template":"","format":"standard","meta":{"footnotes":""},"categories":[1276],"tags":[4572,1323,1277,4571,302,4132,4024],"class_list":{"0":"post-26418","1":"post","2":"type-post","3":"status-publish","4":"format-standard","5":"has-post-thumbnail","7":"category-de-puno-y-letra-lomas-de-zamora","8":"tag-julio-sosa","9":"tag-la-union","10":"tag-lomas-de-zamora","11":"tag-musica-2","12":"tag-rock","13":"tag-sandro","14":"tag-tango"},"yoast_head":"<!-- This site is optimized with the Yoast SEO plugin v27.4 - https:\/\/yoast.com\/product\/yoast-seo-wordpress\/ -->\n<title>Lomas de Zamora, tierra de tango, rock y leyendas - Sergio Lapegue<\/title>\n<meta name=\"description\" content=\"Sandro y Julio Sosa eligieron la ciudad para vivir, y muchas bandas surgieron en distintos barrios de Lomas.\" \/>\n<meta name=\"robots\" content=\"index, follow, max-snippet:-1, max-image-preview:large, max-video-preview:-1\" \/>\n<link rel=\"canonical\" href=\"https:\/\/sergiolapegue.com\/site\/2025\/10\/27\/lomas-de-zamora-tierra-de-tango-rock-y-leyendas\/\" \/>\n<meta property=\"og:locale\" content=\"es_ES\" \/>\n<meta property=\"og:type\" content=\"article\" \/>\n<meta property=\"og:title\" content=\"Lomas de Zamora, tierra de tango, rock y leyendas - Sergio Lapegue\" \/>\n<meta property=\"og:description\" content=\"Sandro y Julio Sosa eligieron la ciudad para vivir, y muchas bandas surgieron en distintos barrios de Lomas.\" \/>\n<meta property=\"og:url\" content=\"https:\/\/sergiolapegue.com\/site\/2025\/10\/27\/lomas-de-zamora-tierra-de-tango-rock-y-leyendas\/\" \/>\n<meta property=\"og:site_name\" content=\"Sergio Lapegue\" \/>\n<meta property=\"article:publisher\" content=\"https:\/\/facebook.com\/sergiolapegue\" \/>\n<meta property=\"article:author\" content=\"https:\/\/facebook.com\/sergiolapegue\" \/>\n<meta property=\"article:published_time\" content=\"2025-10-27T14:55:54+00:00\" \/>\n<meta property=\"article:modified_time\" content=\"2025-10-27T14:55:56+00:00\" \/>\n<meta property=\"og:image\" content=\"https:\/\/sergiolapegue.com\/site\/wp-content\/uploads\/2025\/10\/1134187.webp\" \/>\n\t<meta property=\"og:image:width\" content=\"1200\" \/>\n\t<meta property=\"og:image:height\" content=\"630\" \/>\n\t<meta property=\"og:image:type\" content=\"image\/webp\" \/>\n<meta name=\"author\" content=\"Sergio Lapegue\" \/>\n<meta name=\"twitter:card\" content=\"summary_large_image\" \/>\n<meta name=\"twitter:creator\" content=\"@https:\/\/twitter.com\/sergiolapegue\" \/>\n<meta name=\"twitter:site\" content=\"@sergiolapegue\" \/>\n<meta name=\"twitter:label1\" content=\"Escrito por\" \/>\n\t<meta name=\"twitter:data1\" content=\"Sergio Lapegue\" \/>\n\t<meta name=\"twitter:label2\" content=\"Tiempo de lectura\" \/>\n\t<meta name=\"twitter:data2\" content=\"3 minutos\" \/>\n<script type=\"application\/ld+json\" class=\"yoast-schema-graph\">{\"@context\":\"https:\\\/\\\/schema.org\",\"@graph\":[{\"@type\":\"Article\",\"@id\":\"https:\\\/\\\/sergiolapegue.com\\\/site\\\/2025\\\/10\\\/27\\\/lomas-de-zamora-tierra-de-tango-rock-y-leyendas\\\/#article\",\"isPartOf\":{\"@id\":\"https:\\\/\\\/sergiolapegue.com\\\/site\\\/2025\\\/10\\\/27\\\/lomas-de-zamora-tierra-de-tango-rock-y-leyendas\\\/\"},\"author\":{\"name\":\"Sergio Lapegue\",\"@id\":\"https:\\\/\\\/sergiolapegue.com\\\/site\\\/#\\\/schema\\\/person\\\/083aeceeb0734cd166779ea6c0551a37\"},\"headline\":\"Lomas de Zamora, tierra de tango, rock y leyendas\",\"datePublished\":\"2025-10-27T14:55:54+00:00\",\"dateModified\":\"2025-10-27T14:55:56+00:00\",\"mainEntityOfPage\":{\"@id\":\"https:\\\/\\\/sergiolapegue.com\\\/site\\\/2025\\\/10\\\/27\\\/lomas-de-zamora-tierra-de-tango-rock-y-leyendas\\\/\"},\"wordCount\":549,\"publisher\":{\"@id\":\"https:\\\/\\\/sergiolapegue.com\\\/site\\\/#\\\/schema\\\/person\\\/083aeceeb0734cd166779ea6c0551a37\"},\"image\":{\"@id\":\"https:\\\/\\\/sergiolapegue.com\\\/site\\\/2025\\\/10\\\/27\\\/lomas-de-zamora-tierra-de-tango-rock-y-leyendas\\\/#primaryimage\"},\"thumbnailUrl\":\"https:\\\/\\\/sergiolapegue.com\\\/site\\\/wp-content\\\/uploads\\\/2025\\\/10\\\/1134187.webp\",\"keywords\":[\"Julio Sosa\",\"La Uni\u00f3n\",\"Lomas de Zamora\",\"M\u00fasica\",\"rock\",\"sandro\",\"tango\"],\"articleSection\":[\"De Pu\u00f1o y Letra Lomas de Zamora\"],\"inLanguage\":\"es-AR\"},{\"@type\":\"WebPage\",\"@id\":\"https:\\\/\\\/sergiolapegue.com\\\/site\\\/2025\\\/10\\\/27\\\/lomas-de-zamora-tierra-de-tango-rock-y-leyendas\\\/\",\"url\":\"https:\\\/\\\/sergiolapegue.com\\\/site\\\/2025\\\/10\\\/27\\\/lomas-de-zamora-tierra-de-tango-rock-y-leyendas\\\/\",\"name\":\"Lomas de Zamora, tierra de tango, rock y leyendas - Sergio Lapegue\",\"isPartOf\":{\"@id\":\"https:\\\/\\\/sergiolapegue.com\\\/site\\\/#website\"},\"primaryImageOfPage\":{\"@id\":\"https:\\\/\\\/sergiolapegue.com\\\/site\\\/2025\\\/10\\\/27\\\/lomas-de-zamora-tierra-de-tango-rock-y-leyendas\\\/#primaryimage\"},\"image\":{\"@id\":\"https:\\\/\\\/sergiolapegue.com\\\/site\\\/2025\\\/10\\\/27\\\/lomas-de-zamora-tierra-de-tango-rock-y-leyendas\\\/#primaryimage\"},\"thumbnailUrl\":\"https:\\\/\\\/sergiolapegue.com\\\/site\\\/wp-content\\\/uploads\\\/2025\\\/10\\\/1134187.webp\",\"datePublished\":\"2025-10-27T14:55:54+00:00\",\"dateModified\":\"2025-10-27T14:55:56+00:00\",\"description\":\"Sandro y Julio Sosa eligieron la ciudad para vivir, y muchas bandas surgieron en distintos barrios de Lomas.\",\"breadcrumb\":{\"@id\":\"https:\\\/\\\/sergiolapegue.com\\\/site\\\/2025\\\/10\\\/27\\\/lomas-de-zamora-tierra-de-tango-rock-y-leyendas\\\/#breadcrumb\"},\"inLanguage\":\"es-AR\",\"potentialAction\":[{\"@type\":\"ReadAction\",\"target\":[\"https:\\\/\\\/sergiolapegue.com\\\/site\\\/2025\\\/10\\\/27\\\/lomas-de-zamora-tierra-de-tango-rock-y-leyendas\\\/\"]}]},{\"@type\":\"ImageObject\",\"inLanguage\":\"es-AR\",\"@id\":\"https:\\\/\\\/sergiolapegue.com\\\/site\\\/2025\\\/10\\\/27\\\/lomas-de-zamora-tierra-de-tango-rock-y-leyendas\\\/#primaryimage\",\"url\":\"https:\\\/\\\/sergiolapegue.com\\\/site\\\/wp-content\\\/uploads\\\/2025\\\/10\\\/1134187.webp\",\"contentUrl\":\"https:\\\/\\\/sergiolapegue.com\\\/site\\\/wp-content\\\/uploads\\\/2025\\\/10\\\/1134187.webp\",\"width\":1200,\"height\":630},{\"@type\":\"BreadcrumbList\",\"@id\":\"https:\\\/\\\/sergiolapegue.com\\\/site\\\/2025\\\/10\\\/27\\\/lomas-de-zamora-tierra-de-tango-rock-y-leyendas\\\/#breadcrumb\",\"itemListElement\":[{\"@type\":\"ListItem\",\"position\":1,\"name\":\"Inicio\",\"item\":\"https:\\\/\\\/sergiolapegue.com\\\/site\\\/\"},{\"@type\":\"ListItem\",\"position\":2,\"name\":\"Lomas de Zamora, tierra de tango, rock y leyendas\"}]},{\"@type\":\"WebSite\",\"@id\":\"https:\\\/\\\/sergiolapegue.com\\\/site\\\/#website\",\"url\":\"https:\\\/\\\/sergiolapegue.com\\\/site\\\/\",\"name\":\"Sergio Lapegue\",\"description\":\"Periodista\",\"publisher\":{\"@id\":\"https:\\\/\\\/sergiolapegue.com\\\/site\\\/#\\\/schema\\\/person\\\/083aeceeb0734cd166779ea6c0551a37\"},\"potentialAction\":[{\"@type\":\"SearchAction\",\"target\":{\"@type\":\"EntryPoint\",\"urlTemplate\":\"https:\\\/\\\/sergiolapegue.com\\\/site\\\/?s={search_term_string}\"},\"query-input\":{\"@type\":\"PropertyValueSpecification\",\"valueRequired\":true,\"valueName\":\"search_term_string\"}}],\"inLanguage\":\"es-AR\"},{\"@type\":[\"Person\",\"Organization\"],\"@id\":\"https:\\\/\\\/sergiolapegue.com\\\/site\\\/#\\\/schema\\\/person\\\/083aeceeb0734cd166779ea6c0551a37\",\"name\":\"Sergio Lapegue\",\"image\":{\"@type\":\"ImageObject\",\"inLanguage\":\"es-AR\",\"@id\":\"https:\\\/\\\/sergiolapegue.com\\\/site\\\/wp-content\\\/uploads\\\/2021\\\/04\\\/logo_header-1.png\",\"url\":\"https:\\\/\\\/sergiolapegue.com\\\/site\\\/wp-content\\\/uploads\\\/2021\\\/04\\\/logo_header-1.png\",\"contentUrl\":\"https:\\\/\\\/sergiolapegue.com\\\/site\\\/wp-content\\\/uploads\\\/2021\\\/04\\\/logo_header-1.png\",\"width\":272,\"height\":90,\"caption\":\"Sergio Lapegue\"},\"logo\":{\"@id\":\"https:\\\/\\\/sergiolapegue.com\\\/site\\\/wp-content\\\/uploads\\\/2021\\\/04\\\/logo_header-1.png\"},\"sameAs\":[\"https:\\\/\\\/facebook.com\\\/sergiolapegue\",\"https:\\\/\\\/instagram.com\\\/sergiolapegue\",\"https:\\\/\\\/x.com\\\/https:\\\/\\\/twitter.com\\\/sergiolapegue\"],\"url\":\"https:\\\/\\\/sergiolapegue.com\\\/site\\\/author\\\/sergio\\\/\"}]}<\/script>\n<!-- \/ Yoast SEO plugin. -->","yoast_head_json":{"title":"Lomas de Zamora, tierra de tango, rock y leyendas - Sergio Lapegue","description":"Sandro y Julio Sosa eligieron la ciudad para vivir, y muchas bandas surgieron en distintos barrios de Lomas.","robots":{"index":"index","follow":"follow","max-snippet":"max-snippet:-1","max-image-preview":"max-image-preview:large","max-video-preview":"max-video-preview:-1"},"canonical":"https:\/\/sergiolapegue.com\/site\/2025\/10\/27\/lomas-de-zamora-tierra-de-tango-rock-y-leyendas\/","og_locale":"es_ES","og_type":"article","og_title":"Lomas de Zamora, tierra de tango, rock y leyendas - Sergio Lapegue","og_description":"Sandro y Julio Sosa eligieron la ciudad para vivir, y muchas bandas surgieron en distintos barrios de Lomas.","og_url":"https:\/\/sergiolapegue.com\/site\/2025\/10\/27\/lomas-de-zamora-tierra-de-tango-rock-y-leyendas\/","og_site_name":"Sergio Lapegue","article_publisher":"https:\/\/facebook.com\/sergiolapegue","article_author":"https:\/\/facebook.com\/sergiolapegue","article_published_time":"2025-10-27T14:55:54+00:00","article_modified_time":"2025-10-27T14:55:56+00:00","og_image":[{"width":1200,"height":630,"url":"https:\/\/sergiolapegue.com\/site\/wp-content\/uploads\/2025\/10\/1134187.webp","type":"image\/webp"}],"author":"Sergio Lapegue","twitter_card":"summary_large_image","twitter_creator":"@https:\/\/twitter.com\/sergiolapegue","twitter_site":"@sergiolapegue","twitter_misc":{"Escrito por":"Sergio Lapegue","Tiempo de lectura":"3 minutos"},"schema":{"@context":"https:\/\/schema.org","@graph":[{"@type":"Article","@id":"https:\/\/sergiolapegue.com\/site\/2025\/10\/27\/lomas-de-zamora-tierra-de-tango-rock-y-leyendas\/#article","isPartOf":{"@id":"https:\/\/sergiolapegue.com\/site\/2025\/10\/27\/lomas-de-zamora-tierra-de-tango-rock-y-leyendas\/"},"author":{"name":"Sergio Lapegue","@id":"https:\/\/sergiolapegue.com\/site\/#\/schema\/person\/083aeceeb0734cd166779ea6c0551a37"},"headline":"Lomas de Zamora, tierra de tango, rock y leyendas","datePublished":"2025-10-27T14:55:54+00:00","dateModified":"2025-10-27T14:55:56+00:00","mainEntityOfPage":{"@id":"https:\/\/sergiolapegue.com\/site\/2025\/10\/27\/lomas-de-zamora-tierra-de-tango-rock-y-leyendas\/"},"wordCount":549,"publisher":{"@id":"https:\/\/sergiolapegue.com\/site\/#\/schema\/person\/083aeceeb0734cd166779ea6c0551a37"},"image":{"@id":"https:\/\/sergiolapegue.com\/site\/2025\/10\/27\/lomas-de-zamora-tierra-de-tango-rock-y-leyendas\/#primaryimage"},"thumbnailUrl":"https:\/\/sergiolapegue.com\/site\/wp-content\/uploads\/2025\/10\/1134187.webp","keywords":["Julio Sosa","La Uni\u00f3n","Lomas de Zamora","M\u00fasica","rock","sandro","tango"],"articleSection":["De Pu\u00f1o y Letra Lomas de Zamora"],"inLanguage":"es-AR"},{"@type":"WebPage","@id":"https:\/\/sergiolapegue.com\/site\/2025\/10\/27\/lomas-de-zamora-tierra-de-tango-rock-y-leyendas\/","url":"https:\/\/sergiolapegue.com\/site\/2025\/10\/27\/lomas-de-zamora-tierra-de-tango-rock-y-leyendas\/","name":"Lomas de Zamora, tierra de tango, rock y leyendas - Sergio Lapegue","isPartOf":{"@id":"https:\/\/sergiolapegue.com\/site\/#website"},"primaryImageOfPage":{"@id":"https:\/\/sergiolapegue.com\/site\/2025\/10\/27\/lomas-de-zamora-tierra-de-tango-rock-y-leyendas\/#primaryimage"},"image":{"@id":"https:\/\/sergiolapegue.com\/site\/2025\/10\/27\/lomas-de-zamora-tierra-de-tango-rock-y-leyendas\/#primaryimage"},"thumbnailUrl":"https:\/\/sergiolapegue.com\/site\/wp-content\/uploads\/2025\/10\/1134187.webp","datePublished":"2025-10-27T14:55:54+00:00","dateModified":"2025-10-27T14:55:56+00:00","description":"Sandro y Julio Sosa eligieron la ciudad para vivir, y muchas bandas surgieron en distintos barrios de Lomas.","breadcrumb":{"@id":"https:\/\/sergiolapegue.com\/site\/2025\/10\/27\/lomas-de-zamora-tierra-de-tango-rock-y-leyendas\/#breadcrumb"},"inLanguage":"es-AR","potentialAction":[{"@type":"ReadAction","target":["https:\/\/sergiolapegue.com\/site\/2025\/10\/27\/lomas-de-zamora-tierra-de-tango-rock-y-leyendas\/"]}]},{"@type":"ImageObject","inLanguage":"es-AR","@id":"https:\/\/sergiolapegue.com\/site\/2025\/10\/27\/lomas-de-zamora-tierra-de-tango-rock-y-leyendas\/#primaryimage","url":"https:\/\/sergiolapegue.com\/site\/wp-content\/uploads\/2025\/10\/1134187.webp","contentUrl":"https:\/\/sergiolapegue.com\/site\/wp-content\/uploads\/2025\/10\/1134187.webp","width":1200,"height":630},{"@type":"BreadcrumbList","@id":"https:\/\/sergiolapegue.com\/site\/2025\/10\/27\/lomas-de-zamora-tierra-de-tango-rock-y-leyendas\/#breadcrumb","itemListElement":[{"@type":"ListItem","position":1,"name":"Inicio","item":"https:\/\/sergiolapegue.com\/site\/"},{"@type":"ListItem","position":2,"name":"Lomas de Zamora, tierra de tango, rock y leyendas"}]},{"@type":"WebSite","@id":"https:\/\/sergiolapegue.com\/site\/#website","url":"https:\/\/sergiolapegue.com\/site\/","name":"Sergio Lapegue","description":"Periodista","publisher":{"@id":"https:\/\/sergiolapegue.com\/site\/#\/schema\/person\/083aeceeb0734cd166779ea6c0551a37"},"potentialAction":[{"@type":"SearchAction","target":{"@type":"EntryPoint","urlTemplate":"https:\/\/sergiolapegue.com\/site\/?s={search_term_string}"},"query-input":{"@type":"PropertyValueSpecification","valueRequired":true,"valueName":"search_term_string"}}],"inLanguage":"es-AR"},{"@type":["Person","Organization"],"@id":"https:\/\/sergiolapegue.com\/site\/#\/schema\/person\/083aeceeb0734cd166779ea6c0551a37","name":"Sergio Lapegue","image":{"@type":"ImageObject","inLanguage":"es-AR","@id":"https:\/\/sergiolapegue.com\/site\/wp-content\/uploads\/2021\/04\/logo_header-1.png","url":"https:\/\/sergiolapegue.com\/site\/wp-content\/uploads\/2021\/04\/logo_header-1.png","contentUrl":"https:\/\/sergiolapegue.com\/site\/wp-content\/uploads\/2021\/04\/logo_header-1.png","width":272,"height":90,"caption":"Sergio Lapegue"},"logo":{"@id":"https:\/\/sergiolapegue.com\/site\/wp-content\/uploads\/2021\/04\/logo_header-1.png"},"sameAs":["https:\/\/facebook.com\/sergiolapegue","https:\/\/instagram.com\/sergiolapegue","https:\/\/x.com\/https:\/\/twitter.com\/sergiolapegue"],"url":"https:\/\/sergiolapegue.com\/site\/author\/sergio\/"}]}},"_links":{"self":[{"href":"https:\/\/sergiolapegue.com\/site\/wp-json\/wp\/v2\/posts\/26418","targetHints":{"allow":["GET"]}}],"collection":[{"href":"https:\/\/sergiolapegue.com\/site\/wp-json\/wp\/v2\/posts"}],"about":[{"href":"https:\/\/sergiolapegue.com\/site\/wp-json\/wp\/v2\/types\/post"}],"author":[{"embeddable":true,"href":"https:\/\/sergiolapegue.com\/site\/wp-json\/wp\/v2\/users\/6"}],"replies":[{"embeddable":true,"href":"https:\/\/sergiolapegue.com\/site\/wp-json\/wp\/v2\/comments?post=26418"}],"version-history":[{"count":1,"href":"https:\/\/sergiolapegue.com\/site\/wp-json\/wp\/v2\/posts\/26418\/revisions"}],"predecessor-version":[{"id":26420,"href":"https:\/\/sergiolapegue.com\/site\/wp-json\/wp\/v2\/posts\/26418\/revisions\/26420"}],"wp:featuredmedia":[{"embeddable":true,"href":"https:\/\/sergiolapegue.com\/site\/wp-json\/wp\/v2\/media\/26419"}],"wp:attachment":[{"href":"https:\/\/sergiolapegue.com\/site\/wp-json\/wp\/v2\/media?parent=26418"}],"wp:term":[{"taxonomy":"category","embeddable":true,"href":"https:\/\/sergiolapegue.com\/site\/wp-json\/wp\/v2\/categories?post=26418"},{"taxonomy":"post_tag","embeddable":true,"href":"https:\/\/sergiolapegue.com\/site\/wp-json\/wp\/v2\/tags?post=26418"}],"curies":[{"name":"wp","href":"https:\/\/api.w.org\/{rel}","templated":true}]}}