{"id":26299,"date":"2025-10-24T01:00:00","date_gmt":"2025-10-24T04:00:00","guid":{"rendered":"https:\/\/sergiolapegue.com\/site\/?p=26299"},"modified":"2025-10-23T17:33:07","modified_gmt":"2025-10-23T20:33:07","slug":"futuro-queer-el-camion-de-impulse-en-la-marcha-del-orgullo-lgbtiq","status":"publish","type":"post","link":"https:\/\/sergiolapegue.com\/site\/2025\/10\/24\/futuro-queer-el-camion-de-impulse-en-la-marcha-del-orgullo-lgbtiq\/","title":{"rendered":"FUTURO QUEER: EL CAMI\u00d3N DE IMPULSE EN LA MARCHA DEL ORGULLO LGBTIQ+"},"content":{"rendered":"\n<p>Una intervenci\u00f3n perform\u00e1tica que une arte, m\u00fasica y activismo<\/p>\n\n\n\n<p>El pr\u00f3ximo&nbsp;1 de noviembre, en el marco de la&nbsp;Marcha del Orgullo LGBTIQ+ en Buenos Aires,&nbsp;Impulse&nbsp;desplegar\u00e1 una de las propuestas m\u00e1s llamativas de la jornada: un&nbsp;cami\u00f3n perform\u00e1tico&nbsp;que invita a imaginar un&nbsp;\u201cFuturo queer\u201d, donde el deseo, el arte y los derechos conviven como motor de transformaci\u00f3n social.<\/p>\n\n\n\n<p>Lejos de una carroza tradicional, la intervenci\u00f3n funcionar\u00e1 como una&nbsp;instalaci\u00f3n colectiva en movimiento, un espacio vivo donde se cruzan la m\u00fasica, el arte y el activismo. Con&nbsp;DJs en vivo,&nbsp;visualidades inmersivas&nbsp;y&nbsp;mensajes sobre salud sexual y derechos humanos, el cami\u00f3n de Impulse propone celebrar la diversidad y reivindicar el placer como una fuerza pol\u00edtica capaz de construir un futuro m\u00e1s libre e inclusivo.<\/p>\n\n\n\n<p>Instagram: @marchadelorgulloar<\/p>\n\n\n\n<figure class=\"wp-block-image size-large\"><img loading=\"lazy\" decoding=\"async\" width=\"1024\" height=\"449\" src=\"https:\/\/sergiolapegue.com\/site\/wp-content\/uploads\/2025\/10\/Futuro-Queer-El-camion-de-Impulse-en-la-marcha-del-orgullo-1-1024x449.jpg\" alt=\"\" class=\"wp-image-26300\" srcset=\"https:\/\/sergiolapegue.com\/site\/wp-content\/uploads\/2025\/10\/Futuro-Queer-El-camion-de-Impulse-en-la-marcha-del-orgullo-1-1024x449.jpg 1024w, https:\/\/sergiolapegue.com\/site\/wp-content\/uploads\/2025\/10\/Futuro-Queer-El-camion-de-Impulse-en-la-marcha-del-orgullo-1-300x132.jpg 300w, https:\/\/sergiolapegue.com\/site\/wp-content\/uploads\/2025\/10\/Futuro-Queer-El-camion-de-Impulse-en-la-marcha-del-orgullo-1-768x337.jpg 768w, https:\/\/sergiolapegue.com\/site\/wp-content\/uploads\/2025\/10\/Futuro-Queer-El-camion-de-Impulse-en-la-marcha-del-orgullo-1-1536x674.jpg 1536w, https:\/\/sergiolapegue.com\/site\/wp-content\/uploads\/2025\/10\/Futuro-Queer-El-camion-de-Impulse-en-la-marcha-del-orgullo-1-958x420.jpg 958w, https:\/\/sergiolapegue.com\/site\/wp-content\/uploads\/2025\/10\/Futuro-Queer-El-camion-de-Impulse-en-la-marcha-del-orgullo-1-696x305.jpg 696w, https:\/\/sergiolapegue.com\/site\/wp-content\/uploads\/2025\/10\/Futuro-Queer-El-camion-de-Impulse-en-la-marcha-del-orgullo-1-1068x468.jpg 1068w, https:\/\/sergiolapegue.com\/site\/wp-content\/uploads\/2025\/10\/Futuro-Queer-El-camion-de-Impulse-en-la-marcha-del-orgullo-1.jpg 1904w\" sizes=\"auto, (max-width: 1024px) 100vw, 1024px\" \/><\/figure>\n\n\n\n<p><strong>SOBRE IMPULSE<\/strong><\/p>\n\n\n\n<p>Impulse&nbsp;es una&nbsp;organizaci\u00f3n internacional sin fines de lucro&nbsp;con presencia en m\u00e1s de 25 ciudades del mundo, dedicada a&nbsp;promover el bienestar integral de las personas LGBTIQ+.<\/p>\n\n\n\n<p>En Buenos Aires, trabaja desde&nbsp;2017, articulando acciones de&nbsp;prevenci\u00f3n en salud sexual,&nbsp;acceso a derechos&nbsp;y&nbsp;fortalecimiento comunitario.<\/p>\n\n\n\n<p>A trav\u00e9s de activaciones, campa\u00f1as y eventos, Impulse combina&nbsp;comunicaci\u00f3n, arte y salud p\u00fablica, generando espacios donde el&nbsp;placer, el cuidado y la libertad&nbsp;se entienden como dimensiones inseparables. Su participaci\u00f3n en la Marcha del Orgullo reafirma ese compromiso: celebrar lo que somos y seguir avanzando hacia un futuro donde todos los cuerpos, identidades y deseos tengan lugar.<\/p>\n\n\n\n<p>Instagram: @impulsebsas<\/p>\n\n\n\n<figure class=\"wp-block-image size-large\"><img loading=\"lazy\" decoding=\"async\" width=\"1024\" height=\"449\" src=\"https:\/\/sergiolapegue.com\/site\/wp-content\/uploads\/2025\/10\/Futuro-Queer-El-camion-de-Impulse-en-la-marcha-del-orgullo-2-1024x449.jpg\" alt=\"\" class=\"wp-image-26301\" srcset=\"https:\/\/sergiolapegue.com\/site\/wp-content\/uploads\/2025\/10\/Futuro-Queer-El-camion-de-Impulse-en-la-marcha-del-orgullo-2-1024x449.jpg 1024w, https:\/\/sergiolapegue.com\/site\/wp-content\/uploads\/2025\/10\/Futuro-Queer-El-camion-de-Impulse-en-la-marcha-del-orgullo-2-300x132.jpg 300w, https:\/\/sergiolapegue.com\/site\/wp-content\/uploads\/2025\/10\/Futuro-Queer-El-camion-de-Impulse-en-la-marcha-del-orgullo-2-768x337.jpg 768w, https:\/\/sergiolapegue.com\/site\/wp-content\/uploads\/2025\/10\/Futuro-Queer-El-camion-de-Impulse-en-la-marcha-del-orgullo-2-1536x674.jpg 1536w, https:\/\/sergiolapegue.com\/site\/wp-content\/uploads\/2025\/10\/Futuro-Queer-El-camion-de-Impulse-en-la-marcha-del-orgullo-2-957x420.jpg 957w, https:\/\/sergiolapegue.com\/site\/wp-content\/uploads\/2025\/10\/Futuro-Queer-El-camion-de-Impulse-en-la-marcha-del-orgullo-2-696x306.jpg 696w, https:\/\/sergiolapegue.com\/site\/wp-content\/uploads\/2025\/10\/Futuro-Queer-El-camion-de-Impulse-en-la-marcha-del-orgullo-2-1068x469.jpg 1068w, https:\/\/sergiolapegue.com\/site\/wp-content\/uploads\/2025\/10\/Futuro-Queer-El-camion-de-Impulse-en-la-marcha-del-orgullo-2.jpg 1900w\" sizes=\"auto, (max-width: 1024px) 100vw, 1024px\" \/><\/figure>\n\n\n\n<p>Gracias Kevin Melgar de 0KM Prensa por hacernos llegar la gacetilla con toda la informaci\u00f3n de la Marcha del Orgullo LGBTIQ+, con el apoyo de la Organizaci\u00f3n Internacional Impulse.<\/p>\n\n\n\n<p><\/p>\n","protected":false},"excerpt":{"rendered":"<p>Una intervenci\u00f3n perform\u00e1tica que une arte, m\u00fasica y activismo El pr\u00f3ximo&nbsp;1 de noviembre, en el marco de la&nbsp;Marcha del Orgullo LGBTIQ+ en Buenos Aires,&nbsp;Impulse&nbsp;desplegar\u00e1 una de las propuestas m\u00e1s llamativas de la jornada: un&nbsp;cami\u00f3n perform\u00e1tico&nbsp;que invita a imaginar un&nbsp;\u201cFuturo queer\u201d, donde el deseo, el arte y los derechos conviven como motor de transformaci\u00f3n social. Lejos [&hellip;]<\/p>\n","protected":false},"author":3,"featured_media":26302,"comment_status":"open","ping_status":"closed","sticky":false,"template":"","format":"standard","meta":{"footnotes":""},"categories":[38,39],"tags":[],"class_list":{"0":"post-26299","1":"post","2":"type-post","3":"status-publish","4":"format-standard","5":"has-post-thumbnail","7":"category-actualidad","8":"category-interes-general"},"yoast_head":"<!-- This site is optimized with the Yoast SEO plugin v27.4 - https:\/\/yoast.com\/product\/yoast-seo-wordpress\/ -->\n<title>FUTURO QUEER: EL CAMI\u00d3N DE IMPULSE EN LA MARCHA DEL ORGULLO LGBTIQ+ - Sergio Lapegue<\/title>\n<meta name=\"robots\" content=\"index, follow, max-snippet:-1, max-image-preview:large, max-video-preview:-1\" \/>\n<link rel=\"canonical\" href=\"https:\/\/sergiolapegue.com\/site\/2025\/10\/24\/futuro-queer-el-camion-de-impulse-en-la-marcha-del-orgullo-lgbtiq\/\" \/>\n<meta property=\"og:locale\" content=\"es_ES\" \/>\n<meta property=\"og:type\" content=\"article\" \/>\n<meta property=\"og:title\" content=\"FUTURO QUEER: EL CAMI\u00d3N DE IMPULSE EN LA MARCHA DEL ORGULLO LGBTIQ+ - Sergio Lapegue\" \/>\n<meta property=\"og:description\" content=\"Una intervenci\u00f3n perform\u00e1tica que une arte, m\u00fasica y activismo El pr\u00f3ximo&nbsp;1 de noviembre, en el marco de la&nbsp;Marcha del Orgullo LGBTIQ+ en Buenos Aires,&nbsp;Impulse&nbsp;desplegar\u00e1 una de las propuestas m\u00e1s llamativas de la jornada: un&nbsp;cami\u00f3n perform\u00e1tico&nbsp;que invita a imaginar un&nbsp;\u201cFuturo queer\u201d, donde el deseo, el arte y los derechos conviven como motor de transformaci\u00f3n social. Lejos [&hellip;]\" \/>\n<meta property=\"og:url\" content=\"https:\/\/sergiolapegue.com\/site\/2025\/10\/24\/futuro-queer-el-camion-de-impulse-en-la-marcha-del-orgullo-lgbtiq\/\" \/>\n<meta property=\"og:site_name\" content=\"Sergio Lapegue\" \/>\n<meta property=\"article:publisher\" content=\"https:\/\/facebook.com\/sergiolapegue\" \/>\n<meta property=\"article:author\" content=\"https:\/\/facebook.com\/danielernesto.montana\" \/>\n<meta property=\"article:published_time\" content=\"2025-10-24T04:00:00+00:00\" \/>\n<meta property=\"og:image\" content=\"https:\/\/sergiolapegue.com\/site\/wp-content\/uploads\/2025\/10\/Futuro-Queer-El-camion-de-Impulse-en-la-marcha-del-orgullo.jpg\" \/>\n\t<meta property=\"og:image:width\" content=\"1000\" \/>\n\t<meta property=\"og:image:height\" content=\"668\" \/>\n\t<meta property=\"og:image:type\" content=\"image\/jpeg\" \/>\n<meta name=\"author\" content=\"Daniel E. Monta\u00f1a\" \/>\n<meta name=\"twitter:card\" content=\"summary_large_image\" \/>\n<meta name=\"twitter:creator\" content=\"@https:\/\/twitter.com\/daner_004\" \/>\n<meta name=\"twitter:site\" content=\"@sergiolapegue\" \/>\n<meta name=\"twitter:label1\" content=\"Escrito por\" \/>\n\t<meta name=\"twitter:data1\" content=\"Daniel E. Monta\u00f1a\" \/>\n\t<meta name=\"twitter:label2\" content=\"Tiempo de lectura\" \/>\n\t<meta name=\"twitter:data2\" content=\"2 minutos\" \/>\n<script type=\"application\/ld+json\" class=\"yoast-schema-graph\">{\"@context\":\"https:\\\/\\\/schema.org\",\"@graph\":[{\"@type\":\"Article\",\"@id\":\"https:\\\/\\\/sergiolapegue.com\\\/site\\\/2025\\\/10\\\/24\\\/futuro-queer-el-camion-de-impulse-en-la-marcha-del-orgullo-lgbtiq\\\/#article\",\"isPartOf\":{\"@id\":\"https:\\\/\\\/sergiolapegue.com\\\/site\\\/2025\\\/10\\\/24\\\/futuro-queer-el-camion-de-impulse-en-la-marcha-del-orgullo-lgbtiq\\\/\"},\"author\":{\"name\":\"Daniel E. Monta\u00f1a\",\"@id\":\"https:\\\/\\\/sergiolapegue.com\\\/site\\\/#\\\/schema\\\/person\\\/9198e7dbab43c6d74d0fd5399af7c3cd\"},\"headline\":\"FUTURO QUEER: EL CAMI\u00d3N DE IMPULSE EN LA MARCHA DEL ORGULLO LGBTIQ+\",\"datePublished\":\"2025-10-24T04:00:00+00:00\",\"mainEntityOfPage\":{\"@id\":\"https:\\\/\\\/sergiolapegue.com\\\/site\\\/2025\\\/10\\\/24\\\/futuro-queer-el-camion-de-impulse-en-la-marcha-del-orgullo-lgbtiq\\\/\"},\"wordCount\":325,\"commentCount\":0,\"publisher\":{\"@id\":\"https:\\\/\\\/sergiolapegue.com\\\/site\\\/#\\\/schema\\\/person\\\/083aeceeb0734cd166779ea6c0551a37\"},\"image\":{\"@id\":\"https:\\\/\\\/sergiolapegue.com\\\/site\\\/2025\\\/10\\\/24\\\/futuro-queer-el-camion-de-impulse-en-la-marcha-del-orgullo-lgbtiq\\\/#primaryimage\"},\"thumbnailUrl\":\"https:\\\/\\\/sergiolapegue.com\\\/site\\\/wp-content\\\/uploads\\\/2025\\\/10\\\/Futuro-Queer-El-camion-de-Impulse-en-la-marcha-del-orgullo.jpg\",\"articleSection\":[\"Actualidad\",\"Inter\u00e9s General\"],\"inLanguage\":\"es-AR\",\"potentialAction\":[{\"@type\":\"CommentAction\",\"name\":\"Comment\",\"target\":[\"https:\\\/\\\/sergiolapegue.com\\\/site\\\/2025\\\/10\\\/24\\\/futuro-queer-el-camion-de-impulse-en-la-marcha-del-orgullo-lgbtiq\\\/#respond\"]}]},{\"@type\":\"WebPage\",\"@id\":\"https:\\\/\\\/sergiolapegue.com\\\/site\\\/2025\\\/10\\\/24\\\/futuro-queer-el-camion-de-impulse-en-la-marcha-del-orgullo-lgbtiq\\\/\",\"url\":\"https:\\\/\\\/sergiolapegue.com\\\/site\\\/2025\\\/10\\\/24\\\/futuro-queer-el-camion-de-impulse-en-la-marcha-del-orgullo-lgbtiq\\\/\",\"name\":\"FUTURO QUEER: EL CAMI\u00d3N DE IMPULSE EN LA MARCHA DEL ORGULLO LGBTIQ+ - Sergio Lapegue\",\"isPartOf\":{\"@id\":\"https:\\\/\\\/sergiolapegue.com\\\/site\\\/#website\"},\"primaryImageOfPage\":{\"@id\":\"https:\\\/\\\/sergiolapegue.com\\\/site\\\/2025\\\/10\\\/24\\\/futuro-queer-el-camion-de-impulse-en-la-marcha-del-orgullo-lgbtiq\\\/#primaryimage\"},\"image\":{\"@id\":\"https:\\\/\\\/sergiolapegue.com\\\/site\\\/2025\\\/10\\\/24\\\/futuro-queer-el-camion-de-impulse-en-la-marcha-del-orgullo-lgbtiq\\\/#primaryimage\"},\"thumbnailUrl\":\"https:\\\/\\\/sergiolapegue.com\\\/site\\\/wp-content\\\/uploads\\\/2025\\\/10\\\/Futuro-Queer-El-camion-de-Impulse-en-la-marcha-del-orgullo.jpg\",\"datePublished\":\"2025-10-24T04:00:00+00:00\",\"breadcrumb\":{\"@id\":\"https:\\\/\\\/sergiolapegue.com\\\/site\\\/2025\\\/10\\\/24\\\/futuro-queer-el-camion-de-impulse-en-la-marcha-del-orgullo-lgbtiq\\\/#breadcrumb\"},\"inLanguage\":\"es-AR\",\"potentialAction\":[{\"@type\":\"ReadAction\",\"target\":[\"https:\\\/\\\/sergiolapegue.com\\\/site\\\/2025\\\/10\\\/24\\\/futuro-queer-el-camion-de-impulse-en-la-marcha-del-orgullo-lgbtiq\\\/\"]}]},{\"@type\":\"ImageObject\",\"inLanguage\":\"es-AR\",\"@id\":\"https:\\\/\\\/sergiolapegue.com\\\/site\\\/2025\\\/10\\\/24\\\/futuro-queer-el-camion-de-impulse-en-la-marcha-del-orgullo-lgbtiq\\\/#primaryimage\",\"url\":\"https:\\\/\\\/sergiolapegue.com\\\/site\\\/wp-content\\\/uploads\\\/2025\\\/10\\\/Futuro-Queer-El-camion-de-Impulse-en-la-marcha-del-orgullo.jpg\",\"contentUrl\":\"https:\\\/\\\/sergiolapegue.com\\\/site\\\/wp-content\\\/uploads\\\/2025\\\/10\\\/Futuro-Queer-El-camion-de-Impulse-en-la-marcha-del-orgullo.jpg\",\"width\":1000,\"height\":668},{\"@type\":\"BreadcrumbList\",\"@id\":\"https:\\\/\\\/sergiolapegue.com\\\/site\\\/2025\\\/10\\\/24\\\/futuro-queer-el-camion-de-impulse-en-la-marcha-del-orgullo-lgbtiq\\\/#breadcrumb\",\"itemListElement\":[{\"@type\":\"ListItem\",\"position\":1,\"name\":\"Inicio\",\"item\":\"https:\\\/\\\/sergiolapegue.com\\\/site\\\/\"},{\"@type\":\"ListItem\",\"position\":2,\"name\":\"FUTURO QUEER: EL CAMI\u00d3N DE IMPULSE EN LA MARCHA DEL ORGULLO LGBTIQ+\"}]},{\"@type\":\"WebSite\",\"@id\":\"https:\\\/\\\/sergiolapegue.com\\\/site\\\/#website\",\"url\":\"https:\\\/\\\/sergiolapegue.com\\\/site\\\/\",\"name\":\"Sergio Lapegue\",\"description\":\"Periodista\",\"publisher\":{\"@id\":\"https:\\\/\\\/sergiolapegue.com\\\/site\\\/#\\\/schema\\\/person\\\/083aeceeb0734cd166779ea6c0551a37\"},\"potentialAction\":[{\"@type\":\"SearchAction\",\"target\":{\"@type\":\"EntryPoint\",\"urlTemplate\":\"https:\\\/\\\/sergiolapegue.com\\\/site\\\/?s={search_term_string}\"},\"query-input\":{\"@type\":\"PropertyValueSpecification\",\"valueRequired\":true,\"valueName\":\"search_term_string\"}}],\"inLanguage\":\"es-AR\"},{\"@type\":[\"Person\",\"Organization\"],\"@id\":\"https:\\\/\\\/sergiolapegue.com\\\/site\\\/#\\\/schema\\\/person\\\/083aeceeb0734cd166779ea6c0551a37\",\"name\":\"Sergio Lapegue\",\"image\":{\"@type\":\"ImageObject\",\"inLanguage\":\"es-AR\",\"@id\":\"https:\\\/\\\/sergiolapegue.com\\\/site\\\/wp-content\\\/uploads\\\/2021\\\/04\\\/logo_header-1.png\",\"url\":\"https:\\\/\\\/sergiolapegue.com\\\/site\\\/wp-content\\\/uploads\\\/2021\\\/04\\\/logo_header-1.png\",\"contentUrl\":\"https:\\\/\\\/sergiolapegue.com\\\/site\\\/wp-content\\\/uploads\\\/2021\\\/04\\\/logo_header-1.png\",\"width\":272,\"height\":90,\"caption\":\"Sergio Lapegue\"},\"logo\":{\"@id\":\"https:\\\/\\\/sergiolapegue.com\\\/site\\\/wp-content\\\/uploads\\\/2021\\\/04\\\/logo_header-1.png\"},\"sameAs\":[\"https:\\\/\\\/facebook.com\\\/sergiolapegue\",\"https:\\\/\\\/instagram.com\\\/sergiolapegue\",\"https:\\\/\\\/x.com\\\/https:\\\/\\\/twitter.com\\\/sergiolapegue\"]},{\"@type\":\"Person\",\"@id\":\"https:\\\/\\\/sergiolapegue.com\\\/site\\\/#\\\/schema\\\/person\\\/9198e7dbab43c6d74d0fd5399af7c3cd\",\"name\":\"Daniel E. Monta\u00f1a\",\"image\":{\"@type\":\"ImageObject\",\"inLanguage\":\"es-AR\",\"@id\":\"https:\\\/\\\/sergiolapegue.com\\\/site\\\/wp-content\\\/uploads\\\/2021\\\/04\\\/sl_avatar_Daniel-150x150.jpg\",\"url\":\"https:\\\/\\\/sergiolapegue.com\\\/site\\\/wp-content\\\/uploads\\\/2021\\\/04\\\/sl_avatar_Daniel-150x150.jpg\",\"contentUrl\":\"https:\\\/\\\/sergiolapegue.com\\\/site\\\/wp-content\\\/uploads\\\/2021\\\/04\\\/sl_avatar_Daniel-150x150.jpg\",\"caption\":\"Daniel E. Monta\u00f1a\"},\"sameAs\":[\"https:\\\/\\\/facebook.com\\\/danielernesto.montana\",\"https:\\\/\\\/instagram.com\\\/daniel_montana1961\",\"https:\\\/\\\/x.com\\\/https:\\\/\\\/twitter.com\\\/daner_004\"],\"url\":\"https:\\\/\\\/sergiolapegue.com\\\/site\\\/author\\\/daniel\\\/\"}]}<\/script>\n<!-- \/ Yoast SEO plugin. -->","yoast_head_json":{"title":"FUTURO QUEER: EL CAMI\u00d3N DE IMPULSE EN LA MARCHA DEL ORGULLO LGBTIQ+ - Sergio Lapegue","robots":{"index":"index","follow":"follow","max-snippet":"max-snippet:-1","max-image-preview":"max-image-preview:large","max-video-preview":"max-video-preview:-1"},"canonical":"https:\/\/sergiolapegue.com\/site\/2025\/10\/24\/futuro-queer-el-camion-de-impulse-en-la-marcha-del-orgullo-lgbtiq\/","og_locale":"es_ES","og_type":"article","og_title":"FUTURO QUEER: EL CAMI\u00d3N DE IMPULSE EN LA MARCHA DEL ORGULLO LGBTIQ+ - Sergio Lapegue","og_description":"Una intervenci\u00f3n perform\u00e1tica que une arte, m\u00fasica y activismo El pr\u00f3ximo&nbsp;1 de noviembre, en el marco de la&nbsp;Marcha del Orgullo LGBTIQ+ en Buenos Aires,&nbsp;Impulse&nbsp;desplegar\u00e1 una de las propuestas m\u00e1s llamativas de la jornada: un&nbsp;cami\u00f3n perform\u00e1tico&nbsp;que invita a imaginar un&nbsp;\u201cFuturo queer\u201d, donde el deseo, el arte y los derechos conviven como motor de transformaci\u00f3n social. Lejos [&hellip;]","og_url":"https:\/\/sergiolapegue.com\/site\/2025\/10\/24\/futuro-queer-el-camion-de-impulse-en-la-marcha-del-orgullo-lgbtiq\/","og_site_name":"Sergio Lapegue","article_publisher":"https:\/\/facebook.com\/sergiolapegue","article_author":"https:\/\/facebook.com\/danielernesto.montana","article_published_time":"2025-10-24T04:00:00+00:00","og_image":[{"width":1000,"height":668,"url":"https:\/\/sergiolapegue.com\/site\/wp-content\/uploads\/2025\/10\/Futuro-Queer-El-camion-de-Impulse-en-la-marcha-del-orgullo.jpg","type":"image\/jpeg"}],"author":"Daniel E. Monta\u00f1a","twitter_card":"summary_large_image","twitter_creator":"@https:\/\/twitter.com\/daner_004","twitter_site":"@sergiolapegue","twitter_misc":{"Escrito por":"Daniel E. Monta\u00f1a","Tiempo de lectura":"2 minutos"},"schema":{"@context":"https:\/\/schema.org","@graph":[{"@type":"Article","@id":"https:\/\/sergiolapegue.com\/site\/2025\/10\/24\/futuro-queer-el-camion-de-impulse-en-la-marcha-del-orgullo-lgbtiq\/#article","isPartOf":{"@id":"https:\/\/sergiolapegue.com\/site\/2025\/10\/24\/futuro-queer-el-camion-de-impulse-en-la-marcha-del-orgullo-lgbtiq\/"},"author":{"name":"Daniel E. Monta\u00f1a","@id":"https:\/\/sergiolapegue.com\/site\/#\/schema\/person\/9198e7dbab43c6d74d0fd5399af7c3cd"},"headline":"FUTURO QUEER: EL CAMI\u00d3N DE IMPULSE EN LA MARCHA DEL ORGULLO LGBTIQ+","datePublished":"2025-10-24T04:00:00+00:00","mainEntityOfPage":{"@id":"https:\/\/sergiolapegue.com\/site\/2025\/10\/24\/futuro-queer-el-camion-de-impulse-en-la-marcha-del-orgullo-lgbtiq\/"},"wordCount":325,"commentCount":0,"publisher":{"@id":"https:\/\/sergiolapegue.com\/site\/#\/schema\/person\/083aeceeb0734cd166779ea6c0551a37"},"image":{"@id":"https:\/\/sergiolapegue.com\/site\/2025\/10\/24\/futuro-queer-el-camion-de-impulse-en-la-marcha-del-orgullo-lgbtiq\/#primaryimage"},"thumbnailUrl":"https:\/\/sergiolapegue.com\/site\/wp-content\/uploads\/2025\/10\/Futuro-Queer-El-camion-de-Impulse-en-la-marcha-del-orgullo.jpg","articleSection":["Actualidad","Inter\u00e9s General"],"inLanguage":"es-AR","potentialAction":[{"@type":"CommentAction","name":"Comment","target":["https:\/\/sergiolapegue.com\/site\/2025\/10\/24\/futuro-queer-el-camion-de-impulse-en-la-marcha-del-orgullo-lgbtiq\/#respond"]}]},{"@type":"WebPage","@id":"https:\/\/sergiolapegue.com\/site\/2025\/10\/24\/futuro-queer-el-camion-de-impulse-en-la-marcha-del-orgullo-lgbtiq\/","url":"https:\/\/sergiolapegue.com\/site\/2025\/10\/24\/futuro-queer-el-camion-de-impulse-en-la-marcha-del-orgullo-lgbtiq\/","name":"FUTURO QUEER: EL CAMI\u00d3N DE IMPULSE EN LA MARCHA DEL ORGULLO LGBTIQ+ - Sergio Lapegue","isPartOf":{"@id":"https:\/\/sergiolapegue.com\/site\/#website"},"primaryImageOfPage":{"@id":"https:\/\/sergiolapegue.com\/site\/2025\/10\/24\/futuro-queer-el-camion-de-impulse-en-la-marcha-del-orgullo-lgbtiq\/#primaryimage"},"image":{"@id":"https:\/\/sergiolapegue.com\/site\/2025\/10\/24\/futuro-queer-el-camion-de-impulse-en-la-marcha-del-orgullo-lgbtiq\/#primaryimage"},"thumbnailUrl":"https:\/\/sergiolapegue.com\/site\/wp-content\/uploads\/2025\/10\/Futuro-Queer-El-camion-de-Impulse-en-la-marcha-del-orgullo.jpg","datePublished":"2025-10-24T04:00:00+00:00","breadcrumb":{"@id":"https:\/\/sergiolapegue.com\/site\/2025\/10\/24\/futuro-queer-el-camion-de-impulse-en-la-marcha-del-orgullo-lgbtiq\/#breadcrumb"},"inLanguage":"es-AR","potentialAction":[{"@type":"ReadAction","target":["https:\/\/sergiolapegue.com\/site\/2025\/10\/24\/futuro-queer-el-camion-de-impulse-en-la-marcha-del-orgullo-lgbtiq\/"]}]},{"@type":"ImageObject","inLanguage":"es-AR","@id":"https:\/\/sergiolapegue.com\/site\/2025\/10\/24\/futuro-queer-el-camion-de-impulse-en-la-marcha-del-orgullo-lgbtiq\/#primaryimage","url":"https:\/\/sergiolapegue.com\/site\/wp-content\/uploads\/2025\/10\/Futuro-Queer-El-camion-de-Impulse-en-la-marcha-del-orgullo.jpg","contentUrl":"https:\/\/sergiolapegue.com\/site\/wp-content\/uploads\/2025\/10\/Futuro-Queer-El-camion-de-Impulse-en-la-marcha-del-orgullo.jpg","width":1000,"height":668},{"@type":"BreadcrumbList","@id":"https:\/\/sergiolapegue.com\/site\/2025\/10\/24\/futuro-queer-el-camion-de-impulse-en-la-marcha-del-orgullo-lgbtiq\/#breadcrumb","itemListElement":[{"@type":"ListItem","position":1,"name":"Inicio","item":"https:\/\/sergiolapegue.com\/site\/"},{"@type":"ListItem","position":2,"name":"FUTURO QUEER: EL CAMI\u00d3N DE IMPULSE EN LA MARCHA DEL ORGULLO LGBTIQ+"}]},{"@type":"WebSite","@id":"https:\/\/sergiolapegue.com\/site\/#website","url":"https:\/\/sergiolapegue.com\/site\/","name":"Sergio Lapegue","description":"Periodista","publisher":{"@id":"https:\/\/sergiolapegue.com\/site\/#\/schema\/person\/083aeceeb0734cd166779ea6c0551a37"},"potentialAction":[{"@type":"SearchAction","target":{"@type":"EntryPoint","urlTemplate":"https:\/\/sergiolapegue.com\/site\/?s={search_term_string}"},"query-input":{"@type":"PropertyValueSpecification","valueRequired":true,"valueName":"search_term_string"}}],"inLanguage":"es-AR"},{"@type":["Person","Organization"],"@id":"https:\/\/sergiolapegue.com\/site\/#\/schema\/person\/083aeceeb0734cd166779ea6c0551a37","name":"Sergio Lapegue","image":{"@type":"ImageObject","inLanguage":"es-AR","@id":"https:\/\/sergiolapegue.com\/site\/wp-content\/uploads\/2021\/04\/logo_header-1.png","url":"https:\/\/sergiolapegue.com\/site\/wp-content\/uploads\/2021\/04\/logo_header-1.png","contentUrl":"https:\/\/sergiolapegue.com\/site\/wp-content\/uploads\/2021\/04\/logo_header-1.png","width":272,"height":90,"caption":"Sergio Lapegue"},"logo":{"@id":"https:\/\/sergiolapegue.com\/site\/wp-content\/uploads\/2021\/04\/logo_header-1.png"},"sameAs":["https:\/\/facebook.com\/sergiolapegue","https:\/\/instagram.com\/sergiolapegue","https:\/\/x.com\/https:\/\/twitter.com\/sergiolapegue"]},{"@type":"Person","@id":"https:\/\/sergiolapegue.com\/site\/#\/schema\/person\/9198e7dbab43c6d74d0fd5399af7c3cd","name":"Daniel E. Monta\u00f1a","image":{"@type":"ImageObject","inLanguage":"es-AR","@id":"https:\/\/sergiolapegue.com\/site\/wp-content\/uploads\/2021\/04\/sl_avatar_Daniel-150x150.jpg","url":"https:\/\/sergiolapegue.com\/site\/wp-content\/uploads\/2021\/04\/sl_avatar_Daniel-150x150.jpg","contentUrl":"https:\/\/sergiolapegue.com\/site\/wp-content\/uploads\/2021\/04\/sl_avatar_Daniel-150x150.jpg","caption":"Daniel E. Monta\u00f1a"},"sameAs":["https:\/\/facebook.com\/danielernesto.montana","https:\/\/instagram.com\/daniel_montana1961","https:\/\/x.com\/https:\/\/twitter.com\/daner_004"],"url":"https:\/\/sergiolapegue.com\/site\/author\/daniel\/"}]}},"_links":{"self":[{"href":"https:\/\/sergiolapegue.com\/site\/wp-json\/wp\/v2\/posts\/26299","targetHints":{"allow":["GET"]}}],"collection":[{"href":"https:\/\/sergiolapegue.com\/site\/wp-json\/wp\/v2\/posts"}],"about":[{"href":"https:\/\/sergiolapegue.com\/site\/wp-json\/wp\/v2\/types\/post"}],"author":[{"embeddable":true,"href":"https:\/\/sergiolapegue.com\/site\/wp-json\/wp\/v2\/users\/3"}],"replies":[{"embeddable":true,"href":"https:\/\/sergiolapegue.com\/site\/wp-json\/wp\/v2\/comments?post=26299"}],"version-history":[{"count":1,"href":"https:\/\/sergiolapegue.com\/site\/wp-json\/wp\/v2\/posts\/26299\/revisions"}],"predecessor-version":[{"id":26303,"href":"https:\/\/sergiolapegue.com\/site\/wp-json\/wp\/v2\/posts\/26299\/revisions\/26303"}],"wp:featuredmedia":[{"embeddable":true,"href":"https:\/\/sergiolapegue.com\/site\/wp-json\/wp\/v2\/media\/26302"}],"wp:attachment":[{"href":"https:\/\/sergiolapegue.com\/site\/wp-json\/wp\/v2\/media?parent=26299"}],"wp:term":[{"taxonomy":"category","embeddable":true,"href":"https:\/\/sergiolapegue.com\/site\/wp-json\/wp\/v2\/categories?post=26299"},{"taxonomy":"post_tag","embeddable":true,"href":"https:\/\/sergiolapegue.com\/site\/wp-json\/wp\/v2\/tags?post=26299"}],"curies":[{"name":"wp","href":"https:\/\/api.w.org\/{rel}","templated":true}]}}