{"id":26245,"date":"2025-10-20T11:20:51","date_gmt":"2025-10-20T14:20:51","guid":{"rendered":"https:\/\/sergiolapegue.com\/site\/?p=26245"},"modified":"2025-10-20T11:22:11","modified_gmt":"2025-10-20T14:22:11","slug":"el-tripoli-un-cafe-que-paso-del-esplendor-barrial-a-un-tragico-final","status":"publish","type":"post","link":"https:\/\/sergiolapegue.com\/site\/2025\/10\/20\/el-tripoli-un-cafe-que-paso-del-esplendor-barrial-a-un-tragico-final\/","title":{"rendered":"El Tr\u00edpoli: un caf\u00e9 que pas\u00f3 del esplendor barrial a un tr\u00e1gico final"},"content":{"rendered":"\n<p>No hay nada m\u00e1s argentino que el mate. Lo tomo desde siempre, solo o acompa\u00f1ado. Es ritual y refugio. Los fines de semana, cuando el ruido se apaga un poco, preparo el termo, busco un rinc\u00f3n del parque y me siento con los pies en el pasto, el diario en la mano y la yerba lista para una larga charla conmigo mismo. Esa pausa es mi forma de poner el freno, de volver a tierra firme despu\u00e9s de una semana acelerada.&nbsp;&nbsp;<\/p>\n\n\n\n<p>En el trabajo, el mate tambi\u00e9n me sigue a todas partes: estudios, redacciones, pasillos. Pero cuando ando por la ciudad, de un compromiso a otro, suelo cambiarlo por un caf\u00e9. En Buenos Aires, los bares son estaciones inevitables: un cortado en la barra, una&nbsp;charla improvisada, un rato para mirar la calle desde la ventana. Lo aprend\u00ed en mis a\u00f1os de cronista, buscando un refugio entre una guardia y otra. Porque el caf\u00e9, igual que el mate, siempre es excusa para detener el tiempo.&nbsp;<\/p>\n\n\n\n<p><strong><a href=\"https:\/\/launion.com.ar\/Lomas\" target=\"_blank\" rel=\"noreferrer noopener\">Lomas de Zamora<\/a><\/strong><a href=\"https:\/\/launion.com.ar\/Lomas\" target=\"_blank\" rel=\"noreferrer noopener\">&nbsp;<\/a>tiene su propio linaje cafetero. Hoy el coraz\u00f3n de esa tradici\u00f3n late en<a href=\"https:\/\/launion.com.ar\/nota\/51914\/2025\/10\/exploto-paseo-lomitas-con-una-noche-de-verano--las-mejores-fotos\" target=\"_blank\" rel=\"noreferrer noopener\">&nbsp;<\/a><strong><a href=\"https:\/\/launion.com.ar\/nota\/51914\/2025\/10\/exploto-paseo-lomitas-con-una-noche-de-verano--las-mejores-fotos\" target=\"_blank\" rel=\"noreferrer noopener\">Las Lomitas, el polo gastron\u00f3mico del partido<\/a><\/strong>. Ah\u00ed conviven los locales de siempre, como el hist\u00f3rico caf\u00e9 Par\u00eds, con franquicias internacionales como Starbucks.<\/p>\n\n\n\n<p>Pero si\u00a0retrocedemos poco m\u00e1s de un siglo, el epicentro de las reuniones no estaba ah\u00ed, sino en un sitio legendario llamado\u00a0<strong>El Tr\u00edpoli.\u00a0<\/strong>Ubicado en la esquina de\u00a0<strong>San Mart\u00edn y Castelli, El Tr\u00edpoli\u00a0<\/strong>era mucho m\u00e1s que un caf\u00e9: era un punto de encuentro, una postal viva del barrio. Se entraba por la ochava a un amplio sal\u00f3n con mesas, dos billares y, al costado, un rinc\u00f3n reservado\u00a0para los habitu\u00e9s que buscaban privacidad.<\/p>\n\n\n\n<p>En el patio, bajo la sombra de unos \u00e1rboles, se desplegaban dos canchas de bochas.\u00a0Sus clientes eran, en su mayor\u00eda, vecinos de la zona. Algunos pasaban horas entre amigos, entre partidas de billar, sapo o pase ingl\u00e9s. Pero el lugar tambi\u00e9n ten\u00eda otra cara, m\u00e1s turbulenta: era refugio de los guapos del barrio, tipos de car\u00e1cter fuerte, habituados\u00a0al vino y las peleas. El caf\u00e9 se hab\u00eda ganado fama de sitio bravo, donde los \u00e1nimos pod\u00edan encenderse r\u00e1pido.\u00a0<\/p>\n\n\n\n<p>El esplendor de El Tr\u00edpoli comenz\u00f3 a desvanecerse hacia fines de los a\u00f1os veinte. En mayo de 1928, un hecho sangriento marc\u00f3 un antes y un despu\u00e9s: dos hermanos fueron asesinados a balazos dentro del local, seg\u00fan se dijo, por un conflicto pasional.<\/p>\n\n\n\n<p>Aquel crimen conmocion\u00f3 al barrio y manch\u00f3 la reputaci\u00f3n del lugar. Meses despu\u00e9s, una violenta disputa entre un polic\u00eda y un parroquiano termin\u00f3 de sellar su destino. As\u00ed, el caf\u00e9 que durante a\u00f1os hab\u00eda sido s\u00edmbolo de encuentro y costumbre termin\u00f3 apag\u00e1ndose entre esc\u00e1ndalos\u00a0y tragedias. Hoy solo queda su recuerdo, flotando entre las an\u00e9cdotas que se cuentan en las mesas de Lomas, donde el mate y el caf\u00e9 siguen siendo, como siempre, las mejores excusas para conversar.\u00a0<\/p>\n\n\n\n<p><strong><em><a href=\"https:\/\/launion.com.ar\/nota\/52248\/2025\/10\/el-tripoli--un-cafe-que-paso-del-esplendor-barrial-a-un-tragico-final}\">Art\u00edculo publicado en el diario La Uni\u00f3n.-<\/a><\/em><\/strong><\/p>\n","protected":false},"excerpt":{"rendered":"<p>No hay nada m\u00e1s argentino que el mate. Lo tomo desde siempre, solo o acompa\u00f1ado. Es ritual y refugio. Los fines de semana, cuando el ruido se apaga un poco, preparo el termo, busco un rinc\u00f3n del parque y me siento con los pies en el pasto, el diario en la mano y la yerba [&hellip;]<\/p>\n","protected":false},"author":6,"featured_media":26246,"comment_status":"closed","ping_status":"closed","sticky":false,"template":"","format":"standard","meta":{"footnotes":""},"categories":[1276],"tags":[4552,1323,1277],"class_list":{"0":"post-26245","1":"post","2":"type-post","3":"status-publish","4":"format-standard","5":"has-post-thumbnail","7":"category-de-puno-y-letra-lomas-de-zamora","8":"tag-cafe-2","9":"tag-la-union","10":"tag-lomas-de-zamora"},"yoast_head":"<!-- This site is optimized with the Yoast SEO plugin v27.5 - https:\/\/yoast.com\/product\/yoast-seo-wordpress\/ -->\n<title>El Tr\u00edpoli: un caf\u00e9 que pas\u00f3 del esplendor barrial a un tr\u00e1gico final - Sergio Lapegue<\/title>\n<meta name=\"description\" content=\"Ubicado en la esquina de San Mart\u00edn y Castelli, era mucho m\u00e1s que un caf\u00e9, pero un crimen y un esc\u00e1ndalo precipitaron su final.\" \/>\n<meta name=\"robots\" content=\"index, follow, max-snippet:-1, max-image-preview:large, max-video-preview:-1\" \/>\n<link rel=\"canonical\" href=\"https:\/\/sergiolapegue.com\/site\/2025\/10\/20\/el-tripoli-un-cafe-que-paso-del-esplendor-barrial-a-un-tragico-final\/\" \/>\n<meta property=\"og:locale\" content=\"es_ES\" \/>\n<meta property=\"og:type\" content=\"article\" \/>\n<meta property=\"og:title\" content=\"El Tr\u00edpoli: un caf\u00e9 que pas\u00f3 del esplendor barrial a un tr\u00e1gico final - Sergio Lapegue\" \/>\n<meta property=\"og:description\" content=\"Ubicado en la esquina de San Mart\u00edn y Castelli, era mucho m\u00e1s que un caf\u00e9, pero un crimen y un esc\u00e1ndalo precipitaron su final.\" \/>\n<meta property=\"og:url\" content=\"https:\/\/sergiolapegue.com\/site\/2025\/10\/20\/el-tripoli-un-cafe-que-paso-del-esplendor-barrial-a-un-tragico-final\/\" \/>\n<meta property=\"og:site_name\" content=\"Sergio Lapegue\" \/>\n<meta property=\"article:publisher\" content=\"https:\/\/facebook.com\/sergiolapegue\" \/>\n<meta property=\"article:author\" content=\"https:\/\/facebook.com\/sergiolapegue\" \/>\n<meta property=\"article:published_time\" content=\"2025-10-20T14:20:51+00:00\" \/>\n<meta property=\"article:modified_time\" content=\"2025-10-20T14:22:11+00:00\" \/>\n<meta property=\"og:image\" content=\"https:\/\/sergiolapegue.com\/site\/wp-content\/uploads\/2025\/10\/1133769.webp\" \/>\n\t<meta property=\"og:image:width\" content=\"1200\" \/>\n\t<meta property=\"og:image:height\" content=\"630\" \/>\n\t<meta property=\"og:image:type\" content=\"image\/webp\" \/>\n<meta name=\"author\" content=\"Sergio Lapegue\" \/>\n<meta name=\"twitter:card\" content=\"summary_large_image\" \/>\n<meta name=\"twitter:creator\" content=\"@https:\/\/twitter.com\/sergiolapegue\" \/>\n<meta name=\"twitter:site\" content=\"@sergiolapegue\" \/>\n<meta name=\"twitter:label1\" content=\"Escrito por\" \/>\n\t<meta name=\"twitter:data1\" content=\"Sergio Lapegue\" \/>\n\t<meta name=\"twitter:label2\" content=\"Tiempo de lectura\" \/>\n\t<meta name=\"twitter:data2\" content=\"3 minutos\" \/>\n<script type=\"application\/ld+json\" class=\"yoast-schema-graph\">{\"@context\":\"https:\\\/\\\/schema.org\",\"@graph\":[{\"@type\":\"Article\",\"@id\":\"https:\\\/\\\/sergiolapegue.com\\\/site\\\/2025\\\/10\\\/20\\\/el-tripoli-un-cafe-que-paso-del-esplendor-barrial-a-un-tragico-final\\\/#article\",\"isPartOf\":{\"@id\":\"https:\\\/\\\/sergiolapegue.com\\\/site\\\/2025\\\/10\\\/20\\\/el-tripoli-un-cafe-que-paso-del-esplendor-barrial-a-un-tragico-final\\\/\"},\"author\":{\"name\":\"Sergio Lapegue\",\"@id\":\"https:\\\/\\\/sergiolapegue.com\\\/site\\\/#\\\/schema\\\/person\\\/083aeceeb0734cd166779ea6c0551a37\"},\"headline\":\"El Tr\u00edpoli: un caf\u00e9 que pas\u00f3 del esplendor barrial a un tr\u00e1gico final\",\"datePublished\":\"2025-10-20T14:20:51+00:00\",\"dateModified\":\"2025-10-20T14:22:11+00:00\",\"mainEntityOfPage\":{\"@id\":\"https:\\\/\\\/sergiolapegue.com\\\/site\\\/2025\\\/10\\\/20\\\/el-tripoli-un-cafe-que-paso-del-esplendor-barrial-a-un-tragico-final\\\/\"},\"wordCount\":550,\"publisher\":{\"@id\":\"https:\\\/\\\/sergiolapegue.com\\\/site\\\/#\\\/schema\\\/person\\\/083aeceeb0734cd166779ea6c0551a37\"},\"image\":{\"@id\":\"https:\\\/\\\/sergiolapegue.com\\\/site\\\/2025\\\/10\\\/20\\\/el-tripoli-un-cafe-que-paso-del-esplendor-barrial-a-un-tragico-final\\\/#primaryimage\"},\"thumbnailUrl\":\"https:\\\/\\\/sergiolapegue.com\\\/site\\\/wp-content\\\/uploads\\\/2025\\\/10\\\/1133769.webp\",\"keywords\":[\"caf\u00e9\",\"La Uni\u00f3n\",\"Lomas de Zamora\"],\"articleSection\":[\"De Pu\u00f1o y Letra Lomas de Zamora\"],\"inLanguage\":\"es-AR\"},{\"@type\":\"WebPage\",\"@id\":\"https:\\\/\\\/sergiolapegue.com\\\/site\\\/2025\\\/10\\\/20\\\/el-tripoli-un-cafe-que-paso-del-esplendor-barrial-a-un-tragico-final\\\/\",\"url\":\"https:\\\/\\\/sergiolapegue.com\\\/site\\\/2025\\\/10\\\/20\\\/el-tripoli-un-cafe-que-paso-del-esplendor-barrial-a-un-tragico-final\\\/\",\"name\":\"El Tr\u00edpoli: un caf\u00e9 que pas\u00f3 del esplendor barrial a un tr\u00e1gico final - Sergio Lapegue\",\"isPartOf\":{\"@id\":\"https:\\\/\\\/sergiolapegue.com\\\/site\\\/#website\"},\"primaryImageOfPage\":{\"@id\":\"https:\\\/\\\/sergiolapegue.com\\\/site\\\/2025\\\/10\\\/20\\\/el-tripoli-un-cafe-que-paso-del-esplendor-barrial-a-un-tragico-final\\\/#primaryimage\"},\"image\":{\"@id\":\"https:\\\/\\\/sergiolapegue.com\\\/site\\\/2025\\\/10\\\/20\\\/el-tripoli-un-cafe-que-paso-del-esplendor-barrial-a-un-tragico-final\\\/#primaryimage\"},\"thumbnailUrl\":\"https:\\\/\\\/sergiolapegue.com\\\/site\\\/wp-content\\\/uploads\\\/2025\\\/10\\\/1133769.webp\",\"datePublished\":\"2025-10-20T14:20:51+00:00\",\"dateModified\":\"2025-10-20T14:22:11+00:00\",\"description\":\"Ubicado en la esquina de San Mart\u00edn y Castelli, era mucho m\u00e1s que un caf\u00e9, pero un crimen y un esc\u00e1ndalo precipitaron su final.\",\"breadcrumb\":{\"@id\":\"https:\\\/\\\/sergiolapegue.com\\\/site\\\/2025\\\/10\\\/20\\\/el-tripoli-un-cafe-que-paso-del-esplendor-barrial-a-un-tragico-final\\\/#breadcrumb\"},\"inLanguage\":\"es-AR\",\"potentialAction\":[{\"@type\":\"ReadAction\",\"target\":[\"https:\\\/\\\/sergiolapegue.com\\\/site\\\/2025\\\/10\\\/20\\\/el-tripoli-un-cafe-que-paso-del-esplendor-barrial-a-un-tragico-final\\\/\"]}]},{\"@type\":\"ImageObject\",\"inLanguage\":\"es-AR\",\"@id\":\"https:\\\/\\\/sergiolapegue.com\\\/site\\\/2025\\\/10\\\/20\\\/el-tripoli-un-cafe-que-paso-del-esplendor-barrial-a-un-tragico-final\\\/#primaryimage\",\"url\":\"https:\\\/\\\/sergiolapegue.com\\\/site\\\/wp-content\\\/uploads\\\/2025\\\/10\\\/1133769.webp\",\"contentUrl\":\"https:\\\/\\\/sergiolapegue.com\\\/site\\\/wp-content\\\/uploads\\\/2025\\\/10\\\/1133769.webp\",\"width\":1200,\"height\":630},{\"@type\":\"BreadcrumbList\",\"@id\":\"https:\\\/\\\/sergiolapegue.com\\\/site\\\/2025\\\/10\\\/20\\\/el-tripoli-un-cafe-que-paso-del-esplendor-barrial-a-un-tragico-final\\\/#breadcrumb\",\"itemListElement\":[{\"@type\":\"ListItem\",\"position\":1,\"name\":\"Inicio\",\"item\":\"https:\\\/\\\/sergiolapegue.com\\\/site\\\/\"},{\"@type\":\"ListItem\",\"position\":2,\"name\":\"El Tr\u00edpoli: un caf\u00e9 que pas\u00f3 del esplendor barrial a un tr\u00e1gico final\"}]},{\"@type\":\"WebSite\",\"@id\":\"https:\\\/\\\/sergiolapegue.com\\\/site\\\/#website\",\"url\":\"https:\\\/\\\/sergiolapegue.com\\\/site\\\/\",\"name\":\"Sergio Lapegue\",\"description\":\"Periodista\",\"publisher\":{\"@id\":\"https:\\\/\\\/sergiolapegue.com\\\/site\\\/#\\\/schema\\\/person\\\/083aeceeb0734cd166779ea6c0551a37\"},\"potentialAction\":[{\"@type\":\"SearchAction\",\"target\":{\"@type\":\"EntryPoint\",\"urlTemplate\":\"https:\\\/\\\/sergiolapegue.com\\\/site\\\/?s={search_term_string}\"},\"query-input\":{\"@type\":\"PropertyValueSpecification\",\"valueRequired\":true,\"valueName\":\"search_term_string\"}}],\"inLanguage\":\"es-AR\"},{\"@type\":[\"Person\",\"Organization\"],\"@id\":\"https:\\\/\\\/sergiolapegue.com\\\/site\\\/#\\\/schema\\\/person\\\/083aeceeb0734cd166779ea6c0551a37\",\"name\":\"Sergio Lapegue\",\"image\":{\"@type\":\"ImageObject\",\"inLanguage\":\"es-AR\",\"@id\":\"https:\\\/\\\/sergiolapegue.com\\\/site\\\/wp-content\\\/uploads\\\/2021\\\/04\\\/logo_header-1.png\",\"url\":\"https:\\\/\\\/sergiolapegue.com\\\/site\\\/wp-content\\\/uploads\\\/2021\\\/04\\\/logo_header-1.png\",\"contentUrl\":\"https:\\\/\\\/sergiolapegue.com\\\/site\\\/wp-content\\\/uploads\\\/2021\\\/04\\\/logo_header-1.png\",\"width\":272,\"height\":90,\"caption\":\"Sergio Lapegue\"},\"logo\":{\"@id\":\"https:\\\/\\\/sergiolapegue.com\\\/site\\\/wp-content\\\/uploads\\\/2021\\\/04\\\/logo_header-1.png\"},\"sameAs\":[\"https:\\\/\\\/facebook.com\\\/sergiolapegue\",\"https:\\\/\\\/instagram.com\\\/sergiolapegue\",\"https:\\\/\\\/x.com\\\/https:\\\/\\\/twitter.com\\\/sergiolapegue\"],\"url\":\"https:\\\/\\\/sergiolapegue.com\\\/site\\\/author\\\/sergio\\\/\"}]}<\/script>\n<!-- \/ Yoast SEO plugin. -->","yoast_head_json":{"title":"El Tr\u00edpoli: un caf\u00e9 que pas\u00f3 del esplendor barrial a un tr\u00e1gico final - Sergio Lapegue","description":"Ubicado en la esquina de San Mart\u00edn y Castelli, era mucho m\u00e1s que un caf\u00e9, pero un crimen y un esc\u00e1ndalo precipitaron su final.","robots":{"index":"index","follow":"follow","max-snippet":"max-snippet:-1","max-image-preview":"max-image-preview:large","max-video-preview":"max-video-preview:-1"},"canonical":"https:\/\/sergiolapegue.com\/site\/2025\/10\/20\/el-tripoli-un-cafe-que-paso-del-esplendor-barrial-a-un-tragico-final\/","og_locale":"es_ES","og_type":"article","og_title":"El Tr\u00edpoli: un caf\u00e9 que pas\u00f3 del esplendor barrial a un tr\u00e1gico final - Sergio Lapegue","og_description":"Ubicado en la esquina de San Mart\u00edn y Castelli, era mucho m\u00e1s que un caf\u00e9, pero un crimen y un esc\u00e1ndalo precipitaron su final.","og_url":"https:\/\/sergiolapegue.com\/site\/2025\/10\/20\/el-tripoli-un-cafe-que-paso-del-esplendor-barrial-a-un-tragico-final\/","og_site_name":"Sergio Lapegue","article_publisher":"https:\/\/facebook.com\/sergiolapegue","article_author":"https:\/\/facebook.com\/sergiolapegue","article_published_time":"2025-10-20T14:20:51+00:00","article_modified_time":"2025-10-20T14:22:11+00:00","og_image":[{"width":1200,"height":630,"url":"https:\/\/sergiolapegue.com\/site\/wp-content\/uploads\/2025\/10\/1133769.webp","type":"image\/webp"}],"author":"Sergio Lapegue","twitter_card":"summary_large_image","twitter_creator":"@https:\/\/twitter.com\/sergiolapegue","twitter_site":"@sergiolapegue","twitter_misc":{"Escrito por":"Sergio Lapegue","Tiempo de lectura":"3 minutos"},"schema":{"@context":"https:\/\/schema.org","@graph":[{"@type":"Article","@id":"https:\/\/sergiolapegue.com\/site\/2025\/10\/20\/el-tripoli-un-cafe-que-paso-del-esplendor-barrial-a-un-tragico-final\/#article","isPartOf":{"@id":"https:\/\/sergiolapegue.com\/site\/2025\/10\/20\/el-tripoli-un-cafe-que-paso-del-esplendor-barrial-a-un-tragico-final\/"},"author":{"name":"Sergio Lapegue","@id":"https:\/\/sergiolapegue.com\/site\/#\/schema\/person\/083aeceeb0734cd166779ea6c0551a37"},"headline":"El Tr\u00edpoli: un caf\u00e9 que pas\u00f3 del esplendor barrial a un tr\u00e1gico final","datePublished":"2025-10-20T14:20:51+00:00","dateModified":"2025-10-20T14:22:11+00:00","mainEntityOfPage":{"@id":"https:\/\/sergiolapegue.com\/site\/2025\/10\/20\/el-tripoli-un-cafe-que-paso-del-esplendor-barrial-a-un-tragico-final\/"},"wordCount":550,"publisher":{"@id":"https:\/\/sergiolapegue.com\/site\/#\/schema\/person\/083aeceeb0734cd166779ea6c0551a37"},"image":{"@id":"https:\/\/sergiolapegue.com\/site\/2025\/10\/20\/el-tripoli-un-cafe-que-paso-del-esplendor-barrial-a-un-tragico-final\/#primaryimage"},"thumbnailUrl":"https:\/\/sergiolapegue.com\/site\/wp-content\/uploads\/2025\/10\/1133769.webp","keywords":["caf\u00e9","La Uni\u00f3n","Lomas de Zamora"],"articleSection":["De Pu\u00f1o y Letra Lomas de Zamora"],"inLanguage":"es-AR"},{"@type":"WebPage","@id":"https:\/\/sergiolapegue.com\/site\/2025\/10\/20\/el-tripoli-un-cafe-que-paso-del-esplendor-barrial-a-un-tragico-final\/","url":"https:\/\/sergiolapegue.com\/site\/2025\/10\/20\/el-tripoli-un-cafe-que-paso-del-esplendor-barrial-a-un-tragico-final\/","name":"El Tr\u00edpoli: un caf\u00e9 que pas\u00f3 del esplendor barrial a un tr\u00e1gico final - Sergio Lapegue","isPartOf":{"@id":"https:\/\/sergiolapegue.com\/site\/#website"},"primaryImageOfPage":{"@id":"https:\/\/sergiolapegue.com\/site\/2025\/10\/20\/el-tripoli-un-cafe-que-paso-del-esplendor-barrial-a-un-tragico-final\/#primaryimage"},"image":{"@id":"https:\/\/sergiolapegue.com\/site\/2025\/10\/20\/el-tripoli-un-cafe-que-paso-del-esplendor-barrial-a-un-tragico-final\/#primaryimage"},"thumbnailUrl":"https:\/\/sergiolapegue.com\/site\/wp-content\/uploads\/2025\/10\/1133769.webp","datePublished":"2025-10-20T14:20:51+00:00","dateModified":"2025-10-20T14:22:11+00:00","description":"Ubicado en la esquina de San Mart\u00edn y Castelli, era mucho m\u00e1s que un caf\u00e9, pero un crimen y un esc\u00e1ndalo precipitaron su final.","breadcrumb":{"@id":"https:\/\/sergiolapegue.com\/site\/2025\/10\/20\/el-tripoli-un-cafe-que-paso-del-esplendor-barrial-a-un-tragico-final\/#breadcrumb"},"inLanguage":"es-AR","potentialAction":[{"@type":"ReadAction","target":["https:\/\/sergiolapegue.com\/site\/2025\/10\/20\/el-tripoli-un-cafe-que-paso-del-esplendor-barrial-a-un-tragico-final\/"]}]},{"@type":"ImageObject","inLanguage":"es-AR","@id":"https:\/\/sergiolapegue.com\/site\/2025\/10\/20\/el-tripoli-un-cafe-que-paso-del-esplendor-barrial-a-un-tragico-final\/#primaryimage","url":"https:\/\/sergiolapegue.com\/site\/wp-content\/uploads\/2025\/10\/1133769.webp","contentUrl":"https:\/\/sergiolapegue.com\/site\/wp-content\/uploads\/2025\/10\/1133769.webp","width":1200,"height":630},{"@type":"BreadcrumbList","@id":"https:\/\/sergiolapegue.com\/site\/2025\/10\/20\/el-tripoli-un-cafe-que-paso-del-esplendor-barrial-a-un-tragico-final\/#breadcrumb","itemListElement":[{"@type":"ListItem","position":1,"name":"Inicio","item":"https:\/\/sergiolapegue.com\/site\/"},{"@type":"ListItem","position":2,"name":"El Tr\u00edpoli: un caf\u00e9 que pas\u00f3 del esplendor barrial a un tr\u00e1gico final"}]},{"@type":"WebSite","@id":"https:\/\/sergiolapegue.com\/site\/#website","url":"https:\/\/sergiolapegue.com\/site\/","name":"Sergio Lapegue","description":"Periodista","publisher":{"@id":"https:\/\/sergiolapegue.com\/site\/#\/schema\/person\/083aeceeb0734cd166779ea6c0551a37"},"potentialAction":[{"@type":"SearchAction","target":{"@type":"EntryPoint","urlTemplate":"https:\/\/sergiolapegue.com\/site\/?s={search_term_string}"},"query-input":{"@type":"PropertyValueSpecification","valueRequired":true,"valueName":"search_term_string"}}],"inLanguage":"es-AR"},{"@type":["Person","Organization"],"@id":"https:\/\/sergiolapegue.com\/site\/#\/schema\/person\/083aeceeb0734cd166779ea6c0551a37","name":"Sergio Lapegue","image":{"@type":"ImageObject","inLanguage":"es-AR","@id":"https:\/\/sergiolapegue.com\/site\/wp-content\/uploads\/2021\/04\/logo_header-1.png","url":"https:\/\/sergiolapegue.com\/site\/wp-content\/uploads\/2021\/04\/logo_header-1.png","contentUrl":"https:\/\/sergiolapegue.com\/site\/wp-content\/uploads\/2021\/04\/logo_header-1.png","width":272,"height":90,"caption":"Sergio Lapegue"},"logo":{"@id":"https:\/\/sergiolapegue.com\/site\/wp-content\/uploads\/2021\/04\/logo_header-1.png"},"sameAs":["https:\/\/facebook.com\/sergiolapegue","https:\/\/instagram.com\/sergiolapegue","https:\/\/x.com\/https:\/\/twitter.com\/sergiolapegue"],"url":"https:\/\/sergiolapegue.com\/site\/author\/sergio\/"}]}},"_links":{"self":[{"href":"https:\/\/sergiolapegue.com\/site\/wp-json\/wp\/v2\/posts\/26245","targetHints":{"allow":["GET"]}}],"collection":[{"href":"https:\/\/sergiolapegue.com\/site\/wp-json\/wp\/v2\/posts"}],"about":[{"href":"https:\/\/sergiolapegue.com\/site\/wp-json\/wp\/v2\/types\/post"}],"author":[{"embeddable":true,"href":"https:\/\/sergiolapegue.com\/site\/wp-json\/wp\/v2\/users\/6"}],"replies":[{"embeddable":true,"href":"https:\/\/sergiolapegue.com\/site\/wp-json\/wp\/v2\/comments?post=26245"}],"version-history":[{"count":1,"href":"https:\/\/sergiolapegue.com\/site\/wp-json\/wp\/v2\/posts\/26245\/revisions"}],"predecessor-version":[{"id":26247,"href":"https:\/\/sergiolapegue.com\/site\/wp-json\/wp\/v2\/posts\/26245\/revisions\/26247"}],"wp:featuredmedia":[{"embeddable":true,"href":"https:\/\/sergiolapegue.com\/site\/wp-json\/wp\/v2\/media\/26246"}],"wp:attachment":[{"href":"https:\/\/sergiolapegue.com\/site\/wp-json\/wp\/v2\/media?parent=26245"}],"wp:term":[{"taxonomy":"category","embeddable":true,"href":"https:\/\/sergiolapegue.com\/site\/wp-json\/wp\/v2\/categories?post=26245"},{"taxonomy":"post_tag","embeddable":true,"href":"https:\/\/sergiolapegue.com\/site\/wp-json\/wp\/v2\/tags?post=26245"}],"curies":[{"name":"wp","href":"https:\/\/api.w.org\/{rel}","templated":true}]}}