{"id":26236,"date":"2025-10-23T01:00:00","date_gmt":"2025-10-23T04:00:00","guid":{"rendered":"https:\/\/sergiolapegue.com\/site\/?p=26236"},"modified":"2025-11-14T02:38:45","modified_gmt":"2025-11-14T05:38:45","slug":"materia-fungible-de-la-compania-david-senoran","status":"publish","type":"post","link":"https:\/\/sergiolapegue.com\/site\/2025\/10\/23\/materia-fungible-de-la-compania-david-senoran\/","title":{"rendered":"\u201cMATERIA FUNGIBLE\u201d DE LA COMPA\u00d1\u00cdA DAVID SE\u00d1ORAN"},"content":{"rendered":"\n<p>\u00daltimas 2 funciones, 20 y 27 de noviembre a las 20.30hs en el C.C. de la Cooperaci\u00f3n,\u00a0de la obra\u00a0&#8220;Materia fungible&#8221;, de la Compa\u00f1\u00eda de danza David Se\u00f1oran.\u00a0<\/p>\n\n\n\n<p>La pieza es resultado del\u00a0Proyecto de Creaci\u00f3n Esc\u00e9nica en Lenguaje Contempor\u00e1neo en el que exploraron una variedad de tem\u00e1ticas sociales que resuenan profundamente en la contemporaneidad (discurso de odio, desigualdad social y econ\u00f3mica, individualismo) utilizando el movimiento como medio para cuestionar, revelar y transformar nuestra comprensi\u00f3n de estas realidades.<\/p>\n\n\n\n<figure class=\"wp-block-image size-full\"><img loading=\"lazy\" decoding=\"async\" width=\"1000\" height=\"667\" src=\"https:\/\/sergiolapegue.com\/site\/wp-content\/uploads\/2025\/10\/Materia-fungible-1.jpg\" alt=\"\" class=\"wp-image-26237\" srcset=\"https:\/\/sergiolapegue.com\/site\/wp-content\/uploads\/2025\/10\/Materia-fungible-1.jpg 1000w, https:\/\/sergiolapegue.com\/site\/wp-content\/uploads\/2025\/10\/Materia-fungible-1-300x200.jpg 300w, https:\/\/sergiolapegue.com\/site\/wp-content\/uploads\/2025\/10\/Materia-fungible-1-768x512.jpg 768w, https:\/\/sergiolapegue.com\/site\/wp-content\/uploads\/2025\/10\/Materia-fungible-1-630x420.jpg 630w, https:\/\/sergiolapegue.com\/site\/wp-content\/uploads\/2025\/10\/Materia-fungible-1-696x464.jpg 696w\" sizes=\"auto, (max-width: 1000px) 100vw, 1000px\" \/><\/figure>\n\n\n\n<p><strong>SINOPSIS<\/strong><\/p>\n\n\n\n<p>&#8220;Materia fungible&#8221;&nbsp;es una obra que interroga la l\u00f3gica que convierte a los cuerpos en recursos reemplazables. Desde el deseo como refugio, el odio como tatuaje social y la indiferencia como escudo cultural, esta obra construye un paisaje esc\u00e9nico atravesado por la injusticia y la resistencia en donde&nbsp; los&nbsp; cuerpos se rebelan contra su condici\u00f3n de mercanc\u00eda. El cuerpo se convierte en memoria viva, superficie de escritura pol\u00edtica, territorio de lo que no se puede callar.&nbsp;&#8220;Materia fungible&#8221;&nbsp;es un llamado urgente a mirar lo que se prefiere ignorar.<\/p>\n\n\n\n<figure class=\"wp-block-image size-full\"><img loading=\"lazy\" decoding=\"async\" width=\"1000\" height=\"667\" src=\"https:\/\/sergiolapegue.com\/site\/wp-content\/uploads\/2025\/10\/Materia-fungible-2.jpg\" alt=\"\" class=\"wp-image-26238\" srcset=\"https:\/\/sergiolapegue.com\/site\/wp-content\/uploads\/2025\/10\/Materia-fungible-2.jpg 1000w, https:\/\/sergiolapegue.com\/site\/wp-content\/uploads\/2025\/10\/Materia-fungible-2-300x200.jpg 300w, https:\/\/sergiolapegue.com\/site\/wp-content\/uploads\/2025\/10\/Materia-fungible-2-768x512.jpg 768w, https:\/\/sergiolapegue.com\/site\/wp-content\/uploads\/2025\/10\/Materia-fungible-2-630x420.jpg 630w, https:\/\/sergiolapegue.com\/site\/wp-content\/uploads\/2025\/10\/Materia-fungible-2-696x464.jpg 696w\" sizes=\"auto, (max-width: 1000px) 100vw, 1000px\" \/><\/figure>\n\n\n\n<p><strong>PALABRAS DEL DIRECTOR Y CORE\u00d3GRAFO<\/strong><\/p>\n\n\n\n<p>&#8220;Mi intenci\u00f3n es que esta obra funcione como una lupa sobre los prejuicios<\/p>\n\n\n\n<p>que se desprenden de las narrativas construidas por los gobiernos de derecha,<\/p>\n\n\n\n<p>cuyo objetivo es debilitar las estructuras sociales cooperativas y colectivas.<\/p>\n\n\n\n<p>A trav\u00e9s del movimiento, busco explorar c\u00f3mo la danza puede ser un veh\u00edculo<\/p>\n\n\n\n<p>para resistir y reimaginar un tejido social m\u00e1s justo y solidario.&#8221; <strong>\u2013 David Se\u00f1oran<\/strong><\/p>\n\n\n\n<figure class=\"wp-block-image size-full\"><img loading=\"lazy\" decoding=\"async\" width=\"1000\" height=\"650\" src=\"https:\/\/sergiolapegue.com\/site\/wp-content\/uploads\/2025\/10\/Materia-fungible-3.jpg\" alt=\"\" class=\"wp-image-26239\" srcset=\"https:\/\/sergiolapegue.com\/site\/wp-content\/uploads\/2025\/10\/Materia-fungible-3.jpg 1000w, https:\/\/sergiolapegue.com\/site\/wp-content\/uploads\/2025\/10\/Materia-fungible-3-300x195.jpg 300w, https:\/\/sergiolapegue.com\/site\/wp-content\/uploads\/2025\/10\/Materia-fungible-3-768x499.jpg 768w, https:\/\/sergiolapegue.com\/site\/wp-content\/uploads\/2025\/10\/Materia-fungible-3-646x420.jpg 646w, https:\/\/sergiolapegue.com\/site\/wp-content\/uploads\/2025\/10\/Materia-fungible-3-696x452.jpg 696w\" sizes=\"auto, (max-width: 1000px) 100vw, 1000px\" \/><\/figure>\n\n\n\n<p><strong>FICHA T\u00c9CNICO ART\u00cdSTICA<\/strong><\/p>\n\n\n\n<p><strong>Dramaturgo:<\/strong>&nbsp;Andr\u00e9s Binetti<\/p>\n\n\n\n<p><strong>Performers:<\/strong>&nbsp;Luc\u00eda Girardi \u2013 Julia Sleiman \u2013 Sofia Mu\u00f1oz \u2013 In\u00e9s Silvestre \u2013 Luana Garc\u00eda \u2013 Melina Ansai \u2013 Miranda Basso \u2013 Ari\u00e1n Ortellado \u2013 Lautaro Cianci \u2013 Euclides P\u00e9rez \u2013 Valent\u00edn Garro \u2013 Alejo Burgos \u2013 Gast\u00f3n Gatti \u2013 Nina L\u00e1zaro<\/p>\n\n\n\n<p><strong>M\u00fasica original:<\/strong>&nbsp;Juan Barone<\/p>\n\n\n\n<p><strong>Coreograf\u00eda:<\/strong>&nbsp;David Se\u00f1oran<\/p>\n\n\n\n<p><strong>Dise\u00f1o de Iluminaci\u00f3n:<\/strong>&nbsp;David Seiras<\/p>\n\n\n\n<p><strong>Realizaci\u00f3n&nbsp; de vestuario:<\/strong>&nbsp;@sarterealizadoras&nbsp;<\/p>\n\n\n\n<p><strong>Asesor teatral:<\/strong>&nbsp;Ariel Osiris<\/p>\n\n\n\n<p><strong>Fotograf\u00eda:<\/strong>&nbsp;Adri\u00e1n Arellano-Maura Rossi<\/p>\n\n\n\n<p><strong>Dise\u00f1o gr\u00e1fico:<\/strong>&nbsp;Euclides P\u00e9rez<\/p>\n\n\n\n<p><strong>Gesti\u00f3n de redes:&nbsp;<\/strong>MS Producciones<\/p>\n\n\n\n<p><strong>Prensa:<\/strong>&nbsp;Prens\u00f3polis<\/p>\n\n\n\n<p><strong>Asistente de direcci\u00f3n:&nbsp;<\/strong>Celina Piorno Tolisso<\/p>\n\n\n\n<p><strong>Direcci\u00f3n general:<\/strong>&nbsp;David Se\u00f1oran<\/p>\n\n\n\n<p><strong>Instagram:<\/strong> @companiadavidsenoran<\/p>\n\n\n\n<p><strong>Duraci\u00f3n:<\/strong>&nbsp;50 minutos<\/p>\n\n\n\n<p><strong>Clasificaci\u00f3n:<\/strong> Teatro \u2013 Presencial \u2013 Adultos<\/p>\n\n\n\n<figure class=\"wp-block-image size-full\"><img loading=\"lazy\" decoding=\"async\" width=\"1000\" height=\"667\" src=\"https:\/\/sergiolapegue.com\/site\/wp-content\/uploads\/2025\/10\/Materia-fungible-4.jpg\" alt=\"\" class=\"wp-image-26240\" srcset=\"https:\/\/sergiolapegue.com\/site\/wp-content\/uploads\/2025\/10\/Materia-fungible-4.jpg 1000w, https:\/\/sergiolapegue.com\/site\/wp-content\/uploads\/2025\/10\/Materia-fungible-4-300x200.jpg 300w, https:\/\/sergiolapegue.com\/site\/wp-content\/uploads\/2025\/10\/Materia-fungible-4-768x512.jpg 768w, https:\/\/sergiolapegue.com\/site\/wp-content\/uploads\/2025\/10\/Materia-fungible-4-630x420.jpg 630w, https:\/\/sergiolapegue.com\/site\/wp-content\/uploads\/2025\/10\/Materia-fungible-4-696x464.jpg 696w\" sizes=\"auto, (max-width: 1000px) 100vw, 1000px\" \/><\/figure>\n\n\n\n<p><strong>CENTRO CULTURAL DE LA COOPERACI\u00d3N \u2013 SALA SOLIDARIDAD<\/strong><\/p>\n\n\n\n<p>Av. Corrientes 1543 \u2013 Capital Federal \u2013 Buenos Aires \u2013 Argentina<\/p>\n\n\n\n<p>Tel\u00e9fono: 6091-7000 \/ int. 8313<\/p>\n\n\n\n<p>Web: <a href=\"http:\/\/www.centrocultural.coop\">http:\/\/www.centrocultural.coop<\/a><\/p>\n\n\n\n<p>Entradas: $ 15.000 \u2013 en boleter\u00eda del teatro o por Alternativa Teatral \u2013 Link:<\/p>\n\n\n\n<p><a href=\"https:\/\/publico.alternativateatral.com\/entradas97991-materia-fungible?o=14\">https:\/\/publico.alternativateatral.com\/entradas97991-materia-fungible?o=14<\/a><\/p>\n\n\n\n<p>Funciones: Jueves 20:30 horas \u2013 Del 30\/10\/2025 al 27\/11\/2025<\/p>\n\n\n\n<p>Gracias Alejandra P\u00eda Nicolosi de Prens\u00f3polis Comunicaci\u00f3n y Prensa por acercarnos la gacetilla de prensa de este espect\u00e1culo.<\/p>\n\n\n\n<figure class=\"wp-block-image size-full is-resized\"><img loading=\"lazy\" decoding=\"async\" width=\"1000\" height=\"666\" src=\"https:\/\/sergiolapegue.com\/site\/wp-content\/uploads\/2025\/10\/Materia-fungible-David-Senoran.jpg\" alt=\"\" class=\"wp-image-26241\" style=\"width:304px;height:auto\" srcset=\"https:\/\/sergiolapegue.com\/site\/wp-content\/uploads\/2025\/10\/Materia-fungible-David-Senoran.jpg 1000w, https:\/\/sergiolapegue.com\/site\/wp-content\/uploads\/2025\/10\/Materia-fungible-David-Senoran-300x200.jpg 300w, https:\/\/sergiolapegue.com\/site\/wp-content\/uploads\/2025\/10\/Materia-fungible-David-Senoran-768x511.jpg 768w, https:\/\/sergiolapegue.com\/site\/wp-content\/uploads\/2025\/10\/Materia-fungible-David-Senoran-631x420.jpg 631w, https:\/\/sergiolapegue.com\/site\/wp-content\/uploads\/2025\/10\/Materia-fungible-David-Senoran-696x464.jpg 696w\" sizes=\"auto, (max-width: 1000px) 100vw, 1000px\" \/><\/figure>\n\n\n\n<p><strong>SOBRE EL DIRECTOR<\/strong><\/p>\n\n\n\n<p>David Se\u00f1oran es&nbsp;maestro, core\u00f3grafo, director y gestor cultural.&nbsp;Su trabajo combina la direcci\u00f3n art\u00edstica, la ense\u00f1anza y la gesti\u00f3n cultural, creando un impacto significativo en el \u00e1mbito de las artes esc\u00e9nicas. Actualmente, se desempe\u00f1a como&nbsp;director&nbsp;de la Licenciatura en Artes Esc\u00e9nicas de la Escuela de Arte y Patrimonio de la Universidad Nacional de San Mart\u00edn (UNSAM). Adem\u00e1s, es maestro en la Universidad Nacional de las Artes (UNA) y dirige la \u201cEscuela Profesional de Bailarines\u201d, un programa intensivo de formaci\u00f3n en danza contempor\u00e1nea.<\/p>\n\n\n\n<p>Como&nbsp;gestor cultural, es codirector del Centro Coreogr\u00e1fico Sur (Centro Cultural de la Cooperaci\u00f3n) y presidente de la Cooperativa Cultural Observatorio Argentino de la Danza. Su labor en la gesti\u00f3n est\u00e1 enfocada en promover la visibilidad y la sustentabilidad del sector de la danza, participando activamente en colectivos, organismos oficiales y privados.<\/p>\n\n\n\n<p>En su faceta como creador, David desarrolla&nbsp;propuestas interdisciplinarias donde la danza dialoga con otras formas de expresi\u00f3n art\u00edstica, diluyendo los l\u00edmites tradicionales. En 2009, fund\u00f3 la compa\u00f1\u00eda que lleva su nombre, estableciendo un espacio dedicado a la investigaci\u00f3n, la creaci\u00f3n y la producci\u00f3n en la escena contempor\u00e1nea de la danza. Su obra y gesti\u00f3n est\u00e1n guiadas por dos preguntas fundamentales: \u00bfPara qu\u00e9 la danza? Y \u00bfPara qui\u00e9n la danza?<\/p>\n\n\n\n<p>La&nbsp;Compa\u00f1\u00eda de Danza David Se\u00f1oran, fundada en 2009, se consolida como un espacio dedicado a la investigaci\u00f3n, creaci\u00f3n y producci\u00f3n en el panorama de la danza contempor\u00e1nea. Actualmente, el grupo est\u00e1 compuesto&nbsp;por m\u00e1s de 20 int\u00e9rpretes y un equipo interdisciplinario&nbsp;que incluye creativos, m\u00fasicos, dise\u00f1adores de iluminaci\u00f3n, sonido y vestuario, adem\u00e1s de asesores especializados en el \u00e1rea teatral.<\/p>\n\n\n\n<p>Entre las&nbsp;producciones m\u00e1s destacadas&nbsp;de la compa\u00f1\u00eda se encuentran: &#8220;Furtivo&#8221; (2016), &#8220;Las Bestias&#8221; (2017), &#8220;Tundra&#8221; (2018) y &#8220;Play&#8221; (2019), obra por la cual recibi\u00f3 el&nbsp;Premio Trinidad Guevara 2022. Asimismo, la obra &#8220;La Sombra de una Nube&#8221; (2021) le vali\u00f3 a David Se\u00f1oran el&nbsp;Premio Argentores 2022, y una nominaci\u00f3n a los Premios Trinidad Guevara 2023.<\/p>\n\n\n\n<p>La compa\u00f1\u00eda se propone&nbsp;investigar, crear y producir obras que trasciendan las tendencias y conecten profundamente con la contemporaneidad.&nbsp;Sus principio fundamental se basa en la importancia de la continuidad en el hacer art\u00edstico, entendiendo que la madurez como creadores solo puede alcanzarse a trav\u00e9s de un trabajo sostenido en el tiempo.<\/p>\n\n\n\n<p>En un contexto donde las din\u00e1micas colectivas son desafiantes, la Compa\u00f1\u00eda pone en valor la urgencia de reunirse y agruparse detr\u00e1s de proyectos que reflejen su visi\u00f3n art\u00edstica. Esta agrupaci\u00f3n brinda un marco de contenci\u00f3n y pertenencia para el equipo, permiti\u00e9ndoles seguir creciendo como artistas y acercando al p\u00fablico propuestas \u00fanicas que expresen su singular manera de crear.<\/p>\n\n\n\n<p><\/p>\n","protected":false},"excerpt":{"rendered":"<p>\u00daltimas 2 funciones, 20 y 27 de noviembre a las 20.30hs en el C.C. de la Cooperaci\u00f3n,\u00a0de la obra\u00a0&#8220;Materia fungible&#8221;, de la Compa\u00f1\u00eda de danza David Se\u00f1oran.\u00a0 La pieza es resultado del\u00a0Proyecto de Creaci\u00f3n Esc\u00e9nica en Lenguaje Contempor\u00e1neo en el que exploraron una variedad de tem\u00e1ticas sociales que resuenan profundamente en la contemporaneidad (discurso de [&hellip;]<\/p>\n","protected":false},"author":3,"featured_media":26242,"comment_status":"open","ping_status":"closed","sticky":false,"template":"","format":"standard","meta":{"footnotes":""},"categories":[34,35],"tags":[],"class_list":{"0":"post-26236","1":"post","2":"type-post","3":"status-publish","4":"format-standard","5":"has-post-thumbnail","7":"category-arte","8":"category-teatro"},"yoast_head":"<!-- This site is optimized with the Yoast SEO plugin v27.5 - https:\/\/yoast.com\/product\/yoast-seo-wordpress\/ -->\n<title>\u201cMATERIA FUNGIBLE\u201d DE LA COMPA\u00d1\u00cdA DAVID SE\u00d1ORAN - Sergio Lapegue<\/title>\n<meta name=\"robots\" content=\"index, follow, max-snippet:-1, max-image-preview:large, max-video-preview:-1\" \/>\n<link rel=\"canonical\" href=\"https:\/\/sergiolapegue.com\/site\/2025\/10\/23\/materia-fungible-de-la-compania-david-senoran\/\" \/>\n<meta property=\"og:locale\" content=\"es_ES\" \/>\n<meta property=\"og:type\" content=\"article\" \/>\n<meta property=\"og:title\" content=\"\u201cMATERIA FUNGIBLE\u201d DE LA COMPA\u00d1\u00cdA DAVID SE\u00d1ORAN - Sergio Lapegue\" \/>\n<meta property=\"og:description\" content=\"\u00daltimas 2 funciones, 20 y 27 de noviembre a las 20.30hs en el C.C. de la Cooperaci\u00f3n,\u00a0de la obra\u00a0&#8220;Materia fungible&#8221;, de la Compa\u00f1\u00eda de danza David Se\u00f1oran.\u00a0 La pieza es resultado del\u00a0Proyecto de Creaci\u00f3n Esc\u00e9nica en Lenguaje Contempor\u00e1neo en el que exploraron una variedad de tem\u00e1ticas sociales que resuenan profundamente en la contemporaneidad (discurso de [&hellip;]\" \/>\n<meta property=\"og:url\" content=\"https:\/\/sergiolapegue.com\/site\/2025\/10\/23\/materia-fungible-de-la-compania-david-senoran\/\" \/>\n<meta property=\"og:site_name\" content=\"Sergio Lapegue\" \/>\n<meta property=\"article:publisher\" content=\"https:\/\/facebook.com\/sergiolapegue\" \/>\n<meta property=\"article:author\" content=\"https:\/\/facebook.com\/danielernesto.montana\" \/>\n<meta property=\"article:published_time\" content=\"2025-10-23T04:00:00+00:00\" \/>\n<meta property=\"article:modified_time\" content=\"2025-11-14T05:38:45+00:00\" \/>\n<meta property=\"og:image\" content=\"https:\/\/sergiolapegue.com\/site\/wp-content\/uploads\/2025\/10\/Materia-fungible.png\" \/>\n\t<meta property=\"og:image:width\" content=\"800\" \/>\n\t<meta property=\"og:image:height\" content=\"1000\" \/>\n\t<meta property=\"og:image:type\" content=\"image\/png\" \/>\n<meta name=\"author\" content=\"Daniel E. Monta\u00f1a\" \/>\n<meta name=\"twitter:card\" content=\"summary_large_image\" \/>\n<meta name=\"twitter:creator\" content=\"@https:\/\/twitter.com\/daner_004\" \/>\n<meta name=\"twitter:site\" content=\"@sergiolapegue\" \/>\n<meta name=\"twitter:label1\" content=\"Escrito por\" \/>\n\t<meta name=\"twitter:data1\" content=\"Daniel E. Monta\u00f1a\" \/>\n\t<meta name=\"twitter:label2\" content=\"Tiempo de lectura\" \/>\n\t<meta name=\"twitter:data2\" content=\"5 minutos\" \/>\n<script type=\"application\/ld+json\" class=\"yoast-schema-graph\">{\"@context\":\"https:\\\/\\\/schema.org\",\"@graph\":[{\"@type\":\"Article\",\"@id\":\"https:\\\/\\\/sergiolapegue.com\\\/site\\\/2025\\\/10\\\/23\\\/materia-fungible-de-la-compania-david-senoran\\\/#article\",\"isPartOf\":{\"@id\":\"https:\\\/\\\/sergiolapegue.com\\\/site\\\/2025\\\/10\\\/23\\\/materia-fungible-de-la-compania-david-senoran\\\/\"},\"author\":{\"name\":\"Daniel E. Monta\u00f1a\",\"@id\":\"https:\\\/\\\/sergiolapegue.com\\\/site\\\/#\\\/schema\\\/person\\\/9198e7dbab43c6d74d0fd5399af7c3cd\"},\"headline\":\"\u201cMATERIA FUNGIBLE\u201d DE LA COMPA\u00d1\u00cdA DAVID SE\u00d1ORAN\",\"datePublished\":\"2025-10-23T04:00:00+00:00\",\"dateModified\":\"2025-11-14T05:38:45+00:00\",\"mainEntityOfPage\":{\"@id\":\"https:\\\/\\\/sergiolapegue.com\\\/site\\\/2025\\\/10\\\/23\\\/materia-fungible-de-la-compania-david-senoran\\\/\"},\"wordCount\":966,\"commentCount\":0,\"publisher\":{\"@id\":\"https:\\\/\\\/sergiolapegue.com\\\/site\\\/#\\\/schema\\\/person\\\/083aeceeb0734cd166779ea6c0551a37\"},\"image\":{\"@id\":\"https:\\\/\\\/sergiolapegue.com\\\/site\\\/2025\\\/10\\\/23\\\/materia-fungible-de-la-compania-david-senoran\\\/#primaryimage\"},\"thumbnailUrl\":\"https:\\\/\\\/sergiolapegue.com\\\/site\\\/wp-content\\\/uploads\\\/2025\\\/10\\\/Materia-fungible.png\",\"articleSection\":[\"Arte\",\"Teatro\"],\"inLanguage\":\"es-AR\",\"potentialAction\":[{\"@type\":\"CommentAction\",\"name\":\"Comment\",\"target\":[\"https:\\\/\\\/sergiolapegue.com\\\/site\\\/2025\\\/10\\\/23\\\/materia-fungible-de-la-compania-david-senoran\\\/#respond\"]}]},{\"@type\":\"WebPage\",\"@id\":\"https:\\\/\\\/sergiolapegue.com\\\/site\\\/2025\\\/10\\\/23\\\/materia-fungible-de-la-compania-david-senoran\\\/\",\"url\":\"https:\\\/\\\/sergiolapegue.com\\\/site\\\/2025\\\/10\\\/23\\\/materia-fungible-de-la-compania-david-senoran\\\/\",\"name\":\"\u201cMATERIA FUNGIBLE\u201d DE LA COMPA\u00d1\u00cdA DAVID SE\u00d1ORAN - Sergio Lapegue\",\"isPartOf\":{\"@id\":\"https:\\\/\\\/sergiolapegue.com\\\/site\\\/#website\"},\"primaryImageOfPage\":{\"@id\":\"https:\\\/\\\/sergiolapegue.com\\\/site\\\/2025\\\/10\\\/23\\\/materia-fungible-de-la-compania-david-senoran\\\/#primaryimage\"},\"image\":{\"@id\":\"https:\\\/\\\/sergiolapegue.com\\\/site\\\/2025\\\/10\\\/23\\\/materia-fungible-de-la-compania-david-senoran\\\/#primaryimage\"},\"thumbnailUrl\":\"https:\\\/\\\/sergiolapegue.com\\\/site\\\/wp-content\\\/uploads\\\/2025\\\/10\\\/Materia-fungible.png\",\"datePublished\":\"2025-10-23T04:00:00+00:00\",\"dateModified\":\"2025-11-14T05:38:45+00:00\",\"breadcrumb\":{\"@id\":\"https:\\\/\\\/sergiolapegue.com\\\/site\\\/2025\\\/10\\\/23\\\/materia-fungible-de-la-compania-david-senoran\\\/#breadcrumb\"},\"inLanguage\":\"es-AR\",\"potentialAction\":[{\"@type\":\"ReadAction\",\"target\":[\"https:\\\/\\\/sergiolapegue.com\\\/site\\\/2025\\\/10\\\/23\\\/materia-fungible-de-la-compania-david-senoran\\\/\"]}]},{\"@type\":\"ImageObject\",\"inLanguage\":\"es-AR\",\"@id\":\"https:\\\/\\\/sergiolapegue.com\\\/site\\\/2025\\\/10\\\/23\\\/materia-fungible-de-la-compania-david-senoran\\\/#primaryimage\",\"url\":\"https:\\\/\\\/sergiolapegue.com\\\/site\\\/wp-content\\\/uploads\\\/2025\\\/10\\\/Materia-fungible.png\",\"contentUrl\":\"https:\\\/\\\/sergiolapegue.com\\\/site\\\/wp-content\\\/uploads\\\/2025\\\/10\\\/Materia-fungible.png\",\"width\":800,\"height\":1000},{\"@type\":\"BreadcrumbList\",\"@id\":\"https:\\\/\\\/sergiolapegue.com\\\/site\\\/2025\\\/10\\\/23\\\/materia-fungible-de-la-compania-david-senoran\\\/#breadcrumb\",\"itemListElement\":[{\"@type\":\"ListItem\",\"position\":1,\"name\":\"Inicio\",\"item\":\"https:\\\/\\\/sergiolapegue.com\\\/site\\\/\"},{\"@type\":\"ListItem\",\"position\":2,\"name\":\"\u201cMATERIA FUNGIBLE\u201d DE LA COMPA\u00d1\u00cdA DAVID SE\u00d1ORAN\"}]},{\"@type\":\"WebSite\",\"@id\":\"https:\\\/\\\/sergiolapegue.com\\\/site\\\/#website\",\"url\":\"https:\\\/\\\/sergiolapegue.com\\\/site\\\/\",\"name\":\"Sergio Lapegue\",\"description\":\"Periodista\",\"publisher\":{\"@id\":\"https:\\\/\\\/sergiolapegue.com\\\/site\\\/#\\\/schema\\\/person\\\/083aeceeb0734cd166779ea6c0551a37\"},\"potentialAction\":[{\"@type\":\"SearchAction\",\"target\":{\"@type\":\"EntryPoint\",\"urlTemplate\":\"https:\\\/\\\/sergiolapegue.com\\\/site\\\/?s={search_term_string}\"},\"query-input\":{\"@type\":\"PropertyValueSpecification\",\"valueRequired\":true,\"valueName\":\"search_term_string\"}}],\"inLanguage\":\"es-AR\"},{\"@type\":[\"Person\",\"Organization\"],\"@id\":\"https:\\\/\\\/sergiolapegue.com\\\/site\\\/#\\\/schema\\\/person\\\/083aeceeb0734cd166779ea6c0551a37\",\"name\":\"Sergio Lapegue\",\"image\":{\"@type\":\"ImageObject\",\"inLanguage\":\"es-AR\",\"@id\":\"https:\\\/\\\/sergiolapegue.com\\\/site\\\/wp-content\\\/uploads\\\/2021\\\/04\\\/logo_header-1.png\",\"url\":\"https:\\\/\\\/sergiolapegue.com\\\/site\\\/wp-content\\\/uploads\\\/2021\\\/04\\\/logo_header-1.png\",\"contentUrl\":\"https:\\\/\\\/sergiolapegue.com\\\/site\\\/wp-content\\\/uploads\\\/2021\\\/04\\\/logo_header-1.png\",\"width\":272,\"height\":90,\"caption\":\"Sergio Lapegue\"},\"logo\":{\"@id\":\"https:\\\/\\\/sergiolapegue.com\\\/site\\\/wp-content\\\/uploads\\\/2021\\\/04\\\/logo_header-1.png\"},\"sameAs\":[\"https:\\\/\\\/facebook.com\\\/sergiolapegue\",\"https:\\\/\\\/instagram.com\\\/sergiolapegue\",\"https:\\\/\\\/x.com\\\/https:\\\/\\\/twitter.com\\\/sergiolapegue\"]},{\"@type\":\"Person\",\"@id\":\"https:\\\/\\\/sergiolapegue.com\\\/site\\\/#\\\/schema\\\/person\\\/9198e7dbab43c6d74d0fd5399af7c3cd\",\"name\":\"Daniel E. Monta\u00f1a\",\"image\":{\"@type\":\"ImageObject\",\"inLanguage\":\"es-AR\",\"@id\":\"https:\\\/\\\/sergiolapegue.com\\\/site\\\/wp-content\\\/uploads\\\/2021\\\/04\\\/sl_avatar_Daniel-150x150.jpg\",\"url\":\"https:\\\/\\\/sergiolapegue.com\\\/site\\\/wp-content\\\/uploads\\\/2021\\\/04\\\/sl_avatar_Daniel-150x150.jpg\",\"contentUrl\":\"https:\\\/\\\/sergiolapegue.com\\\/site\\\/wp-content\\\/uploads\\\/2021\\\/04\\\/sl_avatar_Daniel-150x150.jpg\",\"caption\":\"Daniel E. Monta\u00f1a\"},\"sameAs\":[\"https:\\\/\\\/facebook.com\\\/danielernesto.montana\",\"https:\\\/\\\/instagram.com\\\/daniel_montana1961\",\"https:\\\/\\\/x.com\\\/https:\\\/\\\/twitter.com\\\/daner_004\"],\"url\":\"https:\\\/\\\/sergiolapegue.com\\\/site\\\/author\\\/daniel\\\/\"}]}<\/script>\n<!-- \/ Yoast SEO plugin. -->","yoast_head_json":{"title":"\u201cMATERIA FUNGIBLE\u201d DE LA COMPA\u00d1\u00cdA DAVID SE\u00d1ORAN - Sergio Lapegue","robots":{"index":"index","follow":"follow","max-snippet":"max-snippet:-1","max-image-preview":"max-image-preview:large","max-video-preview":"max-video-preview:-1"},"canonical":"https:\/\/sergiolapegue.com\/site\/2025\/10\/23\/materia-fungible-de-la-compania-david-senoran\/","og_locale":"es_ES","og_type":"article","og_title":"\u201cMATERIA FUNGIBLE\u201d DE LA COMPA\u00d1\u00cdA DAVID SE\u00d1ORAN - Sergio Lapegue","og_description":"\u00daltimas 2 funciones, 20 y 27 de noviembre a las 20.30hs en el C.C. de la Cooperaci\u00f3n,\u00a0de la obra\u00a0&#8220;Materia fungible&#8221;, de la Compa\u00f1\u00eda de danza David Se\u00f1oran.\u00a0 La pieza es resultado del\u00a0Proyecto de Creaci\u00f3n Esc\u00e9nica en Lenguaje Contempor\u00e1neo en el que exploraron una variedad de tem\u00e1ticas sociales que resuenan profundamente en la contemporaneidad (discurso de [&hellip;]","og_url":"https:\/\/sergiolapegue.com\/site\/2025\/10\/23\/materia-fungible-de-la-compania-david-senoran\/","og_site_name":"Sergio Lapegue","article_publisher":"https:\/\/facebook.com\/sergiolapegue","article_author":"https:\/\/facebook.com\/danielernesto.montana","article_published_time":"2025-10-23T04:00:00+00:00","article_modified_time":"2025-11-14T05:38:45+00:00","og_image":[{"width":800,"height":1000,"url":"https:\/\/sergiolapegue.com\/site\/wp-content\/uploads\/2025\/10\/Materia-fungible.png","type":"image\/png"}],"author":"Daniel E. Monta\u00f1a","twitter_card":"summary_large_image","twitter_creator":"@https:\/\/twitter.com\/daner_004","twitter_site":"@sergiolapegue","twitter_misc":{"Escrito por":"Daniel E. Monta\u00f1a","Tiempo de lectura":"5 minutos"},"schema":{"@context":"https:\/\/schema.org","@graph":[{"@type":"Article","@id":"https:\/\/sergiolapegue.com\/site\/2025\/10\/23\/materia-fungible-de-la-compania-david-senoran\/#article","isPartOf":{"@id":"https:\/\/sergiolapegue.com\/site\/2025\/10\/23\/materia-fungible-de-la-compania-david-senoran\/"},"author":{"name":"Daniel E. Monta\u00f1a","@id":"https:\/\/sergiolapegue.com\/site\/#\/schema\/person\/9198e7dbab43c6d74d0fd5399af7c3cd"},"headline":"\u201cMATERIA FUNGIBLE\u201d DE LA COMPA\u00d1\u00cdA DAVID SE\u00d1ORAN","datePublished":"2025-10-23T04:00:00+00:00","dateModified":"2025-11-14T05:38:45+00:00","mainEntityOfPage":{"@id":"https:\/\/sergiolapegue.com\/site\/2025\/10\/23\/materia-fungible-de-la-compania-david-senoran\/"},"wordCount":966,"commentCount":0,"publisher":{"@id":"https:\/\/sergiolapegue.com\/site\/#\/schema\/person\/083aeceeb0734cd166779ea6c0551a37"},"image":{"@id":"https:\/\/sergiolapegue.com\/site\/2025\/10\/23\/materia-fungible-de-la-compania-david-senoran\/#primaryimage"},"thumbnailUrl":"https:\/\/sergiolapegue.com\/site\/wp-content\/uploads\/2025\/10\/Materia-fungible.png","articleSection":["Arte","Teatro"],"inLanguage":"es-AR","potentialAction":[{"@type":"CommentAction","name":"Comment","target":["https:\/\/sergiolapegue.com\/site\/2025\/10\/23\/materia-fungible-de-la-compania-david-senoran\/#respond"]}]},{"@type":"WebPage","@id":"https:\/\/sergiolapegue.com\/site\/2025\/10\/23\/materia-fungible-de-la-compania-david-senoran\/","url":"https:\/\/sergiolapegue.com\/site\/2025\/10\/23\/materia-fungible-de-la-compania-david-senoran\/","name":"\u201cMATERIA FUNGIBLE\u201d DE LA COMPA\u00d1\u00cdA DAVID SE\u00d1ORAN - Sergio Lapegue","isPartOf":{"@id":"https:\/\/sergiolapegue.com\/site\/#website"},"primaryImageOfPage":{"@id":"https:\/\/sergiolapegue.com\/site\/2025\/10\/23\/materia-fungible-de-la-compania-david-senoran\/#primaryimage"},"image":{"@id":"https:\/\/sergiolapegue.com\/site\/2025\/10\/23\/materia-fungible-de-la-compania-david-senoran\/#primaryimage"},"thumbnailUrl":"https:\/\/sergiolapegue.com\/site\/wp-content\/uploads\/2025\/10\/Materia-fungible.png","datePublished":"2025-10-23T04:00:00+00:00","dateModified":"2025-11-14T05:38:45+00:00","breadcrumb":{"@id":"https:\/\/sergiolapegue.com\/site\/2025\/10\/23\/materia-fungible-de-la-compania-david-senoran\/#breadcrumb"},"inLanguage":"es-AR","potentialAction":[{"@type":"ReadAction","target":["https:\/\/sergiolapegue.com\/site\/2025\/10\/23\/materia-fungible-de-la-compania-david-senoran\/"]}]},{"@type":"ImageObject","inLanguage":"es-AR","@id":"https:\/\/sergiolapegue.com\/site\/2025\/10\/23\/materia-fungible-de-la-compania-david-senoran\/#primaryimage","url":"https:\/\/sergiolapegue.com\/site\/wp-content\/uploads\/2025\/10\/Materia-fungible.png","contentUrl":"https:\/\/sergiolapegue.com\/site\/wp-content\/uploads\/2025\/10\/Materia-fungible.png","width":800,"height":1000},{"@type":"BreadcrumbList","@id":"https:\/\/sergiolapegue.com\/site\/2025\/10\/23\/materia-fungible-de-la-compania-david-senoran\/#breadcrumb","itemListElement":[{"@type":"ListItem","position":1,"name":"Inicio","item":"https:\/\/sergiolapegue.com\/site\/"},{"@type":"ListItem","position":2,"name":"\u201cMATERIA FUNGIBLE\u201d DE LA COMPA\u00d1\u00cdA DAVID SE\u00d1ORAN"}]},{"@type":"WebSite","@id":"https:\/\/sergiolapegue.com\/site\/#website","url":"https:\/\/sergiolapegue.com\/site\/","name":"Sergio Lapegue","description":"Periodista","publisher":{"@id":"https:\/\/sergiolapegue.com\/site\/#\/schema\/person\/083aeceeb0734cd166779ea6c0551a37"},"potentialAction":[{"@type":"SearchAction","target":{"@type":"EntryPoint","urlTemplate":"https:\/\/sergiolapegue.com\/site\/?s={search_term_string}"},"query-input":{"@type":"PropertyValueSpecification","valueRequired":true,"valueName":"search_term_string"}}],"inLanguage":"es-AR"},{"@type":["Person","Organization"],"@id":"https:\/\/sergiolapegue.com\/site\/#\/schema\/person\/083aeceeb0734cd166779ea6c0551a37","name":"Sergio Lapegue","image":{"@type":"ImageObject","inLanguage":"es-AR","@id":"https:\/\/sergiolapegue.com\/site\/wp-content\/uploads\/2021\/04\/logo_header-1.png","url":"https:\/\/sergiolapegue.com\/site\/wp-content\/uploads\/2021\/04\/logo_header-1.png","contentUrl":"https:\/\/sergiolapegue.com\/site\/wp-content\/uploads\/2021\/04\/logo_header-1.png","width":272,"height":90,"caption":"Sergio Lapegue"},"logo":{"@id":"https:\/\/sergiolapegue.com\/site\/wp-content\/uploads\/2021\/04\/logo_header-1.png"},"sameAs":["https:\/\/facebook.com\/sergiolapegue","https:\/\/instagram.com\/sergiolapegue","https:\/\/x.com\/https:\/\/twitter.com\/sergiolapegue"]},{"@type":"Person","@id":"https:\/\/sergiolapegue.com\/site\/#\/schema\/person\/9198e7dbab43c6d74d0fd5399af7c3cd","name":"Daniel E. Monta\u00f1a","image":{"@type":"ImageObject","inLanguage":"es-AR","@id":"https:\/\/sergiolapegue.com\/site\/wp-content\/uploads\/2021\/04\/sl_avatar_Daniel-150x150.jpg","url":"https:\/\/sergiolapegue.com\/site\/wp-content\/uploads\/2021\/04\/sl_avatar_Daniel-150x150.jpg","contentUrl":"https:\/\/sergiolapegue.com\/site\/wp-content\/uploads\/2021\/04\/sl_avatar_Daniel-150x150.jpg","caption":"Daniel E. Monta\u00f1a"},"sameAs":["https:\/\/facebook.com\/danielernesto.montana","https:\/\/instagram.com\/daniel_montana1961","https:\/\/x.com\/https:\/\/twitter.com\/daner_004"],"url":"https:\/\/sergiolapegue.com\/site\/author\/daniel\/"}]}},"_links":{"self":[{"href":"https:\/\/sergiolapegue.com\/site\/wp-json\/wp\/v2\/posts\/26236","targetHints":{"allow":["GET"]}}],"collection":[{"href":"https:\/\/sergiolapegue.com\/site\/wp-json\/wp\/v2\/posts"}],"about":[{"href":"https:\/\/sergiolapegue.com\/site\/wp-json\/wp\/v2\/types\/post"}],"author":[{"embeddable":true,"href":"https:\/\/sergiolapegue.com\/site\/wp-json\/wp\/v2\/users\/3"}],"replies":[{"embeddable":true,"href":"https:\/\/sergiolapegue.com\/site\/wp-json\/wp\/v2\/comments?post=26236"}],"version-history":[{"count":2,"href":"https:\/\/sergiolapegue.com\/site\/wp-json\/wp\/v2\/posts\/26236\/revisions"}],"predecessor-version":[{"id":26746,"href":"https:\/\/sergiolapegue.com\/site\/wp-json\/wp\/v2\/posts\/26236\/revisions\/26746"}],"wp:featuredmedia":[{"embeddable":true,"href":"https:\/\/sergiolapegue.com\/site\/wp-json\/wp\/v2\/media\/26242"}],"wp:attachment":[{"href":"https:\/\/sergiolapegue.com\/site\/wp-json\/wp\/v2\/media?parent=26236"}],"wp:term":[{"taxonomy":"category","embeddable":true,"href":"https:\/\/sergiolapegue.com\/site\/wp-json\/wp\/v2\/categories?post=26236"},{"taxonomy":"post_tag","embeddable":true,"href":"https:\/\/sergiolapegue.com\/site\/wp-json\/wp\/v2\/tags?post=26236"}],"curies":[{"name":"wp","href":"https:\/\/api.w.org\/{rel}","templated":true}]}}