{"id":26226,"date":"2025-10-20T01:00:00","date_gmt":"2025-10-20T04:00:00","guid":{"rendered":"https:\/\/sergiolapegue.com\/site\/?p=26226"},"modified":"2025-10-19T21:29:24","modified_gmt":"2025-10-20T00:29:24","slug":"llega-la-3-edicion-del-improba-de-la-ciudad-de-buenos-aires-2","status":"publish","type":"post","link":"https:\/\/sergiolapegue.com\/site\/2025\/10\/20\/llega-la-3-edicion-del-improba-de-la-ciudad-de-buenos-aires-2\/","title":{"rendered":"LLEGA LA 3\u00b0 EDICI\u00d3N DEL IMPROBA DE LA CIUDAD DE BUENOS AIRES"},"content":{"rendered":"\n<p>Llega un nuevo encuentro del Festival de Improvisaci\u00f3n de Buenos Aires, del 22 al 25 de octubre, tendr\u00e1 obras, talleres y charlas. Un evento que celebra la creatividad, el encuentro y el juego esc\u00e9nico en una de las ciudades culturales m\u00e1s vibrantes del mundo.&nbsp;Las entradas se compran por Alternativa.<\/p>\n\n\n\n<p>IMPROBA es el Festival de Improvisaci\u00f3n Teatral de Buenos Aires. Un espacio de encuentro que convoca tanto a la comunidad improvisadora local, nacional e internacional como al p\u00fablico general, con el objetivo de compartir experiencias, aprendizajes y espect\u00e1culos \u00fanicos e irrepetibles.&nbsp;Este a\u00f1o el festival tendr\u00e1 cuatro d\u00edas de actividades, con una programaci\u00f3n m\u00e1s amplia y diversa.<\/p>\n\n\n\n<p>Esta edici\u00f3n cuenta con el apoyo de Tomasso, Manaos y el programa Pase Cultural.<\/p>\n\n\n\n<figure class=\"wp-block-image size-full\"><img loading=\"lazy\" decoding=\"async\" width=\"1000\" height=\"204\" src=\"https:\/\/sergiolapegue.com\/site\/wp-content\/uploads\/2025\/10\/Llega-la-3-edicion-del-improba-2.png\" alt=\"\" class=\"wp-image-26228\" srcset=\"https:\/\/sergiolapegue.com\/site\/wp-content\/uploads\/2025\/10\/Llega-la-3-edicion-del-improba-2.png 1000w, https:\/\/sergiolapegue.com\/site\/wp-content\/uploads\/2025\/10\/Llega-la-3-edicion-del-improba-2-300x61.png 300w, https:\/\/sergiolapegue.com\/site\/wp-content\/uploads\/2025\/10\/Llega-la-3-edicion-del-improba-2-768x157.png 768w, https:\/\/sergiolapegue.com\/site\/wp-content\/uploads\/2025\/10\/Llega-la-3-edicion-del-improba-2-696x142.png 696w\" sizes=\"auto, (max-width: 1000px) 100vw, 1000px\" \/><\/figure>\n\n\n\n<p><strong>\u00bfPOR QU\u00c9 SE HACE?<\/strong><\/p>\n\n\n\n<p>La improvisaci\u00f3n teatral ha crecido exponencialmente en los \u00faltimos 20 a\u00f1os en Buenos Aires y otras regiones del pa\u00eds. En este contexto, creemos que IMPROBA cumple un rol fundamental: generar un espacio de visibilidad, profesionalizaci\u00f3n e intercambio para esta disciplina, posicion\u00e1ndola dentro del mapa cultural de la ciudad y el pa\u00eds.&nbsp;Desde el equipo se trabaj\u00f3 con el compromiso de construir un festival que sea, adem\u00e1s de art\u00edstico, un espacio inclusivo, incorporando una perspectiva de g\u00e9nero en todas las etapas del proceso, promoviendo la participaci\u00f3n de personas diversas y el respeto por todas las identidades. Queremos que IMPROBA sea una fiesta donde nadie quede afuera.<\/p>\n\n\n\n<p>La tercera edici\u00f3n de IMPROBA se desarrollar\u00e1 durante cuatro d\u00edas e incluir\u00e1 talleres, charlas y funciones de improvisaci\u00f3n teatral, con el mismo esp\u00edritu de comunidad, creatividad y apertura que nos impulsa desde el primer d\u00eda.<\/p>\n\n\n\n<p><strong>Los objetivos del Festival:<\/strong><\/p>\n\n\n\n<p>&#8211; Fortalecer los lazos y el intercambio entre personas improvisadoras de Buenos Aires, el interior del pa\u00eds y el extranjero.<\/p>\n\n\n\n<p>&#8211; Promover la fusi\u00f3n de la improvisaci\u00f3n teatral con otras disciplinas esc\u00e9nicas.<\/p>\n\n\n\n<p>&#8211; Acercar esta forma de arte al p\u00fablico general, ampliando su alcance y visibilidad.<\/p>\n\n\n\n<figure class=\"wp-block-image size-full\"><img loading=\"lazy\" decoding=\"async\" width=\"1000\" height=\"707\" src=\"https:\/\/sergiolapegue.com\/site\/wp-content\/uploads\/2025\/10\/Llega-la-3-edicion-del-improba-3.jpg\" alt=\"\" class=\"wp-image-26227\" srcset=\"https:\/\/sergiolapegue.com\/site\/wp-content\/uploads\/2025\/10\/Llega-la-3-edicion-del-improba-3.jpg 1000w, https:\/\/sergiolapegue.com\/site\/wp-content\/uploads\/2025\/10\/Llega-la-3-edicion-del-improba-3-300x212.jpg 300w, https:\/\/sergiolapegue.com\/site\/wp-content\/uploads\/2025\/10\/Llega-la-3-edicion-del-improba-3-768x543.jpg 768w, https:\/\/sergiolapegue.com\/site\/wp-content\/uploads\/2025\/10\/Llega-la-3-edicion-del-improba-3-594x420.jpg 594w, https:\/\/sergiolapegue.com\/site\/wp-content\/uploads\/2025\/10\/Llega-la-3-edicion-del-improba-3-696x492.jpg 696w\" sizes=\"auto, (max-width: 1000px) 100vw, 1000px\" \/><\/figure>\n\n\n\n<p><strong>PROGRAMACI\u00d3N 2025<\/strong><\/p>\n\n\n\n<p>Durante el festival se desarrollar\u00e1n:<\/p>\n\n\n\n<ul class=\"wp-block-list\">\n<li>7 talleres de formaci\u00f3n e intercambio<\/li>\n\n\n\n<li>1 charla con referentes de la disciplina<\/li>\n\n\n\n<li>7 funciones de espect\u00e1culos de improvisaci\u00f3n teatral<\/li>\n\n\n\n<li>1 show musical con murga invitada en nuestra apertura\u00a0<\/li>\n<\/ul>\n\n\n\n<p>La programaci\u00f3n incluir\u00e1 compa\u00f1\u00edas locales e internacionales, abarcando diferentes estilos, lenguajes y formatos de improvisaci\u00f3n. Adem\u00e1s, una funci\u00f3n de apertura reunir\u00e1 a artistas de los distintos elencos en un espect\u00e1culo especial.<\/p>\n\n\n\n<p>IMPROBA se llevar\u00e1 a cabo en cuatro espacios culturales de la Ciudad de Buenos Aires<\/p>\n\n\n\n<p>Se eligi\u00f3 realizar las actividades en cuatro espacios culturales distintos para promover la circulaci\u00f3n y el acceso a la propuesta en distintos barrios.<\/p>\n\n\n\n<p>Se llevar\u00e1n a cabo siete funciones con compa\u00f1\u00edas locales e internacionales de improvisaci\u00f3n teatral representativas de diferentes formatos dentro de la disciplina, junto a un show\/Jam de Improvisaci\u00f3n, para fomentar la integraci\u00f3n de los elencos y\/o talleristas.<\/p>\n\n\n\n<p><strong>FECHAS Y SEDES<\/strong><\/p>\n\n\n\n<figure class=\"wp-block-image size-full is-resized\"><img loading=\"lazy\" decoding=\"async\" width=\"802\" height=\"802\" src=\"https:\/\/sergiolapegue.com\/site\/wp-content\/uploads\/2025\/10\/Llega-la-3-edicion-del-improba-22-10-2025.jpg\" alt=\"\" class=\"wp-image-26229\" style=\"width:337px;height:auto\" srcset=\"https:\/\/sergiolapegue.com\/site\/wp-content\/uploads\/2025\/10\/Llega-la-3-edicion-del-improba-22-10-2025.jpg 802w, https:\/\/sergiolapegue.com\/site\/wp-content\/uploads\/2025\/10\/Llega-la-3-edicion-del-improba-22-10-2025-300x300.jpg 300w, https:\/\/sergiolapegue.com\/site\/wp-content\/uploads\/2025\/10\/Llega-la-3-edicion-del-improba-22-10-2025-150x150.jpg 150w, https:\/\/sergiolapegue.com\/site\/wp-content\/uploads\/2025\/10\/Llega-la-3-edicion-del-improba-22-10-2025-768x768.jpg 768w, https:\/\/sergiolapegue.com\/site\/wp-content\/uploads\/2025\/10\/Llega-la-3-edicion-del-improba-22-10-2025-420x420.jpg 420w, https:\/\/sergiolapegue.com\/site\/wp-content\/uploads\/2025\/10\/Llega-la-3-edicion-del-improba-22-10-2025-696x696.jpg 696w\" sizes=\"auto, (max-width: 802px) 100vw, 802px\" \/><\/figure>\n\n\n\n<p>\u00a0<strong>EL PISO TEATRO<\/strong><\/p>\n\n\n\n<p>Hidalgo 878 \u2013 Capital Federal \u2013 Buenos Aires \u2013 Argentina<\/p>\n\n\n\n<p>Tel\u00e9fono: 11 2403-4843<\/p>\n\n\n\n<p><strong>Apertura:<\/strong> Mi\u00e9rcoles 22 de Octubre \u2013 20:00 horas<\/p>\n\n\n\n<p><strong>Funci\u00f3n:<\/strong> S\u00ed se juega \/ S\u00ed, sociedad de Impro &#8211; Rosario<\/p>\n\n\n\n<p>&nbsp;&nbsp;&nbsp; &nbsp;&nbsp;&nbsp;&nbsp;&nbsp;&nbsp;&nbsp;&nbsp;&nbsp;&nbsp;&nbsp;&nbsp;&nbsp;&nbsp;&nbsp;Mi\u00e9rcoles 22 de Octubre \u2013 21:00 horas<\/p>\n\n\n\n<p>Entrada: $ 18.000<\/p>\n\n\n\n<p><strong>Curso:<\/strong> Taller: Impro como creaci\u00f3n colectiva<\/p>\n\n\n\n<p>&nbsp;&nbsp; &nbsp;&nbsp;&nbsp;&nbsp;&nbsp;&nbsp;&nbsp;&nbsp;&nbsp;&nbsp;&nbsp;&nbsp;S\u00e1bado 25 de Octubre \u2013 10:00 horas<\/p>\n\n\n\n<p>Entradas: $ 20.000<\/p>\n\n\n\n<figure class=\"wp-block-image size-full is-resized\"><img loading=\"lazy\" decoding=\"async\" width=\"802\" height=\"828\" src=\"https:\/\/sergiolapegue.com\/site\/wp-content\/uploads\/2025\/10\/Llega-la-3-edicion-del-improba-23-10-2025.jpg\" alt=\"\" class=\"wp-image-26230\" style=\"width:339px;height:auto\" srcset=\"https:\/\/sergiolapegue.com\/site\/wp-content\/uploads\/2025\/10\/Llega-la-3-edicion-del-improba-23-10-2025.jpg 802w, https:\/\/sergiolapegue.com\/site\/wp-content\/uploads\/2025\/10\/Llega-la-3-edicion-del-improba-23-10-2025-291x300.jpg 291w, https:\/\/sergiolapegue.com\/site\/wp-content\/uploads\/2025\/10\/Llega-la-3-edicion-del-improba-23-10-2025-768x793.jpg 768w, https:\/\/sergiolapegue.com\/site\/wp-content\/uploads\/2025\/10\/Llega-la-3-edicion-del-improba-23-10-2025-407x420.jpg 407w, https:\/\/sergiolapegue.com\/site\/wp-content\/uploads\/2025\/10\/Llega-la-3-edicion-del-improba-23-10-2025-696x719.jpg 696w\" sizes=\"auto, (max-width: 802px) 100vw, 802px\" \/><\/figure>\n\n\n\n<p><strong>LA MAZA TEATRO \u2013 JUEVES 23 DE OCTUBRE<\/strong><\/p>\n\n\n\n<p>Maza 908 \u2013 Capital Federal \u2013 Buenos Aires \u2013 Argentina<\/p>\n\n\n\n<p>Tel\u00e9fono: 11 3439-1458<\/p>\n\n\n\n<p><strong>Taller:<\/strong> Secretos<\/p>\n\n\n\n<p>Horario: 12:00 horas<\/p>\n\n\n\n<p>Entradas: $ 20.000<\/p>\n\n\n\n<p><strong>Taller:<\/strong> M\u00e1scaras y creatividad en escena<\/p>\n\n\n\n<p>Horario: 16:00 horas<\/p>\n\n\n\n<p>Entradas: $ 20.000<\/p>\n\n\n\n<p><strong>Funci\u00f3n:<\/strong> Un cuarto para las doce \/ Impropibas \u2013 C\u00f3rdoba<\/p>\n\n\n\n<p>Horario: 20:00 horas<\/p>\n\n\n\n<p>Entradas: $ 18.000<\/p>\n\n\n\n<p><strong>Funci\u00f3n:<\/strong> H\u00edbrido \/ Grupo Estelar \u2013 Pergamino<\/p>\n\n\n\n<p>Horario: 22:00 horas<\/p>\n\n\n\n<p>Entradas: $ 18.000<\/p>\n\n\n\n<figure class=\"wp-block-image size-full is-resized\"><img loading=\"lazy\" decoding=\"async\" width=\"802\" height=\"861\" src=\"https:\/\/sergiolapegue.com\/site\/wp-content\/uploads\/2025\/10\/Llega-la-3-edicion-del-improba-24-10-2025.jpg\" alt=\"\" class=\"wp-image-26231\" style=\"width:339px;height:auto\" srcset=\"https:\/\/sergiolapegue.com\/site\/wp-content\/uploads\/2025\/10\/Llega-la-3-edicion-del-improba-24-10-2025.jpg 802w, https:\/\/sergiolapegue.com\/site\/wp-content\/uploads\/2025\/10\/Llega-la-3-edicion-del-improba-24-10-2025-279x300.jpg 279w, https:\/\/sergiolapegue.com\/site\/wp-content\/uploads\/2025\/10\/Llega-la-3-edicion-del-improba-24-10-2025-768x824.jpg 768w, https:\/\/sergiolapegue.com\/site\/wp-content\/uploads\/2025\/10\/Llega-la-3-edicion-del-improba-24-10-2025-391x420.jpg 391w, https:\/\/sergiolapegue.com\/site\/wp-content\/uploads\/2025\/10\/Llega-la-3-edicion-del-improba-24-10-2025-696x747.jpg 696w\" sizes=\"auto, (max-width: 802px) 100vw, 802px\" \/><\/figure>\n\n\n\n<p><strong>ANIMAL TEATRO \u2013 VIERNES 24 DE OCTUBRE<\/strong><\/p>\n\n\n\n<p>Castro 561 \u2013 Capital Federal \u2013 Buenos Aires \u2013 Argentina<\/p>\n\n\n\n<p><strong>Taller:<\/strong> Otra Impro<\/p>\n\n\n\n<p>Horario: 12:00 horas<\/p>\n\n\n\n<p>Entradas: $ 20.000<\/p>\n\n\n\n<p><strong>Taller:<\/strong> Impro teatral y musical con se\u00f1as Soundpainting<\/p>\n\n\n\n<p>Horario: 16:00 horas<\/p>\n\n\n\n<p>Entradas: $ 20.000<\/p>\n\n\n\n<p><strong>Funci\u00f3n:<\/strong> Un cumple improvisado \/ Tabar\u00e9 L\u00edber e Invitades \u2013 CABA<\/p>\n\n\n\n<p>Horario: 20:00 horas<\/p>\n\n\n\n<p>Entradas: $ 18.000<\/p>\n\n\n\n<p><strong>Funci\u00f3n:<\/strong> Cien a\u00f1os de\u2026 \/ Buena Impro \u2013 CABA<\/p>\n\n\n\n<p>Horario: 22:00 horas<\/p>\n\n\n\n<p>Entradas: $ 18.000<\/p>\n\n\n\n<figure class=\"wp-block-image size-large is-resized\"><img loading=\"lazy\" decoding=\"async\" width=\"1024\" height=\"452\" src=\"https:\/\/sergiolapegue.com\/site\/wp-content\/uploads\/2025\/10\/Llega-la-3-edicion-del-improba-25-10-2025-1024x452.jpg\" alt=\"\" class=\"wp-image-26232\" style=\"width:370px;height:auto\" srcset=\"https:\/\/sergiolapegue.com\/site\/wp-content\/uploads\/2025\/10\/Llega-la-3-edicion-del-improba-25-10-2025-1024x452.jpg 1024w, https:\/\/sergiolapegue.com\/site\/wp-content\/uploads\/2025\/10\/Llega-la-3-edicion-del-improba-25-10-2025-300x132.jpg 300w, https:\/\/sergiolapegue.com\/site\/wp-content\/uploads\/2025\/10\/Llega-la-3-edicion-del-improba-25-10-2025-768x339.jpg 768w, https:\/\/sergiolapegue.com\/site\/wp-content\/uploads\/2025\/10\/Llega-la-3-edicion-del-improba-25-10-2025-1536x678.jpg 1536w, https:\/\/sergiolapegue.com\/site\/wp-content\/uploads\/2025\/10\/Llega-la-3-edicion-del-improba-25-10-2025-952x420.jpg 952w, https:\/\/sergiolapegue.com\/site\/wp-content\/uploads\/2025\/10\/Llega-la-3-edicion-del-improba-25-10-2025-696x307.jpg 696w, https:\/\/sergiolapegue.com\/site\/wp-content\/uploads\/2025\/10\/Llega-la-3-edicion-del-improba-25-10-2025-1068x471.jpg 1068w, https:\/\/sergiolapegue.com\/site\/wp-content\/uploads\/2025\/10\/Llega-la-3-edicion-del-improba-25-10-2025.jpg 1897w\" sizes=\"auto, (max-width: 1024px) 100vw, 1024px\" \/><\/figure>\n\n\n\n<p><strong>PONCHO TEATRO -S\u00c1BADO 25 DE OCTUBRE<\/strong><\/p>\n\n\n\n<p>Leopoldo Marechal 12191 \u2013 Capital Federal \u2013 Buenos Aires \u2013 Argentina<\/p>\n\n\n\n<p>Tel\u00e9fono: 5351-5114 \/ 11 2563- 2967<\/p>\n\n\n\n<p><strong>Taller:<\/strong> Comedia F\u00edsica<\/p>\n\n\n\n<p>Horario: 10:00 horas<\/p>\n\n\n\n<p>Entradas: $ 20.000<\/p>\n\n\n\n<p><strong>Taller:<\/strong> Desafiar la Impro \u2013 Herramientas para una representaci\u00f3n igualitaria<\/p>\n\n\n\n<p>Horario: 14:00 horas<\/p>\n\n\n\n<p>Entradas: $ 20.000<\/p>\n\n\n\n<p><strong>Charla:<\/strong> La representaci\u00f3n en la Impro<\/p>\n\n\n\n<p>Horario: 17:30 horas<\/p>\n\n\n\n<p>Entradas: Sin cargo 8Reservar lugar)<\/p>\n\n\n\n<p><strong>Funci\u00f3n:<\/strong> S\u00ed sostenido: Un musical improvisado \/ Impro Musical \u2013 Montevideo, Uy<\/p>\n\n\n\n<p>Horario: 20:00 horas<\/p>\n\n\n\n<p>Entradas: $ 18.000<\/p>\n\n\n\n<p><strong>Funci\u00f3n:<\/strong> Doce<\/p>\n\n\n\n<p>Horario: 22:00 horas<\/p>\n\n\n\n<p>Entradas: $ 18.000<\/p>\n\n\n\n<p>Las entradas se adquieren por Alternativa Teatral \u2013 Link: <a href=\"https:\/\/www.alternativateatral.com\/evento2833-3ra-edicion-improba-festival-de-improvisacion-de-buenos-aires?fbclid=PAZXh0bgNhZW0CMTEAAacqkdIqXIFdC3GoE910wDhCsA0WMzB-HUyatml8KvVZ3zw2d1VfQrlnnIyyNg_aem_w8o9YnI1CxpGeP9N2E2qww\">3ra Edici\u00f3n IMPROBA FESTIVAL DE IMPROVISACI\u00d3N DE BUENOS AIRES en Alternativa. Comunidad en escena.<\/a><\/p>\n\n\n\n<p>Tambi\u00e9n podr\u00e1s conseguir combos para las distintas sedes por un valor de $ 52.000<\/p>\n\n\n\n<p>Gracias Pablito Lancone por hacernos llegar la gacetilla de prensa con toda la informaci\u00f3n de la 3\u00b0 Edici\u00f3n del Festival de Improvisaci\u00f3n de Buenos Aires.<\/p>\n\n\n\n<figure class=\"wp-block-image size-full is-resized\"><img loading=\"lazy\" decoding=\"async\" width=\"1000\" height=\"729\" src=\"https:\/\/sergiolapegue.com\/site\/wp-content\/uploads\/2025\/10\/Llega-la-3-edicion-del-improba-1.jpg\" alt=\"\" class=\"wp-image-26233\" style=\"width:339px;height:auto\" srcset=\"https:\/\/sergiolapegue.com\/site\/wp-content\/uploads\/2025\/10\/Llega-la-3-edicion-del-improba-1.jpg 1000w, https:\/\/sergiolapegue.com\/site\/wp-content\/uploads\/2025\/10\/Llega-la-3-edicion-del-improba-1-300x219.jpg 300w, https:\/\/sergiolapegue.com\/site\/wp-content\/uploads\/2025\/10\/Llega-la-3-edicion-del-improba-1-768x560.jpg 768w, https:\/\/sergiolapegue.com\/site\/wp-content\/uploads\/2025\/10\/Llega-la-3-edicion-del-improba-1-576x420.jpg 576w, https:\/\/sergiolapegue.com\/site\/wp-content\/uploads\/2025\/10\/Llega-la-3-edicion-del-improba-1-696x507.jpg 696w\" sizes=\"auto, (max-width: 1000px) 100vw, 1000px\" \/><\/figure>\n\n\n\n<p><strong>PALABRAS DEL EQUIPO CREATIVO<\/strong><\/p>\n\n\n\n<p>IMPROBA, el Festival de Improvisaci\u00f3n Teatral de Buenos Aires, ya celebr\u00f3 dos ediciones que convocaron a compa\u00f1\u00edas de distintos puntos del pa\u00eds y de la regi\u00f3n, consolid\u00e1ndose como un espacio de encuentro, formaci\u00f3n y exhibici\u00f3n para la comunidad improvisadora y el p\u00fablico en general. En su tercera edici\u00f3n, el festival volver\u00e1 a desplegar durante cuatro d\u00edas una programaci\u00f3n diversa de talleres, charlas y funciones \u00fanicas e irrepetibles, reafirmando el esp\u00edritu de comunidad, creatividad y apertura que lo caracteriza. Una propuesta ideal para quienes deseen descubrir el mundo de la improvisaci\u00f3n teatral y tambi\u00e9n para quienes ya lo conocen y quieran disfrutar de una experiencia art\u00edstica tan variada como inspiradora.<br>Melina Rodr\u00edguez, Marilyn Petito, Teresa Crivaro, y Noelia Mizraji.<\/p>\n\n\n\n<p>Instagram: IMPRO BA (<a href=\"http:\/\/instagram.com\/impro.ba\" target=\"_blank\" rel=\"noreferrer noopener\">@impro.ba<\/a>).<\/p>\n\n\n\n<p><\/p>\n","protected":false},"excerpt":{"rendered":"<p>Llega un nuevo encuentro del Festival de Improvisaci\u00f3n de Buenos Aires, del 22 al 25 de octubre, tendr\u00e1 obras, talleres y charlas. Un evento que celebra la creatividad, el encuentro y el juego esc\u00e9nico en una de las ciudades culturales m\u00e1s vibrantes del mundo.&nbsp;Las entradas se compran por Alternativa. IMPROBA es el Festival de Improvisaci\u00f3n [&hellip;]<\/p>\n","protected":false},"author":3,"featured_media":26234,"comment_status":"closed","ping_status":"closed","sticky":false,"template":"","format":"standard","meta":{"footnotes":""},"categories":[34,35],"tags":[],"class_list":{"0":"post-26226","1":"post","2":"type-post","3":"status-publish","4":"format-standard","5":"has-post-thumbnail","7":"category-arte","8":"category-teatro"},"yoast_head":"<!-- This site is optimized with the Yoast SEO plugin v27.5 - https:\/\/yoast.com\/product\/yoast-seo-wordpress\/ -->\n<title>LLEGA LA 3\u00b0 EDICI\u00d3N DEL IMPROBA DE LA CIUDAD DE BUENOS AIRES - Sergio Lapegue<\/title>\n<meta name=\"robots\" content=\"index, follow, max-snippet:-1, max-image-preview:large, max-video-preview:-1\" \/>\n<link rel=\"canonical\" href=\"https:\/\/sergiolapegue.com\/site\/2025\/10\/20\/llega-la-3-edicion-del-improba-de-la-ciudad-de-buenos-aires-2\/\" \/>\n<meta property=\"og:locale\" content=\"es_ES\" \/>\n<meta property=\"og:type\" content=\"article\" \/>\n<meta property=\"og:title\" content=\"LLEGA LA 3\u00b0 EDICI\u00d3N DEL IMPROBA DE LA CIUDAD DE BUENOS AIRES - Sergio Lapegue\" \/>\n<meta property=\"og:description\" content=\"Llega un nuevo encuentro del Festival de Improvisaci\u00f3n de Buenos Aires, del 22 al 25 de octubre, tendr\u00e1 obras, talleres y charlas. Un evento que celebra la creatividad, el encuentro y el juego esc\u00e9nico en una de las ciudades culturales m\u00e1s vibrantes del mundo.&nbsp;Las entradas se compran por Alternativa. IMPROBA es el Festival de Improvisaci\u00f3n [&hellip;]\" \/>\n<meta property=\"og:url\" content=\"https:\/\/sergiolapegue.com\/site\/2025\/10\/20\/llega-la-3-edicion-del-improba-de-la-ciudad-de-buenos-aires-2\/\" \/>\n<meta property=\"og:site_name\" content=\"Sergio Lapegue\" \/>\n<meta property=\"article:publisher\" content=\"https:\/\/facebook.com\/sergiolapegue\" \/>\n<meta property=\"article:author\" content=\"https:\/\/facebook.com\/danielernesto.montana\" \/>\n<meta property=\"article:published_time\" content=\"2025-10-20T04:00:00+00:00\" \/>\n<meta property=\"og:image\" content=\"https:\/\/sergiolapegue.com\/site\/wp-content\/uploads\/2025\/10\/Llega-la-3-edicion-del-improba.png\" \/>\n\t<meta property=\"og:image:width\" content=\"800\" \/>\n\t<meta property=\"og:image:height\" content=\"1000\" \/>\n\t<meta property=\"og:image:type\" content=\"image\/png\" \/>\n<meta name=\"author\" content=\"Daniel E. Monta\u00f1a\" \/>\n<meta name=\"twitter:card\" content=\"summary_large_image\" \/>\n<meta name=\"twitter:creator\" content=\"@https:\/\/twitter.com\/daner_004\" \/>\n<meta name=\"twitter:site\" content=\"@sergiolapegue\" \/>\n<meta name=\"twitter:label1\" content=\"Escrito por\" \/>\n\t<meta name=\"twitter:data1\" content=\"Daniel E. Monta\u00f1a\" \/>\n\t<meta name=\"twitter:label2\" content=\"Tiempo de lectura\" \/>\n\t<meta name=\"twitter:data2\" content=\"6 minutos\" \/>\n<script type=\"application\/ld+json\" class=\"yoast-schema-graph\">{\"@context\":\"https:\\\/\\\/schema.org\",\"@graph\":[{\"@type\":\"Article\",\"@id\":\"https:\\\/\\\/sergiolapegue.com\\\/site\\\/2025\\\/10\\\/20\\\/llega-la-3-edicion-del-improba-de-la-ciudad-de-buenos-aires-2\\\/#article\",\"isPartOf\":{\"@id\":\"https:\\\/\\\/sergiolapegue.com\\\/site\\\/2025\\\/10\\\/20\\\/llega-la-3-edicion-del-improba-de-la-ciudad-de-buenos-aires-2\\\/\"},\"author\":{\"name\":\"Daniel E. Monta\u00f1a\",\"@id\":\"https:\\\/\\\/sergiolapegue.com\\\/site\\\/#\\\/schema\\\/person\\\/9198e7dbab43c6d74d0fd5399af7c3cd\"},\"headline\":\"LLEGA LA 3\u00b0 EDICI\u00d3N DEL IMPROBA DE LA CIUDAD DE BUENOS AIRES\",\"datePublished\":\"2025-10-20T04:00:00+00:00\",\"mainEntityOfPage\":{\"@id\":\"https:\\\/\\\/sergiolapegue.com\\\/site\\\/2025\\\/10\\\/20\\\/llega-la-3-edicion-del-improba-de-la-ciudad-de-buenos-aires-2\\\/\"},\"wordCount\":984,\"publisher\":{\"@id\":\"https:\\\/\\\/sergiolapegue.com\\\/site\\\/#\\\/schema\\\/person\\\/083aeceeb0734cd166779ea6c0551a37\"},\"image\":{\"@id\":\"https:\\\/\\\/sergiolapegue.com\\\/site\\\/2025\\\/10\\\/20\\\/llega-la-3-edicion-del-improba-de-la-ciudad-de-buenos-aires-2\\\/#primaryimage\"},\"thumbnailUrl\":\"https:\\\/\\\/sergiolapegue.com\\\/site\\\/wp-content\\\/uploads\\\/2025\\\/10\\\/Llega-la-3-edicion-del-improba.png\",\"articleSection\":[\"Arte\",\"Teatro\"],\"inLanguage\":\"es-AR\"},{\"@type\":\"WebPage\",\"@id\":\"https:\\\/\\\/sergiolapegue.com\\\/site\\\/2025\\\/10\\\/20\\\/llega-la-3-edicion-del-improba-de-la-ciudad-de-buenos-aires-2\\\/\",\"url\":\"https:\\\/\\\/sergiolapegue.com\\\/site\\\/2025\\\/10\\\/20\\\/llega-la-3-edicion-del-improba-de-la-ciudad-de-buenos-aires-2\\\/\",\"name\":\"LLEGA LA 3\u00b0 EDICI\u00d3N DEL IMPROBA DE LA CIUDAD DE BUENOS AIRES - Sergio Lapegue\",\"isPartOf\":{\"@id\":\"https:\\\/\\\/sergiolapegue.com\\\/site\\\/#website\"},\"primaryImageOfPage\":{\"@id\":\"https:\\\/\\\/sergiolapegue.com\\\/site\\\/2025\\\/10\\\/20\\\/llega-la-3-edicion-del-improba-de-la-ciudad-de-buenos-aires-2\\\/#primaryimage\"},\"image\":{\"@id\":\"https:\\\/\\\/sergiolapegue.com\\\/site\\\/2025\\\/10\\\/20\\\/llega-la-3-edicion-del-improba-de-la-ciudad-de-buenos-aires-2\\\/#primaryimage\"},\"thumbnailUrl\":\"https:\\\/\\\/sergiolapegue.com\\\/site\\\/wp-content\\\/uploads\\\/2025\\\/10\\\/Llega-la-3-edicion-del-improba.png\",\"datePublished\":\"2025-10-20T04:00:00+00:00\",\"breadcrumb\":{\"@id\":\"https:\\\/\\\/sergiolapegue.com\\\/site\\\/2025\\\/10\\\/20\\\/llega-la-3-edicion-del-improba-de-la-ciudad-de-buenos-aires-2\\\/#breadcrumb\"},\"inLanguage\":\"es-AR\",\"potentialAction\":[{\"@type\":\"ReadAction\",\"target\":[\"https:\\\/\\\/sergiolapegue.com\\\/site\\\/2025\\\/10\\\/20\\\/llega-la-3-edicion-del-improba-de-la-ciudad-de-buenos-aires-2\\\/\"]}]},{\"@type\":\"ImageObject\",\"inLanguage\":\"es-AR\",\"@id\":\"https:\\\/\\\/sergiolapegue.com\\\/site\\\/2025\\\/10\\\/20\\\/llega-la-3-edicion-del-improba-de-la-ciudad-de-buenos-aires-2\\\/#primaryimage\",\"url\":\"https:\\\/\\\/sergiolapegue.com\\\/site\\\/wp-content\\\/uploads\\\/2025\\\/10\\\/Llega-la-3-edicion-del-improba.png\",\"contentUrl\":\"https:\\\/\\\/sergiolapegue.com\\\/site\\\/wp-content\\\/uploads\\\/2025\\\/10\\\/Llega-la-3-edicion-del-improba.png\",\"width\":800,\"height\":1000},{\"@type\":\"BreadcrumbList\",\"@id\":\"https:\\\/\\\/sergiolapegue.com\\\/site\\\/2025\\\/10\\\/20\\\/llega-la-3-edicion-del-improba-de-la-ciudad-de-buenos-aires-2\\\/#breadcrumb\",\"itemListElement\":[{\"@type\":\"ListItem\",\"position\":1,\"name\":\"Inicio\",\"item\":\"https:\\\/\\\/sergiolapegue.com\\\/site\\\/\"},{\"@type\":\"ListItem\",\"position\":2,\"name\":\"LLEGA LA 3\u00b0 EDICI\u00d3N DEL IMPROBA DE LA CIUDAD DE BUENOS AIRES\"}]},{\"@type\":\"WebSite\",\"@id\":\"https:\\\/\\\/sergiolapegue.com\\\/site\\\/#website\",\"url\":\"https:\\\/\\\/sergiolapegue.com\\\/site\\\/\",\"name\":\"Sergio Lapegue\",\"description\":\"Periodista\",\"publisher\":{\"@id\":\"https:\\\/\\\/sergiolapegue.com\\\/site\\\/#\\\/schema\\\/person\\\/083aeceeb0734cd166779ea6c0551a37\"},\"potentialAction\":[{\"@type\":\"SearchAction\",\"target\":{\"@type\":\"EntryPoint\",\"urlTemplate\":\"https:\\\/\\\/sergiolapegue.com\\\/site\\\/?s={search_term_string}\"},\"query-input\":{\"@type\":\"PropertyValueSpecification\",\"valueRequired\":true,\"valueName\":\"search_term_string\"}}],\"inLanguage\":\"es-AR\"},{\"@type\":[\"Person\",\"Organization\"],\"@id\":\"https:\\\/\\\/sergiolapegue.com\\\/site\\\/#\\\/schema\\\/person\\\/083aeceeb0734cd166779ea6c0551a37\",\"name\":\"Sergio Lapegue\",\"image\":{\"@type\":\"ImageObject\",\"inLanguage\":\"es-AR\",\"@id\":\"https:\\\/\\\/sergiolapegue.com\\\/site\\\/wp-content\\\/uploads\\\/2021\\\/04\\\/logo_header-1.png\",\"url\":\"https:\\\/\\\/sergiolapegue.com\\\/site\\\/wp-content\\\/uploads\\\/2021\\\/04\\\/logo_header-1.png\",\"contentUrl\":\"https:\\\/\\\/sergiolapegue.com\\\/site\\\/wp-content\\\/uploads\\\/2021\\\/04\\\/logo_header-1.png\",\"width\":272,\"height\":90,\"caption\":\"Sergio Lapegue\"},\"logo\":{\"@id\":\"https:\\\/\\\/sergiolapegue.com\\\/site\\\/wp-content\\\/uploads\\\/2021\\\/04\\\/logo_header-1.png\"},\"sameAs\":[\"https:\\\/\\\/facebook.com\\\/sergiolapegue\",\"https:\\\/\\\/instagram.com\\\/sergiolapegue\",\"https:\\\/\\\/x.com\\\/https:\\\/\\\/twitter.com\\\/sergiolapegue\"]},{\"@type\":\"Person\",\"@id\":\"https:\\\/\\\/sergiolapegue.com\\\/site\\\/#\\\/schema\\\/person\\\/9198e7dbab43c6d74d0fd5399af7c3cd\",\"name\":\"Daniel E. Monta\u00f1a\",\"image\":{\"@type\":\"ImageObject\",\"inLanguage\":\"es-AR\",\"@id\":\"https:\\\/\\\/sergiolapegue.com\\\/site\\\/wp-content\\\/uploads\\\/2021\\\/04\\\/sl_avatar_Daniel-150x150.jpg\",\"url\":\"https:\\\/\\\/sergiolapegue.com\\\/site\\\/wp-content\\\/uploads\\\/2021\\\/04\\\/sl_avatar_Daniel-150x150.jpg\",\"contentUrl\":\"https:\\\/\\\/sergiolapegue.com\\\/site\\\/wp-content\\\/uploads\\\/2021\\\/04\\\/sl_avatar_Daniel-150x150.jpg\",\"caption\":\"Daniel E. Monta\u00f1a\"},\"sameAs\":[\"https:\\\/\\\/facebook.com\\\/danielernesto.montana\",\"https:\\\/\\\/instagram.com\\\/daniel_montana1961\",\"https:\\\/\\\/x.com\\\/https:\\\/\\\/twitter.com\\\/daner_004\"],\"url\":\"https:\\\/\\\/sergiolapegue.com\\\/site\\\/author\\\/daniel\\\/\"}]}<\/script>\n<!-- \/ Yoast SEO plugin. -->","yoast_head_json":{"title":"LLEGA LA 3\u00b0 EDICI\u00d3N DEL IMPROBA DE LA CIUDAD DE BUENOS AIRES - Sergio Lapegue","robots":{"index":"index","follow":"follow","max-snippet":"max-snippet:-1","max-image-preview":"max-image-preview:large","max-video-preview":"max-video-preview:-1"},"canonical":"https:\/\/sergiolapegue.com\/site\/2025\/10\/20\/llega-la-3-edicion-del-improba-de-la-ciudad-de-buenos-aires-2\/","og_locale":"es_ES","og_type":"article","og_title":"LLEGA LA 3\u00b0 EDICI\u00d3N DEL IMPROBA DE LA CIUDAD DE BUENOS AIRES - Sergio Lapegue","og_description":"Llega un nuevo encuentro del Festival de Improvisaci\u00f3n de Buenos Aires, del 22 al 25 de octubre, tendr\u00e1 obras, talleres y charlas. Un evento que celebra la creatividad, el encuentro y el juego esc\u00e9nico en una de las ciudades culturales m\u00e1s vibrantes del mundo.&nbsp;Las entradas se compran por Alternativa. IMPROBA es el Festival de Improvisaci\u00f3n [&hellip;]","og_url":"https:\/\/sergiolapegue.com\/site\/2025\/10\/20\/llega-la-3-edicion-del-improba-de-la-ciudad-de-buenos-aires-2\/","og_site_name":"Sergio Lapegue","article_publisher":"https:\/\/facebook.com\/sergiolapegue","article_author":"https:\/\/facebook.com\/danielernesto.montana","article_published_time":"2025-10-20T04:00:00+00:00","og_image":[{"width":800,"height":1000,"url":"https:\/\/sergiolapegue.com\/site\/wp-content\/uploads\/2025\/10\/Llega-la-3-edicion-del-improba.png","type":"image\/png"}],"author":"Daniel E. Monta\u00f1a","twitter_card":"summary_large_image","twitter_creator":"@https:\/\/twitter.com\/daner_004","twitter_site":"@sergiolapegue","twitter_misc":{"Escrito por":"Daniel E. Monta\u00f1a","Tiempo de lectura":"6 minutos"},"schema":{"@context":"https:\/\/schema.org","@graph":[{"@type":"Article","@id":"https:\/\/sergiolapegue.com\/site\/2025\/10\/20\/llega-la-3-edicion-del-improba-de-la-ciudad-de-buenos-aires-2\/#article","isPartOf":{"@id":"https:\/\/sergiolapegue.com\/site\/2025\/10\/20\/llega-la-3-edicion-del-improba-de-la-ciudad-de-buenos-aires-2\/"},"author":{"name":"Daniel E. Monta\u00f1a","@id":"https:\/\/sergiolapegue.com\/site\/#\/schema\/person\/9198e7dbab43c6d74d0fd5399af7c3cd"},"headline":"LLEGA LA 3\u00b0 EDICI\u00d3N DEL IMPROBA DE LA CIUDAD DE BUENOS AIRES","datePublished":"2025-10-20T04:00:00+00:00","mainEntityOfPage":{"@id":"https:\/\/sergiolapegue.com\/site\/2025\/10\/20\/llega-la-3-edicion-del-improba-de-la-ciudad-de-buenos-aires-2\/"},"wordCount":984,"publisher":{"@id":"https:\/\/sergiolapegue.com\/site\/#\/schema\/person\/083aeceeb0734cd166779ea6c0551a37"},"image":{"@id":"https:\/\/sergiolapegue.com\/site\/2025\/10\/20\/llega-la-3-edicion-del-improba-de-la-ciudad-de-buenos-aires-2\/#primaryimage"},"thumbnailUrl":"https:\/\/sergiolapegue.com\/site\/wp-content\/uploads\/2025\/10\/Llega-la-3-edicion-del-improba.png","articleSection":["Arte","Teatro"],"inLanguage":"es-AR"},{"@type":"WebPage","@id":"https:\/\/sergiolapegue.com\/site\/2025\/10\/20\/llega-la-3-edicion-del-improba-de-la-ciudad-de-buenos-aires-2\/","url":"https:\/\/sergiolapegue.com\/site\/2025\/10\/20\/llega-la-3-edicion-del-improba-de-la-ciudad-de-buenos-aires-2\/","name":"LLEGA LA 3\u00b0 EDICI\u00d3N DEL IMPROBA DE LA CIUDAD DE BUENOS AIRES - Sergio Lapegue","isPartOf":{"@id":"https:\/\/sergiolapegue.com\/site\/#website"},"primaryImageOfPage":{"@id":"https:\/\/sergiolapegue.com\/site\/2025\/10\/20\/llega-la-3-edicion-del-improba-de-la-ciudad-de-buenos-aires-2\/#primaryimage"},"image":{"@id":"https:\/\/sergiolapegue.com\/site\/2025\/10\/20\/llega-la-3-edicion-del-improba-de-la-ciudad-de-buenos-aires-2\/#primaryimage"},"thumbnailUrl":"https:\/\/sergiolapegue.com\/site\/wp-content\/uploads\/2025\/10\/Llega-la-3-edicion-del-improba.png","datePublished":"2025-10-20T04:00:00+00:00","breadcrumb":{"@id":"https:\/\/sergiolapegue.com\/site\/2025\/10\/20\/llega-la-3-edicion-del-improba-de-la-ciudad-de-buenos-aires-2\/#breadcrumb"},"inLanguage":"es-AR","potentialAction":[{"@type":"ReadAction","target":["https:\/\/sergiolapegue.com\/site\/2025\/10\/20\/llega-la-3-edicion-del-improba-de-la-ciudad-de-buenos-aires-2\/"]}]},{"@type":"ImageObject","inLanguage":"es-AR","@id":"https:\/\/sergiolapegue.com\/site\/2025\/10\/20\/llega-la-3-edicion-del-improba-de-la-ciudad-de-buenos-aires-2\/#primaryimage","url":"https:\/\/sergiolapegue.com\/site\/wp-content\/uploads\/2025\/10\/Llega-la-3-edicion-del-improba.png","contentUrl":"https:\/\/sergiolapegue.com\/site\/wp-content\/uploads\/2025\/10\/Llega-la-3-edicion-del-improba.png","width":800,"height":1000},{"@type":"BreadcrumbList","@id":"https:\/\/sergiolapegue.com\/site\/2025\/10\/20\/llega-la-3-edicion-del-improba-de-la-ciudad-de-buenos-aires-2\/#breadcrumb","itemListElement":[{"@type":"ListItem","position":1,"name":"Inicio","item":"https:\/\/sergiolapegue.com\/site\/"},{"@type":"ListItem","position":2,"name":"LLEGA LA 3\u00b0 EDICI\u00d3N DEL IMPROBA DE LA CIUDAD DE BUENOS AIRES"}]},{"@type":"WebSite","@id":"https:\/\/sergiolapegue.com\/site\/#website","url":"https:\/\/sergiolapegue.com\/site\/","name":"Sergio Lapegue","description":"Periodista","publisher":{"@id":"https:\/\/sergiolapegue.com\/site\/#\/schema\/person\/083aeceeb0734cd166779ea6c0551a37"},"potentialAction":[{"@type":"SearchAction","target":{"@type":"EntryPoint","urlTemplate":"https:\/\/sergiolapegue.com\/site\/?s={search_term_string}"},"query-input":{"@type":"PropertyValueSpecification","valueRequired":true,"valueName":"search_term_string"}}],"inLanguage":"es-AR"},{"@type":["Person","Organization"],"@id":"https:\/\/sergiolapegue.com\/site\/#\/schema\/person\/083aeceeb0734cd166779ea6c0551a37","name":"Sergio Lapegue","image":{"@type":"ImageObject","inLanguage":"es-AR","@id":"https:\/\/sergiolapegue.com\/site\/wp-content\/uploads\/2021\/04\/logo_header-1.png","url":"https:\/\/sergiolapegue.com\/site\/wp-content\/uploads\/2021\/04\/logo_header-1.png","contentUrl":"https:\/\/sergiolapegue.com\/site\/wp-content\/uploads\/2021\/04\/logo_header-1.png","width":272,"height":90,"caption":"Sergio Lapegue"},"logo":{"@id":"https:\/\/sergiolapegue.com\/site\/wp-content\/uploads\/2021\/04\/logo_header-1.png"},"sameAs":["https:\/\/facebook.com\/sergiolapegue","https:\/\/instagram.com\/sergiolapegue","https:\/\/x.com\/https:\/\/twitter.com\/sergiolapegue"]},{"@type":"Person","@id":"https:\/\/sergiolapegue.com\/site\/#\/schema\/person\/9198e7dbab43c6d74d0fd5399af7c3cd","name":"Daniel E. Monta\u00f1a","image":{"@type":"ImageObject","inLanguage":"es-AR","@id":"https:\/\/sergiolapegue.com\/site\/wp-content\/uploads\/2021\/04\/sl_avatar_Daniel-150x150.jpg","url":"https:\/\/sergiolapegue.com\/site\/wp-content\/uploads\/2021\/04\/sl_avatar_Daniel-150x150.jpg","contentUrl":"https:\/\/sergiolapegue.com\/site\/wp-content\/uploads\/2021\/04\/sl_avatar_Daniel-150x150.jpg","caption":"Daniel E. Monta\u00f1a"},"sameAs":["https:\/\/facebook.com\/danielernesto.montana","https:\/\/instagram.com\/daniel_montana1961","https:\/\/x.com\/https:\/\/twitter.com\/daner_004"],"url":"https:\/\/sergiolapegue.com\/site\/author\/daniel\/"}]}},"_links":{"self":[{"href":"https:\/\/sergiolapegue.com\/site\/wp-json\/wp\/v2\/posts\/26226","targetHints":{"allow":["GET"]}}],"collection":[{"href":"https:\/\/sergiolapegue.com\/site\/wp-json\/wp\/v2\/posts"}],"about":[{"href":"https:\/\/sergiolapegue.com\/site\/wp-json\/wp\/v2\/types\/post"}],"author":[{"embeddable":true,"href":"https:\/\/sergiolapegue.com\/site\/wp-json\/wp\/v2\/users\/3"}],"replies":[{"embeddable":true,"href":"https:\/\/sergiolapegue.com\/site\/wp-json\/wp\/v2\/comments?post=26226"}],"version-history":[{"count":1,"href":"https:\/\/sergiolapegue.com\/site\/wp-json\/wp\/v2\/posts\/26226\/revisions"}],"predecessor-version":[{"id":26235,"href":"https:\/\/sergiolapegue.com\/site\/wp-json\/wp\/v2\/posts\/26226\/revisions\/26235"}],"wp:featuredmedia":[{"embeddable":true,"href":"https:\/\/sergiolapegue.com\/site\/wp-json\/wp\/v2\/media\/26234"}],"wp:attachment":[{"href":"https:\/\/sergiolapegue.com\/site\/wp-json\/wp\/v2\/media?parent=26226"}],"wp:term":[{"taxonomy":"category","embeddable":true,"href":"https:\/\/sergiolapegue.com\/site\/wp-json\/wp\/v2\/categories?post=26226"},{"taxonomy":"post_tag","embeddable":true,"href":"https:\/\/sergiolapegue.com\/site\/wp-json\/wp\/v2\/tags?post=26226"}],"curies":[{"name":"wp","href":"https:\/\/api.w.org\/{rel}","templated":true}]}}