{"id":26188,"date":"2025-10-17T01:00:00","date_gmt":"2025-10-17T04:00:00","guid":{"rendered":"https:\/\/sergiolapegue.com\/site\/?p=26188"},"modified":"2025-10-16T21:23:36","modified_gmt":"2025-10-17T00:23:36","slug":"gira-nacional-de-al-fin-y-al-cabo-es-mi-vida","status":"publish","type":"post","link":"https:\/\/sergiolapegue.com\/site\/2025\/10\/17\/gira-nacional-de-al-fin-y-al-cabo-es-mi-vida\/","title":{"rendered":"GIRA NACIONAL DE \u201cAL FIN Y AL CABO ES MI VIDA\u201d"},"content":{"rendered":"\n<p>Silvia Kutika, Fabio Aste, Mirta Wons&nbsp;y un gran elenco salen de gira&nbsp;con la obra que ha conmovido al mundo entero.&nbsp;&#8220;Al fin y al cabo, es mi vida&#8221;, una poderosa pieza escrita por Brian Clark, nominada a cinco Premios Tony y galardonada con el prestigioso Premio Laurence Olivier a la Mejor Obra.&nbsp;<\/p>\n\n\n\n<p>&#8220;Al fin y al cabo, es mi vida&#8221;&nbsp;inicia una&nbsp;gira nacional&nbsp;que recorrer\u00e1 distintas ciudades del pa\u00eds durante octubre y noviembre.&nbsp;La obra&nbsp;invita a reflexionar sobre uno de los temas m\u00e1s profundos y sensibles de la actualidad: el derecho a decidir sobre la propia vida.<\/p>\n\n\n\n<figure class=\"wp-block-image size-full\"><img loading=\"lazy\" decoding=\"async\" width=\"1000\" height=\"667\" src=\"https:\/\/sergiolapegue.com\/site\/wp-content\/uploads\/2025\/10\/Gira-nacional-de-Al-fin-y-al-cabo-es-mi-vida-2.jpg\" alt=\"\" class=\"wp-image-26190\" srcset=\"https:\/\/sergiolapegue.com\/site\/wp-content\/uploads\/2025\/10\/Gira-nacional-de-Al-fin-y-al-cabo-es-mi-vida-2.jpg 1000w, https:\/\/sergiolapegue.com\/site\/wp-content\/uploads\/2025\/10\/Gira-nacional-de-Al-fin-y-al-cabo-es-mi-vida-2-300x200.jpg 300w, https:\/\/sergiolapegue.com\/site\/wp-content\/uploads\/2025\/10\/Gira-nacional-de-Al-fin-y-al-cabo-es-mi-vida-2-768x512.jpg 768w, https:\/\/sergiolapegue.com\/site\/wp-content\/uploads\/2025\/10\/Gira-nacional-de-Al-fin-y-al-cabo-es-mi-vida-2-630x420.jpg 630w, https:\/\/sergiolapegue.com\/site\/wp-content\/uploads\/2025\/10\/Gira-nacional-de-Al-fin-y-al-cabo-es-mi-vida-2-696x464.jpg 696w\" sizes=\"auto, (max-width: 1000px) 100vw, 1000px\" \/><\/figure>\n\n\n\n<p>El texto de Brian Clark gira en torno a Clara, una escultora de renombre que queda cuadripl\u00e9jica tras un accidente. Clara toma una decisi\u00f3n crucial: no desea continuar viviendo como un \u201clogro m\u00e9dico\u201d y solicita acceder a la eutanasia. Sin embargo, su m\u00e9dico, aferrado al deber de preservar la vida, se niega a aceptar su voluntad. A partir de all\u00ed se desata un intenso conflicto legal, \u00e9tico y moral para determinar si Clara tiene el derecho a decidir sobre su propio destino. La obra interpela al espectador con una pregunta tan \u00edntima como universal: \u00bfTenemos derecho a elegir c\u00f3mo queremos vivir y cu\u00e1ndo queremos morir?<\/p>\n\n\n\n<p>Traducida a m\u00e1s de 50 idiomas, la versi\u00f3n femenina reescrita para Kim Cattrall la estrella de \u201cSex and the City\u201d, fue un rotundo \u00e9xito de taquilla en Londres.&nbsp;<\/p>\n\n\n\n<figure class=\"wp-block-image size-full\"><img loading=\"lazy\" decoding=\"async\" width=\"1000\" height=\"667\" src=\"https:\/\/sergiolapegue.com\/site\/wp-content\/uploads\/2025\/10\/Gira-nacional-de-Al-fin-y-al-cabo-es-mi-vida-3.jpg\" alt=\"\" class=\"wp-image-26189\" srcset=\"https:\/\/sergiolapegue.com\/site\/wp-content\/uploads\/2025\/10\/Gira-nacional-de-Al-fin-y-al-cabo-es-mi-vida-3.jpg 1000w, https:\/\/sergiolapegue.com\/site\/wp-content\/uploads\/2025\/10\/Gira-nacional-de-Al-fin-y-al-cabo-es-mi-vida-3-300x200.jpg 300w, https:\/\/sergiolapegue.com\/site\/wp-content\/uploads\/2025\/10\/Gira-nacional-de-Al-fin-y-al-cabo-es-mi-vida-3-768x512.jpg 768w, https:\/\/sergiolapegue.com\/site\/wp-content\/uploads\/2025\/10\/Gira-nacional-de-Al-fin-y-al-cabo-es-mi-vida-3-630x420.jpg 630w, https:\/\/sergiolapegue.com\/site\/wp-content\/uploads\/2025\/10\/Gira-nacional-de-Al-fin-y-al-cabo-es-mi-vida-3-696x464.jpg 696w\" sizes=\"auto, (max-width: 1000px) 100vw, 1000px\" \/><\/figure>\n\n\n\n<p>Luego de una aclamada temporada en el Teatro Metropolitan de calle Corrientes de Buenos Aires, esta versi\u00f3n argentina dirigida por&nbsp;Mariano Dossena&nbsp;llega a los principales escenarios del pa\u00eds con una propuesta que combina emoci\u00f3n, humor y un planteo \u00e9tico que interpela al espectador.<\/p>\n\n\n\n<p>Desde su estreno, la actriz&nbsp;Silvia Kutika&nbsp;no deja de recibir halagos por su papel de una artista cuadriplejia. El p\u00fablico y la cr\u00edtica especializada destacan su interpretaci\u00f3n gestual y de voz al no poder movilizarse por una hora y media.&nbsp;&#8220;Lo de Kutika es colosal&#8221;, se\u00f1alan.&nbsp;<\/p>\n\n\n\n<p>\u201cUna obra que nos hace reflexionar sobre una pregunta tan fundamental para nuestra humanidad que merece atenci\u00f3n\u201d<\/p>\n\n\n\n<figure class=\"wp-block-image size-full\"><img loading=\"lazy\" decoding=\"async\" width=\"1000\" height=\"667\" src=\"https:\/\/sergiolapegue.com\/site\/wp-content\/uploads\/2025\/10\/Gira-nacional-de-Al-fin-y-al-cabo-es-mi-vida-4.jpg\" alt=\"\" class=\"wp-image-26193\" srcset=\"https:\/\/sergiolapegue.com\/site\/wp-content\/uploads\/2025\/10\/Gira-nacional-de-Al-fin-y-al-cabo-es-mi-vida-4.jpg 1000w, https:\/\/sergiolapegue.com\/site\/wp-content\/uploads\/2025\/10\/Gira-nacional-de-Al-fin-y-al-cabo-es-mi-vida-4-300x200.jpg 300w, https:\/\/sergiolapegue.com\/site\/wp-content\/uploads\/2025\/10\/Gira-nacional-de-Al-fin-y-al-cabo-es-mi-vida-4-768x512.jpg 768w, https:\/\/sergiolapegue.com\/site\/wp-content\/uploads\/2025\/10\/Gira-nacional-de-Al-fin-y-al-cabo-es-mi-vida-4-630x420.jpg 630w, https:\/\/sergiolapegue.com\/site\/wp-content\/uploads\/2025\/10\/Gira-nacional-de-Al-fin-y-al-cabo-es-mi-vida-4-696x464.jpg 696w\" sizes=\"auto, (max-width: 1000px) 100vw, 1000px\" \/><\/figure>\n\n\n\n<p><strong>FICHA T\u00c9CNICO ART\u00cdSTICA <\/strong><strong><\/strong><\/p>\n\n\n\n<p><strong>Autor:<\/strong> Brian Clark<\/p>\n\n\n\n<p><strong>Traducci\u00f3n:<\/strong> Adri\u00e1n L\u00e1zare \u2013 Fernando Cuellar<\/p>\n\n\n\n<p><strong>Elenco:<\/strong> Silvia Kutika \u2013 Fabio Aste \u2013 Mirta Wons \u2013 Fernando Cuellar \u2013 Luis Porzio \u2013 Jorge Almada \u2013 Tania Marioni \u2013 Morena Pereyra<\/p>\n\n\n\n<p><strong>Dise\u00f1o de vestuario:<\/strong> Fernando Cuellar<\/p>\n\n\n\n<p><strong>Dise\u00f1o escenogr\u00e1fico:<\/strong> Adri\u00e1n L\u00e1zare<\/p>\n\n\n\n<p><strong>Dise\u00f1o gr\u00e1fico:<\/strong> Leandro Anriquez<\/p>\n\n\n\n<p><strong>Fotograf\u00eda:<\/strong> Nacho Lunadei<\/p>\n\n\n\n<p><strong>Asistente de direcci\u00f3n:<\/strong> Mara Bonaudi<\/p>\n\n\n\n<p><strong>Prensa y comunicaci\u00f3n:<\/strong> Max Czajkowski<\/p>\n\n\n\n<p><strong>Producci\u00f3n ejecutiva:<\/strong> Juan Manuel V\u00e1zquez<\/p>\n\n\n\n<p><strong>Producci\u00f3n general:<\/strong> Adri\u00e1n L\u00e1zare<\/p>\n\n\n\n<p><strong>Direcci\u00f3n:<\/strong> Mariano Dossena<\/p>\n\n\n\n<p><strong>Instagram:<\/strong> @alfinyalcaboesmivida<\/p>\n\n\n\n<p><strong>Duraci\u00f3n:<\/strong> 60 minutos<\/p>\n\n\n\n<p><strong>Clasificaci\u00f3n:<\/strong> Teatro \u2013 Presencial \u2013 Adultos<\/p>\n\n\n\n<figure class=\"wp-block-image size-full\"><img loading=\"lazy\" decoding=\"async\" width=\"1000\" height=\"667\" src=\"https:\/\/sergiolapegue.com\/site\/wp-content\/uploads\/2025\/10\/Gira-nacional-de-Al-fin-y-al-cabo-es-mi-vida-1.jpg\" alt=\"\" class=\"wp-image-26191\" srcset=\"https:\/\/sergiolapegue.com\/site\/wp-content\/uploads\/2025\/10\/Gira-nacional-de-Al-fin-y-al-cabo-es-mi-vida-1.jpg 1000w, https:\/\/sergiolapegue.com\/site\/wp-content\/uploads\/2025\/10\/Gira-nacional-de-Al-fin-y-al-cabo-es-mi-vida-1-300x200.jpg 300w, https:\/\/sergiolapegue.com\/site\/wp-content\/uploads\/2025\/10\/Gira-nacional-de-Al-fin-y-al-cabo-es-mi-vida-1-768x512.jpg 768w, https:\/\/sergiolapegue.com\/site\/wp-content\/uploads\/2025\/10\/Gira-nacional-de-Al-fin-y-al-cabo-es-mi-vida-1-630x420.jpg 630w, https:\/\/sergiolapegue.com\/site\/wp-content\/uploads\/2025\/10\/Gira-nacional-de-Al-fin-y-al-cabo-es-mi-vida-1-696x464.jpg 696w\" sizes=\"auto, (max-width: 1000px) 100vw, 1000px\" \/><\/figure>\n\n\n\n<p><strong>FECHAS DE LA GIRA NACIONAL<\/strong><\/p>\n\n\n\n<p><strong>OCTUBRE<\/strong><strong><\/strong><\/p>\n\n\n\n<ul class=\"wp-block-list\">\n<li>Viernes 17: Tres Arroyos<\/li>\n\n\n\n<li>S\u00e1bado 19: Bah\u00eda Blanca<\/li>\n\n\n\n<li>Domingo 20: Tornquist<\/li>\n<\/ul>\n\n\n\n<p><strong>NOVIEMBRE<\/strong><strong><\/strong><\/p>\n\n\n\n<ul class=\"wp-block-list\">\n<li>Mi\u00e9rcoles 5: Villa La Angostura<\/li>\n\n\n\n<li>Jueves 6: San Mart\u00edn de los Andes<\/li>\n\n\n\n<li>Viernes 7: Bariloche<\/li>\n\n\n\n<li>S\u00e1bado 8: General Roca<\/li>\n\n\n\n<li>Domingo 9: Neuqu\u00e9n<\/li>\n\n\n\n<li>Viernes 14: Salta<\/li>\n\n\n\n<li>S\u00e1bado 15: Jujuy<\/li>\n\n\n\n<li>Domingo 16: Tucum\u00e1n<\/li>\n\n\n\n<li>Viernes 21: Mar del Plata<\/li>\n<\/ul>\n\n\n\n<p>Gracias Max Czajkowski Prensa y comunicaci\u00f3n por acercarnos la gacetilla de prensa de la gira nacional que realizar\u00e1 esta obra.<\/p>\n\n\n\n<p><\/p>\n","protected":false},"excerpt":{"rendered":"<p>Silvia Kutika, Fabio Aste, Mirta Wons&nbsp;y un gran elenco salen de gira&nbsp;con la obra que ha conmovido al mundo entero.&nbsp;&#8220;Al fin y al cabo, es mi vida&#8221;, una poderosa pieza escrita por Brian Clark, nominada a cinco Premios Tony y galardonada con el prestigioso Premio Laurence Olivier a la Mejor Obra.&nbsp; &#8220;Al fin y al [&hellip;]<\/p>\n","protected":false},"author":3,"featured_media":26192,"comment_status":"closed","ping_status":"closed","sticky":false,"template":"","format":"standard","meta":{"footnotes":""},"categories":[34,35],"tags":[],"class_list":{"0":"post-26188","1":"post","2":"type-post","3":"status-publish","4":"format-standard","5":"has-post-thumbnail","7":"category-arte","8":"category-teatro"},"yoast_head":"<!-- This site is optimized with the Yoast SEO plugin v27.5 - https:\/\/yoast.com\/product\/yoast-seo-wordpress\/ -->\n<title>GIRA NACIONAL DE \u201cAL FIN Y AL CABO ES MI VIDA\u201d - Sergio Lapegue<\/title>\n<meta name=\"robots\" content=\"index, follow, max-snippet:-1, max-image-preview:large, max-video-preview:-1\" \/>\n<link rel=\"canonical\" href=\"https:\/\/sergiolapegue.com\/site\/2025\/10\/17\/gira-nacional-de-al-fin-y-al-cabo-es-mi-vida\/\" \/>\n<meta property=\"og:locale\" content=\"es_ES\" \/>\n<meta property=\"og:type\" content=\"article\" \/>\n<meta property=\"og:title\" content=\"GIRA NACIONAL DE \u201cAL FIN Y AL CABO ES MI VIDA\u201d - Sergio Lapegue\" \/>\n<meta property=\"og:description\" content=\"Silvia Kutika, Fabio Aste, Mirta Wons&nbsp;y un gran elenco salen de gira&nbsp;con la obra que ha conmovido al mundo entero.&nbsp;&#8220;Al fin y al cabo, es mi vida&#8221;, una poderosa pieza escrita por Brian Clark, nominada a cinco Premios Tony y galardonada con el prestigioso Premio Laurence Olivier a la Mejor Obra.&nbsp; &#8220;Al fin y al [&hellip;]\" \/>\n<meta property=\"og:url\" content=\"https:\/\/sergiolapegue.com\/site\/2025\/10\/17\/gira-nacional-de-al-fin-y-al-cabo-es-mi-vida\/\" \/>\n<meta property=\"og:site_name\" content=\"Sergio Lapegue\" \/>\n<meta property=\"article:publisher\" content=\"https:\/\/facebook.com\/sergiolapegue\" \/>\n<meta property=\"article:author\" content=\"https:\/\/facebook.com\/danielernesto.montana\" \/>\n<meta property=\"article:published_time\" content=\"2025-10-17T04:00:00+00:00\" \/>\n<meta property=\"og:image\" content=\"https:\/\/sergiolapegue.com\/site\/wp-content\/uploads\/2025\/10\/Gira-nacional-de-Al-fin-y-al-cabo-es-mi-vida.jpg\" \/>\n\t<meta property=\"og:image:width\" content=\"800\" \/>\n\t<meta property=\"og:image:height\" content=\"1000\" \/>\n\t<meta property=\"og:image:type\" content=\"image\/jpeg\" \/>\n<meta name=\"author\" content=\"Daniel E. Monta\u00f1a\" \/>\n<meta name=\"twitter:card\" content=\"summary_large_image\" \/>\n<meta name=\"twitter:creator\" content=\"@https:\/\/twitter.com\/daner_004\" \/>\n<meta name=\"twitter:site\" content=\"@sergiolapegue\" \/>\n<meta name=\"twitter:label1\" content=\"Escrito por\" \/>\n\t<meta name=\"twitter:data1\" content=\"Daniel E. Monta\u00f1a\" \/>\n\t<meta name=\"twitter:label2\" content=\"Tiempo de lectura\" \/>\n\t<meta name=\"twitter:data2\" content=\"4 minutos\" \/>\n<script type=\"application\/ld+json\" class=\"yoast-schema-graph\">{\"@context\":\"https:\\\/\\\/schema.org\",\"@graph\":[{\"@type\":\"Article\",\"@id\":\"https:\\\/\\\/sergiolapegue.com\\\/site\\\/2025\\\/10\\\/17\\\/gira-nacional-de-al-fin-y-al-cabo-es-mi-vida\\\/#article\",\"isPartOf\":{\"@id\":\"https:\\\/\\\/sergiolapegue.com\\\/site\\\/2025\\\/10\\\/17\\\/gira-nacional-de-al-fin-y-al-cabo-es-mi-vida\\\/\"},\"author\":{\"name\":\"Daniel E. Monta\u00f1a\",\"@id\":\"https:\\\/\\\/sergiolapegue.com\\\/site\\\/#\\\/schema\\\/person\\\/9198e7dbab43c6d74d0fd5399af7c3cd\"},\"headline\":\"GIRA NACIONAL DE \u201cAL FIN Y AL CABO ES MI VIDA\u201d\",\"datePublished\":\"2025-10-17T04:00:00+00:00\",\"mainEntityOfPage\":{\"@id\":\"https:\\\/\\\/sergiolapegue.com\\\/site\\\/2025\\\/10\\\/17\\\/gira-nacional-de-al-fin-y-al-cabo-es-mi-vida\\\/\"},\"wordCount\":554,\"publisher\":{\"@id\":\"https:\\\/\\\/sergiolapegue.com\\\/site\\\/#\\\/schema\\\/person\\\/083aeceeb0734cd166779ea6c0551a37\"},\"image\":{\"@id\":\"https:\\\/\\\/sergiolapegue.com\\\/site\\\/2025\\\/10\\\/17\\\/gira-nacional-de-al-fin-y-al-cabo-es-mi-vida\\\/#primaryimage\"},\"thumbnailUrl\":\"https:\\\/\\\/sergiolapegue.com\\\/site\\\/wp-content\\\/uploads\\\/2025\\\/10\\\/Gira-nacional-de-Al-fin-y-al-cabo-es-mi-vida.jpg\",\"articleSection\":[\"Arte\",\"Teatro\"],\"inLanguage\":\"es-AR\"},{\"@type\":\"WebPage\",\"@id\":\"https:\\\/\\\/sergiolapegue.com\\\/site\\\/2025\\\/10\\\/17\\\/gira-nacional-de-al-fin-y-al-cabo-es-mi-vida\\\/\",\"url\":\"https:\\\/\\\/sergiolapegue.com\\\/site\\\/2025\\\/10\\\/17\\\/gira-nacional-de-al-fin-y-al-cabo-es-mi-vida\\\/\",\"name\":\"GIRA NACIONAL DE \u201cAL FIN Y AL CABO ES MI VIDA\u201d - Sergio Lapegue\",\"isPartOf\":{\"@id\":\"https:\\\/\\\/sergiolapegue.com\\\/site\\\/#website\"},\"primaryImageOfPage\":{\"@id\":\"https:\\\/\\\/sergiolapegue.com\\\/site\\\/2025\\\/10\\\/17\\\/gira-nacional-de-al-fin-y-al-cabo-es-mi-vida\\\/#primaryimage\"},\"image\":{\"@id\":\"https:\\\/\\\/sergiolapegue.com\\\/site\\\/2025\\\/10\\\/17\\\/gira-nacional-de-al-fin-y-al-cabo-es-mi-vida\\\/#primaryimage\"},\"thumbnailUrl\":\"https:\\\/\\\/sergiolapegue.com\\\/site\\\/wp-content\\\/uploads\\\/2025\\\/10\\\/Gira-nacional-de-Al-fin-y-al-cabo-es-mi-vida.jpg\",\"datePublished\":\"2025-10-17T04:00:00+00:00\",\"breadcrumb\":{\"@id\":\"https:\\\/\\\/sergiolapegue.com\\\/site\\\/2025\\\/10\\\/17\\\/gira-nacional-de-al-fin-y-al-cabo-es-mi-vida\\\/#breadcrumb\"},\"inLanguage\":\"es-AR\",\"potentialAction\":[{\"@type\":\"ReadAction\",\"target\":[\"https:\\\/\\\/sergiolapegue.com\\\/site\\\/2025\\\/10\\\/17\\\/gira-nacional-de-al-fin-y-al-cabo-es-mi-vida\\\/\"]}]},{\"@type\":\"ImageObject\",\"inLanguage\":\"es-AR\",\"@id\":\"https:\\\/\\\/sergiolapegue.com\\\/site\\\/2025\\\/10\\\/17\\\/gira-nacional-de-al-fin-y-al-cabo-es-mi-vida\\\/#primaryimage\",\"url\":\"https:\\\/\\\/sergiolapegue.com\\\/site\\\/wp-content\\\/uploads\\\/2025\\\/10\\\/Gira-nacional-de-Al-fin-y-al-cabo-es-mi-vida.jpg\",\"contentUrl\":\"https:\\\/\\\/sergiolapegue.com\\\/site\\\/wp-content\\\/uploads\\\/2025\\\/10\\\/Gira-nacional-de-Al-fin-y-al-cabo-es-mi-vida.jpg\",\"width\":800,\"height\":1000},{\"@type\":\"BreadcrumbList\",\"@id\":\"https:\\\/\\\/sergiolapegue.com\\\/site\\\/2025\\\/10\\\/17\\\/gira-nacional-de-al-fin-y-al-cabo-es-mi-vida\\\/#breadcrumb\",\"itemListElement\":[{\"@type\":\"ListItem\",\"position\":1,\"name\":\"Inicio\",\"item\":\"https:\\\/\\\/sergiolapegue.com\\\/site\\\/\"},{\"@type\":\"ListItem\",\"position\":2,\"name\":\"GIRA NACIONAL DE \u201cAL FIN Y AL CABO ES MI VIDA\u201d\"}]},{\"@type\":\"WebSite\",\"@id\":\"https:\\\/\\\/sergiolapegue.com\\\/site\\\/#website\",\"url\":\"https:\\\/\\\/sergiolapegue.com\\\/site\\\/\",\"name\":\"Sergio Lapegue\",\"description\":\"Periodista\",\"publisher\":{\"@id\":\"https:\\\/\\\/sergiolapegue.com\\\/site\\\/#\\\/schema\\\/person\\\/083aeceeb0734cd166779ea6c0551a37\"},\"potentialAction\":[{\"@type\":\"SearchAction\",\"target\":{\"@type\":\"EntryPoint\",\"urlTemplate\":\"https:\\\/\\\/sergiolapegue.com\\\/site\\\/?s={search_term_string}\"},\"query-input\":{\"@type\":\"PropertyValueSpecification\",\"valueRequired\":true,\"valueName\":\"search_term_string\"}}],\"inLanguage\":\"es-AR\"},{\"@type\":[\"Person\",\"Organization\"],\"@id\":\"https:\\\/\\\/sergiolapegue.com\\\/site\\\/#\\\/schema\\\/person\\\/083aeceeb0734cd166779ea6c0551a37\",\"name\":\"Sergio Lapegue\",\"image\":{\"@type\":\"ImageObject\",\"inLanguage\":\"es-AR\",\"@id\":\"https:\\\/\\\/sergiolapegue.com\\\/site\\\/wp-content\\\/uploads\\\/2021\\\/04\\\/logo_header-1.png\",\"url\":\"https:\\\/\\\/sergiolapegue.com\\\/site\\\/wp-content\\\/uploads\\\/2021\\\/04\\\/logo_header-1.png\",\"contentUrl\":\"https:\\\/\\\/sergiolapegue.com\\\/site\\\/wp-content\\\/uploads\\\/2021\\\/04\\\/logo_header-1.png\",\"width\":272,\"height\":90,\"caption\":\"Sergio Lapegue\"},\"logo\":{\"@id\":\"https:\\\/\\\/sergiolapegue.com\\\/site\\\/wp-content\\\/uploads\\\/2021\\\/04\\\/logo_header-1.png\"},\"sameAs\":[\"https:\\\/\\\/facebook.com\\\/sergiolapegue\",\"https:\\\/\\\/instagram.com\\\/sergiolapegue\",\"https:\\\/\\\/x.com\\\/https:\\\/\\\/twitter.com\\\/sergiolapegue\"]},{\"@type\":\"Person\",\"@id\":\"https:\\\/\\\/sergiolapegue.com\\\/site\\\/#\\\/schema\\\/person\\\/9198e7dbab43c6d74d0fd5399af7c3cd\",\"name\":\"Daniel E. Monta\u00f1a\",\"image\":{\"@type\":\"ImageObject\",\"inLanguage\":\"es-AR\",\"@id\":\"https:\\\/\\\/sergiolapegue.com\\\/site\\\/wp-content\\\/uploads\\\/2021\\\/04\\\/sl_avatar_Daniel-150x150.jpg\",\"url\":\"https:\\\/\\\/sergiolapegue.com\\\/site\\\/wp-content\\\/uploads\\\/2021\\\/04\\\/sl_avatar_Daniel-150x150.jpg\",\"contentUrl\":\"https:\\\/\\\/sergiolapegue.com\\\/site\\\/wp-content\\\/uploads\\\/2021\\\/04\\\/sl_avatar_Daniel-150x150.jpg\",\"caption\":\"Daniel E. Monta\u00f1a\"},\"sameAs\":[\"https:\\\/\\\/facebook.com\\\/danielernesto.montana\",\"https:\\\/\\\/instagram.com\\\/daniel_montana1961\",\"https:\\\/\\\/x.com\\\/https:\\\/\\\/twitter.com\\\/daner_004\"],\"url\":\"https:\\\/\\\/sergiolapegue.com\\\/site\\\/author\\\/daniel\\\/\"}]}<\/script>\n<!-- \/ Yoast SEO plugin. -->","yoast_head_json":{"title":"GIRA NACIONAL DE \u201cAL FIN Y AL CABO ES MI VIDA\u201d - Sergio Lapegue","robots":{"index":"index","follow":"follow","max-snippet":"max-snippet:-1","max-image-preview":"max-image-preview:large","max-video-preview":"max-video-preview:-1"},"canonical":"https:\/\/sergiolapegue.com\/site\/2025\/10\/17\/gira-nacional-de-al-fin-y-al-cabo-es-mi-vida\/","og_locale":"es_ES","og_type":"article","og_title":"GIRA NACIONAL DE \u201cAL FIN Y AL CABO ES MI VIDA\u201d - Sergio Lapegue","og_description":"Silvia Kutika, Fabio Aste, Mirta Wons&nbsp;y un gran elenco salen de gira&nbsp;con la obra que ha conmovido al mundo entero.&nbsp;&#8220;Al fin y al cabo, es mi vida&#8221;, una poderosa pieza escrita por Brian Clark, nominada a cinco Premios Tony y galardonada con el prestigioso Premio Laurence Olivier a la Mejor Obra.&nbsp; &#8220;Al fin y al [&hellip;]","og_url":"https:\/\/sergiolapegue.com\/site\/2025\/10\/17\/gira-nacional-de-al-fin-y-al-cabo-es-mi-vida\/","og_site_name":"Sergio Lapegue","article_publisher":"https:\/\/facebook.com\/sergiolapegue","article_author":"https:\/\/facebook.com\/danielernesto.montana","article_published_time":"2025-10-17T04:00:00+00:00","og_image":[{"width":800,"height":1000,"url":"https:\/\/sergiolapegue.com\/site\/wp-content\/uploads\/2025\/10\/Gira-nacional-de-Al-fin-y-al-cabo-es-mi-vida.jpg","type":"image\/jpeg"}],"author":"Daniel E. Monta\u00f1a","twitter_card":"summary_large_image","twitter_creator":"@https:\/\/twitter.com\/daner_004","twitter_site":"@sergiolapegue","twitter_misc":{"Escrito por":"Daniel E. Monta\u00f1a","Tiempo de lectura":"4 minutos"},"schema":{"@context":"https:\/\/schema.org","@graph":[{"@type":"Article","@id":"https:\/\/sergiolapegue.com\/site\/2025\/10\/17\/gira-nacional-de-al-fin-y-al-cabo-es-mi-vida\/#article","isPartOf":{"@id":"https:\/\/sergiolapegue.com\/site\/2025\/10\/17\/gira-nacional-de-al-fin-y-al-cabo-es-mi-vida\/"},"author":{"name":"Daniel E. Monta\u00f1a","@id":"https:\/\/sergiolapegue.com\/site\/#\/schema\/person\/9198e7dbab43c6d74d0fd5399af7c3cd"},"headline":"GIRA NACIONAL DE \u201cAL FIN Y AL CABO ES MI VIDA\u201d","datePublished":"2025-10-17T04:00:00+00:00","mainEntityOfPage":{"@id":"https:\/\/sergiolapegue.com\/site\/2025\/10\/17\/gira-nacional-de-al-fin-y-al-cabo-es-mi-vida\/"},"wordCount":554,"publisher":{"@id":"https:\/\/sergiolapegue.com\/site\/#\/schema\/person\/083aeceeb0734cd166779ea6c0551a37"},"image":{"@id":"https:\/\/sergiolapegue.com\/site\/2025\/10\/17\/gira-nacional-de-al-fin-y-al-cabo-es-mi-vida\/#primaryimage"},"thumbnailUrl":"https:\/\/sergiolapegue.com\/site\/wp-content\/uploads\/2025\/10\/Gira-nacional-de-Al-fin-y-al-cabo-es-mi-vida.jpg","articleSection":["Arte","Teatro"],"inLanguage":"es-AR"},{"@type":"WebPage","@id":"https:\/\/sergiolapegue.com\/site\/2025\/10\/17\/gira-nacional-de-al-fin-y-al-cabo-es-mi-vida\/","url":"https:\/\/sergiolapegue.com\/site\/2025\/10\/17\/gira-nacional-de-al-fin-y-al-cabo-es-mi-vida\/","name":"GIRA NACIONAL DE \u201cAL FIN Y AL CABO ES MI VIDA\u201d - Sergio Lapegue","isPartOf":{"@id":"https:\/\/sergiolapegue.com\/site\/#website"},"primaryImageOfPage":{"@id":"https:\/\/sergiolapegue.com\/site\/2025\/10\/17\/gira-nacional-de-al-fin-y-al-cabo-es-mi-vida\/#primaryimage"},"image":{"@id":"https:\/\/sergiolapegue.com\/site\/2025\/10\/17\/gira-nacional-de-al-fin-y-al-cabo-es-mi-vida\/#primaryimage"},"thumbnailUrl":"https:\/\/sergiolapegue.com\/site\/wp-content\/uploads\/2025\/10\/Gira-nacional-de-Al-fin-y-al-cabo-es-mi-vida.jpg","datePublished":"2025-10-17T04:00:00+00:00","breadcrumb":{"@id":"https:\/\/sergiolapegue.com\/site\/2025\/10\/17\/gira-nacional-de-al-fin-y-al-cabo-es-mi-vida\/#breadcrumb"},"inLanguage":"es-AR","potentialAction":[{"@type":"ReadAction","target":["https:\/\/sergiolapegue.com\/site\/2025\/10\/17\/gira-nacional-de-al-fin-y-al-cabo-es-mi-vida\/"]}]},{"@type":"ImageObject","inLanguage":"es-AR","@id":"https:\/\/sergiolapegue.com\/site\/2025\/10\/17\/gira-nacional-de-al-fin-y-al-cabo-es-mi-vida\/#primaryimage","url":"https:\/\/sergiolapegue.com\/site\/wp-content\/uploads\/2025\/10\/Gira-nacional-de-Al-fin-y-al-cabo-es-mi-vida.jpg","contentUrl":"https:\/\/sergiolapegue.com\/site\/wp-content\/uploads\/2025\/10\/Gira-nacional-de-Al-fin-y-al-cabo-es-mi-vida.jpg","width":800,"height":1000},{"@type":"BreadcrumbList","@id":"https:\/\/sergiolapegue.com\/site\/2025\/10\/17\/gira-nacional-de-al-fin-y-al-cabo-es-mi-vida\/#breadcrumb","itemListElement":[{"@type":"ListItem","position":1,"name":"Inicio","item":"https:\/\/sergiolapegue.com\/site\/"},{"@type":"ListItem","position":2,"name":"GIRA NACIONAL DE \u201cAL FIN Y AL CABO ES MI VIDA\u201d"}]},{"@type":"WebSite","@id":"https:\/\/sergiolapegue.com\/site\/#website","url":"https:\/\/sergiolapegue.com\/site\/","name":"Sergio Lapegue","description":"Periodista","publisher":{"@id":"https:\/\/sergiolapegue.com\/site\/#\/schema\/person\/083aeceeb0734cd166779ea6c0551a37"},"potentialAction":[{"@type":"SearchAction","target":{"@type":"EntryPoint","urlTemplate":"https:\/\/sergiolapegue.com\/site\/?s={search_term_string}"},"query-input":{"@type":"PropertyValueSpecification","valueRequired":true,"valueName":"search_term_string"}}],"inLanguage":"es-AR"},{"@type":["Person","Organization"],"@id":"https:\/\/sergiolapegue.com\/site\/#\/schema\/person\/083aeceeb0734cd166779ea6c0551a37","name":"Sergio Lapegue","image":{"@type":"ImageObject","inLanguage":"es-AR","@id":"https:\/\/sergiolapegue.com\/site\/wp-content\/uploads\/2021\/04\/logo_header-1.png","url":"https:\/\/sergiolapegue.com\/site\/wp-content\/uploads\/2021\/04\/logo_header-1.png","contentUrl":"https:\/\/sergiolapegue.com\/site\/wp-content\/uploads\/2021\/04\/logo_header-1.png","width":272,"height":90,"caption":"Sergio Lapegue"},"logo":{"@id":"https:\/\/sergiolapegue.com\/site\/wp-content\/uploads\/2021\/04\/logo_header-1.png"},"sameAs":["https:\/\/facebook.com\/sergiolapegue","https:\/\/instagram.com\/sergiolapegue","https:\/\/x.com\/https:\/\/twitter.com\/sergiolapegue"]},{"@type":"Person","@id":"https:\/\/sergiolapegue.com\/site\/#\/schema\/person\/9198e7dbab43c6d74d0fd5399af7c3cd","name":"Daniel E. Monta\u00f1a","image":{"@type":"ImageObject","inLanguage":"es-AR","@id":"https:\/\/sergiolapegue.com\/site\/wp-content\/uploads\/2021\/04\/sl_avatar_Daniel-150x150.jpg","url":"https:\/\/sergiolapegue.com\/site\/wp-content\/uploads\/2021\/04\/sl_avatar_Daniel-150x150.jpg","contentUrl":"https:\/\/sergiolapegue.com\/site\/wp-content\/uploads\/2021\/04\/sl_avatar_Daniel-150x150.jpg","caption":"Daniel E. Monta\u00f1a"},"sameAs":["https:\/\/facebook.com\/danielernesto.montana","https:\/\/instagram.com\/daniel_montana1961","https:\/\/x.com\/https:\/\/twitter.com\/daner_004"],"url":"https:\/\/sergiolapegue.com\/site\/author\/daniel\/"}]}},"_links":{"self":[{"href":"https:\/\/sergiolapegue.com\/site\/wp-json\/wp\/v2\/posts\/26188","targetHints":{"allow":["GET"]}}],"collection":[{"href":"https:\/\/sergiolapegue.com\/site\/wp-json\/wp\/v2\/posts"}],"about":[{"href":"https:\/\/sergiolapegue.com\/site\/wp-json\/wp\/v2\/types\/post"}],"author":[{"embeddable":true,"href":"https:\/\/sergiolapegue.com\/site\/wp-json\/wp\/v2\/users\/3"}],"replies":[{"embeddable":true,"href":"https:\/\/sergiolapegue.com\/site\/wp-json\/wp\/v2\/comments?post=26188"}],"version-history":[{"count":1,"href":"https:\/\/sergiolapegue.com\/site\/wp-json\/wp\/v2\/posts\/26188\/revisions"}],"predecessor-version":[{"id":26194,"href":"https:\/\/sergiolapegue.com\/site\/wp-json\/wp\/v2\/posts\/26188\/revisions\/26194"}],"wp:featuredmedia":[{"embeddable":true,"href":"https:\/\/sergiolapegue.com\/site\/wp-json\/wp\/v2\/media\/26192"}],"wp:attachment":[{"href":"https:\/\/sergiolapegue.com\/site\/wp-json\/wp\/v2\/media?parent=26188"}],"wp:term":[{"taxonomy":"category","embeddable":true,"href":"https:\/\/sergiolapegue.com\/site\/wp-json\/wp\/v2\/categories?post=26188"},{"taxonomy":"post_tag","embeddable":true,"href":"https:\/\/sergiolapegue.com\/site\/wp-json\/wp\/v2\/tags?post=26188"}],"curies":[{"name":"wp","href":"https:\/\/api.w.org\/{rel}","templated":true}]}}