{"id":26129,"date":"2025-10-16T20:19:00","date_gmt":"2025-10-16T23:19:00","guid":{"rendered":"https:\/\/sergiolapegue.com\/site\/?p=26129"},"modified":"2025-10-13T18:22:12","modified_gmt":"2025-10-13T21:22:12","slug":"la-ciencia-advierte-la-luz-azul-altera-el-sueno-y-acelera-el-envejecimiento-celular","status":"publish","type":"post","link":"https:\/\/sergiolapegue.com\/site\/2025\/10\/16\/la-ciencia-advierte-la-luz-azul-altera-el-sueno-y-acelera-el-envejecimiento-celular\/","title":{"rendered":"La ciencia advierte: la luz azul altera el sue\u00f1o y acelera el envejecimiento celular"},"content":{"rendered":"\n<p>La exposici\u00f3n continua a la luz azul de pantallas, l\u00e1mparas LED y dispositivos electr\u00f3nicos est\u00e1 afectando nuestra salud m\u00e1s de lo que imaginamos. Estudios internacionales muestran que interfiere en la producci\u00f3n de melatonina, altera los ritmos circadianos y puede impactar en la calidad del sue\u00f1o, el sistema inmune y el envejecimiento celular.<\/p>\n\n\n\n<p><strong>Para contrarrestar estos efectos, especialistas recomiendan:<\/strong><\/p>\n\n\n\n<ul class=\"wp-block-list\">\n<li><strong>Anteojos blueblockers<\/strong>, que bloquean la luz azul en horarios nocturnos.<br><\/li>\n\n\n\n<li><strong>Exposici\u00f3n controlada a luz roja e infrarroja<\/strong>, que promueve la regeneraci\u00f3n celular y el descanso.<br><\/li>\n\n\n\n<li><strong>Ajustar rutinas de exposici\u00f3n solar<\/strong>, sobre todo a primera hora del d\u00eda, para sincronizar el reloj biol\u00f3gico.<\/li>\n<\/ul>\n\n\n\n<figure class=\"wp-block-image size-large\"><img loading=\"lazy\" decoding=\"async\" width=\"683\" height=\"1024\" src=\"https:\/\/sergiolapegue.com\/site\/wp-content\/uploads\/2025\/10\/DSC_0593-683x1024.jpg\" alt=\"\" class=\"wp-image-26131\" srcset=\"https:\/\/sergiolapegue.com\/site\/wp-content\/uploads\/2025\/10\/DSC_0593-683x1024.jpg 683w, https:\/\/sergiolapegue.com\/site\/wp-content\/uploads\/2025\/10\/DSC_0593-200x300.jpg 200w, https:\/\/sergiolapegue.com\/site\/wp-content\/uploads\/2025\/10\/DSC_0593-768x1152.jpg 768w, https:\/\/sergiolapegue.com\/site\/wp-content\/uploads\/2025\/10\/DSC_0593-1024x1536.jpg 1024w, https:\/\/sergiolapegue.com\/site\/wp-content\/uploads\/2025\/10\/DSC_0593-1365x2048.jpg 1365w, https:\/\/sergiolapegue.com\/site\/wp-content\/uploads\/2025\/10\/DSC_0593-280x420.jpg 280w, https:\/\/sergiolapegue.com\/site\/wp-content\/uploads\/2025\/10\/DSC_0593-696x1044.jpg 696w, https:\/\/sergiolapegue.com\/site\/wp-content\/uploads\/2025\/10\/DSC_0593-1068x1602.jpg 1068w, https:\/\/sergiolapegue.com\/site\/wp-content\/uploads\/2025\/10\/DSC_0593-1920x2880.jpg 1920w, https:\/\/sergiolapegue.com\/site\/wp-content\/uploads\/2025\/10\/DSC_0593-scaled.jpg 1707w\" sizes=\"auto, (max-width: 683px) 100vw, 683px\" \/><\/figure>\n\n\n\n<p>\u201c<em>No se trata de demonizar la tecnolog\u00eda, sino de aprender a usarla a favor de nuestra biolog\u00eda. Peque\u00f1os cambios de h\u00e1bito generan un gran impacto en nuestra calidad de vida<\/em>\u201d, explic\u00f3 el&nbsp;<strong>Dr. Marcos Apud, Psic\u00f3logo, biohacker y wellness coach argentino.&nbsp;&nbsp;&nbsp;<\/strong><\/p>\n\n\n\n<p><strong>M\u00e1s epigen\u00e9tica que gen\u00e9tica<\/strong><strong><br><\/strong><\/p>\n\n\n\n<p>La ciencia hoy sabe que la gen\u00e9tica apenas explica una parte de nuestra salud. \u201c<em>M\u00e1s del 90% de nuestro bienestar est\u00e1 influenciado por factores epigen\u00e9ticos: alimentaci\u00f3n, ejercicio, manejo del estr\u00e9s, pensamientos, v\u00ednculos y ambiente<\/em>.<em>&nbsp;Es decir, est\u00e1 en nuestras manos mejorar nuestra salud metab\u00f3lica y prevenir enfermedades cr\u00f3nicas<\/em>\u201d,&nbsp;<strong>explic\u00f3 el Dr. Fernando Santana, m\u00e9dico cirujano y referente en medicina antienvejecimiento y longevidad saludable.<\/strong><\/p>\n\n\n\n<figure class=\"wp-block-image size-large\"><img loading=\"lazy\" decoding=\"async\" width=\"1024\" height=\"683\" src=\"https:\/\/sergiolapegue.com\/site\/wp-content\/uploads\/2025\/10\/DSC_0778-1024x683.jpg\" alt=\"\" class=\"wp-image-26132\" srcset=\"https:\/\/sergiolapegue.com\/site\/wp-content\/uploads\/2025\/10\/DSC_0778-1024x683.jpg 1024w, https:\/\/sergiolapegue.com\/site\/wp-content\/uploads\/2025\/10\/DSC_0778-300x200.jpg 300w, https:\/\/sergiolapegue.com\/site\/wp-content\/uploads\/2025\/10\/DSC_0778-768x512.jpg 768w, https:\/\/sergiolapegue.com\/site\/wp-content\/uploads\/2025\/10\/DSC_0778-1536x1024.jpg 1536w, https:\/\/sergiolapegue.com\/site\/wp-content\/uploads\/2025\/10\/DSC_0778-2048x1365.jpg 2048w, https:\/\/sergiolapegue.com\/site\/wp-content\/uploads\/2025\/10\/DSC_0778-630x420.jpg 630w, https:\/\/sergiolapegue.com\/site\/wp-content\/uploads\/2025\/10\/DSC_0778-696x464.jpg 696w, https:\/\/sergiolapegue.com\/site\/wp-content\/uploads\/2025\/10\/DSC_0778-1068x712.jpg 1068w, https:\/\/sergiolapegue.com\/site\/wp-content\/uploads\/2025\/10\/DSC_0778-1920x1280.jpg 1920w\" sizes=\"auto, (max-width: 1024px) 100vw, 1024px\" \/><\/figure>\n\n\n\n<p><strong>El futuro ya est\u00e1 en debate<\/strong><\/p>\n\n\n\n<p>Estas tendencias son parte del debate global sobre longevidad. En la Argentina, tuvieron un lugar central en el\u00a0<strong>Forever Young Longevity Summit<\/strong>, que reuni\u00f3 en\u00a0<strong>Jun\u00edn<\/strong>\u00a0&#8211; provincia de Buenos Aires- a referentes internacionales en medicina preventiva, neurociencia y nutrici\u00f3n que compartieron durante 3 d\u00edas avances\u00a0 cient\u00edficos y pr\u00e1cticas en prevenci\u00f3n y longevidad.<br><br>\u201c<em>Nuestro objetivo es acercar la ciencia al d\u00eda a d\u00eda de las personas, con herramientas pr\u00e1cticas y accesibles para vivir mejor<\/em>\u201d, se\u00f1al\u00f3\u00a0<strong>Eduardo Dimarco, fundador del encuentro Forever Young<\/strong>.<\/p>\n\n\n\n<figure class=\"wp-block-image size-large\"><img loading=\"lazy\" decoding=\"async\" width=\"1024\" height=\"683\" src=\"https:\/\/sergiolapegue.com\/site\/wp-content\/uploads\/2025\/10\/DSC_0672-1024x683.jpg\" alt=\"\" class=\"wp-image-26130\" srcset=\"https:\/\/sergiolapegue.com\/site\/wp-content\/uploads\/2025\/10\/DSC_0672-1024x683.jpg 1024w, https:\/\/sergiolapegue.com\/site\/wp-content\/uploads\/2025\/10\/DSC_0672-300x200.jpg 300w, https:\/\/sergiolapegue.com\/site\/wp-content\/uploads\/2025\/10\/DSC_0672-768x512.jpg 768w, https:\/\/sergiolapegue.com\/site\/wp-content\/uploads\/2025\/10\/DSC_0672-1536x1024.jpg 1536w, https:\/\/sergiolapegue.com\/site\/wp-content\/uploads\/2025\/10\/DSC_0672-2048x1365.jpg 2048w, https:\/\/sergiolapegue.com\/site\/wp-content\/uploads\/2025\/10\/DSC_0672-630x420.jpg 630w, https:\/\/sergiolapegue.com\/site\/wp-content\/uploads\/2025\/10\/DSC_0672-696x464.jpg 696w, https:\/\/sergiolapegue.com\/site\/wp-content\/uploads\/2025\/10\/DSC_0672-1068x712.jpg 1068w, https:\/\/sergiolapegue.com\/site\/wp-content\/uploads\/2025\/10\/DSC_0672-1920x1280.jpg 1920w\" sizes=\"auto, (max-width: 1024px) 100vw, 1024px\" \/><\/figure>\n","protected":false},"excerpt":{"rendered":"<p>La exposici\u00f3n continua a la luz azul de pantallas, l\u00e1mparas LED y dispositivos electr\u00f3nicos est\u00e1 afectando nuestra salud m\u00e1s de lo que imaginamos. Estudios internacionales muestran que interfiere en la producci\u00f3n de melatonina, altera los ritmos circadianos y puede impactar en la calidad del sue\u00f1o, el sistema inmune y el envejecimiento celular. Para contrarrestar estos [&hellip;]<\/p>\n","protected":false},"author":4,"featured_media":26133,"comment_status":"closed","ping_status":"closed","sticky":false,"template":"","format":"standard","meta":{"footnotes":""},"categories":[38],"tags":[4092,394,802,1816,1981,2684,3501,4546,273],"class_list":{"0":"post-26129","1":"post","2":"type-post","3":"status-publish","4":"format-standard","5":"has-post-thumbnail","7":"category-actualidad","8":"tag-azul","9":"tag-celular","10":"tag-ciencia","11":"tag-envejecer","12":"tag-exposicion","13":"tag-lamparas","14":"tag-luz","15":"tag-pantallas","16":"tag-sueno"},"yoast_head":"<!-- This site is optimized with the Yoast SEO plugin v27.5 - https:\/\/yoast.com\/product\/yoast-seo-wordpress\/ -->\n<title>La ciencia advierte: la luz azul altera el sue\u00f1o y acelera el envejecimiento celular - Sergio Lapegue<\/title>\n<meta name=\"robots\" content=\"index, follow, max-snippet:-1, max-image-preview:large, max-video-preview:-1\" \/>\n<link rel=\"canonical\" href=\"https:\/\/sergiolapegue.com\/site\/2025\/10\/16\/la-ciencia-advierte-la-luz-azul-altera-el-sueno-y-acelera-el-envejecimiento-celular\/\" \/>\n<meta property=\"og:locale\" content=\"es_ES\" \/>\n<meta property=\"og:type\" content=\"article\" \/>\n<meta property=\"og:title\" content=\"La ciencia advierte: la luz azul altera el sue\u00f1o y acelera el envejecimiento celular - Sergio Lapegue\" \/>\n<meta property=\"og:description\" content=\"La exposici\u00f3n continua a la luz azul de pantallas, l\u00e1mparas LED y dispositivos electr\u00f3nicos est\u00e1 afectando nuestra salud m\u00e1s de lo que imaginamos. Estudios internacionales muestran que interfiere en la producci\u00f3n de melatonina, altera los ritmos circadianos y puede impactar en la calidad del sue\u00f1o, el sistema inmune y el envejecimiento celular. Para contrarrestar estos [&hellip;]\" \/>\n<meta property=\"og:url\" content=\"https:\/\/sergiolapegue.com\/site\/2025\/10\/16\/la-ciencia-advierte-la-luz-azul-altera-el-sueno-y-acelera-el-envejecimiento-celular\/\" \/>\n<meta property=\"og:site_name\" content=\"Sergio Lapegue\" \/>\n<meta property=\"article:publisher\" content=\"https:\/\/facebook.com\/sergiolapegue\" \/>\n<meta property=\"article:published_time\" content=\"2025-10-16T23:19:00+00:00\" \/>\n<meta property=\"og:image\" content=\"https:\/\/sergiolapegue.com\/site\/wp-content\/uploads\/2025\/10\/DSC_0664-scaled.jpg\" \/>\n\t<meta property=\"og:image:width\" content=\"2560\" \/>\n\t<meta property=\"og:image:height\" content=\"1551\" \/>\n\t<meta property=\"og:image:type\" content=\"image\/jpeg\" \/>\n<meta name=\"author\" content=\"Leonardo Monta\u00f1a\" \/>\n<meta name=\"twitter:card\" content=\"summary_large_image\" \/>\n<meta name=\"twitter:creator\" content=\"@https:\/\/twitter.com\/soytoto81\" \/>\n<meta name=\"twitter:site\" content=\"@sergiolapegue\" \/>\n<meta name=\"twitter:label1\" content=\"Escrito por\" \/>\n\t<meta name=\"twitter:data1\" content=\"Leonardo Monta\u00f1a\" \/>\n\t<meta name=\"twitter:label2\" content=\"Tiempo de lectura\" \/>\n\t<meta name=\"twitter:data2\" content=\"3 minutos\" \/>\n<script type=\"application\/ld+json\" class=\"yoast-schema-graph\">{\"@context\":\"https:\\\/\\\/schema.org\",\"@graph\":[{\"@type\":\"Article\",\"@id\":\"https:\\\/\\\/sergiolapegue.com\\\/site\\\/2025\\\/10\\\/16\\\/la-ciencia-advierte-la-luz-azul-altera-el-sueno-y-acelera-el-envejecimiento-celular\\\/#article\",\"isPartOf\":{\"@id\":\"https:\\\/\\\/sergiolapegue.com\\\/site\\\/2025\\\/10\\\/16\\\/la-ciencia-advierte-la-luz-azul-altera-el-sueno-y-acelera-el-envejecimiento-celular\\\/\"},\"author\":{\"name\":\"Leonardo Monta\u00f1a\",\"@id\":\"https:\\\/\\\/sergiolapegue.com\\\/site\\\/#\\\/schema\\\/person\\\/00adf937d010c7f79a180dc4916a40e0\"},\"headline\":\"La ciencia advierte: la luz azul altera el sue\u00f1o y acelera el envejecimiento celular\",\"datePublished\":\"2025-10-16T23:19:00+00:00\",\"mainEntityOfPage\":{\"@id\":\"https:\\\/\\\/sergiolapegue.com\\\/site\\\/2025\\\/10\\\/16\\\/la-ciencia-advierte-la-luz-azul-altera-el-sueno-y-acelera-el-envejecimiento-celular\\\/\"},\"wordCount\":353,\"publisher\":{\"@id\":\"https:\\\/\\\/sergiolapegue.com\\\/site\\\/#\\\/schema\\\/person\\\/083aeceeb0734cd166779ea6c0551a37\"},\"image\":{\"@id\":\"https:\\\/\\\/sergiolapegue.com\\\/site\\\/2025\\\/10\\\/16\\\/la-ciencia-advierte-la-luz-azul-altera-el-sueno-y-acelera-el-envejecimiento-celular\\\/#primaryimage\"},\"thumbnailUrl\":\"https:\\\/\\\/sergiolapegue.com\\\/site\\\/wp-content\\\/uploads\\\/2025\\\/10\\\/DSC_0664-scaled.jpg\",\"keywords\":[\"azul\",\"celular\",\"ciencia\",\"envejecer\",\"exposicion\",\"lamparas\",\"luz\",\"pantallas\",\"sue\u00f1o\"],\"articleSection\":[\"Actualidad\"],\"inLanguage\":\"es-AR\"},{\"@type\":\"WebPage\",\"@id\":\"https:\\\/\\\/sergiolapegue.com\\\/site\\\/2025\\\/10\\\/16\\\/la-ciencia-advierte-la-luz-azul-altera-el-sueno-y-acelera-el-envejecimiento-celular\\\/\",\"url\":\"https:\\\/\\\/sergiolapegue.com\\\/site\\\/2025\\\/10\\\/16\\\/la-ciencia-advierte-la-luz-azul-altera-el-sueno-y-acelera-el-envejecimiento-celular\\\/\",\"name\":\"La ciencia advierte: la luz azul altera el sue\u00f1o y acelera el envejecimiento celular - Sergio Lapegue\",\"isPartOf\":{\"@id\":\"https:\\\/\\\/sergiolapegue.com\\\/site\\\/#website\"},\"primaryImageOfPage\":{\"@id\":\"https:\\\/\\\/sergiolapegue.com\\\/site\\\/2025\\\/10\\\/16\\\/la-ciencia-advierte-la-luz-azul-altera-el-sueno-y-acelera-el-envejecimiento-celular\\\/#primaryimage\"},\"image\":{\"@id\":\"https:\\\/\\\/sergiolapegue.com\\\/site\\\/2025\\\/10\\\/16\\\/la-ciencia-advierte-la-luz-azul-altera-el-sueno-y-acelera-el-envejecimiento-celular\\\/#primaryimage\"},\"thumbnailUrl\":\"https:\\\/\\\/sergiolapegue.com\\\/site\\\/wp-content\\\/uploads\\\/2025\\\/10\\\/DSC_0664-scaled.jpg\",\"datePublished\":\"2025-10-16T23:19:00+00:00\",\"breadcrumb\":{\"@id\":\"https:\\\/\\\/sergiolapegue.com\\\/site\\\/2025\\\/10\\\/16\\\/la-ciencia-advierte-la-luz-azul-altera-el-sueno-y-acelera-el-envejecimiento-celular\\\/#breadcrumb\"},\"inLanguage\":\"es-AR\",\"potentialAction\":[{\"@type\":\"ReadAction\",\"target\":[\"https:\\\/\\\/sergiolapegue.com\\\/site\\\/2025\\\/10\\\/16\\\/la-ciencia-advierte-la-luz-azul-altera-el-sueno-y-acelera-el-envejecimiento-celular\\\/\"]}]},{\"@type\":\"ImageObject\",\"inLanguage\":\"es-AR\",\"@id\":\"https:\\\/\\\/sergiolapegue.com\\\/site\\\/2025\\\/10\\\/16\\\/la-ciencia-advierte-la-luz-azul-altera-el-sueno-y-acelera-el-envejecimiento-celular\\\/#primaryimage\",\"url\":\"https:\\\/\\\/sergiolapegue.com\\\/site\\\/wp-content\\\/uploads\\\/2025\\\/10\\\/DSC_0664-scaled.jpg\",\"contentUrl\":\"https:\\\/\\\/sergiolapegue.com\\\/site\\\/wp-content\\\/uploads\\\/2025\\\/10\\\/DSC_0664-scaled.jpg\",\"width\":2560,\"height\":1551},{\"@type\":\"BreadcrumbList\",\"@id\":\"https:\\\/\\\/sergiolapegue.com\\\/site\\\/2025\\\/10\\\/16\\\/la-ciencia-advierte-la-luz-azul-altera-el-sueno-y-acelera-el-envejecimiento-celular\\\/#breadcrumb\",\"itemListElement\":[{\"@type\":\"ListItem\",\"position\":1,\"name\":\"Inicio\",\"item\":\"https:\\\/\\\/sergiolapegue.com\\\/site\\\/\"},{\"@type\":\"ListItem\",\"position\":2,\"name\":\"La ciencia advierte: la luz azul altera el sue\u00f1o y acelera el envejecimiento celular\"}]},{\"@type\":\"WebSite\",\"@id\":\"https:\\\/\\\/sergiolapegue.com\\\/site\\\/#website\",\"url\":\"https:\\\/\\\/sergiolapegue.com\\\/site\\\/\",\"name\":\"Sergio Lapegue\",\"description\":\"Periodista\",\"publisher\":{\"@id\":\"https:\\\/\\\/sergiolapegue.com\\\/site\\\/#\\\/schema\\\/person\\\/083aeceeb0734cd166779ea6c0551a37\"},\"potentialAction\":[{\"@type\":\"SearchAction\",\"target\":{\"@type\":\"EntryPoint\",\"urlTemplate\":\"https:\\\/\\\/sergiolapegue.com\\\/site\\\/?s={search_term_string}\"},\"query-input\":{\"@type\":\"PropertyValueSpecification\",\"valueRequired\":true,\"valueName\":\"search_term_string\"}}],\"inLanguage\":\"es-AR\"},{\"@type\":[\"Person\",\"Organization\"],\"@id\":\"https:\\\/\\\/sergiolapegue.com\\\/site\\\/#\\\/schema\\\/person\\\/083aeceeb0734cd166779ea6c0551a37\",\"name\":\"Sergio Lapegue\",\"image\":{\"@type\":\"ImageObject\",\"inLanguage\":\"es-AR\",\"@id\":\"https:\\\/\\\/sergiolapegue.com\\\/site\\\/wp-content\\\/uploads\\\/2021\\\/04\\\/logo_header-1.png\",\"url\":\"https:\\\/\\\/sergiolapegue.com\\\/site\\\/wp-content\\\/uploads\\\/2021\\\/04\\\/logo_header-1.png\",\"contentUrl\":\"https:\\\/\\\/sergiolapegue.com\\\/site\\\/wp-content\\\/uploads\\\/2021\\\/04\\\/logo_header-1.png\",\"width\":272,\"height\":90,\"caption\":\"Sergio Lapegue\"},\"logo\":{\"@id\":\"https:\\\/\\\/sergiolapegue.com\\\/site\\\/wp-content\\\/uploads\\\/2021\\\/04\\\/logo_header-1.png\"},\"sameAs\":[\"https:\\\/\\\/facebook.com\\\/sergiolapegue\",\"https:\\\/\\\/instagram.com\\\/sergiolapegue\",\"https:\\\/\\\/x.com\\\/https:\\\/\\\/twitter.com\\\/sergiolapegue\"]},{\"@type\":\"Person\",\"@id\":\"https:\\\/\\\/sergiolapegue.com\\\/site\\\/#\\\/schema\\\/person\\\/00adf937d010c7f79a180dc4916a40e0\",\"name\":\"Leonardo Monta\u00f1a\",\"image\":{\"@type\":\"ImageObject\",\"inLanguage\":\"es-AR\",\"@id\":\"https:\\\/\\\/sergiolapegue.com\\\/site\\\/wp-content\\\/uploads\\\/2021\\\/04\\\/sl_avatar_Leonardo-150x150.jpg\",\"url\":\"https:\\\/\\\/sergiolapegue.com\\\/site\\\/wp-content\\\/uploads\\\/2021\\\/04\\\/sl_avatar_Leonardo-150x150.jpg\",\"contentUrl\":\"https:\\\/\\\/sergiolapegue.com\\\/site\\\/wp-content\\\/uploads\\\/2021\\\/04\\\/sl_avatar_Leonardo-150x150.jpg\",\"caption\":\"Leonardo Monta\u00f1a\"},\"sameAs\":[\"https:\\\/\\\/x.com\\\/https:\\\/\\\/twitter.com\\\/soytoto81\"],\"url\":\"https:\\\/\\\/sergiolapegue.com\\\/site\\\/author\\\/leonardo\\\/\"}]}<\/script>\n<!-- \/ Yoast SEO plugin. -->","yoast_head_json":{"title":"La ciencia advierte: la luz azul altera el sue\u00f1o y acelera el envejecimiento celular - Sergio Lapegue","robots":{"index":"index","follow":"follow","max-snippet":"max-snippet:-1","max-image-preview":"max-image-preview:large","max-video-preview":"max-video-preview:-1"},"canonical":"https:\/\/sergiolapegue.com\/site\/2025\/10\/16\/la-ciencia-advierte-la-luz-azul-altera-el-sueno-y-acelera-el-envejecimiento-celular\/","og_locale":"es_ES","og_type":"article","og_title":"La ciencia advierte: la luz azul altera el sue\u00f1o y acelera el envejecimiento celular - Sergio Lapegue","og_description":"La exposici\u00f3n continua a la luz azul de pantallas, l\u00e1mparas LED y dispositivos electr\u00f3nicos est\u00e1 afectando nuestra salud m\u00e1s de lo que imaginamos. Estudios internacionales muestran que interfiere en la producci\u00f3n de melatonina, altera los ritmos circadianos y puede impactar en la calidad del sue\u00f1o, el sistema inmune y el envejecimiento celular. Para contrarrestar estos [&hellip;]","og_url":"https:\/\/sergiolapegue.com\/site\/2025\/10\/16\/la-ciencia-advierte-la-luz-azul-altera-el-sueno-y-acelera-el-envejecimiento-celular\/","og_site_name":"Sergio Lapegue","article_publisher":"https:\/\/facebook.com\/sergiolapegue","article_published_time":"2025-10-16T23:19:00+00:00","og_image":[{"width":2560,"height":1551,"url":"https:\/\/sergiolapegue.com\/site\/wp-content\/uploads\/2025\/10\/DSC_0664-scaled.jpg","type":"image\/jpeg"}],"author":"Leonardo Monta\u00f1a","twitter_card":"summary_large_image","twitter_creator":"@https:\/\/twitter.com\/soytoto81","twitter_site":"@sergiolapegue","twitter_misc":{"Escrito por":"Leonardo Monta\u00f1a","Tiempo de lectura":"3 minutos"},"schema":{"@context":"https:\/\/schema.org","@graph":[{"@type":"Article","@id":"https:\/\/sergiolapegue.com\/site\/2025\/10\/16\/la-ciencia-advierte-la-luz-azul-altera-el-sueno-y-acelera-el-envejecimiento-celular\/#article","isPartOf":{"@id":"https:\/\/sergiolapegue.com\/site\/2025\/10\/16\/la-ciencia-advierte-la-luz-azul-altera-el-sueno-y-acelera-el-envejecimiento-celular\/"},"author":{"name":"Leonardo Monta\u00f1a","@id":"https:\/\/sergiolapegue.com\/site\/#\/schema\/person\/00adf937d010c7f79a180dc4916a40e0"},"headline":"La ciencia advierte: la luz azul altera el sue\u00f1o y acelera el envejecimiento celular","datePublished":"2025-10-16T23:19:00+00:00","mainEntityOfPage":{"@id":"https:\/\/sergiolapegue.com\/site\/2025\/10\/16\/la-ciencia-advierte-la-luz-azul-altera-el-sueno-y-acelera-el-envejecimiento-celular\/"},"wordCount":353,"publisher":{"@id":"https:\/\/sergiolapegue.com\/site\/#\/schema\/person\/083aeceeb0734cd166779ea6c0551a37"},"image":{"@id":"https:\/\/sergiolapegue.com\/site\/2025\/10\/16\/la-ciencia-advierte-la-luz-azul-altera-el-sueno-y-acelera-el-envejecimiento-celular\/#primaryimage"},"thumbnailUrl":"https:\/\/sergiolapegue.com\/site\/wp-content\/uploads\/2025\/10\/DSC_0664-scaled.jpg","keywords":["azul","celular","ciencia","envejecer","exposicion","lamparas","luz","pantallas","sue\u00f1o"],"articleSection":["Actualidad"],"inLanguage":"es-AR"},{"@type":"WebPage","@id":"https:\/\/sergiolapegue.com\/site\/2025\/10\/16\/la-ciencia-advierte-la-luz-azul-altera-el-sueno-y-acelera-el-envejecimiento-celular\/","url":"https:\/\/sergiolapegue.com\/site\/2025\/10\/16\/la-ciencia-advierte-la-luz-azul-altera-el-sueno-y-acelera-el-envejecimiento-celular\/","name":"La ciencia advierte: la luz azul altera el sue\u00f1o y acelera el envejecimiento celular - Sergio Lapegue","isPartOf":{"@id":"https:\/\/sergiolapegue.com\/site\/#website"},"primaryImageOfPage":{"@id":"https:\/\/sergiolapegue.com\/site\/2025\/10\/16\/la-ciencia-advierte-la-luz-azul-altera-el-sueno-y-acelera-el-envejecimiento-celular\/#primaryimage"},"image":{"@id":"https:\/\/sergiolapegue.com\/site\/2025\/10\/16\/la-ciencia-advierte-la-luz-azul-altera-el-sueno-y-acelera-el-envejecimiento-celular\/#primaryimage"},"thumbnailUrl":"https:\/\/sergiolapegue.com\/site\/wp-content\/uploads\/2025\/10\/DSC_0664-scaled.jpg","datePublished":"2025-10-16T23:19:00+00:00","breadcrumb":{"@id":"https:\/\/sergiolapegue.com\/site\/2025\/10\/16\/la-ciencia-advierte-la-luz-azul-altera-el-sueno-y-acelera-el-envejecimiento-celular\/#breadcrumb"},"inLanguage":"es-AR","potentialAction":[{"@type":"ReadAction","target":["https:\/\/sergiolapegue.com\/site\/2025\/10\/16\/la-ciencia-advierte-la-luz-azul-altera-el-sueno-y-acelera-el-envejecimiento-celular\/"]}]},{"@type":"ImageObject","inLanguage":"es-AR","@id":"https:\/\/sergiolapegue.com\/site\/2025\/10\/16\/la-ciencia-advierte-la-luz-azul-altera-el-sueno-y-acelera-el-envejecimiento-celular\/#primaryimage","url":"https:\/\/sergiolapegue.com\/site\/wp-content\/uploads\/2025\/10\/DSC_0664-scaled.jpg","contentUrl":"https:\/\/sergiolapegue.com\/site\/wp-content\/uploads\/2025\/10\/DSC_0664-scaled.jpg","width":2560,"height":1551},{"@type":"BreadcrumbList","@id":"https:\/\/sergiolapegue.com\/site\/2025\/10\/16\/la-ciencia-advierte-la-luz-azul-altera-el-sueno-y-acelera-el-envejecimiento-celular\/#breadcrumb","itemListElement":[{"@type":"ListItem","position":1,"name":"Inicio","item":"https:\/\/sergiolapegue.com\/site\/"},{"@type":"ListItem","position":2,"name":"La ciencia advierte: la luz azul altera el sue\u00f1o y acelera el envejecimiento celular"}]},{"@type":"WebSite","@id":"https:\/\/sergiolapegue.com\/site\/#website","url":"https:\/\/sergiolapegue.com\/site\/","name":"Sergio Lapegue","description":"Periodista","publisher":{"@id":"https:\/\/sergiolapegue.com\/site\/#\/schema\/person\/083aeceeb0734cd166779ea6c0551a37"},"potentialAction":[{"@type":"SearchAction","target":{"@type":"EntryPoint","urlTemplate":"https:\/\/sergiolapegue.com\/site\/?s={search_term_string}"},"query-input":{"@type":"PropertyValueSpecification","valueRequired":true,"valueName":"search_term_string"}}],"inLanguage":"es-AR"},{"@type":["Person","Organization"],"@id":"https:\/\/sergiolapegue.com\/site\/#\/schema\/person\/083aeceeb0734cd166779ea6c0551a37","name":"Sergio Lapegue","image":{"@type":"ImageObject","inLanguage":"es-AR","@id":"https:\/\/sergiolapegue.com\/site\/wp-content\/uploads\/2021\/04\/logo_header-1.png","url":"https:\/\/sergiolapegue.com\/site\/wp-content\/uploads\/2021\/04\/logo_header-1.png","contentUrl":"https:\/\/sergiolapegue.com\/site\/wp-content\/uploads\/2021\/04\/logo_header-1.png","width":272,"height":90,"caption":"Sergio Lapegue"},"logo":{"@id":"https:\/\/sergiolapegue.com\/site\/wp-content\/uploads\/2021\/04\/logo_header-1.png"},"sameAs":["https:\/\/facebook.com\/sergiolapegue","https:\/\/instagram.com\/sergiolapegue","https:\/\/x.com\/https:\/\/twitter.com\/sergiolapegue"]},{"@type":"Person","@id":"https:\/\/sergiolapegue.com\/site\/#\/schema\/person\/00adf937d010c7f79a180dc4916a40e0","name":"Leonardo Monta\u00f1a","image":{"@type":"ImageObject","inLanguage":"es-AR","@id":"https:\/\/sergiolapegue.com\/site\/wp-content\/uploads\/2021\/04\/sl_avatar_Leonardo-150x150.jpg","url":"https:\/\/sergiolapegue.com\/site\/wp-content\/uploads\/2021\/04\/sl_avatar_Leonardo-150x150.jpg","contentUrl":"https:\/\/sergiolapegue.com\/site\/wp-content\/uploads\/2021\/04\/sl_avatar_Leonardo-150x150.jpg","caption":"Leonardo Monta\u00f1a"},"sameAs":["https:\/\/x.com\/https:\/\/twitter.com\/soytoto81"],"url":"https:\/\/sergiolapegue.com\/site\/author\/leonardo\/"}]}},"_links":{"self":[{"href":"https:\/\/sergiolapegue.com\/site\/wp-json\/wp\/v2\/posts\/26129","targetHints":{"allow":["GET"]}}],"collection":[{"href":"https:\/\/sergiolapegue.com\/site\/wp-json\/wp\/v2\/posts"}],"about":[{"href":"https:\/\/sergiolapegue.com\/site\/wp-json\/wp\/v2\/types\/post"}],"author":[{"embeddable":true,"href":"https:\/\/sergiolapegue.com\/site\/wp-json\/wp\/v2\/users\/4"}],"replies":[{"embeddable":true,"href":"https:\/\/sergiolapegue.com\/site\/wp-json\/wp\/v2\/comments?post=26129"}],"version-history":[{"count":1,"href":"https:\/\/sergiolapegue.com\/site\/wp-json\/wp\/v2\/posts\/26129\/revisions"}],"predecessor-version":[{"id":26134,"href":"https:\/\/sergiolapegue.com\/site\/wp-json\/wp\/v2\/posts\/26129\/revisions\/26134"}],"wp:featuredmedia":[{"embeddable":true,"href":"https:\/\/sergiolapegue.com\/site\/wp-json\/wp\/v2\/media\/26133"}],"wp:attachment":[{"href":"https:\/\/sergiolapegue.com\/site\/wp-json\/wp\/v2\/media?parent=26129"}],"wp:term":[{"taxonomy":"category","embeddable":true,"href":"https:\/\/sergiolapegue.com\/site\/wp-json\/wp\/v2\/categories?post=26129"},{"taxonomy":"post_tag","embeddable":true,"href":"https:\/\/sergiolapegue.com\/site\/wp-json\/wp\/v2\/tags?post=26129"}],"curies":[{"name":"wp","href":"https:\/\/api.w.org\/{rel}","templated":true}]}}