{"id":26126,"date":"2025-10-16T13:00:00","date_gmt":"2025-10-16T16:00:00","guid":{"rendered":"https:\/\/sergiolapegue.com\/site\/?p=26126"},"modified":"2025-10-16T04:51:38","modified_gmt":"2025-10-16T07:51:38","slug":"festival-della-musica-italiana-viii-edicion-2025-2","status":"publish","type":"post","link":"https:\/\/sergiolapegue.com\/site\/2025\/10\/16\/festival-della-musica-italiana-viii-edicion-2025-2\/","title":{"rendered":"FESTIVAL DELLA M\u00daSICA ITALIANA &#8211; VIII EDICI\u00d3N 2025"},"content":{"rendered":"\n<p>Participaci\u00f3n r\u00e9cord<\/p>\n\n\n\n<p>Festival de la M\u00fasica Italiana: Argentina eligi\u00f3 la voz que representar\u00e1 al pa\u00eds en Roma<\/p>\n\n\n\n<p>En una gala de nivel internacional, Agustina Ferreyra se consagr\u00f3 como ganadora de la octava edici\u00f3n del festival y viajar\u00e1 a Roma para representar al pa\u00eds ante el mundo.<\/p>\n\n\n\n<figure class=\"wp-block-image\"><img decoding=\"async\" src=\"https:\/\/ci3.googleusercontent.com\/meips\/ADKq_NZDX8gyGUmxV_VoBx64R92Pw3sCssmoZpxjmGTJoh4MMvyDrGmbYktO4C4wCFTkMiuVZvB9lANHw4cQAna-83It_33hyvOH9jbK_lMCS67YjakWCDolL7MtCz0pzRdo9uxZ=s0-d-e1-ft#https:\/\/mncomunicacion.com.ar\/wp-content\/uploads\/2025\/10\/Gala-2-1024x637.jpg\" alt=\"\" \/><\/figure>\n\n\n\n<p>La ciudad de La Plata fue sede de la octava edici\u00f3n del Festival de la M\u00fasica Italiana, que tuvo su jornada final este s\u00e1bado en el Teatro Metro de la capital bonaerense y cont\u00f3 con la participaci\u00f3n de artistas de todo el pa\u00eds.<\/p>\n\n\n\n<figure class=\"wp-block-image\"><img decoding=\"async\" src=\"https:\/\/ci3.googleusercontent.com\/meips\/ADKq_Nbnm0iBsjS4vlrq3XiNO60DNCp3m2Xvfbv11FfioUAmJP79FRq0dNbsosOIIIxCzP2sK-q-PS99uWAoJiCrTLfReXJscizeicOlNJbh_CvxLVyFB_Bk2xCjVaBukNJxoOzp=s0-d-e1-ft#https:\/\/mncomunicacion.com.ar\/wp-content\/uploads\/2025\/10\/Gala-6-1024x568.jpg\" alt=\"\" \/><\/figure>\n\n\n\n<p>Con un r\u00e9cord de 128 inscriptos de las distintas provincias argentinas, Agustina Ferreyra se convirti\u00f3 en la ganadora de esta temporada y viajar\u00e1 a Italia en mayo de 2026, con todos los gastos pagos, para presentarse como artista central en el espect\u00e1culo \u201cItalia Argentina Canta in Festival\u201d. Adem\u00e1s, se presentar\u00e1 en el Parlamento Italiano y encabezar\u00e1 distintas actividades culturales.<\/p>\n\n\n\n<p>Ferreyra -artista oriunda de la Ciudad Aut\u00f3noma de Buenos Aires- cerr\u00f3 la gala final con una emotiva presentaci\u00f3n de \u201cGrande amore\u201d, la popular canci\u00f3n interpretada por el tr\u00edo musical \u201cil volo\u201d.<\/p>\n\n\n\n<figure class=\"wp-block-image\"><img decoding=\"async\" src=\"https:\/\/ci3.googleusercontent.com\/meips\/ADKq_Nbg1t72leqH0LRI6wdh-HSlBxF5MA_VzC6rTGD7duR1hA5ABh8wQwQAAsHEqvZiweyIataxuhZ_lM8toDAYjDAc2Yavd3CscMYtWDuENGZVxDWlXX24nGXlI_ORHvXh6edY=s0-d-e1-ft#https:\/\/mncomunicacion.com.ar\/wp-content\/uploads\/2025\/10\/Gala-8-1024x683.jpg\" alt=\"\" \/><\/figure>\n\n\n\n<p>El segundo lugar fue para Morella Reol\u00f3n Oliva (C\u00f3rdoba), quien cant\u00f3 el cl\u00e1sico \u00abSempre\u00bb, una canci\u00f3n lanzada en 1998 e interpretada por la cantante italiana Lisa. Finalmente, el podio lo complet\u00f3 Gabriela Cozzarini (Berazategui) con su versi\u00f3n de \u00abArriver\u00e0 l\u2019amore\u00bb.&nbsp;<\/p>\n\n\n\n<figure class=\"wp-block-image\"><img decoding=\"async\" src=\"https:\/\/ci3.googleusercontent.com\/meips\/ADKq_NbqZacs9CPEpiKsww936TaRkeifvoPwm-nXIWo1WVmAziKrQlgsge1hQ2FI5Rn3aFdaDmgbYBtWYKc0_KsQkzZP52qwtHCQ-aMxluQHKHfkFFOG6l8NxWnqUEKcU7QQE63W=s0-d-e1-ft#https:\/\/mncomunicacion.com.ar\/wp-content\/uploads\/2025\/10\/Gala-7-1024x683.jpg\" alt=\"\" \/><\/figure>\n\n\n\n<p>En esta edici\u00f3n, el jurado estuvo presidido por&nbsp;Odino Faccia, cantante, artista y tres veces candidato oficial al Premio Nobel de la Paz, reconocido internacionalmente por m\u00e1s de 20 a\u00f1os de trabajo en favor de la convivencia, la inclusi\u00f3n social y la equidad.<\/p>\n\n\n\n<p>Tambi\u00e9n integraron el tribunal de la final&nbsp;Giorgio Luna, director musical del Festival de la M\u00fasica Italiana; y&nbsp;Maite Urbiztondo, ganadora en 2016.&nbsp;<\/p>\n\n\n\n<p>Entre los \u00e9xitos que sonaron durante la noche platense se encontraron \u201cAdaggio\u201d (Albinoni), \u201cL\u2019Italiano\u201d (Toto Cotugno), \u201cPara que todos sean uno\u201d (Papa Francisco), \u201cIl mare calmo della sera\u201d (Andrea Bocelli), \u201cInvece no\u201d (Laura Pausini), \u201cUn amore cos\u00ed grande\u201d (il volo), \u201cGuarda che luna\u201d (Milva), \u201cUn buon inizio\u201d (Laura Pausini), \u201cImmagina\u201d (Massimo Ranieri), \u201cO sole mio\u201d (Di Cap\u00faa y Mazzucchi), \u201cGira con me\u201d (Josh Groban), \u201cFino a Domani\u201d (Mina), \u201cArriver\u00e1 l\u2019amore\u201d (Emma Marrone), \u201cSere nere\u201d (Tiziano Ferro), \u201cSempre\u201d (Lisa), \u201cPaisaje\u201d (Franco Simone) y \u201cGrande amore\u201d (il volo).&nbsp;&nbsp;<\/p>\n\n\n\n<p>Este evento cultural, que se consolida como uno de los m\u00e1s importantes de la regi\u00f3n, fue organizado por el&nbsp;Agencia Coordinaci\u00f3n Territorial Italia \u2013 Argentina&nbsp;y ofreci\u00f3 una puesta en escena de nivel internacional inspirada en el Festival de la Canci\u00f3n de San Remo bajo el objetivo de mantener vivo el v\u00ednculo con la tradici\u00f3n musical \u00edtalo-argentina.<\/p>\n\n\n\n<p>Finalmente, el director General de la Agencia, Nicol\u00e1s Moretti, concluy\u00f3: \u00abEn tiempos de crisis como el que estamos atravesando, la m\u00fasica se convierte en nuestro refugio y nos eleva el alma, llen\u00e1ndonos de alegr\u00eda y esperanza. Quiero felicitar a todos los candidatos por su talento y esfuerzo, y agradecer a cada uno de los presentes por acompa\u00f1arnos en esta celebraci\u00f3n de la cultura y la pasi\u00f3n por la m\u00fasica italiana\u201d.<\/p>\n\n\n\n<p><em><strong>Redes:<\/strong><\/em><\/p>\n\n\n\n<p><em><strong>Instagram:<\/strong>&nbsp;<a href=\"https:\/\/www.instagram.com\/festivaldelamusicaitaliana\/\" target=\"_blank\" rel=\"noreferrer noopener\">@festivaldelamusicaitaliana<\/a><\/em><\/p>\n\n\n\n<p><em><strong>YouTube<\/strong>: <a href=\"https:\/\/www.youtube.com\/@festivaldelamusicaitaliana2774\" target=\"_blank\" rel=\"noreferrer noopener\">Festival de la Musica Italiana<\/a><\/em><\/p>\n\n\n\n<p><em><strong>Web<\/strong>:&nbsp;<a href=\"https:\/\/www.festivaldelamusicaitaliana.com\/\" rel=\"noreferrer noopener\" target=\"_blank\">https:\/\/www.festivaldelamusicaitaliana.com\/<\/a><\/em><\/p>\n\n\n\n<p>Gracias Marcela N\u00fa\u00f1ez por acercarnos toda la informaci\u00f3n sobre la cantante argentina que nos representara en Italia.<\/p>\n","protected":false},"excerpt":{"rendered":"<p>Participaci\u00f3n r\u00e9cord Festival de la M\u00fasica Italiana: Argentina eligi\u00f3 la voz que representar\u00e1 al pa\u00eds en Roma En una gala de nivel internacional, Agustina Ferreyra se consagr\u00f3 como ganadora de la octava edici\u00f3n del festival y viajar\u00e1 a Roma para representar al pa\u00eds ante el mundo. La ciudad de La Plata fue sede de la [&hellip;]<\/p>\n","protected":false},"author":3,"featured_media":26127,"comment_status":"closed","ping_status":"closed","sticky":false,"template":"","format":"standard","meta":{"footnotes":""},"categories":[34],"tags":[301,1358,1311,111],"class_list":{"0":"post-26126","1":"post","2":"type-post","3":"status-publish","4":"format-standard","5":"has-post-thumbnail","7":"category-arte","8":"tag-cantante","9":"tag-festival","10":"tag-italia","11":"tag-musica"},"yoast_head":"<!-- This site is optimized with the Yoast SEO plugin v27.5 - https:\/\/yoast.com\/product\/yoast-seo-wordpress\/ -->\n<title>FESTIVAL DELLA M\u00daSICA ITALIANA - VIII EDICI\u00d3N 2025 - Sergio Lapegue<\/title>\n<meta name=\"robots\" content=\"index, follow, max-snippet:-1, max-image-preview:large, max-video-preview:-1\" \/>\n<link rel=\"canonical\" href=\"https:\/\/sergiolapegue.com\/site\/2025\/10\/16\/festival-della-musica-italiana-viii-edicion-2025-2\/\" \/>\n<meta property=\"og:locale\" content=\"es_ES\" \/>\n<meta property=\"og:type\" content=\"article\" \/>\n<meta property=\"og:title\" content=\"FESTIVAL DELLA M\u00daSICA ITALIANA - VIII EDICI\u00d3N 2025 - Sergio Lapegue\" \/>\n<meta property=\"og:description\" content=\"Participaci\u00f3n r\u00e9cord Festival de la M\u00fasica Italiana: Argentina eligi\u00f3 la voz que representar\u00e1 al pa\u00eds en Roma En una gala de nivel internacional, Agustina Ferreyra se consagr\u00f3 como ganadora de la octava edici\u00f3n del festival y viajar\u00e1 a Roma para representar al pa\u00eds ante el mundo. La ciudad de La Plata fue sede de la [&hellip;]\" \/>\n<meta property=\"og:url\" content=\"https:\/\/sergiolapegue.com\/site\/2025\/10\/16\/festival-della-musica-italiana-viii-edicion-2025-2\/\" \/>\n<meta property=\"og:site_name\" content=\"Sergio Lapegue\" \/>\n<meta property=\"article:publisher\" content=\"https:\/\/facebook.com\/sergiolapegue\" \/>\n<meta property=\"article:author\" content=\"https:\/\/facebook.com\/danielernesto.montana\" \/>\n<meta property=\"article:published_time\" content=\"2025-10-16T16:00:00+00:00\" \/>\n<meta property=\"og:image\" content=\"https:\/\/sergiolapegue.com\/site\/wp-content\/uploads\/2025\/10\/unnamed.jpg\" \/>\n\t<meta property=\"og:image:width\" content=\"1024\" \/>\n\t<meta property=\"og:image:height\" content=\"683\" \/>\n\t<meta property=\"og:image:type\" content=\"image\/jpeg\" \/>\n<meta name=\"author\" content=\"Daniel E. Monta\u00f1a\" \/>\n<meta name=\"twitter:card\" content=\"summary_large_image\" \/>\n<meta name=\"twitter:creator\" content=\"@https:\/\/twitter.com\/daner_004\" \/>\n<meta name=\"twitter:site\" content=\"@sergiolapegue\" \/>\n<meta name=\"twitter:label1\" content=\"Escrito por\" \/>\n\t<meta name=\"twitter:data1\" content=\"Daniel E. Monta\u00f1a\" \/>\n\t<meta name=\"twitter:label2\" content=\"Tiempo de lectura\" \/>\n\t<meta name=\"twitter:data2\" content=\"4 minutos\" \/>\n<script type=\"application\/ld+json\" class=\"yoast-schema-graph\">{\"@context\":\"https:\\\/\\\/schema.org\",\"@graph\":[{\"@type\":\"Article\",\"@id\":\"https:\\\/\\\/sergiolapegue.com\\\/site\\\/2025\\\/10\\\/16\\\/festival-della-musica-italiana-viii-edicion-2025-2\\\/#article\",\"isPartOf\":{\"@id\":\"https:\\\/\\\/sergiolapegue.com\\\/site\\\/2025\\\/10\\\/16\\\/festival-della-musica-italiana-viii-edicion-2025-2\\\/\"},\"author\":{\"name\":\"Daniel E. Monta\u00f1a\",\"@id\":\"https:\\\/\\\/sergiolapegue.com\\\/site\\\/#\\\/schema\\\/person\\\/9198e7dbab43c6d74d0fd5399af7c3cd\"},\"headline\":\"FESTIVAL DELLA M\u00daSICA ITALIANA &#8211; VIII EDICI\u00d3N 2025\",\"datePublished\":\"2025-10-16T16:00:00+00:00\",\"mainEntityOfPage\":{\"@id\":\"https:\\\/\\\/sergiolapegue.com\\\/site\\\/2025\\\/10\\\/16\\\/festival-della-musica-italiana-viii-edicion-2025-2\\\/\"},\"wordCount\":592,\"publisher\":{\"@id\":\"https:\\\/\\\/sergiolapegue.com\\\/site\\\/#\\\/schema\\\/person\\\/083aeceeb0734cd166779ea6c0551a37\"},\"image\":{\"@id\":\"https:\\\/\\\/sergiolapegue.com\\\/site\\\/2025\\\/10\\\/16\\\/festival-della-musica-italiana-viii-edicion-2025-2\\\/#primaryimage\"},\"thumbnailUrl\":\"https:\\\/\\\/sergiolapegue.com\\\/site\\\/wp-content\\\/uploads\\\/2025\\\/10\\\/unnamed.jpg\",\"keywords\":[\"cantante\",\"festival\",\"italia\",\"musica\"],\"articleSection\":[\"Arte\"],\"inLanguage\":\"es-AR\"},{\"@type\":\"WebPage\",\"@id\":\"https:\\\/\\\/sergiolapegue.com\\\/site\\\/2025\\\/10\\\/16\\\/festival-della-musica-italiana-viii-edicion-2025-2\\\/\",\"url\":\"https:\\\/\\\/sergiolapegue.com\\\/site\\\/2025\\\/10\\\/16\\\/festival-della-musica-italiana-viii-edicion-2025-2\\\/\",\"name\":\"FESTIVAL DELLA M\u00daSICA ITALIANA - VIII EDICI\u00d3N 2025 - Sergio Lapegue\",\"isPartOf\":{\"@id\":\"https:\\\/\\\/sergiolapegue.com\\\/site\\\/#website\"},\"primaryImageOfPage\":{\"@id\":\"https:\\\/\\\/sergiolapegue.com\\\/site\\\/2025\\\/10\\\/16\\\/festival-della-musica-italiana-viii-edicion-2025-2\\\/#primaryimage\"},\"image\":{\"@id\":\"https:\\\/\\\/sergiolapegue.com\\\/site\\\/2025\\\/10\\\/16\\\/festival-della-musica-italiana-viii-edicion-2025-2\\\/#primaryimage\"},\"thumbnailUrl\":\"https:\\\/\\\/sergiolapegue.com\\\/site\\\/wp-content\\\/uploads\\\/2025\\\/10\\\/unnamed.jpg\",\"datePublished\":\"2025-10-16T16:00:00+00:00\",\"breadcrumb\":{\"@id\":\"https:\\\/\\\/sergiolapegue.com\\\/site\\\/2025\\\/10\\\/16\\\/festival-della-musica-italiana-viii-edicion-2025-2\\\/#breadcrumb\"},\"inLanguage\":\"es-AR\",\"potentialAction\":[{\"@type\":\"ReadAction\",\"target\":[\"https:\\\/\\\/sergiolapegue.com\\\/site\\\/2025\\\/10\\\/16\\\/festival-della-musica-italiana-viii-edicion-2025-2\\\/\"]}]},{\"@type\":\"ImageObject\",\"inLanguage\":\"es-AR\",\"@id\":\"https:\\\/\\\/sergiolapegue.com\\\/site\\\/2025\\\/10\\\/16\\\/festival-della-musica-italiana-viii-edicion-2025-2\\\/#primaryimage\",\"url\":\"https:\\\/\\\/sergiolapegue.com\\\/site\\\/wp-content\\\/uploads\\\/2025\\\/10\\\/unnamed.jpg\",\"contentUrl\":\"https:\\\/\\\/sergiolapegue.com\\\/site\\\/wp-content\\\/uploads\\\/2025\\\/10\\\/unnamed.jpg\",\"width\":1024,\"height\":683},{\"@type\":\"BreadcrumbList\",\"@id\":\"https:\\\/\\\/sergiolapegue.com\\\/site\\\/2025\\\/10\\\/16\\\/festival-della-musica-italiana-viii-edicion-2025-2\\\/#breadcrumb\",\"itemListElement\":[{\"@type\":\"ListItem\",\"position\":1,\"name\":\"Inicio\",\"item\":\"https:\\\/\\\/sergiolapegue.com\\\/site\\\/\"},{\"@type\":\"ListItem\",\"position\":2,\"name\":\"FESTIVAL DELLA M\u00daSICA ITALIANA &#8211; VIII EDICI\u00d3N 2025\"}]},{\"@type\":\"WebSite\",\"@id\":\"https:\\\/\\\/sergiolapegue.com\\\/site\\\/#website\",\"url\":\"https:\\\/\\\/sergiolapegue.com\\\/site\\\/\",\"name\":\"Sergio Lapegue\",\"description\":\"Periodista\",\"publisher\":{\"@id\":\"https:\\\/\\\/sergiolapegue.com\\\/site\\\/#\\\/schema\\\/person\\\/083aeceeb0734cd166779ea6c0551a37\"},\"potentialAction\":[{\"@type\":\"SearchAction\",\"target\":{\"@type\":\"EntryPoint\",\"urlTemplate\":\"https:\\\/\\\/sergiolapegue.com\\\/site\\\/?s={search_term_string}\"},\"query-input\":{\"@type\":\"PropertyValueSpecification\",\"valueRequired\":true,\"valueName\":\"search_term_string\"}}],\"inLanguage\":\"es-AR\"},{\"@type\":[\"Person\",\"Organization\"],\"@id\":\"https:\\\/\\\/sergiolapegue.com\\\/site\\\/#\\\/schema\\\/person\\\/083aeceeb0734cd166779ea6c0551a37\",\"name\":\"Sergio Lapegue\",\"image\":{\"@type\":\"ImageObject\",\"inLanguage\":\"es-AR\",\"@id\":\"https:\\\/\\\/sergiolapegue.com\\\/site\\\/wp-content\\\/uploads\\\/2021\\\/04\\\/logo_header-1.png\",\"url\":\"https:\\\/\\\/sergiolapegue.com\\\/site\\\/wp-content\\\/uploads\\\/2021\\\/04\\\/logo_header-1.png\",\"contentUrl\":\"https:\\\/\\\/sergiolapegue.com\\\/site\\\/wp-content\\\/uploads\\\/2021\\\/04\\\/logo_header-1.png\",\"width\":272,\"height\":90,\"caption\":\"Sergio Lapegue\"},\"logo\":{\"@id\":\"https:\\\/\\\/sergiolapegue.com\\\/site\\\/wp-content\\\/uploads\\\/2021\\\/04\\\/logo_header-1.png\"},\"sameAs\":[\"https:\\\/\\\/facebook.com\\\/sergiolapegue\",\"https:\\\/\\\/instagram.com\\\/sergiolapegue\",\"https:\\\/\\\/x.com\\\/https:\\\/\\\/twitter.com\\\/sergiolapegue\"]},{\"@type\":\"Person\",\"@id\":\"https:\\\/\\\/sergiolapegue.com\\\/site\\\/#\\\/schema\\\/person\\\/9198e7dbab43c6d74d0fd5399af7c3cd\",\"name\":\"Daniel E. Monta\u00f1a\",\"image\":{\"@type\":\"ImageObject\",\"inLanguage\":\"es-AR\",\"@id\":\"https:\\\/\\\/sergiolapegue.com\\\/site\\\/wp-content\\\/uploads\\\/2021\\\/04\\\/sl_avatar_Daniel-150x150.jpg\",\"url\":\"https:\\\/\\\/sergiolapegue.com\\\/site\\\/wp-content\\\/uploads\\\/2021\\\/04\\\/sl_avatar_Daniel-150x150.jpg\",\"contentUrl\":\"https:\\\/\\\/sergiolapegue.com\\\/site\\\/wp-content\\\/uploads\\\/2021\\\/04\\\/sl_avatar_Daniel-150x150.jpg\",\"caption\":\"Daniel E. Monta\u00f1a\"},\"sameAs\":[\"https:\\\/\\\/facebook.com\\\/danielernesto.montana\",\"https:\\\/\\\/instagram.com\\\/daniel_montana1961\",\"https:\\\/\\\/x.com\\\/https:\\\/\\\/twitter.com\\\/daner_004\"],\"url\":\"https:\\\/\\\/sergiolapegue.com\\\/site\\\/author\\\/daniel\\\/\"}]}<\/script>\n<!-- \/ Yoast SEO plugin. -->","yoast_head_json":{"title":"FESTIVAL DELLA M\u00daSICA ITALIANA - VIII EDICI\u00d3N 2025 - Sergio Lapegue","robots":{"index":"index","follow":"follow","max-snippet":"max-snippet:-1","max-image-preview":"max-image-preview:large","max-video-preview":"max-video-preview:-1"},"canonical":"https:\/\/sergiolapegue.com\/site\/2025\/10\/16\/festival-della-musica-italiana-viii-edicion-2025-2\/","og_locale":"es_ES","og_type":"article","og_title":"FESTIVAL DELLA M\u00daSICA ITALIANA - VIII EDICI\u00d3N 2025 - Sergio Lapegue","og_description":"Participaci\u00f3n r\u00e9cord Festival de la M\u00fasica Italiana: Argentina eligi\u00f3 la voz que representar\u00e1 al pa\u00eds en Roma En una gala de nivel internacional, Agustina Ferreyra se consagr\u00f3 como ganadora de la octava edici\u00f3n del festival y viajar\u00e1 a Roma para representar al pa\u00eds ante el mundo. La ciudad de La Plata fue sede de la [&hellip;]","og_url":"https:\/\/sergiolapegue.com\/site\/2025\/10\/16\/festival-della-musica-italiana-viii-edicion-2025-2\/","og_site_name":"Sergio Lapegue","article_publisher":"https:\/\/facebook.com\/sergiolapegue","article_author":"https:\/\/facebook.com\/danielernesto.montana","article_published_time":"2025-10-16T16:00:00+00:00","og_image":[{"width":1024,"height":683,"url":"https:\/\/sergiolapegue.com\/site\/wp-content\/uploads\/2025\/10\/unnamed.jpg","type":"image\/jpeg"}],"author":"Daniel E. Monta\u00f1a","twitter_card":"summary_large_image","twitter_creator":"@https:\/\/twitter.com\/daner_004","twitter_site":"@sergiolapegue","twitter_misc":{"Escrito por":"Daniel E. Monta\u00f1a","Tiempo de lectura":"4 minutos"},"schema":{"@context":"https:\/\/schema.org","@graph":[{"@type":"Article","@id":"https:\/\/sergiolapegue.com\/site\/2025\/10\/16\/festival-della-musica-italiana-viii-edicion-2025-2\/#article","isPartOf":{"@id":"https:\/\/sergiolapegue.com\/site\/2025\/10\/16\/festival-della-musica-italiana-viii-edicion-2025-2\/"},"author":{"name":"Daniel E. Monta\u00f1a","@id":"https:\/\/sergiolapegue.com\/site\/#\/schema\/person\/9198e7dbab43c6d74d0fd5399af7c3cd"},"headline":"FESTIVAL DELLA M\u00daSICA ITALIANA &#8211; VIII EDICI\u00d3N 2025","datePublished":"2025-10-16T16:00:00+00:00","mainEntityOfPage":{"@id":"https:\/\/sergiolapegue.com\/site\/2025\/10\/16\/festival-della-musica-italiana-viii-edicion-2025-2\/"},"wordCount":592,"publisher":{"@id":"https:\/\/sergiolapegue.com\/site\/#\/schema\/person\/083aeceeb0734cd166779ea6c0551a37"},"image":{"@id":"https:\/\/sergiolapegue.com\/site\/2025\/10\/16\/festival-della-musica-italiana-viii-edicion-2025-2\/#primaryimage"},"thumbnailUrl":"https:\/\/sergiolapegue.com\/site\/wp-content\/uploads\/2025\/10\/unnamed.jpg","keywords":["cantante","festival","italia","musica"],"articleSection":["Arte"],"inLanguage":"es-AR"},{"@type":"WebPage","@id":"https:\/\/sergiolapegue.com\/site\/2025\/10\/16\/festival-della-musica-italiana-viii-edicion-2025-2\/","url":"https:\/\/sergiolapegue.com\/site\/2025\/10\/16\/festival-della-musica-italiana-viii-edicion-2025-2\/","name":"FESTIVAL DELLA M\u00daSICA ITALIANA - VIII EDICI\u00d3N 2025 - Sergio Lapegue","isPartOf":{"@id":"https:\/\/sergiolapegue.com\/site\/#website"},"primaryImageOfPage":{"@id":"https:\/\/sergiolapegue.com\/site\/2025\/10\/16\/festival-della-musica-italiana-viii-edicion-2025-2\/#primaryimage"},"image":{"@id":"https:\/\/sergiolapegue.com\/site\/2025\/10\/16\/festival-della-musica-italiana-viii-edicion-2025-2\/#primaryimage"},"thumbnailUrl":"https:\/\/sergiolapegue.com\/site\/wp-content\/uploads\/2025\/10\/unnamed.jpg","datePublished":"2025-10-16T16:00:00+00:00","breadcrumb":{"@id":"https:\/\/sergiolapegue.com\/site\/2025\/10\/16\/festival-della-musica-italiana-viii-edicion-2025-2\/#breadcrumb"},"inLanguage":"es-AR","potentialAction":[{"@type":"ReadAction","target":["https:\/\/sergiolapegue.com\/site\/2025\/10\/16\/festival-della-musica-italiana-viii-edicion-2025-2\/"]}]},{"@type":"ImageObject","inLanguage":"es-AR","@id":"https:\/\/sergiolapegue.com\/site\/2025\/10\/16\/festival-della-musica-italiana-viii-edicion-2025-2\/#primaryimage","url":"https:\/\/sergiolapegue.com\/site\/wp-content\/uploads\/2025\/10\/unnamed.jpg","contentUrl":"https:\/\/sergiolapegue.com\/site\/wp-content\/uploads\/2025\/10\/unnamed.jpg","width":1024,"height":683},{"@type":"BreadcrumbList","@id":"https:\/\/sergiolapegue.com\/site\/2025\/10\/16\/festival-della-musica-italiana-viii-edicion-2025-2\/#breadcrumb","itemListElement":[{"@type":"ListItem","position":1,"name":"Inicio","item":"https:\/\/sergiolapegue.com\/site\/"},{"@type":"ListItem","position":2,"name":"FESTIVAL DELLA M\u00daSICA ITALIANA &#8211; VIII EDICI\u00d3N 2025"}]},{"@type":"WebSite","@id":"https:\/\/sergiolapegue.com\/site\/#website","url":"https:\/\/sergiolapegue.com\/site\/","name":"Sergio Lapegue","description":"Periodista","publisher":{"@id":"https:\/\/sergiolapegue.com\/site\/#\/schema\/person\/083aeceeb0734cd166779ea6c0551a37"},"potentialAction":[{"@type":"SearchAction","target":{"@type":"EntryPoint","urlTemplate":"https:\/\/sergiolapegue.com\/site\/?s={search_term_string}"},"query-input":{"@type":"PropertyValueSpecification","valueRequired":true,"valueName":"search_term_string"}}],"inLanguage":"es-AR"},{"@type":["Person","Organization"],"@id":"https:\/\/sergiolapegue.com\/site\/#\/schema\/person\/083aeceeb0734cd166779ea6c0551a37","name":"Sergio Lapegue","image":{"@type":"ImageObject","inLanguage":"es-AR","@id":"https:\/\/sergiolapegue.com\/site\/wp-content\/uploads\/2021\/04\/logo_header-1.png","url":"https:\/\/sergiolapegue.com\/site\/wp-content\/uploads\/2021\/04\/logo_header-1.png","contentUrl":"https:\/\/sergiolapegue.com\/site\/wp-content\/uploads\/2021\/04\/logo_header-1.png","width":272,"height":90,"caption":"Sergio Lapegue"},"logo":{"@id":"https:\/\/sergiolapegue.com\/site\/wp-content\/uploads\/2021\/04\/logo_header-1.png"},"sameAs":["https:\/\/facebook.com\/sergiolapegue","https:\/\/instagram.com\/sergiolapegue","https:\/\/x.com\/https:\/\/twitter.com\/sergiolapegue"]},{"@type":"Person","@id":"https:\/\/sergiolapegue.com\/site\/#\/schema\/person\/9198e7dbab43c6d74d0fd5399af7c3cd","name":"Daniel E. Monta\u00f1a","image":{"@type":"ImageObject","inLanguage":"es-AR","@id":"https:\/\/sergiolapegue.com\/site\/wp-content\/uploads\/2021\/04\/sl_avatar_Daniel-150x150.jpg","url":"https:\/\/sergiolapegue.com\/site\/wp-content\/uploads\/2021\/04\/sl_avatar_Daniel-150x150.jpg","contentUrl":"https:\/\/sergiolapegue.com\/site\/wp-content\/uploads\/2021\/04\/sl_avatar_Daniel-150x150.jpg","caption":"Daniel E. Monta\u00f1a"},"sameAs":["https:\/\/facebook.com\/danielernesto.montana","https:\/\/instagram.com\/daniel_montana1961","https:\/\/x.com\/https:\/\/twitter.com\/daner_004"],"url":"https:\/\/sergiolapegue.com\/site\/author\/daniel\/"}]}},"_links":{"self":[{"href":"https:\/\/sergiolapegue.com\/site\/wp-json\/wp\/v2\/posts\/26126","targetHints":{"allow":["GET"]}}],"collection":[{"href":"https:\/\/sergiolapegue.com\/site\/wp-json\/wp\/v2\/posts"}],"about":[{"href":"https:\/\/sergiolapegue.com\/site\/wp-json\/wp\/v2\/types\/post"}],"author":[{"embeddable":true,"href":"https:\/\/sergiolapegue.com\/site\/wp-json\/wp\/v2\/users\/3"}],"replies":[{"embeddable":true,"href":"https:\/\/sergiolapegue.com\/site\/wp-json\/wp\/v2\/comments?post=26126"}],"version-history":[{"count":3,"href":"https:\/\/sergiolapegue.com\/site\/wp-json\/wp\/v2\/posts\/26126\/revisions"}],"predecessor-version":[{"id":26179,"href":"https:\/\/sergiolapegue.com\/site\/wp-json\/wp\/v2\/posts\/26126\/revisions\/26179"}],"wp:featuredmedia":[{"embeddable":true,"href":"https:\/\/sergiolapegue.com\/site\/wp-json\/wp\/v2\/media\/26127"}],"wp:attachment":[{"href":"https:\/\/sergiolapegue.com\/site\/wp-json\/wp\/v2\/media?parent=26126"}],"wp:term":[{"taxonomy":"category","embeddable":true,"href":"https:\/\/sergiolapegue.com\/site\/wp-json\/wp\/v2\/categories?post=26126"},{"taxonomy":"post_tag","embeddable":true,"href":"https:\/\/sergiolapegue.com\/site\/wp-json\/wp\/v2\/tags?post=26126"}],"curies":[{"name":"wp","href":"https:\/\/api.w.org\/{rel}","templated":true}]}}