{"id":26107,"date":"2025-10-14T01:00:00","date_gmt":"2025-10-14T04:00:00","guid":{"rendered":"https:\/\/sergiolapegue.com\/site\/?p=26107"},"modified":"2025-11-03T01:15:53","modified_gmt":"2025-11-03T04:15:53","slug":"concejo-de-familia","status":"publish","type":"post","link":"https:\/\/sergiolapegue.com\/site\/2025\/10\/14\/concejo-de-familia\/","title":{"rendered":"CONCEJO DE FAMILIA"},"content":{"rendered":"\n<p>El 2 de octubre se estren\u00f3 en el Teatro Border \u201cConcejo de familia\u201d, una obra de Cristina Clemente, dirigida por Violeta C\u00e1rcova, con adaptaci\u00f3n de Nicol\u00e1s Alan Medina y las actuaciones de Joaqu\u00edn Ochoa, Chechu Vargas, Alexis Mazzitelli, Carla Pannunzio y Eduardo Munitz.&nbsp;<\/p>\n\n\n\n<p>Es una comedia dram\u00e1tica en la que una familia ha instaurado una democracia en la casa, con presidente, normas electorales y hasta un sistema econ\u00f3mico propio. Pero cuando la hija cuestiona el modelo y exige un cambio, se desata una crisis que pondr\u00e1 a prueba el equilibrio familiar.<\/p>\n\n\n\n<p>Las funciones son los jueves de octubre y los viernes de noviembre a las 20hs.<\/p>\n\n\n\n<figure class=\"wp-block-image size-large\"><img loading=\"lazy\" decoding=\"async\" width=\"1024\" height=\"464\" src=\"https:\/\/sergiolapegue.com\/site\/wp-content\/uploads\/2025\/10\/Consejo-de-familia-1-1024x464.jpg\" alt=\"\" class=\"wp-image-26108\" srcset=\"https:\/\/sergiolapegue.com\/site\/wp-content\/uploads\/2025\/10\/Consejo-de-familia-1-1024x464.jpg 1024w, https:\/\/sergiolapegue.com\/site\/wp-content\/uploads\/2025\/10\/Consejo-de-familia-1-300x136.jpg 300w, https:\/\/sergiolapegue.com\/site\/wp-content\/uploads\/2025\/10\/Consejo-de-familia-1-768x348.jpg 768w, https:\/\/sergiolapegue.com\/site\/wp-content\/uploads\/2025\/10\/Consejo-de-familia-1-1536x696.jpg 1536w, https:\/\/sergiolapegue.com\/site\/wp-content\/uploads\/2025\/10\/Consejo-de-familia-1-927x420.jpg 927w, https:\/\/sergiolapegue.com\/site\/wp-content\/uploads\/2025\/10\/Consejo-de-familia-1-696x315.jpg 696w, https:\/\/sergiolapegue.com\/site\/wp-content\/uploads\/2025\/10\/Consejo-de-familia-1-1068x484.jpg 1068w, https:\/\/sergiolapegue.com\/site\/wp-content\/uploads\/2025\/10\/Consejo-de-familia-1.jpg 1876w\" sizes=\"auto, (max-width: 1024px) 100vw, 1024px\" \/><\/figure>\n\n\n\n<p><strong>SOBRE VIOLETA C\u00c1RCOVA \u2013 DIRECTORA<\/strong><\/p>\n\n\n\n<p>Productora, directora y asistente de direcci\u00f3n. Socia de MAYKA Producciones. Se form\u00f3 en teatro musical en las escuelas de Ricky Pashkus, Julio Bocca y El Bondi Creaciones. Estudi\u00f3 dramaturgia con Laura Paredes y Agustina Gatto. Es directora cinematogr\u00e1fica recibida de la Universidad del Cine. Entre sus \u00faltimos trabajos como directora se encuentra &#8220;La Tentaci\u00f3n del Viaje&#8221;, obra de su autor\u00eda y direcci\u00f3n con m\u00fasica de Carlos Gianni. Entre sus trabajos de 2025 se encuentran &#8220;Derechos Torcidos&#8221;, &#8220;Mam\u00e1 Est\u00e1 M\u00e1s Chiquita&#8221;, &#8220;Gutenberg, El Musical&#8221; y &#8220;Navidad En Las Pel\u00edculas&#8221;.<\/p>\n\n\n\n<p><strong>SOBRE LA AUTORA<\/strong><\/p>\n\n\n\n<p>Cristina Clemente. Licenciada en Direcci\u00f3n y Dramaturgia por el Institut del Teatre de Barcelona.<\/p>\n\n\n\n<figure class=\"wp-block-image size-large\"><img loading=\"lazy\" decoding=\"async\" width=\"1024\" height=\"448\" src=\"https:\/\/sergiolapegue.com\/site\/wp-content\/uploads\/2025\/10\/Consejo-de-familia-2-1024x448.jpg\" alt=\"\" class=\"wp-image-26109\" srcset=\"https:\/\/sergiolapegue.com\/site\/wp-content\/uploads\/2025\/10\/Consejo-de-familia-2-1024x448.jpg 1024w, https:\/\/sergiolapegue.com\/site\/wp-content\/uploads\/2025\/10\/Consejo-de-familia-2-300x131.jpg 300w, https:\/\/sergiolapegue.com\/site\/wp-content\/uploads\/2025\/10\/Consejo-de-familia-2-768x336.jpg 768w, https:\/\/sergiolapegue.com\/site\/wp-content\/uploads\/2025\/10\/Consejo-de-familia-2-1536x671.jpg 1536w, https:\/\/sergiolapegue.com\/site\/wp-content\/uploads\/2025\/10\/Consejo-de-familia-2-961x420.jpg 961w, https:\/\/sergiolapegue.com\/site\/wp-content\/uploads\/2025\/10\/Consejo-de-familia-2-696x304.jpg 696w, https:\/\/sergiolapegue.com\/site\/wp-content\/uploads\/2025\/10\/Consejo-de-familia-2-1068x467.jpg 1068w, https:\/\/sergiolapegue.com\/site\/wp-content\/uploads\/2025\/10\/Consejo-de-familia-2.jpg 1901w\" sizes=\"auto, (max-width: 1024px) 100vw, 1024px\" \/><\/figure>\n\n\n\n<p><strong>SOBRE NUESTRA ADAPTACI\u00d3N<\/strong><\/p>\n\n\n\n<p>Considerando que este es de elecciones en nuestro pa\u00eds, creemos que el humor ligado a la pol\u00edtica pero utilizado en otro contexto -como es el familiar-, resulta digerible y metaf\u00f3ricamente actual. Es una obra din\u00e1mica, graciosa y original en la forma de trabajar los conflictos. Tiene una impronta del estilo Toc Toc o Bajo Terapia, en tanto utiliza una situaci\u00f3n muy cotidiana y realista, pero llevada al extremo desde un lugar inesperado.<\/p>\n\n\n\n<p><strong>SOBRE LA PRODUCCI\u00d3N<\/strong><\/p>\n\n\n\n<p>MAYKA es una productora audiovisual y teatral con m\u00e1s de 50 proyectos realizados. El a\u00f1o pasado produjeron la obra Derechos Torcidos en los teatros Metropolitan y Astral, con m\u00e1s de 20.000 espectadores en menos de 3 meses, formando parte del ranking AADET de las obras m\u00e1s vistas de la temporada de vacaciones de invierno. Este a\u00f1o volvi\u00f3 con Derechos Torcidos y realiz\u00f3 gira en el interior del pa\u00eds. Tambi\u00e9n dentro de los proyectos de este a\u00f1o se encuentra Gutenberg, el musical en Paseo La Plaza y Mam\u00e1 est\u00e1 m\u00e1s chiquita en el Teatro Metropolitan.<\/p>\n\n\n\n<figure class=\"wp-block-image size-large\"><img loading=\"lazy\" decoding=\"async\" width=\"1024\" height=\"450\" src=\"https:\/\/sergiolapegue.com\/site\/wp-content\/uploads\/2025\/10\/Consejo-de-familia-3-1024x450.jpg\" alt=\"\" class=\"wp-image-26110\" srcset=\"https:\/\/sergiolapegue.com\/site\/wp-content\/uploads\/2025\/10\/Consejo-de-familia-3-1024x450.jpg 1024w, https:\/\/sergiolapegue.com\/site\/wp-content\/uploads\/2025\/10\/Consejo-de-familia-3-300x132.jpg 300w, https:\/\/sergiolapegue.com\/site\/wp-content\/uploads\/2025\/10\/Consejo-de-familia-3-768x337.jpg 768w, https:\/\/sergiolapegue.com\/site\/wp-content\/uploads\/2025\/10\/Consejo-de-familia-3-1536x674.jpg 1536w, https:\/\/sergiolapegue.com\/site\/wp-content\/uploads\/2025\/10\/Consejo-de-familia-3-957x420.jpg 957w, https:\/\/sergiolapegue.com\/site\/wp-content\/uploads\/2025\/10\/Consejo-de-familia-3-696x306.jpg 696w, https:\/\/sergiolapegue.com\/site\/wp-content\/uploads\/2025\/10\/Consejo-de-familia-3-1068x469.jpg 1068w, https:\/\/sergiolapegue.com\/site\/wp-content\/uploads\/2025\/10\/Consejo-de-familia-3.jpg 1902w\" sizes=\"auto, (max-width: 1024px) 100vw, 1024px\" \/><\/figure>\n\n\n\n<p><strong>FICHA T\u00c9CNICO ART\u00cdSTICA<\/strong><\/p>\n\n\n\n<p><strong>Autora:<\/strong>&nbsp;Cristina Clemente<\/p>\n\n\n\n<p><strong>Adaptaci\u00f3n:&nbsp;<\/strong>Nicol\u00e1s Alan Medina<\/p>\n\n\n\n<p><strong>Elenco:<\/strong>&nbsp;Joaqu\u00edn Ochoa, Chechu Vargas, Eduardo Munitz, Carla Pannunzio, Alexis Mazzitelli<\/p>\n\n\n\n<p><strong>Escenograf\u00eda:&nbsp;<\/strong>The Workroom<\/p>\n\n\n\n<p><strong>Vestuario:&nbsp;<\/strong>Mimi Del Carril<\/p>\n\n\n\n<p><strong>M\u00fasica:<\/strong> Erni Veirav\u00e9<\/p>\n\n\n\n<p><strong>Videos:&nbsp;<\/strong>Lucas Capponetto<\/p>\n\n\n\n<p><strong>Fotos:<\/strong>&nbsp;Melina Ercoli<\/p>\n\n\n\n<p><strong>Dise\u00f1o gr\u00e1fico:<\/strong>&nbsp;Erni Veirav\u00e9<\/p>\n\n\n\n<p><strong>Redes:<\/strong> Lucrecia Dossat<\/p>\n\n\n\n<p><strong>Coordinaci\u00f3n de comunicaci\u00f3n:<\/strong> Nicol\u00e1s Alan Medina<\/p>\n\n\n\n<p><strong>Prensa:&nbsp;<\/strong>In\u00e9s Rodr\u00edguez Berdier<\/p>\n\n\n\n<p><strong>Asistencia de direcci\u00f3n:<\/strong>&nbsp;Erni Veirav\u00e9<\/p>\n\n\n\n<p><strong>Producci\u00f3n general:<\/strong>&nbsp;Nicol\u00e1s Alan Medina<\/p>\n\n\n\n<p><strong>Producci\u00f3n ejecutiva:&nbsp;<\/strong>In\u00e9s Rodr\u00edguez Berdier<\/p>\n\n\n\n<p><strong>Direcci\u00f3n:&nbsp;<\/strong>Violeta C\u00e1rcova<\/p>\n\n\n\n<p><strong>Instagram:<\/strong> @concejodefamilia<\/p>\n\n\n\n<p><strong>Duraci\u00f3n:<\/strong> 70 minutos<\/p>\n\n\n\n<p><strong>Clasificaci\u00f3n:<\/strong> Teatro \u2013 Presencial \u2013 Adultos \u2013 Comedia dram\u00e1tica<\/p>\n\n\n\n<figure class=\"wp-block-image size-full\"><img loading=\"lazy\" decoding=\"async\" width=\"748\" height=\"541\" src=\"https:\/\/sergiolapegue.com\/site\/wp-content\/uploads\/2025\/10\/Consejo-de-familia-5.jpeg\" alt=\"\" class=\"wp-image-26111\" srcset=\"https:\/\/sergiolapegue.com\/site\/wp-content\/uploads\/2025\/10\/Consejo-de-familia-5.jpeg 748w, https:\/\/sergiolapegue.com\/site\/wp-content\/uploads\/2025\/10\/Consejo-de-familia-5-300x217.jpeg 300w, https:\/\/sergiolapegue.com\/site\/wp-content\/uploads\/2025\/10\/Consejo-de-familia-5-581x420.jpeg 581w, https:\/\/sergiolapegue.com\/site\/wp-content\/uploads\/2025\/10\/Consejo-de-familia-5-696x503.jpeg 696w\" sizes=\"auto, (max-width: 748px) 100vw, 748px\" \/><\/figure>\n\n\n\n<p><strong>TEATRO BORDER<\/strong><strong><\/strong><\/p>\n\n\n\n<p>Godoy Cruz 1838 \u2013 Capital Federal \u2013 Buenos Aires \u2013 Argentina<\/p>\n\n\n\n<p>Tel\u00e9fono: 5236-6183<\/p>\n\n\n\n<p>Entradas: $ 25.000 \u2013 en boleter\u00eda del teatro o a trav\u00e9s de su web \u2013 Link:<\/p>\n\n\n\n<p><a href=\"https:\/\/www.border.com.ar\/teatro_programacion_detalles.php?id=544\">https:\/\/www.border.com.ar\/teatro_programacion_detalles.php?id=544<\/a><\/p>\n\n\n\n<p>Funciones: Viernes 20:00 horas \u2013 Del 07\/11\/2025 al 28\/11\/2025<\/p>\n\n\n\n<p>Gracias Alexis Mazzitelli por acercarnos la gacetilla de prensa de este espect\u00e1culo.<\/p>\n\n\n\n<p><\/p>\n","protected":false},"excerpt":{"rendered":"<p>El 2 de octubre se estren\u00f3 en el Teatro Border \u201cConcejo de familia\u201d, una obra de Cristina Clemente, dirigida por Violeta C\u00e1rcova, con adaptaci\u00f3n de Nicol\u00e1s Alan Medina y las actuaciones de Joaqu\u00edn Ochoa, Chechu Vargas, Alexis Mazzitelli, Carla Pannunzio y Eduardo Munitz.&nbsp; Es una comedia dram\u00e1tica en la que una familia ha instaurado una [&hellip;]<\/p>\n","protected":false},"author":3,"featured_media":26112,"comment_status":"open","ping_status":"closed","sticky":false,"template":"","format":"standard","meta":{"footnotes":""},"categories":[34,35],"tags":[],"class_list":{"0":"post-26107","1":"post","2":"type-post","3":"status-publish","4":"format-standard","5":"has-post-thumbnail","7":"category-arte","8":"category-teatro"},"yoast_head":"<!-- This site is optimized with the Yoast SEO plugin v27.4 - https:\/\/yoast.com\/product\/yoast-seo-wordpress\/ -->\n<title>CONCEJO DE FAMILIA - Sergio Lapegue<\/title>\n<meta name=\"robots\" content=\"index, follow, max-snippet:-1, max-image-preview:large, max-video-preview:-1\" \/>\n<link rel=\"canonical\" href=\"https:\/\/sergiolapegue.com\/site\/2025\/10\/14\/concejo-de-familia\/\" \/>\n<meta property=\"og:locale\" content=\"es_ES\" \/>\n<meta property=\"og:type\" content=\"article\" \/>\n<meta property=\"og:title\" content=\"CONCEJO DE FAMILIA - Sergio Lapegue\" \/>\n<meta property=\"og:description\" content=\"El 2 de octubre se estren\u00f3 en el Teatro Border \u201cConcejo de familia\u201d, una obra de Cristina Clemente, dirigida por Violeta C\u00e1rcova, con adaptaci\u00f3n de Nicol\u00e1s Alan Medina y las actuaciones de Joaqu\u00edn Ochoa, Chechu Vargas, Alexis Mazzitelli, Carla Pannunzio y Eduardo Munitz.&nbsp; Es una comedia dram\u00e1tica en la que una familia ha instaurado una [&hellip;]\" \/>\n<meta property=\"og:url\" content=\"https:\/\/sergiolapegue.com\/site\/2025\/10\/14\/concejo-de-familia\/\" \/>\n<meta property=\"og:site_name\" content=\"Sergio Lapegue\" \/>\n<meta property=\"article:publisher\" content=\"https:\/\/facebook.com\/sergiolapegue\" \/>\n<meta property=\"article:author\" content=\"https:\/\/facebook.com\/danielernesto.montana\" \/>\n<meta property=\"article:published_time\" content=\"2025-10-14T04:00:00+00:00\" \/>\n<meta property=\"article:modified_time\" content=\"2025-11-03T04:15:53+00:00\" \/>\n<meta property=\"og:image\" content=\"https:\/\/sergiolapegue.com\/site\/wp-content\/uploads\/2025\/10\/Consejo-de-familia.jpg\" \/>\n\t<meta property=\"og:image:width\" content=\"1000\" \/>\n\t<meta property=\"og:image:height\" content=\"1000\" \/>\n\t<meta property=\"og:image:type\" content=\"image\/jpeg\" \/>\n<meta name=\"author\" content=\"Daniel E. Monta\u00f1a\" \/>\n<meta name=\"twitter:card\" content=\"summary_large_image\" \/>\n<meta name=\"twitter:creator\" content=\"@https:\/\/twitter.com\/daner_004\" \/>\n<meta name=\"twitter:site\" content=\"@sergiolapegue\" \/>\n<meta name=\"twitter:label1\" content=\"Escrito por\" \/>\n\t<meta name=\"twitter:data1\" content=\"Daniel E. Monta\u00f1a\" \/>\n\t<meta name=\"twitter:label2\" content=\"Tiempo de lectura\" \/>\n\t<meta name=\"twitter:data2\" content=\"4 minutos\" \/>\n<script type=\"application\/ld+json\" class=\"yoast-schema-graph\">{\"@context\":\"https:\\\/\\\/schema.org\",\"@graph\":[{\"@type\":\"Article\",\"@id\":\"https:\\\/\\\/sergiolapegue.com\\\/site\\\/2025\\\/10\\\/14\\\/concejo-de-familia\\\/#article\",\"isPartOf\":{\"@id\":\"https:\\\/\\\/sergiolapegue.com\\\/site\\\/2025\\\/10\\\/14\\\/concejo-de-familia\\\/\"},\"author\":{\"name\":\"Daniel E. Monta\u00f1a\",\"@id\":\"https:\\\/\\\/sergiolapegue.com\\\/site\\\/#\\\/schema\\\/person\\\/9198e7dbab43c6d74d0fd5399af7c3cd\"},\"headline\":\"CONCEJO DE FAMILIA\",\"datePublished\":\"2025-10-14T04:00:00+00:00\",\"dateModified\":\"2025-11-03T04:15:53+00:00\",\"mainEntityOfPage\":{\"@id\":\"https:\\\/\\\/sergiolapegue.com\\\/site\\\/2025\\\/10\\\/14\\\/concejo-de-familia\\\/\"},\"wordCount\":592,\"commentCount\":0,\"publisher\":{\"@id\":\"https:\\\/\\\/sergiolapegue.com\\\/site\\\/#\\\/schema\\\/person\\\/083aeceeb0734cd166779ea6c0551a37\"},\"image\":{\"@id\":\"https:\\\/\\\/sergiolapegue.com\\\/site\\\/2025\\\/10\\\/14\\\/concejo-de-familia\\\/#primaryimage\"},\"thumbnailUrl\":\"https:\\\/\\\/sergiolapegue.com\\\/site\\\/wp-content\\\/uploads\\\/2025\\\/10\\\/Consejo-de-familia.jpg\",\"articleSection\":[\"Arte\",\"Teatro\"],\"inLanguage\":\"es-AR\",\"potentialAction\":[{\"@type\":\"CommentAction\",\"name\":\"Comment\",\"target\":[\"https:\\\/\\\/sergiolapegue.com\\\/site\\\/2025\\\/10\\\/14\\\/concejo-de-familia\\\/#respond\"]}]},{\"@type\":\"WebPage\",\"@id\":\"https:\\\/\\\/sergiolapegue.com\\\/site\\\/2025\\\/10\\\/14\\\/concejo-de-familia\\\/\",\"url\":\"https:\\\/\\\/sergiolapegue.com\\\/site\\\/2025\\\/10\\\/14\\\/concejo-de-familia\\\/\",\"name\":\"CONCEJO DE FAMILIA - Sergio Lapegue\",\"isPartOf\":{\"@id\":\"https:\\\/\\\/sergiolapegue.com\\\/site\\\/#website\"},\"primaryImageOfPage\":{\"@id\":\"https:\\\/\\\/sergiolapegue.com\\\/site\\\/2025\\\/10\\\/14\\\/concejo-de-familia\\\/#primaryimage\"},\"image\":{\"@id\":\"https:\\\/\\\/sergiolapegue.com\\\/site\\\/2025\\\/10\\\/14\\\/concejo-de-familia\\\/#primaryimage\"},\"thumbnailUrl\":\"https:\\\/\\\/sergiolapegue.com\\\/site\\\/wp-content\\\/uploads\\\/2025\\\/10\\\/Consejo-de-familia.jpg\",\"datePublished\":\"2025-10-14T04:00:00+00:00\",\"dateModified\":\"2025-11-03T04:15:53+00:00\",\"breadcrumb\":{\"@id\":\"https:\\\/\\\/sergiolapegue.com\\\/site\\\/2025\\\/10\\\/14\\\/concejo-de-familia\\\/#breadcrumb\"},\"inLanguage\":\"es-AR\",\"potentialAction\":[{\"@type\":\"ReadAction\",\"target\":[\"https:\\\/\\\/sergiolapegue.com\\\/site\\\/2025\\\/10\\\/14\\\/concejo-de-familia\\\/\"]}]},{\"@type\":\"ImageObject\",\"inLanguage\":\"es-AR\",\"@id\":\"https:\\\/\\\/sergiolapegue.com\\\/site\\\/2025\\\/10\\\/14\\\/concejo-de-familia\\\/#primaryimage\",\"url\":\"https:\\\/\\\/sergiolapegue.com\\\/site\\\/wp-content\\\/uploads\\\/2025\\\/10\\\/Consejo-de-familia.jpg\",\"contentUrl\":\"https:\\\/\\\/sergiolapegue.com\\\/site\\\/wp-content\\\/uploads\\\/2025\\\/10\\\/Consejo-de-familia.jpg\",\"width\":1000,\"height\":1000},{\"@type\":\"BreadcrumbList\",\"@id\":\"https:\\\/\\\/sergiolapegue.com\\\/site\\\/2025\\\/10\\\/14\\\/concejo-de-familia\\\/#breadcrumb\",\"itemListElement\":[{\"@type\":\"ListItem\",\"position\":1,\"name\":\"Inicio\",\"item\":\"https:\\\/\\\/sergiolapegue.com\\\/site\\\/\"},{\"@type\":\"ListItem\",\"position\":2,\"name\":\"CONCEJO DE FAMILIA\"}]},{\"@type\":\"WebSite\",\"@id\":\"https:\\\/\\\/sergiolapegue.com\\\/site\\\/#website\",\"url\":\"https:\\\/\\\/sergiolapegue.com\\\/site\\\/\",\"name\":\"Sergio Lapegue\",\"description\":\"Periodista\",\"publisher\":{\"@id\":\"https:\\\/\\\/sergiolapegue.com\\\/site\\\/#\\\/schema\\\/person\\\/083aeceeb0734cd166779ea6c0551a37\"},\"potentialAction\":[{\"@type\":\"SearchAction\",\"target\":{\"@type\":\"EntryPoint\",\"urlTemplate\":\"https:\\\/\\\/sergiolapegue.com\\\/site\\\/?s={search_term_string}\"},\"query-input\":{\"@type\":\"PropertyValueSpecification\",\"valueRequired\":true,\"valueName\":\"search_term_string\"}}],\"inLanguage\":\"es-AR\"},{\"@type\":[\"Person\",\"Organization\"],\"@id\":\"https:\\\/\\\/sergiolapegue.com\\\/site\\\/#\\\/schema\\\/person\\\/083aeceeb0734cd166779ea6c0551a37\",\"name\":\"Sergio Lapegue\",\"image\":{\"@type\":\"ImageObject\",\"inLanguage\":\"es-AR\",\"@id\":\"https:\\\/\\\/sergiolapegue.com\\\/site\\\/wp-content\\\/uploads\\\/2021\\\/04\\\/logo_header-1.png\",\"url\":\"https:\\\/\\\/sergiolapegue.com\\\/site\\\/wp-content\\\/uploads\\\/2021\\\/04\\\/logo_header-1.png\",\"contentUrl\":\"https:\\\/\\\/sergiolapegue.com\\\/site\\\/wp-content\\\/uploads\\\/2021\\\/04\\\/logo_header-1.png\",\"width\":272,\"height\":90,\"caption\":\"Sergio Lapegue\"},\"logo\":{\"@id\":\"https:\\\/\\\/sergiolapegue.com\\\/site\\\/wp-content\\\/uploads\\\/2021\\\/04\\\/logo_header-1.png\"},\"sameAs\":[\"https:\\\/\\\/facebook.com\\\/sergiolapegue\",\"https:\\\/\\\/instagram.com\\\/sergiolapegue\",\"https:\\\/\\\/x.com\\\/https:\\\/\\\/twitter.com\\\/sergiolapegue\"]},{\"@type\":\"Person\",\"@id\":\"https:\\\/\\\/sergiolapegue.com\\\/site\\\/#\\\/schema\\\/person\\\/9198e7dbab43c6d74d0fd5399af7c3cd\",\"name\":\"Daniel E. Monta\u00f1a\",\"image\":{\"@type\":\"ImageObject\",\"inLanguage\":\"es-AR\",\"@id\":\"https:\\\/\\\/sergiolapegue.com\\\/site\\\/wp-content\\\/uploads\\\/2021\\\/04\\\/sl_avatar_Daniel-150x150.jpg\",\"url\":\"https:\\\/\\\/sergiolapegue.com\\\/site\\\/wp-content\\\/uploads\\\/2021\\\/04\\\/sl_avatar_Daniel-150x150.jpg\",\"contentUrl\":\"https:\\\/\\\/sergiolapegue.com\\\/site\\\/wp-content\\\/uploads\\\/2021\\\/04\\\/sl_avatar_Daniel-150x150.jpg\",\"caption\":\"Daniel E. Monta\u00f1a\"},\"sameAs\":[\"https:\\\/\\\/facebook.com\\\/danielernesto.montana\",\"https:\\\/\\\/instagram.com\\\/daniel_montana1961\",\"https:\\\/\\\/x.com\\\/https:\\\/\\\/twitter.com\\\/daner_004\"],\"url\":\"https:\\\/\\\/sergiolapegue.com\\\/site\\\/author\\\/daniel\\\/\"}]}<\/script>\n<!-- \/ Yoast SEO plugin. -->","yoast_head_json":{"title":"CONCEJO DE FAMILIA - Sergio Lapegue","robots":{"index":"index","follow":"follow","max-snippet":"max-snippet:-1","max-image-preview":"max-image-preview:large","max-video-preview":"max-video-preview:-1"},"canonical":"https:\/\/sergiolapegue.com\/site\/2025\/10\/14\/concejo-de-familia\/","og_locale":"es_ES","og_type":"article","og_title":"CONCEJO DE FAMILIA - Sergio Lapegue","og_description":"El 2 de octubre se estren\u00f3 en el Teatro Border \u201cConcejo de familia\u201d, una obra de Cristina Clemente, dirigida por Violeta C\u00e1rcova, con adaptaci\u00f3n de Nicol\u00e1s Alan Medina y las actuaciones de Joaqu\u00edn Ochoa, Chechu Vargas, Alexis Mazzitelli, Carla Pannunzio y Eduardo Munitz.&nbsp; Es una comedia dram\u00e1tica en la que una familia ha instaurado una [&hellip;]","og_url":"https:\/\/sergiolapegue.com\/site\/2025\/10\/14\/concejo-de-familia\/","og_site_name":"Sergio Lapegue","article_publisher":"https:\/\/facebook.com\/sergiolapegue","article_author":"https:\/\/facebook.com\/danielernesto.montana","article_published_time":"2025-10-14T04:00:00+00:00","article_modified_time":"2025-11-03T04:15:53+00:00","og_image":[{"width":1000,"height":1000,"url":"https:\/\/sergiolapegue.com\/site\/wp-content\/uploads\/2025\/10\/Consejo-de-familia.jpg","type":"image\/jpeg"}],"author":"Daniel E. Monta\u00f1a","twitter_card":"summary_large_image","twitter_creator":"@https:\/\/twitter.com\/daner_004","twitter_site":"@sergiolapegue","twitter_misc":{"Escrito por":"Daniel E. Monta\u00f1a","Tiempo de lectura":"4 minutos"},"schema":{"@context":"https:\/\/schema.org","@graph":[{"@type":"Article","@id":"https:\/\/sergiolapegue.com\/site\/2025\/10\/14\/concejo-de-familia\/#article","isPartOf":{"@id":"https:\/\/sergiolapegue.com\/site\/2025\/10\/14\/concejo-de-familia\/"},"author":{"name":"Daniel E. Monta\u00f1a","@id":"https:\/\/sergiolapegue.com\/site\/#\/schema\/person\/9198e7dbab43c6d74d0fd5399af7c3cd"},"headline":"CONCEJO DE FAMILIA","datePublished":"2025-10-14T04:00:00+00:00","dateModified":"2025-11-03T04:15:53+00:00","mainEntityOfPage":{"@id":"https:\/\/sergiolapegue.com\/site\/2025\/10\/14\/concejo-de-familia\/"},"wordCount":592,"commentCount":0,"publisher":{"@id":"https:\/\/sergiolapegue.com\/site\/#\/schema\/person\/083aeceeb0734cd166779ea6c0551a37"},"image":{"@id":"https:\/\/sergiolapegue.com\/site\/2025\/10\/14\/concejo-de-familia\/#primaryimage"},"thumbnailUrl":"https:\/\/sergiolapegue.com\/site\/wp-content\/uploads\/2025\/10\/Consejo-de-familia.jpg","articleSection":["Arte","Teatro"],"inLanguage":"es-AR","potentialAction":[{"@type":"CommentAction","name":"Comment","target":["https:\/\/sergiolapegue.com\/site\/2025\/10\/14\/concejo-de-familia\/#respond"]}]},{"@type":"WebPage","@id":"https:\/\/sergiolapegue.com\/site\/2025\/10\/14\/concejo-de-familia\/","url":"https:\/\/sergiolapegue.com\/site\/2025\/10\/14\/concejo-de-familia\/","name":"CONCEJO DE FAMILIA - Sergio Lapegue","isPartOf":{"@id":"https:\/\/sergiolapegue.com\/site\/#website"},"primaryImageOfPage":{"@id":"https:\/\/sergiolapegue.com\/site\/2025\/10\/14\/concejo-de-familia\/#primaryimage"},"image":{"@id":"https:\/\/sergiolapegue.com\/site\/2025\/10\/14\/concejo-de-familia\/#primaryimage"},"thumbnailUrl":"https:\/\/sergiolapegue.com\/site\/wp-content\/uploads\/2025\/10\/Consejo-de-familia.jpg","datePublished":"2025-10-14T04:00:00+00:00","dateModified":"2025-11-03T04:15:53+00:00","breadcrumb":{"@id":"https:\/\/sergiolapegue.com\/site\/2025\/10\/14\/concejo-de-familia\/#breadcrumb"},"inLanguage":"es-AR","potentialAction":[{"@type":"ReadAction","target":["https:\/\/sergiolapegue.com\/site\/2025\/10\/14\/concejo-de-familia\/"]}]},{"@type":"ImageObject","inLanguage":"es-AR","@id":"https:\/\/sergiolapegue.com\/site\/2025\/10\/14\/concejo-de-familia\/#primaryimage","url":"https:\/\/sergiolapegue.com\/site\/wp-content\/uploads\/2025\/10\/Consejo-de-familia.jpg","contentUrl":"https:\/\/sergiolapegue.com\/site\/wp-content\/uploads\/2025\/10\/Consejo-de-familia.jpg","width":1000,"height":1000},{"@type":"BreadcrumbList","@id":"https:\/\/sergiolapegue.com\/site\/2025\/10\/14\/concejo-de-familia\/#breadcrumb","itemListElement":[{"@type":"ListItem","position":1,"name":"Inicio","item":"https:\/\/sergiolapegue.com\/site\/"},{"@type":"ListItem","position":2,"name":"CONCEJO DE FAMILIA"}]},{"@type":"WebSite","@id":"https:\/\/sergiolapegue.com\/site\/#website","url":"https:\/\/sergiolapegue.com\/site\/","name":"Sergio Lapegue","description":"Periodista","publisher":{"@id":"https:\/\/sergiolapegue.com\/site\/#\/schema\/person\/083aeceeb0734cd166779ea6c0551a37"},"potentialAction":[{"@type":"SearchAction","target":{"@type":"EntryPoint","urlTemplate":"https:\/\/sergiolapegue.com\/site\/?s={search_term_string}"},"query-input":{"@type":"PropertyValueSpecification","valueRequired":true,"valueName":"search_term_string"}}],"inLanguage":"es-AR"},{"@type":["Person","Organization"],"@id":"https:\/\/sergiolapegue.com\/site\/#\/schema\/person\/083aeceeb0734cd166779ea6c0551a37","name":"Sergio Lapegue","image":{"@type":"ImageObject","inLanguage":"es-AR","@id":"https:\/\/sergiolapegue.com\/site\/wp-content\/uploads\/2021\/04\/logo_header-1.png","url":"https:\/\/sergiolapegue.com\/site\/wp-content\/uploads\/2021\/04\/logo_header-1.png","contentUrl":"https:\/\/sergiolapegue.com\/site\/wp-content\/uploads\/2021\/04\/logo_header-1.png","width":272,"height":90,"caption":"Sergio Lapegue"},"logo":{"@id":"https:\/\/sergiolapegue.com\/site\/wp-content\/uploads\/2021\/04\/logo_header-1.png"},"sameAs":["https:\/\/facebook.com\/sergiolapegue","https:\/\/instagram.com\/sergiolapegue","https:\/\/x.com\/https:\/\/twitter.com\/sergiolapegue"]},{"@type":"Person","@id":"https:\/\/sergiolapegue.com\/site\/#\/schema\/person\/9198e7dbab43c6d74d0fd5399af7c3cd","name":"Daniel E. Monta\u00f1a","image":{"@type":"ImageObject","inLanguage":"es-AR","@id":"https:\/\/sergiolapegue.com\/site\/wp-content\/uploads\/2021\/04\/sl_avatar_Daniel-150x150.jpg","url":"https:\/\/sergiolapegue.com\/site\/wp-content\/uploads\/2021\/04\/sl_avatar_Daniel-150x150.jpg","contentUrl":"https:\/\/sergiolapegue.com\/site\/wp-content\/uploads\/2021\/04\/sl_avatar_Daniel-150x150.jpg","caption":"Daniel E. Monta\u00f1a"},"sameAs":["https:\/\/facebook.com\/danielernesto.montana","https:\/\/instagram.com\/daniel_montana1961","https:\/\/x.com\/https:\/\/twitter.com\/daner_004"],"url":"https:\/\/sergiolapegue.com\/site\/author\/daniel\/"}]}},"_links":{"self":[{"href":"https:\/\/sergiolapegue.com\/site\/wp-json\/wp\/v2\/posts\/26107","targetHints":{"allow":["GET"]}}],"collection":[{"href":"https:\/\/sergiolapegue.com\/site\/wp-json\/wp\/v2\/posts"}],"about":[{"href":"https:\/\/sergiolapegue.com\/site\/wp-json\/wp\/v2\/types\/post"}],"author":[{"embeddable":true,"href":"https:\/\/sergiolapegue.com\/site\/wp-json\/wp\/v2\/users\/3"}],"replies":[{"embeddable":true,"href":"https:\/\/sergiolapegue.com\/site\/wp-json\/wp\/v2\/comments?post=26107"}],"version-history":[{"count":2,"href":"https:\/\/sergiolapegue.com\/site\/wp-json\/wp\/v2\/posts\/26107\/revisions"}],"predecessor-version":[{"id":26536,"href":"https:\/\/sergiolapegue.com\/site\/wp-json\/wp\/v2\/posts\/26107\/revisions\/26536"}],"wp:featuredmedia":[{"embeddable":true,"href":"https:\/\/sergiolapegue.com\/site\/wp-json\/wp\/v2\/media\/26112"}],"wp:attachment":[{"href":"https:\/\/sergiolapegue.com\/site\/wp-json\/wp\/v2\/media?parent=26107"}],"wp:term":[{"taxonomy":"category","embeddable":true,"href":"https:\/\/sergiolapegue.com\/site\/wp-json\/wp\/v2\/categories?post=26107"},{"taxonomy":"post_tag","embeddable":true,"href":"https:\/\/sergiolapegue.com\/site\/wp-json\/wp\/v2\/tags?post=26107"}],"curies":[{"name":"wp","href":"https:\/\/api.w.org\/{rel}","templated":true}]}}