{"id":25976,"date":"2025-10-08T17:00:00","date_gmt":"2025-10-08T20:00:00","guid":{"rendered":"https:\/\/sergiolapegue.com\/site\/?p=25976"},"modified":"2025-10-08T00:47:39","modified_gmt":"2025-10-08T03:47:39","slug":"miramar","status":"publish","type":"post","link":"https:\/\/sergiolapegue.com\/site\/2025\/10\/08\/miramar\/","title":{"rendered":"\u201cMIRAMAR\u201d"},"content":{"rendered":"\n<p>La obra&nbsp;MIRAMAR&nbsp;protagonizada por&nbsp;Agustina Benedettelli, Flor Moreno y Juan Santiago, bajo la direcci\u00f3n de&nbsp;Lorena Romanin y con dramaturgia de Agustina Benedettelli y Lorena Romanin, se estrenar\u00e1 el 17 de octubre&nbsp;y se presentar\u00e1 todos los viernes de octubre y noviembre en el&nbsp;Espacio Callej\u00f3n a las 20:00 horas.<\/p>\n\n\n\n<p>&#8220;Miramar&#8221; es una tragicomedia playera bajo el sol de los a\u00f1os 90, donde dos hermanas vacacionan y un acontecimiento familiar va a hacer que las heridas ardan bajo el sol miramarense. Una obra llena de humor, bien argenta, que dialoga con la actualidad.<\/p>\n\n\n\n<figure class=\"wp-block-image size-full\"><img loading=\"lazy\" decoding=\"async\" width=\"900\" height=\"601\" src=\"https:\/\/sergiolapegue.com\/site\/wp-content\/uploads\/2025\/10\/Miramar-1.jpg\" alt=\"\" class=\"wp-image-25977\" srcset=\"https:\/\/sergiolapegue.com\/site\/wp-content\/uploads\/2025\/10\/Miramar-1.jpg 900w, https:\/\/sergiolapegue.com\/site\/wp-content\/uploads\/2025\/10\/Miramar-1-300x200.jpg 300w, https:\/\/sergiolapegue.com\/site\/wp-content\/uploads\/2025\/10\/Miramar-1-768x513.jpg 768w, https:\/\/sergiolapegue.com\/site\/wp-content\/uploads\/2025\/10\/Miramar-1-629x420.jpg 629w, https:\/\/sergiolapegue.com\/site\/wp-content\/uploads\/2025\/10\/Miramar-1-696x465.jpg 696w\" sizes=\"auto, (max-width: 900px) 100vw, 900px\" \/><\/figure>\n\n\n\n<p><strong>SINOPSIS<\/strong><br>A comienzos de los a\u00f1os 90, dos hermanas veranean en Miramar. Entre la arena, el sol y un suceso familiar inesperado, Natalia \u2014enemiga de la playa \u2014 y Stella Maris \u2014 amante del sol y de la arena \u2014 se enfrentan a una convivencia donde las heridas salen a la luz.<\/p>\n\n\n\n<p>La irrupci\u00f3n del ba\u00f1ero aporta un contrapunto inesperado en una tragicomedia que explora la fragilidad de los v\u00ednculos con humor, iron\u00eda y la imposibilidad de escapar de la familia, incluso en vacaciones.<\/p>\n\n\n\n<figure class=\"wp-block-image size-full\"><img loading=\"lazy\" decoding=\"async\" width=\"900\" height=\"601\" src=\"https:\/\/sergiolapegue.com\/site\/wp-content\/uploads\/2025\/10\/Miramar-5.jpg\" alt=\"\" class=\"wp-image-25978\" srcset=\"https:\/\/sergiolapegue.com\/site\/wp-content\/uploads\/2025\/10\/Miramar-5.jpg 900w, https:\/\/sergiolapegue.com\/site\/wp-content\/uploads\/2025\/10\/Miramar-5-300x200.jpg 300w, https:\/\/sergiolapegue.com\/site\/wp-content\/uploads\/2025\/10\/Miramar-5-768x513.jpg 768w, https:\/\/sergiolapegue.com\/site\/wp-content\/uploads\/2025\/10\/Miramar-5-629x420.jpg 629w, https:\/\/sergiolapegue.com\/site\/wp-content\/uploads\/2025\/10\/Miramar-5-696x465.jpg 696w\" sizes=\"auto, (max-width: 900px) 100vw, 900px\" \/><\/figure>\n\n\n\n<p><strong>FICHA T\u00c9CNICO ART\u00cdSTICA<\/strong><\/p>\n\n\n\n<p><strong>Texto:<\/strong> Agustina Benedettelli y Lorena Romanin<\/p>\n\n\n\n<p><strong>Elenco:<\/strong> Agustina Benedettelli, Flor Moreno, Juan Santiago<\/p>\n\n\n\n<p><strong>M\u00fasico en escena:<\/strong> Tito Losavio<\/p>\n\n\n\n<p><strong>Escenograf\u00eda:<\/strong> Pablo Calmet<\/p>\n\n\n\n<p><strong>Iluminaci\u00f3n:<\/strong> Pablo Calmet<\/p>\n\n\n\n<p><strong>Vestuario:<\/strong> Sol Tevez<\/p>\n\n\n\n<p><strong>Coreograf\u00eda:<\/strong> Roberta Bl\u00e1zquez Cal\u00f3<\/p>\n\n\n\n<p><strong>Fotos:<\/strong> Mar\u00eda In\u00e9s Leiva<\/p>\n\n\n\n<p><strong>Dise\u00f1o gr\u00e1fico:<\/strong> Jimena Orlando<\/p>\n\n\n\n<p><strong>Prensa y comunicaci\u00f3n:<\/strong> Max Czajkowski<\/p>\n\n\n\n<p><strong>Asistencia de direcci\u00f3n:<\/strong> Conrado Ledesma, Casiana Ronconi Palma<\/p>\n\n\n\n<p><strong>Producci\u00f3n general:<\/strong> Agustina Benedettelli y Flor Moreno<\/p>\n\n\n\n<p><strong>Producci\u00f3n ejecutiva:<\/strong> Carla Fontao<\/p>\n\n\n\n<p><strong>Direcci\u00f3n:<\/strong> Lorena Romanin<\/p>\n\n\n\n<p><strong>Duraci\u00f3n:<\/strong> 60 minutos<\/p>\n\n\n\n<p><strong>Clasificaci\u00f3n:<\/strong> Teatro \u2013 Presencial \u2013 Adultos<\/p>\n\n\n\n<figure class=\"wp-block-image size-full\"><img loading=\"lazy\" decoding=\"async\" width=\"900\" height=\"601\" src=\"https:\/\/sergiolapegue.com\/site\/wp-content\/uploads\/2025\/10\/Miramar-4.jpg\" alt=\"\" class=\"wp-image-25979\" srcset=\"https:\/\/sergiolapegue.com\/site\/wp-content\/uploads\/2025\/10\/Miramar-4.jpg 900w, https:\/\/sergiolapegue.com\/site\/wp-content\/uploads\/2025\/10\/Miramar-4-300x200.jpg 300w, https:\/\/sergiolapegue.com\/site\/wp-content\/uploads\/2025\/10\/Miramar-4-768x513.jpg 768w, https:\/\/sergiolapegue.com\/site\/wp-content\/uploads\/2025\/10\/Miramar-4-629x420.jpg 629w, https:\/\/sergiolapegue.com\/site\/wp-content\/uploads\/2025\/10\/Miramar-4-696x465.jpg 696w\" sizes=\"auto, (max-width: 900px) 100vw, 900px\" \/><\/figure>\n\n\n\n<p><strong>ESPACIO CALLEJ\u00d3N<\/strong><strong><\/strong><\/p>\n\n\n\n<p>Humahuaca 3759 \u2013 Capital Federal \u2013 Buenos Aires \u2013 Argentina<\/p>\n\n\n\n<p>Web: <a href=\"https:\/\/www.instagram.com\/espacio_callejon\/\">https:\/\/www.instagram.com\/espacio_callejon\/<\/a><\/p>\n\n\n\n<p>Entradas: $ 18.000 \u2013 en boleter\u00eda del teatro o por Alternativa Teatral \u2013 Link:<\/p>\n\n\n\n<p><a href=\"https:\/\/publico.alternativateatral.com\/entradas97707-miramar?o=14\">https:\/\/publico.alternativateatral.com\/entradas97707-miramar?o=14<\/a><\/p>\n\n\n\n<p>Funciones: Viernes 20:00 horas \u2013 Del 17\/10\/2025 al 28\/11\/2025<\/p>\n\n\n\n<p>Gracias Max Czajkowski por hacernos llegar la gacetilla de prensa del estreno de este espect\u00e1culo.<\/p>\n\n\n\n<p><\/p>\n","protected":false},"excerpt":{"rendered":"<p>La obra&nbsp;MIRAMAR&nbsp;protagonizada por&nbsp;Agustina Benedettelli, Flor Moreno y Juan Santiago, bajo la direcci\u00f3n de&nbsp;Lorena Romanin y con dramaturgia de Agustina Benedettelli y Lorena Romanin, se estrenar\u00e1 el 17 de octubre&nbsp;y se presentar\u00e1 todos los viernes de octubre y noviembre en el&nbsp;Espacio Callej\u00f3n a las 20:00 horas. &#8220;Miramar&#8221; es una tragicomedia playera bajo el sol de los [&hellip;]<\/p>\n","protected":false},"author":3,"featured_media":25980,"comment_status":"open","ping_status":"closed","sticky":false,"template":"","format":"standard","meta":{"footnotes":""},"categories":[34,35],"tags":[],"class_list":{"0":"post-25976","1":"post","2":"type-post","3":"status-publish","4":"format-standard","5":"has-post-thumbnail","7":"category-arte","8":"category-teatro"},"yoast_head":"<!-- This site is optimized with the Yoast SEO plugin v27.5 - https:\/\/yoast.com\/product\/yoast-seo-wordpress\/ -->\n<title>\u201cMIRAMAR\u201d - Sergio Lapegue<\/title>\n<meta name=\"robots\" content=\"index, follow, max-snippet:-1, max-image-preview:large, max-video-preview:-1\" \/>\n<link rel=\"canonical\" href=\"https:\/\/sergiolapegue.com\/site\/2025\/10\/08\/miramar\/\" \/>\n<meta property=\"og:locale\" content=\"es_ES\" \/>\n<meta property=\"og:type\" content=\"article\" \/>\n<meta property=\"og:title\" content=\"\u201cMIRAMAR\u201d - Sergio Lapegue\" \/>\n<meta property=\"og:description\" content=\"La obra&nbsp;MIRAMAR&nbsp;protagonizada por&nbsp;Agustina Benedettelli, Flor Moreno y Juan Santiago, bajo la direcci\u00f3n de&nbsp;Lorena Romanin y con dramaturgia de Agustina Benedettelli y Lorena Romanin, se estrenar\u00e1 el 17 de octubre&nbsp;y se presentar\u00e1 todos los viernes de octubre y noviembre en el&nbsp;Espacio Callej\u00f3n a las 20:00 horas. &#8220;Miramar&#8221; es una tragicomedia playera bajo el sol de los [&hellip;]\" \/>\n<meta property=\"og:url\" content=\"https:\/\/sergiolapegue.com\/site\/2025\/10\/08\/miramar\/\" \/>\n<meta property=\"og:site_name\" content=\"Sergio Lapegue\" \/>\n<meta property=\"article:publisher\" content=\"https:\/\/facebook.com\/sergiolapegue\" \/>\n<meta property=\"article:author\" content=\"https:\/\/facebook.com\/danielernesto.montana\" \/>\n<meta property=\"article:published_time\" content=\"2025-10-08T20:00:00+00:00\" \/>\n<meta property=\"og:image\" content=\"https:\/\/sergiolapegue.com\/site\/wp-content\/uploads\/2025\/10\/Miramar.jpg\" \/>\n\t<meta property=\"og:image:width\" content=\"600\" \/>\n\t<meta property=\"og:image:height\" content=\"800\" \/>\n\t<meta property=\"og:image:type\" content=\"image\/jpeg\" \/>\n<meta name=\"author\" content=\"Daniel E. Monta\u00f1a\" \/>\n<meta name=\"twitter:card\" content=\"summary_large_image\" \/>\n<meta name=\"twitter:creator\" content=\"@https:\/\/twitter.com\/daner_004\" \/>\n<meta name=\"twitter:site\" content=\"@sergiolapegue\" \/>\n<meta name=\"twitter:label1\" content=\"Escrito por\" \/>\n\t<meta name=\"twitter:data1\" content=\"Daniel E. Monta\u00f1a\" \/>\n\t<meta name=\"twitter:label2\" content=\"Tiempo de lectura\" \/>\n\t<meta name=\"twitter:data2\" content=\"3 minutos\" \/>\n<script type=\"application\/ld+json\" class=\"yoast-schema-graph\">{\"@context\":\"https:\\\/\\\/schema.org\",\"@graph\":[{\"@type\":\"Article\",\"@id\":\"https:\\\/\\\/sergiolapegue.com\\\/site\\\/2025\\\/10\\\/08\\\/miramar\\\/#article\",\"isPartOf\":{\"@id\":\"https:\\\/\\\/sergiolapegue.com\\\/site\\\/2025\\\/10\\\/08\\\/miramar\\\/\"},\"author\":{\"name\":\"Daniel E. Monta\u00f1a\",\"@id\":\"https:\\\/\\\/sergiolapegue.com\\\/site\\\/#\\\/schema\\\/person\\\/9198e7dbab43c6d74d0fd5399af7c3cd\"},\"headline\":\"\u201cMIRAMAR\u201d\",\"datePublished\":\"2025-10-08T20:00:00+00:00\",\"mainEntityOfPage\":{\"@id\":\"https:\\\/\\\/sergiolapegue.com\\\/site\\\/2025\\\/10\\\/08\\\/miramar\\\/\"},\"wordCount\":334,\"commentCount\":0,\"publisher\":{\"@id\":\"https:\\\/\\\/sergiolapegue.com\\\/site\\\/#\\\/schema\\\/person\\\/083aeceeb0734cd166779ea6c0551a37\"},\"image\":{\"@id\":\"https:\\\/\\\/sergiolapegue.com\\\/site\\\/2025\\\/10\\\/08\\\/miramar\\\/#primaryimage\"},\"thumbnailUrl\":\"https:\\\/\\\/sergiolapegue.com\\\/site\\\/wp-content\\\/uploads\\\/2025\\\/10\\\/Miramar.jpg\",\"articleSection\":[\"Arte\",\"Teatro\"],\"inLanguage\":\"es-AR\",\"potentialAction\":[{\"@type\":\"CommentAction\",\"name\":\"Comment\",\"target\":[\"https:\\\/\\\/sergiolapegue.com\\\/site\\\/2025\\\/10\\\/08\\\/miramar\\\/#respond\"]}]},{\"@type\":\"WebPage\",\"@id\":\"https:\\\/\\\/sergiolapegue.com\\\/site\\\/2025\\\/10\\\/08\\\/miramar\\\/\",\"url\":\"https:\\\/\\\/sergiolapegue.com\\\/site\\\/2025\\\/10\\\/08\\\/miramar\\\/\",\"name\":\"\u201cMIRAMAR\u201d - Sergio Lapegue\",\"isPartOf\":{\"@id\":\"https:\\\/\\\/sergiolapegue.com\\\/site\\\/#website\"},\"primaryImageOfPage\":{\"@id\":\"https:\\\/\\\/sergiolapegue.com\\\/site\\\/2025\\\/10\\\/08\\\/miramar\\\/#primaryimage\"},\"image\":{\"@id\":\"https:\\\/\\\/sergiolapegue.com\\\/site\\\/2025\\\/10\\\/08\\\/miramar\\\/#primaryimage\"},\"thumbnailUrl\":\"https:\\\/\\\/sergiolapegue.com\\\/site\\\/wp-content\\\/uploads\\\/2025\\\/10\\\/Miramar.jpg\",\"datePublished\":\"2025-10-08T20:00:00+00:00\",\"breadcrumb\":{\"@id\":\"https:\\\/\\\/sergiolapegue.com\\\/site\\\/2025\\\/10\\\/08\\\/miramar\\\/#breadcrumb\"},\"inLanguage\":\"es-AR\",\"potentialAction\":[{\"@type\":\"ReadAction\",\"target\":[\"https:\\\/\\\/sergiolapegue.com\\\/site\\\/2025\\\/10\\\/08\\\/miramar\\\/\"]}]},{\"@type\":\"ImageObject\",\"inLanguage\":\"es-AR\",\"@id\":\"https:\\\/\\\/sergiolapegue.com\\\/site\\\/2025\\\/10\\\/08\\\/miramar\\\/#primaryimage\",\"url\":\"https:\\\/\\\/sergiolapegue.com\\\/site\\\/wp-content\\\/uploads\\\/2025\\\/10\\\/Miramar.jpg\",\"contentUrl\":\"https:\\\/\\\/sergiolapegue.com\\\/site\\\/wp-content\\\/uploads\\\/2025\\\/10\\\/Miramar.jpg\",\"width\":600,\"height\":800},{\"@type\":\"BreadcrumbList\",\"@id\":\"https:\\\/\\\/sergiolapegue.com\\\/site\\\/2025\\\/10\\\/08\\\/miramar\\\/#breadcrumb\",\"itemListElement\":[{\"@type\":\"ListItem\",\"position\":1,\"name\":\"Inicio\",\"item\":\"https:\\\/\\\/sergiolapegue.com\\\/site\\\/\"},{\"@type\":\"ListItem\",\"position\":2,\"name\":\"\u201cMIRAMAR\u201d\"}]},{\"@type\":\"WebSite\",\"@id\":\"https:\\\/\\\/sergiolapegue.com\\\/site\\\/#website\",\"url\":\"https:\\\/\\\/sergiolapegue.com\\\/site\\\/\",\"name\":\"Sergio Lapegue\",\"description\":\"Periodista\",\"publisher\":{\"@id\":\"https:\\\/\\\/sergiolapegue.com\\\/site\\\/#\\\/schema\\\/person\\\/083aeceeb0734cd166779ea6c0551a37\"},\"potentialAction\":[{\"@type\":\"SearchAction\",\"target\":{\"@type\":\"EntryPoint\",\"urlTemplate\":\"https:\\\/\\\/sergiolapegue.com\\\/site\\\/?s={search_term_string}\"},\"query-input\":{\"@type\":\"PropertyValueSpecification\",\"valueRequired\":true,\"valueName\":\"search_term_string\"}}],\"inLanguage\":\"es-AR\"},{\"@type\":[\"Person\",\"Organization\"],\"@id\":\"https:\\\/\\\/sergiolapegue.com\\\/site\\\/#\\\/schema\\\/person\\\/083aeceeb0734cd166779ea6c0551a37\",\"name\":\"Sergio Lapegue\",\"image\":{\"@type\":\"ImageObject\",\"inLanguage\":\"es-AR\",\"@id\":\"https:\\\/\\\/sergiolapegue.com\\\/site\\\/wp-content\\\/uploads\\\/2021\\\/04\\\/logo_header-1.png\",\"url\":\"https:\\\/\\\/sergiolapegue.com\\\/site\\\/wp-content\\\/uploads\\\/2021\\\/04\\\/logo_header-1.png\",\"contentUrl\":\"https:\\\/\\\/sergiolapegue.com\\\/site\\\/wp-content\\\/uploads\\\/2021\\\/04\\\/logo_header-1.png\",\"width\":272,\"height\":90,\"caption\":\"Sergio Lapegue\"},\"logo\":{\"@id\":\"https:\\\/\\\/sergiolapegue.com\\\/site\\\/wp-content\\\/uploads\\\/2021\\\/04\\\/logo_header-1.png\"},\"sameAs\":[\"https:\\\/\\\/facebook.com\\\/sergiolapegue\",\"https:\\\/\\\/instagram.com\\\/sergiolapegue\",\"https:\\\/\\\/x.com\\\/https:\\\/\\\/twitter.com\\\/sergiolapegue\"]},{\"@type\":\"Person\",\"@id\":\"https:\\\/\\\/sergiolapegue.com\\\/site\\\/#\\\/schema\\\/person\\\/9198e7dbab43c6d74d0fd5399af7c3cd\",\"name\":\"Daniel E. Monta\u00f1a\",\"image\":{\"@type\":\"ImageObject\",\"inLanguage\":\"es-AR\",\"@id\":\"https:\\\/\\\/sergiolapegue.com\\\/site\\\/wp-content\\\/uploads\\\/2021\\\/04\\\/sl_avatar_Daniel-150x150.jpg\",\"url\":\"https:\\\/\\\/sergiolapegue.com\\\/site\\\/wp-content\\\/uploads\\\/2021\\\/04\\\/sl_avatar_Daniel-150x150.jpg\",\"contentUrl\":\"https:\\\/\\\/sergiolapegue.com\\\/site\\\/wp-content\\\/uploads\\\/2021\\\/04\\\/sl_avatar_Daniel-150x150.jpg\",\"caption\":\"Daniel E. Monta\u00f1a\"},\"sameAs\":[\"https:\\\/\\\/facebook.com\\\/danielernesto.montana\",\"https:\\\/\\\/instagram.com\\\/daniel_montana1961\",\"https:\\\/\\\/x.com\\\/https:\\\/\\\/twitter.com\\\/daner_004\"],\"url\":\"https:\\\/\\\/sergiolapegue.com\\\/site\\\/author\\\/daniel\\\/\"}]}<\/script>\n<!-- \/ Yoast SEO plugin. -->","yoast_head_json":{"title":"\u201cMIRAMAR\u201d - Sergio Lapegue","robots":{"index":"index","follow":"follow","max-snippet":"max-snippet:-1","max-image-preview":"max-image-preview:large","max-video-preview":"max-video-preview:-1"},"canonical":"https:\/\/sergiolapegue.com\/site\/2025\/10\/08\/miramar\/","og_locale":"es_ES","og_type":"article","og_title":"\u201cMIRAMAR\u201d - Sergio Lapegue","og_description":"La obra&nbsp;MIRAMAR&nbsp;protagonizada por&nbsp;Agustina Benedettelli, Flor Moreno y Juan Santiago, bajo la direcci\u00f3n de&nbsp;Lorena Romanin y con dramaturgia de Agustina Benedettelli y Lorena Romanin, se estrenar\u00e1 el 17 de octubre&nbsp;y se presentar\u00e1 todos los viernes de octubre y noviembre en el&nbsp;Espacio Callej\u00f3n a las 20:00 horas. &#8220;Miramar&#8221; es una tragicomedia playera bajo el sol de los [&hellip;]","og_url":"https:\/\/sergiolapegue.com\/site\/2025\/10\/08\/miramar\/","og_site_name":"Sergio Lapegue","article_publisher":"https:\/\/facebook.com\/sergiolapegue","article_author":"https:\/\/facebook.com\/danielernesto.montana","article_published_time":"2025-10-08T20:00:00+00:00","og_image":[{"width":600,"height":800,"url":"https:\/\/sergiolapegue.com\/site\/wp-content\/uploads\/2025\/10\/Miramar.jpg","type":"image\/jpeg"}],"author":"Daniel E. Monta\u00f1a","twitter_card":"summary_large_image","twitter_creator":"@https:\/\/twitter.com\/daner_004","twitter_site":"@sergiolapegue","twitter_misc":{"Escrito por":"Daniel E. Monta\u00f1a","Tiempo de lectura":"3 minutos"},"schema":{"@context":"https:\/\/schema.org","@graph":[{"@type":"Article","@id":"https:\/\/sergiolapegue.com\/site\/2025\/10\/08\/miramar\/#article","isPartOf":{"@id":"https:\/\/sergiolapegue.com\/site\/2025\/10\/08\/miramar\/"},"author":{"name":"Daniel E. Monta\u00f1a","@id":"https:\/\/sergiolapegue.com\/site\/#\/schema\/person\/9198e7dbab43c6d74d0fd5399af7c3cd"},"headline":"\u201cMIRAMAR\u201d","datePublished":"2025-10-08T20:00:00+00:00","mainEntityOfPage":{"@id":"https:\/\/sergiolapegue.com\/site\/2025\/10\/08\/miramar\/"},"wordCount":334,"commentCount":0,"publisher":{"@id":"https:\/\/sergiolapegue.com\/site\/#\/schema\/person\/083aeceeb0734cd166779ea6c0551a37"},"image":{"@id":"https:\/\/sergiolapegue.com\/site\/2025\/10\/08\/miramar\/#primaryimage"},"thumbnailUrl":"https:\/\/sergiolapegue.com\/site\/wp-content\/uploads\/2025\/10\/Miramar.jpg","articleSection":["Arte","Teatro"],"inLanguage":"es-AR","potentialAction":[{"@type":"CommentAction","name":"Comment","target":["https:\/\/sergiolapegue.com\/site\/2025\/10\/08\/miramar\/#respond"]}]},{"@type":"WebPage","@id":"https:\/\/sergiolapegue.com\/site\/2025\/10\/08\/miramar\/","url":"https:\/\/sergiolapegue.com\/site\/2025\/10\/08\/miramar\/","name":"\u201cMIRAMAR\u201d - Sergio Lapegue","isPartOf":{"@id":"https:\/\/sergiolapegue.com\/site\/#website"},"primaryImageOfPage":{"@id":"https:\/\/sergiolapegue.com\/site\/2025\/10\/08\/miramar\/#primaryimage"},"image":{"@id":"https:\/\/sergiolapegue.com\/site\/2025\/10\/08\/miramar\/#primaryimage"},"thumbnailUrl":"https:\/\/sergiolapegue.com\/site\/wp-content\/uploads\/2025\/10\/Miramar.jpg","datePublished":"2025-10-08T20:00:00+00:00","breadcrumb":{"@id":"https:\/\/sergiolapegue.com\/site\/2025\/10\/08\/miramar\/#breadcrumb"},"inLanguage":"es-AR","potentialAction":[{"@type":"ReadAction","target":["https:\/\/sergiolapegue.com\/site\/2025\/10\/08\/miramar\/"]}]},{"@type":"ImageObject","inLanguage":"es-AR","@id":"https:\/\/sergiolapegue.com\/site\/2025\/10\/08\/miramar\/#primaryimage","url":"https:\/\/sergiolapegue.com\/site\/wp-content\/uploads\/2025\/10\/Miramar.jpg","contentUrl":"https:\/\/sergiolapegue.com\/site\/wp-content\/uploads\/2025\/10\/Miramar.jpg","width":600,"height":800},{"@type":"BreadcrumbList","@id":"https:\/\/sergiolapegue.com\/site\/2025\/10\/08\/miramar\/#breadcrumb","itemListElement":[{"@type":"ListItem","position":1,"name":"Inicio","item":"https:\/\/sergiolapegue.com\/site\/"},{"@type":"ListItem","position":2,"name":"\u201cMIRAMAR\u201d"}]},{"@type":"WebSite","@id":"https:\/\/sergiolapegue.com\/site\/#website","url":"https:\/\/sergiolapegue.com\/site\/","name":"Sergio Lapegue","description":"Periodista","publisher":{"@id":"https:\/\/sergiolapegue.com\/site\/#\/schema\/person\/083aeceeb0734cd166779ea6c0551a37"},"potentialAction":[{"@type":"SearchAction","target":{"@type":"EntryPoint","urlTemplate":"https:\/\/sergiolapegue.com\/site\/?s={search_term_string}"},"query-input":{"@type":"PropertyValueSpecification","valueRequired":true,"valueName":"search_term_string"}}],"inLanguage":"es-AR"},{"@type":["Person","Organization"],"@id":"https:\/\/sergiolapegue.com\/site\/#\/schema\/person\/083aeceeb0734cd166779ea6c0551a37","name":"Sergio Lapegue","image":{"@type":"ImageObject","inLanguage":"es-AR","@id":"https:\/\/sergiolapegue.com\/site\/wp-content\/uploads\/2021\/04\/logo_header-1.png","url":"https:\/\/sergiolapegue.com\/site\/wp-content\/uploads\/2021\/04\/logo_header-1.png","contentUrl":"https:\/\/sergiolapegue.com\/site\/wp-content\/uploads\/2021\/04\/logo_header-1.png","width":272,"height":90,"caption":"Sergio Lapegue"},"logo":{"@id":"https:\/\/sergiolapegue.com\/site\/wp-content\/uploads\/2021\/04\/logo_header-1.png"},"sameAs":["https:\/\/facebook.com\/sergiolapegue","https:\/\/instagram.com\/sergiolapegue","https:\/\/x.com\/https:\/\/twitter.com\/sergiolapegue"]},{"@type":"Person","@id":"https:\/\/sergiolapegue.com\/site\/#\/schema\/person\/9198e7dbab43c6d74d0fd5399af7c3cd","name":"Daniel E. Monta\u00f1a","image":{"@type":"ImageObject","inLanguage":"es-AR","@id":"https:\/\/sergiolapegue.com\/site\/wp-content\/uploads\/2021\/04\/sl_avatar_Daniel-150x150.jpg","url":"https:\/\/sergiolapegue.com\/site\/wp-content\/uploads\/2021\/04\/sl_avatar_Daniel-150x150.jpg","contentUrl":"https:\/\/sergiolapegue.com\/site\/wp-content\/uploads\/2021\/04\/sl_avatar_Daniel-150x150.jpg","caption":"Daniel E. Monta\u00f1a"},"sameAs":["https:\/\/facebook.com\/danielernesto.montana","https:\/\/instagram.com\/daniel_montana1961","https:\/\/x.com\/https:\/\/twitter.com\/daner_004"],"url":"https:\/\/sergiolapegue.com\/site\/author\/daniel\/"}]}},"_links":{"self":[{"href":"https:\/\/sergiolapegue.com\/site\/wp-json\/wp\/v2\/posts\/25976","targetHints":{"allow":["GET"]}}],"collection":[{"href":"https:\/\/sergiolapegue.com\/site\/wp-json\/wp\/v2\/posts"}],"about":[{"href":"https:\/\/sergiolapegue.com\/site\/wp-json\/wp\/v2\/types\/post"}],"author":[{"embeddable":true,"href":"https:\/\/sergiolapegue.com\/site\/wp-json\/wp\/v2\/users\/3"}],"replies":[{"embeddable":true,"href":"https:\/\/sergiolapegue.com\/site\/wp-json\/wp\/v2\/comments?post=25976"}],"version-history":[{"count":1,"href":"https:\/\/sergiolapegue.com\/site\/wp-json\/wp\/v2\/posts\/25976\/revisions"}],"predecessor-version":[{"id":25981,"href":"https:\/\/sergiolapegue.com\/site\/wp-json\/wp\/v2\/posts\/25976\/revisions\/25981"}],"wp:featuredmedia":[{"embeddable":true,"href":"https:\/\/sergiolapegue.com\/site\/wp-json\/wp\/v2\/media\/25980"}],"wp:attachment":[{"href":"https:\/\/sergiolapegue.com\/site\/wp-json\/wp\/v2\/media?parent=25976"}],"wp:term":[{"taxonomy":"category","embeddable":true,"href":"https:\/\/sergiolapegue.com\/site\/wp-json\/wp\/v2\/categories?post=25976"},{"taxonomy":"post_tag","embeddable":true,"href":"https:\/\/sergiolapegue.com\/site\/wp-json\/wp\/v2\/tags?post=25976"}],"curies":[{"name":"wp","href":"https:\/\/api.w.org\/{rel}","templated":true}]}}