{"id":25924,"date":"2025-10-05T19:00:00","date_gmt":"2025-10-05T22:00:00","guid":{"rendered":"https:\/\/sergiolapegue.com\/site\/?p=25924"},"modified":"2025-10-04T18:31:20","modified_gmt":"2025-10-04T21:31:20","slug":"mas-alla-del-mar","status":"publish","type":"post","link":"https:\/\/sergiolapegue.com\/site\/2025\/10\/05\/mas-alla-del-mar\/","title":{"rendered":"M\u00c1S ALL\u00c1 DEL MAR"},"content":{"rendered":"\n<p>En el Mes del Inmigrante, la escritora y neuropsicoeducadora&nbsp;Diana Arias presenta su primera novela, \u201cM\u00e1s all\u00e1 del mar\u201d&nbsp;(Penguin Random House), un homenaje al coraje de la inmigraci\u00f3n, una historia conmovedora basada en hechos reales que recupera la memoria de quienes dejaron todo atr\u00e1s para empezar de nuevo.<\/p>\n\n\n\n<p>Con una narraci\u00f3n vibrante y sensible, Arias rescata la historia de&nbsp;Lola, una joven gallega de 15 a\u00f1os que viaja sola hacia Am\u00e9rica, y de&nbsp;Rosa, que escapa de la Italia fascista con su familia. Dos vidas extraordinarias que se entrelazan en una traves\u00eda marcada por la valent\u00eda, la soledad y la esperanza de construir un futuro digno.<\/p>\n\n\n\n<figure class=\"wp-block-image size-full\"><img loading=\"lazy\" decoding=\"async\" width=\"1000\" height=\"667\" src=\"https:\/\/sergiolapegue.com\/site\/wp-content\/uploads\/2025\/10\/mas-alla-del-mar-2.jpg\" alt=\"\" class=\"wp-image-25926\" srcset=\"https:\/\/sergiolapegue.com\/site\/wp-content\/uploads\/2025\/10\/mas-alla-del-mar-2.jpg 1000w, https:\/\/sergiolapegue.com\/site\/wp-content\/uploads\/2025\/10\/mas-alla-del-mar-2-300x200.jpg 300w, https:\/\/sergiolapegue.com\/site\/wp-content\/uploads\/2025\/10\/mas-alla-del-mar-2-768x512.jpg 768w, https:\/\/sergiolapegue.com\/site\/wp-content\/uploads\/2025\/10\/mas-alla-del-mar-2-630x420.jpg 630w, https:\/\/sergiolapegue.com\/site\/wp-content\/uploads\/2025\/10\/mas-alla-del-mar-2-696x464.jpg 696w\" sizes=\"auto, (max-width: 1000px) 100vw, 1000px\" \/><\/figure>\n\n\n\n<p><strong>Una memoria colectiva en clave personal<\/strong><\/p>\n\n\n\n<p>\u201cEsta novela es un homenaje a todos los que, como Lola y Rosa, se atrevieron a dejar atr\u00e1s su hogar llevando consigo una maleta llena de sue\u00f1os y el peso de una familia\u201d, afirma Arias<\/p>\n\n\n\n<p>Con un estilo directo y emotivo, la autora invita al lector a preguntarse por sus propias ra\u00edces: esas historias silenciadas que laten en la sangre de cada descendiente de inmigrantes.<\/p>\n\n\n\n<figure class=\"wp-block-image size-full\"><img loading=\"lazy\" decoding=\"async\" width=\"1000\" height=\"1000\" src=\"https:\/\/sergiolapegue.com\/site\/wp-content\/uploads\/2025\/10\/Mas-alla-del-mar-1.jpg\" alt=\"\" class=\"wp-image-25925\" srcset=\"https:\/\/sergiolapegue.com\/site\/wp-content\/uploads\/2025\/10\/Mas-alla-del-mar-1.jpg 1000w, https:\/\/sergiolapegue.com\/site\/wp-content\/uploads\/2025\/10\/Mas-alla-del-mar-1-300x300.jpg 300w, https:\/\/sergiolapegue.com\/site\/wp-content\/uploads\/2025\/10\/Mas-alla-del-mar-1-150x150.jpg 150w, https:\/\/sergiolapegue.com\/site\/wp-content\/uploads\/2025\/10\/Mas-alla-del-mar-1-768x768.jpg 768w, https:\/\/sergiolapegue.com\/site\/wp-content\/uploads\/2025\/10\/Mas-alla-del-mar-1-420x420.jpg 420w, https:\/\/sergiolapegue.com\/site\/wp-content\/uploads\/2025\/10\/Mas-alla-del-mar-1-696x696.jpg 696w\" sizes=\"auto, (max-width: 1000px) 100vw, 1000px\" \/><\/figure>\n\n\n\n<p><strong>Sobre la autora<\/strong><\/p>\n\n\n\n<p>Diana Arias&nbsp;naci\u00f3 en Oriente, provincia de Buenos Aires. Es&nbsp;Licenciada en Comunicaci\u00f3n&nbsp;(UNLP) y&nbsp;neuropsicoeducadora. Apasionada por las historias de amor reales y el legado de la inmigraci\u00f3n, public\u00f3 los libros&nbsp;Amores inmigrantes,&nbsp;Amores invencibles,&nbsp;Amores imperiales&nbsp;y&nbsp;Kosaka Kazunori, mi vida.&nbsp;M\u00e1s all\u00e1 del mar&nbsp;es su primera novela.<\/p>\n\n\n\n<p>Su obra ha sido declarada de&nbsp;Inter\u00e9s Cultural&nbsp;por el Congreso de la Naci\u00f3n y reconocida en el&nbsp;Parlamento Europeo&nbsp;en Bruselas. Ha presentado sus trabajos en espacios como el&nbsp;Congreso de la Naci\u00f3n, el&nbsp;Palacio Barolo, el&nbsp;Jard\u00edn Japon\u00e9s, el&nbsp;Hotel Hilton Puerto Madero, el&nbsp;Four Seasons&nbsp;y pr\u00f3ximamente ofrecer\u00e1 una&nbsp;charla TED<\/p>\n\n\n\n<p>M\u00e1s all\u00e1 del mar&nbsp;ya est\u00e1 disponible en las principales librer\u00edas del pa\u00eds.<\/p>\n\n\n\n<p>Gracias Kevin Melgar de 0KM Prensa por acercarnos la gacetilla de prensa del lanzamiento de la primera novela de Diana Arias.<\/p>\n","protected":false},"excerpt":{"rendered":"<p>En el Mes del Inmigrante, la escritora y neuropsicoeducadora&nbsp;Diana Arias presenta su primera novela, \u201cM\u00e1s all\u00e1 del mar\u201d&nbsp;(Penguin Random House), un homenaje al coraje de la inmigraci\u00f3n, una historia conmovedora basada en hechos reales que recupera la memoria de quienes dejaron todo atr\u00e1s para empezar de nuevo. Con una narraci\u00f3n vibrante y sensible, Arias rescata [&hellip;]<\/p>\n","protected":false},"author":3,"featured_media":25927,"comment_status":"open","ping_status":"closed","sticky":false,"template":"","format":"standard","meta":{"footnotes":""},"categories":[34,37],"tags":[],"class_list":{"0":"post-25924","1":"post","2":"type-post","3":"status-publish","4":"format-standard","5":"has-post-thumbnail","7":"category-arte","8":"category-libros"},"yoast_head":"<!-- This site is optimized with the Yoast SEO plugin v27.5 - https:\/\/yoast.com\/product\/yoast-seo-wordpress\/ -->\n<title>M\u00c1S ALL\u00c1 DEL MAR - Sergio Lapegue<\/title>\n<meta name=\"robots\" content=\"index, follow, max-snippet:-1, max-image-preview:large, max-video-preview:-1\" \/>\n<link rel=\"canonical\" href=\"https:\/\/sergiolapegue.com\/site\/2025\/10\/05\/mas-alla-del-mar\/\" \/>\n<meta property=\"og:locale\" content=\"es_ES\" \/>\n<meta property=\"og:type\" content=\"article\" \/>\n<meta property=\"og:title\" content=\"M\u00c1S ALL\u00c1 DEL MAR - Sergio Lapegue\" \/>\n<meta property=\"og:description\" content=\"En el Mes del Inmigrante, la escritora y neuropsicoeducadora&nbsp;Diana Arias presenta su primera novela, \u201cM\u00e1s all\u00e1 del mar\u201d&nbsp;(Penguin Random House), un homenaje al coraje de la inmigraci\u00f3n, una historia conmovedora basada en hechos reales que recupera la memoria de quienes dejaron todo atr\u00e1s para empezar de nuevo. Con una narraci\u00f3n vibrante y sensible, Arias rescata [&hellip;]\" \/>\n<meta property=\"og:url\" content=\"https:\/\/sergiolapegue.com\/site\/2025\/10\/05\/mas-alla-del-mar\/\" \/>\n<meta property=\"og:site_name\" content=\"Sergio Lapegue\" \/>\n<meta property=\"article:publisher\" content=\"https:\/\/facebook.com\/sergiolapegue\" \/>\n<meta property=\"article:author\" content=\"https:\/\/facebook.com\/danielernesto.montana\" \/>\n<meta property=\"article:published_time\" content=\"2025-10-05T22:00:00+00:00\" \/>\n<meta property=\"og:image\" content=\"https:\/\/sergiolapegue.com\/site\/wp-content\/uploads\/2025\/10\/Mas-alla-del-mar.jpg\" \/>\n\t<meta property=\"og:image:width\" content=\"674\" \/>\n\t<meta property=\"og:image:height\" content=\"1000\" \/>\n\t<meta property=\"og:image:type\" content=\"image\/jpeg\" \/>\n<meta name=\"author\" content=\"Daniel E. Monta\u00f1a\" \/>\n<meta name=\"twitter:card\" content=\"summary_large_image\" \/>\n<meta name=\"twitter:creator\" content=\"@https:\/\/twitter.com\/daner_004\" \/>\n<meta name=\"twitter:site\" content=\"@sergiolapegue\" \/>\n<meta name=\"twitter:label1\" content=\"Escrito por\" \/>\n\t<meta name=\"twitter:data1\" content=\"Daniel E. Monta\u00f1a\" \/>\n\t<meta name=\"twitter:label2\" content=\"Tiempo de lectura\" \/>\n\t<meta name=\"twitter:data2\" content=\"3 minutos\" \/>\n<script type=\"application\/ld+json\" class=\"yoast-schema-graph\">{\"@context\":\"https:\\\/\\\/schema.org\",\"@graph\":[{\"@type\":\"Article\",\"@id\":\"https:\\\/\\\/sergiolapegue.com\\\/site\\\/2025\\\/10\\\/05\\\/mas-alla-del-mar\\\/#article\",\"isPartOf\":{\"@id\":\"https:\\\/\\\/sergiolapegue.com\\\/site\\\/2025\\\/10\\\/05\\\/mas-alla-del-mar\\\/\"},\"author\":{\"name\":\"Daniel E. Monta\u00f1a\",\"@id\":\"https:\\\/\\\/sergiolapegue.com\\\/site\\\/#\\\/schema\\\/person\\\/9198e7dbab43c6d74d0fd5399af7c3cd\"},\"headline\":\"M\u00c1S ALL\u00c1 DEL MAR\",\"datePublished\":\"2025-10-05T22:00:00+00:00\",\"mainEntityOfPage\":{\"@id\":\"https:\\\/\\\/sergiolapegue.com\\\/site\\\/2025\\\/10\\\/05\\\/mas-alla-del-mar\\\/\"},\"wordCount\":374,\"commentCount\":0,\"publisher\":{\"@id\":\"https:\\\/\\\/sergiolapegue.com\\\/site\\\/#\\\/schema\\\/person\\\/083aeceeb0734cd166779ea6c0551a37\"},\"image\":{\"@id\":\"https:\\\/\\\/sergiolapegue.com\\\/site\\\/2025\\\/10\\\/05\\\/mas-alla-del-mar\\\/#primaryimage\"},\"thumbnailUrl\":\"https:\\\/\\\/sergiolapegue.com\\\/site\\\/wp-content\\\/uploads\\\/2025\\\/10\\\/Mas-alla-del-mar.jpg\",\"articleSection\":[\"Arte\",\"Libros\"],\"inLanguage\":\"es-AR\",\"potentialAction\":[{\"@type\":\"CommentAction\",\"name\":\"Comment\",\"target\":[\"https:\\\/\\\/sergiolapegue.com\\\/site\\\/2025\\\/10\\\/05\\\/mas-alla-del-mar\\\/#respond\"]}]},{\"@type\":\"WebPage\",\"@id\":\"https:\\\/\\\/sergiolapegue.com\\\/site\\\/2025\\\/10\\\/05\\\/mas-alla-del-mar\\\/\",\"url\":\"https:\\\/\\\/sergiolapegue.com\\\/site\\\/2025\\\/10\\\/05\\\/mas-alla-del-mar\\\/\",\"name\":\"M\u00c1S ALL\u00c1 DEL MAR - Sergio Lapegue\",\"isPartOf\":{\"@id\":\"https:\\\/\\\/sergiolapegue.com\\\/site\\\/#website\"},\"primaryImageOfPage\":{\"@id\":\"https:\\\/\\\/sergiolapegue.com\\\/site\\\/2025\\\/10\\\/05\\\/mas-alla-del-mar\\\/#primaryimage\"},\"image\":{\"@id\":\"https:\\\/\\\/sergiolapegue.com\\\/site\\\/2025\\\/10\\\/05\\\/mas-alla-del-mar\\\/#primaryimage\"},\"thumbnailUrl\":\"https:\\\/\\\/sergiolapegue.com\\\/site\\\/wp-content\\\/uploads\\\/2025\\\/10\\\/Mas-alla-del-mar.jpg\",\"datePublished\":\"2025-10-05T22:00:00+00:00\",\"breadcrumb\":{\"@id\":\"https:\\\/\\\/sergiolapegue.com\\\/site\\\/2025\\\/10\\\/05\\\/mas-alla-del-mar\\\/#breadcrumb\"},\"inLanguage\":\"es-AR\",\"potentialAction\":[{\"@type\":\"ReadAction\",\"target\":[\"https:\\\/\\\/sergiolapegue.com\\\/site\\\/2025\\\/10\\\/05\\\/mas-alla-del-mar\\\/\"]}]},{\"@type\":\"ImageObject\",\"inLanguage\":\"es-AR\",\"@id\":\"https:\\\/\\\/sergiolapegue.com\\\/site\\\/2025\\\/10\\\/05\\\/mas-alla-del-mar\\\/#primaryimage\",\"url\":\"https:\\\/\\\/sergiolapegue.com\\\/site\\\/wp-content\\\/uploads\\\/2025\\\/10\\\/Mas-alla-del-mar.jpg\",\"contentUrl\":\"https:\\\/\\\/sergiolapegue.com\\\/site\\\/wp-content\\\/uploads\\\/2025\\\/10\\\/Mas-alla-del-mar.jpg\",\"width\":674,\"height\":1000},{\"@type\":\"BreadcrumbList\",\"@id\":\"https:\\\/\\\/sergiolapegue.com\\\/site\\\/2025\\\/10\\\/05\\\/mas-alla-del-mar\\\/#breadcrumb\",\"itemListElement\":[{\"@type\":\"ListItem\",\"position\":1,\"name\":\"Inicio\",\"item\":\"https:\\\/\\\/sergiolapegue.com\\\/site\\\/\"},{\"@type\":\"ListItem\",\"position\":2,\"name\":\"M\u00c1S ALL\u00c1 DEL MAR\"}]},{\"@type\":\"WebSite\",\"@id\":\"https:\\\/\\\/sergiolapegue.com\\\/site\\\/#website\",\"url\":\"https:\\\/\\\/sergiolapegue.com\\\/site\\\/\",\"name\":\"Sergio Lapegue\",\"description\":\"Periodista\",\"publisher\":{\"@id\":\"https:\\\/\\\/sergiolapegue.com\\\/site\\\/#\\\/schema\\\/person\\\/083aeceeb0734cd166779ea6c0551a37\"},\"potentialAction\":[{\"@type\":\"SearchAction\",\"target\":{\"@type\":\"EntryPoint\",\"urlTemplate\":\"https:\\\/\\\/sergiolapegue.com\\\/site\\\/?s={search_term_string}\"},\"query-input\":{\"@type\":\"PropertyValueSpecification\",\"valueRequired\":true,\"valueName\":\"search_term_string\"}}],\"inLanguage\":\"es-AR\"},{\"@type\":[\"Person\",\"Organization\"],\"@id\":\"https:\\\/\\\/sergiolapegue.com\\\/site\\\/#\\\/schema\\\/person\\\/083aeceeb0734cd166779ea6c0551a37\",\"name\":\"Sergio Lapegue\",\"image\":{\"@type\":\"ImageObject\",\"inLanguage\":\"es-AR\",\"@id\":\"https:\\\/\\\/sergiolapegue.com\\\/site\\\/wp-content\\\/uploads\\\/2021\\\/04\\\/logo_header-1.png\",\"url\":\"https:\\\/\\\/sergiolapegue.com\\\/site\\\/wp-content\\\/uploads\\\/2021\\\/04\\\/logo_header-1.png\",\"contentUrl\":\"https:\\\/\\\/sergiolapegue.com\\\/site\\\/wp-content\\\/uploads\\\/2021\\\/04\\\/logo_header-1.png\",\"width\":272,\"height\":90,\"caption\":\"Sergio Lapegue\"},\"logo\":{\"@id\":\"https:\\\/\\\/sergiolapegue.com\\\/site\\\/wp-content\\\/uploads\\\/2021\\\/04\\\/logo_header-1.png\"},\"sameAs\":[\"https:\\\/\\\/facebook.com\\\/sergiolapegue\",\"https:\\\/\\\/instagram.com\\\/sergiolapegue\",\"https:\\\/\\\/x.com\\\/https:\\\/\\\/twitter.com\\\/sergiolapegue\"]},{\"@type\":\"Person\",\"@id\":\"https:\\\/\\\/sergiolapegue.com\\\/site\\\/#\\\/schema\\\/person\\\/9198e7dbab43c6d74d0fd5399af7c3cd\",\"name\":\"Daniel E. Monta\u00f1a\",\"image\":{\"@type\":\"ImageObject\",\"inLanguage\":\"es-AR\",\"@id\":\"https:\\\/\\\/sergiolapegue.com\\\/site\\\/wp-content\\\/uploads\\\/2021\\\/04\\\/sl_avatar_Daniel-150x150.jpg\",\"url\":\"https:\\\/\\\/sergiolapegue.com\\\/site\\\/wp-content\\\/uploads\\\/2021\\\/04\\\/sl_avatar_Daniel-150x150.jpg\",\"contentUrl\":\"https:\\\/\\\/sergiolapegue.com\\\/site\\\/wp-content\\\/uploads\\\/2021\\\/04\\\/sl_avatar_Daniel-150x150.jpg\",\"caption\":\"Daniel E. Monta\u00f1a\"},\"sameAs\":[\"https:\\\/\\\/facebook.com\\\/danielernesto.montana\",\"https:\\\/\\\/instagram.com\\\/daniel_montana1961\",\"https:\\\/\\\/x.com\\\/https:\\\/\\\/twitter.com\\\/daner_004\"],\"url\":\"https:\\\/\\\/sergiolapegue.com\\\/site\\\/author\\\/daniel\\\/\"}]}<\/script>\n<!-- \/ Yoast SEO plugin. -->","yoast_head_json":{"title":"M\u00c1S ALL\u00c1 DEL MAR - Sergio Lapegue","robots":{"index":"index","follow":"follow","max-snippet":"max-snippet:-1","max-image-preview":"max-image-preview:large","max-video-preview":"max-video-preview:-1"},"canonical":"https:\/\/sergiolapegue.com\/site\/2025\/10\/05\/mas-alla-del-mar\/","og_locale":"es_ES","og_type":"article","og_title":"M\u00c1S ALL\u00c1 DEL MAR - Sergio Lapegue","og_description":"En el Mes del Inmigrante, la escritora y neuropsicoeducadora&nbsp;Diana Arias presenta su primera novela, \u201cM\u00e1s all\u00e1 del mar\u201d&nbsp;(Penguin Random House), un homenaje al coraje de la inmigraci\u00f3n, una historia conmovedora basada en hechos reales que recupera la memoria de quienes dejaron todo atr\u00e1s para empezar de nuevo. Con una narraci\u00f3n vibrante y sensible, Arias rescata [&hellip;]","og_url":"https:\/\/sergiolapegue.com\/site\/2025\/10\/05\/mas-alla-del-mar\/","og_site_name":"Sergio Lapegue","article_publisher":"https:\/\/facebook.com\/sergiolapegue","article_author":"https:\/\/facebook.com\/danielernesto.montana","article_published_time":"2025-10-05T22:00:00+00:00","og_image":[{"width":674,"height":1000,"url":"https:\/\/sergiolapegue.com\/site\/wp-content\/uploads\/2025\/10\/Mas-alla-del-mar.jpg","type":"image\/jpeg"}],"author":"Daniel E. Monta\u00f1a","twitter_card":"summary_large_image","twitter_creator":"@https:\/\/twitter.com\/daner_004","twitter_site":"@sergiolapegue","twitter_misc":{"Escrito por":"Daniel E. Monta\u00f1a","Tiempo de lectura":"3 minutos"},"schema":{"@context":"https:\/\/schema.org","@graph":[{"@type":"Article","@id":"https:\/\/sergiolapegue.com\/site\/2025\/10\/05\/mas-alla-del-mar\/#article","isPartOf":{"@id":"https:\/\/sergiolapegue.com\/site\/2025\/10\/05\/mas-alla-del-mar\/"},"author":{"name":"Daniel E. Monta\u00f1a","@id":"https:\/\/sergiolapegue.com\/site\/#\/schema\/person\/9198e7dbab43c6d74d0fd5399af7c3cd"},"headline":"M\u00c1S ALL\u00c1 DEL MAR","datePublished":"2025-10-05T22:00:00+00:00","mainEntityOfPage":{"@id":"https:\/\/sergiolapegue.com\/site\/2025\/10\/05\/mas-alla-del-mar\/"},"wordCount":374,"commentCount":0,"publisher":{"@id":"https:\/\/sergiolapegue.com\/site\/#\/schema\/person\/083aeceeb0734cd166779ea6c0551a37"},"image":{"@id":"https:\/\/sergiolapegue.com\/site\/2025\/10\/05\/mas-alla-del-mar\/#primaryimage"},"thumbnailUrl":"https:\/\/sergiolapegue.com\/site\/wp-content\/uploads\/2025\/10\/Mas-alla-del-mar.jpg","articleSection":["Arte","Libros"],"inLanguage":"es-AR","potentialAction":[{"@type":"CommentAction","name":"Comment","target":["https:\/\/sergiolapegue.com\/site\/2025\/10\/05\/mas-alla-del-mar\/#respond"]}]},{"@type":"WebPage","@id":"https:\/\/sergiolapegue.com\/site\/2025\/10\/05\/mas-alla-del-mar\/","url":"https:\/\/sergiolapegue.com\/site\/2025\/10\/05\/mas-alla-del-mar\/","name":"M\u00c1S ALL\u00c1 DEL MAR - Sergio Lapegue","isPartOf":{"@id":"https:\/\/sergiolapegue.com\/site\/#website"},"primaryImageOfPage":{"@id":"https:\/\/sergiolapegue.com\/site\/2025\/10\/05\/mas-alla-del-mar\/#primaryimage"},"image":{"@id":"https:\/\/sergiolapegue.com\/site\/2025\/10\/05\/mas-alla-del-mar\/#primaryimage"},"thumbnailUrl":"https:\/\/sergiolapegue.com\/site\/wp-content\/uploads\/2025\/10\/Mas-alla-del-mar.jpg","datePublished":"2025-10-05T22:00:00+00:00","breadcrumb":{"@id":"https:\/\/sergiolapegue.com\/site\/2025\/10\/05\/mas-alla-del-mar\/#breadcrumb"},"inLanguage":"es-AR","potentialAction":[{"@type":"ReadAction","target":["https:\/\/sergiolapegue.com\/site\/2025\/10\/05\/mas-alla-del-mar\/"]}]},{"@type":"ImageObject","inLanguage":"es-AR","@id":"https:\/\/sergiolapegue.com\/site\/2025\/10\/05\/mas-alla-del-mar\/#primaryimage","url":"https:\/\/sergiolapegue.com\/site\/wp-content\/uploads\/2025\/10\/Mas-alla-del-mar.jpg","contentUrl":"https:\/\/sergiolapegue.com\/site\/wp-content\/uploads\/2025\/10\/Mas-alla-del-mar.jpg","width":674,"height":1000},{"@type":"BreadcrumbList","@id":"https:\/\/sergiolapegue.com\/site\/2025\/10\/05\/mas-alla-del-mar\/#breadcrumb","itemListElement":[{"@type":"ListItem","position":1,"name":"Inicio","item":"https:\/\/sergiolapegue.com\/site\/"},{"@type":"ListItem","position":2,"name":"M\u00c1S ALL\u00c1 DEL MAR"}]},{"@type":"WebSite","@id":"https:\/\/sergiolapegue.com\/site\/#website","url":"https:\/\/sergiolapegue.com\/site\/","name":"Sergio Lapegue","description":"Periodista","publisher":{"@id":"https:\/\/sergiolapegue.com\/site\/#\/schema\/person\/083aeceeb0734cd166779ea6c0551a37"},"potentialAction":[{"@type":"SearchAction","target":{"@type":"EntryPoint","urlTemplate":"https:\/\/sergiolapegue.com\/site\/?s={search_term_string}"},"query-input":{"@type":"PropertyValueSpecification","valueRequired":true,"valueName":"search_term_string"}}],"inLanguage":"es-AR"},{"@type":["Person","Organization"],"@id":"https:\/\/sergiolapegue.com\/site\/#\/schema\/person\/083aeceeb0734cd166779ea6c0551a37","name":"Sergio Lapegue","image":{"@type":"ImageObject","inLanguage":"es-AR","@id":"https:\/\/sergiolapegue.com\/site\/wp-content\/uploads\/2021\/04\/logo_header-1.png","url":"https:\/\/sergiolapegue.com\/site\/wp-content\/uploads\/2021\/04\/logo_header-1.png","contentUrl":"https:\/\/sergiolapegue.com\/site\/wp-content\/uploads\/2021\/04\/logo_header-1.png","width":272,"height":90,"caption":"Sergio Lapegue"},"logo":{"@id":"https:\/\/sergiolapegue.com\/site\/wp-content\/uploads\/2021\/04\/logo_header-1.png"},"sameAs":["https:\/\/facebook.com\/sergiolapegue","https:\/\/instagram.com\/sergiolapegue","https:\/\/x.com\/https:\/\/twitter.com\/sergiolapegue"]},{"@type":"Person","@id":"https:\/\/sergiolapegue.com\/site\/#\/schema\/person\/9198e7dbab43c6d74d0fd5399af7c3cd","name":"Daniel E. Monta\u00f1a","image":{"@type":"ImageObject","inLanguage":"es-AR","@id":"https:\/\/sergiolapegue.com\/site\/wp-content\/uploads\/2021\/04\/sl_avatar_Daniel-150x150.jpg","url":"https:\/\/sergiolapegue.com\/site\/wp-content\/uploads\/2021\/04\/sl_avatar_Daniel-150x150.jpg","contentUrl":"https:\/\/sergiolapegue.com\/site\/wp-content\/uploads\/2021\/04\/sl_avatar_Daniel-150x150.jpg","caption":"Daniel E. Monta\u00f1a"},"sameAs":["https:\/\/facebook.com\/danielernesto.montana","https:\/\/instagram.com\/daniel_montana1961","https:\/\/x.com\/https:\/\/twitter.com\/daner_004"],"url":"https:\/\/sergiolapegue.com\/site\/author\/daniel\/"}]}},"_links":{"self":[{"href":"https:\/\/sergiolapegue.com\/site\/wp-json\/wp\/v2\/posts\/25924","targetHints":{"allow":["GET"]}}],"collection":[{"href":"https:\/\/sergiolapegue.com\/site\/wp-json\/wp\/v2\/posts"}],"about":[{"href":"https:\/\/sergiolapegue.com\/site\/wp-json\/wp\/v2\/types\/post"}],"author":[{"embeddable":true,"href":"https:\/\/sergiolapegue.com\/site\/wp-json\/wp\/v2\/users\/3"}],"replies":[{"embeddable":true,"href":"https:\/\/sergiolapegue.com\/site\/wp-json\/wp\/v2\/comments?post=25924"}],"version-history":[{"count":1,"href":"https:\/\/sergiolapegue.com\/site\/wp-json\/wp\/v2\/posts\/25924\/revisions"}],"predecessor-version":[{"id":25928,"href":"https:\/\/sergiolapegue.com\/site\/wp-json\/wp\/v2\/posts\/25924\/revisions\/25928"}],"wp:featuredmedia":[{"embeddable":true,"href":"https:\/\/sergiolapegue.com\/site\/wp-json\/wp\/v2\/media\/25927"}],"wp:attachment":[{"href":"https:\/\/sergiolapegue.com\/site\/wp-json\/wp\/v2\/media?parent=25924"}],"wp:term":[{"taxonomy":"category","embeddable":true,"href":"https:\/\/sergiolapegue.com\/site\/wp-json\/wp\/v2\/categories?post=25924"},{"taxonomy":"post_tag","embeddable":true,"href":"https:\/\/sergiolapegue.com\/site\/wp-json\/wp\/v2\/tags?post=25924"}],"curies":[{"name":"wp","href":"https:\/\/api.w.org\/{rel}","templated":true}]}}