{"id":25885,"date":"2025-11-05T09:00:00","date_gmt":"2025-11-05T12:00:00","guid":{"rendered":"https:\/\/sergiolapegue.com\/site\/?p=25885"},"modified":"2025-11-04T19:55:58","modified_gmt":"2025-11-04T22:55:58","slug":"consagrada-el-fracaso-del-exito-se-presenta-en-el-centro-cultural-borges","status":"publish","type":"post","link":"https:\/\/sergiolapegue.com\/site\/2025\/11\/05\/consagrada-el-fracaso-del-exito-se-presenta-en-el-centro-cultural-borges\/","title":{"rendered":"\u201cCONSAGRADA, EL FRACASO DEL \u00c9XITO\u201d"},"content":{"rendered":"\n<p>Llegan las \u00faltimas 2 funciones de este sensacional \u00e9xito, se podr\u00e1n ver en Timbre 4 el d\u00eda 30 de noviembre a las 20:00 horas y en el Teatro Roma en Avellaneda el d\u00eda 14 de noviembre a las 20:30 horas.<\/p>\n\n\n\n<p>Tras participar del Encuentro Creativo de Circo y de L\u2019Altre Festival de Artes Esc\u00e9nicas y Salud Mental, ambos en Barcelona y en el Ciclo de Teatro \u201cDe otras latitudes\u201d en el Centro Cultural Parque de Espa\u00f1a de Rosario, \u201cConsagrada\u201d regresa al Centro Cultural Borges.<\/p>\n\n\n\n<p>La obra fue declarada de inter\u00e9s deportivo por la Legislatura Porte\u00f1a en el a\u00f1o 2022, y en el 2023, Gabi recibi\u00f3 el Premio a Actriz Revelaci\u00f3n en los Mar\u00eda Guerrero.<\/p>\n\n\n\n<figure class=\"wp-block-image size-large\"><img loading=\"lazy\" decoding=\"async\" width=\"1024\" height=\"683\" src=\"https:\/\/sergiolapegue.com\/site\/wp-content\/uploads\/2025\/10\/Consagrada-Timbre-4-1-1024x683.jpg\" alt=\"\" class=\"wp-image-25886\" srcset=\"https:\/\/sergiolapegue.com\/site\/wp-content\/uploads\/2025\/10\/Consagrada-Timbre-4-1-1024x683.jpg 1024w, https:\/\/sergiolapegue.com\/site\/wp-content\/uploads\/2025\/10\/Consagrada-Timbre-4-1-300x200.jpg 300w, https:\/\/sergiolapegue.com\/site\/wp-content\/uploads\/2025\/10\/Consagrada-Timbre-4-1-768x512.jpg 768w, https:\/\/sergiolapegue.com\/site\/wp-content\/uploads\/2025\/10\/Consagrada-Timbre-4-1-1536x1024.jpg 1536w, https:\/\/sergiolapegue.com\/site\/wp-content\/uploads\/2025\/10\/Consagrada-Timbre-4-1-2048x1365.jpg 2048w, https:\/\/sergiolapegue.com\/site\/wp-content\/uploads\/2025\/10\/Consagrada-Timbre-4-1-630x420.jpg 630w, https:\/\/sergiolapegue.com\/site\/wp-content\/uploads\/2025\/10\/Consagrada-Timbre-4-1-696x464.jpg 696w, https:\/\/sergiolapegue.com\/site\/wp-content\/uploads\/2025\/10\/Consagrada-Timbre-4-1-1068x712.jpg 1068w, https:\/\/sergiolapegue.com\/site\/wp-content\/uploads\/2025\/10\/Consagrada-Timbre-4-1-1920x1280.jpg 1920w\" sizes=\"auto, (max-width: 1024px) 100vw, 1024px\" \/><\/figure>\n\n\n\n<p><strong>SINOPSIS<\/strong><\/p>\n\n\n\n<p>Consagrada, el fracaso del \u00e9xito,&nbsp;es un biodrama que parte de la historia personal de Gabi Parigi como ex Gimnasta Ol\u00edmpica de la Selecci\u00f3n Nacional. La obra universaliza temas como el sacrificio, la meritocracia, la l\u00f3gica de la competencia, la salud mental, el abuso de poder, y el lado b oculto en el camino hacia la consagraci\u00f3n.<\/p>\n\n\n\n<p>Es una tragicomedia que cruza los lenguajes de la acrobacia, la danza, el teatro f\u00edsico y el teatro de texto.<\/p>\n\n\n\n<figure class=\"wp-block-image size-large\"><img loading=\"lazy\" decoding=\"async\" width=\"1024\" height=\"683\" src=\"https:\/\/sergiolapegue.com\/site\/wp-content\/uploads\/2025\/10\/Consagrada-Timbre-4-2-1024x683.jpg\" alt=\"\" class=\"wp-image-25887\" srcset=\"https:\/\/sergiolapegue.com\/site\/wp-content\/uploads\/2025\/10\/Consagrada-Timbre-4-2-1024x683.jpg 1024w, https:\/\/sergiolapegue.com\/site\/wp-content\/uploads\/2025\/10\/Consagrada-Timbre-4-2-300x200.jpg 300w, https:\/\/sergiolapegue.com\/site\/wp-content\/uploads\/2025\/10\/Consagrada-Timbre-4-2-768x512.jpg 768w, https:\/\/sergiolapegue.com\/site\/wp-content\/uploads\/2025\/10\/Consagrada-Timbre-4-2-1536x1024.jpg 1536w, https:\/\/sergiolapegue.com\/site\/wp-content\/uploads\/2025\/10\/Consagrada-Timbre-4-2-2048x1365.jpg 2048w, https:\/\/sergiolapegue.com\/site\/wp-content\/uploads\/2025\/10\/Consagrada-Timbre-4-2-630x420.jpg 630w, https:\/\/sergiolapegue.com\/site\/wp-content\/uploads\/2025\/10\/Consagrada-Timbre-4-2-696x464.jpg 696w, https:\/\/sergiolapegue.com\/site\/wp-content\/uploads\/2025\/10\/Consagrada-Timbre-4-2-1068x712.jpg 1068w, https:\/\/sergiolapegue.com\/site\/wp-content\/uploads\/2025\/10\/Consagrada-Timbre-4-2-1920x1280.jpg 1920w\" sizes=\"auto, (max-width: 1024px) 100vw, 1024px\" \/><\/figure>\n\n\n\n<p><strong>FICHA T\u00c9CNICO ART\u00cdSTICA<\/strong><\/p>\n\n\n\n<p><strong>Autor\u00eda:&nbsp;<\/strong>Flor Micha, Gabi Parigi<\/p>\n\n\n\n<p><strong>Int\u00e9rpretes:&nbsp;<\/strong>Gabi Parigi<\/p>\n\n\n\n<p><strong>M\u00fasica:<\/strong>&nbsp;Juan Barone<\/p>\n\n\n\n<p><strong>Piano grabado:&nbsp;<\/strong>Santiago Mart\u00ednez<\/p>\n\n\n\n<p><strong>Mezcla:&nbsp;<\/strong>Juan Barone, Juli\u00e1n Scarinci<\/p>\n\n\n\n<p><strong>Vestuario:&nbsp;<\/strong>Sharon Luscher<\/p>\n\n\n\n<p><strong>Objetos:&nbsp;<\/strong>Sharon Luscher, Flor Micha, Gabi Parigi<\/p>\n\n\n\n<p><strong>Iluminaci\u00f3n:&nbsp;<\/strong>Laura Saban<\/p>\n\n\n\n<p><strong>Entrenamiento vocal:&nbsp;<\/strong>Silvina Garc\u00eda<\/p>\n\n\n\n<p><strong>Fotograf\u00eda:&nbsp;<\/strong>Macarena De Noia<\/p>\n\n\n\n<p><strong>Video:&nbsp;<\/strong>Fernando S\u00e1nchez<\/p>\n\n\n\n<p><strong>Imagen y dise\u00f1o gr\u00e1fico:&nbsp;<\/strong>Lima. La imagen de les artistas<\/p>\n\n\n\n<p><strong>Redes sociales:&nbsp;<\/strong>Belisa A. Torres<\/p>\n\n\n\n<p><strong>Comunicaci\u00f3n y prensa:&nbsp;<\/strong>Mutuverr\u00eda PR<\/p>\n\n\n\n<p><strong>Producci\u00f3n:&nbsp;<\/strong>Emilia Cortelletti, Gabi Parigi<\/p>\n\n\n\n<p><strong>Direcci\u00f3n:&nbsp;<\/strong>Flor Micha<\/p>\n\n\n\n<p><strong>Duraci\u00f3n:<\/strong> 60 minutos<\/p>\n\n\n\n<p><strong>Clasificaci\u00f3n:<\/strong> Teatro \u2013 Presencial \u2013 Adultos<\/p>\n\n\n\n<figure class=\"wp-block-image size-large\"><img loading=\"lazy\" decoding=\"async\" width=\"1024\" height=\"683\" src=\"https:\/\/sergiolapegue.com\/site\/wp-content\/uploads\/2025\/10\/Consagrada-Timbre-4-5-1024x683.jpg\" alt=\"\" class=\"wp-image-25888\" srcset=\"https:\/\/sergiolapegue.com\/site\/wp-content\/uploads\/2025\/10\/Consagrada-Timbre-4-5-1024x683.jpg 1024w, https:\/\/sergiolapegue.com\/site\/wp-content\/uploads\/2025\/10\/Consagrada-Timbre-4-5-300x200.jpg 300w, https:\/\/sergiolapegue.com\/site\/wp-content\/uploads\/2025\/10\/Consagrada-Timbre-4-5-768x512.jpg 768w, https:\/\/sergiolapegue.com\/site\/wp-content\/uploads\/2025\/10\/Consagrada-Timbre-4-5-1536x1024.jpg 1536w, https:\/\/sergiolapegue.com\/site\/wp-content\/uploads\/2025\/10\/Consagrada-Timbre-4-5-2048x1365.jpg 2048w, https:\/\/sergiolapegue.com\/site\/wp-content\/uploads\/2025\/10\/Consagrada-Timbre-4-5-630x420.jpg 630w, https:\/\/sergiolapegue.com\/site\/wp-content\/uploads\/2025\/10\/Consagrada-Timbre-4-5-696x464.jpg 696w, https:\/\/sergiolapegue.com\/site\/wp-content\/uploads\/2025\/10\/Consagrada-Timbre-4-5-1068x712.jpg 1068w, https:\/\/sergiolapegue.com\/site\/wp-content\/uploads\/2025\/10\/Consagrada-Timbre-4-5-1920x1280.jpg 1920w\" sizes=\"auto, (max-width: 1024px) 100vw, 1024px\" \/><\/figure>\n\n\n\n<p><strong>TIMBRE 4<\/strong><\/p>\n\n\n\n<p>M\u00e9xico 3554 \u2013 Capital Federal \u2013 Buenos Aires \u2013 Argentina<\/p>\n\n\n\n<p>Tel\u00e9fono: 011 4931-9077<\/p>\n\n\n\n<p>Entradas: $ 22.000 &#8211; en boleter\u00eda del teatro o por Alternativa Teatral<\/p>\n\n\n\n<p>Funci\u00f3n: Domingos 30 de Noviembre \u2013 20:00 horas<\/p>\n\n\n\n<p><strong>TEATRO ROMA<\/strong><\/p>\n\n\n\n<p>Sarmiento 109 &#8211; Avellaneda &#8211; Buenos Aires &#8211; Argentina<\/p>\n\n\n\n<p>Tel\u00e9fono: 4205-9647<\/p>\n\n\n\n<p>Entradas: $ 16.000 &#8211; en boleter\u00eda del teatro o por Plateanet<\/p>\n\n\n\n<p>Funci\u00f3n: Domingo 14 de Noviembre \u2013 a las 20:30 horas<\/p>\n\n\n\n<p>Gracias Mutuverr\u00eda PR por acercarnos la gacetilla de prensa de las nuevas funciones de este espect\u00e1culo.<\/p>\n\n\n\n<p><strong>SOBRE GABI &amp; FLOR<\/strong><\/p>\n\n\n\n<p><strong>GABI PARIGI<\/strong><\/p>\n\n\n\n<p>Es ex gimnasta de la Selecci\u00f3n Nacional Argentina de Gimnasia Art\u00edstica. Hizo la carrera de formaci\u00f3n profesional en La Escuela de Circo La Arena en Buenos Aires y en Centre des Arts du Cirque Le Lido, Toulouse. Form\u00f3 parte de la Compa\u00f1\u00eda de Circo &#8220;La Arena&#8221; dirigida por Gerardo Hochman, con la que realiz\u00f3 varios espect\u00e1culos. Fue parte del espect\u00e1culo &#8220;Cuisine et Confessions&#8221;, de la compa\u00f1\u00eda canadiense &#8220;Les 7 doigts de la Main&#8221;. Actu\u00f3 en el espect\u00e1culo &#8220;Un Domingo&#8221;, dirigido por Florent Bergal, &nbsp;y en su espect\u00e1culo unipersonal &#8220;Consagrada&#8221;. Es miembro activa de la Cooperativa Cultural Proyecto Migra que impulsa diversos proyectos apostando al desarrollo del nuevo circo y las artes esc\u00e9nicas, y cuenta con una carpa que funciona como entro cultural itinerante. Es creadora y directora pedag\u00f3gica de la Formaci\u00f3n Profesional EUREKA-Laboratorio Esc\u00e9nico de Circo Contempor\u00e1neo en Buenos Aires y de FiCiCO-Formaci\u00f3n Integral de Circo Contempor\u00e1neo, en Montevideo. Tambi\u00e9n es docente de la formaci\u00f3n Especializaci\u00f3n en Movimiento Experimental en BsAs, dirigida por Jes\u00fas Guiraldi. Da seminarios de acrobacia de suelo e investigaci\u00f3n acrob\u00e1tica en Argentina, Uruguay, Chile, Francia, Italia, Espa\u00f1a, M\u00e9xico, Colombia. Da seminarios de Laboratorio esc\u00e9nico y Circo Contempor\u00e1neo. Es directora art\u00edstica de las compa\u00f1\u00edas: \u201cPulsa\u201d &#8211; \u201cSimbionte\u201d &#8211; \u201cVa Pa i\u201d &#8211; \u201cVelar la noche\u201d.<\/p>\n\n\n\n<p><strong>FLOR MICHA<\/strong><\/p>\n\n\n\n<p>Es egresada de la Diplomatura en Artes Circenses de la Universidad Nacional de San Mart\u00edn. Dentro del circo se especializa en el entrenamiento y la investigaci\u00f3n de las t\u00e9cnicas de aro a\u00e9reo, acrobacia de suelo y parada de manos. En paralelo desarrolla sus estudios de teatro y actuaci\u00f3n con Alejandro Catal\u00e1n, Carolina Milli, Andrea Garrote, C\u00e9sar Brie, Daniel Casablanca, Mar\u00eda Romano, Marcelo Savignone, Paula Bronner, Leticia Vetrano, y de dramaturgia con Mauricio Kartun, Ariel Barchil\u00f3n, Rafael Spregelburd y Mariana Mazover. En danza contempor\u00e1nea se forma con Lucas Condr\u00f3, Vanina Goldstein, Magal\u00ed del Hoyo, Germ\u00e1n Fonzalida, Gabriela Prado, Manuel Quesada, Lucio Baglivo. Estudia entrenamiento r\u00edtmico expresivo y percusi\u00f3n corporal con Rub\u00e9n Segal y Santiago Ablin. Participa como int\u00e9rprete en los espect\u00e1culos de la Compa\u00f1\u00eda La Arena: Tiempos que corren, Sanos y Salvos, y Leonardo TP Nro. 1, con direcci\u00f3n de Gerardo Hochman. Tambi\u00e9n es int\u00e9rprete y coautora de T\u00f3came y no me mires, con direcci\u00f3n de Fernando Rosen, y del grupo de intervenciones urbanas Los aviadores, con direcci\u00f3n de Mat\u00edas Plaul. Trabaja como actriz en las obras de C\u00e9sar Brie: El para\u00edso perdido, La voluntad, Karamazov y \u00bfMe dec\u00eds de ma\u00f1ana? Obtiene los premios Teatro de Mundo y Luisa Vehil en los rubros mejor actriz y actriz revelaci\u00f3n, respectivamente, por las obras La Voluntad y El Para\u00edso Perdido. Protagoniza el cortometraje Vecinas, de Camila Forteza. Brinda talleres grupales y particulares de entrenamiento f\u00edsico y esc\u00e9nico, y talleres de herramientas dramat\u00fargicas para artistas f\u00edsicos. Gu\u00eda el entrenamiento corporal en los talleres de teatro de C\u00e9sar Brie, y es docente de la formaci\u00f3n profesional de circo contempor\u00e1neo Eureka, con direcci\u00f3n pedag\u00f3gica de Gabi Parigi. Es directora y coautora del espect\u00e1culo unipersonal Consagrada, interpretado por Gabi Parigi.<\/p>\n\n\n\n<p><\/p>\n","protected":false},"excerpt":{"rendered":"<p>Llegan las \u00faltimas 2 funciones de este sensacional \u00e9xito, se podr\u00e1n ver en Timbre 4 el d\u00eda 30 de noviembre a las 20:00 horas y en el Teatro Roma en Avellaneda el d\u00eda 14 de noviembre a las 20:30 horas. Tras participar del Encuentro Creativo de Circo y de L\u2019Altre Festival de Artes Esc\u00e9nicas y [&hellip;]<\/p>\n","protected":false},"author":3,"featured_media":25889,"comment_status":"open","ping_status":"closed","sticky":false,"template":"","format":"standard","meta":{"footnotes":""},"categories":[34,35],"tags":[],"class_list":{"0":"post-25885","1":"post","2":"type-post","3":"status-publish","4":"format-standard","5":"has-post-thumbnail","7":"category-arte","8":"category-teatro"},"yoast_head":"<!-- This site is optimized with the Yoast SEO plugin v27.5 - https:\/\/yoast.com\/product\/yoast-seo-wordpress\/ -->\n<title>\u201cCONSAGRADA, EL FRACASO DEL \u00c9XITO\u201d - Sergio Lapegue<\/title>\n<meta name=\"robots\" content=\"index, follow, max-snippet:-1, max-image-preview:large, max-video-preview:-1\" \/>\n<link rel=\"canonical\" href=\"https:\/\/sergiolapegue.com\/site\/2025\/11\/05\/consagrada-el-fracaso-del-exito-se-presenta-en-el-centro-cultural-borges\/\" \/>\n<meta property=\"og:locale\" content=\"es_ES\" \/>\n<meta property=\"og:type\" content=\"article\" \/>\n<meta property=\"og:title\" content=\"\u201cCONSAGRADA, EL FRACASO DEL \u00c9XITO\u201d - Sergio Lapegue\" \/>\n<meta property=\"og:description\" content=\"Llegan las \u00faltimas 2 funciones de este sensacional \u00e9xito, se podr\u00e1n ver en Timbre 4 el d\u00eda 30 de noviembre a las 20:00 horas y en el Teatro Roma en Avellaneda el d\u00eda 14 de noviembre a las 20:30 horas. Tras participar del Encuentro Creativo de Circo y de L\u2019Altre Festival de Artes Esc\u00e9nicas y [&hellip;]\" \/>\n<meta property=\"og:url\" content=\"https:\/\/sergiolapegue.com\/site\/2025\/11\/05\/consagrada-el-fracaso-del-exito-se-presenta-en-el-centro-cultural-borges\/\" \/>\n<meta property=\"og:site_name\" content=\"Sergio Lapegue\" \/>\n<meta property=\"article:publisher\" content=\"https:\/\/facebook.com\/sergiolapegue\" \/>\n<meta property=\"article:author\" content=\"https:\/\/facebook.com\/danielernesto.montana\" \/>\n<meta property=\"article:published_time\" content=\"2025-11-05T12:00:00+00:00\" \/>\n<meta property=\"og:image\" content=\"https:\/\/sergiolapegue.com\/site\/wp-content\/uploads\/2025\/10\/Consagrada-en-el-centro-cultural-borges.jpeg\" \/>\n\t<meta property=\"og:image:width\" content=\"1170\" \/>\n\t<meta property=\"og:image:height\" content=\"656\" \/>\n\t<meta property=\"og:image:type\" content=\"image\/jpeg\" \/>\n<meta name=\"author\" content=\"Daniel E. Monta\u00f1a\" \/>\n<meta name=\"twitter:card\" content=\"summary_large_image\" \/>\n<meta name=\"twitter:creator\" content=\"@https:\/\/twitter.com\/daner_004\" \/>\n<meta name=\"twitter:site\" content=\"@sergiolapegue\" \/>\n<meta name=\"twitter:label1\" content=\"Escrito por\" \/>\n\t<meta name=\"twitter:data1\" content=\"Daniel E. Monta\u00f1a\" \/>\n\t<meta name=\"twitter:label2\" content=\"Tiempo de lectura\" \/>\n\t<meta name=\"twitter:data2\" content=\"5 minutos\" \/>\n<script type=\"application\/ld+json\" class=\"yoast-schema-graph\">{\"@context\":\"https:\\\/\\\/schema.org\",\"@graph\":[{\"@type\":\"Article\",\"@id\":\"https:\\\/\\\/sergiolapegue.com\\\/site\\\/2025\\\/11\\\/05\\\/consagrada-el-fracaso-del-exito-se-presenta-en-el-centro-cultural-borges\\\/#article\",\"isPartOf\":{\"@id\":\"https:\\\/\\\/sergiolapegue.com\\\/site\\\/2025\\\/11\\\/05\\\/consagrada-el-fracaso-del-exito-se-presenta-en-el-centro-cultural-borges\\\/\"},\"author\":{\"name\":\"Daniel E. Monta\u00f1a\",\"@id\":\"https:\\\/\\\/sergiolapegue.com\\\/site\\\/#\\\/schema\\\/person\\\/9198e7dbab43c6d74d0fd5399af7c3cd\"},\"headline\":\"\u201cCONSAGRADA, EL FRACASO DEL \u00c9XITO\u201d\",\"datePublished\":\"2025-11-05T12:00:00+00:00\",\"mainEntityOfPage\":{\"@id\":\"https:\\\/\\\/sergiolapegue.com\\\/site\\\/2025\\\/11\\\/05\\\/consagrada-el-fracaso-del-exito-se-presenta-en-el-centro-cultural-borges\\\/\"},\"wordCount\":966,\"commentCount\":0,\"publisher\":{\"@id\":\"https:\\\/\\\/sergiolapegue.com\\\/site\\\/#\\\/schema\\\/person\\\/083aeceeb0734cd166779ea6c0551a37\"},\"image\":{\"@id\":\"https:\\\/\\\/sergiolapegue.com\\\/site\\\/2025\\\/11\\\/05\\\/consagrada-el-fracaso-del-exito-se-presenta-en-el-centro-cultural-borges\\\/#primaryimage\"},\"thumbnailUrl\":\"https:\\\/\\\/sergiolapegue.com\\\/site\\\/wp-content\\\/uploads\\\/2025\\\/10\\\/Consagrada-en-el-centro-cultural-borges.jpeg\",\"articleSection\":[\"Arte\",\"Teatro\"],\"inLanguage\":\"es-AR\",\"potentialAction\":[{\"@type\":\"CommentAction\",\"name\":\"Comment\",\"target\":[\"https:\\\/\\\/sergiolapegue.com\\\/site\\\/2025\\\/11\\\/05\\\/consagrada-el-fracaso-del-exito-se-presenta-en-el-centro-cultural-borges\\\/#respond\"]}]},{\"@type\":\"WebPage\",\"@id\":\"https:\\\/\\\/sergiolapegue.com\\\/site\\\/2025\\\/11\\\/05\\\/consagrada-el-fracaso-del-exito-se-presenta-en-el-centro-cultural-borges\\\/\",\"url\":\"https:\\\/\\\/sergiolapegue.com\\\/site\\\/2025\\\/11\\\/05\\\/consagrada-el-fracaso-del-exito-se-presenta-en-el-centro-cultural-borges\\\/\",\"name\":\"\u201cCONSAGRADA, EL FRACASO DEL \u00c9XITO\u201d - Sergio Lapegue\",\"isPartOf\":{\"@id\":\"https:\\\/\\\/sergiolapegue.com\\\/site\\\/#website\"},\"primaryImageOfPage\":{\"@id\":\"https:\\\/\\\/sergiolapegue.com\\\/site\\\/2025\\\/11\\\/05\\\/consagrada-el-fracaso-del-exito-se-presenta-en-el-centro-cultural-borges\\\/#primaryimage\"},\"image\":{\"@id\":\"https:\\\/\\\/sergiolapegue.com\\\/site\\\/2025\\\/11\\\/05\\\/consagrada-el-fracaso-del-exito-se-presenta-en-el-centro-cultural-borges\\\/#primaryimage\"},\"thumbnailUrl\":\"https:\\\/\\\/sergiolapegue.com\\\/site\\\/wp-content\\\/uploads\\\/2025\\\/10\\\/Consagrada-en-el-centro-cultural-borges.jpeg\",\"datePublished\":\"2025-11-05T12:00:00+00:00\",\"breadcrumb\":{\"@id\":\"https:\\\/\\\/sergiolapegue.com\\\/site\\\/2025\\\/11\\\/05\\\/consagrada-el-fracaso-del-exito-se-presenta-en-el-centro-cultural-borges\\\/#breadcrumb\"},\"inLanguage\":\"es-AR\",\"potentialAction\":[{\"@type\":\"ReadAction\",\"target\":[\"https:\\\/\\\/sergiolapegue.com\\\/site\\\/2025\\\/11\\\/05\\\/consagrada-el-fracaso-del-exito-se-presenta-en-el-centro-cultural-borges\\\/\"]}]},{\"@type\":\"ImageObject\",\"inLanguage\":\"es-AR\",\"@id\":\"https:\\\/\\\/sergiolapegue.com\\\/site\\\/2025\\\/11\\\/05\\\/consagrada-el-fracaso-del-exito-se-presenta-en-el-centro-cultural-borges\\\/#primaryimage\",\"url\":\"https:\\\/\\\/sergiolapegue.com\\\/site\\\/wp-content\\\/uploads\\\/2025\\\/10\\\/Consagrada-en-el-centro-cultural-borges.jpeg\",\"contentUrl\":\"https:\\\/\\\/sergiolapegue.com\\\/site\\\/wp-content\\\/uploads\\\/2025\\\/10\\\/Consagrada-en-el-centro-cultural-borges.jpeg\",\"width\":1170,\"height\":656},{\"@type\":\"BreadcrumbList\",\"@id\":\"https:\\\/\\\/sergiolapegue.com\\\/site\\\/2025\\\/11\\\/05\\\/consagrada-el-fracaso-del-exito-se-presenta-en-el-centro-cultural-borges\\\/#breadcrumb\",\"itemListElement\":[{\"@type\":\"ListItem\",\"position\":1,\"name\":\"Inicio\",\"item\":\"https:\\\/\\\/sergiolapegue.com\\\/site\\\/\"},{\"@type\":\"ListItem\",\"position\":2,\"name\":\"\u201cCONSAGRADA, EL FRACASO DEL \u00c9XITO\u201d\"}]},{\"@type\":\"WebSite\",\"@id\":\"https:\\\/\\\/sergiolapegue.com\\\/site\\\/#website\",\"url\":\"https:\\\/\\\/sergiolapegue.com\\\/site\\\/\",\"name\":\"Sergio Lapegue\",\"description\":\"Periodista\",\"publisher\":{\"@id\":\"https:\\\/\\\/sergiolapegue.com\\\/site\\\/#\\\/schema\\\/person\\\/083aeceeb0734cd166779ea6c0551a37\"},\"potentialAction\":[{\"@type\":\"SearchAction\",\"target\":{\"@type\":\"EntryPoint\",\"urlTemplate\":\"https:\\\/\\\/sergiolapegue.com\\\/site\\\/?s={search_term_string}\"},\"query-input\":{\"@type\":\"PropertyValueSpecification\",\"valueRequired\":true,\"valueName\":\"search_term_string\"}}],\"inLanguage\":\"es-AR\"},{\"@type\":[\"Person\",\"Organization\"],\"@id\":\"https:\\\/\\\/sergiolapegue.com\\\/site\\\/#\\\/schema\\\/person\\\/083aeceeb0734cd166779ea6c0551a37\",\"name\":\"Sergio Lapegue\",\"image\":{\"@type\":\"ImageObject\",\"inLanguage\":\"es-AR\",\"@id\":\"https:\\\/\\\/sergiolapegue.com\\\/site\\\/wp-content\\\/uploads\\\/2021\\\/04\\\/logo_header-1.png\",\"url\":\"https:\\\/\\\/sergiolapegue.com\\\/site\\\/wp-content\\\/uploads\\\/2021\\\/04\\\/logo_header-1.png\",\"contentUrl\":\"https:\\\/\\\/sergiolapegue.com\\\/site\\\/wp-content\\\/uploads\\\/2021\\\/04\\\/logo_header-1.png\",\"width\":272,\"height\":90,\"caption\":\"Sergio Lapegue\"},\"logo\":{\"@id\":\"https:\\\/\\\/sergiolapegue.com\\\/site\\\/wp-content\\\/uploads\\\/2021\\\/04\\\/logo_header-1.png\"},\"sameAs\":[\"https:\\\/\\\/facebook.com\\\/sergiolapegue\",\"https:\\\/\\\/instagram.com\\\/sergiolapegue\",\"https:\\\/\\\/x.com\\\/https:\\\/\\\/twitter.com\\\/sergiolapegue\"]},{\"@type\":\"Person\",\"@id\":\"https:\\\/\\\/sergiolapegue.com\\\/site\\\/#\\\/schema\\\/person\\\/9198e7dbab43c6d74d0fd5399af7c3cd\",\"name\":\"Daniel E. Monta\u00f1a\",\"image\":{\"@type\":\"ImageObject\",\"inLanguage\":\"es-AR\",\"@id\":\"https:\\\/\\\/sergiolapegue.com\\\/site\\\/wp-content\\\/uploads\\\/2021\\\/04\\\/sl_avatar_Daniel-150x150.jpg\",\"url\":\"https:\\\/\\\/sergiolapegue.com\\\/site\\\/wp-content\\\/uploads\\\/2021\\\/04\\\/sl_avatar_Daniel-150x150.jpg\",\"contentUrl\":\"https:\\\/\\\/sergiolapegue.com\\\/site\\\/wp-content\\\/uploads\\\/2021\\\/04\\\/sl_avatar_Daniel-150x150.jpg\",\"caption\":\"Daniel E. Monta\u00f1a\"},\"sameAs\":[\"https:\\\/\\\/facebook.com\\\/danielernesto.montana\",\"https:\\\/\\\/instagram.com\\\/daniel_montana1961\",\"https:\\\/\\\/x.com\\\/https:\\\/\\\/twitter.com\\\/daner_004\"],\"url\":\"https:\\\/\\\/sergiolapegue.com\\\/site\\\/author\\\/daniel\\\/\"}]}<\/script>\n<!-- \/ Yoast SEO plugin. -->","yoast_head_json":{"title":"\u201cCONSAGRADA, EL FRACASO DEL \u00c9XITO\u201d - Sergio Lapegue","robots":{"index":"index","follow":"follow","max-snippet":"max-snippet:-1","max-image-preview":"max-image-preview:large","max-video-preview":"max-video-preview:-1"},"canonical":"https:\/\/sergiolapegue.com\/site\/2025\/11\/05\/consagrada-el-fracaso-del-exito-se-presenta-en-el-centro-cultural-borges\/","og_locale":"es_ES","og_type":"article","og_title":"\u201cCONSAGRADA, EL FRACASO DEL \u00c9XITO\u201d - Sergio Lapegue","og_description":"Llegan las \u00faltimas 2 funciones de este sensacional \u00e9xito, se podr\u00e1n ver en Timbre 4 el d\u00eda 30 de noviembre a las 20:00 horas y en el Teatro Roma en Avellaneda el d\u00eda 14 de noviembre a las 20:30 horas. Tras participar del Encuentro Creativo de Circo y de L\u2019Altre Festival de Artes Esc\u00e9nicas y [&hellip;]","og_url":"https:\/\/sergiolapegue.com\/site\/2025\/11\/05\/consagrada-el-fracaso-del-exito-se-presenta-en-el-centro-cultural-borges\/","og_site_name":"Sergio Lapegue","article_publisher":"https:\/\/facebook.com\/sergiolapegue","article_author":"https:\/\/facebook.com\/danielernesto.montana","article_published_time":"2025-11-05T12:00:00+00:00","og_image":[{"width":1170,"height":656,"url":"https:\/\/sergiolapegue.com\/site\/wp-content\/uploads\/2025\/10\/Consagrada-en-el-centro-cultural-borges.jpeg","type":"image\/jpeg"}],"author":"Daniel E. Monta\u00f1a","twitter_card":"summary_large_image","twitter_creator":"@https:\/\/twitter.com\/daner_004","twitter_site":"@sergiolapegue","twitter_misc":{"Escrito por":"Daniel E. Monta\u00f1a","Tiempo de lectura":"5 minutos"},"schema":{"@context":"https:\/\/schema.org","@graph":[{"@type":"Article","@id":"https:\/\/sergiolapegue.com\/site\/2025\/11\/05\/consagrada-el-fracaso-del-exito-se-presenta-en-el-centro-cultural-borges\/#article","isPartOf":{"@id":"https:\/\/sergiolapegue.com\/site\/2025\/11\/05\/consagrada-el-fracaso-del-exito-se-presenta-en-el-centro-cultural-borges\/"},"author":{"name":"Daniel E. Monta\u00f1a","@id":"https:\/\/sergiolapegue.com\/site\/#\/schema\/person\/9198e7dbab43c6d74d0fd5399af7c3cd"},"headline":"\u201cCONSAGRADA, EL FRACASO DEL \u00c9XITO\u201d","datePublished":"2025-11-05T12:00:00+00:00","mainEntityOfPage":{"@id":"https:\/\/sergiolapegue.com\/site\/2025\/11\/05\/consagrada-el-fracaso-del-exito-se-presenta-en-el-centro-cultural-borges\/"},"wordCount":966,"commentCount":0,"publisher":{"@id":"https:\/\/sergiolapegue.com\/site\/#\/schema\/person\/083aeceeb0734cd166779ea6c0551a37"},"image":{"@id":"https:\/\/sergiolapegue.com\/site\/2025\/11\/05\/consagrada-el-fracaso-del-exito-se-presenta-en-el-centro-cultural-borges\/#primaryimage"},"thumbnailUrl":"https:\/\/sergiolapegue.com\/site\/wp-content\/uploads\/2025\/10\/Consagrada-en-el-centro-cultural-borges.jpeg","articleSection":["Arte","Teatro"],"inLanguage":"es-AR","potentialAction":[{"@type":"CommentAction","name":"Comment","target":["https:\/\/sergiolapegue.com\/site\/2025\/11\/05\/consagrada-el-fracaso-del-exito-se-presenta-en-el-centro-cultural-borges\/#respond"]}]},{"@type":"WebPage","@id":"https:\/\/sergiolapegue.com\/site\/2025\/11\/05\/consagrada-el-fracaso-del-exito-se-presenta-en-el-centro-cultural-borges\/","url":"https:\/\/sergiolapegue.com\/site\/2025\/11\/05\/consagrada-el-fracaso-del-exito-se-presenta-en-el-centro-cultural-borges\/","name":"\u201cCONSAGRADA, EL FRACASO DEL \u00c9XITO\u201d - Sergio Lapegue","isPartOf":{"@id":"https:\/\/sergiolapegue.com\/site\/#website"},"primaryImageOfPage":{"@id":"https:\/\/sergiolapegue.com\/site\/2025\/11\/05\/consagrada-el-fracaso-del-exito-se-presenta-en-el-centro-cultural-borges\/#primaryimage"},"image":{"@id":"https:\/\/sergiolapegue.com\/site\/2025\/11\/05\/consagrada-el-fracaso-del-exito-se-presenta-en-el-centro-cultural-borges\/#primaryimage"},"thumbnailUrl":"https:\/\/sergiolapegue.com\/site\/wp-content\/uploads\/2025\/10\/Consagrada-en-el-centro-cultural-borges.jpeg","datePublished":"2025-11-05T12:00:00+00:00","breadcrumb":{"@id":"https:\/\/sergiolapegue.com\/site\/2025\/11\/05\/consagrada-el-fracaso-del-exito-se-presenta-en-el-centro-cultural-borges\/#breadcrumb"},"inLanguage":"es-AR","potentialAction":[{"@type":"ReadAction","target":["https:\/\/sergiolapegue.com\/site\/2025\/11\/05\/consagrada-el-fracaso-del-exito-se-presenta-en-el-centro-cultural-borges\/"]}]},{"@type":"ImageObject","inLanguage":"es-AR","@id":"https:\/\/sergiolapegue.com\/site\/2025\/11\/05\/consagrada-el-fracaso-del-exito-se-presenta-en-el-centro-cultural-borges\/#primaryimage","url":"https:\/\/sergiolapegue.com\/site\/wp-content\/uploads\/2025\/10\/Consagrada-en-el-centro-cultural-borges.jpeg","contentUrl":"https:\/\/sergiolapegue.com\/site\/wp-content\/uploads\/2025\/10\/Consagrada-en-el-centro-cultural-borges.jpeg","width":1170,"height":656},{"@type":"BreadcrumbList","@id":"https:\/\/sergiolapegue.com\/site\/2025\/11\/05\/consagrada-el-fracaso-del-exito-se-presenta-en-el-centro-cultural-borges\/#breadcrumb","itemListElement":[{"@type":"ListItem","position":1,"name":"Inicio","item":"https:\/\/sergiolapegue.com\/site\/"},{"@type":"ListItem","position":2,"name":"\u201cCONSAGRADA, EL FRACASO DEL \u00c9XITO\u201d"}]},{"@type":"WebSite","@id":"https:\/\/sergiolapegue.com\/site\/#website","url":"https:\/\/sergiolapegue.com\/site\/","name":"Sergio Lapegue","description":"Periodista","publisher":{"@id":"https:\/\/sergiolapegue.com\/site\/#\/schema\/person\/083aeceeb0734cd166779ea6c0551a37"},"potentialAction":[{"@type":"SearchAction","target":{"@type":"EntryPoint","urlTemplate":"https:\/\/sergiolapegue.com\/site\/?s={search_term_string}"},"query-input":{"@type":"PropertyValueSpecification","valueRequired":true,"valueName":"search_term_string"}}],"inLanguage":"es-AR"},{"@type":["Person","Organization"],"@id":"https:\/\/sergiolapegue.com\/site\/#\/schema\/person\/083aeceeb0734cd166779ea6c0551a37","name":"Sergio Lapegue","image":{"@type":"ImageObject","inLanguage":"es-AR","@id":"https:\/\/sergiolapegue.com\/site\/wp-content\/uploads\/2021\/04\/logo_header-1.png","url":"https:\/\/sergiolapegue.com\/site\/wp-content\/uploads\/2021\/04\/logo_header-1.png","contentUrl":"https:\/\/sergiolapegue.com\/site\/wp-content\/uploads\/2021\/04\/logo_header-1.png","width":272,"height":90,"caption":"Sergio Lapegue"},"logo":{"@id":"https:\/\/sergiolapegue.com\/site\/wp-content\/uploads\/2021\/04\/logo_header-1.png"},"sameAs":["https:\/\/facebook.com\/sergiolapegue","https:\/\/instagram.com\/sergiolapegue","https:\/\/x.com\/https:\/\/twitter.com\/sergiolapegue"]},{"@type":"Person","@id":"https:\/\/sergiolapegue.com\/site\/#\/schema\/person\/9198e7dbab43c6d74d0fd5399af7c3cd","name":"Daniel E. Monta\u00f1a","image":{"@type":"ImageObject","inLanguage":"es-AR","@id":"https:\/\/sergiolapegue.com\/site\/wp-content\/uploads\/2021\/04\/sl_avatar_Daniel-150x150.jpg","url":"https:\/\/sergiolapegue.com\/site\/wp-content\/uploads\/2021\/04\/sl_avatar_Daniel-150x150.jpg","contentUrl":"https:\/\/sergiolapegue.com\/site\/wp-content\/uploads\/2021\/04\/sl_avatar_Daniel-150x150.jpg","caption":"Daniel E. Monta\u00f1a"},"sameAs":["https:\/\/facebook.com\/danielernesto.montana","https:\/\/instagram.com\/daniel_montana1961","https:\/\/x.com\/https:\/\/twitter.com\/daner_004"],"url":"https:\/\/sergiolapegue.com\/site\/author\/daniel\/"}]}},"_links":{"self":[{"href":"https:\/\/sergiolapegue.com\/site\/wp-json\/wp\/v2\/posts\/25885","targetHints":{"allow":["GET"]}}],"collection":[{"href":"https:\/\/sergiolapegue.com\/site\/wp-json\/wp\/v2\/posts"}],"about":[{"href":"https:\/\/sergiolapegue.com\/site\/wp-json\/wp\/v2\/types\/post"}],"author":[{"embeddable":true,"href":"https:\/\/sergiolapegue.com\/site\/wp-json\/wp\/v2\/users\/3"}],"replies":[{"embeddable":true,"href":"https:\/\/sergiolapegue.com\/site\/wp-json\/wp\/v2\/comments?post=25885"}],"version-history":[{"count":4,"href":"https:\/\/sergiolapegue.com\/site\/wp-json\/wp\/v2\/posts\/25885\/revisions"}],"predecessor-version":[{"id":26549,"href":"https:\/\/sergiolapegue.com\/site\/wp-json\/wp\/v2\/posts\/25885\/revisions\/26549"}],"wp:featuredmedia":[{"embeddable":true,"href":"https:\/\/sergiolapegue.com\/site\/wp-json\/wp\/v2\/media\/25889"}],"wp:attachment":[{"href":"https:\/\/sergiolapegue.com\/site\/wp-json\/wp\/v2\/media?parent=25885"}],"wp:term":[{"taxonomy":"category","embeddable":true,"href":"https:\/\/sergiolapegue.com\/site\/wp-json\/wp\/v2\/categories?post=25885"},{"taxonomy":"post_tag","embeddable":true,"href":"https:\/\/sergiolapegue.com\/site\/wp-json\/wp\/v2\/tags?post=25885"}],"curies":[{"name":"wp","href":"https:\/\/api.w.org\/{rel}","templated":true}]}}