{"id":25658,"date":"2025-10-01T09:59:00","date_gmt":"2025-10-01T12:59:00","guid":{"rendered":"https:\/\/sergiolapegue.com\/site\/?p=25658"},"modified":"2025-09-25T16:06:15","modified_gmt":"2025-09-25T19:06:15","slug":"el-verdadero-origen-del-estres-y-como-empezar-a-desarmarlo","status":"publish","type":"post","link":"https:\/\/sergiolapegue.com\/site\/2025\/10\/01\/el-verdadero-origen-del-estres-y-como-empezar-a-desarmarlo\/","title":{"rendered":"El verdadero origen del estr\u00e9s (y c\u00f3mo empezar a desarmarlo)"},"content":{"rendered":"\n<p>En una entrevista reciente, un coach especializado en liderazgo emocional\u2014 habl\u00f3 sobre la \u201cepidemia de estr\u00e9s y falta de disfrute\u201d que atraviesa a nuestra sociedad<\/p>\n\n\n\n<p>Como coach emocional con 26 a\u00f1os experiencia en el Arte de Vivir<\/p>\n\n\n\n<p>Coincido en que hay varios factores explican esta sensaci\u00f3n de malestar: las emociones reprimidas, como tristeza y soledad, la desconexi\u00f3n y el di\u00e1logo interno negativo. Esta mirada es l\u00facida, sobre todo porque nos invita a mirar hacia adentro.<\/p>\n\n\n\n<p>Como profesional que acompa\u00f1a procesos de desarrollo personal y emocional, coincido en que muchas veces no se trata de lo que nos sucede, sino de c\u00f3mo lo transitamos. Pero tambi\u00e9n creo que no alcanza con identificar lo que nos da\u00f1a: necesitamos herramientas concretas para transformarlo. Estas herramientas est\u00e1 ampliamente probado, residen en la respiraci\u00f3n consciente, en la meditaci\u00f3n y el yoga.<\/p>\n\n\n\n<p><strong>Vivir desde la exigencia<\/strong><\/p>\n\n\n\n<p>Estamos acostumbrados a funcionar desde la autoexigencia. Buscamos ser m\u00e1s productivos, m\u00e1s eficientes, m\u00e1s enfocados. Sin embargo, pocas veces nos preguntamos si lo que estamos haciendo nos hace bien. La exigencia puede motivar, s\u00ed, pero tambi\u00e9n puede convertirse en una forma de agresi\u00f3n silenciosa cuando se instala como \u00fanica manera de vincularnos con nosotros mismos.<\/p>\n\n\n\n<p>Muchas personas viven con una sensaci\u00f3n constante de estar \u201cen deuda\u201d consigo mismas, o sentirse con culpa como si nunca hicieran lo suficiente. Esa voz cr\u00edtica interna, que muchas veces tiene ra\u00edces antiguas, nos impide descansar, disfrutar o incluso celebrar lo logrado.<\/p>\n\n\n\n<p><strong>Autocompasi\u00f3n no es debilidad<\/strong><\/p>\n\n\n\n<p>El cuidarse y reconocerse suele malinterpretarse como complacencia. Sin embargo, no se trata de resignarse ni de evitar el cambio. Es, m\u00e1s bien, una forma de tratarnos con el mismo respeto y cuidado que ofrecemos a quienes queremos. Implica poder acompa\u00f1arnos incluso cuando no estamos en nuestro mejor momento.<\/p>\n\n\n\n<p>Reconocer lo que sentimos, sin juzgarnos, nos permite dejar de actuar en modo autom\u00e1tico. Nombrar el enojo, aceptar el miedo, reconocer el cansancio: todo eso nos devuelve poder. Porque lo que no se ve, nos maneja desde la sombra. Pero lo que podemos mirar, lo podemos transformar.<\/p>\n\n\n\n<figure class=\"wp-block-image size-full\"><img loading=\"lazy\" decoding=\"async\" width=\"1024\" height=\"685\" src=\"https:\/\/sergiolapegue.com\/site\/wp-content\/uploads\/2025\/09\/stress.jpg\" alt=\"\" class=\"wp-image-25659\" srcset=\"https:\/\/sergiolapegue.com\/site\/wp-content\/uploads\/2025\/09\/stress.jpg 1024w, https:\/\/sergiolapegue.com\/site\/wp-content\/uploads\/2025\/09\/stress-300x201.jpg 300w, https:\/\/sergiolapegue.com\/site\/wp-content\/uploads\/2025\/09\/stress-768x514.jpg 768w, https:\/\/sergiolapegue.com\/site\/wp-content\/uploads\/2025\/09\/stress-628x420.jpg 628w, https:\/\/sergiolapegue.com\/site\/wp-content\/uploads\/2025\/09\/stress-696x466.jpg 696w\" sizes=\"auto, (max-width: 1024px) 100vw, 1024px\" \/><\/figure>\n\n\n\n<p><strong>Conexi\u00f3n aut\u00e9ntica y l\u00edmites sanos<\/strong><\/p>\n\n\n\n<p>Coincido en la importancia de la conexi\u00f3n. Pero esa conexi\u00f3n, para que sea verdadera, necesita de una base s\u00f3lida: saber poner l\u00edmites. Muchas veces intentamos agradar para sentirnos aceptados, pero lo que genera verdadera cercan\u00eda es la honestidad. Ser uno mismo es un acto de valent\u00eda, y requiere conocerse.<\/p>\n\n\n\n<p>En mi experiencia, tanto en procesos individuales como en equipos, veo que cuando no hay l\u00edmites claros, aparecen el desgaste, la confusi\u00f3n y el resentimiento. Aprender a decir que no, a diferenciar lo propio de lo ajeno, es una forma de autocuidado emocional.<\/p>\n\n\n\n<p>Una pregunta que suelo hacer es: \u00bfc\u00f3mo ser\u00eda tu vida si pudieras disfrutarla sin culpa? El fundador de El Arte de Vivir dice que el mayor c\u00e1ncer de la sociedad es la culpa. Las respuestas suelen tener que ver con alivio, creatividad, calma. Porque cuando dejamos de estar a la defensiva, aparece otra energ\u00eda: m\u00e1s disponible, m\u00e1s presente, m\u00e1s aut\u00e9ntica.<\/p>\n\n\n\n<p>El disfrute no es superficial: es una fuente real de vitalidad. Cuando nos damos permiso para disfrutar, conectamos con lo que nos da sentido. Y desde ah\u00ed, se vuelve m\u00e1s f\u00e1cil tomar decisiones, poner l\u00edmites y construir relaciones m\u00e1s sanas.<\/p>\n\n\n\n<p><strong>Una invitaci\u00f3n al cambio<\/strong><\/p>\n\n\n\n<p>Si el di\u00e1logo interno que mantenemos d\u00eda a d\u00eda es una fuente de malestar, cambiarlo es una de las herramientas m\u00e1s poderosas que tenemos. No se trata de evitar las emociones dif\u00edciles, sino de reconocerlas y aprender a habitarlas sin juicio.<\/p>\n\n\n\n<p>Podemos elegir una forma de vincularnos con nosotros mismos basada en el respeto, la escucha y la presencia. Y eso no solo impacta en nuestra salud mental: transforma nuestra manera de estar en el mundo.<\/p>\n\n\n\n<p>En definitiva, si la exigencia constante nos aleja de nosotros, y por ende de los dem\u00e1s, la autocompasi\u00f3n nos acerca. Si la desconexi\u00f3n nos a\u00edsla, la autenticidad nos une. Y si la represi\u00f3n emocional nos tensiona, la claridad nos libera.<\/p>\n\n\n\n<figure class=\"wp-block-image size-full is-resized\"><img loading=\"lazy\" decoding=\"async\" width=\"600\" height=\"900\" src=\"https:\/\/sergiolapegue.com\/site\/wp-content\/uploads\/2024\/07\/Beatriz-Goyoaga-Coordinadora-e-Instructora-de-El-Arte-de-Vivir.webp\" alt=\"\" class=\"wp-image-16651\" style=\"width:268px;height:auto\" srcset=\"https:\/\/sergiolapegue.com\/site\/wp-content\/uploads\/2024\/07\/Beatriz-Goyoaga-Coordinadora-e-Instructora-de-El-Arte-de-Vivir.webp 600w, https:\/\/sergiolapegue.com\/site\/wp-content\/uploads\/2024\/07\/Beatriz-Goyoaga-Coordinadora-e-Instructora-de-El-Arte-de-Vivir-200x300.webp 200w, https:\/\/sergiolapegue.com\/site\/wp-content\/uploads\/2024\/07\/Beatriz-Goyoaga-Coordinadora-e-Instructora-de-El-Arte-de-Vivir-280x420.webp 280w\" sizes=\"auto, (max-width: 600px) 100vw, 600px\" \/><figcaption class=\"wp-element-caption\">Por Beatriz Goyoaga, Instructora y Coordinadora de El Arte de Vivir<\/figcaption><\/figure>\n","protected":false},"excerpt":{"rendered":"<p>En una entrevista reciente, un coach especializado en liderazgo emocional\u2014 habl\u00f3 sobre la \u201cepidemia de estr\u00e9s y falta de disfrute\u201d que atraviesa a nuestra sociedad Como coach emocional con 26 a\u00f1os experiencia en el Arte de Vivir Coincido en que hay varios factores explican esta sensaci\u00f3n de malestar: las emociones reprimidas, como tristeza y soledad, [&hellip;]<\/p>\n","protected":false},"author":4,"featured_media":25660,"comment_status":"closed","ping_status":"closed","sticky":false,"template":"","format":"standard","meta":{"footnotes":""},"categories":[38],"tags":[759,4535,4536,1765],"class_list":{"0":"post-25658","1":"post","2":"type-post","3":"status-publish","4":"format-standard","5":"has-post-thumbnail","7":"category-actualidad","8":"tag-estres-2","9":"tag-origen","10":"tag-stress","11":"tag-vivir"},"yoast_head":"<!-- This site is optimized with the Yoast SEO plugin v27.5 - https:\/\/yoast.com\/product\/yoast-seo-wordpress\/ -->\n<title>El verdadero origen del estr\u00e9s (y c\u00f3mo empezar a desarmarlo) - Sergio Lapegue<\/title>\n<meta name=\"robots\" content=\"index, follow, max-snippet:-1, max-image-preview:large, max-video-preview:-1\" \/>\n<link rel=\"canonical\" href=\"https:\/\/sergiolapegue.com\/site\/2025\/10\/01\/el-verdadero-origen-del-estres-y-como-empezar-a-desarmarlo\/\" \/>\n<meta property=\"og:locale\" content=\"es_ES\" \/>\n<meta property=\"og:type\" content=\"article\" \/>\n<meta property=\"og:title\" content=\"El verdadero origen del estr\u00e9s (y c\u00f3mo empezar a desarmarlo) - Sergio Lapegue\" \/>\n<meta property=\"og:description\" content=\"En una entrevista reciente, un coach especializado en liderazgo emocional\u2014 habl\u00f3 sobre la \u201cepidemia de estr\u00e9s y falta de disfrute\u201d que atraviesa a nuestra sociedad Como coach emocional con 26 a\u00f1os experiencia en el Arte de Vivir Coincido en que hay varios factores explican esta sensaci\u00f3n de malestar: las emociones reprimidas, como tristeza y soledad, [&hellip;]\" \/>\n<meta property=\"og:url\" content=\"https:\/\/sergiolapegue.com\/site\/2025\/10\/01\/el-verdadero-origen-del-estres-y-como-empezar-a-desarmarlo\/\" \/>\n<meta property=\"og:site_name\" content=\"Sergio Lapegue\" \/>\n<meta property=\"article:publisher\" content=\"https:\/\/facebook.com\/sergiolapegue\" \/>\n<meta property=\"article:published_time\" content=\"2025-10-01T12:59:00+00:00\" \/>\n<meta property=\"og:image\" content=\"https:\/\/sergiolapegue.com\/site\/wp-content\/uploads\/2025\/09\/stress01.jpg\" \/>\n\t<meta property=\"og:image:width\" content=\"1800\" \/>\n\t<meta property=\"og:image:height\" content=\"1200\" \/>\n\t<meta property=\"og:image:type\" content=\"image\/jpeg\" \/>\n<meta name=\"author\" content=\"Leonardo Monta\u00f1a\" \/>\n<meta name=\"twitter:card\" content=\"summary_large_image\" \/>\n<meta name=\"twitter:creator\" content=\"@https:\/\/twitter.com\/soytoto81\" \/>\n<meta name=\"twitter:site\" content=\"@sergiolapegue\" \/>\n<meta name=\"twitter:label1\" content=\"Escrito por\" \/>\n\t<meta name=\"twitter:data1\" content=\"Leonardo Monta\u00f1a\" \/>\n\t<meta name=\"twitter:label2\" content=\"Tiempo de lectura\" \/>\n\t<meta name=\"twitter:data2\" content=\"4 minutos\" \/>\n<script type=\"application\/ld+json\" class=\"yoast-schema-graph\">{\"@context\":\"https:\\\/\\\/schema.org\",\"@graph\":[{\"@type\":\"Article\",\"@id\":\"https:\\\/\\\/sergiolapegue.com\\\/site\\\/2025\\\/10\\\/01\\\/el-verdadero-origen-del-estres-y-como-empezar-a-desarmarlo\\\/#article\",\"isPartOf\":{\"@id\":\"https:\\\/\\\/sergiolapegue.com\\\/site\\\/2025\\\/10\\\/01\\\/el-verdadero-origen-del-estres-y-como-empezar-a-desarmarlo\\\/\"},\"author\":{\"name\":\"Leonardo Monta\u00f1a\",\"@id\":\"https:\\\/\\\/sergiolapegue.com\\\/site\\\/#\\\/schema\\\/person\\\/00adf937d010c7f79a180dc4916a40e0\"},\"headline\":\"El verdadero origen del estr\u00e9s (y c\u00f3mo empezar a desarmarlo)\",\"datePublished\":\"2025-10-01T12:59:00+00:00\",\"mainEntityOfPage\":{\"@id\":\"https:\\\/\\\/sergiolapegue.com\\\/site\\\/2025\\\/10\\\/01\\\/el-verdadero-origen-del-estres-y-como-empezar-a-desarmarlo\\\/\"},\"wordCount\":734,\"publisher\":{\"@id\":\"https:\\\/\\\/sergiolapegue.com\\\/site\\\/#\\\/schema\\\/person\\\/083aeceeb0734cd166779ea6c0551a37\"},\"image\":{\"@id\":\"https:\\\/\\\/sergiolapegue.com\\\/site\\\/2025\\\/10\\\/01\\\/el-verdadero-origen-del-estres-y-como-empezar-a-desarmarlo\\\/#primaryimage\"},\"thumbnailUrl\":\"https:\\\/\\\/sergiolapegue.com\\\/site\\\/wp-content\\\/uploads\\\/2025\\\/09\\\/stress01.jpg\",\"keywords\":[\"estres\",\"origen\",\"stress\",\"vivir\"],\"articleSection\":[\"Actualidad\"],\"inLanguage\":\"es-AR\"},{\"@type\":\"WebPage\",\"@id\":\"https:\\\/\\\/sergiolapegue.com\\\/site\\\/2025\\\/10\\\/01\\\/el-verdadero-origen-del-estres-y-como-empezar-a-desarmarlo\\\/\",\"url\":\"https:\\\/\\\/sergiolapegue.com\\\/site\\\/2025\\\/10\\\/01\\\/el-verdadero-origen-del-estres-y-como-empezar-a-desarmarlo\\\/\",\"name\":\"El verdadero origen del estr\u00e9s (y c\u00f3mo empezar a desarmarlo) - Sergio Lapegue\",\"isPartOf\":{\"@id\":\"https:\\\/\\\/sergiolapegue.com\\\/site\\\/#website\"},\"primaryImageOfPage\":{\"@id\":\"https:\\\/\\\/sergiolapegue.com\\\/site\\\/2025\\\/10\\\/01\\\/el-verdadero-origen-del-estres-y-como-empezar-a-desarmarlo\\\/#primaryimage\"},\"image\":{\"@id\":\"https:\\\/\\\/sergiolapegue.com\\\/site\\\/2025\\\/10\\\/01\\\/el-verdadero-origen-del-estres-y-como-empezar-a-desarmarlo\\\/#primaryimage\"},\"thumbnailUrl\":\"https:\\\/\\\/sergiolapegue.com\\\/site\\\/wp-content\\\/uploads\\\/2025\\\/09\\\/stress01.jpg\",\"datePublished\":\"2025-10-01T12:59:00+00:00\",\"breadcrumb\":{\"@id\":\"https:\\\/\\\/sergiolapegue.com\\\/site\\\/2025\\\/10\\\/01\\\/el-verdadero-origen-del-estres-y-como-empezar-a-desarmarlo\\\/#breadcrumb\"},\"inLanguage\":\"es-AR\",\"potentialAction\":[{\"@type\":\"ReadAction\",\"target\":[\"https:\\\/\\\/sergiolapegue.com\\\/site\\\/2025\\\/10\\\/01\\\/el-verdadero-origen-del-estres-y-como-empezar-a-desarmarlo\\\/\"]}]},{\"@type\":\"ImageObject\",\"inLanguage\":\"es-AR\",\"@id\":\"https:\\\/\\\/sergiolapegue.com\\\/site\\\/2025\\\/10\\\/01\\\/el-verdadero-origen-del-estres-y-como-empezar-a-desarmarlo\\\/#primaryimage\",\"url\":\"https:\\\/\\\/sergiolapegue.com\\\/site\\\/wp-content\\\/uploads\\\/2025\\\/09\\\/stress01.jpg\",\"contentUrl\":\"https:\\\/\\\/sergiolapegue.com\\\/site\\\/wp-content\\\/uploads\\\/2025\\\/09\\\/stress01.jpg\",\"width\":1800,\"height\":1200},{\"@type\":\"BreadcrumbList\",\"@id\":\"https:\\\/\\\/sergiolapegue.com\\\/site\\\/2025\\\/10\\\/01\\\/el-verdadero-origen-del-estres-y-como-empezar-a-desarmarlo\\\/#breadcrumb\",\"itemListElement\":[{\"@type\":\"ListItem\",\"position\":1,\"name\":\"Inicio\",\"item\":\"https:\\\/\\\/sergiolapegue.com\\\/site\\\/\"},{\"@type\":\"ListItem\",\"position\":2,\"name\":\"El verdadero origen del estr\u00e9s (y c\u00f3mo empezar a desarmarlo)\"}]},{\"@type\":\"WebSite\",\"@id\":\"https:\\\/\\\/sergiolapegue.com\\\/site\\\/#website\",\"url\":\"https:\\\/\\\/sergiolapegue.com\\\/site\\\/\",\"name\":\"Sergio Lapegue\",\"description\":\"Periodista\",\"publisher\":{\"@id\":\"https:\\\/\\\/sergiolapegue.com\\\/site\\\/#\\\/schema\\\/person\\\/083aeceeb0734cd166779ea6c0551a37\"},\"potentialAction\":[{\"@type\":\"SearchAction\",\"target\":{\"@type\":\"EntryPoint\",\"urlTemplate\":\"https:\\\/\\\/sergiolapegue.com\\\/site\\\/?s={search_term_string}\"},\"query-input\":{\"@type\":\"PropertyValueSpecification\",\"valueRequired\":true,\"valueName\":\"search_term_string\"}}],\"inLanguage\":\"es-AR\"},{\"@type\":[\"Person\",\"Organization\"],\"@id\":\"https:\\\/\\\/sergiolapegue.com\\\/site\\\/#\\\/schema\\\/person\\\/083aeceeb0734cd166779ea6c0551a37\",\"name\":\"Sergio Lapegue\",\"image\":{\"@type\":\"ImageObject\",\"inLanguage\":\"es-AR\",\"@id\":\"https:\\\/\\\/sergiolapegue.com\\\/site\\\/wp-content\\\/uploads\\\/2021\\\/04\\\/logo_header-1.png\",\"url\":\"https:\\\/\\\/sergiolapegue.com\\\/site\\\/wp-content\\\/uploads\\\/2021\\\/04\\\/logo_header-1.png\",\"contentUrl\":\"https:\\\/\\\/sergiolapegue.com\\\/site\\\/wp-content\\\/uploads\\\/2021\\\/04\\\/logo_header-1.png\",\"width\":272,\"height\":90,\"caption\":\"Sergio Lapegue\"},\"logo\":{\"@id\":\"https:\\\/\\\/sergiolapegue.com\\\/site\\\/wp-content\\\/uploads\\\/2021\\\/04\\\/logo_header-1.png\"},\"sameAs\":[\"https:\\\/\\\/facebook.com\\\/sergiolapegue\",\"https:\\\/\\\/instagram.com\\\/sergiolapegue\",\"https:\\\/\\\/x.com\\\/https:\\\/\\\/twitter.com\\\/sergiolapegue\"]},{\"@type\":\"Person\",\"@id\":\"https:\\\/\\\/sergiolapegue.com\\\/site\\\/#\\\/schema\\\/person\\\/00adf937d010c7f79a180dc4916a40e0\",\"name\":\"Leonardo Monta\u00f1a\",\"image\":{\"@type\":\"ImageObject\",\"inLanguage\":\"es-AR\",\"@id\":\"https:\\\/\\\/sergiolapegue.com\\\/site\\\/wp-content\\\/uploads\\\/2021\\\/04\\\/sl_avatar_Leonardo-150x150.jpg\",\"url\":\"https:\\\/\\\/sergiolapegue.com\\\/site\\\/wp-content\\\/uploads\\\/2021\\\/04\\\/sl_avatar_Leonardo-150x150.jpg\",\"contentUrl\":\"https:\\\/\\\/sergiolapegue.com\\\/site\\\/wp-content\\\/uploads\\\/2021\\\/04\\\/sl_avatar_Leonardo-150x150.jpg\",\"caption\":\"Leonardo Monta\u00f1a\"},\"sameAs\":[\"https:\\\/\\\/x.com\\\/https:\\\/\\\/twitter.com\\\/soytoto81\"],\"url\":\"https:\\\/\\\/sergiolapegue.com\\\/site\\\/author\\\/leonardo\\\/\"}]}<\/script>\n<!-- \/ Yoast SEO plugin. -->","yoast_head_json":{"title":"El verdadero origen del estr\u00e9s (y c\u00f3mo empezar a desarmarlo) - Sergio Lapegue","robots":{"index":"index","follow":"follow","max-snippet":"max-snippet:-1","max-image-preview":"max-image-preview:large","max-video-preview":"max-video-preview:-1"},"canonical":"https:\/\/sergiolapegue.com\/site\/2025\/10\/01\/el-verdadero-origen-del-estres-y-como-empezar-a-desarmarlo\/","og_locale":"es_ES","og_type":"article","og_title":"El verdadero origen del estr\u00e9s (y c\u00f3mo empezar a desarmarlo) - Sergio Lapegue","og_description":"En una entrevista reciente, un coach especializado en liderazgo emocional\u2014 habl\u00f3 sobre la \u201cepidemia de estr\u00e9s y falta de disfrute\u201d que atraviesa a nuestra sociedad Como coach emocional con 26 a\u00f1os experiencia en el Arte de Vivir Coincido en que hay varios factores explican esta sensaci\u00f3n de malestar: las emociones reprimidas, como tristeza y soledad, [&hellip;]","og_url":"https:\/\/sergiolapegue.com\/site\/2025\/10\/01\/el-verdadero-origen-del-estres-y-como-empezar-a-desarmarlo\/","og_site_name":"Sergio Lapegue","article_publisher":"https:\/\/facebook.com\/sergiolapegue","article_published_time":"2025-10-01T12:59:00+00:00","og_image":[{"width":1800,"height":1200,"url":"https:\/\/sergiolapegue.com\/site\/wp-content\/uploads\/2025\/09\/stress01.jpg","type":"image\/jpeg"}],"author":"Leonardo Monta\u00f1a","twitter_card":"summary_large_image","twitter_creator":"@https:\/\/twitter.com\/soytoto81","twitter_site":"@sergiolapegue","twitter_misc":{"Escrito por":"Leonardo Monta\u00f1a","Tiempo de lectura":"4 minutos"},"schema":{"@context":"https:\/\/schema.org","@graph":[{"@type":"Article","@id":"https:\/\/sergiolapegue.com\/site\/2025\/10\/01\/el-verdadero-origen-del-estres-y-como-empezar-a-desarmarlo\/#article","isPartOf":{"@id":"https:\/\/sergiolapegue.com\/site\/2025\/10\/01\/el-verdadero-origen-del-estres-y-como-empezar-a-desarmarlo\/"},"author":{"name":"Leonardo Monta\u00f1a","@id":"https:\/\/sergiolapegue.com\/site\/#\/schema\/person\/00adf937d010c7f79a180dc4916a40e0"},"headline":"El verdadero origen del estr\u00e9s (y c\u00f3mo empezar a desarmarlo)","datePublished":"2025-10-01T12:59:00+00:00","mainEntityOfPage":{"@id":"https:\/\/sergiolapegue.com\/site\/2025\/10\/01\/el-verdadero-origen-del-estres-y-como-empezar-a-desarmarlo\/"},"wordCount":734,"publisher":{"@id":"https:\/\/sergiolapegue.com\/site\/#\/schema\/person\/083aeceeb0734cd166779ea6c0551a37"},"image":{"@id":"https:\/\/sergiolapegue.com\/site\/2025\/10\/01\/el-verdadero-origen-del-estres-y-como-empezar-a-desarmarlo\/#primaryimage"},"thumbnailUrl":"https:\/\/sergiolapegue.com\/site\/wp-content\/uploads\/2025\/09\/stress01.jpg","keywords":["estres","origen","stress","vivir"],"articleSection":["Actualidad"],"inLanguage":"es-AR"},{"@type":"WebPage","@id":"https:\/\/sergiolapegue.com\/site\/2025\/10\/01\/el-verdadero-origen-del-estres-y-como-empezar-a-desarmarlo\/","url":"https:\/\/sergiolapegue.com\/site\/2025\/10\/01\/el-verdadero-origen-del-estres-y-como-empezar-a-desarmarlo\/","name":"El verdadero origen del estr\u00e9s (y c\u00f3mo empezar a desarmarlo) - Sergio Lapegue","isPartOf":{"@id":"https:\/\/sergiolapegue.com\/site\/#website"},"primaryImageOfPage":{"@id":"https:\/\/sergiolapegue.com\/site\/2025\/10\/01\/el-verdadero-origen-del-estres-y-como-empezar-a-desarmarlo\/#primaryimage"},"image":{"@id":"https:\/\/sergiolapegue.com\/site\/2025\/10\/01\/el-verdadero-origen-del-estres-y-como-empezar-a-desarmarlo\/#primaryimage"},"thumbnailUrl":"https:\/\/sergiolapegue.com\/site\/wp-content\/uploads\/2025\/09\/stress01.jpg","datePublished":"2025-10-01T12:59:00+00:00","breadcrumb":{"@id":"https:\/\/sergiolapegue.com\/site\/2025\/10\/01\/el-verdadero-origen-del-estres-y-como-empezar-a-desarmarlo\/#breadcrumb"},"inLanguage":"es-AR","potentialAction":[{"@type":"ReadAction","target":["https:\/\/sergiolapegue.com\/site\/2025\/10\/01\/el-verdadero-origen-del-estres-y-como-empezar-a-desarmarlo\/"]}]},{"@type":"ImageObject","inLanguage":"es-AR","@id":"https:\/\/sergiolapegue.com\/site\/2025\/10\/01\/el-verdadero-origen-del-estres-y-como-empezar-a-desarmarlo\/#primaryimage","url":"https:\/\/sergiolapegue.com\/site\/wp-content\/uploads\/2025\/09\/stress01.jpg","contentUrl":"https:\/\/sergiolapegue.com\/site\/wp-content\/uploads\/2025\/09\/stress01.jpg","width":1800,"height":1200},{"@type":"BreadcrumbList","@id":"https:\/\/sergiolapegue.com\/site\/2025\/10\/01\/el-verdadero-origen-del-estres-y-como-empezar-a-desarmarlo\/#breadcrumb","itemListElement":[{"@type":"ListItem","position":1,"name":"Inicio","item":"https:\/\/sergiolapegue.com\/site\/"},{"@type":"ListItem","position":2,"name":"El verdadero origen del estr\u00e9s (y c\u00f3mo empezar a desarmarlo)"}]},{"@type":"WebSite","@id":"https:\/\/sergiolapegue.com\/site\/#website","url":"https:\/\/sergiolapegue.com\/site\/","name":"Sergio Lapegue","description":"Periodista","publisher":{"@id":"https:\/\/sergiolapegue.com\/site\/#\/schema\/person\/083aeceeb0734cd166779ea6c0551a37"},"potentialAction":[{"@type":"SearchAction","target":{"@type":"EntryPoint","urlTemplate":"https:\/\/sergiolapegue.com\/site\/?s={search_term_string}"},"query-input":{"@type":"PropertyValueSpecification","valueRequired":true,"valueName":"search_term_string"}}],"inLanguage":"es-AR"},{"@type":["Person","Organization"],"@id":"https:\/\/sergiolapegue.com\/site\/#\/schema\/person\/083aeceeb0734cd166779ea6c0551a37","name":"Sergio Lapegue","image":{"@type":"ImageObject","inLanguage":"es-AR","@id":"https:\/\/sergiolapegue.com\/site\/wp-content\/uploads\/2021\/04\/logo_header-1.png","url":"https:\/\/sergiolapegue.com\/site\/wp-content\/uploads\/2021\/04\/logo_header-1.png","contentUrl":"https:\/\/sergiolapegue.com\/site\/wp-content\/uploads\/2021\/04\/logo_header-1.png","width":272,"height":90,"caption":"Sergio Lapegue"},"logo":{"@id":"https:\/\/sergiolapegue.com\/site\/wp-content\/uploads\/2021\/04\/logo_header-1.png"},"sameAs":["https:\/\/facebook.com\/sergiolapegue","https:\/\/instagram.com\/sergiolapegue","https:\/\/x.com\/https:\/\/twitter.com\/sergiolapegue"]},{"@type":"Person","@id":"https:\/\/sergiolapegue.com\/site\/#\/schema\/person\/00adf937d010c7f79a180dc4916a40e0","name":"Leonardo Monta\u00f1a","image":{"@type":"ImageObject","inLanguage":"es-AR","@id":"https:\/\/sergiolapegue.com\/site\/wp-content\/uploads\/2021\/04\/sl_avatar_Leonardo-150x150.jpg","url":"https:\/\/sergiolapegue.com\/site\/wp-content\/uploads\/2021\/04\/sl_avatar_Leonardo-150x150.jpg","contentUrl":"https:\/\/sergiolapegue.com\/site\/wp-content\/uploads\/2021\/04\/sl_avatar_Leonardo-150x150.jpg","caption":"Leonardo Monta\u00f1a"},"sameAs":["https:\/\/x.com\/https:\/\/twitter.com\/soytoto81"],"url":"https:\/\/sergiolapegue.com\/site\/author\/leonardo\/"}]}},"_links":{"self":[{"href":"https:\/\/sergiolapegue.com\/site\/wp-json\/wp\/v2\/posts\/25658","targetHints":{"allow":["GET"]}}],"collection":[{"href":"https:\/\/sergiolapegue.com\/site\/wp-json\/wp\/v2\/posts"}],"about":[{"href":"https:\/\/sergiolapegue.com\/site\/wp-json\/wp\/v2\/types\/post"}],"author":[{"embeddable":true,"href":"https:\/\/sergiolapegue.com\/site\/wp-json\/wp\/v2\/users\/4"}],"replies":[{"embeddable":true,"href":"https:\/\/sergiolapegue.com\/site\/wp-json\/wp\/v2\/comments?post=25658"}],"version-history":[{"count":1,"href":"https:\/\/sergiolapegue.com\/site\/wp-json\/wp\/v2\/posts\/25658\/revisions"}],"predecessor-version":[{"id":25661,"href":"https:\/\/sergiolapegue.com\/site\/wp-json\/wp\/v2\/posts\/25658\/revisions\/25661"}],"wp:featuredmedia":[{"embeddable":true,"href":"https:\/\/sergiolapegue.com\/site\/wp-json\/wp\/v2\/media\/25660"}],"wp:attachment":[{"href":"https:\/\/sergiolapegue.com\/site\/wp-json\/wp\/v2\/media?parent=25658"}],"wp:term":[{"taxonomy":"category","embeddable":true,"href":"https:\/\/sergiolapegue.com\/site\/wp-json\/wp\/v2\/categories?post=25658"},{"taxonomy":"post_tag","embeddable":true,"href":"https:\/\/sergiolapegue.com\/site\/wp-json\/wp\/v2\/tags?post=25658"}],"curies":[{"name":"wp","href":"https:\/\/api.w.org\/{rel}","templated":true}]}}