{"id":25647,"date":"2025-10-14T12:34:00","date_gmt":"2025-10-14T15:34:00","guid":{"rendered":"https:\/\/sergiolapegue.com\/site\/?p=25647"},"modified":"2025-09-25T15:56:39","modified_gmt":"2025-09-25T18:56:39","slug":"llega-la-3-edicion-del-improba-de-la-ciudad-de-buenos-aires","status":"publish","type":"post","link":"https:\/\/sergiolapegue.com\/site\/2025\/10\/14\/llega-la-3-edicion-del-improba-de-la-ciudad-de-buenos-aires\/","title":{"rendered":"Llega la 3\u00b0 edici\u00f3n del ImproBA de la ciudad de Buenos Aires\u00a0"},"content":{"rendered":"\n<p>IMPROBA es el Festival de Improvisaci\u00f3n Teatral de Buenos Aires. Un espacio de encuentro que convoca tanto a la comunidad improvisadora local, nacional e internacional como al p\u00fablico general, con el objetivo de compartir experiencias, aprendizajes y espect\u00e1culos \u00fanicos e irrepetibles.&nbsp;Este a\u00f1o el festival tendr\u00e1 cuatro d\u00edas de actividades, con una programaci\u00f3n m\u00e1s amplia y diversa.<br>Esta edici\u00f3n cuenta con el apoyo de Tomasso, Manaos y el programa Pase Cultural.<br><\/p>\n\n\n\n<p><strong>\u00bfPOR QU\u00c9 SE HACE?<\/strong><\/p>\n\n\n\n<p>La improvisaci\u00f3n teatral ha crecido exponencialmente en los \u00faltimos 20 a\u00f1os en Buenos Aires y otras regiones del pa\u00eds. En este contexto, creemos que IMPROBA cumple un rol fundamental: generar un espacio de visibilidad, profesionalizaci\u00f3n e intercambio para esta disciplina, posicion\u00e1ndola dentro del mapa cultural de la ciudad y el pa\u00eds.&nbsp;Desde el equipo se trabaj\u00f3 con el compromiso de construir un festival que sea, adem\u00e1s de art\u00edstico, un espacio inclusivo, incorporando una perspectiva de g\u00e9nero en todas las etapas del proceso, promoviendo la participaci\u00f3n de personas diversas y el respeto por todas las identidades. Queremos que IMPROBA sea una fiesta donde nadie quede afuera.<\/p>\n\n\n\n<p>La tercera edici\u00f3n de IMPROBA se desarrollar\u00e1 durante cuatro d\u00edas e incluir\u00e1 talleres, charlas y funciones de improvisaci\u00f3n teatral, con el mismo esp\u00edritu de comunidad, creatividad y apertura que nos impulsa desde el primer d\u00eda.<\/p>\n\n\n\n<figure class=\"wp-block-image size-large\"><img loading=\"lazy\" decoding=\"async\" width=\"1024\" height=\"747\" src=\"https:\/\/sergiolapegue.com\/site\/wp-content\/uploads\/2025\/09\/F6EADD3F-BAAF-4F0F-A056-D227A33B1ADA-1-1024x747.jpg\" alt=\"\" class=\"wp-image-25649\" srcset=\"https:\/\/sergiolapegue.com\/site\/wp-content\/uploads\/2025\/09\/F6EADD3F-BAAF-4F0F-A056-D227A33B1ADA-1-1024x747.jpg 1024w, https:\/\/sergiolapegue.com\/site\/wp-content\/uploads\/2025\/09\/F6EADD3F-BAAF-4F0F-A056-D227A33B1ADA-1-300x219.jpg 300w, https:\/\/sergiolapegue.com\/site\/wp-content\/uploads\/2025\/09\/F6EADD3F-BAAF-4F0F-A056-D227A33B1ADA-1-768x560.jpg 768w, https:\/\/sergiolapegue.com\/site\/wp-content\/uploads\/2025\/09\/F6EADD3F-BAAF-4F0F-A056-D227A33B1ADA-1-576x420.jpg 576w, https:\/\/sergiolapegue.com\/site\/wp-content\/uploads\/2025\/09\/F6EADD3F-BAAF-4F0F-A056-D227A33B1ADA-1-696x508.jpg 696w, https:\/\/sergiolapegue.com\/site\/wp-content\/uploads\/2025\/09\/F6EADD3F-BAAF-4F0F-A056-D227A33B1ADA-1-1068x779.jpg 1068w, https:\/\/sergiolapegue.com\/site\/wp-content\/uploads\/2025\/09\/F6EADD3F-BAAF-4F0F-A056-D227A33B1ADA-1.jpg 1130w\" sizes=\"auto, (max-width: 1024px) 100vw, 1024px\" \/><figcaption class=\"wp-element-caption\">Screenshot<\/figcaption><\/figure>\n\n\n\n<p><strong><br>Los objetivos del Festival:<br><\/strong>&#8211; Fortalecer los lazos y el intercambio entre personas improvisadoras de Buenos Aires, el interior del pa\u00eds y el extranjero.<br>&#8211; Promover la fusi\u00f3n de la improvisaci\u00f3n teatral con otras disciplinas esc\u00e9nicas.<br>&#8211; Acercar esta forma de arte al p\u00fablico general, ampliando su alcance y visibilidad.<br><\/p>\n\n\n\n<p><strong>PROGRAMACI\u00d3N 2025<\/strong><\/p>\n\n\n\n<p>Durante el festival se desarrollar\u00e1n:<\/p>\n\n\n\n<ul class=\"wp-block-list\">\n<li>7 talleres de formaci\u00f3n e intercambio<\/li>\n\n\n\n<li>1 charla con referentes de la disciplina<\/li>\n\n\n\n<li>7 funciones de espect\u00e1culos de improvisaci\u00f3n teatral<\/li>\n\n\n\n<li>1 show musical con murga invitada en nuestra apertura\u00a0<\/li>\n<\/ul>\n\n\n\n<p>La programaci\u00f3n incluir\u00e1 compa\u00f1\u00edas locales e internacionales, abarcando diferentes estilos, lenguajes y formatos de improvisaci\u00f3n. Adem\u00e1s, una funci\u00f3n de apertura reunir\u00e1 a artistas de los distintos elencos en un espect\u00e1culo especial.<\/p>\n\n\n\n<figure class=\"wp-block-image size-large\"><img loading=\"lazy\" decoding=\"async\" width=\"1024\" height=\"724\" src=\"https:\/\/sergiolapegue.com\/site\/wp-content\/uploads\/2025\/09\/improba01-1024x724.jpeg\" alt=\"\" class=\"wp-image-25648\" srcset=\"https:\/\/sergiolapegue.com\/site\/wp-content\/uploads\/2025\/09\/improba01-1024x724.jpeg 1024w, https:\/\/sergiolapegue.com\/site\/wp-content\/uploads\/2025\/09\/improba01-300x212.jpeg 300w, https:\/\/sergiolapegue.com\/site\/wp-content\/uploads\/2025\/09\/improba01-768x543.jpeg 768w, https:\/\/sergiolapegue.com\/site\/wp-content\/uploads\/2025\/09\/improba01-1536x1086.jpeg 1536w, https:\/\/sergiolapegue.com\/site\/wp-content\/uploads\/2025\/09\/improba01-594x420.jpeg 594w, https:\/\/sergiolapegue.com\/site\/wp-content\/uploads\/2025\/09\/improba01-696x492.jpeg 696w, https:\/\/sergiolapegue.com\/site\/wp-content\/uploads\/2025\/09\/improba01-1068x755.jpeg 1068w, https:\/\/sergiolapegue.com\/site\/wp-content\/uploads\/2025\/09\/improba01.jpeg 1600w\" sizes=\"auto, (max-width: 1024px) 100vw, 1024px\" \/><\/figure>\n\n\n\n<p><strong>FECHAS Y SEDES:<\/strong><strong><br><\/strong><br>IMPROBA se llevar\u00e1 a cabo en cuatro espacios culturales de la Ciudad de Buenos Aires:&nbsp;<br>&#8211; Mi\u00e9rcoles 22\/10 &#8211;&nbsp;<strong>El Piso Teatro<\/strong>&nbsp;(Caballito)&nbsp;<br>&#8211; Jueves 23\/10 \u2013&nbsp;<strong>La Maza Teatro<\/strong>&nbsp;(Boedo)&nbsp;<br>&#8211; Viernes 24\/10 \u2013&nbsp;<strong>Animal Teatro<\/strong>&nbsp;(Almagro)<br>&#8211; S\u00e1bado 25\/10 \u2013&nbsp;<strong>Poncho Teatro<\/strong>&nbsp;(Villa Crespo)&nbsp;<\/p>\n\n\n\n<p>Se eligi\u00f3 realizar las actividades en cuatro espacios culturales distintos de la Ciudad de Buenos Aires, promoviendo la circulaci\u00f3n y el acceso a la propuesta en distintos barrios.<\/p>\n\n\n\n<p>Se llevar\u00e1n a cabo siete funciones con compa\u00f1\u00edas locales e internacionales de improvisaci\u00f3n teatral representativas de diferentes formatos dentro de la disciplina, junto a un show\/Jam de Improvisaci\u00f3n, para fomentar la integraci\u00f3n de los elencos y\/o talleristas.<\/p>\n\n\n\n<p><strong>PALABRAS DEL EQUIPO CREATIVO<\/strong><\/p>\n\n\n\n<p>IMPROBA, el Festival de Improvisaci\u00f3n Teatral de Buenos Aires, ya celebr\u00f3 dos ediciones que convocaron a compa\u00f1\u00edas de distintos puntos del pa\u00eds y de la regi\u00f3n, consolid\u00e1ndose como un espacio de encuentro, formaci\u00f3n y exhibici\u00f3n para la comunidad improvisadora y el p\u00fablico en general. En su tercera edici\u00f3n, el festival volver\u00e1 a desplegar durante cuatro d\u00edas una programaci\u00f3n diversa de talleres, charlas y funciones \u00fanicas e irrepetibles, reafirmando el esp\u00edritu de comunidad, creatividad y apertura que lo caracteriza. Una propuesta ideal para quienes deseen descubrir el mundo de la improvisaci\u00f3n teatral y tambi\u00e9n para quienes ya lo conocen y quieran disfrutar de una experiencia art\u00edstica tan variada como inspiradora.<br><\/p>\n\n\n\n<figure class=\"wp-block-image size-full\"><img loading=\"lazy\" decoding=\"async\" width=\"839\" height=\"824\" src=\"https:\/\/sergiolapegue.com\/site\/wp-content\/uploads\/2025\/09\/IMG_8766.jpg\" alt=\"\" class=\"wp-image-25650\" srcset=\"https:\/\/sergiolapegue.com\/site\/wp-content\/uploads\/2025\/09\/IMG_8766.jpg 839w, https:\/\/sergiolapegue.com\/site\/wp-content\/uploads\/2025\/09\/IMG_8766-300x295.jpg 300w, https:\/\/sergiolapegue.com\/site\/wp-content\/uploads\/2025\/09\/IMG_8766-768x754.jpg 768w, https:\/\/sergiolapegue.com\/site\/wp-content\/uploads\/2025\/09\/IMG_8766-428x420.jpg 428w, https:\/\/sergiolapegue.com\/site\/wp-content\/uploads\/2025\/09\/IMG_8766-696x684.jpg 696w\" sizes=\"auto, (max-width: 839px) 100vw, 839px\" \/><\/figure>\n\n\n\n<p><br>Melina Rodr\u00edguez, Marilyn Petito, Teresa Crivaro, y Noelia Mizraji<br>Instagram: IMPRO BA (<a href=\"http:\/\/instagram.com\/impro.ba\" target=\"_blank\" rel=\"noreferrer noopener\">@impro.ba<\/a>).<br>Entradas por\u00a0<a href=\"https:\/\/www.alternativateatral.com\/evento2833-3ra-edicion-improba-festival-de-improvisacion-de-buenos-aires?fbclid=PAZXh0bgNhZW0CMTEAAacqkdIqXIFdC3GoE910wDhCsA0WMzB-HUyatml8KvVZ3zw2d1VfQrlnnIyyNg_aem_w8o9YnI1CxpGeP9N2E2qww\" target=\"_blank\" rel=\"noreferrer noopener\">Alternativa<\/a><\/p>\n","protected":false},"excerpt":{"rendered":"<p>IMPROBA es el Festival de Improvisaci\u00f3n Teatral de Buenos Aires. Un espacio de encuentro que convoca tanto a la comunidad improvisadora local, nacional e internacional como al p\u00fablico general, con el objetivo de compartir experiencias, aprendizajes y espect\u00e1culos \u00fanicos e irrepetibles.&nbsp;Este a\u00f1o el festival tendr\u00e1 cuatro d\u00edas de actividades, con una programaci\u00f3n m\u00e1s amplia y [&hellip;]<\/p>\n","protected":false},"author":4,"featured_media":25651,"comment_status":"closed","ping_status":"closed","sticky":false,"template":"","format":"standard","meta":{"footnotes":""},"categories":[34],"tags":[194,1358,4534],"class_list":{"0":"post-25647","1":"post","2":"type-post","3":"status-publish","4":"format-standard","5":"has-post-thumbnail","7":"category-arte","8":"tag-buenos-aires","9":"tag-festival","10":"tag-improvisacion"},"yoast_head":"<!-- This site is optimized with the Yoast SEO plugin v27.4 - https:\/\/yoast.com\/product\/yoast-seo-wordpress\/ -->\n<title>Llega la 3\u00b0 edici\u00f3n del ImproBA de la ciudad de Buenos Aires\u00a0 - Sergio Lapegue<\/title>\n<meta name=\"robots\" content=\"index, follow, max-snippet:-1, max-image-preview:large, max-video-preview:-1\" \/>\n<link rel=\"canonical\" href=\"https:\/\/sergiolapegue.com\/site\/2025\/10\/14\/llega-la-3-edicion-del-improba-de-la-ciudad-de-buenos-aires\/\" \/>\n<meta property=\"og:locale\" content=\"es_ES\" \/>\n<meta property=\"og:type\" content=\"article\" \/>\n<meta property=\"og:title\" content=\"Llega la 3\u00b0 edici\u00f3n del ImproBA de la ciudad de Buenos Aires\u00a0 - Sergio Lapegue\" \/>\n<meta property=\"og:description\" content=\"IMPROBA es el Festival de Improvisaci\u00f3n Teatral de Buenos Aires. Un espacio de encuentro que convoca tanto a la comunidad improvisadora local, nacional e internacional como al p\u00fablico general, con el objetivo de compartir experiencias, aprendizajes y espect\u00e1culos \u00fanicos e irrepetibles.&nbsp;Este a\u00f1o el festival tendr\u00e1 cuatro d\u00edas de actividades, con una programaci\u00f3n m\u00e1s amplia y [&hellip;]\" \/>\n<meta property=\"og:url\" content=\"https:\/\/sergiolapegue.com\/site\/2025\/10\/14\/llega-la-3-edicion-del-improba-de-la-ciudad-de-buenos-aires\/\" \/>\n<meta property=\"og:site_name\" content=\"Sergio Lapegue\" \/>\n<meta property=\"article:publisher\" content=\"https:\/\/facebook.com\/sergiolapegue\" \/>\n<meta property=\"article:published_time\" content=\"2025-10-14T15:34:00+00:00\" \/>\n<meta property=\"og:image\" content=\"https:\/\/sergiolapegue.com\/site\/wp-content\/uploads\/2025\/09\/IMPROBA-2025-Post-de-Instagram-45.png\" \/>\n\t<meta property=\"og:image:width\" content=\"1080\" \/>\n\t<meta property=\"og:image:height\" content=\"1350\" \/>\n\t<meta property=\"og:image:type\" content=\"image\/png\" \/>\n<meta name=\"author\" content=\"Leonardo Monta\u00f1a\" \/>\n<meta name=\"twitter:card\" content=\"summary_large_image\" \/>\n<meta name=\"twitter:creator\" content=\"@https:\/\/twitter.com\/soytoto81\" \/>\n<meta name=\"twitter:site\" content=\"@sergiolapegue\" \/>\n<meta name=\"twitter:label1\" content=\"Escrito por\" \/>\n\t<meta name=\"twitter:data1\" content=\"Leonardo Monta\u00f1a\" \/>\n\t<meta name=\"twitter:label2\" content=\"Tiempo de lectura\" \/>\n\t<meta name=\"twitter:data2\" content=\"4 minutos\" \/>\n<script type=\"application\/ld+json\" class=\"yoast-schema-graph\">{\"@context\":\"https:\\\/\\\/schema.org\",\"@graph\":[{\"@type\":\"Article\",\"@id\":\"https:\\\/\\\/sergiolapegue.com\\\/site\\\/2025\\\/10\\\/14\\\/llega-la-3-edicion-del-improba-de-la-ciudad-de-buenos-aires\\\/#article\",\"isPartOf\":{\"@id\":\"https:\\\/\\\/sergiolapegue.com\\\/site\\\/2025\\\/10\\\/14\\\/llega-la-3-edicion-del-improba-de-la-ciudad-de-buenos-aires\\\/\"},\"author\":{\"name\":\"Leonardo Monta\u00f1a\",\"@id\":\"https:\\\/\\\/sergiolapegue.com\\\/site\\\/#\\\/schema\\\/person\\\/00adf937d010c7f79a180dc4916a40e0\"},\"headline\":\"Llega la 3\u00b0 edici\u00f3n del ImproBA de la ciudad de Buenos Aires\u00a0\",\"datePublished\":\"2025-10-14T15:34:00+00:00\",\"mainEntityOfPage\":{\"@id\":\"https:\\\/\\\/sergiolapegue.com\\\/site\\\/2025\\\/10\\\/14\\\/llega-la-3-edicion-del-improba-de-la-ciudad-de-buenos-aires\\\/\"},\"wordCount\":654,\"publisher\":{\"@id\":\"https:\\\/\\\/sergiolapegue.com\\\/site\\\/#\\\/schema\\\/person\\\/083aeceeb0734cd166779ea6c0551a37\"},\"image\":{\"@id\":\"https:\\\/\\\/sergiolapegue.com\\\/site\\\/2025\\\/10\\\/14\\\/llega-la-3-edicion-del-improba-de-la-ciudad-de-buenos-aires\\\/#primaryimage\"},\"thumbnailUrl\":\"https:\\\/\\\/sergiolapegue.com\\\/site\\\/wp-content\\\/uploads\\\/2025\\\/09\\\/IMPROBA-2025-Post-de-Instagram-45.png\",\"keywords\":[\"buenos aires\",\"festival\",\"improvisacion\"],\"articleSection\":[\"Arte\"],\"inLanguage\":\"es-AR\"},{\"@type\":\"WebPage\",\"@id\":\"https:\\\/\\\/sergiolapegue.com\\\/site\\\/2025\\\/10\\\/14\\\/llega-la-3-edicion-del-improba-de-la-ciudad-de-buenos-aires\\\/\",\"url\":\"https:\\\/\\\/sergiolapegue.com\\\/site\\\/2025\\\/10\\\/14\\\/llega-la-3-edicion-del-improba-de-la-ciudad-de-buenos-aires\\\/\",\"name\":\"Llega la 3\u00b0 edici\u00f3n del ImproBA de la ciudad de Buenos Aires\u00a0 - Sergio Lapegue\",\"isPartOf\":{\"@id\":\"https:\\\/\\\/sergiolapegue.com\\\/site\\\/#website\"},\"primaryImageOfPage\":{\"@id\":\"https:\\\/\\\/sergiolapegue.com\\\/site\\\/2025\\\/10\\\/14\\\/llega-la-3-edicion-del-improba-de-la-ciudad-de-buenos-aires\\\/#primaryimage\"},\"image\":{\"@id\":\"https:\\\/\\\/sergiolapegue.com\\\/site\\\/2025\\\/10\\\/14\\\/llega-la-3-edicion-del-improba-de-la-ciudad-de-buenos-aires\\\/#primaryimage\"},\"thumbnailUrl\":\"https:\\\/\\\/sergiolapegue.com\\\/site\\\/wp-content\\\/uploads\\\/2025\\\/09\\\/IMPROBA-2025-Post-de-Instagram-45.png\",\"datePublished\":\"2025-10-14T15:34:00+00:00\",\"breadcrumb\":{\"@id\":\"https:\\\/\\\/sergiolapegue.com\\\/site\\\/2025\\\/10\\\/14\\\/llega-la-3-edicion-del-improba-de-la-ciudad-de-buenos-aires\\\/#breadcrumb\"},\"inLanguage\":\"es-AR\",\"potentialAction\":[{\"@type\":\"ReadAction\",\"target\":[\"https:\\\/\\\/sergiolapegue.com\\\/site\\\/2025\\\/10\\\/14\\\/llega-la-3-edicion-del-improba-de-la-ciudad-de-buenos-aires\\\/\"]}]},{\"@type\":\"ImageObject\",\"inLanguage\":\"es-AR\",\"@id\":\"https:\\\/\\\/sergiolapegue.com\\\/site\\\/2025\\\/10\\\/14\\\/llega-la-3-edicion-del-improba-de-la-ciudad-de-buenos-aires\\\/#primaryimage\",\"url\":\"https:\\\/\\\/sergiolapegue.com\\\/site\\\/wp-content\\\/uploads\\\/2025\\\/09\\\/IMPROBA-2025-Post-de-Instagram-45.png\",\"contentUrl\":\"https:\\\/\\\/sergiolapegue.com\\\/site\\\/wp-content\\\/uploads\\\/2025\\\/09\\\/IMPROBA-2025-Post-de-Instagram-45.png\",\"width\":1080,\"height\":1350},{\"@type\":\"BreadcrumbList\",\"@id\":\"https:\\\/\\\/sergiolapegue.com\\\/site\\\/2025\\\/10\\\/14\\\/llega-la-3-edicion-del-improba-de-la-ciudad-de-buenos-aires\\\/#breadcrumb\",\"itemListElement\":[{\"@type\":\"ListItem\",\"position\":1,\"name\":\"Inicio\",\"item\":\"https:\\\/\\\/sergiolapegue.com\\\/site\\\/\"},{\"@type\":\"ListItem\",\"position\":2,\"name\":\"Llega la 3\u00b0 edici\u00f3n del ImproBA de la ciudad de Buenos Aires\u00a0\"}]},{\"@type\":\"WebSite\",\"@id\":\"https:\\\/\\\/sergiolapegue.com\\\/site\\\/#website\",\"url\":\"https:\\\/\\\/sergiolapegue.com\\\/site\\\/\",\"name\":\"Sergio Lapegue\",\"description\":\"Periodista\",\"publisher\":{\"@id\":\"https:\\\/\\\/sergiolapegue.com\\\/site\\\/#\\\/schema\\\/person\\\/083aeceeb0734cd166779ea6c0551a37\"},\"potentialAction\":[{\"@type\":\"SearchAction\",\"target\":{\"@type\":\"EntryPoint\",\"urlTemplate\":\"https:\\\/\\\/sergiolapegue.com\\\/site\\\/?s={search_term_string}\"},\"query-input\":{\"@type\":\"PropertyValueSpecification\",\"valueRequired\":true,\"valueName\":\"search_term_string\"}}],\"inLanguage\":\"es-AR\"},{\"@type\":[\"Person\",\"Organization\"],\"@id\":\"https:\\\/\\\/sergiolapegue.com\\\/site\\\/#\\\/schema\\\/person\\\/083aeceeb0734cd166779ea6c0551a37\",\"name\":\"Sergio Lapegue\",\"image\":{\"@type\":\"ImageObject\",\"inLanguage\":\"es-AR\",\"@id\":\"https:\\\/\\\/sergiolapegue.com\\\/site\\\/wp-content\\\/uploads\\\/2021\\\/04\\\/logo_header-1.png\",\"url\":\"https:\\\/\\\/sergiolapegue.com\\\/site\\\/wp-content\\\/uploads\\\/2021\\\/04\\\/logo_header-1.png\",\"contentUrl\":\"https:\\\/\\\/sergiolapegue.com\\\/site\\\/wp-content\\\/uploads\\\/2021\\\/04\\\/logo_header-1.png\",\"width\":272,\"height\":90,\"caption\":\"Sergio Lapegue\"},\"logo\":{\"@id\":\"https:\\\/\\\/sergiolapegue.com\\\/site\\\/wp-content\\\/uploads\\\/2021\\\/04\\\/logo_header-1.png\"},\"sameAs\":[\"https:\\\/\\\/facebook.com\\\/sergiolapegue\",\"https:\\\/\\\/instagram.com\\\/sergiolapegue\",\"https:\\\/\\\/x.com\\\/https:\\\/\\\/twitter.com\\\/sergiolapegue\"]},{\"@type\":\"Person\",\"@id\":\"https:\\\/\\\/sergiolapegue.com\\\/site\\\/#\\\/schema\\\/person\\\/00adf937d010c7f79a180dc4916a40e0\",\"name\":\"Leonardo Monta\u00f1a\",\"image\":{\"@type\":\"ImageObject\",\"inLanguage\":\"es-AR\",\"@id\":\"https:\\\/\\\/sergiolapegue.com\\\/site\\\/wp-content\\\/uploads\\\/2021\\\/04\\\/sl_avatar_Leonardo-150x150.jpg\",\"url\":\"https:\\\/\\\/sergiolapegue.com\\\/site\\\/wp-content\\\/uploads\\\/2021\\\/04\\\/sl_avatar_Leonardo-150x150.jpg\",\"contentUrl\":\"https:\\\/\\\/sergiolapegue.com\\\/site\\\/wp-content\\\/uploads\\\/2021\\\/04\\\/sl_avatar_Leonardo-150x150.jpg\",\"caption\":\"Leonardo Monta\u00f1a\"},\"sameAs\":[\"https:\\\/\\\/x.com\\\/https:\\\/\\\/twitter.com\\\/soytoto81\"],\"url\":\"https:\\\/\\\/sergiolapegue.com\\\/site\\\/author\\\/leonardo\\\/\"}]}<\/script>\n<!-- \/ Yoast SEO plugin. -->","yoast_head_json":{"title":"Llega la 3\u00b0 edici\u00f3n del ImproBA de la ciudad de Buenos Aires\u00a0 - Sergio Lapegue","robots":{"index":"index","follow":"follow","max-snippet":"max-snippet:-1","max-image-preview":"max-image-preview:large","max-video-preview":"max-video-preview:-1"},"canonical":"https:\/\/sergiolapegue.com\/site\/2025\/10\/14\/llega-la-3-edicion-del-improba-de-la-ciudad-de-buenos-aires\/","og_locale":"es_ES","og_type":"article","og_title":"Llega la 3\u00b0 edici\u00f3n del ImproBA de la ciudad de Buenos Aires\u00a0 - Sergio Lapegue","og_description":"IMPROBA es el Festival de Improvisaci\u00f3n Teatral de Buenos Aires. Un espacio de encuentro que convoca tanto a la comunidad improvisadora local, nacional e internacional como al p\u00fablico general, con el objetivo de compartir experiencias, aprendizajes y espect\u00e1culos \u00fanicos e irrepetibles.&nbsp;Este a\u00f1o el festival tendr\u00e1 cuatro d\u00edas de actividades, con una programaci\u00f3n m\u00e1s amplia y [&hellip;]","og_url":"https:\/\/sergiolapegue.com\/site\/2025\/10\/14\/llega-la-3-edicion-del-improba-de-la-ciudad-de-buenos-aires\/","og_site_name":"Sergio Lapegue","article_publisher":"https:\/\/facebook.com\/sergiolapegue","article_published_time":"2025-10-14T15:34:00+00:00","og_image":[{"width":1080,"height":1350,"url":"https:\/\/sergiolapegue.com\/site\/wp-content\/uploads\/2025\/09\/IMPROBA-2025-Post-de-Instagram-45.png","type":"image\/png"}],"author":"Leonardo Monta\u00f1a","twitter_card":"summary_large_image","twitter_creator":"@https:\/\/twitter.com\/soytoto81","twitter_site":"@sergiolapegue","twitter_misc":{"Escrito por":"Leonardo Monta\u00f1a","Tiempo de lectura":"4 minutos"},"schema":{"@context":"https:\/\/schema.org","@graph":[{"@type":"Article","@id":"https:\/\/sergiolapegue.com\/site\/2025\/10\/14\/llega-la-3-edicion-del-improba-de-la-ciudad-de-buenos-aires\/#article","isPartOf":{"@id":"https:\/\/sergiolapegue.com\/site\/2025\/10\/14\/llega-la-3-edicion-del-improba-de-la-ciudad-de-buenos-aires\/"},"author":{"name":"Leonardo Monta\u00f1a","@id":"https:\/\/sergiolapegue.com\/site\/#\/schema\/person\/00adf937d010c7f79a180dc4916a40e0"},"headline":"Llega la 3\u00b0 edici\u00f3n del ImproBA de la ciudad de Buenos Aires\u00a0","datePublished":"2025-10-14T15:34:00+00:00","mainEntityOfPage":{"@id":"https:\/\/sergiolapegue.com\/site\/2025\/10\/14\/llega-la-3-edicion-del-improba-de-la-ciudad-de-buenos-aires\/"},"wordCount":654,"publisher":{"@id":"https:\/\/sergiolapegue.com\/site\/#\/schema\/person\/083aeceeb0734cd166779ea6c0551a37"},"image":{"@id":"https:\/\/sergiolapegue.com\/site\/2025\/10\/14\/llega-la-3-edicion-del-improba-de-la-ciudad-de-buenos-aires\/#primaryimage"},"thumbnailUrl":"https:\/\/sergiolapegue.com\/site\/wp-content\/uploads\/2025\/09\/IMPROBA-2025-Post-de-Instagram-45.png","keywords":["buenos aires","festival","improvisacion"],"articleSection":["Arte"],"inLanguage":"es-AR"},{"@type":"WebPage","@id":"https:\/\/sergiolapegue.com\/site\/2025\/10\/14\/llega-la-3-edicion-del-improba-de-la-ciudad-de-buenos-aires\/","url":"https:\/\/sergiolapegue.com\/site\/2025\/10\/14\/llega-la-3-edicion-del-improba-de-la-ciudad-de-buenos-aires\/","name":"Llega la 3\u00b0 edici\u00f3n del ImproBA de la ciudad de Buenos Aires\u00a0 - Sergio Lapegue","isPartOf":{"@id":"https:\/\/sergiolapegue.com\/site\/#website"},"primaryImageOfPage":{"@id":"https:\/\/sergiolapegue.com\/site\/2025\/10\/14\/llega-la-3-edicion-del-improba-de-la-ciudad-de-buenos-aires\/#primaryimage"},"image":{"@id":"https:\/\/sergiolapegue.com\/site\/2025\/10\/14\/llega-la-3-edicion-del-improba-de-la-ciudad-de-buenos-aires\/#primaryimage"},"thumbnailUrl":"https:\/\/sergiolapegue.com\/site\/wp-content\/uploads\/2025\/09\/IMPROBA-2025-Post-de-Instagram-45.png","datePublished":"2025-10-14T15:34:00+00:00","breadcrumb":{"@id":"https:\/\/sergiolapegue.com\/site\/2025\/10\/14\/llega-la-3-edicion-del-improba-de-la-ciudad-de-buenos-aires\/#breadcrumb"},"inLanguage":"es-AR","potentialAction":[{"@type":"ReadAction","target":["https:\/\/sergiolapegue.com\/site\/2025\/10\/14\/llega-la-3-edicion-del-improba-de-la-ciudad-de-buenos-aires\/"]}]},{"@type":"ImageObject","inLanguage":"es-AR","@id":"https:\/\/sergiolapegue.com\/site\/2025\/10\/14\/llega-la-3-edicion-del-improba-de-la-ciudad-de-buenos-aires\/#primaryimage","url":"https:\/\/sergiolapegue.com\/site\/wp-content\/uploads\/2025\/09\/IMPROBA-2025-Post-de-Instagram-45.png","contentUrl":"https:\/\/sergiolapegue.com\/site\/wp-content\/uploads\/2025\/09\/IMPROBA-2025-Post-de-Instagram-45.png","width":1080,"height":1350},{"@type":"BreadcrumbList","@id":"https:\/\/sergiolapegue.com\/site\/2025\/10\/14\/llega-la-3-edicion-del-improba-de-la-ciudad-de-buenos-aires\/#breadcrumb","itemListElement":[{"@type":"ListItem","position":1,"name":"Inicio","item":"https:\/\/sergiolapegue.com\/site\/"},{"@type":"ListItem","position":2,"name":"Llega la 3\u00b0 edici\u00f3n del ImproBA de la ciudad de Buenos Aires\u00a0"}]},{"@type":"WebSite","@id":"https:\/\/sergiolapegue.com\/site\/#website","url":"https:\/\/sergiolapegue.com\/site\/","name":"Sergio Lapegue","description":"Periodista","publisher":{"@id":"https:\/\/sergiolapegue.com\/site\/#\/schema\/person\/083aeceeb0734cd166779ea6c0551a37"},"potentialAction":[{"@type":"SearchAction","target":{"@type":"EntryPoint","urlTemplate":"https:\/\/sergiolapegue.com\/site\/?s={search_term_string}"},"query-input":{"@type":"PropertyValueSpecification","valueRequired":true,"valueName":"search_term_string"}}],"inLanguage":"es-AR"},{"@type":["Person","Organization"],"@id":"https:\/\/sergiolapegue.com\/site\/#\/schema\/person\/083aeceeb0734cd166779ea6c0551a37","name":"Sergio Lapegue","image":{"@type":"ImageObject","inLanguage":"es-AR","@id":"https:\/\/sergiolapegue.com\/site\/wp-content\/uploads\/2021\/04\/logo_header-1.png","url":"https:\/\/sergiolapegue.com\/site\/wp-content\/uploads\/2021\/04\/logo_header-1.png","contentUrl":"https:\/\/sergiolapegue.com\/site\/wp-content\/uploads\/2021\/04\/logo_header-1.png","width":272,"height":90,"caption":"Sergio Lapegue"},"logo":{"@id":"https:\/\/sergiolapegue.com\/site\/wp-content\/uploads\/2021\/04\/logo_header-1.png"},"sameAs":["https:\/\/facebook.com\/sergiolapegue","https:\/\/instagram.com\/sergiolapegue","https:\/\/x.com\/https:\/\/twitter.com\/sergiolapegue"]},{"@type":"Person","@id":"https:\/\/sergiolapegue.com\/site\/#\/schema\/person\/00adf937d010c7f79a180dc4916a40e0","name":"Leonardo Monta\u00f1a","image":{"@type":"ImageObject","inLanguage":"es-AR","@id":"https:\/\/sergiolapegue.com\/site\/wp-content\/uploads\/2021\/04\/sl_avatar_Leonardo-150x150.jpg","url":"https:\/\/sergiolapegue.com\/site\/wp-content\/uploads\/2021\/04\/sl_avatar_Leonardo-150x150.jpg","contentUrl":"https:\/\/sergiolapegue.com\/site\/wp-content\/uploads\/2021\/04\/sl_avatar_Leonardo-150x150.jpg","caption":"Leonardo Monta\u00f1a"},"sameAs":["https:\/\/x.com\/https:\/\/twitter.com\/soytoto81"],"url":"https:\/\/sergiolapegue.com\/site\/author\/leonardo\/"}]}},"_links":{"self":[{"href":"https:\/\/sergiolapegue.com\/site\/wp-json\/wp\/v2\/posts\/25647","targetHints":{"allow":["GET"]}}],"collection":[{"href":"https:\/\/sergiolapegue.com\/site\/wp-json\/wp\/v2\/posts"}],"about":[{"href":"https:\/\/sergiolapegue.com\/site\/wp-json\/wp\/v2\/types\/post"}],"author":[{"embeddable":true,"href":"https:\/\/sergiolapegue.com\/site\/wp-json\/wp\/v2\/users\/4"}],"replies":[{"embeddable":true,"href":"https:\/\/sergiolapegue.com\/site\/wp-json\/wp\/v2\/comments?post=25647"}],"version-history":[{"count":2,"href":"https:\/\/sergiolapegue.com\/site\/wp-json\/wp\/v2\/posts\/25647\/revisions"}],"predecessor-version":[{"id":25657,"href":"https:\/\/sergiolapegue.com\/site\/wp-json\/wp\/v2\/posts\/25647\/revisions\/25657"}],"wp:featuredmedia":[{"embeddable":true,"href":"https:\/\/sergiolapegue.com\/site\/wp-json\/wp\/v2\/media\/25651"}],"wp:attachment":[{"href":"https:\/\/sergiolapegue.com\/site\/wp-json\/wp\/v2\/media?parent=25647"}],"wp:term":[{"taxonomy":"category","embeddable":true,"href":"https:\/\/sergiolapegue.com\/site\/wp-json\/wp\/v2\/categories?post=25647"},{"taxonomy":"post_tag","embeddable":true,"href":"https:\/\/sergiolapegue.com\/site\/wp-json\/wp\/v2\/tags?post=25647"}],"curies":[{"name":"wp","href":"https:\/\/api.w.org\/{rel}","templated":true}]}}