{"id":25622,"date":"2025-11-05T17:00:00","date_gmt":"2025-11-05T20:00:00","guid":{"rendered":"https:\/\/sergiolapegue.com\/site\/?p=25622"},"modified":"2025-11-04T19:55:02","modified_gmt":"2025-11-04T22:55:02","slug":"cruda-hija-de-los-90","status":"publish","type":"post","link":"https:\/\/sergiolapegue.com\/site\/2025\/11\/05\/cruda-hija-de-los-90\/","title":{"rendered":"\u201cCRUDA. HIJA DE LOS 90\u201d"},"content":{"rendered":"\n<p>El jueves 06 de noviembre a las\u00a021:00 horas y el domingo 16 de noviembre a las 19:00 horas,\u00a0en\u00a0El Alambique Teatro, se podr\u00e1n ver las \u00faltimas funciones de la obra de teatro musical \u201cCruda. Hija de los \u00b490\u201d,\u00a0de\u00a0Nahir S\u00e1nchez Romero\u00a0con direcci\u00f3n de\u00a0David Gudi\u00f1o\u00a0y m\u00fasica de\u00a0Villera Vip.<\/p>\n\n\n\n<p>&#8220;CRUDA. Hija de los &#8217;90&#8221;&nbsp;es la historia de una viajera en el espacio que se dirige hacia la estrat\u00f3sfera prometida y es captada por los marcianos. A trav\u00e9s de un interrogatorio contar\u00e1 sin inflaci\u00f3n, su d\u00e9cada en el uno a uno. Entre canciones desgarradas y coloridas, ropa de feria y altares de santos infinitos expondr\u00e1 a los seres verdes su herida abierta.<\/p>\n\n\n\n<p>La obra cuenta con canciones originales interpretadas en vivo por la banda&nbsp;Villera Vip, actuaciones viscerales y una po\u00e9tica popular cargada de iron\u00eda.<\/p>\n\n\n\n<figure class=\"wp-block-image size-full\"><img loading=\"lazy\" decoding=\"async\" width=\"1000\" height=\"900\" src=\"https:\/\/sergiolapegue.com\/site\/wp-content\/uploads\/2025\/09\/Cruda.-Hija-de-los-90-2.jpg\" alt=\"\" class=\"wp-image-25623\" srcset=\"https:\/\/sergiolapegue.com\/site\/wp-content\/uploads\/2025\/09\/Cruda.-Hija-de-los-90-2.jpg 1000w, https:\/\/sergiolapegue.com\/site\/wp-content\/uploads\/2025\/09\/Cruda.-Hija-de-los-90-2-300x270.jpg 300w, https:\/\/sergiolapegue.com\/site\/wp-content\/uploads\/2025\/09\/Cruda.-Hija-de-los-90-2-768x691.jpg 768w, https:\/\/sergiolapegue.com\/site\/wp-content\/uploads\/2025\/09\/Cruda.-Hija-de-los-90-2-467x420.jpg 467w, https:\/\/sergiolapegue.com\/site\/wp-content\/uploads\/2025\/09\/Cruda.-Hija-de-los-90-2-696x626.jpg 696w\" sizes=\"auto, (max-width: 1000px) 100vw, 1000px\" \/><\/figure>\n\n\n\n<p><strong>PALABRAS DEL DIRECTOR<\/strong><\/p>\n\n\n\n<p>&#8220;CRUDA. Hija de los &#8217;90&#8221;&nbsp;busca abrir sentido y ponerle ficci\u00f3n a los relatos de quienes vivimos los a\u00f1os 90\u2019. A algunos nunca nos lleg\u00f3 el uno a uno ni tampoco la pizza con champagne. Quienes somos hijos e hijas de los 90\u2019 no votamos pero experimentamos las consecuencias de decisiones pol\u00edticas y econ\u00f3micas amenazantes. \u00bfC\u00f3mo contar esto intentando salir de lugares comunes y dar lugar al humor? \u00bfEs posible viajar a la estrat\u00f3sfera prometida? Hacer m\u00fasica, relato y humor sobre la historia argentina desde un punto de vista autobiogr\u00e1fico requiere necesariamente poner en juego algo de la iron\u00eda y el resentimiento de quienes en los 90\u2019 y post 90\u2019 no nos fuimos a Miami, no nos compramos un auto ni un terreno.&nbsp;Se trata de una obra que da voz a quienes no siempre tienen micr\u00f3fono pero s\u00ed banderas&#8221;.<\/p>\n\n\n\n<p>\u201cCruda\u2026\u201d busca habitar ese espacio tensionado por preguntas que no tienen respuesta simple. Persiguiendo el objetivo de problematizar los dispositivos que fijan sentido en torno a lo villero, los roles de g\u00e9nero, la sexualidad y la marginalidad, los relatos autobiogr\u00e1ficos de Nahir S\u00e1nchez Romero configuran un lenguaje que, acerc\u00e1ndose al realismo, se vuelve grotesco. As\u00ed, expone esta contradicci\u00f3n en un espacio alien\u00edgena, casi et\u00e9reo, invitando a la audiencia a reflexionar sobre la tarea colectiva de reconfigurar ese vac\u00edo para dar lugar a nuevas identidades y proyectos de vida. <strong>\u2013 David Gudi\u00f1o<\/strong><\/p>\n\n\n\n<figure class=\"wp-block-image size-full\"><img loading=\"lazy\" decoding=\"async\" width=\"1000\" height=\"1000\" src=\"https:\/\/sergiolapegue.com\/site\/wp-content\/uploads\/2025\/09\/Cruda.-Hija-de-los-90-3.png\" alt=\"\" class=\"wp-image-25624\" srcset=\"https:\/\/sergiolapegue.com\/site\/wp-content\/uploads\/2025\/09\/Cruda.-Hija-de-los-90-3.png 1000w, https:\/\/sergiolapegue.com\/site\/wp-content\/uploads\/2025\/09\/Cruda.-Hija-de-los-90-3-300x300.png 300w, https:\/\/sergiolapegue.com\/site\/wp-content\/uploads\/2025\/09\/Cruda.-Hija-de-los-90-3-150x150.png 150w, https:\/\/sergiolapegue.com\/site\/wp-content\/uploads\/2025\/09\/Cruda.-Hija-de-los-90-3-768x768.png 768w, https:\/\/sergiolapegue.com\/site\/wp-content\/uploads\/2025\/09\/Cruda.-Hija-de-los-90-3-420x420.png 420w, https:\/\/sergiolapegue.com\/site\/wp-content\/uploads\/2025\/09\/Cruda.-Hija-de-los-90-3-696x696.png 696w\" sizes=\"auto, (max-width: 1000px) 100vw, 1000px\" \/><\/figure>\n\n\n\n<p><strong>FICHA T\u00c9CNICO ART\u00cdSTICA<\/strong><\/p>\n\n\n\n<p><strong>Dramaturgia:<\/strong>&nbsp;Nahir S\u00e1nchez Romero<\/p>\n\n\n\n<p><strong>Actuaci\u00f3n:<\/strong>&nbsp;Nahir S\u00e1nchez Romero<\/p>\n\n\n\n<p><strong>M\u00fasicos en Escena<\/strong>: Sebasti\u00e1n Bistolfi, Fernando L\u00f3pez, Leandro Paladini, Mariano Quintana.<\/p>\n\n\n\n<p><strong>M\u00fasica y letra<\/strong>: Villera Vip<\/p>\n\n\n\n<p><strong>Direcci\u00f3n Musical:<\/strong>&nbsp;Luciano Huarte<\/p>\n\n\n\n<p><strong>Fotograf\u00eda<\/strong>: Lucho Olivera<\/p>\n\n\n\n<p><strong>Dise\u00f1o gr\u00e1fico<\/strong>: Cristian Laureano<\/p>\n\n\n\n<p><strong>Vestuario:<\/strong>&nbsp;Y\u00e9sica Quiroga&nbsp;<\/p>\n\n\n\n<p><strong>Maquillaje:<\/strong>&nbsp;Y\u00e9sica Quiroga&nbsp;<\/p>\n\n\n\n<p><strong>Estrategia de Comunicaci\u00f3n y redes<\/strong>: Estefan\u00eda Antonela<\/p>\n\n\n\n<p><strong>Prensa<\/strong>: Prens\u00f3polis<\/p>\n\n\n\n<p><strong>Asistencia De Producci\u00f3n:&nbsp;<\/strong>Paula S\u00e1nchez<\/p>\n\n\n\n<p><strong>Producci\u00f3n Ejecutiva<\/strong>: Rodrigo Bistolfi, Fernando L\u00f3pez<\/p>\n\n\n\n<p><strong>Producci\u00f3n General<\/strong>: Paula Peralta Piontti<\/p>\n\n\n\n<p><strong>Direcci\u00f3n General<\/strong>: David Gudi\u00f1o<\/p>\n\n\n\n<p><strong>Duraci\u00f3n:<\/strong> 50 minutos<\/p>\n\n\n\n<p><strong>Clasificaci\u00f3n:<\/strong> Teatro \u2013 Presencial \u2013 Adultos \u2013 Musical<\/p>\n\n\n\n<p><strong>Redes sociales \u2013 Instagram:<\/strong> @villera_vip<\/p>\n\n\n\n<p>&nbsp;&nbsp;&nbsp;&nbsp;&nbsp;&nbsp;&nbsp;&nbsp;&nbsp;&nbsp;&nbsp;&nbsp;&nbsp;&nbsp;&nbsp;&nbsp;&nbsp;&nbsp;&nbsp;&nbsp;&nbsp;&nbsp;&nbsp;&nbsp;&nbsp; &nbsp; <strong>Spotify:<\/strong> Villera Vip<\/p>\n\n\n\n<p>&nbsp;&nbsp;&nbsp;&nbsp;&nbsp;&nbsp;&nbsp;&nbsp;&nbsp;&nbsp;&nbsp;&nbsp;&nbsp;&nbsp;&nbsp;&nbsp;&nbsp;&nbsp;&nbsp;&nbsp;&nbsp;&nbsp;&nbsp;&nbsp;&nbsp;&nbsp;&nbsp; <strong>YouTube:<\/strong> @villeravip<\/p>\n\n\n\n<p>&nbsp;&nbsp;&nbsp;&nbsp;&nbsp;&nbsp;&nbsp;&nbsp;&nbsp;&nbsp;&nbsp;&nbsp;&nbsp;&nbsp;&nbsp;&nbsp;&nbsp;&nbsp;&nbsp;&nbsp;&nbsp;&nbsp;&nbsp;&nbsp;&nbsp;&nbsp; <strong>&nbsp;Instagram:<\/strong> @nahirsanchezromero<\/p>\n\n\n\n<figure class=\"wp-block-image size-full\"><img loading=\"lazy\" decoding=\"async\" width=\"1000\" height=\"667\" src=\"https:\/\/sergiolapegue.com\/site\/wp-content\/uploads\/2025\/09\/Cruda.-Hija-de-los-90-1.jpg\" alt=\"\" class=\"wp-image-25625\" srcset=\"https:\/\/sergiolapegue.com\/site\/wp-content\/uploads\/2025\/09\/Cruda.-Hija-de-los-90-1.jpg 1000w, https:\/\/sergiolapegue.com\/site\/wp-content\/uploads\/2025\/09\/Cruda.-Hija-de-los-90-1-300x200.jpg 300w, https:\/\/sergiolapegue.com\/site\/wp-content\/uploads\/2025\/09\/Cruda.-Hija-de-los-90-1-768x512.jpg 768w, https:\/\/sergiolapegue.com\/site\/wp-content\/uploads\/2025\/09\/Cruda.-Hija-de-los-90-1-630x420.jpg 630w, https:\/\/sergiolapegue.com\/site\/wp-content\/uploads\/2025\/09\/Cruda.-Hija-de-los-90-1-696x464.jpg 696w\" sizes=\"auto, (max-width: 1000px) 100vw, 1000px\" \/><\/figure>\n\n\n\n<p><strong>EL ALAMBIQUE TEATRO<\/strong><\/p>\n\n\n\n<p>Griveo 2350 \u2013 Capital Federal \u2013 Buenos Aires \u2013 Argentina<\/p>\n\n\n\n<p>Tel\u00e9fono: 4571-8140<\/p>\n\n\n\n<p>Web: <a href=\"http:\/\/www.teatroelalambique.com\">http:\/\/www.teatroelalambique.com<\/a><\/p>\n\n\n\n<p>Entradas: $ 18.000 \u2013 en boleter\u00eda del teatro o por Alternativa Teatral \u2013 Link:<\/p>\n\n\n\n<p><a href=\"https:\/\/publico.alternativateatral.com\/entradas96792-cruda-hija-de-los-90?o=14\">https:\/\/publico.alternativateatral.com\/entradas96792-cruda-hija-de-los-90?o=14<\/a><\/p>\n\n\n\n<p>Funciones: Jueves 6 de Noviembre \u2013 21:00 horas<\/p>\n\n\n\n<p>                 Domingo 16 de Noviembre \u2013 19:00 horas<\/p>\n\n\n\n<p>Gracias Alejandra P\u00eda Nicolosi de Prens\u00f3polis Comunicaci\u00f3n y Prensa por acercarnos la gacetilla de prensa del estreno de este espect\u00e1culo.<\/p>\n\n\n\n<p><strong>SOBRE LA AUTORA Y ACTRIZ<\/strong><\/p>\n\n\n\n<figure class=\"wp-block-image size-full is-resized\"><img loading=\"lazy\" decoding=\"async\" width=\"1000\" height=\"627\" src=\"https:\/\/sergiolapegue.com\/site\/wp-content\/uploads\/2025\/09\/Cruda.-Hija-de-los-90-Nahir-Sanchez-Romero.jpg\" alt=\"\" class=\"wp-image-25626\" style=\"width:338px;height:auto\" srcset=\"https:\/\/sergiolapegue.com\/site\/wp-content\/uploads\/2025\/09\/Cruda.-Hija-de-los-90-Nahir-Sanchez-Romero.jpg 1000w, https:\/\/sergiolapegue.com\/site\/wp-content\/uploads\/2025\/09\/Cruda.-Hija-de-los-90-Nahir-Sanchez-Romero-300x188.jpg 300w, https:\/\/sergiolapegue.com\/site\/wp-content\/uploads\/2025\/09\/Cruda.-Hija-de-los-90-Nahir-Sanchez-Romero-768x482.jpg 768w, https:\/\/sergiolapegue.com\/site\/wp-content\/uploads\/2025\/09\/Cruda.-Hija-de-los-90-Nahir-Sanchez-Romero-670x420.jpg 670w, https:\/\/sergiolapegue.com\/site\/wp-content\/uploads\/2025\/09\/Cruda.-Hija-de-los-90-Nahir-Sanchez-Romero-696x436.jpg 696w\" sizes=\"auto, (max-width: 1000px) 100vw, 1000px\" \/><\/figure>\n\n\n\n<p><strong>Nahir S\u00e1nchez Romero<\/strong> es cantautora y artista multidisciplinaria.<\/p>\n\n\n\n<p>Criada entre Paran\u00e1 (Entre R\u00edos) y Buenos Aires, vive en Villa Soldati, donde fund\u00f3 el Centro Cultural Lo de Carola.<\/p>\n\n\n\n<p>Es Licenciada en Folklore por la Universidad Nacional de las Artes, y se form\u00f3 tambi\u00e9n como Int\u00e9rprete en Danzas Folkl\u00f3ricas y Tango. Es creadora y cantante del grupo musical Villera Vip. Sus canciones y obras buscan tender puentes entre la identidad popular y la memoria.<\/p>\n\n\n\n<p><strong>SOBRE VILLERA VIP<\/strong><\/p>\n\n\n\n<figure class=\"wp-block-image size-full is-resized\"><img loading=\"lazy\" decoding=\"async\" width=\"1000\" height=\"667\" src=\"https:\/\/sergiolapegue.com\/site\/wp-content\/uploads\/2025\/09\/Cruda.-Hija-de-los-90-Villera-Vip.jpg\" alt=\"\" class=\"wp-image-25627\" style=\"width:337px;height:auto\" srcset=\"https:\/\/sergiolapegue.com\/site\/wp-content\/uploads\/2025\/09\/Cruda.-Hija-de-los-90-Villera-Vip.jpg 1000w, https:\/\/sergiolapegue.com\/site\/wp-content\/uploads\/2025\/09\/Cruda.-Hija-de-los-90-Villera-Vip-300x200.jpg 300w, https:\/\/sergiolapegue.com\/site\/wp-content\/uploads\/2025\/09\/Cruda.-Hija-de-los-90-Villera-Vip-768x512.jpg 768w, https:\/\/sergiolapegue.com\/site\/wp-content\/uploads\/2025\/09\/Cruda.-Hija-de-los-90-Villera-Vip-630x420.jpg 630w, https:\/\/sergiolapegue.com\/site\/wp-content\/uploads\/2025\/09\/Cruda.-Hija-de-los-90-Villera-Vip-696x464.jpg 696w\" sizes=\"auto, (max-width: 1000px) 100vw, 1000px\" \/><\/figure>\n\n\n\n<p><strong>Villera Vip<\/strong>&nbsp;es una banda nacida en 2020, en Villa Soldati, Ciudad de Buenos Aires. Fusiona folklore, rock, rap, cumbia y punk; incorporando tambi\u00e9n poes\u00eda y danza. La banda fue preseleccionada en el&nbsp;Festival de Arte por la Identidad&nbsp;(FAPI) en 2023, 2024 y 2025, y fue&nbsp;ganadora de la Menci\u00f3n Especial FAUNA 2025 en categor\u00eda m\u00fasica popular.&nbsp;Villera Vip se distingue por su propuesta popular desde el humor y la variedad musical.<strong><\/strong><\/p>\n\n\n\n<p><strong>SOBRE EL DIRECTOR<\/strong><\/p>\n\n\n\n<figure class=\"wp-block-image size-full is-resized\"><img loading=\"lazy\" decoding=\"async\" width=\"1000\" height=\"763\" src=\"https:\/\/sergiolapegue.com\/site\/wp-content\/uploads\/2025\/09\/Cruda.-Hija-de-los-90-Lucho-Olivera.jpg\" alt=\"\" class=\"wp-image-25628\" style=\"width:337px;height:auto\" srcset=\"https:\/\/sergiolapegue.com\/site\/wp-content\/uploads\/2025\/09\/Cruda.-Hija-de-los-90-Lucho-Olivera.jpg 1000w, https:\/\/sergiolapegue.com\/site\/wp-content\/uploads\/2025\/09\/Cruda.-Hija-de-los-90-Lucho-Olivera-300x229.jpg 300w, https:\/\/sergiolapegue.com\/site\/wp-content\/uploads\/2025\/09\/Cruda.-Hija-de-los-90-Lucho-Olivera-768x586.jpg 768w, https:\/\/sergiolapegue.com\/site\/wp-content\/uploads\/2025\/09\/Cruda.-Hija-de-los-90-Lucho-Olivera-550x420.jpg 550w, https:\/\/sergiolapegue.com\/site\/wp-content\/uploads\/2025\/09\/Cruda.-Hija-de-los-90-Lucho-Olivera-80x60.jpg 80w, https:\/\/sergiolapegue.com\/site\/wp-content\/uploads\/2025\/09\/Cruda.-Hija-de-los-90-Lucho-Olivera-696x531.jpg 696w\" sizes=\"auto, (max-width: 1000px) 100vw, 1000px\" \/><\/figure>\n\n\n\n<p><strong>David Gudi\u00f1o<\/strong>&nbsp;naci\u00f3 en Salta y creci\u00f3 en Tierra del Fuego. Es licenciado en actuaci\u00f3n, dramaturgo y director teatral. Integra el colectivo antirracista Identidad Marr\u00f3n. Entre sus obras se destacan &#8220;Blizzard&#8221;, una de las ganadoras del concurso Nuestro Teatro del Teatro Nacional Cervantes, y &#8220;El David marr\u00f3n&#8221;, unipersonal por el cual recibi\u00f3 el premio revelaci\u00f3n Trinidad Guevara y fue nominado a los Mar\u00eda Guerrero en la categor\u00eda mejor actuaci\u00f3n unipersonal.<\/p>\n\n\n\n<p><\/p>\n","protected":false},"excerpt":{"rendered":"<p>El jueves 06 de noviembre a las\u00a021:00 horas y el domingo 16 de noviembre a las 19:00 horas,\u00a0en\u00a0El Alambique Teatro, se podr\u00e1n ver las \u00faltimas funciones de la obra de teatro musical \u201cCruda. Hija de los \u00b490\u201d,\u00a0de\u00a0Nahir S\u00e1nchez Romero\u00a0con direcci\u00f3n de\u00a0David Gudi\u00f1o\u00a0y m\u00fasica de\u00a0Villera Vip. &#8220;CRUDA. Hija de los &#8217;90&#8221;&nbsp;es la historia de una viajera [&hellip;]<\/p>\n","protected":false},"author":3,"featured_media":25629,"comment_status":"open","ping_status":"closed","sticky":false,"template":"","format":"standard","meta":{"footnotes":""},"categories":[34,35],"tags":[],"class_list":{"0":"post-25622","1":"post","2":"type-post","3":"status-publish","4":"format-standard","5":"has-post-thumbnail","7":"category-arte","8":"category-teatro"},"yoast_head":"<!-- This site is optimized with the Yoast SEO plugin v27.5 - https:\/\/yoast.com\/product\/yoast-seo-wordpress\/ -->\n<title>\u201cCRUDA. HIJA DE LOS 90\u201d - Sergio Lapegue<\/title>\n<meta name=\"robots\" content=\"index, follow, max-snippet:-1, max-image-preview:large, max-video-preview:-1\" \/>\n<link rel=\"canonical\" href=\"https:\/\/sergiolapegue.com\/site\/2025\/11\/05\/cruda-hija-de-los-90\/\" \/>\n<meta property=\"og:locale\" content=\"es_ES\" \/>\n<meta property=\"og:type\" content=\"article\" \/>\n<meta property=\"og:title\" content=\"\u201cCRUDA. HIJA DE LOS 90\u201d - Sergio Lapegue\" \/>\n<meta property=\"og:description\" content=\"El jueves 06 de noviembre a las\u00a021:00 horas y el domingo 16 de noviembre a las 19:00 horas,\u00a0en\u00a0El Alambique Teatro, se podr\u00e1n ver las \u00faltimas funciones de la obra de teatro musical \u201cCruda. Hija de los \u00b490\u201d,\u00a0de\u00a0Nahir S\u00e1nchez Romero\u00a0con direcci\u00f3n de\u00a0David Gudi\u00f1o\u00a0y m\u00fasica de\u00a0Villera Vip. &#8220;CRUDA. Hija de los &#8217;90&#8221;&nbsp;es la historia de una viajera [&hellip;]\" \/>\n<meta property=\"og:url\" content=\"https:\/\/sergiolapegue.com\/site\/2025\/11\/05\/cruda-hija-de-los-90\/\" \/>\n<meta property=\"og:site_name\" content=\"Sergio Lapegue\" \/>\n<meta property=\"article:publisher\" content=\"https:\/\/facebook.com\/sergiolapegue\" \/>\n<meta property=\"article:author\" content=\"https:\/\/facebook.com\/danielernesto.montana\" \/>\n<meta property=\"article:published_time\" content=\"2025-11-05T20:00:00+00:00\" \/>\n<meta property=\"og:image\" content=\"https:\/\/sergiolapegue.com\/site\/wp-content\/uploads\/2025\/09\/Cruda.-Hija-de-los-90.jpg\" \/>\n\t<meta property=\"og:image:width\" content=\"809\" \/>\n\t<meta property=\"og:image:height\" content=\"1000\" \/>\n\t<meta property=\"og:image:type\" content=\"image\/jpeg\" \/>\n<meta name=\"author\" content=\"Daniel E. Monta\u00f1a\" \/>\n<meta name=\"twitter:card\" content=\"summary_large_image\" \/>\n<meta name=\"twitter:creator\" content=\"@https:\/\/twitter.com\/daner_004\" \/>\n<meta name=\"twitter:site\" content=\"@sergiolapegue\" \/>\n<meta name=\"twitter:label1\" content=\"Escrito por\" \/>\n\t<meta name=\"twitter:data1\" content=\"Daniel E. Monta\u00f1a\" \/>\n\t<meta name=\"twitter:label2\" content=\"Tiempo de lectura\" \/>\n\t<meta name=\"twitter:data2\" content=\"5 minutos\" \/>\n<script type=\"application\/ld+json\" class=\"yoast-schema-graph\">{\"@context\":\"https:\\\/\\\/schema.org\",\"@graph\":[{\"@type\":\"Article\",\"@id\":\"https:\\\/\\\/sergiolapegue.com\\\/site\\\/2025\\\/11\\\/05\\\/cruda-hija-de-los-90\\\/#article\",\"isPartOf\":{\"@id\":\"https:\\\/\\\/sergiolapegue.com\\\/site\\\/2025\\\/11\\\/05\\\/cruda-hija-de-los-90\\\/\"},\"author\":{\"name\":\"Daniel E. Monta\u00f1a\",\"@id\":\"https:\\\/\\\/sergiolapegue.com\\\/site\\\/#\\\/schema\\\/person\\\/9198e7dbab43c6d74d0fd5399af7c3cd\"},\"headline\":\"\u201cCRUDA. HIJA DE LOS 90\u201d\",\"datePublished\":\"2025-11-05T20:00:00+00:00\",\"mainEntityOfPage\":{\"@id\":\"https:\\\/\\\/sergiolapegue.com\\\/site\\\/2025\\\/11\\\/05\\\/cruda-hija-de-los-90\\\/\"},\"wordCount\":921,\"commentCount\":0,\"publisher\":{\"@id\":\"https:\\\/\\\/sergiolapegue.com\\\/site\\\/#\\\/schema\\\/person\\\/083aeceeb0734cd166779ea6c0551a37\"},\"image\":{\"@id\":\"https:\\\/\\\/sergiolapegue.com\\\/site\\\/2025\\\/11\\\/05\\\/cruda-hija-de-los-90\\\/#primaryimage\"},\"thumbnailUrl\":\"https:\\\/\\\/sergiolapegue.com\\\/site\\\/wp-content\\\/uploads\\\/2025\\\/09\\\/Cruda.-Hija-de-los-90.jpg\",\"articleSection\":[\"Arte\",\"Teatro\"],\"inLanguage\":\"es-AR\",\"potentialAction\":[{\"@type\":\"CommentAction\",\"name\":\"Comment\",\"target\":[\"https:\\\/\\\/sergiolapegue.com\\\/site\\\/2025\\\/11\\\/05\\\/cruda-hija-de-los-90\\\/#respond\"]}]},{\"@type\":\"WebPage\",\"@id\":\"https:\\\/\\\/sergiolapegue.com\\\/site\\\/2025\\\/11\\\/05\\\/cruda-hija-de-los-90\\\/\",\"url\":\"https:\\\/\\\/sergiolapegue.com\\\/site\\\/2025\\\/11\\\/05\\\/cruda-hija-de-los-90\\\/\",\"name\":\"\u201cCRUDA. HIJA DE LOS 90\u201d - Sergio Lapegue\",\"isPartOf\":{\"@id\":\"https:\\\/\\\/sergiolapegue.com\\\/site\\\/#website\"},\"primaryImageOfPage\":{\"@id\":\"https:\\\/\\\/sergiolapegue.com\\\/site\\\/2025\\\/11\\\/05\\\/cruda-hija-de-los-90\\\/#primaryimage\"},\"image\":{\"@id\":\"https:\\\/\\\/sergiolapegue.com\\\/site\\\/2025\\\/11\\\/05\\\/cruda-hija-de-los-90\\\/#primaryimage\"},\"thumbnailUrl\":\"https:\\\/\\\/sergiolapegue.com\\\/site\\\/wp-content\\\/uploads\\\/2025\\\/09\\\/Cruda.-Hija-de-los-90.jpg\",\"datePublished\":\"2025-11-05T20:00:00+00:00\",\"breadcrumb\":{\"@id\":\"https:\\\/\\\/sergiolapegue.com\\\/site\\\/2025\\\/11\\\/05\\\/cruda-hija-de-los-90\\\/#breadcrumb\"},\"inLanguage\":\"es-AR\",\"potentialAction\":[{\"@type\":\"ReadAction\",\"target\":[\"https:\\\/\\\/sergiolapegue.com\\\/site\\\/2025\\\/11\\\/05\\\/cruda-hija-de-los-90\\\/\"]}]},{\"@type\":\"ImageObject\",\"inLanguage\":\"es-AR\",\"@id\":\"https:\\\/\\\/sergiolapegue.com\\\/site\\\/2025\\\/11\\\/05\\\/cruda-hija-de-los-90\\\/#primaryimage\",\"url\":\"https:\\\/\\\/sergiolapegue.com\\\/site\\\/wp-content\\\/uploads\\\/2025\\\/09\\\/Cruda.-Hija-de-los-90.jpg\",\"contentUrl\":\"https:\\\/\\\/sergiolapegue.com\\\/site\\\/wp-content\\\/uploads\\\/2025\\\/09\\\/Cruda.-Hija-de-los-90.jpg\",\"width\":809,\"height\":1000},{\"@type\":\"BreadcrumbList\",\"@id\":\"https:\\\/\\\/sergiolapegue.com\\\/site\\\/2025\\\/11\\\/05\\\/cruda-hija-de-los-90\\\/#breadcrumb\",\"itemListElement\":[{\"@type\":\"ListItem\",\"position\":1,\"name\":\"Inicio\",\"item\":\"https:\\\/\\\/sergiolapegue.com\\\/site\\\/\"},{\"@type\":\"ListItem\",\"position\":2,\"name\":\"\u201cCRUDA. HIJA DE LOS 90\u201d\"}]},{\"@type\":\"WebSite\",\"@id\":\"https:\\\/\\\/sergiolapegue.com\\\/site\\\/#website\",\"url\":\"https:\\\/\\\/sergiolapegue.com\\\/site\\\/\",\"name\":\"Sergio Lapegue\",\"description\":\"Periodista\",\"publisher\":{\"@id\":\"https:\\\/\\\/sergiolapegue.com\\\/site\\\/#\\\/schema\\\/person\\\/083aeceeb0734cd166779ea6c0551a37\"},\"potentialAction\":[{\"@type\":\"SearchAction\",\"target\":{\"@type\":\"EntryPoint\",\"urlTemplate\":\"https:\\\/\\\/sergiolapegue.com\\\/site\\\/?s={search_term_string}\"},\"query-input\":{\"@type\":\"PropertyValueSpecification\",\"valueRequired\":true,\"valueName\":\"search_term_string\"}}],\"inLanguage\":\"es-AR\"},{\"@type\":[\"Person\",\"Organization\"],\"@id\":\"https:\\\/\\\/sergiolapegue.com\\\/site\\\/#\\\/schema\\\/person\\\/083aeceeb0734cd166779ea6c0551a37\",\"name\":\"Sergio Lapegue\",\"image\":{\"@type\":\"ImageObject\",\"inLanguage\":\"es-AR\",\"@id\":\"https:\\\/\\\/sergiolapegue.com\\\/site\\\/wp-content\\\/uploads\\\/2021\\\/04\\\/logo_header-1.png\",\"url\":\"https:\\\/\\\/sergiolapegue.com\\\/site\\\/wp-content\\\/uploads\\\/2021\\\/04\\\/logo_header-1.png\",\"contentUrl\":\"https:\\\/\\\/sergiolapegue.com\\\/site\\\/wp-content\\\/uploads\\\/2021\\\/04\\\/logo_header-1.png\",\"width\":272,\"height\":90,\"caption\":\"Sergio Lapegue\"},\"logo\":{\"@id\":\"https:\\\/\\\/sergiolapegue.com\\\/site\\\/wp-content\\\/uploads\\\/2021\\\/04\\\/logo_header-1.png\"},\"sameAs\":[\"https:\\\/\\\/facebook.com\\\/sergiolapegue\",\"https:\\\/\\\/instagram.com\\\/sergiolapegue\",\"https:\\\/\\\/x.com\\\/https:\\\/\\\/twitter.com\\\/sergiolapegue\"]},{\"@type\":\"Person\",\"@id\":\"https:\\\/\\\/sergiolapegue.com\\\/site\\\/#\\\/schema\\\/person\\\/9198e7dbab43c6d74d0fd5399af7c3cd\",\"name\":\"Daniel E. Monta\u00f1a\",\"image\":{\"@type\":\"ImageObject\",\"inLanguage\":\"es-AR\",\"@id\":\"https:\\\/\\\/sergiolapegue.com\\\/site\\\/wp-content\\\/uploads\\\/2021\\\/04\\\/sl_avatar_Daniel-150x150.jpg\",\"url\":\"https:\\\/\\\/sergiolapegue.com\\\/site\\\/wp-content\\\/uploads\\\/2021\\\/04\\\/sl_avatar_Daniel-150x150.jpg\",\"contentUrl\":\"https:\\\/\\\/sergiolapegue.com\\\/site\\\/wp-content\\\/uploads\\\/2021\\\/04\\\/sl_avatar_Daniel-150x150.jpg\",\"caption\":\"Daniel E. Monta\u00f1a\"},\"sameAs\":[\"https:\\\/\\\/facebook.com\\\/danielernesto.montana\",\"https:\\\/\\\/instagram.com\\\/daniel_montana1961\",\"https:\\\/\\\/x.com\\\/https:\\\/\\\/twitter.com\\\/daner_004\"],\"url\":\"https:\\\/\\\/sergiolapegue.com\\\/site\\\/author\\\/daniel\\\/\"}]}<\/script>\n<!-- \/ Yoast SEO plugin. -->","yoast_head_json":{"title":"\u201cCRUDA. HIJA DE LOS 90\u201d - Sergio Lapegue","robots":{"index":"index","follow":"follow","max-snippet":"max-snippet:-1","max-image-preview":"max-image-preview:large","max-video-preview":"max-video-preview:-1"},"canonical":"https:\/\/sergiolapegue.com\/site\/2025\/11\/05\/cruda-hija-de-los-90\/","og_locale":"es_ES","og_type":"article","og_title":"\u201cCRUDA. HIJA DE LOS 90\u201d - Sergio Lapegue","og_description":"El jueves 06 de noviembre a las\u00a021:00 horas y el domingo 16 de noviembre a las 19:00 horas,\u00a0en\u00a0El Alambique Teatro, se podr\u00e1n ver las \u00faltimas funciones de la obra de teatro musical \u201cCruda. Hija de los \u00b490\u201d,\u00a0de\u00a0Nahir S\u00e1nchez Romero\u00a0con direcci\u00f3n de\u00a0David Gudi\u00f1o\u00a0y m\u00fasica de\u00a0Villera Vip. &#8220;CRUDA. Hija de los &#8217;90&#8221;&nbsp;es la historia de una viajera [&hellip;]","og_url":"https:\/\/sergiolapegue.com\/site\/2025\/11\/05\/cruda-hija-de-los-90\/","og_site_name":"Sergio Lapegue","article_publisher":"https:\/\/facebook.com\/sergiolapegue","article_author":"https:\/\/facebook.com\/danielernesto.montana","article_published_time":"2025-11-05T20:00:00+00:00","og_image":[{"width":809,"height":1000,"url":"https:\/\/sergiolapegue.com\/site\/wp-content\/uploads\/2025\/09\/Cruda.-Hija-de-los-90.jpg","type":"image\/jpeg"}],"author":"Daniel E. Monta\u00f1a","twitter_card":"summary_large_image","twitter_creator":"@https:\/\/twitter.com\/daner_004","twitter_site":"@sergiolapegue","twitter_misc":{"Escrito por":"Daniel E. Monta\u00f1a","Tiempo de lectura":"5 minutos"},"schema":{"@context":"https:\/\/schema.org","@graph":[{"@type":"Article","@id":"https:\/\/sergiolapegue.com\/site\/2025\/11\/05\/cruda-hija-de-los-90\/#article","isPartOf":{"@id":"https:\/\/sergiolapegue.com\/site\/2025\/11\/05\/cruda-hija-de-los-90\/"},"author":{"name":"Daniel E. Monta\u00f1a","@id":"https:\/\/sergiolapegue.com\/site\/#\/schema\/person\/9198e7dbab43c6d74d0fd5399af7c3cd"},"headline":"\u201cCRUDA. HIJA DE LOS 90\u201d","datePublished":"2025-11-05T20:00:00+00:00","mainEntityOfPage":{"@id":"https:\/\/sergiolapegue.com\/site\/2025\/11\/05\/cruda-hija-de-los-90\/"},"wordCount":921,"commentCount":0,"publisher":{"@id":"https:\/\/sergiolapegue.com\/site\/#\/schema\/person\/083aeceeb0734cd166779ea6c0551a37"},"image":{"@id":"https:\/\/sergiolapegue.com\/site\/2025\/11\/05\/cruda-hija-de-los-90\/#primaryimage"},"thumbnailUrl":"https:\/\/sergiolapegue.com\/site\/wp-content\/uploads\/2025\/09\/Cruda.-Hija-de-los-90.jpg","articleSection":["Arte","Teatro"],"inLanguage":"es-AR","potentialAction":[{"@type":"CommentAction","name":"Comment","target":["https:\/\/sergiolapegue.com\/site\/2025\/11\/05\/cruda-hija-de-los-90\/#respond"]}]},{"@type":"WebPage","@id":"https:\/\/sergiolapegue.com\/site\/2025\/11\/05\/cruda-hija-de-los-90\/","url":"https:\/\/sergiolapegue.com\/site\/2025\/11\/05\/cruda-hija-de-los-90\/","name":"\u201cCRUDA. HIJA DE LOS 90\u201d - Sergio Lapegue","isPartOf":{"@id":"https:\/\/sergiolapegue.com\/site\/#website"},"primaryImageOfPage":{"@id":"https:\/\/sergiolapegue.com\/site\/2025\/11\/05\/cruda-hija-de-los-90\/#primaryimage"},"image":{"@id":"https:\/\/sergiolapegue.com\/site\/2025\/11\/05\/cruda-hija-de-los-90\/#primaryimage"},"thumbnailUrl":"https:\/\/sergiolapegue.com\/site\/wp-content\/uploads\/2025\/09\/Cruda.-Hija-de-los-90.jpg","datePublished":"2025-11-05T20:00:00+00:00","breadcrumb":{"@id":"https:\/\/sergiolapegue.com\/site\/2025\/11\/05\/cruda-hija-de-los-90\/#breadcrumb"},"inLanguage":"es-AR","potentialAction":[{"@type":"ReadAction","target":["https:\/\/sergiolapegue.com\/site\/2025\/11\/05\/cruda-hija-de-los-90\/"]}]},{"@type":"ImageObject","inLanguage":"es-AR","@id":"https:\/\/sergiolapegue.com\/site\/2025\/11\/05\/cruda-hija-de-los-90\/#primaryimage","url":"https:\/\/sergiolapegue.com\/site\/wp-content\/uploads\/2025\/09\/Cruda.-Hija-de-los-90.jpg","contentUrl":"https:\/\/sergiolapegue.com\/site\/wp-content\/uploads\/2025\/09\/Cruda.-Hija-de-los-90.jpg","width":809,"height":1000},{"@type":"BreadcrumbList","@id":"https:\/\/sergiolapegue.com\/site\/2025\/11\/05\/cruda-hija-de-los-90\/#breadcrumb","itemListElement":[{"@type":"ListItem","position":1,"name":"Inicio","item":"https:\/\/sergiolapegue.com\/site\/"},{"@type":"ListItem","position":2,"name":"\u201cCRUDA. HIJA DE LOS 90\u201d"}]},{"@type":"WebSite","@id":"https:\/\/sergiolapegue.com\/site\/#website","url":"https:\/\/sergiolapegue.com\/site\/","name":"Sergio Lapegue","description":"Periodista","publisher":{"@id":"https:\/\/sergiolapegue.com\/site\/#\/schema\/person\/083aeceeb0734cd166779ea6c0551a37"},"potentialAction":[{"@type":"SearchAction","target":{"@type":"EntryPoint","urlTemplate":"https:\/\/sergiolapegue.com\/site\/?s={search_term_string}"},"query-input":{"@type":"PropertyValueSpecification","valueRequired":true,"valueName":"search_term_string"}}],"inLanguage":"es-AR"},{"@type":["Person","Organization"],"@id":"https:\/\/sergiolapegue.com\/site\/#\/schema\/person\/083aeceeb0734cd166779ea6c0551a37","name":"Sergio Lapegue","image":{"@type":"ImageObject","inLanguage":"es-AR","@id":"https:\/\/sergiolapegue.com\/site\/wp-content\/uploads\/2021\/04\/logo_header-1.png","url":"https:\/\/sergiolapegue.com\/site\/wp-content\/uploads\/2021\/04\/logo_header-1.png","contentUrl":"https:\/\/sergiolapegue.com\/site\/wp-content\/uploads\/2021\/04\/logo_header-1.png","width":272,"height":90,"caption":"Sergio Lapegue"},"logo":{"@id":"https:\/\/sergiolapegue.com\/site\/wp-content\/uploads\/2021\/04\/logo_header-1.png"},"sameAs":["https:\/\/facebook.com\/sergiolapegue","https:\/\/instagram.com\/sergiolapegue","https:\/\/x.com\/https:\/\/twitter.com\/sergiolapegue"]},{"@type":"Person","@id":"https:\/\/sergiolapegue.com\/site\/#\/schema\/person\/9198e7dbab43c6d74d0fd5399af7c3cd","name":"Daniel E. Monta\u00f1a","image":{"@type":"ImageObject","inLanguage":"es-AR","@id":"https:\/\/sergiolapegue.com\/site\/wp-content\/uploads\/2021\/04\/sl_avatar_Daniel-150x150.jpg","url":"https:\/\/sergiolapegue.com\/site\/wp-content\/uploads\/2021\/04\/sl_avatar_Daniel-150x150.jpg","contentUrl":"https:\/\/sergiolapegue.com\/site\/wp-content\/uploads\/2021\/04\/sl_avatar_Daniel-150x150.jpg","caption":"Daniel E. Monta\u00f1a"},"sameAs":["https:\/\/facebook.com\/danielernesto.montana","https:\/\/instagram.com\/daniel_montana1961","https:\/\/x.com\/https:\/\/twitter.com\/daner_004"],"url":"https:\/\/sergiolapegue.com\/site\/author\/daniel\/"}]}},"_links":{"self":[{"href":"https:\/\/sergiolapegue.com\/site\/wp-json\/wp\/v2\/posts\/25622","targetHints":{"allow":["GET"]}}],"collection":[{"href":"https:\/\/sergiolapegue.com\/site\/wp-json\/wp\/v2\/posts"}],"about":[{"href":"https:\/\/sergiolapegue.com\/site\/wp-json\/wp\/v2\/types\/post"}],"author":[{"embeddable":true,"href":"https:\/\/sergiolapegue.com\/site\/wp-json\/wp\/v2\/users\/3"}],"replies":[{"embeddable":true,"href":"https:\/\/sergiolapegue.com\/site\/wp-json\/wp\/v2\/comments?post=25622"}],"version-history":[{"count":2,"href":"https:\/\/sergiolapegue.com\/site\/wp-json\/wp\/v2\/posts\/25622\/revisions"}],"predecessor-version":[{"id":26546,"href":"https:\/\/sergiolapegue.com\/site\/wp-json\/wp\/v2\/posts\/25622\/revisions\/26546"}],"wp:featuredmedia":[{"embeddable":true,"href":"https:\/\/sergiolapegue.com\/site\/wp-json\/wp\/v2\/media\/25629"}],"wp:attachment":[{"href":"https:\/\/sergiolapegue.com\/site\/wp-json\/wp\/v2\/media?parent=25622"}],"wp:term":[{"taxonomy":"category","embeddable":true,"href":"https:\/\/sergiolapegue.com\/site\/wp-json\/wp\/v2\/categories?post=25622"},{"taxonomy":"post_tag","embeddable":true,"href":"https:\/\/sergiolapegue.com\/site\/wp-json\/wp\/v2\/tags?post=25622"}],"curies":[{"name":"wp","href":"https:\/\/api.w.org\/{rel}","templated":true}]}}