{"id":25501,"date":"2025-09-24T09:36:00","date_gmt":"2025-09-24T12:36:00","guid":{"rendered":"https:\/\/sergiolapegue.com\/site\/?p=25501"},"modified":"2025-09-17T14:38:27","modified_gmt":"2025-09-17T17:38:27","slug":"peinados-tirantes-a-diario-no-es-el-gel-es-la-fuerza-lo-que-dana","status":"publish","type":"post","link":"https:\/\/sergiolapegue.com\/site\/2025\/09\/24\/peinados-tirantes-a-diario-no-es-el-gel-es-la-fuerza-lo-que-dana\/","title":{"rendered":"Peinados tirantes a diario: no es el gel, es la fuerza\u00a0lo que da\u00f1a"},"content":{"rendered":"\n<p>Las colitas bien firmes, las trenzas ajustadas y los rodetes perfectos parecen la soluci\u00f3n m\u00e1s pr\u00e1ctica para vernos prolijas en segundos. Pero cuando este gesto se repite todos los d\u00edas, la salud de nuestro cabello puede resentirse. Y no, el problema no est\u00e1 en los productos que usamos, sino en la fuerza con la que sujetamos nuestro pelo.<\/p>\n\n\n\n<p>Este h\u00e1bito pasa factura, porque atar el cabello fuerte estiliza, despeja el rostro y transmite una imagen pulida. Sin embargo, lo que parece inofensivo termina generando un impacto directo en la ra\u00edz. Cada vez que sujetamos demasiado, el bulbo piloso \u2014el lugar donde nace cada hebra\u2014 queda sometido a una tracci\u00f3n constante. Con el tiempo, esa tensi\u00f3n puede derivar en ca\u00edda localizada, irritaciones en el cuero cabelludo, afinamiento e incluso p\u00e9rdida de densidad.<\/p>\n\n\n\n<p><strong>Peor si est\u00e1 h\u00famedo.<\/strong><br>Si adem\u00e1s recogemos el pelo cuando todav\u00eda est\u00e1 mojado, el riesgo se multiplica. La humedad retenida en la piel del cuero cabelludo crea un ambiente que favorece la caspa, la debilidad y la falta de oxigenaci\u00f3n en la ra\u00edz. El resultado: fibras m\u00e1s fr\u00e1giles, que crecen m\u00e1s finas y quebradizas.<\/p>\n\n\n\n<p><strong>No son los productos<\/strong><br>Durante mucho tiempo se culp\u00f3 al gel, la laca o el spray de resecar y da\u00f1ar el cabello. Pero la evidencia muestra que el verdadero enemigo es otro: el estiramiento excesivo y sostenido. Los fijadores, en todo caso, cumplen un rol est\u00e9tico; lo que termina debilitando la salud capilar es la fuerza mec\u00e1nica del peinado tirante, repetido d\u00eda tras d\u00eda.<\/p>\n\n\n\n<p>Las ni\u00f1as tambi\u00e9n. En el colegio, en clases de danza, gimnasia o pat\u00edn, es com\u00fan que las ni\u00f1as lleven peinados ajustados todos los d\u00edas. Y como no se usan productos, pensamos que no hay riesgo. Sin embargo, el cabello infantil todav\u00eda est\u00e1 en desarrollo, y la tracci\u00f3n diaria puede dejar huellas a futuro. Lo que vemos como prolijidad o comodidad, en realidad puede transformarse en un h\u00e1bito que debilita la ra\u00edz desde muy temprano.<\/p>\n\n\n\n<p>C\u00f3mo cuidarnos sin dejar de atarnos el pelo<\/p>\n\n\n\n<p>No se trata de abandonar las colitas, las trenzas o los rodetes, sino de usarlos con conciencia:<\/p>\n\n\n\n<ul class=\"wp-block-list\">\n<li>Altern\u00e1 el lugar de la cola o la trenza para no forzar siempre la misma zona.<\/li>\n\n\n\n<li>Us\u00e1 gomitas recubiertas o scrunchies, que no corten la fibra.<\/li>\n\n\n\n<li>Reserv\u00e1 los peinados muy tirantes para ocasiones especiales.<\/li>\n\n\n\n<li>Evit\u00e1 atar el pelo cuando est\u00e1 mojado.<\/li>\n\n\n\n<li>Regalate algunos d\u00edas de pelo suelto o recogidos m\u00e1s flojos.<\/li>\n<\/ul>\n\n\n\n<p>Para recordar! Atar el pelo fuerte cada tanto no traer\u00e1 consecuencias: es parte del juego de vernos distintas o resolver un look r\u00e1pido. El problema aparece cuando esa tensi\u00f3n se convierte en rutina diaria. Porque la verdadera salud capilar empieza en la ra\u00edz, no en la fibra. Y si queremos cuidar nuestro pelo, la pr\u00f3xima vez que hagamos una cola demasiado apretada vale recordar esta simple idea: lo que da\u00f1a no es el gel, sino la fuerza.<\/p>\n\n\n\n<figure class=\"wp-block-image size-large is-resized\"><img loading=\"lazy\" decoding=\"async\" width=\"739\" height=\"1024\" src=\"https:\/\/sergiolapegue.com\/site\/wp-content\/uploads\/2025\/09\/Georgina-Buscaglia-2-739x1024.jpeg\" alt=\"\" class=\"wp-image-25502\" style=\"width:327px;height:auto\" srcset=\"https:\/\/sergiolapegue.com\/site\/wp-content\/uploads\/2025\/09\/Georgina-Buscaglia-2-739x1024.jpeg 739w, https:\/\/sergiolapegue.com\/site\/wp-content\/uploads\/2025\/09\/Georgina-Buscaglia-2-217x300.jpeg 217w, https:\/\/sergiolapegue.com\/site\/wp-content\/uploads\/2025\/09\/Georgina-Buscaglia-2-768x1064.jpeg 768w, https:\/\/sergiolapegue.com\/site\/wp-content\/uploads\/2025\/09\/Georgina-Buscaglia-2-1109x1536.jpeg 1109w, https:\/\/sergiolapegue.com\/site\/wp-content\/uploads\/2025\/09\/Georgina-Buscaglia-2-1478x2048.jpeg 1478w, https:\/\/sergiolapegue.com\/site\/wp-content\/uploads\/2025\/09\/Georgina-Buscaglia-2-303x420.jpeg 303w, https:\/\/sergiolapegue.com\/site\/wp-content\/uploads\/2025\/09\/Georgina-Buscaglia-2-696x964.jpeg 696w, https:\/\/sergiolapegue.com\/site\/wp-content\/uploads\/2025\/09\/Georgina-Buscaglia-2-1068x1480.jpeg 1068w, https:\/\/sergiolapegue.com\/site\/wp-content\/uploads\/2025\/09\/Georgina-Buscaglia-2-1920x2660.jpeg 1920w, https:\/\/sergiolapegue.com\/site\/wp-content\/uploads\/2025\/09\/Georgina-Buscaglia-2-scaled.jpeg 1848w\" sizes=\"auto, (max-width: 739px) 100vw, 739px\" \/><figcaption class=\"wp-element-caption\"><em>Por\u00a0Georgina\u00a0Buscaglia\u00a0\u2013 especialista en color y cuidado del cabello<br>@exhalapeluqueria<\/em><\/figcaption><\/figure>\n\n\n\n<p><\/p>\n","protected":false},"excerpt":{"rendered":"<p>Las colitas bien firmes, las trenzas ajustadas y los rodetes perfectos parecen la soluci\u00f3n m\u00e1s pr\u00e1ctica para vernos prolijas en segundos. Pero cuando este gesto se repite todos los d\u00edas, la salud de nuestro cabello puede resentirse. Y no, el problema no est\u00e1 en los productos que usamos, sino en la fuerza con la que [&hellip;]<\/p>\n","protected":false},"author":4,"featured_media":25503,"comment_status":"closed","ping_status":"closed","sticky":false,"template":"","format":"standard","meta":{"footnotes":""},"categories":[38],"tags":[4525,3136,4524,4523,300,297,3008,3359],"class_list":{"0":"post-25501","1":"post","2":"type-post","3":"status-publish","4":"format-standard","5":"has-post-thumbnail","7":"category-actualidad","8":"tag-atar","9":"tag-cabello","10":"tag-colita","11":"tag-gel","12":"tag-peinado","13":"tag-pelo","14":"tag-peluquera","15":"tag-producto"},"yoast_head":"<!-- This site is optimized with the Yoast SEO plugin v27.5 - https:\/\/yoast.com\/product\/yoast-seo-wordpress\/ -->\n<title>Peinados tirantes a diario: no es el gel, es la fuerza\u00a0lo que da\u00f1a - Sergio Lapegue<\/title>\n<meta name=\"robots\" content=\"index, follow, max-snippet:-1, max-image-preview:large, max-video-preview:-1\" \/>\n<link rel=\"canonical\" href=\"https:\/\/sergiolapegue.com\/site\/2025\/09\/24\/peinados-tirantes-a-diario-no-es-el-gel-es-la-fuerza-lo-que-dana\/\" \/>\n<meta property=\"og:locale\" content=\"es_ES\" \/>\n<meta property=\"og:type\" content=\"article\" \/>\n<meta property=\"og:title\" content=\"Peinados tirantes a diario: no es el gel, es la fuerza\u00a0lo que da\u00f1a - Sergio Lapegue\" \/>\n<meta property=\"og:description\" content=\"Las colitas bien firmes, las trenzas ajustadas y los rodetes perfectos parecen la soluci\u00f3n m\u00e1s pr\u00e1ctica para vernos prolijas en segundos. Pero cuando este gesto se repite todos los d\u00edas, la salud de nuestro cabello puede resentirse. Y no, el problema no est\u00e1 en los productos que usamos, sino en la fuerza con la que [&hellip;]\" \/>\n<meta property=\"og:url\" content=\"https:\/\/sergiolapegue.com\/site\/2025\/09\/24\/peinados-tirantes-a-diario-no-es-el-gel-es-la-fuerza-lo-que-dana\/\" \/>\n<meta property=\"og:site_name\" content=\"Sergio Lapegue\" \/>\n<meta property=\"article:publisher\" content=\"https:\/\/facebook.com\/sergiolapegue\" \/>\n<meta property=\"article:published_time\" content=\"2025-09-24T12:36:00+00:00\" \/>\n<meta property=\"og:image\" content=\"https:\/\/sergiolapegue.com\/site\/wp-content\/uploads\/2025\/09\/pelo-tirante.webp\" \/>\n\t<meta property=\"og:image:width\" content=\"1248\" \/>\n\t<meta property=\"og:image:height\" content=\"1248\" \/>\n\t<meta property=\"og:image:type\" content=\"image\/webp\" \/>\n<meta name=\"author\" content=\"Leonardo Monta\u00f1a\" \/>\n<meta name=\"twitter:card\" content=\"summary_large_image\" \/>\n<meta name=\"twitter:creator\" content=\"@https:\/\/twitter.com\/soytoto81\" \/>\n<meta name=\"twitter:site\" content=\"@sergiolapegue\" \/>\n<meta name=\"twitter:label1\" content=\"Escrito por\" \/>\n\t<meta name=\"twitter:data1\" content=\"Leonardo Monta\u00f1a\" \/>\n\t<meta name=\"twitter:label2\" content=\"Tiempo de lectura\" \/>\n\t<meta name=\"twitter:data2\" content=\"3 minutos\" \/>\n<script type=\"application\/ld+json\" class=\"yoast-schema-graph\">{\"@context\":\"https:\\\/\\\/schema.org\",\"@graph\":[{\"@type\":\"Article\",\"@id\":\"https:\\\/\\\/sergiolapegue.com\\\/site\\\/2025\\\/09\\\/24\\\/peinados-tirantes-a-diario-no-es-el-gel-es-la-fuerza-lo-que-dana\\\/#article\",\"isPartOf\":{\"@id\":\"https:\\\/\\\/sergiolapegue.com\\\/site\\\/2025\\\/09\\\/24\\\/peinados-tirantes-a-diario-no-es-el-gel-es-la-fuerza-lo-que-dana\\\/\"},\"author\":{\"name\":\"Leonardo Monta\u00f1a\",\"@id\":\"https:\\\/\\\/sergiolapegue.com\\\/site\\\/#\\\/schema\\\/person\\\/00adf937d010c7f79a180dc4916a40e0\"},\"headline\":\"Peinados tirantes a diario: no es el gel, es la fuerza\u00a0lo que da\u00f1a\",\"datePublished\":\"2025-09-24T12:36:00+00:00\",\"mainEntityOfPage\":{\"@id\":\"https:\\\/\\\/sergiolapegue.com\\\/site\\\/2025\\\/09\\\/24\\\/peinados-tirantes-a-diario-no-es-el-gel-es-la-fuerza-lo-que-dana\\\/\"},\"wordCount\":543,\"publisher\":{\"@id\":\"https:\\\/\\\/sergiolapegue.com\\\/site\\\/#\\\/schema\\\/person\\\/083aeceeb0734cd166779ea6c0551a37\"},\"image\":{\"@id\":\"https:\\\/\\\/sergiolapegue.com\\\/site\\\/2025\\\/09\\\/24\\\/peinados-tirantes-a-diario-no-es-el-gel-es-la-fuerza-lo-que-dana\\\/#primaryimage\"},\"thumbnailUrl\":\"https:\\\/\\\/sergiolapegue.com\\\/site\\\/wp-content\\\/uploads\\\/2025\\\/09\\\/pelo-tirante.webp\",\"keywords\":[\"atar\",\"cabello\",\"colita\",\"gel\",\"peinado\",\"pelo\",\"peluquera\",\"producto\"],\"articleSection\":[\"Actualidad\"],\"inLanguage\":\"es-AR\"},{\"@type\":\"WebPage\",\"@id\":\"https:\\\/\\\/sergiolapegue.com\\\/site\\\/2025\\\/09\\\/24\\\/peinados-tirantes-a-diario-no-es-el-gel-es-la-fuerza-lo-que-dana\\\/\",\"url\":\"https:\\\/\\\/sergiolapegue.com\\\/site\\\/2025\\\/09\\\/24\\\/peinados-tirantes-a-diario-no-es-el-gel-es-la-fuerza-lo-que-dana\\\/\",\"name\":\"Peinados tirantes a diario: no es el gel, es la fuerza\u00a0lo que da\u00f1a - Sergio Lapegue\",\"isPartOf\":{\"@id\":\"https:\\\/\\\/sergiolapegue.com\\\/site\\\/#website\"},\"primaryImageOfPage\":{\"@id\":\"https:\\\/\\\/sergiolapegue.com\\\/site\\\/2025\\\/09\\\/24\\\/peinados-tirantes-a-diario-no-es-el-gel-es-la-fuerza-lo-que-dana\\\/#primaryimage\"},\"image\":{\"@id\":\"https:\\\/\\\/sergiolapegue.com\\\/site\\\/2025\\\/09\\\/24\\\/peinados-tirantes-a-diario-no-es-el-gel-es-la-fuerza-lo-que-dana\\\/#primaryimage\"},\"thumbnailUrl\":\"https:\\\/\\\/sergiolapegue.com\\\/site\\\/wp-content\\\/uploads\\\/2025\\\/09\\\/pelo-tirante.webp\",\"datePublished\":\"2025-09-24T12:36:00+00:00\",\"breadcrumb\":{\"@id\":\"https:\\\/\\\/sergiolapegue.com\\\/site\\\/2025\\\/09\\\/24\\\/peinados-tirantes-a-diario-no-es-el-gel-es-la-fuerza-lo-que-dana\\\/#breadcrumb\"},\"inLanguage\":\"es-AR\",\"potentialAction\":[{\"@type\":\"ReadAction\",\"target\":[\"https:\\\/\\\/sergiolapegue.com\\\/site\\\/2025\\\/09\\\/24\\\/peinados-tirantes-a-diario-no-es-el-gel-es-la-fuerza-lo-que-dana\\\/\"]}]},{\"@type\":\"ImageObject\",\"inLanguage\":\"es-AR\",\"@id\":\"https:\\\/\\\/sergiolapegue.com\\\/site\\\/2025\\\/09\\\/24\\\/peinados-tirantes-a-diario-no-es-el-gel-es-la-fuerza-lo-que-dana\\\/#primaryimage\",\"url\":\"https:\\\/\\\/sergiolapegue.com\\\/site\\\/wp-content\\\/uploads\\\/2025\\\/09\\\/pelo-tirante.webp\",\"contentUrl\":\"https:\\\/\\\/sergiolapegue.com\\\/site\\\/wp-content\\\/uploads\\\/2025\\\/09\\\/pelo-tirante.webp\",\"width\":1248,\"height\":1248},{\"@type\":\"BreadcrumbList\",\"@id\":\"https:\\\/\\\/sergiolapegue.com\\\/site\\\/2025\\\/09\\\/24\\\/peinados-tirantes-a-diario-no-es-el-gel-es-la-fuerza-lo-que-dana\\\/#breadcrumb\",\"itemListElement\":[{\"@type\":\"ListItem\",\"position\":1,\"name\":\"Inicio\",\"item\":\"https:\\\/\\\/sergiolapegue.com\\\/site\\\/\"},{\"@type\":\"ListItem\",\"position\":2,\"name\":\"Peinados tirantes a diario: no es el gel, es la fuerza\u00a0lo que da\u00f1a\"}]},{\"@type\":\"WebSite\",\"@id\":\"https:\\\/\\\/sergiolapegue.com\\\/site\\\/#website\",\"url\":\"https:\\\/\\\/sergiolapegue.com\\\/site\\\/\",\"name\":\"Sergio Lapegue\",\"description\":\"Periodista\",\"publisher\":{\"@id\":\"https:\\\/\\\/sergiolapegue.com\\\/site\\\/#\\\/schema\\\/person\\\/083aeceeb0734cd166779ea6c0551a37\"},\"potentialAction\":[{\"@type\":\"SearchAction\",\"target\":{\"@type\":\"EntryPoint\",\"urlTemplate\":\"https:\\\/\\\/sergiolapegue.com\\\/site\\\/?s={search_term_string}\"},\"query-input\":{\"@type\":\"PropertyValueSpecification\",\"valueRequired\":true,\"valueName\":\"search_term_string\"}}],\"inLanguage\":\"es-AR\"},{\"@type\":[\"Person\",\"Organization\"],\"@id\":\"https:\\\/\\\/sergiolapegue.com\\\/site\\\/#\\\/schema\\\/person\\\/083aeceeb0734cd166779ea6c0551a37\",\"name\":\"Sergio Lapegue\",\"image\":{\"@type\":\"ImageObject\",\"inLanguage\":\"es-AR\",\"@id\":\"https:\\\/\\\/sergiolapegue.com\\\/site\\\/wp-content\\\/uploads\\\/2021\\\/04\\\/logo_header-1.png\",\"url\":\"https:\\\/\\\/sergiolapegue.com\\\/site\\\/wp-content\\\/uploads\\\/2021\\\/04\\\/logo_header-1.png\",\"contentUrl\":\"https:\\\/\\\/sergiolapegue.com\\\/site\\\/wp-content\\\/uploads\\\/2021\\\/04\\\/logo_header-1.png\",\"width\":272,\"height\":90,\"caption\":\"Sergio Lapegue\"},\"logo\":{\"@id\":\"https:\\\/\\\/sergiolapegue.com\\\/site\\\/wp-content\\\/uploads\\\/2021\\\/04\\\/logo_header-1.png\"},\"sameAs\":[\"https:\\\/\\\/facebook.com\\\/sergiolapegue\",\"https:\\\/\\\/instagram.com\\\/sergiolapegue\",\"https:\\\/\\\/x.com\\\/https:\\\/\\\/twitter.com\\\/sergiolapegue\"]},{\"@type\":\"Person\",\"@id\":\"https:\\\/\\\/sergiolapegue.com\\\/site\\\/#\\\/schema\\\/person\\\/00adf937d010c7f79a180dc4916a40e0\",\"name\":\"Leonardo Monta\u00f1a\",\"image\":{\"@type\":\"ImageObject\",\"inLanguage\":\"es-AR\",\"@id\":\"https:\\\/\\\/sergiolapegue.com\\\/site\\\/wp-content\\\/uploads\\\/2021\\\/04\\\/sl_avatar_Leonardo-150x150.jpg\",\"url\":\"https:\\\/\\\/sergiolapegue.com\\\/site\\\/wp-content\\\/uploads\\\/2021\\\/04\\\/sl_avatar_Leonardo-150x150.jpg\",\"contentUrl\":\"https:\\\/\\\/sergiolapegue.com\\\/site\\\/wp-content\\\/uploads\\\/2021\\\/04\\\/sl_avatar_Leonardo-150x150.jpg\",\"caption\":\"Leonardo Monta\u00f1a\"},\"sameAs\":[\"https:\\\/\\\/x.com\\\/https:\\\/\\\/twitter.com\\\/soytoto81\"],\"url\":\"https:\\\/\\\/sergiolapegue.com\\\/site\\\/author\\\/leonardo\\\/\"}]}<\/script>\n<!-- \/ Yoast SEO plugin. -->","yoast_head_json":{"title":"Peinados tirantes a diario: no es el gel, es la fuerza\u00a0lo que da\u00f1a - Sergio Lapegue","robots":{"index":"index","follow":"follow","max-snippet":"max-snippet:-1","max-image-preview":"max-image-preview:large","max-video-preview":"max-video-preview:-1"},"canonical":"https:\/\/sergiolapegue.com\/site\/2025\/09\/24\/peinados-tirantes-a-diario-no-es-el-gel-es-la-fuerza-lo-que-dana\/","og_locale":"es_ES","og_type":"article","og_title":"Peinados tirantes a diario: no es el gel, es la fuerza\u00a0lo que da\u00f1a - Sergio Lapegue","og_description":"Las colitas bien firmes, las trenzas ajustadas y los rodetes perfectos parecen la soluci\u00f3n m\u00e1s pr\u00e1ctica para vernos prolijas en segundos. Pero cuando este gesto se repite todos los d\u00edas, la salud de nuestro cabello puede resentirse. Y no, el problema no est\u00e1 en los productos que usamos, sino en la fuerza con la que [&hellip;]","og_url":"https:\/\/sergiolapegue.com\/site\/2025\/09\/24\/peinados-tirantes-a-diario-no-es-el-gel-es-la-fuerza-lo-que-dana\/","og_site_name":"Sergio Lapegue","article_publisher":"https:\/\/facebook.com\/sergiolapegue","article_published_time":"2025-09-24T12:36:00+00:00","og_image":[{"width":1248,"height":1248,"url":"https:\/\/sergiolapegue.com\/site\/wp-content\/uploads\/2025\/09\/pelo-tirante.webp","type":"image\/webp"}],"author":"Leonardo Monta\u00f1a","twitter_card":"summary_large_image","twitter_creator":"@https:\/\/twitter.com\/soytoto81","twitter_site":"@sergiolapegue","twitter_misc":{"Escrito por":"Leonardo Monta\u00f1a","Tiempo de lectura":"3 minutos"},"schema":{"@context":"https:\/\/schema.org","@graph":[{"@type":"Article","@id":"https:\/\/sergiolapegue.com\/site\/2025\/09\/24\/peinados-tirantes-a-diario-no-es-el-gel-es-la-fuerza-lo-que-dana\/#article","isPartOf":{"@id":"https:\/\/sergiolapegue.com\/site\/2025\/09\/24\/peinados-tirantes-a-diario-no-es-el-gel-es-la-fuerza-lo-que-dana\/"},"author":{"name":"Leonardo Monta\u00f1a","@id":"https:\/\/sergiolapegue.com\/site\/#\/schema\/person\/00adf937d010c7f79a180dc4916a40e0"},"headline":"Peinados tirantes a diario: no es el gel, es la fuerza\u00a0lo que da\u00f1a","datePublished":"2025-09-24T12:36:00+00:00","mainEntityOfPage":{"@id":"https:\/\/sergiolapegue.com\/site\/2025\/09\/24\/peinados-tirantes-a-diario-no-es-el-gel-es-la-fuerza-lo-que-dana\/"},"wordCount":543,"publisher":{"@id":"https:\/\/sergiolapegue.com\/site\/#\/schema\/person\/083aeceeb0734cd166779ea6c0551a37"},"image":{"@id":"https:\/\/sergiolapegue.com\/site\/2025\/09\/24\/peinados-tirantes-a-diario-no-es-el-gel-es-la-fuerza-lo-que-dana\/#primaryimage"},"thumbnailUrl":"https:\/\/sergiolapegue.com\/site\/wp-content\/uploads\/2025\/09\/pelo-tirante.webp","keywords":["atar","cabello","colita","gel","peinado","pelo","peluquera","producto"],"articleSection":["Actualidad"],"inLanguage":"es-AR"},{"@type":"WebPage","@id":"https:\/\/sergiolapegue.com\/site\/2025\/09\/24\/peinados-tirantes-a-diario-no-es-el-gel-es-la-fuerza-lo-que-dana\/","url":"https:\/\/sergiolapegue.com\/site\/2025\/09\/24\/peinados-tirantes-a-diario-no-es-el-gel-es-la-fuerza-lo-que-dana\/","name":"Peinados tirantes a diario: no es el gel, es la fuerza\u00a0lo que da\u00f1a - Sergio Lapegue","isPartOf":{"@id":"https:\/\/sergiolapegue.com\/site\/#website"},"primaryImageOfPage":{"@id":"https:\/\/sergiolapegue.com\/site\/2025\/09\/24\/peinados-tirantes-a-diario-no-es-el-gel-es-la-fuerza-lo-que-dana\/#primaryimage"},"image":{"@id":"https:\/\/sergiolapegue.com\/site\/2025\/09\/24\/peinados-tirantes-a-diario-no-es-el-gel-es-la-fuerza-lo-que-dana\/#primaryimage"},"thumbnailUrl":"https:\/\/sergiolapegue.com\/site\/wp-content\/uploads\/2025\/09\/pelo-tirante.webp","datePublished":"2025-09-24T12:36:00+00:00","breadcrumb":{"@id":"https:\/\/sergiolapegue.com\/site\/2025\/09\/24\/peinados-tirantes-a-diario-no-es-el-gel-es-la-fuerza-lo-que-dana\/#breadcrumb"},"inLanguage":"es-AR","potentialAction":[{"@type":"ReadAction","target":["https:\/\/sergiolapegue.com\/site\/2025\/09\/24\/peinados-tirantes-a-diario-no-es-el-gel-es-la-fuerza-lo-que-dana\/"]}]},{"@type":"ImageObject","inLanguage":"es-AR","@id":"https:\/\/sergiolapegue.com\/site\/2025\/09\/24\/peinados-tirantes-a-diario-no-es-el-gel-es-la-fuerza-lo-que-dana\/#primaryimage","url":"https:\/\/sergiolapegue.com\/site\/wp-content\/uploads\/2025\/09\/pelo-tirante.webp","contentUrl":"https:\/\/sergiolapegue.com\/site\/wp-content\/uploads\/2025\/09\/pelo-tirante.webp","width":1248,"height":1248},{"@type":"BreadcrumbList","@id":"https:\/\/sergiolapegue.com\/site\/2025\/09\/24\/peinados-tirantes-a-diario-no-es-el-gel-es-la-fuerza-lo-que-dana\/#breadcrumb","itemListElement":[{"@type":"ListItem","position":1,"name":"Inicio","item":"https:\/\/sergiolapegue.com\/site\/"},{"@type":"ListItem","position":2,"name":"Peinados tirantes a diario: no es el gel, es la fuerza\u00a0lo que da\u00f1a"}]},{"@type":"WebSite","@id":"https:\/\/sergiolapegue.com\/site\/#website","url":"https:\/\/sergiolapegue.com\/site\/","name":"Sergio Lapegue","description":"Periodista","publisher":{"@id":"https:\/\/sergiolapegue.com\/site\/#\/schema\/person\/083aeceeb0734cd166779ea6c0551a37"},"potentialAction":[{"@type":"SearchAction","target":{"@type":"EntryPoint","urlTemplate":"https:\/\/sergiolapegue.com\/site\/?s={search_term_string}"},"query-input":{"@type":"PropertyValueSpecification","valueRequired":true,"valueName":"search_term_string"}}],"inLanguage":"es-AR"},{"@type":["Person","Organization"],"@id":"https:\/\/sergiolapegue.com\/site\/#\/schema\/person\/083aeceeb0734cd166779ea6c0551a37","name":"Sergio Lapegue","image":{"@type":"ImageObject","inLanguage":"es-AR","@id":"https:\/\/sergiolapegue.com\/site\/wp-content\/uploads\/2021\/04\/logo_header-1.png","url":"https:\/\/sergiolapegue.com\/site\/wp-content\/uploads\/2021\/04\/logo_header-1.png","contentUrl":"https:\/\/sergiolapegue.com\/site\/wp-content\/uploads\/2021\/04\/logo_header-1.png","width":272,"height":90,"caption":"Sergio Lapegue"},"logo":{"@id":"https:\/\/sergiolapegue.com\/site\/wp-content\/uploads\/2021\/04\/logo_header-1.png"},"sameAs":["https:\/\/facebook.com\/sergiolapegue","https:\/\/instagram.com\/sergiolapegue","https:\/\/x.com\/https:\/\/twitter.com\/sergiolapegue"]},{"@type":"Person","@id":"https:\/\/sergiolapegue.com\/site\/#\/schema\/person\/00adf937d010c7f79a180dc4916a40e0","name":"Leonardo Monta\u00f1a","image":{"@type":"ImageObject","inLanguage":"es-AR","@id":"https:\/\/sergiolapegue.com\/site\/wp-content\/uploads\/2021\/04\/sl_avatar_Leonardo-150x150.jpg","url":"https:\/\/sergiolapegue.com\/site\/wp-content\/uploads\/2021\/04\/sl_avatar_Leonardo-150x150.jpg","contentUrl":"https:\/\/sergiolapegue.com\/site\/wp-content\/uploads\/2021\/04\/sl_avatar_Leonardo-150x150.jpg","caption":"Leonardo Monta\u00f1a"},"sameAs":["https:\/\/x.com\/https:\/\/twitter.com\/soytoto81"],"url":"https:\/\/sergiolapegue.com\/site\/author\/leonardo\/"}]}},"_links":{"self":[{"href":"https:\/\/sergiolapegue.com\/site\/wp-json\/wp\/v2\/posts\/25501","targetHints":{"allow":["GET"]}}],"collection":[{"href":"https:\/\/sergiolapegue.com\/site\/wp-json\/wp\/v2\/posts"}],"about":[{"href":"https:\/\/sergiolapegue.com\/site\/wp-json\/wp\/v2\/types\/post"}],"author":[{"embeddable":true,"href":"https:\/\/sergiolapegue.com\/site\/wp-json\/wp\/v2\/users\/4"}],"replies":[{"embeddable":true,"href":"https:\/\/sergiolapegue.com\/site\/wp-json\/wp\/v2\/comments?post=25501"}],"version-history":[{"count":1,"href":"https:\/\/sergiolapegue.com\/site\/wp-json\/wp\/v2\/posts\/25501\/revisions"}],"predecessor-version":[{"id":25504,"href":"https:\/\/sergiolapegue.com\/site\/wp-json\/wp\/v2\/posts\/25501\/revisions\/25504"}],"wp:featuredmedia":[{"embeddable":true,"href":"https:\/\/sergiolapegue.com\/site\/wp-json\/wp\/v2\/media\/25503"}],"wp:attachment":[{"href":"https:\/\/sergiolapegue.com\/site\/wp-json\/wp\/v2\/media?parent=25501"}],"wp:term":[{"taxonomy":"category","embeddable":true,"href":"https:\/\/sergiolapegue.com\/site\/wp-json\/wp\/v2\/categories?post=25501"},{"taxonomy":"post_tag","embeddable":true,"href":"https:\/\/sergiolapegue.com\/site\/wp-json\/wp\/v2\/tags?post=25501"}],"curies":[{"name":"wp","href":"https:\/\/api.w.org\/{rel}","templated":true}]}}