{"id":25495,"date":"2025-09-22T09:37:00","date_gmt":"2025-09-22T12:37:00","guid":{"rendered":"https:\/\/sergiolapegue.com\/site\/?p=25495"},"modified":"2025-09-17T13:40:29","modified_gmt":"2025-09-17T16:40:29","slug":"cuidas-tu-boca-como-cuidas-el-resto-de-tu-cuerpo","status":"publish","type":"post","link":"https:\/\/sergiolapegue.com\/site\/2025\/09\/22\/cuidas-tu-boca-como-cuidas-el-resto-de-tu-cuerpo\/","title":{"rendered":"\u00bfCuidas tu boca como cuidas el resto de tu cuerpo?"},"content":{"rendered":"\n<p>Cepillarse los dientes todos los d\u00edas parece un h\u00e1bito sencillo y suficiente para mantener la boca sana. Pero lo cierto es que la salud bucal va mucho m\u00e1s all\u00e1 y puede impactar directamente en el coraz\u00f3n, el cerebro e incluso la autoestima.&nbsp;<a href=\"https:\/\/www.who.int\/news-room\/fact-sheets\/detail\/oral-health\" target=\"_blank\" rel=\"noreferrer noopener\"><u>Datos de la OMS<\/u><\/a>&nbsp;muestran que las enfermedades periodontales siguen siendo una de las principales causas de p\u00e9rdida de dientes en adultos en Am\u00e9rica Latina, como resultado de la acumulaci\u00f3n de biopel\u00edcula dental, una capa invisible de bacterias que se aloja entre los dientes y las enc\u00edas.<br>&nbsp;<\/p>\n\n\n\n<p>Para el cirujano dentista y SDA Trainer de la Swiss Dental Academy de&nbsp;<a href=\"https:\/\/ems-company.com\/en\" target=\"_blank\" rel=\"noreferrer noopener\"><u>EMS Brasil<\/u><\/a>, Dr. Fabio Cussi, cuidar la boca significa cuidar la salud en su conjunto. &#8220;La higiene bucal influye directamente en nuestra capacidad para comer, hablar, sonre\u00edr, socializar e incluso expresar emociones. Los problemas bucales pueden provocar malestar, dolor y baja autoestima, y tambi\u00e9n empeorar&nbsp;<a href=\"https:\/\/pubmed.ncbi.nlm.nih.gov\/20043813\/#:~:text=Oral%20health%20declines%20and%20dental,impaired%20oral%20health%20in%20AD.\" target=\"_blank\" rel=\"noreferrer noopener\"><u>enfermedades sist\u00e9micas<\/u><\/a>&nbsp;como la diabetes, enfermedades cardiovasculares e incluso el Alzheimer&#8221;, afirma.<br>&nbsp;<\/p>\n\n\n\n<p><strong>El villano invisible: el biofilm dental<\/strong><\/p>\n\n\n\n<p>Conocida popularmente como placa, la biopel\u00edcula dental es una capa de bacterias que se acumula en dientes y enc\u00edas, aliment\u00e1ndose de desechos y saliva. &#8220;A pesar de ser invisible, se desarrolla r\u00e1pidamente y puede provocar desde caries hasta enfermedad periodontal&#8221;, advierte Cussi. Por tanto, el cepillado por s\u00ed solo no es suficiente. La higiene interproximal diaria mediante el uso de hilo dental o incluso cepillos interproximales es fundamental para eliminar el biofilm, especialmente en zonas de dif\u00edcil acceso.<br>&nbsp;<\/p>\n\n\n\n<p><strong>Limpieza profesional: menos molestias, m\u00e1s resultados<\/strong><\/p>\n\n\n\n<p>Para garantizar una limpieza completa, el seguimiento en la oficina tambi\u00e9n es fundamental. Y tecnolog\u00edas como el&nbsp;<a href=\"https:\/\/www.switchtogbt.com\/pt\/home\" target=\"_blank\" rel=\"noreferrer noopener\"><u>Protocolo GBT<\/u><\/a>&nbsp;(Terapia Guiada por Biofilm) han estado revolucionando esta atenci\u00f3n. Desarrollado por EMS, GBT combina equipos de alta precisi\u00f3n con un enfoque de ocho pasos que elimina la biopel\u00edcula, el sarro e incluso las manchas, sin dolor y de forma m\u00ednimamente invasiva. &#8220;El protocolo permite una limpieza profunda de dientes, pr\u00f3tesis y mucosas bucales, con mayor comodidad y seguridad para el paciente y previsibilidad para el odont\u00f3logo&#8221;, explica Cussi.<br>&nbsp;<\/p>\n\n\n\n<p><strong>Se\u00f1ales de advertencia y rutina preventiva<\/strong>&nbsp;<\/p>\n\n\n\n<p>El sangrado de las enc\u00edas, el mal aliento persistente, la sensibilidad o el dolor al masticar son signos que no se deben ignorar. &#8220;La consulta preventiva permite identificar estas afecciones al inicio y definir la frecuencia ideal de seguimiento&#8221;, aconseja el especialista. Adem\u00e1s, incorporar cuidados a tu rutina es fundamental para mantener la disciplina. &#8220;Un ejemplo que doy a mis pacientes es el de tener siempre a mano un cepillo de dientes y hilo dental. Asociar la higiene bucal con el ba\u00f1o puede ayudar a crear un nuevo h\u00e1bito&#8221;.<br>&nbsp;<\/p>\n\n\n\n<figure class=\"wp-block-image size-large\"><img loading=\"lazy\" decoding=\"async\" width=\"1024\" height=\"427\" src=\"https:\/\/sergiolapegue.com\/site\/wp-content\/uploads\/2025\/09\/bucal01-1024x427.jpg\" alt=\"\" class=\"wp-image-25497\" srcset=\"https:\/\/sergiolapegue.com\/site\/wp-content\/uploads\/2025\/09\/bucal01-1024x427.jpg 1024w, https:\/\/sergiolapegue.com\/site\/wp-content\/uploads\/2025\/09\/bucal01-300x125.jpg 300w, https:\/\/sergiolapegue.com\/site\/wp-content\/uploads\/2025\/09\/bucal01-768x320.jpg 768w, https:\/\/sergiolapegue.com\/site\/wp-content\/uploads\/2025\/09\/bucal01-1008x420.jpg 1008w, https:\/\/sergiolapegue.com\/site\/wp-content\/uploads\/2025\/09\/bucal01-696x290.jpg 696w, https:\/\/sergiolapegue.com\/site\/wp-content\/uploads\/2025\/09\/bucal01-1068x445.jpg 1068w, https:\/\/sergiolapegue.com\/site\/wp-content\/uploads\/2025\/09\/bucal01.jpg 1440w\" sizes=\"auto, (max-width: 1024px) 100vw, 1024px\" \/><\/figure>\n\n\n\n<p><strong>Por qu\u00e9 necesitamos hablar m\u00e1s sobre la salud bucal<\/strong><\/p>\n\n\n\n<p>Aunque muchos brasile\u00f1os todav\u00eda subestiman el impacto de la boca en la salud general, los expertos refuerzan que los cuidados preventivos son la clave para evitar tratamientos complejos. Y m\u00e1s que evitar problemas, mantener la salud bucal puede ser un paso decisivo hacia el bienestar y la calidad de vida.<br>&nbsp;<\/p>\n\n\n\n<p>&#8220;As\u00ed como nadie debe ignorar la importancia de un control m\u00e9dico peri\u00f3dico, la visita al dentista debe ser vista como una parte esencial de la prevenci\u00f3n de la salud&#8221;, concluye Cussi.<\/p>\n\n\n\n<p><strong>Acerca de EMS<\/strong><br>Fundada en 1981,&nbsp;<a href=\"https:\/\/ems-company.com\/en\" target=\"_blank\" rel=\"noreferrer noopener\"><u>EMS<\/u><\/a>, Electro Medical System, es una empresa suiza de dispositivos m\u00e9dicos que opera en tres \u00e1reas de la salud: Dental, Terapia del Dolor y Urolog\u00eda, con equipos de \u00faltima generaci\u00f3n y tecnolog\u00eda moderna. EMS se basa en tres pilares importantes: la tecnolog\u00eda de calidad y precisi\u00f3n suiza, la evidencia cl\u00ednica comprobada sobre la eficacia de sus m\u00e9todos y productos, y plataformas de educaci\u00f3n de primer nivel.<\/p>\n\n\n\n<p>Para m\u00e1s informaci\u00f3n, accede a las cl\u00ednicas certificadas a trav\u00e9s del&nbsp;<a href=\"https:\/\/finder.switchtogbt.com\/pt\" target=\"_blank\" rel=\"noreferrer noopener\"><u>GBT Finder<\/u><\/a>&nbsp;y m\u00e1s detalles en&nbsp;<a href=\"https:\/\/www.switchtogbt.com\/pt\/home\" target=\"_blank\" rel=\"noreferrer noopener\"><u>GBT Paso a Paso<\/u><\/a>.<br><br><strong>Acerca del Dr. Fabio Cussi<\/strong><br>El&nbsp;<a href=\"https:\/\/www.instagram.com\/alegraodontologiabsb\/\" target=\"_blank\" rel=\"noreferrer noopener\"><u>Dr. F\u00e1bio Cussi<\/u><\/a>&nbsp;es Cirujano Dental en Brasilia, DF, Brasil. Licenciado en Odontolog\u00eda por la UNIUBE &#8211; Universidad de Uberaba, tiene especializaci\u00f3n en Pr\u00f3tesis Dental y Endodoncia. Tiene una Maestr\u00eda en Odontolog\u00eda de la Universidad de Brasilia, donde desarroll\u00f3 un profundo conocimiento en el \u00e1rea de cariolog\u00eda. Es profesor de cursos de especializaci\u00f3n en Pr\u00f3tesis Dental y Odontolog\u00eda en el IOA Bras\u00edlia. Desde agosto de 2017 es miembro de iDent, contribuyendo a la innovaci\u00f3n y excelencia en la pr\u00e1ctica odontol\u00f3gica. El Dr. F\u00e1bio es reconocido por su compromiso con la atenci\u00f3n de calidad y la educaci\u00f3n continua en odontolog\u00eda. Imparte cursos en el \u00e1rea de Odontolog\u00eda Preventiva con \u00e9nfasis en la prescripci\u00f3n individualizada de productos de higiene bucal. Actualmente, el especialista tambi\u00e9n es SDA Trainer en la Academia Dental Suiza de&nbsp;<a href=\"https:\/\/ems-company.com\/en\" target=\"_blank\" rel=\"noreferrer noopener\"><u>EMS Brasil<\/u><\/a>.<\/p>\n","protected":false},"excerpt":{"rendered":"<p>Cepillarse los dientes todos los d\u00edas parece un h\u00e1bito sencillo y suficiente para mantener la boca sana. Pero lo cierto es que la salud bucal va mucho m\u00e1s all\u00e1 y puede impactar directamente en el coraz\u00f3n, el cerebro e incluso la autoestima.&nbsp;Datos de la OMS&nbsp;muestran que las enfermedades periodontales siguen siendo una de las principales [&hellip;]<\/p>\n","protected":false},"author":4,"featured_media":25499,"comment_status":"closed","ping_status":"closed","sticky":false,"template":"","format":"standard","meta":{"footnotes":""},"categories":[38],"tags":[956,4522,121,1182,1617,66],"class_list":{"0":"post-25495","1":"post","2":"type-post","3":"status-publish","4":"format-standard","5":"has-post-thumbnail","7":"category-actualidad","8":"tag-boca","9":"tag-cepillo","10":"tag-cuerpo","11":"tag-cuidar","12":"tag-dientes","13":"tag-salud"},"yoast_head":"<!-- This site is optimized with the Yoast SEO plugin v27.5 - https:\/\/yoast.com\/product\/yoast-seo-wordpress\/ -->\n<title>\u00bfCuidas tu boca como cuidas el resto de tu cuerpo? - Sergio Lapegue<\/title>\n<meta name=\"robots\" content=\"index, follow, max-snippet:-1, max-image-preview:large, max-video-preview:-1\" \/>\n<link rel=\"canonical\" href=\"https:\/\/sergiolapegue.com\/site\/2025\/09\/22\/cuidas-tu-boca-como-cuidas-el-resto-de-tu-cuerpo\/\" \/>\n<meta property=\"og:locale\" content=\"es_ES\" \/>\n<meta property=\"og:type\" content=\"article\" \/>\n<meta property=\"og:title\" content=\"\u00bfCuidas tu boca como cuidas el resto de tu cuerpo? - Sergio Lapegue\" \/>\n<meta property=\"og:description\" content=\"Cepillarse los dientes todos los d\u00edas parece un h\u00e1bito sencillo y suficiente para mantener la boca sana. Pero lo cierto es que la salud bucal va mucho m\u00e1s all\u00e1 y puede impactar directamente en el coraz\u00f3n, el cerebro e incluso la autoestima.&nbsp;Datos de la OMS&nbsp;muestran que las enfermedades periodontales siguen siendo una de las principales [&hellip;]\" \/>\n<meta property=\"og:url\" content=\"https:\/\/sergiolapegue.com\/site\/2025\/09\/22\/cuidas-tu-boca-como-cuidas-el-resto-de-tu-cuerpo\/\" \/>\n<meta property=\"og:site_name\" content=\"Sergio Lapegue\" \/>\n<meta property=\"article:publisher\" content=\"https:\/\/facebook.com\/sergiolapegue\" \/>\n<meta property=\"article:published_time\" content=\"2025-09-22T12:37:00+00:00\" \/>\n<meta property=\"og:image\" content=\"https:\/\/sergiolapegue.com\/site\/wp-content\/uploads\/2025\/09\/bucal02-1.jpg\" \/>\n\t<meta property=\"og:image:width\" content=\"1200\" \/>\n\t<meta property=\"og:image:height\" content=\"750\" \/>\n\t<meta property=\"og:image:type\" content=\"image\/jpeg\" \/>\n<meta name=\"author\" content=\"Leonardo Monta\u00f1a\" \/>\n<meta name=\"twitter:card\" content=\"summary_large_image\" \/>\n<meta name=\"twitter:creator\" content=\"@https:\/\/twitter.com\/soytoto81\" \/>\n<meta name=\"twitter:site\" content=\"@sergiolapegue\" \/>\n<meta name=\"twitter:label1\" content=\"Escrito por\" \/>\n\t<meta name=\"twitter:data1\" content=\"Leonardo Monta\u00f1a\" \/>\n\t<meta name=\"twitter:label2\" content=\"Tiempo de lectura\" \/>\n\t<meta name=\"twitter:data2\" content=\"4 minutos\" \/>\n<script type=\"application\/ld+json\" class=\"yoast-schema-graph\">{\"@context\":\"https:\\\/\\\/schema.org\",\"@graph\":[{\"@type\":\"Article\",\"@id\":\"https:\\\/\\\/sergiolapegue.com\\\/site\\\/2025\\\/09\\\/22\\\/cuidas-tu-boca-como-cuidas-el-resto-de-tu-cuerpo\\\/#article\",\"isPartOf\":{\"@id\":\"https:\\\/\\\/sergiolapegue.com\\\/site\\\/2025\\\/09\\\/22\\\/cuidas-tu-boca-como-cuidas-el-resto-de-tu-cuerpo\\\/\"},\"author\":{\"name\":\"Leonardo Monta\u00f1a\",\"@id\":\"https:\\\/\\\/sergiolapegue.com\\\/site\\\/#\\\/schema\\\/person\\\/00adf937d010c7f79a180dc4916a40e0\"},\"headline\":\"\u00bfCuidas tu boca como cuidas el resto de tu cuerpo?\",\"datePublished\":\"2025-09-22T12:37:00+00:00\",\"mainEntityOfPage\":{\"@id\":\"https:\\\/\\\/sergiolapegue.com\\\/site\\\/2025\\\/09\\\/22\\\/cuidas-tu-boca-como-cuidas-el-resto-de-tu-cuerpo\\\/\"},\"wordCount\":855,\"publisher\":{\"@id\":\"https:\\\/\\\/sergiolapegue.com\\\/site\\\/#\\\/schema\\\/person\\\/083aeceeb0734cd166779ea6c0551a37\"},\"image\":{\"@id\":\"https:\\\/\\\/sergiolapegue.com\\\/site\\\/2025\\\/09\\\/22\\\/cuidas-tu-boca-como-cuidas-el-resto-de-tu-cuerpo\\\/#primaryimage\"},\"thumbnailUrl\":\"https:\\\/\\\/sergiolapegue.com\\\/site\\\/wp-content\\\/uploads\\\/2025\\\/09\\\/bucal02-1.jpg\",\"keywords\":[\"boca\",\"cepillo\",\"cuerpo\",\"cuidar\",\"dientes\",\"salud\"],\"articleSection\":[\"Actualidad\"],\"inLanguage\":\"es-AR\"},{\"@type\":\"WebPage\",\"@id\":\"https:\\\/\\\/sergiolapegue.com\\\/site\\\/2025\\\/09\\\/22\\\/cuidas-tu-boca-como-cuidas-el-resto-de-tu-cuerpo\\\/\",\"url\":\"https:\\\/\\\/sergiolapegue.com\\\/site\\\/2025\\\/09\\\/22\\\/cuidas-tu-boca-como-cuidas-el-resto-de-tu-cuerpo\\\/\",\"name\":\"\u00bfCuidas tu boca como cuidas el resto de tu cuerpo? - Sergio Lapegue\",\"isPartOf\":{\"@id\":\"https:\\\/\\\/sergiolapegue.com\\\/site\\\/#website\"},\"primaryImageOfPage\":{\"@id\":\"https:\\\/\\\/sergiolapegue.com\\\/site\\\/2025\\\/09\\\/22\\\/cuidas-tu-boca-como-cuidas-el-resto-de-tu-cuerpo\\\/#primaryimage\"},\"image\":{\"@id\":\"https:\\\/\\\/sergiolapegue.com\\\/site\\\/2025\\\/09\\\/22\\\/cuidas-tu-boca-como-cuidas-el-resto-de-tu-cuerpo\\\/#primaryimage\"},\"thumbnailUrl\":\"https:\\\/\\\/sergiolapegue.com\\\/site\\\/wp-content\\\/uploads\\\/2025\\\/09\\\/bucal02-1.jpg\",\"datePublished\":\"2025-09-22T12:37:00+00:00\",\"breadcrumb\":{\"@id\":\"https:\\\/\\\/sergiolapegue.com\\\/site\\\/2025\\\/09\\\/22\\\/cuidas-tu-boca-como-cuidas-el-resto-de-tu-cuerpo\\\/#breadcrumb\"},\"inLanguage\":\"es-AR\",\"potentialAction\":[{\"@type\":\"ReadAction\",\"target\":[\"https:\\\/\\\/sergiolapegue.com\\\/site\\\/2025\\\/09\\\/22\\\/cuidas-tu-boca-como-cuidas-el-resto-de-tu-cuerpo\\\/\"]}]},{\"@type\":\"ImageObject\",\"inLanguage\":\"es-AR\",\"@id\":\"https:\\\/\\\/sergiolapegue.com\\\/site\\\/2025\\\/09\\\/22\\\/cuidas-tu-boca-como-cuidas-el-resto-de-tu-cuerpo\\\/#primaryimage\",\"url\":\"https:\\\/\\\/sergiolapegue.com\\\/site\\\/wp-content\\\/uploads\\\/2025\\\/09\\\/bucal02-1.jpg\",\"contentUrl\":\"https:\\\/\\\/sergiolapegue.com\\\/site\\\/wp-content\\\/uploads\\\/2025\\\/09\\\/bucal02-1.jpg\",\"width\":1200,\"height\":750},{\"@type\":\"BreadcrumbList\",\"@id\":\"https:\\\/\\\/sergiolapegue.com\\\/site\\\/2025\\\/09\\\/22\\\/cuidas-tu-boca-como-cuidas-el-resto-de-tu-cuerpo\\\/#breadcrumb\",\"itemListElement\":[{\"@type\":\"ListItem\",\"position\":1,\"name\":\"Inicio\",\"item\":\"https:\\\/\\\/sergiolapegue.com\\\/site\\\/\"},{\"@type\":\"ListItem\",\"position\":2,\"name\":\"\u00bfCuidas tu boca como cuidas el resto de tu cuerpo?\"}]},{\"@type\":\"WebSite\",\"@id\":\"https:\\\/\\\/sergiolapegue.com\\\/site\\\/#website\",\"url\":\"https:\\\/\\\/sergiolapegue.com\\\/site\\\/\",\"name\":\"Sergio Lapegue\",\"description\":\"Periodista\",\"publisher\":{\"@id\":\"https:\\\/\\\/sergiolapegue.com\\\/site\\\/#\\\/schema\\\/person\\\/083aeceeb0734cd166779ea6c0551a37\"},\"potentialAction\":[{\"@type\":\"SearchAction\",\"target\":{\"@type\":\"EntryPoint\",\"urlTemplate\":\"https:\\\/\\\/sergiolapegue.com\\\/site\\\/?s={search_term_string}\"},\"query-input\":{\"@type\":\"PropertyValueSpecification\",\"valueRequired\":true,\"valueName\":\"search_term_string\"}}],\"inLanguage\":\"es-AR\"},{\"@type\":[\"Person\",\"Organization\"],\"@id\":\"https:\\\/\\\/sergiolapegue.com\\\/site\\\/#\\\/schema\\\/person\\\/083aeceeb0734cd166779ea6c0551a37\",\"name\":\"Sergio Lapegue\",\"image\":{\"@type\":\"ImageObject\",\"inLanguage\":\"es-AR\",\"@id\":\"https:\\\/\\\/sergiolapegue.com\\\/site\\\/wp-content\\\/uploads\\\/2021\\\/04\\\/logo_header-1.png\",\"url\":\"https:\\\/\\\/sergiolapegue.com\\\/site\\\/wp-content\\\/uploads\\\/2021\\\/04\\\/logo_header-1.png\",\"contentUrl\":\"https:\\\/\\\/sergiolapegue.com\\\/site\\\/wp-content\\\/uploads\\\/2021\\\/04\\\/logo_header-1.png\",\"width\":272,\"height\":90,\"caption\":\"Sergio Lapegue\"},\"logo\":{\"@id\":\"https:\\\/\\\/sergiolapegue.com\\\/site\\\/wp-content\\\/uploads\\\/2021\\\/04\\\/logo_header-1.png\"},\"sameAs\":[\"https:\\\/\\\/facebook.com\\\/sergiolapegue\",\"https:\\\/\\\/instagram.com\\\/sergiolapegue\",\"https:\\\/\\\/x.com\\\/https:\\\/\\\/twitter.com\\\/sergiolapegue\"]},{\"@type\":\"Person\",\"@id\":\"https:\\\/\\\/sergiolapegue.com\\\/site\\\/#\\\/schema\\\/person\\\/00adf937d010c7f79a180dc4916a40e0\",\"name\":\"Leonardo Monta\u00f1a\",\"image\":{\"@type\":\"ImageObject\",\"inLanguage\":\"es-AR\",\"@id\":\"https:\\\/\\\/sergiolapegue.com\\\/site\\\/wp-content\\\/uploads\\\/2021\\\/04\\\/sl_avatar_Leonardo-150x150.jpg\",\"url\":\"https:\\\/\\\/sergiolapegue.com\\\/site\\\/wp-content\\\/uploads\\\/2021\\\/04\\\/sl_avatar_Leonardo-150x150.jpg\",\"contentUrl\":\"https:\\\/\\\/sergiolapegue.com\\\/site\\\/wp-content\\\/uploads\\\/2021\\\/04\\\/sl_avatar_Leonardo-150x150.jpg\",\"caption\":\"Leonardo Monta\u00f1a\"},\"sameAs\":[\"https:\\\/\\\/x.com\\\/https:\\\/\\\/twitter.com\\\/soytoto81\"],\"url\":\"https:\\\/\\\/sergiolapegue.com\\\/site\\\/author\\\/leonardo\\\/\"}]}<\/script>\n<!-- \/ Yoast SEO plugin. -->","yoast_head_json":{"title":"\u00bfCuidas tu boca como cuidas el resto de tu cuerpo? - Sergio Lapegue","robots":{"index":"index","follow":"follow","max-snippet":"max-snippet:-1","max-image-preview":"max-image-preview:large","max-video-preview":"max-video-preview:-1"},"canonical":"https:\/\/sergiolapegue.com\/site\/2025\/09\/22\/cuidas-tu-boca-como-cuidas-el-resto-de-tu-cuerpo\/","og_locale":"es_ES","og_type":"article","og_title":"\u00bfCuidas tu boca como cuidas el resto de tu cuerpo? - Sergio Lapegue","og_description":"Cepillarse los dientes todos los d\u00edas parece un h\u00e1bito sencillo y suficiente para mantener la boca sana. Pero lo cierto es que la salud bucal va mucho m\u00e1s all\u00e1 y puede impactar directamente en el coraz\u00f3n, el cerebro e incluso la autoestima.&nbsp;Datos de la OMS&nbsp;muestran que las enfermedades periodontales siguen siendo una de las principales [&hellip;]","og_url":"https:\/\/sergiolapegue.com\/site\/2025\/09\/22\/cuidas-tu-boca-como-cuidas-el-resto-de-tu-cuerpo\/","og_site_name":"Sergio Lapegue","article_publisher":"https:\/\/facebook.com\/sergiolapegue","article_published_time":"2025-09-22T12:37:00+00:00","og_image":[{"width":1200,"height":750,"url":"https:\/\/sergiolapegue.com\/site\/wp-content\/uploads\/2025\/09\/bucal02-1.jpg","type":"image\/jpeg"}],"author":"Leonardo Monta\u00f1a","twitter_card":"summary_large_image","twitter_creator":"@https:\/\/twitter.com\/soytoto81","twitter_site":"@sergiolapegue","twitter_misc":{"Escrito por":"Leonardo Monta\u00f1a","Tiempo de lectura":"4 minutos"},"schema":{"@context":"https:\/\/schema.org","@graph":[{"@type":"Article","@id":"https:\/\/sergiolapegue.com\/site\/2025\/09\/22\/cuidas-tu-boca-como-cuidas-el-resto-de-tu-cuerpo\/#article","isPartOf":{"@id":"https:\/\/sergiolapegue.com\/site\/2025\/09\/22\/cuidas-tu-boca-como-cuidas-el-resto-de-tu-cuerpo\/"},"author":{"name":"Leonardo Monta\u00f1a","@id":"https:\/\/sergiolapegue.com\/site\/#\/schema\/person\/00adf937d010c7f79a180dc4916a40e0"},"headline":"\u00bfCuidas tu boca como cuidas el resto de tu cuerpo?","datePublished":"2025-09-22T12:37:00+00:00","mainEntityOfPage":{"@id":"https:\/\/sergiolapegue.com\/site\/2025\/09\/22\/cuidas-tu-boca-como-cuidas-el-resto-de-tu-cuerpo\/"},"wordCount":855,"publisher":{"@id":"https:\/\/sergiolapegue.com\/site\/#\/schema\/person\/083aeceeb0734cd166779ea6c0551a37"},"image":{"@id":"https:\/\/sergiolapegue.com\/site\/2025\/09\/22\/cuidas-tu-boca-como-cuidas-el-resto-de-tu-cuerpo\/#primaryimage"},"thumbnailUrl":"https:\/\/sergiolapegue.com\/site\/wp-content\/uploads\/2025\/09\/bucal02-1.jpg","keywords":["boca","cepillo","cuerpo","cuidar","dientes","salud"],"articleSection":["Actualidad"],"inLanguage":"es-AR"},{"@type":"WebPage","@id":"https:\/\/sergiolapegue.com\/site\/2025\/09\/22\/cuidas-tu-boca-como-cuidas-el-resto-de-tu-cuerpo\/","url":"https:\/\/sergiolapegue.com\/site\/2025\/09\/22\/cuidas-tu-boca-como-cuidas-el-resto-de-tu-cuerpo\/","name":"\u00bfCuidas tu boca como cuidas el resto de tu cuerpo? - Sergio Lapegue","isPartOf":{"@id":"https:\/\/sergiolapegue.com\/site\/#website"},"primaryImageOfPage":{"@id":"https:\/\/sergiolapegue.com\/site\/2025\/09\/22\/cuidas-tu-boca-como-cuidas-el-resto-de-tu-cuerpo\/#primaryimage"},"image":{"@id":"https:\/\/sergiolapegue.com\/site\/2025\/09\/22\/cuidas-tu-boca-como-cuidas-el-resto-de-tu-cuerpo\/#primaryimage"},"thumbnailUrl":"https:\/\/sergiolapegue.com\/site\/wp-content\/uploads\/2025\/09\/bucal02-1.jpg","datePublished":"2025-09-22T12:37:00+00:00","breadcrumb":{"@id":"https:\/\/sergiolapegue.com\/site\/2025\/09\/22\/cuidas-tu-boca-como-cuidas-el-resto-de-tu-cuerpo\/#breadcrumb"},"inLanguage":"es-AR","potentialAction":[{"@type":"ReadAction","target":["https:\/\/sergiolapegue.com\/site\/2025\/09\/22\/cuidas-tu-boca-como-cuidas-el-resto-de-tu-cuerpo\/"]}]},{"@type":"ImageObject","inLanguage":"es-AR","@id":"https:\/\/sergiolapegue.com\/site\/2025\/09\/22\/cuidas-tu-boca-como-cuidas-el-resto-de-tu-cuerpo\/#primaryimage","url":"https:\/\/sergiolapegue.com\/site\/wp-content\/uploads\/2025\/09\/bucal02-1.jpg","contentUrl":"https:\/\/sergiolapegue.com\/site\/wp-content\/uploads\/2025\/09\/bucal02-1.jpg","width":1200,"height":750},{"@type":"BreadcrumbList","@id":"https:\/\/sergiolapegue.com\/site\/2025\/09\/22\/cuidas-tu-boca-como-cuidas-el-resto-de-tu-cuerpo\/#breadcrumb","itemListElement":[{"@type":"ListItem","position":1,"name":"Inicio","item":"https:\/\/sergiolapegue.com\/site\/"},{"@type":"ListItem","position":2,"name":"\u00bfCuidas tu boca como cuidas el resto de tu cuerpo?"}]},{"@type":"WebSite","@id":"https:\/\/sergiolapegue.com\/site\/#website","url":"https:\/\/sergiolapegue.com\/site\/","name":"Sergio Lapegue","description":"Periodista","publisher":{"@id":"https:\/\/sergiolapegue.com\/site\/#\/schema\/person\/083aeceeb0734cd166779ea6c0551a37"},"potentialAction":[{"@type":"SearchAction","target":{"@type":"EntryPoint","urlTemplate":"https:\/\/sergiolapegue.com\/site\/?s={search_term_string}"},"query-input":{"@type":"PropertyValueSpecification","valueRequired":true,"valueName":"search_term_string"}}],"inLanguage":"es-AR"},{"@type":["Person","Organization"],"@id":"https:\/\/sergiolapegue.com\/site\/#\/schema\/person\/083aeceeb0734cd166779ea6c0551a37","name":"Sergio Lapegue","image":{"@type":"ImageObject","inLanguage":"es-AR","@id":"https:\/\/sergiolapegue.com\/site\/wp-content\/uploads\/2021\/04\/logo_header-1.png","url":"https:\/\/sergiolapegue.com\/site\/wp-content\/uploads\/2021\/04\/logo_header-1.png","contentUrl":"https:\/\/sergiolapegue.com\/site\/wp-content\/uploads\/2021\/04\/logo_header-1.png","width":272,"height":90,"caption":"Sergio Lapegue"},"logo":{"@id":"https:\/\/sergiolapegue.com\/site\/wp-content\/uploads\/2021\/04\/logo_header-1.png"},"sameAs":["https:\/\/facebook.com\/sergiolapegue","https:\/\/instagram.com\/sergiolapegue","https:\/\/x.com\/https:\/\/twitter.com\/sergiolapegue"]},{"@type":"Person","@id":"https:\/\/sergiolapegue.com\/site\/#\/schema\/person\/00adf937d010c7f79a180dc4916a40e0","name":"Leonardo Monta\u00f1a","image":{"@type":"ImageObject","inLanguage":"es-AR","@id":"https:\/\/sergiolapegue.com\/site\/wp-content\/uploads\/2021\/04\/sl_avatar_Leonardo-150x150.jpg","url":"https:\/\/sergiolapegue.com\/site\/wp-content\/uploads\/2021\/04\/sl_avatar_Leonardo-150x150.jpg","contentUrl":"https:\/\/sergiolapegue.com\/site\/wp-content\/uploads\/2021\/04\/sl_avatar_Leonardo-150x150.jpg","caption":"Leonardo Monta\u00f1a"},"sameAs":["https:\/\/x.com\/https:\/\/twitter.com\/soytoto81"],"url":"https:\/\/sergiolapegue.com\/site\/author\/leonardo\/"}]}},"_links":{"self":[{"href":"https:\/\/sergiolapegue.com\/site\/wp-json\/wp\/v2\/posts\/25495","targetHints":{"allow":["GET"]}}],"collection":[{"href":"https:\/\/sergiolapegue.com\/site\/wp-json\/wp\/v2\/posts"}],"about":[{"href":"https:\/\/sergiolapegue.com\/site\/wp-json\/wp\/v2\/types\/post"}],"author":[{"embeddable":true,"href":"https:\/\/sergiolapegue.com\/site\/wp-json\/wp\/v2\/users\/4"}],"replies":[{"embeddable":true,"href":"https:\/\/sergiolapegue.com\/site\/wp-json\/wp\/v2\/comments?post=25495"}],"version-history":[{"count":1,"href":"https:\/\/sergiolapegue.com\/site\/wp-json\/wp\/v2\/posts\/25495\/revisions"}],"predecessor-version":[{"id":25500,"href":"https:\/\/sergiolapegue.com\/site\/wp-json\/wp\/v2\/posts\/25495\/revisions\/25500"}],"wp:featuredmedia":[{"embeddable":true,"href":"https:\/\/sergiolapegue.com\/site\/wp-json\/wp\/v2\/media\/25499"}],"wp:attachment":[{"href":"https:\/\/sergiolapegue.com\/site\/wp-json\/wp\/v2\/media?parent=25495"}],"wp:term":[{"taxonomy":"category","embeddable":true,"href":"https:\/\/sergiolapegue.com\/site\/wp-json\/wp\/v2\/categories?post=25495"},{"taxonomy":"post_tag","embeddable":true,"href":"https:\/\/sergiolapegue.com\/site\/wp-json\/wp\/v2\/tags?post=25495"}],"curies":[{"name":"wp","href":"https:\/\/api.w.org\/{rel}","templated":true}]}}